{"id":4062,"date":"2020-07-30T09:57:34","date_gmt":"2020-07-30T09:57:34","guid":{"rendered":"https:\/\/kofe.hu\/parola\/?p=4062"},"modified":"2020-07-31T06:43:19","modified_gmt":"2020-07-31T06:43:19","slug":"kigyos-sandor-dij","status":"publish","type":"post","link":"https:\/\/kofe.hu\/parola\/parola-folyoirat\/kigyos-sandor-dij\/","title":{"rendered":"K\u00edgy\u00f3s S\u00e1ndor D\u00edj"},"content":{"rendered":"<p style=\"text-align: justify;\"><span style=\"font-family: Times New Roman CE;\">1988 \u00f3ta negyedik alkalommal ker\u00fclt sor arra, hogy kor\u00e1n elh\u00fanyt bar\u00e1tunk \u00a6 a n\u00e9pm\u0171vel\u0151k\u00e9nt, szobr\u00e1szk\u00e9nt \u00e9s tan\u00e1rk\u00e9nt egyar\u00e1nt tisztelt \u00a6<\/span><span style=\"font-family: Times New Roman CE;\">, K\u00edgy\u00f3s S\u00e1ndor eml\u00e9ke el\u0151tt tisztelegve \u00e1tadtuk a r\u00f3la elnevezett eml\u00e9klapot \u00e9s d\u00edjat. <\/span><\/p>\n<p><!--more--><\/p>\n<p style=\"text-align: justify;\"><span style=\"font-family: Times New Roman CE;\">Az idei K\u00edgy\u00f3s S\u00e1ndor D\u00edjat Hargitai Lajosnak a S\u00e1rbog\u00e1rdon megjelen\u0151 Bog\u00e1rd \u00e9s Vid\u00e9ke c\u00edm\u0171 hetilap tulajdonos\u00e1nak \u00e9s f\u0151szerkeszt\u0151j\u00e9nek adtuk. Hargitai Lajos hossz\u00fa \u00e9veken \u00e1t volt igazgat\u00f3ja a s\u00e1rbog\u00e1rdi m\u0171vel\u0151d\u00e9si k\u00f6zpontnak, majd 1990 \u0151sz\u00e9n elnyerte az \u00f6nkorm\u00e1nyzat \u00e1ltal ki\u00edrt p\u00e1ly\u00e1zatot a helyi lap kiad\u00e1s\u00e1ra. Ezzel a p\u00e1ly\u00e1zattal havi 50.000,-Ft t\u00e1mogat\u00e1sra tarthatott volna ig\u00e9nyt, melynek le\u00edrt felt\u00e9tele az volt, hogy tud\u00f3s\u00edtania kell az \u00f6nkorm\u00e1nyzat \u00fcl\u00e9seir\u0151l \u00e9s k\u00f6zre kell adnia a helyi igazgat\u00e1s h\u00edreit. Bar\u00e1tunk ezt a t\u00e1mogat\u00e1st elh\u00e1r\u00edtotta \u00e9s sokak meglepet\u00e9s\u00e9re \u00fagy d\u00f6nt\u00f6tt, hogy igazgat\u00f3i \u00e1ll\u00e1s\u00e1t\u00f3l is megv\u00e1lik. Egy \u00e9v \u00f3ta teljesen f\u00fcggetlen\u00fcl, szellemi szabadfoglalkoz\u00e1s\u00fa laptulajdonosk\u00e9nt \u00e9l. Lapj\u00e1t ma m\u00e1r 4200 p\u00e9ld\u00e1nyban nyomtatja, a terjeszt\u00e9st maga \u00e9s n\u00e9pes csal\u00e1dja v\u00e9gzi a 12.000 lakos\u00fa faluban \u00e9s a k\u00f6rnyez\u0151 telep\u00fcl\u00e9seken. Elismer\u00e9s\u00fcnk a szellemi \u00e9s v\u00e1llalkoz\u00f3i b\u00e1tors\u00e1gnak, az emberi \u00e9s szakmai meg\u00fajul\u00e1s nagyszer\u0171 p\u00e9ld\u00e1j\u00e1nak \u00e9s a k\u00f6z\u00f6ss\u00e9gi-telep\u00fcl\u00e9si nyilv\u00e1noss\u00e1g megteremt\u00e9s\u00e9n munk\u00e1lkod\u00f3 f\u00e1radhatatlan igyekezetnek sz\u00f3l. K\u00f6sz\u00f6net \u00e9rte!<\/span><\/p>\n<p><span style=\"font-family: Times New Roman CE;\">Alf\u00f6ldi Albert, Balipap Ferenc, Beke P\u00e1l, Hallgat\u00f3 \u00c9va, Kecskem\u00e9ty Lilla, Koncz G\u00e1bor, Kov\u00e1ts Fl\u00f3ri\u00e1n, Markolt Endre, Makovecz Imre, P\u00e9terfi Ferenc, Tak\u00e1cs P\u00e9ter, Varga Tam\u00e1s, Vattay D\u00e9nes.<\/span><\/p>\n","protected":false},"excerpt":{"rendered":"<p>1988 \u00f3ta negyedik alkalommal ker\u00fclt sor arra, hogy kor\u00e1n elh\u00fanyt bar\u00e1tunk \u00a6 a n\u00e9pm\u0171vel\u0151k\u00e9nt, szobr\u00e1szk\u00e9nt \u00e9s tan\u00e1rk\u00e9nt egyar\u00e1nt tisztelt \u00a6, K\u00edgy\u00f3s S\u00e1ndor eml\u00e9ke el\u0151tt tisztelegve \u00e1tadtuk a r\u00f3la elnevezett eml\u00e9klapot \u00e9s d\u00edjat.<\/p>\n","protected":false},"author":4,"featured_media":4069,"comment_status":"open","ping_status":"open","sticky":false,"template":"","format":"standard","meta":{"_acf_changed":false,"footnotes":""},"categories":[227,8,7],"tags":[],"coauthors":[47],"class_list":["post-4062","post","type-post","status-publish","format-standard","has-post-thumbnail","hentry","category-parola-1991-4","category-parola-folyoirat","category-repertorium"],"acf":[],"yoast_head":"<!-- This site is optimized with the Yoast SEO plugin v26.7 - https:\/\/yoast.com\/wordpress\/plugins\/seo\/ -->\n<title>K\u00edgy\u00f3s S\u00e1ndor D\u00edj - Parola Foly\u00f3irat<\/title>\n<meta name=\"robots\" content=\"index, follow, max-snippet:-1, max-image-preview:large, max-video-preview:-1\" \/>\n<link rel=\"canonical\" href=\"https:\/\/kofe.hu\/parola\/parola-folyoirat\/kigyos-sandor-dij\/\" \/>\n<meta property=\"og:locale\" content=\"hu_HU\" \/>\n<meta property=\"og:type\" content=\"article\" \/>\n<meta property=\"og:title\" content=\"K\u00edgy\u00f3s S\u00e1ndor D\u00edj - Parola Foly\u00f3irat\" \/>\n<meta property=\"og:description\" content=\"1988 \u00f3ta negyedik alkalommal ker\u00fclt sor arra, hogy kor\u00e1n elh\u00fanyt bar\u00e1tunk \u00a6 a n\u00e9pm\u0171vel\u0151k\u00e9nt, szobr\u00e1szk\u00e9nt \u00e9s tan\u00e1rk\u00e9nt egyar\u00e1nt tisztelt \u00a6, K\u00edgy\u00f3s S\u00e1ndor eml\u00e9ke el\u0151tt tisztelegve \u00e1tadtuk a r\u00f3la elnevezett eml\u00e9klapot \u00e9s d\u00edjat.\" \/>\n<meta property=\"og:url\" content=\"https:\/\/kofe.hu\/parola\/parola-folyoirat\/kigyos-sandor-dij\/\" \/>\n<meta property=\"og:site_name\" content=\"Parola Foly\u00f3irat\" \/>\n<meta property=\"article:published_time\" content=\"2020-07-30T09:57:34+00:00\" \/>\n<meta property=\"article:modified_time\" content=\"2020-07-31T06:43:19+00:00\" \/>\n<meta property=\"og:image\" content=\"https:\/\/kofe.hu\/parola\/wp-content\/uploads\/2020\/07\/91.4-1.jpeg\" \/>\n\t<meta property=\"og:image:width\" content=\"1421\" \/>\n\t<meta property=\"og:image:height\" content=\"2017\" \/>\n\t<meta property=\"og:image:type\" content=\"image\/jpeg\" \/>\n<meta name=\"author\" content=\"Parola\" \/>\n<meta name=\"twitter:card\" content=\"summary_large_image\" \/>\n<meta name=\"twitter:label1\" content=\"Szerz\u0151:\" \/>\n\t<meta name=\"twitter:data1\" content=\"Parola\" \/>\n\t<meta name=\"twitter:label2\" content=\"Becs\u00fclt olvas\u00e1si id\u0151\" \/>\n\t<meta name=\"twitter:data2\" content=\"2 perc\" \/>\n\t<meta name=\"twitter:label3\" content=\"Written by\" \/>\n\t<meta name=\"twitter:data3\" content=\"Parola\" \/>\n<script type=\"application\/ld+json\" class=\"yoast-schema-graph\">{\"@context\":\"https:\/\/schema.org\",\"@graph\":[{\"@type\":\"Article\",\"@id\":\"https:\/\/kofe.hu\/parola\/parola-folyoirat\/kigyos-sandor-dij\/#article\",\"isPartOf\":{\"@id\":\"https:\/\/kofe.hu\/parola\/parola-folyoirat\/kigyos-sandor-dij\/\"},\"author\":{\"name\":\"Parola\",\"@id\":\"https:\/\/kofe.hu\/parola\/#\/schema\/person\/b39ea6ec0995233537351d7e33281aeb\"},\"headline\":\"K\u00edgy\u00f3s S\u00e1ndor D\u00edj\",\"datePublished\":\"2020-07-30T09:57:34+00:00\",\"dateModified\":\"2020-07-31T06:43:19+00:00\",\"mainEntityOfPage\":{\"@id\":\"https:\/\/kofe.hu\/parola\/parola-folyoirat\/kigyos-sandor-dij\/\"},\"wordCount\":328,\"commentCount\":0,\"image\":{\"@id\":\"https:\/\/kofe.hu\/parola\/parola-folyoirat\/kigyos-sandor-dij\/#primaryimage\"},\"thumbnailUrl\":\"https:\/\/kofe.hu\/parola\/wp-content\/uploads\/2020\/07\/91.4-1.jpeg\",\"articleSection\":[\"Parola 1991\/4\",\"Parola Foly\u00f3irat\",\"Repert\u00f3rium\"],\"inLanguage\":\"hu\",\"potentialAction\":[{\"@type\":\"CommentAction\",\"name\":\"Comment\",\"target\":[\"https:\/\/kofe.hu\/parola\/parola-folyoirat\/kigyos-sandor-dij\/#respond\"]}]},{\"@type\":\"WebPage\",\"@id\":\"https:\/\/kofe.hu\/parola\/parola-folyoirat\/kigyos-sandor-dij\/\",\"url\":\"https:\/\/kofe.hu\/parola\/parola-folyoirat\/kigyos-sandor-dij\/\",\"name\":\"K\u00edgy\u00f3s S\u00e1ndor D\u00edj - Parola Foly\u00f3irat\",\"isPartOf\":{\"@id\":\"https:\/\/kofe.hu\/parola\/#website\"},\"primaryImageOfPage\":{\"@id\":\"https:\/\/kofe.hu\/parola\/parola-folyoirat\/kigyos-sandor-dij\/#primaryimage\"},\"image\":{\"@id\":\"https:\/\/kofe.hu\/parola\/parola-folyoirat\/kigyos-sandor-dij\/#primaryimage\"},\"thumbnailUrl\":\"https:\/\/kofe.hu\/parola\/wp-content\/uploads\/2020\/07\/91.4-1.jpeg\",\"datePublished\":\"2020-07-30T09:57:34+00:00\",\"dateModified\":\"2020-07-31T06:43:19+00:00\",\"author\":{\"@id\":\"https:\/\/kofe.hu\/parola\/#\/schema\/person\/b39ea6ec0995233537351d7e33281aeb\"},\"breadcrumb\":{\"@id\":\"https:\/\/kofe.hu\/parola\/parola-folyoirat\/kigyos-sandor-dij\/#breadcrumb\"},\"inLanguage\":\"hu\",\"potentialAction\":[{\"@type\":\"ReadAction\",\"target\":[\"https:\/\/kofe.hu\/parola\/parola-folyoirat\/kigyos-sandor-dij\/\"]}]},{\"@type\":\"ImageObject\",\"inLanguage\":\"hu\",\"@id\":\"https:\/\/kofe.hu\/parola\/parola-folyoirat\/kigyos-sandor-dij\/#primaryimage\",\"url\":\"https:\/\/kofe.hu\/parola\/wp-content\/uploads\/2020\/07\/91.4-1.jpeg\",\"contentUrl\":\"https:\/\/kofe.hu\/parola\/wp-content\/uploads\/2020\/07\/91.4-1.jpeg\",\"width\":1421,\"height\":2017},{\"@type\":\"BreadcrumbList\",\"@id\":\"https:\/\/kofe.hu\/parola\/parola-folyoirat\/kigyos-sandor-dij\/#breadcrumb\",\"itemListElement\":[{\"@type\":\"ListItem\",\"position\":1,\"name\":\"Home\",\"item\":\"https:\/\/kofe.hu\/parola\/\"},{\"@type\":\"ListItem\",\"position\":2,\"name\":\"K\u00edgy\u00f3s S\u00e1ndor D\u00edj\"}]},{\"@type\":\"WebSite\",\"@id\":\"https:\/\/kofe.hu\/parola\/#website\",\"url\":\"https:\/\/kofe.hu\/parola\/\",\"name\":\"Parola Foly\u00f3irat\",\"description\":\"\",\"potentialAction\":[{\"@type\":\"SearchAction\",\"target\":{\"@type\":\"EntryPoint\",\"urlTemplate\":\"https:\/\/kofe.hu\/parola\/?s={search_term_string}\"},\"query-input\":{\"@type\":\"PropertyValueSpecification\",\"valueRequired\":true,\"valueName\":\"search_term_string\"}}],\"inLanguage\":\"hu\"},{\"@type\":\"Person\",\"@id\":\"https:\/\/kofe.hu\/parola\/#\/schema\/person\/b39ea6ec0995233537351d7e33281aeb\",\"name\":\"Parola\",\"image\":{\"@type\":\"ImageObject\",\"inLanguage\":\"hu\",\"@id\":\"https:\/\/kofe.hu\/parola\/#\/schema\/person\/image\/ef1d7dc4d1949d5457aa415351763853\",\"url\":\"https:\/\/secure.gravatar.com\/avatar\/c18c00ea50048aa7adb99e5d11e4250d05111e33b2bea02671439eb7912c945e?s=96&d=mm&r=g\",\"contentUrl\":\"https:\/\/secure.gravatar.com\/avatar\/c18c00ea50048aa7adb99e5d11e4250d05111e33b2bea02671439eb7912c945e?s=96&d=mm&r=g\",\"caption\":\"Parola\"},\"url\":\"https:\/\/kofe.hu\/parola\/szerzok\/parola\/\"}]}<\/script>\n<!-- \/ Yoast SEO plugin. -->","yoast_head_json":{"title":"K\u00edgy\u00f3s S\u00e1ndor D\u00edj - Parola Foly\u00f3irat","robots":{"index":"index","follow":"follow","max-snippet":"max-snippet:-1","max-image-preview":"max-image-preview:large","max-video-preview":"max-video-preview:-1"},"canonical":"https:\/\/kofe.hu\/parola\/parola-folyoirat\/kigyos-sandor-dij\/","og_locale":"hu_HU","og_type":"article","og_title":"K\u00edgy\u00f3s S\u00e1ndor D\u00edj - Parola Foly\u00f3irat","og_description":"1988 \u00f3ta negyedik alkalommal ker\u00fclt sor arra, hogy kor\u00e1n elh\u00fanyt bar\u00e1tunk \u00a6 a n\u00e9pm\u0171vel\u0151k\u00e9nt, szobr\u00e1szk\u00e9nt \u00e9s tan\u00e1rk\u00e9nt egyar\u00e1nt tisztelt \u00a6, K\u00edgy\u00f3s S\u00e1ndor eml\u00e9ke el\u0151tt tisztelegve \u00e1tadtuk a r\u00f3la elnevezett eml\u00e9klapot \u00e9s d\u00edjat.","og_url":"https:\/\/kofe.hu\/parola\/parola-folyoirat\/kigyos-sandor-dij\/","og_site_name":"Parola Foly\u00f3irat","article_published_time":"2020-07-30T09:57:34+00:00","article_modified_time":"2020-07-31T06:43:19+00:00","og_image":[{"width":1421,"height":2017,"url":"https:\/\/kofe.hu\/parola\/wp-content\/uploads\/2020\/07\/91.4-1.jpeg","type":"image\/jpeg"}],"author":"Parola","twitter_card":"summary_large_image","twitter_misc":{"Szerz\u0151:":"Parola","Becs\u00fclt olvas\u00e1si id\u0151":"2 perc","Written by":"Parola"},"schema":{"@context":"https:\/\/schema.org","@graph":[{"@type":"Article","@id":"https:\/\/kofe.hu\/parola\/parola-folyoirat\/kigyos-sandor-dij\/#article","isPartOf":{"@id":"https:\/\/kofe.hu\/parola\/parola-folyoirat\/kigyos-sandor-dij\/"},"author":{"name":"Parola","@id":"https:\/\/kofe.hu\/parola\/#\/schema\/person\/b39ea6ec0995233537351d7e33281aeb"},"headline":"K\u00edgy\u00f3s S\u00e1ndor D\u00edj","datePublished":"2020-07-30T09:57:34+00:00","dateModified":"2020-07-31T06:43:19+00:00","mainEntityOfPage":{"@id":"https:\/\/kofe.hu\/parola\/parola-folyoirat\/kigyos-sandor-dij\/"},"wordCount":328,"commentCount":0,"image":{"@id":"https:\/\/kofe.hu\/parola\/parola-folyoirat\/kigyos-sandor-dij\/#primaryimage"},"thumbnailUrl":"https:\/\/kofe.hu\/parola\/wp-content\/uploads\/2020\/07\/91.4-1.jpeg","articleSection":["Parola 1991\/4","Parola Foly\u00f3irat","Repert\u00f3rium"],"inLanguage":"hu","potentialAction":[{"@type":"CommentAction","name":"Comment","target":["https:\/\/kofe.hu\/parola\/parola-folyoirat\/kigyos-sandor-dij\/#respond"]}]},{"@type":"WebPage","@id":"https:\/\/kofe.hu\/parola\/parola-folyoirat\/kigyos-sandor-dij\/","url":"https:\/\/kofe.hu\/parola\/parola-folyoirat\/kigyos-sandor-dij\/","name":"K\u00edgy\u00f3s S\u00e1ndor D\u00edj - Parola Foly\u00f3irat","isPartOf":{"@id":"https:\/\/kofe.hu\/parola\/#website"},"primaryImageOfPage":{"@id":"https:\/\/kofe.hu\/parola\/parola-folyoirat\/kigyos-sandor-dij\/#primaryimage"},"image":{"@id":"https:\/\/kofe.hu\/parola\/parola-folyoirat\/kigyos-sandor-dij\/#primaryimage"},"thumbnailUrl":"https:\/\/kofe.hu\/parola\/wp-content\/uploads\/2020\/07\/91.4-1.jpeg","datePublished":"2020-07-30T09:57:34+00:00","dateModified":"2020-07-31T06:43:19+00:00","author":{"@id":"https:\/\/kofe.hu\/parola\/#\/schema\/person\/b39ea6ec0995233537351d7e33281aeb"},"breadcrumb":{"@id":"https:\/\/kofe.hu\/parola\/parola-folyoirat\/kigyos-sandor-dij\/#breadcrumb"},"inLanguage":"hu","potentialAction":[{"@type":"ReadAction","target":["https:\/\/kofe.hu\/parola\/parola-folyoirat\/kigyos-sandor-dij\/"]}]},{"@type":"ImageObject","inLanguage":"hu","@id":"https:\/\/kofe.hu\/parola\/parola-folyoirat\/kigyos-sandor-dij\/#primaryimage","url":"https:\/\/kofe.hu\/parola\/wp-content\/uploads\/2020\/07\/91.4-1.jpeg","contentUrl":"https:\/\/kofe.hu\/parola\/wp-content\/uploads\/2020\/07\/91.4-1.jpeg","width":1421,"height":2017},{"@type":"BreadcrumbList","@id":"https:\/\/kofe.hu\/parola\/parola-folyoirat\/kigyos-sandor-dij\/#breadcrumb","itemListElement":[{"@type":"ListItem","position":1,"name":"Home","item":"https:\/\/kofe.hu\/parola\/"},{"@type":"ListItem","position":2,"name":"K\u00edgy\u00f3s S\u00e1ndor D\u00edj"}]},{"@type":"WebSite","@id":"https:\/\/kofe.hu\/parola\/#website","url":"https:\/\/kofe.hu\/parola\/","name":"Parola Foly\u00f3irat","description":"","potentialAction":[{"@type":"SearchAction","target":{"@type":"EntryPoint","urlTemplate":"https:\/\/kofe.hu\/parola\/?s={search_term_string}"},"query-input":{"@type":"PropertyValueSpecification","valueRequired":true,"valueName":"search_term_string"}}],"inLanguage":"hu"},{"@type":"Person","@id":"https:\/\/kofe.hu\/parola\/#\/schema\/person\/b39ea6ec0995233537351d7e33281aeb","name":"Parola","image":{"@type":"ImageObject","inLanguage":"hu","@id":"https:\/\/kofe.hu\/parola\/#\/schema\/person\/image\/ef1d7dc4d1949d5457aa415351763853","url":"https:\/\/secure.gravatar.com\/avatar\/c18c00ea50048aa7adb99e5d11e4250d05111e33b2bea02671439eb7912c945e?s=96&d=mm&r=g","contentUrl":"https:\/\/secure.gravatar.com\/avatar\/c18c00ea50048aa7adb99e5d11e4250d05111e33b2bea02671439eb7912c945e?s=96&d=mm&r=g","caption":"Parola"},"url":"https:\/\/kofe.hu\/parola\/szerzok\/parola\/"}]}},"_links":{"self":[{"href":"https:\/\/kofe.hu\/parola\/wp-json\/wp\/v2\/posts\/4062","targetHints":{"allow":["GET"]}}],"collection":[{"href":"https:\/\/kofe.hu\/parola\/wp-json\/wp\/v2\/posts"}],"about":[{"href":"https:\/\/kofe.hu\/parola\/wp-json\/wp\/v2\/types\/post"}],"author":[{"embeddable":true,"href":"https:\/\/kofe.hu\/parola\/wp-json\/wp\/v2\/users\/4"}],"replies":[{"embeddable":true,"href":"https:\/\/kofe.hu\/parola\/wp-json\/wp\/v2\/comments?post=4062"}],"version-history":[{"count":2,"href":"https:\/\/kofe.hu\/parola\/wp-json\/wp\/v2\/posts\/4062\/revisions"}],"predecessor-version":[{"id":5052,"href":"https:\/\/kofe.hu\/parola\/wp-json\/wp\/v2\/posts\/4062\/revisions\/5052"}],"wp:featuredmedia":[{"embeddable":true,"href":"https:\/\/kofe.hu\/parola\/wp-json\/wp\/v2\/media\/4069"}],"wp:attachment":[{"href":"https:\/\/kofe.hu\/parola\/wp-json\/wp\/v2\/media?parent=4062"}],"wp:term":[{"taxonomy":"category","embeddable":true,"href":"https:\/\/kofe.hu\/parola\/wp-json\/wp\/v2\/categories?post=4062"},{"taxonomy":"post_tag","embeddable":true,"href":"https:\/\/kofe.hu\/parola\/wp-json\/wp\/v2\/tags?post=4062"},{"taxonomy":"author","embeddable":true,"href":"https:\/\/kofe.hu\/parola\/wp-json\/wp\/v2\/coauthors?post=4062"}],"curies":[{"name":"wp","href":"https:\/\/api.w.org\/{rel}","templated":true}]}}