{"id":3995,"date":"2020-07-30T09:20:39","date_gmt":"2020-07-30T09:20:39","guid":{"rendered":"https:\/\/kofe.hu\/parola\/?p=3995"},"modified":"2020-07-30T10:00:59","modified_gmt":"2020-07-30T10:00:59","slug":"jegyzoklub-megalakulasarol","status":"publish","type":"post","link":"https:\/\/kofe.hu\/parola\/parola-folyoirat\/jegyzoklub-megalakulasarol\/","title":{"rendered":"Jegyz\u0151klub megalakul\u00e1s\u00e1r\u00f3l"},"content":{"rendered":"<p style=\"text-align: justify;\"><span style=\"font-family: Times New Roman CE;\">Jegyz\u0151klub megalakul\u00e1s\u00e1r\u00f3l<\/span><\/p>\n<p><span style=\"font-family: Times New Roman CE;\">B\u00e9r k\u00f6zs\u00e9gben, 1991. \u00e1prilis 19-\u00e9n 23 D\u00e9l-N\u00f3gr\u00e1d Megyei K\u00f6zs\u00e9g jegyz\u0151je, k\u00f6rjegyz\u0151je \u00a6 a BM \u00d6nkorm\u00e1nyzati F\u0151oszt\u00e1ly, a BM K\u00f6zigazgat\u00e1si Int\u00e9zet k\u00e9pvisel\u0151inek, valamint a K\u00f6zt\u00e1rsas\u00e1gi Megb\u00edzott N\u00f3gr\u00e1d Megyei Hivatala Vezet\u0151j\u00e9nek jelenl\u00e9t\u00e9ben \u00a6 l\u00e9trehozta az els\u0151 magyar k\u00f6zs\u00e9gi jegyz\u0151klubot.<\/span><br \/>\n<!--more--><br \/>\n<span style=\"font-family: Times New Roman CE;\">A klub nyitott, annak tagja lehet minden jegyz\u0151, amennyiben r\u00e9szt vesz a klub munk\u00e1j\u00e1ban. A klub nem z\u00e1rt rendszerk\u00e9nt, hanem laza sz\u00f6vets\u00e9gk\u00e9nt m\u0171k\u00f6dik, eln\u00f6ks\u00e9g \u00e9s szab\u00e1lyzat n\u00e9lk\u00fcl.<\/span><\/p>\n<p><span style=\"font-family: Times New Roman CE;\">A klub c\u00e9lja: \u00a6 a k\u00f6zs\u00e9gi jegyz\u0151k munk\u00e1j\u00e1nak szakmai \u00e9s t\u00f6rv\u00e9nyess\u00e9gi szempontb\u00f3l val\u00f3 seg\u00edt\u00e9se.<\/span><\/p>\n<p><span style=\"font-family: Times New Roman CE;\">Ennek \u00e9rdek\u00e9ben, a szakmai szekci\u00f3 \u00fcl\u00e9seken jogszab\u00e1ly \u00e9rtelmez\u00e9se, k\u00fcl\u00f6nb\u00f6z\u0151 beadv\u00e1nymint\u00e1k, rendelet-tervezetek k\u00e9sz\u00edt\u00e9se t\u00f6rt\u00e9nik, valamint r\u00e9szv\u00e9tel a Magyar K\u00f6zigazgat\u00e1si Int\u00e9zet \u00e1ltal a jegyz\u0151k, polg\u00e1rmesteri hivatalok r\u00e9sz\u00e9re k\u00e9sz\u00edtend\u0151 \u00fatmutat\u00f3k, m\u00f3dszertani anyagok kidolgoz\u00e1s\u00e1ban.<\/span><\/p>\n<p><span style=\"font-family: Times New Roman CE;\">A klub el k\u00edv\u00e1nja \u00e9rni:<\/span><br \/>\n<span style=\"font-family: Times New Roman CE;\">\u00a6 hogy a jegyz\u0151 legyen a falu demokratikus szellem\u0171 k\u00f6zigazgat\u00e1si vezet\u0151je,<\/span><br \/>\n<span style=\"font-family: Times New Roman CE;\">\u00a6 tev\u00e9kenys\u00e9g\u00e9t, a gyors \u00e9s udvarias elj\u00e1r\u00e1s,<\/span><br \/>\n<span style=\"font-family: Times New Roman CE;\">\u00a6 \u00e9s a sz\u00f3 val\u00f3di \u00e9rtelm\u00e9ben vett szolg\u00e1latk\u00e9szs\u00e9g jellemezze.<\/span><\/p>\n<p><span style=\"font-family: Times New Roman CE;\">Tisztelt Jegyz\u0151 Koll\u00e9ga!<\/span><br \/>\n<span style=\"font-family: Times New Roman CE;\">A klubalap\u00edt\u00f3k azt k\u00e9rik Magyarorsz\u00e1g minden k\u00f6zs\u00e9gi jegyz\u0151j\u00e9t\u0151l, hogy a soron k\u00f6vetkez\u0151 tov\u00e1bbk\u00e9pz\u00e9sen, \u00e9rtekezleten vitass\u00e1k meg a klub elk\u00e9pzel\u00e9seit, (a klub m\u0171k\u00f6d\u00e9s\u00e9vel kapcsolatos elk\u00e9pzel\u00e9s megjelent a Magyar K\u00f6zigazgat\u00e1s j\u00faliusi sz\u00e1m\u00e1ban) \u00e9s ha azt elfogadhat\u00f3nak, megval\u00f3s\u00edt\u00e1sra alkalmasnak tartj\u00e1k k\u00f6rzetenk\u00e9nt, t\u00e1jegys\u00e9genk\u00e9nt alak\u00edtsanak jegyz\u0151klubot.<\/span><\/p>\n<p><span style=\"font-family: Times New Roman CE;\">A k\u00f6rzetenk\u00e9nt, megy\u00e9nk\u00e9nt megalakult jegyz\u0151klubok pedig ,Orsz\u00e1gos Sz\u00f6vets\u00e9g&#8221;-be t\u00f6m\u00f6r\u00fclve legyenek egym\u00e1s seg\u00edt\u00e9s\u00e9re, mivel a szakmai \u00e9s t\u00f6rv\u00e9nyess\u00e9gi seg\u00edts\u00e9gre valamennyi jegyz\u0151nek sz\u00fcks\u00e9ge van.<\/span><\/p>\n<p><span style=\"font-family: Times New Roman CE;\">A klub k\u00e9ri az illet\u00e9kes jegyz\u0151 koll\u00e9g\u00e1kat, hogy a jegyz\u0151-klub megalakul\u00e1s\u00e1r\u00f3l sz\u00edveskedj\u00e9k Varga Ferenc klubszervez\u0151t, Szir\u00e1k \u00e9s B\u00e9r k\u00f6zs\u00e9gek k\u00f6rjegyz\u0151j\u00e9t t\u00e1j\u00e9koztatni.<\/span><\/p>\n","protected":false},"excerpt":{"rendered":"<p>Jegyz\u0151klub megalakul\u00e1s\u00e1r\u00f3l B\u00e9r k\u00f6zs\u00e9gben, 1991. \u00e1prilis 19-\u00e9n 23 D\u00e9l-N\u00f3gr\u00e1d Megyei K\u00f6zs\u00e9g jegyz\u0151je, k\u00f6rjegyz\u0151je \u00a6 a BM \u00d6nkorm\u00e1nyzati F\u0151oszt\u00e1ly, a BM K\u00f6zigazgat\u00e1si Int\u00e9zet k\u00e9pvisel\u0151inek, valamint a K\u00f6zt\u00e1rsas\u00e1gi Megb\u00edzott N\u00f3gr\u00e1d Megyei Hivatala Vezet\u0151j\u00e9nek jelenl\u00e9t\u00e9ben \u00a6 l\u00e9trehozta az els\u0151 magyar k\u00f6zs\u00e9gi jegyz\u0151klubot.<\/p>\n","protected":false},"author":4,"featured_media":4069,"comment_status":"open","ping_status":"open","sticky":false,"template":"","format":"standard","meta":{"_acf_changed":false,"footnotes":""},"categories":[227,8,7],"tags":[],"coauthors":[47],"class_list":["post-3995","post","type-post","status-publish","format-standard","has-post-thumbnail","hentry","category-parola-1991-4","category-parola-folyoirat","category-repertorium"],"acf":[],"yoast_head":"<!-- This site is optimized with the Yoast SEO plugin v26.7 - https:\/\/yoast.com\/wordpress\/plugins\/seo\/ -->\n<title>Jegyz\u0151klub megalakul\u00e1s\u00e1r\u00f3l - Parola Foly\u00f3irat<\/title>\n<meta name=\"robots\" content=\"index, follow, max-snippet:-1, max-image-preview:large, max-video-preview:-1\" \/>\n<link rel=\"canonical\" href=\"https:\/\/kofe.hu\/parola\/parola-folyoirat\/jegyzoklub-megalakulasarol\/\" \/>\n<meta property=\"og:locale\" content=\"hu_HU\" \/>\n<meta property=\"og:type\" content=\"article\" \/>\n<meta property=\"og:title\" content=\"Jegyz\u0151klub megalakul\u00e1s\u00e1r\u00f3l - Parola Foly\u00f3irat\" \/>\n<meta property=\"og:description\" content=\"Jegyz\u0151klub megalakul\u00e1s\u00e1r\u00f3l B\u00e9r k\u00f6zs\u00e9gben, 1991. \u00e1prilis 19-\u00e9n 23 D\u00e9l-N\u00f3gr\u00e1d Megyei K\u00f6zs\u00e9g jegyz\u0151je, k\u00f6rjegyz\u0151je \u00a6 a BM \u00d6nkorm\u00e1nyzati F\u0151oszt\u00e1ly, a BM K\u00f6zigazgat\u00e1si Int\u00e9zet k\u00e9pvisel\u0151inek, valamint a K\u00f6zt\u00e1rsas\u00e1gi Megb\u00edzott N\u00f3gr\u00e1d Megyei Hivatala Vezet\u0151j\u00e9nek jelenl\u00e9t\u00e9ben \u00a6 l\u00e9trehozta az els\u0151 magyar k\u00f6zs\u00e9gi jegyz\u0151klubot.\" \/>\n<meta property=\"og:url\" content=\"https:\/\/kofe.hu\/parola\/parola-folyoirat\/jegyzoklub-megalakulasarol\/\" \/>\n<meta property=\"og:site_name\" content=\"Parola Foly\u00f3irat\" \/>\n<meta property=\"article:published_time\" content=\"2020-07-30T09:20:39+00:00\" \/>\n<meta property=\"article:modified_time\" content=\"2020-07-30T10:00:59+00:00\" \/>\n<meta property=\"og:image\" content=\"https:\/\/kofe.hu\/parola\/wp-content\/uploads\/2020\/07\/91.4-1.jpeg\" \/>\n\t<meta property=\"og:image:width\" content=\"1421\" \/>\n\t<meta property=\"og:image:height\" content=\"2017\" \/>\n\t<meta property=\"og:image:type\" content=\"image\/jpeg\" \/>\n<meta name=\"author\" content=\"Parola\" \/>\n<meta name=\"twitter:card\" content=\"summary_large_image\" \/>\n<meta name=\"twitter:label1\" content=\"Szerz\u0151:\" \/>\n\t<meta name=\"twitter:data1\" content=\"Parola\" \/>\n\t<meta name=\"twitter:label2\" content=\"Becs\u00fclt olvas\u00e1si id\u0151\" \/>\n\t<meta name=\"twitter:data2\" content=\"2 perc\" \/>\n\t<meta name=\"twitter:label3\" content=\"Written by\" \/>\n\t<meta name=\"twitter:data3\" content=\"Parola\" \/>\n<script type=\"application\/ld+json\" class=\"yoast-schema-graph\">{\"@context\":\"https:\/\/schema.org\",\"@graph\":[{\"@type\":\"Article\",\"@id\":\"https:\/\/kofe.hu\/parola\/parola-folyoirat\/jegyzoklub-megalakulasarol\/#article\",\"isPartOf\":{\"@id\":\"https:\/\/kofe.hu\/parola\/parola-folyoirat\/jegyzoklub-megalakulasarol\/\"},\"author\":{\"name\":\"Parola\",\"@id\":\"https:\/\/kofe.hu\/parola\/#\/schema\/person\/b39ea6ec0995233537351d7e33281aeb\"},\"headline\":\"Jegyz\u0151klub megalakul\u00e1s\u00e1r\u00f3l\",\"datePublished\":\"2020-07-30T09:20:39+00:00\",\"dateModified\":\"2020-07-30T10:00:59+00:00\",\"mainEntityOfPage\":{\"@id\":\"https:\/\/kofe.hu\/parola\/parola-folyoirat\/jegyzoklub-megalakulasarol\/\"},\"wordCount\":420,\"commentCount\":0,\"image\":{\"@id\":\"https:\/\/kofe.hu\/parola\/parola-folyoirat\/jegyzoklub-megalakulasarol\/#primaryimage\"},\"thumbnailUrl\":\"https:\/\/kofe.hu\/parola\/wp-content\/uploads\/2020\/07\/91.4-1.jpeg\",\"articleSection\":[\"Parola 1991\/4\",\"Parola Foly\u00f3irat\",\"Repert\u00f3rium\"],\"inLanguage\":\"hu\",\"potentialAction\":[{\"@type\":\"CommentAction\",\"name\":\"Comment\",\"target\":[\"https:\/\/kofe.hu\/parola\/parola-folyoirat\/jegyzoklub-megalakulasarol\/#respond\"]}]},{\"@type\":\"WebPage\",\"@id\":\"https:\/\/kofe.hu\/parola\/parola-folyoirat\/jegyzoklub-megalakulasarol\/\",\"url\":\"https:\/\/kofe.hu\/parola\/parola-folyoirat\/jegyzoklub-megalakulasarol\/\",\"name\":\"Jegyz\u0151klub megalakul\u00e1s\u00e1r\u00f3l - Parola Foly\u00f3irat\",\"isPartOf\":{\"@id\":\"https:\/\/kofe.hu\/parola\/#website\"},\"primaryImageOfPage\":{\"@id\":\"https:\/\/kofe.hu\/parola\/parola-folyoirat\/jegyzoklub-megalakulasarol\/#primaryimage\"},\"image\":{\"@id\":\"https:\/\/kofe.hu\/parola\/parola-folyoirat\/jegyzoklub-megalakulasarol\/#primaryimage\"},\"thumbnailUrl\":\"https:\/\/kofe.hu\/parola\/wp-content\/uploads\/2020\/07\/91.4-1.jpeg\",\"datePublished\":\"2020-07-30T09:20:39+00:00\",\"dateModified\":\"2020-07-30T10:00:59+00:00\",\"author\":{\"@id\":\"https:\/\/kofe.hu\/parola\/#\/schema\/person\/b39ea6ec0995233537351d7e33281aeb\"},\"breadcrumb\":{\"@id\":\"https:\/\/kofe.hu\/parola\/parola-folyoirat\/jegyzoklub-megalakulasarol\/#breadcrumb\"},\"inLanguage\":\"hu\",\"potentialAction\":[{\"@type\":\"ReadAction\",\"target\":[\"https:\/\/kofe.hu\/parola\/parola-folyoirat\/jegyzoklub-megalakulasarol\/\"]}]},{\"@type\":\"ImageObject\",\"inLanguage\":\"hu\",\"@id\":\"https:\/\/kofe.hu\/parola\/parola-folyoirat\/jegyzoklub-megalakulasarol\/#primaryimage\",\"url\":\"https:\/\/kofe.hu\/parola\/wp-content\/uploads\/2020\/07\/91.4-1.jpeg\",\"contentUrl\":\"https:\/\/kofe.hu\/parola\/wp-content\/uploads\/2020\/07\/91.4-1.jpeg\",\"width\":1421,\"height\":2017},{\"@type\":\"BreadcrumbList\",\"@id\":\"https:\/\/kofe.hu\/parola\/parola-folyoirat\/jegyzoklub-megalakulasarol\/#breadcrumb\",\"itemListElement\":[{\"@type\":\"ListItem\",\"position\":1,\"name\":\"Home\",\"item\":\"https:\/\/kofe.hu\/parola\/\"},{\"@type\":\"ListItem\",\"position\":2,\"name\":\"Jegyz\u0151klub megalakul\u00e1s\u00e1r\u00f3l\"}]},{\"@type\":\"WebSite\",\"@id\":\"https:\/\/kofe.hu\/parola\/#website\",\"url\":\"https:\/\/kofe.hu\/parola\/\",\"name\":\"Parola Foly\u00f3irat\",\"description\":\"\",\"potentialAction\":[{\"@type\":\"SearchAction\",\"target\":{\"@type\":\"EntryPoint\",\"urlTemplate\":\"https:\/\/kofe.hu\/parola\/?s={search_term_string}\"},\"query-input\":{\"@type\":\"PropertyValueSpecification\",\"valueRequired\":true,\"valueName\":\"search_term_string\"}}],\"inLanguage\":\"hu\"},{\"@type\":\"Person\",\"@id\":\"https:\/\/kofe.hu\/parola\/#\/schema\/person\/b39ea6ec0995233537351d7e33281aeb\",\"name\":\"Parola\",\"image\":{\"@type\":\"ImageObject\",\"inLanguage\":\"hu\",\"@id\":\"https:\/\/kofe.hu\/parola\/#\/schema\/person\/image\/ef1d7dc4d1949d5457aa415351763853\",\"url\":\"https:\/\/secure.gravatar.com\/avatar\/c18c00ea50048aa7adb99e5d11e4250d05111e33b2bea02671439eb7912c945e?s=96&d=mm&r=g\",\"contentUrl\":\"https:\/\/secure.gravatar.com\/avatar\/c18c00ea50048aa7adb99e5d11e4250d05111e33b2bea02671439eb7912c945e?s=96&d=mm&r=g\",\"caption\":\"Parola\"},\"url\":\"https:\/\/kofe.hu\/parola\/szerzok\/parola\/\"}]}<\/script>\n<!-- \/ Yoast SEO plugin. -->","yoast_head_json":{"title":"Jegyz\u0151klub megalakul\u00e1s\u00e1r\u00f3l - Parola Foly\u00f3irat","robots":{"index":"index","follow":"follow","max-snippet":"max-snippet:-1","max-image-preview":"max-image-preview:large","max-video-preview":"max-video-preview:-1"},"canonical":"https:\/\/kofe.hu\/parola\/parola-folyoirat\/jegyzoklub-megalakulasarol\/","og_locale":"hu_HU","og_type":"article","og_title":"Jegyz\u0151klub megalakul\u00e1s\u00e1r\u00f3l - Parola Foly\u00f3irat","og_description":"Jegyz\u0151klub megalakul\u00e1s\u00e1r\u00f3l B\u00e9r k\u00f6zs\u00e9gben, 1991. \u00e1prilis 19-\u00e9n 23 D\u00e9l-N\u00f3gr\u00e1d Megyei K\u00f6zs\u00e9g jegyz\u0151je, k\u00f6rjegyz\u0151je \u00a6 a BM \u00d6nkorm\u00e1nyzati F\u0151oszt\u00e1ly, a BM K\u00f6zigazgat\u00e1si Int\u00e9zet k\u00e9pvisel\u0151inek, valamint a K\u00f6zt\u00e1rsas\u00e1gi Megb\u00edzott N\u00f3gr\u00e1d Megyei Hivatala Vezet\u0151j\u00e9nek jelenl\u00e9t\u00e9ben \u00a6 l\u00e9trehozta az els\u0151 magyar k\u00f6zs\u00e9gi jegyz\u0151klubot.","og_url":"https:\/\/kofe.hu\/parola\/parola-folyoirat\/jegyzoklub-megalakulasarol\/","og_site_name":"Parola Foly\u00f3irat","article_published_time":"2020-07-30T09:20:39+00:00","article_modified_time":"2020-07-30T10:00:59+00:00","og_image":[{"width":1421,"height":2017,"url":"https:\/\/kofe.hu\/parola\/wp-content\/uploads\/2020\/07\/91.4-1.jpeg","type":"image\/jpeg"}],"author":"Parola","twitter_card":"summary_large_image","twitter_misc":{"Szerz\u0151:":"Parola","Becs\u00fclt olvas\u00e1si id\u0151":"2 perc","Written by":"Parola"},"schema":{"@context":"https:\/\/schema.org","@graph":[{"@type":"Article","@id":"https:\/\/kofe.hu\/parola\/parola-folyoirat\/jegyzoklub-megalakulasarol\/#article","isPartOf":{"@id":"https:\/\/kofe.hu\/parola\/parola-folyoirat\/jegyzoklub-megalakulasarol\/"},"author":{"name":"Parola","@id":"https:\/\/kofe.hu\/parola\/#\/schema\/person\/b39ea6ec0995233537351d7e33281aeb"},"headline":"Jegyz\u0151klub megalakul\u00e1s\u00e1r\u00f3l","datePublished":"2020-07-30T09:20:39+00:00","dateModified":"2020-07-30T10:00:59+00:00","mainEntityOfPage":{"@id":"https:\/\/kofe.hu\/parola\/parola-folyoirat\/jegyzoklub-megalakulasarol\/"},"wordCount":420,"commentCount":0,"image":{"@id":"https:\/\/kofe.hu\/parola\/parola-folyoirat\/jegyzoklub-megalakulasarol\/#primaryimage"},"thumbnailUrl":"https:\/\/kofe.hu\/parola\/wp-content\/uploads\/2020\/07\/91.4-1.jpeg","articleSection":["Parola 1991\/4","Parola Foly\u00f3irat","Repert\u00f3rium"],"inLanguage":"hu","potentialAction":[{"@type":"CommentAction","name":"Comment","target":["https:\/\/kofe.hu\/parola\/parola-folyoirat\/jegyzoklub-megalakulasarol\/#respond"]}]},{"@type":"WebPage","@id":"https:\/\/kofe.hu\/parola\/parola-folyoirat\/jegyzoklub-megalakulasarol\/","url":"https:\/\/kofe.hu\/parola\/parola-folyoirat\/jegyzoklub-megalakulasarol\/","name":"Jegyz\u0151klub megalakul\u00e1s\u00e1r\u00f3l - Parola Foly\u00f3irat","isPartOf":{"@id":"https:\/\/kofe.hu\/parola\/#website"},"primaryImageOfPage":{"@id":"https:\/\/kofe.hu\/parola\/parola-folyoirat\/jegyzoklub-megalakulasarol\/#primaryimage"},"image":{"@id":"https:\/\/kofe.hu\/parola\/parola-folyoirat\/jegyzoklub-megalakulasarol\/#primaryimage"},"thumbnailUrl":"https:\/\/kofe.hu\/parola\/wp-content\/uploads\/2020\/07\/91.4-1.jpeg","datePublished":"2020-07-30T09:20:39+00:00","dateModified":"2020-07-30T10:00:59+00:00","author":{"@id":"https:\/\/kofe.hu\/parola\/#\/schema\/person\/b39ea6ec0995233537351d7e33281aeb"},"breadcrumb":{"@id":"https:\/\/kofe.hu\/parola\/parola-folyoirat\/jegyzoklub-megalakulasarol\/#breadcrumb"},"inLanguage":"hu","potentialAction":[{"@type":"ReadAction","target":["https:\/\/kofe.hu\/parola\/parola-folyoirat\/jegyzoklub-megalakulasarol\/"]}]},{"@type":"ImageObject","inLanguage":"hu","@id":"https:\/\/kofe.hu\/parola\/parola-folyoirat\/jegyzoklub-megalakulasarol\/#primaryimage","url":"https:\/\/kofe.hu\/parola\/wp-content\/uploads\/2020\/07\/91.4-1.jpeg","contentUrl":"https:\/\/kofe.hu\/parola\/wp-content\/uploads\/2020\/07\/91.4-1.jpeg","width":1421,"height":2017},{"@type":"BreadcrumbList","@id":"https:\/\/kofe.hu\/parola\/parola-folyoirat\/jegyzoklub-megalakulasarol\/#breadcrumb","itemListElement":[{"@type":"ListItem","position":1,"name":"Home","item":"https:\/\/kofe.hu\/parola\/"},{"@type":"ListItem","position":2,"name":"Jegyz\u0151klub megalakul\u00e1s\u00e1r\u00f3l"}]},{"@type":"WebSite","@id":"https:\/\/kofe.hu\/parola\/#website","url":"https:\/\/kofe.hu\/parola\/","name":"Parola Foly\u00f3irat","description":"","potentialAction":[{"@type":"SearchAction","target":{"@type":"EntryPoint","urlTemplate":"https:\/\/kofe.hu\/parola\/?s={search_term_string}"},"query-input":{"@type":"PropertyValueSpecification","valueRequired":true,"valueName":"search_term_string"}}],"inLanguage":"hu"},{"@type":"Person","@id":"https:\/\/kofe.hu\/parola\/#\/schema\/person\/b39ea6ec0995233537351d7e33281aeb","name":"Parola","image":{"@type":"ImageObject","inLanguage":"hu","@id":"https:\/\/kofe.hu\/parola\/#\/schema\/person\/image\/ef1d7dc4d1949d5457aa415351763853","url":"https:\/\/secure.gravatar.com\/avatar\/c18c00ea50048aa7adb99e5d11e4250d05111e33b2bea02671439eb7912c945e?s=96&d=mm&r=g","contentUrl":"https:\/\/secure.gravatar.com\/avatar\/c18c00ea50048aa7adb99e5d11e4250d05111e33b2bea02671439eb7912c945e?s=96&d=mm&r=g","caption":"Parola"},"url":"https:\/\/kofe.hu\/parola\/szerzok\/parola\/"}]}},"_links":{"self":[{"href":"https:\/\/kofe.hu\/parola\/wp-json\/wp\/v2\/posts\/3995","targetHints":{"allow":["GET"]}}],"collection":[{"href":"https:\/\/kofe.hu\/parola\/wp-json\/wp\/v2\/posts"}],"about":[{"href":"https:\/\/kofe.hu\/parola\/wp-json\/wp\/v2\/types\/post"}],"author":[{"embeddable":true,"href":"https:\/\/kofe.hu\/parola\/wp-json\/wp\/v2\/users\/4"}],"replies":[{"embeddable":true,"href":"https:\/\/kofe.hu\/parola\/wp-json\/wp\/v2\/comments?post=3995"}],"version-history":[{"count":2,"href":"https:\/\/kofe.hu\/parola\/wp-json\/wp\/v2\/posts\/3995\/revisions"}],"predecessor-version":[{"id":4074,"href":"https:\/\/kofe.hu\/parola\/wp-json\/wp\/v2\/posts\/3995\/revisions\/4074"}],"wp:featuredmedia":[{"embeddable":true,"href":"https:\/\/kofe.hu\/parola\/wp-json\/wp\/v2\/media\/4069"}],"wp:attachment":[{"href":"https:\/\/kofe.hu\/parola\/wp-json\/wp\/v2\/media?parent=3995"}],"wp:term":[{"taxonomy":"category","embeddable":true,"href":"https:\/\/kofe.hu\/parola\/wp-json\/wp\/v2\/categories?post=3995"},{"taxonomy":"post_tag","embeddable":true,"href":"https:\/\/kofe.hu\/parola\/wp-json\/wp\/v2\/tags?post=3995"},{"taxonomy":"author","embeddable":true,"href":"https:\/\/kofe.hu\/parola\/wp-json\/wp\/v2\/coauthors?post=3995"}],"curies":[{"name":"wp","href":"https:\/\/api.w.org\/{rel}","templated":true}]}}