{"id":3395,"date":"2020-07-11T14:34:54","date_gmt":"2020-07-11T14:34:54","guid":{"rendered":"https:\/\/kofe.hu\/parola\/?p=3395"},"modified":"2020-07-30T11:58:40","modified_gmt":"2020-07-30T11:58:40","slug":"a-hagyarosborondi-hagyomanyorzo-famives-csoport-tortenete-es-a-majus-11-i-mesterseg-bemutato-programja","status":"publish","type":"post","link":"https:\/\/kofe.hu\/parola\/parola-folyoirat\/a-hagyarosborondi-hagyomanyorzo-famives-csoport-tortenete-es-a-majus-11-i-mesterseg-bemutato-programja\/","title":{"rendered":"A Hagy\u00e1rosb\u00f6r\u00f6ndi Hagyom\u00e1ny\u0151rz\u0151 Fam\u00edves csoport t\u00f6rt\u00e9nete \u00e9s a m\u00e1jus 11-i mesters\u00e9g-bemutat\u00f3 programja"},"content":{"rendered":"<p style=\"text-align: justify;\"><span style=\"font-family: Arial;\">A Hagy\u00e1rosb\u00f6r\u00f6ndi Hagyom\u00e1ny\u0151rz\u0151 Fam\u00edves csoport 2008 m\u00e1jus\u00e1ban alakult. Tagjai asztalosok, tanul\u00f3k \u00e9s restaur\u00e1torok. Eddig 18 mesters\u00e9g-bemutat\u00f3t tartottunk az orsz\u00e1g sz\u00e1mos pontj\u00e1n. Ezek k\u00f6z\u00fcl jelent\u0151sebbek:<\/span><br \/>\n<span style=\"font-family: Arial;\">\u2013 Budapesti Mesters\u00e9gek Fesztiv\u00e1lja,<\/span><br \/>\n<span style=\"font-family: Arial;\">\u2013 Bakonyb\u00e9li Csodafalva-Fafesztiv\u00e1l,<\/span><br \/>\n<span style=\"font-family: Arial;\">\u2013 Di\u00f3sdi Fesztiv\u00e1l,<\/span><br \/>\n<span style=\"font-family: Arial;\">\u2013 Velemi Gesztenyefesztiv\u00e1l,<\/span><br \/>\n<span style=\"font-family: Arial;\">\u2013 Zalaegerszeg Skanzen Sz\u00fcreti Fesztiv\u00e1l.<\/span><br \/>\n<!--more--><br \/>\n<span style=\"font-family: Arial;\">Csoportunk c\u00e9ljai:<\/span><br \/>\n<span style=\"font-family: Arial;\">\u2013 fam\u0171ves hagyom\u00e1nyok felkutat\u00e1sa, megismer\u00e9se \u00e9s megismertet\u00e9se, meg\u0151rz\u00e9se, \u00e1pol\u00e1sa, \u00e9l\u0151 m\u0171helyek kialak\u00edt\u00e1sa, a szabadid\u0151 kult\u00far\u00e1lt, k\u00f6z\u00f6ss\u00e9gi elt\u00f6lt\u00e9se;<\/span><br \/>\n<span style=\"font-family: Arial;\">\u2013 a fam\u00edves mesters\u00e9gek szersz\u00e1mainak gy\u0171jt\u00e9se, ezekb\u0151l gy\u0171jtem\u00e9ny l\u00e9trehoz\u00e1sa, bemutat\u00e1sa, haszn\u00e1latuk elsaj\u00e1t\u00edt\u00e1sa, a hagyom\u00e1nyos technik\u00e1k megismertet\u00e9se, meg\u0151rz\u00e9se \u00e9s tov\u00e1bbad\u00e1sa az ifj\u00fas\u00e1gnak;<\/span><br \/>\n<span style=\"font-family: Arial;\">\u2013 egy\u00fcttm\u0171k\u00f6d\u00e9s m\u00fazeumokkal, oktat\u00e1si \u00e9s tudom\u00e1nyos int\u00e9zm\u00e9nyekkel;<\/span><br \/>\n<span style=\"font-family: Arial;\">\u2013 a fam\u00edves t\u00e1rsadalom \u00e9letvitel\u00e9nek, szok\u00e1sainak, \u00fcnnepeinek megismer\u00e9se \u00e9s megismertet\u00e9se;<\/span><br \/>\n<span style=\"font-family: Arial;\">\u2013 a c\u00e9hhagyom\u00e1nyok megismer\u00e9se, bemutat\u00e1sa \u00e9s \u00e9rt\u00e9keinek \u00e1tment\u00e9se, mind a jelen \u00e9rdekl\u0151d\u0151k, mind az ut\u00f3kor sz\u00e1m\u00e1ra;<\/span><br \/>\n<span style=\"font-family: Arial;\">\u2013 szakk\u00f6r\u00f6k, szakmai technikai bemutat\u00f3k szervez\u00e9se, \u00faj \u00e9rt\u00e9kek teremt\u00e9se.<\/span><\/p>\n<p><span style=\"font-family: Arial;\">A m\u00e1jus 11-i mesters\u00e9gbemutat\u00f3 programjai:<\/span><\/p>\n<p><span style=\"font-family: Arial;\">\u2013\u00a0<\/span><span style=\"font-family: Arial;\">Hagy\u00e1rosb\u00f6r\u00f6nd t\u00f6rt\u00e9net\u00e9nek r\u00f6vid \u00e1ttekint\u00e9se,<\/span><br \/>\n<span style=\"font-family: Arial;\">\u2013\u00a0<\/span><span style=\"font-family: Arial;\">a k\u00f6rny\u00e9ken tal\u00e1lhat\u00f3 m\u0171eml\u00e9kek ismertet\u00e9se,<\/span><br \/>\n<span style=\"font-family: Arial;\">\u2013\u00a0<\/span><span style=\"font-family: Arial;\">Kosztol\u00e1nyi Dezs\u0151\u00a0<\/span><i><span style=\"font-family: Arial;\">Alakok\u00a0<\/span><\/i><span style=\"font-family: Arial;\">c\u00edm\u0171 novell\u00e1s k\u00f6tet\u00e9b\u0151l az Asztalos c\u00edm\u0171 novella felolvas\u00e1sa,<\/span><br \/>\n<span style=\"font-family: Arial;\">\u2013\u00a0<\/span><span style=\"font-family: Arial;\">szersz\u00e1mgy\u0171jtem\u00e9ny bemutat\u00e1sa az \u0151skort\u00f3l a napjainkig,<\/span><br \/>\n<span style=\"font-family: Arial;\">\u2013\u00a0<\/span><span style=\"font-family: Arial;\">szersz\u00e1mok kipr\u00f3b\u00e1l\u00e1sa,<\/span><br \/>\n<span style=\"font-family: Arial;\">\u2013\u00a0<\/span><span style=\"font-family: Arial;\">a hagyom\u00e1nyos sellakk polit\u00faroz\u00e1s bemutat\u00e1sa.<\/span><\/p>\n<p><span style=\"font-family: Arial;\">Kinti programok:<\/span><\/p>\n<p><span style=\"font-family: Arial;\">\u2013\u00a0<\/span><span style=\"font-family: Arial;\">\u00e9l\u0151fa magass\u00e1g\u00e1nak meghat\u00e1roz\u00e1sa egy bottal \u00e9s m\u00e9r\u0151szalaggal,<\/span><br \/>\n<span style=\"font-family: Arial;\">\u2013\u00a0<\/span><span style=\"font-family: Arial;\">gerenda f\u0171r\u00e9szel\u00e9se keresztv\u00e1g\u00f3 f\u0171r\u00e9sszel,<\/span><br \/>\n<span style=\"font-family: Arial;\">\u2013\u00a0<\/span><span style=\"font-family: Arial;\">gerenda k\u00e9rg\u00e9nek elt\u00e1vol\u00edt\u00e1sa sz\u00edj\u00f3 k\u00e9ssel,<\/span><br \/>\n<span style=\"font-family: Arial;\">\u2013\u00a0<\/span><span style=\"font-family: Arial;\">gerenda csaptat\u00e1sa,<\/span><br \/>\n<span style=\"font-family: Arial;\">\u2013\u00a0<\/span><span style=\"font-family: Arial;\">k\u00e9tkezes cig\u00e1nyf\u00far\u00f3 kipr\u00f3b\u00e1l\u00e1sa,<\/span><br \/>\n<span style=\"font-family: Arial;\">\u2013\u00a0<\/span><span style=\"font-family: Arial;\">gerenda farag\u00e1sa b\u00e1rddal,<\/span><br \/>\n<span style=\"font-family: Arial;\">\u2013\u00a0<\/span><span style=\"font-family: Arial;\">gerenda f\u0171r\u00e9szel\u00e9se hosszv\u00e1g\u00f3 f\u0171r\u00e9sszel, \u00e1llv\u00e1nyzaton az \u00e9rdekl\u0151d\u0151 k\u00f6z\u00f6ns\u00e9g bevon\u00e1s\u00e1val.<\/span><\/p>\n<p><span style=\"font-family: Arial;\">Hagy\u00e1rosb\u00f6r\u00f6nd\u00f6n a kapu nyitva \u00e1ll minden \u00e9rdekl\u0151d\u0151 el\u0151tt! Erdei k\u00f6rnyezetben a fam\u00edves mesters\u00e9gek fog\u00e1sait ismerhetik meg, \u00e9s kipr\u00f3b\u00e1lhatj\u00e1k a kora\u2013 beli szersz\u00e1mokat.<\/span><\/p>\n<p><span style=\"font-family: Arial;\">Hagy\u00e1rosb\u00f6r\u00f6nd, 2009. m\u00e1jus 11.<\/span><\/p>\n","protected":false},"excerpt":{"rendered":"<p>A Hagy\u00e1rosb\u00f6r\u00f6ndi Hagyom\u00e1ny\u0151rz\u0151 Fam\u00edves csoport 2008 m\u00e1jus\u00e1ban alakult. Tagjai asztalosok, tanul\u00f3k \u00e9s restaur\u00e1torok. Eddig 18 mesters\u00e9g-bemutat\u00f3t tartottunk az orsz\u00e1g sz\u00e1mos pontj\u00e1n. Ezek k\u00f6z\u00fcl jelent\u0151sebbek: \u2013 Budapesti Mesters\u00e9gek Fesztiv\u00e1lja, \u2013 Bakonyb\u00e9li Csodafalva-Fafesztiv\u00e1l, \u2013 Di\u00f3sdi Fesztiv\u00e1l, \u2013 Velemi Gesztenyefesztiv\u00e1l, \u2013 Zalaegerszeg Skanzen Sz\u00fcreti Fesztiv\u00e1l.<\/p>\n","protected":false},"author":456,"featured_media":3434,"comment_status":"open","ping_status":"open","sticky":false,"template":"","format":"standard","meta":{"_acf_changed":false,"footnotes":""},"categories":[600,8,7],"tags":[],"coauthors":[607],"class_list":["post-3395","post","type-post","status-publish","format-standard","has-post-thumbnail","hentry","category-parola-2009-2","category-parola-folyoirat","category-repertorium"],"acf":[],"yoast_head":"<!-- This site is optimized with the Yoast SEO plugin v26.7 - https:\/\/yoast.com\/wordpress\/plugins\/seo\/ -->\n<title>A Hagy\u00e1rosb\u00f6r\u00f6ndi Hagyom\u00e1ny\u0151rz\u0151 Fam\u00edves csoport t\u00f6rt\u00e9nete \u00e9s a m\u00e1jus 11-i mesters\u00e9g-bemutat\u00f3 programja - Parola Foly\u00f3irat<\/title>\n<meta name=\"robots\" content=\"index, follow, max-snippet:-1, max-image-preview:large, max-video-preview:-1\" \/>\n<link rel=\"canonical\" href=\"https:\/\/kofe.hu\/parola\/parola-folyoirat\/a-hagyarosborondi-hagyomanyorzo-famives-csoport-tortenete-es-a-majus-11-i-mesterseg-bemutato-programja\/\" \/>\n<meta property=\"og:locale\" content=\"hu_HU\" \/>\n<meta property=\"og:type\" content=\"article\" \/>\n<meta property=\"og:title\" content=\"A Hagy\u00e1rosb\u00f6r\u00f6ndi Hagyom\u00e1ny\u0151rz\u0151 Fam\u00edves csoport t\u00f6rt\u00e9nete \u00e9s a m\u00e1jus 11-i mesters\u00e9g-bemutat\u00f3 programja - Parola Foly\u00f3irat\" \/>\n<meta property=\"og:description\" content=\"A Hagy\u00e1rosb\u00f6r\u00f6ndi Hagyom\u00e1ny\u0151rz\u0151 Fam\u00edves csoport 2008 m\u00e1jus\u00e1ban alakult. Tagjai asztalosok, tanul\u00f3k \u00e9s restaur\u00e1torok. Eddig 18 mesters\u00e9g-bemutat\u00f3t tartottunk az orsz\u00e1g sz\u00e1mos pontj\u00e1n. Ezek k\u00f6z\u00fcl jelent\u0151sebbek: \u2013 Budapesti Mesters\u00e9gek Fesztiv\u00e1lja, \u2013 Bakonyb\u00e9li Csodafalva-Fafesztiv\u00e1l, \u2013 Di\u00f3sdi Fesztiv\u00e1l, \u2013 Velemi Gesztenyefesztiv\u00e1l, \u2013 Zalaegerszeg Skanzen Sz\u00fcreti Fesztiv\u00e1l.\" \/>\n<meta property=\"og:url\" content=\"https:\/\/kofe.hu\/parola\/parola-folyoirat\/a-hagyarosborondi-hagyomanyorzo-famives-csoport-tortenete-es-a-majus-11-i-mesterseg-bemutato-programja\/\" \/>\n<meta property=\"og:site_name\" content=\"Parola Foly\u00f3irat\" \/>\n<meta property=\"article:published_time\" content=\"2020-07-11T14:34:54+00:00\" \/>\n<meta property=\"article:modified_time\" content=\"2020-07-30T11:58:40+00:00\" \/>\n<meta property=\"og:image\" content=\"https:\/\/kofe.hu\/parola\/wp-content\/uploads\/2020\/07\/09.2.jpeg\" \/>\n\t<meta property=\"og:image:width\" content=\"1297\" \/>\n\t<meta property=\"og:image:height\" content=\"1988\" \/>\n\t<meta property=\"og:image:type\" content=\"image\/jpeg\" \/>\n<meta name=\"author\" content=\"N\u00e9meth J\u00e1nos\" \/>\n<meta name=\"twitter:card\" content=\"summary_large_image\" \/>\n<meta name=\"twitter:label1\" content=\"Szerz\u0151:\" \/>\n\t<meta name=\"twitter:data1\" content=\"N\u00e9meth J\u00e1nos\" \/>\n\t<meta name=\"twitter:label2\" content=\"Becs\u00fclt olvas\u00e1si id\u0151\" \/>\n\t<meta name=\"twitter:data2\" content=\"2 perc\" \/>\n\t<meta name=\"twitter:label3\" content=\"Written by\" \/>\n\t<meta name=\"twitter:data3\" content=\"N\u00e9meth J\u00e1nos\" \/>\n<script type=\"application\/ld+json\" class=\"yoast-schema-graph\">{\"@context\":\"https:\/\/schema.org\",\"@graph\":[{\"@type\":\"Article\",\"@id\":\"https:\/\/kofe.hu\/parola\/parola-folyoirat\/a-hagyarosborondi-hagyomanyorzo-famives-csoport-tortenete-es-a-majus-11-i-mesterseg-bemutato-programja\/#article\",\"isPartOf\":{\"@id\":\"https:\/\/kofe.hu\/parola\/parola-folyoirat\/a-hagyarosborondi-hagyomanyorzo-famives-csoport-tortenete-es-a-majus-11-i-mesterseg-bemutato-programja\/\"},\"author\":{\"name\":\"N\u00e9meth J\u00e1nos\",\"@id\":\"https:\/\/kofe.hu\/parola\/#\/schema\/person\/0fd66c6a3a66d8c1a760bdaaea194538\"},\"headline\":\"A Hagy\u00e1rosb\u00f6r\u00f6ndi Hagyom\u00e1ny\u0151rz\u0151 Fam\u00edves csoport t\u00f6rt\u00e9nete \u00e9s a m\u00e1jus 11-i mesters\u00e9g-bemutat\u00f3 programja\",\"datePublished\":\"2020-07-11T14:34:54+00:00\",\"dateModified\":\"2020-07-30T11:58:40+00:00\",\"mainEntityOfPage\":{\"@id\":\"https:\/\/kofe.hu\/parola\/parola-folyoirat\/a-hagyarosborondi-hagyomanyorzo-famives-csoport-tortenete-es-a-majus-11-i-mesterseg-bemutato-programja\/\"},\"wordCount\":429,\"commentCount\":0,\"image\":{\"@id\":\"https:\/\/kofe.hu\/parola\/parola-folyoirat\/a-hagyarosborondi-hagyomanyorzo-famives-csoport-tortenete-es-a-majus-11-i-mesterseg-bemutato-programja\/#primaryimage\"},\"thumbnailUrl\":\"https:\/\/kofe.hu\/parola\/wp-content\/uploads\/2020\/07\/09.2.jpeg\",\"articleSection\":[\"Parola 2009\/2\",\"Parola Foly\u00f3irat\",\"Repert\u00f3rium\"],\"inLanguage\":\"hu\",\"potentialAction\":[{\"@type\":\"CommentAction\",\"name\":\"Comment\",\"target\":[\"https:\/\/kofe.hu\/parola\/parola-folyoirat\/a-hagyarosborondi-hagyomanyorzo-famives-csoport-tortenete-es-a-majus-11-i-mesterseg-bemutato-programja\/#respond\"]}]},{\"@type\":\"WebPage\",\"@id\":\"https:\/\/kofe.hu\/parola\/parola-folyoirat\/a-hagyarosborondi-hagyomanyorzo-famives-csoport-tortenete-es-a-majus-11-i-mesterseg-bemutato-programja\/\",\"url\":\"https:\/\/kofe.hu\/parola\/parola-folyoirat\/a-hagyarosborondi-hagyomanyorzo-famives-csoport-tortenete-es-a-majus-11-i-mesterseg-bemutato-programja\/\",\"name\":\"A Hagy\u00e1rosb\u00f6r\u00f6ndi Hagyom\u00e1ny\u0151rz\u0151 Fam\u00edves csoport t\u00f6rt\u00e9nete \u00e9s a m\u00e1jus 11-i mesters\u00e9g-bemutat\u00f3 programja - Parola Foly\u00f3irat\",\"isPartOf\":{\"@id\":\"https:\/\/kofe.hu\/parola\/#website\"},\"primaryImageOfPage\":{\"@id\":\"https:\/\/kofe.hu\/parola\/parola-folyoirat\/a-hagyarosborondi-hagyomanyorzo-famives-csoport-tortenete-es-a-majus-11-i-mesterseg-bemutato-programja\/#primaryimage\"},\"image\":{\"@id\":\"https:\/\/kofe.hu\/parola\/parola-folyoirat\/a-hagyarosborondi-hagyomanyorzo-famives-csoport-tortenete-es-a-majus-11-i-mesterseg-bemutato-programja\/#primaryimage\"},\"thumbnailUrl\":\"https:\/\/kofe.hu\/parola\/wp-content\/uploads\/2020\/07\/09.2.jpeg\",\"datePublished\":\"2020-07-11T14:34:54+00:00\",\"dateModified\":\"2020-07-30T11:58:40+00:00\",\"author\":{\"@id\":\"https:\/\/kofe.hu\/parola\/#\/schema\/person\/0fd66c6a3a66d8c1a760bdaaea194538\"},\"breadcrumb\":{\"@id\":\"https:\/\/kofe.hu\/parola\/parola-folyoirat\/a-hagyarosborondi-hagyomanyorzo-famives-csoport-tortenete-es-a-majus-11-i-mesterseg-bemutato-programja\/#breadcrumb\"},\"inLanguage\":\"hu\",\"potentialAction\":[{\"@type\":\"ReadAction\",\"target\":[\"https:\/\/kofe.hu\/parola\/parola-folyoirat\/a-hagyarosborondi-hagyomanyorzo-famives-csoport-tortenete-es-a-majus-11-i-mesterseg-bemutato-programja\/\"]}]},{\"@type\":\"ImageObject\",\"inLanguage\":\"hu\",\"@id\":\"https:\/\/kofe.hu\/parola\/parola-folyoirat\/a-hagyarosborondi-hagyomanyorzo-famives-csoport-tortenete-es-a-majus-11-i-mesterseg-bemutato-programja\/#primaryimage\",\"url\":\"https:\/\/kofe.hu\/parola\/wp-content\/uploads\/2020\/07\/09.2.jpeg\",\"contentUrl\":\"https:\/\/kofe.hu\/parola\/wp-content\/uploads\/2020\/07\/09.2.jpeg\",\"width\":1297,\"height\":1988},{\"@type\":\"BreadcrumbList\",\"@id\":\"https:\/\/kofe.hu\/parola\/parola-folyoirat\/a-hagyarosborondi-hagyomanyorzo-famives-csoport-tortenete-es-a-majus-11-i-mesterseg-bemutato-programja\/#breadcrumb\",\"itemListElement\":[{\"@type\":\"ListItem\",\"position\":1,\"name\":\"Home\",\"item\":\"https:\/\/kofe.hu\/parola\/\"},{\"@type\":\"ListItem\",\"position\":2,\"name\":\"A Hagy\u00e1rosb\u00f6r\u00f6ndi Hagyom\u00e1ny\u0151rz\u0151 Fam\u00edves csoport t\u00f6rt\u00e9nete \u00e9s a m\u00e1jus 11-i mesters\u00e9g-bemutat\u00f3 programja\"}]},{\"@type\":\"WebSite\",\"@id\":\"https:\/\/kofe.hu\/parola\/#website\",\"url\":\"https:\/\/kofe.hu\/parola\/\",\"name\":\"Parola Foly\u00f3irat\",\"description\":\"\",\"potentialAction\":[{\"@type\":\"SearchAction\",\"target\":{\"@type\":\"EntryPoint\",\"urlTemplate\":\"https:\/\/kofe.hu\/parola\/?s={search_term_string}\"},\"query-input\":{\"@type\":\"PropertyValueSpecification\",\"valueRequired\":true,\"valueName\":\"search_term_string\"}}],\"inLanguage\":\"hu\"},{\"@type\":\"Person\",\"@id\":\"https:\/\/kofe.hu\/parola\/#\/schema\/person\/0fd66c6a3a66d8c1a760bdaaea194538\",\"name\":\"N\u00e9meth J\u00e1nos\",\"image\":{\"@type\":\"ImageObject\",\"inLanguage\":\"hu\",\"@id\":\"https:\/\/kofe.hu\/parola\/#\/schema\/person\/image\/4ea9adb5a7505ca66fdc8db6601096d8\",\"url\":\"https:\/\/secure.gravatar.com\/avatar\/0e5afbca6bd17ce256bc252fbaf112c562c56f279ec072c6e653a8c2cb2d26af?s=96&d=mm&r=g\",\"contentUrl\":\"https:\/\/secure.gravatar.com\/avatar\/0e5afbca6bd17ce256bc252fbaf112c562c56f279ec072c6e653a8c2cb2d26af?s=96&d=mm&r=g\",\"caption\":\"N\u00e9meth J\u00e1nos\"},\"url\":\"https:\/\/kofe.hu\/parola\/szerzok\/nemeth-janos\/\"}]}<\/script>\n<!-- \/ Yoast SEO plugin. -->","yoast_head_json":{"title":"A Hagy\u00e1rosb\u00f6r\u00f6ndi Hagyom\u00e1ny\u0151rz\u0151 Fam\u00edves csoport t\u00f6rt\u00e9nete \u00e9s a m\u00e1jus 11-i mesters\u00e9g-bemutat\u00f3 programja - Parola Foly\u00f3irat","robots":{"index":"index","follow":"follow","max-snippet":"max-snippet:-1","max-image-preview":"max-image-preview:large","max-video-preview":"max-video-preview:-1"},"canonical":"https:\/\/kofe.hu\/parola\/parola-folyoirat\/a-hagyarosborondi-hagyomanyorzo-famives-csoport-tortenete-es-a-majus-11-i-mesterseg-bemutato-programja\/","og_locale":"hu_HU","og_type":"article","og_title":"A Hagy\u00e1rosb\u00f6r\u00f6ndi Hagyom\u00e1ny\u0151rz\u0151 Fam\u00edves csoport t\u00f6rt\u00e9nete \u00e9s a m\u00e1jus 11-i mesters\u00e9g-bemutat\u00f3 programja - Parola Foly\u00f3irat","og_description":"A Hagy\u00e1rosb\u00f6r\u00f6ndi Hagyom\u00e1ny\u0151rz\u0151 Fam\u00edves csoport 2008 m\u00e1jus\u00e1ban alakult. Tagjai asztalosok, tanul\u00f3k \u00e9s restaur\u00e1torok. Eddig 18 mesters\u00e9g-bemutat\u00f3t tartottunk az orsz\u00e1g sz\u00e1mos pontj\u00e1n. Ezek k\u00f6z\u00fcl jelent\u0151sebbek: \u2013 Budapesti Mesters\u00e9gek Fesztiv\u00e1lja, \u2013 Bakonyb\u00e9li Csodafalva-Fafesztiv\u00e1l, \u2013 Di\u00f3sdi Fesztiv\u00e1l, \u2013 Velemi Gesztenyefesztiv\u00e1l, \u2013 Zalaegerszeg Skanzen Sz\u00fcreti Fesztiv\u00e1l.","og_url":"https:\/\/kofe.hu\/parola\/parola-folyoirat\/a-hagyarosborondi-hagyomanyorzo-famives-csoport-tortenete-es-a-majus-11-i-mesterseg-bemutato-programja\/","og_site_name":"Parola Foly\u00f3irat","article_published_time":"2020-07-11T14:34:54+00:00","article_modified_time":"2020-07-30T11:58:40+00:00","og_image":[{"width":1297,"height":1988,"url":"https:\/\/kofe.hu\/parola\/wp-content\/uploads\/2020\/07\/09.2.jpeg","type":"image\/jpeg"}],"author":"N\u00e9meth J\u00e1nos","twitter_card":"summary_large_image","twitter_misc":{"Szerz\u0151:":"N\u00e9meth J\u00e1nos","Becs\u00fclt olvas\u00e1si id\u0151":"2 perc","Written by":"N\u00e9meth J\u00e1nos"},"schema":{"@context":"https:\/\/schema.org","@graph":[{"@type":"Article","@id":"https:\/\/kofe.hu\/parola\/parola-folyoirat\/a-hagyarosborondi-hagyomanyorzo-famives-csoport-tortenete-es-a-majus-11-i-mesterseg-bemutato-programja\/#article","isPartOf":{"@id":"https:\/\/kofe.hu\/parola\/parola-folyoirat\/a-hagyarosborondi-hagyomanyorzo-famives-csoport-tortenete-es-a-majus-11-i-mesterseg-bemutato-programja\/"},"author":{"name":"N\u00e9meth J\u00e1nos","@id":"https:\/\/kofe.hu\/parola\/#\/schema\/person\/0fd66c6a3a66d8c1a760bdaaea194538"},"headline":"A Hagy\u00e1rosb\u00f6r\u00f6ndi Hagyom\u00e1ny\u0151rz\u0151 Fam\u00edves csoport t\u00f6rt\u00e9nete \u00e9s a m\u00e1jus 11-i mesters\u00e9g-bemutat\u00f3 programja","datePublished":"2020-07-11T14:34:54+00:00","dateModified":"2020-07-30T11:58:40+00:00","mainEntityOfPage":{"@id":"https:\/\/kofe.hu\/parola\/parola-folyoirat\/a-hagyarosborondi-hagyomanyorzo-famives-csoport-tortenete-es-a-majus-11-i-mesterseg-bemutato-programja\/"},"wordCount":429,"commentCount":0,"image":{"@id":"https:\/\/kofe.hu\/parola\/parola-folyoirat\/a-hagyarosborondi-hagyomanyorzo-famives-csoport-tortenete-es-a-majus-11-i-mesterseg-bemutato-programja\/#primaryimage"},"thumbnailUrl":"https:\/\/kofe.hu\/parola\/wp-content\/uploads\/2020\/07\/09.2.jpeg","articleSection":["Parola 2009\/2","Parola Foly\u00f3irat","Repert\u00f3rium"],"inLanguage":"hu","potentialAction":[{"@type":"CommentAction","name":"Comment","target":["https:\/\/kofe.hu\/parola\/parola-folyoirat\/a-hagyarosborondi-hagyomanyorzo-famives-csoport-tortenete-es-a-majus-11-i-mesterseg-bemutato-programja\/#respond"]}]},{"@type":"WebPage","@id":"https:\/\/kofe.hu\/parola\/parola-folyoirat\/a-hagyarosborondi-hagyomanyorzo-famives-csoport-tortenete-es-a-majus-11-i-mesterseg-bemutato-programja\/","url":"https:\/\/kofe.hu\/parola\/parola-folyoirat\/a-hagyarosborondi-hagyomanyorzo-famives-csoport-tortenete-es-a-majus-11-i-mesterseg-bemutato-programja\/","name":"A Hagy\u00e1rosb\u00f6r\u00f6ndi Hagyom\u00e1ny\u0151rz\u0151 Fam\u00edves csoport t\u00f6rt\u00e9nete \u00e9s a m\u00e1jus 11-i mesters\u00e9g-bemutat\u00f3 programja - Parola Foly\u00f3irat","isPartOf":{"@id":"https:\/\/kofe.hu\/parola\/#website"},"primaryImageOfPage":{"@id":"https:\/\/kofe.hu\/parola\/parola-folyoirat\/a-hagyarosborondi-hagyomanyorzo-famives-csoport-tortenete-es-a-majus-11-i-mesterseg-bemutato-programja\/#primaryimage"},"image":{"@id":"https:\/\/kofe.hu\/parola\/parola-folyoirat\/a-hagyarosborondi-hagyomanyorzo-famives-csoport-tortenete-es-a-majus-11-i-mesterseg-bemutato-programja\/#primaryimage"},"thumbnailUrl":"https:\/\/kofe.hu\/parola\/wp-content\/uploads\/2020\/07\/09.2.jpeg","datePublished":"2020-07-11T14:34:54+00:00","dateModified":"2020-07-30T11:58:40+00:00","author":{"@id":"https:\/\/kofe.hu\/parola\/#\/schema\/person\/0fd66c6a3a66d8c1a760bdaaea194538"},"breadcrumb":{"@id":"https:\/\/kofe.hu\/parola\/parola-folyoirat\/a-hagyarosborondi-hagyomanyorzo-famives-csoport-tortenete-es-a-majus-11-i-mesterseg-bemutato-programja\/#breadcrumb"},"inLanguage":"hu","potentialAction":[{"@type":"ReadAction","target":["https:\/\/kofe.hu\/parola\/parola-folyoirat\/a-hagyarosborondi-hagyomanyorzo-famives-csoport-tortenete-es-a-majus-11-i-mesterseg-bemutato-programja\/"]}]},{"@type":"ImageObject","inLanguage":"hu","@id":"https:\/\/kofe.hu\/parola\/parola-folyoirat\/a-hagyarosborondi-hagyomanyorzo-famives-csoport-tortenete-es-a-majus-11-i-mesterseg-bemutato-programja\/#primaryimage","url":"https:\/\/kofe.hu\/parola\/wp-content\/uploads\/2020\/07\/09.2.jpeg","contentUrl":"https:\/\/kofe.hu\/parola\/wp-content\/uploads\/2020\/07\/09.2.jpeg","width":1297,"height":1988},{"@type":"BreadcrumbList","@id":"https:\/\/kofe.hu\/parola\/parola-folyoirat\/a-hagyarosborondi-hagyomanyorzo-famives-csoport-tortenete-es-a-majus-11-i-mesterseg-bemutato-programja\/#breadcrumb","itemListElement":[{"@type":"ListItem","position":1,"name":"Home","item":"https:\/\/kofe.hu\/parola\/"},{"@type":"ListItem","position":2,"name":"A Hagy\u00e1rosb\u00f6r\u00f6ndi Hagyom\u00e1ny\u0151rz\u0151 Fam\u00edves csoport t\u00f6rt\u00e9nete \u00e9s a m\u00e1jus 11-i mesters\u00e9g-bemutat\u00f3 programja"}]},{"@type":"WebSite","@id":"https:\/\/kofe.hu\/parola\/#website","url":"https:\/\/kofe.hu\/parola\/","name":"Parola Foly\u00f3irat","description":"","potentialAction":[{"@type":"SearchAction","target":{"@type":"EntryPoint","urlTemplate":"https:\/\/kofe.hu\/parola\/?s={search_term_string}"},"query-input":{"@type":"PropertyValueSpecification","valueRequired":true,"valueName":"search_term_string"}}],"inLanguage":"hu"},{"@type":"Person","@id":"https:\/\/kofe.hu\/parola\/#\/schema\/person\/0fd66c6a3a66d8c1a760bdaaea194538","name":"N\u00e9meth J\u00e1nos","image":{"@type":"ImageObject","inLanguage":"hu","@id":"https:\/\/kofe.hu\/parola\/#\/schema\/person\/image\/4ea9adb5a7505ca66fdc8db6601096d8","url":"https:\/\/secure.gravatar.com\/avatar\/0e5afbca6bd17ce256bc252fbaf112c562c56f279ec072c6e653a8c2cb2d26af?s=96&d=mm&r=g","contentUrl":"https:\/\/secure.gravatar.com\/avatar\/0e5afbca6bd17ce256bc252fbaf112c562c56f279ec072c6e653a8c2cb2d26af?s=96&d=mm&r=g","caption":"N\u00e9meth J\u00e1nos"},"url":"https:\/\/kofe.hu\/parola\/szerzok\/nemeth-janos\/"}]}},"_links":{"self":[{"href":"https:\/\/kofe.hu\/parola\/wp-json\/wp\/v2\/posts\/3395","targetHints":{"allow":["GET"]}}],"collection":[{"href":"https:\/\/kofe.hu\/parola\/wp-json\/wp\/v2\/posts"}],"about":[{"href":"https:\/\/kofe.hu\/parola\/wp-json\/wp\/v2\/types\/post"}],"author":[{"embeddable":true,"href":"https:\/\/kofe.hu\/parola\/wp-json\/wp\/v2\/users\/456"}],"replies":[{"embeddable":true,"href":"https:\/\/kofe.hu\/parola\/wp-json\/wp\/v2\/comments?post=3395"}],"version-history":[{"count":3,"href":"https:\/\/kofe.hu\/parola\/wp-json\/wp\/v2\/posts\/3395\/revisions"}],"predecessor-version":[{"id":4206,"href":"https:\/\/kofe.hu\/parola\/wp-json\/wp\/v2\/posts\/3395\/revisions\/4206"}],"wp:featuredmedia":[{"embeddable":true,"href":"https:\/\/kofe.hu\/parola\/wp-json\/wp\/v2\/media\/3434"}],"wp:attachment":[{"href":"https:\/\/kofe.hu\/parola\/wp-json\/wp\/v2\/media?parent=3395"}],"wp:term":[{"taxonomy":"category","embeddable":true,"href":"https:\/\/kofe.hu\/parola\/wp-json\/wp\/v2\/categories?post=3395"},{"taxonomy":"post_tag","embeddable":true,"href":"https:\/\/kofe.hu\/parola\/wp-json\/wp\/v2\/tags?post=3395"},{"taxonomy":"author","embeddable":true,"href":"https:\/\/kofe.hu\/parola\/wp-json\/wp\/v2\/coauthors?post=3395"}],"curies":[{"name":"wp","href":"https:\/\/api.w.org\/{rel}","templated":true}]}}