{"id":3391,"date":"2020-07-11T14:31:33","date_gmt":"2020-07-11T14:31:33","guid":{"rendered":"https:\/\/kofe.hu\/parola\/?p=3391"},"modified":"2020-07-30T11:58:01","modified_gmt":"2020-07-30T11:58:01","slug":"hazateres-fiatalok-foglalkoztatasa-a-zalaszentgroti-tersegben-egy-megvalositott-palyazat-tapasztalatai","status":"publish","type":"post","link":"https:\/\/kofe.hu\/parola\/parola-folyoirat\/hazateres-fiatalok-foglalkoztatasa-a-zalaszentgroti-tersegben-egy-megvalositott-palyazat-tapasztalatai\/","title":{"rendered":"\u201eHAZAT\u00c9R\u00c9S\u201d \u2013 fiatalok foglalkoztat\u00e1sa a zalaszentgr\u00f3ti t\u00e9rs\u00e9gben \u2013 egy megval\u00f3s\u00edtott p\u00e1ly\u00e1zat tapasztalatai \u2013"},"content":{"rendered":"<p style=\"text-align: justify;\"><b><span style=\"font-family: Arial;\">A projekt megval\u00f3s\u00edt\u00f3 szervezet neve, c\u00edme:<\/span><\/b><br \/>\n<span style=\"font-family: Arial;\">CELODIN Zalai Alap\u00edtv\u00e1ny,<\/span><br \/>\n<span style=\"font-family: Arial;\">8790 Zalaszentgr\u00f3t, D\u00f3zsa Gy\u00f6rgy utca 9.<\/span><br \/>\n<span style=\"font-family: Arial;\">Tel.: 83\/360-693, 30\/529-8878<\/span><br \/>\n<span style=\"font-family: Arial;\">E-mail: info@celodinzala.hu<\/span><br \/>\n<!--more--><br \/>\n<b><span style=\"font-family: Arial;\">Kapcsolattart\u00f3 szem\u00e9lyek<\/span><\/b><span style=\"font-family: Arial;\">:<\/span><br \/>\n<span style=\"font-family: Arial;\">\u2212 Guitprechtn\u00e9 Moln\u00e1r Erzs\u00e9bet szakmai vezet\u0151, 83\/560-053, e-mail: gme@zalakar.hu<\/span><br \/>\n<span style=\"font-family: Arial;\">\u2212 Boda Adrienn, Zalai Hazat\u00e9r\u0151k Egyes\u00fclete eln\u00f6k, e-mail: hazaterok@gmail.com<\/span><br \/>\n<span style=\"font-family: Arial;\">\u2212 Parragi P\u00e9ter, CELODIN Zalai Alap\u00edtv\u00e1ny, 83\/360-693, info@celodinzala.hu<\/span><\/p>\n<p><b><span style=\"font-family: Arial;\">A projekt h\u00e1ttere<\/span><\/b><br \/>\n<span style=\"font-family: Arial;\">A zalaszentgr\u00f3ti t\u00e9rs\u00e9g gazdas\u00e1gi, szoci\u00e1lis, infrastruktur\u00e1lis szempontb\u00f3l h\u00e1tr\u00e1nyos helyzet\u0171 t\u00e9rs\u00e9g. A statisztikai k\u00f6rzethez 24 telep\u00fcl\u00e9s tartozik, amely jellemz\u0151en apr\u00f3falvas telep\u00fcl\u00e9sszerkezet\u0171, a telep\u00fcl\u00e9sek t\u00f6bb mint fel\u00e9ben (15) a l\u00e9leksz\u00e1m 500 f\u0151 alatt van.<\/span><br \/>\n<span style=\"font-family: Arial;\">Rossz a t\u00e9rs\u00e9g megtart\u00f3ereje, magas a fiatalok k\u00f6r\u00e9ben az elv\u00e1ndorl\u00e1s. A p\u00e1lyakezd\u0151 \u00e9rtelmis\u00e9gi fiatalok nem tal\u00e1lnak maguknak a t\u00e9rs\u00e9gben munk\u00e1t \u00e9s meg\u00e9lhet\u00e9st.<\/span><\/p>\n<p><b><span style=\"font-family: Arial;\">Projekt c\u00e9lja:<\/span><\/b><br \/>\n<span style=\"font-family: Arial;\">Az els\u0151dleges c\u00e9l a fels\u0151fok\u00fa v\u00e9gzetts\u00e9ggel rendelkez\u0151 p\u00e1lyakezd\u0151 munkan\u00e9lk\u00fcliek foglalkoztat\u00e1si lehet\u0151s\u00e9geinek b\u0151v\u00edt\u00e9se, gyakorlatorient\u00e1lt k\u00e9pz\u00e9sen \u00e9s foglalkoztat\u00e1son kereszt\u00fcl.<\/span><br \/>\n<span style=\"font-family: Arial;\">A projekt konkr\u00e9t c\u00e9lja, hogy a t\u00e9rs\u00e9gb\u0151l sz\u00e1rmaz\u00f3 fels\u0151fok\u00fa v\u00e9gzetts\u00e9g\u0171 fiatal p\u00e1lyakezd\u0151k \u201ehazat\u00e9rjenek\u201d, \u00e9s \u00edgy j\u00e1ruljanak hozz\u00e1 a t\u00e9rs\u00e9g fejl\u0151d\u00e9s\u00e9hez, a munkan\u00e9lk\u00fclis\u00e9g cs\u00f6kkent\u00e9se, \u00e9s a t\u00e9rs\u00e9g hum\u00e1n er\u0151forr\u00e1s potenci\u00e1j\u00e1nak fejleszt\u00e9se, fiatal, fels\u0151fok\u00fa v\u00e9gzetts\u00e9ggel rendelkez\u0151 p\u00e1lyakezd\u0151 munkan\u00e9lk\u00fcliek t\u00e9rs\u00e9gben t\u00f6rt\u00e9n\u0151 leteleped\u00e9s\u00e9nek \u00f6szt\u00f6nz\u00e9se r\u00e9v\u00e9n.<\/span><\/p>\n<p><b><span style=\"font-family: Arial;\">A program id\u0151kerete (kezdete \u00e9s v\u00e9ge):\u00a0<\/span><\/b><span style=\"font-family: Arial;\">2005. j\u00fanius\u20132006. szeptember<\/span><br \/>\n<b><span style=\"font-family: Arial;\">C\u00e9lcsoport:\u00a0<\/span><\/b><span style=\"font-family: Arial;\">fels\u0151fok\u00fa v\u00e9gzetts\u00e9ggel rendelkez\u0151 p\u00e1lyakezd\u0151 munkan\u00e9lk\u00fcliek<\/span><\/p>\n<p><b><span style=\"font-family: Arial;\">A projekt tartalma<\/span><\/b><br \/>\n<span style=\"font-family: Arial;\">A projekt h\u00e1rom fontos elemb\u0151l \u00e1ll<\/span><\/p>\n<p><b><span style=\"font-family: Arial;\">1. K\u00e9pz\u00e9s<\/span><\/b><br \/>\n<span style=\"font-family: Arial;\">A projekt l\u00e9nyeges eleme a k\u00e9pz\u00e9s, amely k\u00e9t szintb\u0151l \u00e1ll. Az els\u0151 szintet egy alapoz\u00f3, gyakorlatorient\u00e1lt elm\u00e9leti k\u00e9pz\u00e9s jelenti, amelynek legfontosabb elemei szem\u00e9lyis\u00e9gfejleszt\u00e9s, vid\u00e9kfejleszt\u00e9s, k\u00f6z\u00f6ss\u00e9gi tervez\u00e9s, strat\u00e9giai tervez\u00e9s, projekttervez\u00e9s, projektk\u00e9sz\u00edt\u00e9s, eur\u00f3pai uni\u00f3s ismeretek, NFT I-NFT II programok.<\/span><br \/>\n<span style=\"font-family: Arial;\">A k\u00e9pz\u00e9s m\u00e1sodik szakasza az el\u0151re meghat\u00e1rozott szervezetekn\u00e9l t\u00f6lt\u00f6tt, munkatapasztalatot ad\u00f3 gyakorlati id\u0151.<\/span><\/p>\n<p><b><span style=\"font-family: Arial;\">2. Foglalkoztat\u00e1s<\/span><\/b><br \/>\n<span style=\"font-family: Arial;\">A foglalkoztat\u00e1si program 10 szem\u00e9ly sz\u00e1m\u00e1ra adott munkav\u00e9gz\u00e9si lehet\u0151s\u00e9get. A munk\u00e1ltat\u00f3 szervezet a CELODIN Zalai Alap\u00edtv\u00e1ny volt, amely a munk\u00e1ltat\u00f3i jogokat gyakorolta.<\/span><br \/>\n<span style=\"font-family: Arial;\">A gyakornoki munkav\u00e9gz\u00e9s azokn\u00e1l a szervezetekn\u00e9l t\u00f6rt\u00e9nt, amelyek egy\u00fcttm\u0171k\u00f6d\u00e9sben v\u00e1llalt\u00e1k a munkatapasztalat szerz\u00e9s\u00e9nek biztos\u00edt\u00e1s\u00e1t, \u00e9s ehhez megfelel\u0151 felt\u00e9teleket biztos\u00edtottak. A fiatalok feladata: p\u00e1ly\u00e1zatok k\u00e9sz\u00edt\u00e9se, menedzsel\u00e9se, elsz\u00e1mol\u00e1sa, partners\u00e9gi egy\u00fcttm\u0171k\u00f6d\u00e9sek er\u0151s\u00edt\u00e9se volt. A munkatapasztalat-szerz\u00e9s id\u0151tartama: 12 h\u00f3nap volt. Ezeken a munkahelyeken heti 4 napot t\u00f6lt\u00f6ttek a fiatalok. Heti egy napon a k\u00e9pz\u00e9s folytat\u00e1s\u00e1ra ker\u00fclt sor, ezeken a napokon a fiatalok seg\u00edts\u00e9get kaptak a p\u00e1ly\u00e1zatok k\u00e9sz\u00edt\u00e9s\u00e9hez, \u00e9s ekkor ker\u00fcltek megrendez\u00e9sre a tervez\u0151i m\u0171helyprogramok.<\/span><\/p>\n<p><b><span style=\"font-family: Arial;\">3. Tervez\u0151i m\u0171hely<\/span><\/b><br \/>\n<span style=\"font-family: Arial;\">A csoport tagjai l\u00e9trehozt\u00e1k a\u00a0<\/span><b><span style=\"font-family: Arial;\">T<\/span><\/b><span style=\"font-family: Arial;\">\u00e9rs\u00e9gi\u00a0<\/span><b><span style=\"font-family: Arial;\">I<\/span><\/b><span style=\"font-family: Arial;\">nnov\u00e1ci\u00f3s\u00a0<\/span><b><span style=\"font-family: Arial;\">M<\/span><\/b><span style=\"font-family: Arial;\">\u0171hely-t\u00a0<\/span><b><span style=\"font-family: Arial;\">(TIM).\u00a0<\/span><\/b><span style=\"font-family: Arial;\">A m\u0171hely v\u00e1llalt feladatai:<\/span><b><span style=\"font-family: Arial;\">\u00a0<\/span><\/b><span style=\"font-family: Arial;\">A t\u00e9rs\u00e9g programjainak fel\u00fclvizsg\u00e1lata, aktualiz\u00e1l\u00e1sa; t\u00e9rs\u00e9gi p\u00e1ly\u00e1zatok tervez\u00e9se, k\u00e9sz\u00edt\u00e9se; t\u00e9rs\u00e9gi Hazat\u00e9r\u00e9s Program elk\u00e9sz\u00edt\u00e9se.<\/span><\/p>\n<p><b><span style=\"font-family: Arial;\">A projekt eredm\u00e9nyei<\/span><\/b><br \/>\n<span style=\"font-family: Arial;\">A projekt \u00e1ltal el\u00e9rt eredm\u00e9nyek:<\/span><br \/>\n<span style=\"font-family: Arial;\">\u2212 A t\u00e9rs\u00e9gben 10 \u00faj munkahely j\u00f6tt l\u00e9tre, \u00edgy 10 fiatal szerzett 1 \u00e9ves szakmai gyakorlatot. A projektben foglalkoztatott 10 fiatalb\u00f3l 9 jelenleg is a t\u00e9rs\u00e9gben dolgozik.<\/span><br \/>\n<span style=\"font-family: Arial;\">\u2212 A \u201ehazat\u00e9r\u0151k\u201d k\u00f6z\u00f6tt van HVI irodavezet\u0151, LEADER-feladatokat ell\u00e1t\u00f3 munkaszervezet vezet\u0151, t\u00e9rs\u00e9gfejleszt\u0151 menedzser, es\u00e9lymenedzser, \u00f6nkorm\u00e1nyzati p\u00e1ly\u00e1zat\u00edr\u00f3 stb.<\/span><br \/>\n<span style=\"font-family: Arial;\">\u2212 L\u00e9trej\u00f6tt az a tervez\u0151i b\u00e1zis, amely az alapj\u00e1t k\u00e9pezi a tervez\u0151i m\u0171helyeknek, strat\u00e9giai tervez\u00e9seknek. A \u201ehazat\u00e9r\u0151k alkotj\u00e1k a t\u00e9rs\u00e9g fontosabb strat\u00e9giai \u00e9s operat\u00edv programjainak magj\u00e1t.<\/span><br \/>\n<span style=\"font-family: Arial;\">\u2212 A fiatalok megalkott\u00e1k a \u201eHazat\u00e9r\u00e9s!\u201d \u2013 strat\u00e9giai t\u00e9rs\u00e9gi programot, elk\u00e9sz\u00edtettek egy komplex, t\u00f6bb elemb\u0151l \u00e1ll\u00f3 projekttervet.<\/span><br \/>\n<span style=\"font-family: Arial;\">\u2212 L\u00e9trehozt\u00e1k a Zalai Hazat\u00e9r\u0151k Egyes\u00fclet\u00e9t.<\/span><br \/>\n<span style=\"font-family: Arial;\">\u2212 Valamennyi \u201ehazat\u00e9r\u0151\u201d a t\u00e9rs\u00e9gben telepedett le, \u00e9s a csal\u00e1dok most v\u00e1rj\u00e1k a hetedik kisbab\u00e1t!<\/span><\/p>\n<p><b><span style=\"font-family: Arial;\">Javaslatok:<\/span><\/b><br \/>\n<span style=\"font-family: Arial;\">Sz\u00fcks\u00e9g lenne a vid\u00e9ki t\u00e9rs\u00e9gek hum\u00e1n kapacit\u00e1s\u00e1nak n\u00f6vel\u00e9s\u00e9re, a fiatalok megtart\u00e1s\u00e1ra, a fiatalok leteleped\u00e9s\u00e9nek \u00f6szt\u00f6nz\u00e9s\u00e9re. Erre j\u00f3 m\u00f3dszer, ha a fiatalok olyan munkahelyeket tal\u00e1lnak, ahol megtal\u00e1lj\u00e1k sz\u00e1m\u00edt\u00e1sukat, \u00e9s azon t\u00fal gerjeszt\u0151i tudnak lenni a helyi fejl\u0151d\u00e9si folyamatoknak.<\/span><\/p>\n<p><span style=\"font-family: Arial;\">Ennek \u00e9rdek\u00e9ben olyan komplex vid\u00e9kfejleszt\u00e9si programokat kell kialak\u00edtani, amely t\u00f6bb elemb\u0151l \u00e1ll:<\/span><br \/>\n<span style=\"font-family: Arial;\">\u2013 K\u00e9pz\u00e9ssel kombin\u00e1lt foglalkoztat\u00e1si projektek, amelyek legal\u00e1bb 2\u20133 \u00e9vre sz\u00f3lnak, \u00e9s cs\u00f6kken\u0151 t\u00e1mogat\u00e1s biztos\u00edt\u00e1s\u00e1val k\u00e9sz\u00edtik fel a fiatalokat a foglalkoztat\u00e1sra.<\/span><br \/>\n<span style=\"font-family: Arial;\">\u2013 A vid\u00e9ken t\u00f6rt\u00e9n\u0151 leteleped\u00e9s t\u00e1mogat\u00e1sa: pl. kedvezm\u00e9nyes lak\u00e1sv\u00e1s\u00e1rl\u00e1si k\u00f6lcs\u00f6n, k\u00fcl\u00f6n\u00f6sen a h\u00e1tr\u00e1nyos helyzet\u0171 t\u00e9rs\u00e9gekben.<\/span><\/p>\n<p><span style=\"font-family: Arial;\">Zalaszentgr\u00f3t, 2009. m\u00e1jus 12.<\/span><\/p>\n","protected":false},"excerpt":{"rendered":"<p>A projekt megval\u00f3s\u00edt\u00f3 szervezet neve, c\u00edme: CELODIN Zalai Alap\u00edtv\u00e1ny, 8790 Zalaszentgr\u00f3t, D\u00f3zsa Gy\u00f6rgy utca 9. Tel.: 83\/360-693, 30\/529-8878 E-mail: info@celodinzala.hu<\/p>\n","protected":false},"author":273,"featured_media":3434,"comment_status":"open","ping_status":"open","sticky":false,"template":"","format":"standard","meta":{"_acf_changed":false,"footnotes":""},"categories":[600,8,7],"tags":[],"coauthors":[333],"class_list":["post-3391","post","type-post","status-publish","format-standard","has-post-thumbnail","hentry","category-parola-2009-2","category-parola-folyoirat","category-repertorium"],"acf":[],"yoast_head":"<!-- This site is optimized with the Yoast SEO plugin v26.7 - https:\/\/yoast.com\/wordpress\/plugins\/seo\/ -->\n<title>\u201eHAZAT\u00c9R\u00c9S\u201d \u2013 fiatalok foglalkoztat\u00e1sa a zalaszentgr\u00f3ti t\u00e9rs\u00e9gben \u2013 egy megval\u00f3s\u00edtott p\u00e1ly\u00e1zat tapasztalatai \u2013 - Parola Foly\u00f3irat<\/title>\n<meta name=\"robots\" content=\"index, follow, max-snippet:-1, max-image-preview:large, max-video-preview:-1\" \/>\n<link rel=\"canonical\" href=\"https:\/\/kofe.hu\/parola\/parola-folyoirat\/hazateres-fiatalok-foglalkoztatasa-a-zalaszentgroti-tersegben-egy-megvalositott-palyazat-tapasztalatai\/\" \/>\n<meta property=\"og:locale\" content=\"hu_HU\" \/>\n<meta property=\"og:type\" content=\"article\" \/>\n<meta property=\"og:title\" content=\"\u201eHAZAT\u00c9R\u00c9S\u201d \u2013 fiatalok foglalkoztat\u00e1sa a zalaszentgr\u00f3ti t\u00e9rs\u00e9gben \u2013 egy megval\u00f3s\u00edtott p\u00e1ly\u00e1zat tapasztalatai \u2013 - Parola Foly\u00f3irat\" \/>\n<meta property=\"og:description\" content=\"A projekt megval\u00f3s\u00edt\u00f3 szervezet neve, c\u00edme: CELODIN Zalai Alap\u00edtv\u00e1ny, 8790 Zalaszentgr\u00f3t, D\u00f3zsa Gy\u00f6rgy utca 9. Tel.: 83\/360-693, 30\/529-8878 E-mail: info@celodinzala.hu\" \/>\n<meta property=\"og:url\" content=\"https:\/\/kofe.hu\/parola\/parola-folyoirat\/hazateres-fiatalok-foglalkoztatasa-a-zalaszentgroti-tersegben-egy-megvalositott-palyazat-tapasztalatai\/\" \/>\n<meta property=\"og:site_name\" content=\"Parola Foly\u00f3irat\" \/>\n<meta property=\"article:published_time\" content=\"2020-07-11T14:31:33+00:00\" \/>\n<meta property=\"article:modified_time\" content=\"2020-07-30T11:58:01+00:00\" \/>\n<meta property=\"og:image\" content=\"https:\/\/kofe.hu\/parola\/wp-content\/uploads\/2020\/07\/09.2.jpeg\" \/>\n\t<meta property=\"og:image:width\" content=\"1297\" \/>\n\t<meta property=\"og:image:height\" content=\"1988\" \/>\n\t<meta property=\"og:image:type\" content=\"image\/jpeg\" \/>\n<meta name=\"author\" content=\"Guitprechtn\u00e9 Moln\u00e1r Erzs\u00e9bet\" \/>\n<meta name=\"twitter:card\" content=\"summary_large_image\" \/>\n<meta name=\"twitter:label1\" content=\"Szerz\u0151:\" \/>\n\t<meta name=\"twitter:data1\" content=\"Guitprechtn\u00e9 Moln\u00e1r Erzs\u00e9bet\" \/>\n\t<meta name=\"twitter:label2\" content=\"Becs\u00fclt olvas\u00e1si id\u0151\" \/>\n\t<meta name=\"twitter:data2\" content=\"5 perc\" \/>\n\t<meta name=\"twitter:label3\" content=\"Written by\" \/>\n\t<meta name=\"twitter:data3\" content=\"Guitprechtn\u00e9 Moln\u00e1r Erzs\u00e9bet\" \/>\n<script type=\"application\/ld+json\" class=\"yoast-schema-graph\">{\"@context\":\"https:\/\/schema.org\",\"@graph\":[{\"@type\":\"Article\",\"@id\":\"https:\/\/kofe.hu\/parola\/parola-folyoirat\/hazateres-fiatalok-foglalkoztatasa-a-zalaszentgroti-tersegben-egy-megvalositott-palyazat-tapasztalatai\/#article\",\"isPartOf\":{\"@id\":\"https:\/\/kofe.hu\/parola\/parola-folyoirat\/hazateres-fiatalok-foglalkoztatasa-a-zalaszentgroti-tersegben-egy-megvalositott-palyazat-tapasztalatai\/\"},\"author\":{\"name\":\"Guitprechtn\u00e9 Moln\u00e1r Erzs\u00e9bet\",\"@id\":\"https:\/\/kofe.hu\/parola\/#\/schema\/person\/1a7489e8d30779e1e209fd50869b456a\"},\"headline\":\"\u201eHAZAT\u00c9R\u00c9S\u201d \u2013 fiatalok foglalkoztat\u00e1sa a zalaszentgr\u00f3ti t\u00e9rs\u00e9gben \u2013 egy megval\u00f3s\u00edtott p\u00e1ly\u00e1zat tapasztalatai \u2013\",\"datePublished\":\"2020-07-11T14:31:33+00:00\",\"dateModified\":\"2020-07-30T11:58:01+00:00\",\"mainEntityOfPage\":{\"@id\":\"https:\/\/kofe.hu\/parola\/parola-folyoirat\/hazateres-fiatalok-foglalkoztatasa-a-zalaszentgroti-tersegben-egy-megvalositott-palyazat-tapasztalatai\/\"},\"wordCount\":977,\"commentCount\":0,\"image\":{\"@id\":\"https:\/\/kofe.hu\/parola\/parola-folyoirat\/hazateres-fiatalok-foglalkoztatasa-a-zalaszentgroti-tersegben-egy-megvalositott-palyazat-tapasztalatai\/#primaryimage\"},\"thumbnailUrl\":\"https:\/\/kofe.hu\/parola\/wp-content\/uploads\/2020\/07\/09.2.jpeg\",\"articleSection\":[\"Parola 2009\/2\",\"Parola Foly\u00f3irat\",\"Repert\u00f3rium\"],\"inLanguage\":\"hu\",\"potentialAction\":[{\"@type\":\"CommentAction\",\"name\":\"Comment\",\"target\":[\"https:\/\/kofe.hu\/parola\/parola-folyoirat\/hazateres-fiatalok-foglalkoztatasa-a-zalaszentgroti-tersegben-egy-megvalositott-palyazat-tapasztalatai\/#respond\"]}]},{\"@type\":\"WebPage\",\"@id\":\"https:\/\/kofe.hu\/parola\/parola-folyoirat\/hazateres-fiatalok-foglalkoztatasa-a-zalaszentgroti-tersegben-egy-megvalositott-palyazat-tapasztalatai\/\",\"url\":\"https:\/\/kofe.hu\/parola\/parola-folyoirat\/hazateres-fiatalok-foglalkoztatasa-a-zalaszentgroti-tersegben-egy-megvalositott-palyazat-tapasztalatai\/\",\"name\":\"\u201eHAZAT\u00c9R\u00c9S\u201d \u2013 fiatalok foglalkoztat\u00e1sa a zalaszentgr\u00f3ti t\u00e9rs\u00e9gben \u2013 egy megval\u00f3s\u00edtott p\u00e1ly\u00e1zat tapasztalatai \u2013 - Parola Foly\u00f3irat\",\"isPartOf\":{\"@id\":\"https:\/\/kofe.hu\/parola\/#website\"},\"primaryImageOfPage\":{\"@id\":\"https:\/\/kofe.hu\/parola\/parola-folyoirat\/hazateres-fiatalok-foglalkoztatasa-a-zalaszentgroti-tersegben-egy-megvalositott-palyazat-tapasztalatai\/#primaryimage\"},\"image\":{\"@id\":\"https:\/\/kofe.hu\/parola\/parola-folyoirat\/hazateres-fiatalok-foglalkoztatasa-a-zalaszentgroti-tersegben-egy-megvalositott-palyazat-tapasztalatai\/#primaryimage\"},\"thumbnailUrl\":\"https:\/\/kofe.hu\/parola\/wp-content\/uploads\/2020\/07\/09.2.jpeg\",\"datePublished\":\"2020-07-11T14:31:33+00:00\",\"dateModified\":\"2020-07-30T11:58:01+00:00\",\"author\":{\"@id\":\"https:\/\/kofe.hu\/parola\/#\/schema\/person\/1a7489e8d30779e1e209fd50869b456a\"},\"breadcrumb\":{\"@id\":\"https:\/\/kofe.hu\/parola\/parola-folyoirat\/hazateres-fiatalok-foglalkoztatasa-a-zalaszentgroti-tersegben-egy-megvalositott-palyazat-tapasztalatai\/#breadcrumb\"},\"inLanguage\":\"hu\",\"potentialAction\":[{\"@type\":\"ReadAction\",\"target\":[\"https:\/\/kofe.hu\/parola\/parola-folyoirat\/hazateres-fiatalok-foglalkoztatasa-a-zalaszentgroti-tersegben-egy-megvalositott-palyazat-tapasztalatai\/\"]}]},{\"@type\":\"ImageObject\",\"inLanguage\":\"hu\",\"@id\":\"https:\/\/kofe.hu\/parola\/parola-folyoirat\/hazateres-fiatalok-foglalkoztatasa-a-zalaszentgroti-tersegben-egy-megvalositott-palyazat-tapasztalatai\/#primaryimage\",\"url\":\"https:\/\/kofe.hu\/parola\/wp-content\/uploads\/2020\/07\/09.2.jpeg\",\"contentUrl\":\"https:\/\/kofe.hu\/parola\/wp-content\/uploads\/2020\/07\/09.2.jpeg\",\"width\":1297,\"height\":1988},{\"@type\":\"BreadcrumbList\",\"@id\":\"https:\/\/kofe.hu\/parola\/parola-folyoirat\/hazateres-fiatalok-foglalkoztatasa-a-zalaszentgroti-tersegben-egy-megvalositott-palyazat-tapasztalatai\/#breadcrumb\",\"itemListElement\":[{\"@type\":\"ListItem\",\"position\":1,\"name\":\"Home\",\"item\":\"https:\/\/kofe.hu\/parola\/\"},{\"@type\":\"ListItem\",\"position\":2,\"name\":\"\u201eHAZAT\u00c9R\u00c9S\u201d \u2013 fiatalok foglalkoztat\u00e1sa a zalaszentgr\u00f3ti t\u00e9rs\u00e9gben \u2013 egy megval\u00f3s\u00edtott p\u00e1ly\u00e1zat tapasztalatai \u2013\"}]},{\"@type\":\"WebSite\",\"@id\":\"https:\/\/kofe.hu\/parola\/#website\",\"url\":\"https:\/\/kofe.hu\/parola\/\",\"name\":\"Parola Foly\u00f3irat\",\"description\":\"\",\"potentialAction\":[{\"@type\":\"SearchAction\",\"target\":{\"@type\":\"EntryPoint\",\"urlTemplate\":\"https:\/\/kofe.hu\/parola\/?s={search_term_string}\"},\"query-input\":{\"@type\":\"PropertyValueSpecification\",\"valueRequired\":true,\"valueName\":\"search_term_string\"}}],\"inLanguage\":\"hu\"},{\"@type\":\"Person\",\"@id\":\"https:\/\/kofe.hu\/parola\/#\/schema\/person\/1a7489e8d30779e1e209fd50869b456a\",\"name\":\"Guitprechtn\u00e9 Moln\u00e1r Erzs\u00e9bet\",\"image\":{\"@type\":\"ImageObject\",\"inLanguage\":\"hu\",\"@id\":\"https:\/\/kofe.hu\/parola\/#\/schema\/person\/image\/970fa55e1549593454ae926c2fee15ee\",\"url\":\"https:\/\/secure.gravatar.com\/avatar\/b163238df911b76943335f9c3ca5c9ab508d0e826984a1a1b1300c4f83a7d5a6?s=96&d=mm&r=g\",\"contentUrl\":\"https:\/\/secure.gravatar.com\/avatar\/b163238df911b76943335f9c3ca5c9ab508d0e826984a1a1b1300c4f83a7d5a6?s=96&d=mm&r=g\",\"caption\":\"Guitprechtn\u00e9 Moln\u00e1r Erzs\u00e9bet\"},\"url\":\"https:\/\/kofe.hu\/parola\/szerzok\/guitprechtne-molnar-erzsebet\/\"}]}<\/script>\n<!-- \/ Yoast SEO plugin. -->","yoast_head_json":{"title":"\u201eHAZAT\u00c9R\u00c9S\u201d \u2013 fiatalok foglalkoztat\u00e1sa a zalaszentgr\u00f3ti t\u00e9rs\u00e9gben \u2013 egy megval\u00f3s\u00edtott p\u00e1ly\u00e1zat tapasztalatai \u2013 - Parola Foly\u00f3irat","robots":{"index":"index","follow":"follow","max-snippet":"max-snippet:-1","max-image-preview":"max-image-preview:large","max-video-preview":"max-video-preview:-1"},"canonical":"https:\/\/kofe.hu\/parola\/parola-folyoirat\/hazateres-fiatalok-foglalkoztatasa-a-zalaszentgroti-tersegben-egy-megvalositott-palyazat-tapasztalatai\/","og_locale":"hu_HU","og_type":"article","og_title":"\u201eHAZAT\u00c9R\u00c9S\u201d \u2013 fiatalok foglalkoztat\u00e1sa a zalaszentgr\u00f3ti t\u00e9rs\u00e9gben \u2013 egy megval\u00f3s\u00edtott p\u00e1ly\u00e1zat tapasztalatai \u2013 - Parola Foly\u00f3irat","og_description":"A projekt megval\u00f3s\u00edt\u00f3 szervezet neve, c\u00edme: CELODIN Zalai Alap\u00edtv\u00e1ny, 8790 Zalaszentgr\u00f3t, D\u00f3zsa Gy\u00f6rgy utca 9. Tel.: 83\/360-693, 30\/529-8878 E-mail: info@celodinzala.hu","og_url":"https:\/\/kofe.hu\/parola\/parola-folyoirat\/hazateres-fiatalok-foglalkoztatasa-a-zalaszentgroti-tersegben-egy-megvalositott-palyazat-tapasztalatai\/","og_site_name":"Parola Foly\u00f3irat","article_published_time":"2020-07-11T14:31:33+00:00","article_modified_time":"2020-07-30T11:58:01+00:00","og_image":[{"width":1297,"height":1988,"url":"https:\/\/kofe.hu\/parola\/wp-content\/uploads\/2020\/07\/09.2.jpeg","type":"image\/jpeg"}],"author":"Guitprechtn\u00e9 Moln\u00e1r Erzs\u00e9bet","twitter_card":"summary_large_image","twitter_misc":{"Szerz\u0151:":"Guitprechtn\u00e9 Moln\u00e1r Erzs\u00e9bet","Becs\u00fclt olvas\u00e1si id\u0151":"5 perc","Written by":"Guitprechtn\u00e9 Moln\u00e1r Erzs\u00e9bet"},"schema":{"@context":"https:\/\/schema.org","@graph":[{"@type":"Article","@id":"https:\/\/kofe.hu\/parola\/parola-folyoirat\/hazateres-fiatalok-foglalkoztatasa-a-zalaszentgroti-tersegben-egy-megvalositott-palyazat-tapasztalatai\/#article","isPartOf":{"@id":"https:\/\/kofe.hu\/parola\/parola-folyoirat\/hazateres-fiatalok-foglalkoztatasa-a-zalaszentgroti-tersegben-egy-megvalositott-palyazat-tapasztalatai\/"},"author":{"name":"Guitprechtn\u00e9 Moln\u00e1r Erzs\u00e9bet","@id":"https:\/\/kofe.hu\/parola\/#\/schema\/person\/1a7489e8d30779e1e209fd50869b456a"},"headline":"\u201eHAZAT\u00c9R\u00c9S\u201d \u2013 fiatalok foglalkoztat\u00e1sa a zalaszentgr\u00f3ti t\u00e9rs\u00e9gben \u2013 egy megval\u00f3s\u00edtott p\u00e1ly\u00e1zat tapasztalatai \u2013","datePublished":"2020-07-11T14:31:33+00:00","dateModified":"2020-07-30T11:58:01+00:00","mainEntityOfPage":{"@id":"https:\/\/kofe.hu\/parola\/parola-folyoirat\/hazateres-fiatalok-foglalkoztatasa-a-zalaszentgroti-tersegben-egy-megvalositott-palyazat-tapasztalatai\/"},"wordCount":977,"commentCount":0,"image":{"@id":"https:\/\/kofe.hu\/parola\/parola-folyoirat\/hazateres-fiatalok-foglalkoztatasa-a-zalaszentgroti-tersegben-egy-megvalositott-palyazat-tapasztalatai\/#primaryimage"},"thumbnailUrl":"https:\/\/kofe.hu\/parola\/wp-content\/uploads\/2020\/07\/09.2.jpeg","articleSection":["Parola 2009\/2","Parola Foly\u00f3irat","Repert\u00f3rium"],"inLanguage":"hu","potentialAction":[{"@type":"CommentAction","name":"Comment","target":["https:\/\/kofe.hu\/parola\/parola-folyoirat\/hazateres-fiatalok-foglalkoztatasa-a-zalaszentgroti-tersegben-egy-megvalositott-palyazat-tapasztalatai\/#respond"]}]},{"@type":"WebPage","@id":"https:\/\/kofe.hu\/parola\/parola-folyoirat\/hazateres-fiatalok-foglalkoztatasa-a-zalaszentgroti-tersegben-egy-megvalositott-palyazat-tapasztalatai\/","url":"https:\/\/kofe.hu\/parola\/parola-folyoirat\/hazateres-fiatalok-foglalkoztatasa-a-zalaszentgroti-tersegben-egy-megvalositott-palyazat-tapasztalatai\/","name":"\u201eHAZAT\u00c9R\u00c9S\u201d \u2013 fiatalok foglalkoztat\u00e1sa a zalaszentgr\u00f3ti t\u00e9rs\u00e9gben \u2013 egy megval\u00f3s\u00edtott p\u00e1ly\u00e1zat tapasztalatai \u2013 - Parola Foly\u00f3irat","isPartOf":{"@id":"https:\/\/kofe.hu\/parola\/#website"},"primaryImageOfPage":{"@id":"https:\/\/kofe.hu\/parola\/parola-folyoirat\/hazateres-fiatalok-foglalkoztatasa-a-zalaszentgroti-tersegben-egy-megvalositott-palyazat-tapasztalatai\/#primaryimage"},"image":{"@id":"https:\/\/kofe.hu\/parola\/parola-folyoirat\/hazateres-fiatalok-foglalkoztatasa-a-zalaszentgroti-tersegben-egy-megvalositott-palyazat-tapasztalatai\/#primaryimage"},"thumbnailUrl":"https:\/\/kofe.hu\/parola\/wp-content\/uploads\/2020\/07\/09.2.jpeg","datePublished":"2020-07-11T14:31:33+00:00","dateModified":"2020-07-30T11:58:01+00:00","author":{"@id":"https:\/\/kofe.hu\/parola\/#\/schema\/person\/1a7489e8d30779e1e209fd50869b456a"},"breadcrumb":{"@id":"https:\/\/kofe.hu\/parola\/parola-folyoirat\/hazateres-fiatalok-foglalkoztatasa-a-zalaszentgroti-tersegben-egy-megvalositott-palyazat-tapasztalatai\/#breadcrumb"},"inLanguage":"hu","potentialAction":[{"@type":"ReadAction","target":["https:\/\/kofe.hu\/parola\/parola-folyoirat\/hazateres-fiatalok-foglalkoztatasa-a-zalaszentgroti-tersegben-egy-megvalositott-palyazat-tapasztalatai\/"]}]},{"@type":"ImageObject","inLanguage":"hu","@id":"https:\/\/kofe.hu\/parola\/parola-folyoirat\/hazateres-fiatalok-foglalkoztatasa-a-zalaszentgroti-tersegben-egy-megvalositott-palyazat-tapasztalatai\/#primaryimage","url":"https:\/\/kofe.hu\/parola\/wp-content\/uploads\/2020\/07\/09.2.jpeg","contentUrl":"https:\/\/kofe.hu\/parola\/wp-content\/uploads\/2020\/07\/09.2.jpeg","width":1297,"height":1988},{"@type":"BreadcrumbList","@id":"https:\/\/kofe.hu\/parola\/parola-folyoirat\/hazateres-fiatalok-foglalkoztatasa-a-zalaszentgroti-tersegben-egy-megvalositott-palyazat-tapasztalatai\/#breadcrumb","itemListElement":[{"@type":"ListItem","position":1,"name":"Home","item":"https:\/\/kofe.hu\/parola\/"},{"@type":"ListItem","position":2,"name":"\u201eHAZAT\u00c9R\u00c9S\u201d \u2013 fiatalok foglalkoztat\u00e1sa a zalaszentgr\u00f3ti t\u00e9rs\u00e9gben \u2013 egy megval\u00f3s\u00edtott p\u00e1ly\u00e1zat tapasztalatai \u2013"}]},{"@type":"WebSite","@id":"https:\/\/kofe.hu\/parola\/#website","url":"https:\/\/kofe.hu\/parola\/","name":"Parola Foly\u00f3irat","description":"","potentialAction":[{"@type":"SearchAction","target":{"@type":"EntryPoint","urlTemplate":"https:\/\/kofe.hu\/parola\/?s={search_term_string}"},"query-input":{"@type":"PropertyValueSpecification","valueRequired":true,"valueName":"search_term_string"}}],"inLanguage":"hu"},{"@type":"Person","@id":"https:\/\/kofe.hu\/parola\/#\/schema\/person\/1a7489e8d30779e1e209fd50869b456a","name":"Guitprechtn\u00e9 Moln\u00e1r Erzs\u00e9bet","image":{"@type":"ImageObject","inLanguage":"hu","@id":"https:\/\/kofe.hu\/parola\/#\/schema\/person\/image\/970fa55e1549593454ae926c2fee15ee","url":"https:\/\/secure.gravatar.com\/avatar\/b163238df911b76943335f9c3ca5c9ab508d0e826984a1a1b1300c4f83a7d5a6?s=96&d=mm&r=g","contentUrl":"https:\/\/secure.gravatar.com\/avatar\/b163238df911b76943335f9c3ca5c9ab508d0e826984a1a1b1300c4f83a7d5a6?s=96&d=mm&r=g","caption":"Guitprechtn\u00e9 Moln\u00e1r Erzs\u00e9bet"},"url":"https:\/\/kofe.hu\/parola\/szerzok\/guitprechtne-molnar-erzsebet\/"}]}},"_links":{"self":[{"href":"https:\/\/kofe.hu\/parola\/wp-json\/wp\/v2\/posts\/3391","targetHints":{"allow":["GET"]}}],"collection":[{"href":"https:\/\/kofe.hu\/parola\/wp-json\/wp\/v2\/posts"}],"about":[{"href":"https:\/\/kofe.hu\/parola\/wp-json\/wp\/v2\/types\/post"}],"author":[{"embeddable":true,"href":"https:\/\/kofe.hu\/parola\/wp-json\/wp\/v2\/users\/273"}],"replies":[{"embeddable":true,"href":"https:\/\/kofe.hu\/parola\/wp-json\/wp\/v2\/comments?post=3391"}],"version-history":[{"count":3,"href":"https:\/\/kofe.hu\/parola\/wp-json\/wp\/v2\/posts\/3391\/revisions"}],"predecessor-version":[{"id":4204,"href":"https:\/\/kofe.hu\/parola\/wp-json\/wp\/v2\/posts\/3391\/revisions\/4204"}],"wp:featuredmedia":[{"embeddable":true,"href":"https:\/\/kofe.hu\/parola\/wp-json\/wp\/v2\/media\/3434"}],"wp:attachment":[{"href":"https:\/\/kofe.hu\/parola\/wp-json\/wp\/v2\/media?parent=3391"}],"wp:term":[{"taxonomy":"category","embeddable":true,"href":"https:\/\/kofe.hu\/parola\/wp-json\/wp\/v2\/categories?post=3391"},{"taxonomy":"post_tag","embeddable":true,"href":"https:\/\/kofe.hu\/parola\/wp-json\/wp\/v2\/tags?post=3391"},{"taxonomy":"author","embeddable":true,"href":"https:\/\/kofe.hu\/parola\/wp-json\/wp\/v2\/coauthors?post=3391"}],"curies":[{"name":"wp","href":"https:\/\/api.w.org\/{rel}","templated":true}]}}