{"id":3389,"date":"2020-07-11T14:30:06","date_gmt":"2020-07-11T14:30:06","guid":{"rendered":"https:\/\/kofe.hu\/parola\/?p=3389"},"modified":"2020-07-30T11:57:42","modified_gmt":"2020-07-30T11:57:42","slug":"tapasztalatcsere-kozossegi-kezdemenyezeseket-tamogato-orszagos-halozat-orszagos-fejlesztesi-muhelye-zalaban-koordinator-programfelelos-felso-kiskunsagi-kozossegi-munkasok-egyesulete-helyi-szervezo","status":"publish","type":"post","link":"https:\/\/kofe.hu\/parola\/parola-folyoirat\/tapasztalatcsere-kozossegi-kezdemenyezeseket-tamogato-orszagos-halozat-orszagos-fejlesztesi-muhelye-zalaban-koordinator-programfelelos-felso-kiskunsagi-kozossegi-munkasok-egyesulete-helyi-szervezo\/","title":{"rendered":"Tapasztalatcsere K\u00f6z\u00f6ss\u00e9gi kezdem\u00e9nyez\u00e9seket t\u00e1mogat\u00f3 orsz\u00e1gos h\u00e1l\u00f3zat Orsz\u00e1gos Fejleszt\u00e9si M\u0171helye Zal\u00e1ban Koordin\u00e1tor, programfelel\u0151s: Fels\u0151-kiskuns\u00e1gi K\u00f6z\u00f6ss\u00e9gi Munk\u00e1sok Egyes\u00fclete Helyi szervez\u0151: Zalai Falvak\u00e9rt Egyes\u00fclet Szektorok k\u00f6z\u00f6tti egy\u00fcttm\u0171k\u00f6d\u00e9si lehet\u0151s\u00e9gek szoci\u00e1lis ter\u00fcleten"},"content":{"rendered":"<p style=\"text-align: justify;\"><span style=\"font-family: Arial;\">Program:<\/span><\/p>\n<p><b><span style=\"font-family: Arial;\">2009. m\u00e1jus 11. h\u00e9tf\u0151<\/span><\/b><br \/>\n<span style=\"font-family: Arial;\">\u00c9rkez\u00e9s 11 \u00f3ra k\u00f6r\u00fcl Zalaegerszegre.<\/span><br \/>\n<span style=\"font-family: Arial;\">Tal\u00e1lkoz\u00e1s: Zalaegerszeg, K\u00e9zm\u0171vesek H\u00e1za (G\u00e9b\u00e1rti t\u00f3 partj\u00e1n)<\/span><br \/>\n<span style=\"font-family: Arial;\">\u00dcdv\u00f6zl\u00fcnk Zal\u00e1ban! A Zalai Falvak\u00e9rt Egyes\u00fclet bemutat\u00e1sa: Szedern\u00e9 Kummer M\u00e1ria, titk\u00e1r<\/span><br \/>\n<!--more--><br \/>\n<span style=\"font-family: Arial;\">12.30 Eb\u00e9d a K\u00e9zm\u0171vesek H\u00e1z\u00e1ban<\/span><\/p>\n<p style=\"text-align: justify;\"><span style=\"font-family: Arial;\">14.00 Hagyom\u00e1ny, \u00e9rt\u00e9k, k\u00f6z\u00f6ss\u00e9g, meg\u00e9lhet\u00e9s<\/span><\/p>\n<p style=\"text-align: justify;\"><span style=\"font-family: Arial;\">A H\u00e1zgazda \u2013 Zala Megyei N\u00e9pm\u0171v\u00e9szeti Egyes\u00fclet, Skrabut \u00c9va eln\u00f6k<\/span><\/p>\n<p style=\"text-align: justify;\"><span style=\"font-family: Arial;\">16.15 Program- \u00e9s \u00fatvonal egyeztet\u00e9s, majd indul\u00e1s N\u00e9meth J\u00e1nos birodalm\u00e1ba, a Hagy\u00e1rosb\u00f6r\u00f6ndi Hagyom\u00e1ny\u0151rz\u0151 Fam\u0171vesekhez a Fajank\u00f3khoz.<\/span><\/p>\n<p style=\"text-align: justify;\"><span style=\"font-family: Arial;\">www.hagyarosborond.hu, czudar.nemeth@freemail.hu<\/span><\/p>\n<p style=\"text-align: justify;\"><span style=\"font-family: Arial;\">18.00 G\u00f6cseji \u00edzek, becsv\u00f6lgyei emberek \u2013 hagyom\u00e1ny\u0151rz\u00e9s, \u00e9rt\u00e9kteremt\u00e9s, j\u00f6vedelem\u2026 k\u00fcl\u00f6n-k\u00fcl\u00f6n, de egy\u00fctt is \u00e9rv\u00e9nyes.<\/span><br \/>\n<span style=\"font-family: Arial;\">Hagyom\u00e1nyos helyi term\u00e9kek piaca a termel\u00e9st\u0151l a feldolgoz\u00e1son \u00e1t az \u00e9rt\u00e9kes\u00edt\u00e9sig.<\/span><br \/>\n<span style=\"font-family: Arial;\">Tal\u00e1lkoz\u00e1s Magai \u00c1gota polg\u00e1rmesterrel \u00e9s a helyi termel\u0151kkel.<\/span><\/p>\n<p style=\"text-align: justify;\"><span style=\"font-family: Arial;\">20.00 Vacsora a Faluh\u00e1zban, Miszori J\u00f3zsef, a Kandik\u00f3 Vend\u00e9gh\u00e1z tulajdonosa<\/span><\/p>\n<p><b><span style=\"font-family: Arial;\">Sz\u00e1ll\u00e1s: Zalacs\u00e9b, Malomtanya www.hotels.hu\/malomtanya<\/span><\/b><\/p>\n<p><b><span style=\"font-family: Arial;\">M\u00e1jus 12. kedd<\/span><\/b><br \/>\n<span style=\"font-family: Arial;\">\u00c9breszt\u0151, reggeli \u00e9s elk\u00f6sz\u00f6n\u00e9s Szabolcs\u00e9kt\u00f3l, a h\u00e1zigazd\u00e1kt\u00f3l<\/span><br \/>\n<span style=\"font-family: Arial;\">A tov\u00e1bbi programok helysz\u00edne: G\u00e9b\u00e1rt K\u00e9zm\u0171vesek H\u00e1za, Zalaegerszeg<\/span><\/p>\n<p style=\"text-align: justify;\"><span style=\"font-family: Arial;\">10.00 Zalaszentgr\u00f3ti kist\u00e9rs\u00e9gben a fiatal diplom\u00e1sok hazat\u00e9r\u00e9s\u00e9\u00e9rt, megtart\u00e1s\u00e1\u00e9rt, foglalkoztat\u00e1s\u00e1\u00e9rt egy sikeres programot ind\u00edtottak el. A program eredm\u00e9nyei l\u00e1that\u00f3k, tapasztalhat\u00f3k, tov\u00e1bbfejleszthet\u0151k!<\/span><br \/>\n<span style=\"font-family: Arial;\">Bemutatkozik Zalai Hazat\u00e9r\u0151k Egyes\u00fclete\u2026<\/span><br \/>\n<span style=\"font-family: Arial;\">Guitprechtn\u00e9 Moln\u00e1r Erzs\u00e9bet (ZFE eln\u00f6ke) \u00f6tletgazda \u00e9s egy Hazat\u00e9r\u0151<\/span><\/p>\n<p style=\"text-align: justify;\"><span style=\"font-family: Arial;\">11.30 Az OFA t\u00e1mogat\u00e1ssal a Nyugat-dun\u00e1nt\u00fali r\u00e9gi\u00f3ban k\u00e9t nyertes k\u00f6z\u00f6ss\u00e9g alak\u00edthatott szoci\u00e1lis sz\u00f6vetkezetet. Az egyik k\u00f6z\u00fcl\u00fck a Zalai IDEA Szoci\u00e1lis Sz\u00f6vetkezet. A gondolatt\u00f3l a megval\u00f3s\u00edt\u00e1sig\u2026 Illy\u00e9s D\u00f3ra eln\u00f6k<\/span><\/p>\n<p style=\"text-align: justify;\"><span style=\"font-family: Arial;\">13 \u00f3ra Eb\u00e9d<\/span><\/p>\n<p style=\"text-align: justify;\"><span style=\"font-family: Arial;\">14 \u00f3ra visszajelz\u00e9s a tapasztalatokr\u00f3l. A h\u00e1rom k\u00fcls\u0151 helysz\u00ednen (Kunb\u00e1bony, Kom\u00e1rom, Zala) megval\u00f3s\u00edtott OFM \u00e9rt\u00e9kel\u00e9se. Moder\u00e1tor: M\u00e9sz\u00e1ros Zsuzsa<\/span><\/p>\n<p style=\"text-align: justify;\"><span style=\"font-family: Arial;\">15-15.30 A program z\u00e1r\u00e1sa. Hazautaz\u00e1s<\/span><\/p>\n<div style=\"text-align: justify;\" align=\"center\"><span style=\"font-family: Arial;\">\u00dcdv\u00f6zlettel:<\/span><\/div>\n<table border=\"0\" cellspacing=\"0\" cellpadding=\"0\">\n<tbody>\n<tr valign=\"top\">\n<td width=\"331\">\n<div align=\"center\"><span style=\"font-family: Arial;\">M\u00e9sz\u00e1ros Zsuzsa<\/span><br \/>\n<span style=\"font-family: Arial;\">Fels\u0151-Kiskuns\u00e1gi K\u00f6z\u00f6ss\u00e9gi Munk\u00e1sok Egyes\u00fclete<\/span><br \/>\n<span style=\"font-family: Arial;\">Tel.: 30\/627-2496<\/span><\/div>\n<\/td>\n<td width=\"24\"><img loading=\"lazy\" decoding=\"async\" src=\"http:\/\/kka.hu\/icons\/ecblank.gif\" alt=\"\" width=\"1\" height=\"1\" border=\"0\" \/><\/td>\n<td width=\"334\">\n<div align=\"center\"><span style=\"font-family: Arial;\">Szedern\u00e9 Kummer M\u00e1ria<\/span><br \/>\n<span style=\"font-family: Arial;\">Zalai Falvak\u00e9rt Egyes\u00fclet<\/span><br \/>\n<span style=\"font-family: Arial;\">Tel.: 30\/997-1681<\/span><\/div>\n<\/td>\n<\/tr>\n<\/tbody>\n<\/table>\n<p style=\"text-align: justify;\"><span style=\"font-family: Arial;\">2009. \u00e1prilis 17.<\/span><\/p>\n<div style=\"text-align: justify;\" align=\"center\"><b><span style=\"font-family: Book Antiqua;\">A program t\u00e1mogat\u00f3ja: NCA-\u00d6NSZ-O8<\/span><\/b><\/div>\n","protected":false},"excerpt":{"rendered":"<p>Program: 2009. m\u00e1jus 11. h\u00e9tf\u0151 \u00c9rkez\u00e9s 11 \u00f3ra k\u00f6r\u00fcl Zalaegerszegre. Tal\u00e1lkoz\u00e1s: Zalaegerszeg, K\u00e9zm\u0171vesek H\u00e1za (G\u00e9b\u00e1rti t\u00f3 partj\u00e1n) \u00dcdv\u00f6zl\u00fcnk Zal\u00e1ban! A Zalai Falvak\u00e9rt Egyes\u00fclet bemutat\u00e1sa: Szedern\u00e9 Kummer M\u00e1ria, titk\u00e1r<\/p>\n","protected":false},"author":454,"featured_media":3434,"comment_status":"open","ping_status":"open","sticky":false,"template":"","format":"standard","meta":{"_acf_changed":false,"footnotes":""},"categories":[600,8,7],"tags":[],"coauthors":[604,30],"class_list":["post-3389","post","type-post","status-publish","format-standard","has-post-thumbnail","hentry","category-parola-2009-2","category-parola-folyoirat","category-repertorium"],"acf":[],"yoast_head":"<!-- This site is optimized with the Yoast SEO plugin v26.7 - https:\/\/yoast.com\/wordpress\/plugins\/seo\/ -->\n<title>Tapasztalatcsere K\u00f6z\u00f6ss\u00e9gi kezdem\u00e9nyez\u00e9seket t\u00e1mogat\u00f3 orsz\u00e1gos h\u00e1l\u00f3zat Orsz\u00e1gos Fejleszt\u00e9si M\u0171helye Zal\u00e1ban Koordin\u00e1tor, programfelel\u0151s: Fels\u0151-kiskuns\u00e1gi K\u00f6z\u00f6ss\u00e9gi Munk\u00e1sok Egyes\u00fclete Helyi szervez\u0151: Zalai Falvak\u00e9rt Egyes\u00fclet Szektorok k\u00f6z\u00f6tti egy\u00fcttm\u0171k\u00f6d\u00e9si lehet\u0151s\u00e9gek szoci\u00e1lis ter\u00fcleten - Parola Foly\u00f3irat<\/title>\n<meta name=\"robots\" content=\"index, follow, max-snippet:-1, max-image-preview:large, max-video-preview:-1\" \/>\n<link rel=\"canonical\" href=\"https:\/\/kofe.hu\/parola\/parola-folyoirat\/tapasztalatcsere-kozossegi-kezdemenyezeseket-tamogato-orszagos-halozat-orszagos-fejlesztesi-muhelye-zalaban-koordinator-programfelelos-felso-kiskunsagi-kozossegi-munkasok-egyesulete-helyi-szervezo\/\" \/>\n<meta property=\"og:locale\" content=\"hu_HU\" \/>\n<meta property=\"og:type\" content=\"article\" \/>\n<meta property=\"og:title\" content=\"Tapasztalatcsere K\u00f6z\u00f6ss\u00e9gi kezdem\u00e9nyez\u00e9seket t\u00e1mogat\u00f3 orsz\u00e1gos h\u00e1l\u00f3zat Orsz\u00e1gos Fejleszt\u00e9si M\u0171helye Zal\u00e1ban Koordin\u00e1tor, programfelel\u0151s: Fels\u0151-kiskuns\u00e1gi K\u00f6z\u00f6ss\u00e9gi Munk\u00e1sok Egyes\u00fclete Helyi szervez\u0151: Zalai Falvak\u00e9rt Egyes\u00fclet Szektorok k\u00f6z\u00f6tti egy\u00fcttm\u0171k\u00f6d\u00e9si lehet\u0151s\u00e9gek szoci\u00e1lis ter\u00fcleten - Parola Foly\u00f3irat\" \/>\n<meta property=\"og:description\" content=\"Program: 2009. m\u00e1jus 11. h\u00e9tf\u0151 \u00c9rkez\u00e9s 11 \u00f3ra k\u00f6r\u00fcl Zalaegerszegre. Tal\u00e1lkoz\u00e1s: Zalaegerszeg, K\u00e9zm\u0171vesek H\u00e1za (G\u00e9b\u00e1rti t\u00f3 partj\u00e1n) \u00dcdv\u00f6zl\u00fcnk Zal\u00e1ban! A Zalai Falvak\u00e9rt Egyes\u00fclet bemutat\u00e1sa: Szedern\u00e9 Kummer M\u00e1ria, titk\u00e1r\" \/>\n<meta property=\"og:url\" content=\"https:\/\/kofe.hu\/parola\/parola-folyoirat\/tapasztalatcsere-kozossegi-kezdemenyezeseket-tamogato-orszagos-halozat-orszagos-fejlesztesi-muhelye-zalaban-koordinator-programfelelos-felso-kiskunsagi-kozossegi-munkasok-egyesulete-helyi-szervezo\/\" \/>\n<meta property=\"og:site_name\" content=\"Parola Foly\u00f3irat\" \/>\n<meta property=\"article:published_time\" content=\"2020-07-11T14:30:06+00:00\" \/>\n<meta property=\"article:modified_time\" content=\"2020-07-30T11:57:42+00:00\" \/>\n<meta property=\"og:image\" content=\"https:\/\/kofe.hu\/parola\/wp-content\/uploads\/2020\/07\/09.2.jpeg\" \/>\n\t<meta property=\"og:image:width\" content=\"1297\" \/>\n\t<meta property=\"og:image:height\" content=\"1988\" \/>\n\t<meta property=\"og:image:type\" content=\"image\/jpeg\" \/>\n<meta name=\"author\" content=\"Szedern\u00e9 Kummer M\u00e1ria, M\u00e9sz\u00e1ros Zsuzsa\" \/>\n<meta name=\"twitter:card\" content=\"summary_large_image\" \/>\n<meta name=\"twitter:label1\" content=\"Szerz\u0151:\" \/>\n\t<meta name=\"twitter:data1\" content=\"Szedern\u00e9 Kummer M\u00e1ria\" \/>\n\t<meta name=\"twitter:label2\" content=\"Becs\u00fclt olvas\u00e1si id\u0151\" \/>\n\t<meta name=\"twitter:data2\" content=\"2 perc\" \/>\n\t<meta name=\"twitter:label3\" content=\"Written by\" \/>\n\t<meta name=\"twitter:data3\" content=\"Szedern\u00e9 Kummer M\u00e1ria, M\u00e9sz\u00e1ros Zsuzsa\" \/>\n<script type=\"application\/ld+json\" class=\"yoast-schema-graph\">{\"@context\":\"https:\/\/schema.org\",\"@graph\":[{\"@type\":\"Article\",\"@id\":\"https:\/\/kofe.hu\/parola\/parola-folyoirat\/tapasztalatcsere-kozossegi-kezdemenyezeseket-tamogato-orszagos-halozat-orszagos-fejlesztesi-muhelye-zalaban-koordinator-programfelelos-felso-kiskunsagi-kozossegi-munkasok-egyesulete-helyi-szervezo\/#article\",\"isPartOf\":{\"@id\":\"https:\/\/kofe.hu\/parola\/parola-folyoirat\/tapasztalatcsere-kozossegi-kezdemenyezeseket-tamogato-orszagos-halozat-orszagos-fejlesztesi-muhelye-zalaban-koordinator-programfelelos-felso-kiskunsagi-kozossegi-munkasok-egyesulete-helyi-szervezo\/\"},\"author\":{\"name\":\"Szedern\u00e9 Kummer M\u00e1ria\",\"@id\":\"https:\/\/kofe.hu\/parola\/#\/schema\/person\/d977789b4816da6fb5dc997fd4cac027\"},\"headline\":\"Tapasztalatcsere K\u00f6z\u00f6ss\u00e9gi kezdem\u00e9nyez\u00e9seket t\u00e1mogat\u00f3 orsz\u00e1gos h\u00e1l\u00f3zat Orsz\u00e1gos Fejleszt\u00e9si M\u0171helye Zal\u00e1ban Koordin\u00e1tor, programfelel\u0151s: Fels\u0151-kiskuns\u00e1gi K\u00f6z\u00f6ss\u00e9gi Munk\u00e1sok Egyes\u00fclete Helyi szervez\u0151: Zalai Falvak\u00e9rt Egyes\u00fclet Szektorok k\u00f6z\u00f6tti egy\u00fcttm\u0171k\u00f6d\u00e9si lehet\u0151s\u00e9gek szoci\u00e1lis ter\u00fcleten\",\"datePublished\":\"2020-07-11T14:30:06+00:00\",\"dateModified\":\"2020-07-30T11:57:42+00:00\",\"mainEntityOfPage\":{\"@id\":\"https:\/\/kofe.hu\/parola\/parola-folyoirat\/tapasztalatcsere-kozossegi-kezdemenyezeseket-tamogato-orszagos-halozat-orszagos-fejlesztesi-muhelye-zalaban-koordinator-programfelelos-felso-kiskunsagi-kozossegi-munkasok-egyesulete-helyi-szervezo\/\"},\"wordCount\":478,\"commentCount\":0,\"image\":{\"@id\":\"https:\/\/kofe.hu\/parola\/parola-folyoirat\/tapasztalatcsere-kozossegi-kezdemenyezeseket-tamogato-orszagos-halozat-orszagos-fejlesztesi-muhelye-zalaban-koordinator-programfelelos-felso-kiskunsagi-kozossegi-munkasok-egyesulete-helyi-szervezo\/#primaryimage\"},\"thumbnailUrl\":\"https:\/\/kofe.hu\/parola\/wp-content\/uploads\/2020\/07\/09.2.jpeg\",\"articleSection\":[\"Parola 2009\/2\",\"Parola Foly\u00f3irat\",\"Repert\u00f3rium\"],\"inLanguage\":\"hu\",\"potentialAction\":[{\"@type\":\"CommentAction\",\"name\":\"Comment\",\"target\":[\"https:\/\/kofe.hu\/parola\/parola-folyoirat\/tapasztalatcsere-kozossegi-kezdemenyezeseket-tamogato-orszagos-halozat-orszagos-fejlesztesi-muhelye-zalaban-koordinator-programfelelos-felso-kiskunsagi-kozossegi-munkasok-egyesulete-helyi-szervezo\/#respond\"]}]},{\"@type\":\"WebPage\",\"@id\":\"https:\/\/kofe.hu\/parola\/parola-folyoirat\/tapasztalatcsere-kozossegi-kezdemenyezeseket-tamogato-orszagos-halozat-orszagos-fejlesztesi-muhelye-zalaban-koordinator-programfelelos-felso-kiskunsagi-kozossegi-munkasok-egyesulete-helyi-szervezo\/\",\"url\":\"https:\/\/kofe.hu\/parola\/parola-folyoirat\/tapasztalatcsere-kozossegi-kezdemenyezeseket-tamogato-orszagos-halozat-orszagos-fejlesztesi-muhelye-zalaban-koordinator-programfelelos-felso-kiskunsagi-kozossegi-munkasok-egyesulete-helyi-szervezo\/\",\"name\":\"Tapasztalatcsere K\u00f6z\u00f6ss\u00e9gi kezdem\u00e9nyez\u00e9seket t\u00e1mogat\u00f3 orsz\u00e1gos h\u00e1l\u00f3zat Orsz\u00e1gos Fejleszt\u00e9si M\u0171helye Zal\u00e1ban Koordin\u00e1tor, programfelel\u0151s: Fels\u0151-kiskuns\u00e1gi K\u00f6z\u00f6ss\u00e9gi Munk\u00e1sok Egyes\u00fclete Helyi szervez\u0151: Zalai Falvak\u00e9rt Egyes\u00fclet Szektorok k\u00f6z\u00f6tti egy\u00fcttm\u0171k\u00f6d\u00e9si lehet\u0151s\u00e9gek szoci\u00e1lis ter\u00fcleten - Parola Foly\u00f3irat\",\"isPartOf\":{\"@id\":\"https:\/\/kofe.hu\/parola\/#website\"},\"primaryImageOfPage\":{\"@id\":\"https:\/\/kofe.hu\/parola\/parola-folyoirat\/tapasztalatcsere-kozossegi-kezdemenyezeseket-tamogato-orszagos-halozat-orszagos-fejlesztesi-muhelye-zalaban-koordinator-programfelelos-felso-kiskunsagi-kozossegi-munkasok-egyesulete-helyi-szervezo\/#primaryimage\"},\"image\":{\"@id\":\"https:\/\/kofe.hu\/parola\/parola-folyoirat\/tapasztalatcsere-kozossegi-kezdemenyezeseket-tamogato-orszagos-halozat-orszagos-fejlesztesi-muhelye-zalaban-koordinator-programfelelos-felso-kiskunsagi-kozossegi-munkasok-egyesulete-helyi-szervezo\/#primaryimage\"},\"thumbnailUrl\":\"https:\/\/kofe.hu\/parola\/wp-content\/uploads\/2020\/07\/09.2.jpeg\",\"datePublished\":\"2020-07-11T14:30:06+00:00\",\"dateModified\":\"2020-07-30T11:57:42+00:00\",\"author\":{\"@id\":\"https:\/\/kofe.hu\/parola\/#\/schema\/person\/d977789b4816da6fb5dc997fd4cac027\"},\"breadcrumb\":{\"@id\":\"https:\/\/kofe.hu\/parola\/parola-folyoirat\/tapasztalatcsere-kozossegi-kezdemenyezeseket-tamogato-orszagos-halozat-orszagos-fejlesztesi-muhelye-zalaban-koordinator-programfelelos-felso-kiskunsagi-kozossegi-munkasok-egyesulete-helyi-szervezo\/#breadcrumb\"},\"inLanguage\":\"hu\",\"potentialAction\":[{\"@type\":\"ReadAction\",\"target\":[\"https:\/\/kofe.hu\/parola\/parola-folyoirat\/tapasztalatcsere-kozossegi-kezdemenyezeseket-tamogato-orszagos-halozat-orszagos-fejlesztesi-muhelye-zalaban-koordinator-programfelelos-felso-kiskunsagi-kozossegi-munkasok-egyesulete-helyi-szervezo\/\"]}]},{\"@type\":\"ImageObject\",\"inLanguage\":\"hu\",\"@id\":\"https:\/\/kofe.hu\/parola\/parola-folyoirat\/tapasztalatcsere-kozossegi-kezdemenyezeseket-tamogato-orszagos-halozat-orszagos-fejlesztesi-muhelye-zalaban-koordinator-programfelelos-felso-kiskunsagi-kozossegi-munkasok-egyesulete-helyi-szervezo\/#primaryimage\",\"url\":\"https:\/\/kofe.hu\/parola\/wp-content\/uploads\/2020\/07\/09.2.jpeg\",\"contentUrl\":\"https:\/\/kofe.hu\/parola\/wp-content\/uploads\/2020\/07\/09.2.jpeg\",\"width\":1297,\"height\":1988},{\"@type\":\"BreadcrumbList\",\"@id\":\"https:\/\/kofe.hu\/parola\/parola-folyoirat\/tapasztalatcsere-kozossegi-kezdemenyezeseket-tamogato-orszagos-halozat-orszagos-fejlesztesi-muhelye-zalaban-koordinator-programfelelos-felso-kiskunsagi-kozossegi-munkasok-egyesulete-helyi-szervezo\/#breadcrumb\",\"itemListElement\":[{\"@type\":\"ListItem\",\"position\":1,\"name\":\"Home\",\"item\":\"https:\/\/kofe.hu\/parola\/\"},{\"@type\":\"ListItem\",\"position\":2,\"name\":\"Tapasztalatcsere K\u00f6z\u00f6ss\u00e9gi kezdem\u00e9nyez\u00e9seket t\u00e1mogat\u00f3 orsz\u00e1gos h\u00e1l\u00f3zat Orsz\u00e1gos Fejleszt\u00e9si M\u0171helye Zal\u00e1ban Koordin\u00e1tor, programfelel\u0151s: Fels\u0151-kiskuns\u00e1gi K\u00f6z\u00f6ss\u00e9gi Munk\u00e1sok Egyes\u00fclete Helyi szervez\u0151: Zalai Falvak\u00e9rt Egyes\u00fclet Szektorok k\u00f6z\u00f6tti egy\u00fcttm\u0171k\u00f6d\u00e9si lehet\u0151s\u00e9gek szoci\u00e1lis ter\u00fcleten\"}]},{\"@type\":\"WebSite\",\"@id\":\"https:\/\/kofe.hu\/parola\/#website\",\"url\":\"https:\/\/kofe.hu\/parola\/\",\"name\":\"Parola Foly\u00f3irat\",\"description\":\"\",\"potentialAction\":[{\"@type\":\"SearchAction\",\"target\":{\"@type\":\"EntryPoint\",\"urlTemplate\":\"https:\/\/kofe.hu\/parola\/?s={search_term_string}\"},\"query-input\":{\"@type\":\"PropertyValueSpecification\",\"valueRequired\":true,\"valueName\":\"search_term_string\"}}],\"inLanguage\":\"hu\"},{\"@type\":\"Person\",\"@id\":\"https:\/\/kofe.hu\/parola\/#\/schema\/person\/d977789b4816da6fb5dc997fd4cac027\",\"name\":\"Szedern\u00e9 Kummer M\u00e1ria\",\"image\":{\"@type\":\"ImageObject\",\"inLanguage\":\"hu\",\"@id\":\"https:\/\/kofe.hu\/parola\/#\/schema\/person\/image\/dacf663fdb1640fc7213f4970bf9bd43\",\"url\":\"https:\/\/secure.gravatar.com\/avatar\/9a164ebdf9d6d2dfe2ec2cca7d66bfa3fda5095d9d2c90d4ae084d6edb45a376?s=96&d=mm&r=g\",\"contentUrl\":\"https:\/\/secure.gravatar.com\/avatar\/9a164ebdf9d6d2dfe2ec2cca7d66bfa3fda5095d9d2c90d4ae084d6edb45a376?s=96&d=mm&r=g\",\"caption\":\"Szedern\u00e9 Kummer M\u00e1ria\"},\"url\":\"https:\/\/kofe.hu\/parola\/szerzok\/szederne-kummer-maria\/\"}]}<\/script>\n<!-- \/ Yoast SEO plugin. -->","yoast_head_json":{"title":"Tapasztalatcsere K\u00f6z\u00f6ss\u00e9gi kezdem\u00e9nyez\u00e9seket t\u00e1mogat\u00f3 orsz\u00e1gos h\u00e1l\u00f3zat Orsz\u00e1gos Fejleszt\u00e9si M\u0171helye Zal\u00e1ban Koordin\u00e1tor, programfelel\u0151s: Fels\u0151-kiskuns\u00e1gi K\u00f6z\u00f6ss\u00e9gi Munk\u00e1sok Egyes\u00fclete Helyi szervez\u0151: Zalai Falvak\u00e9rt Egyes\u00fclet Szektorok k\u00f6z\u00f6tti egy\u00fcttm\u0171k\u00f6d\u00e9si lehet\u0151s\u00e9gek szoci\u00e1lis ter\u00fcleten - Parola Foly\u00f3irat","robots":{"index":"index","follow":"follow","max-snippet":"max-snippet:-1","max-image-preview":"max-image-preview:large","max-video-preview":"max-video-preview:-1"},"canonical":"https:\/\/kofe.hu\/parola\/parola-folyoirat\/tapasztalatcsere-kozossegi-kezdemenyezeseket-tamogato-orszagos-halozat-orszagos-fejlesztesi-muhelye-zalaban-koordinator-programfelelos-felso-kiskunsagi-kozossegi-munkasok-egyesulete-helyi-szervezo\/","og_locale":"hu_HU","og_type":"article","og_title":"Tapasztalatcsere K\u00f6z\u00f6ss\u00e9gi kezdem\u00e9nyez\u00e9seket t\u00e1mogat\u00f3 orsz\u00e1gos h\u00e1l\u00f3zat Orsz\u00e1gos Fejleszt\u00e9si M\u0171helye Zal\u00e1ban Koordin\u00e1tor, programfelel\u0151s: Fels\u0151-kiskuns\u00e1gi K\u00f6z\u00f6ss\u00e9gi Munk\u00e1sok Egyes\u00fclete Helyi szervez\u0151: Zalai Falvak\u00e9rt Egyes\u00fclet Szektorok k\u00f6z\u00f6tti egy\u00fcttm\u0171k\u00f6d\u00e9si lehet\u0151s\u00e9gek szoci\u00e1lis ter\u00fcleten - Parola Foly\u00f3irat","og_description":"Program: 2009. m\u00e1jus 11. h\u00e9tf\u0151 \u00c9rkez\u00e9s 11 \u00f3ra k\u00f6r\u00fcl Zalaegerszegre. Tal\u00e1lkoz\u00e1s: Zalaegerszeg, K\u00e9zm\u0171vesek H\u00e1za (G\u00e9b\u00e1rti t\u00f3 partj\u00e1n) \u00dcdv\u00f6zl\u00fcnk Zal\u00e1ban! A Zalai Falvak\u00e9rt Egyes\u00fclet bemutat\u00e1sa: Szedern\u00e9 Kummer M\u00e1ria, titk\u00e1r","og_url":"https:\/\/kofe.hu\/parola\/parola-folyoirat\/tapasztalatcsere-kozossegi-kezdemenyezeseket-tamogato-orszagos-halozat-orszagos-fejlesztesi-muhelye-zalaban-koordinator-programfelelos-felso-kiskunsagi-kozossegi-munkasok-egyesulete-helyi-szervezo\/","og_site_name":"Parola Foly\u00f3irat","article_published_time":"2020-07-11T14:30:06+00:00","article_modified_time":"2020-07-30T11:57:42+00:00","og_image":[{"width":1297,"height":1988,"url":"https:\/\/kofe.hu\/parola\/wp-content\/uploads\/2020\/07\/09.2.jpeg","type":"image\/jpeg"}],"author":"Szedern\u00e9 Kummer M\u00e1ria, M\u00e9sz\u00e1ros Zsuzsa","twitter_card":"summary_large_image","twitter_misc":{"Szerz\u0151:":"Szedern\u00e9 Kummer M\u00e1ria","Becs\u00fclt olvas\u00e1si id\u0151":"2 perc","Written by":"Szedern\u00e9 Kummer M\u00e1ria, M\u00e9sz\u00e1ros Zsuzsa"},"schema":{"@context":"https:\/\/schema.org","@graph":[{"@type":"Article","@id":"https:\/\/kofe.hu\/parola\/parola-folyoirat\/tapasztalatcsere-kozossegi-kezdemenyezeseket-tamogato-orszagos-halozat-orszagos-fejlesztesi-muhelye-zalaban-koordinator-programfelelos-felso-kiskunsagi-kozossegi-munkasok-egyesulete-helyi-szervezo\/#article","isPartOf":{"@id":"https:\/\/kofe.hu\/parola\/parola-folyoirat\/tapasztalatcsere-kozossegi-kezdemenyezeseket-tamogato-orszagos-halozat-orszagos-fejlesztesi-muhelye-zalaban-koordinator-programfelelos-felso-kiskunsagi-kozossegi-munkasok-egyesulete-helyi-szervezo\/"},"author":{"name":"Szedern\u00e9 Kummer M\u00e1ria","@id":"https:\/\/kofe.hu\/parola\/#\/schema\/person\/d977789b4816da6fb5dc997fd4cac027"},"headline":"Tapasztalatcsere K\u00f6z\u00f6ss\u00e9gi kezdem\u00e9nyez\u00e9seket t\u00e1mogat\u00f3 orsz\u00e1gos h\u00e1l\u00f3zat Orsz\u00e1gos Fejleszt\u00e9si M\u0171helye Zal\u00e1ban Koordin\u00e1tor, programfelel\u0151s: Fels\u0151-kiskuns\u00e1gi K\u00f6z\u00f6ss\u00e9gi Munk\u00e1sok Egyes\u00fclete Helyi szervez\u0151: Zalai Falvak\u00e9rt Egyes\u00fclet Szektorok k\u00f6z\u00f6tti egy\u00fcttm\u0171k\u00f6d\u00e9si lehet\u0151s\u00e9gek szoci\u00e1lis ter\u00fcleten","datePublished":"2020-07-11T14:30:06+00:00","dateModified":"2020-07-30T11:57:42+00:00","mainEntityOfPage":{"@id":"https:\/\/kofe.hu\/parola\/parola-folyoirat\/tapasztalatcsere-kozossegi-kezdemenyezeseket-tamogato-orszagos-halozat-orszagos-fejlesztesi-muhelye-zalaban-koordinator-programfelelos-felso-kiskunsagi-kozossegi-munkasok-egyesulete-helyi-szervezo\/"},"wordCount":478,"commentCount":0,"image":{"@id":"https:\/\/kofe.hu\/parola\/parola-folyoirat\/tapasztalatcsere-kozossegi-kezdemenyezeseket-tamogato-orszagos-halozat-orszagos-fejlesztesi-muhelye-zalaban-koordinator-programfelelos-felso-kiskunsagi-kozossegi-munkasok-egyesulete-helyi-szervezo\/#primaryimage"},"thumbnailUrl":"https:\/\/kofe.hu\/parola\/wp-content\/uploads\/2020\/07\/09.2.jpeg","articleSection":["Parola 2009\/2","Parola Foly\u00f3irat","Repert\u00f3rium"],"inLanguage":"hu","potentialAction":[{"@type":"CommentAction","name":"Comment","target":["https:\/\/kofe.hu\/parola\/parola-folyoirat\/tapasztalatcsere-kozossegi-kezdemenyezeseket-tamogato-orszagos-halozat-orszagos-fejlesztesi-muhelye-zalaban-koordinator-programfelelos-felso-kiskunsagi-kozossegi-munkasok-egyesulete-helyi-szervezo\/#respond"]}]},{"@type":"WebPage","@id":"https:\/\/kofe.hu\/parola\/parola-folyoirat\/tapasztalatcsere-kozossegi-kezdemenyezeseket-tamogato-orszagos-halozat-orszagos-fejlesztesi-muhelye-zalaban-koordinator-programfelelos-felso-kiskunsagi-kozossegi-munkasok-egyesulete-helyi-szervezo\/","url":"https:\/\/kofe.hu\/parola\/parola-folyoirat\/tapasztalatcsere-kozossegi-kezdemenyezeseket-tamogato-orszagos-halozat-orszagos-fejlesztesi-muhelye-zalaban-koordinator-programfelelos-felso-kiskunsagi-kozossegi-munkasok-egyesulete-helyi-szervezo\/","name":"Tapasztalatcsere K\u00f6z\u00f6ss\u00e9gi kezdem\u00e9nyez\u00e9seket t\u00e1mogat\u00f3 orsz\u00e1gos h\u00e1l\u00f3zat Orsz\u00e1gos Fejleszt\u00e9si M\u0171helye Zal\u00e1ban Koordin\u00e1tor, programfelel\u0151s: Fels\u0151-kiskuns\u00e1gi K\u00f6z\u00f6ss\u00e9gi Munk\u00e1sok Egyes\u00fclete Helyi szervez\u0151: Zalai Falvak\u00e9rt Egyes\u00fclet Szektorok k\u00f6z\u00f6tti egy\u00fcttm\u0171k\u00f6d\u00e9si lehet\u0151s\u00e9gek szoci\u00e1lis ter\u00fcleten - Parola Foly\u00f3irat","isPartOf":{"@id":"https:\/\/kofe.hu\/parola\/#website"},"primaryImageOfPage":{"@id":"https:\/\/kofe.hu\/parola\/parola-folyoirat\/tapasztalatcsere-kozossegi-kezdemenyezeseket-tamogato-orszagos-halozat-orszagos-fejlesztesi-muhelye-zalaban-koordinator-programfelelos-felso-kiskunsagi-kozossegi-munkasok-egyesulete-helyi-szervezo\/#primaryimage"},"image":{"@id":"https:\/\/kofe.hu\/parola\/parola-folyoirat\/tapasztalatcsere-kozossegi-kezdemenyezeseket-tamogato-orszagos-halozat-orszagos-fejlesztesi-muhelye-zalaban-koordinator-programfelelos-felso-kiskunsagi-kozossegi-munkasok-egyesulete-helyi-szervezo\/#primaryimage"},"thumbnailUrl":"https:\/\/kofe.hu\/parola\/wp-content\/uploads\/2020\/07\/09.2.jpeg","datePublished":"2020-07-11T14:30:06+00:00","dateModified":"2020-07-30T11:57:42+00:00","author":{"@id":"https:\/\/kofe.hu\/parola\/#\/schema\/person\/d977789b4816da6fb5dc997fd4cac027"},"breadcrumb":{"@id":"https:\/\/kofe.hu\/parola\/parola-folyoirat\/tapasztalatcsere-kozossegi-kezdemenyezeseket-tamogato-orszagos-halozat-orszagos-fejlesztesi-muhelye-zalaban-koordinator-programfelelos-felso-kiskunsagi-kozossegi-munkasok-egyesulete-helyi-szervezo\/#breadcrumb"},"inLanguage":"hu","potentialAction":[{"@type":"ReadAction","target":["https:\/\/kofe.hu\/parola\/parola-folyoirat\/tapasztalatcsere-kozossegi-kezdemenyezeseket-tamogato-orszagos-halozat-orszagos-fejlesztesi-muhelye-zalaban-koordinator-programfelelos-felso-kiskunsagi-kozossegi-munkasok-egyesulete-helyi-szervezo\/"]}]},{"@type":"ImageObject","inLanguage":"hu","@id":"https:\/\/kofe.hu\/parola\/parola-folyoirat\/tapasztalatcsere-kozossegi-kezdemenyezeseket-tamogato-orszagos-halozat-orszagos-fejlesztesi-muhelye-zalaban-koordinator-programfelelos-felso-kiskunsagi-kozossegi-munkasok-egyesulete-helyi-szervezo\/#primaryimage","url":"https:\/\/kofe.hu\/parola\/wp-content\/uploads\/2020\/07\/09.2.jpeg","contentUrl":"https:\/\/kofe.hu\/parola\/wp-content\/uploads\/2020\/07\/09.2.jpeg","width":1297,"height":1988},{"@type":"BreadcrumbList","@id":"https:\/\/kofe.hu\/parola\/parola-folyoirat\/tapasztalatcsere-kozossegi-kezdemenyezeseket-tamogato-orszagos-halozat-orszagos-fejlesztesi-muhelye-zalaban-koordinator-programfelelos-felso-kiskunsagi-kozossegi-munkasok-egyesulete-helyi-szervezo\/#breadcrumb","itemListElement":[{"@type":"ListItem","position":1,"name":"Home","item":"https:\/\/kofe.hu\/parola\/"},{"@type":"ListItem","position":2,"name":"Tapasztalatcsere K\u00f6z\u00f6ss\u00e9gi kezdem\u00e9nyez\u00e9seket t\u00e1mogat\u00f3 orsz\u00e1gos h\u00e1l\u00f3zat Orsz\u00e1gos Fejleszt\u00e9si M\u0171helye Zal\u00e1ban Koordin\u00e1tor, programfelel\u0151s: Fels\u0151-kiskuns\u00e1gi K\u00f6z\u00f6ss\u00e9gi Munk\u00e1sok Egyes\u00fclete Helyi szervez\u0151: Zalai Falvak\u00e9rt Egyes\u00fclet Szektorok k\u00f6z\u00f6tti egy\u00fcttm\u0171k\u00f6d\u00e9si lehet\u0151s\u00e9gek szoci\u00e1lis ter\u00fcleten"}]},{"@type":"WebSite","@id":"https:\/\/kofe.hu\/parola\/#website","url":"https:\/\/kofe.hu\/parola\/","name":"Parola Foly\u00f3irat","description":"","potentialAction":[{"@type":"SearchAction","target":{"@type":"EntryPoint","urlTemplate":"https:\/\/kofe.hu\/parola\/?s={search_term_string}"},"query-input":{"@type":"PropertyValueSpecification","valueRequired":true,"valueName":"search_term_string"}}],"inLanguage":"hu"},{"@type":"Person","@id":"https:\/\/kofe.hu\/parola\/#\/schema\/person\/d977789b4816da6fb5dc997fd4cac027","name":"Szedern\u00e9 Kummer M\u00e1ria","image":{"@type":"ImageObject","inLanguage":"hu","@id":"https:\/\/kofe.hu\/parola\/#\/schema\/person\/image\/dacf663fdb1640fc7213f4970bf9bd43","url":"https:\/\/secure.gravatar.com\/avatar\/9a164ebdf9d6d2dfe2ec2cca7d66bfa3fda5095d9d2c90d4ae084d6edb45a376?s=96&d=mm&r=g","contentUrl":"https:\/\/secure.gravatar.com\/avatar\/9a164ebdf9d6d2dfe2ec2cca7d66bfa3fda5095d9d2c90d4ae084d6edb45a376?s=96&d=mm&r=g","caption":"Szedern\u00e9 Kummer M\u00e1ria"},"url":"https:\/\/kofe.hu\/parola\/szerzok\/szederne-kummer-maria\/"}]}},"_links":{"self":[{"href":"https:\/\/kofe.hu\/parola\/wp-json\/wp\/v2\/posts\/3389","targetHints":{"allow":["GET"]}}],"collection":[{"href":"https:\/\/kofe.hu\/parola\/wp-json\/wp\/v2\/posts"}],"about":[{"href":"https:\/\/kofe.hu\/parola\/wp-json\/wp\/v2\/types\/post"}],"author":[{"embeddable":true,"href":"https:\/\/kofe.hu\/parola\/wp-json\/wp\/v2\/users\/454"}],"replies":[{"embeddable":true,"href":"https:\/\/kofe.hu\/parola\/wp-json\/wp\/v2\/comments?post=3389"}],"version-history":[{"count":3,"href":"https:\/\/kofe.hu\/parola\/wp-json\/wp\/v2\/posts\/3389\/revisions"}],"predecessor-version":[{"id":4202,"href":"https:\/\/kofe.hu\/parola\/wp-json\/wp\/v2\/posts\/3389\/revisions\/4202"}],"wp:featuredmedia":[{"embeddable":true,"href":"https:\/\/kofe.hu\/parola\/wp-json\/wp\/v2\/media\/3434"}],"wp:attachment":[{"href":"https:\/\/kofe.hu\/parola\/wp-json\/wp\/v2\/media?parent=3389"}],"wp:term":[{"taxonomy":"category","embeddable":true,"href":"https:\/\/kofe.hu\/parola\/wp-json\/wp\/v2\/categories?post=3389"},{"taxonomy":"post_tag","embeddable":true,"href":"https:\/\/kofe.hu\/parola\/wp-json\/wp\/v2\/tags?post=3389"},{"taxonomy":"author","embeddable":true,"href":"https:\/\/kofe.hu\/parola\/wp-json\/wp\/v2\/coauthors?post=3389"}],"curies":[{"name":"wp","href":"https:\/\/api.w.org\/{rel}","templated":true}]}}