{"id":3385,"date":"2020-07-11T14:27:04","date_gmt":"2020-07-11T14:27:04","guid":{"rendered":"https:\/\/kofe.hu\/parola\/?p=3385"},"modified":"2020-07-30T11:56:59","modified_gmt":"2020-07-30T11:56:59","slug":"reszveteli-videkfejlesztes-hogyan-nemzetkozi-konferencia-bukarest-2009-aprilis-2-4","status":"publish","type":"post","link":"https:\/\/kofe.hu\/parola\/parola-folyoirat\/reszveteli-videkfejlesztes-hogyan-nemzetkozi-konferencia-bukarest-2009-aprilis-2-4\/","title":{"rendered":"R\u00e9szv\u00e9teli vid\u00e9kfejleszt\u00e9s. Hogyan? Nemzetk\u00f6zi Konferencia, Bukarest, 2009. \u00e1prilis 2\u20134."},"content":{"rendered":"<p style=\"text-align: justify;\"><span style=\"font-family: Arial;\">A konferencia megszervez\u00e9s\u00e9nek aprop\u00f3ja az volt, hogy a RuralNet rom\u00e1n vid\u00e9kfejleszt\u00e9si h\u00e1l\u00f3zathoz \u00e9szrev\u00e9tel \u00e9rkezett p\u00e1ly\u00e1zati \u00e9rt\u00e9kel\u0151j\u00fckt\u0151l, mely szerint a folyamataikba nem vonj\u00e1k be kell\u0151k\u00e9ppen a c\u00e9lk\u00f6z\u00f6ns\u00e9get (a helyi lakoss\u00e1got), a tervez\u00e9st\u0151l eg\u00e9szen az ut\u00e1nk\u00f6vet\u00e9sig.<\/span><\/p>\n<p style=\"text-align: justify;\"><!--more--><br \/>\n<span style=\"font-family: Arial;\">Ennek a probl\u00e9m\u00e1nak a kik\u00fcsz\u00f6b\u00f6l\u00e9s\u00e9re a legk\u00e9zenfekv\u0151bbnek azt a megold\u00e1st tal\u00e1lt\u00e1k, hogy a m\u00e1r ki\u00e9p\u00edtett nemzetk\u00f6zi partnerh\u00e1l\u00f3zatot sz\u00f3l\u00edtj\u00e1k meg \u00e9s h\u00edvj\u00e1k seg\u00edts\u00e9g\u00fcl. \u00cdgy a konferenci\u00e1n legf\u0151k\u00e9ppen a CEE Citizens Network (K\u00f6z\u00e9p- \u00e9s kelet-eur\u00f3pai \u00c1llampolg\u00e1ri H\u00e1l\u00f3zat) tagjai jelentek meg. Volt teh\u00e1t a r\u00e9sztvev\u0151k k\u00f6z\u00f6tt alb\u00e1n, cseh, \u00e9szt, gr\u00faz, horv\u00e1t, rom\u00e1n, szlov\u00e1k \u00e9s magyar szakember is, akik saj\u00e1t szervezet\u00fckb\u0151l \u00e9s a hazai viszonyaikb\u00f3l kiindulva tudtak p\u00e9ld\u00e1kat bemutatni a helyi lakosokkal t\u00f6rt\u00e9n\u0151 egy\u00fcttm\u0171k\u00f6d\u00e9sre.<\/span><br \/>\n<span style=\"font-family: Arial;\">A kiindul\u00f3pont a r\u00e9szvev\u0151k meg\u00e1llapod\u00e1sa szerint a k\u00f6z\u00f6ss\u00e9gfejleszt\u00e9s volt, az \u00e9rintettek bevon\u00e1s\u00e1nak leghat\u00e9konyabb m\u00f3dszerek\u00e9nt. A konferenci\u00e1t \u00e9letre h\u00edv\u00f3 szervezet, a RuralNet n\u00e9gy f\u0151 f\u00e1zist \u00e1llap\u00edtott meg, melybe felt\u00e9tlen\u00fcl be kell vonni a helyi lakosokat:<\/span><br \/>\n<i><span style=\"font-family: Arial;\">1. A kezdem\u00e9nyez\u00e9s f\u00e1zisa;<\/span><\/i><br \/>\n<i><span style=\"font-family: Arial;\">2. A tervez\u00e9s f\u00e1zisa;<\/span><\/i><br \/>\n<i><span style=\"font-family: Arial;\">3. A megval\u00f3s\u00edt\u00e1s f\u00e1zisa;<\/span><\/i><br \/>\n<i><span style=\"font-family: Arial;\">4. A ki\u00e9rt\u00e9kel\u00e9s f\u00e1zisa.<\/span><\/i><\/p>\n<p><span style=\"font-family: Arial;\">Ennek megfelel\u0151en n\u00e9gy munkacsoport alakult, melyek k\u00fcl\u00f6n-k\u00fcl\u00f6n dolgoztak bevon\u00e1si strat\u00e9gi\u00e1ikon.<\/span><\/p>\n<p><span style=\"font-family: Arial;\">1. A\u00a0<\/span><b><span style=\"font-family: Arial;\">kezdem\u00e9nyez\u00e9s f\u00e1zisa<\/span><\/b><span style=\"font-family: Arial;\">\u00a0az els\u0151 l\u00e9p\u00e9s\u00a0<\/span><i><span style=\"font-family: Arial;\">el\u0151tti<\/span><\/i><span style=\"font-family: Arial;\">\u00a0l\u00e9p\u00e9s. Ekkor m\u00e9g csak felvet\u0151dik egy \u00f6tlet, amire esetleg k\u00e9s\u0151bb m\u00e1r projektet is ki lehet dolgozni. Ez az ig\u00e9nyek felm\u00e9r\u00e9s\u00e9nek a szakasza, amely vagy tov\u00e1bb folytat\u00f3dik a tervez\u00e9ssel, vagy itt abba is marad (irre\u00e1lis ig\u00e9nyek, nem megval\u00f3s\u00edthat\u00f3 \u00f6tletek stb.).<\/span><\/p>\n<p><span style=\"font-family: Arial;\">Hogyan vonjuk be a k\u00f6z\u00f6ss\u00e9get?<\/span><br \/>\n<span style=\"font-family: Arial;\">\u2212 Rom\u00e1nia: A helyi kulcsemberek \u00e9s a fejleszt\u0151 szakemberek k\u00f6z\u00f6sen ind\u00edtj\u00e1k a strat\u00e9giai tervez\u00e9st, s ehhez \u00f6sszeh\u00edvj\u00e1k a helyi lakoss\u00e1got.<\/span><br \/>\n<span style=\"font-family: Arial;\">\u2212 \u00c9sztorsz\u00e1g: e-k\u00f6zpontok, internet \u00e9s e-mail seg\u00edts\u00e9g\u00e9vel.<\/span><br \/>\n<span style=\"font-family: Arial;\">\u2212 Magyarorsz\u00e1g: keress\u00fck meg a tenni akar\u00f3, akt\u00edv helyi embereket, akikkel az eg\u00e9sz projekt folyam\u00e1n sz\u00e1molhatunk, s akik a projekt mozgat\u00f3r\u00fag\u00f3ik\u00e9nt a k\u00f6z\u00f6ss\u00e9gre is motiv\u00e1l\u00f3-bevon\u00f3 hat\u00e1ssal vannak!<\/span><br \/>\n<span style=\"font-family: Arial;\">\u2212 Horv\u00e1torsz\u00e1g: m\u0171k\u00f6dj\u00fcnk egy\u00fctt k\u00fcl\u00f6nb\u00f6z\u0151 int\u00e9zm\u00e9nyekkel, pl. helyi iskol\u00e1kkal, ahol a gyerek-sz\u00fcl\u0151 viszonyra is lehet alapozni!<\/span><\/p>\n<p><span style=\"font-family: Arial;\">K\u00f6z\u00f6s javaslat: m\u0171k\u00f6dj\u00fcnk egy\u00fctt a helyi hat\u00f3s\u00e1gokkal! (A \u201ehogyan\u201d k\u00e9rd\u00e9se is felvet\u0151d\u00f6tt, mivel orsz\u00e1gonk\u00e9nt elt\u00e9r\u0151 az \u00f6nkorm\u00e1nyzatokkal val\u00f3 egy\u00fcttm\u0171k\u00f6d\u00e9s gyakorlata, \u00e1m id\u0151 hi\u00e1ny\u00e1ban e javaslat kifejt\u00e9s\u00e9re nem ker\u00fclt sor.)<\/span><\/p>\n<p><span style=\"font-family: Arial;\">Konkr\u00e9t gyakorlati \u00fatmutat\u00e1s:<\/span><br \/>\n<span style=\"font-family: Arial;\">\u2212 A fiatalokra \u00e9p\u00edteni, megtartani \u0151ket a k\u00f6z\u00f6ss\u00e9gben.<\/span><br \/>\n<span style=\"font-family: Arial;\">\u2212 J\u00f3 p\u00e9ld\u00e1k k\u00f6zz\u00e9t\u00e9tele, nyilv\u00e1noss\u00e1g el\u00e9 t\u00e1r\u00e1sa.<\/span><br \/>\n<span style=\"font-family: Arial;\">\u2212 Tapasztalatok megoszt\u00e1sa (pozit\u00edv \u00e9s negat\u00edv egyar\u00e1nt).<\/span><\/p>\n<p style=\"text-align: justify;\"><b><span style=\"font-family: Arial;\">2. A tervez\u00e9s f\u00e1zisa<\/span><\/b><\/p>\n<p style=\"text-align: justify;\"><span style=\"font-family: Arial;\">Itt m\u00e1r a konkr\u00e9t l\u00e9p\u00e9sek kidolgoz\u00e1sa zajlik, a l\u00e9nyeg, hogy a k\u00f6z\u00f6ss\u00e9g a tervez\u00e9s minden szakasz\u00e1ban r\u00e9szt vegyen, hogy a projektet a saj\u00e1tj\u00e1nak \u00e9rezze, felel\u0151ss\u00e9ggel legyen ir\u00e1nta! Az elviek mellett az\u00e9rt is indokolt ez, mert a v\u00e1llal\u00e1sok egy r\u00e9sze is t\u0151l\u00fck sz\u00e1rmazik!<\/span><\/p>\n<p><span style=\"font-family: Arial;\">Javaslatok:<\/span><br \/>\n<span style=\"font-family: Arial;\">\u2212 K\u00f6z\u00f6ss\u00e9gi f\u00f3rum szervez\u00e9se;<\/span><br \/>\n<span style=\"font-family: Arial;\">\u2212 Inform\u00e1l\u00e1s a kezdem\u00e9nyez\u0151 l\u00e9p\u00e9sekr\u0151l;<\/span><br \/>\n<span style=\"font-family: Arial;\">\u2212 Fenntarthat\u00f3s\u00e1g ellen\u0151rz\u00e9se\/biztos\u00edt\u00e1sa;<\/span><br \/>\n<span style=\"font-family: Arial;\">\u2212 Szak\u00e9rt\u0151i munkacsoportok fel\u00e1ll\u00edt\u00e1sa \u2013 nyitott kapuk elve: b\u00e1rki csatlakozhat!;<\/span><br \/>\n<span style=\"font-family: Arial;\">\u2212 K\u00f6z\u00f6ss\u00e9gi vezet\u0151 \u00e9s \u00f6nk\u00e9ntes \u201epoz\u00edci\u00f3k\u201d meghirdet\u00e9se;<\/span><br \/>\n<span style=\"font-family: Arial;\">\u2212 Kapacit\u00e1s\u00e9p\u00edt\u0151 program:<\/span><\/p>\n<p><span style=\"font-family: Arial;\">A. Vezet\u0151knek<\/span><br \/>\n<span style=\"font-family: Arial;\">\u2212 vezet\u0151i m\u00f3dszerek,<\/span><br \/>\n<span style=\"font-family: Arial;\">\u2212 csapat\u00e9p\u00edt\u00e9s\/szervezetfejleszt\u00e9s,<\/span><br \/>\n<span style=\"font-family: Arial;\">\u2212 projekt folyamatos menedzsel\u00e9se,<\/span><br \/>\n<span style=\"font-family: Arial;\">\u2212 forr\u00e1steremt\u00e9s,<\/span><br \/>\n<span style=\"font-family: Arial;\">\u2212 t\u00e1mogat\u00f3 jelenl\u00e9t.<\/span><\/p>\n<p><span style=\"font-family: Arial;\">B. \u00d6nkorm\u00e1nyzatoknak<\/span><br \/>\n<span style=\"font-family: Arial;\">\u2212 r\u00e9szv\u00e9teli tervez\u00e9s,<\/span><br \/>\n<span style=\"font-family: Arial;\">\u2212 fenntarthat\u00f3s\u00e1g,<\/span><br \/>\n<span style=\"font-family: Arial;\">\u2212 egy\u00fcttm\u0171k\u00f6d\u00e9s.<\/span><\/p>\n<p><span style=\"font-family: Arial;\">C. A r\u00e9szv\u00e9teli tervez\u00e9s\u00e9rt felel\u0151s bizotts\u00e1gnak<\/span><br \/>\n<span style=\"font-family: Arial;\">\u2212 helyi adminisztrat\u00edv \u00fcgyek \u00e9s k\u00f6lts\u00e9gvet\u00e9si forr\u00e1sok,<\/span><br \/>\n<span style=\"font-family: Arial;\">\u2212 bizotts\u00e1g fel\u00e1ll\u00edt\u00e1sa a tervez\u00e9si szakaszra a helyi \u00f6nkorm\u00e1nyzattal egy\u00fctt,<\/span><br \/>\n<span style=\"font-family: Arial;\">\u2212 inform\u00e1lis \u00e9s form\u00e1lis tal\u00e1lkoz\u00f3k megszervez\u00e9se a helyi \u00f6nkorm\u00e1nyzat \u00e9s a helybeliek k\u00f6z\u00f6tt,<\/span><br \/>\n<span style=\"font-family: Arial;\">\u2212 A polg\u00e1rmester meggy\u0151z\u00e9se: \u00e9rvekkel al\u00e1t\u00e1masztani, hogy neki is \u00e9rdeke a r\u00e9szv\u00e9teli folyamat!,<\/span><br \/>\n<span style=\"font-family: Arial;\">\u2212 helyi akci\u00f3csoportok fel\u00e1ll\u00edt\u00e1sa,<\/span><br \/>\n<span style=\"font-family: Arial;\">\u2212 helyi fejleszt\u0151 \u00fcgyn\u00f6ks\u00e9g fel\u00e1ll\u00edt\u00e1sa (Local Development Agency),<\/span><br \/>\n<span style=\"font-family: Arial;\">\u2212 a nyilv\u00e1noss\u00e1g eszk\u00f6zeinek biztos\u00edt\u00e1sa (m\u00e9diumok bevon\u00e1sa, weboldal biztos\u00edt\u00e1sa, nyomtatott anyagok stb.).<\/span><\/p>\n<p><b><span style=\"font-family: Arial;\">3. A megval\u00f3s\u00edt\u00e1s f\u00e1zisa<\/span><\/b><br \/>\n<span style=\"font-family: Arial;\">Minden bizonnyal ebben a szakaszban a legnyilv\u00e1nval\u00f3bb a helyiekkel t\u00f6rt\u00e9n\u0151 egy\u00fcttm\u0171k\u00f6d\u00e9s \u2013 eddig is e szakaszban volt a leger\u0151teljesebb.<\/span><\/p>\n<p><span style=\"font-family: Arial;\">Javaslatok:<\/span><br \/>\n<span style=\"font-family: Arial;\">\u2212 a tervez\u0151 csapat vagy \u00e1tadja tud\u00e1s\u00e1t a megval\u00f3s\u00edt\u00f3 csapatnak, vagy maga alakul \u00e1t megval\u00f3s\u00edt\u00f3 csapatt\u00e1,<\/span><br \/>\n<span style=\"font-family: Arial;\">\u2212 az egy\u00fcttm\u0171k\u00f6d\u00e9s r\u00e9szleteinek r\u00f6gz\u00edt\u00e9se, hogy a felel\u0151ss\u00e9gek \u00e9s v\u00e1llal\u00e1sok tiszt\u00e1z\u00e1s\u00e1val a megval\u00f3s\u00edt\u00e1s hat\u00e9kony lehessen (r\u00e9szletezett egy\u00fcttm\u0171k\u00f6d\u00e9si meg\u00e1llapod\u00e1s),<\/span><br \/>\n<span style=\"font-family: Arial;\">\u2212 folyamatosan monitoroz\u00e1s, min\u0151s\u00e9gbiztos\u00edt\u00e1s,<\/span><br \/>\n<span style=\"font-family: Arial;\">\u2212 a r\u00e9sztvev\u0151 lakosok rendszeres k\u00e9pz\u00e9se,<\/span><br \/>\n<span style=\"font-family: Arial;\">\u2212 \u00fajratervez\u00e9sek-v\u00e1ltoztat\u00e1sok-pontos\u00edt\u00e1sok, a helyiek javaslatait is figyelembe v\u00e9ve,<\/span><br \/>\n<span style=\"font-family: Arial;\">\u2212 k\u00f6zrem\u0171k\u00f6d\u00e9s-fenntarthat\u00f3s\u00e1g biztos\u00edt\u00e1sa, kock\u00e1zatok-konfliktusok kezel\u00e9se,<\/span><br \/>\n<span style=\"font-family: Arial;\">\u2212 a r\u00e9sztvev\u0151k facilit\u00e1l\u00e1sa professzion\u00e1lis m\u00f3don.<\/span><\/p>\n<p style=\"text-align: justify;\"><b><span style=\"font-family: Arial;\">4. A ki\u00e9rt\u00e9kel\u00e9s f\u00e1zisa<\/span><\/b><\/p>\n<p style=\"text-align: justify;\"><span style=\"font-family: Arial;\">Vajon mekkora motiv\u00e1l\u00f3 er\u0151 rejlik a k\u00f6z\u00f6s \u00f6r\u00f6mben, hogy egy\u00fctt vitt\u00fcnk v\u00e9ghez valamit?<\/span><br \/>\n<span style=\"font-family: Arial;\">Mi\u00e9rt l\u00e9nyeges a helyiekkel egy\u00fctt (\u00e1t)l\u00e1tni, hogy mit hoztunk l\u00e9tre, hol haszn\u00e1ltuk helyesen \u00f6nmagunkat \u00e9s j\u00f3l a tud\u00e1sunkat, s hol lehett\u00fcnk volna jobbak?<\/span><\/p>\n<p><span style=\"font-family: Arial;\">V\u00e9gk\u00f6vetkeztet\u00e9sek:<\/span><br \/>\n<span style=\"font-family: Arial;\">\u2212 Megtudjuk a projektben k\u00f6zvetlen\u00fcl r\u00e9sztvev\u0151k \u00e9s a t\u00f6bbi helyi lakos n\u00e9z\u0151pontj\u00e1t,<\/span><br \/>\n<span style=\"font-family: Arial;\">\u2212 Ellen\u0151rizhetj\u00fck\/m\u00e9rhetj\u00fck a folyamat hat\u00e1s\u00e1t, s hat\u00e1s\u00e1nak m\u00e9rt\u00e9k\u00e9t,<\/span><br \/>\n<span style=\"font-family: Arial;\">\u2212 A r\u00e9sztvev\u0151k l\u00e1tj\u00e1k a projekt k\u00f6zvetlen eredm\u00e9nyeit \u2013 val\u00f3ban el\u00e9rt\u00e9k c\u00e9ljukat?,<\/span><br \/>\n<span style=\"font-family: Arial;\">\u2212 A projekt eredm\u00e9nyei vel\u00fck egy\u00fctt ker\u00fcl \u00f6sszefoglal\u00e1sra, \u00edgy kider\u00fcl, val\u00f3ban hat\u00e9kony volt-e az \u00e1llampolg\u00e1rok bevon\u00e1sa \u2013 megfelelt-e a r\u00f6vid t\u00e1v\u00fa (+) \u00e9s hossz\u00fa t\u00e1v\u00fa (-) c\u00e9lkit\u0171z\u00e9seknek is?<\/span><\/p>\n<table border=\"1\">\n<tbody>\n<tr valign=\"top\">\n<td width=\"331\">\n<div align=\"center\"><span style=\"font-family: Arial;\">+<\/span><\/div>\n<\/td>\n<\/tr>\n<tr valign=\"top\">\n<td width=\"331\"><span style=\"font-family: Arial;\">K\u00f6zvetlen visszajelz\u00e9s,<\/span><br \/>\n<span style=\"font-family: Arial;\">hat\u00e9kony egy\u00fcttm\u0171k\u00f6d\u00e9s,<\/span><br \/>\n<span style=\"font-family: Arial;\">egym\u00e1s jobb meg\u00e9rt\u00e9se,<\/span><br \/>\n<span style=\"font-family: Arial;\">j\u00f6v\u0151beli projektek kidolgoz\u00e1sa,<\/span><\/td>\n<\/tr>\n<tr valign=\"top\">\n<td width=\"331\"><span style=\"font-family: Arial;\">a r\u00e9sztvev\u0151kkel meg\u00e1llapodva a szakszer\u0171 ki\u00e9rt\u00e9kel\u00e9s mik\u00e9ntj\u00e9r\u0151l.<\/span><\/td>\n<\/tr>\n<\/tbody>\n<\/table>\n<table border=\"1\">\n<tbody>\n<tr valign=\"top\">\n<td width=\"331\">\n<div align=\"center\"><span style=\"font-family: Arial;\">\u2013<\/span><\/div>\n<\/td>\n<\/tr>\n<tr valign=\"top\">\n<td width=\"331\"><span style=\"font-family: Arial;\">T\u00f6bb id\u0151t vesz ig\u00e9nybe (tal\u00e1lkoz\u00f3k szervez\u00e9se, emberek \u00f6sszeh\u00edv\u00e1sa stb.),<\/span><br \/>\n<span style=\"font-family: Arial;\">kisebbs\u00e9gi \u00e9s t\u00f6bbs\u00e9gi \u00e9rdekek egyeztet\u00e9se,<\/span><br \/>\n<span style=\"font-family: Arial;\">szubjekt\u00edv n\u00e9z\u0151pontok kibont\u00e1sa,<\/span><\/td>\n<\/tr>\n<tr valign=\"top\">\n<td width=\"331\"><span style=\"font-family: Arial;\">a ki\u00e9rt\u00e9kel\u00e9s\u00e9rt felel\u0151s csapat fel\u00e1ll\u00edt\u00e1sa,<\/span><br \/>\n<span style=\"font-family: Arial;\">tapasztalati \u00faton t\u00f6rt\u00e9n\u0151, empirikus ki\u00e9rt\u00e9kel\u00e9s.<\/span><\/td>\n<\/tr>\n<\/tbody>\n<\/table>\n<p style=\"text-align: justify;\"><span style=\"font-family: Arial;\">\u2212 El\u00e9gedetts\u00e9g m\u00e9r\u00e9se<\/span><br \/>\n<span style=\"font-family: Arial;\">&#8211; klasszikus m\u00f3don: interj\u00fa, k\u00e9rd\u0151\u00edv,<\/span><\/p>\n<p style=\"text-align: justify;\"><span style=\"font-family: Arial;\">&#8211; rendhagy\u00f3 m\u00f3don: szem\u00e9lyes t\u00f6rt\u00e9netek, terep-napl\u00f3k, szerepj\u00e1t\u00e9k, rajz stb.<\/span><\/p>\n<p style=\"text-align: justify;\"><span style=\"font-family: Arial;\">\u2212 A megval\u00f3sul\u00e1si mutat\u00f3k sz\u00e1mszer\u0171s\u00edt\u00e9se \u00e9s kvantitat\u00edv \u00f6sszehasonl\u00edt\u00e1sa,<\/span><br \/>\n<span style=\"font-family: Arial;\">\u2212 Odafigyel\u00e9s a min\u0151s\u00e9gi mutat\u00f3k \u00e9rv\u00e9nyes\u00fcl\u00e9s\u00e9re,<\/span><br \/>\n<span style=\"font-family: Arial;\">\u2212 K\u00f6zvetett (r\u00e9sztvev\u0151k \u00e1ltal k\u00e9sz\u00edtett besz\u00e1mol\u00f3k) \u00e9s k\u00f6zvetlen (m\u00e9diumok) csatorn\u00e1k bevon\u00e1sa a v\u00e9geredm\u00e9ny nyilv\u00e1noss\u00e1 t\u00e9tel\u00e9re,<\/span><br \/>\n<span style=\"font-family: Arial;\">\u2212 Ut\u00e1nk\u00f6vet\u00e9sn\u00e9l a sikert\u00f6rt\u00e9netek kiemel\u00e9se, az eredm\u00e9nyess\u00e9g \u201emik\u00e9nt\u201d-jeinek bemutat\u00e1sa,<\/span><br \/>\n<span style=\"font-family: Arial;\">\u2212 L\u00e9nyeges a k\u00f6z\u00f6s \u00fcnnepl\u00e9s \u2013 tudatos\u00edtva, hogy ez a lez\u00e1r\u00e1s egy \u00faj munka kezdete is lehet,<\/span><br \/>\n<span style=\"font-family: Arial;\">\u2212 A k\u00f6z\u00f6ss\u00e9g felismeri \u00f6nmag\u00e1ban \u00e9s az \u00f6sszefog\u00e1sban rejl\u0151 er\u0151t, er\u0151sen motiv\u00e1lt projektek kidolgoz\u00e1s\u00e1ra \u00fajonnan meghat\u00e1rozott ir\u00e1nyok fel\u00e9.<\/span><\/p>\n<p><span style=\"font-family: Arial;\">L\u00e9nyeges-e mindezt folyamatos diskurzus t\u00e1rgy\u00e1v\u00e1 tenn\u00fcnk? S ha igen, mi\u00e9rt? Rem\u00e9lem, a fentiek seg\u00edtenek az olvas\u00f3nak saj\u00e1t v\u00e1laszait megfogalmazni!<\/span><br \/>\n<span style=\"font-family: Arial;\">Kiemelten fontosnak \u00e9rzem azt, hogy e k\u00e9rd\u00e9sek k\u00fcl\u00f6nb\u00f6z\u0151 t\u00f6rt\u00e9nelmi, t\u00e1rsadalmi \u00e9s kultur\u00e1lis szemsz\u00f6gb\u0151l ker\u00fcltek g\u00f3rcs\u0151 al\u00e1, s hogy a k\u00fcl\u00f6nb\u00f6z\u0151 v\u00e1laszokkal egym\u00e1st tudtuk er\u0151s\u00edteni. Amiben egyik orsz\u00e1g bizonytalanabb volt, abban a m\u00e1sik seg\u00edteni tudott j\u00f3 p\u00e9ld\u00e1ival \u00e9s vice versa.<\/span><br \/>\n<span style=\"font-family: Arial;\">Ez\u00e9rt is tartom nagyon l\u00e9nyegesnek, hogy ne csak az orsz\u00e1gon bel\u00fcli, hanem a nemzetk\u00f6zi gyakorlatra, p\u00e9lda\u00e9rt\u00e9k\u0171 m\u00f3dszerekre \u00e9s j\u00f3 p\u00e9ld\u00e1kra is figyelj\u00fcnk, s ne sajn\u00e1ljuk az id\u0151t \u00e9s energi\u00e1t a k\u00f6z\u00f6s gondolkoz\u00e1s lehet\u0151s\u00e9geinek megteremt\u00e9s\u00e9re!<\/span><\/p>\n","protected":false},"excerpt":{"rendered":"<p>A konferencia megszervez\u00e9s\u00e9nek aprop\u00f3ja az volt, hogy a RuralNet rom\u00e1n vid\u00e9kfejleszt\u00e9si h\u00e1l\u00f3zathoz \u00e9szrev\u00e9tel \u00e9rkezett p\u00e1ly\u00e1zati \u00e9rt\u00e9kel\u0151j\u00fckt\u0151l, mely szerint a folyamataikba nem vonj\u00e1k be kell\u0151k\u00e9ppen a c\u00e9lk\u00f6z\u00f6ns\u00e9get (a helyi lakoss\u00e1got), a tervez\u00e9st\u0151l eg\u00e9szen az ut\u00e1nk\u00f6vet\u00e9sig.<\/p>\n","protected":false},"author":315,"featured_media":3434,"comment_status":"open","ping_status":"open","sticky":false,"template":"","format":"standard","meta":{"_acf_changed":false,"footnotes":""},"categories":[600,8,7],"tags":[],"coauthors":[395],"class_list":["post-3385","post","type-post","status-publish","format-standard","has-post-thumbnail","hentry","category-parola-2009-2","category-parola-folyoirat","category-repertorium"],"acf":[],"yoast_head":"<!-- This site is optimized with the Yoast SEO plugin v26.7 - https:\/\/yoast.com\/wordpress\/plugins\/seo\/ -->\n<title>R\u00e9szv\u00e9teli vid\u00e9kfejleszt\u00e9s. Hogyan? Nemzetk\u00f6zi Konferencia, Bukarest, 2009. \u00e1prilis 2\u20134. - Parola Foly\u00f3irat<\/title>\n<meta name=\"robots\" content=\"index, follow, max-snippet:-1, max-image-preview:large, max-video-preview:-1\" \/>\n<link rel=\"canonical\" href=\"https:\/\/kofe.hu\/parola\/parola-folyoirat\/reszveteli-videkfejlesztes-hogyan-nemzetkozi-konferencia-bukarest-2009-aprilis-2-4\/\" \/>\n<meta property=\"og:locale\" content=\"hu_HU\" \/>\n<meta property=\"og:type\" content=\"article\" \/>\n<meta property=\"og:title\" content=\"R\u00e9szv\u00e9teli vid\u00e9kfejleszt\u00e9s. Hogyan? Nemzetk\u00f6zi Konferencia, Bukarest, 2009. \u00e1prilis 2\u20134. - Parola Foly\u00f3irat\" \/>\n<meta property=\"og:description\" content=\"A konferencia megszervez\u00e9s\u00e9nek aprop\u00f3ja az volt, hogy a RuralNet rom\u00e1n vid\u00e9kfejleszt\u00e9si h\u00e1l\u00f3zathoz \u00e9szrev\u00e9tel \u00e9rkezett p\u00e1ly\u00e1zati \u00e9rt\u00e9kel\u0151j\u00fckt\u0151l, mely szerint a folyamataikba nem vonj\u00e1k be kell\u0151k\u00e9ppen a c\u00e9lk\u00f6z\u00f6ns\u00e9get (a helyi lakoss\u00e1got), a tervez\u00e9st\u0151l eg\u00e9szen az ut\u00e1nk\u00f6vet\u00e9sig.\" \/>\n<meta property=\"og:url\" content=\"https:\/\/kofe.hu\/parola\/parola-folyoirat\/reszveteli-videkfejlesztes-hogyan-nemzetkozi-konferencia-bukarest-2009-aprilis-2-4\/\" \/>\n<meta property=\"og:site_name\" content=\"Parola Foly\u00f3irat\" \/>\n<meta property=\"article:published_time\" content=\"2020-07-11T14:27:04+00:00\" \/>\n<meta property=\"article:modified_time\" content=\"2020-07-30T11:56:59+00:00\" \/>\n<meta property=\"og:image\" content=\"https:\/\/kofe.hu\/parola\/wp-content\/uploads\/2020\/07\/09.2.jpeg\" \/>\n\t<meta property=\"og:image:width\" content=\"1297\" \/>\n\t<meta property=\"og:image:height\" content=\"1988\" \/>\n\t<meta property=\"og:image:type\" content=\"image\/jpeg\" \/>\n<meta name=\"author\" content=\"Kunt Bal\u00e1zs\" \/>\n<meta name=\"twitter:card\" content=\"summary_large_image\" \/>\n<meta name=\"twitter:label1\" content=\"Szerz\u0151:\" \/>\n\t<meta name=\"twitter:data1\" content=\"Kunt Bal\u00e1zs\" \/>\n\t<meta name=\"twitter:label2\" content=\"Becs\u00fclt olvas\u00e1si id\u0151\" \/>\n\t<meta name=\"twitter:data2\" content=\"8 perc\" \/>\n\t<meta name=\"twitter:label3\" content=\"Written by\" \/>\n\t<meta name=\"twitter:data3\" content=\"Kunt Bal\u00e1zs\" \/>\n<script type=\"application\/ld+json\" class=\"yoast-schema-graph\">{\"@context\":\"https:\/\/schema.org\",\"@graph\":[{\"@type\":\"Article\",\"@id\":\"https:\/\/kofe.hu\/parola\/parola-folyoirat\/reszveteli-videkfejlesztes-hogyan-nemzetkozi-konferencia-bukarest-2009-aprilis-2-4\/#article\",\"isPartOf\":{\"@id\":\"https:\/\/kofe.hu\/parola\/parola-folyoirat\/reszveteli-videkfejlesztes-hogyan-nemzetkozi-konferencia-bukarest-2009-aprilis-2-4\/\"},\"author\":{\"name\":\"Kunt Bal\u00e1zs\",\"@id\":\"https:\/\/kofe.hu\/parola\/#\/schema\/person\/f8c2c58057a902b0dd9eb2bf4bdf4a08\"},\"headline\":\"R\u00e9szv\u00e9teli vid\u00e9kfejleszt\u00e9s. Hogyan? Nemzetk\u00f6zi Konferencia, Bukarest, 2009. \u00e1prilis 2\u20134.\",\"datePublished\":\"2020-07-11T14:27:04+00:00\",\"dateModified\":\"2020-07-30T11:56:59+00:00\",\"mainEntityOfPage\":{\"@id\":\"https:\/\/kofe.hu\/parola\/parola-folyoirat\/reszveteli-videkfejlesztes-hogyan-nemzetkozi-konferencia-bukarest-2009-aprilis-2-4\/\"},\"wordCount\":1593,\"commentCount\":0,\"image\":{\"@id\":\"https:\/\/kofe.hu\/parola\/parola-folyoirat\/reszveteli-videkfejlesztes-hogyan-nemzetkozi-konferencia-bukarest-2009-aprilis-2-4\/#primaryimage\"},\"thumbnailUrl\":\"https:\/\/kofe.hu\/parola\/wp-content\/uploads\/2020\/07\/09.2.jpeg\",\"articleSection\":[\"Parola 2009\/2\",\"Parola Foly\u00f3irat\",\"Repert\u00f3rium\"],\"inLanguage\":\"hu\",\"potentialAction\":[{\"@type\":\"CommentAction\",\"name\":\"Comment\",\"target\":[\"https:\/\/kofe.hu\/parola\/parola-folyoirat\/reszveteli-videkfejlesztes-hogyan-nemzetkozi-konferencia-bukarest-2009-aprilis-2-4\/#respond\"]}]},{\"@type\":\"WebPage\",\"@id\":\"https:\/\/kofe.hu\/parola\/parola-folyoirat\/reszveteli-videkfejlesztes-hogyan-nemzetkozi-konferencia-bukarest-2009-aprilis-2-4\/\",\"url\":\"https:\/\/kofe.hu\/parola\/parola-folyoirat\/reszveteli-videkfejlesztes-hogyan-nemzetkozi-konferencia-bukarest-2009-aprilis-2-4\/\",\"name\":\"R\u00e9szv\u00e9teli vid\u00e9kfejleszt\u00e9s. Hogyan? Nemzetk\u00f6zi Konferencia, Bukarest, 2009. \u00e1prilis 2\u20134. - Parola Foly\u00f3irat\",\"isPartOf\":{\"@id\":\"https:\/\/kofe.hu\/parola\/#website\"},\"primaryImageOfPage\":{\"@id\":\"https:\/\/kofe.hu\/parola\/parola-folyoirat\/reszveteli-videkfejlesztes-hogyan-nemzetkozi-konferencia-bukarest-2009-aprilis-2-4\/#primaryimage\"},\"image\":{\"@id\":\"https:\/\/kofe.hu\/parola\/parola-folyoirat\/reszveteli-videkfejlesztes-hogyan-nemzetkozi-konferencia-bukarest-2009-aprilis-2-4\/#primaryimage\"},\"thumbnailUrl\":\"https:\/\/kofe.hu\/parola\/wp-content\/uploads\/2020\/07\/09.2.jpeg\",\"datePublished\":\"2020-07-11T14:27:04+00:00\",\"dateModified\":\"2020-07-30T11:56:59+00:00\",\"author\":{\"@id\":\"https:\/\/kofe.hu\/parola\/#\/schema\/person\/f8c2c58057a902b0dd9eb2bf4bdf4a08\"},\"breadcrumb\":{\"@id\":\"https:\/\/kofe.hu\/parola\/parola-folyoirat\/reszveteli-videkfejlesztes-hogyan-nemzetkozi-konferencia-bukarest-2009-aprilis-2-4\/#breadcrumb\"},\"inLanguage\":\"hu\",\"potentialAction\":[{\"@type\":\"ReadAction\",\"target\":[\"https:\/\/kofe.hu\/parola\/parola-folyoirat\/reszveteli-videkfejlesztes-hogyan-nemzetkozi-konferencia-bukarest-2009-aprilis-2-4\/\"]}]},{\"@type\":\"ImageObject\",\"inLanguage\":\"hu\",\"@id\":\"https:\/\/kofe.hu\/parola\/parola-folyoirat\/reszveteli-videkfejlesztes-hogyan-nemzetkozi-konferencia-bukarest-2009-aprilis-2-4\/#primaryimage\",\"url\":\"https:\/\/kofe.hu\/parola\/wp-content\/uploads\/2020\/07\/09.2.jpeg\",\"contentUrl\":\"https:\/\/kofe.hu\/parola\/wp-content\/uploads\/2020\/07\/09.2.jpeg\",\"width\":1297,\"height\":1988},{\"@type\":\"BreadcrumbList\",\"@id\":\"https:\/\/kofe.hu\/parola\/parola-folyoirat\/reszveteli-videkfejlesztes-hogyan-nemzetkozi-konferencia-bukarest-2009-aprilis-2-4\/#breadcrumb\",\"itemListElement\":[{\"@type\":\"ListItem\",\"position\":1,\"name\":\"Home\",\"item\":\"https:\/\/kofe.hu\/parola\/\"},{\"@type\":\"ListItem\",\"position\":2,\"name\":\"R\u00e9szv\u00e9teli vid\u00e9kfejleszt\u00e9s. Hogyan? Nemzetk\u00f6zi Konferencia, Bukarest, 2009. \u00e1prilis 2\u20134.\"}]},{\"@type\":\"WebSite\",\"@id\":\"https:\/\/kofe.hu\/parola\/#website\",\"url\":\"https:\/\/kofe.hu\/parola\/\",\"name\":\"Parola Foly\u00f3irat\",\"description\":\"\",\"potentialAction\":[{\"@type\":\"SearchAction\",\"target\":{\"@type\":\"EntryPoint\",\"urlTemplate\":\"https:\/\/kofe.hu\/parola\/?s={search_term_string}\"},\"query-input\":{\"@type\":\"PropertyValueSpecification\",\"valueRequired\":true,\"valueName\":\"search_term_string\"}}],\"inLanguage\":\"hu\"},{\"@type\":\"Person\",\"@id\":\"https:\/\/kofe.hu\/parola\/#\/schema\/person\/f8c2c58057a902b0dd9eb2bf4bdf4a08\",\"name\":\"Kunt Bal\u00e1zs\",\"image\":{\"@type\":\"ImageObject\",\"inLanguage\":\"hu\",\"@id\":\"https:\/\/kofe.hu\/parola\/#\/schema\/person\/image\/23494c9101089ad44ae88ce9d2f56aac\",\"url\":\"https:\/\/secure.gravatar.com\/avatar\/?s=96&d=mm&r=g\",\"contentUrl\":\"https:\/\/secure.gravatar.com\/avatar\/?s=96&d=mm&r=g\",\"caption\":\"Kunt Bal\u00e1zs\"},\"url\":\"https:\/\/kofe.hu\/parola\/szerzok\/kunt-balazs\/\"}]}<\/script>\n<!-- \/ Yoast SEO plugin. -->","yoast_head_json":{"title":"R\u00e9szv\u00e9teli vid\u00e9kfejleszt\u00e9s. Hogyan? Nemzetk\u00f6zi Konferencia, Bukarest, 2009. \u00e1prilis 2\u20134. - Parola Foly\u00f3irat","robots":{"index":"index","follow":"follow","max-snippet":"max-snippet:-1","max-image-preview":"max-image-preview:large","max-video-preview":"max-video-preview:-1"},"canonical":"https:\/\/kofe.hu\/parola\/parola-folyoirat\/reszveteli-videkfejlesztes-hogyan-nemzetkozi-konferencia-bukarest-2009-aprilis-2-4\/","og_locale":"hu_HU","og_type":"article","og_title":"R\u00e9szv\u00e9teli vid\u00e9kfejleszt\u00e9s. Hogyan? Nemzetk\u00f6zi Konferencia, Bukarest, 2009. \u00e1prilis 2\u20134. - Parola Foly\u00f3irat","og_description":"A konferencia megszervez\u00e9s\u00e9nek aprop\u00f3ja az volt, hogy a RuralNet rom\u00e1n vid\u00e9kfejleszt\u00e9si h\u00e1l\u00f3zathoz \u00e9szrev\u00e9tel \u00e9rkezett p\u00e1ly\u00e1zati \u00e9rt\u00e9kel\u0151j\u00fckt\u0151l, mely szerint a folyamataikba nem vonj\u00e1k be kell\u0151k\u00e9ppen a c\u00e9lk\u00f6z\u00f6ns\u00e9get (a helyi lakoss\u00e1got), a tervez\u00e9st\u0151l eg\u00e9szen az ut\u00e1nk\u00f6vet\u00e9sig.","og_url":"https:\/\/kofe.hu\/parola\/parola-folyoirat\/reszveteli-videkfejlesztes-hogyan-nemzetkozi-konferencia-bukarest-2009-aprilis-2-4\/","og_site_name":"Parola Foly\u00f3irat","article_published_time":"2020-07-11T14:27:04+00:00","article_modified_time":"2020-07-30T11:56:59+00:00","og_image":[{"width":1297,"height":1988,"url":"https:\/\/kofe.hu\/parola\/wp-content\/uploads\/2020\/07\/09.2.jpeg","type":"image\/jpeg"}],"author":"Kunt Bal\u00e1zs","twitter_card":"summary_large_image","twitter_misc":{"Szerz\u0151:":"Kunt Bal\u00e1zs","Becs\u00fclt olvas\u00e1si id\u0151":"8 perc","Written by":"Kunt Bal\u00e1zs"},"schema":{"@context":"https:\/\/schema.org","@graph":[{"@type":"Article","@id":"https:\/\/kofe.hu\/parola\/parola-folyoirat\/reszveteli-videkfejlesztes-hogyan-nemzetkozi-konferencia-bukarest-2009-aprilis-2-4\/#article","isPartOf":{"@id":"https:\/\/kofe.hu\/parola\/parola-folyoirat\/reszveteli-videkfejlesztes-hogyan-nemzetkozi-konferencia-bukarest-2009-aprilis-2-4\/"},"author":{"name":"Kunt Bal\u00e1zs","@id":"https:\/\/kofe.hu\/parola\/#\/schema\/person\/f8c2c58057a902b0dd9eb2bf4bdf4a08"},"headline":"R\u00e9szv\u00e9teli vid\u00e9kfejleszt\u00e9s. Hogyan? Nemzetk\u00f6zi Konferencia, Bukarest, 2009. \u00e1prilis 2\u20134.","datePublished":"2020-07-11T14:27:04+00:00","dateModified":"2020-07-30T11:56:59+00:00","mainEntityOfPage":{"@id":"https:\/\/kofe.hu\/parola\/parola-folyoirat\/reszveteli-videkfejlesztes-hogyan-nemzetkozi-konferencia-bukarest-2009-aprilis-2-4\/"},"wordCount":1593,"commentCount":0,"image":{"@id":"https:\/\/kofe.hu\/parola\/parola-folyoirat\/reszveteli-videkfejlesztes-hogyan-nemzetkozi-konferencia-bukarest-2009-aprilis-2-4\/#primaryimage"},"thumbnailUrl":"https:\/\/kofe.hu\/parola\/wp-content\/uploads\/2020\/07\/09.2.jpeg","articleSection":["Parola 2009\/2","Parola Foly\u00f3irat","Repert\u00f3rium"],"inLanguage":"hu","potentialAction":[{"@type":"CommentAction","name":"Comment","target":["https:\/\/kofe.hu\/parola\/parola-folyoirat\/reszveteli-videkfejlesztes-hogyan-nemzetkozi-konferencia-bukarest-2009-aprilis-2-4\/#respond"]}]},{"@type":"WebPage","@id":"https:\/\/kofe.hu\/parola\/parola-folyoirat\/reszveteli-videkfejlesztes-hogyan-nemzetkozi-konferencia-bukarest-2009-aprilis-2-4\/","url":"https:\/\/kofe.hu\/parola\/parola-folyoirat\/reszveteli-videkfejlesztes-hogyan-nemzetkozi-konferencia-bukarest-2009-aprilis-2-4\/","name":"R\u00e9szv\u00e9teli vid\u00e9kfejleszt\u00e9s. Hogyan? Nemzetk\u00f6zi Konferencia, Bukarest, 2009. \u00e1prilis 2\u20134. - Parola Foly\u00f3irat","isPartOf":{"@id":"https:\/\/kofe.hu\/parola\/#website"},"primaryImageOfPage":{"@id":"https:\/\/kofe.hu\/parola\/parola-folyoirat\/reszveteli-videkfejlesztes-hogyan-nemzetkozi-konferencia-bukarest-2009-aprilis-2-4\/#primaryimage"},"image":{"@id":"https:\/\/kofe.hu\/parola\/parola-folyoirat\/reszveteli-videkfejlesztes-hogyan-nemzetkozi-konferencia-bukarest-2009-aprilis-2-4\/#primaryimage"},"thumbnailUrl":"https:\/\/kofe.hu\/parola\/wp-content\/uploads\/2020\/07\/09.2.jpeg","datePublished":"2020-07-11T14:27:04+00:00","dateModified":"2020-07-30T11:56:59+00:00","author":{"@id":"https:\/\/kofe.hu\/parola\/#\/schema\/person\/f8c2c58057a902b0dd9eb2bf4bdf4a08"},"breadcrumb":{"@id":"https:\/\/kofe.hu\/parola\/parola-folyoirat\/reszveteli-videkfejlesztes-hogyan-nemzetkozi-konferencia-bukarest-2009-aprilis-2-4\/#breadcrumb"},"inLanguage":"hu","potentialAction":[{"@type":"ReadAction","target":["https:\/\/kofe.hu\/parola\/parola-folyoirat\/reszveteli-videkfejlesztes-hogyan-nemzetkozi-konferencia-bukarest-2009-aprilis-2-4\/"]}]},{"@type":"ImageObject","inLanguage":"hu","@id":"https:\/\/kofe.hu\/parola\/parola-folyoirat\/reszveteli-videkfejlesztes-hogyan-nemzetkozi-konferencia-bukarest-2009-aprilis-2-4\/#primaryimage","url":"https:\/\/kofe.hu\/parola\/wp-content\/uploads\/2020\/07\/09.2.jpeg","contentUrl":"https:\/\/kofe.hu\/parola\/wp-content\/uploads\/2020\/07\/09.2.jpeg","width":1297,"height":1988},{"@type":"BreadcrumbList","@id":"https:\/\/kofe.hu\/parola\/parola-folyoirat\/reszveteli-videkfejlesztes-hogyan-nemzetkozi-konferencia-bukarest-2009-aprilis-2-4\/#breadcrumb","itemListElement":[{"@type":"ListItem","position":1,"name":"Home","item":"https:\/\/kofe.hu\/parola\/"},{"@type":"ListItem","position":2,"name":"R\u00e9szv\u00e9teli vid\u00e9kfejleszt\u00e9s. Hogyan? Nemzetk\u00f6zi Konferencia, Bukarest, 2009. \u00e1prilis 2\u20134."}]},{"@type":"WebSite","@id":"https:\/\/kofe.hu\/parola\/#website","url":"https:\/\/kofe.hu\/parola\/","name":"Parola Foly\u00f3irat","description":"","potentialAction":[{"@type":"SearchAction","target":{"@type":"EntryPoint","urlTemplate":"https:\/\/kofe.hu\/parola\/?s={search_term_string}"},"query-input":{"@type":"PropertyValueSpecification","valueRequired":true,"valueName":"search_term_string"}}],"inLanguage":"hu"},{"@type":"Person","@id":"https:\/\/kofe.hu\/parola\/#\/schema\/person\/f8c2c58057a902b0dd9eb2bf4bdf4a08","name":"Kunt Bal\u00e1zs","image":{"@type":"ImageObject","inLanguage":"hu","@id":"https:\/\/kofe.hu\/parola\/#\/schema\/person\/image\/23494c9101089ad44ae88ce9d2f56aac","url":"https:\/\/secure.gravatar.com\/avatar\/?s=96&d=mm&r=g","contentUrl":"https:\/\/secure.gravatar.com\/avatar\/?s=96&d=mm&r=g","caption":"Kunt Bal\u00e1zs"},"url":"https:\/\/kofe.hu\/parola\/szerzok\/kunt-balazs\/"}]}},"_links":{"self":[{"href":"https:\/\/kofe.hu\/parola\/wp-json\/wp\/v2\/posts\/3385","targetHints":{"allow":["GET"]}}],"collection":[{"href":"https:\/\/kofe.hu\/parola\/wp-json\/wp\/v2\/posts"}],"about":[{"href":"https:\/\/kofe.hu\/parola\/wp-json\/wp\/v2\/types\/post"}],"author":[{"embeddable":true,"href":"https:\/\/kofe.hu\/parola\/wp-json\/wp\/v2\/users\/315"}],"replies":[{"embeddable":true,"href":"https:\/\/kofe.hu\/parola\/wp-json\/wp\/v2\/comments?post=3385"}],"version-history":[{"count":3,"href":"https:\/\/kofe.hu\/parola\/wp-json\/wp\/v2\/posts\/3385\/revisions"}],"predecessor-version":[{"id":4200,"href":"https:\/\/kofe.hu\/parola\/wp-json\/wp\/v2\/posts\/3385\/revisions\/4200"}],"wp:featuredmedia":[{"embeddable":true,"href":"https:\/\/kofe.hu\/parola\/wp-json\/wp\/v2\/media\/3434"}],"wp:attachment":[{"href":"https:\/\/kofe.hu\/parola\/wp-json\/wp\/v2\/media?parent=3385"}],"wp:term":[{"taxonomy":"category","embeddable":true,"href":"https:\/\/kofe.hu\/parola\/wp-json\/wp\/v2\/categories?post=3385"},{"taxonomy":"post_tag","embeddable":true,"href":"https:\/\/kofe.hu\/parola\/wp-json\/wp\/v2\/tags?post=3385"},{"taxonomy":"author","embeddable":true,"href":"https:\/\/kofe.hu\/parola\/wp-json\/wp\/v2\/coauthors?post=3385"}],"curies":[{"name":"wp","href":"https:\/\/api.w.org\/{rel}","templated":true}]}}