{"id":3381,"date":"2020-07-11T14:23:21","date_gmt":"2020-07-11T14:23:21","guid":{"rendered":"https:\/\/kofe.hu\/parola\/?p=3381"},"modified":"2020-07-30T11:56:16","modified_gmt":"2020-07-30T11:56:16","slug":"az-irorszagi-kozossegfejlesztes-tortenete","status":"publish","type":"post","link":"https:\/\/kofe.hu\/parola\/parola-folyoirat\/az-irorszagi-kozossegfejlesztes-tortenete\/","title":{"rendered":"Az \u00edrorsz\u00e1gi k\u00f6z\u00f6ss\u00e9gfejleszt\u00e9s t\u00f6rt\u00e9nete"},"content":{"rendered":"<p style=\"text-align: justify;\"><span style=\"font-family: Arial;\">Elhangzott a Oktat\u00e1s \u00e9s tanul\u00e1s a k\u00f6z\u00f6ss\u00e9gfejleszt\u00e9s\u00e9rt eur\u00f3pai h\u00e1l\u00f3zat\u00e1nak budapesti tal\u00e1lkoz\u00f3j\u00e1n, 2008. febru\u00e1r 19-\u00e9n<\/span><br \/>\n<span style=\"font-family: Arial;\">A Training and Lerarning for Community Development projekt, a Combined European Bureau for Social Development tagszervezeteinek szervez\u00e9s\u00e9ben<\/span><br \/>\n<!--more--><br \/>\n<b><span style=\"font-family: Arial;\">A hatvanas \u00e9vekig<\/span><\/b><\/p>\n<p><span style=\"font-family: Arial;\">Az \u00edr k\u00f6z\u00f6ss\u00e9gfejleszt\u00e9st ebben az id\u0151szakban az ENSZ defin\u00edci\u00f3ja jellemezte legjobban: \u201eaz emberek \u00e9s a korm\u00e1nyzat partners\u00e9ge a k\u00f6zj\u00f3 \u00e9rdek\u00e9ben\u201d.<\/span><br \/>\n<span style=\"font-family: Arial;\">Az \u00edrorsz\u00e1gi k\u00f6z\u00f6ss\u00e9gfejleszt\u00e9s gy\u00f6kerei az \u00edr farmereknek a mez\u0151gazdas\u00e1g g\u00e9pes\u00edt\u00e9s\u00e9t megel\u0151z\u0151en \u00e9l\u0151 k\u00f6z\u00f6ss\u00e9gi \u00f6nseg\u00edt\u0151-hagyom\u00e1ny\u00e1ra, a \u201e<\/span><i><span style=\"font-family: Arial;\">Meitheal\u201d<\/span><\/i><span style=\"font-family: Arial;\">-ra vezethet\u0151k vissza, mely sor\u00e1n arat\u00e1skor \u00e9s az \u00e9v m\u00e1s fontos id\u0151szakaiban a gazd\u00e1k rendszeresen seg\u00edts\u00e9get ny\u00fajtottak egym\u00e1snak. Ugyancsak fontos el\u0151zm\u00e9ny a sz\u00f6vetkezeti mozgalom, valamint az olyan vid\u00e9ki szervezetek magalakul\u00e1sa a harmincas \u00e9vek elej\u00e9n, mint pl. a Muintir na Tire. A Muintir na Tire egy meg\u00fajul\u00e1si mozgalom volt, amelyet John Hayes atya (k\u00e9s\u0151bbi kanonok) alap\u00edtott. A mez\u0151gazdas\u00e1gi termel\u0151k sz\u00f6vetkezeti mozgalmak\u00e9nt indult, majd az orsz\u00e1g katolikus egyh\u00e1zk\u00f6zs\u00e9geire \u00e9p\u00edtve l\u00e9trehozta az egyh\u00e1zk\u00f6zs\u00e9gi tan\u00e1csok orsz\u00e1gos h\u00e1l\u00f3zat\u00e1t. Az egyh\u00e1zk\u00f6zs\u00e9gi tan\u00e1csokat szakmai alapon szervezt\u00e9k, \u00e9s olyan csoportok k\u00e9pviseltett\u00e9k magukat benn\u00fck, mint a gazd\u00e1k, boltosok, ifj\u00fas\u00e1gi csoportok \u00e9s k\u00fcl\u00f6nb\u00f6z\u0151 szakm\u00e1k. Tulajdonk\u00e9ppen partners\u00e9gben \u00e1lltak az \u00e1llammal, hiszen az \u00e1llam adta a p\u00e9nzt, m\u00edg a helyi k\u00f6z\u00f6ss\u00e9gek biztos\u00edtott\u00e1k az \u00f6tleteket \u00e9s a munkaer\u0151t, sz\u00e1mos, f\u0151k\u00e9ppen infrastruktur\u00e1lis fejleszt\u00e9st val\u00f3s\u00edtva meg \u00edgy (pl. iskol\u00e1k, sportl\u00e9tes\u00edtm\u00e9nyek, k\u00f6z\u00f6ss\u00e9gi l\u00e9tes\u00edtm\u00e9nyek fejleszt\u00e9se).<\/span><br \/>\n<span style=\"font-family: Arial;\">A hatvanas, hetvenes \u00e9vek t\u00e1rsadalmi \u00e9s civil mozgalmai alak\u00edtott\u00e1k ki a modern \u00edr k\u00f6z\u00f6ss\u00e9gfejleszt\u00e9s arculat\u00e1t.<\/span><br \/>\n<b><span style=\"font-family: Arial;\">1973\u00a0<\/span><\/b><span style=\"font-family: Arial;\">\u00cdrorsz\u00e1g csatlakozik az Eur\u00f3pai Gazdas\u00e1gi K\u00f6z\u00f6ss\u00e9ghez (a mai EU-hoz).<\/span><br \/>\n<b><span style=\"font-family: Arial;\">1974\u00a0<\/span><\/b><span style=\"font-family: Arial;\">A Muintir na Tire, illetve a Dublin V\u00e1rosi \u00e9s Megyei \u00d6nkorm\u00e1nyzat k\u00f6z\u00f6ss\u00e9gi munk\u00e1sokat kezd alkalmazni. Ez az id\u0151szak egy olyan trend kiindul\u00f3pontj\u00e1nak tekinthet\u0151, amely egyre ink\u00e1bb a k\u00f6z\u00f6ss\u00e9gi munka szakm\u00e1v\u00e1 v\u00e1l\u00e1sa fel\u00e9 mutat. A Muintir na Tire ek\u00f6zben egyh\u00e1zk\u00f6zs\u00e9gekre \u00e9p\u00edt\u0151 kor\u00e1bbi strukt\u00far\u00e1j\u00e1t (amely j\u00f3r\u00e9szt szakmai szintekre \u00e9p\u00fclt) a k\u00e9pviseletet biztos\u00edt\u00f3 k\u00f6z\u00f6ss\u00e9gi tan\u00e1csok rendszer\u00e9vel v\u00e1ltja fel (amelyek f\u00f6ldrajzi alapon ker\u00fclnek megszervez\u00e9sre). A szelekci\u00f3 m\u00f3dja a v\u00e1laszt\u00e1s, megh\u00edv\u00e1s \u00e9s koopt\u00e1l\u00e1s volt.<\/span><br \/>\n<b><span style=\"font-family: Arial;\">1975\u00a0<\/span><\/b><span style=\"font-family: Arial;\">Az EU els\u0151 szeg\u00e9nys\u00e9gellenes programja (szeg\u00e9nys\u00e9gellenes kezdem\u00e9nyez\u00e9sek szerte a tagorsz\u00e1gokban), amely a k\u00f6z\u00f6ss\u00e9gfejleszt\u00e9s eszk\u00f6zeivel pr\u00f3b\u00e1lja kezelni a szeg\u00e9nys\u00e9g probl\u00e9mak\u00f6r\u00e9t.<\/span><br \/>\n<span style=\"font-family: Arial;\">Ebben az id\u0151ben teh\u00e1t \u201e\u00fajra felfedezt\u00e9k\u201d a szeg\u00e9nys\u00e9get, amelynek eredm\u00e9nyek\u00e9ppen az \u00f6nszervez\u00e9s f\u00f3kusza az egyh\u00e1zk\u00f6zs\u00e9gekt\u0151l a specifikus t\u00e1rsadalmi kateg\u00f3ri\u00e1kra \u00e9s a szeg\u00e9nys\u00e9get \u00e9s h\u00e1tr\u00e1nyos helyzetet meg\u00e9l\u0151 k\u00f6z\u00f6ss\u00e9gekre helyez\u0151d\u00f6tt \u00e1t. Az \u00fajfajta k\u00f6z\u00f6ss\u00e9gfejleszt\u00e9s legfontosabb t\u00e9m\u00e1i a munkan\u00e9lk\u00fclis\u00e9g, a mag\u00e1nyos sz\u00fcl\u0151k, az utaz\u00f3 cig\u00e1nyok\/ v\u00e1ndorok \u00e9s a n\u0151k sz\u00fcks\u00e9gletei voltak.<\/span><br \/>\n<b><span style=\"font-family: Arial;\">1979\u00a0<\/span><\/b><span style=\"font-family: Arial;\">Charlie Haughey, az akkori eg\u00e9szs\u00e9g\u00fcgyi miniszter poz\u00edci\u00f3kat hozott l\u00e9tre a k\u00f6z\u00f6ss\u00e9gi munk\u00e1sok sz\u00e1m\u00e1ra az eg\u00e9szs\u00e9g\u00fcgyi test\u00fcleteken bel\u00fcl, \u00e9s a k\u00f6z\u00f6ss\u00e9gfejleszt\u0151k szoci\u00e1lis munk\u00e1s teamekben ker\u00fcltek alkalmaz\u00e1sra.<\/span><\/p>\n<p><b><span style=\"font-family: Arial;\">A nyolcvanas \u00e9vek<\/span><\/b><\/p>\n<p><span style=\"font-family: Arial;\">Ebben az id\u0151szakban a k\u00f6z\u00f6ss\u00e9gi munka egyre ink\u00e1bb a probl\u00e9ma-alap\u00fa megk\u00f6zel\u00edt\u00e9sek ir\u00e1ny\u00e1ba mozdult el, a kih\u00edv\u00e1sokra \u00e9s a v\u00e1ltoz\u00e1sra helyezve a hangs\u00falyt \u2013 \u00edgy a k\u00f6z\u00f6ss\u00e9gi munka a t\u00e1rsadalmi v\u00e1ltoz\u00e1s \u00e9s t\u00e1rsadalmi igazs\u00e1goss\u00e1g keretrendszer\u00e9nek r\u00e9sz\u00e9v\u00e9 v\u00e1lt.<\/span><br \/>\n<span style=\"font-family: Arial;\">Az 1980-as \u00e9vek a k\u00f6z\u00f6ss\u00e9gi er\u0151forr\u00e1sk\u00f6zpontok int\u00e9zm\u00e9ny\u00e9t \u00e9s sz\u00e1mos n\u0151i szervezet megalakul\u00e1s\u00e1t hozt\u00e1k, amelyek k\u00f6z\u00fcl sok er\u0151teljesen k\u00f6z\u00f6ss\u00e9gfejleszt\u0151 be\u00e1ll\u00edtotts\u00e1g\u00fa volt. A lok\u00e1lis-glob\u00e1lis f\u00f3kusz ekkor v\u00e1lt meghat\u00e1roz\u00f3v\u00e1, hiszen egyre t\u00f6bb pap, ap\u00e1ca \u00e9s m\u00e1s szakember t\u00e9rt vissza a fejl\u0151d\u0151 orsz\u00e1gokb\u00f3l, \u00e9s sok k\u00f6z\u00f6ss\u00e9gfejleszt\u0151 ker\u00fclt kapcsolatba a glob\u00e1lis szolidarit\u00e1si csoportokkal is.<\/span><br \/>\n<b><span style=\"font-family: Arial;\">1981\u00a0<\/span><\/b><span style=\"font-family: Arial;\">A\u00a0<\/span><b><span style=\"font-family: Arial;\">K\u00f6z\u00f6ss\u00e9gi Munk\u00e1sok Sz\u00f6vetkezete<\/span><\/b><span style=\"font-family: Arial;\">\u00a0(Community Workers Co-operative \u2013 CWC) azon szakemberek orsz\u00e1gos h\u00e1l\u00f3zatak\u00e9nt j\u00f6tt l\u00e9tre, akik k\u00f6z\u00f6ss\u00e9gi szinten dolgoznak a t\u00e1rsadalmi v\u00e1ltoz\u00e1s\u00e9rt.\u00a0<\/span><i><span style=\"font-family: Arial;\">(A szerz\u0151 is e sz\u00f6vetkezetben dolgozik. A szerk.)<\/span><\/i><br \/>\n<span style=\"font-family: Arial;\">Az els\u0151 k\u00f6z\u00f6ss\u00e9gi munka szakk\u00e9pz\u00e9s a\u00a0<\/span><b><span style=\"font-family: Arial;\">Maynooth-i \u00cdr Nemzeti Egyetemen\u00a0<\/span><\/b><span style=\"font-family: Arial;\">(National University of Ireland, Maynooth) ker\u00fclt megszervez\u00e9sre, ezt k\u00f6vette az els\u0151 nem-gradu\u00e1lis szakmai diploma 1985-ben.<\/span><br \/>\n<b><span style=\"font-family: Arial;\">1985\u00a0<\/span><\/b><span style=\"font-family: Arial;\">Az EU m\u00e1sodik szeg\u00e9nys\u00e9gellenes programja.<\/span><br \/>\n<span style=\"font-family: Arial;\">A nyolcvanas \u00e9vek k\u00f6zep\u00e9t k\u00f6vet\u0151en, miut\u00e1n a korm\u00e1nyzat bel\u00e1tta annak fontoss\u00e1g\u00e1t, hogy sz\u00fcks\u00e9glet-alap\u00fa strat\u00e9giai v\u00e1laszokat adjon a szeg\u00e9nys\u00e9gre, munkan\u00e9lk\u00fclis\u00e9gre \u00e9s h\u00e1tr\u00e1nyos helyzetre, a k\u00f6z\u00f6ss\u00e9gfejleszt\u00e9s kulcsfontoss\u00e1g\u00fa mechanizmuss\u00e1 v\u00e1lt a sz\u00fcks\u00e9gletek kiel\u00e9g\u00edt\u00e9s\u00e9t c\u00e9lz\u00f3 tev\u00e9kenys\u00e9gek \u00e9s szolg\u00e1ltat\u00e1sok kialak\u00edt\u00e1s\u00e1ban, \u00e9s egy integr\u00e1ltabb, \u00f6sszetart\u00f3bb t\u00e1rsadalom megteremt\u00e9s\u00e9ben. A k\u00f6z\u00f6ss\u00e9gfejleszt\u00e9s alkalmaz\u00e1sa az\u00e9rt bizonyult \u00e9sszer\u0171 d\u00f6nt\u00e9snek a szeg\u00e9nys\u00e9ggel \u00e9s h\u00e1tr\u00e1nyos helyzettel folytatott k\u00fczdelemben, mert az emberek k\u00e9pess\u00e9 t\u00e9tel\u00e9t c\u00e9lozta \u2013 mi\u00e1ltal a kirekesztett csoportok \u00e9s egy\u00e9nek kapacit\u00e1sai olyan szintre fejleszthet\u0151k, hogy k\u00e9pess\u00e9 v\u00e1lnak margin\u00e1lis helyzet\u00fck okainak \u00e9s k\u00f6vetkezm\u00e9nyeinek orvosl\u00e1s\u00e1ra.<\/span><br \/>\n<b><span style=\"font-family: Arial;\">1986\u00a0<\/span><\/b><span style=\"font-family: Arial;\">L\u00e9trej\u00f6n az \u00cdr Szeg\u00e9nys\u00e9gellenes Int\u00e9zet (Combat Poverty Agency), az egyetlen olyan \u00edr \u00e1llami int\u00e9zm\u00e9ny, amely specifikusan a szeg\u00e9nys\u00e9g megel\u0151z\u00e9s\u00e9re, illetve felsz\u00e1mol\u00e1s\u00e1ra \u00f6sszpontos\u00edt, \u00e9s hangs\u00falyozza a k\u00f6z\u00f6ss\u00e9gfejleszt\u00e9s szerep\u00e9t ebben a folyamatban. A szervezet k\u00f6zponti szerepet j\u00e1tszott az EU szeg\u00e9nys\u00e9gellenes programjainak t\u00e1mogat\u00e1s\u00e1ban.<\/span><br \/>\n<span style=\"font-family: Arial;\">Ebben az id\u0151ben jelentek meg a k\u00e9pz\u00e9si elemet is tartalmaz\u00f3 k\u00f6zvetlen \u00e1tmeneti foglalkoztat\u00e1si programok tart\u00f3san munkan\u00e9lk\u00fcliek sz\u00e1m\u00e1ra (ma ezt k\u00f6z\u00f6ss\u00e9gi foglalkoztat\u00e1sk\u00e9nt tartjuk sz\u00e1mon). Ezek a programok az \u00f6nk\u00e9ntes \u00e9s k\u00f6z\u00f6ss\u00e9gi szektor szervezeteit\u0151l jutnak forr\u00e1sokhoz, \u00e9s b\u00e1r gyakorta \u00e9ri \u0151ket kritika, m\u00e9gis a szem\u00e9lyzeti \u00e9s m\u00e1s er\u0151forr\u00e1sok els\u0151dleges forr\u00e1sainak tekinthet\u0151k. A kilencvenes \u00e9vek elej\u00e9ig ezeket a programokat korl\u00e1tozott sz\u00e1mban val\u00f3s\u00edtott\u00e1k meg \u2013 1992-ben p\u00e9ld\u00e1ul 12 000-en vettek r\u00e9szt a Szoci\u00e1lis Foglalkoztat\u00e1si Programban (Social Employment Scheme \u2013 SES), m\u00edg az ezt k\u00f6vet\u0151 K\u00f6z\u00f6ss\u00e9gi Foglalkoztat\u00e1s programban 1995 v\u00e9g\u00e9n mintegy 40 000 r\u00e9sztvev\u0151 vett r\u00e9szt (Office of Tanaiste 1995). Az elm\u00falt \u00e9vek l\u00e9tsz\u00e1mcs\u00f6kkent\u00e9seit k\u00f6vet\u0151en a r\u00e9sztvev\u0151k sz\u00e1ma jelenleg mintegy 20 000 f\u0151re becs\u00fclhet\u0151.<\/span><\/p>\n<p><b><span style=\"font-family: Arial;\">A kilencvenes \u00e9vekt\u0151l a XXI. sz\u00e1zadig<\/span><\/b><\/p>\n<p><span style=\"font-family: Arial;\">Tal\u00e1n a kilencvenes \u00e9vek m\u00e1sodik fele, illetve a 2000-es \u00e9vek eleje hozta a legdr\u00e1maibb v\u00e1ltoz\u00e1sokat \u00e9s kih\u00edv\u00e1sokat a k\u00f6z\u00f6ss\u00e9gfejleszt\u00e9s sz\u00e1m\u00e1ra. A gyakorlatban ez t\u00f6bb elk\u00f6telez\u0151d\u00e9st jelentett az \u00e1llam ir\u00e1ny\u00e1ba \u2013 amely sajnos nem mindig v\u00e1lt a szektor haszn\u00e1ra.<\/span><br \/>\n<b><span style=\"font-family: Arial;\">1990 Az EU harmadik szeg\u00e9nys\u00e9gellenes programja<\/span><\/b><br \/>\n<b><span style=\"font-family: Arial;\">K\u00f6z\u00f6ss\u00e9gfejleszt\u0151 Programok\u00a0<\/span><\/b><span style=\"font-family: Arial;\">(Community Development Programmes \u2013 CDPs): a K\u00f6z\u00f6ss\u00e9gfejleszt\u0151 Program azt k\u00f6vet\u0151en j\u00f6tt l\u00e9tre, hogy sz\u00e9les k\u00f6rben felismert\u00e9k a k\u00f6z\u00f6ss\u00e9gfejleszt\u00e9s potenci\u00e1lj\u00e1t a szeg\u00e9nys\u00e9g \u00e9s h\u00e1tr\u00e1nyos helyzet kezel\u00e9s\u00e9ben. Ez volt az els\u0151 orsz\u00e1gosan finansz\u00edrozott k\u00f6z\u00f6ss\u00e9gfejleszt\u0151 program, amely egyar\u00e1nt tartalmazott vid\u00e9ki \u00e9s v\u00e1rosi projekteket, illetve \u201elok\u00e1lis\u201d \u00e9s \u201e\u00e9rdek\u00e9rv\u00e9nyes\u00edt\u0151\u201d projekteket is.<\/span><br \/>\n<span style=\"font-family: Arial;\">A jelenlegi CDP k\u00f6z\u00f6ss\u00e9gfejleszt\u00e9si programot a K\u00f6z\u00f6ss\u00e9gi \u00dcgyek, Vid\u00e9kfejleszt\u00e9si \u00dcgyek \u00e9s Gael Nyelv\u0171 R\u00e9gi\u00f3k Miniszt\u00e9riuma ir\u00e1ny\u00edtja. Helyi szinten a K\u00f6z\u00f6ss\u00e9gfejleszt\u0151 Programok, amelyek a program t\u00e9nyleges magj\u00e1t k\u00e9pezik, \u00e1ltal\u00e1ban (de nem mindig) olyan szomsz\u00e9ds\u00e1gi er\u0151forr\u00e1sk\u00f6zpontokat, illetve gy\u00fajt\u00f3pontokat takarnak, ahonnan az adott k\u00f6z\u00f6ss\u00e9gben a cselekv\u00e9sek kiindulnak, illetve megval\u00f3sulnak. A program 25 milli\u00f3 eur\u00f3s k\u00f6lts\u00e9gvet\u00e9ssel rendelkezik, \u00e9s mintegy 196 t\u00e1mogatott csoportot\/szervezetet foglal mag\u00e1ba, bele\u00e9rtve hat region\u00e1lis t\u00e1mogat\u00f3 szervezetet is.<\/span><br \/>\n<span style=\"font-family: Arial;\">A k\u00f6z\u00f6ss\u00e9gfejleszt\u0151 tev\u00e9kenys\u00e9g h\u00e1torsz\u00e1g\u00e1ban helyezkedik el t\u00f6bbek k\u00f6z\u00f6tt a 2000\u20132006-os Nemzeti Fejleszt\u00e9si Terv (National Development Plan \u2013 NDP), amely sz\u00e1mos programot t\u00e1mogat, k\u00f6zt\u00fck k\u00f6z\u00f6ss\u00e9gfejleszt\u0151, es\u00e9lyegyenl\u0151s\u00e9gi, gyermekgondoz\u00e1si, illetve hat\u00e1rmenti b\u00e9k\u00e9ltet\u0151 programokat, valamint ifj\u00fas\u00e1gi szolg\u00e1ltat\u00e1sokat is.<\/span><br \/>\n<b><span style=\"font-family: Arial;\">Helyi Fejleszt\u00e9si Program a T\u00e1rsadalmi Befogad\u00e1s\u00e9rt\u00a0<\/span><\/b><span style=\"font-family: Arial;\">(Local Development Social Inclusion Programme \u2013 LDSIP)<\/span><br \/>\n<span style=\"font-family: Arial;\">Az LDSIP olyan int\u00e9zked\u00e9sek sorozata, melyek c\u00e9lja a h\u00e1tr\u00e1nyos helyzet ellens\u00falyoz\u00e1sa, valamint az es\u00e9lyegyenl\u0151s\u00e9g \u00e9s a t\u00e1rsadalmi\/gazdas\u00e1gi befogad\u00e1s \u00fcgy\u00e9nek el\u0151mozd\u00edt\u00e1sa. Az LDSIP-t az \u00edr korm\u00e1ny \u00e9s az EU \u00e1ltal a t\u00e1rsadalomhoz tartoz\u00e1s el\u0151seg\u00edt\u00e9s\u00e9\u00e9rt m\u0171k\u00f6dtetett POBAL ir\u00e1ny\u00edtja, a K\u00f6z\u00f6ss\u00e9gi \u00dcgyek, Vid\u00e9kfejleszt\u00e9si \u00dcgyek \u00e9s Gael Nyelv\u0171 R\u00e9gi\u00f3k Miniszt\u00e9riuma megb\u00edz\u00e1s\u00e1b\u00f3l. A programot a 2000\u20132006-os Nemzeti Fejleszt\u00e9si Terv keretein bel\u00fcl finansz\u00edrozz\u00e1k, annak hat\u00e1rmenti, belter\u00fcleti, nyugati, d\u00e9li \u00e9s keleti operat\u00edv programjain kereszt\u00fcl. Az int\u00e9zked\u00e9s a \u201er\u00e9gi\u00f3k t\u00e1rsadalmi befogad\u00e1s\/gyermekgondoz\u00e1si\u201d priorit\u00e1s\u00e1nak hat\u00e1sk\u00f6r\u00e9be esik.<\/span><br \/>\n<span style=\"font-family: Arial;\">Az LDSIP keretei k\u00f6zt a partners\u00e9gek rugalmas m\u00f3don alak\u00edthatnak ki helyi fejleszt\u00e9si terveket a helyi gazdas\u00e1gi \u00e9s t\u00e1rsadalmi sz\u00fcks\u00e9gletek kiel\u00e9g\u00edt\u00e9s\u00e9re. B\u00e1r az LDSIP \u00e1ltal t\u00e1mogatott tev\u00e9kenys\u00e9gek integr\u00e1lt v\u00e1laszokat adnak a t\u00e1rsadalmi kirekeszt\u00e9s t\u00f6bbdimenzi\u00f3s term\u00e9szet\u00e9re, itt m\u00e9gis a v\u00e9gzett tev\u00e9kenys\u00e9g szerint csoportos\u00edtjuk \u0151ket:<\/span><br \/>\n<span style=\"font-family: Arial;\">\u2013 szolg\u00e1ltat\u00e1sok munkan\u00e9lk\u00fcliek r\u00e9sz\u00e9re;<\/span><br \/>\n<span style=\"font-family: Arial;\">\u2013 k\u00f6z\u00f6ss\u00e9gfejleszt\u00e9s;<\/span><br \/>\n<span style=\"font-family: Arial;\">\u2013 k\u00f6z\u00f6ss\u00e9g alap\u00fa ifj\u00fas\u00e1gi kezdem\u00e9nyez\u00e9sek.<\/span><br \/>\n<span style=\"font-family: Arial;\">Az LDSIP-et helyi szinten 38 ter\u00fcleti alap\u00fa partners\u00e9g, 30 k\u00f6z\u00f6ss\u00e9gi partners\u00e9g, illetve k\u00e9t foglalkoztat\u00e1si meg\u00e1llapod\u00e1s alkotja.<\/span><br \/>\n<span style=\"font-family: Arial;\">Ezeket a nonprofit v\u00e1llalatokat az orsz\u00e1g legink\u00e1bb h\u00e1tr\u00e1nyos helyzet\u0171 ter\u00fcletein hozt\u00e1k l\u00e9tre, hogy helyi alap\u00fa v\u00e1laszokat adjanak a tart\u00f3s munkan\u00e9lk\u00fclis\u00e9gre, \u00e9s el\u0151seg\u00edts\u00e9k a t\u00e1rsadalmi befogad\u00e1st. Ezek a partners\u00e9gek val\u00f3j\u00e1ban r\u00e9szv\u00e9nyt\u0151ke n\u00e9lk\u00fcli korl\u00e1tolt felel\u0151ss\u00e9g\u0171 t\u00e1rsas\u00e1gok.<\/span><\/p>\n<p><b><span style=\"font-family: Arial;\">T\u00e1rsadalmi partners\u00e9g<\/span><\/b><\/p>\n<p><span style=\"font-family: Arial;\">A mai napig gyakorlatilag minden helyi tervez\u00e9sre vonatkoz\u00f3 d\u00f6nt\u00e9st a helyi \u00f6nkorm\u00e1nyzatok \u00e9s az \u00e1llami \u00fcgyn\u00f6ks\u00e9gek hoznak meg, j\u00f3 esetben a helyi \u00e9rdekek bizonyos m\u00e9rt\u00e9k\u0171 figyelembev\u00e9tel\u00e9vel. Ahogy a k\u00f6z\u00f6ss\u00e9gi \u00e9s \u00f6nk\u00e9ntes tev\u00e9kenys\u00e9g vir\u00e1gz\u00e1snak indult, a korm\u00e1ny egyre ink\u00e1bb elismerte \u00e9s mag\u00e9v\u00e1 tette azt \u2013 ez f\u0151k\u00e9nt a szakma korm\u00e1nyzaton bel\u00fcli k\u00e9pviselet\u00e9ben, illetve a korm\u00e1nyzat \u00e1ltal finansz\u00edrozott bizotts\u00e1gokban, munkacsoportokban val\u00f3 r\u00e9szv\u00e9telben nyilv\u00e1nult meg. Ez a l\u00e9p\u00e9s, mely sor\u00e1n kapcsolatot teremtenek a civil szervezetekkel \u00e9s bevonj\u00e1k \u0151ket a helyi d\u00f6nt\u00e9shozatalba, \u201ehelyi t\u00e1rsadalmi partners\u00e9gk\u00e9nt\u201d v\u00e1lt ismertt\u00e9. Mindez j\u00f3l t\u00fckr\u00f6zi azt a folyamatot, ami orsz\u00e1gos szinten a nemzeti t\u00e1rsul\u00e1si meg\u00e1llapod\u00e1sokn\u00e1l v\u00e9gbement a korm\u00e1ny, szakszervezetek, munk\u00e1ltat\u00f3k, a gazd\u00e1k, valamint a \u201ek\u00f6z\u00f6ss\u00e9gi \u00e9s \u00f6nk\u00e9ntes pill\u00e9r\u201d k\u00e9pvisel\u0151i k\u00f6z\u00f6tt. M\u00edg kor\u00e1bban a t\u00e1rsadalmi partners\u00e9g a gazdas\u00e1gi, \u00e9s kisebb m\u00e9rt\u00e9kben a t\u00e1rsadalmi fejl\u0151d\u00e9sr\u0151l sz\u00f3lt, a fogalmat k\u00e9s\u0151bb kieg\u00e9sz\u00edtett\u00e9k a t\u00e1rsadalmi befogad\u00e1s koncepci\u00f3j\u00e1val, v\u00e1laszul az egyre komolyabb gazdas\u00e1gi \u00e9s t\u00e1rsadalmi probl\u00e9m\u00e1kra.<\/span><br \/>\n<span style=\"font-family: Arial;\">Az els\u0151 t\u00e1rsadalmi partners\u00e9gr\u0151l sz\u00f3l\u00f3 megegyez\u00e9s az 1987-es\u00a0<\/span><b><span style=\"font-family: Arial;\">Nemzeti fel\u00e9p\u00fcl\u00e9s programja\u00a0<\/span><\/b><span style=\"font-family: Arial;\">volt. A partners\u00e9gi megk\u00f6zel\u00edt\u00e9sek komoly kih\u00edv\u00e1sokat \u00e1ll\u00edtottak a k\u00f6z\u00f6ss\u00e9gi munk\u00e1sok \u00e9s szervezetek el\u00e9 helyi \u00e9s orsz\u00e1gos szinten egyar\u00e1nt, \u00e9s egy sor olyan mechanizmus (pl. f\u00f3rumok, platformok) fel\u00e1ll\u00edt\u00e1s\u00e1t k\u00f6vetelt\u00e9k meg, amelyek lehet\u0151v\u00e9 tett\u00e9k a kialakul\u00f3f\u00e9lben l\u00e9v\u0151 szektor sz\u00e1m\u00e1ra, hogy partnerk\u00e9nt m\u0171k\u00f6djenek egy\u00fctt a t\u00f6bbiekkel ebben a folyamatban. A\u00a0<\/span><b><span style=\"font-family: Arial;\">K\u00f6z\u00f6ss\u00e9gi Platform<\/span><\/b><span style=\"font-family: Arial;\">\u00a0(Community Platform) 1996-ban j\u00f6tt l\u00e9tre a k\u00f6z\u00f6ss\u00e9gi szektor f\u00f3rumak\u00e9nt a t\u00e1rsadalmi partners\u00e9gben v\u00e9gzett munka seg\u00edt\u00e9s\u00e9re. A k\u00f6z\u00f6ss\u00e9gi pill\u00e9r r\u00e9szek\u00e9nt a Platform r\u00e9szt vett az 1997-es IV. Nemzeti Partners\u00e9gi Meg\u00e1llapod\u00e1sban, a \u201ePartners\u00e9g 2000-ben\u201d, valamint az azt k\u00f6vet\u0151 \u201eProgram a prosperit\u00e1s\u00e9rt \u00e9s igazs\u00e1goss\u00e1g\u00e9rt\u201d szervez\u00e9s\u00e9ben is, ugyancsak 2000-ben.<\/span><br \/>\n<b><span style=\"font-family: Arial;\">1997 A Nemzeti Szeg\u00e9nys\u00e9gellenes Strat\u00e9gia\u00a0<\/span><\/b><span style=\"font-family: Arial;\">(National Anti-Poverty Strategy \u2013 NAPS), amely<\/span><b><span style=\"font-family: Arial;\">\u00a0<\/span><\/b><span style=\"font-family: Arial;\">1997-ben indult \u00fatj\u00e1ra, majd 2002-ben \u00e9s 2006-ban fel\u00fclvizsg\u00e1lt\u00e1k. Ez egy olyan, a korm\u00e1nyzat minden elem\u00e9nek r\u00e9szv\u00e9tel\u00e9vel megval\u00f3sul\u00f3 \u00e1tfog\u00f3 \u00e9s koordin\u00e1lt megk\u00f6zel\u00edt\u00e9s, amelyben minden korm\u00e1nyprogramot \u00e9s ir\u00e1nyelvet \u00e1that a szeg\u00e9nys\u00e9g elleni k\u00fczdelem, s szeg\u00e9nys\u00e9gellenes c\u00e9lpontokat t\u0171znek ki az olyan ter\u00fcleteken, mint pl. h\u00e1tr\u00e1nyos helyzet az oktat\u00e1sban, h\u00e1tr\u00e1nyos helyzet a vid\u00e9ki \u00e9s v\u00e1rosi k\u00f6z\u00f6ss\u00e9gekben, munkan\u00e9lk\u00fclis\u00e9g vagy bev\u00e9teli szeg\u00e9nys\u00e9g.<\/span><br \/>\n<b><span style=\"font-family: Arial;\">1999 L<\/span><\/b><span style=\"font-family: Arial;\">\u00e9trej\u00f6n az\u00a0<\/span><b><span style=\"font-family: Arial;\">Es\u00e9lyegyenl\u0151s\u00e9gi Hat\u00f3s\u00e1g<\/span><\/b><span style=\"font-family: Arial;\">\u00a0(Equality Authority),<\/span><b><span style=\"font-family: Arial;\">\u00a0<\/span><\/b><span style=\"font-family: Arial;\">amely a munkahelyi diszkrimin\u00e1ci\u00f3val \u00e9s es\u00e9lyegyenl\u0151s\u00e9ggel kapcsolatos k\u00e9rd\u00e9sekkel foglakozik, valamint mindenki \u00e1ltal hozz\u00e1f\u00e9rhet\u0151 er\u0151forr\u00e1sokat, szolg\u00e1ltat\u00e1sokat, l\u00e9tes\u00edtm\u00e9nyeket \u00e9s m\u00e1s lehet\u0151s\u00e9geket biztos\u00edt.<\/span><br \/>\n<b><span style=\"font-family: Arial;\">2000\u00a0<\/span><\/b><span style=\"font-family: Arial;\">Hat\u00e1lyba l\u00e9p az\u00a0<\/span><b><span style=\"font-family: Arial;\">egyenl\u0151 st\u00e1tusz t\u00f6rv\u00e9nye\u00a0<\/span><\/b><span style=\"font-family: Arial;\">(Equal Status Act), amely az Es\u00e9lyegyenl\u0151s\u00e9gi Hat\u00f3s\u00e1g megalap\u00edt\u00e1s\u00e1val p\u00e1rhuzamosan szignifik\u00e1ns szerepet v\u00e1llal a k\u00f6z\u00f6ss\u00e9gi szektor es\u00e9lyegyenl\u0151s\u00e9gi vonal\u00e1nak t\u00e1mogat\u00e1s\u00e1ban.<\/span><br \/>\n<span style=\"font-family: Arial;\">A<\/span><b><span style=\"font-family: Arial;\">\u00a0RAPID<\/span><\/b><span style=\"font-family: Arial;\">\u00a0(Revitalising Areas by Planning, Investment and Development \u2013 Ter\u00fcleti \u00fajj\u00e1\u00e9leszt\u00e9s tervez\u00e9ssel, befektet\u00e9ssel \u00e9s fejleszt\u00e9ssel) az orsz\u00e1g 25 legink\u00e1bb h\u00e1tr\u00e1nyos helyzet\u0171 k\u00f6z\u00f6ss\u00e9g\u00e9re koncentr\u00e1l. A programot a K\u00f6z\u00f6ss\u00e9gi \u00dcgyek, Vid\u00e9kfejleszt\u00e9si \u00dcgyek \u00e9s Gael Nyelv\u0171 R\u00e9gi\u00f3k Miniszt\u00e9rium\u00e1nak megb\u00edz\u00e1s\u00e1b\u00f3l az ADM ir\u00e1ny\u00edtja. Ezeket a ter\u00fcleteket befektet\u00e9si \u00e9s fejleszt\u00e9si priorit\u00e1snak tekintik sz\u00e1mos olyan t\u00e9m\u00e1ban, mint pl. a foglalkoztat\u00e1s, eg\u00e9szs\u00e9g\u00fcgy, ifj\u00fas\u00e1gi munka, drogfelvil\u00e1gos\u00edt\u00e1s, lak\u00e1s\u00fcgy, ir\u00e1nyelvfejleszt\u00e9s, gyerekgondoz\u00e1s vagy k\u00f6z\u00f6ss\u00e9gi l\u00e9tes\u00edtm\u00e9nyek. A Rapid m\u00e1sodik programj\u00e1t a 2002-es \u00e9v elej\u00e9n jelentett\u00e9k be \u2013 ez a vid\u00e9ki v\u00e1rosok h\u00e1tr\u00e1nyos helyzet\u0171 \u201eszigeteivel\u201d foglalkozik. Jelenleg egy, az \u00e1llami int\u00e9zm\u00e9nyek k\u00e9pvisel\u0151ib\u0151l \u00e1ll\u00f3 ter\u00fcleti kivitelez\u0151 team l\u00e9trehoz\u00e1s\u00e1n f\u00e1radoznak, amely helyi szinten a helyi \u00f6nkorm\u00e1nyzat, az eg\u00e9szs\u00e9g\u00fcgyi hat\u00f3s\u00e1g, a VEC, a F\u00c1S, az illet\u00e9kes korm\u00e1nyzati int\u00e9zm\u00e9nyek, a helyi partners\u00e9gi v\u00e1llalat, a helyi k\u00f6z\u00f6ss\u00e9g tagjaib\u00f3l \u00e9s \u2013 ahol ilyenek l\u00e9teznek \u2013 a helyi k\u00e1b\u00edt\u00f3szer-munkacsoportok k\u00e9pvisel\u0151ib\u0151l \u00e1ll.<\/span><br \/>\n<span style=\"font-family: Arial;\">A\u00a0<\/span><b><span style=\"font-family: Arial;\">CL\u00c1R<\/span><\/b><span style=\"font-family: Arial;\">\u00a0(Ceantair Laga Ard-Riachtanais) 2002-ben j\u00f6tt l\u00e9tre a RAPID vid\u00e9ki verzi\u00f3jak\u00e9nt. A programot a K\u00f6z\u00f6ss\u00e9gi \u00dcgyek, Vid\u00e9kfejleszt\u00e9si \u00dcgyek \u00e9s Gael Nyelv\u0171 R\u00e9gi\u00f3k Miniszt\u00e9rium\u00e1nak vid\u00e9kfejleszt\u00e9si oszt\u00e1lya koordin\u00e1lja a megyei fejleszt\u00e9si bizotts\u00e1gokkal k\u00f6z\u00f6sen.<\/span><br \/>\n<b><span style=\"font-family: Arial;\">2000\u00a0<\/span><\/b><span style=\"font-family: Arial;\">Megjelenik\u00a0<\/span><b><span style=\"font-family: Arial;\">\u201eAz \u00f6nk\u00e9ntes tev\u00e9keny\u00e9g t\u00e1mogat\u00e1s\u00e1nak feh\u00e9r k\u00f6nyve\u201d<\/span><\/b><span style=\"font-family: Arial;\">, mely a k\u00f6z\u00f6ss\u00e9gi\/\u00f6nk\u00e9ntes szektor \u00e9s az \u00e1llam kapcsolat\u00e1val, valamint az ezt a kapcsolatot al\u00e1t\u00e1maszt\u00f3 strukt\u00far\u00e1kkal \u00e9s alapelvekkel foglalkozik.<\/span><br \/>\n<b><span style=\"font-family: Arial;\">2001 2001-ben \u00f6nkorm\u00e1nyzati reform<\/span><\/b><span style=\"font-family: Arial;\">\u00a0volt \u00cdrorsz\u00e1gban, amely az \u00edr \u00f6nkorm\u00e1nyzati rendszer moderniz\u00e1ci\u00f3j\u00e1t, fejleszt\u00e9s\u00e9t, valamit a d\u00f6nt\u00e9shoz\u00e1shoz val\u00f3 integr\u00e1ltabb hozz\u00e1\u00e1ll\u00e1s kialak\u00edt\u00e1s\u00e1t c\u00e9lozta. Megyei\/v\u00e1rosi fejleszt\u00e9si test\u00fcletek (County\/City Development Boards \u2013 CDBs) j\u00f6ttek l\u00e9tre mind a 29 megyei \u00f6nkorm\u00e1nyzatban, valamint az \u00f6t nagyv\u00e1ros mindegyik\u00e9ben. A CDBs-ek a helyi \u00f6nkorm\u00e1nyzat erny\u0151szervezetek\u00e9nt m\u0171k\u00f6dnek, \u00e9s tags\u00e1guk a helyi fejleszt\u00e9si szervezetek, a t\u00e1rsadalmi partnerek, az \u00e1llami int\u00e9zm\u00e9nyek helyi k\u00e9pvisel\u0151ib\u0151l, valamint mag\u00e1b\u00f3l a helyi \u00f6nkorm\u00e1nyzatb\u00f3l \u00e1llnak \u00f6ssze. C\u00e9ljuk egy integr\u00e1lt \u00e9s koherens megk\u00f6zel\u00edt\u00e9s kialak\u00edt\u00e1sa az \u00e1llami \u00e9s helyi fejleszt\u00e9si szolg\u00e1ltat\u00e1sok biztos\u00edt\u00e1sa ter\u00e9n. Minden CDBs-nek el kell k\u00e9sz\u00edtenie, illetve fel\u00fcgyelnie kell egy t\u00edz\u00e9ves megyei\/v\u00e1rosi gazdas\u00e1g-, t\u00e1rsadalom- \u00e9s kult\u00farafejleszt\u0151 strat\u00e9gi\u00e1t. A CDBs-ek kulcsszerepet j\u00e1tszanak a t\u00e1rsadalmi befogad\u00e1st c\u00e9lz\u00f3 int\u00e9zked\u00e9sek helyi koordin\u00e1ci\u00f3j\u00e1ban, \u00edgy biztos\u00edtva, hogy az esetleges \u00e1tfed\u00e9seket elker\u00fclik, \u00e9s hat\u00e9konyan k\u00f6ltik el a forr\u00e1sokat a k\u00fcl\u00f6nb\u00f6z\u0151 helyi projektekben, programokban.<\/span><br \/>\n<b><span style=\"font-family: Arial;\">2002\u00a0<\/span><\/b><span style=\"font-family: Arial;\">A 2002-es v\u00e1laszt\u00e1st k\u00f6vet\u0151en \u00e1tszervezt\u00e9k a miniszt\u00e9riumokat, \u00e9s ett\u0151l kezdve az \u00faj K\u00f6z\u00f6ss\u00e9gi \u00dcgyek, Vid\u00e9kfejleszt\u00e9si \u00dcgyek \u00e9s Gael Nyelv\u0171 R\u00e9gi\u00f3k Miniszt\u00e9riuma vez\u00e9nyel minden, a k\u00f6z\u00f6ss\u00e9gi szektort c\u00e9lz\u00f3 fontosabb finansz\u00edroz\u00e1si, t\u00e1mogat\u00e1si tev\u00e9kenys\u00e9get, \u00e9s a miniszt\u00e9rium hat\u00e1sk\u00f6r\u00e9be tartozik\u00a0<\/span><i><span style=\"font-family: Arial;\">Az \u00f6nk\u00e9ntes tev\u00e9keny\u00e9g t\u00e1mogat\u00e1s\u00e1nak feh\u00e9r k\u00f6nyve<\/span><\/i><span style=\"font-family: Arial;\">\u00a0is. Ez a l\u00e9p\u00e9s sz\u00e9les k\u00f6r\u0171 el\u00e9gedetlens\u00e9get v\u00e1ltott ki a szektoron bel\u00fcl a CDP k\u00f6z\u00f6ss\u00e9gfejleszt\u0151 programokkal \u00e9s azzal kapcsolatban, ahogy a feh\u00e9r k\u00f6nyv gyakorlatilag megsz\u0171nt l\u00e9tezni.<\/span><br \/>\n<span style=\"font-family: Arial;\">A miniszt\u00e9rium el\u00e9rte, hogy\u00a0<\/span><b><span style=\"font-family: Arial;\">fel\u00fclvizsg\u00e1lj\u00e1k\u00a0<\/span><\/b><span style=\"font-family: Arial;\">a K\u00f6z\u00f6ss\u00e9gfejleszt\u0151 Programot, aminek eredm\u00e9nyek\u00e9nt ma m\u00e1r a CDP k\u00f6z\u00f6ss\u00e9gfejleszt\u0151 programoknak, a Helyi Fejleszt\u00e9si Program a T\u00e1rsadalmi Befogad\u00e1s\u00e9rt programnak<\/span><b><span style=\"font-family: Arial;\">\u00a0<\/span><\/b><span style=\"font-family: Arial;\">(Local Development Social Inclusion Programme \u2013 LDSIP), illetve a Megyei Gyermekgondoz\u00e1si Bizotts\u00e1goknak be kell ny\u00fajtaniuk munkaterveiket l\u00e1ttamoz\u00e1sra a Megyei\/V\u00e1rosi Fejleszt\u00e9si Test\u00fcletekhez, miel\u0151tt beny\u00fajthatn\u00e1k azt a K\u00f6z\u00f6ss\u00e9gi \u00dcgyek, Vid\u00e9kfejleszt\u00e9si \u00dcgyek \u00e9s Gael Nyelv\u0171 R\u00e9gi\u00f3k Miniszt\u00e9rium\u00e1hoz.<\/span><br \/>\n<b><span style=\"font-family: Arial;\">2003\u00a0<\/span><\/b><span style=\"font-family: Arial;\">Minthogy r\u00e9g\u00f3ta akt\u00edvan t\u00e1mogatta a szeg\u00e9nys\u00e9gellenes \u00e9s es\u00e9lyegyenl\u0151s\u00e9ggel kapcsolatos l\u00e9p\u00e9seket a t\u00e1rsadalmi partners\u00e9gen bel\u00fcl, a\u00a0<\/span><b><span style=\"font-family: Arial;\">K\u00f6z\u00f6ss\u00e9gi Platform<\/span><\/b><span style=\"font-family: Arial;\">\u00a0tags\u00e1ga k\u00e9ptelen volt elfogadni a nemzeti meg\u00e1llapod\u00e1st a t\u00e1rsadalmi partners\u00e9gr\u0151l (<\/span><i><span style=\"font-family: Arial;\">Sustaining Progress \u2013 A fejl\u0151d\u00e9s fenntart\u00e1sa<\/span><\/i><span style=\"font-family: Arial;\">), merthogy abb\u00f3l hi\u00e1nyoztak a t\u00e1rsadalmi befogad\u00e1st c\u00e9lz\u00f3 \u00e1tfog\u00f3 int\u00e9zked\u00e9sek. Ebb\u0151l kifoly\u00f3lag azut\u00e1n kiz\u00e1rt\u00e1k \u0151ket a t\u00e1rsadalmi partners\u00e9g ar\u00e9n\u00e1inak egy r\u00e9sz\u00e9b\u0151l, ahol \u00edgy a legink\u00e1bb h\u00e1tr\u00e1nyos helyzet\u0171 \u00edr k\u00f6z\u00f6ss\u00e9gek m\u00e1r nem hallatt\u00e1k a hangjukat.<\/span><br \/>\n<b><span style=\"font-family: Arial;\">2004<\/span><\/b><span style=\"font-family: Arial;\">\u00a0A K\u00f6z\u00f6ss\u00e9gi \u00dcgyek, Vid\u00e9kfejleszt\u00e9si \u00dcgyek \u00e9s Gael Nyelv\u0171 R\u00e9gi\u00f3k Miniszt\u00e9riuma visszavonta a K\u00f6z\u00f6ss\u00e9gi Munk\u00e1sok Sz\u00f6vetkezete (CWC) orsz\u00e1gos szeg\u00e9nys\u00e9gellenes h\u00e1l\u00f3zat\u00e1nak adott finansz\u00edroz\u00e1s\u00e1t, annak ellen\u00e9re, hogy a t\u00e1mogat\u00e1si program \u00e9rt\u00e9kel\u00e9se egy\u00e9rtelm\u0171en bebizony\u00edtotta: a CWC az egyik legakt\u00edvabb \u00e9s leghat\u00e9konyabb orsz\u00e1gos szervezet a szeg\u00e9nys\u00e9ggel \u00e9s kirekeszt\u00e9ssel v\u00edvott k\u00fczdelem ter\u00fclet\u00e9n. Sokan \u00fagy \u00e9rezt\u00e9k, hogy ez a d\u00f6nt\u00e9s a CWC-nek a K\u00f6z\u00f6ss\u00e9gi Platformban j\u00e1tszott k\u00f6zponti szerep\u00e9vel \u00e1llhat \u00f6sszef\u00fcgg\u00e9sben (2007 m\u00e1sodik fel\u00e9ben azut\u00e1n egy l\u00e9nyegesen kisebb m\u00e9rt\u00e9k\u0171 t\u00e1mogat\u00e1st kapott a szervezet a miniszt\u00e9riumt\u00f3l).<\/span><br \/>\n<b><span style=\"font-family: Arial;\">2005\/2008\u00a0<\/span><\/b><span style=\"font-family: Arial;\">A K\u00f6z\u00f6ss\u00e9gi \u00dcgyek, Vid\u00e9kfejleszt\u00e9si \u00dcgyek \u00e9s Gael Nyelv\u0171 R\u00e9gi\u00f3k Miniszt\u00e9riuma \u00fatj\u00e1nak ind\u00edt egy folyamatot, mely sor\u00e1n a k\u00f6z\u00f6ss\u00e9gfejleszt\u0151 \u00e9s helyi fejleszt\u0151strukt\u00far\u00e1k nagyobb fok\u00fa koh\u00e9zi\u00f3j\u00e1t k\u00edv\u00e1nj\u00e1k megteremteni. A folyamat r\u00e9szek\u00e9nt a ter\u00fcleti partners\u00e9geket \u00e9s a Helyi Fejleszt\u00e9si Program a T\u00e1rsadalmi Befogad\u00e1s\u00e9rt programot (LDSIP-t) megval\u00f3s\u00edt\u00f3 k\u00f6z\u00f6ss\u00e9gi szervezetek egy\u00fcttm\u0171k\u00f6dnek a Leader-programban \u00e9s a Vid\u00e9kfejleszt\u00e9si programot megval\u00f3s\u00edt\u00f3 Leader-v\u00e1llalatokkal.<\/span><br \/>\n<b><span style=\"font-family: Arial;\">2006 november\u00a0<\/span><\/b><span style=\"font-family: Arial;\">A K\u00f6z\u00f6ss\u00e9gi Platformot \u00fajb\u00f3l megh\u00edvj\u00e1k a t\u00e1rsadalmi partners\u00e9gbe, a k\u00f6z\u00f6ss\u00e9gi\/\u00f6nk\u00e9ntes pill\u00e9r r\u00e9szek\u00e9nt. A jelenlegi meg\u00e1llapod\u00e1s\u00a0<\/span><i><span style=\"font-family: Arial;\">\u201e2016 fel\u00e9\u201d<\/span><\/i><span style=\"font-family: Arial;\">\u00a0(Towards 2016) n\u00e9ven fut.<\/span><br \/>\n<b><span style=\"font-family: Arial;\">2007\/2008<\/span><\/b><br \/>\n<span style=\"font-family: Arial;\">Egy\u00a0<\/span><i><span style=\"font-family: Arial;\">ad hoc\u00a0<\/span><\/i><span style=\"font-family: Arial;\">bizotts\u00e1g fel\u00fcgyeli a k\u00f6z\u00f6ss\u00e9gfejleszt\u00e9s eg\u00e9sz szigetre kiterjed\u0151 standardjainak kialak\u00edt\u00e1s\u00e1t, amelyhez maguk a k\u00f6z\u00f6ss\u00e9gi munk\u00e1sok szolg\u00e1ltatj\u00e1k az inform\u00e1ci\u00f3t. A csoport tagjai: NUI Galway-i \u00e9s Maynooth-i \u00cdr Nemzeti Egyetem, K\u00f6z\u00f6ss\u00e9gi Munk\u00e1sok Sz\u00f6vetkezete (CWC), az \u00edr korm\u00e1ny \u00e9s az EU \u00e1ltal a t\u00e1rsadalomhoz tartoz\u00e1s el\u0151seg\u00edt\u00e9s\u00e9\u00e9rt m\u0171k\u00f6dtetett POBAL, \u00cdr Szeg\u00e9nys\u00e9gellenes Int\u00e9zet (CPA), K\u00f6z\u00f6ss\u00e9gi Munka Oktat\u00e1si \u00e9s K\u00e9pz\u00e9si H\u00e1l\u00f3zat.<\/span><br \/>\n<span style=\"font-family: Arial;\">A k\u00f6z\u00f6ss\u00e9gi szektorban tov\u00e1bbra is sokan agg\u00f3dnak amiatt, hogy belek\u00e9nyszer\u00edtik \u0151ket egy olyan szerepbe, ahol puszt\u00e1n az \u00e1llam egy szolg\u00e1ltat\u00f3 \u00e1gazat\u00e1v\u00e1 v\u00e1lnak, mik\u00f6zben elterel\u0151dik a figyelem t\u00e1rsadalmi befogad\u00e1sr\u00f3l, valamint arr\u00f3l az auton\u00f3m szerepr\u0151l, amelyet a szektor a f\u00fcggetlen szeg\u00e9nys\u00e9gellenes, illetve es\u00e9lyegyenl\u0151s\u00e9ggel \u00e9s t\u00e1rsadalmi v\u00e1ltoz\u00e1ssal kapcsolatos strat\u00e9gi\u00e1k kialak\u00edt\u00e1s\u00e1ban t\u00f6lt be.<\/span><\/p>\n<div style=\"text-align: justify;\" align=\"right\"><\/div>\n","protected":false},"excerpt":{"rendered":"<p>Elhangzott a Oktat\u00e1s \u00e9s tanul\u00e1s a k\u00f6z\u00f6ss\u00e9gfejleszt\u00e9s\u00e9rt eur\u00f3pai h\u00e1l\u00f3zat\u00e1nak budapesti tal\u00e1lkoz\u00f3j\u00e1n, 2008. febru\u00e1r 19-\u00e9n A Training and Lerarning for Community Development projekt, a Combined European Bureau for Social Development tagszervezeteinek szervez\u00e9s\u00e9ben<\/p>\n","protected":false},"author":453,"featured_media":3434,"comment_status":"open","ping_status":"open","sticky":false,"template":"","format":"standard","meta":{"_acf_changed":false,"footnotes":""},"categories":[600,8,7],"tags":[],"coauthors":[603,362],"class_list":["post-3381","post","type-post","status-publish","format-standard","has-post-thumbnail","hentry","category-parola-2009-2","category-parola-folyoirat","category-repertorium"],"acf":[],"yoast_head":"<!-- This site is optimized with the Yoast SEO plugin v26.7 - https:\/\/yoast.com\/wordpress\/plugins\/seo\/ -->\n<title>Az \u00edrorsz\u00e1gi k\u00f6z\u00f6ss\u00e9gfejleszt\u00e9s t\u00f6rt\u00e9nete - Parola Foly\u00f3irat<\/title>\n<meta name=\"robots\" content=\"index, follow, max-snippet:-1, max-image-preview:large, max-video-preview:-1\" \/>\n<link rel=\"canonical\" href=\"https:\/\/kofe.hu\/parola\/parola-folyoirat\/az-irorszagi-kozossegfejlesztes-tortenete\/\" \/>\n<meta property=\"og:locale\" content=\"hu_HU\" \/>\n<meta property=\"og:type\" content=\"article\" \/>\n<meta property=\"og:title\" content=\"Az \u00edrorsz\u00e1gi k\u00f6z\u00f6ss\u00e9gfejleszt\u00e9s t\u00f6rt\u00e9nete - Parola Foly\u00f3irat\" \/>\n<meta property=\"og:description\" content=\"Elhangzott a Oktat\u00e1s \u00e9s tanul\u00e1s a k\u00f6z\u00f6ss\u00e9gfejleszt\u00e9s\u00e9rt eur\u00f3pai h\u00e1l\u00f3zat\u00e1nak budapesti tal\u00e1lkoz\u00f3j\u00e1n, 2008. febru\u00e1r 19-\u00e9n A Training and Lerarning for Community Development projekt, a Combined European Bureau for Social Development tagszervezeteinek szervez\u00e9s\u00e9ben\" \/>\n<meta property=\"og:url\" content=\"https:\/\/kofe.hu\/parola\/parola-folyoirat\/az-irorszagi-kozossegfejlesztes-tortenete\/\" \/>\n<meta property=\"og:site_name\" content=\"Parola Foly\u00f3irat\" \/>\n<meta property=\"article:published_time\" content=\"2020-07-11T14:23:21+00:00\" \/>\n<meta property=\"article:modified_time\" content=\"2020-07-30T11:56:16+00:00\" \/>\n<meta property=\"og:image\" content=\"https:\/\/kofe.hu\/parola\/wp-content\/uploads\/2020\/07\/09.2.jpeg\" \/>\n\t<meta property=\"og:image:width\" content=\"1297\" \/>\n\t<meta property=\"og:image:height\" content=\"1988\" \/>\n\t<meta property=\"og:image:type\" content=\"image\/jpeg\" \/>\n<meta name=\"author\" content=\"Oonagh McArdle, Varga Tam\u00e1s ford.\" \/>\n<meta name=\"twitter:card\" content=\"summary_large_image\" \/>\n<meta name=\"twitter:label1\" content=\"Szerz\u0151:\" \/>\n\t<meta name=\"twitter:data1\" content=\"Oonagh McArdle\" \/>\n\t<meta name=\"twitter:label2\" content=\"Becs\u00fclt olvas\u00e1si id\u0151\" \/>\n\t<meta name=\"twitter:data2\" content=\"20 perc\" \/>\n\t<meta name=\"twitter:label3\" content=\"Written by\" \/>\n\t<meta name=\"twitter:data3\" content=\"Oonagh McArdle, Varga Tam\u00e1s ford.\" \/>\n<script type=\"application\/ld+json\" class=\"yoast-schema-graph\">{\"@context\":\"https:\/\/schema.org\",\"@graph\":[{\"@type\":\"Article\",\"@id\":\"https:\/\/kofe.hu\/parola\/parola-folyoirat\/az-irorszagi-kozossegfejlesztes-tortenete\/#article\",\"isPartOf\":{\"@id\":\"https:\/\/kofe.hu\/parola\/parola-folyoirat\/az-irorszagi-kozossegfejlesztes-tortenete\/\"},\"author\":{\"name\":\"Oonagh McArdle\",\"@id\":\"https:\/\/kofe.hu\/parola\/#\/schema\/person\/9147885992ceeeeca3a9368f42baf196\"},\"headline\":\"Az \u00edrorsz\u00e1gi k\u00f6z\u00f6ss\u00e9gfejleszt\u00e9s t\u00f6rt\u00e9nete\",\"datePublished\":\"2020-07-11T14:23:21+00:00\",\"dateModified\":\"2020-07-30T11:56:16+00:00\",\"mainEntityOfPage\":{\"@id\":\"https:\/\/kofe.hu\/parola\/parola-folyoirat\/az-irorszagi-kozossegfejlesztes-tortenete\/\"},\"wordCount\":3934,\"commentCount\":0,\"image\":{\"@id\":\"https:\/\/kofe.hu\/parola\/parola-folyoirat\/az-irorszagi-kozossegfejlesztes-tortenete\/#primaryimage\"},\"thumbnailUrl\":\"https:\/\/kofe.hu\/parola\/wp-content\/uploads\/2020\/07\/09.2.jpeg\",\"articleSection\":[\"Parola 2009\/2\",\"Parola Foly\u00f3irat\",\"Repert\u00f3rium\"],\"inLanguage\":\"hu\",\"potentialAction\":[{\"@type\":\"CommentAction\",\"name\":\"Comment\",\"target\":[\"https:\/\/kofe.hu\/parola\/parola-folyoirat\/az-irorszagi-kozossegfejlesztes-tortenete\/#respond\"]}]},{\"@type\":\"WebPage\",\"@id\":\"https:\/\/kofe.hu\/parola\/parola-folyoirat\/az-irorszagi-kozossegfejlesztes-tortenete\/\",\"url\":\"https:\/\/kofe.hu\/parola\/parola-folyoirat\/az-irorszagi-kozossegfejlesztes-tortenete\/\",\"name\":\"Az \u00edrorsz\u00e1gi k\u00f6z\u00f6ss\u00e9gfejleszt\u00e9s t\u00f6rt\u00e9nete - Parola Foly\u00f3irat\",\"isPartOf\":{\"@id\":\"https:\/\/kofe.hu\/parola\/#website\"},\"primaryImageOfPage\":{\"@id\":\"https:\/\/kofe.hu\/parola\/parola-folyoirat\/az-irorszagi-kozossegfejlesztes-tortenete\/#primaryimage\"},\"image\":{\"@id\":\"https:\/\/kofe.hu\/parola\/parola-folyoirat\/az-irorszagi-kozossegfejlesztes-tortenete\/#primaryimage\"},\"thumbnailUrl\":\"https:\/\/kofe.hu\/parola\/wp-content\/uploads\/2020\/07\/09.2.jpeg\",\"datePublished\":\"2020-07-11T14:23:21+00:00\",\"dateModified\":\"2020-07-30T11:56:16+00:00\",\"author\":{\"@id\":\"https:\/\/kofe.hu\/parola\/#\/schema\/person\/9147885992ceeeeca3a9368f42baf196\"},\"breadcrumb\":{\"@id\":\"https:\/\/kofe.hu\/parola\/parola-folyoirat\/az-irorszagi-kozossegfejlesztes-tortenete\/#breadcrumb\"},\"inLanguage\":\"hu\",\"potentialAction\":[{\"@type\":\"ReadAction\",\"target\":[\"https:\/\/kofe.hu\/parola\/parola-folyoirat\/az-irorszagi-kozossegfejlesztes-tortenete\/\"]}]},{\"@type\":\"ImageObject\",\"inLanguage\":\"hu\",\"@id\":\"https:\/\/kofe.hu\/parola\/parola-folyoirat\/az-irorszagi-kozossegfejlesztes-tortenete\/#primaryimage\",\"url\":\"https:\/\/kofe.hu\/parola\/wp-content\/uploads\/2020\/07\/09.2.jpeg\",\"contentUrl\":\"https:\/\/kofe.hu\/parola\/wp-content\/uploads\/2020\/07\/09.2.jpeg\",\"width\":1297,\"height\":1988},{\"@type\":\"BreadcrumbList\",\"@id\":\"https:\/\/kofe.hu\/parola\/parola-folyoirat\/az-irorszagi-kozossegfejlesztes-tortenete\/#breadcrumb\",\"itemListElement\":[{\"@type\":\"ListItem\",\"position\":1,\"name\":\"Home\",\"item\":\"https:\/\/kofe.hu\/parola\/\"},{\"@type\":\"ListItem\",\"position\":2,\"name\":\"Az \u00edrorsz\u00e1gi k\u00f6z\u00f6ss\u00e9gfejleszt\u00e9s t\u00f6rt\u00e9nete\"}]},{\"@type\":\"WebSite\",\"@id\":\"https:\/\/kofe.hu\/parola\/#website\",\"url\":\"https:\/\/kofe.hu\/parola\/\",\"name\":\"Parola Foly\u00f3irat\",\"description\":\"\",\"potentialAction\":[{\"@type\":\"SearchAction\",\"target\":{\"@type\":\"EntryPoint\",\"urlTemplate\":\"https:\/\/kofe.hu\/parola\/?s={search_term_string}\"},\"query-input\":{\"@type\":\"PropertyValueSpecification\",\"valueRequired\":true,\"valueName\":\"search_term_string\"}}],\"inLanguage\":\"hu\"},{\"@type\":\"Person\",\"@id\":\"https:\/\/kofe.hu\/parola\/#\/schema\/person\/9147885992ceeeeca3a9368f42baf196\",\"name\":\"Oonagh McArdle\",\"image\":{\"@type\":\"ImageObject\",\"inLanguage\":\"hu\",\"@id\":\"https:\/\/kofe.hu\/parola\/#\/schema\/person\/image\/82498b6646556483a9d74693906ba73d\",\"url\":\"https:\/\/secure.gravatar.com\/avatar\/ea933eb1d455b7548a0c12345c676c3d56391018ba371edf4ab9c4afddef7ad4?s=96&d=mm&r=g\",\"contentUrl\":\"https:\/\/secure.gravatar.com\/avatar\/ea933eb1d455b7548a0c12345c676c3d56391018ba371edf4ab9c4afddef7ad4?s=96&d=mm&r=g\",\"caption\":\"Oonagh McArdle\"},\"url\":\"https:\/\/kofe.hu\/parola\/szerzok\/oonagh-mcardle\/\"}]}<\/script>\n<!-- \/ Yoast SEO plugin. -->","yoast_head_json":{"title":"Az \u00edrorsz\u00e1gi k\u00f6z\u00f6ss\u00e9gfejleszt\u00e9s t\u00f6rt\u00e9nete - Parola Foly\u00f3irat","robots":{"index":"index","follow":"follow","max-snippet":"max-snippet:-1","max-image-preview":"max-image-preview:large","max-video-preview":"max-video-preview:-1"},"canonical":"https:\/\/kofe.hu\/parola\/parola-folyoirat\/az-irorszagi-kozossegfejlesztes-tortenete\/","og_locale":"hu_HU","og_type":"article","og_title":"Az \u00edrorsz\u00e1gi k\u00f6z\u00f6ss\u00e9gfejleszt\u00e9s t\u00f6rt\u00e9nete - Parola Foly\u00f3irat","og_description":"Elhangzott a Oktat\u00e1s \u00e9s tanul\u00e1s a k\u00f6z\u00f6ss\u00e9gfejleszt\u00e9s\u00e9rt eur\u00f3pai h\u00e1l\u00f3zat\u00e1nak budapesti tal\u00e1lkoz\u00f3j\u00e1n, 2008. febru\u00e1r 19-\u00e9n A Training and Lerarning for Community Development projekt, a Combined European Bureau for Social Development tagszervezeteinek szervez\u00e9s\u00e9ben","og_url":"https:\/\/kofe.hu\/parola\/parola-folyoirat\/az-irorszagi-kozossegfejlesztes-tortenete\/","og_site_name":"Parola Foly\u00f3irat","article_published_time":"2020-07-11T14:23:21+00:00","article_modified_time":"2020-07-30T11:56:16+00:00","og_image":[{"width":1297,"height":1988,"url":"https:\/\/kofe.hu\/parola\/wp-content\/uploads\/2020\/07\/09.2.jpeg","type":"image\/jpeg"}],"author":"Oonagh McArdle, Varga Tam\u00e1s ford.","twitter_card":"summary_large_image","twitter_misc":{"Szerz\u0151:":"Oonagh McArdle","Becs\u00fclt olvas\u00e1si id\u0151":"20 perc","Written by":"Oonagh McArdle, Varga Tam\u00e1s ford."},"schema":{"@context":"https:\/\/schema.org","@graph":[{"@type":"Article","@id":"https:\/\/kofe.hu\/parola\/parola-folyoirat\/az-irorszagi-kozossegfejlesztes-tortenete\/#article","isPartOf":{"@id":"https:\/\/kofe.hu\/parola\/parola-folyoirat\/az-irorszagi-kozossegfejlesztes-tortenete\/"},"author":{"name":"Oonagh McArdle","@id":"https:\/\/kofe.hu\/parola\/#\/schema\/person\/9147885992ceeeeca3a9368f42baf196"},"headline":"Az \u00edrorsz\u00e1gi k\u00f6z\u00f6ss\u00e9gfejleszt\u00e9s t\u00f6rt\u00e9nete","datePublished":"2020-07-11T14:23:21+00:00","dateModified":"2020-07-30T11:56:16+00:00","mainEntityOfPage":{"@id":"https:\/\/kofe.hu\/parola\/parola-folyoirat\/az-irorszagi-kozossegfejlesztes-tortenete\/"},"wordCount":3934,"commentCount":0,"image":{"@id":"https:\/\/kofe.hu\/parola\/parola-folyoirat\/az-irorszagi-kozossegfejlesztes-tortenete\/#primaryimage"},"thumbnailUrl":"https:\/\/kofe.hu\/parola\/wp-content\/uploads\/2020\/07\/09.2.jpeg","articleSection":["Parola 2009\/2","Parola Foly\u00f3irat","Repert\u00f3rium"],"inLanguage":"hu","potentialAction":[{"@type":"CommentAction","name":"Comment","target":["https:\/\/kofe.hu\/parola\/parola-folyoirat\/az-irorszagi-kozossegfejlesztes-tortenete\/#respond"]}]},{"@type":"WebPage","@id":"https:\/\/kofe.hu\/parola\/parola-folyoirat\/az-irorszagi-kozossegfejlesztes-tortenete\/","url":"https:\/\/kofe.hu\/parola\/parola-folyoirat\/az-irorszagi-kozossegfejlesztes-tortenete\/","name":"Az \u00edrorsz\u00e1gi k\u00f6z\u00f6ss\u00e9gfejleszt\u00e9s t\u00f6rt\u00e9nete - Parola Foly\u00f3irat","isPartOf":{"@id":"https:\/\/kofe.hu\/parola\/#website"},"primaryImageOfPage":{"@id":"https:\/\/kofe.hu\/parola\/parola-folyoirat\/az-irorszagi-kozossegfejlesztes-tortenete\/#primaryimage"},"image":{"@id":"https:\/\/kofe.hu\/parola\/parola-folyoirat\/az-irorszagi-kozossegfejlesztes-tortenete\/#primaryimage"},"thumbnailUrl":"https:\/\/kofe.hu\/parola\/wp-content\/uploads\/2020\/07\/09.2.jpeg","datePublished":"2020-07-11T14:23:21+00:00","dateModified":"2020-07-30T11:56:16+00:00","author":{"@id":"https:\/\/kofe.hu\/parola\/#\/schema\/person\/9147885992ceeeeca3a9368f42baf196"},"breadcrumb":{"@id":"https:\/\/kofe.hu\/parola\/parola-folyoirat\/az-irorszagi-kozossegfejlesztes-tortenete\/#breadcrumb"},"inLanguage":"hu","potentialAction":[{"@type":"ReadAction","target":["https:\/\/kofe.hu\/parola\/parola-folyoirat\/az-irorszagi-kozossegfejlesztes-tortenete\/"]}]},{"@type":"ImageObject","inLanguage":"hu","@id":"https:\/\/kofe.hu\/parola\/parola-folyoirat\/az-irorszagi-kozossegfejlesztes-tortenete\/#primaryimage","url":"https:\/\/kofe.hu\/parola\/wp-content\/uploads\/2020\/07\/09.2.jpeg","contentUrl":"https:\/\/kofe.hu\/parola\/wp-content\/uploads\/2020\/07\/09.2.jpeg","width":1297,"height":1988},{"@type":"BreadcrumbList","@id":"https:\/\/kofe.hu\/parola\/parola-folyoirat\/az-irorszagi-kozossegfejlesztes-tortenete\/#breadcrumb","itemListElement":[{"@type":"ListItem","position":1,"name":"Home","item":"https:\/\/kofe.hu\/parola\/"},{"@type":"ListItem","position":2,"name":"Az \u00edrorsz\u00e1gi k\u00f6z\u00f6ss\u00e9gfejleszt\u00e9s t\u00f6rt\u00e9nete"}]},{"@type":"WebSite","@id":"https:\/\/kofe.hu\/parola\/#website","url":"https:\/\/kofe.hu\/parola\/","name":"Parola Foly\u00f3irat","description":"","potentialAction":[{"@type":"SearchAction","target":{"@type":"EntryPoint","urlTemplate":"https:\/\/kofe.hu\/parola\/?s={search_term_string}"},"query-input":{"@type":"PropertyValueSpecification","valueRequired":true,"valueName":"search_term_string"}}],"inLanguage":"hu"},{"@type":"Person","@id":"https:\/\/kofe.hu\/parola\/#\/schema\/person\/9147885992ceeeeca3a9368f42baf196","name":"Oonagh McArdle","image":{"@type":"ImageObject","inLanguage":"hu","@id":"https:\/\/kofe.hu\/parola\/#\/schema\/person\/image\/82498b6646556483a9d74693906ba73d","url":"https:\/\/secure.gravatar.com\/avatar\/ea933eb1d455b7548a0c12345c676c3d56391018ba371edf4ab9c4afddef7ad4?s=96&d=mm&r=g","contentUrl":"https:\/\/secure.gravatar.com\/avatar\/ea933eb1d455b7548a0c12345c676c3d56391018ba371edf4ab9c4afddef7ad4?s=96&d=mm&r=g","caption":"Oonagh McArdle"},"url":"https:\/\/kofe.hu\/parola\/szerzok\/oonagh-mcardle\/"}]}},"_links":{"self":[{"href":"https:\/\/kofe.hu\/parola\/wp-json\/wp\/v2\/posts\/3381","targetHints":{"allow":["GET"]}}],"collection":[{"href":"https:\/\/kofe.hu\/parola\/wp-json\/wp\/v2\/posts"}],"about":[{"href":"https:\/\/kofe.hu\/parola\/wp-json\/wp\/v2\/types\/post"}],"author":[{"embeddable":true,"href":"https:\/\/kofe.hu\/parola\/wp-json\/wp\/v2\/users\/453"}],"replies":[{"embeddable":true,"href":"https:\/\/kofe.hu\/parola\/wp-json\/wp\/v2\/comments?post=3381"}],"version-history":[{"count":3,"href":"https:\/\/kofe.hu\/parola\/wp-json\/wp\/v2\/posts\/3381\/revisions"}],"predecessor-version":[{"id":4196,"href":"https:\/\/kofe.hu\/parola\/wp-json\/wp\/v2\/posts\/3381\/revisions\/4196"}],"wp:featuredmedia":[{"embeddable":true,"href":"https:\/\/kofe.hu\/parola\/wp-json\/wp\/v2\/media\/3434"}],"wp:attachment":[{"href":"https:\/\/kofe.hu\/parola\/wp-json\/wp\/v2\/media?parent=3381"}],"wp:term":[{"taxonomy":"category","embeddable":true,"href":"https:\/\/kofe.hu\/parola\/wp-json\/wp\/v2\/categories?post=3381"},{"taxonomy":"post_tag","embeddable":true,"href":"https:\/\/kofe.hu\/parola\/wp-json\/wp\/v2\/tags?post=3381"},{"taxonomy":"author","embeddable":true,"href":"https:\/\/kofe.hu\/parola\/wp-json\/wp\/v2\/coauthors?post=3381"}],"curies":[{"name":"wp","href":"https:\/\/api.w.org\/{rel}","templated":true}]}}