{"id":3368,"date":"2020-07-11T13:55:16","date_gmt":"2020-07-11T13:55:16","guid":{"rendered":"https:\/\/kofe.hu\/parola\/?p=3368"},"modified":"2020-07-30T12:03:57","modified_gmt":"2020-07-30T12:03:57","slug":"kozossegfejlesztes-zenelve","status":"publish","type":"post","link":"https:\/\/kofe.hu\/parola\/parola-folyoirat\/kozossegfejlesztes-zenelve\/","title":{"rendered":"K\u00d6Z\u00d6SS\u00c9GFEJLESZT\u00c9S ZEN\u00c9LVE"},"content":{"rendered":"<p style=\"text-align: justify;\"><span style=\"font-family: Arial;\">Ezen a ny\u00e1ron Kunb\u00e1bonyban, a K\u00f6z\u00f6ss\u00e9gfejleszt\u0151k Egyes\u00fclete \u00e9s a Civil Koll\u00e9gium Alap\u00edtv\u00e1ny-szervezte ny\u00e1ri egyetemen volt szerencs\u00e9m hallani Vercseg Ilona el\u0151ad\u00e1s\u00e1t a t\u00e1rsadalmi t\u0151ke helyzet\u00e9r\u0151l, fejleszt\u00e9s\u00e9r\u0151l. Itt hallottam, hogy az \u00f6nbemutat\u00e1s a k\u00f6z\u00f6ss\u00e9gfejleszt\u00e9s egyik hat\u00e1sos eszk\u00f6ze, mert \u00e1ltala a k\u00f6z\u00f6ss\u00e9g megismeri az egy\u00e9nt. Sz\u00e9p p\u00e9ld\u00e1ja ennek egy pici falu esete a Mecsekalj\u00e1n, ahol egy v\u00e1rosiasod\u00e1s miatt sz\u00e9tesett k\u00f6z\u00f6ss\u00e9get szerettek volna a k\u00f6z\u00f6ss\u00e9gfejleszt\u0151k aktiviz\u00e1lni, \u00e9s ez\u00e9rt szerveztek egy ki\u00e1ll\u00edt\u00e1st. A ki\u00e1ll\u00edt\u00e1s t\u00e9m\u00e1ja a falu \u00e9lete volt. A falu megmaradt kis l\u00e9tsz\u00e1m\u00fa lakoss\u00e1g\u00e1t felk\u00e9rt\u00e9k, hogy mindenki \u00e1ll\u00edtsa ki azokat a t\u00e1rgyakat, amiket b\u00e1rmilyen szempontb\u00f3l fontosnak tart. Kedves eml\u00e9k, hasznos szersz\u00e1m, saj\u00e1t alkot\u00e1s stb. A ki\u00e1ll\u00edt\u00e1son ily m\u00f3don n\u00e9h\u00e1ny akt\u00edvabb egy\u00e9n mutatkozott be, an\u00e9lk\u00fcl, hogy meg kellett volna sz\u00f3lalnia. Ez a ki\u00e1ll\u00edt\u00e1s 2 h\u00e9tig volt megtekinthet\u0151, \u00e9s ez id\u0151 alatt k\u00f6zelebb ker\u00fcltek egym\u00e1shoz az emberek. Ilona ennek a ki\u00e1ll\u00edt\u00e1snak a p\u00e9ld\u00e1j\u00e1n mutatta be, hogyan fejleszti a k\u00f6z\u00f6ss\u00e9get az egy\u00e9n \u00f6nbemutat\u00e1sa.<\/span><\/p>\n<p style=\"text-align: justify;\"><!--more--><br \/>\n<span style=\"font-family: Arial;\">Kunb\u00e1bonyban, mindj\u00e1rt az el\u0151ad\u00e1s ut\u00e1n hozz\u00e1tettem, hogy az \u00f6nbemutat\u00e1s \u00fagy is fejleszti a k\u00f6z\u00f6ss\u00e9get, hogy az egy\u00e9n \u2013 miut\u00e1n bemutatta mag\u00e1t a k\u00f6z\u00f6ss\u00e9gnek, ily m\u00f3don kit\u00e1rulkozott el\u0151tte \u2013, nyitott\u00e1 v\u00e1lik a k\u00f6z\u00f6ss\u00e9gre. Egyr\u00e9szt az\u00e9rt, mert az \u00f6nbemutat\u00e1s sor\u00e1n \u00e9rzi a k\u00f6z\u00f6ss\u00e9g r\u00e9sz\u00e9r\u0151l a k\u00edv\u00e1ncsis\u00e1got, \u00e9s ez megnyugtatja, kinyitja \u0151t. M\u00e1sr\u00e9szt pedig \u00fagy, hogy a saj\u00e1t kiszolg\u00e1ltatotts\u00e1g\u00e1t, amit a t\u00f6bbiek el\u0151tti kit\u00e1rulkoz\u00e1sa eredm\u00e9nyez, azzal is igyekszik cs\u00f6kkenteni, ill. a kiszolg\u00e1ltatotts\u00e1g\u00e1b\u00f3l ad\u00f3d\u00f3 h\u00e1tr\u00e1ny\u00e1t cs\u00f6kkenteni, hogy a hallgat\u00f3s\u00e1g\u00e1t igyekszik r\u00e1b\u00edrni a megbillent egyens\u00faly helyre\u00e1ll\u00edt\u00e1s\u00e1ra, nevezetesen arra, hogy \u0151k is ny\u00edljanak meg el\u0151tte. M\u00e9g ha igaz\u00e1b\u00f3l nem is k\u00edv\u00e1ncsi azokra a szem\u00e9lyekre, m\u00e9gis az er\u0151viszonyok kiegyens\u00falyoz\u00e1s\u00e1ra t\u00f6rekszik.<\/span><br \/>\n<span style=\"font-family: Arial;\">Szint\u00e9n ezen az el\u0151ad\u00e1son hallottam, hogy van nemverb\u00e1lis \u00e9s verb\u00e1lis \u00f6nbemutat\u00e1s. Ez pedig m\u00e1r teljesen az \u00e9n ter\u00fcletemr\u0151l sz\u00f3l. Ugyanis a zen\u00e9l\u00e9s nem sz\u00e1m\u00edt verb\u00e1lisnak \u2013 gondoljunk els\u0151sorban a hangszeres zen\u00e9re, illetve az \u00e9nekes zen\u00e9nek is a sz\u00f6veg n\u00e9lk\u00fcli tartalm\u00e1ra! Egyetlen kiv\u00e9tel van ez al\u00f3l, amikor a zen\u00e9l\u00e9st verb\u00e1lisnak kell tekinten\u00fcnk, s err\u0151l k\u00e9s\u0151bb lesz sz\u00f3.<\/span><br \/>\n<span style=\"font-family: Arial;\">N\u00e9zz\u00fck teh\u00e1t, hogyan is m\u0171k\u00f6dik a k\u00f6z\u00f6ss\u00e9gfejleszt\u00e9s egy nemverb\u00e1lis \u00f6nbemutat\u00e1s r\u00e9v\u00e9n! Azut\u00e1n azt is meg fogjuk n\u00e9zni, hogy hogyan fejl\u0151dik a k\u00f6z\u00f6ss\u00e9g egy speci\u00e1lis verb\u00e1lis \u00f6nbemutat\u00e1s r\u00e9v\u00e9n.<\/span><br \/>\n<b><span style=\"font-family: Arial;\">Vegy\u00fcnk egy k\u00f6z\u00f6ss\u00e9get!\u00a0<\/span><\/b><span style=\"font-family: Arial;\">Ez kb. 5 f\u0151s t\u00e1rsas\u00e1gn\u00e1l kezd\u0151dik, de ink\u00e1bb 10 f\u0151n\u00e9l nagyobb k\u00f6z\u00f6ss\u00e9gre gondoljunk! Leger\u0151sebben egy 10\u201315 f\u0151s t\u00e1rsas\u00e1gban m\u0171k\u00f6dik a csoportdinamika, innen l\u00e9tsz\u00e1mban f\u00f6lfel\u00e9 haladva egyre ink\u00e1bb t\u00f6megpszich\u00f3zisr\u00f3l kell besz\u00e9ln\u00fcnk. Arra gondolok, hogy pl. egy 100 000 f\u0151s k\u00f6z\u00f6ns\u00e9g viselked\u00e9s\u00e9t \u2013 mondjuk a N\u00e9pstadionban egy Rolling Stones koncerten<\/span><br \/>\n<span style=\"font-family: Arial;\">\u2013 ink\u00e1bb a t\u00f6megpszich\u00f3zis \u00edrja le, mintsem a csoportdinamika. De term\u00e9szetesen k\u00f6z\u00f6ss\u00e9g ez is. S\u0151t, ak\u00e1r ilyen nagy t\u00f6meg \u201ek\u00f6z\u00f6ss\u00e9gfejleszt\u00e9s\u00e9r\u0151l\u201d is besz\u00e9lhet\u00fcnk, \u00e1m most m\u00e9gis maradjunk a maximum n\u00e9h\u00e1ny sz\u00e1z f\u0151s k\u00f6z\u00f6ss\u00e9gn\u00e9l!<\/span><br \/>\n<span style=\"font-family: Arial;\">Jelen tanulm\u00e1nyban a k\u00f6z\u00f6s zen\u00e9l\u00e9ssel megval\u00f3sul\u00f3 \u00f6nbemutat\u00e1ssal foglalkozunk. Olyan k\u00f6z\u00f6ss\u00e9gekre gondolunk, ahol ilyesmi el\u0151fordulhat. Ilyenek lehetnek: \u00f3vodai csoport, napk\u00f6zis csoport, bar\u00e1ti t\u00e1rsas\u00e1g, v\u00e1llalati rendezv\u00e9ny, vezet\u0151k\u00e9pz\u0151 tr\u00e9ning.<\/span><\/p>\n<p><b><span style=\"font-family: Arial;\">\u00d6nbemutat\u00e1s k\u00f6z\u00f6ss\u00e9gi zen\u00e9l\u00e9ssel<\/span><\/b><br \/>\n<span style=\"font-family: Arial;\">Ahhoz, hogy valaki egy hangszeren t\u00e1rsas\u00e1gban zen\u00e9lni merjen, n\u00e9h\u00e1ny felt\u00e9telnek teljes\u00fclnie kell. Ebben a terjedelemben nincs m\u00f3d r\u00e9szletezni, tal\u00e1n egy m\u00e1sik tanulm\u00e1nyban kifejtj\u00fck ezeket a felt\u00e9teleket is. Ahhoz viszont, hogy egy t\u00e1rsas\u00e1gban valaki \u00e9nekelni merjen, m\u00e9g t\u00f6bb felt\u00e9telnek kell teljes\u00fclnie. Ahhoz pedig, hogy az \u00e9nekl\u00e9s\u00e9vel verb\u00e1lisan megfogalmazhat\u00f3 inform\u00e1ci\u00f3t adjon \u00e1t a t\u00f6bbieknek \u00f6nmag\u00e1r\u00f3l; nos ehhez hihetetlen\u00fcl sok felt\u00e9telnek kell teljes\u00fclnie! De ez a legnagyobb csoda, ami egy k\u00f6z\u00f6ss\u00e9gben megt\u00f6rt\u00e9nhet. \u00c9s nyilv\u00e1nval\u00f3an ez okozza a legnagyobb, legmaradand\u00f3bb \u00e9s legm\u00e9lyebb \u00e9lm\u00e9nyt a t\u00e1rsas\u00e1g tagjainak. S\u0151t, ennek m\u00e1r ter\u00e1pi\u00e1s hat\u00e1sa van.<\/span><br \/>\n<span style=\"font-family: Arial;\">Zenei tr\u00e9ningjeim, zenei programjaim \u00e9s oktat\u00f3 programjaim sor\u00e1n ez a v\u00e9gs\u0151, a megval\u00f3s\u00edthat\u00f3 legnagyobb eredm\u00e9ny. S\u0151t. Eg\u00e9sz munk\u00e1ss\u00e1gom legnagyobb eredm\u00e9nye az volna, ha elterjedne a \u201eciviliz\u00e1lt\u201d vil\u00e1gban egy olyan t\u00e1rsas\u00e1gi forma, amely ilyen \u00f6sszej\u00f6vetelekb\u0151l \u00e1llna. Ha rendszeresen \u2013 mondjuk havonta egyszer \u2013 \u00f6sszej\u00f6nne egy ar\u00e1nylag sz\u0171k t\u00e1rsas\u00e1g, \u00e9s az egyed\u00fcli program egy olyan k\u00f6z\u00f6s zen\u00e9l\u00e9s megval\u00f3s\u00edt\u00e1sa lenne, ahol spont\u00e1n m\u00f3don eljut egy (max. k\u00e9t) r\u00e9sztvev\u0151 od\u00e1ig, hogy improviz\u00e1lva el\u00e9nekeln\u00e9 a t\u00e1rsas\u00e1gnak azt a gondolatot, probl\u00e9m\u00e1t, \u00e9lm\u00e9nyt, ami \u0151t \u00e9ppen nagyon foglalkoztatja. Ez lenne az illet\u0151 t\u00e1rsas\u00e1g sz\u00e1m\u00e1ra az igazi k\u00f6z\u00f6ss\u00e9gfejleszt\u00e9s.<\/span><br \/>\n<span style=\"font-family: Arial;\">Ez az a (csak bennem megfogalmaz\u00f3dott) c\u00e9l, ami a programjaim sor\u00e1n a szemem el\u0151tt lebeg ugyan, de ahov\u00e1 eljutni nem elv\u00e1r\u00e1s. Sem magammal szemben, sem a r\u00e9sztvev\u0151kkel szemben. Nem tartom feladatomnak ilyen csoport megszervez\u00e9s\u00e9t sem. Viszont nagyon is el tudom k\u00e9pzelni, hogy a tan\u00edtv\u00e1nyaim k\u00f6z\u00fcl n\u00e9h\u00e1nyan megpr\u00f3b\u00e1lkoznak majd ilyen alkalmak megszervez\u00e9s\u00e9vel, \u00e9s \u00edgy tal\u00e1n el\u0151bb ut\u00f3bb, mozgalomm\u00e1 v\u00e1lik.<\/span><br \/>\n<span style=\"font-family: Arial;\">Mint az \u00f6nismereti csoportok n\u00e9h\u00e1ny \u00e9vtizeddel ezel\u0151tt.<\/span><\/p>\n<p><span style=\"font-family: Arial;\">Pom\u00e1z, 2008 szeptembere<\/span><\/p>\n","protected":false},"excerpt":{"rendered":"<p>Ezen a ny\u00e1ron Kunb\u00e1bonyban, a K\u00f6z\u00f6ss\u00e9gfejleszt\u0151k Egyes\u00fclete \u00e9s a Civil Koll\u00e9gium Alap\u00edtv\u00e1ny-szervezte ny\u00e1ri egyetemen volt szerencs\u00e9m hallani Vercseg Ilona el\u0151ad\u00e1s\u00e1t a t\u00e1rsadalmi t\u0151ke helyzet\u00e9r\u0151l, fejleszt\u00e9s\u00e9r\u0151l. Itt hallottam, hogy az \u00f6nbemutat\u00e1s a k\u00f6z\u00f6ss\u00e9gfejleszt\u00e9s egyik hat\u00e1sos eszk\u00f6ze, mert \u00e1ltala a k\u00f6z\u00f6ss\u00e9g megismeri az egy\u00e9nt. Sz\u00e9p p\u00e9ld\u00e1ja ennek egy pici falu esete a Mecsekalj\u00e1n, ahol egy v\u00e1rosiasod\u00e1s miatt [&hellip;]<\/p>\n","protected":false},"author":446,"featured_media":3432,"comment_status":"open","ping_status":"open","sticky":false,"template":"","format":"standard","meta":{"_acf_changed":false,"footnotes":""},"categories":[589,8,7],"tags":[],"coauthors":[594],"class_list":["post-3368","post","type-post","status-publish","format-standard","has-post-thumbnail","hentry","category-parola-2008-4","category-parola-folyoirat","category-repertorium"],"acf":[],"yoast_head":"<!-- This site is optimized with the Yoast SEO plugin v26.7 - https:\/\/yoast.com\/wordpress\/plugins\/seo\/ -->\n<title>K\u00d6Z\u00d6SS\u00c9GFEJLESZT\u00c9S ZEN\u00c9LVE - Parola Foly\u00f3irat<\/title>\n<meta name=\"robots\" content=\"index, follow, max-snippet:-1, max-image-preview:large, max-video-preview:-1\" \/>\n<link rel=\"canonical\" href=\"https:\/\/kofe.hu\/parola\/parola-folyoirat\/kozossegfejlesztes-zenelve\/\" \/>\n<meta property=\"og:locale\" content=\"hu_HU\" \/>\n<meta property=\"og:type\" content=\"article\" \/>\n<meta property=\"og:title\" content=\"K\u00d6Z\u00d6SS\u00c9GFEJLESZT\u00c9S ZEN\u00c9LVE - Parola Foly\u00f3irat\" \/>\n<meta property=\"og:description\" content=\"Ezen a ny\u00e1ron Kunb\u00e1bonyban, a K\u00f6z\u00f6ss\u00e9gfejleszt\u0151k Egyes\u00fclete \u00e9s a Civil Koll\u00e9gium Alap\u00edtv\u00e1ny-szervezte ny\u00e1ri egyetemen volt szerencs\u00e9m hallani Vercseg Ilona el\u0151ad\u00e1s\u00e1t a t\u00e1rsadalmi t\u0151ke helyzet\u00e9r\u0151l, fejleszt\u00e9s\u00e9r\u0151l. Itt hallottam, hogy az \u00f6nbemutat\u00e1s a k\u00f6z\u00f6ss\u00e9gfejleszt\u00e9s egyik hat\u00e1sos eszk\u00f6ze, mert \u00e1ltala a k\u00f6z\u00f6ss\u00e9g megismeri az egy\u00e9nt. Sz\u00e9p p\u00e9ld\u00e1ja ennek egy pici falu esete a Mecsekalj\u00e1n, ahol egy v\u00e1rosiasod\u00e1s miatt [&hellip;]\" \/>\n<meta property=\"og:url\" content=\"https:\/\/kofe.hu\/parola\/parola-folyoirat\/kozossegfejlesztes-zenelve\/\" \/>\n<meta property=\"og:site_name\" content=\"Parola Foly\u00f3irat\" \/>\n<meta property=\"article:published_time\" content=\"2020-07-11T13:55:16+00:00\" \/>\n<meta property=\"article:modified_time\" content=\"2020-07-30T12:03:57+00:00\" \/>\n<meta property=\"og:image\" content=\"https:\/\/kofe.hu\/parola\/wp-content\/uploads\/2020\/07\/08.4.jpeg\" \/>\n\t<meta property=\"og:image:width\" content=\"1289\" \/>\n\t<meta property=\"og:image:height\" content=\"1918\" \/>\n\t<meta property=\"og:image:type\" content=\"image\/jpeg\" \/>\n<meta name=\"author\" content=\"Somhegyi Tam\u00e1s\" \/>\n<meta name=\"twitter:card\" content=\"summary_large_image\" \/>\n<meta name=\"twitter:label1\" content=\"Szerz\u0151:\" \/>\n\t<meta name=\"twitter:data1\" content=\"Somhegyi Tam\u00e1s\" \/>\n\t<meta name=\"twitter:label2\" content=\"Becs\u00fclt olvas\u00e1si id\u0151\" \/>\n\t<meta name=\"twitter:data2\" content=\"6 perc\" \/>\n\t<meta name=\"twitter:label3\" content=\"Written by\" \/>\n\t<meta name=\"twitter:data3\" content=\"Somhegyi Tam\u00e1s\" \/>\n<script type=\"application\/ld+json\" class=\"yoast-schema-graph\">{\"@context\":\"https:\/\/schema.org\",\"@graph\":[{\"@type\":\"Article\",\"@id\":\"https:\/\/kofe.hu\/parola\/parola-folyoirat\/kozossegfejlesztes-zenelve\/#article\",\"isPartOf\":{\"@id\":\"https:\/\/kofe.hu\/parola\/parola-folyoirat\/kozossegfejlesztes-zenelve\/\"},\"author\":{\"name\":\"Somhegyi Tam\u00e1s\",\"@id\":\"https:\/\/kofe.hu\/parola\/#\/schema\/person\/83c25d64b9f66768e3f0f2c0840b318c\"},\"headline\":\"K\u00d6Z\u00d6SS\u00c9GFEJLESZT\u00c9S ZEN\u00c9LVE\",\"datePublished\":\"2020-07-11T13:55:16+00:00\",\"dateModified\":\"2020-07-30T12:03:57+00:00\",\"mainEntityOfPage\":{\"@id\":\"https:\/\/kofe.hu\/parola\/parola-folyoirat\/kozossegfejlesztes-zenelve\/\"},\"wordCount\":1136,\"commentCount\":0,\"image\":{\"@id\":\"https:\/\/kofe.hu\/parola\/parola-folyoirat\/kozossegfejlesztes-zenelve\/#primaryimage\"},\"thumbnailUrl\":\"https:\/\/kofe.hu\/parola\/wp-content\/uploads\/2020\/07\/08.4.jpeg\",\"articleSection\":[\"Parola 2008\/4\",\"Parola Foly\u00f3irat\",\"Repert\u00f3rium\"],\"inLanguage\":\"hu\",\"potentialAction\":[{\"@type\":\"CommentAction\",\"name\":\"Comment\",\"target\":[\"https:\/\/kofe.hu\/parola\/parola-folyoirat\/kozossegfejlesztes-zenelve\/#respond\"]}]},{\"@type\":\"WebPage\",\"@id\":\"https:\/\/kofe.hu\/parola\/parola-folyoirat\/kozossegfejlesztes-zenelve\/\",\"url\":\"https:\/\/kofe.hu\/parola\/parola-folyoirat\/kozossegfejlesztes-zenelve\/\",\"name\":\"K\u00d6Z\u00d6SS\u00c9GFEJLESZT\u00c9S ZEN\u00c9LVE - Parola Foly\u00f3irat\",\"isPartOf\":{\"@id\":\"https:\/\/kofe.hu\/parola\/#website\"},\"primaryImageOfPage\":{\"@id\":\"https:\/\/kofe.hu\/parola\/parola-folyoirat\/kozossegfejlesztes-zenelve\/#primaryimage\"},\"image\":{\"@id\":\"https:\/\/kofe.hu\/parola\/parola-folyoirat\/kozossegfejlesztes-zenelve\/#primaryimage\"},\"thumbnailUrl\":\"https:\/\/kofe.hu\/parola\/wp-content\/uploads\/2020\/07\/08.4.jpeg\",\"datePublished\":\"2020-07-11T13:55:16+00:00\",\"dateModified\":\"2020-07-30T12:03:57+00:00\",\"author\":{\"@id\":\"https:\/\/kofe.hu\/parola\/#\/schema\/person\/83c25d64b9f66768e3f0f2c0840b318c\"},\"breadcrumb\":{\"@id\":\"https:\/\/kofe.hu\/parola\/parola-folyoirat\/kozossegfejlesztes-zenelve\/#breadcrumb\"},\"inLanguage\":\"hu\",\"potentialAction\":[{\"@type\":\"ReadAction\",\"target\":[\"https:\/\/kofe.hu\/parola\/parola-folyoirat\/kozossegfejlesztes-zenelve\/\"]}]},{\"@type\":\"ImageObject\",\"inLanguage\":\"hu\",\"@id\":\"https:\/\/kofe.hu\/parola\/parola-folyoirat\/kozossegfejlesztes-zenelve\/#primaryimage\",\"url\":\"https:\/\/kofe.hu\/parola\/wp-content\/uploads\/2020\/07\/08.4.jpeg\",\"contentUrl\":\"https:\/\/kofe.hu\/parola\/wp-content\/uploads\/2020\/07\/08.4.jpeg\",\"width\":1289,\"height\":1918},{\"@type\":\"BreadcrumbList\",\"@id\":\"https:\/\/kofe.hu\/parola\/parola-folyoirat\/kozossegfejlesztes-zenelve\/#breadcrumb\",\"itemListElement\":[{\"@type\":\"ListItem\",\"position\":1,\"name\":\"Home\",\"item\":\"https:\/\/kofe.hu\/parola\/\"},{\"@type\":\"ListItem\",\"position\":2,\"name\":\"K\u00d6Z\u00d6SS\u00c9GFEJLESZT\u00c9S ZEN\u00c9LVE\"}]},{\"@type\":\"WebSite\",\"@id\":\"https:\/\/kofe.hu\/parola\/#website\",\"url\":\"https:\/\/kofe.hu\/parola\/\",\"name\":\"Parola Foly\u00f3irat\",\"description\":\"\",\"potentialAction\":[{\"@type\":\"SearchAction\",\"target\":{\"@type\":\"EntryPoint\",\"urlTemplate\":\"https:\/\/kofe.hu\/parola\/?s={search_term_string}\"},\"query-input\":{\"@type\":\"PropertyValueSpecification\",\"valueRequired\":true,\"valueName\":\"search_term_string\"}}],\"inLanguage\":\"hu\"},{\"@type\":\"Person\",\"@id\":\"https:\/\/kofe.hu\/parola\/#\/schema\/person\/83c25d64b9f66768e3f0f2c0840b318c\",\"name\":\"Somhegyi Tam\u00e1s\",\"image\":{\"@type\":\"ImageObject\",\"inLanguage\":\"hu\",\"@id\":\"https:\/\/kofe.hu\/parola\/#\/schema\/person\/image\/d389f34d1e5cdc3ecc479b158b83e651\",\"url\":\"https:\/\/secure.gravatar.com\/avatar\/33ba8753ec0239e191164c8265d2a4d1eb0fedb73ec3c2e03cdb21f12b08e160?s=96&d=mm&r=g\",\"contentUrl\":\"https:\/\/secure.gravatar.com\/avatar\/33ba8753ec0239e191164c8265d2a4d1eb0fedb73ec3c2e03cdb21f12b08e160?s=96&d=mm&r=g\",\"caption\":\"Somhegyi Tam\u00e1s\"},\"url\":\"https:\/\/kofe.hu\/parola\/szerzok\/somhegyi-tamas\/\"}]}<\/script>\n<!-- \/ Yoast SEO plugin. -->","yoast_head_json":{"title":"K\u00d6Z\u00d6SS\u00c9GFEJLESZT\u00c9S ZEN\u00c9LVE - Parola Foly\u00f3irat","robots":{"index":"index","follow":"follow","max-snippet":"max-snippet:-1","max-image-preview":"max-image-preview:large","max-video-preview":"max-video-preview:-1"},"canonical":"https:\/\/kofe.hu\/parola\/parola-folyoirat\/kozossegfejlesztes-zenelve\/","og_locale":"hu_HU","og_type":"article","og_title":"K\u00d6Z\u00d6SS\u00c9GFEJLESZT\u00c9S ZEN\u00c9LVE - Parola Foly\u00f3irat","og_description":"Ezen a ny\u00e1ron Kunb\u00e1bonyban, a K\u00f6z\u00f6ss\u00e9gfejleszt\u0151k Egyes\u00fclete \u00e9s a Civil Koll\u00e9gium Alap\u00edtv\u00e1ny-szervezte ny\u00e1ri egyetemen volt szerencs\u00e9m hallani Vercseg Ilona el\u0151ad\u00e1s\u00e1t a t\u00e1rsadalmi t\u0151ke helyzet\u00e9r\u0151l, fejleszt\u00e9s\u00e9r\u0151l. Itt hallottam, hogy az \u00f6nbemutat\u00e1s a k\u00f6z\u00f6ss\u00e9gfejleszt\u00e9s egyik hat\u00e1sos eszk\u00f6ze, mert \u00e1ltala a k\u00f6z\u00f6ss\u00e9g megismeri az egy\u00e9nt. Sz\u00e9p p\u00e9ld\u00e1ja ennek egy pici falu esete a Mecsekalj\u00e1n, ahol egy v\u00e1rosiasod\u00e1s miatt [&hellip;]","og_url":"https:\/\/kofe.hu\/parola\/parola-folyoirat\/kozossegfejlesztes-zenelve\/","og_site_name":"Parola Foly\u00f3irat","article_published_time":"2020-07-11T13:55:16+00:00","article_modified_time":"2020-07-30T12:03:57+00:00","og_image":[{"width":1289,"height":1918,"url":"https:\/\/kofe.hu\/parola\/wp-content\/uploads\/2020\/07\/08.4.jpeg","type":"image\/jpeg"}],"author":"Somhegyi Tam\u00e1s","twitter_card":"summary_large_image","twitter_misc":{"Szerz\u0151:":"Somhegyi Tam\u00e1s","Becs\u00fclt olvas\u00e1si id\u0151":"6 perc","Written by":"Somhegyi Tam\u00e1s"},"schema":{"@context":"https:\/\/schema.org","@graph":[{"@type":"Article","@id":"https:\/\/kofe.hu\/parola\/parola-folyoirat\/kozossegfejlesztes-zenelve\/#article","isPartOf":{"@id":"https:\/\/kofe.hu\/parola\/parola-folyoirat\/kozossegfejlesztes-zenelve\/"},"author":{"name":"Somhegyi Tam\u00e1s","@id":"https:\/\/kofe.hu\/parola\/#\/schema\/person\/83c25d64b9f66768e3f0f2c0840b318c"},"headline":"K\u00d6Z\u00d6SS\u00c9GFEJLESZT\u00c9S ZEN\u00c9LVE","datePublished":"2020-07-11T13:55:16+00:00","dateModified":"2020-07-30T12:03:57+00:00","mainEntityOfPage":{"@id":"https:\/\/kofe.hu\/parola\/parola-folyoirat\/kozossegfejlesztes-zenelve\/"},"wordCount":1136,"commentCount":0,"image":{"@id":"https:\/\/kofe.hu\/parola\/parola-folyoirat\/kozossegfejlesztes-zenelve\/#primaryimage"},"thumbnailUrl":"https:\/\/kofe.hu\/parola\/wp-content\/uploads\/2020\/07\/08.4.jpeg","articleSection":["Parola 2008\/4","Parola Foly\u00f3irat","Repert\u00f3rium"],"inLanguage":"hu","potentialAction":[{"@type":"CommentAction","name":"Comment","target":["https:\/\/kofe.hu\/parola\/parola-folyoirat\/kozossegfejlesztes-zenelve\/#respond"]}]},{"@type":"WebPage","@id":"https:\/\/kofe.hu\/parola\/parola-folyoirat\/kozossegfejlesztes-zenelve\/","url":"https:\/\/kofe.hu\/parola\/parola-folyoirat\/kozossegfejlesztes-zenelve\/","name":"K\u00d6Z\u00d6SS\u00c9GFEJLESZT\u00c9S ZEN\u00c9LVE - Parola Foly\u00f3irat","isPartOf":{"@id":"https:\/\/kofe.hu\/parola\/#website"},"primaryImageOfPage":{"@id":"https:\/\/kofe.hu\/parola\/parola-folyoirat\/kozossegfejlesztes-zenelve\/#primaryimage"},"image":{"@id":"https:\/\/kofe.hu\/parola\/parola-folyoirat\/kozossegfejlesztes-zenelve\/#primaryimage"},"thumbnailUrl":"https:\/\/kofe.hu\/parola\/wp-content\/uploads\/2020\/07\/08.4.jpeg","datePublished":"2020-07-11T13:55:16+00:00","dateModified":"2020-07-30T12:03:57+00:00","author":{"@id":"https:\/\/kofe.hu\/parola\/#\/schema\/person\/83c25d64b9f66768e3f0f2c0840b318c"},"breadcrumb":{"@id":"https:\/\/kofe.hu\/parola\/parola-folyoirat\/kozossegfejlesztes-zenelve\/#breadcrumb"},"inLanguage":"hu","potentialAction":[{"@type":"ReadAction","target":["https:\/\/kofe.hu\/parola\/parola-folyoirat\/kozossegfejlesztes-zenelve\/"]}]},{"@type":"ImageObject","inLanguage":"hu","@id":"https:\/\/kofe.hu\/parola\/parola-folyoirat\/kozossegfejlesztes-zenelve\/#primaryimage","url":"https:\/\/kofe.hu\/parola\/wp-content\/uploads\/2020\/07\/08.4.jpeg","contentUrl":"https:\/\/kofe.hu\/parola\/wp-content\/uploads\/2020\/07\/08.4.jpeg","width":1289,"height":1918},{"@type":"BreadcrumbList","@id":"https:\/\/kofe.hu\/parola\/parola-folyoirat\/kozossegfejlesztes-zenelve\/#breadcrumb","itemListElement":[{"@type":"ListItem","position":1,"name":"Home","item":"https:\/\/kofe.hu\/parola\/"},{"@type":"ListItem","position":2,"name":"K\u00d6Z\u00d6SS\u00c9GFEJLESZT\u00c9S ZEN\u00c9LVE"}]},{"@type":"WebSite","@id":"https:\/\/kofe.hu\/parola\/#website","url":"https:\/\/kofe.hu\/parola\/","name":"Parola Foly\u00f3irat","description":"","potentialAction":[{"@type":"SearchAction","target":{"@type":"EntryPoint","urlTemplate":"https:\/\/kofe.hu\/parola\/?s={search_term_string}"},"query-input":{"@type":"PropertyValueSpecification","valueRequired":true,"valueName":"search_term_string"}}],"inLanguage":"hu"},{"@type":"Person","@id":"https:\/\/kofe.hu\/parola\/#\/schema\/person\/83c25d64b9f66768e3f0f2c0840b318c","name":"Somhegyi Tam\u00e1s","image":{"@type":"ImageObject","inLanguage":"hu","@id":"https:\/\/kofe.hu\/parola\/#\/schema\/person\/image\/d389f34d1e5cdc3ecc479b158b83e651","url":"https:\/\/secure.gravatar.com\/avatar\/33ba8753ec0239e191164c8265d2a4d1eb0fedb73ec3c2e03cdb21f12b08e160?s=96&d=mm&r=g","contentUrl":"https:\/\/secure.gravatar.com\/avatar\/33ba8753ec0239e191164c8265d2a4d1eb0fedb73ec3c2e03cdb21f12b08e160?s=96&d=mm&r=g","caption":"Somhegyi Tam\u00e1s"},"url":"https:\/\/kofe.hu\/parola\/szerzok\/somhegyi-tamas\/"}]}},"_links":{"self":[{"href":"https:\/\/kofe.hu\/parola\/wp-json\/wp\/v2\/posts\/3368","targetHints":{"allow":["GET"]}}],"collection":[{"href":"https:\/\/kofe.hu\/parola\/wp-json\/wp\/v2\/posts"}],"about":[{"href":"https:\/\/kofe.hu\/parola\/wp-json\/wp\/v2\/types\/post"}],"author":[{"embeddable":true,"href":"https:\/\/kofe.hu\/parola\/wp-json\/wp\/v2\/users\/446"}],"replies":[{"embeddable":true,"href":"https:\/\/kofe.hu\/parola\/wp-json\/wp\/v2\/comments?post=3368"}],"version-history":[{"count":3,"href":"https:\/\/kofe.hu\/parola\/wp-json\/wp\/v2\/posts\/3368\/revisions"}],"predecessor-version":[{"id":4235,"href":"https:\/\/kofe.hu\/parola\/wp-json\/wp\/v2\/posts\/3368\/revisions\/4235"}],"wp:featuredmedia":[{"embeddable":true,"href":"https:\/\/kofe.hu\/parola\/wp-json\/wp\/v2\/media\/3432"}],"wp:attachment":[{"href":"https:\/\/kofe.hu\/parola\/wp-json\/wp\/v2\/media?parent=3368"}],"wp:term":[{"taxonomy":"category","embeddable":true,"href":"https:\/\/kofe.hu\/parola\/wp-json\/wp\/v2\/categories?post=3368"},{"taxonomy":"post_tag","embeddable":true,"href":"https:\/\/kofe.hu\/parola\/wp-json\/wp\/v2\/tags?post=3368"},{"taxonomy":"author","embeddable":true,"href":"https:\/\/kofe.hu\/parola\/wp-json\/wp\/v2\/coauthors?post=3368"}],"curies":[{"name":"wp","href":"https:\/\/api.w.org\/{rel}","templated":true}]}}