{"id":3360,"date":"2020-07-11T13:49:08","date_gmt":"2020-07-11T13:49:08","guid":{"rendered":"https:\/\/kofe.hu\/parola\/?p=3360"},"modified":"2020-07-30T12:02:38","modified_gmt":"2020-07-30T12:02:38","slug":"szocialis-szovetkezetek-tamogatasi-program-eredmenyek-tapasztalatok","status":"publish","type":"post","link":"https:\/\/kofe.hu\/parola\/parola-folyoirat\/szocialis-szovetkezetek-tamogatasi-program-eredmenyek-tapasztalatok\/","title":{"rendered":"SZOCI\u00c1LIS SZ\u00d6VETKEZETEK T\u00c1MOGAT\u00c1SI PROGRAM EREDM\u00c9NYEK, TAPASZTALATOK"},"content":{"rendered":"<p style=\"text-align: justify;\"><b><span style=\"font-family: Arial;\">A program ind\u00edt\u00e1s\u00e1nak el\u0151zm\u00e9nyei<\/span><\/b><\/p>\n<p><span style=\"font-family: Symbol;\">&#8211;\u00a0<\/span><span style=\"font-family: Arial;\">2006. \u00e9vi X. t\u00f6rv\u00e9ny a sz\u00f6vetkezetekr\u0151l<\/span><br \/>\n<span style=\"font-family: Symbol;\">&#8211;\u00a0<\/span><span style=\"font-family: Arial;\">141\/2006 (VI.29.) Korm. rendelet a szoci\u00e1lis sz\u00f6vetkezetekr\u0151l<\/span><br \/>\n<span style=\"font-family: Symbol;\">&#8211;\u00a0<\/span><span style=\"font-family: Arial;\">OFA \u00e9s SZMM k\u00f6z\u00f6tt l\u00e9trej\u00f6tt meg\u00e1llapod\u00e1s a program ind\u00edt\u00e1s\u00e1ra 945 milli\u00f3 HUF keret\u00f6sszeg erej\u00e9ig.<\/span><br \/>\n<!--more--><br \/>\n<b><span style=\"font-family: Arial;\">A szoci\u00e1lis sz\u00f6vetkezeti forma<\/span><\/b><\/p>\n<p><span style=\"font-family: Arial;\">7. \u00a7 A sz\u00f6vetkezet az alapszab\u00e1lyban meghat\u00e1rozott \u00f6sszeg\u0171 r\u00e9szjegyt\u0151k\u00e9vel alap\u00edtott, a nyitott tags\u00e1g \u00e9s a v\u00e1ltoz\u00f3 t\u0151ke elvei szerint m\u0171k\u00f6d\u0151, jogi szem\u00e9lyis\u00e9ggel rendelkez\u0151 szervezet, amelynek c\u00e9lja a tagjai gazdas\u00e1gi, valamint m\u00e1s t\u00e1rsadalmi (kultur\u00e1lis, oktat\u00e1si, szoci\u00e1lis, eg\u00e9szs\u00e9g\u00fcgyi) sz\u00fcks\u00e9gletei kiel\u00e9g\u00edt\u00e9s\u00e9nek el\u0151seg\u00edt\u00e9se.<\/span><br \/>\n<span style=\"font-family: Arial;\">8. \u00a7 (1) A szoci\u00e1lis sz\u00f6vetkezet a 7. \u00a7-ban foglaltaknak megfelel\u0151 olyan sz\u00f6vetkezet,<\/span><\/p>\n<p style=\"text-align: justify;\"><span style=\"font-family: Arial;\">a) amelynek c\u00e9lja munkan\u00e9lk\u00fcli, illet\u0151leg szoci\u00e1lisan h\u00e1tr\u00e1nyos helyzetben l\u00e9v\u0151 tagjai sz\u00e1m\u00e1ra munkafelt\u00e9telek teremt\u00e9se, valamint szoci\u00e1lis helyzet\u00fck jav\u00edt\u00e1s\u00e1nak egy\u00e9b m\u00f3don t\u00f6rt\u00e9n\u0151 el\u0151seg\u00edt\u00e9se;<\/span><br \/>\n<span style=\"font-family: Arial;\">b) amely iskolasz\u00f6vetkezetk\u00e9nt m\u0171k\u00f6dik.<\/span><\/p>\n<p style=\"text-align: justify;\"><b><span style=\"font-family: Arial;\">Olyan szervezetek, amelyek k\u00e9pesek t\u00e1rsadalmi er\u0151forr\u00e1sokat hasznos\u00edtani, seg\u00edtik a t\u00e1rsadalom perem\u00e9re szorul\u00f3 csoportokat a visszailleszked\u00e9sben. K\u00e9pesek k\u00f6z\u00f6ss\u00e9gi sz\u00fcks\u00e9gleteket kiel\u00e9g\u00edteni, oly m\u00f3don, hogy \u00f6tv\u00f6zik egym\u00e1ssal a gazd\u00e1lkod\u00e1si, kultur\u00e1lis \u00e9s szoci\u00e1lis funkci\u00f3t.<\/span><\/b><\/p>\n<p><b><span style=\"font-family: Arial;\">Az OFA t\u00e1mogat\u00e1si programj\u00e1nak c\u00e9lkit\u0171z\u00e9sei<\/span><\/b><br \/>\n<b><span style=\"font-family: Arial;\">A t\u00e1mogat\u00e1si program \u00e1tfog\u00f3 c\u00e9lkit\u0171z\u00e9se,<\/span><\/b><span style=\"font-family: Arial;\">\u00a0hogy\u00a0<\/span><b><span style=\"font-family: Arial;\">a megval\u00f3s\u00edt\u00e1si id\u0151szak v\u00e9g\u00e9ig legal\u00e1bb 50 \u00f6nfenntart\u00f3v\u00e1 v\u00e1l\u00f3<\/span><\/b><span style=\"font-family: Arial;\">\u00a0szoci\u00e1lis sz\u00f6vetkezet m\u0171k\u00f6dj\u00f6n Magyarorsz\u00e1gon.<\/span><br \/>\n<b><span style=\"font-family: Arial;\">A t\u00e1mogat\u00e1si program konkr\u00e9t c\u00e9lkit\u0171z\u00e9sei:<\/span><\/b><br \/>\n<span style=\"font-family: Symbol;\">&#8211;\u00a0<\/span><span style=\"font-family: Arial;\">A foglalkoztat\u00e1s el\u0151seg\u00edt\u00e9se (els\u0151sorban a szoci\u00e1lisan h\u00e1tr\u00e1nyos helyzet\u0171 emberek munk\u00e1hoz jut\u00e1s\u00e1nak \u00f6szt\u00f6nz\u00e9se),<\/span><br \/>\n<span style=\"font-family: Symbol;\">&#8211;\u00a0<\/span><span style=\"font-family: Arial;\">A helyi szint\u0171 k\u00f6z\u00f6ss\u00e9gszervez\u00e9s \u00f6szt\u00f6nz\u00e9se,<\/span><br \/>\n<span style=\"font-family: Symbol;\">&#8211;\u00a0<\/span><span style=\"font-family: Arial;\">A feketegazdas\u00e1g cs\u00f6kkent\u00e9se,<\/span><br \/>\n<span style=\"font-family: Symbol;\">&#8211;\u00a0<\/span><span style=\"font-family: Arial;\">A szoci\u00e1lis sz\u00f6vetkezet szervezeti forma megismertet\u00e9se \u00e9s n\u00e9pszer\u0171s\u00edt\u00e9se,<\/span><br \/>\n<span style=\"font-family: Symbol;\">&#8211;\u00a0<\/span><span style=\"font-family: Arial;\">A szoci\u00e1lis sz\u00f6vetkezetet \u00e9rint\u0151 t\u00e9mak\u00f6r\u00f6ket \u00e1tfog\u00f3 k\u00e9pz\u00e9si program kidolgoz\u00e1sa \u00e9s k\u00e9pz\u00e9seken kereszt\u00fcl magas szakmais\u00e1ggal rendelkez\u0151 gyakorlati \u00e9s elm\u00e9leti szak\u00e9rt\u0151i b\u00e1zis kialak\u00edt\u00e1sa (mentorok \u00e9s tan\u00e1csad\u00f3k),<\/span><br \/>\n<span style=\"font-family: Symbol;\">&#8211;\u00a0<\/span><span style=\"font-family: Arial;\">Az \u00e9rintettek (\u00e1ll\u00e1skeres\u0151k, seg\u00edt\u0151 szakemberek, non-profit szervezetek, \u00f6nkorm\u00e1nyzatok, csal\u00e1dseg\u00edt\u0151- \u00e9s munka\u00fcgyi k\u00f6zpontok) t\u00e1j\u00e9koztat\u00e1sa a szervezeti form\u00e1r\u00f3l, az abban rejl\u0151 lehet\u0151s\u00e9gekr\u0151l.<\/span><\/p>\n<p><b><span style=\"font-family: Arial;\">A c\u00e9lok el\u00e9r\u00e9s\u00e9nek \u00fatja 2007\u20132008-ban<\/span><\/b><\/p>\n<p><span style=\"font-family: Arial;\">1.\u00a0<\/span><b><span style=\"font-family: Arial;\">K\u00e9pz\u00e9si program megval\u00f3s\u00edt\u00e1sa<\/span><\/b><span style=\"font-family: Arial;\">\u00a0annak \u00e9rdek\u00e9ben, hogy k\u00e9pzett\u00a0<\/span><b><span style=\"font-family: Arial;\">tan\u00e1csad\u00f3k \u00e9s mentorok<\/span><\/b><span style=\"font-family: Arial;\">\u00a0seg\u00edts\u00e9k a szoci\u00e1lis sz\u00f6vetkezet kialak\u00edt\u00e1s\u00e1ra v\u00e1llalkoz\u00f3 csoportokat a sz\u00f6vetkezet megalak\u00edt\u00e1s\u00e1ban \u00e9s a gazd\u00e1lkod\u00e1s elind\u00edt\u00e1s\u00e1ban, lehet\u0151leg eg\u00e9szen az \u00f6nfenntart\u00f3v\u00e1 v\u00e1l\u00e1sig.<\/span><br \/>\n<span style=\"font-family: Arial;\">2.\u00a0<\/span><b><span style=\"font-family: Arial;\">Kommunik\u00e1ci\u00f3s program<\/span><\/b><span style=\"font-family: Arial;\">\u00a0megval\u00f3s\u00edt\u00e1sa, a szoci\u00e1lis sz\u00f6vetkezeti forma n\u00e9pszer\u0171s\u00edt\u00e9se, a potenci\u00e1lis p\u00e1ly\u00e1z\u00f3i k\u00f6r el\u00e9r\u00e9se \u00e9s \u00f6szt\u00f6nz\u00e9se \u00e9rdek\u00e9ben a p\u00e1ly\u00e1zatok elk\u00e9sz\u00edt\u00e9s\u00e9re.<\/span><br \/>\n<span style=\"font-family: Arial;\">3.\u00a0<\/span><b><span style=\"font-family: Arial;\">Szoci\u00e1lis sz\u00f6vetkezetek alak\u00edt\u00e1s\u00e1nak \u00e9s m\u0171k\u00f6d\u00e9s\u00e9nek t\u00e1mogat\u00e1sa.<\/span><\/b><\/p>\n<p><b><span style=\"font-family: Arial;\">A szoci\u00e1lis sz\u00f6vetkezetek l\u00e9trehoz\u00e1s\u00e1nak t\u00e1mogat\u00e1sa (a program r\u00f6vid bemutat\u00e1sa)<\/span><\/b><\/p>\n<p><span style=\"font-family: Arial;\">A program c\u00e9lja: Szoci\u00e1lis sz\u00f6vetkezetek l\u00e9trehoz\u00e1sa a 141\/2006. (VI. 29.) Korm. rendelet alapj\u00e1n, illetve a m\u00e1r bejegyzett szoci\u00e1lis sz\u00f6vetkezetek t\u00e1mogat\u00e1sa.<\/span><br \/>\n<span style=\"font-family: Arial;\">C\u00e9lcsoport:\u00a0<\/span><b><span style=\"font-family: Arial;\">Legal\u00e1bb 3 h\u00f3napja regisztr\u00e1lt munkan\u00e9lk\u00fcli (\u00e1ll\u00e1skeres\u0151) emberek<\/span><\/b><br \/>\n<span style=\"font-family: Arial;\">A t\u00e1mogat\u00e1si program k\u00e9tfordul\u00f3s p\u00e1ly\u00e1zat keret\u00e9ben ker\u00fclt megval\u00f3s\u00edt\u00e1sra. Az els\u0151 fordul\u00f3n kiv\u00e1lasztott v\u00e1zlatos projekttervek alapj\u00e1n a p\u00e1ly\u00e1z\u00f3k lehet\u0151s\u00e9get kaptak k\u00e9pz\u00e9sen val\u00f3 r\u00e9szv\u00e9telre \u00e9s projektj\u00fck r\u00e9szletes kidolgoz\u00e1s\u00e1ra.<\/span><br \/>\n<span style=\"font-family: Arial;\">Az I. fordul\u00f3s p\u00e1ly\u00e1zatok post\u00e1ra ad\u00e1si hat\u00e1rideje 2008. febru\u00e1r 28-a volt.<\/span><\/p>\n<p><b><span style=\"font-family: Arial;\">A szoci\u00e1lis sz\u00f6vetkezetek l\u00e9trehoz\u00e1s\u00e1nak t\u00e1mogat\u00e1sa (a p\u00e1ly\u00e1ztat\u00e1s folyamata)<\/span><\/b><\/p>\n<p><b><span style=\"font-family: Arial;\">Az els\u0151 fordul\u00f3ban v\u00e1zlatos projekttervekkel \u00e9s k\u00f6lts\u00e9gtervvel p\u00e1ly\u00e1zhattak\u00a0<\/span><\/b><span style=\"font-family: Arial;\">a sz\u00f6vetkezet alak\u00edt\u00e1s\u00e1t tervez\u0151\u00a0<\/span><b><span style=\"font-family: Arial;\">term\u00e9szetes szem\u00e9lyekb\u0151l \u00e1ll\u00f3 csoportok, illetve a m\u00e1r bejegyezett szoci\u00e1lis sz\u00f6vetkezetek. A v\u00e1zlatos tervek alapj\u00e1n kiv\u00e1lasztott<\/span><\/b><span style=\"font-family: Arial;\">\u00a0p\u00e1ly\u00e1z\u00f3k a k\u00e9pz\u00e9si programelem keretein bel\u00fcl szervezett\u00a0<\/span><b><span style=\"font-family: Arial;\">projekttervez\u00e9si \u00e9s p\u00e1ly\u00e1zat\u00edr\u00f3i k\u00e9pz\u00e9sen vehettek r\u00e9szt,<\/span><\/b><span style=\"font-family: Arial;\">\u00a0ahol seg\u00edts\u00e9get kaphattak a p\u00e1ly\u00e1zat meg\u00edr\u00e1s\u00e1hoz \u00e9s a r\u00e9szletes projekt v\u00e9gleges\u00edt\u00e9s\u00e9hez. Az els\u0151 fordul\u00f3n kiv\u00e1lasztott projekttervekre p\u00e9nzbeli t\u00e1mogat\u00e1st az OFA nem ny\u00fajt.<\/span><br \/>\n<span style=\"font-family: Arial;\">Az\u00a0<\/span><b><span style=\"font-family: Arial;\">els\u0151 fordul\u00f3ban<\/span><\/b><span style=\"font-family: Arial;\">\u00a0a 13. pontban megadott id\u0151szakon bel\u00fcl be\u00e9rkez\u0151 projekttervek k\u00f6z\u00fcl szak\u00e9rt\u0151k v\u00e9lem\u00e9ny\u00e9nek figyelembev\u00e9tel\u00e9vel megt\u00f6rt\u00e9nt a p\u00e1ly\u00e1z\u00f3k m\u00e1sodik fordul\u00f3ra \u00e9s projekttervez\u00e9si \u00e9s p\u00e1ly\u00e1zat\u00edr\u00f3i k\u00e9pz\u00e9sen t\u00f6rt\u00e9n\u0151 r\u00e9szv\u00e9telre val\u00f3 kiv\u00e1laszt\u00e1sa. A k\u00e9pz\u00e9s v\u00e9g\u00e9n a p\u00e1ly\u00e1z\u00f3 csoportok beny\u00fajthatj\u00e1k\u00a0<\/span><b><span style=\"font-family: Arial;\">a m\u00e1sodik fordul\u00f3ra\u00a0<\/span><\/b><span style=\"font-family: Arial;\">a helyi felt\u00e9telekre \u00e9p\u00fcl\u0151, minden r\u00e9szlet\u00e9ben kidolgozott projektj\u00fcket \u00e9s \u00fczleti terv\u00fcket.<\/span><br \/>\n<b><span style=\"font-family: Arial;\">A m\u00e1sodik fordul\u00f3ra r\u00e9szletesen kidolgozott p\u00e1ly\u00e1zattal \u00e9s \u00fczleti tervvel\u00a0<\/span><\/b><span style=\"font-family: Arial;\">lehetett p\u00e1ly\u00e1zni, amelynek keret\u00e9ben a megalakul\u00e1ssal j\u00e1r\u00f3 feladatok k\u00f6lts\u00e9geire \u00e9s egy \u00e9v m\u0171k\u00f6d\u00e9si k\u00f6lts\u00e9geire ig\u00e9nyelhettek t\u00e1mogat\u00e1st<\/span><br \/>\n<b><span style=\"font-family: Arial;\">A m\u00e1sodik fordul\u00f3ra, csak az els\u0151 fordul\u00f3ra is p\u00e1ly\u00e1z\u00f3 \u00e9s itt kiv\u00e1lasztott csoportok, illetve szervezetek ny\u00fajthattak be p\u00e1ly\u00e1zatot.<\/span><\/b><span style=\"font-family: Arial;\">\u00a0Az els\u0151 fordul\u00f3n sikeresen szerepl\u0151 p\u00e1ly\u00e1z\u00f3k p\u00e1ly\u00e1zat\u00edr\u00f3i \u00e9s projekttervez\u00e9si k\u00e9pz\u00e9sen t\u00f6rt\u00e9n\u0151 r\u00e9szv\u00e9tele nem volt k\u00f6telez\u0151.<\/span><\/p>\n<p><b><span style=\"font-family: Arial;\">A szoci\u00e1lis sz\u00f6vetkezetek l\u00e9trehoz\u00e1s\u00e1nak t\u00e1mogat\u00e1sa (az I. fordul\u00f3s p\u00e1ly\u00e1zatok tapasztalatai)<\/span><\/b><\/p>\n<p><span style=\"font-family: Symbol;\">&#8211;\u00a0<\/span><b><span style=\"font-family: Arial;\">2008. febru\u00e1r 28-ig \u00f6sszesen 445 els\u0151 fordul\u00f3s p\u00e1ly\u00e1zatot adtak post\u00e1ra az OFA r\u00e9sz\u00e9re.<\/span><\/b><br \/>\n<span style=\"font-family: Symbol;\">&#8211;\u00a0<\/span><b><span style=\"font-family: Arial;\">Az I. fordul\u00f3s p\u00e1ly\u00e1zatokb\u00f3l \u00f6sszesen 157 db jutott tov\u00e1bb a II. fordul\u00f3ba<\/span><\/b><\/p>\n<p><span style=\"font-family: Arial;\">Az \u00f6sszesen be\u00e9rkezett p\u00e1ly\u00e1zat region\u00e1lis megoszl\u00e1sa:<\/span><\/p>\n<table border=\"1\">\n<tbody>\n<tr valign=\"top\">\n<td width=\"148\"><span style=\"font-family: Arial;\">R\u00e9gi\u00f3<\/span><\/td>\n<td width=\"81\">\n<div align=\"right\"><span style=\"font-family: Arial;\">%<\/span><\/div>\n<\/td>\n<\/tr>\n<tr valign=\"top\">\n<td width=\"148\"><span style=\"font-family: Arial;\">\u00c9szak-Alf\u00f6ld<\/span><\/td>\n<td width=\"81\">\n<div align=\"right\"><span style=\"font-family: Arial;\">26,17<\/span><\/div>\n<\/td>\n<\/tr>\n<tr valign=\"top\">\n<td width=\"148\"><span style=\"font-family: Arial;\">\u00c9szak-Magyarorsz\u00e1g<\/span><\/td>\n<td width=\"81\">\n<div align=\"right\"><span style=\"font-family: Arial;\">16,12<\/span><\/div>\n<\/td>\n<\/tr>\n<tr valign=\"top\">\n<td width=\"148\"><span style=\"font-family: Arial;\">K\u00f6z\u00e9p-Magyarorsz\u00e1g<\/span><\/td>\n<td width=\"81\">\n<div align=\"right\"><span style=\"font-family: Arial;\">14,72<\/span><\/div>\n<\/td>\n<\/tr>\n<tr valign=\"top\">\n<td width=\"148\"><span style=\"font-family: Arial;\">D\u00e9l-Dun\u00e1nt\u00fal<\/span><\/td>\n<td width=\"81\">\n<div align=\"right\"><span style=\"font-family: Arial;\">14,49<\/span><\/div>\n<\/td>\n<\/tr>\n<tr valign=\"top\">\n<td width=\"148\"><span style=\"font-family: Arial;\">D\u00e9l-Alf\u00f6ld<\/span><\/td>\n<td width=\"81\">\n<div align=\"right\"><span style=\"font-family: Arial;\">12,15<\/span><\/div>\n<\/td>\n<\/tr>\n<tr valign=\"top\">\n<td width=\"148\"><span style=\"font-family: Arial;\">Nyugat-Dun\u00e1nt\u00fal<\/span><\/td>\n<td width=\"81\">\n<div align=\"right\"><span style=\"font-family: Arial;\">8,88<\/span><\/div>\n<\/td>\n<\/tr>\n<tr valign=\"top\">\n<td width=\"148\"><span style=\"font-family: Arial;\">K\u00f6z\u00e9p-Dun\u00e1nt\u00fal<\/span><\/td>\n<td width=\"81\">\n<div align=\"right\"><span style=\"font-family: Arial;\">7,48<\/span><\/div>\n<\/td>\n<\/tr>\n<\/tbody>\n<\/table>\n<p style=\"text-align: justify;\"><span style=\"font-family: Arial;\">Megjel\u00f6lt t\u00e1mogat\u00e1si ig\u00e9ny: jellemz\u0151en a maxim\u00e1lis t\u00e1mogat\u00e1ssal tervez minden p\u00e1ly\u00e1z\u00f3<\/span><br \/>\n<span style=\"font-family: Arial;\">Alap\u00edt\u00f3 tagok sz\u00e1ma: 7\u201320 f\u0151ig (\u00e1tlagosan 8\u201310 f\u0151)<\/span><\/p>\n<p><b><span style=\"font-family: Arial;\">A m\u00e1sodik fordul\u00f3s p\u00e1ly\u00e1zatok \u00e9rt\u00e9kel\u00e9s\u00e9nek menete<\/span><\/b><\/p>\n<p><span style=\"font-family: Arial;\">K\u00e9t k\u00f6rben hozott d\u00f6nt\u00e9st a kurat\u00f3rium.<\/span><br \/>\n<span style=\"font-family: Arial;\">\u00d6sszesen 140 db II. fordul\u00f3s p\u00e1ly\u00e1zat \u00e9rkezett be az OFA-hoz, melyb\u0151l 38 alakul\u00f3 szervezet kapott t\u00e1mogat\u00e1st.<\/span><\/p>\n<table border=\"1\">\n<tbody>\n<tr valign=\"top\">\n<td width=\"102\">\n<div align=\"center\"><span style=\"font-family: Arial;\">A p\u00e1ly\u00e1zatok beny\u00fajt\u00e1s\u00e1nak hat\u00e1rideje<\/span><\/div>\n<\/td>\n<td width=\"82\">\n<div align=\"center\"><span style=\"font-family: Arial;\">A kurat\u00f3rium d\u00f6nt\u00e9s\u00e9nek d\u00e1tuma<\/span><\/div>\n<\/td>\n<td width=\"78\">\n<div align=\"center\"><span style=\"font-family: Arial;\">Beny\u00fajtott p\u00e1ly\u00e1zatok sz\u00e1ma (db)<\/span><\/div>\n<\/td>\n<td width=\"69\">\n<div align=\"center\"><span style=\"font-family: Arial;\">T\u00e1moga- t\u00e1st nyert p\u00e1ly\u00e1za- tok sz\u00e1ma (db)<\/span><\/div>\n<\/td>\n<\/tr>\n<tr valign=\"top\">\n<td width=\"102\"><span style=\"font-family: Arial;\">2008. \u00e1prilis 30.<\/span><\/td>\n<td width=\"82\"><span style=\"font-family: Arial;\">2008. j\u00fanius 30.<\/span><\/td>\n<td width=\"78\">\n<div align=\"center\"><span style=\"font-family: Arial;\">39<\/span><\/div>\n<\/td>\n<td width=\"69\">\n<div align=\"center\"><span style=\"font-family: Arial;\">17<\/span><\/div>\n<\/td>\n<\/tr>\n<tr valign=\"top\">\n<td width=\"102\"><span style=\"font-family: Arial;\">2008. j\u00falius 18.<\/span><\/td>\n<td width=\"82\"><span style=\"font-family: Arial;\">2008. november 3. (el\u0151rehozott d\u00f6nt\u00e9s)<\/span><\/td>\n<td width=\"78\">\n<div align=\"center\"><span style=\"font-family: Arial;\">101<\/span><\/div>\n<\/td>\n<td width=\"69\">\n<div align=\"center\"><span style=\"font-family: Arial;\">21<\/span><\/div>\n<\/td>\n<\/tr>\n<\/tbody>\n<\/table>\n<p><b><span style=\"font-family: Arial;\">A m\u00e1sodik fordul\u00f3n t\u00e1mogat\u00e1st nyert szervezetek ter\u00fcleti megoszl\u00e1sa<\/span><\/b><\/p>\n<table border=\"1\">\n<tbody>\n<tr valign=\"top\">\n<td width=\"97\">\n<div align=\"center\"><span style=\"font-family: Arial;\">R\u00e9gi\u00f3<\/span><\/div>\n<\/td>\n<td width=\"72\">\n<div align=\"center\"><span style=\"font-family: Arial;\">A 2008. j\u00fanius 30-i d\u00f6nt\u00e9s szerint a nyertes p\u00e1ly\u00e1zatok<\/span><br \/>\n<span style=\"font-family: Arial;\">sz\u00e1ma<\/span><\/div>\n<\/td>\n<td width=\"77\">\n<div align=\"center\"><span style=\"font-family: Arial;\">A 2008. novemberi d\u00f6nt\u00e9s szerint a nyertes p\u00e1ly\u00e1zatok<\/span><br \/>\n<span style=\"font-family: Arial;\">sz\u00e1ma<\/span><\/div>\n<\/td>\n<td width=\"48\">\n<div align=\"center\"><span style=\"font-family: Arial;\">\u00d6ssze-sen<\/span><\/div>\n<\/td>\n<td width=\"37\">\n<div align=\"center\"><span style=\"font-family: Arial;\">%<\/span><\/div>\n<\/td>\n<\/tr>\n<tr valign=\"top\">\n<td width=\"97\"><span style=\"font-family: Arial;\">D\u00e9l-Alf\u00f6ld<\/span><\/td>\n<td width=\"72\">\n<div align=\"center\"><span style=\"font-family: Arial;\">5<\/span><\/div>\n<\/td>\n<td width=\"77\">\n<div align=\"center\"><span style=\"font-family: Arial;\">1<\/span><\/div>\n<\/td>\n<td width=\"48\">\n<div align=\"center\"><span style=\"font-family: Arial;\">6<\/span><\/div>\n<\/td>\n<td width=\"37\">\n<div align=\"right\"><span style=\"font-family: Arial;\">15,79<\/span><\/div>\n<\/td>\n<\/tr>\n<tr valign=\"top\">\n<td width=\"97\"><span style=\"font-family: Arial;\">D\u00e9l-Dun\u00e1nt\u00fal<\/span><\/td>\n<td width=\"72\">\n<div align=\"center\"><span style=\"font-family: Arial;\">2<\/span><\/div>\n<\/td>\n<td width=\"77\">\n<div align=\"center\"><span style=\"font-family: Arial;\">6<\/span><\/div>\n<\/td>\n<td width=\"48\">\n<div align=\"center\"><span style=\"font-family: Arial;\">8<\/span><\/div>\n<\/td>\n<td width=\"37\">\n<div align=\"right\"><span style=\"font-family: Arial;\">21,05<\/span><\/div>\n<\/td>\n<\/tr>\n<tr valign=\"top\">\n<td width=\"97\"><span style=\"font-family: Arial;\">\u00c9szak-Alf\u00f6ld<\/span><\/td>\n<td width=\"72\">\n<div align=\"center\"><span style=\"font-family: Arial;\">5<\/span><\/div>\n<\/td>\n<td width=\"77\">\n<div align=\"center\"><span style=\"font-family: Arial;\">4<\/span><\/div>\n<\/td>\n<td width=\"48\">\n<div align=\"center\"><span style=\"font-family: Arial;\">9<\/span><\/div>\n<\/td>\n<td width=\"37\">\n<div align=\"right\"><span style=\"font-family: Arial;\">23,68<\/span><\/div>\n<\/td>\n<\/tr>\n<tr valign=\"top\">\n<td width=\"97\"><span style=\"font-family: Arial;\">\u00c9szak-Magyarorsz\u00e1g<\/span><\/td>\n<td width=\"72\">\n<div align=\"center\"><span style=\"font-family: Arial;\">3<\/span><\/div>\n<\/td>\n<td width=\"77\">\n<div align=\"center\"><span style=\"font-family: Arial;\">6<\/span><\/div>\n<\/td>\n<td width=\"48\">\n<div align=\"center\"><span style=\"font-family: Arial;\">9<\/span><\/div>\n<\/td>\n<td width=\"37\">\n<div align=\"right\"><span style=\"font-family: Arial;\">23,68<\/span><\/div>\n<\/td>\n<\/tr>\n<tr valign=\"top\">\n<td width=\"97\"><span style=\"font-family: Arial;\">K\u00f6z\u00e9p-Dun\u00e1nt\u00fal<\/span><\/td>\n<td width=\"72\">\n<div align=\"center\"><span style=\"font-family: Arial;\">1<\/span><\/div>\n<\/td>\n<td width=\"77\">\n<div align=\"center\"><span style=\"font-family: Arial;\">1<\/span><\/div>\n<\/td>\n<td width=\"48\">\n<div align=\"center\"><span style=\"font-family: Arial;\">2<\/span><\/div>\n<\/td>\n<td width=\"37\">\n<div align=\"right\"><span style=\"font-family: Arial;\">5,26<\/span><\/div>\n<\/td>\n<\/tr>\n<tr valign=\"top\">\n<td width=\"97\"><span style=\"font-family: Arial;\">Nyugat-Dun\u00e1n- t\u00fal<\/span><\/td>\n<td width=\"72\">\n<div align=\"center\"><span style=\"font-family: Arial;\">1<\/span><\/div>\n<\/td>\n<td width=\"77\">\n<div align=\"center\"><span style=\"font-family: Arial;\">1<\/span><\/div>\n<\/td>\n<td width=\"48\">\n<div align=\"center\"><span style=\"font-family: Arial;\">2<\/span><\/div>\n<\/td>\n<td width=\"37\">\n<div align=\"right\"><span style=\"font-family: Arial;\">5,26<\/span><\/div>\n<\/td>\n<\/tr>\n<tr valign=\"top\">\n<td width=\"97\"><span style=\"font-family: Arial;\">K\u00f6z\u00e9p-Magyar-orsz\u00e1g<\/span><\/td>\n<td width=\"72\">\n<div align=\"center\"><span style=\"font-family: Arial;\">0<\/span><\/div>\n<\/td>\n<td width=\"77\">\n<div align=\"center\"><span style=\"font-family: Arial;\">2<\/span><\/div>\n<\/td>\n<td width=\"48\">\n<div align=\"center\"><span style=\"font-family: Arial;\">2<\/span><\/div>\n<\/td>\n<td width=\"37\">\n<div align=\"right\"><span style=\"font-family: Arial;\">5,26<\/span><\/div>\n<\/td>\n<\/tr>\n<tr valign=\"top\">\n<td bgcolor=\"#FFFF00\" width=\"97\"><span style=\"font-family: Arial;\">\u00d6SSZESEN<\/span><\/td>\n<td bgcolor=\"#FFFF00\" width=\"72\">\n<div align=\"center\"><span style=\"font-family: Arial;\">17<\/span><\/div>\n<\/td>\n<td bgcolor=\"#FFFF00\" width=\"77\">\n<div align=\"center\"><span style=\"font-family: Arial;\">21<\/span><\/div>\n<\/td>\n<td bgcolor=\"#FFFF00\" width=\"48\">\n<div align=\"center\"><span style=\"font-family: Arial;\">38<\/span><\/div>\n<\/td>\n<td width=\"37\"><\/td>\n<\/tr>\n<\/tbody>\n<\/table>\n<p><b><span style=\"font-family: Arial;\">A m\u00e1sodik fordul\u00f3n t\u00e1mogat\u00e1st nyert szervezetekben \u00e9rintettek sz\u00e1ma<\/span><\/b><\/p>\n<p><span style=\"font-family: Arial;\">A szoci\u00e1lis sz\u00f6vetkezetet alap\u00edt\u00f3 tagok sz\u00e1ma \u00f6sszesen (38 t\u00e1mogatott szervezetre): 340 f\u0151.<\/span><br \/>\n<span style=\"font-family: Arial;\">A szoci\u00e1lis sz\u00f6vetkezeti tagok k\u00f6z\u00fcl legal\u00e1bb 3 h\u00f3napja regisztr\u00e1lt munkan\u00e9lk\u00fcliek sz\u00e1ma \u00f6sszesen: 196 f\u0151.<\/span><\/p>\n<p><b><span style=\"font-family: Arial;\">A m\u00e1sodik fordul\u00f3n t\u00e1mogat\u00e1st nyert szervezetek megalak\u00edt\u00e1s\u00e1ra \u00e9s m\u0171k\u00f6dtet\u00e9s\u00e9re j\u00f3v\u00e1hagyott t\u00e1mogat\u00e1s<\/span><\/b><\/p>\n<table border=\"1\">\n<tbody>\n<tr valign=\"top\">\n<td width=\"217\"><span style=\"font-family: Arial;\">D\u00f6nt\u00e9ssel lek\u00f6t\u00f6tt t\u00e1mogat\u00e1s a Kurat\u00f3rium 2008. j\u00fanius 30-i d\u00f6nt\u00e9se alapj\u00e1n 17 db p\u00e1ly\u00e1zatra<\/span><\/td>\n<td width=\"114\">\n<div align=\"right\"><span style=\"font-family: Arial;\">318 663 900<\/span><\/div>\n<\/td>\n<\/tr>\n<tr valign=\"top\">\n<td width=\"217\"><span style=\"font-family: Arial;\">A t\u00e1mogat\u00e1sra javasolt 21 db p\u00e1ly\u00e1zat t\u00e1mogat\u00e1s\u00e1ra lek\u00f6t\u00f6tt keret\u00f6sszeg<\/span><\/td>\n<td width=\"114\">\n<div align=\"right\"><span style=\"font-family: Arial;\">394 740 950<\/span><\/div>\n<\/td>\n<\/tr>\n<tr valign=\"top\">\n<td width=\"217\"><span style=\"font-family: Arial;\">\u00d6SSZESEN lek\u00f6t\u00f6tt forr\u00e1s a 38 db nyertes p\u00e1ly\u00e1zatra (Ft)<\/span><\/td>\n<td width=\"114\">\n<div align=\"right\"><b><span style=\"font-family: Arial;\">713 404 850<\/span><\/b><\/div>\n<\/td>\n<\/tr>\n<\/tbody>\n<\/table>\n<p style=\"text-align: justify;\"><b><span style=\"font-family: Arial;\">A m\u00e1sodik fordul\u00f3n nyert szervezetek t\u00e1mogat\u00e1sa<\/span><\/b><\/p>\n<p><span style=\"font-family: Arial;\">A nyertes szervezetek t\u00e1mogat\u00e1st kapnak, mind a megalakul\u00e1s, mind az els\u0151 \u00e9v m\u0171k\u00f6dtet\u00e9s\u00e9nek k\u00f6lts\u00e9geihez.<\/span><br \/>\n<span style=\"font-family: Arial;\">A szoci\u00e1lis sz\u00f6vetkezet megalap\u00edt\u00e1s\u00e1ra maximum 6 h\u00f3nap \u00e1ll rendelkez\u00e9sre. Ezt k\u00f6vet\u0151en a m\u0171k\u00f6dtet\u00e9s 12 h\u00f3napj\u00e1ra vonatkozik a t\u00e1mogat\u00e1s.<\/span><\/p>\n<p><b><span style=\"font-family: Arial;\">A m\u00e1sodik fordul\u00f3n nyert szervezetek legkedveltebb tev\u00e9kenys\u00e9gei (1)<\/span><\/b><\/p>\n<p><span style=\"font-family: Symbol;\">&#8211;\u00a0<\/span><span style=\"font-family: Arial;\">\u00d6nkorm\u00e1nyzati feladatok \u00e1tv\u00e1llal\u00e1sa az vagy azokat kiseg\u00edt\u0151 szolg\u00e1ltat\u00e1sok (k\u00f6zter\u00fcletek karbantart\u00e1sa, parkgondoz\u00e1s, t\u00e9li s\u00edkoss\u00e1gmentes\u00edt\u00e9s, takar\u00edt\u00e1s, j\u00e1tsz\u00f3terek karbantart\u00e1sa).<\/span><br \/>\n<span style=\"font-family: Symbol;\">&#8211;\u00a0<\/span><span style=\"font-family: Arial;\">Szolg\u00e1ltat\u00e1sok ny\u00fajt\u00e1sa a helyi lakoss\u00e1g sz\u00e1m\u00e1ra (mosodai szolg\u00e1ltat\u00e1s, h\u00e1zk\u00f6r\u00fcli munk\u00e1k elv\u00e9gz\u00e9se, munk\u00e1ba j\u00e1r\u00e1st seg\u00edt\u0151 sz\u00e1ll\u00edt\u00f3 szolg\u00e1ltat\u00e1sok).<\/span><br \/>\n<span style=\"font-family: Symbol;\">&#8211;\u00a0<\/span><span style=\"font-family: Arial;\">K\u00e9zm\u0171ipari szolg\u00e1ltat\u00e1sok (kos\u00e1rfon\u00e1s, fonott b\u00fator k\u00e9sz\u00edt\u00e9s, hagyom\u00e1ny\u00f6rz\u0151 k\u00e9zm\u0171ves term\u00e9kek el\u0151\u00e1ll\u00edt\u00e1sa.<\/span><\/p>\n<p><b><span style=\"font-family: Arial;\">A m\u00e1sodik fordul\u00f3n nyert szervezetek legkedveltebb tev\u00e9kenys\u00e9gei (2)<\/span><\/b><\/p>\n<p><span style=\"font-family: Symbol;\">&#8211;\u00a0<\/span><span style=\"font-family: Arial;\">Erd\u00e9szeti \u00e9s mez\u0151gazdas\u00e1gi fahullad\u00e9kok \u00e9s mell\u00e9kterm\u00e9kek \u00f6sszegy\u0171jt\u00e9se \u00e9s biomassza el\u0151\u00e1ll\u00edt\u00e1sa, biobrikett el\u0151\u00e1ll\u00edt\u00e1s, fa-pellet gy\u00e1rt\u00e1s,<\/span><br \/>\n<span style=\"font-family: Symbol;\">&#8211;\u00a0<\/span><span style=\"font-family: Arial;\">Id\u0151sgondoz\u00e1s,<\/span><br \/>\n<span style=\"font-family: Symbol;\">&#8211;\u00a0<\/span><b><span style=\"font-family: Arial;\">gyermekj\u00f3l\u00e9ti szolg\u00e1ltat\u00e1sok<\/span><\/b><span style=\"font-family: Arial;\">\u00a0(csal\u00e1di napk\u00f6zi, b\u00e9biszitter-szolg\u00e1lat, szabadid\u0151s programszervez\u00e9s, csal\u00e1di napok szervez\u00e9se, szaktan\u00e1csad\u00e1s, sz\u00fcl\u0151knek ny\u00fajtott szolg\u00e1ltat\u00e1sok, klubok m\u0171k\u00f6dtet\u00e9se, k\u00e9zm\u0171ves foglalkoz\u00e1sok tart\u00e1sa),<\/span><br \/>\n<span style=\"font-family: Symbol;\">&#8211;\u00a0<\/span><span style=\"font-family: Arial;\">graffiti elt\u00e1vol\u00edt\u00e1s,<\/span><br \/>\n<span style=\"font-family: Symbol;\">&#8211;\u00a0<\/span><span style=\"font-family: Arial;\">\u00e9p\u00edt\u0151ipari szolg\u00e1ltat\u00e1sok (karbantart\u00e1s, fel\u00faj\u00edt\u00e1s, t\u00e9rk\u0151 \u00e9s betonelem gy\u00e1rt\u00e1s),<\/span><br \/>\n<span style=\"font-family: Symbol;\">&#8211;\u00a0<\/span><span style=\"font-family: Arial;\">szoci\u00e1lis bolth\u00e1l\u00f3zat ki\u00e9p\u00edt\u00e9se.<\/span><\/p>\n<p><b><span style=\"font-family: Arial;\">A m\u00e1sodik fordul\u00f3n nyert szervezetek legkedveltebb tev\u00e9kenys\u00e9gei (3)<\/span><\/b><\/p>\n<p><span style=\"font-family: Symbol;\">&#8211;\u00a0<\/span><span style=\"font-family: Arial;\">Varrodai szolg\u00e1ltat\u00e1sok,<\/span><br \/>\n<span style=\"font-family: Symbol;\">&#8211;\u00a0<\/span><span style=\"font-family: Arial;\">irodai asszisztencia (sokszoros\u00edt\u00e1s, iratf\u0171z\u00e9s, lamin\u00e1l\u00e1s\u2026)<\/span><br \/>\n<span style=\"font-family: Symbol;\">&#8211;\u00a0<\/span><span style=\"font-family: Arial;\">szem\u00e9lysz\u00e1ll\u00edt\u00f3 szolg\u00e1lat,<\/span><br \/>\n<span style=\"font-family: Symbol;\">&#8211;\u00a0<\/span><span style=\"font-family: Arial;\">inform\u00e1ci\u00f3s k\u00f6zpont m\u0171k\u00f6dtet\u00e9se,<\/span><br \/>\n<span style=\"font-family: Symbol;\">&#8211;\u00a0<\/span><span style=\"font-family: Arial;\">lapkiad\u00e1s, helyi m\u0171sorszolg\u00e1ltat\u00e1s \u00fczemeltet\u00e9se,<\/span><br \/>\n<span style=\"font-family: Symbol;\">&#8211;\u00a0<\/span><span style=\"font-family: Arial;\">mez\u0151gazdas\u00e1gi b\u00e9rmunka, mez\u0151gazdas\u00e1gi term\u00e9kek feldolgoz\u00e1sa (aszal\u00e1s, lekv\u00e1rf\u0151z\u00e9s),<\/span><br \/>\n<span style=\"font-family: Symbol;\">&#8211;\u00a0<\/span><span style=\"font-family: Arial;\">multim\u00e9dia m\u0171hely, k\u00e9zm\u0171ves m\u0171hely,<\/span><br \/>\n<span style=\"font-family: Symbol;\">&#8211;\u00a0<\/span><span style=\"font-family: Arial;\">asztalosm\u0171hely l\u00e9trehoz\u00e1sa,<\/span><br \/>\n<span style=\"font-family: Symbol;\">&#8211;\u00a0<\/span><span style=\"font-family: Arial;\">ingatlankezel\u00e9s.<\/span><\/p>\n<p><b><span style=\"font-family: Arial;\">A m\u00e1sodik fordul\u00f3n nyert szervezetek legkedveltebb tev\u00e9kenys\u00e9gei (4)<\/span><\/b><\/p>\n<p><span style=\"font-family: Symbol;\">&#8211;\u00a0<\/span><span style=\"font-family: Arial;\">Roma \u00f6lt\u00f6z\u00e9kek \u00e9s kieg\u00e9sz\u00edt\u0151k boltja, egyedi tervez\u00e9s\u0171 ruh\u00e1k, \u00e9kszerek,<\/span><br \/>\n<span style=\"font-family: Symbol;\">&#8211;\u00a0<\/span><span style=\"font-family: Arial;\">faipari k\u00e9zm\u0171ves term\u00e9kek, b\u00fatorok,<\/span><br \/>\n<span style=\"font-family: Symbol;\">&#8211;\u00a0<\/span><span style=\"font-family: Arial;\">vir\u00e1gk\u00f6t\u00e9szeti alap \u00e9s seg\u00e9danyagok gy\u00e1rt\u00e1sa,<\/span><br \/>\n<span style=\"font-family: Symbol;\">&#8211;\u00a0<\/span><span style=\"font-family: Arial;\">t\u00f6kmagolaj sajtol\u00e1s.<\/span><br \/>\n<span style=\"font-family: Arial;\">\u2026..<\/span><br \/>\n<span style=\"font-family: Arial;\">A tev\u00e9kenys\u00e9gek v\u00e9gz\u00e9se mellett a legt\u00f6bb sz\u00f6vetkezet be\u00e9p\u00edtette p\u00e1ly\u00e1zat\u00e1ba a K\u00c9PZ\u00c9ST!!!<\/span><\/p>\n<p><b><span style=\"font-family: Arial;\">Gyakori hib\u00e1k a nem t\u00e1mogatott p\u00e1ly\u00e1zatokn\u00e1l (1)<\/span><\/b><\/p>\n<p><b><span style=\"font-family: Arial;\">Formai hib\u00e1k:<\/span><\/b><br \/>\n<span style=\"font-family: Symbol;\">&#8211;\u00a0<\/span><span style=\"font-family: Arial;\">Nem megfelel\u0151 a munkan\u00e9lk\u00fcliek ar\u00e1nya a tagok k\u00f6z\u00f6tt..<\/span><br \/>\n<span style=\"font-family: Symbol;\">&#8211;\u00a0<\/span><span style=\"font-family: Arial;\">Nem terveztek r\u00e9szjegyet a tagokhoz.<\/span><br \/>\n<span style=\"font-family: Symbol;\">&#8211;\u00a0<\/span><span style=\"font-family: Arial;\">Nem munkan\u00e9lk\u00fcli tagot cser\u00e9ltek a k\u00e9t fordul\u00f3 k\u00f6z\u00f6tt.<\/span><\/p>\n<p><b><span style=\"font-family: Arial;\">Szakmai elutas\u00edt\u00f3 indokok:<\/span><\/b><br \/>\n<span style=\"font-family: Symbol;\">&#8211;\u00a0<\/span><span style=\"font-family: Arial;\">A tev\u00e9kenys\u00e9g de minimis t\u00e1mogat\u00e1sban nem r\u00e9szes\u00edthet\u0151.<\/span><br \/>\n<span style=\"font-family: Symbol;\">&#8211;\u00a0<\/span><span style=\"font-family: Arial;\">A tev\u00e9kenys\u00e9get m\u00e1s jogszab\u00e1ly miatt nem v\u00e9gezheti szoci\u00e1lis sz\u00f6vetkezet (pl. szoci\u00e1lis szakell\u00e1t\u00e1s, \u00e1llami feladat).<\/span><br \/>\n<span style=\"font-family: Symbol;\">&#8211;\u00a0<\/span><span style=\"font-family: Arial;\">A tev\u00e9kenys\u00e9gnek prognosztiz\u00e1lhat\u00f3an nem lesz piaca, fizet\u0151k\u00e9pes kereslete.<\/span><br \/>\n<span style=\"font-family: Symbol;\">&#8211;\u00a0<\/span><span style=\"font-family: Arial;\">A tervezett tev\u00e9kenys\u00e9g v\u00e9gz\u00e9shez nincs meg a tagok k\u00f6z\u00f6tt a sz\u00fcks\u00e9ges szaktud\u00e1s.<\/span><br \/>\n<span style=\"font-family: Symbol;\">&#8211;\u00a0<\/span><span style=\"font-family: Arial;\">A megjel\u00f6lt tev\u00e9kenys\u00e9gi ter\u00fclet jogszab\u00e1lyi k\u00f6rnyezet\u00e9t nem ismerik (end\u00e9lyk\u00f6teles, szakk\u00e9pzetts\u00e9ghez k\u00f6t\u00f6tt tev\u00e9kenys\u00e9gek, \u00e1llami feladatok stb.).<\/span><\/p>\n<p><b><span style=\"font-family: Arial;\">Gyakori hib\u00e1k a nem t\u00e1mogatott p\u00e1ly\u00e1zatokn\u00e1l (2)<\/span><\/b><\/p>\n<p><span style=\"font-family: Symbol;\">&#8211;\u00a0<\/span><span style=\"font-family: Arial;\">Nem konkretiz\u00e1lt tev\u00e9kenys\u00e9gek (t\u00fal sok, egym\u00e1ssal \u00f6ssze nem f\u00fcgg\u0151 tev\u00e9kenys\u00e9gi k\u00f6r\u00f6k).<\/span><br \/>\n<span style=\"font-family: Symbol;\">&#8211;\u00a0<\/span><span style=\"font-family: Arial;\">A tervezett tev\u00e9kenys\u00e9gnek val\u00f3sz\u00edn\u0171s\u00edthet\u0151en nem lesz piaca, nem fenntarthat\u00f3.<\/span><br \/>\n<span style=\"font-family: Symbol;\">&#8211;\u00a0<\/span><span style=\"font-family: Arial;\">A megval\u00f3s\u00edt\u00e1s lehet\u0151s\u00e9ge k\u00e9rd\u00e9ses.<\/span><br \/>\n<span style=\"font-family: Symbol;\">&#8211;\u00a0<\/span><span style=\"font-family: Arial;\">Az \u00fczleti terv nem megfelel\u0151en \u00e1tgondolt, kidolgozatlan.<\/span><br \/>\n<span style=\"font-family: Symbol;\">&#8211;\u00a0<\/span><span style=\"font-family: Arial;\">A k\u00f6lts\u00e9gvet\u00e9s nem megfelel\u0151en megtervezetett (hib\u00e1s \u00f6sszead\u00e1sok, nem konkretiz\u00e1lt t\u00e9telek).<\/span><\/p>\n<p><b><span style=\"font-family: Arial;\">A szoci\u00e1lis sz\u00f6vetkezet p\u00e1ly\u00e1zat j\u00f6v\u0151je<\/span><\/b><\/p>\n<p><span style=\"font-family: Arial;\">A Sz\u00f6vetkezz p\u00e1ly\u00e1zat folytat\u00e1s\u00e1r\u00f3l 2008. december k\u00f6zep\u00e9n sz\u00fcletik d\u00f6nt\u00e9s.<\/span><br \/>\n<span style=\"font-family: Arial;\">Amennyiben a MAT j\u00f3v\u00e1hagyja az OFA programterv\u00e9t, folytat\u00f3dni fog a p\u00e1ly\u00e1zat.<\/span><\/p>\n<p><span style=\"font-family: Arial;\">Honlap: www.ofa.hu<\/span><\/p>\n<p><span style=\"font-family: Arial;\">K\u00f6sz\u00f6n\u00f6m a figyelm\u00fcket!<\/span><\/p>\n<div style=\"text-align: justify;\" align=\"right\"><span style=\"font-family: Arial;\">Szokolain\u00e9 Moln\u00e1r Eszter programvezet\u0151<\/span><br \/>\n<span style=\"font-family: Arial;\">Orsz\u00e1gos Foglalkoztat\u00e1si K\u00f6zalap\u00edtv\u00e1ny<\/span><br \/>\n<span style=\"font-family: Arial;\">1037 Budapest, Lajos u. 80.<\/span><br \/>\n<span style=\"font-family: Arial;\">e-mail: eszter.molnar@ofa.hu<\/span><\/div>\n","protected":false},"excerpt":{"rendered":"<p>A program ind\u00edt\u00e1s\u00e1nak el\u0151zm\u00e9nyei &#8211;\u00a02006. \u00e9vi X. t\u00f6rv\u00e9ny a sz\u00f6vetkezetekr\u0151l &#8211;\u00a0141\/2006 (VI.29.) Korm. rendelet a szoci\u00e1lis sz\u00f6vetkezetekr\u0151l &#8211;\u00a0OFA \u00e9s SZMM k\u00f6z\u00f6tt l\u00e9trej\u00f6tt meg\u00e1llapod\u00e1s a program ind\u00edt\u00e1s\u00e1ra 945 milli\u00f3 HUF keret\u00f6sszeg erej\u00e9ig.<\/p>\n","protected":false},"author":444,"featured_media":3432,"comment_status":"open","ping_status":"open","sticky":false,"template":"","format":"standard","meta":{"_acf_changed":false,"footnotes":""},"categories":[589,8,7],"tags":[],"coauthors":[592],"class_list":["post-3360","post","type-post","status-publish","format-standard","has-post-thumbnail","hentry","category-parola-2008-4","category-parola-folyoirat","category-repertorium"],"acf":[],"yoast_head":"<!-- This site is optimized with the Yoast SEO plugin v26.7 - https:\/\/yoast.com\/wordpress\/plugins\/seo\/ -->\n<title>SZOCI\u00c1LIS SZ\u00d6VETKEZETEK T\u00c1MOGAT\u00c1SI PROGRAM EREDM\u00c9NYEK, TAPASZTALATOK - Parola Foly\u00f3irat<\/title>\n<meta name=\"robots\" content=\"index, follow, max-snippet:-1, max-image-preview:large, max-video-preview:-1\" \/>\n<link rel=\"canonical\" href=\"https:\/\/kofe.hu\/parola\/parola-folyoirat\/szocialis-szovetkezetek-tamogatasi-program-eredmenyek-tapasztalatok\/\" \/>\n<meta property=\"og:locale\" content=\"hu_HU\" \/>\n<meta property=\"og:type\" content=\"article\" \/>\n<meta property=\"og:title\" content=\"SZOCI\u00c1LIS SZ\u00d6VETKEZETEK T\u00c1MOGAT\u00c1SI PROGRAM EREDM\u00c9NYEK, TAPASZTALATOK - Parola Foly\u00f3irat\" \/>\n<meta property=\"og:description\" content=\"A program ind\u00edt\u00e1s\u00e1nak el\u0151zm\u00e9nyei &#8211;\u00a02006. \u00e9vi X. t\u00f6rv\u00e9ny a sz\u00f6vetkezetekr\u0151l &#8211;\u00a0141\/2006 (VI.29.) Korm. rendelet a szoci\u00e1lis sz\u00f6vetkezetekr\u0151l &#8211;\u00a0OFA \u00e9s SZMM k\u00f6z\u00f6tt l\u00e9trej\u00f6tt meg\u00e1llapod\u00e1s a program ind\u00edt\u00e1s\u00e1ra 945 milli\u00f3 HUF keret\u00f6sszeg erej\u00e9ig.\" \/>\n<meta property=\"og:url\" content=\"https:\/\/kofe.hu\/parola\/parola-folyoirat\/szocialis-szovetkezetek-tamogatasi-program-eredmenyek-tapasztalatok\/\" \/>\n<meta property=\"og:site_name\" content=\"Parola Foly\u00f3irat\" \/>\n<meta property=\"article:published_time\" content=\"2020-07-11T13:49:08+00:00\" \/>\n<meta property=\"article:modified_time\" content=\"2020-07-30T12:02:38+00:00\" \/>\n<meta property=\"og:image\" content=\"https:\/\/kofe.hu\/parola\/wp-content\/uploads\/2020\/07\/08.4.jpeg\" \/>\n\t<meta property=\"og:image:width\" content=\"1289\" \/>\n\t<meta property=\"og:image:height\" content=\"1918\" \/>\n\t<meta property=\"og:image:type\" content=\"image\/jpeg\" \/>\n<meta name=\"author\" content=\"Szokolain\u00e9 Moln\u00e1r Eszter\" \/>\n<meta name=\"twitter:card\" content=\"summary_large_image\" \/>\n<meta name=\"twitter:label1\" content=\"Szerz\u0151:\" \/>\n\t<meta name=\"twitter:data1\" content=\"Szokolain\u00e9 Moln\u00e1r Eszter\" \/>\n\t<meta name=\"twitter:label2\" content=\"Becs\u00fclt olvas\u00e1si id\u0151\" \/>\n\t<meta name=\"twitter:data2\" content=\"11 perc\" \/>\n\t<meta name=\"twitter:label3\" content=\"Written by\" \/>\n\t<meta name=\"twitter:data3\" content=\"Szokolain\u00e9 Moln\u00e1r Eszter\" \/>\n<script type=\"application\/ld+json\" class=\"yoast-schema-graph\">{\"@context\":\"https:\/\/schema.org\",\"@graph\":[{\"@type\":\"Article\",\"@id\":\"https:\/\/kofe.hu\/parola\/parola-folyoirat\/szocialis-szovetkezetek-tamogatasi-program-eredmenyek-tapasztalatok\/#article\",\"isPartOf\":{\"@id\":\"https:\/\/kofe.hu\/parola\/parola-folyoirat\/szocialis-szovetkezetek-tamogatasi-program-eredmenyek-tapasztalatok\/\"},\"author\":{\"name\":\"Szokolain\u00e9 Moln\u00e1r Eszter\",\"@id\":\"https:\/\/kofe.hu\/parola\/#\/schema\/person\/d209dd04240c1cb54f34ddbfd5e4a5aa\"},\"headline\":\"SZOCI\u00c1LIS SZ\u00d6VETKEZETEK T\u00c1MOGAT\u00c1SI PROGRAM EREDM\u00c9NYEK, TAPASZTALATOK\",\"datePublished\":\"2020-07-11T13:49:08+00:00\",\"dateModified\":\"2020-07-30T12:02:38+00:00\",\"mainEntityOfPage\":{\"@id\":\"https:\/\/kofe.hu\/parola\/parola-folyoirat\/szocialis-szovetkezetek-tamogatasi-program-eredmenyek-tapasztalatok\/\"},\"wordCount\":2288,\"commentCount\":0,\"image\":{\"@id\":\"https:\/\/kofe.hu\/parola\/parola-folyoirat\/szocialis-szovetkezetek-tamogatasi-program-eredmenyek-tapasztalatok\/#primaryimage\"},\"thumbnailUrl\":\"https:\/\/kofe.hu\/parola\/wp-content\/uploads\/2020\/07\/08.4.jpeg\",\"articleSection\":[\"Parola 2008\/4\",\"Parola Foly\u00f3irat\",\"Repert\u00f3rium\"],\"inLanguage\":\"hu\",\"potentialAction\":[{\"@type\":\"CommentAction\",\"name\":\"Comment\",\"target\":[\"https:\/\/kofe.hu\/parola\/parola-folyoirat\/szocialis-szovetkezetek-tamogatasi-program-eredmenyek-tapasztalatok\/#respond\"]}]},{\"@type\":\"WebPage\",\"@id\":\"https:\/\/kofe.hu\/parola\/parola-folyoirat\/szocialis-szovetkezetek-tamogatasi-program-eredmenyek-tapasztalatok\/\",\"url\":\"https:\/\/kofe.hu\/parola\/parola-folyoirat\/szocialis-szovetkezetek-tamogatasi-program-eredmenyek-tapasztalatok\/\",\"name\":\"SZOCI\u00c1LIS SZ\u00d6VETKEZETEK T\u00c1MOGAT\u00c1SI PROGRAM EREDM\u00c9NYEK, TAPASZTALATOK - Parola Foly\u00f3irat\",\"isPartOf\":{\"@id\":\"https:\/\/kofe.hu\/parola\/#website\"},\"primaryImageOfPage\":{\"@id\":\"https:\/\/kofe.hu\/parola\/parola-folyoirat\/szocialis-szovetkezetek-tamogatasi-program-eredmenyek-tapasztalatok\/#primaryimage\"},\"image\":{\"@id\":\"https:\/\/kofe.hu\/parola\/parola-folyoirat\/szocialis-szovetkezetek-tamogatasi-program-eredmenyek-tapasztalatok\/#primaryimage\"},\"thumbnailUrl\":\"https:\/\/kofe.hu\/parola\/wp-content\/uploads\/2020\/07\/08.4.jpeg\",\"datePublished\":\"2020-07-11T13:49:08+00:00\",\"dateModified\":\"2020-07-30T12:02:38+00:00\",\"author\":{\"@id\":\"https:\/\/kofe.hu\/parola\/#\/schema\/person\/d209dd04240c1cb54f34ddbfd5e4a5aa\"},\"breadcrumb\":{\"@id\":\"https:\/\/kofe.hu\/parola\/parola-folyoirat\/szocialis-szovetkezetek-tamogatasi-program-eredmenyek-tapasztalatok\/#breadcrumb\"},\"inLanguage\":\"hu\",\"potentialAction\":[{\"@type\":\"ReadAction\",\"target\":[\"https:\/\/kofe.hu\/parola\/parola-folyoirat\/szocialis-szovetkezetek-tamogatasi-program-eredmenyek-tapasztalatok\/\"]}]},{\"@type\":\"ImageObject\",\"inLanguage\":\"hu\",\"@id\":\"https:\/\/kofe.hu\/parola\/parola-folyoirat\/szocialis-szovetkezetek-tamogatasi-program-eredmenyek-tapasztalatok\/#primaryimage\",\"url\":\"https:\/\/kofe.hu\/parola\/wp-content\/uploads\/2020\/07\/08.4.jpeg\",\"contentUrl\":\"https:\/\/kofe.hu\/parola\/wp-content\/uploads\/2020\/07\/08.4.jpeg\",\"width\":1289,\"height\":1918},{\"@type\":\"BreadcrumbList\",\"@id\":\"https:\/\/kofe.hu\/parola\/parola-folyoirat\/szocialis-szovetkezetek-tamogatasi-program-eredmenyek-tapasztalatok\/#breadcrumb\",\"itemListElement\":[{\"@type\":\"ListItem\",\"position\":1,\"name\":\"Home\",\"item\":\"https:\/\/kofe.hu\/parola\/\"},{\"@type\":\"ListItem\",\"position\":2,\"name\":\"SZOCI\u00c1LIS SZ\u00d6VETKEZETEK T\u00c1MOGAT\u00c1SI PROGRAM EREDM\u00c9NYEK, TAPASZTALATOK\"}]},{\"@type\":\"WebSite\",\"@id\":\"https:\/\/kofe.hu\/parola\/#website\",\"url\":\"https:\/\/kofe.hu\/parola\/\",\"name\":\"Parola Foly\u00f3irat\",\"description\":\"\",\"potentialAction\":[{\"@type\":\"SearchAction\",\"target\":{\"@type\":\"EntryPoint\",\"urlTemplate\":\"https:\/\/kofe.hu\/parola\/?s={search_term_string}\"},\"query-input\":{\"@type\":\"PropertyValueSpecification\",\"valueRequired\":true,\"valueName\":\"search_term_string\"}}],\"inLanguage\":\"hu\"},{\"@type\":\"Person\",\"@id\":\"https:\/\/kofe.hu\/parola\/#\/schema\/person\/d209dd04240c1cb54f34ddbfd5e4a5aa\",\"name\":\"Szokolain\u00e9 Moln\u00e1r Eszter\",\"image\":{\"@type\":\"ImageObject\",\"inLanguage\":\"hu\",\"@id\":\"https:\/\/kofe.hu\/parola\/#\/schema\/person\/image\/099e1625efc8644a33517e5f0573b979\",\"url\":\"https:\/\/secure.gravatar.com\/avatar\/d074a7c8827cfbfcd29fb1562210f707712ca77e9d81bdc069de1cd911bc5884?s=96&d=mm&r=g\",\"contentUrl\":\"https:\/\/secure.gravatar.com\/avatar\/d074a7c8827cfbfcd29fb1562210f707712ca77e9d81bdc069de1cd911bc5884?s=96&d=mm&r=g\",\"caption\":\"Szokolain\u00e9 Moln\u00e1r Eszter\"},\"url\":\"https:\/\/kofe.hu\/parola\/szerzok\/szokolaine-molnar-eszter\/\"}]}<\/script>\n<!-- \/ Yoast SEO plugin. -->","yoast_head_json":{"title":"SZOCI\u00c1LIS SZ\u00d6VETKEZETEK T\u00c1MOGAT\u00c1SI PROGRAM EREDM\u00c9NYEK, TAPASZTALATOK - Parola Foly\u00f3irat","robots":{"index":"index","follow":"follow","max-snippet":"max-snippet:-1","max-image-preview":"max-image-preview:large","max-video-preview":"max-video-preview:-1"},"canonical":"https:\/\/kofe.hu\/parola\/parola-folyoirat\/szocialis-szovetkezetek-tamogatasi-program-eredmenyek-tapasztalatok\/","og_locale":"hu_HU","og_type":"article","og_title":"SZOCI\u00c1LIS SZ\u00d6VETKEZETEK T\u00c1MOGAT\u00c1SI PROGRAM EREDM\u00c9NYEK, TAPASZTALATOK - Parola Foly\u00f3irat","og_description":"A program ind\u00edt\u00e1s\u00e1nak el\u0151zm\u00e9nyei &#8211;\u00a02006. \u00e9vi X. t\u00f6rv\u00e9ny a sz\u00f6vetkezetekr\u0151l &#8211;\u00a0141\/2006 (VI.29.) Korm. rendelet a szoci\u00e1lis sz\u00f6vetkezetekr\u0151l &#8211;\u00a0OFA \u00e9s SZMM k\u00f6z\u00f6tt l\u00e9trej\u00f6tt meg\u00e1llapod\u00e1s a program ind\u00edt\u00e1s\u00e1ra 945 milli\u00f3 HUF keret\u00f6sszeg erej\u00e9ig.","og_url":"https:\/\/kofe.hu\/parola\/parola-folyoirat\/szocialis-szovetkezetek-tamogatasi-program-eredmenyek-tapasztalatok\/","og_site_name":"Parola Foly\u00f3irat","article_published_time":"2020-07-11T13:49:08+00:00","article_modified_time":"2020-07-30T12:02:38+00:00","og_image":[{"width":1289,"height":1918,"url":"https:\/\/kofe.hu\/parola\/wp-content\/uploads\/2020\/07\/08.4.jpeg","type":"image\/jpeg"}],"author":"Szokolain\u00e9 Moln\u00e1r Eszter","twitter_card":"summary_large_image","twitter_misc":{"Szerz\u0151:":"Szokolain\u00e9 Moln\u00e1r Eszter","Becs\u00fclt olvas\u00e1si id\u0151":"11 perc","Written by":"Szokolain\u00e9 Moln\u00e1r Eszter"},"schema":{"@context":"https:\/\/schema.org","@graph":[{"@type":"Article","@id":"https:\/\/kofe.hu\/parola\/parola-folyoirat\/szocialis-szovetkezetek-tamogatasi-program-eredmenyek-tapasztalatok\/#article","isPartOf":{"@id":"https:\/\/kofe.hu\/parola\/parola-folyoirat\/szocialis-szovetkezetek-tamogatasi-program-eredmenyek-tapasztalatok\/"},"author":{"name":"Szokolain\u00e9 Moln\u00e1r Eszter","@id":"https:\/\/kofe.hu\/parola\/#\/schema\/person\/d209dd04240c1cb54f34ddbfd5e4a5aa"},"headline":"SZOCI\u00c1LIS SZ\u00d6VETKEZETEK T\u00c1MOGAT\u00c1SI PROGRAM EREDM\u00c9NYEK, TAPASZTALATOK","datePublished":"2020-07-11T13:49:08+00:00","dateModified":"2020-07-30T12:02:38+00:00","mainEntityOfPage":{"@id":"https:\/\/kofe.hu\/parola\/parola-folyoirat\/szocialis-szovetkezetek-tamogatasi-program-eredmenyek-tapasztalatok\/"},"wordCount":2288,"commentCount":0,"image":{"@id":"https:\/\/kofe.hu\/parola\/parola-folyoirat\/szocialis-szovetkezetek-tamogatasi-program-eredmenyek-tapasztalatok\/#primaryimage"},"thumbnailUrl":"https:\/\/kofe.hu\/parola\/wp-content\/uploads\/2020\/07\/08.4.jpeg","articleSection":["Parola 2008\/4","Parola Foly\u00f3irat","Repert\u00f3rium"],"inLanguage":"hu","potentialAction":[{"@type":"CommentAction","name":"Comment","target":["https:\/\/kofe.hu\/parola\/parola-folyoirat\/szocialis-szovetkezetek-tamogatasi-program-eredmenyek-tapasztalatok\/#respond"]}]},{"@type":"WebPage","@id":"https:\/\/kofe.hu\/parola\/parola-folyoirat\/szocialis-szovetkezetek-tamogatasi-program-eredmenyek-tapasztalatok\/","url":"https:\/\/kofe.hu\/parola\/parola-folyoirat\/szocialis-szovetkezetek-tamogatasi-program-eredmenyek-tapasztalatok\/","name":"SZOCI\u00c1LIS SZ\u00d6VETKEZETEK T\u00c1MOGAT\u00c1SI PROGRAM EREDM\u00c9NYEK, TAPASZTALATOK - Parola Foly\u00f3irat","isPartOf":{"@id":"https:\/\/kofe.hu\/parola\/#website"},"primaryImageOfPage":{"@id":"https:\/\/kofe.hu\/parola\/parola-folyoirat\/szocialis-szovetkezetek-tamogatasi-program-eredmenyek-tapasztalatok\/#primaryimage"},"image":{"@id":"https:\/\/kofe.hu\/parola\/parola-folyoirat\/szocialis-szovetkezetek-tamogatasi-program-eredmenyek-tapasztalatok\/#primaryimage"},"thumbnailUrl":"https:\/\/kofe.hu\/parola\/wp-content\/uploads\/2020\/07\/08.4.jpeg","datePublished":"2020-07-11T13:49:08+00:00","dateModified":"2020-07-30T12:02:38+00:00","author":{"@id":"https:\/\/kofe.hu\/parola\/#\/schema\/person\/d209dd04240c1cb54f34ddbfd5e4a5aa"},"breadcrumb":{"@id":"https:\/\/kofe.hu\/parola\/parola-folyoirat\/szocialis-szovetkezetek-tamogatasi-program-eredmenyek-tapasztalatok\/#breadcrumb"},"inLanguage":"hu","potentialAction":[{"@type":"ReadAction","target":["https:\/\/kofe.hu\/parola\/parola-folyoirat\/szocialis-szovetkezetek-tamogatasi-program-eredmenyek-tapasztalatok\/"]}]},{"@type":"ImageObject","inLanguage":"hu","@id":"https:\/\/kofe.hu\/parola\/parola-folyoirat\/szocialis-szovetkezetek-tamogatasi-program-eredmenyek-tapasztalatok\/#primaryimage","url":"https:\/\/kofe.hu\/parola\/wp-content\/uploads\/2020\/07\/08.4.jpeg","contentUrl":"https:\/\/kofe.hu\/parola\/wp-content\/uploads\/2020\/07\/08.4.jpeg","width":1289,"height":1918},{"@type":"BreadcrumbList","@id":"https:\/\/kofe.hu\/parola\/parola-folyoirat\/szocialis-szovetkezetek-tamogatasi-program-eredmenyek-tapasztalatok\/#breadcrumb","itemListElement":[{"@type":"ListItem","position":1,"name":"Home","item":"https:\/\/kofe.hu\/parola\/"},{"@type":"ListItem","position":2,"name":"SZOCI\u00c1LIS SZ\u00d6VETKEZETEK T\u00c1MOGAT\u00c1SI PROGRAM EREDM\u00c9NYEK, TAPASZTALATOK"}]},{"@type":"WebSite","@id":"https:\/\/kofe.hu\/parola\/#website","url":"https:\/\/kofe.hu\/parola\/","name":"Parola Foly\u00f3irat","description":"","potentialAction":[{"@type":"SearchAction","target":{"@type":"EntryPoint","urlTemplate":"https:\/\/kofe.hu\/parola\/?s={search_term_string}"},"query-input":{"@type":"PropertyValueSpecification","valueRequired":true,"valueName":"search_term_string"}}],"inLanguage":"hu"},{"@type":"Person","@id":"https:\/\/kofe.hu\/parola\/#\/schema\/person\/d209dd04240c1cb54f34ddbfd5e4a5aa","name":"Szokolain\u00e9 Moln\u00e1r Eszter","image":{"@type":"ImageObject","inLanguage":"hu","@id":"https:\/\/kofe.hu\/parola\/#\/schema\/person\/image\/099e1625efc8644a33517e5f0573b979","url":"https:\/\/secure.gravatar.com\/avatar\/d074a7c8827cfbfcd29fb1562210f707712ca77e9d81bdc069de1cd911bc5884?s=96&d=mm&r=g","contentUrl":"https:\/\/secure.gravatar.com\/avatar\/d074a7c8827cfbfcd29fb1562210f707712ca77e9d81bdc069de1cd911bc5884?s=96&d=mm&r=g","caption":"Szokolain\u00e9 Moln\u00e1r Eszter"},"url":"https:\/\/kofe.hu\/parola\/szerzok\/szokolaine-molnar-eszter\/"}]}},"_links":{"self":[{"href":"https:\/\/kofe.hu\/parola\/wp-json\/wp\/v2\/posts\/3360","targetHints":{"allow":["GET"]}}],"collection":[{"href":"https:\/\/kofe.hu\/parola\/wp-json\/wp\/v2\/posts"}],"about":[{"href":"https:\/\/kofe.hu\/parola\/wp-json\/wp\/v2\/types\/post"}],"author":[{"embeddable":true,"href":"https:\/\/kofe.hu\/parola\/wp-json\/wp\/v2\/users\/444"}],"replies":[{"embeddable":true,"href":"https:\/\/kofe.hu\/parola\/wp-json\/wp\/v2\/comments?post=3360"}],"version-history":[{"count":3,"href":"https:\/\/kofe.hu\/parola\/wp-json\/wp\/v2\/posts\/3360\/revisions"}],"predecessor-version":[{"id":4229,"href":"https:\/\/kofe.hu\/parola\/wp-json\/wp\/v2\/posts\/3360\/revisions\/4229"}],"wp:featuredmedia":[{"embeddable":true,"href":"https:\/\/kofe.hu\/parola\/wp-json\/wp\/v2\/media\/3432"}],"wp:attachment":[{"href":"https:\/\/kofe.hu\/parola\/wp-json\/wp\/v2\/media?parent=3360"}],"wp:term":[{"taxonomy":"category","embeddable":true,"href":"https:\/\/kofe.hu\/parola\/wp-json\/wp\/v2\/categories?post=3360"},{"taxonomy":"post_tag","embeddable":true,"href":"https:\/\/kofe.hu\/parola\/wp-json\/wp\/v2\/tags?post=3360"},{"taxonomy":"author","embeddable":true,"href":"https:\/\/kofe.hu\/parola\/wp-json\/wp\/v2\/coauthors?post=3360"}],"curies":[{"name":"wp","href":"https:\/\/api.w.org\/{rel}","templated":true}]}}