{"id":3353,"date":"2020-07-11T13:42:19","date_gmt":"2020-07-11T13:42:19","guid":{"rendered":"https:\/\/kofe.hu\/parola\/?p=3353"},"modified":"2020-07-30T12:01:51","modified_gmt":"2020-07-30T12:01:51","slug":"kozossegi-munkahelyteremtes-kozosseg-konferencia-varga-a-tamas-emlekere-2008-november-6-7-kunbabony-civil-kollegium-kozossegi-haz","status":"publish","type":"post","link":"https:\/\/kofe.hu\/parola\/parola-folyoirat\/kozossegi-munkahelyteremtes-kozosseg-konferencia-varga-a-tamas-emlekere-2008-november-6-7-kunbabony-civil-kollegium-kozossegi-haz\/","title":{"rendered":"K\u00d6Z\u00d6SS\u00c9GI MUNKAHELYTEREMT\u00c9S K\u00f6z\u00f6ss\u00e9g konferencia Varga A. Tam\u00e1s eml\u00e9k\u00e9re 2008. november 6\u20137. Kunb\u00e1bony, Civil Koll\u00e9gium K\u00f6z\u00f6ss\u00e9gi H\u00e1z"},"content":{"rendered":"<p style=\"text-align: justify;\"><b><span style=\"font-family: Arial;\">Program<\/span><\/b><br \/>\n<b><span style=\"font-family: Arial;\">November 6. cs\u00fct\u00f6rt\u00f6k<\/span><\/b><br \/>\n<span style=\"font-family: Arial;\">Eln\u00f6k\u00f6l: Huszerl J\u00f3zsef<\/span><\/p>\n<p><!--more--><\/p>\n<p><span style=\"font-family: Arial;\">10.00\u201311.00 \u00c9rkez\u00e9s, regisztr\u00e1ci\u00f3, k\u00e1v\u00e9<\/span><br \/>\n<span style=\"font-family: Arial;\">11.00\u201311.30 A t\u00e9ma felvezet\u00e9se: \u201eKutya n\u00e9lk\u00fcl eb a p\u00e1sztor!\u201d \u2013 M\u00e9sz\u00e1ros Zsuzsa k\u00f6z\u00f6ss\u00e9gfejleszt\u0151 el\u0151ad\u00e1sa<\/span><br \/>\n<span style=\"font-family: Arial;\">11.30\u201311.50 K\u00e9rd\u00e9sek, hozz\u00e1sz\u00f3l\u00e1sok<\/span><br \/>\n<span style=\"font-family: Arial;\">11.50\u201312.20 Moln\u00e1r Eszter: Az OFA \u00e1ltal meghirdetett programr\u00f3l: Milyen t\u00edpus\u00fa tev\u00e9kenys\u00e9geket v\u00e1llaltak fel a szoci\u00e1lis sz\u00f6vetkezetekben \u00e9s milyen c\u00e9lcsoporttal?<\/span><br \/>\n<span style=\"font-family: Arial;\">12.20\u201312.30 K\u00e9rd\u00e9sek, hozz\u00e1sz\u00f3l\u00e1sok<\/span><br \/>\n<span style=\"font-family: Arial;\">12.30\u201314 Eb\u00e9d<\/span><br \/>\n<span style=\"font-family: Arial;\">14.00\u201314.30 Vars\u00e1nyi Erika: Az egy\u00fcttm\u0171k\u00f6d\u00e9s dramaturgi\u00e1ja<\/span><br \/>\n<span style=\"font-family: Arial;\">14.30\u201314.40 K\u00e9rd\u00e9sek, hozz\u00e1sz\u00f3l\u00e1sok<\/span><br \/>\n<span style=\"font-family: Arial;\">14.50\u201316.20 Nemes \u00c9va \u00e9s N\u00e9meth Gabriella. A kiskunhalasi Britta szoci\u00e1lis sz\u00f6vetkezet<\/span><br \/>\n<span style=\"font-family: Arial;\">16.30 K\u00e9rd\u00e9sek, hozz\u00e1sz\u00f3l\u00e1sok<\/span><br \/>\n<span style=\"font-family: Arial;\">16.30\u201316.50 K\u00e1v\u00e9sz\u00fcnet<\/span><br \/>\n<span style=\"font-family: Arial;\">16.50\u201317.40 Dolores Grigorova, CEGA bolg\u00e1r k\u00f6z\u00f6ss\u00e9gfejleszt\u0151 szervezet, Sz\u00f3fia \u2013 Georgi Georgiev, Land Source of Income Foundation, Plovdiv: Gazdas\u00e1gi kezdem\u00e9nyez\u00e9sek t\u00e1mogat\u00e1sa roma k\u00f6z\u00f6ss\u00e9gekben \u00e9s a v\u00e1llalkoz\u00f3v\u00e1 v\u00e1l\u00e1s t\u00e1mogat\u00e1s\u00e1nak modellje<\/span><br \/>\n<span style=\"font-family: Arial;\">17.40\u201318.00 K\u00e9rd\u00e9sek, hozz\u00e1sz\u00f3l\u00e1sok<\/span><br \/>\n<span style=\"font-family: Arial;\">18.00\u201318.30 B\u00e9res Tibor, Auton\u00f3mia Alap\u00edtv\u00e1ny: Mikrohitelez\u00e9s \u00e9s k\u00f6z\u00f6ss\u00e9gfejleszt\u00e9s<\/span><br \/>\n<span style=\"font-family: Arial;\">18.30-18.40 K\u00e9rd\u00e9sek hozz\u00e1sz\u00f3l\u00e1sok<\/span><br \/>\n<span style=\"font-family: Arial;\">19.00\u201320.00 Vacsora<\/span><br \/>\n<span style=\"font-family: Arial;\">20.00 K\u00f6z\u00f6ss\u00e9gi est<\/span><\/p>\n<p><b><span style=\"font-family: Arial;\">November 7. p\u00e9ntek<\/span><\/b><br \/>\n<span style=\"font-family: Arial;\">Eln\u00f6k\u00f6l: P\u00e9terfi Ferenc<\/span><br \/>\n<span style=\"font-family: Arial;\">9.00\u20139.40 Elisabet Mattsson, G\u00f6teborg, Sv\u00e9dorsz\u00e1g: A nyugat-eur\u00f3pai sz\u00f6vetkezetfejleszt\u00e9si mozgalom, k\u00fcl\u00f6n\u00f6s tekintettel Sv\u00e9dorsz\u00e1gra; a sv\u00e9d sz\u00f6vetkezetfejleszt\u00e9si \u00fcgyn\u00f6ks\u00e9gek munk\u00e1ja<\/span><br \/>\n<span style=\"font-family: Arial;\">9.40\u201310.00 K\u00e9rd\u00e9sek, hozz\u00e1sz\u00f3l\u00e1sok<\/span><br \/>\n<span style=\"font-family: Arial;\">10.00\u201310.30 Hunti Mih\u00e1ly \u2013 Halmai Zolt\u00e1n: Reflex Szoci\u00e1lis Sz\u00f6vetkezet: kist\u00e9rs\u00e9gi k\u00f6z\u00f6ss\u00e9gi t\u00e9v\u00e9 m\u0171k\u00f6dtet\u00e9se<\/span><br \/>\n<span style=\"font-family: Arial;\">10.30\u201310.40 K\u00e9rd\u00e9sek, hozz\u00e1sz\u00f3l\u00e1sok<\/span><br \/>\n<span style=\"font-family: Arial;\">10.40\u201311.00 K\u00e1v\u00e9sz\u00fcnet<\/span><br \/>\n<span style=\"font-family: Arial;\">11.10\u201311.40 K\u00e1rp\u00e1ti Csaba: Als\u00f3mocsol\u00e1di Falugazda Szoci\u00e1lis Sz\u00f6vetkezet<\/span><br \/>\n<span style=\"font-family: Arial;\">11.40\u201311.50 K\u00e9rd\u00e9sek, hozz\u00e1sz\u00f3l\u00e1sok<\/span><br \/>\n<span style=\"font-family: Arial;\">11.50\u201312.20 T\u00f3th \u00c1gnes, Kopp\u00e1nymonostor: Szoci\u00e1lis sz\u00f6vetkezet: es\u00e9ly, k\u00f6z\u00f6ss\u00e9gi sz\u00ednt\u00e9r m\u0171k\u00f6dtet\u00e9s\u00e9hez<\/span><br \/>\n<span style=\"font-family: Arial;\">12.20\u201312.30 K\u00e9rd\u00e9sek, hozz\u00e1sz\u00f3l\u00e1sok<\/span><br \/>\n<span style=\"font-family: Arial;\">12.30\u201313.30 \u00d6sszefoglal\u00f3 gondolatok \u2013 Vercseg Ilona<\/span><br \/>\n<span style=\"font-family: Arial;\">plen\u00e1ris besz\u00e9lget\u00e9s<\/span><br \/>\n<span style=\"font-family: Arial;\">13.30 \u2013 Eb\u00e9d, elutaz\u00e1s<\/span><\/p>\n<p><span style=\"font-family: Arial;\">Tolm\u00e1csok: Juh\u00e1sz Katalin, Tarnai Mari<\/span><\/p>\n<p><b><span style=\"font-family: Arial;\">Rendez\u0151 szervezetek: K\u00f6z\u00f6ss\u00e9gfejleszt\u0151k Egyes\u00fclete, Civil Koll\u00e9gium Alap\u00edtv\u00e1ny, Magyar M\u0171vel\u0151d\u00e9si Int\u00e9zet \u00e9s K\u00e9pz\u0151m\u0171v\u00e9szeti Lektor\u00e1tus K\u00f6z\u00f6ss\u00e9gfejleszt\u00e9si Oszt\u00e1lya.<\/span><\/b><br \/>\n<b><span style=\"font-family: Arial;\">A Konferencia t\u00e1mogat\u00f3ja a Szoci\u00e1lis \u00e9s Munka\u00fcgyi Miniszt\u00e9rium \u201eK\u00f6z\u00f6ss\u00e9gi kezdem\u00e9nyez\u00e9seket t\u00e1mogat\u00f3 szakmai h\u00e1l\u00f3zata\u201d programja, a Nemzeti Civil Alap \u00e9s a rendez\u0151 szervek.<\/span><\/b><\/p>\n","protected":false},"excerpt":{"rendered":"<p>Program November 6. cs\u00fct\u00f6rt\u00f6k Eln\u00f6k\u00f6l: Huszerl J\u00f3zsef<\/p>\n","protected":false},"author":4,"featured_media":3432,"comment_status":"open","ping_status":"open","sticky":false,"template":"","format":"standard","meta":{"_acf_changed":false,"footnotes":""},"categories":[589,8,7],"tags":[],"coauthors":[47],"class_list":["post-3353","post","type-post","status-publish","format-standard","has-post-thumbnail","hentry","category-parola-2008-4","category-parola-folyoirat","category-repertorium"],"acf":[],"yoast_head":"<!-- This site is optimized with the Yoast SEO plugin v26.7 - https:\/\/yoast.com\/wordpress\/plugins\/seo\/ -->\n<title>K\u00d6Z\u00d6SS\u00c9GI MUNKAHELYTEREMT\u00c9S K\u00f6z\u00f6ss\u00e9g konferencia Varga A. Tam\u00e1s eml\u00e9k\u00e9re 2008. november 6\u20137. Kunb\u00e1bony, Civil Koll\u00e9gium K\u00f6z\u00f6ss\u00e9gi H\u00e1z - Parola Foly\u00f3irat<\/title>\n<meta name=\"robots\" content=\"index, follow, max-snippet:-1, max-image-preview:large, max-video-preview:-1\" \/>\n<link rel=\"canonical\" href=\"https:\/\/kofe.hu\/parola\/parola-folyoirat\/kozossegi-munkahelyteremtes-kozosseg-konferencia-varga-a-tamas-emlekere-2008-november-6-7-kunbabony-civil-kollegium-kozossegi-haz\/\" \/>\n<meta property=\"og:locale\" content=\"hu_HU\" \/>\n<meta property=\"og:type\" content=\"article\" \/>\n<meta property=\"og:title\" content=\"K\u00d6Z\u00d6SS\u00c9GI MUNKAHELYTEREMT\u00c9S K\u00f6z\u00f6ss\u00e9g konferencia Varga A. Tam\u00e1s eml\u00e9k\u00e9re 2008. november 6\u20137. Kunb\u00e1bony, Civil Koll\u00e9gium K\u00f6z\u00f6ss\u00e9gi H\u00e1z - Parola Foly\u00f3irat\" \/>\n<meta property=\"og:description\" content=\"Program November 6. cs\u00fct\u00f6rt\u00f6k Eln\u00f6k\u00f6l: Huszerl J\u00f3zsef\" \/>\n<meta property=\"og:url\" content=\"https:\/\/kofe.hu\/parola\/parola-folyoirat\/kozossegi-munkahelyteremtes-kozosseg-konferencia-varga-a-tamas-emlekere-2008-november-6-7-kunbabony-civil-kollegium-kozossegi-haz\/\" \/>\n<meta property=\"og:site_name\" content=\"Parola Foly\u00f3irat\" \/>\n<meta property=\"article:published_time\" content=\"2020-07-11T13:42:19+00:00\" \/>\n<meta property=\"article:modified_time\" content=\"2020-07-30T12:01:51+00:00\" \/>\n<meta property=\"og:image\" content=\"https:\/\/kofe.hu\/parola\/wp-content\/uploads\/2020\/07\/08.4.jpeg\" \/>\n\t<meta property=\"og:image:width\" content=\"1289\" \/>\n\t<meta property=\"og:image:height\" content=\"1918\" \/>\n\t<meta property=\"og:image:type\" content=\"image\/jpeg\" \/>\n<meta name=\"author\" content=\"Parola\" \/>\n<meta name=\"twitter:card\" content=\"summary_large_image\" \/>\n<meta name=\"twitter:label1\" content=\"Szerz\u0151:\" \/>\n\t<meta name=\"twitter:data1\" content=\"Parola\" \/>\n\t<meta name=\"twitter:label2\" content=\"Becs\u00fclt olvas\u00e1si id\u0151\" \/>\n\t<meta name=\"twitter:data2\" content=\"2 perc\" \/>\n\t<meta name=\"twitter:label3\" content=\"Written by\" \/>\n\t<meta name=\"twitter:data3\" content=\"Parola\" \/>\n<script type=\"application\/ld+json\" class=\"yoast-schema-graph\">{\"@context\":\"https:\/\/schema.org\",\"@graph\":[{\"@type\":\"Article\",\"@id\":\"https:\/\/kofe.hu\/parola\/parola-folyoirat\/kozossegi-munkahelyteremtes-kozosseg-konferencia-varga-a-tamas-emlekere-2008-november-6-7-kunbabony-civil-kollegium-kozossegi-haz\/#article\",\"isPartOf\":{\"@id\":\"https:\/\/kofe.hu\/parola\/parola-folyoirat\/kozossegi-munkahelyteremtes-kozosseg-konferencia-varga-a-tamas-emlekere-2008-november-6-7-kunbabony-civil-kollegium-kozossegi-haz\/\"},\"author\":{\"name\":\"Parola\",\"@id\":\"https:\/\/kofe.hu\/parola\/#\/schema\/person\/b39ea6ec0995233537351d7e33281aeb\"},\"headline\":\"K\u00d6Z\u00d6SS\u00c9GI MUNKAHELYTEREMT\u00c9S K\u00f6z\u00f6ss\u00e9g konferencia Varga A. Tam\u00e1s eml\u00e9k\u00e9re 2008. november 6\u20137. Kunb\u00e1bony, Civil Koll\u00e9gium K\u00f6z\u00f6ss\u00e9gi H\u00e1z\",\"datePublished\":\"2020-07-11T13:42:19+00:00\",\"dateModified\":\"2020-07-30T12:01:51+00:00\",\"mainEntityOfPage\":{\"@id\":\"https:\/\/kofe.hu\/parola\/parola-folyoirat\/kozossegi-munkahelyteremtes-kozosseg-konferencia-varga-a-tamas-emlekere-2008-november-6-7-kunbabony-civil-kollegium-kozossegi-haz\/\"},\"wordCount\":465,\"commentCount\":0,\"image\":{\"@id\":\"https:\/\/kofe.hu\/parola\/parola-folyoirat\/kozossegi-munkahelyteremtes-kozosseg-konferencia-varga-a-tamas-emlekere-2008-november-6-7-kunbabony-civil-kollegium-kozossegi-haz\/#primaryimage\"},\"thumbnailUrl\":\"https:\/\/kofe.hu\/parola\/wp-content\/uploads\/2020\/07\/08.4.jpeg\",\"articleSection\":[\"Parola 2008\/4\",\"Parola Foly\u00f3irat\",\"Repert\u00f3rium\"],\"inLanguage\":\"hu\",\"potentialAction\":[{\"@type\":\"CommentAction\",\"name\":\"Comment\",\"target\":[\"https:\/\/kofe.hu\/parola\/parola-folyoirat\/kozossegi-munkahelyteremtes-kozosseg-konferencia-varga-a-tamas-emlekere-2008-november-6-7-kunbabony-civil-kollegium-kozossegi-haz\/#respond\"]}]},{\"@type\":\"WebPage\",\"@id\":\"https:\/\/kofe.hu\/parola\/parola-folyoirat\/kozossegi-munkahelyteremtes-kozosseg-konferencia-varga-a-tamas-emlekere-2008-november-6-7-kunbabony-civil-kollegium-kozossegi-haz\/\",\"url\":\"https:\/\/kofe.hu\/parola\/parola-folyoirat\/kozossegi-munkahelyteremtes-kozosseg-konferencia-varga-a-tamas-emlekere-2008-november-6-7-kunbabony-civil-kollegium-kozossegi-haz\/\",\"name\":\"K\u00d6Z\u00d6SS\u00c9GI MUNKAHELYTEREMT\u00c9S K\u00f6z\u00f6ss\u00e9g konferencia Varga A. Tam\u00e1s eml\u00e9k\u00e9re 2008. november 6\u20137. Kunb\u00e1bony, Civil Koll\u00e9gium K\u00f6z\u00f6ss\u00e9gi H\u00e1z - Parola Foly\u00f3irat\",\"isPartOf\":{\"@id\":\"https:\/\/kofe.hu\/parola\/#website\"},\"primaryImageOfPage\":{\"@id\":\"https:\/\/kofe.hu\/parola\/parola-folyoirat\/kozossegi-munkahelyteremtes-kozosseg-konferencia-varga-a-tamas-emlekere-2008-november-6-7-kunbabony-civil-kollegium-kozossegi-haz\/#primaryimage\"},\"image\":{\"@id\":\"https:\/\/kofe.hu\/parola\/parola-folyoirat\/kozossegi-munkahelyteremtes-kozosseg-konferencia-varga-a-tamas-emlekere-2008-november-6-7-kunbabony-civil-kollegium-kozossegi-haz\/#primaryimage\"},\"thumbnailUrl\":\"https:\/\/kofe.hu\/parola\/wp-content\/uploads\/2020\/07\/08.4.jpeg\",\"datePublished\":\"2020-07-11T13:42:19+00:00\",\"dateModified\":\"2020-07-30T12:01:51+00:00\",\"author\":{\"@id\":\"https:\/\/kofe.hu\/parola\/#\/schema\/person\/b39ea6ec0995233537351d7e33281aeb\"},\"breadcrumb\":{\"@id\":\"https:\/\/kofe.hu\/parola\/parola-folyoirat\/kozossegi-munkahelyteremtes-kozosseg-konferencia-varga-a-tamas-emlekere-2008-november-6-7-kunbabony-civil-kollegium-kozossegi-haz\/#breadcrumb\"},\"inLanguage\":\"hu\",\"potentialAction\":[{\"@type\":\"ReadAction\",\"target\":[\"https:\/\/kofe.hu\/parola\/parola-folyoirat\/kozossegi-munkahelyteremtes-kozosseg-konferencia-varga-a-tamas-emlekere-2008-november-6-7-kunbabony-civil-kollegium-kozossegi-haz\/\"]}]},{\"@type\":\"ImageObject\",\"inLanguage\":\"hu\",\"@id\":\"https:\/\/kofe.hu\/parola\/parola-folyoirat\/kozossegi-munkahelyteremtes-kozosseg-konferencia-varga-a-tamas-emlekere-2008-november-6-7-kunbabony-civil-kollegium-kozossegi-haz\/#primaryimage\",\"url\":\"https:\/\/kofe.hu\/parola\/wp-content\/uploads\/2020\/07\/08.4.jpeg\",\"contentUrl\":\"https:\/\/kofe.hu\/parola\/wp-content\/uploads\/2020\/07\/08.4.jpeg\",\"width\":1289,\"height\":1918},{\"@type\":\"BreadcrumbList\",\"@id\":\"https:\/\/kofe.hu\/parola\/parola-folyoirat\/kozossegi-munkahelyteremtes-kozosseg-konferencia-varga-a-tamas-emlekere-2008-november-6-7-kunbabony-civil-kollegium-kozossegi-haz\/#breadcrumb\",\"itemListElement\":[{\"@type\":\"ListItem\",\"position\":1,\"name\":\"Home\",\"item\":\"https:\/\/kofe.hu\/parola\/\"},{\"@type\":\"ListItem\",\"position\":2,\"name\":\"K\u00d6Z\u00d6SS\u00c9GI MUNKAHELYTEREMT\u00c9S K\u00f6z\u00f6ss\u00e9g konferencia Varga A. Tam\u00e1s eml\u00e9k\u00e9re 2008. november 6\u20137. Kunb\u00e1bony, Civil Koll\u00e9gium K\u00f6z\u00f6ss\u00e9gi H\u00e1z\"}]},{\"@type\":\"WebSite\",\"@id\":\"https:\/\/kofe.hu\/parola\/#website\",\"url\":\"https:\/\/kofe.hu\/parola\/\",\"name\":\"Parola Foly\u00f3irat\",\"description\":\"\",\"potentialAction\":[{\"@type\":\"SearchAction\",\"target\":{\"@type\":\"EntryPoint\",\"urlTemplate\":\"https:\/\/kofe.hu\/parola\/?s={search_term_string}\"},\"query-input\":{\"@type\":\"PropertyValueSpecification\",\"valueRequired\":true,\"valueName\":\"search_term_string\"}}],\"inLanguage\":\"hu\"},{\"@type\":\"Person\",\"@id\":\"https:\/\/kofe.hu\/parola\/#\/schema\/person\/b39ea6ec0995233537351d7e33281aeb\",\"name\":\"Parola\",\"image\":{\"@type\":\"ImageObject\",\"inLanguage\":\"hu\",\"@id\":\"https:\/\/kofe.hu\/parola\/#\/schema\/person\/image\/ef1d7dc4d1949d5457aa415351763853\",\"url\":\"https:\/\/secure.gravatar.com\/avatar\/c18c00ea50048aa7adb99e5d11e4250d05111e33b2bea02671439eb7912c945e?s=96&d=mm&r=g\",\"contentUrl\":\"https:\/\/secure.gravatar.com\/avatar\/c18c00ea50048aa7adb99e5d11e4250d05111e33b2bea02671439eb7912c945e?s=96&d=mm&r=g\",\"caption\":\"Parola\"},\"url\":\"https:\/\/kofe.hu\/parola\/szerzok\/parola\/\"}]}<\/script>\n<!-- \/ Yoast SEO plugin. -->","yoast_head_json":{"title":"K\u00d6Z\u00d6SS\u00c9GI MUNKAHELYTEREMT\u00c9S K\u00f6z\u00f6ss\u00e9g konferencia Varga A. Tam\u00e1s eml\u00e9k\u00e9re 2008. november 6\u20137. Kunb\u00e1bony, Civil Koll\u00e9gium K\u00f6z\u00f6ss\u00e9gi H\u00e1z - Parola Foly\u00f3irat","robots":{"index":"index","follow":"follow","max-snippet":"max-snippet:-1","max-image-preview":"max-image-preview:large","max-video-preview":"max-video-preview:-1"},"canonical":"https:\/\/kofe.hu\/parola\/parola-folyoirat\/kozossegi-munkahelyteremtes-kozosseg-konferencia-varga-a-tamas-emlekere-2008-november-6-7-kunbabony-civil-kollegium-kozossegi-haz\/","og_locale":"hu_HU","og_type":"article","og_title":"K\u00d6Z\u00d6SS\u00c9GI MUNKAHELYTEREMT\u00c9S K\u00f6z\u00f6ss\u00e9g konferencia Varga A. Tam\u00e1s eml\u00e9k\u00e9re 2008. november 6\u20137. Kunb\u00e1bony, Civil Koll\u00e9gium K\u00f6z\u00f6ss\u00e9gi H\u00e1z - Parola Foly\u00f3irat","og_description":"Program November 6. cs\u00fct\u00f6rt\u00f6k Eln\u00f6k\u00f6l: Huszerl J\u00f3zsef","og_url":"https:\/\/kofe.hu\/parola\/parola-folyoirat\/kozossegi-munkahelyteremtes-kozosseg-konferencia-varga-a-tamas-emlekere-2008-november-6-7-kunbabony-civil-kollegium-kozossegi-haz\/","og_site_name":"Parola Foly\u00f3irat","article_published_time":"2020-07-11T13:42:19+00:00","article_modified_time":"2020-07-30T12:01:51+00:00","og_image":[{"width":1289,"height":1918,"url":"https:\/\/kofe.hu\/parola\/wp-content\/uploads\/2020\/07\/08.4.jpeg","type":"image\/jpeg"}],"author":"Parola","twitter_card":"summary_large_image","twitter_misc":{"Szerz\u0151:":"Parola","Becs\u00fclt olvas\u00e1si id\u0151":"2 perc","Written by":"Parola"},"schema":{"@context":"https:\/\/schema.org","@graph":[{"@type":"Article","@id":"https:\/\/kofe.hu\/parola\/parola-folyoirat\/kozossegi-munkahelyteremtes-kozosseg-konferencia-varga-a-tamas-emlekere-2008-november-6-7-kunbabony-civil-kollegium-kozossegi-haz\/#article","isPartOf":{"@id":"https:\/\/kofe.hu\/parola\/parola-folyoirat\/kozossegi-munkahelyteremtes-kozosseg-konferencia-varga-a-tamas-emlekere-2008-november-6-7-kunbabony-civil-kollegium-kozossegi-haz\/"},"author":{"name":"Parola","@id":"https:\/\/kofe.hu\/parola\/#\/schema\/person\/b39ea6ec0995233537351d7e33281aeb"},"headline":"K\u00d6Z\u00d6SS\u00c9GI MUNKAHELYTEREMT\u00c9S K\u00f6z\u00f6ss\u00e9g konferencia Varga A. Tam\u00e1s eml\u00e9k\u00e9re 2008. november 6\u20137. Kunb\u00e1bony, Civil Koll\u00e9gium K\u00f6z\u00f6ss\u00e9gi H\u00e1z","datePublished":"2020-07-11T13:42:19+00:00","dateModified":"2020-07-30T12:01:51+00:00","mainEntityOfPage":{"@id":"https:\/\/kofe.hu\/parola\/parola-folyoirat\/kozossegi-munkahelyteremtes-kozosseg-konferencia-varga-a-tamas-emlekere-2008-november-6-7-kunbabony-civil-kollegium-kozossegi-haz\/"},"wordCount":465,"commentCount":0,"image":{"@id":"https:\/\/kofe.hu\/parola\/parola-folyoirat\/kozossegi-munkahelyteremtes-kozosseg-konferencia-varga-a-tamas-emlekere-2008-november-6-7-kunbabony-civil-kollegium-kozossegi-haz\/#primaryimage"},"thumbnailUrl":"https:\/\/kofe.hu\/parola\/wp-content\/uploads\/2020\/07\/08.4.jpeg","articleSection":["Parola 2008\/4","Parola Foly\u00f3irat","Repert\u00f3rium"],"inLanguage":"hu","potentialAction":[{"@type":"CommentAction","name":"Comment","target":["https:\/\/kofe.hu\/parola\/parola-folyoirat\/kozossegi-munkahelyteremtes-kozosseg-konferencia-varga-a-tamas-emlekere-2008-november-6-7-kunbabony-civil-kollegium-kozossegi-haz\/#respond"]}]},{"@type":"WebPage","@id":"https:\/\/kofe.hu\/parola\/parola-folyoirat\/kozossegi-munkahelyteremtes-kozosseg-konferencia-varga-a-tamas-emlekere-2008-november-6-7-kunbabony-civil-kollegium-kozossegi-haz\/","url":"https:\/\/kofe.hu\/parola\/parola-folyoirat\/kozossegi-munkahelyteremtes-kozosseg-konferencia-varga-a-tamas-emlekere-2008-november-6-7-kunbabony-civil-kollegium-kozossegi-haz\/","name":"K\u00d6Z\u00d6SS\u00c9GI MUNKAHELYTEREMT\u00c9S K\u00f6z\u00f6ss\u00e9g konferencia Varga A. Tam\u00e1s eml\u00e9k\u00e9re 2008. november 6\u20137. Kunb\u00e1bony, Civil Koll\u00e9gium K\u00f6z\u00f6ss\u00e9gi H\u00e1z - Parola Foly\u00f3irat","isPartOf":{"@id":"https:\/\/kofe.hu\/parola\/#website"},"primaryImageOfPage":{"@id":"https:\/\/kofe.hu\/parola\/parola-folyoirat\/kozossegi-munkahelyteremtes-kozosseg-konferencia-varga-a-tamas-emlekere-2008-november-6-7-kunbabony-civil-kollegium-kozossegi-haz\/#primaryimage"},"image":{"@id":"https:\/\/kofe.hu\/parola\/parola-folyoirat\/kozossegi-munkahelyteremtes-kozosseg-konferencia-varga-a-tamas-emlekere-2008-november-6-7-kunbabony-civil-kollegium-kozossegi-haz\/#primaryimage"},"thumbnailUrl":"https:\/\/kofe.hu\/parola\/wp-content\/uploads\/2020\/07\/08.4.jpeg","datePublished":"2020-07-11T13:42:19+00:00","dateModified":"2020-07-30T12:01:51+00:00","author":{"@id":"https:\/\/kofe.hu\/parola\/#\/schema\/person\/b39ea6ec0995233537351d7e33281aeb"},"breadcrumb":{"@id":"https:\/\/kofe.hu\/parola\/parola-folyoirat\/kozossegi-munkahelyteremtes-kozosseg-konferencia-varga-a-tamas-emlekere-2008-november-6-7-kunbabony-civil-kollegium-kozossegi-haz\/#breadcrumb"},"inLanguage":"hu","potentialAction":[{"@type":"ReadAction","target":["https:\/\/kofe.hu\/parola\/parola-folyoirat\/kozossegi-munkahelyteremtes-kozosseg-konferencia-varga-a-tamas-emlekere-2008-november-6-7-kunbabony-civil-kollegium-kozossegi-haz\/"]}]},{"@type":"ImageObject","inLanguage":"hu","@id":"https:\/\/kofe.hu\/parola\/parola-folyoirat\/kozossegi-munkahelyteremtes-kozosseg-konferencia-varga-a-tamas-emlekere-2008-november-6-7-kunbabony-civil-kollegium-kozossegi-haz\/#primaryimage","url":"https:\/\/kofe.hu\/parola\/wp-content\/uploads\/2020\/07\/08.4.jpeg","contentUrl":"https:\/\/kofe.hu\/parola\/wp-content\/uploads\/2020\/07\/08.4.jpeg","width":1289,"height":1918},{"@type":"BreadcrumbList","@id":"https:\/\/kofe.hu\/parola\/parola-folyoirat\/kozossegi-munkahelyteremtes-kozosseg-konferencia-varga-a-tamas-emlekere-2008-november-6-7-kunbabony-civil-kollegium-kozossegi-haz\/#breadcrumb","itemListElement":[{"@type":"ListItem","position":1,"name":"Home","item":"https:\/\/kofe.hu\/parola\/"},{"@type":"ListItem","position":2,"name":"K\u00d6Z\u00d6SS\u00c9GI MUNKAHELYTEREMT\u00c9S K\u00f6z\u00f6ss\u00e9g konferencia Varga A. Tam\u00e1s eml\u00e9k\u00e9re 2008. november 6\u20137. Kunb\u00e1bony, Civil Koll\u00e9gium K\u00f6z\u00f6ss\u00e9gi H\u00e1z"}]},{"@type":"WebSite","@id":"https:\/\/kofe.hu\/parola\/#website","url":"https:\/\/kofe.hu\/parola\/","name":"Parola Foly\u00f3irat","description":"","potentialAction":[{"@type":"SearchAction","target":{"@type":"EntryPoint","urlTemplate":"https:\/\/kofe.hu\/parola\/?s={search_term_string}"},"query-input":{"@type":"PropertyValueSpecification","valueRequired":true,"valueName":"search_term_string"}}],"inLanguage":"hu"},{"@type":"Person","@id":"https:\/\/kofe.hu\/parola\/#\/schema\/person\/b39ea6ec0995233537351d7e33281aeb","name":"Parola","image":{"@type":"ImageObject","inLanguage":"hu","@id":"https:\/\/kofe.hu\/parola\/#\/schema\/person\/image\/ef1d7dc4d1949d5457aa415351763853","url":"https:\/\/secure.gravatar.com\/avatar\/c18c00ea50048aa7adb99e5d11e4250d05111e33b2bea02671439eb7912c945e?s=96&d=mm&r=g","contentUrl":"https:\/\/secure.gravatar.com\/avatar\/c18c00ea50048aa7adb99e5d11e4250d05111e33b2bea02671439eb7912c945e?s=96&d=mm&r=g","caption":"Parola"},"url":"https:\/\/kofe.hu\/parola\/szerzok\/parola\/"}]}},"_links":{"self":[{"href":"https:\/\/kofe.hu\/parola\/wp-json\/wp\/v2\/posts\/3353","targetHints":{"allow":["GET"]}}],"collection":[{"href":"https:\/\/kofe.hu\/parola\/wp-json\/wp\/v2\/posts"}],"about":[{"href":"https:\/\/kofe.hu\/parola\/wp-json\/wp\/v2\/types\/post"}],"author":[{"embeddable":true,"href":"https:\/\/kofe.hu\/parola\/wp-json\/wp\/v2\/users\/4"}],"replies":[{"embeddable":true,"href":"https:\/\/kofe.hu\/parola\/wp-json\/wp\/v2\/comments?post=3353"}],"version-history":[{"count":3,"href":"https:\/\/kofe.hu\/parola\/wp-json\/wp\/v2\/posts\/3353\/revisions"}],"predecessor-version":[{"id":4227,"href":"https:\/\/kofe.hu\/parola\/wp-json\/wp\/v2\/posts\/3353\/revisions\/4227"}],"wp:featuredmedia":[{"embeddable":true,"href":"https:\/\/kofe.hu\/parola\/wp-json\/wp\/v2\/media\/3432"}],"wp:attachment":[{"href":"https:\/\/kofe.hu\/parola\/wp-json\/wp\/v2\/media?parent=3353"}],"wp:term":[{"taxonomy":"category","embeddable":true,"href":"https:\/\/kofe.hu\/parola\/wp-json\/wp\/v2\/categories?post=3353"},{"taxonomy":"post_tag","embeddable":true,"href":"https:\/\/kofe.hu\/parola\/wp-json\/wp\/v2\/tags?post=3353"},{"taxonomy":"author","embeddable":true,"href":"https:\/\/kofe.hu\/parola\/wp-json\/wp\/v2\/coauthors?post=3353"}],"curies":[{"name":"wp","href":"https:\/\/api.w.org\/{rel}","templated":true}]}}