{"id":3328,"date":"2020-07-11T13:13:15","date_gmt":"2020-07-11T13:13:15","guid":{"rendered":"https:\/\/kofe.hu\/parola\/?p=3328"},"modified":"2020-07-30T12:11:40","modified_gmt":"2020-07-30T12:11:40","slug":"europai-parbeszed-kozossegfejlesztesi-halozatepites-az-europai-integracios-tevekenyseg-segitesere-2008-majus-9-10","status":"publish","type":"post","link":"https:\/\/kofe.hu\/parola\/parola-folyoirat\/europai-parbeszed-kozossegfejlesztesi-halozatepites-az-europai-integracios-tevekenyseg-segitesere-2008-majus-9-10\/","title":{"rendered":"Eur\u00f3pai P\u00e1rbesz\u00e9d K\u00f6z\u00f6ss\u00e9gfejleszt\u00e9si h\u00e1l\u00f3zat\u00e9p\u00edt\u00e9s az eur\u00f3pai integr\u00e1ci\u00f3s tev\u00e9kenys\u00e9g seg\u00edt\u00e9s\u00e9re 2008. m\u00e1jus 9\u201310."},"content":{"rendered":"<p style=\"text-align: justify;\"><img loading=\"lazy\" decoding=\"async\" class=\"alignnone size-medium wp-image-3330\" src=\"https:\/\/kofe.hu\/parola\/wp-content\/uploads\/2020\/07\/2008-2-eu-logo1.gif\" alt=\"\" width=\"130\" height=\"134\" srcset=\"https:\/\/kofe.hu\/parola\/wp-content\/uploads\/2020\/07\/2008-2-eu-logo1.gif 130w, https:\/\/kofe.hu\/parola\/wp-content\/uploads\/2020\/07\/2008-2-eu-logo1-10x10.gif 10w\" sizes=\"auto, (max-width: 130px) 100vw, 130px\" \/><img loading=\"lazy\" decoding=\"async\" class=\"alignnone size-full wp-image-3329\" src=\"https:\/\/kofe.hu\/parola\/wp-content\/uploads\/2020\/07\/2008-2-eu-logo2.gif\" alt=\"\" width=\"233\" height=\"75\" \/><b><span style=\"font-family: Bookman Old Style; font-size: xx-large;\">\u00a0<\/span><\/b><\/p>\n<div style=\"text-align: justify;\" align=\"center\"><a name=\"F%C5%91v%C3%A9dn%C3%B6k%3A%20G%C3%B6ncz%20Kinga%20k%C3%BCl%C3%BCgymini\"><\/a><b><span style=\"font-family: Bookman Old Style; font-size: large;\">F\u0151v\u00e9dn\u00f6k: G\u00f6ncz Kinga k\u00fcl\u00fcgyminiszter<\/span><\/b><\/div>\n<div style=\"text-align: justify;\" align=\"center\"><b><span style=\"font-family: Bookman Old Style; font-size: small;\">Egy\u00fcttm\u0171k\u00f6d\u0151 szervezetek: K\u00f6z\u00e9p-kelet Eur\u00f3pai \u00c1llampolg\u00e1ri H\u00e1l\u00f3zat (Central and Eastern European Citizens Network), Egyes\u00edtett Eur\u00f3pai Szervezet a T\u00e1rsadalmi Fejl\u0151d\u00e9s\u00e9rt (CEBSD Combined European Bureau for Social Development), Civil Koll\u00e9gium Alap\u00edtv\u00e1ny, Civil R\u00e1di\u00f3, K\u00f6z\u00f6ss\u00e9gfejleszt\u0151k Egyes\u00fclete, Magyar M\u0171vel\u0151d\u00e9si Int\u00e9zet \u00e9s K\u00e9pz\u0151m\u0171v\u00e9szeti Lektor\u00e1tus<\/span><\/b><\/div>\n<div style=\"text-align: justify;\" align=\"center\"><b><span style=\"font-family: Bookman Old Style; font-size: small;\">Helysz\u00ednek<\/span><\/b><br \/>\n<span style=\"font-family: Bookman Old Style; font-size: small;\">Eur\u00f3pa Haj\u00f3 a Dun\u00e1n<\/span><br \/>\n<span style=\"font-family: Bookman Old Style; font-size: small;\">Civil Koll\u00e9gium K\u00f6z\u00f6ss\u00e9gi H\u00e1z, Kunszentmikl\u00f3s-Kunb\u00e1bony<\/span><\/div>\n<p style=\"text-align: justify;\"><!--more--><br \/>\n<span style=\"font-family: Bookman Old Style; font-size: small;\">A\u00a0<\/span><b><i><span style=\"font-family: Bookman Old Style; font-size: small;\">K\u00f6z\u00f6ss\u00e9gfejleszt\u0151k Egyes\u00fclete<\/span><\/i><\/b><span style=\"font-family: Bookman Old Style; font-size: small;\">\u00a0egyike a legr\u00e9gebben alakult civil szervezeteknek (1989-ben alakult), s a kezdetekt\u0151l jelen van a civil t\u00e1rsadalom, a demokr\u00e1cia fejl\u0151d\u00e9s\u00e9t szolg\u00e1l\u00f3 k\u00f6z\u00f6ss\u00e9g-fejleszt\u00e9s nemzetk\u00f6zi esem\u00e9nyeiben, legr\u00e9gebben \u00e9s legmeghat\u00e1roz\u00f3bb m\u00f3don, 1991 \u00f3ta a nyugat-eur\u00f3pai k\u00f6z\u00f6ss\u00e9gfejleszt\u0151 h\u00e1l\u00f3zat, a CEBSD \u00e9let\u00e9ben. A K\u00f6z\u00e9p-kelet-eur\u00f3pai r\u00e9gi\u00f3ban alakult CEE Citizens Networkkel kapcsolata j\u00f3val k\u00e9s\u0151bb, 1999-ben kezd\u0151d\u00f6tt, \u00e1m az\u00f3ta a kapcsolat egyre intenz\u00edvebb\u00e9 \u00e9s meghat\u00e1roz\u00f3bb\u00e1 v\u00e1lt<\/span><i><span style=\"font-family: Bookman Old Style; font-size: small;\">.\u00a0<\/span><\/i><span style=\"font-family: Bookman Old Style; font-size: small;\">E kapcsolatok sz\u00e1mos, m\u00e1ra meghat\u00e1roz\u00f3v\u00e1 v\u00e1lt hozad\u00e9kot jelentenek az Egyes\u00fcletnek, seg\u00edtik felz\u00e1rk\u00f3zni a nemzetk\u00f6zi folyamatokhoz \u00e9s azoknak fontos t\u00e9nyez\u0151iv\u00e9 teszik a magyar k\u00f6z\u00f6ss\u00e9gfejleszt\u00e9st \u00e9s \u00e1ltala a hazai civil t\u00e1rsadalom fejl\u0151d\u00e9s\u00e9t.<\/span><\/p>\n<p><b><i><span style=\"font-family: Bookman Old Style; font-size: small;\">CEBSD<\/span><\/i><\/b><br \/>\n<span style=\"font-family: Bookman Old Style; font-size: small;\">A Combined Bureau for Social Development (Egyes\u00edtett Eur\u00f3pai T\u00e1rsadalomfejleszt\u0151 Iroda) egyes\u00fclet \u00e9s h\u00e1l\u00f3zat is egyben, amelynek egyfel\u0151l tags\u00e1ga van: 10 nyugat-eur\u00f3pai orsz\u00e1gban m\u0171k\u00f6d\u0151 k\u00f6z\u00f6ss\u00e9gfejleszt\u0151 szervezet, k\u00f6zt\u00fck a k\u00f6z\u00e9p-eur\u00f3pai t\u00e9rs\u00e9gb\u0151l egyed\u00fcl a K\u00f6z\u00f6ss\u00e9gfejleszt\u0151k Egyes\u00fclete is, m\u00e1sfel\u0151l egy tereb\u00e9lyesed\u0151 eur\u00f3pai h\u00e1l\u00f3zat tagja is, mert m\u0171k\u00f6d\u00e9se k\u00f6zben egy\u00fcttm\u0171k\u00f6d\u0151 kapcsolatokat \u00e9p\u00edtett ki sz\u00e1mos eur\u00f3pai h\u00e1l\u00f3zattal \u00e9s szervezettel is az eur\u00f3pai t\u00e1rsadalomfejl\u0151d\u00e9s \u00e9rdek\u00e9ben. Az inform\u00e1ci\u00f3k \u00e9s elk\u00e9pzel\u00e9sek tagok k\u00f6zti cser\u00e9j\u00e9n t\u00fal a h\u00e1l\u00f3zat ir\u00e1nyelvi dokumentumokat, szakmai publik\u00e1ci\u00f3kat, j\u00f3 gyakorlati p\u00e9ld\u00e1kat \u00e9s kutat\u00e1si jelent\u00e9seket ad ki. Tov\u00e1bbi inform\u00e1ci\u00f3k a h\u00e1l\u00f3zatr\u00f3l a szervezet weboldal\u00e1n tekinthet\u0151k meg:\u00a0<\/span><u><span style=\"font-family: Bookman Old Style; font-size: small;\">www.cebsd.org<\/span><\/u><span style=\"font-family: Bookman Old Style; font-size: small;\">.<\/span><\/p>\n<p><b><i><span style=\"font-family: Bookman Old Style; font-size: small;\">CEE Citizens Network<\/span><\/i><\/b><br \/>\n<span style=\"font-family: Bookman Old Style; font-size: small;\">Az 1999-ben megalakult h\u00e1l\u00f3zatnak 2002 \u00f3ta tagja a K\u00f6z\u00f6ss\u00e9gfejleszt\u0151k Egyes\u00fclete, s att\u00f3l kezdve minden esem\u00e9ny\u00e9n r\u00e9szt vesz, s\u0151t, maga is vend\u00e9g\u00fcl l\u00e1tott m\u00e1r \u00f6sszej\u00f6veteleket.<\/span><br \/>\n<span style=\"font-family: Bookman Old Style; font-size: small;\">A h\u00e1l\u00f3zatnak jelenleg 18 tagja van a t\u00e9rs\u00e9gb\u0151l: alb\u00e1n, belorusz, boszniai, bulg\u00e1r, cseh, \u00e9szt, gr\u00faz, horv\u00e1t, lengyel, magyar, orosz, \u00f6rm\u00e9ny, rom\u00e1n, szerb, szlov\u00e1k, ukr\u00e1n szervezetek.<\/span><br \/>\n<span style=\"font-family: Bookman Old Style; font-size: small;\">Az \u00e1llampolg\u00e1ri r\u00e9szv\u00e9tel fejleszt\u00e9s\u00e9\u00e9rt a h\u00e1l\u00f3zat egyfajta \u201etudatos\u00edt\u00f3\u201d munk\u00e1t v\u00e9gez \u2013 konferenci\u00e1kat, k\u00e9pz\u00e9seket szervez, honlapot m\u0171k\u00f6dtet (www.ceecn.net), kiadv\u00e1nyokat bocs\u00e1t ki, terjeszti a j\u00f3 gyakorlati p\u00e9ld\u00e1kat \u00e9s \u00e9vente megszervezi az \u00c1llampolg\u00e1ri R\u00e9szv\u00e9tel Het\u00e9t, a tagszervezetek orsz\u00e1gainak \u00e9vr\u0151l \u00e9vre b\u0151v\u00fcl\u0151 k\u00f6r\u00e9ben. Munk\u00e1j\u00e1t a h\u00e1l\u00f3zat kiterjeszti az \u00f6nkorm\u00e1nyzatokra, a v\u00e1lasztott k\u00e9pvisel\u0151kre is \u2013 rendezv\u00e9nyein a r\u00e9sztvev\u0151k k\u00e9t szektort k\u00e9pviselnek.<\/span><br \/>\n<span style=\"font-family: Bookman Old Style; font-size: small;\">A CEE CN 2004-ben v\u00e1lt Szlov\u00e1ki\u00e1ban bejegyzett civil szervezett\u00e9, addig kiz\u00e1r\u00f3lag h\u00e1l\u00f3zatk\u00e9nt m\u0171k\u00f6d\u00f6tt.<\/span><\/p>\n<p><span style=\"font-family: Bookman Old Style; font-size: small;\">Az\u00a0<\/span><b><i><span style=\"font-family: Bookman Old Style; font-size: small;\">EUR\u00d3PAI P\u00c1RBESZ\u00c9D<\/span><\/i><\/b><span style=\"font-family: Bookman Old Style; font-size: small;\">\u00a0projekt e k\u00e9t eur\u00f3pai k\u00f6z\u00f6ss\u00e9gszervez\u0151 \u00e9s -fejleszt\u0151 h\u00e1l\u00f3zat els\u0151 h\u00e1l\u00f3zati tal\u00e1lkoz\u00f3j\u00e1nak megszervez\u00e9s\u00e9re v\u00e1llalkozott, 17 eur\u00f3pai orsz\u00e1g 23 szervezet\u00e9nek k\u00e9pvisel\u0151i \u00e9s a k\u00e9t h\u00e1l\u00f3zat 2\u20132 koordin\u00e1tora, valamint 10 magyar k\u00f6z\u00f6ss\u00e9gi aktivista r\u00e9szv\u00e9tel\u00e9vel, annak \u00e9rdek\u00e9ben, hogy e k\u00e9t civil t\u00e1rsadalmat fejleszt\u0151 eur\u00f3pai h\u00e1l\u00f3zat hozz\u00e1j\u00e1ruljon a civil szervezetek eur\u00f3pai integr\u00e1ci\u00f3s tev\u00e9kenys\u00e9g\u00e9hez.<\/span><br \/>\n<span style=\"font-family: Bookman Old Style; font-size: small;\">A projektet a mindk\u00e9t h\u00e1l\u00f3zatban\/szervezetben tag K\u00f6z\u00f6ss\u00e9gfejleszt\u0151k Egyes\u00fclete kezdem\u00e9nyezte.<\/span><br \/>\n<span style=\"font-family: Bookman Old Style; font-size: small;\">Az Eur\u00f3pai P\u00e1rbesz\u00e9d m\u0171helymunk\u00e1ja keret\u00e9ben a r\u00e9sztvev\u0151k ismerkedtek a k\u00e9t h\u00e1l\u00f3zat munk\u00e1j\u00e1val, kerest\u00e9k gyakorlatuk k\u00f6z\u00f6s elemeit \u00e9s k\u00fcl\u00f6nbs\u00e9geit, azonos\u00edtott\u00e1k j\u00f6v\u0151beni egy\u00fcttm\u0171k\u00f6d\u00e9s\u00fck lehets\u00e9ges ter\u00fcleteit \u00e9s form\u00e1it. A m\u0171helymunka a r\u00e9sztvev\u0151k akt\u00edv k\u00f6zrem\u0171k\u00f6d\u00e9s\u00e9vel val\u00f3sul meg, nyelve angol volt.<\/span><\/p>\n<p><b><i><span style=\"font-family: Bookman Old Style; font-size: small;\">R\u00e9sztvev\u0151 orsz\u00e1gok \u00e9s szervezetek:<\/span><\/i><\/b><\/p>\n<p><span style=\"font-family: Bookman Old Style; font-size: small;\">BELGIUM<\/span><br \/>\n<span style=\"font-family: Bookman Old Style; font-size: small;\">Samenlevingsopbouw Vlaanderen vzw, Brussel<\/span><br \/>\n<span style=\"font-family: Bookman Old Style; font-size: small;\">BOSZNIA-HERCEGOVINA<\/span><br \/>\n<span style=\"font-family: Bookman Old Style; font-size: small;\">CCI Centers for Civic Initiatives, Banja Luka<\/span><br \/>\n<span style=\"font-family: Bookman Old Style; font-size: small;\">BULG\u00c1RIA<\/span><br \/>\n<span style=\"font-family: Bookman Old Style; font-size: small;\">C.E.G.A. Creating Effective Grassroots Alternatives, Sofia<\/span><br \/>\n<span style=\"font-family: Bookman Old Style; font-size: small;\">CSEH K\u00d6ZT\u00c1RSAS\u00c1G<\/span><br \/>\n<span style=\"font-family: Bookman Old Style; font-size: small;\">CCO Center for Community Organizing, P<\/span><span style=\"font-family: Times New Roman; font-size: small;\">\u0159<\/span><span style=\"font-family: Bookman Old Style; font-size: small;\">erov<\/span><br \/>\n<span style=\"font-family: Bookman Old Style; font-size: small;\">Agora Central Europe, Society for Democracy and Culture, Prague<\/span><br \/>\n<span style=\"font-family: Bookman Old Style; font-size: small;\">D\u00c1NIA<\/span><br \/>\n<span style=\"font-size: small;\">KSS Kristeligt Studenter-Settlement, K\u0159benhavn<\/span><br \/>\n<span style=\"font-family: Bookman Old Style; font-size: small;\">EGYES\u00dcLT KIR\u00c1LYS\u00c1G<\/span><br \/>\n<span style=\"font-family: Bookman Old Style; font-size: small;\">Community Development Foundation, London<\/span><br \/>\n<span style=\"font-family: Bookman Old Style; font-size: small;\">FRANCIAORSZ\u00c1G<\/span><br \/>\n<span style=\"font-family: Bookman Old Style; font-size: small;\">IR DSU Inter-R\u00e9seaux D\u00e9veloppement Social Urbain<\/span><br \/>\n<span style=\"font-family: Bookman Old Style; font-size: small;\">GR\u00daZIA<\/span><br \/>\n<span style=\"font-family: Bookman Old Style; font-size: small;\">International Association \u201eCivitas Georgica\u201d, Tbilisi<\/span><br \/>\n<span style=\"font-family: Bookman Old Style; font-size: small;\">HOLLANDIA<\/span><br \/>\n<span style=\"font-family: Bookman Old Style; font-size: small;\">MOVISIE, kennis en advies voor maatschappelijke ontwikkeling, Utrecht<\/span><br \/>\n<span style=\"font-family: Bookman Old Style; font-size: small;\">MAGYARORSZ\u00c1G<\/span><br \/>\n<span style=\"font-family: Bookman Old Style; font-size: small;\">K\u00f6z\u00f6ss\u00e9gfejleszt\u0151k Egyes\u00fclete, Budapest<\/span><br \/>\n<span style=\"font-family: Bookman Old Style; font-size: small;\">N\u00c9METORSZ\u00c1G<\/span><br \/>\n<span style=\"font-family: Bookman Old Style; font-size: small;\">PBW, Paritaetisches Bildungswerk Bundesverband, Frankfurt a. M.<\/span><br \/>\n<span style=\"font-family: Bookman Old Style; font-size: small;\">NORV\u00c9GIA<\/span><br \/>\n<span style=\"font-family: Bookman Old Style; font-size: small;\">Stiftelsen Id\u00e9banken, Oslo<\/span><br \/>\n<span style=\"font-family: Bookman Old Style; font-size: small;\">ROM\u00c1NIA<\/span><br \/>\n<span style=\"font-family: Bookman Old Style; font-size: small;\">RACD Romanian Association for Community Development, Vrancea<\/span><br \/>\n<span style=\"font-family: Bookman Old Style; font-size: small;\">Community Foundation, Sibiu<\/span><br \/>\n<span style=\"font-family: Bookman Old Style; font-size: small;\">Pro Democracy Association Brasov Branch, Brasov<\/span><br \/>\n<span style=\"font-family: Bookman Old Style; font-size: small;\">Association for Community Partnership, Brasov<\/span><br \/>\n<span style=\"font-family: Bookman Old Style; font-size: small;\">Associatia CRONO, Craiova<\/span><br \/>\n<span style=\"font-family: Bookman Old Style; font-size: small;\">SPANYOLORSZ\u00c1G<\/span><br \/>\n<span style=\"font-family: Bookman Old Style; font-size: small;\">FDC Fundacio Desenvolupament Comunitari, Barcelona<\/span><br \/>\n<span style=\"font-family: Bookman Old Style; font-size: small;\">SV\u00c9DORSZ\u00c1G<\/span><br \/>\n<span style=\"font-family: Bookman Old Style; font-size: small;\">CESAM Stiftelsen Centrum f\u00f6r Samh\u00e4llsarbete och Mobilisering, \u00d6rebro<\/span><br \/>\n<span style=\"font-family: Bookman Old Style; font-size: small;\">SZLOV\u00c1K K\u00d6ZT\u00c1RSAS\u00c1G<\/span><br \/>\n<span style=\"font-family: Bookman Old Style; font-size: small;\">CCO Center for Community Organizing, Bansk\u00e1 Bystrica<\/span><br \/>\n<span style=\"font-family: Bookman Old Style; font-size: small;\">VOKA Rural Organization for Community Activities, Bansk\u00e1 Bystrica<\/span><br \/>\n<span style=\"font-family: Bookman Old Style; font-size: small;\">SZLOV\u00c9NIA<\/span><br \/>\n<span style=\"font-family: Bookman Old Style; font-size: small;\">CNVOS Centre for Information Service, Cooperation and Development of NGOs, Ljubljana<\/span><\/p>\n<p style=\"text-align: justify;\"><span style=\"font-family: Bookman Old Style; font-size: small;\">Az Eur\u00f3pai P\u00e1rbesz\u00e9d projekt rendez\u0151 szervei 3 nemzetk\u00f6zi \u00e9s 1 nemzeti m\u0171helymunk\u00e1t bonyol\u00edtottak le, kibocs\u00e1tott\u00e1k az Eur\u00f3pai P\u00e1rbesz\u00e9d H\u00edrlevelet, a Budapestre akkredit\u00e1lt nagyk\u00f6vets\u00e9gek munkat\u00e1rsai s a megh\u00edvott k\u00fclf\u00f6ldiek r\u00e9szv\u00e9tel\u00e9vel rendeztek megnyit\u00f3 \u00fcnneps\u00e9get \u00e9s sajt\u00f3t\u00e1j\u00e9koztat\u00f3t az Eur\u00f3pa haj\u00f3n. Az Eur\u00f3pai P\u00e1rbesz\u00e9d eredm\u00e9ny\u00e9t nemzetk\u00f6zi m\u0171helymunk\u00e1ban \u00e9rt\u00e9kelt\u00e9k \u00e9s t\u00e1rt\u00e1k a r\u00e9sztvev\u0151 szervezetek el\u00e9, akik a megval\u00f3s\u00edt\u00e1s munk\u00e1ja mellett saj\u00e1t otthoni \u00e9s nemzetk\u00f6zi h\u00e1l\u00f3zataikban fogj\u00e1k terjeszteni a projekt eredm\u00e9nyeit.<\/span><\/p>\n<p><i><span style=\"font-family: Bookman Old Style; font-size: small;\">A tov\u00e1bbiakban G\u00f6ncz Kinga k\u00fcl\u00fcgyminiszter k\u00f6sz\u00f6nt\u0151j\u00e9t tessz\u00fck k\u00f6zz\u00e9.<\/span><\/i><\/p>\n<p><span style=\"font-family: Bookman Old Style; font-size: small;\">MAGYAR K\u00d6ZT\u00c1RSAS\u00c1G<\/span><br \/>\n<span style=\"font-family: Bookman Old Style; font-size: small;\">K\u00dcL\u00dcGYMINISZTERE<\/span><\/p>\n<p><span style=\"font-family: Bookman Old Style; font-size: small;\">Vercseg Ilona, eln\u00f6k<\/span><br \/>\n<span style=\"font-family: Bookman Old Style; font-size: small;\">P\u00e9terfi Ferenc, titk\u00e1r<\/span><\/p>\n<p><span style=\"font-family: Bookman Old Style; font-size: small;\">K\u00f6z\u00f6ss\u00e9gfejleszt\u0151k Egyes\u00fclete<\/span><\/p>\n<p><span style=\"font-family: Bookman Old Style; font-size: small;\">Tisztelt Szervez\u0151k!<\/span><br \/>\n<span style=\"font-family: Bookman Old Style; font-size: small;\">Kedves Vend\u00e9gek!<\/span><\/p>\n<p><span style=\"font-family: Bookman Old Style; font-size: small;\">Nem mindennapos nemzetk\u00f6zi esem\u00e9nynek ad most otthont haz\u00e1nk. Az Eur\u00f3pai Uni\u00f3 &#8222;Eur\u00f3pa az \u00e1llampolg\u00e1rok\u00e9rt&#8221; 2007\u20132013 programja keret\u00e9ben a magyar K\u00f6z\u00f6ss\u00e9gfejleszt\u0151k Egyes\u00fclete egy hossz\u00fa t\u00e1v\u00fa eur\u00f3pai h\u00e1l\u00f3zat\u00e9p\u00edt\u00e9sbe kezdett k\u00e9t olyan eur\u00f3pai k\u00f6z\u00f6ss\u00e9gfejleszt\u0151 h\u00e1l\u00f3zat seg\u00edts\u00e9g\u00e9vel, melyeknek szervezetei az \u00e1llampolg\u00e1rokkal k\u00f6zvetlen kapcsolatban \u00e1llnak, s a helyi k\u00f6z\u00f6ss\u00e9gi fejleszt\u00e9s\u00e9rt dolgoznak az EU 17 tag\u00e1llam\u00e1nak 25 szervezet\u00e9ben, \u00c9sztorsz\u00e1gt\u00f3l Spanyolorsz\u00e1gig \u00e9s Bulg\u00e1ri\u00e1t\u00f3l Sv\u00e9dorsz\u00e1gig.<\/span><\/p>\n<p><span style=\"font-family: Bookman Old Style; font-size: small;\">E h\u00e1l\u00f3zatok, a CEE CN Central and Eastern European Citizens Network \u00e9s a CEBSD Combined<\/span><br \/>\n<span style=\"font-family: Bookman Old Style; font-size: small;\">European Bureau for Social Development, a K\u00f6z\u00f6ss\u00e9gfejleszt\u0151k Egyes\u00fclete szervez\u00e9s\u00e9ben \u00e9s kezdem\u00e9nyez\u00e9s\u00e9re el\u0151sz\u00f6r tal\u00e1lkozik most haz\u00e1nkban azzal a sz\u00e1nd\u00e9kkal, hogy kapcsolataikat elm\u00e9ly\u00edts\u00e9k \u00e9s kiterjessz\u00e9k.<\/span><br \/>\n<span style=\"font-family: Bookman Old Style; font-size: small;\">A holnapi Eur\u00f3pa Napon \u00e9s azt k\u00f6vet\u0151en, a k\u00e9t h\u00e1l\u00f3zat egy k\u00f6z\u00f6s m\u0171helymunk\u00e1n azt szeretn\u00e9 el\u00e9rni, hogy az eleddig elk\u00fcl\u00f6n\u00fclten, \u00e1m ugyanaz\u00e9rt a c\u00e9l\u00e9rt \u2013 a civil t\u00e1rsadalom \u00e9s r\u00e9szv\u00e9teli demokr\u00e1cia fejleszt\u00e9s\u00e9\u00e9rt \u2013 dolgoz\u00f3 k\u00e9t eur\u00f3pai k\u00f6z\u00f6ss\u00e9gfejleszt\u00e9si h\u00e1l\u00f3zat tagjai megismerj\u00e9k egym\u00e1st, tanuljanak egym\u00e1st\u00f3l, meger\u0151s\u00edts\u00e9k egym\u00e1s t\u00f6rekv\u00e9seit, s hogy egym\u00e1st inspir\u00e1lva k\u00f6z\u00f6sen keress\u00e9k munk\u00e1juk eur\u00f3pai dimenzi\u00f3j\u00e1t, egy\u00fcttm\u0171k\u00f6d\u00e9s\u00fck lehets\u00e9ges m\u00f3dozatait. E munk\u00e1lkod\u00e1snak term\u00e9szetesen c\u00e9lja az eur\u00f3pai identit\u00e1studat fejleszt\u00e9se is.<\/span><br \/>\n<span style=\"font-family: Bookman Old Style; font-size: small;\">Ez a munka szerves folytat\u00e1sa a csatlakoz\u00e1s \u00e9v\u00e9ben megrendezett, &#8222;Az eur\u00f3pai civil t\u00e1rsadalom fejleszt\u00e9se a k\u00f6z\u00f6ss\u00e9gfejleszt\u00e9s eszk\u00f6zeivel&#8221; nemzetk\u00f6zi konferenci\u00e1nak, amelyet a CEBSD, IACD \u00e9s K\u00d6FE szervezett 2004. m\u00e1rcius 25\u201328-a k\u00f6z\u00f6tt a Budai V\u00e1rban. E konferenci\u00e1n, amelyen 33 uni\u00f3s \u00e9s uni\u00f3n k\u00edv\u00fcli orsz\u00e1g 130 k\u00fcld\u00f6tte, k\u00f6z\u00f6ss\u00e9gi munk\u00e1sok, kutat\u00f3k, t\u00e1mogat\u00f3k, d\u00f6nt\u00e9shoz\u00f3k, korm\u00e1nyzatok, t\u00e1rsadalmi szervezetek \u00e9s k\u00f6z\u00f6ss\u00e9gek k\u00e9pvisel\u0151i tal\u00e1lkoztak \u00e9s k\u00e9sz\u00fcltek fel a 10 tagjel\u00f6lt orsz\u00e1g csatlakoz\u00e1s\u00e1ra, a r\u00e9sztvev\u0151k kibocs\u00e1tott\u00e1k az \u00fan. Budapesti Nyilatkozatot, amely az\u00f3ta az eur\u00f3pai k\u00f6z\u00f6ss\u00e9gfejleszt\u00e9s \u00e9s civil t\u00e1rsadalom nagyhat\u00e1s\u00fa eur\u00f3pai ir\u00e1nyelv\u00e9v\u00e9 v\u00e1lt.<\/span><br \/>\n<span style=\"font-family: Bookman Old Style; font-size: small;\">\u00d6r\u00f6mmel v\u00e1llaltam e h\u00e1l\u00f3zati tal\u00e1lkoz\u00f3 \u00e9s m\u0171helymunka f\u0151v\u00e9dn\u00f6ki tiszt\u00e9t, mert meg vagyok gy\u0151z\u0151dve arr\u00f3l, hogy a k\u00f6z\u00f6ss\u00e9gfejleszt\u00e9s kulcsfontoss\u00e1g\u00fa t\u00e1mogat\u00f3ja az akt\u00edv \u00e9s demokratikus t\u00e1rsadalmi r\u00e9szv\u00e9telnek. Haz\u00e1nkban is egyre szorosabb \u00e9s sokr\u00e9t\u0171bb a korm\u00e1nyzat kapcsolata a civil t\u00e1rsadalommal. Ma m\u00e1r nem csup\u00e1n a civilek \u00e1llami t\u00e1mogat\u00e1s\u00e1r\u00f3l \u00e9s egyes \u00e1llami feladatok helyi szint\u0171 v\u00e9grehajt\u00e1s\u00e1r\u00f3l besz\u00e9lhet\u00fcnk, hanem ezen t\u00falmen\u0151en a korm\u00e1nyzat igyekszik a civil t\u00e1rsadalomban felhalmoz\u00f3dott tud\u00e1st \u00e9s szakmai tapasztalatot becsatorn\u00e1zni a politik\u00e1ba, a civileket bevonni a d\u00f6nt\u00e9s-el\u0151k\u00e9sz\u00edt\u00e9si folyamatokba szakmai tan\u00e1cskoz\u00e1sokon, \u00e9s a jogszab\u00e1lyok, p\u00e1ly\u00e1zati ki\u00edr\u00e1sok t\u00e1rsadalmi vit\u00e1j\u00e1n kereszt\u00fcl. A civilek \u00e9s a K\u00fcl\u00fcgyminiszt\u00e9rium k\u00f6z\u00f6tti kapcsolat ter\u00e9n is paradigmav\u00e1lt\u00e1s zajlik. A k\u00fcl\u00fcgyi t\u00e1rca \u00e9ppen a civil szervezetek akt\u00edv k\u00f6zrem\u0171k\u00f6d\u00e9s\u00e9vel igyekszik a diplom\u00e1ci\u00e1t, a k\u00fclpolitikai t\u00e9m\u00e1kat k\u00f6zelebb hozni az \u00e1llampolg\u00e1rokhoz. Hiszem, hogy a k\u00f6z\u00f6ss\u00e9gfejleszt\u0151k nem csup\u00e1n k\u00fcl\u00fcgyi, hanem m\u00e1s szakpolitikai t\u00e9m\u00e1kban is aktivit\u00e1sra \u00f6szt\u00f6n\u00f6zhetik a t\u00e1rsadalmat, \u00e9s komoly el\u0151seg\u00edt\u0151i lehetnek egy teljesebb, val\u00f3ban akt\u00edv \u00e1llampolg\u00e1ri r\u00e9szv\u00e9telen alapul\u00f3 demokr\u00e1ci\u00e1nak.<\/span><br \/>\n<span style=\"font-family: Bookman Old Style; font-size: small;\">B\u00edzom abban, hogy e tal\u00e1lkoz\u00f3 alkalmat ny\u00fajt a gy\u00fcm\u00f6lcs\u00f6z\u0151 gondolatcser\u00e9re, tapasztalataik k\u00f6lcs\u00f6n\u00f6s \u00e1tad\u00e1s\u00e1ra.<\/span><br \/>\n<span style=\"font-family: Bookman Old Style; font-size: small;\">A Magyar K\u00f6zt\u00e1rsas\u00e1g K\u00fcl\u00fcgyminiszt\u00e9riuma nev\u00e9ben k\u00f6sz\u00f6nt\u00f6m \u00d6n\u00f6ket \u00e9s k\u00edv\u00e1nom, hogy munk\u00e1jukat siker \u00f6vezze.<\/span><\/p>\n<p><span style=\"font-family: Bookman Old Style; font-size: small;\">Budapest, 2008. m\u00e1rcius 14.<\/span><\/p>\n<p><i><span style=\"font-family: Bookman Old Style; font-size: small;\">Az Eur\u00f3pai P\u00e1rbesz\u00e9det egy \u00fajabb nemzetk\u00f6zi m\u0171helymunka k\u00f6vette, amelynek c\u00e9lja az Eur\u00f3pai P\u00e1rbesz\u00e9d \u00e9rt\u00e9kel\u00e9se \u00e9s a j\u00f6v\u0151beni egy\u00fcttm\u0171k\u00f6d\u00e9s k\u00f6rvonalaz\u00e1sa volt. R\u00e9szletek\u00a0<\/span><\/i><b><i><span style=\"font-family: Bookman Old Style; font-size: small;\">Varga M\u00e1t\u00e9\u00a0<\/span><\/i><\/b><i><span style=\"font-family: Bookman Old Style; font-size: small;\">(K\u00f6z\u00f6ss\u00e9gfejleszt\u0151k Egyes\u00fclete) \u00f6sszefoglal\u00f3j\u00e1b\u00f3l:<\/span><\/i><\/p>\n<p><i><span style=\"font-family: Bookman Old Style; font-size: small;\">F\u0151bb \u00e9szrev\u00e9telek:<\/span><\/i><br \/>\n<span style=\"font-family: Symbol; font-size: small;\">&#8211;\u00a0<\/span><span style=\"font-family: Bookman Old Style; font-size: small;\">A r\u00e9sztvev\u0151k \u00e9rdekl\u0151d\u00e9s\u00e9t megragadta az egym\u00e1s megismer\u00e9s\u00e9nek \u00e9s az egy\u00fcttm\u0171k\u00f6d\u00e9snek a lehet\u0151s\u00e9ge;<\/span><br \/>\n<span style=\"font-family: Symbol; font-size: small;\">&#8211;\u00a0<\/span><span style=\"font-family: Bookman Old Style; font-size: small;\">M\u00e1r a rendelkez\u00e9sre \u00e1ll\u00f3 r\u00f6vid id\u0151 alatt is er\u0151s k\u00fcl\u00f6nbs\u00e9gek mutatkoztak a r\u00e9sztvev\u0151k felk\u00e9sz\u00fclts\u00e9g\u00e9ben, kult\u00far\u00e1j\u00e1ban, gyakorlat\u00e1ban, az \u00e1ltaluk haszn\u00e1lt fogalmakban, s meg\u00e1llap\u00edt\u00e1st nyert, hogy a r\u00e9sztvev\u0151k nem vagy alig ismerik egym\u00e1s t\u00e1rsadalmi h\u00e1tter\u00e9t;<\/span><br \/>\n<span style=\"font-family: Symbol; font-size: small;\">&#8211;\u00a0<\/span><span style=\"font-family: Bookman Old Style; font-size: small;\">Ahhoz, hogy egy\u00fctt tudjunk dolgozni, az egyenl\u0151tlens\u00e9geket egyr\u00e9szt m\u00e9rs\u00e9kelni sz\u00fcks\u00e9ges, m\u00e1sr\u00e9szt er\u0151ss\u00e9gekk\u00e9nt kell kezelni \u0151ket;<\/span><br \/>\n<span style=\"font-family: Symbol; font-size: small;\">&#8211;\u00a0<\/span><span style=\"font-family: Bookman Old Style; font-size: small;\">Els\u0151sorban egym\u00e1s megismer\u00e9s\u00e9re, tiszt\u00e1bb meg\u00e9rt\u00e9s\u00e9re kell t\u00f6rekedni, ami nem \u00e9rhet\u0151 el egyszeri aktussal, csakis egy folyamat eredm\u00e9nye lehet;<\/span><br \/>\n<span style=\"font-family: Symbol; font-size: small;\">&#8211;\u00a0<\/span><span style=\"font-family: Bookman Old Style; font-size: small;\">Az \u201earcvonalban\u201d olyan nagyszab\u00e1s\u00fa k\u00f6z\u00f6s akci\u00f3kkal \u00e9rdemes megjelenn\u00fcnk, mint amilyen pl. az \u00c1llampolg\u00e1ri R\u00e9szv\u00e9tel Hete, de hossz\u00fa t\u00e1v\u00fa folyamatokban is kell gondolkodnunk, hogy val\u00f3ban tanulhassunk egym\u00e1s munk\u00e1j\u00e1b\u00f3l;<\/span><br \/>\n<span style=\"font-family: Symbol; font-size: small;\">&#8211;\u00a0<\/span><span style=\"font-family: Bookman Old Style; font-size: small;\">\u00c1lland\u00f3an szem el\u0151tt kell tartanunk a szakmafejleszt\u00e9s feladat\u00e1t, s ezzel egyidej\u0171leg k\u00f6z\u00f6ss\u00e9gi \u00e9s civil mozgalmak l\u00e9trej\u00f6tt\u00e9t \u00e9s terjeszt\u00e9s\u00e9t is seg\u00edten\u00fcnk kell.<\/span><\/p>\n<p><i><span style=\"font-family: Bookman Old Style; font-size: small;\">\u00c1ltal\u00e1noss\u00e1gban<\/span><\/i><span style=\"font-family: Bookman Old Style; font-size: small;\">\u00a0elmondhat\u00f3, hogy az egy\u00fcttm\u0171k\u00f6d\u00e9st nagy v\u00e1rakoz\u00e1sok el\u0151zt\u00e9k meg, de a megval\u00f3s\u00edthat\u00f3 v\u00e1llal\u00e1sokhoz minden szervezetnek\/h\u00e1l\u00f3zatnak tiszt\u00e1ban kell lennie saj\u00e1t kapacit\u00e1s\u00e1val, \u00e9s csak olyan k\u00f6z\u00f6s munk\u00e1t szabad v\u00e1llalnunk, amit j\u00f3 min\u0151s\u00e9gben meg is tudunk val\u00f3s\u00edtani. A nagy elk\u00e9pzel\u00e9sek, m\u00e9g ha ut\u00f3pisztikusak is, fontosak, \u00e1m meg kell becs\u00fcln\u00fcnk a kicsi, realista l\u00e9p\u00e9seket is.<\/span><\/p>\n<p><i><span style=\"font-family: Bookman Old Style; font-size: small;\">A h\u00e1l\u00f3zatok jelene<\/span><\/i><br \/>\n<span style=\"font-family: Bookman Old Style; font-size: small;\">Mindk\u00e9t h\u00e1l\u00f3zat\/szervezet, a CEE CN \u00e9s a CEBSD is a struktur\u00e1lis v\u00e1ltoz\u00e1sok id\u0151szak\u00e1t \u00e9li, s ez egyar\u00e1nt kihat a strat\u00e9gi\u00e1ra, a tags\u00e1gra, a szakmapolitikai-lobbi-\u00fcgyekre \u00e9s a k\u00f6z\u00f6s tev\u00e9kenys\u00e9gre. \u00dagy t\u0171nik, hogy az Eur\u00f3pai P\u00e1rbesz\u00e9d a legjobb id\u0151ben ker\u00fclt megval\u00f3s\u00edt\u00e1sra, hiszen a k\u00f6zelj\u00f6v\u0151 tev\u00e9kenys\u00e9g\u00e9t inspir\u00e1l\u00f3 \u00e9s integr\u00e1l\u00f3 m\u00f3don alak\u00edthatja.<\/span><\/p>\n<p><i><span style=\"font-family: Bookman Old Style; font-size: small;\">Javaslatok a j\u00f6v\u0151beni egy\u00fcttm\u0171k\u00f6d\u00e9sre, a priorit\u00e1sok sorrendj\u00e9ben<\/span><\/i><br \/>\n<i><span style=\"font-family: Bookman Old Style; font-size: small;\">\u00d6sszeilleszteni az \u00c1llampolg\u00e1ri R\u00e9szv\u00e9tel Het\u00e9t \u00e9s a EWLD-t\u00a0<\/span><\/i><span style=\"font-family: Bookman Old Style; font-size: small;\">(European Week for Local Democracy, a Helyi Demokr\u00e1cia Eur\u00f3pai Hete)<\/span><br \/>\n<span style=\"font-family: Bookman Old Style; font-size: small;\">Els\u0151 l\u00e9p\u00e9sk\u00e9nt fel kellene haszn\u00e1lni a 2008. szeptember v\u00e9gi \u00c1llampolg\u00e1ri R\u00e9szv\u00e9tel Het\u00e9t arra, hogy \u201eAz emberek \u00e9s a politika\u201d nemzetk\u00f6zi projekt (mely a lakoss\u00e1g \u00e9s a hatalom kapcsolat\u00e1r\u00f3l sz\u00f3l) Magyarorsz\u00e1gra l\u00e1togat\u00f3 r\u00e9sztvev\u0151it \u00f6sszehozzuk az \u00c1RH konferenci\u00e1ra a kelet-k\u00f6z\u00e9p-eur\u00f3pai h\u00e1l\u00f3zat idel\u00e1togat\u00f3 tagjaival, s k\u00f6z\u00f6sen vizsg\u00e1ljuk meg annak lehet\u0151s\u00e9g\u00e9t, hogy hogyan lehetne az \u00c1RH eszm\u00e9j\u00e9t \u00e9s gyakorlat\u00e1t \u00e1t\u00fcltetni a nyugati gyakorlatba.<\/span><br \/>\n<span style=\"font-family: Symbol; font-size: small;\">&#8211;\u00a0<\/span><i><span style=\"font-family: Bookman Old Style; font-size: small;\">K\u00f6z\u00f6s vezet\u0151s\u00e9gi \u00fcl\u00e9seket lenne \u00e9rdemes tartani a CEE CN \u00e9s a CEBSD k\u00f6z\u00f6tt,\u00a0<\/span><\/i><span style=\"font-family: Bookman Old Style; font-size: small;\">lehet\u0151leg \u00e9vente.<\/span><br \/>\n<span style=\"font-family: Symbol; font-size: small;\">&#8211;\u00a0<\/span><i><span style=\"font-family: Bookman Old Style; font-size: small;\">Nemzetk\u00f6zi szemin\u00e1rium szervez\u00e9se lenne lehets\u00e9ges az ALDA-val (amely egy szlov\u00e1k helyi demokr\u00e1ci\u00e1t fejleszt\u0151 civil szervezet).\u00a0<\/span><\/i><span style=\"font-family: Bookman Old Style; font-size: small;\">A szemin\u00e1rium t\u00e9m\u00e1ja:<\/span><i><span style=\"font-family: Bookman Old Style; font-size: small;\">\u00a0<\/span><\/i><span style=\"font-family: Bookman Old Style; font-size: small;\">Az \u00faj EU-tag\u00e1llamok \u00f6nkorm\u00e1nyzatainak \u00e9s civil t\u00e1rsadalm\u00e1nak szerepe az EU fejleszt\u00e9si politik\u00e1kban. Javasoljuk, hogy a Budapesti Nyilatkozat (2004) legyen a szemin\u00e1rium figyelm\u00e9nek k\u00f6z\u00e9ppontj\u00e1ban!<\/span><br \/>\n<span style=\"font-family: Symbol; font-size: small;\">&#8211;\u00a0<\/span><i><span style=\"font-family: Bookman Old Style; font-size: small;\">A Budapesti Nyilatkozat felfriss\u00edt\u00e9se, \u00fajragondol\u00e1sa \u00e9s haszn\u00e1lata!<\/span><\/i><br \/>\n<span style=\"font-family: Symbol; font-size: small;\">&#8211;\u00a0<\/span><i><span style=\"font-family: Bookman Old Style; font-size: small;\">Folytatni sz\u00fcks\u00e9ges a \u201ej\u00f3 gyakorlatok\u201d gy\u0171jt\u00e9s\u00e9t, l\u00e1togat\u00e1s\u00e1t, terjeszt\u00e9s\u00e9t.<\/span><\/i><span style=\"font-family: Bookman Old Style; font-size: small;\">\u00a0K\u00e9sz\u00fcljenek le\u00edr\u00e1sok, ismertet\u0151k, elektronikus oldalak! A m\u00e1r eml\u00edtett \u201eAz emberek \u00e9s a politika\u201d projekt esettanulm\u00e1nyokat \u00e9s m\u00f3dszereket gy\u0171jt az \u00e1llampolg\u00e1rok \u00e9s a politikusok k\u00f6z\u00f6tti kommunik\u00e1ci\u00f3 \u00e9s egy\u00fcttm\u0171k\u00f6d\u00e9s ter\u00e9n. Sz\u00e1mos egyes\u00fclet, pl. az ARCD (a Rom\u00e1n K\u00f6z\u00f6ss\u00e9gfejleszt\u0151k Egyes\u00fclete) vagy a norv\u00e9g Id\u00e9banken gy\u0171jti a j\u00f3 gyakorlatot \u00e9s adatb\u00e1zist fejleszt, csak\u00fagy, mint maga a k\u00e9t eur\u00f3pai h\u00e1l\u00f3zat. Hogyan tehet\u0151k ezek mind sz\u00e9lesebb k\u00f6rben ismertt\u00e9?<\/span><br \/>\n<span style=\"font-family: Symbol; font-size: small;\">&#8211;\u00a0<\/span><i><span style=\"font-family: Bookman Old Style; font-size: small;\">Felm\u00e9r\u00e9seket v\u00e9gezni az \u00e1llampolg\u00e1ri r\u00e9szv\u00e9tel gyakoris\u00e1g\u00e1r\u00f3l<\/span><\/i><span style=\"font-family: Bookman Old Style; font-size: small;\">\u00a0\u2013 az \u00c1RH p\u00e9ld\u00e1j\u00e1ra Nyugat-Eur\u00f3p\u00e1ban is.<\/span><br \/>\n<span style=\"font-family: Symbol; font-size: small;\">&#8211;\u00a0<\/span><i><span style=\"font-family: Bookman Old Style; font-size: small;\">K\u00f6z\u00f6s k\u00e9pz\u00e9seket tartani<\/span><\/i><span style=\"font-family: Bookman Old Style; font-size: small;\">, legf\u0151k\u00e9pp a \u201eK\u00f6z\u00f6ss\u00e9gfejleszt\u0151 k\u00e9pz\u00e9s \u00e9s tanul\u00e1s\u201d eur\u00f3pai feln\u0151ttk\u00e9pz\u00e9si projekt keret\u00e9ben.<\/span><br \/>\n<span style=\"font-family: Symbol; font-size: small;\">&#8211;\u00a0<\/span><i><span style=\"font-family: Bookman Old Style; font-size: small;\">Kult\u00far\u00e1t hozzunk l\u00e9tre, ne csak projekteket!\u00a0<\/span><\/i><span style=\"font-family: Bookman Old Style; font-size: small;\">\u00c1gyazzuk be a gyakorlatunkat a strukt\u00far\u00e1kba, vigy\u00fck \u00e1t a politik\u00e1kba!<\/span><br \/>\n<span style=\"font-family: Symbol; font-size: small;\">&#8211;\u00a0<\/span><i><span style=\"font-family: Bookman Old Style; font-size: small;\">Eur\u00f3pa J\u00f6v\u0151je F\u00f3rum.\u00a0<\/span><\/i><span style=\"font-family: Bookman Old Style; font-size: small;\">Teremts\u00fck meg a f\u00f3rum\u00e1t a k\u00f6z\u00f6ss\u00e9gfejleszt\u00e9s \u00e9s a r\u00e9szv\u00e9tel lehet\u0151s\u00e9geir\u0151l sz\u00f3l\u00f3 vit\u00e1nak! A k\u00e9t test\u00fclet (h\u00e1l\u00f3zat) n\u00e9gy\u00e9vente rendezzen konferenci\u00e1t, melyen \u00e1ttekinti az el\u0151z\u0151 id\u0151szak folyamatait \u00e9s a j\u00f6v\u0151 trendjeit, lehet\u0151s\u00e9geit nyugaton \u00e9s keleten.<\/span><br \/>\n<span style=\"font-family: Symbol; font-size: small;\">&#8211;\u00a0<\/span><i><span style=\"font-family: Bookman Old Style; font-size: small;\">Az \u201e\u00e9lett\u00f6rt\u00e9net\u201d m\u00f3dszer\u00e9nek alkalmaz\u00e1sa<\/span><\/i><span style=\"font-family: Bookman Old Style; font-size: small;\">\u00a0seg\u00edtene fokozni a megismer\u00e9st \u00e9s a meg\u00e9rt\u00e9st. Tanuljuk meg a m\u00f3dszert a k\u00f6vetkez\u0151 CEE CN \u2013 CEBSD \u00fcl\u00e9sen!<\/span><\/p>\n<p><span style=\"font-family: Bookman Old Style; font-size: small;\">Kunb\u00e1bony, 2008. j\u00fanius 6\u20137.<\/span><\/p>\n<div style=\"text-align: justify;\" align=\"center\"><b><span style=\"font-family: Bookman Old Style; font-size: small;\">T\u00e1mogat\u00f3k<\/span><\/b><\/div>\n<table border=\"1\">\n<tbody>\n<tr valign=\"top\">\n<td width=\"364\"><img loading=\"lazy\" decoding=\"async\" class=\"alignnone size-medium wp-image-3332\" src=\"https:\/\/kofe.hu\/parola\/wp-content\/uploads\/2020\/07\/2008-2-eu-logo3-300x121.gif\" alt=\"\" width=\"300\" height=\"121\" srcset=\"https:\/\/kofe.hu\/parola\/wp-content\/uploads\/2020\/07\/2008-2-eu-logo3-300x121.gif 300w, https:\/\/kofe.hu\/parola\/wp-content\/uploads\/2020\/07\/2008-2-eu-logo3-10x4.gif 10w\" sizes=\"auto, (max-width: 300px) 100vw, 300px\" \/><\/td>\n<td width=\"347\">\n<div align=\"center\"><img loading=\"lazy\" decoding=\"async\" class=\"alignnone size-full wp-image-3331\" src=\"https:\/\/kofe.hu\/parola\/wp-content\/uploads\/2020\/07\/2008-2-eu-logo4.gif\" alt=\"\" width=\"245\" height=\"105\" \/><\/div>\n<\/td>\n<\/tr>\n<tr valign=\"top\">\n<td width=\"364\"><span style=\"color: #0000ff; font-family: Bookman Old Style; font-size: small;\">Co-financed by the European Union within the programme &#8222;Europe for Citizens&#8221; 2007\u20132013.<\/span><\/td>\n<td width=\"347\"><span style=\"font-family: Bookman Old Style; font-size: small;\">National Civil Fund<\/span><\/td>\n<\/tr>\n<\/tbody>\n<\/table>\n","protected":false},"excerpt":{"rendered":"<p>\u00a0 F\u0151v\u00e9dn\u00f6k: G\u00f6ncz Kinga k\u00fcl\u00fcgyminiszter Egy\u00fcttm\u0171k\u00f6d\u0151 szervezetek: K\u00f6z\u00e9p-kelet Eur\u00f3pai \u00c1llampolg\u00e1ri H\u00e1l\u00f3zat (Central and Eastern European Citizens Network), Egyes\u00edtett Eur\u00f3pai Szervezet a T\u00e1rsadalmi Fejl\u0151d\u00e9s\u00e9rt (CEBSD Combined European Bureau for Social Development), Civil Koll\u00e9gium Alap\u00edtv\u00e1ny, Civil R\u00e1di\u00f3, K\u00f6z\u00f6ss\u00e9gfejleszt\u0151k Egyes\u00fclete, Magyar M\u0171vel\u0151d\u00e9si Int\u00e9zet \u00e9s K\u00e9pz\u0151m\u0171v\u00e9szeti Lektor\u00e1tus Helysz\u00ednek Eur\u00f3pa Haj\u00f3 a Dun\u00e1n Civil Koll\u00e9gium K\u00f6z\u00f6ss\u00e9gi H\u00e1z, Kunszentmikl\u00f3s-Kunb\u00e1bony<\/p>\n","protected":false},"author":16,"featured_media":3430,"comment_status":"open","ping_status":"open","sticky":false,"template":"","format":"standard","meta":{"_acf_changed":false,"footnotes":""},"categories":[579,8,7],"tags":[],"coauthors":[21],"class_list":["post-3328","post","type-post","status-publish","format-standard","has-post-thumbnail","hentry","category-parola-2008-2","category-parola-folyoirat","category-repertorium"],"acf":[],"yoast_head":"<!-- This site is optimized with the Yoast SEO plugin v26.7 - https:\/\/yoast.com\/wordpress\/plugins\/seo\/ -->\n<title>Eur\u00f3pai P\u00e1rbesz\u00e9d K\u00f6z\u00f6ss\u00e9gfejleszt\u00e9si h\u00e1l\u00f3zat\u00e9p\u00edt\u00e9s az eur\u00f3pai integr\u00e1ci\u00f3s tev\u00e9kenys\u00e9g seg\u00edt\u00e9s\u00e9re 2008. m\u00e1jus 9\u201310. - Parola Foly\u00f3irat<\/title>\n<meta name=\"robots\" content=\"index, follow, max-snippet:-1, max-image-preview:large, max-video-preview:-1\" \/>\n<link rel=\"canonical\" href=\"https:\/\/kofe.hu\/parola\/parola-folyoirat\/europai-parbeszed-kozossegfejlesztesi-halozatepites-az-europai-integracios-tevekenyseg-segitesere-2008-majus-9-10\/\" \/>\n<meta property=\"og:locale\" content=\"hu_HU\" \/>\n<meta property=\"og:type\" content=\"article\" \/>\n<meta property=\"og:title\" content=\"Eur\u00f3pai P\u00e1rbesz\u00e9d K\u00f6z\u00f6ss\u00e9gfejleszt\u00e9si h\u00e1l\u00f3zat\u00e9p\u00edt\u00e9s az eur\u00f3pai integr\u00e1ci\u00f3s tev\u00e9kenys\u00e9g seg\u00edt\u00e9s\u00e9re 2008. m\u00e1jus 9\u201310. - Parola Foly\u00f3irat\" \/>\n<meta property=\"og:description\" content=\"\u00a0 F\u0151v\u00e9dn\u00f6k: G\u00f6ncz Kinga k\u00fcl\u00fcgyminiszter Egy\u00fcttm\u0171k\u00f6d\u0151 szervezetek: K\u00f6z\u00e9p-kelet Eur\u00f3pai \u00c1llampolg\u00e1ri H\u00e1l\u00f3zat (Central and Eastern European Citizens Network), Egyes\u00edtett Eur\u00f3pai Szervezet a T\u00e1rsadalmi Fejl\u0151d\u00e9s\u00e9rt (CEBSD Combined European Bureau for Social Development), Civil Koll\u00e9gium Alap\u00edtv\u00e1ny, Civil R\u00e1di\u00f3, K\u00f6z\u00f6ss\u00e9gfejleszt\u0151k Egyes\u00fclete, Magyar M\u0171vel\u0151d\u00e9si Int\u00e9zet \u00e9s K\u00e9pz\u0151m\u0171v\u00e9szeti Lektor\u00e1tus Helysz\u00ednek Eur\u00f3pa Haj\u00f3 a Dun\u00e1n Civil Koll\u00e9gium K\u00f6z\u00f6ss\u00e9gi H\u00e1z, Kunszentmikl\u00f3s-Kunb\u00e1bony\" \/>\n<meta property=\"og:url\" content=\"https:\/\/kofe.hu\/parola\/parola-folyoirat\/europai-parbeszed-kozossegfejlesztesi-halozatepites-az-europai-integracios-tevekenyseg-segitesere-2008-majus-9-10\/\" \/>\n<meta property=\"og:site_name\" content=\"Parola Foly\u00f3irat\" \/>\n<meta property=\"article:published_time\" content=\"2020-07-11T13:13:15+00:00\" \/>\n<meta property=\"article:modified_time\" content=\"2020-07-30T12:11:40+00:00\" \/>\n<meta property=\"og:image\" content=\"https:\/\/kofe.hu\/parola\/wp-content\/uploads\/2020\/07\/08.2.jpeg\" \/>\n\t<meta property=\"og:image:width\" content=\"1295\" \/>\n\t<meta property=\"og:image:height\" content=\"1962\" \/>\n\t<meta property=\"og:image:type\" content=\"image\/jpeg\" \/>\n<meta name=\"author\" content=\"Vercseg Ilona\" \/>\n<meta name=\"twitter:card\" content=\"summary_large_image\" \/>\n<meta name=\"twitter:label1\" content=\"Szerz\u0151:\" \/>\n\t<meta name=\"twitter:data1\" content=\"Vercseg Ilona\" \/>\n\t<meta name=\"twitter:label2\" content=\"Becs\u00fclt olvas\u00e1si id\u0151\" \/>\n\t<meta name=\"twitter:data2\" content=\"15 perc\" \/>\n\t<meta name=\"twitter:label3\" content=\"Written by\" \/>\n\t<meta name=\"twitter:data3\" content=\"Vercseg Ilona\" \/>\n<script type=\"application\/ld+json\" class=\"yoast-schema-graph\">{\"@context\":\"https:\/\/schema.org\",\"@graph\":[{\"@type\":\"Article\",\"@id\":\"https:\/\/kofe.hu\/parola\/parola-folyoirat\/europai-parbeszed-kozossegfejlesztesi-halozatepites-az-europai-integracios-tevekenyseg-segitesere-2008-majus-9-10\/#article\",\"isPartOf\":{\"@id\":\"https:\/\/kofe.hu\/parola\/parola-folyoirat\/europai-parbeszed-kozossegfejlesztesi-halozatepites-az-europai-integracios-tevekenyseg-segitesere-2008-majus-9-10\/\"},\"author\":{\"name\":\"Vercseg Ilona\",\"@id\":\"https:\/\/kofe.hu\/parola\/#\/schema\/person\/a53b1ec59d5e50541cf361a8ca24bc81\"},\"headline\":\"Eur\u00f3pai P\u00e1rbesz\u00e9d K\u00f6z\u00f6ss\u00e9gfejleszt\u00e9si h\u00e1l\u00f3zat\u00e9p\u00edt\u00e9s az eur\u00f3pai integr\u00e1ci\u00f3s tev\u00e9kenys\u00e9g seg\u00edt\u00e9s\u00e9re 2008. m\u00e1jus 9\u201310.\",\"datePublished\":\"2020-07-11T13:13:15+00:00\",\"dateModified\":\"2020-07-30T12:11:40+00:00\",\"mainEntityOfPage\":{\"@id\":\"https:\/\/kofe.hu\/parola\/parola-folyoirat\/europai-parbeszed-kozossegfejlesztesi-halozatepites-az-europai-integracios-tevekenyseg-segitesere-2008-majus-9-10\/\"},\"wordCount\":2975,\"commentCount\":0,\"image\":{\"@id\":\"https:\/\/kofe.hu\/parola\/parola-folyoirat\/europai-parbeszed-kozossegfejlesztesi-halozatepites-az-europai-integracios-tevekenyseg-segitesere-2008-majus-9-10\/#primaryimage\"},\"thumbnailUrl\":\"https:\/\/kofe.hu\/parola\/wp-content\/uploads\/2020\/07\/08.2.jpeg\",\"articleSection\":[\"Parola 2008\/2\",\"Parola Foly\u00f3irat\",\"Repert\u00f3rium\"],\"inLanguage\":\"hu\",\"potentialAction\":[{\"@type\":\"CommentAction\",\"name\":\"Comment\",\"target\":[\"https:\/\/kofe.hu\/parola\/parola-folyoirat\/europai-parbeszed-kozossegfejlesztesi-halozatepites-az-europai-integracios-tevekenyseg-segitesere-2008-majus-9-10\/#respond\"]}]},{\"@type\":\"WebPage\",\"@id\":\"https:\/\/kofe.hu\/parola\/parola-folyoirat\/europai-parbeszed-kozossegfejlesztesi-halozatepites-az-europai-integracios-tevekenyseg-segitesere-2008-majus-9-10\/\",\"url\":\"https:\/\/kofe.hu\/parola\/parola-folyoirat\/europai-parbeszed-kozossegfejlesztesi-halozatepites-az-europai-integracios-tevekenyseg-segitesere-2008-majus-9-10\/\",\"name\":\"Eur\u00f3pai P\u00e1rbesz\u00e9d K\u00f6z\u00f6ss\u00e9gfejleszt\u00e9si h\u00e1l\u00f3zat\u00e9p\u00edt\u00e9s az eur\u00f3pai integr\u00e1ci\u00f3s tev\u00e9kenys\u00e9g seg\u00edt\u00e9s\u00e9re 2008. m\u00e1jus 9\u201310. - Parola Foly\u00f3irat\",\"isPartOf\":{\"@id\":\"https:\/\/kofe.hu\/parola\/#website\"},\"primaryImageOfPage\":{\"@id\":\"https:\/\/kofe.hu\/parola\/parola-folyoirat\/europai-parbeszed-kozossegfejlesztesi-halozatepites-az-europai-integracios-tevekenyseg-segitesere-2008-majus-9-10\/#primaryimage\"},\"image\":{\"@id\":\"https:\/\/kofe.hu\/parola\/parola-folyoirat\/europai-parbeszed-kozossegfejlesztesi-halozatepites-az-europai-integracios-tevekenyseg-segitesere-2008-majus-9-10\/#primaryimage\"},\"thumbnailUrl\":\"https:\/\/kofe.hu\/parola\/wp-content\/uploads\/2020\/07\/08.2.jpeg\",\"datePublished\":\"2020-07-11T13:13:15+00:00\",\"dateModified\":\"2020-07-30T12:11:40+00:00\",\"author\":{\"@id\":\"https:\/\/kofe.hu\/parola\/#\/schema\/person\/a53b1ec59d5e50541cf361a8ca24bc81\"},\"breadcrumb\":{\"@id\":\"https:\/\/kofe.hu\/parola\/parola-folyoirat\/europai-parbeszed-kozossegfejlesztesi-halozatepites-az-europai-integracios-tevekenyseg-segitesere-2008-majus-9-10\/#breadcrumb\"},\"inLanguage\":\"hu\",\"potentialAction\":[{\"@type\":\"ReadAction\",\"target\":[\"https:\/\/kofe.hu\/parola\/parola-folyoirat\/europai-parbeszed-kozossegfejlesztesi-halozatepites-az-europai-integracios-tevekenyseg-segitesere-2008-majus-9-10\/\"]}]},{\"@type\":\"ImageObject\",\"inLanguage\":\"hu\",\"@id\":\"https:\/\/kofe.hu\/parola\/parola-folyoirat\/europai-parbeszed-kozossegfejlesztesi-halozatepites-az-europai-integracios-tevekenyseg-segitesere-2008-majus-9-10\/#primaryimage\",\"url\":\"https:\/\/kofe.hu\/parola\/wp-content\/uploads\/2020\/07\/08.2.jpeg\",\"contentUrl\":\"https:\/\/kofe.hu\/parola\/wp-content\/uploads\/2020\/07\/08.2.jpeg\",\"width\":1295,\"height\":1962},{\"@type\":\"BreadcrumbList\",\"@id\":\"https:\/\/kofe.hu\/parola\/parola-folyoirat\/europai-parbeszed-kozossegfejlesztesi-halozatepites-az-europai-integracios-tevekenyseg-segitesere-2008-majus-9-10\/#breadcrumb\",\"itemListElement\":[{\"@type\":\"ListItem\",\"position\":1,\"name\":\"Home\",\"item\":\"https:\/\/kofe.hu\/parola\/\"},{\"@type\":\"ListItem\",\"position\":2,\"name\":\"Eur\u00f3pai P\u00e1rbesz\u00e9d K\u00f6z\u00f6ss\u00e9gfejleszt\u00e9si h\u00e1l\u00f3zat\u00e9p\u00edt\u00e9s az eur\u00f3pai integr\u00e1ci\u00f3s tev\u00e9kenys\u00e9g seg\u00edt\u00e9s\u00e9re 2008. m\u00e1jus 9\u201310.\"}]},{\"@type\":\"WebSite\",\"@id\":\"https:\/\/kofe.hu\/parola\/#website\",\"url\":\"https:\/\/kofe.hu\/parola\/\",\"name\":\"Parola Foly\u00f3irat\",\"description\":\"\",\"potentialAction\":[{\"@type\":\"SearchAction\",\"target\":{\"@type\":\"EntryPoint\",\"urlTemplate\":\"https:\/\/kofe.hu\/parola\/?s={search_term_string}\"},\"query-input\":{\"@type\":\"PropertyValueSpecification\",\"valueRequired\":true,\"valueName\":\"search_term_string\"}}],\"inLanguage\":\"hu\"},{\"@type\":\"Person\",\"@id\":\"https:\/\/kofe.hu\/parola\/#\/schema\/person\/a53b1ec59d5e50541cf361a8ca24bc81\",\"name\":\"Vercseg Ilona\",\"image\":{\"@type\":\"ImageObject\",\"inLanguage\":\"hu\",\"@id\":\"https:\/\/kofe.hu\/parola\/#\/schema\/person\/image\/fae1a4bd5dc421c3e09d0b889ef311f4\",\"url\":\"https:\/\/secure.gravatar.com\/avatar\/721c3be425f40f7ccc756f5b124920edaef51708f25b0975485fb5b2fa1e3c72?s=96&d=mm&r=g\",\"contentUrl\":\"https:\/\/secure.gravatar.com\/avatar\/721c3be425f40f7ccc756f5b124920edaef51708f25b0975485fb5b2fa1e3c72?s=96&d=mm&r=g\",\"caption\":\"Vercseg Ilona\"},\"url\":\"https:\/\/kofe.hu\/parola\/szerzok\/vercseg-ilona\/\"}]}<\/script>\n<!-- \/ Yoast SEO plugin. -->","yoast_head_json":{"title":"Eur\u00f3pai P\u00e1rbesz\u00e9d K\u00f6z\u00f6ss\u00e9gfejleszt\u00e9si h\u00e1l\u00f3zat\u00e9p\u00edt\u00e9s az eur\u00f3pai integr\u00e1ci\u00f3s tev\u00e9kenys\u00e9g seg\u00edt\u00e9s\u00e9re 2008. m\u00e1jus 9\u201310. - Parola Foly\u00f3irat","robots":{"index":"index","follow":"follow","max-snippet":"max-snippet:-1","max-image-preview":"max-image-preview:large","max-video-preview":"max-video-preview:-1"},"canonical":"https:\/\/kofe.hu\/parola\/parola-folyoirat\/europai-parbeszed-kozossegfejlesztesi-halozatepites-az-europai-integracios-tevekenyseg-segitesere-2008-majus-9-10\/","og_locale":"hu_HU","og_type":"article","og_title":"Eur\u00f3pai P\u00e1rbesz\u00e9d K\u00f6z\u00f6ss\u00e9gfejleszt\u00e9si h\u00e1l\u00f3zat\u00e9p\u00edt\u00e9s az eur\u00f3pai integr\u00e1ci\u00f3s tev\u00e9kenys\u00e9g seg\u00edt\u00e9s\u00e9re 2008. m\u00e1jus 9\u201310. - Parola Foly\u00f3irat","og_description":"\u00a0 F\u0151v\u00e9dn\u00f6k: G\u00f6ncz Kinga k\u00fcl\u00fcgyminiszter Egy\u00fcttm\u0171k\u00f6d\u0151 szervezetek: K\u00f6z\u00e9p-kelet Eur\u00f3pai \u00c1llampolg\u00e1ri H\u00e1l\u00f3zat (Central and Eastern European Citizens Network), Egyes\u00edtett Eur\u00f3pai Szervezet a T\u00e1rsadalmi Fejl\u0151d\u00e9s\u00e9rt (CEBSD Combined European Bureau for Social Development), Civil Koll\u00e9gium Alap\u00edtv\u00e1ny, Civil R\u00e1di\u00f3, K\u00f6z\u00f6ss\u00e9gfejleszt\u0151k Egyes\u00fclete, Magyar M\u0171vel\u0151d\u00e9si Int\u00e9zet \u00e9s K\u00e9pz\u0151m\u0171v\u00e9szeti Lektor\u00e1tus Helysz\u00ednek Eur\u00f3pa Haj\u00f3 a Dun\u00e1n Civil Koll\u00e9gium K\u00f6z\u00f6ss\u00e9gi H\u00e1z, Kunszentmikl\u00f3s-Kunb\u00e1bony","og_url":"https:\/\/kofe.hu\/parola\/parola-folyoirat\/europai-parbeszed-kozossegfejlesztesi-halozatepites-az-europai-integracios-tevekenyseg-segitesere-2008-majus-9-10\/","og_site_name":"Parola Foly\u00f3irat","article_published_time":"2020-07-11T13:13:15+00:00","article_modified_time":"2020-07-30T12:11:40+00:00","og_image":[{"width":1295,"height":1962,"url":"https:\/\/kofe.hu\/parola\/wp-content\/uploads\/2020\/07\/08.2.jpeg","type":"image\/jpeg"}],"author":"Vercseg Ilona","twitter_card":"summary_large_image","twitter_misc":{"Szerz\u0151:":"Vercseg Ilona","Becs\u00fclt olvas\u00e1si id\u0151":"15 perc","Written by":"Vercseg Ilona"},"schema":{"@context":"https:\/\/schema.org","@graph":[{"@type":"Article","@id":"https:\/\/kofe.hu\/parola\/parola-folyoirat\/europai-parbeszed-kozossegfejlesztesi-halozatepites-az-europai-integracios-tevekenyseg-segitesere-2008-majus-9-10\/#article","isPartOf":{"@id":"https:\/\/kofe.hu\/parola\/parola-folyoirat\/europai-parbeszed-kozossegfejlesztesi-halozatepites-az-europai-integracios-tevekenyseg-segitesere-2008-majus-9-10\/"},"author":{"name":"Vercseg Ilona","@id":"https:\/\/kofe.hu\/parola\/#\/schema\/person\/a53b1ec59d5e50541cf361a8ca24bc81"},"headline":"Eur\u00f3pai P\u00e1rbesz\u00e9d K\u00f6z\u00f6ss\u00e9gfejleszt\u00e9si h\u00e1l\u00f3zat\u00e9p\u00edt\u00e9s az eur\u00f3pai integr\u00e1ci\u00f3s tev\u00e9kenys\u00e9g seg\u00edt\u00e9s\u00e9re 2008. m\u00e1jus 9\u201310.","datePublished":"2020-07-11T13:13:15+00:00","dateModified":"2020-07-30T12:11:40+00:00","mainEntityOfPage":{"@id":"https:\/\/kofe.hu\/parola\/parola-folyoirat\/europai-parbeszed-kozossegfejlesztesi-halozatepites-az-europai-integracios-tevekenyseg-segitesere-2008-majus-9-10\/"},"wordCount":2975,"commentCount":0,"image":{"@id":"https:\/\/kofe.hu\/parola\/parola-folyoirat\/europai-parbeszed-kozossegfejlesztesi-halozatepites-az-europai-integracios-tevekenyseg-segitesere-2008-majus-9-10\/#primaryimage"},"thumbnailUrl":"https:\/\/kofe.hu\/parola\/wp-content\/uploads\/2020\/07\/08.2.jpeg","articleSection":["Parola 2008\/2","Parola Foly\u00f3irat","Repert\u00f3rium"],"inLanguage":"hu","potentialAction":[{"@type":"CommentAction","name":"Comment","target":["https:\/\/kofe.hu\/parola\/parola-folyoirat\/europai-parbeszed-kozossegfejlesztesi-halozatepites-az-europai-integracios-tevekenyseg-segitesere-2008-majus-9-10\/#respond"]}]},{"@type":"WebPage","@id":"https:\/\/kofe.hu\/parola\/parola-folyoirat\/europai-parbeszed-kozossegfejlesztesi-halozatepites-az-europai-integracios-tevekenyseg-segitesere-2008-majus-9-10\/","url":"https:\/\/kofe.hu\/parola\/parola-folyoirat\/europai-parbeszed-kozossegfejlesztesi-halozatepites-az-europai-integracios-tevekenyseg-segitesere-2008-majus-9-10\/","name":"Eur\u00f3pai P\u00e1rbesz\u00e9d K\u00f6z\u00f6ss\u00e9gfejleszt\u00e9si h\u00e1l\u00f3zat\u00e9p\u00edt\u00e9s az eur\u00f3pai integr\u00e1ci\u00f3s tev\u00e9kenys\u00e9g seg\u00edt\u00e9s\u00e9re 2008. m\u00e1jus 9\u201310. - Parola Foly\u00f3irat","isPartOf":{"@id":"https:\/\/kofe.hu\/parola\/#website"},"primaryImageOfPage":{"@id":"https:\/\/kofe.hu\/parola\/parola-folyoirat\/europai-parbeszed-kozossegfejlesztesi-halozatepites-az-europai-integracios-tevekenyseg-segitesere-2008-majus-9-10\/#primaryimage"},"image":{"@id":"https:\/\/kofe.hu\/parola\/parola-folyoirat\/europai-parbeszed-kozossegfejlesztesi-halozatepites-az-europai-integracios-tevekenyseg-segitesere-2008-majus-9-10\/#primaryimage"},"thumbnailUrl":"https:\/\/kofe.hu\/parola\/wp-content\/uploads\/2020\/07\/08.2.jpeg","datePublished":"2020-07-11T13:13:15+00:00","dateModified":"2020-07-30T12:11:40+00:00","author":{"@id":"https:\/\/kofe.hu\/parola\/#\/schema\/person\/a53b1ec59d5e50541cf361a8ca24bc81"},"breadcrumb":{"@id":"https:\/\/kofe.hu\/parola\/parola-folyoirat\/europai-parbeszed-kozossegfejlesztesi-halozatepites-az-europai-integracios-tevekenyseg-segitesere-2008-majus-9-10\/#breadcrumb"},"inLanguage":"hu","potentialAction":[{"@type":"ReadAction","target":["https:\/\/kofe.hu\/parola\/parola-folyoirat\/europai-parbeszed-kozossegfejlesztesi-halozatepites-az-europai-integracios-tevekenyseg-segitesere-2008-majus-9-10\/"]}]},{"@type":"ImageObject","inLanguage":"hu","@id":"https:\/\/kofe.hu\/parola\/parola-folyoirat\/europai-parbeszed-kozossegfejlesztesi-halozatepites-az-europai-integracios-tevekenyseg-segitesere-2008-majus-9-10\/#primaryimage","url":"https:\/\/kofe.hu\/parola\/wp-content\/uploads\/2020\/07\/08.2.jpeg","contentUrl":"https:\/\/kofe.hu\/parola\/wp-content\/uploads\/2020\/07\/08.2.jpeg","width":1295,"height":1962},{"@type":"BreadcrumbList","@id":"https:\/\/kofe.hu\/parola\/parola-folyoirat\/europai-parbeszed-kozossegfejlesztesi-halozatepites-az-europai-integracios-tevekenyseg-segitesere-2008-majus-9-10\/#breadcrumb","itemListElement":[{"@type":"ListItem","position":1,"name":"Home","item":"https:\/\/kofe.hu\/parola\/"},{"@type":"ListItem","position":2,"name":"Eur\u00f3pai P\u00e1rbesz\u00e9d K\u00f6z\u00f6ss\u00e9gfejleszt\u00e9si h\u00e1l\u00f3zat\u00e9p\u00edt\u00e9s az eur\u00f3pai integr\u00e1ci\u00f3s tev\u00e9kenys\u00e9g seg\u00edt\u00e9s\u00e9re 2008. m\u00e1jus 9\u201310."}]},{"@type":"WebSite","@id":"https:\/\/kofe.hu\/parola\/#website","url":"https:\/\/kofe.hu\/parola\/","name":"Parola Foly\u00f3irat","description":"","potentialAction":[{"@type":"SearchAction","target":{"@type":"EntryPoint","urlTemplate":"https:\/\/kofe.hu\/parola\/?s={search_term_string}"},"query-input":{"@type":"PropertyValueSpecification","valueRequired":true,"valueName":"search_term_string"}}],"inLanguage":"hu"},{"@type":"Person","@id":"https:\/\/kofe.hu\/parola\/#\/schema\/person\/a53b1ec59d5e50541cf361a8ca24bc81","name":"Vercseg Ilona","image":{"@type":"ImageObject","inLanguage":"hu","@id":"https:\/\/kofe.hu\/parola\/#\/schema\/person\/image\/fae1a4bd5dc421c3e09d0b889ef311f4","url":"https:\/\/secure.gravatar.com\/avatar\/721c3be425f40f7ccc756f5b124920edaef51708f25b0975485fb5b2fa1e3c72?s=96&d=mm&r=g","contentUrl":"https:\/\/secure.gravatar.com\/avatar\/721c3be425f40f7ccc756f5b124920edaef51708f25b0975485fb5b2fa1e3c72?s=96&d=mm&r=g","caption":"Vercseg Ilona"},"url":"https:\/\/kofe.hu\/parola\/szerzok\/vercseg-ilona\/"}]}},"_links":{"self":[{"href":"https:\/\/kofe.hu\/parola\/wp-json\/wp\/v2\/posts\/3328","targetHints":{"allow":["GET"]}}],"collection":[{"href":"https:\/\/kofe.hu\/parola\/wp-json\/wp\/v2\/posts"}],"about":[{"href":"https:\/\/kofe.hu\/parola\/wp-json\/wp\/v2\/types\/post"}],"author":[{"embeddable":true,"href":"https:\/\/kofe.hu\/parola\/wp-json\/wp\/v2\/users\/16"}],"replies":[{"embeddable":true,"href":"https:\/\/kofe.hu\/parola\/wp-json\/wp\/v2\/comments?post=3328"}],"version-history":[{"count":3,"href":"https:\/\/kofe.hu\/parola\/wp-json\/wp\/v2\/posts\/3328\/revisions"}],"predecessor-version":[{"id":4270,"href":"https:\/\/kofe.hu\/parola\/wp-json\/wp\/v2\/posts\/3328\/revisions\/4270"}],"wp:featuredmedia":[{"embeddable":true,"href":"https:\/\/kofe.hu\/parola\/wp-json\/wp\/v2\/media\/3430"}],"wp:attachment":[{"href":"https:\/\/kofe.hu\/parola\/wp-json\/wp\/v2\/media?parent=3328"}],"wp:term":[{"taxonomy":"category","embeddable":true,"href":"https:\/\/kofe.hu\/parola\/wp-json\/wp\/v2\/categories?post=3328"},{"taxonomy":"post_tag","embeddable":true,"href":"https:\/\/kofe.hu\/parola\/wp-json\/wp\/v2\/tags?post=3328"},{"taxonomy":"author","embeddable":true,"href":"https:\/\/kofe.hu\/parola\/wp-json\/wp\/v2\/coauthors?post=3328"}],"curies":[{"name":"wp","href":"https:\/\/api.w.org\/{rel}","templated":true}]}}