{"id":3324,"date":"2020-07-11T13:07:57","date_gmt":"2020-07-11T13:07:57","guid":{"rendered":"https:\/\/kofe.hu\/parola\/?p=3324"},"modified":"2020-07-30T12:11:00","modified_gmt":"2020-07-30T12:11:00","slug":"nehany-gondolat-a-civil-szervezetekrol-a-kozossegfejlesztesrol-es-a-hatalomrol","status":"publish","type":"post","link":"https:\/\/kofe.hu\/parola\/parola-folyoirat\/nehany-gondolat-a-civil-szervezetekrol-a-kozossegfejlesztesrol-es-a-hatalomrol\/","title":{"rendered":"N\u00e9h\u00e1ny gondolat a civil szervezetekr\u0151l, a k\u00f6z\u00f6ss\u00e9gfejleszt\u00e9sr\u0151l \u00e9s a hatalomr\u00f3l"},"content":{"rendered":"<p style=\"text-align: justify;\"><span style=\"font-family: Bookman Old Style; font-size: small;\">A modern, globaliz\u00e1l\u00f3d\u00f3 vil\u00e1gban az egy\u00e9nek helyzete, k\u00f6z\u00f6ss\u00e9gi szerep\u00fck \u00e9s identit\u00e1suk egyre ink\u00e1bb kapcsol\u00f3dik ahhoz \u00e9s \u00e9rt\u00e9kel\u0151dik az\u00e1ltal, hogy hova tartoznak. Vannak-e k\u00f6z\u00f6ss\u00e9gek, lok\u00e1lis szint\u0171 mikroh\u00e1l\u00f3zatok, amelyek sz\u00e1molnak vel\u00fck? Van-e \u201ehozz\u00e1f\u00e9r\u00e9s\u00fck\u201d az inform\u00e1ci\u00f3khoz, a kapcsolatkeres\u00e9shez \u00e9s kapcsolatok \u00e9p\u00edt\u00e9s\u00e9hez? Hova \u00e9s milyen k\u00e9rd\u00e9sekben sz\u00e1m\u00edthatnak k\u00f6z\u00f6ss\u00e9gi t\u00e1mogat\u00e1sra?<\/span><\/p>\n<p style=\"text-align: justify;\"><!--more--><br \/>\n<span style=\"font-family: Bookman Old Style; font-size: small;\">Nem v\u00e9letlen, hogy a k\u00f6z\u00f6ss\u00e9gfejleszt\u00e9s hazai gyakorlat\u00e1ban a helyi t\u00e1rsadalmak demokratikus \u00f6nszervez\u0151d\u00e9s\u00e9re, egy\u00fcttm\u0171k\u00f6d\u00e9s\u00e9re helyez\u0151dik a hangs\u00faly. A k\u00f6z\u00f6ss\u00e9gi munka hangs\u00falyos elem\u00e9v\u00e9 v\u00e1lt az ehhez kapcsol\u00f3d\u00f3 k\u00f6z\u00f6ss\u00e9gi form\u00e1k, tev\u00e9kenys\u00e9gek gener\u00e1l\u00e1sa \u00e9s mozg\u00e1sban tart\u00e1sa. Azon t\u00falmen\u0151en, hogy a modern t\u00e1rsadalmakr\u00f3l \u00e1ltal\u00e1nosan elmondhat\u00f3 az individualiz\u00e1lts\u00e1g \u00e9s a k\u00f6z\u00f6ss\u00e9gek hi\u00e1nya, a poszt-szocialista orsz\u00e1gokban m\u00e9g azok a strukt\u00far\u00e1k sem ismertek a t\u00e1rsadalom nagy nyilv\u00e1noss\u00e1ga el\u0151tt, amelyek lehet\u0151s\u00e9get biztos\u00edtanak a r\u00e9szv\u00e9teli demokr\u00e1cia akt\u00edv meg\u00e9l\u00e9s\u00e9re, m\u00f3dot adnak az \u00e9rdekek artikul\u00e1l\u00e1s\u00e1ra, a d\u00f6nt\u00e9sek befoly\u00e1sol\u00e1s\u00e1ra.<\/span><br \/>\n<span style=\"font-family: Bookman Old Style; font-size: small;\">Fridrich E. Hayek \u201e\u00dat a szolgas\u00e1ghoz\u201d<\/span><span style=\"font-family: ZWAdobeF; font-size: xx-small;\">F<\/span><span style=\"font-family: Bookman Old Style; font-size: small;\">Hayek, Fridrich E.:\u00a0<\/span><i><span style=\"font-family: Bookman Old Style; font-size: small;\">\u00dat a szolgas\u00e1ghoz.<\/span><\/i><span style=\"font-family: Bookman Old Style; font-size: small;\">\u00a0Budapest, 1991. K\u00f6zgazdas\u00e1gi \u00e9s Jogi K\u00f6nyvkiad\u00f3. 94. p.<\/span><span style=\"font-family: ZWAdobeF; font-size: xx-small;\">F<\/span><span style=\"font-family: Bookman Old Style; font-size: small;\">\u00a0c\u00edm\u0171 k\u00f6nyv\u00e9ben arr\u00f3l \u00edr, hogy a hatalom a maga terveit sokszor a \u201ek\u00f6zj\u00f3l\u00e9t\u201d mindent elhom\u00e1lyos\u00edt\u00f3 c\u00e9g\u00e9re al\u00e1 rendezi a k\u00f6zel sem k\u00f6z\u00f6ss\u00e9gi \u00e9rdekeket szem el\u0151tt tart\u00f3 c\u00e9ljai v\u00e9gigvitel\u00e9re. Szerinte a hatalom \u00e9s a t\u00e1rsadalom k\u00f6z\u00f6tt csak a m\u00f3dszerekben lehet egyet\u00e9rt\u00e9s, a c\u00e9lok kialak\u00edt\u00e1sa nem indulhat fel\u00fclr\u0151l: \u201e\u2026 amikor teh\u00e1t az emberek egyet\u00e9rtenek a k\u00f6zponti tervez\u00e9s sz\u00fcks\u00e9gess\u00e9g\u00e9ben an\u00e9lk\u00fcl, hogy a c\u00e9lokban is egyet\u00e9rt\u00e9sre jutn\u00e1nak, olyan, mintha elk\u00f6telezn\u00e9k magukat egy k\u00f6z\u00f6s utaz\u00e1s mellett an\u00e9lk\u00fcl, hogy az \u00fati c\u00e9lban megegyeztek volna, s ez oda vezet, hogy mindannyian olyan utaz\u00e1sra k\u00e9nyszer\u00fclnek, amit legt\u00f6bbj\u00fck a legkev\u00e9sb\u00e9 sem akart.\u201d<\/span><br \/>\n<span style=\"font-family: Bookman Old Style; font-size: small;\">Az ig\u00e9ny, hogy hat\u00f3s\u00e1gok ne csup\u00e1n el\u0151\u00e1ll\u00edts\u00e1k a k\u00f6z\u00e9rdek\u0171 inform\u00e1ci\u00f3kat, hanem terjessz\u00e9k is az \u00e9rintett lakoss\u00e1g k\u00f6r\u00e9ben, mindaddig csak \u00f3haj marad, m\u00edg a civilek nem v\u00e1llalj\u00e1k magukra az \u00e9rdekk\u00f6zvet\u00edt\u00e9st, nem tanulj\u00e1k meg, hogyan kell kapcsolatokat \u00e9p\u00edteni \u00e9s fenntartani az\u00e9rt, hogy a k\u00f6z\u00f6ss\u00e9gek \u00fcgyeit egyre hat\u00e9konyabban tudj\u00e1k k\u00e9pviselni. A civil t\u00e1rsadalom csak akkor tudja bet\u00f6lteni ezt a szerepet, ha szervezett.<\/span><br \/>\n<span style=\"font-family: Bookman Old Style; font-size: small;\">Helyi k\u00f6z\u00f6ss\u00e9gfejleszt\u00e9st bemutat\u00f3 esettanulm\u00e1nyokat olvasva, vagy a folyamatot dokument\u00e1l\u00f3 filmeket n\u00e9zve szembe\u00f6tl\u0151, hogy a k\u00f6z\u00f6ss\u00e9gfejleszt\u00e9s m\u00f3dszereivel \u201emozg\u00e1sba hozott\u201d lok\u00e1lis t\u00e1rsadalomban mennyire hasonl\u00f3 folyamatok zajlanak le. Az ott \u00e9l\u0151k, a t\u00e1rsadalom helyi \u00e1llapot\u00e1nak f\u00fcggv\u00e9ny\u00e9ben, hol gyorsabban, hol lassabban, de nagy lelkesed\u00e9ssel elkezdik k\u00f6z\u00f6ss\u00e9gg\u00e9 szervezni magukat. K\u00f6z\u00f6ss\u00e9gfejleszt\u0151i seg\u00edts\u00e9ggel megismerik saj\u00e1t \u00e9s a k\u00f6rnyezet\u00fckben \u00e9l\u0151k er\u0151forr\u00e1sait, v\u00e9lem\u00e9ny\u00e9t a telep\u00fcl\u00e9s probl\u00e9m\u00e1ir\u00f3l. Kikrist\u00e1lyosodik, hogy melyek a k\u00f6z\u00f6ss\u00e9get legink\u00e1bb foglalkoztat\u00f3 k\u00e9rd\u00e9sek, min \u00e9s hogyan lehetne v\u00e1ltoztatni, milyen cselekv\u00e9si potenci\u00e1llal rendelkeznek mindehhez. Konkr\u00e9t feladatok fogalmaz\u00f3dnak meg, konkr\u00e9t \u00fctemez\u00e9ssel. Egym\u00e1sra tal\u00e1lnak az azonos \u00fcgy ir\u00e1nt elk\u00f6telez\u0151dni k\u00e9pes emberek. Egyfajta term\u00e9szetes kiv\u00e1laszt\u00f3d\u00e1s \u00fatj\u00e1n lesznek olyanok, akik a szervez\u0151d\u0151 k\u00f6z\u00f6ss\u00e9gek \u00e9l\u00e9re \u00e1llnak. K\u00e9pz\u00e9sek, helyi k\u00f6z\u00f6ss\u00e9gi tev\u00e9kenys\u00e9gek indulnak el, form\u00e1lis civil szervezetek alakulnak. N\u0151 az \u00e9rdek\u00e9rv\u00e9nyes\u00edt\u00e9si potenci\u00e1l, k\u00fcls\u0151 \u00e9s bels\u0151 partneri kapcsolatok alakulnak ki. A megval\u00f3s\u00edt\u00e1shoz sz\u00fcks\u00e9ges forr\u00e1s biztos\u00edt\u00e1s\u00e1ra sikeres p\u00e1ly\u00e1zati programok sz\u00fcletnek. Id\u00e1ig eljutni t\u00f6bb \u00e9v heroikus munk\u00e1j\u00e1nak az eredm\u00e9nye, ami bizony sok kudarcot, konfliktust, hatalmi harcot is mag\u00e1ban foglal.<\/span><br \/>\n<span style=\"font-family: Bookman Old Style; font-size: small;\">Kiemelten fontos hangs\u00falyozni azoknak a helyi h\u00e1l\u00f3zatoknak az er\u0151fesz\u00edt\u00e9s\u00e9t, amelyek mintegy \u201edemokr\u00e1cia-er\u0151forr\u00e1sk\u00e9nt\u201d pr\u00f3b\u00e1lnak hangot adni a helyi t\u00e1rsadalmi sz\u00fcks\u00e9gleteknek, a probl\u00e9m\u00e1k megold\u00e1s\u00e1nak alternat\u00edv\u00e1it k\u00edn\u00e1lva fel a d\u00f6nt\u00e9shoz\u00f3knak.<\/span><br \/>\n<span style=\"font-family: Bookman Old Style; font-size: small;\">A dokument\u00e1lt k\u00f6z\u00f6ss\u00e9gfejleszt\u00e9si folyamatoknak ezen a pontj\u00e1n a k\u00fcls\u0151 szeml\u00e9l\u0151t (olvas\u00f3t, mozi n\u00e9z\u0151t), ide\u00e9rtve jelen dolgozat \u00edr\u00f3j\u00e1t is, egyfajta meghatotts\u00e1ggal teli b\u00fcszkes\u00e9g t\u00f6lti el, l\u00e1tv\u00e1n, hogyan \u00e9bred \u201ek\u00f6z\u00f6ss\u00e9gi \u00f6ntudatra\u201d egyazon telep\u00fcl\u00e9sen \u00e9l\u0151 emberek csoportja. Milyen nagy erej\u0171 v\u00e1ltoz\u00e1sokat k\u00e9pes elind\u00edtani, ha az emberek mernek \u00e9s tudnak is \u00e9lni demokratikus jogaikkal!<\/span><br \/>\n<span style=\"font-family: Bookman Old Style; font-size: small;\">De minden esetben megakadt vagy lelassult a fejl\u0151d\u00e9s folyamata \u00e9s a r\u00e9sztvev\u0151k elsz\u00e1nt tenni v\u00e1gy\u00e1sa is kev\u00e9snek bizonyult a folytat\u00e1shoz. N\u00e9h\u00e1ny gondolat arr\u00f3l, mik lehetnek ennek az okai?<\/span><br \/>\n<span style=\"font-family: Bookman Old Style; font-size: small;\">1. Az \u00f6nkorm\u00e1nyzatok sok helyen versenyt\u00e1rsnak tekintik a viszonylag j\u00f3l m\u0171k\u00f6d\u0151 civil szervezeteket a forr\u00e1sok\u00e9rt val\u00f3 versenyben, a helyi politika alak\u00edt\u00e1s\u00e1ban, \u00e9s nem partnernek.<\/span><br \/>\n<span style=\"font-family: Bookman Old Style; font-size: small;\">A k\u00f6zs\u00e9gekben a helyi t\u00e1rsadalom viszonylagos z\u00e1rts\u00e1ga miatt az \u00f6nkorm\u00e1nyzatok mellett nem tud kialakulni m\u00e1s \u201dhatalmi centrum\u201d. B\u00e1r valamilyen k\u00f6z\u00f6ss\u00e9gi feladat ell\u00e1t\u00e1s\u00e1ra j\u00f6nnek l\u00e9tre a civil szervezetek, de az \u00f6nkorm\u00e1nyzati hatalom poz\u00edci\u00f3j\u00e1ban l\u00e9v\u0151k ellenl\u00e1bast, versenyt\u00e1rsat l\u00e1tnak benn\u00fck. K\u00fcl\u00f6n\u00f6sen \u201evesz\u00e9lyesnek\u201d \u00e9rzik azt a civil szervezetet, amely m\u00e1r k\u00e9pes foglalkoztatni, esetleg munkahely-teremt\u00e9si c\u00e9llal is j\u00f6n l\u00e9tre, ugyanis a falvakban ma nem maradt m\u00e1s jelent\u0151sebb foglalkoztat\u00f3, mint az \u00f6nkorm\u00e1nyzat. Ennek ellen\u00e9re ott, ahol a szem\u00e9lyi kapcsolatok kiegyenl\u00edtettek \u2013 pl. a polg\u00e1rmester biztos abban, hogy a szervezet k\u00e9pvisel\u0151i nem k\u00edv\u00e1nnak az \u0151 poz\u00edci\u00f3j\u00e1ra t\u00f6rni \u2013, m\u0171k\u00f6dhet civil szervezet.<\/span><br \/>\n<span style=\"font-family: Bookman Old Style; font-size: small;\">Az egy\u00fcttm\u0171k\u00f6d\u00e9st adott esetben politikai sz\u00e1nd\u00e9kok seg\u00edtik \u00e9letre. Teh\u00e1t olyan \u00f6nkorm\u00e1nyzati strat\u00e9gi\u00e1k, melyeknek r\u00e9sze volt a civilekkel val\u00f3 egy\u00fcttm\u0171k\u00f6d\u00e9s, a telep\u00fcl\u00e9sszinten megval\u00f3s\u00edtott fejleszt\u00e9si elk\u00e9pzel\u00e9sekben a civilek szerep\u00e9nek, hely\u00e9nek a megtal\u00e1l\u00e1sa. Vajon a v\u00e1ros mi\u00e9rt k\u00e9pes elfogadni, befogadni m\u00e1r foglalkoztat\u00f3 civil szervezeteket? Az okok el\u00e9g nyilv\u00e1nval\u00f3ak. V\u00e1rosi szinten m\u00e1r t\u00f6bb hatalmi centrum is m\u0171k\u00f6dik, \u00edgy a civil szervezetek csak gyenge ellener\u0151t jelentenek a mindenkori hatalom sz\u00e1m\u00e1ra. Az \u00f6nkorm\u00e1nyzatoknak sz\u00e1mos feladata van, melyeknek megold\u00e1s\u00e1hoz sem anyagi, sem hum\u00e1n er\u0151forr\u00e1sokkal nem rendelkezik \u2013 pl. hajl\u00e9ktalan ell\u00e1t\u00e1s, id\u0151sek ell\u00e1t\u00e1sa, gondoz\u00e1sa, prevenci\u00f3s programok, szoci\u00e1lis \u00e9s ifj\u00fas\u00e1gi-gyermekv\u00e9delmi, k\u00f6rnyezetv\u00e9delmi feladatok \u2013, ez\u00e9rt e feladatok ell\u00e1t\u00e1s\u00e1t sz\u00edvesen megosztja v\u00e1llalkoz\u00f3 civil szervezetekkel.<\/span><br \/>\n<span style=\"font-family: Bookman Old Style; font-size: small;\">Sokszor csak form\u00e1lis a civilek bevon\u00e1sa a d\u00f6nt\u00e9shoz\u00f3i f\u00f3rumok munk\u00e1j\u00e1ba. Megh\u00edvj\u00e1k \u0151ket, de nem igaz\u00e1n k\u00edv\u00e1ncsiak a v\u00e9lem\u00e9ny\u00fckre, javaslatukra.<\/span><br \/>\n<span style=\"font-family: Bookman Old Style; font-size: small;\">Saj\u00e1tos int\u00e9zm\u00e9nyi \u00e9rdekek \u00e9s val\u00f3s\u00e1gos egy\u00e9ni \u00e9rdekek akad\u00e1lyozz\u00e1k racion\u00e1lis strat\u00e9gi\u00e1k \u00e9s egy\u00fcttm\u0171k\u00f6d\u00e9si form\u00e1k l\u00e9trehoz\u00e1s\u00e1t.<\/span><br \/>\n<span style=\"font-family: Bookman Old Style; font-size: small;\">A civilek nem el\u00e9gg\u00e9 felk\u00e9sz\u00fcltek strat\u00e9giailag, politikailag ahhoz, hogy partnerk\u00e9nt tudjanak m\u0171k\u00f6dni. A jobb integr\u00e1l\u00f3d\u00e1shoz sz\u00fcks\u00e9ges lenne a szervezetek meger\u0151s\u00edt\u00e9se, hogy felk\u00e9sz\u00fclt t\u00e1rgyal\u00f3 partnerek lehessenek. A szektor szervezeteibe val\u00f3 befektet\u00e9s, szervezeti meger\u0151s\u00edt\u00e9s sz\u00fcks\u00e9ges ahhoz, hogy a r\u00e9szv\u00e9teli demokr\u00e1cia int\u00e9zm\u00e9nyrendszer\u00e9nek ki\u00e9p\u00edt\u00e9s\u00e9ben a civilek val\u00f3di szerepl\u0151kk\u00e9 v\u00e1ljanak. T\u00f6bb civil kutat\u00e1s is igazolta, hogy a forr\u00e1sszervez\u00e9sben, d\u00f6nt\u00e9shozatalban, egy\u00fcttm\u0171k\u00f6d\u00e9sben azok a szervezetek vesznek r\u00e9szt legink\u00e1bb, akik megfelel\u0151 infrastrukt\u00far\u00e1val, min\u0151s\u00e9gi munkaer\u0151vel rendelkeznek, \u00e9s folyamatosan k\u00e9pezik tov\u00e1bb magukat.<\/span><br \/>\n<span style=\"font-family: Bookman Old Style; font-size: small;\">2. A forr\u00e1sok\u00e9rt, feladatok\u00e9rt val\u00f3 verseny helyi szinten sok esetben lehetetlenn\u00e9 teszi az egy\u00fcttm\u0171k\u00f6d\u00e9st civil szervezetek k\u00f6z\u00f6tt is.<\/span><br \/>\n<span style=\"font-family: Bookman Old Style; font-size: small;\">Azok a szervezetek, amelyek m\u00e1r kor\u00e1bban is stabil helyzetben voltak, kooper\u00e1ltak egym\u00e1ssal \u00e9s a helyi hatalommal, el\u0151ny\u00f6sebb helyzetbe ker\u00fcltek. A piaci mechanizmusok is k\u00f6zvetlen\u00fcl hatnak azokra a civilek szervezetekre, amelyek k\u00f6zszolg\u00e1ltat\u00e1sokat a helyi \u00f6nkorm\u00e1nyzatokkal egy\u00fcttm\u0171k\u00f6d\u00e9sben val\u00f3s\u00edtanak meg. Bevon\u00e1suk a d\u00f6nt\u00e9shozatali rendszerekbe is t\u00f6bbnyire megt\u00f6rt\u00e9nt, b\u00e1r a legt\u00f6bb d\u00f6nt\u00e9shoz\u00f3i szervezet ebben az esetben is ink\u00e1bb csak form\u00e1lisan t\u00e1maszkodik a civilekre.<\/span><br \/>\n<span style=\"font-family: Bookman Old Style; font-size: small;\">A civil szolg\u00e1ltat\u00f3kra nagy sz\u00fcks\u00e9g lesz a j\u00f6v\u0151ben is, k\u00fcl\u00f6n\u00f6sen olyan telep\u00fcl\u00e9seken, ahol le\u00e9p\u00fcl a t\u00e1rsadalmi h\u00e1l\u00f3, a fiatalok, munkak\u00e9pesek elk\u00f6lt\u00f6znek, a szegreg\u00e1ci\u00f3 fokoz\u00f3dik, a roma lakoss\u00e1g t\u00fals\u00falyba jut \u2013 e helyeken puszt\u00e1n az \u00f6nkorm\u00e1nyzat k\u00e9ptelen megoldani a t\u00e1rsadalmi gondokat. F\u0151leg a nagyobb telep\u00fcl\u00e9seken n\u00f6vekszik a civil szolg\u00e1ltat\u00f3k sz\u00e1ma, hiszen a felt\u00e9telek sajnos nehezen teremthet\u0151k meg kistelep\u00fcl\u00e9sen, ez\u00e9rt az a modell m\u0171k\u00f6dik, hogy a civilek a k\u00f6zeli v\u00e1rosokb\u00f3l v\u00e1llalj\u00e1k a k\u00f6rnyez\u0151 telep\u00fcl\u00e9sek ell\u00e1t\u00e1s\u00e1t is, ami ellene hat a helyi szervez\u0151d\u00e9seknek.<\/span><br \/>\n<span style=\"font-family: Bookman Old Style; font-size: small;\">A t\u00e1mogat\u00f3 szervezetek, \u00f6nkorm\u00e1nyzatok nem el\u00e9g \u00e9rz\u00e9kenyek a civil szektor fejleszt\u00e9si kih\u00edv\u00e1saira. Vannak sikerlist\u00e1s p\u00e1ly\u00e1z\u00f3k, akik mindig, minden\u00fctt nyernek, m\u00edg a kev\u00e9sb\u00e9 bennfentesek, gyakorlottak nem tudnak forr\u00e1shoz jutni, holott lehet, hogy a ter\u00fclet\u00fck\u00f6n eredm\u00e9nyesebbek lenn\u00e9nek a c\u00e9lcsoport, a ter\u00fclet, a r\u00e9gi\u00f3 szempontj\u00e1b\u00f3l.<\/span><br \/>\n<span style=\"font-family: Bookman Old Style; font-size: small;\">Az \u00f6nkorm\u00e1nyzat azokat a feladatokat adja \u00e1t sz\u00edvesen, ami neki ny\u0171g, terhes feladat, ugyanakkor szervezeti t\u00e1mogat\u00f3k\u00e9nt, pl. foglalkoztat\u00e1si programokban, akkor jelenik meg, ha nem kell forr\u00e1st biztos\u00edtania. Ez azt jelenti, hogy a civil szervezeteket f\u00fcgg\u0151s\u00e9gi viszony jellemzi, eredm\u00e9nyess\u00e9g\u00fck f\u00fcgg a t\u00e1mogat\u00e1sokt\u00f3l. A nonprofit szektornak m\u00e9g az er\u0151snek sz\u00e1m\u00edt\u00f3 szervezetek eset\u00e9ben sincs annyi tartal\u00e9k forr\u00e1sa, hogy \u00e1tv\u00e9szelje a forr\u00e1shi\u00e1nyb\u00f3l ad\u00f3d\u00f3 kr\u00edzishelyzeteket.<\/span><br \/>\n<span style=\"font-family: Bookman Old Style; font-size: small;\">3. A k\u00f6z\u00f6ss\u00e9gfejleszt\u00e9s eredm\u00e9nyek\u00e9nt l\u00e9trej\u00f6tt civil szervez\u0151d\u00e9sek m\u0171k\u00f6d\u00e9se t\u00f6rv\u00e9nyszer\u0171en egyre professzion\u00e1lisabb\u00e1 v\u00e1lik, meger\u0151s\u00f6dve a helyi hatalmi struk-<\/span><br \/>\n<span style=\"font-family: Bookman Old Style; font-size: small;\">t\u00far\u00e1nak is r\u00e9sz\u00e9v\u00e9 v\u00e1lhatnak \u00e9s ezzel egyidej\u0171leg m\u0171k\u00f6d\u00e9s\u00fck elveszti spont\u00e1n, \u201emozgalmi\u201d jelleg\u00e9t.<\/span><br \/>\n<span style=\"font-family: Bookman Old Style; font-size: small;\">Ernst F. Schumacher \u201eA kicsi sz\u00e9p\u201d munk\u00e1j\u00e1ban le\u00edrja a modern t\u00e1rsadalom ir\u00e1ny\u00edthat\u00f3s\u00e1ga \u00e9s a szabads\u00e1g k\u00f6z\u00f6tti \u00f6sszef\u00fcgg\u00e9st: \u201eMinden szervezetben<\/span><span style=\"font-family: Times New Roman; font-size: small;\">[<\/span><span style=\"font-family: Bookman Old Style; font-size: small;\">\u2026<\/span><span style=\"font-family: Times New Roman; font-size: small;\">]<\/span><span style=\"font-family: Bookman Old Style; font-size: small;\">\u00a0bizonyos egy\u00e9rtelm\u0171s\u00e9gnek \u00e9s rendnek kell \u00e9rv\u00e9nyes\u00fclnie. Ha a dolgokon rendetlens\u00e9g lesz \u00farr\u00e1, semmit sem lehet elv\u00e9gezni. M\u00e9gis, a rend mint olyan \u2013 statikus \u00e9s \u00e9lettelen. \u00cdgy h\u00e1t nagy mozg\u00e1st\u00e9rre \u00e9s cselekv\u00e9si szabads\u00e1gra van sz\u00fcks\u00e9g, hogy ki lehessen t\u00f6rni a szokott rendb\u0151l, hogy meg lehessen tenni azt, ami m\u00e9g sohasem t\u00f6rt\u00e9nt meg, amire a rend \u0151rei sohasem gondoltak, azt, ami \u00fajonnan, el\u0151re nem l\u00e1tottan \u00e9s el\u0151re nem l\u00e1that\u00f3an sz\u00fcletik az ember alkot\u00f3 gondolat\u00e1ban.\u201d<\/span><span style=\"font-family: Bookman Old Style; font-size: small;\">Schumacher, Ernst F.:\u00a0<\/span><i><span style=\"font-family: Bookman Old Style; font-size: small;\">A kicsi sz\u00e9p.\u00a0<\/span><\/i><span style=\"font-family: Bookman Old Style; font-size: small;\">Budapest, 1991. K\u00f6zgazdas\u00e1gi \u00e9s Jogi K\u00f6nyvkiad\u00f3. 250. p.<\/span><br \/>\n<span style=\"font-family: Bookman Old Style; font-size: small;\">A t\u00e1rsadalomban teh\u00e1t kell valami \u00e1tl\u00e1that\u00f3 szab\u00e1lyszer\u0171s\u00e9gnek munk\u00e1lkodnia, de ez nem mehet az innov\u00e1ci\u00f3, a szabads\u00e1g rov\u00e1s\u00e1ra. A t\u00e1rsadalomnak \u00e1lland\u00f3 meg\u00fajul\u00e1sra van sz\u00fcks\u00e9ge, a benne munk\u00e1lkod\u00f3 folyamatos v\u00e1ltoz\u00e1s form\u00e1lja, de ez csak akkor val\u00f3sul meg, ha kell\u0151 teret enged az alkot\u00f3 szabads\u00e1gnak. M\u00e1rmost hogyan viszonyuljunk a civil szervez\u0151d\u00e9sek alakul\u00e1s\u00e1hoz ebb\u0151l a szempontb\u00f3l? A t\u00e1rsadalmi h\u00e1l\u00f3zatok egyr\u00e9szt a rendet szolg\u00e1lj\u00e1k, hiszen valaki ir\u00e1ny\u00edt, valaki \u00f6sszefogja az egy\u00e9neket, csoportokat. M\u00e1sr\u00e9szt a h\u00e1l\u00f3zatok l\u00e9te m\u00e9gis \u00e9l\u0151v\u00e9 teszi a t\u00e1rsadalmi m\u0171k\u00f6d\u00e9st az\u00e1ltal, hogy b\u00e1rkinek van lehet\u0151s\u00e9ge l\u00e9trehozni egy \u00faj h\u00e1l\u00f3zatot, ami k\u00e9pes \u00faj eszm\u00e9ket, \u00faj \u00e1rukat, \u00faj embereket bekapcsolni a t\u00e1rsadalomba.<\/span><br \/>\n<span style=\"font-family: Bookman Old Style; font-size: small;\">A civil k\u00f6z\u00f6ss\u00e9gek szervez\u0151d\u00e9se azt is jelzi, hogy m\u00e9g van az embereknek szabad akarata, m\u00e9g mernek \u00e1lmodni, szervezkedni, tiltakozni, lobbizni a k\u00f6z\u00f6ss\u00e9g \u00e9rdek\u00e9ben. Vezet\u0151ik az igazi, demokratikus v\u00e9lem\u00e9nyir\u00e1ny\u00edt\u00f3k. K\u00e9pesek embereket mozg\u00f3s\u00edtani k\u00f6z\u00f6ss\u00e9gi c\u00e9lok \u00e9rdek\u00e9ben, szabadidej\u00fcket felhaszn\u00e1lni szervez\u00e9sre, programokra, nap mint nap k\u00fczdeni az ellen\u00e1ll\u00e1ssal, megharcolni a siker\u00e9rt, megtanulni egy\u00fcttm\u0171k\u00f6dni \u2013 szinte minden\u00e1ron a fennmarad\u00e1s\u00e9rt \u2013 k\u00f6z\u00f6ss\u00e9gi d\u00f6nt\u00e9seket hozni, \u00e9lni a k\u00f6z\u00f6ss\u00e9g\u00e9rt.<\/span><br \/>\n<span style=\"font-family: Bookman Old Style; font-size: small;\">Egy-egy \u00fcgy melletti elk\u00f6telez\u0151d\u00e9s kelti \u00e9letre a civil szervez\u0151d\u00e9seket, h\u00e1l\u00f3zatokat. Sok esetben v\u00e1lhatnak nyom\u00e1st gyakorl\u00f3 csoportt\u00e1, pl. egy-egy strat\u00e9giailag fontos \u00fcgy menedzsel\u00e9se, fogyat\u00e9kos \u00fcgy, k\u00f6rnyezetv\u00e9delem. Az egy\u00fcttmunk\u00e1lkod\u00e1s seg\u00edt abban is, hogy a szerveztek egym\u00e1st fejlesztik, viszik el\u0151re, vagy \u00e9ppen a k\u00f6z\u00f6s \u00fat \u00e9p\u00edt\u00e9se az eredm\u00e9nye munk\u00e1lkod\u00e1suknak.<\/span><br \/>\n<span style=\"font-family: Bookman Old Style; font-size: small;\">Miut\u00e1n meger\u0151s\u00f6dtek ezek a szervezetek, vajon k\u00e9pesek-e megtal\u00e1lni azt a k\u00e9nyes egyens\u00falyt, amivel megteremthet\u0151, hogy val\u00f3di k\u00f6z\u00f6ss\u00e9gi c\u00e9lok\u00e9rt dolgozzanak \u00e9s egyidej\u0171leg saj\u00e1t szervezt\u00fck el\u0151rejut\u00e1s\u00e1t is biztos\u00edts\u00e1k?<\/span><br \/>\n<span style=\"font-family: Bookman Old Style; font-size: small;\">Nagy jelent\u0151s\u00e9ge lett m\u00e1ra annak, hogy helyi szinten is l\u00e9tezzenek h\u00e1l\u00f3zatok, mert a helyi k\u00f6z\u00f6ss\u00e9gek gondjait csak helyben lehet megoldani! Ezek a civil h\u00e1l\u00f3zatok is egy nagy rendszer, a helyi t\u00e1rsadalom r\u00e9szesei. M\u0171k\u00f6d\u00e9s\u00fck, szab\u00e1lyaik, \u00e9rt\u00e9keik \u00e9s egy\u00fcttm\u0171k\u00f6d\u00e9s\u00fck a helyi t\u00e1rsadalom hatalmi \u00e9s er\u0151viszonyainak lenyomata.<\/span><br \/>\n<span style=\"font-family: Bookman Old Style; font-size: small;\">A demokr\u00e1ci\u00e1t csak kicsiben lehet elkezdeni, annak minden ny\u0171g\u00e9vel egy\u00fctt. Soha nem a fel\u00fclr\u0151l j\u00f6v\u0151 v\u00e1ltoz\u00e1sok alak\u00edtj\u00e1k a t\u00e1rsadalom finom sz\u00f6vet\u00e9t, hanem azok, akik k\u00e9pesek felvenni egym\u00e1ssal a kapcsolatot, reag\u00e1lni a t\u00f6rt\u00e9n\u00e9sekre \u00e9s keresni az egy\u00fcttm\u0171k\u00f6d\u00e9s lehet\u0151s\u00e9g\u00e9t \u2013 a k\u00f6z\u00f6ss\u00e9g\u00e9rt.<\/span><\/p>\n","protected":false},"excerpt":{"rendered":"<p>A modern, globaliz\u00e1l\u00f3d\u00f3 vil\u00e1gban az egy\u00e9nek helyzete, k\u00f6z\u00f6ss\u00e9gi szerep\u00fck \u00e9s identit\u00e1suk egyre ink\u00e1bb kapcsol\u00f3dik ahhoz \u00e9s \u00e9rt\u00e9kel\u0151dik az\u00e1ltal, hogy hova tartoznak. Vannak-e k\u00f6z\u00f6ss\u00e9gek, lok\u00e1lis szint\u0171 mikroh\u00e1l\u00f3zatok, amelyek sz\u00e1molnak vel\u00fck? Van-e \u201ehozz\u00e1f\u00e9r\u00e9s\u00fck\u201d az inform\u00e1ci\u00f3khoz, a kapcsolatkeres\u00e9shez \u00e9s kapcsolatok \u00e9p\u00edt\u00e9s\u00e9hez? Hova \u00e9s milyen k\u00e9rd\u00e9sekben sz\u00e1m\u00edthatnak k\u00f6z\u00f6ss\u00e9gi t\u00e1mogat\u00e1sra?<\/p>\n","protected":false},"author":439,"featured_media":3430,"comment_status":"open","ping_status":"open","sticky":false,"template":"","format":"standard","meta":{"_acf_changed":false,"footnotes":""},"categories":[579,8,7],"tags":[],"coauthors":[584],"class_list":["post-3324","post","type-post","status-publish","format-standard","has-post-thumbnail","hentry","category-parola-2008-2","category-parola-folyoirat","category-repertorium"],"acf":[],"yoast_head":"<!-- This site is optimized with the Yoast SEO plugin v26.7 - https:\/\/yoast.com\/wordpress\/plugins\/seo\/ -->\n<title>N\u00e9h\u00e1ny gondolat a civil szervezetekr\u0151l, a k\u00f6z\u00f6ss\u00e9gfejleszt\u00e9sr\u0151l \u00e9s a hatalomr\u00f3l - Parola Foly\u00f3irat<\/title>\n<meta name=\"robots\" content=\"index, follow, max-snippet:-1, max-image-preview:large, max-video-preview:-1\" \/>\n<link rel=\"canonical\" href=\"https:\/\/kofe.hu\/parola\/parola-folyoirat\/nehany-gondolat-a-civil-szervezetekrol-a-kozossegfejlesztesrol-es-a-hatalomrol\/\" \/>\n<meta property=\"og:locale\" content=\"hu_HU\" \/>\n<meta property=\"og:type\" content=\"article\" \/>\n<meta property=\"og:title\" content=\"N\u00e9h\u00e1ny gondolat a civil szervezetekr\u0151l, a k\u00f6z\u00f6ss\u00e9gfejleszt\u00e9sr\u0151l \u00e9s a hatalomr\u00f3l - Parola Foly\u00f3irat\" \/>\n<meta property=\"og:description\" content=\"A modern, globaliz\u00e1l\u00f3d\u00f3 vil\u00e1gban az egy\u00e9nek helyzete, k\u00f6z\u00f6ss\u00e9gi szerep\u00fck \u00e9s identit\u00e1suk egyre ink\u00e1bb kapcsol\u00f3dik ahhoz \u00e9s \u00e9rt\u00e9kel\u0151dik az\u00e1ltal, hogy hova tartoznak. Vannak-e k\u00f6z\u00f6ss\u00e9gek, lok\u00e1lis szint\u0171 mikroh\u00e1l\u00f3zatok, amelyek sz\u00e1molnak vel\u00fck? Van-e \u201ehozz\u00e1f\u00e9r\u00e9s\u00fck\u201d az inform\u00e1ci\u00f3khoz, a kapcsolatkeres\u00e9shez \u00e9s kapcsolatok \u00e9p\u00edt\u00e9s\u00e9hez? Hova \u00e9s milyen k\u00e9rd\u00e9sekben sz\u00e1m\u00edthatnak k\u00f6z\u00f6ss\u00e9gi t\u00e1mogat\u00e1sra?\" \/>\n<meta property=\"og:url\" content=\"https:\/\/kofe.hu\/parola\/parola-folyoirat\/nehany-gondolat-a-civil-szervezetekrol-a-kozossegfejlesztesrol-es-a-hatalomrol\/\" \/>\n<meta property=\"og:site_name\" content=\"Parola Foly\u00f3irat\" \/>\n<meta property=\"article:published_time\" content=\"2020-07-11T13:07:57+00:00\" \/>\n<meta property=\"article:modified_time\" content=\"2020-07-30T12:11:00+00:00\" \/>\n<meta property=\"og:image\" content=\"https:\/\/kofe.hu\/parola\/wp-content\/uploads\/2020\/07\/08.2.jpeg\" \/>\n\t<meta property=\"og:image:width\" content=\"1295\" \/>\n\t<meta property=\"og:image:height\" content=\"1962\" \/>\n\t<meta property=\"og:image:type\" content=\"image\/jpeg\" \/>\n<meta name=\"author\" content=\"Kov\u00e1cs Kamilla\" \/>\n<meta name=\"twitter:card\" content=\"summary_large_image\" \/>\n<meta name=\"twitter:label1\" content=\"Szerz\u0151:\" \/>\n\t<meta name=\"twitter:data1\" content=\"Kov\u00e1cs Kamilla\" \/>\n\t<meta name=\"twitter:label2\" content=\"Becs\u00fclt olvas\u00e1si id\u0151\" \/>\n\t<meta name=\"twitter:data2\" content=\"13 perc\" \/>\n\t<meta name=\"twitter:label3\" content=\"Written by\" \/>\n\t<meta name=\"twitter:data3\" content=\"Kov\u00e1cs Kamilla\" \/>\n<script type=\"application\/ld+json\" class=\"yoast-schema-graph\">{\"@context\":\"https:\/\/schema.org\",\"@graph\":[{\"@type\":\"Article\",\"@id\":\"https:\/\/kofe.hu\/parola\/parola-folyoirat\/nehany-gondolat-a-civil-szervezetekrol-a-kozossegfejlesztesrol-es-a-hatalomrol\/#article\",\"isPartOf\":{\"@id\":\"https:\/\/kofe.hu\/parola\/parola-folyoirat\/nehany-gondolat-a-civil-szervezetekrol-a-kozossegfejlesztesrol-es-a-hatalomrol\/\"},\"author\":{\"name\":\"Kov\u00e1cs Kamilla\",\"@id\":\"https:\/\/kofe.hu\/parola\/#\/schema\/person\/c0835f090a4c0700cdeb93c15cc8220e\"},\"headline\":\"N\u00e9h\u00e1ny gondolat a civil szervezetekr\u0151l, a k\u00f6z\u00f6ss\u00e9gfejleszt\u00e9sr\u0151l \u00e9s a hatalomr\u00f3l\",\"datePublished\":\"2020-07-11T13:07:57+00:00\",\"dateModified\":\"2020-07-30T12:11:00+00:00\",\"mainEntityOfPage\":{\"@id\":\"https:\/\/kofe.hu\/parola\/parola-folyoirat\/nehany-gondolat-a-civil-szervezetekrol-a-kozossegfejlesztesrol-es-a-hatalomrol\/\"},\"wordCount\":2634,\"commentCount\":0,\"image\":{\"@id\":\"https:\/\/kofe.hu\/parola\/parola-folyoirat\/nehany-gondolat-a-civil-szervezetekrol-a-kozossegfejlesztesrol-es-a-hatalomrol\/#primaryimage\"},\"thumbnailUrl\":\"https:\/\/kofe.hu\/parola\/wp-content\/uploads\/2020\/07\/08.2.jpeg\",\"articleSection\":[\"Parola 2008\/2\",\"Parola Foly\u00f3irat\",\"Repert\u00f3rium\"],\"inLanguage\":\"hu\",\"potentialAction\":[{\"@type\":\"CommentAction\",\"name\":\"Comment\",\"target\":[\"https:\/\/kofe.hu\/parola\/parola-folyoirat\/nehany-gondolat-a-civil-szervezetekrol-a-kozossegfejlesztesrol-es-a-hatalomrol\/#respond\"]}]},{\"@type\":\"WebPage\",\"@id\":\"https:\/\/kofe.hu\/parola\/parola-folyoirat\/nehany-gondolat-a-civil-szervezetekrol-a-kozossegfejlesztesrol-es-a-hatalomrol\/\",\"url\":\"https:\/\/kofe.hu\/parola\/parola-folyoirat\/nehany-gondolat-a-civil-szervezetekrol-a-kozossegfejlesztesrol-es-a-hatalomrol\/\",\"name\":\"N\u00e9h\u00e1ny gondolat a civil szervezetekr\u0151l, a k\u00f6z\u00f6ss\u00e9gfejleszt\u00e9sr\u0151l \u00e9s a hatalomr\u00f3l - Parola Foly\u00f3irat\",\"isPartOf\":{\"@id\":\"https:\/\/kofe.hu\/parola\/#website\"},\"primaryImageOfPage\":{\"@id\":\"https:\/\/kofe.hu\/parola\/parola-folyoirat\/nehany-gondolat-a-civil-szervezetekrol-a-kozossegfejlesztesrol-es-a-hatalomrol\/#primaryimage\"},\"image\":{\"@id\":\"https:\/\/kofe.hu\/parola\/parola-folyoirat\/nehany-gondolat-a-civil-szervezetekrol-a-kozossegfejlesztesrol-es-a-hatalomrol\/#primaryimage\"},\"thumbnailUrl\":\"https:\/\/kofe.hu\/parola\/wp-content\/uploads\/2020\/07\/08.2.jpeg\",\"datePublished\":\"2020-07-11T13:07:57+00:00\",\"dateModified\":\"2020-07-30T12:11:00+00:00\",\"author\":{\"@id\":\"https:\/\/kofe.hu\/parola\/#\/schema\/person\/c0835f090a4c0700cdeb93c15cc8220e\"},\"breadcrumb\":{\"@id\":\"https:\/\/kofe.hu\/parola\/parola-folyoirat\/nehany-gondolat-a-civil-szervezetekrol-a-kozossegfejlesztesrol-es-a-hatalomrol\/#breadcrumb\"},\"inLanguage\":\"hu\",\"potentialAction\":[{\"@type\":\"ReadAction\",\"target\":[\"https:\/\/kofe.hu\/parola\/parola-folyoirat\/nehany-gondolat-a-civil-szervezetekrol-a-kozossegfejlesztesrol-es-a-hatalomrol\/\"]}]},{\"@type\":\"ImageObject\",\"inLanguage\":\"hu\",\"@id\":\"https:\/\/kofe.hu\/parola\/parola-folyoirat\/nehany-gondolat-a-civil-szervezetekrol-a-kozossegfejlesztesrol-es-a-hatalomrol\/#primaryimage\",\"url\":\"https:\/\/kofe.hu\/parola\/wp-content\/uploads\/2020\/07\/08.2.jpeg\",\"contentUrl\":\"https:\/\/kofe.hu\/parola\/wp-content\/uploads\/2020\/07\/08.2.jpeg\",\"width\":1295,\"height\":1962},{\"@type\":\"BreadcrumbList\",\"@id\":\"https:\/\/kofe.hu\/parola\/parola-folyoirat\/nehany-gondolat-a-civil-szervezetekrol-a-kozossegfejlesztesrol-es-a-hatalomrol\/#breadcrumb\",\"itemListElement\":[{\"@type\":\"ListItem\",\"position\":1,\"name\":\"Home\",\"item\":\"https:\/\/kofe.hu\/parola\/\"},{\"@type\":\"ListItem\",\"position\":2,\"name\":\"N\u00e9h\u00e1ny gondolat a civil szervezetekr\u0151l, a k\u00f6z\u00f6ss\u00e9gfejleszt\u00e9sr\u0151l \u00e9s a hatalomr\u00f3l\"}]},{\"@type\":\"WebSite\",\"@id\":\"https:\/\/kofe.hu\/parola\/#website\",\"url\":\"https:\/\/kofe.hu\/parola\/\",\"name\":\"Parola Foly\u00f3irat\",\"description\":\"\",\"potentialAction\":[{\"@type\":\"SearchAction\",\"target\":{\"@type\":\"EntryPoint\",\"urlTemplate\":\"https:\/\/kofe.hu\/parola\/?s={search_term_string}\"},\"query-input\":{\"@type\":\"PropertyValueSpecification\",\"valueRequired\":true,\"valueName\":\"search_term_string\"}}],\"inLanguage\":\"hu\"},{\"@type\":\"Person\",\"@id\":\"https:\/\/kofe.hu\/parola\/#\/schema\/person\/c0835f090a4c0700cdeb93c15cc8220e\",\"name\":\"Kov\u00e1cs Kamilla\",\"image\":{\"@type\":\"ImageObject\",\"inLanguage\":\"hu\",\"@id\":\"https:\/\/kofe.hu\/parola\/#\/schema\/person\/image\/74729e14d0727b70a4fd32ce1d86a189\",\"url\":\"https:\/\/secure.gravatar.com\/avatar\/235fb15592ab9c13f980ff6dcac3cad0fef75fb57d511da7c3c9665dd78cc9e4?s=96&d=mm&r=g\",\"contentUrl\":\"https:\/\/secure.gravatar.com\/avatar\/235fb15592ab9c13f980ff6dcac3cad0fef75fb57d511da7c3c9665dd78cc9e4?s=96&d=mm&r=g\",\"caption\":\"Kov\u00e1cs Kamilla\"},\"url\":\"https:\/\/kofe.hu\/parola\/szerzok\/kovacs-kamilla\/\"}]}<\/script>\n<!-- \/ Yoast SEO plugin. -->","yoast_head_json":{"title":"N\u00e9h\u00e1ny gondolat a civil szervezetekr\u0151l, a k\u00f6z\u00f6ss\u00e9gfejleszt\u00e9sr\u0151l \u00e9s a hatalomr\u00f3l - Parola Foly\u00f3irat","robots":{"index":"index","follow":"follow","max-snippet":"max-snippet:-1","max-image-preview":"max-image-preview:large","max-video-preview":"max-video-preview:-1"},"canonical":"https:\/\/kofe.hu\/parola\/parola-folyoirat\/nehany-gondolat-a-civil-szervezetekrol-a-kozossegfejlesztesrol-es-a-hatalomrol\/","og_locale":"hu_HU","og_type":"article","og_title":"N\u00e9h\u00e1ny gondolat a civil szervezetekr\u0151l, a k\u00f6z\u00f6ss\u00e9gfejleszt\u00e9sr\u0151l \u00e9s a hatalomr\u00f3l - Parola Foly\u00f3irat","og_description":"A modern, globaliz\u00e1l\u00f3d\u00f3 vil\u00e1gban az egy\u00e9nek helyzete, k\u00f6z\u00f6ss\u00e9gi szerep\u00fck \u00e9s identit\u00e1suk egyre ink\u00e1bb kapcsol\u00f3dik ahhoz \u00e9s \u00e9rt\u00e9kel\u0151dik az\u00e1ltal, hogy hova tartoznak. Vannak-e k\u00f6z\u00f6ss\u00e9gek, lok\u00e1lis szint\u0171 mikroh\u00e1l\u00f3zatok, amelyek sz\u00e1molnak vel\u00fck? Van-e \u201ehozz\u00e1f\u00e9r\u00e9s\u00fck\u201d az inform\u00e1ci\u00f3khoz, a kapcsolatkeres\u00e9shez \u00e9s kapcsolatok \u00e9p\u00edt\u00e9s\u00e9hez? Hova \u00e9s milyen k\u00e9rd\u00e9sekben sz\u00e1m\u00edthatnak k\u00f6z\u00f6ss\u00e9gi t\u00e1mogat\u00e1sra?","og_url":"https:\/\/kofe.hu\/parola\/parola-folyoirat\/nehany-gondolat-a-civil-szervezetekrol-a-kozossegfejlesztesrol-es-a-hatalomrol\/","og_site_name":"Parola Foly\u00f3irat","article_published_time":"2020-07-11T13:07:57+00:00","article_modified_time":"2020-07-30T12:11:00+00:00","og_image":[{"width":1295,"height":1962,"url":"https:\/\/kofe.hu\/parola\/wp-content\/uploads\/2020\/07\/08.2.jpeg","type":"image\/jpeg"}],"author":"Kov\u00e1cs Kamilla","twitter_card":"summary_large_image","twitter_misc":{"Szerz\u0151:":"Kov\u00e1cs Kamilla","Becs\u00fclt olvas\u00e1si id\u0151":"13 perc","Written by":"Kov\u00e1cs Kamilla"},"schema":{"@context":"https:\/\/schema.org","@graph":[{"@type":"Article","@id":"https:\/\/kofe.hu\/parola\/parola-folyoirat\/nehany-gondolat-a-civil-szervezetekrol-a-kozossegfejlesztesrol-es-a-hatalomrol\/#article","isPartOf":{"@id":"https:\/\/kofe.hu\/parola\/parola-folyoirat\/nehany-gondolat-a-civil-szervezetekrol-a-kozossegfejlesztesrol-es-a-hatalomrol\/"},"author":{"name":"Kov\u00e1cs Kamilla","@id":"https:\/\/kofe.hu\/parola\/#\/schema\/person\/c0835f090a4c0700cdeb93c15cc8220e"},"headline":"N\u00e9h\u00e1ny gondolat a civil szervezetekr\u0151l, a k\u00f6z\u00f6ss\u00e9gfejleszt\u00e9sr\u0151l \u00e9s a hatalomr\u00f3l","datePublished":"2020-07-11T13:07:57+00:00","dateModified":"2020-07-30T12:11:00+00:00","mainEntityOfPage":{"@id":"https:\/\/kofe.hu\/parola\/parola-folyoirat\/nehany-gondolat-a-civil-szervezetekrol-a-kozossegfejlesztesrol-es-a-hatalomrol\/"},"wordCount":2634,"commentCount":0,"image":{"@id":"https:\/\/kofe.hu\/parola\/parola-folyoirat\/nehany-gondolat-a-civil-szervezetekrol-a-kozossegfejlesztesrol-es-a-hatalomrol\/#primaryimage"},"thumbnailUrl":"https:\/\/kofe.hu\/parola\/wp-content\/uploads\/2020\/07\/08.2.jpeg","articleSection":["Parola 2008\/2","Parola Foly\u00f3irat","Repert\u00f3rium"],"inLanguage":"hu","potentialAction":[{"@type":"CommentAction","name":"Comment","target":["https:\/\/kofe.hu\/parola\/parola-folyoirat\/nehany-gondolat-a-civil-szervezetekrol-a-kozossegfejlesztesrol-es-a-hatalomrol\/#respond"]}]},{"@type":"WebPage","@id":"https:\/\/kofe.hu\/parola\/parola-folyoirat\/nehany-gondolat-a-civil-szervezetekrol-a-kozossegfejlesztesrol-es-a-hatalomrol\/","url":"https:\/\/kofe.hu\/parola\/parola-folyoirat\/nehany-gondolat-a-civil-szervezetekrol-a-kozossegfejlesztesrol-es-a-hatalomrol\/","name":"N\u00e9h\u00e1ny gondolat a civil szervezetekr\u0151l, a k\u00f6z\u00f6ss\u00e9gfejleszt\u00e9sr\u0151l \u00e9s a hatalomr\u00f3l - Parola Foly\u00f3irat","isPartOf":{"@id":"https:\/\/kofe.hu\/parola\/#website"},"primaryImageOfPage":{"@id":"https:\/\/kofe.hu\/parola\/parola-folyoirat\/nehany-gondolat-a-civil-szervezetekrol-a-kozossegfejlesztesrol-es-a-hatalomrol\/#primaryimage"},"image":{"@id":"https:\/\/kofe.hu\/parola\/parola-folyoirat\/nehany-gondolat-a-civil-szervezetekrol-a-kozossegfejlesztesrol-es-a-hatalomrol\/#primaryimage"},"thumbnailUrl":"https:\/\/kofe.hu\/parola\/wp-content\/uploads\/2020\/07\/08.2.jpeg","datePublished":"2020-07-11T13:07:57+00:00","dateModified":"2020-07-30T12:11:00+00:00","author":{"@id":"https:\/\/kofe.hu\/parola\/#\/schema\/person\/c0835f090a4c0700cdeb93c15cc8220e"},"breadcrumb":{"@id":"https:\/\/kofe.hu\/parola\/parola-folyoirat\/nehany-gondolat-a-civil-szervezetekrol-a-kozossegfejlesztesrol-es-a-hatalomrol\/#breadcrumb"},"inLanguage":"hu","potentialAction":[{"@type":"ReadAction","target":["https:\/\/kofe.hu\/parola\/parola-folyoirat\/nehany-gondolat-a-civil-szervezetekrol-a-kozossegfejlesztesrol-es-a-hatalomrol\/"]}]},{"@type":"ImageObject","inLanguage":"hu","@id":"https:\/\/kofe.hu\/parola\/parola-folyoirat\/nehany-gondolat-a-civil-szervezetekrol-a-kozossegfejlesztesrol-es-a-hatalomrol\/#primaryimage","url":"https:\/\/kofe.hu\/parola\/wp-content\/uploads\/2020\/07\/08.2.jpeg","contentUrl":"https:\/\/kofe.hu\/parola\/wp-content\/uploads\/2020\/07\/08.2.jpeg","width":1295,"height":1962},{"@type":"BreadcrumbList","@id":"https:\/\/kofe.hu\/parola\/parola-folyoirat\/nehany-gondolat-a-civil-szervezetekrol-a-kozossegfejlesztesrol-es-a-hatalomrol\/#breadcrumb","itemListElement":[{"@type":"ListItem","position":1,"name":"Home","item":"https:\/\/kofe.hu\/parola\/"},{"@type":"ListItem","position":2,"name":"N\u00e9h\u00e1ny gondolat a civil szervezetekr\u0151l, a k\u00f6z\u00f6ss\u00e9gfejleszt\u00e9sr\u0151l \u00e9s a hatalomr\u00f3l"}]},{"@type":"WebSite","@id":"https:\/\/kofe.hu\/parola\/#website","url":"https:\/\/kofe.hu\/parola\/","name":"Parola Foly\u00f3irat","description":"","potentialAction":[{"@type":"SearchAction","target":{"@type":"EntryPoint","urlTemplate":"https:\/\/kofe.hu\/parola\/?s={search_term_string}"},"query-input":{"@type":"PropertyValueSpecification","valueRequired":true,"valueName":"search_term_string"}}],"inLanguage":"hu"},{"@type":"Person","@id":"https:\/\/kofe.hu\/parola\/#\/schema\/person\/c0835f090a4c0700cdeb93c15cc8220e","name":"Kov\u00e1cs Kamilla","image":{"@type":"ImageObject","inLanguage":"hu","@id":"https:\/\/kofe.hu\/parola\/#\/schema\/person\/image\/74729e14d0727b70a4fd32ce1d86a189","url":"https:\/\/secure.gravatar.com\/avatar\/235fb15592ab9c13f980ff6dcac3cad0fef75fb57d511da7c3c9665dd78cc9e4?s=96&d=mm&r=g","contentUrl":"https:\/\/secure.gravatar.com\/avatar\/235fb15592ab9c13f980ff6dcac3cad0fef75fb57d511da7c3c9665dd78cc9e4?s=96&d=mm&r=g","caption":"Kov\u00e1cs Kamilla"},"url":"https:\/\/kofe.hu\/parola\/szerzok\/kovacs-kamilla\/"}]}},"_links":{"self":[{"href":"https:\/\/kofe.hu\/parola\/wp-json\/wp\/v2\/posts\/3324","targetHints":{"allow":["GET"]}}],"collection":[{"href":"https:\/\/kofe.hu\/parola\/wp-json\/wp\/v2\/posts"}],"about":[{"href":"https:\/\/kofe.hu\/parola\/wp-json\/wp\/v2\/types\/post"}],"author":[{"embeddable":true,"href":"https:\/\/kofe.hu\/parola\/wp-json\/wp\/v2\/users\/439"}],"replies":[{"embeddable":true,"href":"https:\/\/kofe.hu\/parola\/wp-json\/wp\/v2\/comments?post=3324"}],"version-history":[{"count":2,"href":"https:\/\/kofe.hu\/parola\/wp-json\/wp\/v2\/posts\/3324\/revisions"}],"predecessor-version":[{"id":4265,"href":"https:\/\/kofe.hu\/parola\/wp-json\/wp\/v2\/posts\/3324\/revisions\/4265"}],"wp:featuredmedia":[{"embeddable":true,"href":"https:\/\/kofe.hu\/parola\/wp-json\/wp\/v2\/media\/3430"}],"wp:attachment":[{"href":"https:\/\/kofe.hu\/parola\/wp-json\/wp\/v2\/media?parent=3324"}],"wp:term":[{"taxonomy":"category","embeddable":true,"href":"https:\/\/kofe.hu\/parola\/wp-json\/wp\/v2\/categories?post=3324"},{"taxonomy":"post_tag","embeddable":true,"href":"https:\/\/kofe.hu\/parola\/wp-json\/wp\/v2\/tags?post=3324"},{"taxonomy":"author","embeddable":true,"href":"https:\/\/kofe.hu\/parola\/wp-json\/wp\/v2\/coauthors?post=3324"}],"curies":[{"name":"wp","href":"https:\/\/api.w.org\/{rel}","templated":true}]}}