{"id":3120,"date":"2020-07-11T08:29:27","date_gmt":"2020-07-11T08:29:27","guid":{"rendered":"https:\/\/kofe.hu\/parola\/?p=3120"},"modified":"2020-07-30T12:42:45","modified_gmt":"2020-07-30T12:42:45","slug":"allampolgari-tanacsado-testuletek","status":"publish","type":"post","link":"https:\/\/kofe.hu\/parola\/parola-folyoirat\/allampolgari-tanacsado-testuletek\/","title":{"rendered":"\u00c1llampolg\u00e1ri tan\u00e1csad\u00f3 test\u00fcletek"},"content":{"rendered":"<p style=\"text-align: justify;\"><i><span style=\"font-family: Arial;\">A tanulm\u00e1nyt a CEE Citizens Network 2003 m\u00e1jus\u00e1ban a boszniai Banja Luk\u00e1n rendezett konferenci\u00e1j\u00e1n kapott \u201eCitizen Participation Handbook\u201d-b\u00f3l v\u00e1lasztotta ki Vercseg Ilona. A Handbook-ot az International Centre for Policy Studies jelentette meg 2002 augusztus\u00e1ban Kijevben, \u201ePeople\u2019s Voice\u201d projectje \u00f6sszefoglal\u00e1sak\u00e9nt, Gina Gilreath Holdar \u00e9s Olha Zakharchenko v\u00e1logat\u00e1s\u00e1ban, Agnes Natkaniec szerkeszt\u00e9s\u00e9ben. A tanulm\u00e1ny a 21\u201328. oldalon tal\u00e1lhat\u00f3. (A szerk.)<\/span><\/i><\/p>\n<p><b><span style=\"font-family: Arial;\">A r\u00e9szv\u00e9teli m\u00f3dszertan \u00e1ttekint\u00e9se<\/span><\/b><br \/>\n<!--more--><br \/>\n<span style=\"font-family: Arial;\">A demokratikus rendszerek helyi \u00f6nkorm\u00e1nyzatai gyakran haszn\u00e1lj\u00e1k az \u00e1llampolg\u00e1ri tan\u00e1csad\u00f3 test\u00fcletek, bizotts\u00e1gok, munkacsoportok munk\u00e1j\u00e1t, amelyek sz\u00e1mos k\u00e9rd\u00e9sben biztos\u00edtanak folyamatos tan\u00e1csad\u00e1st a v\u00e1rosi tan\u00e1csok, v\u00e1rosvezet\u00e9sek sz\u00e1m\u00e1ra. Ezeket a csoportokat \u00f6sszefoglal\u00f3 n\u00e9ven \u00c1llampolg\u00e1ri tan\u00e1csad\u00f3 test\u00fcleteknek\u00a0<\/span><i><span style=\"font-family: Arial;\">(a tov\u00e1bbiakban \u00c1TT-nek A szerk<\/span><\/i><span style=\"font-family: Arial;\">.<\/span><i><span style=\"font-family: Arial;\">)<\/span><\/i><span style=\"font-family: Arial;\">\u00a0nevezz\u00fck. Ezek fontos eszk\u00f6zk\u00e9nt szolg\u00e1lnak a helyi \u00f6nkorm\u00e1nyzatok kez\u00e9ben, mert seg\u00edts\u00e9g\u00fckkel bevonhatj\u00e1k az \u00e1llampolg\u00e1rokat a korm\u00e1nyz\u00e1s folyamat\u00e1ba, s a v\u00e1laszt\u00e1sok k\u00f6z\u00f6tt napi kapcsolatot tarthatnak fenn a v\u00e1ltoz\u00f3 \u00e1llampolg\u00e1ri sz\u00fcks\u00e9gletekkel.<\/span><br \/>\n<span style=\"font-family: Arial;\">Az \u00c1TT-t, mint az \u00e1llampolg\u00e1ri r\u00e9szv\u00e9tel fokoz\u00e1s\u00e1nak m\u00f3dszer\u00e9t, a k\u00f6vetkez\u0151k\u00e9ppen \u00edrhatjuk le:<\/span><br \/>\n<span style=\"font-family: Arial;\">&#8211;\u00a0<\/span><span style=\"font-family: Arial;\">El\u0151sz\u00f6r, az \u00c1TT\u00a0<\/span><b><span style=\"font-family: Arial;\">az \u00e1llampolg\u00e1rok bevon\u00e1s\u00e1t\u00a0<\/span><\/b><span style=\"font-family: Arial;\">a helyi \u00f6nkorm\u00e1nyz\u00e1sba\u00a0<\/span><b><span style=\"font-family: Arial;\">mind min\u0151s\u00e9gileg, mind mennyis\u00e9gileg fokozza<\/span><\/b><span style=\"font-family: Arial;\">, fontos bizalmi hidakat \u00e9p\u00edtve a korm\u00e1nyz\u00f3k \u00e9s a korm\u00e1nyzottak k\u00f6z\u00f6tt, er\u0151s\u00edtve a civil t\u00e1rsadalmat.<\/span><br \/>\n<span style=\"font-family: Arial;\">&#8211;\u00a0<\/span><span style=\"font-family: Arial;\">M\u00e1sodszor, egy olyan korm\u00e1nyzat sz\u00e1m\u00e1ra, amely \u00e1tl\u00e1that\u00f3 \u00e9s teljesen demokratikus k\u00edv\u00e1n lenni, olyan\u00a0<\/span><b><span style=\"font-family: Arial;\">konkr\u00e9t \u00e9s nagyon is l\u00e1that\u00f3 eszk\u00f6zt<\/span><\/b><span style=\"font-family: Arial;\">\u00a0jelent, mellyel az demonstr\u00e1lni k\u00e9pes a k\u00f6z\u00f6ss\u00e9g ir\u00e1nti elk\u00f6telezetts\u00e9g\u00e9t.<\/span><br \/>\n<span style=\"font-family: Arial;\">&#8211;\u00a0<\/span><span style=\"font-family: Arial;\">Harmadszor,\u00a0<\/span><b><span style=\"font-family: Arial;\">olyan mechanizmust jelent, amellyel a k\u00f6z\u00f6ss\u00e9g technikai tud\u00e1s\u00e1nak<\/span><\/b><span style=\"font-family: Arial;\">\u00a0egy r\u00e9sz\u00e9t, valamint v\u00e9lem\u00e9ny\u00e9t fel lehet haszn\u00e1lni a helyi \u00f6nkorm\u00e1nyzati probl\u00e9m\u00e1k megold\u00e1sa sor\u00e1n.<\/span><br \/>\n<span style=\"font-family: Arial;\">&#8211;\u00a0<\/span><span style=\"font-family: Arial;\">Negyedszer,\u00a0<\/span><b><span style=\"font-family: Arial;\">f\u00f3rumot biztos\u00edt\u00a0<\/span><\/b><span style=\"font-family: Arial;\">a k\u00fcl\u00f6nb\u00f6z\u0151 szak\u00e9rt\u0151i ter\u00fcletekr\u0151l \u00e9rkez\u0151, k\u00fcl\u00f6nb\u00f6z\u0151 v\u00e9lem\u00e9nnyel rendelkez\u0151 szakemberek sz\u00e1m\u00e1ra egym\u00e1s inform\u00e1l\u00e1s\u00e1ra \u2013 fokozva ez\u00e1ltal a fontos k\u00e9rd\u00e9sekben folytatott p\u00e1rbesz\u00e9det, a konfliktusokat feloldand\u00f3.<\/span><br \/>\n<span style=\"font-family: Arial;\">&#8211;\u00a0<\/span><span style=\"font-family: Arial;\">\u00d6t\u00f6dsz\u00f6r,\u00a0<\/span><b><span style=\"font-family: Arial;\">fokozza a kommunik\u00e1ci\u00f3t a korm\u00e1nyzat t\u00f6rv\u00e9nyhoz\u00f3 \u00e9s v\u00e9grehajt\u00f3 \u00e1gazatai, a korm\u00e1nyzat \u00e9s a k\u00f6z\u00f6ss\u00e9g, valamint a helyi \u00f6nkorm\u00e1nyzatok k\u00fcl\u00f6nb\u00f6z\u0151 \u00e1gazatai k\u00f6z\u00f6tt.<\/span><\/b><br \/>\n<span style=\"font-family: Arial;\">&#8211;\u00a0<\/span><span style=\"font-family: Arial;\">Hatodszor,\u00a0<\/span><b><span style=\"font-family: Arial;\">\u00faj megl\u00e1t\u00e1sok, elk\u00e9pzel\u00e9sek, v\u00e9lem\u00e9nyek forr\u00e1sa<\/span><\/b><span style=\"font-family: Arial;\">\u00a0azoknak a v\u00e1lasztott \u00e9s kinevezett korm\u00e1nyhivatalnokoknak a sz\u00e1m\u00e1ra, akik kreativit\u00e1sukat veszni \u00e9rzik a napi m\u0171veletek nyom\u00e1sa \u00e9s bonyolults\u00e1ga \u00e1ltal.<\/span><br \/>\n<span style=\"font-family: Arial;\">&#8211;\u00a0<\/span><span style=\"font-family: Arial;\">V\u00e9gezet\u00fcl, a m\u00e9ly politikai, t\u00e1rsadalmi vagy etnikai v\u00e1ltozatoss\u00e1got mutat\u00f3 k\u00f6z\u00f6ss\u00e9gekben az eg\u00e9sz k\u00f6z\u00f6ss\u00e9g keresztmetszet\u00e9t j\u00f3l k\u00e9pvisel\u0151 \u00c1TT\u00a0<\/span><b><span style=\"font-family: Arial;\">seg\u00edthet a fesz\u00fclts\u00e9gek<\/span><\/b><span style=\"font-family: Arial;\">\u00a0<\/span><b><span style=\"font-family: Arial;\">enyh\u00edt\u00e9s\u00e9ben \u00e9s a korm\u00e1nyz\u00e1s folyamat\u00e1nak depolitiz\u00e1l\u00e1s\u00e1ban.<\/span><\/b><br \/>\n<b><span style=\"font-family: Arial;\">A r\u00e9szv\u00e9teli m\u00f3dszer alkalmaz\u00e1s\u00e1val kapcsolatos k\u00e9rd\u00e9sek<\/span><\/b><\/p>\n<p style=\"text-align: justify;\"><span style=\"font-family: Arial;\">Az \u00c1TT-k alap\u00edt\u00e1sa<\/span><\/p>\n<p style=\"text-align: justify;\"><span style=\"font-family: Arial;\">Fontos tudni, hogy Rom\u00e1ni\u00e1ban nem l\u00e9teznek az \u00c1TT-k tev\u00e9kenys\u00e9g\u00e9t szab\u00e1lyoz\u00f3 t\u00f6rv\u00e9nyek. A rom\u00e1n alkotm\u00e1ny (1991) szerint az emberek szabadon gy\u00fclekezhetnek \u00e9s fejthetik ki v\u00e9lem\u00e9ny\u00fcket.<\/span><br \/>\n<span style=\"font-family: Arial;\">Az \u00c1TT alap\u00edt\u00e1s\u00e1t kezdem\u00e9nyezhetik az \u00e1llampolg\u00e1rok, a helyi \u00f6nkorm\u00e1nyzat vagy mindkett\u0151 k\u00f6z\u00f6sen. Logikusabb, ha az \u00e1llampolg\u00e1rok kezdem\u00e9nyeznek, amikor \u00f6sszej\u00f6nnek valamely probl\u00e9ma megold\u00e1s\u00e1ra. Az \u00f6nkorm\u00e1nyzat is kezdem\u00e9nyezheti ilyen csoport fel\u00e1ll\u00edt\u00e1s\u00e1t az \u00e1llampolg\u00e1rok v\u00e9lem\u00e9ny\u00e9nek gy\u0171jt\u00e9s\u00e9re, \u00e9s esetenk\u00e9nt azok bevon\u00e1s\u00e1ra is.<\/span><br \/>\n<span style=\"font-family: Arial;\">Ha a legt\u00f6bbet k\u00edv\u00e1njuk kihozni egy tan\u00e1csad\u00f3 test\u00fclet fel\u00e1ll\u00edt\u00e1s\u00e1b\u00f3l \u00e9s m\u0171k\u00f6d\u00e9si felt\u00e9teleinek biztos\u00edt\u00e1s\u00e1b\u00f3l, az \u00c1TT-vel kapcsolatban figyelembe kell venn\u00fcnk n\u00e9h\u00e1ny \u00e1ltal\u00e1nos k\u00e9rd\u00e9st. \u00c1TT-t lehet alap\u00edtani minden olyan esetben, amikor a helyi \u00f6nkorm\u00e1nyzat olyan feladatot kap, amely sor\u00e1n haszn\u00e1t veheti az \u00e1llampolg\u00e1rokkal folytatott folyamatos kommunik\u00e1ci\u00f3nak. Az \u00f6nkorm\u00e1nyzatnak meg kell hat\u00e1roznia, hogy mely feladatok tartoznak majd az \u00c1TT hat\u00e1sk\u00f6r\u00e9be, h\u00e1ny tagja lesz, hogyan v\u00e1lasztj\u00e1k majd a tagokat, mennyi ideig szolg\u00e1lnak majd (\u00e1ltal\u00e1ban 1 \u00e9s 5 \u00e9v k\u00f6z\u00f6tt), \u00e9s esetenk\u00e9nt m\u00e1s dolgokat is, pl. hogy h\u00e1nyszor gy\u0171lj\u00f6n \u00f6ssze az \u00c1TT.<\/span><br \/>\n<span style=\"font-family: Arial;\">A v\u00e1rosi \u00f6nkorm\u00e1nyzat logisztikai seg\u00edts\u00e9get ny\u00fajt az \u00c1TT-nek, pl. tal\u00e1lkoz\u00f3helyet \u00e9s egy szem\u00e9lyzeti asszisztenst a tal\u00e1lkoz\u00f3k megszervez\u00e9s\u00e9re, a napirenddel kapcsolatos feladatokra, az \u00fcl\u00e9sek r\u00f6gz\u00edt\u00e9s\u00e9re, az irodai munka ell\u00e1t\u00e1s\u00e1ra \u00e9s a v\u00e1rossal kapcsolatos inform\u00e1ci\u00f3k biztos\u00edt\u00e1s\u00e1ra.<\/span><br \/>\n<span style=\"font-family: Arial;\">Az \u00c1TT tagjai \u00f6nk\u00e9ntesek. A v\u00e1ros is kinevezheti \u0151ket, de meg is lehet \u0151ket v\u00e1lasztani. A tagok gyakran \u00f6nmagukat v\u00e1lasztj\u00e1k ki a munk\u00e1ra, maguk l\u00e9pnek kapcsolatba a v\u00e1rossal, ha hallj\u00e1k, hogy \u00fcresed\u00e9s van, \u00e9s maguk jelentkeznek szolg\u00e1latra. Azonban, ha megv\u00e1lasztj\u00e1k \u0151ket, ezt a v\u00e1ros oldal\u00e1r\u00f3l hivatalos kinevez\u00e9ssel is \u00e9rv\u00e9nyes\u00edteni kell.<\/span><br \/>\n<span style=\"font-family: Arial;\">A k\u00fcl\u00f6nb\u00f6z\u0151 \u00c1TT-k id\u0151beoszt\u00e1sa, munkab\u00edr\u00e1sa m\u00e1s \u00e9s m\u00e1s. P\u00e9ld\u00e1nak ok\u00e1\u00e9rt egy, a v\u00e1rosi k\u00f6lts\u00e9gvet\u00e9s t\u00e9m\u00e1j\u00e1ban tan\u00e1csot ad\u00f3 \u00c1TT tipikusan havonta egyszer \u00fcl\u00e9sezik a k\u00f6lts\u00e9gvet\u00e9s elk\u00e9sz\u00edt\u00e9s\u00e9nek id\u0151szak\u00e1ban. Lehets\u00e9ges azonban, hogy heti gyakoris\u00e1ggal \u00fcl\u00e9seznek abban az intenz\u00edv peri\u00f3dusban, amikor a v\u00e1rosvezet\u00e9s v\u00e9gleges\u00edti a k\u00f6lts\u00e9gvet\u00e9st, majd el\u0151terjeszti azt a helyi \u00f6nkorm\u00e1nyzatnak, amely \u00e1ttekinti \u00e9s elfogadja azt. M\u00e1s \u00c1TT-k havonta \u00fcl\u00e9seznek, de a tagok az \u00fcl\u00e9seken k\u00edv\u00fcl is v\u00e9gzik munk\u00e1jukat. Megint m\u00e1s \u00c1TT-k csak negyed\u00e9vente \u00fcl\u00e9seznek, \u00e9s az \u00fcl\u00e9s keretein bel\u00fcl el is v\u00e9gzik az adott munk\u00e1t.<\/span><\/p>\n<p><b><i><span style=\"font-family: Arial;\">Az \u00c1TT-k t\u00edpusai<\/span><\/i><\/b><br \/>\n<span style=\"font-family: Arial;\">Az \u00c1TT-nek k\u00e9t fajt\u00e1ja van:\u00a0<\/span><i><span style=\"font-family: Arial;\">\u00e1lland\u00f3 \u00e9s \u00e1tmeneti<\/span><\/i><span style=\"font-family: Arial;\">. Egyes \u00c1TT-k permanens jelleg\u0171ek \u00e9s olyan \u00e1lland\u00f3 feladataik vannak, amelyek \u00e9vr\u0151l \u00e9vre folytat\u00f3dnak. M\u00e1s \u00c1TT-k id\u0151ben korl\u00e1tozott feladatokkal rendelkeznek. Az \u00e1tmeneti jelleg\u0171 \u00c1TT-k \u00edr\u00e1sban pontosan meghat\u00e1rozott specifikus feladatot kapnak, \u00e9s meghat\u00e1rozott idej\u00fck van a feladat v\u00e9grehajt\u00e1s\u00e1ra. Munk\u00e1jukat \u00edr\u00e1sos jelent\u00e9ssel z\u00e1rj\u00e1k, amelyben megteszik aj\u00e1nl\u00e1saikat.<\/span><br \/>\n<span style=\"font-family: Arial;\">Egyes esetekben az \u00e1tmeneti \u00c1TT munk\u00e1ja egy \u00e1lland\u00f3 \u00c1TT l\u00e9trehoz\u00e1s\u00e1hoz vezethet. P\u00e9ld\u00e1nak ok\u00e1\u00e9rt, egy szomsz\u00e9ds\u00e1gi fejleszt\u00e9ssel foglalkoz\u00f3 \u00c1TT jelent\u00e9s\u00e9ben azt az aj\u00e1nl\u00e1st tette, hogy a v\u00e1rosnak egy speci\u00e1lis \u00e9ves p\u00e1ly\u00e1zati alapot kellene l\u00e9trehoznia a helyi szomsz\u00e9ds\u00e1gfejleszt\u0151 javaslatok t\u00e1mogat\u00e1s\u00e1ra. A v\u00e1ros elfogadta az aj\u00e1nl\u00e1st \u00e9s fel\u00e1ll\u00edtott egy \u00e1lland\u00f3 \u00c1TT-t azzal a feladattal, hogy a javaslatokat \u00e1ttekintse, \u00e9s \u00e9vente aj\u00e1nl\u00e1st tegyen a t\u00e1mogatand\u00f3 legjobb javaslatokra. Az ilyen ny\u00edltan hozott \u00e9s nyilv\u00e1nos krit\u00e9riumokon nyugv\u00f3 d\u00f6nt\u00e9sek seg\u00edtenek az \u00e1llampolg\u00e1roknak, hogy megbizonyosodjanak r\u00f3la, a programot val\u00f3ban igazs\u00e1gosan, \u00e1tl\u00e1that\u00f3an szervezik, mindennem\u0171 elfogults\u00e1g n\u00e9lk\u00fcl.<\/span><\/p>\n<p><b><span style=\"font-family: Arial;\">P\u00e9ld\u00e1k\u00a0<\/span><\/b><b><i><span style=\"font-family: Arial;\">\u00e1lland\u00f3 \u00c1TT-re:<\/span><\/i><\/b><br \/>\n<span style=\"font-family: Arial;\">&#8211;\u00a0<\/span><span style=\"font-family: Arial;\">Tervez\u0151 bizotts\u00e1g<\/span><br \/>\n<span style=\"font-family: Arial;\">&#8211;\u00a0<\/span><span style=\"font-family: Arial;\">K\u00f6lts\u00e9gvet\u00e9si bizotts\u00e1g<\/span><br \/>\n<span style=\"font-family: Arial;\">&#8211;\u00a0<\/span><span style=\"font-family: Arial;\">Park \u00e9s szabadid\u0151s test\u00fclet<\/span><br \/>\n<span style=\"font-family: Arial;\">&#8211;\u00a0<\/span><span style=\"font-family: Arial;\">Gazdas\u00e1gfejleszt\u00e9si bizotts\u00e1g<\/span><br \/>\n<span style=\"font-family: Arial;\">&#8211;\u00a0<\/span><span style=\"font-family: Arial;\">K\u00f6zleked\u00e9si test\u00fclet<\/span><br \/>\n<span style=\"font-family: Arial;\">&#8211;\u00a0<\/span><span style=\"font-family: Arial;\">K\u00f6zeg\u00e9szs\u00e9g\u00fcgyi bizotts\u00e1g<\/span><br \/>\n<span style=\"font-family: Arial;\">&#8211;\u00a0<\/span><span style=\"font-family: Arial;\">Testv\u00e9rv\u00e1rosi bizotts\u00e1g<\/span><br \/>\n<span style=\"font-family: Arial;\">&#8211;\u00a0<\/span><span style=\"font-family: Arial;\">Szomsz\u00e9ds\u00e1gv\u00e9delem<\/span><\/p>\n<p><b><span style=\"font-family: Arial;\">P\u00e9ld\u00e1k\u00a0<\/span><\/b><b><i><span style=\"font-family: Arial;\">\u00e1tmeneti \u00c1TT-re:<\/span><\/i><\/b><br \/>\n<span style=\"font-family: Arial;\">&#8211;\u00a0<\/span><span style=\"font-family: Arial;\">Tan\u00e1csad\u00f3 test\u00fcletek specifikus projektekben (pl. szomsz\u00e9ds\u00e1gfejleszt\u00e9s vagy helyi t\u00f6megk\u00f6zleked\u00e9si terv k\u00e9sz\u00edt\u00e9se)<\/span><br \/>\n<span style=\"font-family: Arial;\">&#8211;\u00a0<\/span><span style=\"font-family: Arial;\">Fiatalok lehet\u0151s\u00e9geivel foglalkoz\u00f3 munkacsoport<\/span><br \/>\n<span style=\"font-family: Arial;\">&#8211;\u00a0<\/span><span style=\"font-family: Arial;\">Bizotts\u00e1g a vonz\u00f3 \u00faj \u00fczleti lehet\u0151s\u00e9gek tanulm\u00e1nyoz\u00e1s\u00e1ra<\/span><br \/>\n<span style=\"font-family: Arial;\">&#8211;\u00a0<\/span><span style=\"font-family: Arial;\">Bizotts\u00e1g a v\u00e1rosi alap\u00edt\u00f3 okirat m\u00f3dos\u00edt\u00e1si lehet\u0151s\u00e9geinek tanulm\u00e1nyoz\u00e1s\u00e1ra<\/span><br \/>\n<span style=\"font-family: Arial;\">&#8211;\u00a0<\/span><span style=\"font-family: Arial;\">K\u00e9k-szalag bizotts\u00e1gok (v\u00e1lasztott \u00f6nk\u00e9ntes szakemberek csoportjai igen specifikus \u00e9s rendszerint meglehet\u0151sen technikai jelleg\u0171 feladatokra)<\/span><\/p>\n<p><b><span style=\"font-family: Arial;\">A sikeres kivitelez\u00e9s folyamata\/l\u00e9p\u00e9sei<\/span><\/b><\/p>\n<p><span style=\"font-family: Arial;\">A \u00c1TT-nek vil\u00e1gos meghatalmaz\u00e1ssal kell rendelkeznie, amely megjel\u00f6li jogosults\u00e1g\u00e1nak forr\u00e1s\u00e1t, munk\u00e1j\u00e1nak c\u00e9lj\u00e1t \u00e9s azt, hogy mire terjed ki felel\u0151ss\u00e9ge. Az \u00c1TT-t a helyi \u00e9s a nemzeti t\u00f6rv\u00e9nyekkel \u00f6sszhangban kell kialak\u00edtani.<\/span><br \/>\n<span style=\"font-family: Arial;\">A v\u00e1rosvezet\u00e9s \u00e1ltal a \u00c1TT-nek adott meghatalmaz\u00e1snak \u00edr\u00e1sos instrukci\u00f3kat kell tartalmaznia, amelyek legal\u00e1bb az al\u00e1bbi pontokat tartalmazz\u00e1k:<\/span><br \/>\n<span style=\"font-family: Arial;\">&#8211;\u00a0<\/span><span style=\"font-family: Arial;\">A tan\u00e1csad\u00f3 test\u00fclet neve \u00e9s c\u00e9lja,<\/span><br \/>\n<span style=\"font-family: Arial;\">&#8211;\u00a0<\/span><span style=\"font-family: Arial;\">Tags\u00e1g, a tags\u00e1g kiv\u00e1logat\u00e1s\u00e1nak vagy kijel\u00f6l\u00e9s\u00e9nek m\u00f3dja, a szolg\u00e1lat id\u0151tartama,<\/span><br \/>\n<span style=\"font-family: Arial;\">&#8211;\u00a0<\/span><span style=\"font-family: Arial;\">A v\u00e1rhat\u00f3 eredm\u00e9ny (pl. id\u0151szaki jelent\u00e9sek, z\u00e1r\u00f3jelent\u00e9sek),<\/span><br \/>\n<span style=\"font-family: Arial;\">&#8211;\u00a0<\/span><span style=\"font-family: Arial;\">A test\u00fclet hat\u00f3k\u00f6re \u2013 hogy a csoport tudja, v\u00e1rhat\u00f3an milyen hat\u00e1ssal \u00e9s befoly\u00e1ssal b\u00edrhat azokon a ter\u00fcleteken, melyek\u00e9rt felel\u0151s,<\/span><br \/>\n<span style=\"font-family: Arial;\">&#8211;\u00a0<\/span><span style=\"font-family: Arial;\">Id\u0151keret \u2013 lehet \u00e1lland\u00f3 vagy \u00e1tmeneti. Ha \u00e1tmeneti, a m\u0171k\u00f6d\u00e9si id\u0151szak \u00e9s a test\u00fcleti \u00fcl\u00e9sek v\u00e1rhat\u00f3 gyakoris\u00e1ga is bele\u00e9rtend\u0151,<\/span><br \/>\n<span style=\"font-family: Arial;\">&#8211;\u00a0<\/span><span style=\"font-family: Arial;\">Er\u0151forr\u00e1sok \u2013 pl. k\u00f6zigazgat\u00e1si int\u00e9zm\u00e9ny(ek)t\u0151l \u00e9rkez\u0151 t\u00e1mogat\u00e1sok, milyen dokumentumokhoz f\u00e9r majd hozz\u00e1, k\u00f6lts\u00e9gek (amennyiben azokat biztos\u00edtj\u00e1k), a megbesz\u00e9l\u00e9sek helysz\u00edne stb.,<\/span><br \/>\n<span style=\"font-family: Arial;\">&#8211;\u00a0<\/span><span style=\"font-family: Arial;\">Kapcsolat a m\u00e9di\u00e1val, bizalmasan kezelt \u00fcgyek, \u00e9rdekellent\u00e9tek.<\/span><\/p>\n<p><span style=\"font-family: Arial;\">Az is fontos, hogy az \u00edr\u00e1sos t\u00e1j\u00e9koztat\u00f3 a m\u00e9di\u00e1ban, hirdet\u0151t\u00e1bl\u00e1kon, weblapokon kereszt\u00fcl a nyilv\u00e1noss\u00e1g el\u00e9 ker\u00fclj\u00f6n, \u00e9s k\u00e9r\u00e9sre a k\u00f6z\u00f6ss\u00e9g tagjai sz\u00e1m\u00e1ra is hozz\u00e1f\u00e9rhet\u0151 legyen. A tan\u00e1csad\u00f3 test\u00fclet \u00fcl\u00e9seinek id\u0151beoszt\u00e1s\u00e1t nyilv\u00e1noss\u00e1 kell tenni, \u00e9s nyilv\u00e1nos \u00fcl\u00e9seket kell tartani, hacsak nincs valamilyen nyom\u00f3s \u00e9rv amellett, hogy z\u00e1rt ajt\u00f3k m\u00f6g\u00f6tt tartsanak meg egy \u00fcl\u00e9st.<\/span><\/p>\n<p><b><i><span style=\"font-family: Arial;\">M\u0171k\u00f6d\u00e9si szab\u00e1lyzat<\/span><\/i><\/b><br \/>\n<span style=\"font-family: Arial;\">Minden tan\u00e1csad\u00f3 szervnek kell, hogy legyen m\u0171k\u00f6d\u00e9si szab\u00e1lyzata. Gyakori, hogy a test\u00fcletbe els\u0151k\u00e9nt jel\u00f6ltek maguk hat\u00e1rozz\u00e1k meg test\u00fcleti szab\u00e1lyaikat, \u00e9s arra is felhatalmaz\u00e1st kapnak, hogy sz\u00fcks\u00e9g eset\u00e9n v\u00e1ltoztat\u00e1sokat eszk\u00f6z\u00f6ljenek.<\/span><br \/>\n<span style=\"font-family: Arial;\">N\u00e9h\u00e1ny l\u00e9nyeges dolog, amit a m\u0171k\u00f6d\u00e9si szab\u00e1lyzatnak tartalmaznia kell:<\/span><br \/>\n<span style=\"font-family: Arial;\">&#8211;\u00a0<\/span><span style=\"font-family: Arial;\">Az \u00fcl\u00e9sek id\u0151pontja helysz\u00edne \u00e9s id\u0151tartama,<\/span><br \/>\n<span style=\"font-family: Arial;\">&#8211;\u00a0<\/span><span style=\"font-family: Arial;\">Az eln\u00f6ks\u00e9g, az eln\u00f6k szerepe, v\u00e1laszt\u00e1s\u00e1nak folyamata \u00e9s a megb\u00edzat\u00e1s id\u0151tartama,<\/span><br \/>\n<span style=\"font-family: Arial;\">&#8211;\u00a0<\/span><span style=\"font-family: Arial;\">A d\u00f6nt\u00e9shoz\u00e1s \u00e9s a konszenzus m\u00f3dja (a szavaz\u00e1s \u00e1ltal\u00e1nos, a szavaz\u00f3frakci\u00f3k kialakul\u00e1s\u00e1t elker\u00fclend\u0151 azonban alternat\u00edva lehet a konszenzusig tart\u00f3 p\u00e1rbesz\u00e9d is, ahol az eln\u00f6k felel\u0151ss\u00e9ge a csoportkonszenzus kimond\u00e1sa, el\u0151seg\u00edt\u00e9se),<\/span><br \/>\n<span style=\"font-family: Arial;\">&#8211;\u00a0<\/span><span style=\"font-family: Arial;\">Nyilv\u00e1ntart\u00e1s \u00e9s besz\u00e1mol\u00f3k \u00edr\u00e1sa,<\/span><br \/>\n<span style=\"font-family: Arial;\">&#8211;\u00a0<\/span><span style=\"font-family: Arial;\">Az \u00faj tagok t\u00e1j\u00e9koztat\u00e1sa az esem\u00e9nyekr\u0151l \u00e9s d\u00f6nt\u00e9sekr\u0151l.<\/span><\/p>\n<p><b><i><span style=\"font-family: Arial;\">Az \u00c1TT-k tev\u00e9kenys\u00e9gi list\u00e1ja:<\/span><\/i><\/b><br \/>\n<span style=\"font-family: Arial;\">&#8211;\u00a0<\/span><span style=\"font-family: Arial;\">Fejlesszenek vagy alkalmazzanak m\u00e1sok \u00e1ltal kidolgozott ir\u00e1nyelveket, elj\u00e1r\u00e1sm\u00f3dokat \u00e9s tarts\u00e1k is magukat hozz\u00e1juk,<\/span><br \/>\n<span style=\"font-family: Arial;\">&#8211;\u00a0<\/span><span style=\"font-family: Arial;\">K\u00e9sz\u00edtsenek munkatervet, fogadtass\u00e1k el a tan\u00e1ccsal, \u00e9s legyen ez a terv munk\u00e1juk vez\u00e9rfonala,<\/span><br \/>\n<span style=\"font-family: Arial;\">&#8211;\u00a0<\/span><span style=\"font-family: Arial;\">Szab\u00e1lyos id\u0151k\u00f6z\u00f6nk\u00e9nt test\u00fcletileg elemezz\u00e9k a munk\u00e1t \u00e9s bizonyosodjanak meg arr\u00f3l is, hogy az \u00f6sszhangban \u00e1ll a helyi \u00f6nkorm\u00e1nyzat \u00e1ltal meg\u00e1llap\u00edtott c\u00e9lokkal, c\u00e9lkit\u0171z\u00e9sekkel,<\/span><br \/>\n<span style=\"font-family: Arial;\">&#8211;\u00a0<\/span><span style=\"font-family: Arial;\">Amennyiben az \u00c1TT munk\u00e1ja szempontj\u00e1b\u00f3l fontos, k\u00e9rj\u00e9k, hogy r\u00e9szt vehessenek a k\u00f6lts\u00e9gvet\u00e9si folyamatban,<\/span><br \/>\n<span style=\"font-family: Arial;\">&#8211;\u00a0<\/span><span style=\"font-family: Arial;\">Rendszeresen tal\u00e1lkozzanak \u00e9s cser\u00e9ljenek tapasztalatokat az \u00f6nkorm\u00e1nyzat hivatalnokaival,<\/span><br \/>\n<span style=\"font-family: Arial;\">&#8211;\u00a0<\/span><span style=\"font-family: Arial;\">H\u00edvj\u00e1k meg a v\u00e1rosvezet\u00e9s \u00e9s a v\u00e1rosi tan\u00e1cs megfelel\u0151 tagjait, hogy vegyenek r\u00e9szt az \u00c1TT \u00fcl\u00e9sein,<\/span><br \/>\n<span style=\"font-family: Arial;\">&#8211;\u00a0<\/span><span style=\"font-family: Arial;\">Munk\u00e1juk legyen \u00e1tl\u00e1that\u00f3. Tartsanak nyilv\u00e1nos \u00fcl\u00e9seket, \u00e9s k\u00e9r\u00e9sre tegy\u00e9k hozz\u00e1f\u00e9rhet\u0151v\u00e9 az inform\u00e1ci\u00f3kat,<\/span><br \/>\n<span style=\"font-family: Arial;\">&#8211;\u00a0<\/span><span style=\"font-family: Arial;\">Szervezz\u00e9k meg, hogy a k\u00f6z\u00f6ss\u00e9g tagjai is hozz\u00e1j\u00e1ruljanak a munk\u00e1hoz. Szervezzenek nyilv\u00e1nos f\u00f3rumokat munk\u00e1juk bemutat\u00e1s\u00e1ra,<\/span><br \/>\n<span style=\"font-family: Arial;\">&#8211;\u00a0<\/span><span style=\"font-family: Arial;\">Forduljanak a helyi \u00f6nkorm\u00e1nyzat munkat\u00e1rsaihoz b\u00e1rmely sz\u00fcks\u00e9ges anyag\u00e9rt \u2013 ne legyenek passz\u00edvak,<\/span><br \/>\n<span style=\"font-family: Arial;\">&#8211;\u00a0<\/span><span style=\"font-family: Arial;\">Folyamatosan k\u00e9pezz\u00e9k magukat \u2013 tudj\u00e1k meg, mit tesznek m\u00e1s helyi \u00f6nkorm\u00e1nyzatok e ter\u00fcleten,<\/span><br \/>\n<span style=\"font-family: Arial;\">&#8211;\u00a0<\/span><span style=\"font-family: Arial;\">Jel\u00f6ljenek ki k\u00e9pvisel\u0151t \u2013 \u00e1ltal\u00e1ban az eln\u00f6k\u00f6t szokt\u00e1k \u2013, aki a v\u00e1lasztott hivatalnokok \u00e9s k\u00e9pvisel\u0151k el\u0151tt elmagyar\u00e1zza a bizotts\u00e1g munk\u00e1j\u00e1t.<\/span><\/p>\n<p><b><i><span style=\"font-family: Arial;\">\u00c9rt\u00e9kel\u00e9si technik\u00e1k az \u00c1TT-k hat\u00e9konys\u00e1g\u00e1nak m\u00e9r\u00e9s\u00e9re<\/span><\/i><\/b><br \/>\n<span style=\"font-family: Arial;\">Az \u00c1TT-k munk\u00e1j\u00e1nak saj\u00e1tos eredm\u00e9nye lehet a k\u00f6lts\u00e9gvet\u00e9s jobb el\u0151k\u00e9sz\u00edt\u00e9se, a t\u00f6megk\u00f6zleked\u00e9s min\u0151s\u00e9g\u00e9nek javul\u00e1sa, jobban m\u0171k\u00f6d\u0151 oktat\u00e1si rendszer stb. Az is fontos, hogy a test\u00fclet a k\u00f6z\u00f6ss\u00e9g \u00e9s a v\u00e1rosi tan\u00e1cs elismer\u00e9s\u00e9t egyar\u00e1nt kiv\u00edvja. A k\u00f6vetkez\u0151 elemek is hozz\u00e1j\u00e1rulhatnak a \u00c1TT-k hat\u00e9konys\u00e1g\u00e1nak m\u00e9r\u00e9s\u00e9hez: az \u00f6nkorm\u00e1nyzat vezet\u00e9se jobb lett, a v\u00e1roslak\u00f3k el\u00e9gedettebbek a k\u00f6zszolg\u00e1latokkal, a \u00c1TT sz\u00e1m\u00e1nak \u00e9s tagl\u00e9tsz\u00e1m\u00e1nak emelked\u00e9se.<\/span><\/p>\n<p><b><span style=\"font-family: Arial;\">Kock\u00e1zati t\u00e9nyez\u0151k \u00e9s akad\u00e1lyok<\/span><\/b><\/p>\n<p><b><i><span style=\"font-family: Arial;\">A<\/span><\/i><\/b><i><span style=\"font-family: Arial;\">z<\/span><\/i><b><i><span style=\"font-family: Arial;\">\u00a0\u00c1TT\u00a0<\/span><\/i><\/b><i><span style=\"font-family: Arial;\">fel\u00e1ll\u00edt\u00e1s\u00e1ra \u00e9s fenntart\u00e1s\u00e1ra ir\u00e1nyul\u00f3 motiv\u00e1ci\u00f3 hi\u00e1nya<\/span><\/i><br \/>\n<span style=\"font-family: Arial;\">Az \u00c1TT csak abban az esetben m\u0171k\u00f6dhet j\u00f3l \u00e9s maradhat tov\u00e1bbra is fenn, ha feladata sz\u00fcks\u00e9gszer\u0171 \u00e9s komoly, ha a lakoss\u00e1g \u00e9rti az \u00c1TT szerep\u00e9t \u00e9s t\u00e1mogatja azt, ha tan\u00e1csait mind az \u00e1llampolg\u00e1rok, mind pedig a helyi vezet\u00e9s komolyan veszi.<\/span><\/p>\n<p><i><span style=\"font-family: Arial;\">Az \u00e1llampolg\u00e1ri k\u00f6telezetts\u00e9gv\u00e1llal\u00e1s hi\u00e1nya<\/span><\/i><br \/>\n<span style=\"font-family: Arial;\">Az emberek \u00e1ltal\u00e1ban vonakodnak att\u00f3l, hogy besz\u00e1lljanak k\u00f6z\u00f6ss\u00e9gi \u00fcgyletekbe, hacsak nem k\u00f6zvetlen\u00fcl \u00e9rdekeltek azokban. Id\u0151be ker\u00fcl felkelteni a nyilv\u00e1noss\u00e1g \u00e9rdekl\u0151d\u00e9s\u00e9t. Egy \u00c1TT alakul\u00e1sakor a tags\u00e1g haszn\u00e1t a k\u00f6z\u00f6ss\u00e9g \u00e9s a helyi vezet\u0151s\u00e9g el\u0151tt is nyilv\u00e1nval\u00f3v\u00e1 kell tenni. A fogalomhoz val\u00f3 megfelel\u0151 hozz\u00e1\u00e1ll\u00e1s a lakoss\u00e1gi r\u00e9szv\u00e9tel kulcsfontoss\u00e1g\u00fa t\u00e9nyez\u0151j\u00e9t k\u00e9pezi, k\u00fcl\u00f6n\u00f6sen K\u00f6z\u00e9p- \u00e9s Kelet-Eur\u00f3pa orsz\u00e1gaiban.<\/span><\/p>\n<p><b><i><span style=\"font-family: Arial;\">Az el\u0151ny\u00f6k meg\u00e9rt\u00e9s\u00e9nek hi\u00e1nya mindk\u00e9t oldalon<\/span><\/i><\/b><br \/>\n<span style=\"font-family: Arial;\">Annak ellen\u00e9re, hogy az \u00c1TT az egyik leghat\u00e9konyabb \u00e9s legkev\u00e9sb\u00e9 dr\u00e1ga lehet\u0151s\u00e9g arra, hogy felvil\u00e1gosodott, m\u0171velt \u00e1llampolg\u00e1ri hozz\u00e1j\u00e1rul\u00e1st szerezz\u00fcnk az \u00f6nkorm\u00e1nyzati d\u00f6nt\u00e9shozatalhoz \u00e9s feladatokhoz, a k\u00f6z\u00f6ss\u00e9g, az emberek gyakran nemigen \u00e9rz\u00e9kelik a vele j\u00e1r\u00f3 el\u0151ny\u00f6ket. Az \u00c1TT-k helyi korm\u00e1nyzati szinten val\u00f3 elterjed\u00e9se vil\u00e1gszerte a demokr\u00e1ci\u00e1k civil t\u00e1rsadalmi tart\u00f3pill\u00e9reinek meger\u0151s\u00f6d\u00e9s\u00e9hez vezetett.<\/span><\/p>\n<p><b><i><span style=\"font-family: Arial;\">Ellen\u00e1ll\u00e1s a demokratikus orsz\u00e1gok p\u00e9ld\u00e1j\u00e1val szemben<\/span><\/i><\/b><br \/>\n<span style=\"font-family: Arial;\">Ami Nyugat-Eur\u00f3p\u00e1ban vagy \u00c9szak-Amerik\u00e1ban m\u0171k\u00f6dik, azon m\u00e1s orsz\u00e1gok eset\u00e9ben v\u00e1ltoztatni, igaz\u00edtani kell. Egyes orsz\u00e1goknak saj\u00e1t menetrendet kell kialak\u00edtaniuk a tan\u00e1csad\u00f3 test\u00fcletekkel kapcsolatban. Lehet p\u00e9ld\u00e1ul, hogy az \u00fajonnan v\u00e1lasztott tan\u00e1csnak \u00e9s a helyi vezet\u00e9snek k\u00f6z\u00f6sen kell kialak\u00edtania egy saj\u00e1tos tan\u00e1csad\u00f3 test\u00fcletet, vagy valamilyen egyens\u00faly j\u00f6n l\u00e9tre. A m\u00e1shol alkalmazott megk\u00f6zel\u00edt\u00e9seket a helyi sz\u00fcks\u00e9gletekhez, k\u00f6r\u00fclm\u00e9nyekhez kell igaz\u00edtani, \u00e9s azok hat\u00e9konyak is lehetnek, ha az emberek azt l\u00e1tj\u00e1k, hogy a korm\u00e1nyzat komolyan \u00e1tl\u00e1that\u00f3bb \u00e9s hat\u00e9konyabb k\u00edv\u00e1n lenni.<\/span><\/p>\n<p><b><span style=\"font-family: Arial;\">P\u00c9LD\u00c1K \u2013 Az \u00c1TT-k tev\u00e9kenys\u00e9ge Rom\u00e1ni\u00e1ban<\/span><\/b><\/p>\n<p><b><i><span style=\"font-family: Arial;\">1. \u00c1llampolg\u00e1ri Tan\u00e1csad\u00f3 Bizotts\u00e1g a brass\u00f3i t\u00f6megk\u00f6zleked\u00e9sr\u0151l<\/span><\/i><\/b><br \/>\n<span style=\"font-family: Arial;\">Brass\u00f3 v\u00e1rosa 2001-ben egy igen sikeres nyilv\u00e1nos k\u00f6lts\u00e9gvet\u00e9si meghallgat\u00e1st vezetett le 578 ember r\u00e9szv\u00e9tel\u00e9vel. Ez m\u00e1r zsin\u00f3rban a harmadik \u00e9v volt, amikor Brass\u00f3 nyilv\u00e1nos meghallgat\u00e1st szervezett a helyi k\u00f6lt-<\/span><br \/>\n<span style=\"font-family: Arial;\">s\u00e9gvet\u00e9ssel kapcsolatban, de a meghallgat\u00e1s min\u0151s\u00e9ge \u00e9s hat\u00e1sa most m\u00e1r sz\u00e9les k\u00f6rben elismertt\u00e9 v\u00e1lt. Az el\u0151z\u0151 \u00e9vben csak 35-en voltak, \u00e9s az \u00fcl\u00e9s kev\u00e9s eredm\u00e9nnyel j\u00e1rt. 2001-ben az emberek m\u00e1r rengeteg fontos k\u00e9rd\u00e9st fogalmaztak meg.<\/span><br \/>\n<span style=\"font-family: Arial;\">Az \u00fcl\u00e9sb\u0151l kiindul\u00f3 egyik legfontosabb \u00faj\u00edt\u00e1s az \u00c1llampolg\u00e1ri K\u00f6zleked\u00e9si Tan\u00e1csad\u00f3 Bizotts\u00e1g fel\u00e1ll\u00edt\u00e1sa volt. Ezt a m\u00e1s-m\u00e1s ter\u00fcletekr\u0151l, szakm\u00e1kb\u00f3l \u00e9rkez\u0151 14 \u00f6nk\u00e9ntesb\u0151l \u00e1ll\u00f3 test\u00fcletet hat\u00e1rozatlan id\u0151re v\u00e1lasztott\u00e1k meg, \u00e9s tagjai kialak\u00edtj\u00e1k majd saj\u00e1t szab\u00e1lyzatukat \u00e9s elj\u00e1r\u00e1sm\u00f3djaikat. A test\u00fclet legfontosabb c\u00e9lja a v\u00e1ros \u00e9s t\u00f6megk\u00f6zleked\u00e9s szolg\u00e1ltat\u00f3inak seg\u00edt\u00e9se a szem\u00e9lysz\u00e1ll\u00edt\u00e1ssal kapcsolatos d\u00f6nt\u00e9sek meghozatal\u00e1ban, amelyet a meghallgat\u00e1son a harmadik legfontosabb k\u00f6lts\u00e9gvet\u00e9si priorit\u00e1sk\u00e9nt szavaztak meg.<\/span><br \/>\n<span style=\"font-family: Arial;\">Az \u00c1TT havonta tartotta gy\u0171l\u00e9seit, sz\u00fcks\u00e9g eset\u00e9n m\u00e9g gyakrabban. A csoport els\u0151 feladata egy olyan k\u00e9rd\u0151\u00edv kit\u00f6lt\u00e9se volt, amely a kit\u00f6lt\u0151 k\u00fcl\u00f6nb\u00f6z\u0151 opci\u00f3k k\u00f6zti preferenci\u00e1kat vizsg\u00e1lja a jegy\u00e1rak, a t\u00e1mogat\u00e1sok, ad\u00f3k \u00e9s a buszv\u00e1s\u00e1rl\u00e1sok viszonylat\u00e1ban.<\/span><\/p>\n<p><b><i><span style=\"font-family: Arial;\">2. K\u00f6lts\u00e9gvet\u00e9si \u00c1TT Turnu Magurele-ben<\/span><\/i><\/b><br \/>\n<span style=\"font-family: Arial;\">Turnu Magurele az egyik els\u0151 k\u00f6z\u00f6ss\u00e9g volt Rom\u00e1ni\u00e1ban, amely komolyan fontol\u00f3ra vette az \u00c1TT-k helyi k\u00f6lts\u00e9gvet\u00e9sben val\u00f3 alkalmaz\u00e1s\u00e1nak k\u00e9rd\u00e9s\u00e9t. Az \u00c1TT itt 9 szem\u00e9lyb\u0151l \u00e1ll, akiket a polg\u00e1rmester v\u00e1lasztott m\u00e1s helyi vezet\u0151k tan\u00e1cs\u00e1val \u00e9s seg\u00edts\u00e9g\u00e9vel. A tags\u00e1g egyik krit\u00e9riuma a p\u00e9nz\u00fcgyi k\u00e9rd\u00e9sekben val\u00f3 j\u00e1rtass\u00e1g volt. Az elk\u00e9pzel\u00e9s \u00faj volt, \u00edgy voltak, akik eleinte nem b\u00edztak benne. Ennek ellen\u00e9re a 2000 december\u00e9ben tartott nyilv\u00e1nos k\u00f6lts\u00e9gvet\u00e9si t\u00e1rgyal\u00e1sok el\u0151k\u00e9sz\u00fcleteibe messzemen\u0151kig bevont\u00e1k az \u00c1TT-t, amely hasznos \u00e9s fontos szerepet t\u00f6lt\u00f6tt be.<\/span><br \/>\n<span style=\"font-family: Arial;\">Voltak ir\u00e1nyelvi vit\u00e1k, \u00e9s v\u00e9g\u00fcl is tettek n\u00e9h\u00e1ny aj\u00e1nl\u00e1st a polg\u00e1rmesternek. A vitatott ir\u00e1nyelvek a csoport elt\u00e9r\u0151 \u00e9rdekelts\u00e9g\u00e9t t\u00fckr\u00f6zt\u00e9k a k\u00f6lts\u00e9gvet\u00e9si folyamattal szemben. A m\u00e1s-m\u00e1s v\u00e9lem\u00e9nyt k\u00e9pvisel\u0151 tagok kifejtett\u00e9k n\u00e9zeteiket a k\u00f6zkiad\u00e1sok \u00e9s a bev\u00e9telek maximaliz\u00e1l\u00e1sa vonatkoz\u00e1s\u00e1ban.<\/span><br \/>\n<span style=\"font-family: Arial;\">A vita eredm\u00e9nyek\u00e9ppen a helyi \u00f6nkorm\u00e1nyzat soron k\u00f6vetkez\u0151 \u00fcl\u00e9s\u00e9re a polg\u00e1rmester komolyan m\u00e9rlegelte a csoport aj\u00e1nl\u00e1sait. A 2001-es helyi k\u00f6lts\u00e9gvet\u00e9shez teh\u00e1t a helyi lakosok is hozz\u00e1j\u00e1rultak, amely \u00edgy nem csup\u00e1n a politikusok \u00e9rdekeit, hanem a k\u00f6z\u00f6ss\u00e9g sz\u00fcks\u00e9gleteit is t\u00fckr\u00f6zte.<\/span><br \/>\n<span style=\"font-family: Arial;\">Az \u00c1TT eln\u00f6ke egy m\u00e9rn\u00f6k, a k\u00f6zm\u0171vek egyik igazgat\u00f3ja, aki egyben a k\u00f6lts\u00e9gvet\u00e9s\u00e9rt felel\u0151s v\u00e1rosi k\u00e9pvisel\u0151 is. 2001 tavasz\u00e1n az \u00c1TT tov\u00e1bbra is k\u00e9thetente \u00fcl\u00e9sezett \u00e9s tan\u00e1csad\u00f3k\u00e9nt m\u0171k\u00f6d\u00f6tt k\u00f6zre a 2001-es v\u00e9gs\u0151 k\u00f6lts\u00e9gvet\u00e9s el\u0151k\u00e9sz\u00edt\u00e9s\u00e9ben. 2001 m\u00e1jus\u00e1ra megszervez\u0151dtek a nemzeti korm\u00e1nyt\u00f3l \u00e9rkez\u0151 juttat\u00e1sok, \u00e9s a k\u00f6lts\u00e9gvet\u00e9st a h\u00f3nap v\u00e9g\u00e9re v\u00e9gleges\u00edtett\u00e9k. Az \u00c1TT a k\u00f6lts\u00e9gvet\u00e9s elfogad\u00e1s\u00e1t k\u00f6vet\u0151en is tov\u00e1bb \u00fcl\u00e9sezett, k\u00f6vet\u0151i jelleggel.<\/span><\/p>\n<p><b><i><span style=\"font-family: Arial;\">3. Oktat\u00e1si \u00c1TT Turnu Magureleben<\/span><\/i><\/b><br \/>\n<span style=\"font-family: Arial;\">2001-ben Turnu Magurele kezdem\u00e9nyezte egy oktat\u00e1si tan\u00e1csad\u00f3 test\u00fclet l\u00e9trehoz\u00e1s\u00e1t. A kezdem\u00e9nyez\u00e9s id\u0151szer\u0171 volt, hiszen az oktat\u00e1si p\u00e9nzeket a helyi \u00f6nkorm\u00e1nyzatokhoz helyezt\u00e9k ki. Az \u00c1TT tagjai iskolaigazgat\u00f3k. A tan\u00e1csad\u00f3 test\u00fclet c\u00e9lja az inform\u00e1ci\u00f3csere a k\u00fcl\u00f6nb\u00f6z\u0151 iskol\u00e1k k\u00f6z\u00f6tt, valamint az iskol\u00e1k \u00e9s a helyi \u00f6nkorm\u00e1nyzat k\u00f6z\u00f6tt.<\/span><br \/>\n<span style=\"font-family: Arial;\">Az els\u0151 tal\u00e1lkoz\u00f3n a polg\u00e1rmester annak hasznoss\u00e1g\u00e1t ecsetelte, ha a tan\u00e1csad\u00f3 test\u00fclet \u00e9s az emberek jobban \u00e9rz\u00e9kelik, mennyire korl\u00e1tozottak az \u00f6nkorm\u00e1nyzat er\u0151forr\u00e1sai. Az \u00c1TT-vel kapcsolatban azt is<\/span><\/p>\n<p><span style=\"font-family: Arial;\">megjegyezte, hogy n\u00e9ha m\u00e9g a legkiv\u00e1l\u00f3bb oktat\u00f3k is haszn\u00e1t l\u00e1tj\u00e1k k\u00f6zigazgat\u00e1si j\u00e1rtass\u00e1guk fejleszt\u00e9s\u00e9nek.<\/span><br \/>\n<span style=\"font-family: Arial;\">Ez fontos innov\u00e1ci\u00f3 volt, amely mag\u00e1ba hordozta a potenci\u00e1lt a helyi \u00f6nkorm\u00e1nyzat \u00e9s az oktat\u00e1si szektor k\u00f6z\u00f6tti kommunik\u00e1ci\u00f3 fokoz\u00e1s\u00e1ra. A tov\u00e1bbi el\u0151ny\u00f6k k\u00f6z\u00f6tt eml\u00edthetj\u00fck, hogy az iskolai tiszts\u00e9gvisel\u0151k inform\u00e1ltabb\u00e1 v\u00e1ltak, \u00e9s \u00edgy megalapozottabban besz\u00e9lhetnek a sz\u00fcl\u0151kkel \u00e9s m\u00e1s \u00e9rdekelt szem\u00e9lyekkel arr\u00f3l, hogy a helyi k\u00f6lts\u00e9gvet\u00e9s mik\u00e9nt befoly\u00e1solja az oktat\u00e1ssal kapcsolatban hozott d\u00f6nt\u00e9seket.<\/span><\/p>\n<p><b><i><span style=\"font-family: Arial;\">4. Id\u0151sek tan\u00e1csa Mediasban \u00e9s Pitestiben<\/span><\/i><\/b><br \/>\n<span style=\"font-family: Arial;\">Mediasban \u00e9s Pitestiben olyan nyugd\u00edjasokb\u00f3l \u00e1ll\u00f3 \u00c1TT-k m\u0171k\u00f6dnek, akik \u00f6nk\u00e9ntes alapon k\u00edv\u00e1nnak egy\u00fcttm\u0171k\u00f6dni a helyi v\u00e1rosvezet\u00e9ssel. A mediasi csoportnak 27 tagja van. Legal\u00e1bb negyed\u00e9vente tal\u00e1lkoznak vagy gyakrabban, ha a polg\u00e1rmester k\u00e9ri.<\/span><br \/>\n<span style=\"font-family: Arial;\">Van, hogy az \u00fcl\u00e9sek egy bizonyos t\u00e9m\u00e1ra \u00f6sszpontos\u00edtanak. Az egyik \u00fcl\u00e9s p\u00e9ld\u00e1ul, ahova megh\u00edvt\u00e1k n\u00e9h\u00e1ny helyi ipari l\u00e9tes\u00edtm\u00e9ny igazgat\u00f3j\u00e1t is, k\u00f6rnyezetv\u00e9delmi t\u00e9m\u00e1kat vizsg\u00e1lt, \u00e9s bizonyos eredm\u00e9nyekkel is j\u00e1rt. A test\u00fclet tagjait hivatalos funkci\u00f3k bet\u00f6lt\u00e9s\u00e9re k\u00e9rik fel, \u00e9s folyamatosan inform\u00e1l\u00f3dnak a v\u00e1ros terveir\u0151l, kezdem\u00e9nyez\u00e9seir\u0151l. Mindig felh\u00edvj\u00e1k a figyelm\u00fcket a v\u00e1rosi tan\u00e1cs \u00fcl\u00e9seinek id\u0151pontj\u00e1ra \u00e9s helysz\u00edn\u00e9re, hogy el\u0151re tervezhess\u00e9k r\u00e9szv\u00e9tel\u00fcket.<\/span><br \/>\n<span style=\"font-family: Arial;\">Pitestiben a csoport 30 nyugd\u00edjas tagot sz\u00e1ml\u00e1l, mindannyian egyetemi v\u00e9gzetts\u00e9g\u0171ek. Havonta egyszer \u00fclnek \u00f6ssze, hogy a polg\u00e1rmester \u00e1ltal megjel\u00f6lt vagy a saj\u00e1t maguk \u00e1ltal azonos\u00edtott probl\u00e9m\u00e1kkal dolgozzanak. T\u00f6bbek k\u00f6z\u00f6tt a k\u00f6vetkez\u0151 t\u00e9m\u00e1kkal foglalkoztak m\u00e1r: sz\u00fcnid\u0151-el\u0151k\u00e9sz\u00edt\u00e9s, utcasepr\u00e9s, szem\u00e9tlerak\u00e1s, veszett kuty\u00e1k, k\u00f6zleked\u00e9si probl\u00e9m\u00e1k.<\/span><br \/>\n<b><i><span style=\"font-family: Arial;\">5. \u00c1TT az ir\u00e1ny\u00edtott legeltet\u00e9s\u00e9rt Cristian Commun\u00e9ben<\/span><\/i><\/b><br \/>\n<span style=\"font-family: Arial;\">Cristian Commune (Sibiu megye) \u00c1TT-t hozott l\u00e9tre, hogy h\u00e1rom k\u00f6z\u00f6s legel\u0151ter\u00fclet probl\u00e9m\u00e1j\u00e1val foglalkozzon. Az \u00c1TT tagjai ell\u00e1togattak a legel\u0151kre, hogy pontosabban behat\u00e1rolhass\u00e1k a probl\u00e9ma term\u00e9szet\u00e9t. Az \u00c1TT ezut\u00e1n az \u00e9rdekeltekkel (legel\u0151tulajdonosok, marha- \u00e9s juhtart\u00f3kkal, a polg\u00e1rmesterrel \u00e9s munkat\u00e1rsaival) \u00fcl\u00e9sezett, \u00e9s k\u00f6z\u00f6sen tervet dolgoztak ki legel\u0151bizotts\u00e1gok l\u00e9trehoz\u00e1s\u00e1ra az egyes ter\u00fcleteken. A terv t\u00f6bbek k\u00f6z\u00f6tt a k\u00f6vetkez\u0151ket tartalmazza:<\/span><br \/>\n<span style=\"font-family: Arial;\">&#8211;\u00a0<\/span><span style=\"font-family: Arial;\">A legel\u0151bizotts\u00e1gok tagjait v\u00e1lasztj\u00e1k,<\/span><br \/>\n<span style=\"font-family: Arial;\">&#8211;\u00a0<\/span><span style=\"font-family: Arial;\">Minden legel\u0151bizotts\u00e1g egy tagja egyben az \u00c1TT tagja is,<\/span><br \/>\n<span style=\"font-family: Arial;\">&#8211;\u00a0<\/span><span style=\"font-family: Arial;\">A legel\u0151bizotts\u00e1g feladatai a k\u00f6vetkez\u0151k: (1) a legel\u0151 tiszt\u00e1n tart\u00e1sa, fenntart\u00e1sa; (2) legeltet\u00e9si d\u00edj szed\u00e9se; (3) az \u00e1llatok rot\u00e1ci\u00f3j\u00e1nak igazs\u00e1gos m\u00f3don val\u00f3 megszervez\u00e9se \u00e9s (4) a vadorz\u00f3k elleni v\u00e9delem<\/span><br \/>\n<span style=\"font-family: Arial;\">&#8211;\u00a0<\/span><span style=\"font-family: Arial;\">Munk\u00e1juk\u00e9rt cser\u00e9be a legel\u0151bizotts\u00e1gok tagjainak nem kell fizetni\u00fck a legeltet\u00e9s\u00e9rt.<\/span><\/p>\n<p><span style=\"font-family: Arial;\">Nyilv\u00e1nos \u00fcl\u00e9st tartottak a terv megvitat\u00e1s\u00e1ra, amelyen megk\u00f6zel\u00edt\u0151leg 200-an vettek r\u00e9szt. Azt tartj\u00e1k, hogy \u00e1ltal\u00e1nos a megel\u00e9ged\u00e9s az egyezs\u00e9ggel kapcsolatban, javult a legel\u0151k \u00e1llapota \u00e9s nagyobb ar\u00e1nyban ker\u00fclnek beszed\u00e9sre a legeltet\u00e9si d\u00edjak is. L\u00e9nyegesen lecs\u00f6kkent annak sz\u00fcks\u00e9gess\u00e9ge, hogy a faluk\u00f6z\u00f6ss\u00e9g vezet\u00e9se k\u00f6zvetlen\u00fcl r\u00e9szt vegyen a legel\u0151k fenntart\u00e1s\u00e1ban.<\/span><br \/>\n<span style=\"font-family: Arial;\">A p\u00e9ld\u00e1kr\u00f3l tov\u00e1bbi inform\u00e1ci\u00f3kat a www.lga.ro weboldalon tal\u00e1l, vagy keresse meg a szerz\u0151t.<\/span><\/p>\n","protected":false},"excerpt":{"rendered":"<p>A tanulm\u00e1nyt a CEE Citizens Network 2003 m\u00e1jus\u00e1ban a boszniai Banja Luk\u00e1n rendezett konferenci\u00e1j\u00e1n kapott \u201eCitizen Participation Handbook\u201d-b\u00f3l v\u00e1lasztotta ki Vercseg Ilona. A Handbook-ot az International Centre for Policy Studies jelentette meg 2002 augusztus\u00e1ban Kijevben, \u201ePeople\u2019s Voice\u201d projectje \u00f6sszefoglal\u00e1sak\u00e9nt, Gina Gilreath Holdar \u00e9s Olha Zakharchenko v\u00e1logat\u00e1s\u00e1ban, Agnes Natkaniec szerkeszt\u00e9s\u00e9ben. A tanulm\u00e1ny a 21\u201328. oldalon tal\u00e1lhat\u00f3. [&hellip;]<\/p>\n","protected":false},"author":397,"featured_media":3420,"comment_status":"open","ping_status":"open","sticky":false,"template":"","format":"standard","meta":{"_acf_changed":false,"footnotes":""},"categories":[524,8,7],"tags":[],"coauthors":[527,362],"class_list":["post-3120","post","type-post","status-publish","format-standard","has-post-thumbnail","hentry","category-parola-2005-3-4","category-parola-folyoirat","category-repertorium"],"acf":[],"yoast_head":"<!-- This site is optimized with the Yoast SEO plugin v26.7 - https:\/\/yoast.com\/wordpress\/plugins\/seo\/ -->\n<title>\u00c1llampolg\u00e1ri tan\u00e1csad\u00f3 test\u00fcletek - Parola Foly\u00f3irat<\/title>\n<meta name=\"robots\" content=\"index, follow, max-snippet:-1, max-image-preview:large, max-video-preview:-1\" \/>\n<link rel=\"canonical\" href=\"https:\/\/kofe.hu\/parola\/parola-folyoirat\/allampolgari-tanacsado-testuletek\/\" \/>\n<meta property=\"og:locale\" content=\"hu_HU\" \/>\n<meta property=\"og:type\" content=\"article\" \/>\n<meta property=\"og:title\" content=\"\u00c1llampolg\u00e1ri tan\u00e1csad\u00f3 test\u00fcletek - Parola Foly\u00f3irat\" \/>\n<meta property=\"og:description\" content=\"A tanulm\u00e1nyt a CEE Citizens Network 2003 m\u00e1jus\u00e1ban a boszniai Banja Luk\u00e1n rendezett konferenci\u00e1j\u00e1n kapott \u201eCitizen Participation Handbook\u201d-b\u00f3l v\u00e1lasztotta ki Vercseg Ilona. A Handbook-ot az International Centre for Policy Studies jelentette meg 2002 augusztus\u00e1ban Kijevben, \u201ePeople\u2019s Voice\u201d projectje \u00f6sszefoglal\u00e1sak\u00e9nt, Gina Gilreath Holdar \u00e9s Olha Zakharchenko v\u00e1logat\u00e1s\u00e1ban, Agnes Natkaniec szerkeszt\u00e9s\u00e9ben. A tanulm\u00e1ny a 21\u201328. oldalon tal\u00e1lhat\u00f3. [&hellip;]\" \/>\n<meta property=\"og:url\" content=\"https:\/\/kofe.hu\/parola\/parola-folyoirat\/allampolgari-tanacsado-testuletek\/\" \/>\n<meta property=\"og:site_name\" content=\"Parola Foly\u00f3irat\" \/>\n<meta property=\"article:published_time\" content=\"2020-07-11T08:29:27+00:00\" \/>\n<meta property=\"article:modified_time\" content=\"2020-07-30T12:42:45+00:00\" \/>\n<meta property=\"og:image\" content=\"https:\/\/kofe.hu\/parola\/wp-content\/uploads\/2020\/07\/05.3.4.jpeg\" \/>\n\t<meta property=\"og:image:width\" content=\"1339\" \/>\n\t<meta property=\"og:image:height\" content=\"1944\" \/>\n\t<meta property=\"og:image:type\" content=\"image\/jpeg\" \/>\n<meta name=\"author\" content=\"Daniel Serban, Varga Tam\u00e1s ford.\" \/>\n<meta name=\"twitter:card\" content=\"summary_large_image\" \/>\n<meta name=\"twitter:label1\" content=\"Szerz\u0151:\" \/>\n\t<meta name=\"twitter:data1\" content=\"Daniel Serban\" \/>\n\t<meta name=\"twitter:label2\" content=\"Becs\u00fclt olvas\u00e1si id\u0151\" \/>\n\t<meta name=\"twitter:data2\" content=\"21 perc\" \/>\n\t<meta name=\"twitter:label3\" content=\"Written by\" \/>\n\t<meta name=\"twitter:data3\" content=\"Daniel Serban, Varga Tam\u00e1s ford.\" \/>\n<script type=\"application\/ld+json\" class=\"yoast-schema-graph\">{\"@context\":\"https:\/\/schema.org\",\"@graph\":[{\"@type\":\"Article\",\"@id\":\"https:\/\/kofe.hu\/parola\/parola-folyoirat\/allampolgari-tanacsado-testuletek\/#article\",\"isPartOf\":{\"@id\":\"https:\/\/kofe.hu\/parola\/parola-folyoirat\/allampolgari-tanacsado-testuletek\/\"},\"author\":{\"name\":\"Daniel Serban\",\"@id\":\"https:\/\/kofe.hu\/parola\/#\/schema\/person\/675b74280e48995255c01bfd316fede2\"},\"headline\":\"\u00c1llampolg\u00e1ri tan\u00e1csad\u00f3 test\u00fcletek\",\"datePublished\":\"2020-07-11T08:29:27+00:00\",\"dateModified\":\"2020-07-30T12:42:45+00:00\",\"mainEntityOfPage\":{\"@id\":\"https:\/\/kofe.hu\/parola\/parola-folyoirat\/allampolgari-tanacsado-testuletek\/\"},\"wordCount\":4186,\"commentCount\":0,\"image\":{\"@id\":\"https:\/\/kofe.hu\/parola\/parola-folyoirat\/allampolgari-tanacsado-testuletek\/#primaryimage\"},\"thumbnailUrl\":\"https:\/\/kofe.hu\/parola\/wp-content\/uploads\/2020\/07\/05.3.4.jpeg\",\"articleSection\":[\"Parola 2005\/3-4\",\"Parola Foly\u00f3irat\",\"Repert\u00f3rium\"],\"inLanguage\":\"hu\",\"potentialAction\":[{\"@type\":\"CommentAction\",\"name\":\"Comment\",\"target\":[\"https:\/\/kofe.hu\/parola\/parola-folyoirat\/allampolgari-tanacsado-testuletek\/#respond\"]}]},{\"@type\":\"WebPage\",\"@id\":\"https:\/\/kofe.hu\/parola\/parola-folyoirat\/allampolgari-tanacsado-testuletek\/\",\"url\":\"https:\/\/kofe.hu\/parola\/parola-folyoirat\/allampolgari-tanacsado-testuletek\/\",\"name\":\"\u00c1llampolg\u00e1ri tan\u00e1csad\u00f3 test\u00fcletek - Parola Foly\u00f3irat\",\"isPartOf\":{\"@id\":\"https:\/\/kofe.hu\/parola\/#website\"},\"primaryImageOfPage\":{\"@id\":\"https:\/\/kofe.hu\/parola\/parola-folyoirat\/allampolgari-tanacsado-testuletek\/#primaryimage\"},\"image\":{\"@id\":\"https:\/\/kofe.hu\/parola\/parola-folyoirat\/allampolgari-tanacsado-testuletek\/#primaryimage\"},\"thumbnailUrl\":\"https:\/\/kofe.hu\/parola\/wp-content\/uploads\/2020\/07\/05.3.4.jpeg\",\"datePublished\":\"2020-07-11T08:29:27+00:00\",\"dateModified\":\"2020-07-30T12:42:45+00:00\",\"author\":{\"@id\":\"https:\/\/kofe.hu\/parola\/#\/schema\/person\/675b74280e48995255c01bfd316fede2\"},\"breadcrumb\":{\"@id\":\"https:\/\/kofe.hu\/parola\/parola-folyoirat\/allampolgari-tanacsado-testuletek\/#breadcrumb\"},\"inLanguage\":\"hu\",\"potentialAction\":[{\"@type\":\"ReadAction\",\"target\":[\"https:\/\/kofe.hu\/parola\/parola-folyoirat\/allampolgari-tanacsado-testuletek\/\"]}]},{\"@type\":\"ImageObject\",\"inLanguage\":\"hu\",\"@id\":\"https:\/\/kofe.hu\/parola\/parola-folyoirat\/allampolgari-tanacsado-testuletek\/#primaryimage\",\"url\":\"https:\/\/kofe.hu\/parola\/wp-content\/uploads\/2020\/07\/05.3.4.jpeg\",\"contentUrl\":\"https:\/\/kofe.hu\/parola\/wp-content\/uploads\/2020\/07\/05.3.4.jpeg\",\"width\":1339,\"height\":1944},{\"@type\":\"BreadcrumbList\",\"@id\":\"https:\/\/kofe.hu\/parola\/parola-folyoirat\/allampolgari-tanacsado-testuletek\/#breadcrumb\",\"itemListElement\":[{\"@type\":\"ListItem\",\"position\":1,\"name\":\"Home\",\"item\":\"https:\/\/kofe.hu\/parola\/\"},{\"@type\":\"ListItem\",\"position\":2,\"name\":\"\u00c1llampolg\u00e1ri tan\u00e1csad\u00f3 test\u00fcletek\"}]},{\"@type\":\"WebSite\",\"@id\":\"https:\/\/kofe.hu\/parola\/#website\",\"url\":\"https:\/\/kofe.hu\/parola\/\",\"name\":\"Parola Foly\u00f3irat\",\"description\":\"\",\"potentialAction\":[{\"@type\":\"SearchAction\",\"target\":{\"@type\":\"EntryPoint\",\"urlTemplate\":\"https:\/\/kofe.hu\/parola\/?s={search_term_string}\"},\"query-input\":{\"@type\":\"PropertyValueSpecification\",\"valueRequired\":true,\"valueName\":\"search_term_string\"}}],\"inLanguage\":\"hu\"},{\"@type\":\"Person\",\"@id\":\"https:\/\/kofe.hu\/parola\/#\/schema\/person\/675b74280e48995255c01bfd316fede2\",\"name\":\"Daniel Serban\",\"image\":{\"@type\":\"ImageObject\",\"inLanguage\":\"hu\",\"@id\":\"https:\/\/kofe.hu\/parola\/#\/schema\/person\/image\/fced4a9298f9618789a6f113c55d3672\",\"url\":\"https:\/\/secure.gravatar.com\/avatar\/8a7e6a511b049f86a92e019753d52a21ff6f21dc0a559bebd479d86946c98bae?s=96&d=mm&r=g\",\"contentUrl\":\"https:\/\/secure.gravatar.com\/avatar\/8a7e6a511b049f86a92e019753d52a21ff6f21dc0a559bebd479d86946c98bae?s=96&d=mm&r=g\",\"caption\":\"Daniel Serban\"},\"url\":\"https:\/\/kofe.hu\/parola\/szerzok\/daniel-serban\/\"}]}<\/script>\n<!-- \/ Yoast SEO plugin. -->","yoast_head_json":{"title":"\u00c1llampolg\u00e1ri tan\u00e1csad\u00f3 test\u00fcletek - Parola Foly\u00f3irat","robots":{"index":"index","follow":"follow","max-snippet":"max-snippet:-1","max-image-preview":"max-image-preview:large","max-video-preview":"max-video-preview:-1"},"canonical":"https:\/\/kofe.hu\/parola\/parola-folyoirat\/allampolgari-tanacsado-testuletek\/","og_locale":"hu_HU","og_type":"article","og_title":"\u00c1llampolg\u00e1ri tan\u00e1csad\u00f3 test\u00fcletek - Parola Foly\u00f3irat","og_description":"A tanulm\u00e1nyt a CEE Citizens Network 2003 m\u00e1jus\u00e1ban a boszniai Banja Luk\u00e1n rendezett konferenci\u00e1j\u00e1n kapott \u201eCitizen Participation Handbook\u201d-b\u00f3l v\u00e1lasztotta ki Vercseg Ilona. A Handbook-ot az International Centre for Policy Studies jelentette meg 2002 augusztus\u00e1ban Kijevben, \u201ePeople\u2019s Voice\u201d projectje \u00f6sszefoglal\u00e1sak\u00e9nt, Gina Gilreath Holdar \u00e9s Olha Zakharchenko v\u00e1logat\u00e1s\u00e1ban, Agnes Natkaniec szerkeszt\u00e9s\u00e9ben. A tanulm\u00e1ny a 21\u201328. oldalon tal\u00e1lhat\u00f3. [&hellip;]","og_url":"https:\/\/kofe.hu\/parola\/parola-folyoirat\/allampolgari-tanacsado-testuletek\/","og_site_name":"Parola Foly\u00f3irat","article_published_time":"2020-07-11T08:29:27+00:00","article_modified_time":"2020-07-30T12:42:45+00:00","og_image":[{"width":1339,"height":1944,"url":"https:\/\/kofe.hu\/parola\/wp-content\/uploads\/2020\/07\/05.3.4.jpeg","type":"image\/jpeg"}],"author":"Daniel Serban, Varga Tam\u00e1s ford.","twitter_card":"summary_large_image","twitter_misc":{"Szerz\u0151:":"Daniel Serban","Becs\u00fclt olvas\u00e1si id\u0151":"21 perc","Written by":"Daniel Serban, Varga Tam\u00e1s ford."},"schema":{"@context":"https:\/\/schema.org","@graph":[{"@type":"Article","@id":"https:\/\/kofe.hu\/parola\/parola-folyoirat\/allampolgari-tanacsado-testuletek\/#article","isPartOf":{"@id":"https:\/\/kofe.hu\/parola\/parola-folyoirat\/allampolgari-tanacsado-testuletek\/"},"author":{"name":"Daniel Serban","@id":"https:\/\/kofe.hu\/parola\/#\/schema\/person\/675b74280e48995255c01bfd316fede2"},"headline":"\u00c1llampolg\u00e1ri tan\u00e1csad\u00f3 test\u00fcletek","datePublished":"2020-07-11T08:29:27+00:00","dateModified":"2020-07-30T12:42:45+00:00","mainEntityOfPage":{"@id":"https:\/\/kofe.hu\/parola\/parola-folyoirat\/allampolgari-tanacsado-testuletek\/"},"wordCount":4186,"commentCount":0,"image":{"@id":"https:\/\/kofe.hu\/parola\/parola-folyoirat\/allampolgari-tanacsado-testuletek\/#primaryimage"},"thumbnailUrl":"https:\/\/kofe.hu\/parola\/wp-content\/uploads\/2020\/07\/05.3.4.jpeg","articleSection":["Parola 2005\/3-4","Parola Foly\u00f3irat","Repert\u00f3rium"],"inLanguage":"hu","potentialAction":[{"@type":"CommentAction","name":"Comment","target":["https:\/\/kofe.hu\/parola\/parola-folyoirat\/allampolgari-tanacsado-testuletek\/#respond"]}]},{"@type":"WebPage","@id":"https:\/\/kofe.hu\/parola\/parola-folyoirat\/allampolgari-tanacsado-testuletek\/","url":"https:\/\/kofe.hu\/parola\/parola-folyoirat\/allampolgari-tanacsado-testuletek\/","name":"\u00c1llampolg\u00e1ri tan\u00e1csad\u00f3 test\u00fcletek - Parola Foly\u00f3irat","isPartOf":{"@id":"https:\/\/kofe.hu\/parola\/#website"},"primaryImageOfPage":{"@id":"https:\/\/kofe.hu\/parola\/parola-folyoirat\/allampolgari-tanacsado-testuletek\/#primaryimage"},"image":{"@id":"https:\/\/kofe.hu\/parola\/parola-folyoirat\/allampolgari-tanacsado-testuletek\/#primaryimage"},"thumbnailUrl":"https:\/\/kofe.hu\/parola\/wp-content\/uploads\/2020\/07\/05.3.4.jpeg","datePublished":"2020-07-11T08:29:27+00:00","dateModified":"2020-07-30T12:42:45+00:00","author":{"@id":"https:\/\/kofe.hu\/parola\/#\/schema\/person\/675b74280e48995255c01bfd316fede2"},"breadcrumb":{"@id":"https:\/\/kofe.hu\/parola\/parola-folyoirat\/allampolgari-tanacsado-testuletek\/#breadcrumb"},"inLanguage":"hu","potentialAction":[{"@type":"ReadAction","target":["https:\/\/kofe.hu\/parola\/parola-folyoirat\/allampolgari-tanacsado-testuletek\/"]}]},{"@type":"ImageObject","inLanguage":"hu","@id":"https:\/\/kofe.hu\/parola\/parola-folyoirat\/allampolgari-tanacsado-testuletek\/#primaryimage","url":"https:\/\/kofe.hu\/parola\/wp-content\/uploads\/2020\/07\/05.3.4.jpeg","contentUrl":"https:\/\/kofe.hu\/parola\/wp-content\/uploads\/2020\/07\/05.3.4.jpeg","width":1339,"height":1944},{"@type":"BreadcrumbList","@id":"https:\/\/kofe.hu\/parola\/parola-folyoirat\/allampolgari-tanacsado-testuletek\/#breadcrumb","itemListElement":[{"@type":"ListItem","position":1,"name":"Home","item":"https:\/\/kofe.hu\/parola\/"},{"@type":"ListItem","position":2,"name":"\u00c1llampolg\u00e1ri tan\u00e1csad\u00f3 test\u00fcletek"}]},{"@type":"WebSite","@id":"https:\/\/kofe.hu\/parola\/#website","url":"https:\/\/kofe.hu\/parola\/","name":"Parola Foly\u00f3irat","description":"","potentialAction":[{"@type":"SearchAction","target":{"@type":"EntryPoint","urlTemplate":"https:\/\/kofe.hu\/parola\/?s={search_term_string}"},"query-input":{"@type":"PropertyValueSpecification","valueRequired":true,"valueName":"search_term_string"}}],"inLanguage":"hu"},{"@type":"Person","@id":"https:\/\/kofe.hu\/parola\/#\/schema\/person\/675b74280e48995255c01bfd316fede2","name":"Daniel Serban","image":{"@type":"ImageObject","inLanguage":"hu","@id":"https:\/\/kofe.hu\/parola\/#\/schema\/person\/image\/fced4a9298f9618789a6f113c55d3672","url":"https:\/\/secure.gravatar.com\/avatar\/8a7e6a511b049f86a92e019753d52a21ff6f21dc0a559bebd479d86946c98bae?s=96&d=mm&r=g","contentUrl":"https:\/\/secure.gravatar.com\/avatar\/8a7e6a511b049f86a92e019753d52a21ff6f21dc0a559bebd479d86946c98bae?s=96&d=mm&r=g","caption":"Daniel Serban"},"url":"https:\/\/kofe.hu\/parola\/szerzok\/daniel-serban\/"}]}},"_links":{"self":[{"href":"https:\/\/kofe.hu\/parola\/wp-json\/wp\/v2\/posts\/3120","targetHints":{"allow":["GET"]}}],"collection":[{"href":"https:\/\/kofe.hu\/parola\/wp-json\/wp\/v2\/posts"}],"about":[{"href":"https:\/\/kofe.hu\/parola\/wp-json\/wp\/v2\/types\/post"}],"author":[{"embeddable":true,"href":"https:\/\/kofe.hu\/parola\/wp-json\/wp\/v2\/users\/397"}],"replies":[{"embeddable":true,"href":"https:\/\/kofe.hu\/parola\/wp-json\/wp\/v2\/comments?post=3120"}],"version-history":[{"count":3,"href":"https:\/\/kofe.hu\/parola\/wp-json\/wp\/v2\/posts\/3120\/revisions"}],"predecessor-version":[{"id":4420,"href":"https:\/\/kofe.hu\/parola\/wp-json\/wp\/v2\/posts\/3120\/revisions\/4420"}],"wp:featuredmedia":[{"embeddable":true,"href":"https:\/\/kofe.hu\/parola\/wp-json\/wp\/v2\/media\/3420"}],"wp:attachment":[{"href":"https:\/\/kofe.hu\/parola\/wp-json\/wp\/v2\/media?parent=3120"}],"wp:term":[{"taxonomy":"category","embeddable":true,"href":"https:\/\/kofe.hu\/parola\/wp-json\/wp\/v2\/categories?post=3120"},{"taxonomy":"post_tag","embeddable":true,"href":"https:\/\/kofe.hu\/parola\/wp-json\/wp\/v2\/tags?post=3120"},{"taxonomy":"author","embeddable":true,"href":"https:\/\/kofe.hu\/parola\/wp-json\/wp\/v2\/coauthors?post=3120"}],"curies":[{"name":"wp","href":"https:\/\/api.w.org\/{rel}","templated":true}]}}