{"id":3113,"date":"2020-07-11T08:23:09","date_gmt":"2020-07-11T08:23:09","guid":{"rendered":"https:\/\/kofe.hu\/parola\/?p=3113"},"modified":"2020-07-30T12:41:48","modified_gmt":"2020-07-30T12:41:48","slug":"a-nyirpalota-tarsasag-orszagos-felhivasa-milyen-onkormanyzatot-es-milyen-polgarmestert-akarunk","status":"publish","type":"post","link":"https:\/\/kofe.hu\/parola\/parola-folyoirat\/a-nyirpalota-tarsasag-orszagos-felhivasa-milyen-onkormanyzatot-es-milyen-polgarmestert-akarunk\/","title":{"rendered":"A Ny\u00edrpalota T\u00e1rsas\u00e1g orsz\u00e1gos felh\u00edv\u00e1sa &#8211; Milyen \u00f6nkorm\u00e1nyzatot \u00e9s milyen polg\u00e1rmestert akarunk?"},"content":{"rendered":"<p><span style=\"font-family: Arial;\">Egy \u00e9v van az \u00f6nkorm\u00e1nyzati v\u00e1laszt\u00e1sokig. M\u00e9g nem kezd\u0151d\u00f6tt semmilyen kamp\u00e1ny ebben a t\u00e9m\u00e1ban, \u00edgy tal\u00e1n alkalmas az id\u0151, hogy err\u0151l eszm\u00e9t cser\u00e9lj\u00fcnk. Gondoljuk v\u00e9gig, fogalmazzuk \u00e9s vitassuk meg: a helyi t\u00e1rsadalom, a telep\u00fcl\u00e9sek, v\u00e1rosr\u00e9szek lak\u00f3i \u00e9s azok k\u00f6z\u00f6ss\u00e9gei milyen helyi \u00f6nkorm\u00e1nyzatokat, s azok \u00e9l\u00e9re milyen polg\u00e1rmestert akarnak.<\/span><\/p>\n<p><!--more--><\/p>\n<p><span style=\"font-family: Arial;\">Ennek v\u00e9giggondol\u00e1s\u00e1ra ind\u00edt felh\u00edv\u00e1st az \u00fajpalotai lak\u00f3telepen \u00e9l\u0151kh\u00f6z a Ny\u00edrpalota T\u00e1rsas\u00e1g, s az err\u0151l t\u00f6rt\u00e9n\u0151\u00a0<\/span><i><span style=\"font-family: Arial;\">helyi p\u00e1rbesz\u00e9dek elind\u00edt\u00e1s\u00e1t aj\u00e1nlja az orsz\u00e1g t\u00f6bbi telep\u00fcl\u00e9s\u00e9n m\u0171k\u00f6d\u0151 civil szervez\u0151d\u00e9seknek, t\u00e1rsas\u00e1goknak<\/span><\/i><span style=\"font-family: Arial;\">\u00a0is.<\/span><\/p>\n<p><span style=\"font-family: Arial;\">A k\u00e9pviseleti demokr\u00e1cia alapj\u00e1n az \u00f6nkorm\u00e1nyzatokr\u00f3l sz\u00f3l\u00f3 t\u00f6rv\u00e9ny \u00e1tmenetileg a helyi k\u00e9pvisel\u0151test\u00fcletekbe megv\u00e1lasztott k\u00e9pvisel\u0151kre b\u00edzza a k\u00f6z\u00f6ss\u00e9get \u00e9rint\u0151 k\u00e9rd\u00e9sekben a d\u00f6nt\u00e9shozatalt.\u00a0<\/span><i><span style=\"font-family: Arial;\">(\u201eA helyi \u00f6nkorm\u00e1nyz\u00e1s lehet\u0151v\u00e9 teszi, hogy a v\u00e1laszt\u00f3polg\u00e1rok helyi k\u00f6z\u00f6ss\u00e9ge &#8211; k\u00f6zvetlen\u00fcl, illet\u0151leg a v\u00e1lasztott helyi \u00f6nkorm\u00e1nyzata \u00fatj\u00e1n &#8211; \u00f6n\u00e1ll\u00f3an \u00e9s demokratikusan int\u00e9zze a helyi \u00e9rdek\u0171 k\u00f6z\u00fcgyeit. Az Orsz\u00e1ggy\u0171l\u00e9s, t\u00e1mogatva a helyi k\u00f6z\u00f6ss\u00e9gek \u00f6nszervez\u0151 \u00f6n\u00e1ll\u00f3s\u00e1g\u00e1t, seg\u00edti az \u00f6nkorm\u00e1nyz\u00e1shoz sz\u00fcks\u00e9ges felt\u00e9telek megteremt\u00e9s\u00e9t, el\u0151mozd\u00edtja a k\u00f6zhatalom demokratikus decentraliz\u00e1ci\u00f3j\u00e1t.\u201d Id: 1990. \u00e9vi LXV. t\u00f6rv\u00e9ny a helyi \u00f6nkorm\u00e1nyzatokr\u00f3l)<\/span><\/i><\/p>\n<p><span style=\"font-family: Arial;\">Az id\u00e9zett t\u00f6rv\u00e9ny is hat\u00e1rozottan jelzi, hogy\u00a0<\/span><b><i><span style=\"font-family: Arial;\">a demokr\u00e1cia nem puszt\u00e1n azt jelenti, hogy 4 \u00e9venk\u00e9nt elmegy\u00fcnk szavazni, hanem hogy a v\u00e1laszt\u00e1si ciklusok k\u00f6z\u00f6tti id\u0151ben is r\u00e9sztvev\u0151i, alak\u00edt\u00f3i vagyunk lak\u00f3hely\u00fcnk, k\u00f6z\u00f6ss\u00e9g\u00fcnk \u00fcgyeinek<\/span><\/i><\/b><span style=\"font-family: Arial;\">.<\/span><\/p>\n<p><span style=\"font-family: Arial;\">Teh\u00e1t azt a lehet\u0151s\u00e9get \u00e9s felel\u0151ss\u00e9get k\u00edv\u00e1njuk hangs\u00falyozni, hogy dolgunk \u00e9s jogunk a\u00a0<\/span><i><span style=\"font-family: Arial;\">saj\u00e1t \u00e9let\u00fcnk \u00e9s k\u00f6z\u00f6ss\u00e9geink sors\u00e1nak folyamatos alak\u00edt\u00e1sa \u00e9s k\u00e9pviselete<\/span><\/i><span style=\"font-family: Arial;\">, s ebben a folyamatban sz\u00fcks\u00e9ges, hogy partnerei legy\u00fcnk a helyi \u00f6nkorm\u00e1nyzatoknak. Legal\u00e1bb ennyire sz\u00fcks\u00e9ges az is, hogy a helyi \u00f6nkorm\u00e1nyzatok partnerei legyenek a lakoss\u00e1gi civil kezdem\u00e9nyez\u00e9seknek \u00e9s akaratoknak. Ez\u00e9rt is fontos annak megfogalmaz\u00e1sa \u00e9s tudatos\u00edt\u00e1sa, hogy\u00a0<\/span><b><i><span style=\"font-family: Arial;\">milyen \u00f6nkorm\u00e1nyzatokat \u00e9s polg\u00e1rmestereket v\u00e1lasztunk magunknak!<\/span><\/i><\/b><br \/>\n<span style=\"font-family: Arial;\">T\u00f6bb kutat\u00e1s \u00e9s tanulm\u00e1ny azt a k\u00f6vetkeztet\u00e9st vonja le a hazai k\u00e9pviseleti rendszerr\u0151l, hogy abban a lakoss\u00e1g \u00e1ltal v\u00e1lasztott k\u00e9pvisel\u0151k h\u0171s\u00e9ge \u00e9s f\u00fcgg\u00e9se er\u0151sebb a saj\u00e1t p\u00e1rtk\u00f6zpontjukhoz, mint az \u0151ket megv\u00e1laszt\u00f3 helyi polg\u00e1rokhoz. Ez is az egyik oka, hogy gyakran a helyi szakmai k\u00e9rd\u00e9seket &#8211; \u00e9sszer\u0171tlen\u00fcl elszakadva a helyi probl\u00e9m\u00e1kt\u00f3l &#8211; p\u00e1rtfrakci\u00f3k alapj\u00e1n kezelik.<\/span><\/p>\n<p><b><span style=\"font-family: Arial;\">Kezdem\u00e9nyez\u00e9s\u00fcnk l\u00e9nyege teh\u00e1t:<\/span><\/b><br \/>\n<span style=\"font-family: Arial;\">Szeretn\u00e9nk, ha a helyi polg\u00e1rok, civil t\u00e1rsas\u00e1gok sz\u00e1mba venn\u00e9k, hogy milyen t\u00e1rsadalmi l\u00e9gk\u00f6rt, milyen egy\u00fcttm\u0171k\u00f6d\u00e9si k\u00e9szs\u00e9get v\u00e1rnak el a saj\u00e1t \u00f6nkorm\u00e1nyzatukt\u00f3l. Kiemelt jelent\u0151s\u00e9g\u0171 meghat\u00e1rozni azt is, hogy milyen felt\u00e9telek sz\u00fcks\u00e9gesek ahhoz, hogy a telep\u00fcl\u00e9seken \u00e9l\u0151k azt \u00e9rezz\u00e9k: az \u00f6nkorm\u00e1nyzat \u00e9s az azt vezet\u0151 polg\u00e1rmester igazi egy\u00fcttm\u0171k\u00f6d\u0151 partnernek tekinti az \u00e1llampolg\u00e1rokat. Azt is v\u00e9gig k\u00edv\u00e1njuk gondolni, hogyan teremthet\u0151 meg annak a garanci\u00e1ja, hogy ez a viszony a teljes v\u00e1laszt\u00e1si ciklusban fennmaradjon.<\/span><\/p>\n<p><span style=\"font-family: Arial;\">Alapk\u00e9rd\u00e9s\u00fcnk, hogy\u00a0<\/span><b><span style=\"font-family: Arial;\">melyek azok a t\u00e9m\u00e1k<\/span><\/b><span style=\"font-family: Arial;\">, amelyekben felt\u00e9teleket kell megfogalmaznunk a k\u00f6vetkez\u0151\u00a0<\/span><i><span style=\"font-family: Arial;\">\u00f6nkorm\u00e1nyzatok<\/span><\/i><span style=\"font-family: Arial;\">\u00a0sz\u00e1m\u00e1ra?<\/span><\/p>\n<p><span style=\"font-family: Arial;\">Javaslataink:<\/span><br \/>\n<span style=\"font-family: Arial;\">&#8211; Hogyan t\u00f6rt\u00e9nik a nyilv\u00e1noss\u00e1g felt\u00e9teleinek biztos\u00edt\u00e1sa a telep\u00fcl\u00e9sen, a ker\u00fcletben? (A helyi m\u00e9diumok f\u00fcggetlens\u00e9g\u00e9nek k\u00e9rd\u00e9se, ezek t\u00e1rsadalmi ellen\u0151rz\u00e9se, a hozz\u00e1f\u00e9r\u00e9s biztos\u00edt\u00e1sa a helyi inform\u00e1ci\u00f3khoz, a d\u00f6nt\u00e9si folyamatok eg\u00e9sz\u00e9nek nyilv\u00e1noss\u00e1ga.)<\/span><\/p>\n<p><span style=\"font-family: Arial;\">&#8211; Milyen f\u00f3rumokat sz\u00fcks\u00e9ges garant\u00e1lni a folyamatos lakoss\u00e1gi belesz\u00f3l\u00e1s \u00e9s egyeztet\u00e9s es\u00e9lyeihez? A t\u00e1rsadalmi ellen\u0151rz\u00e9s-kontroll k\u00e9rd\u00e9se.<\/span><\/p>\n<p><span style=\"font-family: Arial;\">&#8211; Hogyan garant\u00e1lhat\u00f3 a civilek r\u00e9szv\u00e9tele az \u00f6nkorm\u00e1nyzat szakmai bizotts\u00e1gaiban, oly m\u00f3don, hogy az ne a p\u00e1rtok k\u00f6z\u00f6tti osztozkod\u00e1ssal teljes\u00fclj\u00f6n?<\/span><\/p>\n<p><span style=\"font-family: Arial;\">&#8211; Hogyan szervezik meg helyben a telep\u00fcl\u00e9s\/ker\u00fclet fejleszt\u00e9si koncepci\u00f3j\u00e1nak a megalkot\u00e1s\u00e1t \u00e9s folyamatos friss\u00edt\u00e9s\u00e9t?<\/span><\/p>\n<p><span style=\"font-family: Arial;\">&#8211; Hogyan lehet garant\u00e1lni, hogy a szakmai k\u00e9rd\u00e9sek ne p\u00e1rtfrakci\u00f3k \u00e9rdekei szerint legyenek kezelve?<\/span><\/p>\n<p><span style=\"font-family: Arial;\">&#8211; Milyen a viszonya az \u00f6nkorm\u00e1nyz\u00e1sban a t\u00f6bbs\u00e9gnek az ottani kisebbs\u00e9ghez?<\/span><\/p>\n<p><span style=\"font-family: Arial;\">&#8211; Hogyan fogadja a k\u00e9pvisel\u0151test\u00fclet a civil t\u00e1rsadalom javaslatait, illetve b\u00edr\u00e1lat\u00e1t?<\/span><\/p>\n<p><span style=\"font-family: Arial;\">A leend\u0151\u00a0<\/span><i><span style=\"font-family: Arial;\">polg\u00e1rmesterrel<\/span><\/i><span style=\"font-family: Arial;\">\u00a0kapcsolatban a k\u00f6vetkez\u0151 k\u00e9rd\u00e9sek alapj\u00e1n javasoljuk a k\u00f6z\u00f6ss\u00e9gek elv\u00e1r\u00e1sait megfogalmazni:<\/span><\/p>\n<p><span style=\"font-family: Arial;\">&#8211; Mennyire k\u00e9pes partneri \u00e9s egyenrang\u00fa egy\u00fcttm\u0171k\u00f6d\u00e9sre a helyi civil t\u00e1rsadalommal?<\/span><\/p>\n<p><span style=\"font-family: Arial;\">&#8211; Hogyan viszonyul a t\u00e1rsadalmi ellen\u0151rz\u00e9shez, a k\u00f6z\u00f6ss\u00e9gi kezdem\u00e9nyez\u00e9sekhez?<\/span><\/p>\n<p><span style=\"font-family: Arial;\">&#8211; Mennyire elk\u00f6telezett az \u00f6v\u00e9t\u0151l elt\u00e9r\u0151 felvet\u00e9sek, javaslatok, v\u00e9lem\u00e9nyek m\u00e9rlegel\u00e9s\u00e9ben, befogad\u00e1s\u00e1ban?<\/span><\/p>\n<p><span style=\"font-family: Arial;\">&#8211; Mennyire k\u00e9pes f\u00fcggetlenedni, fel\u00fclkerekedni a saj\u00e1t p\u00e1rtj\u00e1nak \u00e9rdekein, s annak minden\u00e1ron val\u00f3 k\u00e9pviselet\u00e9n, tud-e az eg\u00e9sz telep\u00fcl\u00e9s (ker\u00fclet) polg\u00e1rmestere lenni?<\/span><\/p>\n<p><b><span style=\"font-family: Arial;\">Milyen konkr\u00e9t l\u00e9p\u00e9seket aj\u00e1nlunk teh\u00e1t?<\/span><\/b><br \/>\n<span style=\"font-family: Arial;\">Javasoljuk a civil szervezeteknek, t\u00e1rsas\u00e1goknak, hogy szervezzenek\u00a0<\/span><b><span style=\"font-family: Arial;\">ezekr\u0151l a k\u00e9rd\u00e9sekr\u0151l nyilv\u00e1nos dial\u00f3gusokat<\/span><\/b><span style=\"font-family: Arial;\">, f\u00f3rumokat. Hat\u00e1rozz\u00e1k meg, hogy ezek-e a legfontosabb k\u00e9rd\u00e9sek sz\u00e1mukra. Ha sz\u00fcks\u00e9ges, eg\u00e9sz\u00edts\u00e9k ki ezeket a saj\u00e1tjaikkal. V\u00e1llalja egy-egy ember, vagy kis csoport, hogy felk\u00e9sz\u00fcl valamelyik k\u00e9rd\u00e9sb\u0151l, vagy t\u00e9m\u00e1b\u00f3l, s ezeket tal\u00e1lkoz\u00f3kon vitass\u00e1k meg. A fontosabb vagy \u00f6sszetettebb k\u00e9rd\u00e9sekhez \u00edr\u00e1sokat, szakirodalmakat lehetne aj\u00e1nlani egym\u00e1snak elolvas\u00e1sra.<\/span><\/p>\n<p><span style=\"font-family: Arial;\">Ha ez lehets\u00e9ges, haszn\u00e1lj\u00e1k az egyeztet\u00e9sekhez az e-mailes levelez\u00e9s lehet\u0151s\u00e9g\u00e9t is.<\/span><\/p>\n<p><span style=\"font-family: Arial;\">A tal\u00e1lkoz\u00f3k, p\u00e1rbesz\u00e9dek eredm\u00e9nyek\u00e9nt tudatosodik a r\u00e9sztvev\u0151kben saj\u00e1t viszonyuk, elv\u00e1r\u00e1suk a helyi \u00f6nkorm\u00e1nyzatokkal, s megsz\u00fcletik egy\u00a0<\/span><b><span style=\"font-family: Arial;\">\u00edr\u00e1sbeli<\/span><\/b><span style=\"font-family: Arial;\">\u00a0k\u00f6vetelm\u00e9nysor,\u00a0<\/span><b><span style=\"font-family: Arial;\">k\u00f6z\u00f6ss\u00e9gi \u00e1ll\u00e1sfoglal\u00e1s<\/span><\/b><span style=\"font-family: Arial;\">, amelyet azt\u00e1n bemutatnak a nyilv\u00e1noss\u00e1g sz\u00e1m\u00e1ra is. Ezzel a telep\u00fcl\u00e9sen \u00e9l\u0151knek lehet\u0151s\u00e9get nyitnak az \u00e1ltaluk kimunk\u00e1lt szempontokhoz,\u00a0<\/span><b><span style=\"font-family: Arial;\">felh\u00edv\u00e1shoz<\/span><\/b><span style=\"font-family: Arial;\">\u00a0val\u00f3\u00a0<\/span><b><span style=\"font-family: Arial;\">sz\u00e9lesebb k\u00f6r\u0171 csatlakoz\u00e1sra<\/span><\/b><span style=\"font-family: Arial;\">\u00a0is.<\/span><\/p>\n<p><span style=\"font-family: Arial;\">\u00cdgy a helyi polg\u00e1rok az \u00f6nkorm\u00e1nyzati k\u00e9rd\u00e9sekben tanul\u00e1si folyamatokon kereszt\u00fcl, tudatosan alak\u00edtanak ki egy viszonyrendszert ebben a k\u00e9rd\u00e9sben.\u00a0<\/span><b><i><span style=\"font-family: Arial;\">Megfogalmaz\u00f3dik benn\u00fck, hogy\u00a0<\/span><\/i><\/b><span style=\"font-family: Arial;\">val\u00f3j\u00e1ban<\/span><b><i><span style=\"font-family: Arial;\">\u00a0milyen \u00f6nkorm\u00e1nyzatot \u00e9s polg\u00e1rmestert akarnak!<\/span><\/i><\/b><\/p>\n<p><span style=\"font-family: Arial;\">A t\u00e1rsadalmi diskurzusban megfogalmaz\u00f3d\u00f3 \u00edg\u00e9retek, v\u00e1llal\u00e1sok lehets\u00e9ges garanci\u00e1inak tekintet\u00e9ben \u00e9rdekes lehet az a hagyom\u00e1ny, amelyet\u00a0<\/span><b><i><span style=\"font-family: Arial;\">reverz\u00e1lis<\/span><\/i><\/b><span style=\"font-family: Arial;\">nak neveznek. Ez &#8211; egyebek k\u00f6z\u00f6tt &#8211; a vegyes h\u00e1zass\u00e1got k\u00f6t\u0151k eset\u00e9ben egy \u00edr\u00e1sbeli k\u00f6telezetts\u00e9gv\u00e1llal\u00e1st jelentett\u00a0<\/span><i><span style=\"font-family: Arial;\">hajdan\u00e1ban<\/span><\/i><span style=\"font-family: Arial;\">, amelyet az egyik sz\u00fcl\u0151 adott annak \u00edg\u00e9ret\u00e9re, hogy k\u00f6z\u00f6s gyermek\u00fcket a m\u00e1sik f\u00e9l vall\u00e1s\u00e1nak k\u00f6vet\u00e9s\u00e9re nevelik.<\/span><\/p>\n<p><span style=\"font-family: Arial;\">Valami hasonl\u00f3 REVERZ\u00c1LIS nyilv\u00e1nos v\u00e1llal\u00e1s\u00e1ra, al\u00e1\u00edr\u00e1s\u00e1ra, a k\u00f6z\u00f6ss\u00e9ggel szemben v\u00e1llalt magatart\u00e1s sz\u00e1mon-k\u00e9rhet\u0151s\u00e9g\u00e9re lehetne r\u00e1b\u00edrni azokat a helyi k\u00e9pvisel\u0151- \u00e9s polg\u00e1rmester jel\u00f6lteket, akik ebben az egyezked\u00e9si dial\u00f3gusban r\u00e9szt vesznek.<\/span><\/p>\n<p><span style=\"font-family: Arial;\">V\u00e1lj\u00e9k fontoss\u00e1 mindannyiunk sz\u00e1m\u00e1ra, hogy a k\u00f6vetkez\u0151 v\u00e1laszt\u00e1si ciklusban milyen \u00f6nkorm\u00e1nyzatot, \u00e9s milyen polg\u00e1rmestert akarunk v\u00e1lasztani magunknak!<\/span><\/p>\n<p><span style=\"font-family: Arial;\">Budapest, 2005. szeptember 7.<\/span><\/p>\n","protected":false},"excerpt":{"rendered":"<p>Egy \u00e9v van az \u00f6nkorm\u00e1nyzati v\u00e1laszt\u00e1sokig. M\u00e9g nem kezd\u0151d\u00f6tt semmilyen kamp\u00e1ny ebben a t\u00e9m\u00e1ban, \u00edgy tal\u00e1n alkalmas az id\u0151, hogy err\u0151l eszm\u00e9t cser\u00e9lj\u00fcnk. Gondoljuk v\u00e9gig, fogalmazzuk \u00e9s vitassuk meg: a helyi t\u00e1rsadalom, a telep\u00fcl\u00e9sek, v\u00e1rosr\u00e9szek lak\u00f3i \u00e9s azok k\u00f6z\u00f6ss\u00e9gei milyen helyi \u00f6nkorm\u00e1nyzatokat, s azok \u00e9l\u00e9re milyen polg\u00e1rmestert akarnak.<\/p>\n","protected":false},"author":395,"featured_media":3420,"comment_status":"open","ping_status":"open","sticky":false,"template":"","format":"standard","meta":{"_acf_changed":false,"footnotes":""},"categories":[524,8,7],"tags":[],"coauthors":[525],"class_list":["post-3113","post","type-post","status-publish","format-standard","has-post-thumbnail","hentry","category-parola-2005-3-4","category-parola-folyoirat","category-repertorium"],"acf":[],"yoast_head":"<!-- This site is optimized with the Yoast SEO plugin v26.7 - https:\/\/yoast.com\/wordpress\/plugins\/seo\/ -->\n<title>A Ny\u00edrpalota T\u00e1rsas\u00e1g orsz\u00e1gos felh\u00edv\u00e1sa - Milyen \u00f6nkorm\u00e1nyzatot \u00e9s milyen polg\u00e1rmestert akarunk? - Parola Foly\u00f3irat<\/title>\n<meta name=\"robots\" content=\"index, follow, max-snippet:-1, max-image-preview:large, max-video-preview:-1\" \/>\n<link rel=\"canonical\" href=\"https:\/\/kofe.hu\/parola\/parola-folyoirat\/a-nyirpalota-tarsasag-orszagos-felhivasa-milyen-onkormanyzatot-es-milyen-polgarmestert-akarunk\/\" \/>\n<meta property=\"og:locale\" content=\"hu_HU\" \/>\n<meta property=\"og:type\" content=\"article\" \/>\n<meta property=\"og:title\" content=\"A Ny\u00edrpalota T\u00e1rsas\u00e1g orsz\u00e1gos felh\u00edv\u00e1sa - Milyen \u00f6nkorm\u00e1nyzatot \u00e9s milyen polg\u00e1rmestert akarunk? - Parola Foly\u00f3irat\" \/>\n<meta property=\"og:description\" content=\"Egy \u00e9v van az \u00f6nkorm\u00e1nyzati v\u00e1laszt\u00e1sokig. M\u00e9g nem kezd\u0151d\u00f6tt semmilyen kamp\u00e1ny ebben a t\u00e9m\u00e1ban, \u00edgy tal\u00e1n alkalmas az id\u0151, hogy err\u0151l eszm\u00e9t cser\u00e9lj\u00fcnk. Gondoljuk v\u00e9gig, fogalmazzuk \u00e9s vitassuk meg: a helyi t\u00e1rsadalom, a telep\u00fcl\u00e9sek, v\u00e1rosr\u00e9szek lak\u00f3i \u00e9s azok k\u00f6z\u00f6ss\u00e9gei milyen helyi \u00f6nkorm\u00e1nyzatokat, s azok \u00e9l\u00e9re milyen polg\u00e1rmestert akarnak.\" \/>\n<meta property=\"og:url\" content=\"https:\/\/kofe.hu\/parola\/parola-folyoirat\/a-nyirpalota-tarsasag-orszagos-felhivasa-milyen-onkormanyzatot-es-milyen-polgarmestert-akarunk\/\" \/>\n<meta property=\"og:site_name\" content=\"Parola Foly\u00f3irat\" \/>\n<meta property=\"article:published_time\" content=\"2020-07-11T08:23:09+00:00\" \/>\n<meta property=\"article:modified_time\" content=\"2020-07-30T12:41:48+00:00\" \/>\n<meta property=\"og:image\" content=\"https:\/\/kofe.hu\/parola\/wp-content\/uploads\/2020\/07\/05.3.4.jpeg\" \/>\n\t<meta property=\"og:image:width\" content=\"1339\" \/>\n\t<meta property=\"og:image:height\" content=\"1944\" \/>\n\t<meta property=\"og:image:type\" content=\"image\/jpeg\" \/>\n<meta name=\"author\" content=\"Ny\u00edrpalota T\u00e1rsas\u00e1g\" \/>\n<meta name=\"twitter:card\" content=\"summary_large_image\" \/>\n<meta name=\"twitter:label1\" content=\"Szerz\u0151:\" \/>\n\t<meta name=\"twitter:data1\" content=\"Ny\u00edrpalota T\u00e1rsas\u00e1g\" \/>\n\t<meta name=\"twitter:label2\" content=\"Becs\u00fclt olvas\u00e1si id\u0151\" \/>\n\t<meta name=\"twitter:data2\" content=\"7 perc\" \/>\n\t<meta name=\"twitter:label3\" content=\"Written by\" \/>\n\t<meta name=\"twitter:data3\" content=\"Ny\u00edrpalota T\u00e1rsas\u00e1g\" \/>\n<script type=\"application\/ld+json\" class=\"yoast-schema-graph\">{\"@context\":\"https:\/\/schema.org\",\"@graph\":[{\"@type\":\"Article\",\"@id\":\"https:\/\/kofe.hu\/parola\/parola-folyoirat\/a-nyirpalota-tarsasag-orszagos-felhivasa-milyen-onkormanyzatot-es-milyen-polgarmestert-akarunk\/#article\",\"isPartOf\":{\"@id\":\"https:\/\/kofe.hu\/parola\/parola-folyoirat\/a-nyirpalota-tarsasag-orszagos-felhivasa-milyen-onkormanyzatot-es-milyen-polgarmestert-akarunk\/\"},\"author\":{\"name\":\"Ny\u00edrpalota T\u00e1rsas\u00e1g\",\"@id\":\"https:\/\/kofe.hu\/parola\/#\/schema\/person\/fcff099eeaf4ad0bed68cf979d90d9d0\"},\"headline\":\"A Ny\u00edrpalota T\u00e1rsas\u00e1g orsz\u00e1gos felh\u00edv\u00e1sa &#8211; Milyen \u00f6nkorm\u00e1nyzatot \u00e9s milyen polg\u00e1rmestert akarunk?\",\"datePublished\":\"2020-07-11T08:23:09+00:00\",\"dateModified\":\"2020-07-30T12:41:48+00:00\",\"mainEntityOfPage\":{\"@id\":\"https:\/\/kofe.hu\/parola\/parola-folyoirat\/a-nyirpalota-tarsasag-orszagos-felhivasa-milyen-onkormanyzatot-es-milyen-polgarmestert-akarunk\/\"},\"wordCount\":1414,\"commentCount\":0,\"image\":{\"@id\":\"https:\/\/kofe.hu\/parola\/parola-folyoirat\/a-nyirpalota-tarsasag-orszagos-felhivasa-milyen-onkormanyzatot-es-milyen-polgarmestert-akarunk\/#primaryimage\"},\"thumbnailUrl\":\"https:\/\/kofe.hu\/parola\/wp-content\/uploads\/2020\/07\/05.3.4.jpeg\",\"articleSection\":[\"Parola 2005\/3-4\",\"Parola Foly\u00f3irat\",\"Repert\u00f3rium\"],\"inLanguage\":\"hu\",\"potentialAction\":[{\"@type\":\"CommentAction\",\"name\":\"Comment\",\"target\":[\"https:\/\/kofe.hu\/parola\/parola-folyoirat\/a-nyirpalota-tarsasag-orszagos-felhivasa-milyen-onkormanyzatot-es-milyen-polgarmestert-akarunk\/#respond\"]}]},{\"@type\":\"WebPage\",\"@id\":\"https:\/\/kofe.hu\/parola\/parola-folyoirat\/a-nyirpalota-tarsasag-orszagos-felhivasa-milyen-onkormanyzatot-es-milyen-polgarmestert-akarunk\/\",\"url\":\"https:\/\/kofe.hu\/parola\/parola-folyoirat\/a-nyirpalota-tarsasag-orszagos-felhivasa-milyen-onkormanyzatot-es-milyen-polgarmestert-akarunk\/\",\"name\":\"A Ny\u00edrpalota T\u00e1rsas\u00e1g orsz\u00e1gos felh\u00edv\u00e1sa - Milyen \u00f6nkorm\u00e1nyzatot \u00e9s milyen polg\u00e1rmestert akarunk? - Parola Foly\u00f3irat\",\"isPartOf\":{\"@id\":\"https:\/\/kofe.hu\/parola\/#website\"},\"primaryImageOfPage\":{\"@id\":\"https:\/\/kofe.hu\/parola\/parola-folyoirat\/a-nyirpalota-tarsasag-orszagos-felhivasa-milyen-onkormanyzatot-es-milyen-polgarmestert-akarunk\/#primaryimage\"},\"image\":{\"@id\":\"https:\/\/kofe.hu\/parola\/parola-folyoirat\/a-nyirpalota-tarsasag-orszagos-felhivasa-milyen-onkormanyzatot-es-milyen-polgarmestert-akarunk\/#primaryimage\"},\"thumbnailUrl\":\"https:\/\/kofe.hu\/parola\/wp-content\/uploads\/2020\/07\/05.3.4.jpeg\",\"datePublished\":\"2020-07-11T08:23:09+00:00\",\"dateModified\":\"2020-07-30T12:41:48+00:00\",\"author\":{\"@id\":\"https:\/\/kofe.hu\/parola\/#\/schema\/person\/fcff099eeaf4ad0bed68cf979d90d9d0\"},\"breadcrumb\":{\"@id\":\"https:\/\/kofe.hu\/parola\/parola-folyoirat\/a-nyirpalota-tarsasag-orszagos-felhivasa-milyen-onkormanyzatot-es-milyen-polgarmestert-akarunk\/#breadcrumb\"},\"inLanguage\":\"hu\",\"potentialAction\":[{\"@type\":\"ReadAction\",\"target\":[\"https:\/\/kofe.hu\/parola\/parola-folyoirat\/a-nyirpalota-tarsasag-orszagos-felhivasa-milyen-onkormanyzatot-es-milyen-polgarmestert-akarunk\/\"]}]},{\"@type\":\"ImageObject\",\"inLanguage\":\"hu\",\"@id\":\"https:\/\/kofe.hu\/parola\/parola-folyoirat\/a-nyirpalota-tarsasag-orszagos-felhivasa-milyen-onkormanyzatot-es-milyen-polgarmestert-akarunk\/#primaryimage\",\"url\":\"https:\/\/kofe.hu\/parola\/wp-content\/uploads\/2020\/07\/05.3.4.jpeg\",\"contentUrl\":\"https:\/\/kofe.hu\/parola\/wp-content\/uploads\/2020\/07\/05.3.4.jpeg\",\"width\":1339,\"height\":1944},{\"@type\":\"BreadcrumbList\",\"@id\":\"https:\/\/kofe.hu\/parola\/parola-folyoirat\/a-nyirpalota-tarsasag-orszagos-felhivasa-milyen-onkormanyzatot-es-milyen-polgarmestert-akarunk\/#breadcrumb\",\"itemListElement\":[{\"@type\":\"ListItem\",\"position\":1,\"name\":\"Home\",\"item\":\"https:\/\/kofe.hu\/parola\/\"},{\"@type\":\"ListItem\",\"position\":2,\"name\":\"A Ny\u00edrpalota T\u00e1rsas\u00e1g orsz\u00e1gos felh\u00edv\u00e1sa &#8211; Milyen \u00f6nkorm\u00e1nyzatot \u00e9s milyen polg\u00e1rmestert akarunk?\"}]},{\"@type\":\"WebSite\",\"@id\":\"https:\/\/kofe.hu\/parola\/#website\",\"url\":\"https:\/\/kofe.hu\/parola\/\",\"name\":\"Parola Foly\u00f3irat\",\"description\":\"\",\"potentialAction\":[{\"@type\":\"SearchAction\",\"target\":{\"@type\":\"EntryPoint\",\"urlTemplate\":\"https:\/\/kofe.hu\/parola\/?s={search_term_string}\"},\"query-input\":{\"@type\":\"PropertyValueSpecification\",\"valueRequired\":true,\"valueName\":\"search_term_string\"}}],\"inLanguage\":\"hu\"},{\"@type\":\"Person\",\"@id\":\"https:\/\/kofe.hu\/parola\/#\/schema\/person\/fcff099eeaf4ad0bed68cf979d90d9d0\",\"name\":\"Ny\u00edrpalota T\u00e1rsas\u00e1g\",\"image\":{\"@type\":\"ImageObject\",\"inLanguage\":\"hu\",\"@id\":\"https:\/\/kofe.hu\/parola\/#\/schema\/person\/image\/1d3ac69bb8fbb7a229278cb02c8194bc\",\"url\":\"https:\/\/secure.gravatar.com\/avatar\/a6edb4198264b2cde70523b6b642944541fb80ec0ede4a2bde8f744ffefdcd04?s=96&d=mm&r=g\",\"contentUrl\":\"https:\/\/secure.gravatar.com\/avatar\/a6edb4198264b2cde70523b6b642944541fb80ec0ede4a2bde8f744ffefdcd04?s=96&d=mm&r=g\",\"caption\":\"Ny\u00edrpalota T\u00e1rsas\u00e1g\"},\"url\":\"https:\/\/kofe.hu\/parola\/szerzok\/nyirpalota-tarsasag\/\"}]}<\/script>\n<!-- \/ Yoast SEO plugin. -->","yoast_head_json":{"title":"A Ny\u00edrpalota T\u00e1rsas\u00e1g orsz\u00e1gos felh\u00edv\u00e1sa - Milyen \u00f6nkorm\u00e1nyzatot \u00e9s milyen polg\u00e1rmestert akarunk? - Parola Foly\u00f3irat","robots":{"index":"index","follow":"follow","max-snippet":"max-snippet:-1","max-image-preview":"max-image-preview:large","max-video-preview":"max-video-preview:-1"},"canonical":"https:\/\/kofe.hu\/parola\/parola-folyoirat\/a-nyirpalota-tarsasag-orszagos-felhivasa-milyen-onkormanyzatot-es-milyen-polgarmestert-akarunk\/","og_locale":"hu_HU","og_type":"article","og_title":"A Ny\u00edrpalota T\u00e1rsas\u00e1g orsz\u00e1gos felh\u00edv\u00e1sa - Milyen \u00f6nkorm\u00e1nyzatot \u00e9s milyen polg\u00e1rmestert akarunk? - Parola Foly\u00f3irat","og_description":"Egy \u00e9v van az \u00f6nkorm\u00e1nyzati v\u00e1laszt\u00e1sokig. M\u00e9g nem kezd\u0151d\u00f6tt semmilyen kamp\u00e1ny ebben a t\u00e9m\u00e1ban, \u00edgy tal\u00e1n alkalmas az id\u0151, hogy err\u0151l eszm\u00e9t cser\u00e9lj\u00fcnk. Gondoljuk v\u00e9gig, fogalmazzuk \u00e9s vitassuk meg: a helyi t\u00e1rsadalom, a telep\u00fcl\u00e9sek, v\u00e1rosr\u00e9szek lak\u00f3i \u00e9s azok k\u00f6z\u00f6ss\u00e9gei milyen helyi \u00f6nkorm\u00e1nyzatokat, s azok \u00e9l\u00e9re milyen polg\u00e1rmestert akarnak.","og_url":"https:\/\/kofe.hu\/parola\/parola-folyoirat\/a-nyirpalota-tarsasag-orszagos-felhivasa-milyen-onkormanyzatot-es-milyen-polgarmestert-akarunk\/","og_site_name":"Parola Foly\u00f3irat","article_published_time":"2020-07-11T08:23:09+00:00","article_modified_time":"2020-07-30T12:41:48+00:00","og_image":[{"width":1339,"height":1944,"url":"https:\/\/kofe.hu\/parola\/wp-content\/uploads\/2020\/07\/05.3.4.jpeg","type":"image\/jpeg"}],"author":"Ny\u00edrpalota T\u00e1rsas\u00e1g","twitter_card":"summary_large_image","twitter_misc":{"Szerz\u0151:":"Ny\u00edrpalota T\u00e1rsas\u00e1g","Becs\u00fclt olvas\u00e1si id\u0151":"7 perc","Written by":"Ny\u00edrpalota T\u00e1rsas\u00e1g"},"schema":{"@context":"https:\/\/schema.org","@graph":[{"@type":"Article","@id":"https:\/\/kofe.hu\/parola\/parola-folyoirat\/a-nyirpalota-tarsasag-orszagos-felhivasa-milyen-onkormanyzatot-es-milyen-polgarmestert-akarunk\/#article","isPartOf":{"@id":"https:\/\/kofe.hu\/parola\/parola-folyoirat\/a-nyirpalota-tarsasag-orszagos-felhivasa-milyen-onkormanyzatot-es-milyen-polgarmestert-akarunk\/"},"author":{"name":"Ny\u00edrpalota T\u00e1rsas\u00e1g","@id":"https:\/\/kofe.hu\/parola\/#\/schema\/person\/fcff099eeaf4ad0bed68cf979d90d9d0"},"headline":"A Ny\u00edrpalota T\u00e1rsas\u00e1g orsz\u00e1gos felh\u00edv\u00e1sa &#8211; Milyen \u00f6nkorm\u00e1nyzatot \u00e9s milyen polg\u00e1rmestert akarunk?","datePublished":"2020-07-11T08:23:09+00:00","dateModified":"2020-07-30T12:41:48+00:00","mainEntityOfPage":{"@id":"https:\/\/kofe.hu\/parola\/parola-folyoirat\/a-nyirpalota-tarsasag-orszagos-felhivasa-milyen-onkormanyzatot-es-milyen-polgarmestert-akarunk\/"},"wordCount":1414,"commentCount":0,"image":{"@id":"https:\/\/kofe.hu\/parola\/parola-folyoirat\/a-nyirpalota-tarsasag-orszagos-felhivasa-milyen-onkormanyzatot-es-milyen-polgarmestert-akarunk\/#primaryimage"},"thumbnailUrl":"https:\/\/kofe.hu\/parola\/wp-content\/uploads\/2020\/07\/05.3.4.jpeg","articleSection":["Parola 2005\/3-4","Parola Foly\u00f3irat","Repert\u00f3rium"],"inLanguage":"hu","potentialAction":[{"@type":"CommentAction","name":"Comment","target":["https:\/\/kofe.hu\/parola\/parola-folyoirat\/a-nyirpalota-tarsasag-orszagos-felhivasa-milyen-onkormanyzatot-es-milyen-polgarmestert-akarunk\/#respond"]}]},{"@type":"WebPage","@id":"https:\/\/kofe.hu\/parola\/parola-folyoirat\/a-nyirpalota-tarsasag-orszagos-felhivasa-milyen-onkormanyzatot-es-milyen-polgarmestert-akarunk\/","url":"https:\/\/kofe.hu\/parola\/parola-folyoirat\/a-nyirpalota-tarsasag-orszagos-felhivasa-milyen-onkormanyzatot-es-milyen-polgarmestert-akarunk\/","name":"A Ny\u00edrpalota T\u00e1rsas\u00e1g orsz\u00e1gos felh\u00edv\u00e1sa - Milyen \u00f6nkorm\u00e1nyzatot \u00e9s milyen polg\u00e1rmestert akarunk? - Parola Foly\u00f3irat","isPartOf":{"@id":"https:\/\/kofe.hu\/parola\/#website"},"primaryImageOfPage":{"@id":"https:\/\/kofe.hu\/parola\/parola-folyoirat\/a-nyirpalota-tarsasag-orszagos-felhivasa-milyen-onkormanyzatot-es-milyen-polgarmestert-akarunk\/#primaryimage"},"image":{"@id":"https:\/\/kofe.hu\/parola\/parola-folyoirat\/a-nyirpalota-tarsasag-orszagos-felhivasa-milyen-onkormanyzatot-es-milyen-polgarmestert-akarunk\/#primaryimage"},"thumbnailUrl":"https:\/\/kofe.hu\/parola\/wp-content\/uploads\/2020\/07\/05.3.4.jpeg","datePublished":"2020-07-11T08:23:09+00:00","dateModified":"2020-07-30T12:41:48+00:00","author":{"@id":"https:\/\/kofe.hu\/parola\/#\/schema\/person\/fcff099eeaf4ad0bed68cf979d90d9d0"},"breadcrumb":{"@id":"https:\/\/kofe.hu\/parola\/parola-folyoirat\/a-nyirpalota-tarsasag-orszagos-felhivasa-milyen-onkormanyzatot-es-milyen-polgarmestert-akarunk\/#breadcrumb"},"inLanguage":"hu","potentialAction":[{"@type":"ReadAction","target":["https:\/\/kofe.hu\/parola\/parola-folyoirat\/a-nyirpalota-tarsasag-orszagos-felhivasa-milyen-onkormanyzatot-es-milyen-polgarmestert-akarunk\/"]}]},{"@type":"ImageObject","inLanguage":"hu","@id":"https:\/\/kofe.hu\/parola\/parola-folyoirat\/a-nyirpalota-tarsasag-orszagos-felhivasa-milyen-onkormanyzatot-es-milyen-polgarmestert-akarunk\/#primaryimage","url":"https:\/\/kofe.hu\/parola\/wp-content\/uploads\/2020\/07\/05.3.4.jpeg","contentUrl":"https:\/\/kofe.hu\/parola\/wp-content\/uploads\/2020\/07\/05.3.4.jpeg","width":1339,"height":1944},{"@type":"BreadcrumbList","@id":"https:\/\/kofe.hu\/parola\/parola-folyoirat\/a-nyirpalota-tarsasag-orszagos-felhivasa-milyen-onkormanyzatot-es-milyen-polgarmestert-akarunk\/#breadcrumb","itemListElement":[{"@type":"ListItem","position":1,"name":"Home","item":"https:\/\/kofe.hu\/parola\/"},{"@type":"ListItem","position":2,"name":"A Ny\u00edrpalota T\u00e1rsas\u00e1g orsz\u00e1gos felh\u00edv\u00e1sa &#8211; Milyen \u00f6nkorm\u00e1nyzatot \u00e9s milyen polg\u00e1rmestert akarunk?"}]},{"@type":"WebSite","@id":"https:\/\/kofe.hu\/parola\/#website","url":"https:\/\/kofe.hu\/parola\/","name":"Parola Foly\u00f3irat","description":"","potentialAction":[{"@type":"SearchAction","target":{"@type":"EntryPoint","urlTemplate":"https:\/\/kofe.hu\/parola\/?s={search_term_string}"},"query-input":{"@type":"PropertyValueSpecification","valueRequired":true,"valueName":"search_term_string"}}],"inLanguage":"hu"},{"@type":"Person","@id":"https:\/\/kofe.hu\/parola\/#\/schema\/person\/fcff099eeaf4ad0bed68cf979d90d9d0","name":"Ny\u00edrpalota T\u00e1rsas\u00e1g","image":{"@type":"ImageObject","inLanguage":"hu","@id":"https:\/\/kofe.hu\/parola\/#\/schema\/person\/image\/1d3ac69bb8fbb7a229278cb02c8194bc","url":"https:\/\/secure.gravatar.com\/avatar\/a6edb4198264b2cde70523b6b642944541fb80ec0ede4a2bde8f744ffefdcd04?s=96&d=mm&r=g","contentUrl":"https:\/\/secure.gravatar.com\/avatar\/a6edb4198264b2cde70523b6b642944541fb80ec0ede4a2bde8f744ffefdcd04?s=96&d=mm&r=g","caption":"Ny\u00edrpalota T\u00e1rsas\u00e1g"},"url":"https:\/\/kofe.hu\/parola\/szerzok\/nyirpalota-tarsasag\/"}]}},"_links":{"self":[{"href":"https:\/\/kofe.hu\/parola\/wp-json\/wp\/v2\/posts\/3113","targetHints":{"allow":["GET"]}}],"collection":[{"href":"https:\/\/kofe.hu\/parola\/wp-json\/wp\/v2\/posts"}],"about":[{"href":"https:\/\/kofe.hu\/parola\/wp-json\/wp\/v2\/types\/post"}],"author":[{"embeddable":true,"href":"https:\/\/kofe.hu\/parola\/wp-json\/wp\/v2\/users\/395"}],"replies":[{"embeddable":true,"href":"https:\/\/kofe.hu\/parola\/wp-json\/wp\/v2\/comments?post=3113"}],"version-history":[{"count":3,"href":"https:\/\/kofe.hu\/parola\/wp-json\/wp\/v2\/posts\/3113\/revisions"}],"predecessor-version":[{"id":4415,"href":"https:\/\/kofe.hu\/parola\/wp-json\/wp\/v2\/posts\/3113\/revisions\/4415"}],"wp:featuredmedia":[{"embeddable":true,"href":"https:\/\/kofe.hu\/parola\/wp-json\/wp\/v2\/media\/3420"}],"wp:attachment":[{"href":"https:\/\/kofe.hu\/parola\/wp-json\/wp\/v2\/media?parent=3113"}],"wp:term":[{"taxonomy":"category","embeddable":true,"href":"https:\/\/kofe.hu\/parola\/wp-json\/wp\/v2\/categories?post=3113"},{"taxonomy":"post_tag","embeddable":true,"href":"https:\/\/kofe.hu\/parola\/wp-json\/wp\/v2\/tags?post=3113"},{"taxonomy":"author","embeddable":true,"href":"https:\/\/kofe.hu\/parola\/wp-json\/wp\/v2\/coauthors?post=3113"}],"curies":[{"name":"wp","href":"https:\/\/api.w.org\/{rel}","templated":true}]}}