{"id":3103,"date":"2020-07-11T08:21:55","date_gmt":"2020-07-11T08:21:55","guid":{"rendered":"https:\/\/kofe.hu\/parola\/?p=3103"},"modified":"2020-07-30T12:41:34","modified_gmt":"2020-07-30T12:41:34","slug":"az-allampolgari-reszvetel-es-a-kozbizalom-gyorsmerlege","status":"publish","type":"post","link":"https:\/\/kofe.hu\/parola\/parola-folyoirat\/az-allampolgari-reszvetel-es-a-kozbizalom-gyorsmerlege\/","title":{"rendered":"Az \u00e1llampolg\u00e1ri r\u00e9szv\u00e9tel \u00e9s a k\u00f6zbizalom gyorsm\u00e9rlege"},"content":{"rendered":"<p style=\"text-align: justify;\"><span style=\"font-family: Arial;\">Sz\u00far\u00f3pr\u00f3baszer\u0171, orsz\u00e1gos felm\u00e9r\u00e9st kezdem\u00e9nyezett az \u00c1llampolg\u00e1ri r\u00e9szv\u00e9tel hete alkalm\u00e1b\u00f3l a\u00a0<\/span><i><span style=\"font-family: Arial;\">K\u00f6z\u00f6ss\u00e9gfejleszt\u0151k Egyes\u00fclete<\/span><\/i><span style=\"font-family: Arial;\">\u00a0\u00e9s a\u00a0<\/span><i><span style=\"font-family: Arial;\">Magyar M\u0171vel\u0151d\u00e9si Int\u00e9zet K\u00f6z\u00f6ss\u00e9gfejleszt\u00e9si Oszt\u00e1lya<\/span><\/i><span style=\"font-family: Arial;\">\u00a02005. szeptember 19-e \u00e9s 25-e k\u00f6z\u00f6tt az orsz\u00e1g 18 megy\u00e9j\u00e9ben \u00e9s Budapesten. (A felm\u00e9r\u00e9s egyed\u00fcl Kom\u00e1rom megy\u00e9ben nem t\u00f6rt\u00e9nt meg.)<\/span><br \/>\n<span style=\"font-family: Arial;\">A k\u00e9rd\u0151\u00edves kutat\u00e1sra \u00f6sszesen 4507 kit\u00f6lt\u00f6tt v\u00e1lasz \u00e9rkezett, vizsg\u00e1latunknak \u00edgy er\u0151ss\u00e9ge az igen nagy elemsz\u00e1m. A v\u00e1laszol\u00f3k megoszl\u00e1sa az orsz\u00e1gos lak\u00f3helyi elhelyezked\u00e9s ar\u00e1nyainak nagyj\u00e1b\u00f3l megfelelt. A sz\u00far\u00f3pr\u00f3baszer\u0171 minta nagyobbik fele utcai megsz\u00f3l\u00edt\u00e1sokkal, k\u00f6z\u00f6ss\u00e9gi \u00f6sszej\u00f6veteleken megjelent r\u00e9sztvev\u0151k megk\u00e9rdez\u00e9s\u00e9vel, s n\u00e9h\u00e1ny k\u00f6zint\u00e9zm\u00e9ny l\u00e1togat\u00f3inak felk\u00e9r\u00e9s\u00e9vel alakult ki.<\/span><br \/>\n<span style=\"font-family: Arial;\">A v\u00e1laszad\u00f3k \u00f6sszet\u00e9tele a nemek \u00e9s az \u00e9letkor tekintet\u00e9ben nagyj\u00e1b\u00f3l az orsz\u00e1gos ar\u00e1nyoknak felel meg, az iskolai v\u00e9gzetts\u00e9g adataiban a k\u00f6z\u00e9piskolai v\u00e9gzetts\u00e9g\u0171ek ar\u00e1ny\u00e1ban fel\u00fclreprezent\u00e1lt, az ann\u00e1l alacsonyabbnak tekintett iskolai fokozatok rov\u00e1s\u00e1ra.<\/span><br \/>\n<span style=\"font-family: Arial;\">A k\u00e9rd\u00e9sek f\u0151k\u00e9nt az \u00e1llami-politikai int\u00e9zm\u00e9nyrendszerben val\u00f3 bizalom m\u00e9rt\u00e9k\u00e9re ir\u00e1nyultak, illetve arra, hogy milyen akt\u00edv l\u00e9p\u00e9seket tettek a megk\u00e9rdezettek az elm\u00falt 12 h\u00f3napban ezeknek az int\u00e9zm\u00e9nyeknek az ig\u00e9nybev\u00e9tel\u00e9re.<\/span><br \/>\n<span style=\"font-family: Arial;\">Fontos tapasztalatk\u00e9nt eml\u00edtj\u00fck azt a megfigyel\u00e9s\u00fcnket, hogy a k\u00e9rdez\u00e9s\u2013v\u00e1laszad\u00e1s helyzete, azaz a k\u00e9rd\u0151\u00edv kit\u00f6lt\u00e9se viszonylag szokatlan alkalom volt arra, hogy a megk\u00e9rdezetteket val\u00f3di m\u00e9rlegel\u00e9sre, v\u00e9lem\u00e9nynyilv\u00e1n\u00edt\u00e1sra k\u00e9sztesse. Ez is meger\u0151s\u00edti azt a kor\u00e1bbi tapasztalatunkat, hogy nagyon kev\u00e9s a val\u00f3di megsz\u00f3l\u00edt\u00e1s, az olyan helyzet, amely az \u00e1llampolg\u00e1rokat hathat\u00f3san k\u00f6z\u00fcgyekben val\u00f3 felel\u0151s \u00e1ll\u00e1sfoglal\u00e1sra k\u00e9sztetn\u00e9, s m\u00e9g ink\u00e1bb kev\u00e9s a k\u00e9sztet\u00e9s arra, hogy elhiggy\u00e9k, van t\u00e9tje, \u00e9rtelme az \u0151 v\u00e9lem\u00e9ny\u00fcknek is.<\/span><\/p>\n<p><span style=\"font-family: Arial;\">Az eredm\u00e9nyek els\u0151 gyors\u00e9rt\u00e9kel\u00e9se a k\u00f6vetkez\u0151 meg\u00e1llap\u00edt\u00e1sokat k\u00edn\u00e1lja:<\/span><\/p>\n<p><span style=\"font-family: Arial;\">A vill\u00e1mk\u00e9rdez\u00e9s els\u0151 l\u00e9p\u00e9s\u00e9ben azt vizsg\u00e1ltuk, hogy mennyire b\u00edzik a v\u00e1laszad\u00f3 hat k\u00fcl\u00f6nb\u00f6z\u0151 int\u00e9zm\u00e9nyben?<\/span><\/p>\n<table border=\"1\" width=\"100%\">\n<tbody>\n<tr valign=\"top\">\n<td rowspan=\"2\" width=\"15%\">\n<div align=\"center\"><b><span style=\"font-family: Arial;\">Mennyire b\u00edzik meg a &#8230;<\/span><\/b><\/div>\n<\/td>\n<td colspan=\"2\" width=\"10%\">\n<div align=\"center\"><b><span style=\"font-family: Arial;\">Nagyon<\/span><\/b><\/div>\n<\/td>\n<td colspan=\"2\" width=\"17%\">\n<div align=\"center\"><b><span style=\"font-family: Arial;\">El\u00e9gg\u00e9<\/span><\/b><\/div>\n<\/td>\n<td colspan=\"2\" width=\"17%\">\n<div align=\"center\"><b><span style=\"font-family: Arial;\">Nem nagyon<\/span><\/b><\/div>\n<\/td>\n<td colspan=\"2\" width=\"17%\">\n<div align=\"center\"><b><span style=\"font-family: Arial;\">Egy\u00e1ltal\u00e1n nem<\/span><\/b><\/div>\n<\/td>\n<td colspan=\"2\" width=\"15%\">\n<div align=\"center\"><b><span style=\"font-family: Arial;\">Nem tudok erre v\u00e1laszolni<\/span><\/b><\/div>\n<\/td>\n<td rowspan=\"2\" width=\"10%\"><img loading=\"lazy\" decoding=\"async\" src=\"http:\/\/kka.hu\/icons\/ecblank.gif\" alt=\"\" width=\"1\" height=\"1\" border=\"0\" \/><\/td>\n<\/tr>\n<tr valign=\"top\">\n<td width=\"5%\"><img loading=\"lazy\" decoding=\"async\" src=\"http:\/\/kka.hu\/icons\/ecblank.gif\" alt=\"\" width=\"1\" height=\"1\" border=\"0\" \/><\/td>\n<td width=\"5%\">\n<div align=\"center\"><b><span style=\"font-family: Arial;\">%<\/span><\/b><\/div>\n<\/td>\n<td width=\"8%\"><img loading=\"lazy\" decoding=\"async\" src=\"http:\/\/kka.hu\/icons\/ecblank.gif\" alt=\"\" width=\"1\" height=\"1\" border=\"0\" \/><\/td>\n<td width=\"8%\">\n<div align=\"center\"><b><span style=\"font-family: Arial;\">%<\/span><\/b><\/div>\n<\/td>\n<td width=\"8%\"><img loading=\"lazy\" decoding=\"async\" src=\"http:\/\/kka.hu\/icons\/ecblank.gif\" alt=\"\" width=\"1\" height=\"1\" border=\"0\" \/><\/td>\n<td width=\"8%\">\n<div align=\"center\"><b><span style=\"font-family: Arial;\">%<\/span><\/b><\/div>\n<\/td>\n<td width=\"8%\"><img loading=\"lazy\" decoding=\"async\" src=\"http:\/\/kka.hu\/icons\/ecblank.gif\" alt=\"\" width=\"1\" height=\"1\" border=\"0\" \/><\/td>\n<td width=\"8%\">\n<div align=\"center\"><b><span style=\"font-family: Arial;\">%<\/span><\/b><\/div>\n<\/td>\n<td width=\"7%\"><img loading=\"lazy\" decoding=\"async\" src=\"http:\/\/kka.hu\/icons\/ecblank.gif\" alt=\"\" width=\"1\" height=\"1\" border=\"0\" \/><\/td>\n<td width=\"8%\">\n<div align=\"center\"><b><span style=\"font-family: Arial;\">%<\/span><\/b><\/div>\n<\/td>\n<\/tr>\n<tr valign=\"top\">\n<td width=\"15%\"><span style=\"font-family: Arial;\">Rend\u0151rs\u00e9gben<\/span><\/td>\n<td width=\"5%\">\n<div align=\"center\"><span style=\"font-family: Arial;\">334<\/span><\/div>\n<\/td>\n<td width=\"5%\">\n<div align=\"center\"><b><span style=\"font-family: Arial;\">8<\/span><\/b><\/div>\n<\/td>\n<td width=\"8%\">\n<div align=\"center\"><span style=\"font-family: Arial;\">1817<\/span><\/div>\n<\/td>\n<td width=\"8%\">\n<div align=\"center\"><b><span style=\"font-family: Arial;\">41<\/span><\/b><\/div>\n<\/td>\n<td width=\"8%\">\n<div align=\"center\"><span style=\"font-family: Arial;\">1698<\/span><\/div>\n<\/td>\n<td width=\"8%\">\n<div align=\"center\"><b><span style=\"font-family: Arial;\">38<\/span><\/b><\/div>\n<\/td>\n<td width=\"8%\">\n<div align=\"center\"><span style=\"font-family: Arial;\">488<\/span><\/div>\n<\/td>\n<td width=\"8%\">\n<div align=\"center\"><b><span style=\"font-family: Arial;\">11<\/span><\/b><\/div>\n<\/td>\n<td width=\"7%\">\n<div align=\"center\"><span style=\"font-family: Arial;\">110<\/span><\/div>\n<\/td>\n<td width=\"8%\">\n<div align=\"center\"><b><span style=\"font-family: Arial;\">2<\/span><\/b><\/div>\n<\/td>\n<td width=\"10%\">\n<div align=\"center\"><span style=\"font-family: Arial;\">4113<\/span><\/div>\n<\/td>\n<\/tr>\n<tr valign=\"top\">\n<td width=\"15%\"><span style=\"font-family: Arial;\">Igazs\u00e1gszolg\u00e1ltat\u00e1sban<\/span><\/td>\n<td width=\"5%\">\n<div align=\"center\"><span style=\"font-family: Arial;\">234<\/span><\/div>\n<\/td>\n<td width=\"5%\">\n<div align=\"center\"><b><span style=\"font-family: Arial;\">5<\/span><\/b><\/div>\n<\/td>\n<td width=\"8%\">\n<div align=\"center\"><span style=\"font-family: Arial;\">1459<\/span><\/div>\n<\/td>\n<td width=\"8%\">\n<div align=\"center\"><b><span style=\"font-family: Arial;\">33<\/span><\/b><\/div>\n<\/td>\n<td width=\"8%\">\n<div align=\"center\"><span style=\"font-family: Arial;\">1939<\/span><\/div>\n<\/td>\n<td width=\"8%\">\n<div align=\"center\"><b><span style=\"font-family: Arial;\">44<\/span><\/b><\/div>\n<\/td>\n<td width=\"8%\">\n<div align=\"center\"><span style=\"font-family: Arial;\">675<\/span><\/div>\n<\/td>\n<td width=\"8%\">\n<div align=\"center\"><b><span style=\"font-family: Arial;\">15<\/span><\/b><\/div>\n<\/td>\n<td width=\"7%\">\n<div align=\"center\"><span style=\"font-family: Arial;\">148<\/span><\/div>\n<\/td>\n<td width=\"8%\">\n<div align=\"center\"><b><span style=\"font-family: Arial;\">3<\/span><\/b><\/div>\n<\/td>\n<td width=\"10%\">\n<div align=\"center\"><span style=\"font-family: Arial;\">4455<\/span><\/div>\n<\/td>\n<\/tr>\n<tr valign=\"top\">\n<td width=\"15%\"><span style=\"font-family: Arial;\">Munkaad\u00f3ban<\/span><\/td>\n<td width=\"5%\">\n<div align=\"center\"><span style=\"font-family: Arial;\">861<\/span><\/div>\n<\/td>\n<td width=\"5%\">\n<div align=\"center\"><b><span style=\"font-family: Arial;\">20<\/span><\/b><\/div>\n<\/td>\n<td width=\"8%\">\n<div align=\"center\"><span style=\"font-family: Arial;\">1456<\/span><\/div>\n<\/td>\n<td width=\"8%\">\n<div align=\"center\"><b><span style=\"font-family: Arial;\">33<\/span><\/b><\/div>\n<\/td>\n<td width=\"8%\">\n<div align=\"center\"><span style=\"font-family: Arial;\">834<\/span><\/div>\n<\/td>\n<td width=\"8%\">\n<div align=\"center\"><b><span style=\"font-family: Arial;\">19<\/span><\/b><\/div>\n<\/td>\n<td width=\"8%\">\n<div align=\"center\"><span style=\"font-family: Arial;\">386<\/span><\/div>\n<\/td>\n<td width=\"8%\">\n<div align=\"center\"><b><span style=\"font-family: Arial;\">9<\/span><\/b><\/div>\n<\/td>\n<td width=\"7%\">\n<div align=\"center\"><span style=\"font-family: Arial;\">825<\/span><\/div>\n<\/td>\n<td width=\"8%\">\n<div align=\"center\"><b><span style=\"font-family: Arial;\">19<\/span><\/b><\/div>\n<\/td>\n<td width=\"10%\">\n<div align=\"center\"><span style=\"font-family: Arial;\">4362<\/span><\/div>\n<\/td>\n<\/tr>\n<tr valign=\"top\">\n<td width=\"15%\"><span style=\"font-family: Arial;\">Politikusokban<\/span><\/td>\n<td width=\"5%\">\n<div align=\"center\"><span style=\"font-family: Arial;\">75<\/span><\/div>\n<\/td>\n<td width=\"5%\">\n<div align=\"center\"><b><span style=\"font-family: Arial;\">2<\/span><\/b><\/div>\n<\/td>\n<td width=\"8%\">\n<div align=\"center\"><span style=\"font-family: Arial;\">334<\/span><\/div>\n<\/td>\n<td width=\"8%\">\n<div align=\"center\"><b><span style=\"font-family: Arial;\">7<\/span><\/b><\/div>\n<\/td>\n<td width=\"8%\">\n<div align=\"center\"><span style=\"font-family: Arial;\">1509<\/span><\/div>\n<\/td>\n<td width=\"8%\">\n<div align=\"center\"><b><span style=\"font-family: Arial;\">34<\/span><\/b><\/div>\n<\/td>\n<td width=\"8%\">\n<div align=\"center\"><span style=\"font-family: Arial;\">2354<\/span><\/div>\n<\/td>\n<td width=\"8%\">\n<div align=\"center\"><b><span style=\"font-family: Arial;\">53<\/span><\/b><\/div>\n<\/td>\n<td width=\"7%\">\n<div align=\"center\"><span style=\"font-family: Arial;\">201<\/span><\/div>\n<\/td>\n<td width=\"8%\">\n<div align=\"center\"><b><span style=\"font-family: Arial;\">4<\/span><\/b><\/div>\n<\/td>\n<td width=\"10%\">\n<div align=\"center\"><span style=\"font-family: Arial;\">4473<\/span><\/div>\n<\/td>\n<\/tr>\n<tr valign=\"top\">\n<td width=\"15%\"><span style=\"font-family: Arial;\">Paralmentben<\/span><\/td>\n<td width=\"5%\">\n<div align=\"center\"><span style=\"font-family: Arial;\">105<\/span><\/div>\n<\/td>\n<td width=\"5%\">\n<div align=\"center\"><b><span style=\"font-family: Arial;\">3<\/span><\/b><\/div>\n<\/td>\n<td width=\"8%\">\n<div align=\"center\"><span style=\"font-family: Arial;\">469<\/span><\/div>\n<\/td>\n<td width=\"8%\">\n<div align=\"center\"><b><span style=\"font-family: Arial;\">12<\/span><\/b><\/div>\n<\/td>\n<td width=\"8%\">\n<div align=\"center\"><span style=\"font-family: Arial;\">1621<\/span><\/div>\n<\/td>\n<td width=\"8%\">\n<div align=\"center\"><b><span style=\"font-family: Arial;\">40<\/span><\/b><\/div>\n<\/td>\n<td width=\"8%\">\n<div align=\"center\"><span style=\"font-family: Arial;\">1547<\/span><\/div>\n<\/td>\n<td width=\"8%\">\n<div align=\"center\"><b><span style=\"font-family: Arial;\">39<\/span><\/b><\/div>\n<\/td>\n<td width=\"7%\">\n<div align=\"center\"><span style=\"font-family: Arial;\">229<\/span><\/div>\n<\/td>\n<td width=\"8%\">\n<div align=\"center\"><b><span style=\"font-family: Arial;\">6<\/span><\/b><\/div>\n<\/td>\n<td width=\"10%\">\n<div align=\"center\"><span style=\"font-family: Arial;\">3971<\/span><\/div>\n<\/td>\n<\/tr>\n<tr valign=\"top\">\n<td width=\"15%\"><span style=\"font-family: Arial;\">\u00d6nkorm\u00e1nyzatban<\/span><\/td>\n<td width=\"5%\">\n<div align=\"center\"><span style=\"font-family: Arial;\">290<\/span><\/div>\n<\/td>\n<td width=\"5%\">\n<div align=\"center\"><b><span style=\"font-family: Arial;\">7<\/span><\/b><\/div>\n<\/td>\n<td width=\"8%\">\n<div align=\"center\"><span style=\"font-family: Arial;\">1568<\/span><\/div>\n<\/td>\n<td width=\"8%\">\n<div align=\"center\"><b><span style=\"font-family: Arial;\">35<\/span><\/b><\/div>\n<\/td>\n<td width=\"8%\">\n<div align=\"center\"><span style=\"font-family: Arial;\">1651<\/span><\/div>\n<\/td>\n<td width=\"8%\">\n<div align=\"center\"><b><span style=\"font-family: Arial;\">36<\/span><\/b><\/div>\n<\/td>\n<td width=\"8%\">\n<div align=\"center\"><span style=\"font-family: Arial;\">691<\/span><\/div>\n<\/td>\n<td width=\"8%\">\n<div align=\"center\"><b><span style=\"font-family: Arial;\">16<\/span><\/b><\/div>\n<\/td>\n<td width=\"7%\">\n<div align=\"center\"><span style=\"font-family: Arial;\">257<\/span><\/div>\n<\/td>\n<td width=\"8%\">\n<div align=\"center\"><b><span style=\"font-family: Arial;\">6<\/span><\/b><\/div>\n<\/td>\n<td width=\"10%\">\n<div align=\"center\"><span style=\"font-family: Arial;\">4457<\/span><\/div>\n<\/td>\n<\/tr>\n<\/tbody>\n<\/table>\n<div style=\"text-align: justify;\" align=\"center\"><span style=\"font-family: Arial;\">Mennyire b\u00edzik meg a rend\u0151rs\u00e9gben?<\/span><br \/>\n<img loading=\"lazy\" decoding=\"async\" class=\"alignnone size-medium wp-image-3104\" src=\"https:\/\/kofe.hu\/parola\/wp-content\/uploads\/2020\/07\/2005-3-pferi-abra1-300x115.gif\" alt=\"\" width=\"300\" height=\"115\" srcset=\"https:\/\/kofe.hu\/parola\/wp-content\/uploads\/2020\/07\/2005-3-pferi-abra1-300x115.gif 300w, https:\/\/kofe.hu\/parola\/wp-content\/uploads\/2020\/07\/2005-3-pferi-abra1-10x4.gif 10w\" sizes=\"auto, (max-width: 300px) 100vw, 300px\" \/><\/div>\n<p style=\"text-align: justify;\"><span style=\"font-family: Arial;\">A v\u00e1laszok \u2013 a sz\u00e1madatok \u00e9s a grafikonon jelzett %-os ar\u00e1nyok is \u2013 azt mutatj\u00e1k, hogy a pozit\u00edv v\u00e9leked\u00e9sek (nagyon, el\u00e9gg\u00e9) \u00e9s a negat\u00edv meg\u00edt\u00e9l\u00e9sek (egy\u00e1ltal\u00e1n nem, nem nagyon) egyar\u00e1nt 49%-ban oszlottak meg. L\u00e1that\u00f3 az is, hogy a hat\u00e1rozott elutas\u00edt\u00e1s (egy\u00e1ltal\u00e1n nem) egy kicsit er\u0151sebb a hat\u00e1rozott bizalomn\u00e1l (nagyon).<\/span><br \/>\n<span style=\"font-family: Arial;\">Enn\u00e9l jelent\u0151sen rosszabb a helyzet a bizalom tekintet\u00e9ben az\u00a0<\/span><i><span style=\"font-family: Arial;\">igazs\u00e1gszolg\u00e1ltat\u00e1st<\/span><\/i><span style=\"font-family: Arial;\">\u00a0(a b\u00edr\u00f3s\u00e1gokat, az \u00fcgy\u00e9szs\u00e9get) illet\u0151en.<\/span><\/p>\n<div style=\"text-align: justify;\" align=\"center\"><span style=\"font-family: Arial;\">Mennyire b\u00edzik meg az\u00a0<\/span><b><span style=\"font-family: Arial;\">igazs\u00e1gszolg\u00e1ltat\u00e1s<\/span><\/b><span style=\"font-family: Arial;\">ban?<\/span><\/div>\n<div style=\"text-align: justify;\" align=\"center\"><span style=\"font-family: Arial;\"><img loading=\"lazy\" decoding=\"async\" class=\"alignnone size-medium wp-image-3105\" src=\"https:\/\/kofe.hu\/parola\/wp-content\/uploads\/2020\/07\/2005-3-pferi-abra2-300x118.gif\" alt=\"\" width=\"300\" height=\"118\" srcset=\"https:\/\/kofe.hu\/parola\/wp-content\/uploads\/2020\/07\/2005-3-pferi-abra2-300x118.gif 300w, https:\/\/kofe.hu\/parola\/wp-content\/uploads\/2020\/07\/2005-3-pferi-abra2-10x4.gif 10w\" sizes=\"auto, (max-width: 300px) 100vw, 300px\" \/><\/span><\/div>\n<p><span style=\"font-family: Arial;\">A bizalom ar\u00e1nya itt m\u00e1r csak 38% a k\u00e9t pozit\u00edv v\u00e1lasz (nagyon, el\u00e9gg\u00e9) \u00f6sszes\u00edt\u00e9s\u00e9vel, s a v\u00e1laszoknak k\u00f6zel k\u00e9tharmada a bizalmatlans\u00e1got jelzi. M\u00e9g er\u0151sebb a kontraszt, ha a sz\u00e9ls\u0151, teh\u00e1t a radik\u00e1lisabb v\u00e1laszt\u00e1sokat figyelj\u00fck: h\u00e1romszor annyian (15%) egy\u00e1ltal\u00e1n nem b\u00edznak az igazs\u00e1gszolg\u00e1ltat\u00e1sban, s csak 5% a nagy bizalommal rendelkez\u0151k ar\u00e1nya.<\/span><br \/>\n<span style=\"font-family: Arial;\">Pozit\u00edvabb bizalmi viszonyt jelez a<\/span><i><span style=\"font-family: Arial;\">\u00a0munkaad\u00f3kr\u00f3l<\/span><\/i><span style=\"font-family: Arial;\">\u00a0val\u00f3 v\u00e9leked\u00e9s. L\u00e1that\u00f3, hogy enn\u00e9l a k\u00e9rd\u00e9sn\u00e9l volt a kutat\u00e1s eg\u00e9sz\u00e9n bel\u00fcl a legnagyobb azoknak a sz\u00e1ma, akik nem tudtak v\u00e1laszolni. \u00c1m az 53%-os pozit\u00edv v\u00e1laszt\u00e1shoz k\u00e9pest a bizalmatlans\u00e1got jelz\u0151k 28%-a, tov\u00e1bb\u00e1 az a t\u00e9ny, hogy az er\u0151s bizalom 20%, m\u00edg az egy\u00e1ltal\u00e1n nem b\u00edz\u00f3k csak 9%-os ar\u00e1nyban vannak, mutatja, hogy ebben a k\u00e9rd\u00e9sben t\u00f6bbnyire el\u00e9gedettebbek a megk\u00e9rdezettek.<\/span><\/p>\n<div style=\"text-align: justify;\" align=\"center\"><span style=\"font-family: Arial;\">Mennyire b\u00edzik meg a\u00a0<\/span><b><span style=\"font-family: Arial;\">munkaad\u00f3j\u00e1ban<\/span><\/b><span style=\"font-family: Arial;\">?<\/span><\/div>\n<p style=\"text-align: justify;\"><img loading=\"lazy\" decoding=\"async\" class=\"alignnone size-medium wp-image-3106\" src=\"https:\/\/kofe.hu\/parola\/wp-content\/uploads\/2020\/07\/2005-3-pferi-abra3-300x107.gif\" alt=\"\" width=\"300\" height=\"107\" srcset=\"https:\/\/kofe.hu\/parola\/wp-content\/uploads\/2020\/07\/2005-3-pferi-abra3-300x107.gif 300w, https:\/\/kofe.hu\/parola\/wp-content\/uploads\/2020\/07\/2005-3-pferi-abra3-10x4.gif 10w\" sizes=\"auto, (max-width: 300px) 100vw, 300px\" \/><br \/>\n<span style=\"font-family: Arial;\">A bizalmi index tekintet\u00e9ben el\u0151zetesen is felt\u00e9telezni lehetett, hogy a\u00a0<\/span><i><span style=\"font-family: Arial;\">politikusok<\/span><\/i><span style=\"font-family: Arial;\">\u00a0nem lesznek kit\u00fcntetettek ebben a viszonylatban. \u00c1m az empirikus adatok nagyon komoly, az el\u0151felt\u00e9telez\u00e9sn\u00e9l is hat\u00e1rozottabb figyelmeztet\u00e9st k\u00f6zvet\u00edtenek.<\/span><br \/>\n<span style=\"font-family: Arial;\">A v\u00e1laszol\u00f3k kilenctizede azt jelzi, hogy nem b\u00edzik meg a politikusokban!!!<\/span><br \/>\n<span style=\"font-family: Arial;\">A szektoron bel\u00fcl is f\u00e9lre\u00e9rthetetlen az az adat, amely szerint 53% a radik\u00e1lis \u201eegy\u00e1ltal\u00e1n nem\u201d v\u00e1laszt jel\u00f6lte meg. Ha ironiz\u00e1lni akarn\u00e1nk, azt mondhatn\u00e1nk, hogy a \u201enagyon megb\u00edzik\u201d \u2013 teh\u00e1t a legpozit\u00edvabb v\u00e1laszt\u00e1sok \u2013 2%-os ar\u00e1nya a vizsg\u00e1lat hibahat\u00e1r\u00e1n van, azaz lehet, hogy \u00e1ltal\u00e1ban m\u00e9g ennyien sem adn\u00e1k ezt a v\u00e1laszt.<\/span><\/p>\n<div style=\"text-align: justify;\" align=\"center\"><span style=\"font-family: Arial;\">Mennyire b\u00edzik meg a\u00a0<\/span><b><span style=\"font-family: Arial;\">politikusok<\/span><\/b><span style=\"font-family: Arial;\">ban?<\/span><\/div>\n<div style=\"text-align: justify;\" align=\"center\"><span style=\"font-family: Arial;\"><img loading=\"lazy\" decoding=\"async\" class=\"alignnone size-medium wp-image-3107\" src=\"https:\/\/kofe.hu\/parola\/wp-content\/uploads\/2020\/07\/2005-3-pferi-abra4-300x82.gif\" alt=\"\" width=\"300\" height=\"82\" srcset=\"https:\/\/kofe.hu\/parola\/wp-content\/uploads\/2020\/07\/2005-3-pferi-abra4-300x82.gif 300w, https:\/\/kofe.hu\/parola\/wp-content\/uploads\/2020\/07\/2005-3-pferi-abra4-10x3.gif 10w\" sizes=\"auto, (max-width: 300px) 100vw, 300px\" \/><\/span><\/div>\n<p><span style=\"font-family: Arial;\">Val\u00f3sz\u00edn\u0171s\u00edthet\u0151en a politikusok szem\u00e9ly\u00fckben \u00e9s mint t\u00e1rsadalmi csoport is r\u00e9szesei a drasztikus elutas\u00edt\u00e1snak, a bizalom megvon\u00e1s\u00e1nak.<\/span><br \/>\n<span style=\"font-family: Arial;\">Ezt a helyzetet egy kiss\u00e9 \u00e1rnyalj\u00e1k a k\u00f6vetkez\u0151 k\u00e9rd\u00e9s\u00fcnkre kapott v\u00e1laszok: Mennyire b\u00edzik meg a<\/span><i><span style=\"font-family: Arial;\">\u00a0parlamentben<\/span><\/i><span style=\"font-family: Arial;\">?<\/span><br \/>\n<span style=\"font-family: Arial;\">Itt m\u00e1r egy, a tekint\u00e9ly\u00e9t m\u00e9g valamennyire \u0151rz\u0151 int\u00e9zm\u00e9nyr\u0151l van sz\u00f3, ahol ugyan t\u00f6bbnyire az el\u0151bb m\u00e1r elutas\u00edtott politikusok \u00fclnek, de m\u00e9gis a t\u00f6rt\u00e9nelmi tisztelet, az int\u00e9zm\u00e9nyi keretek tal\u00e1n egy kiss\u00e9 kedvez\u0151bb\u00e9 hangolj\u00e1k a v\u00e9lem\u00e9nyeket. S tal\u00e1n az is, hogy ezt az int\u00e9zm\u00e9nyt nem csak a p\u00e1rtok k\u00e9pvisel\u0151i, hanem v\u00e1lasztott \u201ehonaty\u00e1k\u201d m\u0171k\u00f6dtetik. Ez lehet az oka, hogy ebben a megk\u00f6zel\u00edt\u00e9sben is hat\u00e1rozott ugyan a bizalom megvon\u00e1sa a v\u00e1laszad\u00f3k r\u00e9sz\u00e9r\u0151l, de valamivel enyh\u00e9bb m\u00e9rt\u00e9k\u0171, mint amikor k\u00f6zvetlen\u00fcl \u00edt\u00e9lt\u00e9k meg a politikai szektor szerepl\u0151it.<\/span><\/p>\n<div style=\"text-align: justify;\" align=\"center\"><span style=\"font-family: Arial;\">Mennyire b\u00edzik meg a\u00a0<\/span><b><span style=\"font-family: Arial;\">parlament<\/span><\/b><span style=\"font-family: Arial;\">ben?<\/span><\/div>\n<p style=\"text-align: justify;\"><span style=\"font-family: Arial;\"><img loading=\"lazy\" decoding=\"async\" class=\"alignnone size-medium wp-image-3108\" src=\"https:\/\/kofe.hu\/parola\/wp-content\/uploads\/2020\/07\/2005-3-pferi-abra5-300x117.gif\" alt=\"\" width=\"300\" height=\"117\" srcset=\"https:\/\/kofe.hu\/parola\/wp-content\/uploads\/2020\/07\/2005-3-pferi-abra5-300x117.gif 300w, https:\/\/kofe.hu\/parola\/wp-content\/uploads\/2020\/07\/2005-3-pferi-abra5-10x4.gif 10w\" sizes=\"auto, (max-width: 300px) 100vw, 300px\" \/><\/span><\/p>\n<p style=\"text-align: justify;\"><span style=\"font-family: Arial;\">A bizalom jelent\u0151sebb ar\u00e1ny\u00e1t mutatja az e t\u00e9mak\u00f6rben az utols\u00f3 szerepl\u0151kre vonatkoz\u00f3 k\u00e9rd\u00e9s: Mennyire b\u00edzik meg az\u00a0<\/span><i><span style=\"font-family: Arial;\">\u00f6nkorm\u00e1nyzatokban<\/span><\/i><span style=\"font-family: Arial;\">?<\/span><br \/>\n<span style=\"font-family: Arial;\">Nagy elmozdul\u00e1s figyelhet\u0151 meg az itteni v\u00e1laszokban. B\u00e1r a bizalmatlans\u00e1g k\u00e9tf\u00e9le fokozat\u00e1t jel\u00f6l\u0151 v\u00e1laszok egy\u00fcttesen itt is t\u00f6bb, mint a mintasokas\u00e1g fel\u00e9t adj\u00e1k (52%), de azon bel\u00fcl j\u00f3val nagyobb a puha elutas\u00edt\u00e1sn\u00e1l a \u201enem nagyon\u201d v\u00e1laszt ad\u00f3k 36%-a. K\u00f6zel ugyanekkora (35%) az \u201eel\u00e9gg\u00e9\u201d megb\u00edzik v\u00e1laszok ar\u00e1nya.<\/span><\/p>\n<div style=\"text-align: justify;\" align=\"center\"><span style=\"font-family: Arial;\">Mennyire b\u00edzik meg az\u00a0<\/span><b><span style=\"font-family: Arial;\">\u00f6nkorm\u00e1nyzatok<\/span><\/b><span style=\"font-family: Arial;\">ban?<\/span><\/div>\n<div style=\"text-align: justify;\" align=\"center\"><span style=\"font-family: Arial;\"><img loading=\"lazy\" decoding=\"async\" class=\"alignnone size-medium wp-image-3109\" src=\"https:\/\/kofe.hu\/parola\/wp-content\/uploads\/2020\/07\/2005-3-pferi-abra6-300x129.gif\" alt=\"\" width=\"300\" height=\"129\" srcset=\"https:\/\/kofe.hu\/parola\/wp-content\/uploads\/2020\/07\/2005-3-pferi-abra6-300x129.gif 300w, https:\/\/kofe.hu\/parola\/wp-content\/uploads\/2020\/07\/2005-3-pferi-abra6-10x4.gif 10w\" sizes=\"auto, (max-width: 300px) 100vw, 300px\" \/><\/span><\/div>\n<p style=\"text-align: justify;\"><span style=\"font-family: Arial;\">Sokf\u00e9le magyar\u00e1zat ad\u00f3dik ebben az ar\u00e1nyrendszerben, a legk\u00e9zenfekv\u0151bb az, hogy ez a szint az orsz\u00e1gos int\u00e9zm\u00e9nyekn\u00e9l k\u00f6zelebb \u00e1ll az \u00e1llampolg\u00e1rokhoz, s ellen\u0151rz\u00e9s\u00e9re tal\u00e1n t\u00f6bb es\u00e9lyt l\u00e1tnak.<\/span><\/p>\n<p><span style=\"font-family: Arial;\">R\u00e9szben ennek a viszonynak a kontrolljak\u00e9nt is szerepelt a k\u00e9rd\u0151\u00edvben egy \u2013 j\u00f3r\u00e9szt szint\u00e9n az \u00f6nkorm\u00e1nyzatis\u00e1ghoz kapcsol\u00f3d\u00f3 \u2013 k\u00e9rd\u00e9s\u00fcnk, amely \u00edgy hangzott:<\/span><\/p>\n<p><span style=\"font-family: Arial;\">Mit gondol, tud valamilyen befoly\u00e1ssal lenni\u00a0<\/span><i><span style=\"font-family: Arial;\">a lak\u00f3hely\u00e9t \u00e9rint\u0151\u00a0<\/span><\/i><span style=\"font-family: Arial;\">d\u00f6nt\u00e9sekre?<\/span><br \/>\n<span style=\"font-family: Arial;\">Az erre kapott v\u00e1laszok kapcsol\u00f3dnak a helyi d\u00f6nt\u00e9shoz\u00f3k ir\u00e1nti bizalom k\u00e9rd\u00e9s\u00e9hez, b\u00e1r nem \u00e1ll\u00edtjuk, hogy ezt mindenki egyar\u00e1nt tudatosan kezelte. Azt is fontos megjegyezn\u00fcnk, hogy \u2013 b\u00e1r igen kis sz\u00e1zal\u00e9kban, de \u2013 l\u00e9tezhetnek olyan lak\u00f3helyet \u00e9rint\u0151 k\u00e9rd\u00e9sek is, amelyek esetenk\u00e9nt val\u00f3ban nem a k\u00f6zvetlen helyi szinthez k\u00f6t\u0151dnek.<\/span><\/p>\n<table border=\"1\" width=\"100%\">\n<tbody>\n<tr valign=\"top\">\n<td rowspan=\"2\" width=\"16%\"><b><span style=\"font-family: Arial; font-size: small;\">Mit gondol, tud valamilyen befoly\u00e1ssal lenni a lak\u00f3hely\u00e9t \u00e9rint\u0151 k\u00e9rd\u00e9sekben?<\/span><\/b><\/td>\n<td colspan=\"2\" width=\"13%\">\n<div align=\"center\"><b><span style=\"font-family: Arial; font-size: small;\">Hat\u00e1rozottan \u00fagy gondolom<\/span><\/b><\/div>\n<\/td>\n<td colspan=\"2\" width=\"15%\">\n<div align=\"center\"><b><span style=\"font-family: Arial; font-size: small;\">Valamennyire \u00fagy gondolom<\/span><\/b><\/div>\n<\/td>\n<td colspan=\"2\" width=\"12%\">\n<div align=\"center\"><b><span style=\"font-family: Arial; font-size: small;\">Nem nagyon<\/span><\/b><\/div>\n<\/td>\n<td colspan=\"2\" width=\"12%\">\n<div align=\"center\"><b><span style=\"font-family: Arial; font-size: small;\">Egy\u00e1ltal\u00e1n nem<\/span><\/b><\/div>\n<\/td>\n<td colspan=\"2\" width=\"15%\">\n<div align=\"center\"><b><span style=\"font-family: Arial; font-size: small;\">Nem tudok erre v\u00e1laszolni<\/span><\/b><\/div>\n<\/td>\n<td rowspan=\"2\" width=\"16%\"><img loading=\"lazy\" decoding=\"async\" src=\"http:\/\/kka.hu\/icons\/ecblank.gif\" alt=\"\" width=\"1\" height=\"1\" border=\"0\" \/><\/td>\n<\/tr>\n<tr valign=\"top\">\n<td width=\"6%\"><img loading=\"lazy\" decoding=\"async\" src=\"http:\/\/kka.hu\/icons\/ecblank.gif\" alt=\"\" width=\"1\" height=\"1\" border=\"0\" \/><\/td>\n<td width=\"7%\">\n<div align=\"center\"><b><span style=\"font-family: Arial;\">%<\/span><\/b><\/div>\n<\/td>\n<td width=\"7%\"><img loading=\"lazy\" decoding=\"async\" src=\"http:\/\/kka.hu\/icons\/ecblank.gif\" alt=\"\" width=\"1\" height=\"1\" border=\"0\" \/><\/td>\n<td width=\"8%\">\n<div align=\"center\"><b><span style=\"font-family: Arial;\">%<\/span><\/b><\/div>\n<\/td>\n<td width=\"6%\"><img loading=\"lazy\" decoding=\"async\" src=\"http:\/\/kka.hu\/icons\/ecblank.gif\" alt=\"\" width=\"1\" height=\"1\" border=\"0\" \/><\/td>\n<td width=\"6%\">\n<div align=\"center\"><b><span style=\"font-family: Arial;\">%<\/span><\/b><\/div>\n<\/td>\n<td width=\"6%\"><img loading=\"lazy\" decoding=\"async\" src=\"http:\/\/kka.hu\/icons\/ecblank.gif\" alt=\"\" width=\"1\" height=\"1\" border=\"0\" \/><\/td>\n<td width=\"6%\">\n<div align=\"center\"><b><span style=\"font-family: Arial;\">%<\/span><\/b><\/div>\n<\/td>\n<td width=\"7%\"><img loading=\"lazy\" decoding=\"async\" src=\"http:\/\/kka.hu\/icons\/ecblank.gif\" alt=\"\" width=\"1\" height=\"1\" border=\"0\" \/><\/td>\n<td width=\"8%\">\n<div align=\"center\"><b><span style=\"font-family: Arial;\">%<\/span><\/b><\/div>\n<\/td>\n<\/tr>\n<tr valign=\"top\">\n<td width=\"16%\"><span style=\"font-family: Arial;\">V\u00e1lasz<\/span><\/td>\n<td width=\"6%\">\n<div align=\"center\"><span style=\"font-family: Arial;\">300<\/span><\/div>\n<\/td>\n<td width=\"7%\">\n<div align=\"center\"><span style=\"font-family: Arial;\">7<\/span><\/div>\n<\/td>\n<td width=\"7%\">\n<div align=\"center\"><span style=\"font-family: Arial;\">1300<\/span><\/div>\n<\/td>\n<td width=\"8%\">\n<div align=\"center\"><span style=\"font-family: Arial;\">29<\/span><\/div>\n<\/td>\n<td width=\"6%\">\n<div align=\"center\"><span style=\"font-family: Arial;\">1637<\/span><\/div>\n<\/td>\n<td width=\"6%\">\n<div align=\"center\"><span style=\"font-family: Arial;\">36<\/span><\/div>\n<\/td>\n<td width=\"6%\">\n<div align=\"center\"><span style=\"font-family: Arial;\">1063<\/span><\/div>\n<\/td>\n<td width=\"6%\">\n<div align=\"center\"><span style=\"font-family: Arial;\">24<\/span><\/div>\n<\/td>\n<td width=\"7%\">\n<div align=\"center\"><span style=\"font-family: Arial;\">170<\/span><\/div>\n<\/td>\n<td width=\"8%\">\n<div align=\"center\"><span style=\"font-family: Arial;\">4<\/span><\/div>\n<\/td>\n<td width=\"16%\">\n<div align=\"center\"><span style=\"font-family: Arial;\">4470<\/span><\/div>\n<\/td>\n<\/tr>\n<\/tbody>\n<\/table>\n<div style=\"text-align: justify;\" align=\"center\"><span style=\"font-family: Arial;\">Mit gondol, tud valamilyen befoly\u00e1ssal lenni a\u00a0<\/span><b><span style=\"font-family: Arial;\">lak\u00f3hely\u00e9t \u00e9rint\u0151<\/span><\/b><span style=\"font-family: Arial;\">\u00a0d\u00f6nt\u00e9sekre?<\/span><br \/>\n<img loading=\"lazy\" decoding=\"async\" class=\"alignnone size-medium wp-image-3110\" src=\"https:\/\/kofe.hu\/parola\/wp-content\/uploads\/2020\/07\/2005-3-pferi-abra7-300x117.gif\" alt=\"\" width=\"300\" height=\"117\" srcset=\"https:\/\/kofe.hu\/parola\/wp-content\/uploads\/2020\/07\/2005-3-pferi-abra7-300x117.gif 300w, https:\/\/kofe.hu\/parola\/wp-content\/uploads\/2020\/07\/2005-3-pferi-abra7-10x4.gif 10w\" sizes=\"auto, (max-width: 300px) 100vw, 300px\" \/><\/div>\n<p><span style=\"font-family: Arial;\">Nos, itt m\u00e1r kimutathat\u00f3bb az \u00f6nbizalom, pontosabban annak a meg\u00edt\u00e9l\u00e9se, hogy az egyes ember a saj\u00e1t k\u00f6rnyezet\u00e9ben a v\u00e1ltoz\u00e1st is el\u00e9rni k\u00e9pes t\u00e9nyez\u0151 tud lenni. Ahogy a grafikon mutatja, a v\u00e1laszol\u00f3k valamivel t\u00f6bb, mint egyharmada \u00e9rzi \u00fagy, hogy valamilyen s\u00fallyal es\u00e9lye van erre, hat\u00e1rozottan puszt\u00e1n a 7%. A befoly\u00e1s es\u00e9ly\u00e9t 60% nem hiszi, ebb\u0151l s\u00falyosnak t\u0171nik az a 24%-os ar\u00e1ny, amely ezt egyenesen kiz\u00e1rtnak tartja.<\/span><br \/>\n<span style=\"font-family: Arial;\">(Referenciak\u00e9nt jelezz\u00fck, hogy az elm\u00falt \u00e9vben nagyobb szab\u00e1s\u00fa k\u00f6z\u00f6ss\u00e9gi fejleszt\u0151program keret\u00e9ben egyebek k\u00f6z\u00f6tt a t\u00e1rsadalmi t\u0151ke k\u00e9rd\u00e9seit is kutattuk k\u00e9t telep\u00fcl\u00e9sen. Ezeken a helyeken is feltett\u00fck ezt az ut\u00f3bbi k\u00e9rd\u00e9st, s \u2013 az egyik helyen, egy 1000 lakos k\u00f6r\u00fcli, \u00e9szak-magyarorsz\u00e1gi b\u00e1ny\u00e1szfaluban, igen magas: 89% volt azok ar\u00e1nya, akik nem hittek a saj\u00e1t befoly\u00e1suk es\u00e9ly\u00e9ben, egy 5 ezres l\u00e9leksz\u00e1m\u00fa alf\u00f6ldi telep\u00fcl\u00e9sen ugyanez az ar\u00e1ny 58%-os, teh\u00e1t a mostani orsz\u00e1gos felm\u00e9r\u00e9s\u00fcnkh\u00f6z hasonl\u00f3 volt.)<\/span><br \/>\n<span style=\"font-family: Arial;\">Ennek az \u00f6sszefoglal\u00f3nak nem c\u00e9lja azt kifejteni, hogyan v\u00e1ltoztathat\u00f3, s milyen es\u00e9llyel ez a helyzet. Az mindenesetre lesz\u00f6gezhet\u0151, hogy a demokr\u00e1cia kil\u00e1t\u00e1sai az utols\u00f3 k\u00e9t elemzett k\u00e9rd\u00e9sn\u00e9l, s ezek k\u00f6z\u00fcl is a legut\u00f3bbin\u00e1l t\u00f6rt\u00e9n\u0151 pozit\u00edv elmozdul\u00e1ssal l\u00e9nyegesen jav\u00edthat\u00f3k lenn\u00e9nek, olyan programokkal, amelyek ezeknek a viszonyoknak a fejleszt\u00e9s\u00e9t c\u00e9lozz\u00e1k.<\/span><br \/>\n<span style=\"font-family: Arial;\">A k\u00f6zbizalom \u00e9s az \u00e1llampolg\u00e1ri aktivit\u00e1s vizsg\u00e1lat\u00e1nak utols\u00f3 k\u00e9rd\u00e9sek\u00e9nt azt tudakoltuk, hogy\u00a0<\/span><i><span style=\"font-family: Arial;\">az elm\u00falt 12 h\u00f3napban tettek-e a v\u00e1laszol\u00f3k olyan l\u00e9p\u00e9seket, amelyek valamif\u00e9le \u00e1ll\u00e1sfoglal\u00e1st, kezdem\u00e9nyez\u00e9st, esetleg m\u00e1s tev\u0151leges v\u00e9lem\u00e9nynyilv\u00e1n\u00edt\u00e1st hordoztak k\u00f6z\u00f6ss\u00e9gi \u00fcgyekben.<\/span><\/i><span style=\"font-family: Arial;\">\u00a0Ehhez h\u00e9tf\u00e9le tev\u00e9kenys\u00e9get soroltunk fel, azzal, hogy egyidej\u0171leg t\u00f6bbet is megjel\u00f6lhetnek.<\/span><\/p>\n<table border=\"1\">\n<tbody>\n<tr valign=\"top\">\n<td colspan=\"3\" width=\"368\"><b><span style=\"font-family: Arial;\">Tett-e ilyen l\u00e9p\u00e9seket&#8230;<\/span><\/b><\/td>\n<\/tr>\n<tr valign=\"top\">\n<td width=\"284\"><span style=\"font-family: Arial; font-size: small;\">\u00d6nkorm\u00e1nyzati k\u00e9pvisel\u0151t keresett fel<\/span><\/td>\n<td width=\"37\">\n<div align=\"center\"><span style=\"font-family: Arial;\">1056<\/span><\/div>\n<\/td>\n<td width=\"47\">\n<div align=\"right\"><b><span style=\"font-family: Arial;\">23,4%<\/span><\/b><\/div>\n<\/td>\n<\/tr>\n<tr valign=\"top\">\n<td width=\"284\"><span style=\"font-family: Arial; font-size: small;\">Orsz\u00e1ggy\u0171l\u00e9si k\u00e9pvisel\u0151t keresett fel<\/span><\/td>\n<td width=\"37\">\n<div align=\"center\"><span style=\"font-family: Arial;\">322<\/span><\/div>\n<\/td>\n<td width=\"47\">\n<div align=\"right\"><b><span style=\"font-family: Arial;\">7,1%<\/span><\/b><\/div>\n<\/td>\n<\/tr>\n<tr valign=\"top\">\n<td width=\"284\"><span style=\"font-family: Arial; font-size: small;\">Felkeresett valakit a polg\u00e1rmesteri hivatalban<\/span><\/td>\n<td width=\"37\">\n<div align=\"center\"><span style=\"font-family: Arial;\">1637<\/span><\/div>\n<\/td>\n<td width=\"47\">\n<div align=\"right\"><b><span style=\"font-family: Arial;\">36,3%<\/span><\/b><\/div>\n<\/td>\n<\/tr>\n<tr valign=\"top\">\n<td width=\"284\"><span style=\"font-family: Arial; font-size: small;\">Felkeresett valakit korm\u00e1nyzati hivatalban<\/span><\/td>\n<td width=\"37\">\n<div align=\"center\"><span style=\"font-family: Arial;\">351<\/span><\/div>\n<\/td>\n<td width=\"47\">\n<div align=\"right\"><b><span style=\"font-family: Arial;\">7,8%<\/span><\/b><\/div>\n<\/td>\n<\/tr>\n<tr valign=\"top\">\n<td width=\"284\"><span style=\"font-family: Arial; font-size: small;\">R\u00e9szt vett nyilv\u00e1nos gy\u0171l\u00e9sen vagy tal\u00e1lkoz\u00f3n<\/span><\/td>\n<td width=\"37\">\n<div align=\"center\"><span style=\"font-family: Arial;\">1388<\/span><\/div>\n<\/td>\n<td width=\"47\">\n<div align=\"right\"><b><span style=\"font-family: Arial;\">30,8%<\/span><\/b><\/div>\n<\/td>\n<\/tr>\n<tr valign=\"top\">\n<td width=\"284\"><span style=\"font-family: Arial; font-size: small;\">R\u00e9szt vett t\u00fcntet\u00e9sen vagy tiltakoz\u00f3 megmozdul\u00e1son<\/span><\/td>\n<td width=\"37\">\n<div align=\"center\"><span style=\"font-family: Arial;\">459<\/span><\/div>\n<\/td>\n<td width=\"47\">\n<div align=\"right\"><b><span style=\"font-family: Arial;\">10,2%<\/span><\/b><\/div>\n<\/td>\n<\/tr>\n<tr valign=\"top\">\n<td width=\"284\"><span style=\"font-family: Arial; font-size: small;\">Pet\u00edci\u00f3t \u00edrt al\u00e1<\/span><\/td>\n<td width=\"37\">\n<div align=\"center\"><span style=\"font-family: Arial;\">1125<\/span><\/div>\n<\/td>\n<td width=\"47\">\n<div align=\"right\"><b><span style=\"font-family: Arial;\">25%<\/span><\/b><\/div>\n<\/td>\n<\/tr>\n<tr valign=\"top\">\n<td width=\"284\"><span style=\"font-family: Arial; font-size: small;\">Most erre nem tudok v\u00e1laszolni<\/span><\/td>\n<td width=\"37\">\n<div align=\"center\"><span style=\"font-family: Arial;\">867<\/span><\/div>\n<\/td>\n<td width=\"47\">\n<div align=\"right\"><b><span style=\"font-family: Arial;\">19,2%<\/span><\/b><\/div>\n<\/td>\n<\/tr>\n<\/tbody>\n<\/table>\n<div style=\"text-align: justify;\" align=\"center\">\n<p><span style=\"font-family: Arial;\">Tett-e ilyen\u00a0<\/span><b><span style=\"font-family: Arial;\">l\u00e9p\u00e9seket<\/span><\/b><span style=\"font-family: Arial;\">\u00a0az elm\u00falt 12 h\u00f3napban?<\/span><\/p>\n<p><img loading=\"lazy\" decoding=\"async\" class=\"alignnone size-medium wp-image-3111\" src=\"https:\/\/kofe.hu\/parola\/wp-content\/uploads\/2020\/07\/2005-3-pferi-abra8-300x152.gif\" alt=\"\" width=\"300\" height=\"152\" srcset=\"https:\/\/kofe.hu\/parola\/wp-content\/uploads\/2020\/07\/2005-3-pferi-abra8-300x152.gif 300w, https:\/\/kofe.hu\/parola\/wp-content\/uploads\/2020\/07\/2005-3-pferi-abra8-10x5.gif 10w\" sizes=\"auto, (max-width: 300px) 100vw, 300px\" \/><\/p>\n<\/div>\n<p><span style=\"font-family: Arial;\">Ahogy az sejthet\u0151 volt, a polg\u00e1rmesteri hivatalban j\u00e1rtak a legt\u00f6bben \u2013 t\u00f6bb mint harmada a megk\u00e9rdezetteknek \u2013, \u00e9s az \u00f6nkorm\u00e1nyzati k\u00e9pvisel\u0151 felkeres\u00e9se is el\u00e9g gyakori, 23,4% volt. Alacsony azok ar\u00e1nya, akik orsz\u00e1ggy\u0171l\u00e9si k\u00e9pvisel\u0151h\u00f6z fordultak (7,1%) \u00e9s korm\u00e1nyzati szint\u0171 hivatalban is kevesen j\u00e1rtak, mind\u00f6ssze 7,8%. A megk\u00e9rdezettek 30,8%-a jelent meg valamilyen nyilv\u00e1nos gy\u0171l\u00e9sen, s el\u00e9g magas ar\u00e1nyt \u2013 25% \u2013 k\u00e9pviselnek azok, akik pet\u00edci\u00f3t \u00edrtak al\u00e1. A t\u00fcntet\u00e9sen val\u00f3 r\u00e9szv\u00e9tel viszonylag alacsony (10,2%-os), de ez ut\u00f3bbi 3 aktivit\u00e1si forma azt jelezi, hogy ismertt\u00e9 v\u00e1lnak az emberek el\u0151tt a t\u00e1rsadalmi r\u00e9szv\u00e9tel k\u00fcl\u00f6nf\u00e9le technik\u00e1i, form\u00e1i, s lassan \u00e9lni is kezdenek ezekkel. Ha akt\u00edv civil t\u00e1rsadalmat szeretn\u00e9nk, ezek a ter\u00fcletek is a fejleszt\u00e9s c\u00e9lpontjai lehetnek.<\/span><\/p>\n<p><span style=\"font-family: Arial;\">\u00d6sszefoglalva ezt az orsz\u00e1gos gyorsfelm\u00e9r\u00e9st, \u00fagy l\u00e1tjuk, hogy a\u00a0<\/span><b><i><span style=\"font-family: Arial;\">k\u00f6zbizalom<\/span><\/i><\/b><span style=\"font-family: Arial;\">\u00a0bizonyos elemei v\u00e1ls\u00e1gosan alacsony szinten vannak, m\u00edg m\u00e1s vonatkoz\u00e1sai, f\u0151k\u00e9nt a helyi \u00e9s bel\u00e1that\u00f3 viszonylatokban, teh\u00e1t a telep\u00fcl\u00e9si szinten, az \u00f6nkorm\u00e1nyzatis\u00e1g tekintet\u00e9ben, hathat\u00f3sabb v\u00e1ltoztat\u00e1sra, fejleszt\u00e9sre adhatnak lehet\u0151s\u00e9get. Az\u00a0<\/span><b><i><span style=\"font-family: Arial;\">\u00e1llampolg\u00e1ri aktivit\u00e1s<\/span><\/i><\/b><span style=\"font-family: Arial;\">\u00a0is a lok\u00e1lis dimenzi\u00f3ban ragadhat\u00f3 meg er\u0151teljesebben.<\/span><\/p>\n<p><span style=\"font-family: Arial;\">Ebb\u0151l a vizsg\u00e1latb\u00f3l is \u00e9s m\u00e1s k\u00f6z\u00f6ss\u00e9gi programok tanuls\u00e1gak\u00e9nt is, \u00fagy gondoljuk, a k\u00e9pviseleti demokr\u00e1cia egyoldal\u00fa \u201ek\u00edn\u00e1lata\u201d nem kedvez sem az \u00e1llampolg\u00e1ri \u00f6ntev\u00e9kenys\u00e9gnek, sem a politikai szektor demokratikus m\u0171k\u00f6d\u00e9sm\u00f3dj\u00e1nak kifejl\u0151d\u00e9s\u00e9hez. Meger\u0151s\u00f6dtek azok a tapasztalataink is, amelyek arra utalnak, hogy demokratikus \u00e1talakul\u00e1st nem v\u00e1rhat a t\u00e1rsadalom \u00f6nmag\u00e1ban sem a v\u00e1laszt\u00e1sokt\u00f3l, sem a politikai p\u00e1rtokt\u00f3l. Azt a civil t\u00e1rsadalomnak \u00f6nmag\u00e1nak kell a napi r\u00e9szv\u00e9tellel, nyom\u00e1sgyakorl\u00e1ssal, s annak k\u00fcl\u00f6nf\u00e9le technik\u00e1ival \u00e9s a civil-k\u00f6z\u00f6ss\u00e9gi elk\u00f6telezetts\u00e9g meger\u0151s\u00edt\u00e9s\u00e9vel kiharcolnia.<\/span><br \/>\n<span style=\"font-family: Arial;\">\u00d6ssze\u00e1ll\u00edtotta:\u00a0<\/span><i><span style=\"font-family: Arial;\">P\u00e9terfi Ferenc<\/span><\/i><\/p>\n<p><span style=\"font-family: Arial;\">A felm\u00e9r\u00e9sben k\u00f6zrem\u0171k\u00f6dtek:<\/span><i><span style=\"font-family: Arial;\">\u00a0Alm\u00e1sy Tam\u00e1s, \u00c1cs S\u00e1ndorn\u00e9, Bazs\u00f3 Gabriella, Babarczy Anna, Bar\u00f3ti Zolt\u00e1nn\u00e9, Bence Gy\u00f6rgyn\u00e9, Benedek Gabriella, Cs\u00f3ka J\u00e1nos, Csobod Tibor, D\u00e9r Mikl\u00f3sn\u00e9, Giczey P\u00e9ter, Groska \u00c9va, Gyerty\u00e1n\u00e1gi Endre, Gy\u0151ri Jolanda, Hajnal \u00c1gnes, J\u00f3zsef R\u00f3bert, Kelemen \u00c1rp\u00e1d, Kov\u00e1cs Edit, Kres\u00e1k Anna, Kriston Anita, Kuthi Adrienn, Moln\u00e1r Aranka, N\u00e9meth B\u00e9l\u00e1n\u00e9, Nyers Gy\u00f6rgyi, Pajer Ildik\u00f3, Pet\u00e1k P\u00e9ter, P\u00e9terfi Ferenc, P\u00f3sfay P\u00e9ter, Rendek S\u00e1ndor, Rusk\u00f3 Rita, Sl\u00e9zia Gabriella, Szab\u00f3 M\u00e1rta, Szil\u00e1gyin\u00e9 Alvarez Martinez Luz Ilia, B. Szolnoki Ildik\u00f3, Tan\u00e1cs G\u00e1bor, Temesi Csaba, Varga Matild, Varga M\u00e1t\u00e9, Vercseg Ilona.<\/span><\/i><\/p>\n<p><span style=\"font-family: Arial;\">A t\u00e1rsadalmi t\u0151k\u00e9vel kapcsolatos szakirodalmi aj\u00e1nl\u00e1sok:<\/span><br \/>\n<i><span style=\"font-family: Arial;\">Robert D. Putnam: A prosper\u00e1l\u00f3 k\u00f6z\u00f6ss\u00e9g<\/span><\/i><br \/>\n<i><span style=\"font-family: Arial;\">James S. Coleman: A t\u00e1rsadalomelm\u00e9let alapjai<\/span><\/i><br \/>\n<i><span style=\"font-family: Arial;\">Mancur Olson: A nemzetek felemelked\u00e9se \u00e9s buk\u00e1sa \u2013 stagfl\u00e1ci\u00f3 \u00e9s t\u00e1rsadalmi merevs\u00e9gek<\/span><\/i><br \/>\n<i><span style=\"font-family: Arial;\">National Statistics: A t\u00e1rsadalmi t\u0151ke m\u00e9r\u00e9se Nagy-Britanni\u00e1ban<\/span><\/i><br \/>\n<i><span style=\"font-family: Arial;\">Petr Mat\u011bj\u016f: Bizalmi \u00e9s k\u00f6lcs\u00f6n\u00f6ss\u00e9gi h\u00e1l\u00f3zatok \u2013 a t\u00e1rsadalmi t\u0151ke k\u00e9t dimenzi\u00f3ja<\/span><\/i><br \/>\n<i><span style=\"font-family: Arial;\">Vercseg Ilona: A t\u00e1rsadalmi t\u0151ke (social capital) m\u00e9r\u00e9se magyarorsz\u00e1gi telep\u00fcl\u00e9seken<\/span><\/i><br \/>\n<span style=\"font-family: Arial;\">Valamennyi \u00edr\u00e1s el\u00e9rhet\u0151 \u00e9s let\u00f6lthet\u0151 a www.kozossegfejlesztes.hu honlapr\u00f3l<\/span><\/p>\n<p><span style=\"font-family: Arial;\">K\u00e9sz\u00edtette a<\/span><i><span style=\"font-family: Arial;\">\u00a0<\/span><\/i><span style=\"font-family: Arial;\">K\u00f6z\u00f6ss\u00e9gfejleszt\u0151k Egyes\u00fclete \u00e9s a Magyar M\u0171vel\u0151d\u00e9si Int\u00e9zet K\u00f6z\u00f6ss\u00e9gfejleszt\u00e9si Oszt\u00e1lya 2005. szeptember 19-e \u00e9s 25-e k\u00f6z\u00f6tt, a K\u00f6z\u00f6ss\u00e9gi kezdem\u00e9nyez\u00e9seket t\u00e1mogat\u00f3 h\u00e1l\u00f3zat tagjainak k\u00f6zrem\u0171k\u00f6d\u00e9s\u00e9vel<\/span><br \/>\n<span style=\"font-family: Arial;\">C\u00edm: 1011 Budapest, Corvin t\u00e9r 8. Telefon: (1)225-6011; (1)201-5728<\/span><br \/>\n<span style=\"font-family: Arial;\">www.kozossegfejlesztes.hu; arh.kozossegfejlesztes.hu.<\/span><\/p>\n","protected":false},"excerpt":{"rendered":"<p>Sz\u00far\u00f3pr\u00f3baszer\u0171, orsz\u00e1gos felm\u00e9r\u00e9st kezdem\u00e9nyezett az \u00c1llampolg\u00e1ri r\u00e9szv\u00e9tel hete alkalm\u00e1b\u00f3l a\u00a0K\u00f6z\u00f6ss\u00e9gfejleszt\u0151k Egyes\u00fclete\u00a0\u00e9s a\u00a0Magyar M\u0171vel\u0151d\u00e9si Int\u00e9zet K\u00f6z\u00f6ss\u00e9gfejleszt\u00e9si Oszt\u00e1lya\u00a02005. szeptember 19-e \u00e9s 25-e k\u00f6z\u00f6tt az orsz\u00e1g 18 megy\u00e9j\u00e9ben \u00e9s Budapesten. (A felm\u00e9r\u00e9s egyed\u00fcl Kom\u00e1rom megy\u00e9ben nem t\u00f6rt\u00e9nt meg.) A k\u00e9rd\u0151\u00edves kutat\u00e1sra \u00f6sszesen 4507 kit\u00f6lt\u00f6tt v\u00e1lasz \u00e9rkezett, vizsg\u00e1latunknak \u00edgy er\u0151ss\u00e9ge az igen nagy elemsz\u00e1m. A v\u00e1laszol\u00f3k megoszl\u00e1sa az orsz\u00e1gos [&hellip;]<\/p>\n","protected":false},"author":15,"featured_media":3420,"comment_status":"open","ping_status":"open","sticky":false,"template":"","format":"standard","meta":{"_acf_changed":false,"footnotes":""},"categories":[524,8,7],"tags":[],"coauthors":[23],"class_list":["post-3103","post","type-post","status-publish","format-standard","has-post-thumbnail","hentry","category-parola-2005-3-4","category-parola-folyoirat","category-repertorium"],"acf":[],"yoast_head":"<!-- This site is optimized with the Yoast SEO plugin v26.7 - https:\/\/yoast.com\/wordpress\/plugins\/seo\/ -->\n<title>Az \u00e1llampolg\u00e1ri r\u00e9szv\u00e9tel \u00e9s a k\u00f6zbizalom gyorsm\u00e9rlege - Parola Foly\u00f3irat<\/title>\n<meta name=\"robots\" content=\"index, follow, max-snippet:-1, max-image-preview:large, max-video-preview:-1\" \/>\n<link rel=\"canonical\" href=\"https:\/\/kofe.hu\/parola\/parola-folyoirat\/az-allampolgari-reszvetel-es-a-kozbizalom-gyorsmerlege\/\" \/>\n<meta property=\"og:locale\" content=\"hu_HU\" \/>\n<meta property=\"og:type\" content=\"article\" \/>\n<meta property=\"og:title\" content=\"Az \u00e1llampolg\u00e1ri r\u00e9szv\u00e9tel \u00e9s a k\u00f6zbizalom gyorsm\u00e9rlege - Parola Foly\u00f3irat\" \/>\n<meta property=\"og:description\" content=\"Sz\u00far\u00f3pr\u00f3baszer\u0171, orsz\u00e1gos felm\u00e9r\u00e9st kezdem\u00e9nyezett az \u00c1llampolg\u00e1ri r\u00e9szv\u00e9tel hete alkalm\u00e1b\u00f3l a\u00a0K\u00f6z\u00f6ss\u00e9gfejleszt\u0151k Egyes\u00fclete\u00a0\u00e9s a\u00a0Magyar M\u0171vel\u0151d\u00e9si Int\u00e9zet K\u00f6z\u00f6ss\u00e9gfejleszt\u00e9si Oszt\u00e1lya\u00a02005. szeptember 19-e \u00e9s 25-e k\u00f6z\u00f6tt az orsz\u00e1g 18 megy\u00e9j\u00e9ben \u00e9s Budapesten. (A felm\u00e9r\u00e9s egyed\u00fcl Kom\u00e1rom megy\u00e9ben nem t\u00f6rt\u00e9nt meg.) A k\u00e9rd\u0151\u00edves kutat\u00e1sra \u00f6sszesen 4507 kit\u00f6lt\u00f6tt v\u00e1lasz \u00e9rkezett, vizsg\u00e1latunknak \u00edgy er\u0151ss\u00e9ge az igen nagy elemsz\u00e1m. A v\u00e1laszol\u00f3k megoszl\u00e1sa az orsz\u00e1gos [&hellip;]\" \/>\n<meta property=\"og:url\" content=\"https:\/\/kofe.hu\/parola\/parola-folyoirat\/az-allampolgari-reszvetel-es-a-kozbizalom-gyorsmerlege\/\" \/>\n<meta property=\"og:site_name\" content=\"Parola Foly\u00f3irat\" \/>\n<meta property=\"article:published_time\" content=\"2020-07-11T08:21:55+00:00\" \/>\n<meta property=\"article:modified_time\" content=\"2020-07-30T12:41:34+00:00\" \/>\n<meta property=\"og:image\" content=\"https:\/\/kofe.hu\/parola\/wp-content\/uploads\/2020\/07\/05.3.4.jpeg\" \/>\n\t<meta property=\"og:image:width\" content=\"1339\" \/>\n\t<meta property=\"og:image:height\" content=\"1944\" \/>\n\t<meta property=\"og:image:type\" content=\"image\/jpeg\" \/>\n<meta name=\"author\" content=\"P\u00e9terfi Ferenc\" \/>\n<meta name=\"twitter:card\" content=\"summary_large_image\" \/>\n<meta name=\"twitter:label1\" content=\"Szerz\u0151:\" \/>\n\t<meta name=\"twitter:data1\" content=\"P\u00e9terfi Ferenc\" \/>\n\t<meta name=\"twitter:label2\" content=\"Becs\u00fclt olvas\u00e1si id\u0151\" \/>\n\t<meta name=\"twitter:data2\" content=\"12 perc\" \/>\n\t<meta name=\"twitter:label3\" content=\"Written by\" \/>\n\t<meta name=\"twitter:data3\" content=\"P\u00e9terfi Ferenc\" \/>\n<script type=\"application\/ld+json\" class=\"yoast-schema-graph\">{\"@context\":\"https:\/\/schema.org\",\"@graph\":[{\"@type\":\"Article\",\"@id\":\"https:\/\/kofe.hu\/parola\/parola-folyoirat\/az-allampolgari-reszvetel-es-a-kozbizalom-gyorsmerlege\/#article\",\"isPartOf\":{\"@id\":\"https:\/\/kofe.hu\/parola\/parola-folyoirat\/az-allampolgari-reszvetel-es-a-kozbizalom-gyorsmerlege\/\"},\"author\":{\"name\":\"P\u00e9terfi Ferenc\",\"@id\":\"https:\/\/kofe.hu\/parola\/#\/schema\/person\/46297a12b269c035523fdcd019f91711\"},\"headline\":\"Az \u00e1llampolg\u00e1ri r\u00e9szv\u00e9tel \u00e9s a k\u00f6zbizalom gyorsm\u00e9rlege\",\"datePublished\":\"2020-07-11T08:21:55+00:00\",\"dateModified\":\"2020-07-30T12:41:34+00:00\",\"mainEntityOfPage\":{\"@id\":\"https:\/\/kofe.hu\/parola\/parola-folyoirat\/az-allampolgari-reszvetel-es-a-kozbizalom-gyorsmerlege\/\"},\"wordCount\":2509,\"commentCount\":0,\"image\":{\"@id\":\"https:\/\/kofe.hu\/parola\/parola-folyoirat\/az-allampolgari-reszvetel-es-a-kozbizalom-gyorsmerlege\/#primaryimage\"},\"thumbnailUrl\":\"https:\/\/kofe.hu\/parola\/wp-content\/uploads\/2020\/07\/05.3.4.jpeg\",\"articleSection\":[\"Parola 2005\/3-4\",\"Parola Foly\u00f3irat\",\"Repert\u00f3rium\"],\"inLanguage\":\"hu\",\"potentialAction\":[{\"@type\":\"CommentAction\",\"name\":\"Comment\",\"target\":[\"https:\/\/kofe.hu\/parola\/parola-folyoirat\/az-allampolgari-reszvetel-es-a-kozbizalom-gyorsmerlege\/#respond\"]}]},{\"@type\":\"WebPage\",\"@id\":\"https:\/\/kofe.hu\/parola\/parola-folyoirat\/az-allampolgari-reszvetel-es-a-kozbizalom-gyorsmerlege\/\",\"url\":\"https:\/\/kofe.hu\/parola\/parola-folyoirat\/az-allampolgari-reszvetel-es-a-kozbizalom-gyorsmerlege\/\",\"name\":\"Az \u00e1llampolg\u00e1ri r\u00e9szv\u00e9tel \u00e9s a k\u00f6zbizalom gyorsm\u00e9rlege - Parola Foly\u00f3irat\",\"isPartOf\":{\"@id\":\"https:\/\/kofe.hu\/parola\/#website\"},\"primaryImageOfPage\":{\"@id\":\"https:\/\/kofe.hu\/parola\/parola-folyoirat\/az-allampolgari-reszvetel-es-a-kozbizalom-gyorsmerlege\/#primaryimage\"},\"image\":{\"@id\":\"https:\/\/kofe.hu\/parola\/parola-folyoirat\/az-allampolgari-reszvetel-es-a-kozbizalom-gyorsmerlege\/#primaryimage\"},\"thumbnailUrl\":\"https:\/\/kofe.hu\/parola\/wp-content\/uploads\/2020\/07\/05.3.4.jpeg\",\"datePublished\":\"2020-07-11T08:21:55+00:00\",\"dateModified\":\"2020-07-30T12:41:34+00:00\",\"author\":{\"@id\":\"https:\/\/kofe.hu\/parola\/#\/schema\/person\/46297a12b269c035523fdcd019f91711\"},\"breadcrumb\":{\"@id\":\"https:\/\/kofe.hu\/parola\/parola-folyoirat\/az-allampolgari-reszvetel-es-a-kozbizalom-gyorsmerlege\/#breadcrumb\"},\"inLanguage\":\"hu\",\"potentialAction\":[{\"@type\":\"ReadAction\",\"target\":[\"https:\/\/kofe.hu\/parola\/parola-folyoirat\/az-allampolgari-reszvetel-es-a-kozbizalom-gyorsmerlege\/\"]}]},{\"@type\":\"ImageObject\",\"inLanguage\":\"hu\",\"@id\":\"https:\/\/kofe.hu\/parola\/parola-folyoirat\/az-allampolgari-reszvetel-es-a-kozbizalom-gyorsmerlege\/#primaryimage\",\"url\":\"https:\/\/kofe.hu\/parola\/wp-content\/uploads\/2020\/07\/05.3.4.jpeg\",\"contentUrl\":\"https:\/\/kofe.hu\/parola\/wp-content\/uploads\/2020\/07\/05.3.4.jpeg\",\"width\":1339,\"height\":1944},{\"@type\":\"BreadcrumbList\",\"@id\":\"https:\/\/kofe.hu\/parola\/parola-folyoirat\/az-allampolgari-reszvetel-es-a-kozbizalom-gyorsmerlege\/#breadcrumb\",\"itemListElement\":[{\"@type\":\"ListItem\",\"position\":1,\"name\":\"Home\",\"item\":\"https:\/\/kofe.hu\/parola\/\"},{\"@type\":\"ListItem\",\"position\":2,\"name\":\"Az \u00e1llampolg\u00e1ri r\u00e9szv\u00e9tel \u00e9s a k\u00f6zbizalom gyorsm\u00e9rlege\"}]},{\"@type\":\"WebSite\",\"@id\":\"https:\/\/kofe.hu\/parola\/#website\",\"url\":\"https:\/\/kofe.hu\/parola\/\",\"name\":\"Parola Foly\u00f3irat\",\"description\":\"\",\"potentialAction\":[{\"@type\":\"SearchAction\",\"target\":{\"@type\":\"EntryPoint\",\"urlTemplate\":\"https:\/\/kofe.hu\/parola\/?s={search_term_string}\"},\"query-input\":{\"@type\":\"PropertyValueSpecification\",\"valueRequired\":true,\"valueName\":\"search_term_string\"}}],\"inLanguage\":\"hu\"},{\"@type\":\"Person\",\"@id\":\"https:\/\/kofe.hu\/parola\/#\/schema\/person\/46297a12b269c035523fdcd019f91711\",\"name\":\"P\u00e9terfi Ferenc\",\"image\":{\"@type\":\"ImageObject\",\"inLanguage\":\"hu\",\"@id\":\"https:\/\/kofe.hu\/parola\/#\/schema\/person\/image\/d173d0cf20d3d8748a6819cd4d17d68c\",\"url\":\"https:\/\/secure.gravatar.com\/avatar\/523e0b801b986785c16f8e37b642a318cb28abdc4915fa26e5b257b5a3902afc?s=96&d=mm&r=g\",\"contentUrl\":\"https:\/\/secure.gravatar.com\/avatar\/523e0b801b986785c16f8e37b642a318cb28abdc4915fa26e5b257b5a3902afc?s=96&d=mm&r=g\",\"caption\":\"P\u00e9terfi Ferenc\"},\"url\":\"https:\/\/kofe.hu\/parola\/szerzok\/peterfi-ferenc\/\"}]}<\/script>\n<!-- \/ Yoast SEO plugin. -->","yoast_head_json":{"title":"Az \u00e1llampolg\u00e1ri r\u00e9szv\u00e9tel \u00e9s a k\u00f6zbizalom gyorsm\u00e9rlege - Parola Foly\u00f3irat","robots":{"index":"index","follow":"follow","max-snippet":"max-snippet:-1","max-image-preview":"max-image-preview:large","max-video-preview":"max-video-preview:-1"},"canonical":"https:\/\/kofe.hu\/parola\/parola-folyoirat\/az-allampolgari-reszvetel-es-a-kozbizalom-gyorsmerlege\/","og_locale":"hu_HU","og_type":"article","og_title":"Az \u00e1llampolg\u00e1ri r\u00e9szv\u00e9tel \u00e9s a k\u00f6zbizalom gyorsm\u00e9rlege - Parola Foly\u00f3irat","og_description":"Sz\u00far\u00f3pr\u00f3baszer\u0171, orsz\u00e1gos felm\u00e9r\u00e9st kezdem\u00e9nyezett az \u00c1llampolg\u00e1ri r\u00e9szv\u00e9tel hete alkalm\u00e1b\u00f3l a\u00a0K\u00f6z\u00f6ss\u00e9gfejleszt\u0151k Egyes\u00fclete\u00a0\u00e9s a\u00a0Magyar M\u0171vel\u0151d\u00e9si Int\u00e9zet K\u00f6z\u00f6ss\u00e9gfejleszt\u00e9si Oszt\u00e1lya\u00a02005. szeptember 19-e \u00e9s 25-e k\u00f6z\u00f6tt az orsz\u00e1g 18 megy\u00e9j\u00e9ben \u00e9s Budapesten. (A felm\u00e9r\u00e9s egyed\u00fcl Kom\u00e1rom megy\u00e9ben nem t\u00f6rt\u00e9nt meg.) A k\u00e9rd\u0151\u00edves kutat\u00e1sra \u00f6sszesen 4507 kit\u00f6lt\u00f6tt v\u00e1lasz \u00e9rkezett, vizsg\u00e1latunknak \u00edgy er\u0151ss\u00e9ge az igen nagy elemsz\u00e1m. A v\u00e1laszol\u00f3k megoszl\u00e1sa az orsz\u00e1gos [&hellip;]","og_url":"https:\/\/kofe.hu\/parola\/parola-folyoirat\/az-allampolgari-reszvetel-es-a-kozbizalom-gyorsmerlege\/","og_site_name":"Parola Foly\u00f3irat","article_published_time":"2020-07-11T08:21:55+00:00","article_modified_time":"2020-07-30T12:41:34+00:00","og_image":[{"width":1339,"height":1944,"url":"https:\/\/kofe.hu\/parola\/wp-content\/uploads\/2020\/07\/05.3.4.jpeg","type":"image\/jpeg"}],"author":"P\u00e9terfi Ferenc","twitter_card":"summary_large_image","twitter_misc":{"Szerz\u0151:":"P\u00e9terfi Ferenc","Becs\u00fclt olvas\u00e1si id\u0151":"12 perc","Written by":"P\u00e9terfi Ferenc"},"schema":{"@context":"https:\/\/schema.org","@graph":[{"@type":"Article","@id":"https:\/\/kofe.hu\/parola\/parola-folyoirat\/az-allampolgari-reszvetel-es-a-kozbizalom-gyorsmerlege\/#article","isPartOf":{"@id":"https:\/\/kofe.hu\/parola\/parola-folyoirat\/az-allampolgari-reszvetel-es-a-kozbizalom-gyorsmerlege\/"},"author":{"name":"P\u00e9terfi Ferenc","@id":"https:\/\/kofe.hu\/parola\/#\/schema\/person\/46297a12b269c035523fdcd019f91711"},"headline":"Az \u00e1llampolg\u00e1ri r\u00e9szv\u00e9tel \u00e9s a k\u00f6zbizalom gyorsm\u00e9rlege","datePublished":"2020-07-11T08:21:55+00:00","dateModified":"2020-07-30T12:41:34+00:00","mainEntityOfPage":{"@id":"https:\/\/kofe.hu\/parola\/parola-folyoirat\/az-allampolgari-reszvetel-es-a-kozbizalom-gyorsmerlege\/"},"wordCount":2509,"commentCount":0,"image":{"@id":"https:\/\/kofe.hu\/parola\/parola-folyoirat\/az-allampolgari-reszvetel-es-a-kozbizalom-gyorsmerlege\/#primaryimage"},"thumbnailUrl":"https:\/\/kofe.hu\/parola\/wp-content\/uploads\/2020\/07\/05.3.4.jpeg","articleSection":["Parola 2005\/3-4","Parola Foly\u00f3irat","Repert\u00f3rium"],"inLanguage":"hu","potentialAction":[{"@type":"CommentAction","name":"Comment","target":["https:\/\/kofe.hu\/parola\/parola-folyoirat\/az-allampolgari-reszvetel-es-a-kozbizalom-gyorsmerlege\/#respond"]}]},{"@type":"WebPage","@id":"https:\/\/kofe.hu\/parola\/parola-folyoirat\/az-allampolgari-reszvetel-es-a-kozbizalom-gyorsmerlege\/","url":"https:\/\/kofe.hu\/parola\/parola-folyoirat\/az-allampolgari-reszvetel-es-a-kozbizalom-gyorsmerlege\/","name":"Az \u00e1llampolg\u00e1ri r\u00e9szv\u00e9tel \u00e9s a k\u00f6zbizalom gyorsm\u00e9rlege - Parola Foly\u00f3irat","isPartOf":{"@id":"https:\/\/kofe.hu\/parola\/#website"},"primaryImageOfPage":{"@id":"https:\/\/kofe.hu\/parola\/parola-folyoirat\/az-allampolgari-reszvetel-es-a-kozbizalom-gyorsmerlege\/#primaryimage"},"image":{"@id":"https:\/\/kofe.hu\/parola\/parola-folyoirat\/az-allampolgari-reszvetel-es-a-kozbizalom-gyorsmerlege\/#primaryimage"},"thumbnailUrl":"https:\/\/kofe.hu\/parola\/wp-content\/uploads\/2020\/07\/05.3.4.jpeg","datePublished":"2020-07-11T08:21:55+00:00","dateModified":"2020-07-30T12:41:34+00:00","author":{"@id":"https:\/\/kofe.hu\/parola\/#\/schema\/person\/46297a12b269c035523fdcd019f91711"},"breadcrumb":{"@id":"https:\/\/kofe.hu\/parola\/parola-folyoirat\/az-allampolgari-reszvetel-es-a-kozbizalom-gyorsmerlege\/#breadcrumb"},"inLanguage":"hu","potentialAction":[{"@type":"ReadAction","target":["https:\/\/kofe.hu\/parola\/parola-folyoirat\/az-allampolgari-reszvetel-es-a-kozbizalom-gyorsmerlege\/"]}]},{"@type":"ImageObject","inLanguage":"hu","@id":"https:\/\/kofe.hu\/parola\/parola-folyoirat\/az-allampolgari-reszvetel-es-a-kozbizalom-gyorsmerlege\/#primaryimage","url":"https:\/\/kofe.hu\/parola\/wp-content\/uploads\/2020\/07\/05.3.4.jpeg","contentUrl":"https:\/\/kofe.hu\/parola\/wp-content\/uploads\/2020\/07\/05.3.4.jpeg","width":1339,"height":1944},{"@type":"BreadcrumbList","@id":"https:\/\/kofe.hu\/parola\/parola-folyoirat\/az-allampolgari-reszvetel-es-a-kozbizalom-gyorsmerlege\/#breadcrumb","itemListElement":[{"@type":"ListItem","position":1,"name":"Home","item":"https:\/\/kofe.hu\/parola\/"},{"@type":"ListItem","position":2,"name":"Az \u00e1llampolg\u00e1ri r\u00e9szv\u00e9tel \u00e9s a k\u00f6zbizalom gyorsm\u00e9rlege"}]},{"@type":"WebSite","@id":"https:\/\/kofe.hu\/parola\/#website","url":"https:\/\/kofe.hu\/parola\/","name":"Parola Foly\u00f3irat","description":"","potentialAction":[{"@type":"SearchAction","target":{"@type":"EntryPoint","urlTemplate":"https:\/\/kofe.hu\/parola\/?s={search_term_string}"},"query-input":{"@type":"PropertyValueSpecification","valueRequired":true,"valueName":"search_term_string"}}],"inLanguage":"hu"},{"@type":"Person","@id":"https:\/\/kofe.hu\/parola\/#\/schema\/person\/46297a12b269c035523fdcd019f91711","name":"P\u00e9terfi Ferenc","image":{"@type":"ImageObject","inLanguage":"hu","@id":"https:\/\/kofe.hu\/parola\/#\/schema\/person\/image\/d173d0cf20d3d8748a6819cd4d17d68c","url":"https:\/\/secure.gravatar.com\/avatar\/523e0b801b986785c16f8e37b642a318cb28abdc4915fa26e5b257b5a3902afc?s=96&d=mm&r=g","contentUrl":"https:\/\/secure.gravatar.com\/avatar\/523e0b801b986785c16f8e37b642a318cb28abdc4915fa26e5b257b5a3902afc?s=96&d=mm&r=g","caption":"P\u00e9terfi Ferenc"},"url":"https:\/\/kofe.hu\/parola\/szerzok\/peterfi-ferenc\/"}]}},"_links":{"self":[{"href":"https:\/\/kofe.hu\/parola\/wp-json\/wp\/v2\/posts\/3103","targetHints":{"allow":["GET"]}}],"collection":[{"href":"https:\/\/kofe.hu\/parola\/wp-json\/wp\/v2\/posts"}],"about":[{"href":"https:\/\/kofe.hu\/parola\/wp-json\/wp\/v2\/types\/post"}],"author":[{"embeddable":true,"href":"https:\/\/kofe.hu\/parola\/wp-json\/wp\/v2\/users\/15"}],"replies":[{"embeddable":true,"href":"https:\/\/kofe.hu\/parola\/wp-json\/wp\/v2\/comments?post=3103"}],"version-history":[{"count":3,"href":"https:\/\/kofe.hu\/parola\/wp-json\/wp\/v2\/posts\/3103\/revisions"}],"predecessor-version":[{"id":4414,"href":"https:\/\/kofe.hu\/parola\/wp-json\/wp\/v2\/posts\/3103\/revisions\/4414"}],"wp:featuredmedia":[{"embeddable":true,"href":"https:\/\/kofe.hu\/parola\/wp-json\/wp\/v2\/media\/3420"}],"wp:attachment":[{"href":"https:\/\/kofe.hu\/parola\/wp-json\/wp\/v2\/media?parent=3103"}],"wp:term":[{"taxonomy":"category","embeddable":true,"href":"https:\/\/kofe.hu\/parola\/wp-json\/wp\/v2\/categories?post=3103"},{"taxonomy":"post_tag","embeddable":true,"href":"https:\/\/kofe.hu\/parola\/wp-json\/wp\/v2\/tags?post=3103"},{"taxonomy":"author","embeddable":true,"href":"https:\/\/kofe.hu\/parola\/wp-json\/wp\/v2\/coauthors?post=3103"}],"curies":[{"name":"wp","href":"https:\/\/api.w.org\/{rel}","templated":true}]}}