{"id":3051,"date":"2020-07-11T07:27:08","date_gmt":"2020-07-11T07:27:08","guid":{"rendered":"https:\/\/kofe.hu\/parola\/?p=3051"},"modified":"2020-07-30T12:51:42","modified_gmt":"2020-07-30T12:51:42","slug":"a-halozatszervezes-elso-lepesei","status":"publish","type":"post","link":"https:\/\/kofe.hu\/parola\/parola-folyoirat\/a-halozatszervezes-elso-lepesei\/","title":{"rendered":"A h\u00e1l\u00f3zatszervez\u00e9s els\u0151 l\u00e9p\u00e9sei"},"content":{"rendered":"<p style=\"text-align: justify;\"><span style=\"font-family: Arial;\">Tisztelt Olvas\u00f3!<\/span><\/p>\n<p><i><span style=\"font-family: Arial;\">A k\u00f6vetkez\u0151kben olvashat\u00f3 sz\u00f6vegr\u00e9szeket a szakmai h\u00e1l\u00f3zat r\u00e9sztvev\u0151inek tapasztalatcsere tal\u00e1lkoz\u00f3in elhangzottakb\u00f3l, levelez\u00e9s\u00e9b\u0151l \u00e9s szakmai besz\u00e1mol\u00f3ib\u00f3l \u00e1ll\u00edtottuk \u00f6ssze. Egy t\u00f6red\u00e9kekb\u0151l \u00f6sszeillesztett sz\u00f6veg-koll\u00e1zs ez, amellyel arra t\u00f6rekedt\u00fcnk, hogy<\/span><\/i><i><span style=\"font-family: Arial;\">\u00a0azokat az \u00fatkeres\u00e9seket, szakmai k\u00fczdelmeket \u00e9s a sikerekkel kapcsolatos \u00f6r\u00f6meinket s\u0171r\u00edts\u00fck \u00f6ssze, amelyek a k\u00f6zel egy \u00e9ves munka sor\u00e1n benn\u00fcnket k\u00eds\u00e9rtek.<\/span><\/i><br \/>\n<i><span style=\"font-family: Arial;\">Els\u0151k\u00e9nt \u00e1lljon itt a program elindul\u00e1s\u00e1t k\u00f6vet\u0151 kapcsolat\u00e9p\u00edt\u00e9si, h\u00e1l\u00f3zatszervez\u00e9si tapasztalatainkb\u00f3l egy csokor. (A szerk.)<\/span><\/i><br \/>\n<!--more--><br \/>\n<span style=\"font-family: Arial;\">\u201eA megye legh\u00e1tr\u00e1nyosabb helyzet\u0171 r\u00e9sze a keleti r\u00e9sz, az itteni telep\u00fcl\u00e9sek nagy r\u00e9sz\u00e9ben meghat\u00e1roz\u00f3 a roma lakoss\u00e1g sz\u00e1ma. Egy\u00e9ni helyzetfelt\u00e1r\u00e1st v\u00e9geztem a megy\u00e9ben &#8211; el\u0151vettem a t\u00e9rk\u00e9pet \u00e9s megpr\u00f3b\u00e1ltam a megl\u00e9v\u0151 kapcsolataimat azonos\u00edtani. \u00c1tn\u00e9ztem a dokumentumaimat, pl. a kist\u00e9rs\u00e9gi besz\u00e9lget\u00e9sek jegyz\u0151k\u00f6nyv\u00e9t, a k\u00f6zm\u0171vel\u0151d\u00e9si statisztik\u00e1kat stb. V\u00e9g\u00fcl \u00f6ssze\u00e1llt egy 38 telep\u00fcl\u00e9sb\u0151l \u00e1ll\u00f3 lista (ahol, \u00fagy gondoltam, erre a programra sz\u00fcks\u00e9g\u00fck lenne). Ezut\u00e1n v\u00e9lem\u00e9nyeket, aj\u00e1nl\u00e1sokat k\u00e9rtem a koll\u00e9g\u00e1imt\u00f3l, a v\u00e1rosi m\u0171vel\u0151d\u00e9si k\u00f6zpontok igazgat\u00f3it\u00f3l, a vid\u00e9kfejleszt\u00e9si menedzserekt\u0151l, az Es\u00e9lyek H\u00e1za vezet\u0151j\u00e9t\u0151l, Berki Juditt\u00f3l. Mindek\u00f6zben megpr\u00f3b\u00e1ltam egy ter\u00fcletbe foglalni a kiv\u00e1lasztand\u00f3 telep\u00fcl\u00e9seket (technikai szempontok miatt). V\u00e9g\u00fcl 10 telep\u00fcl\u00e9s lett minden szempontb\u00f3l alkalmas. Felvettem vel\u00fck a kapcsolatot: hivatkoztam a miniszt\u00e9riumra, elmondtam, hogy ez egy orsz\u00e1gos h\u00e1l\u00f3zat, amelynek a mi megy\u00e9nk h\u00e1l\u00f3zata is r\u00e9sze lesz, a l\u00e9nyeg, hogy valami k\u00f6z\u00f6ss\u00e9gi aktivit\u00e1s elkezd\u0151dj\u00f6n. Egy kiv\u00e9tel\u00e9vel mindenkit \u00e9rdekelt a dolog. Felh\u00edvtam a polg\u00e1rmestereket is, majd e-mailben elk\u00fcldtem a programot &#8211; \u2019h\u00e1t nek\u00fcnk v\u00e9g\u00fcl is mindegy\u2019 &#8211; szer\u0171 alap\u00e1ll\u00e1ssal tal\u00e1lkoztam. Nem ellenezt\u00e9k. Pr\u00f3b\u00e1ltam m\u00e9g b\u0151v\u00edteni a k\u00f6rt &#8211; ismer\u0151s polg\u00e1rmestereket sz\u00f3l\u00edtottam meg -, ez a k\u00f6r nem siker\u00fclt.<\/span><br \/>\n<span style=\"font-family: Arial;\">Megszerveztem az els\u0151 Megyei M\u0171helytal\u00e1lkoz\u00f3t, a 9-b\u0151l 6 telep\u00fcl\u00e9s j\u00f6tt el, s akik elj\u00f6ttek, tiszteletrem\u00e9lt\u00f3an elk\u00f6telezettek voltak a k\u00f6z\u00f6ss\u00e9g\u00fck ir\u00e1nt. Sz\u00e1momra is ritka sz\u00e9p alkalom volt. Bemutatkoztak, \u00e9n is bemutattam a k\u00f6z\u00f6ss\u00e9gfejleszt\u00e9st. Megjelentettem egy cikket a megyei lapban, amire k\u00e9t \u00fajabb telep\u00fcl\u00e9s jelentkezett (ezek nem voltak a list\u00e1mon!). Egy polg\u00e1rmester \u00e9s egy h\u00e1ziasszony\u2026 Itt tartunk &#8211; j\u00f6het a moccant\u00e1s!<\/span><br \/>\n<span style=\"font-family: Arial;\">A telep\u00fcl\u00e9seken most kezd\u0151dik a konkr\u00e9t munka. Nem \u00e9n fogom csin\u00e1lni, de ott leszek m\u00f6g\u00f6tt\u00fck! Azt\u00e1n j\u00f6het a megye nyugati r\u00e9sze.<\/span><br \/>\n<span style=\"font-family: Arial;\">[\u2026] Elk\u00f6telezett embereket tal\u00e1ltam. Pedag\u00f3gusok, v\u00e9d\u0151n\u0151, szoci\u00e1lis munk\u00e1s, rokkantnyugd\u00edjas, fizikai munk\u00e1s, k\u00f6nyvt\u00e1ros, v\u00e1llalkoz\u00f3, f\u0151iskolai hallgat\u00f3 &#8211; vegyes \u00f6sszet\u00e9tel\u0171 t\u00e1rsas\u00e1g. Van, akit elengedtek a munkahely\u00e9r\u0151l, van, aki szabads\u00e1got vett ki.<\/span><br \/>\n<span style=\"font-family: Arial;\">Nyomaszt a felel\u0151ss\u00e9g: hogyan tudok megfelelni az elv\u00e1r\u00e1saiknak?<\/span><br \/>\n<i><span style=\"font-family: Arial;\">P\u00f3sfay P\u00e9ter<\/span><\/i><span style=\"font-family: Arial;\">\u00a0k\u00f6zbesz\u00f3l: &#8211; \u0151k majd seg\u00edtenek.<\/span><br \/>\n<span style=\"font-family: Arial;\">A saj\u00e1t kapcsolati t\u0151k\u00e9m volt a fog\u00f3dz\u00f3. K\u00e9s\u0151bb pedig m\u00e1r az \u00fcgy, a probl\u00e9ma vezetett. E kett\u0151 volt a meghat\u00e1roz\u00f3.\u201d<\/span><br \/>\n<i><span style=\"font-family: Arial;\">B. Szolnoki Ildik\u00f3 (N\u00f3gr\u00e1d megye)<\/span><\/i><\/p>\n<p><span style=\"font-family: Arial;\">\u201eAz elh\u00faz\u00f3d\u00f3 kapcsolat\u00e9p\u00edt\u00e9s k\u00e9t ir\u00e1nyban t\u00f6rt\u00e9nt: roma kisebbs\u00e9gi \u00f6nkorm\u00e1nyzatok \u00e9s kist\u00e9rs\u00e9gi felel\u0151s\u00f6k. Kezdeti lelkesed\u00e9s jellemezte a besz\u00e9lget\u00e9seket \u00e9s az, hogy szakmai seg\u00edts\u00e9get ig\u00e9nyeltek: &#8211; szervezz\u00e9tek meg nek\u00fcnk, mi r\u00e9szt vesz\u00fcnk.<\/span><br \/>\n<span style=\"font-family: Arial;\">A k\u00e9pz\u00e9s ir\u00e1nt volt legink\u00e1bb ig\u00e9ny, f\u0151leg a p\u00e1ly\u00e1zat\u00edr\u00e1s ir\u00e1nt. \u00c1rukapcsol\u00e1sra gondoltam: k\u00f6z\u00f6ss\u00e9gfejleszt\u00e9s \u00e9s p\u00e1ly\u00e1zat\u00edr\u00e1s. Ennek hat\u00e1s\u00e1ra probl\u00e9malist\u00e1kat k\u00e9sz\u00edtettek a telep\u00fcl\u00e9seken, majd besz\u00e9lgettek emberekkel. \u00c9rdekes, tanuls\u00e1gos dolgok j\u00f6ttek ki. [\u2026] T\u00f6bbet v\u00e1rtak t\u0151l\u00fcnk: val\u00f3sz\u00edn\u0171leg azt, hogy dolgozzunk helyett\u00fck. T\u00fal\u00edg\u00e9rt\u00fck magunkat?\u201d<\/span><br \/>\n<i><span style=\"font-family: Arial;\">Cs\u00f3ka J\u00e1nos (Heves megye)<\/span><\/i><\/p>\n<p><span style=\"font-family: Arial;\">\u201eAz elindul\u00e1sban nekem is a saj\u00e1t kapcsolati t\u0151k\u00e9m seg\u00edtett, tov\u00e1bb\u00e1 az egyes\u00fcletem tagjai. H\u00edrlevelet is csin\u00e1ltam, 20-25 helyre kik\u00fcldtem, volt, aki hamarosan reag\u00e1lt, de pl. a Civil H\u00e1zt\u00f3l t\u00f6bbet v\u00e1rtam, onnan egy\u00e1ltal\u00e1n nem volt reakci\u00f3. Volt, aki nem \u00e9rdekl\u0151d\u00f6tt k\u00fcl\u00f6n\u00f6sebben, de visszajelzett, teh\u00e1t a kapcsolat\u00e9p\u00edt\u00e9sre is j\u00f3 volt ez az indul\u00e1s. Egy h\u00e9ttel a H\u00edrlev\u00e9l kik\u00fcld\u00e9se ut\u00e1n mindenkinek telefon\u00e1ltam. A \u201enem tudom, hogy mi\u00e9rt nem j\u00f6ttek el\u201d kateg\u00f3ri\u00e1b\u00f3l n\u00e9h\u00e1nyat m\u00e9g felh\u00edvok. Sokat tanulok a ti besz\u00e1mol\u00f3itokb\u00f3l is. Novemberben megtartottuk az els\u0151 m\u0171helyt, 12-en voltunk: polg\u00e1rmester, \u00e9rdekl\u0151d\u0151 roma fiatalasszony, egyes\u00fcleti tagok, roma k\u00f6z\u00f6ss\u00e9gi h\u00e1z vezet\u0151.\u201d<\/span><br \/>\n<i><span style=\"font-family: Arial;\">Varga Matild (Szabolcs-Szatm\u00e1r-Bereg megye)<\/span><\/i><\/p>\n<p><span style=\"font-family: Arial;\">\u201eJ\u00f3val t\u00f6bb el\u0151k\u00e9sz\u00edt\u00e9st, j\u00f6v\u00e9s-men\u00e9st, energi\u00e1t ig\u00e9nyel a potenci\u00e1lis r\u00e9sztvev\u0151k k\u00f6r\u00e9nek kialak\u00edt\u00e1sa, mint eleinte gondoltam. \u00dagy tervezem, hogy \u00f6nk\u00e9ntes seg\u00edt\u0151knek &#8211; akik helyben kezdem\u00e9nyezik a k\u00f6z\u00f6ss\u00e9gi mozg\u00e1sokat &#8211; kell r\u00e9szt venni\u00fck a megyei m\u0171hely munk\u00e1j\u00e1ban, m\u00e9gpedig k\u00f6z\u00f6ss\u00e9ghi\u00e1nyos telep\u00fcl\u00e9sekr\u0151l. Akiket \u00e9n keresek, azok nem l\u00e1tszanak sehol &#8211; j\u00f6nni-menni kell, nem elegend\u0151 a szakm\u00e1k, h\u00e1l\u00f3zatok ismerete. Grosk\u00e1n\u00e9 Pir\u00e1nszky Ir\u00e9nnel, Vincze B\u00e9l\u00e1val kezdt\u00fcnk el k\u00f6z\u00f6sen gondolkodni.<\/span><br \/>\n<span style=\"font-family: Arial;\">Nem a sikerrel kecsegtet\u0151 telep\u00fcl\u00e9seket v\u00e1lasztottuk. Megyehat\u00e1r, Tiszacsege \u00e9s k\u00f6rny\u00e9ke, bihari apr\u00f3falvas t\u00e9rs\u00e9g. Ezeken a telep\u00fcl\u00e9seken civil szervezet is alig van, nincs mozgol\u00f3d\u00e1s, int\u00e9zm\u00e9nyhi\u00e1nyosak &#8211; teleh\u00e1z, polg\u00e1r\u0151rs\u00e9g a maximum. Felkerestem az itt \u00e9l\u0151 ismer\u0151seimet, akik tudn\u00e1nak aj\u00e1nlani r\u00e9sztvev\u0151ket. Pr\u00f3d &#8211; tanyak\u00f6zpont, iskola (Hajd\u00fab\u00f6sz\u00f6rm\u00e9nyhez tartozik) -, a bez\u00e1rt kis m\u0171vel\u0151d\u00e9si h\u00e1zat akarj\u00e1k egyes\u00fcleti ir\u00e1ny\u00edt\u00e1s al\u00e1 venni, \u0151k m\u00e1r t\u00fal vannak a \u201emoccint\u00e1son\u201d. Nekik szakmai seg\u00edts\u00e9g kell az egyes\u00fcleti m\u0171k\u00f6dtet\u00e9s megszervez\u00e9s\u00e9hez. Bodasz\u0151l\u0151: az erd\u00e9sz a kapcsolatom, aki r\u00e9sz\u00f6nkorm\u00e1nyzati k\u00e9pvisel\u0151, a m\u0171vel\u0151d\u00e9si h\u00e1zat akarj\u00e1k kivenni. Ez sem a mi eset\u00fcnk, de legal\u00e1bb \u00f6sszehoztam \u0151ket. Mobilit\u00e1s Iroda: A M\u00e1trixban megjelent a felh\u00edv\u00e1som, nem jelentkeztek r\u00e1. Darvas, K\u0151r\u00f6sszegap\u00e1ti embereit felkeresve, beugrott nekik ez a cikk. A bihari t\u00e9rs\u00e9g e k\u00e9t teleh\u00e1za tal\u00e1n a c\u00e9ljainknak megfelel\u0151 m\u00f3don fog tov\u00e1bbl\u00e9pni. A s\u00e1pi nagycsal\u00e1dosok is r\u00e9sztvev\u0151i lesznek a programnak. A f\u00f6ldesi m\u0171vel\u0151d\u00e9si k\u00f6zpont ifj\u00fas\u00e1gi szervezetet szeretne &#8211; de ez m\u00e1r egy m\u00e1sik ir\u00e1ny.\u201d<\/span><br \/>\n<i><span style=\"font-family: Arial;\">Giczey P\u00e9ter (Hajd\u00fa-Bihar megye)<\/span><\/i><\/p>\n<p><span style=\"font-family: Arial;\">\u201eEls\u0151sorban a mentorokra (egy foglalkoztat\u00e1si program alkalmazottai<\/span><i><span style=\"font-family: Arial;\">, A szerk.)<\/span><\/i><span style=\"font-family: Arial;\">\u00a0alapoztam az indul\u00e1somat. \u00c9n is \u00fctk\u00f6ztem int\u00e9zm\u00e9nyi falakba (Mobilit\u00e1s, civil szervezetek, m\u0171vel\u0151d\u00e9si h\u00e1zi igazgat\u00f3k). A megyei \u00fajs\u00e1ggal is pr\u00f3b\u00e1lkoztam. 16 telep\u00fcl\u00e9sre mentem el, 9-en tal\u00e1ltam folytathat\u00f3 \u00fcgyeket: D\u00f6ms\u00f6d. Het\u00e9nyegyh\u00e1za &#8211; van itt egy v\u00e1llalkoz\u00f3 \u00e9s egy sz\u00e9p\u00edt\u0151 egyes\u00fclet, de nincs k\u00f6z\u00f6ss\u00e9gi szint\u00e9r, k\u00fcl\u00f6n akarnak v\u00e1lni Kecskem\u00e9tt\u0151l. Kunszentmikl\u00f3s &#8211; b\u00f6lcs\u0151d\u00e9b\u0151l civil h\u00e1zat tervezn\u00e9nek; Tass &#8211; a kultur\u00e1lis egyes\u00fclet \u00faj eln\u00f6ke az ifj\u00fas\u00e1gi munk\u00e1val szeretne foglalkozni; Helv\u00e9cia &#8211; fiatal l\u00e1ny; Kerekegyh\u00e1za, Kunbaracs, Dunaszentbenedek, Baja. Cselekedni akarnak, de f\u00e9lnek a pofonokt\u00f3l. Pedig a pofonok min\u00e9l nagyobb fel\u00fcletre csattannak, ann\u00e1l kev\u00e9sb\u00e9 f\u00e1jnak!\u201d<\/span><br \/>\n<i><span style=\"font-family: Arial;\">Szil\u00e1gyin\u00e9 Lucy (B\u00e1cs-Kiskun megye)<\/span><\/i><\/p>\n<p><span style=\"font-family: Arial;\">\u201eJ\u00f3 h\u00e1tteret jelentenek a B\u00e9k\u00e9s megyei K\u00f6z\u00f6ss\u00e9gfejleszt\u0151k Egyes\u00fclete k\u00e9pz\u00e9sein r\u00e9szt vett emberek. A szem\u00e9lyes megsz\u00f3l\u00edt\u00e1s, a kapcsolati t\u0151ke a leghat\u00e1sosabb megsz\u00f3l\u00edt\u00e1s. Az egyes\u00fclet\u00fcnk lapja, a Napraforg\u00f3 400 civil szervezethez jut el. Szerintem nincs olyan hely, ahol nem t\u00f6rt\u00e9nik semmi. Mi a h\u00e1tr\u00e1nyos helyzetb\u0151l indultunk ki \u00e9s 3 mikror\u00e9gi\u00f3ra figyelt\u00fcnk jobban oda: B\u00e9k\u00e9s-Bihar, D\u00e9l-B\u00e9k\u00e9s, \u00c9szakkelet-B\u00e9k\u00e9s. Nem biztos, hogy ahol m\u00e1r t\u00f6rt\u00e9nik valami, ott nincs sz\u00fcks\u00e9g a seg\u00edts\u00e9gre. Akik m\u00e1r valamiben gondolkodnak &#8211; pl. a telep\u00fcl\u00e9sb\u0151l kil\u00e9pni a kist\u00e9rs\u00e9gbe. Tal\u00e1n be kellene vonni a m\u0171helybe azokat a telep\u00fcl\u00e9seket is, akik m\u00e1r dolgoznak, meglehet, hogy ezek megl\u00f6kik majd a t\u00f6bbiek gondolkod\u00e1s\u00e1t!\u201d<\/span><br \/>\n<i><span style=\"font-family: Arial;\">Pocsajin\u00e9 F\u00e1bi\u00e1n Magdolna (B\u00e9k\u00e9s megye)<\/span><\/i><\/p>\n<p><span style=\"font-family: Arial;\">\u201eA szoci\u00e1lis munk\u00e1s \u00e9s szoci\u00e1lpedag\u00f3giai k\u00e9pz\u00e9sek k\u00f6z\u00f6ss\u00e9gfejleszt\u0151i feladatokat is sz\u00e1nnak a hallgat\u00f3knak. Felvettem a kapcsolatot a fels\u0151oktat\u00e1si int\u00e9zm\u00e9nyekkel, \u00f6r\u00fcltek, de nem sz\u00fcletett semmi konkr\u00e9tum &#8211; melyik hallgat\u00f3 melyik telep\u00fcl\u00e9sre j\u00e1rjon? &#8211; itt megfeneklett a dolog. A t\u00e9rs\u00e9gfejleszt\u00e9si t\u00e1rsul\u00e1sn\u00e1l infrastruktur\u00e1lis fejleszt\u00e9ssel foglalkoznak. Kult\u00farh\u00e1z igazgat\u00f3 m\u00e1r nagyon kev\u00e9s van a megy\u00e9ben, de felkerestem \u0151ket &#8211; lelkesek voltak, de nem lett bel\u0151le munka. November \u00f3ta nem volt olyan f\u00f3rum, ahol el ne mondtam volna &#8211; lelkesek, de nincs konkr\u00e9t folytat\u00e1s. A polg\u00e1rmestereknek \u00edrtam egy hivatalos levelet &#8211; 179 helyre k\u00fcldtem ki -, hivatkozva a miniszt\u00e9riumra, meglepet\u00e9semre t\u00f6bb mint h\u00faszan jelentkeztek. \u0150k k\u00fcldenek helyi embereket, id\u0151seket, fiatalokat egyar\u00e1nt, akik m\u00e1r rendelkeznek k\u00f6z\u00f6ss\u00e9gi tapasztalatokkal.\u201d<\/span><br \/>\n<i><span style=\"font-family: Arial;\">Csobod Tibor (Gy\u0151r-Sopron megye)<\/span><\/i><\/p>\n<p><span style=\"font-family: Arial;\">\u201eK\u00e9nyszer\u0171 t\u00fcrelemmel a teljes\u00edtm\u00e9nyk\u00e9nyszer helyett &#8211; ezt aj\u00e1nlom \u00f6nmagunknak!<\/span><br \/>\n<span style=\"font-family: Arial;\">3 er\u0151forr\u00e1sra gondoltam az elindul\u00e1shoz: a Vasmegyei k\u00f6z\u00f6ss\u00e9gfejleszt\u0151i tanfolyamok hallgat\u00f3i, a Berzsenyi F\u0151iskola k\u00f6z\u00f6ss\u00e9gfejleszt\u0151 szakos hallgat\u00f3ib\u00f3l alap\u00edtott egyes\u00fclet \u00e9s a szem\u00e9lyes kapcsolataim. A hallgat\u00f3k nehezen fellelhet\u0151k, az egyes\u00fcletr\u0151l kider\u00fclt, hogy a val\u00f3s\u00e1gban nem l\u00e9tezik. Senki nincs a t\u00f6bb sz\u00e1z hallgat\u00f3b\u00f3l\u2026!<\/span><br \/>\n<span style=\"font-family: Arial;\">Maradtak teh\u00e1t a szem\u00e9lyes kapcsolataim kor\u00e1bbi fejleszt\u0151i munk\u00e1mb\u00f3l \u00e9s megragadtam az \u00f6sszes alkalmat, f\u00f3rumot, hogy ismertessem ezt a programot. Id\u0151ben ugyanekkor zajlottak a kist\u00e9rs\u00e9gfejleszt\u00e9si tan\u00e1csok mell\u00e9 deleg\u00e1lhat\u00f3 civil egyeztet\u0151 f\u00f3rumok, s ebben j\u00f3 lehet\u0151s\u00e9get l\u00e1ttam. Ebben nagyot csal\u00f3dtam: nem volt nagy ny\u00fczsg\u00e9s. De: Csepreg \u00e9s k\u00f6rny\u00e9ke, K\u00f6rmend \u00e9s \u0150riszentp\u00e9ter kist\u00e9rs\u00e9g\u00e9nek emberei j\u00f3 k\u00e9pvisel\u0151i lehetnek j\u00f3 \u00fcgyeknek. 6 levelet \u00edrtam 6 embernek, javaslatokat k\u00e9rve. Ut\u00e1na szem\u00e9lyesen is konzult\u00e1ltunk \u00e9s v\u00e9giggondoltuk a lehet\u0151s\u00e9geket.\u201d<\/span><br \/>\n<i><span style=\"font-family: Arial;\">P\u00f3sfay P\u00e9ter (Vas megye)<\/span><\/i><\/p>\n<p><span style=\"font-family: Arial;\">\u201eA program meger\u0151s\u00edt\u00e9st jelent az egyes\u00fclet\u00fcnkben (a Zalai Falvak\u00e9rt Egyes\u00fclet,\u00a0<\/span><i><span style=\"font-family: Arial;\">A szerk.<\/span><\/i><span style=\"font-family: Arial;\">) foly\u00f3 \u00fcgyeknek \u00e9s<\/span><br \/>\n<span style=\"font-family: Arial;\">szem\u00e9lyeknek. \u00c9n is valamennyi alkalmat kihaszn\u00e1ltam a programismertet\u00e9sre, a szem\u00e9lyes megkeres\u00e9sre. Leveleket is k\u00fcldtem ki: polg\u00e1rmestereknek, falugondnokoknak, kist\u00e9rs\u00e9gi menedzsereknek\u2026 Zalaegerszegen van egy irod\u00e1nk, mindenfajta el\u00e9rhet\u0151s\u00e9ggel rendelkez\u00fcnk, 15 \u00e9ve ismernek benn\u00fcnket. Siker\u00fclt bekapcsolni a teleh\u00e1zakat, elmondt\u00e1k, hogy h\u00edj\u00e1n vannak seg\u00edts\u00e9gnek, k\u00e9t helyr\u0151l is konkr\u00e9t ig\u00e9ny jelentkezett \u00faj kezdem\u00e9nyez\u00e9sek seg\u00edt\u00e9s\u00e9re.\u201d<\/span><\/p>\n<p><i><span style=\"font-family: Arial;\">Szedern\u00e9 Kummer M\u00e1ria (Zala megye)<\/span><\/i><\/p>\n<p><span style=\"font-family: Arial;\">\u201eEgyetemi kapcsolat alakult ki az orm\u00e1ns\u00e1gi falukutat\u00f3kkal &#8211; \u0151k a P\u00e9csi Tudom\u00e1nyegyetem m\u0171vel\u0151d\u00e9sszervez\u0151i. 8 telep\u00fcl\u00e9sen 2-2 f\u0151vel \u00e9s 1-1 helyi kapcsolattart\u00f3val felm\u00e9r\u00e9st v\u00e9geznek \u00e9s javaslatot k\u00e9sz\u00edtenek a telep\u00fcl\u00e9s k\u00f6z\u00f6ss\u00e9gi m\u0171vel\u0151d\u00e9si programj\u00e1ra. Ebb\u0151l a mer\u00edt\u00e9sb\u0151l j\u00f3 es\u00e9llyel lesz kb. 5 telep\u00fcl\u00e9s. Kapcsolati b\u00e1zist jelent a m\u00e1r lezajlott egy\u00fcttm\u0171k\u00f6d\u00e9si programunk a P\u00e9cs v\u00e1ros k\u00f6rny\u00e9ki civil kezdem\u00e9nyez\u00e9sekkel, ezt a kapcsolatot folytatjuk. A megl\u00e9v\u0151 kapcsolatrendszer alapvet\u0151en nagy szervezeteket jelent, de a vonz\u00e1sk\u00f6rzet\u00fckben vannak \u00faj kezdem\u00e9nyez\u00e9sek is. Decemberben felm\u00e9r\u00e9si program indult, a kicsi vagy alv\u00f3 szervezetek k\u00fcldt\u00e9k vissza a k\u00e9rd\u0151\u00edvet. A szoci\u00e1lis munk\u00e1s hallgat\u00f3kb\u00f3l \u00f6nk\u00e9ntes csapatot szervezt\u00fcnk a felm\u00e9r\u00e9sre, interj\u00faz\u00e1sra. Kapcsolatunk van egy h\u00e1l\u00f3zattal: ifj\u00fas\u00e1gi teleh\u00e1z h\u00e1l\u00f3zat, mely az eg\u00e9sz megy\u00e9re kiterjed, ez is \u00faj mer\u00edt\u00e9s.\u201d<\/span><br \/>\n<i><span style=\"font-family: Arial;\">Pet\u00e1k P\u00e9ter (Baranya megye)<\/span><\/i><\/p>\n<p><span style=\"font-family: Arial;\">\u201eSzeptemberben el tudtam kezdeni a munk\u00e1t &#8211; el\u0151sz\u00f6r a t\u00e1j\u00e9koztat\u00e1sra ford\u00edtottam az id\u0151t. Maxim\u00e1lisan t\u00f6rekedtem a j\u00f3 t\u00e1j\u00e9koztat\u00e1sra \u00e9s az \u00f6nk\u00e9ntess\u00e9gre. A m\u00e9di\u00e1t felhaszn\u00e1ltam &#8211; telev\u00edzi\u00f3, megyei lap, \u00f6nkorm\u00e1nyzati lap, CISZOK lapja stb<\/span><i><span style=\"font-family: Arial;\">.,<\/span><\/i><span style=\"font-family: Arial;\">\u00a0de sz\u00f3ban is t\u00e1j\u00e9koztattam egy megyei egyes\u00fcleten kereszt\u00fcl, n\u00e9pm\u0171vel\u0151i k\u00f6r\u00f6kben. A Megyei Hat\u00f3k\u00f6r\u0171 Civil Szervezetek K\u00f6z\u00f6ss\u00e9g\u00e9nek eln\u00f6ke vagyok, innen is kaptam tippeket. M\u00f6g\u00f6ttem \u00e1ll a Ment\u00e1lhigi\u00e9n\u00e9s Egyes\u00fclet \u00e9s a Civil Szolg\u00e1ltat\u00f3 K\u00f6zpont is.<\/span><br \/>\n<span style=\"font-family: Arial;\">T\u00e1j\u00e9koztattam a megyei \u00f6nkorm\u00e1nyzat eln\u00f6k\u00e9t &#8211; nagyon t\u00e1mogat\u00f3 volt, nagyon tetszett neki a kezdem\u00e9nyez\u00e9s. A megye 5 kist\u00e9rs\u00e9ge 3 sz\u00f6vets\u00e9g\u00e9t kerestem fel \u00e9s t\u00e1j\u00e9koztattam \u0151ket a programr\u00f3l. K\u00e9t esetben elfogad\u00f3 volt a l\u00e9gk\u00f6r, az egyikben ellen\u00e1lltak &#8211; \u0151ket megv\u00e1lasztott\u00e1k, \u0151k tudj\u00e1k a dolgukat. \u00c9s innen van a legt\u00f6bb &#8211; 4 &#8211; kezdem\u00e9nyez\u00e9s! R\u00e9szt vettem a falumenedzserek k\u00e9pz\u00e9s\u00e9n, a falu- \u00e9s tanyagondnokok \u00e9rtekezlet\u00e9n, a teleh\u00e1z vezet\u0151k k\u00e9pz\u00e9s\u00e9n, az \u00c1MK-k n\u00e9pf\u0151iskolai k\u00f6zponti k\u00e9pz\u00e9s\u00e9n. A legnagyobb nyitotts\u00e1got a teleh\u00e1zas k\u00e9pz\u00e9sen tal\u00e1ltam.<\/span><br \/>\n<span style=\"font-family: Arial;\">A m\u00e9diarekl\u00e1mra 3 telep\u00fcl\u00e9s jelentkezett &#8211; valamennyien sz\u00edntiszta civil kezdem\u00e9nyez\u00e9sek!<\/span><br \/>\n<span style=\"font-family: Arial;\">A kist\u00e9rs\u00e9gi t\u00e1rsul\u00e1sb\u00f3l 3 jelentkez\u00e9s volt: kist\u00e9rs\u00e9gi ter\u00fcletfejleszt\u00e9si \u00fcgyn\u00f6ks\u00e9gek munkat\u00e1rsai &#8211; seg\u00edt\u0151k, falugondnokokt\u00f3l ketten jelentkeztek, n\u00e9pm\u0171vel\u0151i m\u00faltamb\u00f3l \u00f6ten. Az els\u0151 k\u00f6rben \u00edgy \u00e1llt fel 14 telep\u00fcl\u00e9s okt\u00f3ber v\u00e9g\u00e9re.\u201d<\/span><br \/>\n<i><span style=\"font-family: Arial;\">D\u00e9r Mikl\u00f3sn\u00e9, Zsuzsa (Tolna megye)<\/span><\/i><\/p>\n","protected":false},"excerpt":{"rendered":"<p>Tisztelt Olvas\u00f3! A k\u00f6vetkez\u0151kben olvashat\u00f3 sz\u00f6vegr\u00e9szeket a szakmai h\u00e1l\u00f3zat r\u00e9sztvev\u0151inek tapasztalatcsere tal\u00e1lkoz\u00f3in elhangzottakb\u00f3l, levelez\u00e9s\u00e9b\u0151l \u00e9s szakmai besz\u00e1mol\u00f3ib\u00f3l \u00e1ll\u00edtottuk \u00f6ssze. Egy t\u00f6red\u00e9kekb\u0151l \u00f6sszeillesztett sz\u00f6veg-koll\u00e1zs ez, amellyel arra t\u00f6rekedt\u00fcnk, hogy\u00a0azokat az \u00fatkeres\u00e9seket, szakmai k\u00fczdelmeket \u00e9s a sikerekkel kapcsolatos \u00f6r\u00f6meinket s\u0171r\u00edts\u00fck \u00f6ssze, amelyek a k\u00f6zel egy \u00e9ves munka sor\u00e1n benn\u00fcnket k\u00eds\u00e9rtek. Els\u0151k\u00e9nt \u00e1lljon itt a program elindul\u00e1s\u00e1t k\u00f6vet\u0151 [&hellip;]<\/p>\n","protected":false},"author":15,"featured_media":3418,"comment_status":"open","ping_status":"open","sticky":false,"template":"","format":"standard","meta":{"_acf_changed":false,"footnotes":""},"categories":[514,8,7],"tags":[],"coauthors":[23],"class_list":["post-3051","post","type-post","status-publish","format-standard","has-post-thumbnail","hentry","category-parola-2005-1","category-parola-folyoirat","category-repertorium"],"acf":[],"yoast_head":"<!-- This site is optimized with the Yoast SEO plugin v26.7 - https:\/\/yoast.com\/wordpress\/plugins\/seo\/ -->\n<title>A h\u00e1l\u00f3zatszervez\u00e9s els\u0151 l\u00e9p\u00e9sei - Parola Foly\u00f3irat<\/title>\n<meta name=\"robots\" content=\"index, follow, max-snippet:-1, max-image-preview:large, max-video-preview:-1\" \/>\n<link rel=\"canonical\" href=\"https:\/\/kofe.hu\/parola\/parola-folyoirat\/a-halozatszervezes-elso-lepesei\/\" \/>\n<meta property=\"og:locale\" content=\"hu_HU\" \/>\n<meta property=\"og:type\" content=\"article\" \/>\n<meta property=\"og:title\" content=\"A h\u00e1l\u00f3zatszervez\u00e9s els\u0151 l\u00e9p\u00e9sei - Parola Foly\u00f3irat\" \/>\n<meta property=\"og:description\" content=\"Tisztelt Olvas\u00f3! A k\u00f6vetkez\u0151kben olvashat\u00f3 sz\u00f6vegr\u00e9szeket a szakmai h\u00e1l\u00f3zat r\u00e9sztvev\u0151inek tapasztalatcsere tal\u00e1lkoz\u00f3in elhangzottakb\u00f3l, levelez\u00e9s\u00e9b\u0151l \u00e9s szakmai besz\u00e1mol\u00f3ib\u00f3l \u00e1ll\u00edtottuk \u00f6ssze. Egy t\u00f6red\u00e9kekb\u0151l \u00f6sszeillesztett sz\u00f6veg-koll\u00e1zs ez, amellyel arra t\u00f6rekedt\u00fcnk, hogy\u00a0azokat az \u00fatkeres\u00e9seket, szakmai k\u00fczdelmeket \u00e9s a sikerekkel kapcsolatos \u00f6r\u00f6meinket s\u0171r\u00edts\u00fck \u00f6ssze, amelyek a k\u00f6zel egy \u00e9ves munka sor\u00e1n benn\u00fcnket k\u00eds\u00e9rtek. Els\u0151k\u00e9nt \u00e1lljon itt a program elindul\u00e1s\u00e1t k\u00f6vet\u0151 [&hellip;]\" \/>\n<meta property=\"og:url\" content=\"https:\/\/kofe.hu\/parola\/parola-folyoirat\/a-halozatszervezes-elso-lepesei\/\" \/>\n<meta property=\"og:site_name\" content=\"Parola Foly\u00f3irat\" \/>\n<meta property=\"article:published_time\" content=\"2020-07-11T07:27:08+00:00\" \/>\n<meta property=\"article:modified_time\" content=\"2020-07-30T12:51:42+00:00\" \/>\n<meta property=\"og:image\" content=\"https:\/\/kofe.hu\/parola\/wp-content\/uploads\/2020\/07\/05.1.jpeg\" \/>\n\t<meta property=\"og:image:width\" content=\"1472\" \/>\n\t<meta property=\"og:image:height\" content=\"2033\" \/>\n\t<meta property=\"og:image:type\" content=\"image\/jpeg\" \/>\n<meta name=\"author\" content=\"P\u00e9terfi Ferenc\" \/>\n<meta name=\"twitter:card\" content=\"summary_large_image\" \/>\n<meta name=\"twitter:label1\" content=\"Szerz\u0151:\" \/>\n\t<meta name=\"twitter:data1\" content=\"P\u00e9terfi Ferenc\" \/>\n\t<meta name=\"twitter:label2\" content=\"Becs\u00fclt olvas\u00e1si id\u0151\" \/>\n\t<meta name=\"twitter:data2\" content=\"13 perc\" \/>\n\t<meta name=\"twitter:label3\" content=\"Written by\" \/>\n\t<meta name=\"twitter:data3\" content=\"P\u00e9terfi Ferenc\" \/>\n<script type=\"application\/ld+json\" class=\"yoast-schema-graph\">{\"@context\":\"https:\/\/schema.org\",\"@graph\":[{\"@type\":\"Article\",\"@id\":\"https:\/\/kofe.hu\/parola\/parola-folyoirat\/a-halozatszervezes-elso-lepesei\/#article\",\"isPartOf\":{\"@id\":\"https:\/\/kofe.hu\/parola\/parola-folyoirat\/a-halozatszervezes-elso-lepesei\/\"},\"author\":{\"name\":\"P\u00e9terfi Ferenc\",\"@id\":\"https:\/\/kofe.hu\/parola\/#\/schema\/person\/46297a12b269c035523fdcd019f91711\"},\"headline\":\"A h\u00e1l\u00f3zatszervez\u00e9s els\u0151 l\u00e9p\u00e9sei\",\"datePublished\":\"2020-07-11T07:27:08+00:00\",\"dateModified\":\"2020-07-30T12:51:42+00:00\",\"mainEntityOfPage\":{\"@id\":\"https:\/\/kofe.hu\/parola\/parola-folyoirat\/a-halozatszervezes-elso-lepesei\/\"},\"wordCount\":2587,\"commentCount\":0,\"image\":{\"@id\":\"https:\/\/kofe.hu\/parola\/parola-folyoirat\/a-halozatszervezes-elso-lepesei\/#primaryimage\"},\"thumbnailUrl\":\"https:\/\/kofe.hu\/parola\/wp-content\/uploads\/2020\/07\/05.1.jpeg\",\"articleSection\":[\"Parola 2005\/1\",\"Parola Foly\u00f3irat\",\"Repert\u00f3rium\"],\"inLanguage\":\"hu\",\"potentialAction\":[{\"@type\":\"CommentAction\",\"name\":\"Comment\",\"target\":[\"https:\/\/kofe.hu\/parola\/parola-folyoirat\/a-halozatszervezes-elso-lepesei\/#respond\"]}]},{\"@type\":\"WebPage\",\"@id\":\"https:\/\/kofe.hu\/parola\/parola-folyoirat\/a-halozatszervezes-elso-lepesei\/\",\"url\":\"https:\/\/kofe.hu\/parola\/parola-folyoirat\/a-halozatszervezes-elso-lepesei\/\",\"name\":\"A h\u00e1l\u00f3zatszervez\u00e9s els\u0151 l\u00e9p\u00e9sei - Parola Foly\u00f3irat\",\"isPartOf\":{\"@id\":\"https:\/\/kofe.hu\/parola\/#website\"},\"primaryImageOfPage\":{\"@id\":\"https:\/\/kofe.hu\/parola\/parola-folyoirat\/a-halozatszervezes-elso-lepesei\/#primaryimage\"},\"image\":{\"@id\":\"https:\/\/kofe.hu\/parola\/parola-folyoirat\/a-halozatszervezes-elso-lepesei\/#primaryimage\"},\"thumbnailUrl\":\"https:\/\/kofe.hu\/parola\/wp-content\/uploads\/2020\/07\/05.1.jpeg\",\"datePublished\":\"2020-07-11T07:27:08+00:00\",\"dateModified\":\"2020-07-30T12:51:42+00:00\",\"author\":{\"@id\":\"https:\/\/kofe.hu\/parola\/#\/schema\/person\/46297a12b269c035523fdcd019f91711\"},\"breadcrumb\":{\"@id\":\"https:\/\/kofe.hu\/parola\/parola-folyoirat\/a-halozatszervezes-elso-lepesei\/#breadcrumb\"},\"inLanguage\":\"hu\",\"potentialAction\":[{\"@type\":\"ReadAction\",\"target\":[\"https:\/\/kofe.hu\/parola\/parola-folyoirat\/a-halozatszervezes-elso-lepesei\/\"]}]},{\"@type\":\"ImageObject\",\"inLanguage\":\"hu\",\"@id\":\"https:\/\/kofe.hu\/parola\/parola-folyoirat\/a-halozatszervezes-elso-lepesei\/#primaryimage\",\"url\":\"https:\/\/kofe.hu\/parola\/wp-content\/uploads\/2020\/07\/05.1.jpeg\",\"contentUrl\":\"https:\/\/kofe.hu\/parola\/wp-content\/uploads\/2020\/07\/05.1.jpeg\",\"width\":1472,\"height\":2033},{\"@type\":\"BreadcrumbList\",\"@id\":\"https:\/\/kofe.hu\/parola\/parola-folyoirat\/a-halozatszervezes-elso-lepesei\/#breadcrumb\",\"itemListElement\":[{\"@type\":\"ListItem\",\"position\":1,\"name\":\"Home\",\"item\":\"https:\/\/kofe.hu\/parola\/\"},{\"@type\":\"ListItem\",\"position\":2,\"name\":\"A h\u00e1l\u00f3zatszervez\u00e9s els\u0151 l\u00e9p\u00e9sei\"}]},{\"@type\":\"WebSite\",\"@id\":\"https:\/\/kofe.hu\/parola\/#website\",\"url\":\"https:\/\/kofe.hu\/parola\/\",\"name\":\"Parola Foly\u00f3irat\",\"description\":\"\",\"potentialAction\":[{\"@type\":\"SearchAction\",\"target\":{\"@type\":\"EntryPoint\",\"urlTemplate\":\"https:\/\/kofe.hu\/parola\/?s={search_term_string}\"},\"query-input\":{\"@type\":\"PropertyValueSpecification\",\"valueRequired\":true,\"valueName\":\"search_term_string\"}}],\"inLanguage\":\"hu\"},{\"@type\":\"Person\",\"@id\":\"https:\/\/kofe.hu\/parola\/#\/schema\/person\/46297a12b269c035523fdcd019f91711\",\"name\":\"P\u00e9terfi Ferenc\",\"image\":{\"@type\":\"ImageObject\",\"inLanguage\":\"hu\",\"@id\":\"https:\/\/kofe.hu\/parola\/#\/schema\/person\/image\/d173d0cf20d3d8748a6819cd4d17d68c\",\"url\":\"https:\/\/secure.gravatar.com\/avatar\/523e0b801b986785c16f8e37b642a318cb28abdc4915fa26e5b257b5a3902afc?s=96&d=mm&r=g\",\"contentUrl\":\"https:\/\/secure.gravatar.com\/avatar\/523e0b801b986785c16f8e37b642a318cb28abdc4915fa26e5b257b5a3902afc?s=96&d=mm&r=g\",\"caption\":\"P\u00e9terfi Ferenc\"},\"url\":\"https:\/\/kofe.hu\/parola\/szerzok\/peterfi-ferenc\/\"}]}<\/script>\n<!-- \/ Yoast SEO plugin. -->","yoast_head_json":{"title":"A h\u00e1l\u00f3zatszervez\u00e9s els\u0151 l\u00e9p\u00e9sei - Parola Foly\u00f3irat","robots":{"index":"index","follow":"follow","max-snippet":"max-snippet:-1","max-image-preview":"max-image-preview:large","max-video-preview":"max-video-preview:-1"},"canonical":"https:\/\/kofe.hu\/parola\/parola-folyoirat\/a-halozatszervezes-elso-lepesei\/","og_locale":"hu_HU","og_type":"article","og_title":"A h\u00e1l\u00f3zatszervez\u00e9s els\u0151 l\u00e9p\u00e9sei - Parola Foly\u00f3irat","og_description":"Tisztelt Olvas\u00f3! A k\u00f6vetkez\u0151kben olvashat\u00f3 sz\u00f6vegr\u00e9szeket a szakmai h\u00e1l\u00f3zat r\u00e9sztvev\u0151inek tapasztalatcsere tal\u00e1lkoz\u00f3in elhangzottakb\u00f3l, levelez\u00e9s\u00e9b\u0151l \u00e9s szakmai besz\u00e1mol\u00f3ib\u00f3l \u00e1ll\u00edtottuk \u00f6ssze. Egy t\u00f6red\u00e9kekb\u0151l \u00f6sszeillesztett sz\u00f6veg-koll\u00e1zs ez, amellyel arra t\u00f6rekedt\u00fcnk, hogy\u00a0azokat az \u00fatkeres\u00e9seket, szakmai k\u00fczdelmeket \u00e9s a sikerekkel kapcsolatos \u00f6r\u00f6meinket s\u0171r\u00edts\u00fck \u00f6ssze, amelyek a k\u00f6zel egy \u00e9ves munka sor\u00e1n benn\u00fcnket k\u00eds\u00e9rtek. Els\u0151k\u00e9nt \u00e1lljon itt a program elindul\u00e1s\u00e1t k\u00f6vet\u0151 [&hellip;]","og_url":"https:\/\/kofe.hu\/parola\/parola-folyoirat\/a-halozatszervezes-elso-lepesei\/","og_site_name":"Parola Foly\u00f3irat","article_published_time":"2020-07-11T07:27:08+00:00","article_modified_time":"2020-07-30T12:51:42+00:00","og_image":[{"width":1472,"height":2033,"url":"https:\/\/kofe.hu\/parola\/wp-content\/uploads\/2020\/07\/05.1.jpeg","type":"image\/jpeg"}],"author":"P\u00e9terfi Ferenc","twitter_card":"summary_large_image","twitter_misc":{"Szerz\u0151:":"P\u00e9terfi Ferenc","Becs\u00fclt olvas\u00e1si id\u0151":"13 perc","Written by":"P\u00e9terfi Ferenc"},"schema":{"@context":"https:\/\/schema.org","@graph":[{"@type":"Article","@id":"https:\/\/kofe.hu\/parola\/parola-folyoirat\/a-halozatszervezes-elso-lepesei\/#article","isPartOf":{"@id":"https:\/\/kofe.hu\/parola\/parola-folyoirat\/a-halozatszervezes-elso-lepesei\/"},"author":{"name":"P\u00e9terfi Ferenc","@id":"https:\/\/kofe.hu\/parola\/#\/schema\/person\/46297a12b269c035523fdcd019f91711"},"headline":"A h\u00e1l\u00f3zatszervez\u00e9s els\u0151 l\u00e9p\u00e9sei","datePublished":"2020-07-11T07:27:08+00:00","dateModified":"2020-07-30T12:51:42+00:00","mainEntityOfPage":{"@id":"https:\/\/kofe.hu\/parola\/parola-folyoirat\/a-halozatszervezes-elso-lepesei\/"},"wordCount":2587,"commentCount":0,"image":{"@id":"https:\/\/kofe.hu\/parola\/parola-folyoirat\/a-halozatszervezes-elso-lepesei\/#primaryimage"},"thumbnailUrl":"https:\/\/kofe.hu\/parola\/wp-content\/uploads\/2020\/07\/05.1.jpeg","articleSection":["Parola 2005\/1","Parola Foly\u00f3irat","Repert\u00f3rium"],"inLanguage":"hu","potentialAction":[{"@type":"CommentAction","name":"Comment","target":["https:\/\/kofe.hu\/parola\/parola-folyoirat\/a-halozatszervezes-elso-lepesei\/#respond"]}]},{"@type":"WebPage","@id":"https:\/\/kofe.hu\/parola\/parola-folyoirat\/a-halozatszervezes-elso-lepesei\/","url":"https:\/\/kofe.hu\/parola\/parola-folyoirat\/a-halozatszervezes-elso-lepesei\/","name":"A h\u00e1l\u00f3zatszervez\u00e9s els\u0151 l\u00e9p\u00e9sei - Parola Foly\u00f3irat","isPartOf":{"@id":"https:\/\/kofe.hu\/parola\/#website"},"primaryImageOfPage":{"@id":"https:\/\/kofe.hu\/parola\/parola-folyoirat\/a-halozatszervezes-elso-lepesei\/#primaryimage"},"image":{"@id":"https:\/\/kofe.hu\/parola\/parola-folyoirat\/a-halozatszervezes-elso-lepesei\/#primaryimage"},"thumbnailUrl":"https:\/\/kofe.hu\/parola\/wp-content\/uploads\/2020\/07\/05.1.jpeg","datePublished":"2020-07-11T07:27:08+00:00","dateModified":"2020-07-30T12:51:42+00:00","author":{"@id":"https:\/\/kofe.hu\/parola\/#\/schema\/person\/46297a12b269c035523fdcd019f91711"},"breadcrumb":{"@id":"https:\/\/kofe.hu\/parola\/parola-folyoirat\/a-halozatszervezes-elso-lepesei\/#breadcrumb"},"inLanguage":"hu","potentialAction":[{"@type":"ReadAction","target":["https:\/\/kofe.hu\/parola\/parola-folyoirat\/a-halozatszervezes-elso-lepesei\/"]}]},{"@type":"ImageObject","inLanguage":"hu","@id":"https:\/\/kofe.hu\/parola\/parola-folyoirat\/a-halozatszervezes-elso-lepesei\/#primaryimage","url":"https:\/\/kofe.hu\/parola\/wp-content\/uploads\/2020\/07\/05.1.jpeg","contentUrl":"https:\/\/kofe.hu\/parola\/wp-content\/uploads\/2020\/07\/05.1.jpeg","width":1472,"height":2033},{"@type":"BreadcrumbList","@id":"https:\/\/kofe.hu\/parola\/parola-folyoirat\/a-halozatszervezes-elso-lepesei\/#breadcrumb","itemListElement":[{"@type":"ListItem","position":1,"name":"Home","item":"https:\/\/kofe.hu\/parola\/"},{"@type":"ListItem","position":2,"name":"A h\u00e1l\u00f3zatszervez\u00e9s els\u0151 l\u00e9p\u00e9sei"}]},{"@type":"WebSite","@id":"https:\/\/kofe.hu\/parola\/#website","url":"https:\/\/kofe.hu\/parola\/","name":"Parola Foly\u00f3irat","description":"","potentialAction":[{"@type":"SearchAction","target":{"@type":"EntryPoint","urlTemplate":"https:\/\/kofe.hu\/parola\/?s={search_term_string}"},"query-input":{"@type":"PropertyValueSpecification","valueRequired":true,"valueName":"search_term_string"}}],"inLanguage":"hu"},{"@type":"Person","@id":"https:\/\/kofe.hu\/parola\/#\/schema\/person\/46297a12b269c035523fdcd019f91711","name":"P\u00e9terfi Ferenc","image":{"@type":"ImageObject","inLanguage":"hu","@id":"https:\/\/kofe.hu\/parola\/#\/schema\/person\/image\/d173d0cf20d3d8748a6819cd4d17d68c","url":"https:\/\/secure.gravatar.com\/avatar\/523e0b801b986785c16f8e37b642a318cb28abdc4915fa26e5b257b5a3902afc?s=96&d=mm&r=g","contentUrl":"https:\/\/secure.gravatar.com\/avatar\/523e0b801b986785c16f8e37b642a318cb28abdc4915fa26e5b257b5a3902afc?s=96&d=mm&r=g","caption":"P\u00e9terfi Ferenc"},"url":"https:\/\/kofe.hu\/parola\/szerzok\/peterfi-ferenc\/"}]}},"_links":{"self":[{"href":"https:\/\/kofe.hu\/parola\/wp-json\/wp\/v2\/posts\/3051","targetHints":{"allow":["GET"]}}],"collection":[{"href":"https:\/\/kofe.hu\/parola\/wp-json\/wp\/v2\/posts"}],"about":[{"href":"https:\/\/kofe.hu\/parola\/wp-json\/wp\/v2\/types\/post"}],"author":[{"embeddable":true,"href":"https:\/\/kofe.hu\/parola\/wp-json\/wp\/v2\/users\/15"}],"replies":[{"embeddable":true,"href":"https:\/\/kofe.hu\/parola\/wp-json\/wp\/v2\/comments?post=3051"}],"version-history":[{"count":3,"href":"https:\/\/kofe.hu\/parola\/wp-json\/wp\/v2\/posts\/3051\/revisions"}],"predecessor-version":[{"id":4447,"href":"https:\/\/kofe.hu\/parola\/wp-json\/wp\/v2\/posts\/3051\/revisions\/4447"}],"wp:featuredmedia":[{"embeddable":true,"href":"https:\/\/kofe.hu\/parola\/wp-json\/wp\/v2\/media\/3418"}],"wp:attachment":[{"href":"https:\/\/kofe.hu\/parola\/wp-json\/wp\/v2\/media?parent=3051"}],"wp:term":[{"taxonomy":"category","embeddable":true,"href":"https:\/\/kofe.hu\/parola\/wp-json\/wp\/v2\/categories?post=3051"},{"taxonomy":"post_tag","embeddable":true,"href":"https:\/\/kofe.hu\/parola\/wp-json\/wp\/v2\/tags?post=3051"},{"taxonomy":"author","embeddable":true,"href":"https:\/\/kofe.hu\/parola\/wp-json\/wp\/v2\/coauthors?post=3051"}],"curies":[{"name":"wp","href":"https:\/\/api.w.org\/{rel}","templated":true}]}}