{"id":3043,"date":"2020-07-11T07:21:14","date_gmt":"2020-07-11T07:21:14","guid":{"rendered":"https:\/\/kofe.hu\/parola\/?p=3043"},"modified":"2020-07-30T12:50:53","modified_gmt":"2020-07-30T12:50:53","slug":"naplotoredekek-nehany-kozossegi-kezdemenyezes-bemutatasa","status":"publish","type":"post","link":"https:\/\/kofe.hu\/parola\/parola-folyoirat\/naplotoredekek-nehany-kozossegi-kezdemenyezes-bemutatasa\/","title":{"rendered":"Napl\u00f3t\u00f6red\u00e9kek \u2013 n\u00e9h\u00e1ny k\u00f6z\u00f6ss\u00e9gi kezdem\u00e9nyez\u00e9s bemutat\u00e1sa"},"content":{"rendered":"<p style=\"text-align: justify;\"><i><span style=\"font-family: Arial;\">A k\u00f6vetkez\u0151kben felvillantani igyeksz\u00fcnk azokb\u00f3l a kezdem\u00e9nyez\u00e9sekb\u0151l, elhat\u00e1roz\u00e1sokb\u00f3l, amelyekkel a megy\u00e9kben \u00e9s a f\u0151v\u00e1rosban dolgoz\u00f3 kolleg\u00e1ink tal\u00e1lkoztak. A le\u00edr\u00e1sok r\u00e9szleteib\u0151l l\u00e1that\u00f3, hogy sokszor bizonytalan \u00fatkeres\u00e9sekkel, az \u00f6nbizalom er\u0151s\u00edt\u00e9s\u00e9re szorul\u00f3 pr\u00f3b\u00e1lkoz\u00e1sokkal, m\u00e1s helyzetekben meg kiforrott elhat\u00e1roz\u00e1sokkal tal\u00e1lkoztak a h\u00e1l\u00f3zatunk szakemberei. Megjegyezz\u00fck, hogy nem csak a sikeres cselekv\u00e9seket tartjuk szakmailag fontosnak, hanem azokat is, amelyek magukban hordozz\u00e1k egy\u00e1ltal\u00e1n a k\u00f6z\u00f6ss\u00e9gr\u0151l val\u00f3 felel\u0151s gondolkod\u00e1st, s a v\u00e1ltoztat\u00e1s sz\u00e1nd\u00e9k\u00e1t \u2013 esetenk\u00e9nt az eredm\u00e9ny\u00fckt\u0151l f\u00fcggetlen\u00fcl is. Hiszen, ahogy erre a bevezet\u0151ben az egyik szerz\u0151re hivatkozunk: a civil t\u00e1rsadalom maga a reflexivit\u00e1s, a reag\u00e1l\u00e1s.<\/span><\/i><br \/>\n<i><span style=\"font-family: Arial;\">Nagyon elt\u00e9r\u0151 hang\u00faak \u2013 hol val\u00f3di napl\u00f3jegyzet elemei, hol meg kifel\u00e9 k\u00e9sz\u00fcl\u0151 besz\u00e1mol\u00f3 r\u00e9szei ezek a mozaikdarabok \u2013, esetenk\u00e9nt m\u00e1s-m\u00e1s st\u00edlusban \u00edr\u00f3dtak az al\u00e1bbi r\u00e9szletek, amilyen elt\u00e9r\u0151ek mi magunk is vagyunk, akik ezt a munk\u00e1t v\u00e9gezz\u00fck. (A szerk.)<\/span><\/i><br \/>\n<!--more--><br \/>\n<b><span style=\"font-family: Arial;\">Nagybaracska: Csal\u00e1di napk\u00f6zi<\/span><\/b><br \/>\n<span style=\"font-family: Arial;\">A sz\u00fcl\u0151k f\u0151leg a v\u00e1rosba j\u00e1rnak dolgozni, sokan h\u00e1rom m\u0171szakban is.<\/span><br \/>\n<span style=\"font-family: Arial;\">Napsz\u00e1m idej\u00e9re sem tudnak a gyermek meg\u0151rz\u00e9sre megold\u00e1st tal\u00e1lni.<\/span><br \/>\n<span style=\"font-family: Arial;\">Felmer\u00fclt az \u00f6tlet, hogy l\u00e9tre kellene hozni a faluban egy csal\u00e1di napk\u00f6zit! Az \u00f6nk\u00e9ntesem, M\u00e1rti, m\u00e1r besz\u00e9lt is n\u00e9h\u00e1ny any\u00e1val az elk\u00e9pzel\u00e9sr\u0151l. Szeretn\u00e9m, ha M\u00e1rti elj\u00f6nne a j\u00faniusi k\u00e9pz\u00e9sre, Kunb\u00e1bonyba. \u00cdgy lehet\u0151s\u00e9ge ad\u00f3dna, hogy megismerje, milyen form\u00e1ban m\u0171k\u00f6dik egy csal\u00e1di napk\u00f6zi, milyen k\u00e9pz\u00e9sre lenne sz\u00fcks\u00e9ge annak, aki azt m\u0171k\u00f6dtetni akarja, s milyen forr\u00e1sokra van sz\u00fcks\u00e9g ehhez a tev\u00e9kenys\u00e9ghez.<\/span><\/p>\n<p><span style=\"font-family: Arial;\">Kisk\u00f6z\u00f6ss\u00e9gi r\u00e1di\u00f3: mivel az inform\u00e1ci\u00f3\u00e1raml\u00e1s nagyon sek\u00e9ly a faluban, M\u00e1rti \u00fagy gondolta, hogy j\u00f3 lenne egy helyi r\u00e1di\u00f3t ind\u00edtani. Ehhez patron\u00e1l\u00f3 szem\u00e9lyeket toboroz. M\u00e1r a polg\u00e1rmesterrel is besz\u00e9lt az \u00f6tlet\u00e9ir\u0151l.<\/span><br \/>\n<span style=\"font-family: Arial;\">Van a faluban egy \u201epolg\u00e1rmesteri lap\u201d, de ez nem tartalmazza a helyi \u00e9let, a lakoss\u00e1g \u00fcgyeit. P\u00e1r oldalban csup\u00e1n a falu p\u00e9nz\u00fcgyeit, a p\u00e9nz felhaszn\u00e1l\u00e1s\u00e1t taglalja, negyed\u00e9vente jelenik meg, \u201etele van hadov\u00e1val\u201d.<\/span><br \/>\n<span style=\"font-family: Arial;\">Nagyon \u00fagy t\u0171nik, hogy itt is kell a seg\u00edts\u00e9g, nagyon sokat nem tudnak a civils\u00e9gr\u0151l.<\/span><br \/>\n<span style=\"font-family: Arial;\">Javasoltam neki, hogy pr\u00f3b\u00e1ljon megfelel\u0151 embereket toborozni. \u00c9n m\u00e1jus 25-\u00e9n tal\u00e1lkozom vele Baj\u00e1n \u00e9s megbesz\u00e9lj\u00fck, mikor megyek Nagybaracsk\u00e1ra tal\u00e1lkozni a t\u00f6bbi \u00f6nk\u00e9ntesekkel. Id\u0151k\u00f6zben a polg\u00e1rmesterrel is tal\u00e1lkozom majd.<\/span><\/p>\n<p><i><span style=\"font-family: Arial;\">Szil\u00e1gyin\u00e9 Lucy<\/span><\/i><br \/>\n<i><span style=\"font-family: Arial;\">B\u00e1cs-Kiskun megye<\/span><\/i><\/p>\n<p><b><span style=\"font-family: Arial;\">Kisrozv\u00e1gy, \u201emoccint\u00e1s\u201d<\/span><\/b><br \/>\n<span style=\"font-family: Arial;\">A c\u00e9l az volt, hogy megismerjem a telep\u00fcl\u00e9st \u00e9s tal\u00e1lkozzam t\u00f6bb helyi emberrel, hogy legyen benyom\u00e1som.<\/span><br \/>\n<span style=\"font-family: Arial;\">A m\u0171helybe j\u00e1r\u00f3kon k\u00edv\u00fcl a tal\u00e1lkoz\u00f3ra m\u00e9g elj\u00f6ttek n\u00e9h\u00e1nyan, t\u00edzen voltunk jelen. Voltak id\u0151sebbek is, akik mes\u00e9ltek a telep\u00fcl\u00e9s m\u00faltj\u00e1r\u00f3l, a r\u00e9gi szok\u00e1sokr\u00f3l, viszonyokr\u00f3l. \u00d6sszehasonl\u00edt\u00e1sra ker\u00fcltek a m\u00falt \u00e9s a jelen k\u00f6z\u00f6ss\u00e9gi viszonyai. Ezut\u00e1n sokat mes\u00e9ltek a mai helyzetr\u0151l, a telep\u00fcl\u00e9s infrastrukt\u00far\u00e1j\u00e1r\u00f3l, bev\u00e1s\u00e1rl\u00e1si lehet\u0151s\u00e9geir\u0151l, a probl\u00e9m\u00e1kr\u00f3l. Az els\u0151dleges \u00e9s legnagyobb gondnak azt \u00e9rzik, hogy k\u00f6z\u00f6s a k\u00e9pvisel\u0151-test\u00fclet\u00fck Nagyrozv\u00e1ggyal. Ez azt eredm\u00e9nyezi, hogy nincs a telep\u00fcl\u00e9snek \u00f6n\u00e1ll\u00f3 k\u00f6lts\u00e9gvet\u00e9se sem. Minden fill\u00e9r\u00e9rt k\u00fcl\u00f6n kell k\u00f6ny\u00f6r\u00f6gni a k\u00f6z\u00f6sen fenntartott hivatalban, ami megal\u00e1z\u00f3 helyzeteket is eredm\u00e9nyez.<\/span><br \/>\n<span style=\"font-family: Arial;\">A probl\u00e9m\u00e1k mellett \u00f6sszeszedt\u00fck az \u00e9rt\u00e9keket is. \u0150k nem igaz\u00e1n l\u00e1tj\u00e1k azt, hogy mekkora \u00e9rt\u00e9ket jelent az \u00f6sszetart\u00f3 helyi k\u00f6z\u00e9pkoroszt\u00e1ly. Szinte minden este egy\u00fctt vannak, egy\u00fctt sz\u00f3rakoznak. R\u00e1juk sz\u00e1m\u00edthat a polg\u00e1rmester is, hisz hajland\u00f3ak sok-sok \u00f6nk\u00e9ntes munk\u00e1ra is. Nincsenek ismereteik a civil szervez\u0151d\u00e9sr\u0151l, nem igaz\u00e1n tudj\u00e1k tudatosan megszervezni magukat.<\/span><br \/>\n<span style=\"font-family: Arial;\">Megbesz\u00e9lt\u00fck a teend\u0151ket, azt, hogy hogyan k\u00e9sz\u00fcljenek fel a k\u00f6vetkez\u0151 megyei m\u0171helyre a telep\u00fcl\u00e9s bemutat\u00e1s\u00e1b\u00f3l, illetve hogyan szervezz\u00e9k meg a n\u00e1luk esed\u00e9kes m\u0171helynapot.<\/span><\/p>\n<p><b><span style=\"font-family: Arial;\">Di\u00f3sgy\u0151r, tal\u00e1lkoz\u00f3 akt\u00edv anyuk\u00e1kkal<\/span><\/b><br \/>\n<span style=\"font-family: Arial;\">El\u0151sz\u00f6r a k\u00f6lcs\u00f6n\u00f6s bemutatkoz\u00e1sra \u00e9s a program ismertet\u00e9s\u00e9re ker\u00fclt sor, majd elkezdt\u00fcnk besz\u00e9lgetni a lak\u00f3telepr\u0151l, a probl\u00e9m\u00e1ikr\u00f3l \u00e9s azok lehets\u00e9ges megold\u00e1s\u00e1r\u00f3l.<\/span><br \/>\n<span style=\"font-family: Arial;\">N\u00e9h\u00e1ny ezek k\u00f6z\u00fcl:<\/span><br \/>\n<span style=\"font-family: Arial;\">\u2013 J\u00e1tsz\u00f3t\u00e9r, szem\u00e9tt\u00e1rol\u00f3k hi\u00e1nya \u2013 nylonban gy\u0171jtik a szemetet,<\/span><br \/>\n<span style=\"font-family: Arial;\">\u2013 nincsenek padok, a tizen\u00e9vesek t\u00f6nkreteszik az \u00faj fa-j\u00e1tsz\u00f3tereket,<\/span><br \/>\n<span style=\"font-family: Arial;\">\u2013 be kellene ker\u00edteni egy r\u00e9szt a j\u00e1tsz\u00f3tereken, parkos\u00edtani, padokat kihelyezni,<\/span><br \/>\n<span style=\"font-family: Arial;\">\u2013 a kuty\u00e1k r\u00e1ugr\u00e1lnak a gyerekekre,<\/span><br \/>\n<span style=\"font-family: Arial;\">\u2013 ny\u00e1ron 40 gyerekre van 2 hinta, 1 homokoz\u00f3, 1 libik\u00f3ka,<\/span><br \/>\n<span style=\"font-family: Arial;\">\u2013 konkr\u00e9t id\u0151pont kellene, amikor is meg kellene besz\u00e9lni a j\u00e1tsz\u00f3t\u00e9r helyzet\u00e9t \u00e9s meg kellene h\u00edvni a k\u00e9pvisel\u0151t is,<\/span><br \/>\n<span style=\"font-family: Arial;\">\u2013 lehetne k\u00e9rni adom\u00e1nyk\u00e9nt a fest\u00e9kboltt\u00f3l fest\u00e9ket, \u0151k felaj\u00e1nlj\u00e1k \u00f6nk\u00e9ntes munk\u00e1jukat \u2013 kert\u00e9szked\u00e9s, f\u00e1k \u00fcltet\u00e9se,<\/span><br \/>\n<span style=\"font-family: Arial;\">\u2013 helyi \u00e9rt\u00e9kek felkutat\u00e1sa, ha valaki \u00e9rt valamihez, megkeress\u00fck, ny\u00edlt napon megismerj\u00fck,<\/span><br \/>\n<span style=\"font-family: Arial;\">\u2013 ny\u00e1ron \u00f6ssze kellene fogni \u00e9s el kellene menni valahova kir\u00e1ndulni,<\/span><br \/>\n<span style=\"font-family: Arial;\">\u2013 f\u00f3rum kellene, valamif\u00e9le hirdet\u0151, ahol a t\u00f6bbieket \u00e9rtes\u00edthetj\u00fck arr\u00f3l, mit tett\u00fcnk \u00e9s \u0151k is elmondhatn\u00e1k a v\u00e9lem\u00e9ny\u00fcket,<\/span><br \/>\n<span style=\"font-family: Arial;\">\u2013 Ruha-turi, Di\u00f3-man\u00f3 Klub, a gyermekorvos-szervezte klub, ahol el\u0151ad\u00e1sok vannak a feln\u0151tteknek + j\u00e1tsz\u00f3h\u00e1z a gyerekeknek,<\/span><br \/>\n<span style=\"font-family: Arial;\">\u2013 a domb is el\u0151nye ennek a telep\u00fcl\u00e9sr\u00e9sznek, a tetej\u00e9re szalonnas\u00fct\u0151 \u00e9s k\u00f6r\u00fclker\u00edtett j\u00e1tsz\u00f3t\u00e9r ker\u00fclhetne, t\u00e9len sz\u00e1nk\u00f3z\u00f3hely lehetne,<\/span><br \/>\n<span style=\"font-family: Arial;\">\u2013 ha valaki felsz\u00f3lal, valamit akar, azt a k\u00f6z\u00f6s k\u00e9pvisel\u0151 leh\u00fcly\u00e9zi,<\/span><br \/>\n<span style=\"font-family: Arial;\">\u2013 van itt rend\u0151r\u0151rs, de nem j\u00e1r\u0151r\u00f6znek, van egy rend\u0151r apuka, aki felaj\u00e1nlotta a seg\u00edts\u00e9g\u00e9t, alakul a polg\u00e1r\u0151rs\u00e9g,<\/span><br \/>\n<span style=\"font-family: Arial;\">\u2013 minden a belv\u00e1rosban t\u00f6rt\u00e9nik, ide nem jut semmi, Di\u00f3sgy\u0151r el van felejtve, a belv\u00e1ros van \u00e9s az Avas,<\/span><br \/>\n<span style=\"font-family: Arial;\">\u2013 az \u00f6nkorm\u00e1nyzatt\u00f3l meg kell valakit h\u00edvni, hogy elmondhass\u00e1k neki a dolgaikat,<\/span><br \/>\n<span style=\"font-family: Arial;\">\u2013 ne csatlakozzon a mi rendezv\u00e9ny\u00fck egyik p\u00e1rthoz sem!,<\/span><br \/>\n<span style=\"font-family: Arial;\">\u2013 valamilyen rendezv\u00e9nyt kellene csin\u00e1lni, ott lehetne b\u0151v\u00edteni a csapatot, a rendezv\u00e9nyre t\u00f6bben is elj\u00f6nn\u00e9nek, pl. apuk\u00e1k is,<\/span><br \/>\n<span style=\"font-family: Arial;\">\u2013 havonta legyen tal\u00e1lkoz\u00f3, ahol egyeztetj\u00fck a l\u00e9p\u00e9seket, a teend\u0151ket.<\/span><\/p>\n<p><span style=\"font-family: Arial;\">T\u00f6rt\u00e9n\u00e9sek:<\/span><br \/>\n<span style=\"font-family: Arial;\">A napokban telefon\u00e1ltak a v\u00e1rosgondnoks\u00e1gr\u00f3l, hogy egyeztet\u00e9sre ker\u00fclne sor a h\u00e9ten a j\u00e1tsz\u00f3t\u00e9r \u00fcgy\u00e9ben. Erre gyorsan megh\u00edv\u00f3kat k\u00e9sz\u00edtettek, amelyeket m\u00e1r nemcsak az akt\u00edv emberek, hanem rajtuk k\u00edv\u00fcl m\u00e1sok terjesztettek.<\/span><br \/>\n<span style=\"font-family: Arial;\">Az akt\u00edv mag m\u00e1r egyeztetett, ma ker\u00fcl sor a teljes nyilv\u00e1noss\u00e1gra. K\u00edv\u00e1ncsian v\u00e1rom az eredm\u00e9nyeket!<\/span><br \/>\n<i><span style=\"font-family: Arial;\">Moln\u00e1r Aranka (B.A.Z. megye)<\/span><\/i><\/p>\n<p><b><span style=\"font-family: Arial;\">T\u00faristv\u00e1ndi, kist\u00e9rs\u00e9gi ifj\u00fas\u00e1gi egy\u00fcttm\u0171k\u00f6d\u00e9s l\u00e9trehoz\u00e1sa<\/span><\/b><br \/>\n<span style=\"font-family: Arial;\">A kezdem\u00e9nyez\u00e9s fiatalokt\u00f3l indult kist\u00e9rs\u00e9gi ifj\u00fas\u00e1gi egy\u00fcttm\u0171k\u00f6d\u00e9s l\u00e9trehoz\u00e1s\u00e1ra, szabadid\u0151s programok szervez\u00e9s\u00e9re, az egy\u00fcttm\u0171k\u00f6d\u00e9sre, k\u00f6z\u00f6s forr\u00e1steremt\u00e9sre. Az \u00e9rintett telep\u00fcl\u00e9sek: T\u00faristv\u00e1ndi, Tiszacs\u00e9cse, Sonk\u00e1d, K\u00f6lcse, K\u00f6m\u00f6r\u0151, F\u00fclesd \u00e9s V\u00e1mosoroszi.<\/span><br \/>\n<span style=\"font-family: Arial;\">Mi val\u00f3sult meg?<\/span><b><span style=\"font-family: Arial;\">\u00a0<\/span><\/b><span style=\"font-family: Arial;\">1\u20132 telep\u00fcl\u00e9sen a helyben rendszeresen tal\u00e1lkoz\u00f3 fiatalok csoportot alak\u00edtottak. Gyermek- \u00e9s ifj\u00fas\u00e1gi \u00f6nkorm\u00e1nyzat alakult 1 \u00e9v alatt 5 helyen (szomsz\u00e9dos telep\u00fcl\u00e9sek), k\u00f6z\u00f6s k\u00e9pz\u00e9seket szerveztek maguknak, saj\u00e1t f\u00e9l\u00e9ves programot k\u00e9sz\u00edtettek.<\/span><br \/>\n<span style=\"font-family: Arial;\">K\u00f6z\u00f6s\u00f6sen p\u00e1ly\u00e1ztak ebben az \u00e9vben, rendszeresen tartj\u00e1k a kapcsolatot, j\u00e1rnak egym\u00e1s rendezv\u00e9nyeire. \u00dajabb telep\u00fcl\u00e9s is bekapcsol\u00f3dott ebbe a munk\u00e1ba. A polg\u00e1rmesterek is egy\u00fcttm\u0171k\u00f6d\u00e9si meg\u00e1llapod\u00e1st k\u00f6t\u00f6ttek.<\/span><br \/>\n<span style=\"font-family: Arial;\">Er\u0151forr\u00e1sok, eszk\u00f6z\u00f6k:<\/span><br \/>\n<span style=\"font-family: Arial;\">Tal\u00e1lkoz\u00f3hely\u00fck a teleh\u00e1z, m\u00e1s telep\u00fcl\u00e9seken egyh\u00e1zi helyis\u00e9gben, megint m\u00e1sutt iskol\u00e1ban, polg\u00e1rmesteri hivatalban, klubban. Seg\u00edts\u00e9get kaptak a t\u00faristv\u00e1ndi teleh\u00e1z munkat\u00e1rs\u00e1t\u00f3l \u00e9s a polg\u00e1rmestert\u0151l, legt\u00f6bb helyen a polg\u00e1rmesterekt\u0151l, m\u00e1shol ifj\u00fas\u00e1gi referenst\u0151l vagy egy pedag\u00f3gust\u00f3l. Kommunik\u00e1ci\u00f3s lehet\u0151s\u00e9geik kiel\u00e9g\u00edt\u0151ek, egy\u00fcttm\u0171k\u00f6d\u00e9sre motiv\u00e1ltak. Most kezdik felismerni saj\u00e1t erej\u00fcket.<\/span><br \/>\n<span style=\"font-family: Arial;\">Neh\u00e9zs\u00e9gek: Saj\u00e1t forr\u00e1suk nincs, \u00f6nkorm\u00e1nyzati t\u00e1mogatotts\u00e1guk megn\u0151tt. Ez egy\u00fattal vesz\u00e9ly is, hogy t\u00fals\u00e1gosan az \u00f6nkorm\u00e1nyzatokt\u00f3l f\u00fcggenek.<\/span><br \/>\n<span style=\"font-family: Arial;\">Kialakult a szervezet vezet\u0151s\u00e9ge. Egyre t\u00f6bb seg\u00edt\u0151 szakembert \u00e9s m\u00e1s k\u00f6z\u00f6ss\u00e9get ismernek meg. \u00d6n\u00e1ll\u00f3 rendezv\u00e9nyeket tanulnak szervezni \u2013 sikerrel. P\u00e1ly\u00e1zatot \u00edrni tanulnak a gyakorlatban. Felvett\u00e9k a kapcsolatot a telep\u00fcl\u00e9sek k\u00f6rny\u00e9kbeli fiataljaival. Elk\u00e9sz\u00edtett\u00e9k a ny\u00e1ri terveiket. K\u00f6z\u00f6ss\u00e9gi felm\u00e9r\u00e9s elv\u00e9gz\u00e9s\u00e9t hat\u00e1rozt\u00e1k el.<\/span><br \/>\n<span style=\"font-family: Arial;\">\u201eAz egyik legszebb t\u00f6rt\u00e9netem: Uszka egy pici falu a hat\u00e1rsz\u00e9len, tele rom\u00e1val.<\/span><br \/>\n<span style=\"font-family: Arial;\">Nem ismerem a pog\u00e1rmestert, de sok j\u00f3t hallottam r\u00f3la \u00e9s elk\u00fcldtem neki a programot bemutat\u00f3 e-mailt.<\/span><br \/>\n<span style=\"font-family: Arial;\">K\u00e9t nap m\u00falva egy ismeretlen asszony h\u00edvott\u00a0<\/span><b><span style=\"font-family: Arial;\">Kisarb\u00f3l<\/span><\/b><span style=\"font-family: Arial;\">\u00a0\u00e9s hivatkozott a szomsz\u00e9d polg\u00e1rmesterre (Dr. S\u00e9rt\u0151 Radics Istv\u00e1n). Nagyon \u00e9rdekes dolgokat mondott, karitat\u00edv tev\u00e9kenys\u00e9get folytatnak \u00e9vek \u00f3ta a helyi \u00e9s k\u00f6rny\u00e9kbeli kistelep\u00fcl\u00e9seken \u00e9l\u0151 szeg\u00e9ny csal\u00e1dok\u00e9rt. Hogy \u0151 nagyon szeretne valahov\u00e1 tartozni. Boldog voltam, de a m\u0171hely napj\u00e1n beteget jelentett. V\u00e9g\u00fcl nem a m\u0171helyen, hanem szem\u00e9lyesen tal\u00e1lkoztunk tegnapel\u0151tt \u00e9s mondhatom, ezt az eg\u00e9szet erre tal\u00e1ltuk ki!<\/span><br \/>\n<span style=\"font-family: Arial;\">Holnaput\u00e1n megyek hozz\u00e1juk l\u00e1togat\u00f3ba, meg szeretn\u00e9m ismerni a t\u00e1rsait is, \u00e9s m\u00e1r most nagyon sok probl\u00e9m\u00e1t \u00e9s rengeteg tervet elmes\u00e9ltek.<\/span><br \/>\n<span style=\"font-family: Arial;\">Persze, megk\u00f6sz\u00f6ntem a polg\u00e1rmesternek is a k\u00f6zbenj\u00e1r\u00e1s\u00e1t.\u201d<\/span><\/p>\n<p><b><span style=\"font-family: Arial;\">Levelek, ifj\u00fas\u00e1gi k\u00f6z\u00f6ss\u00e9g l\u00e9trehoz\u00e1sa<\/span><\/b><br \/>\n<span style=\"font-family: Arial;\">A Teleh\u00e1zban rendszeresen tal\u00e1lkoz\u00f3 fiatalok csoportot alak\u00edtottak. N\u00e9h\u00e1ny tal\u00e1lkoz\u00e1s ut\u00e1n elhat\u00e1rozt\u00e1k az egyes\u00fclet megalakul\u00e1s\u00e1t a szabadid\u0151s programok megszervez\u00e9se c\u00e9lj\u00e1b\u00f3l. Els\u0151 \u00f6n\u00e1ll\u00f3 rendezv\u00e9ny\u00fck egy hal\u00e1szl\u00e9f\u0151z\u0151 verseny volt, amelyre 6 telep\u00fcl\u00e9sr\u0151l h\u00edvtak vend\u00e9geket.<\/span><br \/>\n<span style=\"font-family: Arial;\">A bejegyz\u00e9s alatt \u00e1ll\u00f3 egyes\u00fclettel p\u00e1ly\u00e1ztak m\u0171k\u00f6d\u00e9si t\u00e1mogat\u00e1sra a Mobilit\u00e1shoz.<\/span><br \/>\n<span style=\"font-family: Arial;\">Az egyes\u00fclet \u00f6tlete \u00e9s minden tov\u00e1bbi k\u00f6z\u00f6s program gazd\u00e1i a teleh\u00e1z leggyakoribb haszn\u00e1l\u00f3inak k\u00f6re \u2013 k\u00f6z\u00e9piskol\u00e1sok, p\u00e1lyakezd\u0151 fiatal helyi \u00e9rtelmis\u00e9giek, pedag\u00f3gusok.<\/span><br \/>\n<span style=\"font-family: Arial;\">Er\u0151forr\u00e1sok, eszk\u00f6z\u00f6k:<\/span><br \/>\n<span style=\"font-family: Arial;\">A legf\u0151bb forr\u00e1suk maga a teleh\u00e1z mint tal\u00e1lkoz\u00f3hely, inform\u00e1ci\u00f3forr\u00e1s, kommunik\u00e1ci\u00f3s eszk\u00f6z. Seg\u00edts\u00e9get kaptak a m\u0171vel\u0151d\u00e9si h\u00e1z vezet\u0151j\u00e9t\u0151l \u00e9s a polg\u00e1rmestert\u0151l.<\/span><br \/>\n<span style=\"font-family: Arial;\">A telep\u00fcl\u00e9sen egy sz\u00e9p horg\u00e1szt\u00f3 \u00e9s kemping van, s ott k\u00f6z\u00f6ss\u00e9gi helyis\u00e9gek, amelyeket szint\u00e9n haszn\u00e1lhatnak. Helyi \u00fajs\u00e1g van, abban m\u00e1r h\u00edrt adtak magukr\u00f3l. Tudatosan keresik m\u00e1sok t\u00e1mogat\u00e1s\u00e1t, tanul\u00e1sra fog\u00e9konyak. Tagjai a M\u0171helynek, kapcsolatba l\u00e9ptek a Mobilit\u00e1s debreceni irod\u00e1j\u00e1val.<\/span><br \/>\n<i><span style=\"font-family: Arial;\">Varga Matild (Szabolcs-Szatm\u00e1r-Bereg megye)<\/span><\/i><\/p>\n<p><b><span style=\"font-family: Arial;\">Soml\u00f3sz\u0151l\u0151s k\u00f6z\u00f6ss\u00e9g\u00e9\u00e9rt<\/span><\/b><br \/>\n<span style=\"font-family: Arial;\">Helyi \u00f6nk\u00e9ntes: Katona L\u00edvia<\/span><br \/>\n<span style=\"font-family: Arial;\">Soml\u00f3sz\u0151l\u0151s h\u00e1tr\u00e1nyos helyzet\u0171 telep\u00fcl\u00e9s a Soml\u00f3 t\u00f6v\u00e9ben, magas munkan\u00e9lk\u00fclis\u00e9ggel, s \u00f6reged\u0151 helyi t\u00e1rsadalommal.<\/span><br \/>\n<span style=\"font-family: Arial;\">Az ut\u00f3bbi egy-k\u00e9t \u00e9vben \u2013 k\u00f6sz\u00f6nhet\u0151en a polg\u00e1rmesterv\u00e1lt\u00e1snak \u2013 szeretn\u00e9nek behat\u00e1rolt, sz\u00e9ttagoz\u00f3dott, k\u00f6z\u00f6ss\u00e9ghi\u00e1nyos \u00e9let\u00fck\u00f6n v\u00e1ltoztatni. A polg\u00e1rmester, felismerve a helyi kezdem\u00e9nyez\u00e9sek jelent\u0151s\u00e9g\u00e9t, nem szeretne semmit fel\u00fclr\u0151l a telep\u00fcl\u00e9sre er\u0151ltetni, de seg\u00edt\u0151ket keres terveihez. Kialakult egy mag, akiknek nemcsak fontos a telep\u00fcl\u00e9s, de tenni is akarnak \u00e9rte. K\u00f6z\u00f6ss\u00e9gfejleszt\u00e9sben-\u00e9p\u00edt\u00e9sben tapasztalatlanok, ez\u00e9rt vett\u00e9k fel a kapcsolatot a h\u00e1l\u00f3zattal. Nyitottak, mivel eddig seg\u00edt\u0151ikr\u0151l is j\u00f3 tapasztalataik voltak, b\u00edznak a kezdem\u00e9nyez\u00e9sben, \u00e9s a csoportban is partnereket l\u00e1tnak.<\/span><\/p>\n<p><b><span style=\"font-family: Arial;\">Mindszentk\u00e1lla:<\/span><\/b><br \/>\n<b><i><span style=\"font-family: Arial;\">Rezerv\u00e1tuml\u00e9t?<\/span><\/i><\/b><br \/>\n<span style=\"font-family: Arial;\">Helyi \u00f6nk\u00e9ntes: R\u00e9p\u00e1ssy Mona<\/span><br \/>\n<span style=\"font-family: Arial;\">Az egyik legsaj\u00e1tosabb telep\u00fcl\u00e9s a K\u00e1li medenc\u00e9ben. Passz\u00edv lakoss\u00e1g, tudatosan bez\u00e1rk\u00f3z\u00f3 betelep\u00fcl\u0151k, a k\u00f6z\u00f6ss\u00e9gi \u00e9let teljes hi\u00e1nya, id\u0151nk\u00e9nt egy-egy k\u00fcls\u0151 \u201eseg\u00edt\u0151\u201d fell\u00e1ngol\u00f3, majd gyorsan tovat\u0171n\u0151 sz\u00e1nd\u00e9ka jellemzi. Gazdag \u00e9p\u00edtett k\u00f6rnyezet, alig fellelhet\u0151 hagyom\u00e1nyok. A telep\u00fcl\u00e9snek nem tett j\u00f3t sem a tehetetlen, passz\u00edv \u00f6nkorm\u00e1nyzat, sem a bels\u0151 akarat hi\u00e1nya.<\/span><br \/>\n<span style=\"font-family: Arial;\">A lakosok felem\u00e1s m\u00f3don reag\u00e1lnak, s nem tal\u00e1lj\u00e1k hely\u00fcket a \u201erezerv\u00e1tuml\u00e9tben\u201d.<\/span><br \/>\n<span style=\"font-family: Arial;\">A programban r\u00e9sztvev\u0151 seg\u00edt\u0151 koll\u00e9ga p\u00e1r \u00e9ve l\u00e9trehozott egy kultur\u00e1lis alap\u00edtv\u00e1nyt hagyom\u00e1ny\u0151rz\u0151kkel \u00e9s helyi k\u00f6zrem\u0171k\u00f6d\u0151kkel. M\u0171k\u00f6dtet\u00e9se azonban hosszabb folyamat, mint gondolta, j\u00f3form\u00e1n a jogi bejegyz\u00e9sen t\u00fal nem t\u00f6rt\u00e9nt eml\u00edt\u00e9sre m\u00e9lt\u00f3 a kezdetben lelkes helyi lakosok kezdem\u00e9nyez\u00e9s\u00e9re. Ebben a folyamatban k\u00e9rt seg\u00edts\u00e9get a programt\u00f3l.<\/span><\/p>\n<p><b><span style=\"font-family: Arial;\">\u00d6r\u00f6ks\u00e9gv\u00e9delem<\/span><\/b><br \/>\n<span style=\"font-family: Arial;\">Helyi \u00f6nk\u00e9ntes: R\u00e9p\u00e1ssy Mona<\/span><br \/>\n<span style=\"font-family: Arial;\">A K\u00e1li medenc\u00e9ben \u2013 b\u00e1r bizonyos \u00e9rtelemben divatos \u00e9s reflektorf\u00e9nyben l\u00e9v\u0151 t\u00e9rs\u00e9g \u2013a szellemi \u00f6r\u00f6ks\u00e9ghez k\u00f6t\u0151d\u0151 hagyom\u00e1nyok egy r\u00e9sze nincs feldolgozva, s nem jelenik meg a telep\u00fcl\u00e9sek \u00e9let\u00e9ben.<\/span><br \/>\n<span style=\"font-family: Arial;\">Egy\u00e9ni \u00f6tletben, s egy-k\u00e9t seg\u00edt\u0151 t\u00e1mogat\u00e1s\u00e1val egy elhanyagolt \u00fatsz\u00e9li kereszt rendbet\u00e9tele t\u00f6rt\u00e9nt meg, felt\u00e1rt\u00e1k a hozz\u00e1 f\u0171z\u0151d\u0151 t\u00f6rt\u00e9neteket. Az\u00f3ta a kereszt bet\u00f6lti eredeti \u201efunkci\u00f3j\u00e1t\u201d.<\/span><br \/>\n<span style=\"font-family: Arial;\">A szomsz\u00e9d telep\u00fcl\u00e9sen, K\u0151v\u00e1g\u00f3\u00f6rs\u00f6n szint\u00e9n ugyanazon p\u00e1r ember rendeztette a patak k\u00f6rnyezet\u00e9t, \u00e9s felid\u00e9zt\u00e9k az \u0151si, v\u00edzfakaszt\u00f3 szok\u00e1sokat. Ehhez kapcsol\u00f3dva elkezd\u0151d\u00f6tt a m\u00e9g fellelhet\u0151 eml\u00e9kek gy\u0171jt\u00e9se, feldolgoz\u00e1sa, pl. pinc\u00e9k t\u00f6rt\u00e9net\u00e9nek, a falu apr\u00f3 t\u00f6rt\u00e9n\u00e9seinek le\u00edr\u00e1sa.<\/span><\/p>\n<p><b><span style=\"font-family: Arial;\">Fiatalok Bazsiban<\/span><\/b><br \/>\n<span style=\"font-family: Arial;\">Helyi \u00f6nk\u00e9ntes: N\u00e9meth Zsuzsanna<\/span><br \/>\n<span style=\"font-family: Arial;\">Bazsi Veszpr\u00e9m megye \u00e9s Zala megye hat\u00e1r\u00e1n\u00e1l tal\u00e1lhat\u00f3 kistelep\u00fcl\u00e9s, S\u00fcmeghez k\u00f6zel. Ebb\u0151l ad\u00f3d\u00f3an Zala megyei k\u00f6t\u0151d\u00e9se is er\u0151s. Nagy munkan\u00e9lk\u00fclis\u00e9g, kev\u00e9s fiatal, a v\u00e1rosban tanul\u00f3 koll\u00e9gista di\u00e1kok jellemzik, akik egyre kev\u00e9sb\u00e9 k\u00f6t\u0151dnek a faluhoz. Ezen a helyzeten szeretne jav\u00edtani egy\u2013k\u00e9t lelkes ember. A telep\u00fcl\u00e9sen sz\u00fcletett Simon Istv\u00e1n k\u00f6lt\u0151, akinek eml\u00e9k\u00e9t az eml\u00e9kh\u00e1z m\u0171k\u00f6dtet\u00e9se mellett \u00e9vente egy\u2013k\u00e9t rendezv\u00e9nnyel is \u0151rzik, megpr\u00f3b\u00e1lva bevonni a fiatalokat. Az elm\u00falt \u00e9vben l\u00e9trehoztak egy kis alkot\u00f3m\u0171helyt is, ahol a r\u00e9gi mesters\u00e9geket szeretn\u00e9k meg\u0151rizni. A \u201emegtal\u00e1lt\u201d hagyom\u00e1nyokat sajnos nem tudt\u00e1k vonz\u00f3v\u00e1 tenni a fiatalok sz\u00e1m\u00e1ra. Er\u0151ltetni nem k\u00edv\u00e1nj\u00e1k, de szeretn\u00e9k, ha az a p\u00e1r akt\u00edv, vagy \u00e9ppen mag\u00e1t nem tal\u00e1l\u00f3 fiatal valamilyen \u00e9rt\u00e9k, \u00e9rtelmes c\u00e9l ment\u00e9n szervez\u0151dne.<\/span><br \/>\n<span style=\"font-family: Arial;\">Van r\u00e1 es\u00e9ly, hogy a fiatalok k\u00f6z\u00f6tt a sz\u00e9ls\u0151s\u00e9ges, rombol\u00f3 hozz\u00e1\u00e1ll\u00e1s vegye \u00e1t a domin\u00e1ns szerepet. Ezt megakad\u00e1lyozand\u00f3, a helyben k\u00f6z\u00f6ss\u00e9get, \u00e9rtelmes elfoglalts\u00e1got keres\u0151ket pr\u00f3b\u00e1lja programjuk \u201ehelyzetbe\u201d hozni. A telep\u00fcl\u00e9sen az elm\u00falt \u00e9vekben semmilyen k\u00f6z\u00f6ss\u00e9gi kezdem\u00e9nyez\u00e9s nem t\u00f6rt\u00e9nt, civil szervezete sincs.<\/span><br \/>\n<span style=\"font-family: Arial;\">N\u00e9meth Zsuzsa akt\u00edv, kezdem\u00e9nyez\u0151, a faluban elfogadott szem\u00e9lyis\u00e9g. A fiatalok nagy r\u00e9sz\u00e9t maga k\u00f6r\u00e9 tudja gy\u0171jteni, de term\u00e9szetesen szeretn\u00e9, ha ez a folyamat nem csak az \u0151 tekint\u00e9ly\u00e9n, hanem t\u00f6bbek elfogadotts\u00e1g\u00e1n nyugodna.<\/span><\/p>\n<p><b><span style=\"font-family: Arial;\">Monoszl\u00f3, a fiatalok k\u00f6z\u00f6ss\u00e9gi sz\u00e1nd\u00e9ka<\/span><\/b><br \/>\n<span style=\"font-family: Arial;\">Helyi \u00f6nk\u00e9ntesek: K\u00e1roly R\u00f3bert, Horv\u00e1thn\u00e9 Steierlein Ilona<\/span><br \/>\n<span style=\"font-family: Arial;\">Monoszl\u00f3 alig t\u00f6bb mint sz\u00e1z f\u0151s telep\u00fcl\u00e9s a K\u00e1li-medence sz\u00e9l\u00e9n a k\u00f6rny\u00e9k speci\u00e1lis, a magyar kistelep\u00fcl\u00e9sek \u00e1ltal\u00e1nos probl\u00e9m\u00e1ival. A programban r\u00e9sztvev\u0151 egyik fiatal ezt \u00fagy fogalmazta meg: \u201ea fiatalok nem tudj\u00e1k, hogy hol \u00e9lnek, hogy micsoda \u00e9rt\u00e9kekbe sz\u00fclett\u00fcnk bele!\u201d. Persze, a helyzet nem ilyen egyszer\u0171. Hisz az \u00f3ri\u00e1si szellemi, k\u00f6rnyezeti \u00e9rt\u00e9kek ellen\u00e9re nincs munkahely s az \u00e9pp csak cs\u00edr\u00e1j\u00e1ban vagy sz\u00e1nd\u00e9k\u00e1ban l\u00e9tez\u0151 k\u00f6z\u00f6ss\u00e9g pedig kev\u00e9s arra, hogy lek\u00f6sse a fiatalokat.<\/span><br \/>\n<span style=\"font-family: Arial;\">Az \u00f6nkorm\u00e1nyzat mellett egy\u2013k\u00e9t seg\u00edt\u0151, \u00e1ltal\u00e1ban a f\u0151v\u00e1rosb\u00f3l betelep\u00fclt \u00e9rtelmis\u00e9gi pr\u00f3b\u00e1lkozik k\u00f6z\u00f6ss\u00e9gi jelleg\u0171 programokkal.<\/span><br \/>\n<span style=\"font-family: Arial;\">A h\u00e1l\u00f3zatunkban r\u00e9sztvev\u0151 fiatalok c\u00e9lja, hogy az esem\u00e9nyeket passz\u00edvan figyel\u0151 ifjakat bevonj\u00e1k programjaikba, egy\u00fctt szervezzenek \u00e9rtelmes programokat, r\u00e1ir\u00e1ny\u00edtva a figyelmet a helyi \u00e9rt\u00e9kekre.<\/span><br \/>\n<span style=\"font-family: Arial;\">Az \u00f6nkorm\u00e1nyzat ehhez biztos\u00edtja az infrastrukt\u00far\u00e1t, de nem \u00e9rzi feladat\u00e1nak tartalommal val\u00f3 megt\u00f6lt\u00e9s\u00e9t. A telep\u00fcl\u00e9sen semmilyen k\u00f6z\u00f6ss\u00e9g, illetve bejegyzett civil szervezet nincs.<\/span><\/p>\n<p><b><span style=\"font-family: Arial;\">Tali\u00e1nd\u00f6r\u00f6gd, \u0151shonos gy\u00fcm\u00f6lcsf\u00e1k visszatelep\u00edt\u00e9se, honlap k\u00e9sz\u00edt\u00e9se<\/span><\/b><br \/>\n<span style=\"font-family: Arial;\">Helyi \u00f6nk\u00e9ntes: Bazs\u00f3 Gabriella<\/span><br \/>\n<span style=\"font-family: Arial;\">Tali\u00e1nd\u00f6r\u00f6gd\u00f6n \u00e9s k\u00f6rnyezet\u00e9ben, a d\u00f6r\u00f6gdi medenc\u00e9ben nagy hangs\u00falyt kap a k\u00f6rnyezet, a t\u00e1j \u00e9rt\u00e9keinek v\u00e9delme, a k\u00f6rnyezeti egyens\u00faly fenntart\u00e1sa. Ezt az \u00e9rt\u00e9krendet igyekeznek a fiatal, illetve a gyermekkoroszt\u00e1lyban is tudatos\u00edtani, mindennapi \u00e9let\u00fcnk r\u00e9sz\u00e9v\u00e9 tenni. Az elm\u00falt h\u00f3napokban t\u00f6bb kor\u00e1bban megfogalmazott \u00f6tletet val\u00f3s\u00edtottak meg. Ezek k\u00f6z\u00fcl a legfontosabb a telep\u00fcl\u00e9sre jellemz\u0151 \u0151shonos gy\u00fcm\u00f6lcsf\u00e1k visszatelep\u00edt\u00e9se, illetve egy olyan honlap k\u00e9sz\u00edt\u00e9se, amely bemutatja a falu r\u00e9gi arc\u00e1t, a valamikori d\u0171l\u0151- \u00e9s utcaneveket is. Mindk\u00e9t programot a fiatalok, a gyerekek akt\u00edv, \u00f6n\u00e1ll\u00f3 munk\u00e1ja biztos\u00edtotta.<\/span><\/p>\n<p><b><span style=\"font-family: Arial;\">Balatonalm\u00e1di\u2013V\u00f6r\u00f6sber\u00e9ny: K\u00e1poszt\u00e1skertek \u00fcnnepe<\/span><\/b><br \/>\n<span style=\"font-family: Arial;\">Helyi \u00f6nk\u00e9ntes: dr Kardos J\u00f3zsefn\u00e9<\/span><br \/>\n<span style=\"font-family: Arial;\">V\u00f6r\u00f6sber\u00e9ny Balatonalm\u00e1di v\u00e1ros t\u00f6rt\u00e9nelmi r\u00e9sze, \u00f6n\u00e1ll\u00f3 hagyom\u00e1nyokkal, amelyek az ott \u00e9l\u0151k szerint nem fontosak a v\u00e1ros jelenlegi vezet\u00e9s\u00e9nek. T\u00f6bb r\u00e9gi lakos igyekszik felt\u00e1rni \u00e9s fel\u00faj\u00edtani a r\u00e9gi szok\u00e1sokat, amelyek szerint\u00fck \u2013 a v\u00e1rosvezet\u00e9ssel ellent\u00e9tben \u2013 er\u0151s\u00edten\u00e9k Balatonalm\u00e1di identit\u00e1s\u00e1t, egy\u00e9ni arculat\u00e1t, vonzerej\u00e9t.<\/span><br \/>\n<span style=\"font-family: Arial;\">A K\u00e1poszt\u00e1skertek \u00fcnnep\u00e9vel Kardosn\u00e9 egy, az 1957-es t\u00e9eszes\u00edt\u00e9sig \u00e9l\u0151 t\u00f6bbsz\u00e1z \u00e9ves hagyom\u00e1nyt k\u00edv\u00e1nt felid\u00e9zni. Az akkor m\u00e9g b\u0151 v\u00edzhozam\u00fa S\u00e9d patak v\u00f6lgy\u00e9ben \u00e9l\u0151 csal\u00e1dok b\u0151s\u00e9ges term\u00e9s\u0171 k\u00e1poszt\u00e1skertj\u00e9b\u0151l eg\u00e9sz\u00edtett\u00e9k ki j\u00f6vedelm\u00fcket, vagy tartott\u00e1k el csal\u00e1djukat. (A kertm\u0171vel\u00e9sre m\u00e9g a XI. sz\u00e1zadi benc\u00e9sek tan\u00edtott\u00e1k meg a k\u00f6rny\u00e9kbelieket.) E foglalatoss\u00e1gnak \u00e1ll\u00edt eml\u00e9ket a rendezv\u00e9ny, gy\u0171jti \u00f6ssze a helyi recepteket. K\u00fcl\u00f6n\u00f6sen az id\u0151sebb lakoss\u00e1got siker\u00fclt aktiviz\u00e1lni, akiknek voltak m\u00e9g eml\u00e9keik ebb\u0151l a korszakb\u00f3l. A helyt\u00f6rt\u00e9neti anyagok bemutat\u00e1s\u00e1t j\u00f3l eg\u00e9sz\u00edtett\u00e9k ki az eg\u00e9szs\u00e9g\u00fcgyi, kult\u00fart\u00f6rt\u00e9neti el\u0151ad\u00e1sok. A kezdem\u00e9nyez\u00e9s m\u00e9lyebb, m\u00e1s helyi eml\u00e9kekre is kiterjed\u0151 gy\u0171jt\u00e9sre \u00f6szt\u00f6nz\u00f6tt t\u00f6bb elk\u00f6telezett helyb\u00e9li lakost.<\/span><br \/>\n<i><span style=\"font-family: Arial;\">Horv\u00e1th Viola (Veszpr\u00e9m megye)<\/span><\/i><\/p>\n<p><b><span style=\"font-family: Arial;\">Ipolyt\u00f6lgyes \u00e9s a k\u00f6rnyez\u0151 telep\u00fcl\u00e9sek<\/span><\/b><br \/>\n<b><span style=\"font-family: Arial;\">k\u00f6z\u00f6s kultur\u00e1lis programjai<\/span><\/b><br \/>\n<span style=\"font-family: Arial;\">Helyi \u00f6nk\u00e9ntes: Kajtor Istv\u00e1n<\/span><br \/>\n<span style=\"font-family: Arial;\">A faluban (kb. 300 f\u0151) n\u00e9h\u00e1ny \u00e9vig j\u00f3l m\u0171k\u00f6d\u00f6tt egy Bar\u00e1ti k\u00f6r egyes\u00fclet \u2013 sz\u00edniel\u0151ad\u00e1sokat szerveztek, j\u00e1tsz\u00f3teret \u00e9p\u00edtettek, meg\u00fcnnepeltek jeles napokat \u2013 \u00e1m m\u00e1ra a f\u0151szervez\u0151k (Kajtor Istv\u00e1n \u00e9s feles\u00e9ge) elf\u00e1radtak, a programjaik ir\u00e1nti csek\u00e9ly \u00e9rdekl\u0151d\u00e9s miatt egyre kevesebb helyi rendezv\u00e9nyt szerveznek. A k\u00f6rny\u00e9kbeli telep\u00fcl\u00e9sekkel viszont sz\u00edvesen egy\u00fcttm\u0171k\u00f6dne Kajtor Istv\u00e1n, k\u00f6z\u00f6sen szervezett programokban gondolkodik, melyeket f\u00f6lv\u00e1ltva tartan\u00e1nak a telep\u00fcl\u00e9sek, nagyobb k\u00f6z\u00f6ns\u00e9get biztos\u00edtva ez\u00e1ltal. T\u00f6bben \u00e9rdekl\u0151dtek a m\u0171hely tagjai k\u00f6z\u00fcl az Istv\u00e1n \u00e1ltal rendezett el\u0151ad\u00e1sok ir\u00e1nt, s ez megk\u00f6nny\u00edten\u00e9 a szerepl\u0151k \u201e\u00f6sszeszed\u00e9s\u00e9t\u201d, b\u00e1r Istv\u00e1n t\u00f6bbs\u00e9g\u00e9ben tov\u00e1bbra is ipolyt\u00f6lgyesieket akar szerepeltetni. Sz\u00e1m\u00e1ra a legnagyobb c\u00e9l a falubeliek \u00fajb\u00f3li felr\u00e1z\u00e1sa.<\/span><\/p>\n<p><b><span style=\"font-family: Arial;\">Nagyb\u00f6rzs\u00f6ny: Kismama klub<\/span><\/b><br \/>\n<span style=\"font-family: Arial;\">Helyi \u00f6nk\u00e9ntes: T\u00f3th Andrea, v\u00e9d\u0151n\u0151<\/span><br \/>\n<span style=\"font-family: Arial;\">Andrea 5 h\u00f3napja k\u00f6lt\u00f6z\u00f6tt a telep\u00fcl\u00e9sre, \u00e9s m\u00e9g m\u00e1sik h\u00e1rom kistelep\u00fcl\u00e9sen is \u0151 l\u00e1tja el a v\u00e9d\u0151n\u0151i feladatokat. Egy kismama klub megszervez\u00e9sbe kezdett Nagyb\u00f6rzs\u00f6nyben. Nagyon neh\u00e9znek \u00e9rzi a kismam\u00e1k kimozd\u00edt\u00e1s\u00e1t otthonr\u00f3l, ez\u00e9rt minden seg\u00edts\u00e9get, \u00f6tletet sz\u00edvesen fogad. T\u00f6bb kultur\u00e1lis programot szeretne, jelentkezett, hogy szerepelne az Istv\u00e1n \u00e1ltal Ipolyt\u00f6lgyesen rendezett darabokban.<\/span><\/p>\n<p><span style=\"font-family: Arial;\">Helyi \u00f6nk\u00e9ntes: Lajtosn\u00e9 Dudok M\u00e1ria, az evang\u00e9likus lelk\u00e9sz feles\u00e9ge<\/span><br \/>\n<span style=\"font-family: Arial;\">K\u00e9t \u00e9s f\u00e9l h\u00f3napja besz\u00e9lgett\u00fcnk egy j\u00f3t vele \u00e9s egy m\u00e1sik anyuk\u00e1val a k\u00f6z\u00f6ss\u00e9gfejleszt\u00e9sr\u0151l, a falu probl\u00e9m\u00e1ir\u00f3l. \u0150k a gyermekfel\u00fcgyelet megoldatlans\u00e1g\u00e1r\u00f3l panaszkodtak, mire \u00e9n ismertettem n\u00e9h\u00e1ny \u00e1ltalam ismert megold\u00e1st. Az\u00f3ta nem besz\u00e9lt\u00fcnk \u00e9rdemben, mert nem tudtak elj\u00f6nni a tal\u00e1lkoz\u00f3kra, viszont most tudtam meg, hogy baba\u2013mama klubot szerveznek, ami m\u00e1just\u00f3l fog m\u0171k\u00f6dni, hetente t\u00f6bbsz\u00f6r is, az evang\u00e9likus par\u00f3ki\u00e1n.<\/span><br \/>\n<span style=\"font-family: Arial;\">Nem tudom, hogy volt-e hozz\u00e1 k\u00f6z\u00f6m, de \u00f6r\u00fcl\u00f6k neki.<\/span><br \/>\n<span style=\"font-family: Arial;\">Marika sajn\u00e1lja, hogy a tal\u00e1lkoz\u00f3kra nem tudnak elj\u00f6nni, de nagyon szeretn\u00e9, ha n\u00e1luk is tartan\u00e1nk t\u00f6bb falunak k\u00f6z\u00f6set, \u00e9s olyat is, melyre csak a nagyb\u00f6rzs\u00f6nyieket h\u00edvj\u00e1k.<\/span><\/p>\n<p><b><span style=\"font-family: Arial;\">\u201eLakoma\u201d a falu f\u0151ter\u00e9n<\/span><\/b><br \/>\n<span style=\"font-family: Arial;\">Helyi \u00f6nk\u00e9ntes: Edit Lange<\/span><br \/>\n<span style=\"font-family: Arial;\">Edit Hollandi\u00e1b\u00f3l k\u00f6lt\u00f6z\u00f6tt a telep\u00fcl\u00e9sre 8 \u00e9vvel ezel\u0151tt a f\u00e9rj\u00e9vel \u00e9s a kisfi\u00e1val, a sz\u00fcleit k\u00f6vetve. Itt nevel\u0151 sz\u00fclei lettek k\u00e9t nagyb\u00f6rzs\u00f6nyi gyermeknek \u00e9s egy enyh\u00e9n s\u00e9r\u00fclt kisl\u00e1nynak. A f\u00e9rje egy \u00e9ve sajnos meghalt. Edit maradt, \u00e9s nagyon elk\u00f6telezetten pr\u00f3b\u00e1l tenni valamit a helyiek\u00e9rt. Tavaly kar\u00e1csonykor a falu f\u0151ter\u00e9n \u201elakom\u00e1t\u201d rendezett, ahov\u00e1 mindenkit megh\u00edvott. Ez annyira tetszett a helyieknek \u2013 \u00e9s mindenki nagyon j\u00f3l \u00e9rezte mag\u00e1t \u2013, hogy id\u00e9n m\u00e1r t\u00f6bben is be akarnak sz\u00e1llni az \u00fcnnep finansz\u00edroz\u00e1sba, szervez\u00e9s\u00e9be.<\/span><br \/>\n<span style=\"font-family: Arial;\">Kapcsolatot tart fenn a faluban \u00e9l\u0151 nagysz\u00e1m\u00fa roma kisebbs\u00e9gb\u0151l sokakkal, szeretne \u00e9rt\u00fck is tenni valamit.<\/span><\/p>\n<p><b><span style=\"font-family: Arial;\">Per\u0151cs\u00e9ny: id\u0151sek gondoz\u00e1sa<\/span><\/b><br \/>\n<span style=\"font-family: Arial;\">Helyi \u00f6nk\u00e9ntes: Gy\u00f6rgy Erika, \u00e1pol\u00f3n\u0151<\/span><br \/>\n<span style=\"font-family: Arial;\">A telep\u00fcl\u00e9s kb. 350 lakos\u00fa, sok az id\u0151s, egyed\u00fcl \u00e9l\u0151 ember. Az id\u0151sek gondoz\u00e1sa alatt az \u00f6nkorm\u00e1nyzat mind\u00f6ssze eb\u00e9d kihord\u00e1s\u00e1t \u00e9rti. Az \u00e1pol\u00f3n\u0151 arra keres v\u00e1laszt, hogy lehetne a tov\u00e1bbi szolg\u00e1ltat\u00e1sokat legal\u00e1bb r\u00e9szben helyi \u00f6nk\u00e9ntesek bevon\u00e1s\u00e1val megoldani. \u00c9rdekl\u0151dik a Kapu program, \u00e9s egy\u00e9b \u00f6nk\u00e9ntes kezdem\u00e9nyez\u00e9sek ir\u00e1nt.<\/span><br \/>\n<span style=\"font-family: Arial;\">Nagyon karak\u00e1n, \u00f6n\u00e1ll\u00f3, kezdem\u00e9nyez\u0151 egy\u00e9nis\u00e9g, \u00e9s nagyon j\u00f3 viszonyban van a falusiakkal, \u00edgy van es\u00e9ly r\u00e1, hogy konkr\u00e9t ismeretek birtok\u00e1ban el is ind\u00edtja a kezdem\u00e9nyez\u00e9st.<\/span><br \/>\n<i><span style=\"font-family: Arial;\">Z\u00e1dori Judit<\/span><\/i><br \/>\n<i><span style=\"font-family: Arial;\">(Pest megye)<\/span><\/i><\/p>\n<p><b><span style=\"font-family: Arial;\">Vasv\u00e1r:<\/span><\/b><span style=\"font-family: Arial;\">\u00a0<\/span><b><span style=\"font-family: Arial;\">Gyep\u00fc-bar\u00e1tok K\u00f6re<\/span><\/b><br \/>\n<span style=\"font-family: Arial;\">Helyi \u00f6nk\u00e9ntes:<\/span><b><span style=\"font-family: Arial;\">\u00a0<\/span><\/b><span style=\"font-family: Arial;\">Gergy\u00e9n\u00e9 Szak\u00e1ly Georgina<\/span><br \/>\n<span style=\"font-family: Arial;\">Gyep\u00fc-bar\u00e1tok t\u00e1rsas\u00e1ga alak\u00edthat\u00f3 azokb\u00f3l a kiskert-, sz\u0151l\u0151-, \u00e9s pincetulajdonosokb\u00f3l, akik nem nagyon vesznek r\u00e9szt a v\u00e1roska k\u00f6z\u00e9let\u00e9ben, t\u00e1rsadalmi \u00e9let\u00e9ben, de m\u00e9g az egym\u00e1ssal egykor szoros kapcsolat is meglazult az \u00fajabb tulajdonosok megjelen\u00e9s\u00e9vel, az elt\u00e9r\u0151 \u00e9lethelyzet\u0171, kor\u00fa hobbigazd\u00e1lkod\u00f3k k\u00f6r\u00e9ben. Az \u00e9rintettek megsz\u00f3l\u00edt\u00e1s\u00e1val, \u00f6sszefog\u00e1s\u00e1val nemcsak a r\u00e9gi \u201ehegyi egy\u00fcttm\u0171k\u00f6d\u00e9s\u201d eleven\u00edthet\u0151 fel, de \u00fajabb k\u00f6z\u00f6ss\u00e9gi mozg\u00e1sok elind\u00edt\u00f3ja is lehet a v\u00e1ros kiskertjei k\u00f6rny\u00e9k\u00e9n ad\u00f3d\u00f3 gondok megold\u00e1s\u00e1ra is tev\u0151legesen v\u00e1llalkoz\u00f3 emberi \u00f6sszefog\u00e1s.<\/span><br \/>\n<span style=\"font-family: Arial;\">A kezdem\u00e9nyez\u00e9st nagy \u00e9rt\u00e9k\u00e9nek tartom, hogy olyan emberek megsz\u00f3l\u00edt\u00e1s\u00e1t jelenti, akik m\u00e1s\u00a0<\/span><i><span style=\"font-family: Arial;\">mozg\u00e1sokban<\/span><\/i><span style=\"font-family: Arial;\">\u00a0nem mutatj\u00e1k magukat. Fontos lenne miel\u0151bb megtal\u00e1lni azt a kulcsembert, aki k\u00f6z\u00fcl\u00fck val\u00f3, \u00e9s Georgi seg\u00edt\u0151je lehetne.<\/span><\/p>\n<p><b><span style=\"font-family: Arial;\">Gy\u0151rv\u00e1r: ifj\u00fas\u00e1gi k\u00f6z\u00f6ss\u00e9g<\/span><\/b><br \/>\n<span style=\"font-family: Arial;\">Helyi \u00f6nk\u00e9ntes:<\/span><b><span style=\"font-family: Arial;\">\u00a0<\/span><\/b><span style=\"font-family: Arial;\">Hajgat\u00f3 L\u00e1szl\u00f3n\u00e9<\/span><br \/>\n<span style=\"font-family: Arial;\">Ifj\u00fas\u00e1gi k\u00f6z\u00f6ss\u00e9g szervez\u00e9s\u00e9t kezdem\u00e9nyezte egy, a faluba betelep\u00fcl\u0151 szoci\u00e1lis munk\u00e1s. Az eddig csoportokhoz nem tartoz\u00f3 fels\u0151 tagozatos fiatalok \u00f6sszefog\u00e1sa, bevon\u00e1sa az iskol\u00e1n k\u00edv\u00fcli k\u00f6z\u00f6ss\u00e9gi munk\u00e1ba, felk\u00e9sz\u00edt\u00e9s\u00fck az \u00fcnnepi alkalmakra egy\u00fattal a templom \u00e9s a faluh\u00e1z k\u00f6r\u00e9 szervez\u0151d\u0151 ifj\u00fas\u00e1g \u00f6sszekapcsol\u00e1s\u00e1t is jelenti, mellyel a koroszt\u00e1ly t\u00e1rsas\u00e1gi kapcsolat\u00e1nak szorosabbra f\u0171z\u00e9s\u00e9t, a k\u00f6z\u00f6ss\u00e9gi rendezv\u00e9nyek el\u0151k\u00e9sz\u00edt\u00e9s\u00e9t, egy \u00faj \u00f6nk\u00e9ntes munk\u00e1ra nevel\u0151 form\u00e1t teremtettek.<\/span><br \/>\n<span style=\"font-family: Arial;\">A kezdem\u00e9nyez\u00e9s er\u00e9ny\u00e9nek tartom, hogy a faluban k\u00e9t vonz\u00e1sk\u00f6rben megjelen\u0151 azonos koroszt\u00e1ly\u00fa fiatalok \u00f6sszefog\u00e1s\u00e1ra t\u00f6rekszik, ezzel r\u00e9szben bevonja a pl\u00e9b\u00e1ni\u00e1hoz k\u00f6t\u0151d\u0151 ifjakat a falu k\u00f6z\u00f6ss\u00e9gi \u00e9let\u00e9be, r\u00e9szben az \u00e1ltaluk k\u00e9pviselt \u00e9rt\u00e9krenddel er\u0151s\u00edti a faluh\u00e1z k\u00f6rny\u00e9k\u00e9n felt\u0171n\u0151 kort\u00e1rsak k\u00f6z\u00f6ss\u00e9gi szok\u00e1sait. El\u0151nye m\u00e9g, hogy az iskol\u00e1b\u00f3l kiker\u00fclve \u2013 ak\u00e1r tov\u00e1bbtanul\u00f3k\u00e9nt, ak\u00e1r helyben marad\u00f3k\u00e9nt \u2013 megtal\u00e1lj\u00e1k a fiatalok azt a k\u00f6zeget, ami a csal\u00e1don k\u00edv\u00fcl is a telep\u00fcl\u00e9shez k\u00f6ti \u0151ket. A k\u00f6z\u00f6s tev\u00e9kenys\u00e9g keret\u00e9nek tal\u00e1lt\u00a0<\/span><i><span style=\"font-family: Arial;\">\u00fcnnepek el\u0151k\u00e9sz\u00edt\u00e9se<\/span><\/i><span style=\"font-family: Arial;\">\u00a0j\u00f3 mozg\u00e1steret, folyamatos aprop\u00f3t jelent a rendszeres tal\u00e1lkoz\u00e1sok sz\u00e1m\u00e1ra.<\/span><\/p>\n<p><b><span style=\"font-family: Arial;\">N\u00e1dasd: Vir\u00e1gos Falu\u00e9rt<\/span><\/b><br \/>\n<span style=\"font-family: Arial;\">Helyi \u00f6nk\u00e9ntesek:<\/span><b><span style=\"font-family: Arial;\">\u00a0<\/span><\/b><span style=\"font-family: Arial;\">G\u00e1ng\u00f3 Roland \u00e9s Marx Tibor<\/span><br \/>\n<span style=\"font-family: Arial;\">A falu sz\u00e9p\u00edt\u00e9s\u00e9t, vir\u00e1gos\u00edt\u00e1s\u00e1t fontosnak tart\u00f3k kis csoportja jelent meg az Egy\u00fctt N\u00e1dasd\u00e9rt Egyes\u00fclet mellett. Kezdem\u00e9nyez\u00e9s\u00fck j\u00f3l eg\u00e9sz\u00edti ki az egyes\u00fclet eddigi munk\u00e1j\u00e1t, s egy\u00fattal egy \u00faj szervezet cs\u00edr\u00e1j\u00e1t mutatja. Jelenleg m\u00e9g csak egy-egy akci\u00f3 mutatja jelenl\u00e9t\u00fcket a faluban, sz\u00fcks\u00e9g lenne a hozz\u00e1juk hasonl\u00f3an gondolkod\u00f3k megsz\u00f3l\u00edt\u00e1s\u00e1ra, megtal\u00e1l\u00e1s\u00e1ra, a k\u00f6z\u00f6s tervez\u00e9s, \u00f6sszefog\u00e1s megteremt\u00e9s\u00e9re.<\/span><\/p>\n<p><b><span style=\"font-family: Arial;\">Szakony: kismam\u00e1k k\u00f6z\u00f6ss\u00e9ge<\/span><\/b><br \/>\n<span style=\"font-family: Arial;\">Helyi \u00f6nk\u00e9ntes:<\/span><b><span style=\"font-family: Arial;\">\u00a0<\/span><\/b><span style=\"font-family: Arial;\">Boros Rudolfn\u00e9<\/span><br \/>\n<span style=\"font-family: Arial;\">A kismam\u00e1k k\u00f6z\u00f6ss\u00e9ge<\/span><i><span style=\"font-family: Arial;\">\u00a0<\/span><\/i><span style=\"font-family: Arial;\">lehet kiindul\u00f3pontja a helyi k\u00f6z\u00f6ss\u00e9gi mozg\u00e1sok elind\u00edt\u00e1s\u00e1nak. A lehet\u0151s\u00e9g felismer\u00e9s\u00e9nek f\u00e1zis\u00e1ban van ez a kezdem\u00e9nyez\u00e9s, de mind a telep\u00fcl\u00e9s helyzete, mind az \u00f6tletgazda elk\u00f6telezetts\u00e9ge rem\u00e9nyt ad arra, hogy val\u00f3ban ez legyen az elrugaszkod\u00e1si pontja a helyben cselekv\u0151 aktivit\u00e1snak.<\/span><br \/>\n<span style=\"font-family: Arial;\">Az ut\u00f3bbi \u00e9vekben fokozatosan \u201e<\/span><i><span style=\"font-family: Arial;\">elint\u00e9zm\u00e9nytelened\u0151\u201d<\/span><\/i><span style=\"font-family: Arial;\">\u00a0telep\u00fcl\u00e9s sorvad\u00e1s\u00e1t el\u0151zheti meg b\u00e1rmilyen helyi cselekv\u0151 er\u0151. Jelenleg ez a t\u00f6r\u00e9keny kis csoport lehet a kiindul\u00f3 pont.<\/span><br \/>\n<i><span style=\"font-family: Arial;\">P\u00f3sfay P\u00e9ter (Vas megye)<\/span><\/i><\/p>\n<p><b><span style=\"font-family: Arial;\">Budapest, XVII. R\u00e1koscsaba \u2013 \u00d6nk\u00e9ntes kezdem\u00e9nyez\u0151k felh\u00edv\u00e1sai<\/span><\/b><br \/>\n<span style=\"font-family: Arial;\">Fejleszt\u0151: Pajer Ildik\u00f3<\/span><\/p>\n<p><b><span style=\"font-family: Arial;\">R\u00e9muSZ, R\u00e9szmunkaid\u0151s Szolg\u00e1lat<\/span><\/b><br \/>\n<span style=\"font-family: Arial;\">Helyi \u00f6nk\u00e9ntes<\/span><b><span style=\"font-family: Arial;\">:\u00a0<\/span><\/b><span style=\"font-family: Arial;\">Sztak\u00f3n\u00e9 Zentai M\u00f3nika<\/span><br \/>\n<b><span style=\"font-family: Arial;\">\u201e<\/span><\/b><span style=\"font-family: Arial;\">Szeretn\u00e9k egy olyan szervezetet l\u00e9trehozni, amelynek c\u00e9lja megold\u00e1st tal\u00e1lni r\u00e9szmunkaid\u0151s foglalkoztat\u00e1sra, pl. egy munkak\u00f6rt d\u00e9lel\u0151tt\u00f6s\u2013d\u00e9lut\u00e1nos munkaid\u0151re lehetne osztani k\u00e9t r\u00e9szmunkaid\u0151ssel, vagy a bedolgoz\u00e1sos munka fuvaroz\u00e1si r\u00e9sz\u00e9t megszervezhetn\u00e9nk magunk k\u00f6z\u00f6tt. A R\u00e9muSZ feladatai k\u00f6z\u00f6tt lenne p\u00e9ld\u00e1ul, hogy id\u00e9nyjelleg\u0171 munk\u00e1kra embereket toborozzon takar\u00edtani, ablakot tiszt\u00edtani, vasalni, kertet \u00e1sni, falevelet \u00f6sszegerebly\u00e9zni, csal\u00e1di rendezv\u00e9nyen, pl. a konyh\u00e1n beseg\u00edteni, vagy a vend\u00e9gek aut\u00f3val val\u00f3 sz\u00e1ll\u00edt\u00e1s\u00e1r\u00f3l gondoskodni, ezermesterkedni, g\u00e9p\u00edrni, bev\u00e1s\u00e1rolni stb.<\/span><br \/>\n<span style=\"font-family: Arial;\">A R\u00e9muSZ indul\u00e1s\u00e1t kb. 5\u201310 f\u0151vel k\u00e9pzelem el.<\/span><br \/>\n<span style=\"font-family: Arial;\">Ezek a munk\u00e1k nem k\u00f6t\u0151dnek iskolai v\u00e9gzetts\u00e9ghez, de bizalmi \u00e1ll\u00e1sok. Olyan embereket keresek, akik becs\u00fcletesen, megb\u00edzhat\u00f3an \u00e9s pontosan \u00e1llnak hozz\u00e1 ahhoz a munk\u00e1hoz, amit elv\u00e1llaltak.<\/span><br \/>\n<span style=\"font-family: Arial;\">T\u00e1mogat\u00e1st kaphatunk hozz\u00e1 azokt\u00f3l a szoci\u00e1lis szervezetekt\u0151l, amelyeknek esetleg tudom\u00e1suk van r\u00f3la, hogy ilyen munk\u00e1kra van ig\u00e9ny, de kapacit\u00e1suk nem terjed ki erre a tev\u00e9kenys\u00e9gi k\u00f6rre. Megnyerhet\u00fcnk magunknak olyan v\u00e1llalkoz\u00f3kat, akik helyis\u00e9gb\u00e9rl\u00e9s helyett a munk\u00e1t ink\u00e1bb nek\u00fcnk adj\u00e1k, \u00e9s mi azt eloszthatjuk magunk k\u00f6z\u00f6tt. A legnagyobb t\u00e1mogat\u00e1st a saj\u00e1t csal\u00e1dunkt\u00f3l fogjuk kapni, mert a R\u00e9muSZ lehet\u0151s\u00e9get ad arra, hogy id\u0151ben menj\u00fcnk a gyerek\u00e9rt az \u00f3vod\u00e1ba, s arra, hogy csak annyit v\u00e1llaljunk magunkra, amennyit el is tudunk v\u00e9gezni.\u201d<\/span><\/p>\n<p><b><span style=\"font-family: Arial;\">Anna Program<\/span><\/b><br \/>\n<span style=\"font-family: Arial;\">Helyi \u00f6nk\u00e9ntes<\/span><b><span style=\"font-family: Arial;\">:\u00a0<\/span><\/b><span style=\"font-family: Arial;\">Sztancsik Ferencn\u00e9 sz. Sz\u00f3r\u00e1d Anna M\u00e1ria<\/span><br \/>\n<span style=\"font-family: Arial;\">\u00c9n egy hatvan\u00e9ves nyugd\u00edjas n\u0151 vagyok. A gyermekeim feln\u0151ttek. A sok k\u00f6teless\u00e9g \u00e9s elfoglalts\u00e1g ut\u00e1n most magam d\u00f6nthetem el, hogy mit akarok csin\u00e1lni.<\/span><br \/>\n<span style=\"font-family: Arial;\">Nem csak \u00e9letet szeretn\u00e9k adni az \u00e9veimnek, hanem \u00e9rtelmet is.<\/span><br \/>\n<span style=\"font-family: Arial;\">Megpr\u00f3b\u00e1lok egy csepp vizet vinni a tengerbe azzal, hogy id\u0151s \u00e9s beteg emberek \u00e9let\u00e9t seg\u00edt\u0151t\u00e1rsaimmal megk\u00f6nny\u00edts\u00fck.<\/span><br \/>\n<span style=\"font-family: Arial;\">Ezer sz\u00e1llal k\u00f6t\u0151d\u00f6m R\u00e1koscsab\u00e1hoz \u00e9s k\u00fcl\u00f6n \u00f6r\u00f6m sz\u00e1momra, hogy ez a lehet\u0151s\u00e9g itt val\u00f3sulhat meg.<\/span><\/p>\n<p><b><span style=\"font-family: Arial;\">\u201eJ\u00f3 sz\u00e1nd\u00e9k\u201d program<\/span><\/b><br \/>\n<span style=\"font-family: Arial;\">Helyi \u00f6nk\u00e9ntes: T\u0151k\u00e9s Istv\u00e1nn\u00e9<\/span><br \/>\n<span style=\"font-family: Arial;\">57 \u00e9ves vagyok, p\u00e9nz\u00fcgyi ter\u00fcleten dolgoztam 2005. janu\u00e1rj\u00e1ig.<\/span><br \/>\n<span style=\"font-family: Arial;\">Engem az az elk\u00e9pzel\u00e9s vez\u00e9rel, hogy a most felszabadul\u00f3 id\u0151m hasznosan, m\u00e1sokat seg\u00edtve tudjam elt\u00f6lteni.<\/span><br \/>\n<span style=\"font-family: Arial;\">Mindenki sz\u00e1m\u00e1ra ismert, mit jelent a mai \u201erohan\u00f3\u201d vil\u00e1gban a fiatal any\u00e1knak egy p\u00e1r \u00f3r\u00e1s seg\u00edts\u00e9g!<\/span><br \/>\n<span style=\"font-family: Arial;\">N\u00e9ha az is k\u00f6nnyebbs\u00e9get jelent, ha valakivel megbesz\u00e9lhetik a probl\u00e9m\u00e1ikat, vagy ha csak valaki meghallgatja \u0151ket.<\/span><br \/>\n<span style=\"font-family: Arial;\">Miben gondoltam seg\u00edts\u00e9get ny\u00fajtani?<\/span><br \/>\n<span style=\"font-family: Arial;\">Gyermekvigy\u00e1z\u00e1s, egy\u00fctt az \u00e9desany\u00e1val havi kosztp\u00e9nz beoszt\u00e1sa, k\u00f6z\u00f6s s\u00fct\u00e9s\u2013f\u0151z\u00e9s, bev\u00e1s\u00e1rl\u00e1s, utaz\u00e1s v\u00e1roson bel\u00fcl egy programra, vagy hivatalos \u00fcgyek int\u00e9z\u00e9se v\u00e9gett\u2026<\/span><br \/>\n<span style=\"font-family: Arial;\">\u00c9n olyan emberekkel szeretn\u00e9k dolgozni \u2013 ak\u00e1r hozz\u00e1juk csatlakozva \u2013, akik hasonl\u00f3 elhivatotts\u00e1got \u00e9reznek, vagy akik \u00f6tleteket adhatn\u00e1nak a kisgyerekes anyuk\u00e1k terheinek cs\u00f6kkent\u00e9s\u00e9hez.<\/span><br \/>\n<span style=\"font-family: Arial;\">Elk\u00e9pzel\u00e9sem megval\u00f3sul\u00e1s\u00e1t 6 f\u0151s kezd\u0151 l\u00e9tsz\u00e1mmal k\u00e9pzeltem el.<\/span><\/p>\n<p><b><span style=\"font-family: Arial;\">KEFIR<\/span><\/b><span style=\"font-family: Arial;\">,\u00a0<\/span><b><span style=\"font-family: Arial;\">avagy: ker\u00fcleti fiatalok, riad\u00f3!<\/span><\/b><br \/>\n<span style=\"font-family: Arial;\">Helyi \u00f6nk\u00e9ntes: Wallner Bea<\/span><br \/>\n<span style=\"font-family: Arial;\">29 \u00e9ves vagyok, de soha nem \u00e9rzem magam ennyinek \u2013 n\u00e9ha t\u00f6bbnek, gyakrabban kevesebbnek.<\/span><br \/>\n<span style=\"font-family: Arial;\">Tizen\u00e9ves koromban amolyan lak\u00f3telepi fiatalk\u00e9nt, \u00e9n is sokat band\u00e1ztam az utc\u00e1n, vagy l\u00f3gtam a diszk\u00f3ban szombat est\u00e9nk\u00e9nt, amit egy id\u0151 ut\u00e1n kezdtem nagyon megunni.<\/span><br \/>\n<span style=\"font-family: Arial;\">Azut\u00e1n tal\u00e1lkoztam a sz\u00ednh\u00e1zzal \u00e9s beleszerettem. K\u00e9s\u0151bb egy rendk\u00edv\u00fcl nyitott t\u00e1rsas\u00e1gba ker\u00fcltem, ahol fontosak egym\u00e1snak a bar\u00e1ti kapcsolatok. Sz\u00edvesen t\u00f6ltj\u00fck egy\u00fctt az id\u0151nket \u2013 gyakorlatilag b\u00e1rmivel \u2013, legyen az t\u00e1rsasj\u00e1t\u00e9k, besz\u00e9lget\u00e9s, sz\u00ednh\u00e1z, mozi, koncert vagy t\u00e1nc. Ez\u00e9rt gondoltam arra, tal\u00e1n el kellene mondani az utc\u00e1n l\u00e9zeng\u0151 tizen\u00e9veseknek: n\u00e9zzenek k\u00f6r\u00fcl a vil\u00e1gban. Annyi minden v\u00e1r m\u00e9g r\u00e1juk!<\/span><br \/>\n<span style=\"font-family: Arial;\">Az \u00e9n elgondol\u00e1somban a KEFIR egy olyan csapat, aminek alapvet\u0151 feladata az, hogy mindenki j\u00f3l \u00e9rezze mag\u00e1t benne, mik\u00f6zben m\u00e9g egym\u00e1snak, m\u00e1soknak is seg\u00edtenek.<\/span><br \/>\n<span style=\"font-family: Arial;\">\u00dagy gondolom, j\u00f3 lehet\u0151s\u00e9g lenne ez a fiataloknak \u00f6nmaguk \u00e9s t\u00e1rsaik jobb megismer\u00e9s\u00e9re is. Tal\u00e1lkozhatn\u00e1nak hasonl\u00f3 gondolkod\u00e1s\u00fa t\u00e1rsakkal, seg\u00edthetn\u00e9nek egym\u00e1snak olyan helyzetek, k\u00e9rd\u00e9sek megold\u00e1s\u00e1ban, mint p\u00e9ld\u00e1ul a p\u00e1lyakezd\u00e9s, csal\u00e1di probl\u00e9m\u00e1k stb. Sokkal jobb lenne, ha tudn\u00e1k: nincsenek egyed\u00fcl (\u201eMi bajod?\u201d klub). Szervezn\u00e9nk konkr\u00e9t programokat is. Szabadid\u0151s \u00e9s kultur\u00e1lis programokat a sz\u00f3rakoz\u00e1s minden ter\u00fclet\u00e9n (kir\u00e1ndul\u00e1s, sz\u00ednh\u00e1z, koncertek, sport, t\u00e1rsasj\u00e1t\u00e9kok stb.).<\/span><br \/>\n<span style=\"font-family: Arial;\">A fiatalok seg\u00edthetn\u00e9nek a t\u00f6bbi csoport m\u0171k\u00f6d\u00e9s\u00e9ben is. Beseg\u00edthetn\u00e9nek p\u00e9ld\u00e1ul az id\u0151sek l\u00e1togat\u00e1s\u00e1ba, seg\u00edt\u00e9s\u00e9be vagy ak\u00e1r a gyermekfel\u00fcgyeletbe is<\/span><\/p>\n<p><b><span style=\"font-family: Arial;\">Budapest, XV. \u00dajpalota: Haszn\u00e1laton k\u00edv\u00fcli j\u00e1tsz\u00f3t\u00e9r \u00e1talak\u00edt\u00e1sa<\/span><\/b><br \/>\n<span style=\"font-family: Arial;\">Helyi \u00f6nk\u00e9ntes: V\u00e1rhegyi G\u00e1bor<\/span><br \/>\n<span style=\"font-family: Arial;\">A Ny\u00edrpalota utca v\u00e9g\u00e9ben, a 73-as busz v\u00e9g\u00e1llom\u00e1s\u00e1nak szomsz\u00e9ds\u00e1g\u00e1ban egym\u00e1s k\u00f6zel\u00e9ben k\u00e9t haszn\u00e1laton k\u00edv\u00fcli j\u00e1tsz\u00f3t\u00e9r van. A szab\u00e1lyoknak nem megfelel\u0151 hint\u00e1k leszerelve, a padok, j\u00e1tsz\u00f3t\u00e9ri elemek megrong\u00e1lva. A kezdem\u00e9nyez\u0151 \u00f6nk\u00e9ntes \u00f6tlete szerint az egyik j\u00e1tsz\u00f3teret \u00e1t kellene alak\u00edtani: a haszn\u00e1laton k\u00edv\u00fcli j\u00e1tsz\u00f3t\u00e9ri elemet elbontani, a homokoz\u00f3t vir\u00e1gokkal be\u00fcltetni, a padokat rendbe tenni, a feln\u0151tt \u00e9s az id\u0151s\u00f6d\u0151 koroszt\u00e1ly sz\u00e1m\u00e1ra kialak\u00edtani egy parkr\u00e9szt.<\/span><br \/>\n<span style=\"font-family: Arial;\">2004. okt\u00f3ber\u00e9ben terepszeml\u00e9t tartottak \u00e9s lef\u00e9nyk\u00e9pezt\u00e9k a j\u00e1tsz\u00f3teret, majd a ker\u00fclet f\u0151\u00e9p\u00edt\u00e9sz\u00e9nek elk\u00fcldve a dokumentumokat, k\u00e9rd\u00e9ssort int\u00e9ztek hozz\u00e1, melyben m\u0171szaki seg\u00edts\u00e9get (szersz\u00e1mok, f\u0171mag, pal\u00e1nt\u00e1k\u2026) k\u00e9rtek. Elh\u00faz\u00f3d\u00f3 egyeztet\u00e9s ut\u00e1n id\u00e9n tavasszal az \u00f6nkorm\u00e1nyzat v\u00e1ratlanul \u00faj j\u00e1tsz\u00f3t\u00e9ri hint\u00e1kat szerelt fel \u00e9s fel\u00faj\u00edtotta a padokat is. Az\u00f3ta a gyerekek \u00e9s az id\u0151sek is folyamatosan haszn\u00e1lj\u00e1k a parkot.<\/span><br \/>\n<span style=\"font-family: Arial;\">A kezdem\u00e9nyez\u00e9s egyik leg\u00e9rdekesebb sz\u00e1la az volt, hogyan tud megval\u00f3sulni \u00f6nk\u00e9ntes munk\u00e1val, \u00f6sszefog\u00e1ssal a park \u00e1talak\u00edt\u00e1sa, ami l\u00e9nyeg\u00e9ben az \u00f6nkorm\u00e1nyzat feladata lenne. A kezdem\u00e9nyez\u00e9s tapasztalata azt mutatja, hogy az \u00f6nkorm\u00e1nyzat nem sz\u00edvesen adja ki kez\u00e9b\u0151l a feladatot, mert az \u00f6nk\u00e9ntes tev\u00e9kenys\u00e9get helytelen\u00fcl \u00e9rtelmezve azt gondolt\u00e1k, hogy a civil kezdem\u00e9nyez\u00e9s (net\u00e1n megval\u00f3s\u00edt\u00e1s) azt kommunik\u00e1lja, hogy az \u00f6nkorm\u00e1nyzat nem v\u00e9gzi el feladat\u00e1t.<\/span><br \/>\n<span style=\"font-family: Arial;\">A kezdem\u00e9nyez\u00e9s pozit\u00edvuma, hogy felh\u00edvta a figyelmet egy olyan elhanyagolt j\u00e1tsz\u00f3t\u00e9rre, amely egy\u00e9bk\u00e9nt nem szerepelt az \u00f6nkorm\u00e1nyzat \u00e9ves j\u00e1tsz\u00f3t\u00e9r-fel\u00faj\u00edt\u00e1si terv\u00e9ben.<\/span><\/p>\n<p><b><span style=\"font-family: Arial;\">Milyen F\u0151 teret szeretn\u00e9nk? \u2013 k\u00f6z\u00f6ss\u00e9gi tervez\u00e9s<\/span><\/b><br \/>\n<span style=\"font-family: Arial;\">Helyi \u00f6nk\u00e9ntes<\/span><b><span style=\"font-family: Arial;\">:<\/span><\/b><span style=\"font-family: Arial;\">\u00a0B\u00e1thory Erzsi<\/span><br \/>\n<span style=\"font-family: Arial;\">Az \u00dajpalotai lak\u00f3telep F\u0151 tere a nev\u00e9n k\u00edv\u00fcl semmilyen m\u00e1s krit\u00e9rium\u00e1ban nem felel meg az elnevez\u00e9snek. Egy megfelel\u0151 k\u00f6zponti t\u00e9r kialak\u00edt\u00e1sa a 35 \u00e9ves lak\u00f3telepen tov\u00e1bb m\u00e1r nem halogathat\u00f3! Ennek k\u00f6z\u00f6ss\u00e9gi megtervez\u00e9s\u00e9re ir\u00e1nyult a kezdem\u00e9nyez\u00e9s. A febru\u00e1r 1-j\u00e9re szervezett kerekasztal-besz\u00e9lget\u00e9s \u00f3ta t\u00f6bb l\u00e9p\u00e9s t\u00f6rt\u00e9nt a k\u00f6z\u00f6s tervez\u00e9s, a t\u00e1rsadalmi r\u00e9szv\u00e9tel megval\u00f3s\u00edt\u00e1s\u00e1ra: a sikeres f\u00f3rumr\u00f3l k\u00e9sz\u00edtett videofilm forgalmaz\u00e1sa, \u00fajs\u00e1gcikkek, r\u00f6vid t\u00e1j\u00e9koztat\u00f3k, Internet \u00e9s v\u00e9lem\u00e9nyk\u00e9r\u0151 adatlap kiad\u00e1sa, szakmai tapasztalatcsere program: b\u00e9csi \u00e9p\u00edt\u00e9sz h\u00e1zasp\u00e1r megh\u00edv\u00e1sa, akik hasonl\u00f3 kezdem\u00e9nyez\u00e9sek r\u00e9sztvev\u0151i az osztr\u00e1k f\u0151v\u00e1rosban.<\/span><br \/>\n<i><span style=\"font-family: Arial;\">A szakmai seg\u00edt\u0151 megjegyz\u00e9sei:<\/span><\/i><br \/>\n<span style=\"font-family: Arial;\">A k\u00f6z\u00f6s kar\u00e1csonyfa \u00e1ll\u00edt\u00e1sa mellett ez a kezdem\u00e9nyez\u00e9s tudta mozg\u00f3s\u00edtani a legt\u00f6bb embert. Sz\u00e9les k\u00f6rben folyik a v\u00e9lem\u00e9nyk\u00e9r\u0151 adatlapok gy\u0171jt\u00e9se, n\u00e9h\u00e1ny iskola is kapcsol\u00f3dott a kezdem\u00e9nyez\u00e9shez (gyerekeknek sz\u00f3l\u00f3 felh\u00edv\u00e1s alapj\u00e1n maketteket k\u00e9sz\u00edtettek). Helybeli \u00e9p\u00edt\u00e9szek komoly \u00f6nk\u00e9ntes munk\u00e1val adtak szakmai seg\u00edts\u00e9get. Az elm\u00falt n\u00e9h\u00e1ny h\u00f3nap tapasztalata azt jelzi, hogy es\u00e9ly van a t\u00e1rsadalmi r\u00e9szv\u00e9tel t\u00e9nyleges megval\u00f3s\u00edt\u00e1s\u00e1ra, azaz siker\u00fcl az \u00f6sszegy\u0171jt\u00f6tt lakoss\u00e1gi javaslatokat, v\u00e9lem\u00e9nyeket, \u00f6tleteket be\u00e9p\u00edteni a F\u0151 t\u00e9r kialak\u00edt\u00e1s\u00e1nak terv\u00e9be.<\/span><\/p>\n<p><b><span style=\"font-family: Arial;\">\u00d6KO-Iroda l\u00e9trehoz\u00e1sa<\/span><\/b><br \/>\n<span style=\"font-family: Arial;\">Helyi \u00f6nk\u00e9ntes: Tildyn\u00e9 Ruh Borb\u00e1la<\/span><br \/>\n<span style=\"font-family: Arial;\">A kezdem\u00e9nyez\u00e9s c\u00e9lja a k\u00f6rnyezettudatos magatart\u00e1s fontoss\u00e1g\u00e1ra \u00e9s megval\u00f3s\u00edt\u00e1s\u00e1nak lehet\u0151s\u00e9geire k\u00fcl\u00f6nb\u00f6z\u0151 akci\u00f3kkal felh\u00edvni a figyelmet, ezzel a lak\u00f3telepen \u00e9l\u0151 emberek \u00e9letmin\u0151s\u00e9g\u00e9nek jav\u00edt\u00e1sa. Ennek \u00e9rdek\u00e9ben egy \u00d6KO-Irod\u00e1t nyitn\u00e1nak \u00dajpalota k\u00f6zpontj\u00e1ban a K\u00fclv\u00e1rosi Tank\u00f6r tanul\u00f3inak gondoz\u00e1s\u00e1val. Folyamatosan kapcsolatot tartanak a helyi civil szervezetekkel, t\u00e1j\u00e9koztat\u00e1st adnak a m\u00e1r megindult k\u00f6rnyezetv\u00e9delmi kezdem\u00e9nyez\u00e9sekr\u0151l \u00e9s id\u0151szakonk\u00e9nt akci\u00f3kat, tan\u00e1cskoz\u00e1sokat szerveznek a t\u00e9m\u00e1ban.<\/span><br \/>\n<span style=\"font-family: Arial;\">A Dr\u00e9gelyv\u00e1r utc\u00e1ban lak\u00f3 \u00e9s helyben dolgoz\u00f3 pedag\u00f3gus tudatos, hat\u00e1rozott elk\u00e9pzel\u00e9se \u0151sszel minden bizonnyal megval\u00f3s\u00edt\u00e1sra ker\u00fclhet. A sikeres p\u00e1ly\u00e1zat \u00e9s a ter\u00fcleten m\u0171k\u00f6d\u0151 m\u0171vel\u0151d\u00e9si int\u00e9zm\u00e9ny egy\u00fcttm\u0171k\u00f6d\u00e9se elengedhetetlen a megval\u00f3s\u00edt\u00e1shoz. A kezdem\u00e9nyez\u00e9s az\u00e9rt is sz\u00e1m\u00edthat sikerre, mert nem null\u00e1r\u00f3l indul, k\u00f6rnyezetv\u00e9delmi t\u00e9m\u00e1ban m\u00e1r t\u00f6bb helyi civil kezdem\u00e9nyez\u00e9s volt \u00e9s jelenleg is folyamatban van.<\/span><br \/>\n<i><span style=\"font-family: Arial;\">Kelemen \u00c1rp\u00e1d (Bp. \u00dajpalota)<\/span><\/i><\/p>\n<p><b><span style=\"font-family: Arial;\">Budapest, VIII., Nap-utcai szomsz\u00e9ds\u00e1g:<\/span><\/b><br \/>\n<b><span style=\"font-family: Arial;\">\u201eTiszta vizet a poh\u00e1rba!\u201d<\/span><\/b><br \/>\n<span style=\"font-family: Arial;\">Helyi \u00f6nk\u00e9ntes: Ker\u00e9kgy\u00e1rt\u00f3n\u00e9 Zalka Cec\u00edlia<\/span><br \/>\n<span style=\"font-family: Arial;\">Magyarorsz\u00e1g uni\u00f3s csatlakoz\u00e1s\u00e1val egy\u00fctt j\u00e1r sz\u00e1mos olyan szab\u00e1ly, k\u00f6vetelm\u00e9ny, amelyre a m\u00f6g\u00f6tt\u00fcnk l\u00e9v\u0151 id\u0151szakban nem figyelt\u00fcnk oda el\u00e9gg\u00e9. Ilyen elmaradott ter\u00fclet a k\u00f6rnyezetv\u00e9delem, a k\u00f6rnyezettudatos magatart\u00e1s is. Ez al\u00f3l sajnos a Nap utcai szomsz\u00e9ds\u00e1g sem kiv\u00e9tel. Ter\u00fclet\u00fcnk\u00f6n is megjelentek pl. a szelekt\u00edv hullad\u00e9kgy\u0171jt\u00e9sre lehet\u0151s\u00e9get ad\u00f3 kont\u00e9nerek. Kihaszn\u00e1lts\u00e1ga azonban alacsony szint\u0171, haszn\u00e1lata nem rendeltet\u00e9sszer\u0171. Kis csoportommal szeretn\u00e9k tenni szomsz\u00e9ds\u00e1gunk \u00e9s J\u00f3zsefv\u00e1ros szem\u00e9tmentes\u00edt\u00e9s\u00e9\u00e9rt. Szeretn\u00e9nk megszervezni a lak\u00f3telepen a k\u00f6rnyezetre k\u00e1ros anyagok begy\u0171jt\u00e9s\u00e9t \u00e9s elsz\u00e1ll\u00edt\u00e1s\u00e1t (pl. \u00e9tolaj). F\u00f3rumok szervez\u00e9s\u00e9vel, felvil\u00e1gos\u00edt\u00f3 kamp\u00e1nnyal (ak\u00e1r prevent\u00edv is \u00f3vod\u00e1ban, iskol\u00e1ban) szeretn\u00e9nk a lak\u00f3k k\u00f6z\u00f6tt szeml\u00e9letv\u00e1ltoz\u00e1st el\u00e9rni e ter\u00fcleten.<\/span><\/p>\n<p><b><span style=\"font-family: Arial;\">\u201eZebra-kezek\u201d<\/span><\/b><br \/>\n<span style=\"font-family: Arial;\">Helyi \u00f6nk\u00e9ntes: Koltain\u00e9 Kelemen Erika<\/span><br \/>\n<span style=\"font-family: Arial;\">Ismer\u0151seimmel besz\u00e9lgetve azt tapasztaltam, hogy szinte mindenkiben rejt\u0151zik valami olyan kincs, tud\u00e1s, amivel m\u00e1sok nem rendelkeznek. Sorra der\u00fcl ki a k\u00f6rnyezetemben \u00e9l\u0151kr\u0151l, hogy otthon a szabadidej\u00fckben k\u00fcl\u00f6nb\u00f6z\u0151 k\u00e9zm\u0171ves tev\u00e9kenys\u00e9ggel foglalkoznak. Hobbijukr\u00f3l viszont m\u00e1sok nem tudnak. Szeretn\u00e9m el\u00e9rni, hogy a lak\u00f3telepen \u00e9l\u0151 \u00fcgyes, kreat\u00edv k\u00e9zm\u0171ves emberek nyissanak m\u00e1sok fel\u00e9: mutass\u00e1k meg magukat, technik\u00e1ikat, elk\u00e9sz\u00fclt alkot\u00e1saikat! C\u00e9lunk az, hogy a kis csoportunkhoz csatlakoz\u00f3k megismerhess\u00e9k a k\u00fcl\u00f6nb\u00f6z\u0151 k\u00e9zm\u0171ves technik\u00e1kat, a gyakorlatban is kipr\u00f3b\u00e1lhass\u00e1k azokat, egym\u00e1snak \u00e1tadhass\u00e1k praktik\u00e1ikat. Ez\u00e1ltal szeretn\u00e9nk el\u00e9rni azt, hogy a lak\u00f3k a tev\u00e9kenys\u00e9g folyt\u00e1n kibontakoztathass\u00e1k a benn\u00fck rejl\u0151 k\u00e9pess\u00e9geiket, ez\u00e1ltal is hozz\u00e1j\u00e1rulva a mindennapi stresszmentes \u00e9letvitelhez.<\/span><\/p>\n<p><b><span style=\"font-family: Arial;\">Fut\u00f3 utcai t\u00f6mbrehabilit\u00e1ci\u00f3<\/span><\/b><br \/>\n<span style=\"font-family: Arial;\">Helyi \u00f6nk\u00e9ntes: Alf\u00f6ldi Gy\u00f6rgy<\/span><br \/>\n<span style=\"font-family: Arial;\">A<\/span><b><span style=\"font-family: Arial;\">\u00a0<\/span><\/b><span style=\"font-family: Arial;\">program c\u00e9lter\u00fclete: Bp. VIII. ker\u00fclet, Vajdahunyad utca\u2013Kisst\u00e1ci\u00f3 utca\u2013Horv\u00e1th Mih\u00e1ly t\u00e9r\u2013Hock J\u00e1nos utca\u2013Pr\u00e1ter utca \u00e1ltal hat\u00e1rolt 4 \u00e9p\u00fclett\u00f6mb.<\/span><br \/>\n<span style=\"font-family: Arial;\">A Fut\u00f3 utcai rehabilit\u00e1ci\u00f3 el\u0151rehalad\u00e1s\u00e1val egyidej\u0171leg kezdem\u00e9nyez\u00e9s t\u00f6rt\u00e9nt a Fut\u00f3 utcai szomsz\u00e9ds\u00e1g civil eszk\u00f6z\u00f6kkel t\u00f6rt\u00e9n\u0151 fejleszt\u00e9s\u00e9r\u0151l, lakoss\u00e1gi, kiskereskedelmi \u00e9s kisv\u00e1llalkoz\u00f3i szempontok szerinti fel\u00e9rt\u00e9kel\u00e9s\u00e9r\u0151l, a k\u00f6z\u00f6s gondolkod\u00e1sr\u00f3l. A helyi civil kezdem\u00e9nyez\u00e9seknek int\u00e9zm\u00e9nyi form\u00e1t ad\u00f3 \u00e9s ez \u00e1ltal azt tov\u00e1bbi eszk\u00f6z\u00f6kh\u00f6z seg\u00edt\u0151 egyes\u00fclet l\u00e9trehoz\u00e1s\u00e1r\u00f3l sz\u00fcletett d\u00f6nt\u00e9s.<\/span><br \/>\n<span style=\"font-family: Arial;\">Elhangzott, hogy: \u201eA helyi lakoss\u00e1gi \u00e9s v\u00e1llalkoz\u00f3i kezdem\u00e9nyez\u00e9seken alapul\u00f3 tev\u00e9kenys\u00e9gnek kell a felemelked\u00e9s motorj\u00e1v\u00e1 v\u00e1lnia, melyet az Eur\u00f3pai Uni\u00f3 is \u00f6szt\u00f6n\u00f6zni k\u00edv\u00e1n.\u201d A helyi \u00e9rdekek \u00f6sszehangol\u00e1sa \u00e9s a k\u00f6z\u00f6s \u00e9rdek\u00e9rv\u00e9nyes\u00edt\u00e9s c\u00e9lj\u00e1b\u00f3l december 7-\u00e9n ker\u00fclt sor az els\u0151 megalakul\u00f3 \u00fcl\u00e9sre. Megvitatt\u00e1k az alakul\u00f3 egyes\u00fclet alapszab\u00e1ly\u00e1t, majd megbesz\u00e9lt\u00e9k a k\u00f6vetkez\u0151 tal\u00e1lkoz\u00f3 id\u0151pontj\u00e1t.<\/span><br \/>\n<i><span style=\"font-family: Arial;\">Gy\u0151ri Jolanda (Bp. J\u00f3zsefv\u00e1ros)<\/span><\/i><\/p>\n<p><b><span style=\"font-family: Arial;\">B\u00e1tonyterenye: a M\u00e1tra lak\u00f3telepiek \u00f6sszefog\u00e1sa<\/span><\/b><br \/>\n<span style=\"font-family: Arial;\">Helyi \u00f6nk\u00e9ntes: Nemesn\u00e9 D\u00e9nes Katalin<\/span><br \/>\n<span style=\"font-family: Arial;\">A kezdem\u00e9nyez\u00e9s egy kisv\u00e1rosi lak\u00f3telepen \u00e9l\u0151 emberek \u00f6sszefog\u00e1s\u00e1t, aktiviz\u00e1l\u00e1s\u00e1t c\u00e9lozza meg. Tervezik a\u00a0<\/span><i><span style=\"font-family: Arial;\">sz\u00edvess\u00e9g-szolg\u00e1lat<\/span><\/i><span style=\"font-family: Arial;\">\u00a0\u00e9s a\u00a0<\/span><i><span style=\"font-family: Arial;\">\u201etanulna-tan\u00edtana\u201d<\/span><\/i><span style=\"font-family: Arial;\">\u00a0m\u00f3dszerek kipr\u00f3b\u00e1l\u00e1s\u00e1t. El\u0151tte azonban az interj\u00faz\u00e1st \u00e9s a k\u00f6z\u00f6ss\u00e9gi besz\u00e9lget\u00e9seket is szeretn\u00e9k lebonyol\u00edtani.<\/span><br \/>\n<span style=\"font-family: Arial;\">Nem alakult m\u00e9g ki az akt\u00edv mag a helyi seg\u00edt\u0151nk k\u00f6r\u00fcl. Az \u0151 elk\u00e9pzel\u00e9sei, \u00f6tletei m\u00e9g nem kaptak meger\u0151s\u00edt\u00e9st a k\u00f6z\u00f6ss\u00e9g \u00e1ltal. A k\u00fcls\u0151 szakmai seg\u00edt\u00e9s, tan\u00e1csad\u00e1s sz\u00fcks\u00e9ges.<\/span><\/p>\n<p><b><span style=\"font-family: Arial;\">M\u00e1trakeresztes: a lakoss\u00e1g mozg\u00f3s\u00edt\u00e1sa<\/span><\/b><br \/>\n<span style=\"font-family: Arial;\">Helyi \u00f6nk\u00e9ntes: Antaln\u00e9 Prezenszki Piroska<\/span><br \/>\n<span style=\"font-family: Arial;\">A\u00a0<\/span><i><span style=\"font-family: Arial;\">helyi hagyom\u00e1nyok, szok\u00e1sok, a n\u00e9pi kismesters\u00e9gek<\/span><\/i><span style=\"font-family: Arial;\">\u00a0felkutat\u00e1sa, feleleven\u00edt\u00e9se \u00e1ll a kezdem\u00e9nyez\u00e9s k\u00f6z\u00e9ppontj\u00e1ban<\/span><i><span style=\"font-family: Arial;\">. Falunap<\/span><\/i><span style=\"font-family: Arial;\">\u00a0rendez\u00e9s\u00e9t tervezik a lakoss\u00e1g mozg\u00f3s\u00edt\u00e1sa, aktiviz\u00e1l\u00e1sa \u00e9rdek\u00e9ben. A helyi seg\u00edt\u0151 j\u00f3l ismeri a terepet.<\/span><\/p>\n<p><b><span style=\"font-family: Arial;\">Magyarg\u00e9ci roma gyerekek<\/span><\/b><br \/>\n<span style=\"font-family: Arial;\">Helyi \u00f6nk\u00e9ntes: R\u00e1cz Dezs\u0151<\/span><br \/>\n<i><span style=\"font-family: Arial;\">Interj\u00fak<\/span><\/i><span style=\"font-family: Arial;\">\u00a0k\u00e9sz\u00fcltek a helyi lakoss\u00e1g k\u00f6r\u00e9ben. Megt\u00f6rt\u00e9nt az\u00a0<\/span><i><span style=\"font-family: Arial;\">er\u0151ss\u00e9gek-gyenges\u00e9gek<\/span><\/i><span style=\"font-family: Arial;\">\u00a0felt\u00e1r\u00e1sa \u00e9s a\u00a0<\/span><i><span style=\"font-family: Arial;\">probl\u00e9m\u00e1k<\/span><\/i><span style=\"font-family: Arial;\">\u00a0azonos\u00edt\u00e1sa. Megfogalmaz\u00f3dtak a legfontosabb\u00a0<\/span><i><span style=\"font-family: Arial;\">c\u00e9lkit\u0171z\u00e9sek:\u00a0<\/span><\/i><span style=\"font-family: Arial;\">roma gyerekek rendszeresen j\u00e1rjanak \u00f3vod\u00e1ba, a roma sz\u00fcl\u0151k foglalkozzanak t\u00f6bbet a gyerekeikkel, legyen t\u00f6bb k\u00f6z\u00f6ss\u00e9gi program stb. Kezdem\u00e9nyez\u00e9s\u00fck a\u00a0<\/span><i><span style=\"font-family: Arial;\">roma gyerekekre<\/span><\/i><span style=\"font-family: Arial;\">\u00a0ir\u00e1nyul, az \u0151 sz\u00e1mukra szeretn\u00e9nek programokat szervezni, bevonva ebbe a sz\u00fcl\u0151ket is.<\/span><br \/>\n<span style=\"font-family: Arial;\">A helyi seg\u00edt\u0151nk nagy tekint\u00e9lynek \u00f6rvend a telep\u00fcl\u00e9sen. A helyi akt\u00edv \u201emag\u201d elk\u00f6telezett \u00e9s szeretne tenni a telep\u00fcl\u00e9s fejl\u0151d\u00e9s\u00e9\u00e9rt. Amiben seg\u00edts\u00e9gre szorulnak, az a tudatosabb tervez\u00e9s \u00e9s a lakoss\u00e1g bevon\u00e1sa.<\/span><\/p>\n<p><b><span style=\"font-family: Arial;\">Szurdokp\u00fcsp\u00f6ki: falusz\u00e9p\u00edt\u0151 egyes\u00fclet<\/span><\/b><br \/>\n<span style=\"font-family: Arial;\">Helyi \u00f6nk\u00e9ntes: Heged\u0171s \u00c9va<\/span><br \/>\n<span style=\"font-family: Arial;\">Helyi seg\u00edt\u0151nk egy\u00a0<\/span><i><span style=\"font-family: Arial;\">k\u00e9zm\u0171ves k\u00f6r<\/span><\/i><span style=\"font-family: Arial;\">\u00a0alak\u00edt\u00e1s\u00e1val fogta \u00f6ssze a feln\u0151tt \u00e9s a gyermekkor\u00fa lakoss\u00e1g egy r\u00e9sz\u00e9t. Dolgoznak a\u00a0<\/span><i><span style=\"font-family: Arial;\">falunap<\/span><\/i><span style=\"font-family: Arial;\">\u00a0megszervez\u00e9s\u00e9n is. A lakoss\u00e1g k\u00f6r\u00e9ben nagy hagyom\u00e1nya van a telep\u00fcl\u00e9s sz\u00e9p\u00edt\u00e9s\u00e9nek, a vir\u00e1gos\u00edt\u00e1snak. A helyi seg\u00edt\u0151nk \u00e9s n\u00e9h\u00e1ny t\u00e1rsa kezdem\u00e9nyez\u00e9s\u00e9re most alakul a\u00a0<\/span><i><span style=\"font-family: Arial;\">falusz\u00e9p\u00edt\u0151 egyes\u00fclet,\u00a0<\/span><\/i><span style=\"font-family: Arial;\">mely a telep\u00fcl\u00e9s els\u0151 \u00e9s eddig egyetlen civil szervez\u0151d\u00e9se lesz.<\/span><br \/>\n<i><span style=\"font-family: Arial;\">A szakmai seg\u00edt\u0151 megjegyz\u00e9sei:<\/span><\/i><br \/>\n<span style=\"font-family: Arial;\">A kisk\u00f6z\u00f6ss\u00e9gi kezdem\u00e9nyez\u00e9sek j\u00f3 lehet\u0151s\u00e9get jelentenek a lakoss\u00e1g k\u00fcl\u00f6nb\u00f6z\u0151 csoportjainak bevon\u00e1s\u00e1ra. Az alakul\u00f3 egyes\u00fclet alapja lehet a helyi k\u00f6z\u00f6ss\u00e9gi \u00e9let fejleszt\u00e9s\u00e9nek, a lakoss\u00e1g aktiviz\u00e1l\u00e1s\u00e1nak.<\/span><br \/>\n<i><span style=\"font-family: Arial;\">B. Szolnoki Ildik\u00f3 (N\u00f3gr\u00e1d megye)<\/span><\/i><\/p>\n<p><b><span style=\"font-family: Arial;\">B\u00e1bolna\u2013Bana\u2013\u00c1cs\u2013Kom\u00e1rom: telep\u00fcl\u00e9sek k\u00f6z\u00f6tti p\u00e1rbesz\u00e9d<\/span><\/b><br \/>\n<span style=\"font-family: Arial;\">Helyi \u00f6nk\u00e9ntesek: Bata Enik\u0151, \u00c1goston Eszter, T\u00f3th J\u00e1nos, Ravasz G\u00e1bor<\/span><br \/>\n<span style=\"font-family: Arial;\">A m\u0171helymunk\u00e1k sor\u00e1n fogalmaz\u00f3dott meg, hogy j\u00f3 lenne, ha a m\u0171helytagok szervezn\u00e9nek k\u00f6z\u00f6s programokat is. Ezen felbuzdulva j\u00f6tt l\u00e9tre az els\u0151 k\u00f6z\u00f6s rendezv\u00e9ny, melyet \u00e1prilis 23-\u00e1n, szombaton rendeznek meg az \u00c1csi Erd\u0151ben. A F\u00f6ld Napja tisztelet\u00e9re egy term\u00e9szetismereti \u00e9s -v\u00e9delmi t\u00far\u00e1t szerveznek k\u00f6rny\u00e9kbeli csal\u00e1dok r\u00e9szv\u00e9tel\u00e9vel. A t\u00fara sor\u00e1n \u00e1llom\u00e1sok lesznek, ahol k\u00fcl\u00f6nb\u00f6z\u0151 feladatok v\u00e1rj\u00e1k a r\u00e9sztvev\u0151ket. A t\u00fara v\u00e9g\u00e9n pedig bogr\u00e1csban f\u0151 a paprik\u00e1s krumpli, \u00e9s j\u00e1t\u00e9kok, bemutat\u00f3k k\u00f6z\u00fcl v\u00e1logathatnak a gyerekek, feln\u0151ttek. Sz\u00e1mos civil szervezetet \u00e9s int\u00e9zm\u00e9nyt is siker\u00fclt bevonni a programba (t\u0171zolt\u00f3k, v\u00edzirend\u00e9szek, erd\u00e9szek, vad\u00e1szok, m\u0171vel\u0151d\u00e9si int\u00e9zm\u00e9nyek, \u00f6nkorm\u00e1nyzatok, civil szervezetek, \u00edj\u00e1szok stb.).<\/span><\/p>\n<p><b><span style=\"font-family: Arial;\">\u00c1cs: k\u00f6z\u00f6ss\u00e9gfejleszt\u0151 bakancsosok<\/span><\/b><br \/>\n<span style=\"font-family: Arial;\">Helyi \u00f6nk\u00e9ntes: T\u00f3th J\u00e1nos<\/span><br \/>\n<span style=\"font-family: Arial;\">\u00d6nk\u00e9ntes\u00fcnk akt\u00edv tagja a m\u00e1r \u00e9vek \u00f3ta j\u00f3l m\u0171k\u00f6d\u0151 \u00c1csi Bakancsosok klubj\u00e1nak. \u00c1cson nincs is t\u00f6bb akt\u00edvan m\u0171k\u00f6d\u0151 civil szervezet rajtuk k\u00edv\u00fcl. A hagyom\u00e1nyos term\u00e9szetj\u00e1r\u00e1son k\u00edv\u00fcl most a lakoss\u00e1g aktiv\u00e1l\u00e1s\u00e1t t\u0171zt\u00e9k ki c\u00e9lul. Szerint\u00fck \u00c1cson nincs k\u00f6z\u00f6ss\u00e9gi \u00e9let, m\u00e9g a k\u00fcl\u00f6nb\u00f6z\u0151 programokra is nehezen mozdulnak ki az emberek. Szeretn\u00e9nek akt\u00edv k\u00f6z\u00f6ss\u00e9gi r\u00e9szv\u00e9telt el\u00e9rni a telep\u00fcl\u00e9sen. Ehhez a munk\u00e1hoz semmi ismeret\u00fck nem volt, ez\u00e9rt jelentkeztek a mi felh\u00edv\u00e1sunkra.<\/span><\/p>\n<p><i><span style=\"font-family: Arial;\">Monostori \u00c9va<\/span><\/i><br \/>\n<i><span style=\"font-family: Arial;\">(Kom\u00e1rom megye)<\/span><\/i><\/p>\n<p><i><span style=\"font-family: Arial;\">Ebben a csokorban a program egy szakasz\u00e1nak lez\u00e1r\u00e1sakor sz\u00fcletett megyei \u00f6sszefoglal\u00f3kb\u00f3l v\u00e1logattunk kisebb r\u00e9szleteket. (A szerk.)<\/span><\/i><\/p>\n<p><span style=\"font-family: Arial;\">\u201eA r\u00e9gi\u00f3ban 31 telep\u00fcl\u00e9sen kezdem\u00e9nyezt\u00fcnk \u00e9s v\u00e9g\u00fcl 20 telep\u00fcl\u00e9sr\u0151l voltak olyan kitart\u00f3ak, hogy a projekt nyolc h\u00f3napj\u00e1t v\u00e9gigdolgozt\u00e1k vel\u00fcnk. Mi is t\u00f6rt\u00e9nt ezeken a telep\u00fcl\u00e9seken? Ez att\u00f3l f\u00fcgg, hogy melyik telep\u00fcl\u00e9s melyik f\u00e1zis\u00e1ban volt a tenni akar\u00e1snak. Voltak, ahol a munk\u00e1nk eredm\u00e9nyek\u00e9ppen civil szervezetek j\u00f6ttek l\u00e9tre, voltak, akik r\u00e1csod\u00e1lkoztak arra, hogy ilyen is l\u00e9tezik, \u00e9s voltak, akiknek siker\u00fclt azt a kis meger\u0151s\u00edt\u00e9st megadni a csapatnak, hogy \u00e9rdemes ezt csin\u00e1lni.\u201d<\/span><br \/>\n<span style=\"font-family: Arial;\">\u201eAzt gondoltuk mindannyian, hogy sokkal k\u00f6nnyebb lesz a telep\u00fcl\u00e9sek felkutat\u00e1sa, megsz\u00f3l\u00edt\u00e1sa. Azt hitt\u00fck, hogy arra v\u00e1rnak a telep\u00fcl\u00e9sek, hogy v\u00e9gre valah\u00e1ra j\u00f6jj\u00f6n m\u00e1r valaki, aki \u201emoccint\u201d, vagyis seg\u00edt beind\u00edtani a folyamatokat! R\u00e1 kellett j\u00f6nn\u00fcnk, hogy sokkal t\u00f6bb id\u0151re volt sz\u00fcks\u00e9g ahhoz, hogy megtal\u00e1ljuk a telep\u00fcl\u00e9seket, mint amennyit el\u0151sz\u00f6r tervezt\u00fcnk. S\u0151t, id\u0151k\u00f6zben kider\u00fclt, hogy a megtal\u00e1lt telep\u00fcl\u00e9sek sem mindig kitart\u00f3ak, a program sor\u00e1n feladj\u00e1k, kil\u00e9pnek bel\u0151le.\u201d<\/span><br \/>\n<span style=\"font-family: Arial;\">\u201eCsod\u00e1latos volt figyelni, ahogyan a m\u0171helytal\u00e1lkoz\u00f3k sor\u00e1n folyamatosan tanultak egym\u00e1st\u00f3l a jelenl\u00e9v\u0151k, ahogy seg\u00edtett\u00e9k egym\u00e1st egy-egy konkr\u00e9t eset megold\u00e1s\u00e1ban azzal, hogy v\u00e9gigelemezt\u00e9k a t\u00f6rt\u00e9nteket, javaslatokat tettek a kezel\u00e9s\u00fckre, gyakran al\u00e1t\u00e1masztva mindezt saj\u00e1t p\u00e9ld\u00e1kkal.\u201d<\/span><br \/>\n<i><span style=\"font-family: Arial;\">Moln\u00e1r Aranka (B.A.Z. megye)<\/span><\/i><\/p>\n<p><b><i><span style=\"font-family: Arial;\">Szakmai f\u00f3rumok \u2013 m\u0171helyek<\/span><\/i><\/b><br \/>\n<span style=\"font-family: Arial;\">\u201eA h\u00e1l\u00f3zati munka minden helysz\u00edn\u00e9n kiemelt szerepet kapott a m\u0171helyek, a k\u00e9pz\u00e9sek szervez\u00e9se. Annak ellen\u00e9re, hogy az emberek \u00e1ltal\u00e1ban id\u0151hi\u00e1nnyal k\u00fczdenek, meglep\u0151en nagy \u00e9rdekl\u0151d\u00e9s mutatkozott helyi szervezet\u00fcnk (a Nap Klub Alap\u00edtv\u00e1ny,\u00a0<\/span><i><span style=\"font-family: Arial;\">A szerk.<\/span><\/i><span style=\"font-family: Arial;\">) \u00e9s a K\u00f6z\u00f6ss\u00e9gfejleszt\u0151k Egyes\u00fclete \u00e1ltal szervezett k\u00e9pz\u00e9sek ir\u00e1nt. A k\u00e9pz\u00e9seken r\u00e9szvev\u0151k \u201e\u00faj emberk\u00e9nt\u201d, a k\u00f6z\u00f6ss\u00e9gfejleszt\u00e9s ir\u00e1nti nagy lelkesed\u00e9ssel kapcsol\u00f3dtak be a h\u00e1l\u00f3zati munk\u00e1ba. A K\u00d6FE \u00e1ltal szervezett k\u00e9pz\u00e9sekre minden helysz\u00ednr\u0151l r\u00e9szt vettek helyi (kulcs)emberek. Helyi k\u00e9pz\u00e9seket R\u00e1koscsab\u00e1n, J\u00f3zsefv\u00e1rosban, Csepelen szerveztek a helyi h\u00e1l\u00f3zatok tagjainak. A helyi k\u00e9pz\u00e9sek t\u00e9mak\u00f6rei: k\u00f6z\u00f6ss\u00e9gfejleszt\u00e9s, konfliktuskezel\u00e9s, el\u0151\u00edt\u00e9let n\u00e9lk\u00fcli egy\u00fctt\u00e9l\u00e9s, kommunik\u00e1ci\u00f3, p\u00e1rbesz\u00e9dk\u00f6r (helyi cselekv\u00e9si tervek k\u00e9sz\u00edt\u00e9se).<\/span><br \/>\n<span style=\"font-family: Arial;\">Civil f\u00f3rumok szervez\u00e9se \u00dajpalot\u00e1n, Csepelen, J\u00f3zsefv\u00e1rosban, sikeres m\u0171helyek Pest megy\u00e9ben, \u00dajpalot\u00e1n mozg\u00f3s\u00edtott\u00e1k eredm\u00e9nyesen a h\u00e1l\u00f3zathoz csatlakoz\u00f3kat. A m\u0171helyek k\u00fcl\u00f6nb\u00f6z\u0151 szintjei \u2013 orsz\u00e1gos, region\u00e1lis, helyi \u2013 j\u00f3l kieg\u00e9sz\u00edtett\u00e9k egym\u00e1st, s a \u201emenetk\u00f6zben\u201d-tanul\u00e1s fontos eszk\u00f6zeiv\u00e9 v\u00e1ltak. Az orsz\u00e1gos h\u00e1l\u00f3zat tagjai r\u00e9sz\u00e9re szervezett tal\u00e1lkoz\u00f3k, m\u0171helyek sor\u00e1n siker\u00fclt elm\u00e9letileg \u2013 \u00e9s sok gyakorlati tapasztalat \u00e1tad\u00e1s\u00e1val \u2013 tiszt\u00e1zni a t\u00e9nyleges h\u00e1l\u00f3zat\u00e9p\u00edt\u00e9si feladatokat, ezek jelent\u0151s\u00e9g\u00e9t a k\u00f6z\u00f6ss\u00e9gfejleszt\u00e9s \u00faj hazai rendszer\u00e9nek fel\u00e9p\u00fcl\u00e9s\u00e9ben. Ez rendk\u00edv\u00fcl fontos eszk\u00f6ze volt a jelenlegi \u00e9s a j\u00f6v\u0151ben folytat\u00f3d\u00f3 h\u00e1l\u00f3zati munk\u00e1nak.<\/span><br \/>\n<span style=\"font-family: Arial;\">Itt szeretn\u00e9m felh\u00edvni a figyelmet arra, hogy a k\u00f6z\u00f6ss\u00e9gi kezdem\u00e9nyez\u00e9seket seg\u00edt\u0151 szakma h\u00e1l\u00f3zati program megval\u00f3s\u00edt\u00e1s\u00e1val p\u00e1rhuzamosan zajl\u00f3 \u2013 helyi szinteken kiemelt szerepet kap\u00f3 \u2013 m\u00e1s programok k\u00f6z\u00fcl igen fontosak az EU t\u00e1mogat\u00e1sokkal indul\u00f3 hum\u00e1ner\u0151forr\u00e1s fejleszt\u0151 programok, amelyek a helyi er\u0151k \u00f6sszefog\u00e1s\u00e1t, a partners\u00e9g-\u00e9p\u00edt\u00e9st t\u0171zt\u00e9k ki c\u00e9lul. A k\u00e9t folyamat egym\u00e1st feler\u0151s\u00edtheti, seg\u00edtheti, ha \u00e9rt\u0151 \u00e9s egy\u00fcttm\u0171<\/span><span style=\"font-family: Arial;\">k\u00f6dni k\u00e9pes emberek tal\u00e1lkoznak a munka folyam\u00e1n.<\/span><br \/>\n<span style=\"font-family: Arial;\">Nem lesz ritka az sem, hogy a k\u00e9tf\u00e9le programban esetleg azonos emberek is r\u00e9szt vesznek (pl. J\u00f3zsefv\u00e1ros \u201eEgy k\u00fatra j\u00e1runk\u201d \u2013 projekt).\u201d<\/span><\/p>\n","protected":false},"excerpt":{"rendered":"<p>A k\u00f6vetkez\u0151kben felvillantani igyeksz\u00fcnk azokb\u00f3l a kezdem\u00e9nyez\u00e9sekb\u0151l, elhat\u00e1roz\u00e1sokb\u00f3l, amelyekkel a megy\u00e9kben \u00e9s a f\u0151v\u00e1rosban dolgoz\u00f3 kolleg\u00e1ink tal\u00e1lkoztak. A le\u00edr\u00e1sok r\u00e9szleteib\u0151l l\u00e1that\u00f3, hogy sokszor bizonytalan \u00fatkeres\u00e9sekkel, az \u00f6nbizalom er\u0151s\u00edt\u00e9s\u00e9re szorul\u00f3 pr\u00f3b\u00e1lkoz\u00e1sokkal, m\u00e1s helyzetekben meg kiforrott elhat\u00e1roz\u00e1sokkal tal\u00e1lkoztak a h\u00e1l\u00f3zatunk szakemberei. Megjegyezz\u00fck, hogy nem csak a sikeres cselekv\u00e9seket tartjuk szakmailag fontosnak, hanem azokat is, amelyek magukban hordozz\u00e1k [&hellip;]<\/p>\n","protected":false},"author":4,"featured_media":3418,"comment_status":"open","ping_status":"open","sticky":false,"template":"","format":"standard","meta":{"_acf_changed":false,"footnotes":""},"categories":[514,8,7],"tags":[],"coauthors":[47],"class_list":["post-3043","post","type-post","status-publish","format-standard","has-post-thumbnail","hentry","category-parola-2005-1","category-parola-folyoirat","category-repertorium"],"acf":[],"yoast_head":"<!-- This site is optimized with the Yoast SEO plugin v26.7 - https:\/\/yoast.com\/wordpress\/plugins\/seo\/ -->\n<title>Napl\u00f3t\u00f6red\u00e9kek \u2013 n\u00e9h\u00e1ny k\u00f6z\u00f6ss\u00e9gi kezdem\u00e9nyez\u00e9s bemutat\u00e1sa - Parola Foly\u00f3irat<\/title>\n<meta name=\"robots\" content=\"index, follow, max-snippet:-1, max-image-preview:large, max-video-preview:-1\" \/>\n<link rel=\"canonical\" href=\"https:\/\/kofe.hu\/parola\/parola-folyoirat\/naplotoredekek-nehany-kozossegi-kezdemenyezes-bemutatasa\/\" \/>\n<meta property=\"og:locale\" content=\"hu_HU\" \/>\n<meta property=\"og:type\" content=\"article\" \/>\n<meta property=\"og:title\" content=\"Napl\u00f3t\u00f6red\u00e9kek \u2013 n\u00e9h\u00e1ny k\u00f6z\u00f6ss\u00e9gi kezdem\u00e9nyez\u00e9s bemutat\u00e1sa - Parola Foly\u00f3irat\" \/>\n<meta property=\"og:description\" content=\"A k\u00f6vetkez\u0151kben felvillantani igyeksz\u00fcnk azokb\u00f3l a kezdem\u00e9nyez\u00e9sekb\u0151l, elhat\u00e1roz\u00e1sokb\u00f3l, amelyekkel a megy\u00e9kben \u00e9s a f\u0151v\u00e1rosban dolgoz\u00f3 kolleg\u00e1ink tal\u00e1lkoztak. A le\u00edr\u00e1sok r\u00e9szleteib\u0151l l\u00e1that\u00f3, hogy sokszor bizonytalan \u00fatkeres\u00e9sekkel, az \u00f6nbizalom er\u0151s\u00edt\u00e9s\u00e9re szorul\u00f3 pr\u00f3b\u00e1lkoz\u00e1sokkal, m\u00e1s helyzetekben meg kiforrott elhat\u00e1roz\u00e1sokkal tal\u00e1lkoztak a h\u00e1l\u00f3zatunk szakemberei. Megjegyezz\u00fck, hogy nem csak a sikeres cselekv\u00e9seket tartjuk szakmailag fontosnak, hanem azokat is, amelyek magukban hordozz\u00e1k [&hellip;]\" \/>\n<meta property=\"og:url\" content=\"https:\/\/kofe.hu\/parola\/parola-folyoirat\/naplotoredekek-nehany-kozossegi-kezdemenyezes-bemutatasa\/\" \/>\n<meta property=\"og:site_name\" content=\"Parola Foly\u00f3irat\" \/>\n<meta property=\"article:published_time\" content=\"2020-07-11T07:21:14+00:00\" \/>\n<meta property=\"article:modified_time\" content=\"2020-07-30T12:50:53+00:00\" \/>\n<meta property=\"og:image\" content=\"https:\/\/kofe.hu\/parola\/wp-content\/uploads\/2020\/07\/05.1.jpeg\" \/>\n\t<meta property=\"og:image:width\" content=\"1472\" \/>\n\t<meta property=\"og:image:height\" content=\"2033\" \/>\n\t<meta property=\"og:image:type\" content=\"image\/jpeg\" \/>\n<meta name=\"author\" content=\"Parola\" \/>\n<meta name=\"twitter:card\" content=\"summary_large_image\" \/>\n<meta name=\"twitter:label1\" content=\"Szerz\u0151:\" \/>\n\t<meta name=\"twitter:data1\" content=\"Parola\" \/>\n\t<meta name=\"twitter:label2\" content=\"Becs\u00fclt olvas\u00e1si id\u0151\" \/>\n\t<meta name=\"twitter:data2\" content=\"45 perc\" \/>\n\t<meta name=\"twitter:label3\" content=\"Written by\" \/>\n\t<meta name=\"twitter:data3\" content=\"Parola\" \/>\n<script type=\"application\/ld+json\" class=\"yoast-schema-graph\">{\"@context\":\"https:\/\/schema.org\",\"@graph\":[{\"@type\":\"Article\",\"@id\":\"https:\/\/kofe.hu\/parola\/parola-folyoirat\/naplotoredekek-nehany-kozossegi-kezdemenyezes-bemutatasa\/#article\",\"isPartOf\":{\"@id\":\"https:\/\/kofe.hu\/parola\/parola-folyoirat\/naplotoredekek-nehany-kozossegi-kezdemenyezes-bemutatasa\/\"},\"author\":{\"name\":\"Parola\",\"@id\":\"https:\/\/kofe.hu\/parola\/#\/schema\/person\/b39ea6ec0995233537351d7e33281aeb\"},\"headline\":\"Napl\u00f3t\u00f6red\u00e9kek \u2013 n\u00e9h\u00e1ny k\u00f6z\u00f6ss\u00e9gi kezdem\u00e9nyez\u00e9s bemutat\u00e1sa\",\"datePublished\":\"2020-07-11T07:21:14+00:00\",\"dateModified\":\"2020-07-30T12:50:53+00:00\",\"mainEntityOfPage\":{\"@id\":\"https:\/\/kofe.hu\/parola\/parola-folyoirat\/naplotoredekek-nehany-kozossegi-kezdemenyezes-bemutatasa\/\"},\"wordCount\":8976,\"commentCount\":0,\"image\":{\"@id\":\"https:\/\/kofe.hu\/parola\/parola-folyoirat\/naplotoredekek-nehany-kozossegi-kezdemenyezes-bemutatasa\/#primaryimage\"},\"thumbnailUrl\":\"https:\/\/kofe.hu\/parola\/wp-content\/uploads\/2020\/07\/05.1.jpeg\",\"articleSection\":[\"Parola 2005\/1\",\"Parola Foly\u00f3irat\",\"Repert\u00f3rium\"],\"inLanguage\":\"hu\",\"potentialAction\":[{\"@type\":\"CommentAction\",\"name\":\"Comment\",\"target\":[\"https:\/\/kofe.hu\/parola\/parola-folyoirat\/naplotoredekek-nehany-kozossegi-kezdemenyezes-bemutatasa\/#respond\"]}]},{\"@type\":\"WebPage\",\"@id\":\"https:\/\/kofe.hu\/parola\/parola-folyoirat\/naplotoredekek-nehany-kozossegi-kezdemenyezes-bemutatasa\/\",\"url\":\"https:\/\/kofe.hu\/parola\/parola-folyoirat\/naplotoredekek-nehany-kozossegi-kezdemenyezes-bemutatasa\/\",\"name\":\"Napl\u00f3t\u00f6red\u00e9kek \u2013 n\u00e9h\u00e1ny k\u00f6z\u00f6ss\u00e9gi kezdem\u00e9nyez\u00e9s bemutat\u00e1sa - Parola Foly\u00f3irat\",\"isPartOf\":{\"@id\":\"https:\/\/kofe.hu\/parola\/#website\"},\"primaryImageOfPage\":{\"@id\":\"https:\/\/kofe.hu\/parola\/parola-folyoirat\/naplotoredekek-nehany-kozossegi-kezdemenyezes-bemutatasa\/#primaryimage\"},\"image\":{\"@id\":\"https:\/\/kofe.hu\/parola\/parola-folyoirat\/naplotoredekek-nehany-kozossegi-kezdemenyezes-bemutatasa\/#primaryimage\"},\"thumbnailUrl\":\"https:\/\/kofe.hu\/parola\/wp-content\/uploads\/2020\/07\/05.1.jpeg\",\"datePublished\":\"2020-07-11T07:21:14+00:00\",\"dateModified\":\"2020-07-30T12:50:53+00:00\",\"author\":{\"@id\":\"https:\/\/kofe.hu\/parola\/#\/schema\/person\/b39ea6ec0995233537351d7e33281aeb\"},\"breadcrumb\":{\"@id\":\"https:\/\/kofe.hu\/parola\/parola-folyoirat\/naplotoredekek-nehany-kozossegi-kezdemenyezes-bemutatasa\/#breadcrumb\"},\"inLanguage\":\"hu\",\"potentialAction\":[{\"@type\":\"ReadAction\",\"target\":[\"https:\/\/kofe.hu\/parola\/parola-folyoirat\/naplotoredekek-nehany-kozossegi-kezdemenyezes-bemutatasa\/\"]}]},{\"@type\":\"ImageObject\",\"inLanguage\":\"hu\",\"@id\":\"https:\/\/kofe.hu\/parola\/parola-folyoirat\/naplotoredekek-nehany-kozossegi-kezdemenyezes-bemutatasa\/#primaryimage\",\"url\":\"https:\/\/kofe.hu\/parola\/wp-content\/uploads\/2020\/07\/05.1.jpeg\",\"contentUrl\":\"https:\/\/kofe.hu\/parola\/wp-content\/uploads\/2020\/07\/05.1.jpeg\",\"width\":1472,\"height\":2033},{\"@type\":\"BreadcrumbList\",\"@id\":\"https:\/\/kofe.hu\/parola\/parola-folyoirat\/naplotoredekek-nehany-kozossegi-kezdemenyezes-bemutatasa\/#breadcrumb\",\"itemListElement\":[{\"@type\":\"ListItem\",\"position\":1,\"name\":\"Home\",\"item\":\"https:\/\/kofe.hu\/parola\/\"},{\"@type\":\"ListItem\",\"position\":2,\"name\":\"Napl\u00f3t\u00f6red\u00e9kek \u2013 n\u00e9h\u00e1ny k\u00f6z\u00f6ss\u00e9gi kezdem\u00e9nyez\u00e9s bemutat\u00e1sa\"}]},{\"@type\":\"WebSite\",\"@id\":\"https:\/\/kofe.hu\/parola\/#website\",\"url\":\"https:\/\/kofe.hu\/parola\/\",\"name\":\"Parola Foly\u00f3irat\",\"description\":\"\",\"potentialAction\":[{\"@type\":\"SearchAction\",\"target\":{\"@type\":\"EntryPoint\",\"urlTemplate\":\"https:\/\/kofe.hu\/parola\/?s={search_term_string}\"},\"query-input\":{\"@type\":\"PropertyValueSpecification\",\"valueRequired\":true,\"valueName\":\"search_term_string\"}}],\"inLanguage\":\"hu\"},{\"@type\":\"Person\",\"@id\":\"https:\/\/kofe.hu\/parola\/#\/schema\/person\/b39ea6ec0995233537351d7e33281aeb\",\"name\":\"Parola\",\"image\":{\"@type\":\"ImageObject\",\"inLanguage\":\"hu\",\"@id\":\"https:\/\/kofe.hu\/parola\/#\/schema\/person\/image\/ef1d7dc4d1949d5457aa415351763853\",\"url\":\"https:\/\/secure.gravatar.com\/avatar\/c18c00ea50048aa7adb99e5d11e4250d05111e33b2bea02671439eb7912c945e?s=96&d=mm&r=g\",\"contentUrl\":\"https:\/\/secure.gravatar.com\/avatar\/c18c00ea50048aa7adb99e5d11e4250d05111e33b2bea02671439eb7912c945e?s=96&d=mm&r=g\",\"caption\":\"Parola\"},\"url\":\"https:\/\/kofe.hu\/parola\/szerzok\/parola\/\"}]}<\/script>\n<!-- \/ Yoast SEO plugin. -->","yoast_head_json":{"title":"Napl\u00f3t\u00f6red\u00e9kek \u2013 n\u00e9h\u00e1ny k\u00f6z\u00f6ss\u00e9gi kezdem\u00e9nyez\u00e9s bemutat\u00e1sa - Parola Foly\u00f3irat","robots":{"index":"index","follow":"follow","max-snippet":"max-snippet:-1","max-image-preview":"max-image-preview:large","max-video-preview":"max-video-preview:-1"},"canonical":"https:\/\/kofe.hu\/parola\/parola-folyoirat\/naplotoredekek-nehany-kozossegi-kezdemenyezes-bemutatasa\/","og_locale":"hu_HU","og_type":"article","og_title":"Napl\u00f3t\u00f6red\u00e9kek \u2013 n\u00e9h\u00e1ny k\u00f6z\u00f6ss\u00e9gi kezdem\u00e9nyez\u00e9s bemutat\u00e1sa - Parola Foly\u00f3irat","og_description":"A k\u00f6vetkez\u0151kben felvillantani igyeksz\u00fcnk azokb\u00f3l a kezdem\u00e9nyez\u00e9sekb\u0151l, elhat\u00e1roz\u00e1sokb\u00f3l, amelyekkel a megy\u00e9kben \u00e9s a f\u0151v\u00e1rosban dolgoz\u00f3 kolleg\u00e1ink tal\u00e1lkoztak. A le\u00edr\u00e1sok r\u00e9szleteib\u0151l l\u00e1that\u00f3, hogy sokszor bizonytalan \u00fatkeres\u00e9sekkel, az \u00f6nbizalom er\u0151s\u00edt\u00e9s\u00e9re szorul\u00f3 pr\u00f3b\u00e1lkoz\u00e1sokkal, m\u00e1s helyzetekben meg kiforrott elhat\u00e1roz\u00e1sokkal tal\u00e1lkoztak a h\u00e1l\u00f3zatunk szakemberei. Megjegyezz\u00fck, hogy nem csak a sikeres cselekv\u00e9seket tartjuk szakmailag fontosnak, hanem azokat is, amelyek magukban hordozz\u00e1k [&hellip;]","og_url":"https:\/\/kofe.hu\/parola\/parola-folyoirat\/naplotoredekek-nehany-kozossegi-kezdemenyezes-bemutatasa\/","og_site_name":"Parola Foly\u00f3irat","article_published_time":"2020-07-11T07:21:14+00:00","article_modified_time":"2020-07-30T12:50:53+00:00","og_image":[{"width":1472,"height":2033,"url":"https:\/\/kofe.hu\/parola\/wp-content\/uploads\/2020\/07\/05.1.jpeg","type":"image\/jpeg"}],"author":"Parola","twitter_card":"summary_large_image","twitter_misc":{"Szerz\u0151:":"Parola","Becs\u00fclt olvas\u00e1si id\u0151":"45 perc","Written by":"Parola"},"schema":{"@context":"https:\/\/schema.org","@graph":[{"@type":"Article","@id":"https:\/\/kofe.hu\/parola\/parola-folyoirat\/naplotoredekek-nehany-kozossegi-kezdemenyezes-bemutatasa\/#article","isPartOf":{"@id":"https:\/\/kofe.hu\/parola\/parola-folyoirat\/naplotoredekek-nehany-kozossegi-kezdemenyezes-bemutatasa\/"},"author":{"name":"Parola","@id":"https:\/\/kofe.hu\/parola\/#\/schema\/person\/b39ea6ec0995233537351d7e33281aeb"},"headline":"Napl\u00f3t\u00f6red\u00e9kek \u2013 n\u00e9h\u00e1ny k\u00f6z\u00f6ss\u00e9gi kezdem\u00e9nyez\u00e9s bemutat\u00e1sa","datePublished":"2020-07-11T07:21:14+00:00","dateModified":"2020-07-30T12:50:53+00:00","mainEntityOfPage":{"@id":"https:\/\/kofe.hu\/parola\/parola-folyoirat\/naplotoredekek-nehany-kozossegi-kezdemenyezes-bemutatasa\/"},"wordCount":8976,"commentCount":0,"image":{"@id":"https:\/\/kofe.hu\/parola\/parola-folyoirat\/naplotoredekek-nehany-kozossegi-kezdemenyezes-bemutatasa\/#primaryimage"},"thumbnailUrl":"https:\/\/kofe.hu\/parola\/wp-content\/uploads\/2020\/07\/05.1.jpeg","articleSection":["Parola 2005\/1","Parola Foly\u00f3irat","Repert\u00f3rium"],"inLanguage":"hu","potentialAction":[{"@type":"CommentAction","name":"Comment","target":["https:\/\/kofe.hu\/parola\/parola-folyoirat\/naplotoredekek-nehany-kozossegi-kezdemenyezes-bemutatasa\/#respond"]}]},{"@type":"WebPage","@id":"https:\/\/kofe.hu\/parola\/parola-folyoirat\/naplotoredekek-nehany-kozossegi-kezdemenyezes-bemutatasa\/","url":"https:\/\/kofe.hu\/parola\/parola-folyoirat\/naplotoredekek-nehany-kozossegi-kezdemenyezes-bemutatasa\/","name":"Napl\u00f3t\u00f6red\u00e9kek \u2013 n\u00e9h\u00e1ny k\u00f6z\u00f6ss\u00e9gi kezdem\u00e9nyez\u00e9s bemutat\u00e1sa - Parola Foly\u00f3irat","isPartOf":{"@id":"https:\/\/kofe.hu\/parola\/#website"},"primaryImageOfPage":{"@id":"https:\/\/kofe.hu\/parola\/parola-folyoirat\/naplotoredekek-nehany-kozossegi-kezdemenyezes-bemutatasa\/#primaryimage"},"image":{"@id":"https:\/\/kofe.hu\/parola\/parola-folyoirat\/naplotoredekek-nehany-kozossegi-kezdemenyezes-bemutatasa\/#primaryimage"},"thumbnailUrl":"https:\/\/kofe.hu\/parola\/wp-content\/uploads\/2020\/07\/05.1.jpeg","datePublished":"2020-07-11T07:21:14+00:00","dateModified":"2020-07-30T12:50:53+00:00","author":{"@id":"https:\/\/kofe.hu\/parola\/#\/schema\/person\/b39ea6ec0995233537351d7e33281aeb"},"breadcrumb":{"@id":"https:\/\/kofe.hu\/parola\/parola-folyoirat\/naplotoredekek-nehany-kozossegi-kezdemenyezes-bemutatasa\/#breadcrumb"},"inLanguage":"hu","potentialAction":[{"@type":"ReadAction","target":["https:\/\/kofe.hu\/parola\/parola-folyoirat\/naplotoredekek-nehany-kozossegi-kezdemenyezes-bemutatasa\/"]}]},{"@type":"ImageObject","inLanguage":"hu","@id":"https:\/\/kofe.hu\/parola\/parola-folyoirat\/naplotoredekek-nehany-kozossegi-kezdemenyezes-bemutatasa\/#primaryimage","url":"https:\/\/kofe.hu\/parola\/wp-content\/uploads\/2020\/07\/05.1.jpeg","contentUrl":"https:\/\/kofe.hu\/parola\/wp-content\/uploads\/2020\/07\/05.1.jpeg","width":1472,"height":2033},{"@type":"BreadcrumbList","@id":"https:\/\/kofe.hu\/parola\/parola-folyoirat\/naplotoredekek-nehany-kozossegi-kezdemenyezes-bemutatasa\/#breadcrumb","itemListElement":[{"@type":"ListItem","position":1,"name":"Home","item":"https:\/\/kofe.hu\/parola\/"},{"@type":"ListItem","position":2,"name":"Napl\u00f3t\u00f6red\u00e9kek \u2013 n\u00e9h\u00e1ny k\u00f6z\u00f6ss\u00e9gi kezdem\u00e9nyez\u00e9s bemutat\u00e1sa"}]},{"@type":"WebSite","@id":"https:\/\/kofe.hu\/parola\/#website","url":"https:\/\/kofe.hu\/parola\/","name":"Parola Foly\u00f3irat","description":"","potentialAction":[{"@type":"SearchAction","target":{"@type":"EntryPoint","urlTemplate":"https:\/\/kofe.hu\/parola\/?s={search_term_string}"},"query-input":{"@type":"PropertyValueSpecification","valueRequired":true,"valueName":"search_term_string"}}],"inLanguage":"hu"},{"@type":"Person","@id":"https:\/\/kofe.hu\/parola\/#\/schema\/person\/b39ea6ec0995233537351d7e33281aeb","name":"Parola","image":{"@type":"ImageObject","inLanguage":"hu","@id":"https:\/\/kofe.hu\/parola\/#\/schema\/person\/image\/ef1d7dc4d1949d5457aa415351763853","url":"https:\/\/secure.gravatar.com\/avatar\/c18c00ea50048aa7adb99e5d11e4250d05111e33b2bea02671439eb7912c945e?s=96&d=mm&r=g","contentUrl":"https:\/\/secure.gravatar.com\/avatar\/c18c00ea50048aa7adb99e5d11e4250d05111e33b2bea02671439eb7912c945e?s=96&d=mm&r=g","caption":"Parola"},"url":"https:\/\/kofe.hu\/parola\/szerzok\/parola\/"}]}},"_links":{"self":[{"href":"https:\/\/kofe.hu\/parola\/wp-json\/wp\/v2\/posts\/3043","targetHints":{"allow":["GET"]}}],"collection":[{"href":"https:\/\/kofe.hu\/parola\/wp-json\/wp\/v2\/posts"}],"about":[{"href":"https:\/\/kofe.hu\/parola\/wp-json\/wp\/v2\/types\/post"}],"author":[{"embeddable":true,"href":"https:\/\/kofe.hu\/parola\/wp-json\/wp\/v2\/users\/4"}],"replies":[{"embeddable":true,"href":"https:\/\/kofe.hu\/parola\/wp-json\/wp\/v2\/comments?post=3043"}],"version-history":[{"count":3,"href":"https:\/\/kofe.hu\/parola\/wp-json\/wp\/v2\/posts\/3043\/revisions"}],"predecessor-version":[{"id":4441,"href":"https:\/\/kofe.hu\/parola\/wp-json\/wp\/v2\/posts\/3043\/revisions\/4441"}],"wp:featuredmedia":[{"embeddable":true,"href":"https:\/\/kofe.hu\/parola\/wp-json\/wp\/v2\/media\/3418"}],"wp:attachment":[{"href":"https:\/\/kofe.hu\/parola\/wp-json\/wp\/v2\/media?parent=3043"}],"wp:term":[{"taxonomy":"category","embeddable":true,"href":"https:\/\/kofe.hu\/parola\/wp-json\/wp\/v2\/categories?post=3043"},{"taxonomy":"post_tag","embeddable":true,"href":"https:\/\/kofe.hu\/parola\/wp-json\/wp\/v2\/tags?post=3043"},{"taxonomy":"author","embeddable":true,"href":"https:\/\/kofe.hu\/parola\/wp-json\/wp\/v2\/coauthors?post=3043"}],"curies":[{"name":"wp","href":"https:\/\/api.w.org\/{rel}","templated":true}]}}