{"id":2928,"date":"2020-07-10T18:10:00","date_gmt":"2020-07-10T18:10:00","guid":{"rendered":"https:\/\/kofe.hu\/parola\/?p=2928"},"modified":"2020-07-30T14:52:57","modified_gmt":"2020-07-30T14:52:57","slug":"europai-trendek-a-kozossegfejlesztesben","status":"publish","type":"post","link":"https:\/\/kofe.hu\/parola\/parola-folyoirat\/europai-trendek-a-kozossegfejlesztesben\/","title":{"rendered":"Eur\u00f3pai trendek a k\u00f6z\u00f6ss\u00e9gfejleszt\u00e9sben"},"content":{"rendered":"<p style=\"text-align: justify;\"><b><span style=\"font-family: Arial CE; font-size: small;\">Bevezet\u00e9s<\/span><\/b><\/p>\n<p><span style=\"font-family: Arial CE; font-size: small;\">Megtiszteltet\u00e9s sz\u00e1momra, hogy az egybegy\u0171ltekhez sz\u00f3lhatok, \u00e9s r\u00e9szt vehetek ezen az eszmecser\u00e9n. R\u00e9gebbr\u0151l is ismertem az \u00f6n\u00f6k projektj\u00e9t, \u00e9s igaz\u00e1n \u00f6r\u00fcl\u00f6k, hogy most megtudhatom, mi t\u00f6rt\u00e9nt az\u00f3ta. Rem\u00e9lem, hogy el\u0151ad\u00e1som valamennyire \u00f6sszhangban \u00e1ll majd az \u00f6n\u00f6k gondolataival \u00e9s a projekt \u00e9rt\u00e9kel\u00e9s\u00e9vel. Gondolatmenetem c\u00e9lja, hogy eur\u00f3pai kontextusban ny\u00fajtsak \u00e1ttekint\u00e9st a k\u00f6z\u00f6ss\u00e9gfejleszt\u00e9sr\u0151l. Ez persze azt jelenti, hogy el\u0151ad\u00e1som meglehet\u0151sen \u00e1ltal\u00e1nos\u00edt\u00f3 jelleg\u0171 lesz, ami esetenk\u00e9nt vesz\u00e9lyes \u00e9s zavar\u00f3 is lehet: a mi szakter\u00fclet\u00fcnk\u00f6n nagyon neh\u00e9z megbizonyosodni arr\u00f3l, hogy helyes k\u00e9pet kapjunk a t\u00f6rt\u00e9n\u00e9sekr\u0151l. V\u00e9lem\u00e9nyem szerint azonban id\u0151nk\u00e9nt meg kell pr\u00f3b\u00e1lkoznunk ezzel, ti. egy mindent \u00e1t\u00edvel\u0151 elemz\u00e9s ny\u00fajt\u00e1s\u00e1val. M\u00e1sk\u00fcl\u00f6nben k\u00f6nnyen az ellent\u00e9tes hib\u00e1ba eshet\u00fcnk &#8211; elveszhet\u00fcnk a projektek \u00e9s a gyakorlat r\u00e9szleteiben, nem l\u00e1tva a f\u00e1t\u00f3l az erd\u0151t.<\/span><\/p>\n<p style=\"text-align: justify;\"><!--more--><br \/>\n<span style=\"font-family: Arial CE; font-size: small;\">Javasolom, kezdj\u00fck a Combined European Bureau for Social Development (Egyes\u00edtett Eur\u00f3pai T\u00e1rsadalomfejleszt\u00e9si Szervezet) r\u00f6vid bemutat\u00e1s\u00e1val. Ezt k\u00f6vet\u0151en megk\u00eds\u00e9rlem annak a kontextusnak a felv\u00e1zol\u00e1s\u00e1t, amelyben az eur\u00f3pai k\u00f6z\u00f6ss\u00e9gfejleszt\u00e9s v\u00e9gbemegy, majd \u00f6t olyan kulcsfontoss\u00e1g\u00fa t\u00e9m\u00e1t fogok megvizsg\u00e1lni, amely v\u00e9lem\u00e9nyem szerint a k\u00f6z\u00f6ss\u00e9gfejleszt\u0151ket \u00e9rinti. Mondand\u00f3mat r\u00f6vid \u00f6sszegz\u00e9ssel z\u00e1rom.<\/span><\/p>\n<p><b><span style=\"font-family: Arial CE; font-size: small;\">Combined European Bureau for Social Development<\/span><\/b><\/p>\n<p><span style=\"font-family: Arial CE; font-size: small;\">A Combined European Bureau for Social Development (CEBSD) a kilencvenes \u00e9vek elej\u00e9n j\u00f6tt l\u00e9tre. Eredetileg szervezeti keretnek sz\u00e1nt\u00e1k n\u00e9h\u00e1ny orsz\u00e1gos k\u00f6z\u00f6ss\u00e9gfejleszt\u0151 szervezet inform\u00e1ci\u00f3cser\u00e9j\u00e9nek \u00e9s egym\u00e1ssal val\u00f3 egy\u00fcttm\u0171k\u00f6d\u00e9s\u00e9nek seg\u00edt\u00e9s\u00e9hez. A k\u00f6vetkez\u0151 p\u00e1r \u00e9v sor\u00e1n azonban a szervezet elmozdult ebb\u0151l az ir\u00e1nyb\u00f3l, \u00e9s egyre ink\u00e1bb annak fontoss\u00e1g\u00e1t kezdte hangs\u00falyozni, hogy l\u00e9trej\u00f6jj\u00f6n egy eur\u00f3pai f\u00f3rum, ahol t\u00e1rgyalni \u00e9s elemezni lehet a k\u00f6z\u00f6ss\u00e9gfejleszt\u00e9ssel kapcsolatos elk\u00e9pzel\u00e9seket, alapelveket \u00e9s m\u00f3dszereket. A szervezet ma h\u00e1l\u00f3zatnak tekinti mag\u00e1t, amely sokkal ink\u00e1bb \u201e\u00e1tl\u00e1that\u00f3\u201d \u00e9s hozz\u00e1f\u00e9rhet\u0151, mint a kezdetekkor.<\/span><\/p>\n<p><span style=\"font-family: Arial CE; font-size: small;\">A szervezet azonban tov\u00e1bbra is csak kis l\u00e9tsz\u00e1m\u00fa tags\u00e1ggal rendelkezik: \u00f6sszesen t\u00edz tagot sz\u00e1ml\u00e1l, akik szinte mindannyian egy-egy teljes orsz\u00e1got fednek le. Az egyes tagok alapszab\u00e1lyai k\u00fcl\u00f6nb\u00f6znek egym\u00e1st\u00f3l. Az \u00e9n szervezetem (CDF) \u00e9s az \u00edr tag (Combat Poverty Agency) p\u00e9ld\u00e1ul a korm\u00e1nnyal \u00e1llnak kapcsolatban, a francia tag (Le Mouvement pour le Developpement Social Local) \u00e9s a magyar tag (K\u00f6z\u00f6ss\u00e9gfejleszt\u0151k Egyes\u00fclete) \u00f6nk\u00e9ntes szervezetk\u00e9nt m\u0171k\u00f6dik, m\u00edg a katal\u00f3niai (Desenvolupament Communitari) \u00e9s a sv\u00e9d tagot (CESAM) a mag\u00e1nszektorbeli szervezetek k\u00f6z\u00e9 sorolhatjuk. A CEBSD-vel val\u00f3 hossz\u00fa egy\u00fcttm\u0171k\u00f6d\u00e9sem sor\u00e1n ezek a k\u00fcl\u00f6nbs\u00e9gek sosem sz\u00e1m\u00edtottak igaz\u00e1n &#8211; ellenkez\u0151leg: ez az egyik er\u0151ss\u00e9g\u00fcnk. Hogy mi tartja \u00f6ssze a tagokat? A k\u00f6z\u00f6ss\u00e9gfejleszt\u0151 alapelvek \u00e9s m\u00f3dszerek ir\u00e1nti elk\u00f6telezetts\u00e9g, valamint abb\u00e9li v\u00e1gyuk, hogy ezt az elk\u00f6telezetts\u00e9get mind az eur\u00f3pai kontextusban, mind pedig orsz\u00e1gos szinten fenntarts\u00e1k.<\/span><br \/>\n<span style=\"font-family: Arial CE; font-size: small;\">A p\u00e1rbesz\u00e9d, a tagok k\u00f6zti inform\u00e1ci\u00f3- \u00e9s tapasztalatcsere nem mindig k\u00f6nny\u0171. Lehets\u00e9ges, hogy ugyanazokat a szavakat haszn\u00e1ljuk a k\u00f6z\u00f6ss\u00e9gfejleszt\u00e9s megt\u00e1rgyal\u00e1sa sor\u00e1n, azok m\u00e9gsem jelentik mindig ugyanazt! Maga a \u201ek\u00f6z\u00f6ss\u00e9gfejleszt\u00e9s\u201d kifejez\u00e9s is problematikus: Franciaorsz\u00e1gban p\u00e9ld\u00e1ul nem haszn\u00e1lj\u00e1k sz\u00e9les k\u00f6rben. Egy hosszan tart\u00f3 p\u00e1rbesz\u00e9det k\u00f6vet\u0151en az\u00e9rt d\u00f6nt\u00f6tt\u00fcnk amellett, hogy a \u201et\u00e1rsadalomfejleszt\u00e9s\u201d kifejez\u00e9st haszn\u00e1ljuk a CEBSD megnevez\u00e9s\u00e9ben, mert mindegyik tagszervezet sz\u00e1m\u00e1ra ez t\u0171nt a legelfogadhat\u00f3bb megold\u00e1snak.<\/span><br \/>\n<span style=\"font-family: Arial CE; font-size: small;\">A CEBSD olyan h\u00e1l\u00f3zat, amely rendk\u00edv\u00fcli \u00f6szt\u00f6nz\u0151 hat\u00e1ssal b\u00edr tagjaira. Fontos szerepet t\u00f6lt be ez a h\u00e1l\u00f3zat, hiszen (a) eszk\u00f6zk\u00e9nt szolg\u00e1l az eur\u00f3pai k\u00f6z\u00f6ss\u00e9gfejleszt\u00e9sr\u0151l folytatott kommunik\u00e1ci\u00f3hoz, (b) a szervezetek gy\u00fajt\u00f3pontjak\u00e9nt funkcion\u00e1l az eur\u00f3pai int\u00e9zm\u00e9nyek &#8211; k\u00fcl\u00f6n\u00f6sen az Eur\u00f3pai Bizotts\u00e1g &#8211; inform\u00e1l\u00e1sa, befoly\u00e1sol\u00e1sa sor\u00e1n, valamint (c) lehet\u0151v\u00e9 teszi az eur\u00f3pai k\u00f6z\u00f6ss\u00e9gfejleszt\u0151 szervezetek sz\u00e1m\u00e1ra, hogy \u00f6sszekapcsol\u00f3djanak m\u00e1s h\u00e1l\u00f3zatokkal, szervezetekkel, Eur\u00f3p\u00e1ban \u00e9s azon t\u00fal is &#8211; innen az IACD-vel val\u00f3 egy\u00fcttm\u0171k\u00f6d\u00e9s. Tudom, hogy a CEBSD \u00f6sszes tagj\u00e1nak nev\u00e9ben besz\u00e9lek, amikor kijelentem, hogy a j\u00f6v\u0151ben szorosabb egy\u00fcttm\u0171k\u00f6d\u00e9st k\u00edv\u00e1nunk kialak\u00edtani &#8211; mindh\u00e1rom t\u00e9m\u00e1ban &#8211; a kelet- \u00e9s k\u00f6z\u00e9p-eur\u00f3pai szervezetekkel.<\/span><br \/>\n<span style=\"font-family: Arial CE; font-size: small;\">Az elm\u00falt k\u00e9t \u00e9v sor\u00e1n a CEBSD egy, az Eur\u00f3pai Bizotts\u00e1g \u00e1ltal t\u00e1mogatott projektet val\u00f3s\u00edtott meg, pillanatnyilag pedig egy m\u00e1sik, a k\u00f6z\u00f6ss\u00e9gfejleszt\u00e9st \u00e9s a t\u00e1rsadalmi bevon\u00e1st t\u00e1mogat\u00f3 projekten dolgozunk, erre k\u00e9s\u0151bb m\u00e9g visszat\u00e9rek. Tov\u00e1bbi inform\u00e1ci\u00f3kkal a projektekr\u0151l a CEBSD weblapja szolg\u00e1l (www.cebsd.org), de megkereshet\u0151 a szervezet r\u00e9szmunkaid\u0151s alkalmaz\u00e1s\u00fa tan\u00e1csad\u00f3ja is (margogorman@eircom.net).<\/span><\/p>\n<p><b><span style=\"font-family: Arial CE; font-size: small;\">Az eur\u00f3pai kontextus<\/span><\/b><\/p>\n<p><b><span style=\"font-family: Arial CE; font-size: small;\">(I) Ir\u00e1nyelvek<\/span><\/b><br \/>\n<span style=\"font-family: Arial CE; font-size: small;\">Az Eur\u00f3pai Bizotts\u00e1g szintj\u00e9n kedvez\u0151nek t\u0171nik a k\u00f6z\u00f6ss\u00e9gfejleszt\u0151 \u201ekl\u00edma\u201d. Az \u00e9szak\u00edr Peace and Reconciliation Programme (B\u00e9k\u00e9ltet\u0151 \u00e9s Egyeztet\u0151 Program) kiv\u00e9tel\u00e9vel a k\u00f6z\u00f6ss\u00e9gfejleszt\u00e9s kifejez\u00e9s sehol sem t\u0171nik fel. A haszn\u00e1lt nyelvezet ink\u00e1bb a k\u00f6z\u00f6ss\u00e9gi bevon\u00e1s, r\u00e9szv\u00e9tel, helyi fejleszt\u00e9s \u00e9s partners\u00e9g kifejez\u00e9sekkel \u00e9l, \u00e9s ink\u00e1bb a foglalkoztat\u00e1ssal \u00e9s a t\u00e1rsadalmi bevon\u00e1ssal \u00e1ll kapcsolatban. Az Els\u0151dleges C\u00e9lkit\u0171z\u00e9s st\u00e1tusszal rendelkez\u0151 r\u00e9gi\u00f3kt\u00f3l (amely tov\u00e1bbi EU-s t\u00e1mogat\u00e1sokra jogos\u00edtja fel \u0151ket) azt v\u00e1rj\u00e1k, hogy olyan strukt\u00far\u00e1kat (partners\u00e9geket) hozzanak l\u00e9tre \u00e9s t\u00e1mogassanak, amelyek lehet\u0151v\u00e9 teszik a helyiek sz\u00e1m\u00e1ra az er\u0151forr\u00e1sok eloszt\u00e1s\u00e1val kapcsolatos d\u00f6nt\u00e9shoz\u00e1sban val\u00f3 r\u00e9szv\u00e9telt. A vid\u00e9ki ter\u00fcletekt\u0151l is elv\u00e1rja a LEADER + vid\u00e9kfejleszt\u00e9si program, hogy k\u00f6z\u00f6ss\u00e9geket vonjanak be a helyi partners\u00e9g\u00e9p\u00edt\u00e9sbe. M\u00e1s EU-s programok is hasonl\u00f3 elv\u00e1r\u00e1sokat t\u00e1masztanak.<\/span><br \/>\n<span style=\"font-family: Arial CE; font-size: small;\">A val\u00f3ban \u00e9rdekes \u00e9s fontos k\u00e9rd\u00e9s az, hogy mi\u00e9rt rendelkezik az EU ezzel az ir\u00e1nyults\u00e1ggal, s\u0151t, hogy mi\u00e9rt alkalmaz oly sok EU-tag\u00e1llam hasonl\u00f3 krit\u00e9riumokat t\u00e1maszt\u00f3 nemzeti ir\u00e1nyelveket? A t\u00e1rsadalmi ir\u00e1nyelvekr\u0151l folytatott oly sok p\u00e1rbesz\u00e9dhez hasonl\u00f3an, itt is c\u00e9lravezet\u0151bb a k\u00fcl\u00f6nb\u00f6z\u0151 hangs\u00falyok \u00e9s a sokf\u00e9le motiv\u00e1ci\u00f3 f\u00e9ny\u00e9ben gondolkodni, mint egyetlen kiz\u00e1r\u00f3lagos magyar\u00e1zatot keresni.<\/span><br \/>\n<span style=\"font-family: Arial CE; font-size: small;\">K\u00e9ts\u00e9gtelen\u00fcl felvet\u0151dik az ir\u00e1ny\u00edt\u00e1s k\u00e9rd\u00e9se is &#8211; az, hogy a k\u00f6z\u00f6ss\u00e9gi bevon\u00e1s \u00e9s \u00e1llampolg\u00e1ri r\u00e9szv\u00e9tel \u00f6szt\u00f6nz\u00e9s\u00e9nek eredm\u00e9nyek\u00e9ppen a k\u00f6z\u00f6ss\u00e9gek integr\u00e1l\u00f3dnak, azonosulva a t\u00e1rsadalom uralkod\u00f3 \u00e9rt\u00e9keivel, norm\u00e1ival. A (a) k\u00f6z(\u00f6ss\u00e9gi)biztons\u00e1gnak (a b\u0171n\u00f6z\u00e9s \u00e9s a b\u0171n\u00f6z\u00e9st\u0151l val\u00f3 f\u00e9lelem cs\u00f6kkent\u00e9s\u00e9nek), valamint (b) a bev\u00e1ndorl\u00f3kkal \u00e9s az etnikai kisebbs\u00e9gek tagjaival v\u00e9gzett t\u00e1mogat\u00f3 munk\u00e1nak szentelt figyelem az ir\u00e1ny\u00edt\u00f3 mot\u00edvum legszembe\u00f6tl\u0151bb p\u00e9ld\u00e1i.<\/span><br \/>\n<span style=\"font-family: Arial CE; font-size: small;\">Sz\u00e1mos olyan k\u00e9rd\u00e9s van m\u00e9g, amely fejf\u00e1j\u00e1st okozhat a korm\u00e1nyzati ir\u00e1nyelvfejleszt\u0151k sz\u00e1m\u00e1ra: pl. hajl\u00e9ktalans\u00e1g, k\u00e1b\u00edt\u00f3szerrel val\u00f3 vissza\u00e9l\u00e9s, v\u00e1laszad\u00e1s a k\u00f6rnyezetv\u00e9d\u0151 mozgalom k\u00f6vetel\u00e9seire.<\/span><br \/>\n<span style=\"font-family: Arial CE; font-size: small;\">A K\u00f6z\u00f6ss\u00e9gfejleszt\u0151k Lapj\u00e1nak k\u00fcl\u00f6nkiad\u00e1s\u00e1ban elemz\u00e9st olvashatunk az ir\u00e1ny\u00edt\u00e1s \u00e9s a k\u00f6z\u00f6ss\u00e9gfejleszt\u00e9s t\u00e9m\u00e1j\u00e1ban, m\u00e9gpedig Evelien Tonkens \u00e9s Jan Willem Duyvendak toll\u00e1b\u00f3l (Community Development Journal, Vol. 38 No. 1.)<\/span><br \/>\n<span style=\"font-family: Arial CE; font-size: small;\">Ugyanakkor l\u00e1tjuk, hogy az ir\u00e1nyelvek alak\u00edt\u00f3i is \u00e9rdekl\u0151dnek a \u201ek\u00f6z\u00f6ss\u00e9g\u201d \u00e9s a k\u00f6z\u00f6ss\u00e9g bevon\u00e1sa ir\u00e1nt, mert r\u00e1j\u00f6ttek, hogy a \u201eszomsz\u00e9ds\u00e1g\u201d eszm\u00e9nye meger\u0151s\u00edt\u00e9sre szorul, k\u00fcl\u00f6n\u00f6sen azokon a ter\u00fcleteken, ahol majdnem teljesen eleny\u00e9sztek a t\u00e1rsadalmi kapcsolatok, \u00e9s nagyon szeg\u00e9nyes, ijeszt\u0151 a k\u00f6rnyezet (rossz lak\u00e1sok, elhagyott utc\u00e1k, graffiti stb.). Ez teh\u00e1t a d\u00f6nt\u00e9shoz\u00f3k k\u00f6z\u00f6ss\u00e9gi r\u00e9szv\u00e9tel ir\u00e1nti \u00e9rdekl\u0151d\u00e9s\u00e9nek j\u00f3hiszem\u0171 magyar\u00e1zata &#8211; visszat\u00e9r\u00e9s a \u201ek\u00f6z\u00f6ss\u00e9g\u201d fontoss\u00e1g\u00e1nak hangs\u00falyoz\u00e1s\u00e1hoz.<\/span><br \/>\n<span style=\"font-family: Arial CE; font-size: small;\">Egyes d\u00f6nt\u00e9shoz\u00f3k realisztikusan, majdhogynem objekt\u00edven k\u00f6zel\u00edtik meg a k\u00e9rd\u00e9st: a sz\u00e1mos t\u00e1rsadalmi bevon\u00e1st \u00e9s meg\u00fajul\u00e1st c\u00e9lz\u00f3 programmal kapcsolatban v\u00e9gzett \u00e9rt\u00e9kel\u0151 jelleg\u0171 kutat\u00e1s tudtukra adta, hogy amennyiben nem vonj\u00e1k be a k\u00f6z\u00f6ss\u00e9geket, nem sok es\u00e9lye van annak, hogy j\u00f6v\u0151beli programjaik hat\u00e9konyak lesznek. A k\u00f6z\u00f6ss\u00e9gi szervezeteket meg kell gy\u0151zni arr\u00f3l, hogy a nagy alap\u00edtv\u00e1nyok, programok \u00e1ltal az \u0151 k\u00f6z\u00f6ss\u00e9geik j\u00f6v\u0151j\u00e9r\u0151l hozott d\u00f6nt\u00e9sek val\u00f3ban hitelesek. Azt is \u00e9rezni\u00fck kell, hogy a kez\u00fckben tartj\u00e1k a k\u00f6z\u00f6ss\u00e9gekben v\u00e9gbemen\u0151 v\u00e1ltoz\u00e1sokat.<\/span><br \/>\n<span style=\"font-family: Arial CE; font-size: small;\">A k\u00f6z\u00f6ss\u00e9geket \u00e9rint\u0151 ir\u00e1nyelvek l\u00e9trej\u00f6tt\u00e9nek t\u00e1rsadalmi ir\u00e1ny\u00edt\u00e1ssal kapcsolatos magyar\u00e1zata \u00e9s a t\u00e1rsadalmi gondoskod\u00e1sra (a szomsz\u00e9ds\u00e1gr\u00f3l val\u00f3 gondoskod\u00e1sra) \u00e9p\u00edt\u0151 magyar\u00e1zat abban megegyeznek, hogy mindkett\u0151 alapj\u00e1t a t\u00e1rsadalmi vagy k\u00f6z\u00f6ss\u00e9gi koh\u00e9zi\u00f3, \u00f6sszetart\u00e1s k\u00e9pezi. Ez egy nagyon vonz\u00f3 fogalom az ir\u00e1nyelvek alak\u00edt\u00f3i sz\u00e1m\u00e1ra, olyasvalami, ami igen szoros \u00f6sszhangban \u00e1ll a k\u00f6z\u00f6ss\u00e9gfejleszt\u0151 \u00e9rt\u00e9kekkel: seg\u00edteni pr\u00f3b\u00e1ljuk az embereket az egy\u00fctt\u00e9l\u00e9sben \u00e9s a k\u00f6z\u00f6s munk\u00e1ban, fel akarjuk ismerni a k\u00fcl\u00f6nbs\u00e9geket \u00e9s meg k\u00edv\u00e1njuk tal\u00e1lni a k\u00f6z\u00f6ss\u00e9gek meger\u0151s\u00edt\u00e9s\u00e9nek m\u00f3djait.<\/span><br \/>\n<span style=\"font-family: Arial CE; font-size: small;\">Nem tudom, hogy a k\u00f6z\u00f6ss\u00e9gi \u00f6sszetart\u00e1s fogalma mennyire jelent\u0151s\u00e9gteljes az eur\u00f3pai kontextusban. Amiben bizonyos vagyok, az az, hogy az ir\u00e1nyelvek szintj\u00e9n sokkal ink\u00e1bb elv\u00e1rj\u00e1k a k\u00f6z\u00f6ss\u00e9gek r\u00e9szv\u00e9tel\u00e9t a korm\u00e1nyok, helyi \u00f6nkorm\u00e1nyzatok \u00e9s m\u00e1s int\u00e9zm\u00e9nyek \u00e1ltal szervezett programokban, mint p\u00e1r \u00e9vvel ezel\u0151tt (el\u0151ad\u00e1som v\u00e9g\u00e9n m\u00e9g visszat\u00e9rn\u00e9k erre).<\/span><\/p>\n<p><b><span style=\"font-family: Arial CE; font-size: small;\">(II) K\u00f6z\u00f6ss\u00e9gek \u00e9s a k\u00f6z\u00f6ss\u00e9gfejleszt\u00e9s gyakorlata<\/span><\/b><br \/>\n<span style=\"font-family: Arial CE; font-size: small;\">Fontos \u00e9szben tartanunk, hogy a k\u00f6z\u00f6ss\u00e9gfejleszt\u00e9s l\u00e9te f\u00fcggetlen a t\u00e1mogat\u00f3 szervezetek \u00e9rdekeit\u0151l \u00e9s p\u00e9nz\u00fcgyi t\u00e1mogat\u00e1sait\u00f3l. A k\u00f6z\u00f6ss\u00e9gek maguk kezdem\u00e9nyeznek, a k\u00f6z\u00f6ss\u00e9gi munk\u00e1sok \u00e9s m\u00e1s gyakorl\u00f3 szakemberek pedig a k\u00f6z\u00f6ss\u00e9gek munk\u00e1j\u00e1nak t\u00e1mogat\u00e1s\u00e1ban (seg\u00edt\u00e9s\u00e9ben, ir\u00e1ny\u00edt\u00e1s\u00e1ban) vesznek r\u00e9szt.<\/span><br \/>\n<span style=\"font-family: Arial CE; font-size: small;\">\u00cdgy teh\u00e1t sz\u00e1mtalan olyan k\u00f6z\u00f6ss\u00e9ggel tal\u00e1lkozhatunk Eur\u00f3pa-szerte, amely saj\u00e1t \u00e9rdek\u00e9ben cselekszik (kezdem\u00e9nyez\u00e9sek elind\u00edt\u00e1sa, kapcsolat\u00e9p\u00edt\u00e9s a helyi, region\u00e1lis \u00e9s orsz\u00e1gos szervezetekkel stb.). N\u00e9h\u00e1ny \u00e9vvel ezel\u0151tt p\u00e9ld\u00e1ul a CEBSD tagjainak lehet\u0151s\u00e9ge ny\u00edlt arra, hogy stockholmi szomsz\u00e9ds\u00e1gi projektekhez l\u00e1togassanak el. Sz\u00e1mos olyan projektet l\u00e1ttunk, amelyben a helyi emberek partners\u00e9gi viszonyban m\u0171k\u00f6dtek egy\u00fctt a t\u00e1mogat\u00f3 szervezetekkel.<\/span><br \/>\n<span style=\"font-family: Arial CE; font-size: small;\">Az embernek az az \u00e9rz\u00e9se, hogy b\u00e1r a k\u00e9p \u00e1lland\u00f3an v\u00e1ltozik, \u00e9s a szomsz\u00e9ds\u00e1gi projektek hossz\u00fa t\u00e1v\u00fa biztons\u00e1ga nem megoldott, a k\u00f6z\u00f6ss\u00e9geket m\u00e9gis energia \u00e9s elk\u00f6telezetts\u00e9g jellemzi. V\u00e9lem\u00e9nyem szerint ez a helyzet Eur\u00f3pa sz\u00e1mos r\u00e9sz\u00e9n fenn\u00e1ll, persze an\u00e9lk\u00fcl, hogy ez nyilv\u00e1nval\u00f3an \u00e9rz\u00e9kelhet\u0151 lenne. Term\u00e9szetesen nem els\u0151sorban a nagyszab\u00e1s\u00fa programokr\u00f3l besz\u00e9lek, hanem ink\u00e1bb azokr\u00f3l a szer\u00e9ny tev\u00e9kenys\u00e9gekr\u0151l, projektekr\u0151l, amelyek a helyi szint\u0171 elk\u00f6telez\u0151d\u00e9s eredm\u00e9nyek\u00e9ppen sz\u00fcletnek meg, esetenk\u00e9nt &#8211; de nem mindig &#8211; gyakorl\u00f3 szakemberek t\u00e1mogat\u00e1s\u00e1val. Sz\u00e1momra mindez alapvet\u0151 fontoss\u00e1ggal b\u00edr a k\u00f6z\u00f6ss\u00e9gfejleszt\u00e9sben. A k\u00e9p zavaros, gyakran megt\u00e9veszt\u0151. Egy iskol\u00e1t\u00f3l vagy ifj\u00fas\u00e1gi klubt\u00f3l elt\u00e9r\u0151en, a k\u00f6z\u00f6ss\u00e9gfejleszt\u00e9snek nincsenek nyilv\u00e1nval\u00f3 hat\u00e1rai. A gyakorlat sokszor kisz\u00e1m\u00edthatatlan, bizonytalan &#8211; de legal\u00e1bb van. A d\u00f6nt\u00e9shoz\u00f3k figyelm\u00e9t \u00fajra meg \u00fajra fel kell h\u00edvnunk erre.<\/span><br \/>\n<span style=\"font-family: Arial CE; font-size: small;\">\u00d6sszegz\u00e9sk\u00e9ppen: a k\u00f6z\u00f6ss\u00e9gi bevon\u00e1s eur\u00f3pai ir\u00e1nyelvi kontextus\u00e1nak vannak pozit\u00edv jellemz\u0151i, m\u00e9g akkor is, ha a k\u00f6z\u00f6ss\u00e9gfejleszt\u00e9s alapelvei, m\u00f3dszerei nem \u00f6rvendenek sz\u00e9les k\u00f6r\u0171 elismerts\u00e9gnek. Maguk a k\u00f6z\u00f6ss\u00e9gek elegend\u0151 energi\u00e1val \u00e9s megfelel\u0151 elk\u00f6telezetts\u00e9ggel rendelkeznek ahhoz, hogy tev\u00e9kenys\u00e9geket, kezdem\u00e9nyez\u00e9seket legyenek k\u00e9pesek \u00fatjukra ind\u00edtani &#8211; ebben n\u00e9ha seg\u00edts\u00e9g\u00fckre vannak a k\u00f6z\u00f6ss\u00e9gi munk\u00e1sok, \u00e1m legt\u00f6bbsz\u00f6r nem ez a helyzet.<\/span><\/p>\n<p><b><span style=\"font-family: Arial CE; font-size: small;\">K\u00f6z\u00f6ss\u00e9gfejleszt\u00e9s<\/span><\/b><\/p>\n<p><b><span style=\"font-family: Arial CE; font-size: small;\">Hol az elm\u00e9let?<\/span><\/b><br \/>\n<span style=\"font-family: Arial CE; font-size: small;\">Az elm\u00falt k\u00e9t \u00e9v sor\u00e1n egy k\u00e9pes\u00edt\u00e9st ny\u00fajt\u00f3 k\u00f6z\u00f6ss\u00e9gi \u00e9s ifj\u00fas\u00e1gimunk\u00e1s-k\u00e9pz\u00e9sen \u00e9s egy posztgradu\u00e1lis k\u00f6zeg\u00e9szs\u00e9g\u00fcgyi kurzuson is alkalmam ny\u00edlt k\u00f6z\u00f6ss\u00e9gfejleszt\u0151 modulok tan\u00edt\u00e1s\u00e1ra. A k\u00e9t modul \u00f6ssze\u00e1ll\u00edt\u00e1sakor sz\u00f6get \u00fct\u00f6tt a fejembe, hogy (a \u201ek\u00e9pz\u00e9s az \u00e1talakul\u00e1sra\u201d sz\u00f3l\u00f3 \u00edr\u00e1sok kiv\u00e9tel\u00e9vel) m\u00e9g mindig mennyire f\u00fcgg\u00fcnk az \u00e9vekkel ezel\u0151tt \u00edrt elm\u00e9leti sz\u00f6vegekt\u0151l. Itt most a \u201enagyszab\u00e1s\u00fa elm\u00e9letre\u201d gondolok, amely egyszerre k\u00edv\u00e1nja meg\u00e9rteni \u00e9s inform\u00e1lni a k\u00f6z\u00f6ss\u00e9gfejleszt\u00e9st egy-egy elm\u00e9leti perspekt\u00edv\u00e1b\u00f3l. M\u00e1sfel\u0151l azonban sz\u00e1mos olyan k\u00f6nyv \u00e9s \u00fajs\u00e1gcikk jelenik meg, amely a k\u00f6z\u00f6ss\u00e9gfejleszt\u00e9st az \u00fajj\u00e1\u00e9leszt\u00e9si &#8211; \u201eregener\u00e1ci\u00f3s\u201d &#8211; tev\u00e9kenys\u00e9ggel k\u00f6ti \u00f6ssze (magyar \u00e9rtelmez\u00e9sben a v\u00e1rosr\u00e9sz-rehabilit\u00e1ci\u00f3 tartozik ide. A szerk.).<\/span><br \/>\n<span style=\"font-family: Arial CE; font-size: small;\">Mostan\u00e1ban egyre nagyobb \u00e9rdekl\u0151d\u00e9s k\u00f6veti Putnam t\u00e1rsadalmi t\u0151ke elm\u00e9let\u00e9t \u00e9s az \u00e1ltala biztos\u00edtott mozg\u00e1steret, mely seg\u00edts\u00e9g\u00e9vel egy modern elm\u00e9leti keretrendszerbe helyezhetj\u00fck a k\u00f6z\u00f6ss\u00e9gfejleszt\u00e9st. \u00c9rdekes, hogy ink\u00e1bb ez az elm\u00e9let ragadja meg az emberek figyelm\u00e9t, nem pedig a civil t\u00e1rsadalom\u00e9 (amely nagyban \u00e9p\u00edt a politikaelm\u00e9letre).<\/span><br \/>\n<span style=\"font-family: Arial CE; font-size: small;\">A k\u00f6z\u00f6ss\u00e9gfejleszt\u00e9s j\u00f3l j\u00e1rna azzal, ha egyre t\u00f6bb elm\u00e9leti anyag jelenne meg, mert \u00edgy a gyakorlat egy sor, sz\u00e9les k\u00f6rben elfogadott elk\u00e9pzel\u00e9ssel lenne t\u00e1rs\u00edthat\u00f3. Mindez a jelenlegin\u00e9l vitathatatlanul stabilabb alapot jelentene a k\u00f6z\u00f6ss\u00e9gfejleszt\u00e9s sz\u00e1m\u00e1ra. Ne feledj\u00fck a mond\u00e1st: \u201eSemmi sem lehet praktikusabb egy j\u00f3 elm\u00e9letn\u00e9l\u201d.<\/span><\/p>\n<p><b><span style=\"font-family: Arial CE; font-size: small;\">Egy funkcion\u00e1lis trend<\/span><\/b><br \/>\n<span style=\"font-family: Arial CE; font-size: small;\">Az elm\u00falt \u00e9vek sor\u00e1n a k\u00f6z\u00f6ss\u00e9gfejleszt\u00e9s egyre ink\u00e1bb funkcion\u00e1lis jelleget \u00f6lt\u00f6tt. Ezen azt \u00e9rtem, hogy a k\u00f6z\u00f6ss\u00e9gfejleszt\u00e9st az int\u00e9zm\u00e9nyek programjainak szolg\u00e1lat\u00e1ra, t\u00e1mogat\u00e1s\u00e1ra haszn\u00e1lj\u00e1k fel. A k\u00f6z\u00f6ss\u00e9gfejleszt\u00e9s sok\u00e1ig k\u00fczd\u00f6tt a korm\u00e1nyzati \u00e9s helyi \u00f6nkorm\u00e1nyzati test\u00fcletek elismer\u00e9s\u00e9\u00e9rt, t\u00e1mogat\u00e1s\u00e1\u00e9rt. Lehets\u00e9ges, hogy a vita megnyer\u00e9se bizonyos esetekben ahhoz vezet, hogy megsz\u0171nik a k\u00f6z\u00f6ss\u00e9gfejleszt\u00e9s auton\u00f3mi\u00e1ja? De nemcsak az auton\u00f3mi\u00e1r\u00f3l van sz\u00f3, hanem azokr\u00f3l az \u00f6szt\u00f6n\u00f6s v\u00e1laszokr\u00f3l is, amelyekkel a k\u00f6z\u00f6ss\u00e9gfejleszt\u00e9snek esetenk\u00e9nt szolg\u00e1lnia kell, \u00e9s persze arr\u00f3l is, hogy adva legyen egy \u201et\u00e9r\u201d, amelyben gondolkodni \u00e9s cselekedni lehet. Egy j\u00f3val alapvet\u0151bb szinten arr\u00f3l kell besz\u00e9ln\u00fcnk, hogy a k\u00f6z\u00f6ss\u00e9gfejleszt\u00e9s g\u00f6rcs\u00f6sen ragaszkodik saj\u00e1t \u00e9rt\u00e9keihez, alapelveihez: min\u00e9l t\u00f6bb figyelem szentel\u0151dik a k\u00f6z\u00f6ss\u00e9gfejleszt\u00e9s funkcion\u00e1lis szerep\u00e9nek, ann\u00e1l kisebb lesz a mozg\u00e1ster\u00fcnk a szakma alapvet\u0151 \u00e9rt\u00e9keinek \u00e9s filoz\u00f3fi\u00e1j\u00e1nak megvitat\u00e1s\u00e1ra. Ebb\u0151l az \u00e1ll\u00edt\u00e1sb\u00f3l h\u00e1rom fontos dolog k\u00f6vetkezik:<\/span><br \/>\n<span style=\"font-family: Arial CE; font-size: small;\">Saj\u00e1t tapasztalataim szerint a funkcion\u00e1lis trendet legnyilv\u00e1nval\u00f3bban a k\u00f6z\u00f6ss\u00e9gfejleszt\u00e9s \u00e9s az \u00fajj\u00e1\u00e9leszt\u00e9si programok\/gazdas\u00e1gfejleszt\u00e9s k\u00f6z\u00f6tti rokons\u00e1gban k\u00f6vethetj\u00fck nyomon (k\u00fcl\u00f6n\u00f6sen Nagy-Britanni\u00e1ban, Hollandi\u00e1ban \u00e9s Franciaorsz\u00e1gban). Nyugat-Eur\u00f3p\u00e1ban legal\u00e1bbis, a k\u00f6z\u00f6ss\u00e9gfejleszt\u00e9s az \u00fajj\u00e1\u00e9leszt\u00e9snek ebben az ar\u00e9n\u00e1j\u00e1ban van jelen legink\u00e1bb, nem pedig a szoci\u00e1lis munka vagy a feln\u0151ttoktat\u00e1s ter\u00fclet\u00e9n. Az \u00fajj\u00e1\u00e9leszt\u00e9s fogalma l\u00e9nyeg\u00e9ben a fizikai v\u00e1ltoz\u00e1sokra \u00e9s a gazdas\u00e1gi javul\u00e1sra \u00e9p\u00fcl. F\u0151k\u00e9nt a fent eml\u00edtett ir\u00e1nyelveknek k\u00f6sz\u00f6nhet\u0151en a k\u00f6z\u00f6ss\u00e9gfejleszt\u00e9st beler\u00e1ngatt\u00e1k az \u00fajj\u00e1\u00e9leszt\u00e9si programok t\u00e1mogat\u00e1s\u00e1ba. K\u00e9pes-e megtartani identit\u00e1s\u00e1t ilyen k\u00f6r\u00fclm\u00e9nyek k\u00f6z\u00f6tt? Mennyire lesznek fenntarthat\u00f3ak, permanensek a k\u00f6z\u00f6ss\u00e9geken eszk\u00f6z\u00f6lt v\u00e1ltoz\u00e1sok? N\u00e9ha \u00fagy t\u0171nik, mintha a k\u00f6z\u00f6ss\u00e9gen, nem pedig a k\u00f6z\u00f6ss\u00e9ggel v\u00e9gezn\u00e9nk ezt a munk\u00e1t.<\/span><br \/>\n<span style=\"font-family: Arial CE; font-size: small;\">A d\u00f6nt\u00e9shoz\u00f3k \u201ek\u00f6z\u00f6ss\u00e9g\u201d ir\u00e1nti \u00e9rdekl\u0151d\u00e9s\u00e9nek k\u00f6sz\u00f6nhet\u0151en fenn\u00e1ll annak vesz\u00e9lye, hogy a k\u00f6z\u00f6ss\u00e9gfejleszt\u00e9s esetleg t\u00fal sokat \u00edg\u00e9r. Ez az\u00e9rt van \u00edgy, mert (a) az \u00fajj\u00e1\u00e9leszt\u00e9si programok rendk\u00edv\u00fcl ambici\u00f3zus c\u00e9lokat t\u0171znek ki maguk el\u00e9, m\u00edg a k\u00f6z\u00f6ss\u00e9gfejleszt\u00e9s csak sodr\u00f3dik vel\u00fck, \u00e9s mert (b) a k\u00f6z\u00f6ss\u00e9gfejleszt\u00e9s mint szakma tal\u00e1n nem el\u00e9g er\u0151s ahhoz, hogy megfeleljen az elv\u00e1r\u00e1soknak. Fenn\u00e1ll teh\u00e1t annak a vesz\u00e9lye, hogy a d\u00f6nt\u00e9shoz\u00f3k \u00e9s a k\u00f6z\u00f6ss\u00e9gek egyar\u00e1nt csal\u00f3dnak a k\u00f6z\u00f6ss\u00e9gfejleszt\u00e9sben, s\u0151t teljesen ki is \u00e1br\u00e1ndulnak bel\u0151le.<\/span><br \/>\n<span style=\"font-family: Arial CE; font-size: small;\">A k\u00f6z\u00f6ss\u00e9gfejleszt\u00e9s funkcion\u00e1lis megk\u00f6zel\u00edt\u00e9se val\u00f3sz\u00edn\u0171leg el fogja sz\u00edvni a k\u00f6z\u00f6ss\u00e9gi munk\u00e1sokat a szomsz\u00e9ds\u00e1gokb\u00f3l. Mindez annak k\u00f6sz\u00f6nhet\u0151, hogy az \u00fajj\u00e1\u00e9leszt\u00e9si programokban a partners\u00e9gi megk\u00f6zel\u00edt\u00e9s domin\u00e1l: egy sor \u00e1llami szervezet \u00e9s k\u00f6z\u00f6ss\u00e9gi k\u00e9pvisel\u0151 m\u0171k\u00f6dik egy\u00fctt olyan szinten, amely t\u00e1vol \u00e1ll az emberek k\u00f6z\u00f6ss\u00e9gi \u00e9let\u00e9t\u0151l.<\/span><\/p>\n<p><b><span style=\"font-family: Arial CE; font-size: small;\">N\u00f6vekv\u0151 \u00e9rdekl\u0151d\u00e9s a gyakorlatfejleszt\u00e9s ir\u00e1nt<\/span><\/b><br \/>\n<span style=\"font-family: Arial CE; font-size: small;\">Optimist\u00e1bb k\u00f6z\u00f6ss\u00e9gfejleszt\u00e9si trendnek t\u0171nik a gyakorlatfejleszt\u00e9s ir\u00e1nt mutatkoz\u00f3 fokozott \u00e9rdekl\u0151d\u00e9s: tudni azt, hogy mi m\u0171k\u00f6dik, \u00e9s mi nem m\u0171k\u00f6dik a k\u00f6z\u00f6ss\u00e9gfejleszt\u00e9sben. Ez az egyik magyar\u00e1zata a r\u00e9szv\u00e9telt fokoz\u00f3 eszk\u00f6z\u00f6k, technik\u00e1k egyre sz\u00e9lesebb k\u00f6r\u0171 el\u00e9rhet\u0151s\u00e9g\u00e9nek is: val\u00f3s\u00e1gtervez\u00e9s, f\u00f3kusz csoportok, k\u00f6z\u00f6ss\u00e9gi meghallgat\u00e1sok stb. Seg\u00edts\u00e9g\u00fcnkre vannak azok a megl\u00e9v\u0151 m\u00f3dszertanok is, amelyek lehet\u0151v\u00e9 teszik sz\u00e1munkra a k\u00f6z\u00f6ss\u00e9gfejleszt\u00e9s \u00e9rt\u00e9kel\u00e9s\u00e9t, hogy megtudhassuk, milyen eredm\u00e9nyeket hozott is val\u00f3j\u00e1ban a munk\u00e1nk. Maguk a gyakorl\u00f3k is sz\u00edvesen tanulnak egym\u00e1st\u00f3l \u00e9s j\u00e1rulnak hozz\u00e1 a gyakorlat elm\u00e9let\u00e9nek alak\u00edt\u00e1s\u00e1hoz.<\/span><br \/>\n<span style=\"font-family: Arial CE; font-size: small;\">A CEBSD-n\u00e9l jelenleg foly\u00f3 EU-projekt j\u00f3l illik a gyakorlatfejleszt\u00e9si keretrendszerbe: a k\u00f6z\u00f6ss\u00e9gi szervezetek tagjaib\u00f3l, k\u00f6z\u00f6ss\u00e9gi munk\u00e1sokb\u00f3l, helyi \u00f6nkorm\u00e1nyzati dolgoz\u00f3kb\u00f3l, valamint egy kutat\u00f3b\u00f3l \u00e1ll\u00f3 kis munkacsoportok \u00f6t orsz\u00e1g k\u00fcl\u00f6nb\u00f6z\u0151 pontjain haszn\u00e1lj\u00e1k fel a gyakorlati p\u00e9ld\u00e1kat arra, hogy megk\u00eds\u00e9relj\u00e9k k\u00f6r\u00fclhat\u00e1rolni, mennyiben tud hozz\u00e1j\u00e1rulni a k\u00f6z\u00f6ss\u00e9gfejleszt\u00e9s a t\u00e1rsadalmi kirekeszt\u00e9s elleni k\u00fczdelemhez. Az eredm\u00e9nyeket j\u00faniusban \u00f6sszegzik egy ehhez hasonl\u00f3 szemin\u00e1rium keretei k\u00f6z\u00f6tt. Jelent\u00e9s k\u00e9sz\u00fcl az EU sz\u00e1m\u00e1ra, de ugyanilyen fontos az is, hogy a projekt \u00e1ltal kider\u00edtett t\u00e9nyeket cirkul\u00e1lni fogj\u00e1k a k\u00f6z\u00f6ss\u00e9gfejleszt\u0151 szervezetek k\u00f6z\u00f6tt.<\/span><\/p>\n<p><b><span style=\"font-family: Arial CE; font-size: small;\">Bel\u00fclr\u0151l j\u00f6v\u0151 v\u00e1ltoz\u00e1s<\/span><\/b><br \/>\n<span style=\"font-family: Arial CE; font-size: small;\">Hasonl\u00f3an pozit\u00edv trendre enged k\u00f6vetkeztetni az a n\u00e9h\u00e1ny el\u0151zetes bizony\u00edt\u00e9k is, amely azt mutatja, hogy maguk a k\u00f6z\u00f6ss\u00e9gek is jobban jelen k\u00edv\u00e1nnak lenni a k\u00f6z\u00f6ss\u00e9gfejleszt\u0151 szakm\u00e1ban. Azokban a k\u00f6z\u00f6ss\u00e9gekben, amelyekben r\u00e9g\u00f3ta szervez\u0151dnek k\u00f6z\u00f6ss\u00e9gfejleszt\u0151 projektek, a helyi emberek jelzik, hogy a j\u00f3 k\u00f6z\u00f6ss\u00e9gfejleszt\u0151 gyakorlat elsaj\u00e1t\u00edt\u00e1sa mellett hozz\u00e1 is k\u00edv\u00e1nnak j\u00e1rulni ahhoz &#8211; k\u00e9pz\u0151kk\u00e9nt, kutat\u00f3kk\u00e9nt, fizetetlen k\u00f6z\u00f6ss\u00e9gi munk\u00e1sokk\u00e9nt. Ez a trend p\u00e1rhuzamos azzal a m\u00e1r megalapozottabb gyakorlattal, hogy a helyiek r\u00e9szt vesznek a k\u00f6z\u00f6ss\u00e9gfejleszt\u0151 k\u00e9pz\u00e9seken, s ezt k\u00f6vet\u0151en k\u00f6z\u00f6ss\u00e9gi munk\u00e1sk\u00e9nt ker\u00fclnek alkalmaz\u00e1sra.<\/span><\/p>\n<p><b><span style=\"font-family: Arial CE; font-size: small;\">A k\u00f6z\u00f6ss\u00e9gfejleszt\u00e9s \u201einfrastrukt\u00far\u00e1ja\u201d<\/span><\/b><br \/>\n<span style=\"font-family: Arial CE; font-size: small;\">K\u00e9rd\u00e9ses a professzion\u00e1lis k\u00f6z\u00f6ss\u00e9gfejleszt\u00e9s abb\u00e9li kapacit\u00e1sa, hogy mindent megtegyen, amit k\u00e9rnek t\u0151le. Itt nem azokra a szervezetekre gondolok els\u0151sorban, amelyek az egyes orsz\u00e1gokban a k\u00f6z\u00f6ss\u00e9gfejleszt\u00e9st t\u00e1mogatj\u00e1k, hanem (a) k\u00f6z\u00f6ss\u00e9gi munk\u00e1sok sz\u00e1m\u00e1ra biztos\u00edtott k\u00e9pes\u00edt\u00e9st ad\u00f3 k\u00e9pz\u00e9sek helyzet\u00e9re, valamint (b) arra, hogy a legt\u00f6bb vezet\u0151 mennyire nincs tiszt\u00e1ban a k\u00f6z\u00f6ss\u00e9gfejleszt\u00e9s szerep\u00e9vel \u00e9s azzal, hogy mik\u00e9nt tudn\u00e1 t\u00e1mogatni azt. V\u00e9lem\u00e9nyem szerint, amennyiben komolyan k\u00edv\u00e1njuk venni a k\u00f6z\u00f6ss\u00e9gfejleszt\u00e9s hossz\u00fa t\u00e1v\u00fa eg\u00e9szs\u00e9gi \u00e1llapot\u00e1t Eur\u00f3p\u00e1ban, komolyan kell foglalkoznunk ezzel a k\u00e9t k\u00e9rd\u00e9ssel.<\/span><\/p>\n<p><b><span style=\"font-family: Arial CE; font-size: small;\">Z\u00e1r\u00f3 megjegyz\u00e9sek<\/span><\/b><\/p>\n<p><span style=\"font-family: Arial CE; font-size: small;\">Annak vesz\u00e9lyess\u00e9g\u00e9re pr\u00f3b\u00e1ltam r\u00e1mutatni, ha a k\u00f6z\u00f6ss\u00e9gfejleszt\u00e9s esetleg t\u00fal sokat \u00edg\u00e9r. A min\u0151s\u00e9gnek, nem pedig a mennyis\u00e9gnek kell a kit\u0171zend\u0151 c\u00e9lnak lennie a helyiek, valamint azok t\u00e1mogat\u00e1sa sor\u00e1n, akiket valamilyen k\u00f6z\u00f6s \u00e9rdekelts\u00e9g vagy identit\u00e1s f\u0171z \u00f6ssze. A tev\u00e9kenys\u00e9gek sz\u00ednes sk\u00e1l\u00e1j\u00e1b\u00f3l kell azonos\u00edtani \u00e9s terjeszteni a helyes gyakorlatot.<\/span><br \/>\n<span style=\"font-family: Arial CE; font-size: small;\">A k\u00f6z\u00f6ss\u00e9gfejleszt\u00e9s gyakorlat\u00e1nak \u00faj utakat kell tal\u00e1lnia a k\u00f6z\u00f6ss\u00e9gi munk\u00e1sk\u00e9pz\u00e9s meger\u0151s\u00edt\u00e9s\u00e9re \u00e9s a v\u00e1llalati vezet\u0151k k\u00f6z\u00f6ss\u00e9gfejleszt\u0151 oktat\u00e1sban val\u00f3 r\u00e9szv\u00e9tel\u00e9nek lehet\u0151v\u00e9t\u00e9tel\u00e9re. Sz\u00fcks\u00e9g van arra is, hogy a k\u00f6z\u00f6ss\u00e9gfejleszt\u00e9st egy er\u0151sebb elm\u00e9leti keretrendszerbe helyezz\u00fck.<\/span><br \/>\n<span style=\"font-family: Arial CE; font-size: small;\">A k\u00f6z\u00f6ss\u00e9gfejleszt\u00e9snek a helyi szinten t\u00e1mogatott helyes k\u00f6z\u00f6ss\u00e9gfejleszt\u0151 gyakorlatot kellene t\u00fckr\u00f6znie eur\u00f3pai szinten is: bizalom\u00e9p\u00edt\u00e9s, az inform\u00e1ci\u00f3 el\u00e9rhet\u0151v\u00e9 t\u00e9tele, a csoportok, szervezetek \u00f6sszehoz\u00e1sa, m\u00e1sokt\u00f3l val\u00f3 tanul\u00e1s. A j\u00f6v\u0151ben a CEBSD ezen az alapon k\u00edv\u00e1n egy\u00fcttm\u0171k\u00f6dni a kelet-k\u00f6z\u00e9p-eur\u00f3pai szervezetekkel.<\/span><br \/>\n<span style=\"font-family: Arial CE; font-size: small;\">V\u00e9lem\u00e9nyem szerint tov\u00e1bbra is egyre ink\u00e1bb egy\u00fctt kell m\u0171k\u00f6dn\u00fcnk az eur\u00f3pai d\u00f6nt\u00e9shoz\u00f3kkal, m\u00e9gpedig nemcsak kiz\u00e1r\u00f3lag a r\u00e9szv\u00e9tel \u00e9s a k\u00f6z\u00f6ss\u00e9gi bevon\u00e1s technik\u00e1ira \u00e9p\u00edtve, hanem figyelembe v\u00e9ve a k\u00f6z\u00f6ss\u00e9gfejleszt\u00e9st is. Nagyobb elismerts\u00e9get kell szerezn\u00fcnk a szakm\u00e1nak. Mindennek a m\u00e1r eml\u00edtett fokozott elv\u00e1r\u00e1sok kezel\u00e9si strat\u00e9gi\u00e1j\u00e1nak r\u00e9sz\u00e9t kell k\u00e9peznie. Ha minden, amit mondunk, a k\u00f6z\u00f6ss\u00e9gfejleszt\u00e9s gyakorlat\u00e1t venn\u00e9 alapul, az jelent\u0151s l\u00e9p\u00e9s volna a k\u00f6z\u00f6ss\u00e9gfejleszt\u00e9snek egy eur\u00f3pai keretrendszerrel val\u00f3 meger\u0151s\u00edt\u00e9se fel\u00e9.<\/span><\/p>\n","protected":false},"excerpt":{"rendered":"<p>Bevezet\u00e9s Megtiszteltet\u00e9s sz\u00e1momra, hogy az egybegy\u0171ltekhez sz\u00f3lhatok, \u00e9s r\u00e9szt vehetek ezen az eszmecser\u00e9n. R\u00e9gebbr\u0151l is ismertem az \u00f6n\u00f6k projektj\u00e9t, \u00e9s igaz\u00e1n \u00f6r\u00fcl\u00f6k, hogy most megtudhatom, mi t\u00f6rt\u00e9nt az\u00f3ta. Rem\u00e9lem, hogy el\u0151ad\u00e1som valamennyire \u00f6sszhangban \u00e1ll majd az \u00f6n\u00f6k gondolataival \u00e9s a projekt \u00e9rt\u00e9kel\u00e9s\u00e9vel. Gondolatmenetem c\u00e9lja, hogy eur\u00f3pai kontextusban ny\u00fajtsak \u00e1ttekint\u00e9st a k\u00f6z\u00f6ss\u00e9gfejleszt\u00e9sr\u0151l. Ez persze azt jelenti, [&hellip;]<\/p>\n","protected":false},"author":375,"featured_media":3413,"comment_status":"open","ping_status":"open","sticky":false,"template":"","format":"standard","meta":{"_acf_changed":false,"footnotes":""},"categories":[495,8,7],"tags":[],"coauthors":[486,362],"class_list":["post-2928","post","type-post","status-publish","format-standard","has-post-thumbnail","hentry","category-parola-2003-3","category-parola-folyoirat","category-repertorium"],"acf":[],"yoast_head":"<!-- This site is optimized with the Yoast SEO plugin v26.7 - https:\/\/yoast.com\/wordpress\/plugins\/seo\/ -->\n<title>Eur\u00f3pai trendek a k\u00f6z\u00f6ss\u00e9gfejleszt\u00e9sben - Parola Foly\u00f3irat<\/title>\n<meta name=\"robots\" content=\"index, follow, max-snippet:-1, max-image-preview:large, max-video-preview:-1\" \/>\n<link rel=\"canonical\" href=\"https:\/\/kofe.hu\/parola\/parola-folyoirat\/europai-trendek-a-kozossegfejlesztesben\/\" \/>\n<meta property=\"og:locale\" content=\"hu_HU\" \/>\n<meta property=\"og:type\" content=\"article\" \/>\n<meta property=\"og:title\" content=\"Eur\u00f3pai trendek a k\u00f6z\u00f6ss\u00e9gfejleszt\u00e9sben - Parola Foly\u00f3irat\" \/>\n<meta property=\"og:description\" content=\"Bevezet\u00e9s Megtiszteltet\u00e9s sz\u00e1momra, hogy az egybegy\u0171ltekhez sz\u00f3lhatok, \u00e9s r\u00e9szt vehetek ezen az eszmecser\u00e9n. R\u00e9gebbr\u0151l is ismertem az \u00f6n\u00f6k projektj\u00e9t, \u00e9s igaz\u00e1n \u00f6r\u00fcl\u00f6k, hogy most megtudhatom, mi t\u00f6rt\u00e9nt az\u00f3ta. Rem\u00e9lem, hogy el\u0151ad\u00e1som valamennyire \u00f6sszhangban \u00e1ll majd az \u00f6n\u00f6k gondolataival \u00e9s a projekt \u00e9rt\u00e9kel\u00e9s\u00e9vel. Gondolatmenetem c\u00e9lja, hogy eur\u00f3pai kontextusban ny\u00fajtsak \u00e1ttekint\u00e9st a k\u00f6z\u00f6ss\u00e9gfejleszt\u00e9sr\u0151l. Ez persze azt jelenti, [&hellip;]\" \/>\n<meta property=\"og:url\" content=\"https:\/\/kofe.hu\/parola\/parola-folyoirat\/europai-trendek-a-kozossegfejlesztesben\/\" \/>\n<meta property=\"og:site_name\" content=\"Parola Foly\u00f3irat\" \/>\n<meta property=\"article:published_time\" content=\"2020-07-10T18:10:00+00:00\" \/>\n<meta property=\"article:modified_time\" content=\"2020-07-30T14:52:57+00:00\" \/>\n<meta property=\"og:image\" content=\"https:\/\/kofe.hu\/parola\/wp-content\/uploads\/2020\/07\/03.3.jpeg\" \/>\n\t<meta property=\"og:image:width\" content=\"1345\" \/>\n\t<meta property=\"og:image:height\" content=\"1936\" \/>\n\t<meta property=\"og:image:type\" content=\"image\/jpeg\" \/>\n<meta name=\"author\" content=\"Paul Henderson, Varga Tam\u00e1s ford.\" \/>\n<meta name=\"twitter:card\" content=\"summary_large_image\" \/>\n<meta name=\"twitter:label1\" content=\"Szerz\u0151:\" \/>\n\t<meta name=\"twitter:data1\" content=\"Paul Henderson\" \/>\n\t<meta name=\"twitter:label2\" content=\"Becs\u00fclt olvas\u00e1si id\u0151\" \/>\n\t<meta name=\"twitter:data2\" content=\"21 perc\" \/>\n\t<meta name=\"twitter:label3\" content=\"Written by\" \/>\n\t<meta name=\"twitter:data3\" content=\"Paul Henderson, Varga Tam\u00e1s ford.\" \/>\n<script type=\"application\/ld+json\" class=\"yoast-schema-graph\">{\"@context\":\"https:\/\/schema.org\",\"@graph\":[{\"@type\":\"Article\",\"@id\":\"https:\/\/kofe.hu\/parola\/parola-folyoirat\/europai-trendek-a-kozossegfejlesztesben\/#article\",\"isPartOf\":{\"@id\":\"https:\/\/kofe.hu\/parola\/parola-folyoirat\/europai-trendek-a-kozossegfejlesztesben\/\"},\"author\":{\"name\":\"Paul Henderson\",\"@id\":\"https:\/\/kofe.hu\/parola\/#\/schema\/person\/2bac07e20cf24859b2e7b408c3f0ffd8\"},\"headline\":\"Eur\u00f3pai trendek a k\u00f6z\u00f6ss\u00e9gfejleszt\u00e9sben\",\"datePublished\":\"2020-07-10T18:10:00+00:00\",\"dateModified\":\"2020-07-30T14:52:57+00:00\",\"mainEntityOfPage\":{\"@id\":\"https:\/\/kofe.hu\/parola\/parola-folyoirat\/europai-trendek-a-kozossegfejlesztesben\/\"},\"wordCount\":4270,\"commentCount\":0,\"image\":{\"@id\":\"https:\/\/kofe.hu\/parola\/parola-folyoirat\/europai-trendek-a-kozossegfejlesztesben\/#primaryimage\"},\"thumbnailUrl\":\"https:\/\/kofe.hu\/parola\/wp-content\/uploads\/2020\/07\/03.3.jpeg\",\"articleSection\":[\"Parola 2003\/3\",\"Parola Foly\u00f3irat\",\"Repert\u00f3rium\"],\"inLanguage\":\"hu\",\"potentialAction\":[{\"@type\":\"CommentAction\",\"name\":\"Comment\",\"target\":[\"https:\/\/kofe.hu\/parola\/parola-folyoirat\/europai-trendek-a-kozossegfejlesztesben\/#respond\"]}]},{\"@type\":\"WebPage\",\"@id\":\"https:\/\/kofe.hu\/parola\/parola-folyoirat\/europai-trendek-a-kozossegfejlesztesben\/\",\"url\":\"https:\/\/kofe.hu\/parola\/parola-folyoirat\/europai-trendek-a-kozossegfejlesztesben\/\",\"name\":\"Eur\u00f3pai trendek a k\u00f6z\u00f6ss\u00e9gfejleszt\u00e9sben - Parola Foly\u00f3irat\",\"isPartOf\":{\"@id\":\"https:\/\/kofe.hu\/parola\/#website\"},\"primaryImageOfPage\":{\"@id\":\"https:\/\/kofe.hu\/parola\/parola-folyoirat\/europai-trendek-a-kozossegfejlesztesben\/#primaryimage\"},\"image\":{\"@id\":\"https:\/\/kofe.hu\/parola\/parola-folyoirat\/europai-trendek-a-kozossegfejlesztesben\/#primaryimage\"},\"thumbnailUrl\":\"https:\/\/kofe.hu\/parola\/wp-content\/uploads\/2020\/07\/03.3.jpeg\",\"datePublished\":\"2020-07-10T18:10:00+00:00\",\"dateModified\":\"2020-07-30T14:52:57+00:00\",\"author\":{\"@id\":\"https:\/\/kofe.hu\/parola\/#\/schema\/person\/2bac07e20cf24859b2e7b408c3f0ffd8\"},\"breadcrumb\":{\"@id\":\"https:\/\/kofe.hu\/parola\/parola-folyoirat\/europai-trendek-a-kozossegfejlesztesben\/#breadcrumb\"},\"inLanguage\":\"hu\",\"potentialAction\":[{\"@type\":\"ReadAction\",\"target\":[\"https:\/\/kofe.hu\/parola\/parola-folyoirat\/europai-trendek-a-kozossegfejlesztesben\/\"]}]},{\"@type\":\"ImageObject\",\"inLanguage\":\"hu\",\"@id\":\"https:\/\/kofe.hu\/parola\/parola-folyoirat\/europai-trendek-a-kozossegfejlesztesben\/#primaryimage\",\"url\":\"https:\/\/kofe.hu\/parola\/wp-content\/uploads\/2020\/07\/03.3.jpeg\",\"contentUrl\":\"https:\/\/kofe.hu\/parola\/wp-content\/uploads\/2020\/07\/03.3.jpeg\",\"width\":1345,\"height\":1936},{\"@type\":\"BreadcrumbList\",\"@id\":\"https:\/\/kofe.hu\/parola\/parola-folyoirat\/europai-trendek-a-kozossegfejlesztesben\/#breadcrumb\",\"itemListElement\":[{\"@type\":\"ListItem\",\"position\":1,\"name\":\"Home\",\"item\":\"https:\/\/kofe.hu\/parola\/\"},{\"@type\":\"ListItem\",\"position\":2,\"name\":\"Eur\u00f3pai trendek a k\u00f6z\u00f6ss\u00e9gfejleszt\u00e9sben\"}]},{\"@type\":\"WebSite\",\"@id\":\"https:\/\/kofe.hu\/parola\/#website\",\"url\":\"https:\/\/kofe.hu\/parola\/\",\"name\":\"Parola Foly\u00f3irat\",\"description\":\"\",\"potentialAction\":[{\"@type\":\"SearchAction\",\"target\":{\"@type\":\"EntryPoint\",\"urlTemplate\":\"https:\/\/kofe.hu\/parola\/?s={search_term_string}\"},\"query-input\":{\"@type\":\"PropertyValueSpecification\",\"valueRequired\":true,\"valueName\":\"search_term_string\"}}],\"inLanguage\":\"hu\"},{\"@type\":\"Person\",\"@id\":\"https:\/\/kofe.hu\/parola\/#\/schema\/person\/2bac07e20cf24859b2e7b408c3f0ffd8\",\"name\":\"Paul Henderson\",\"image\":{\"@type\":\"ImageObject\",\"inLanguage\":\"hu\",\"@id\":\"https:\/\/kofe.hu\/parola\/#\/schema\/person\/image\/592566b1612159229d40ea241bee53f2\",\"url\":\"https:\/\/secure.gravatar.com\/avatar\/72234ce38864246ea7e1eaecdbb962cb92be6d8d495bb3c17f67ba0bb7d5dae4?s=96&d=mm&r=g\",\"contentUrl\":\"https:\/\/secure.gravatar.com\/avatar\/72234ce38864246ea7e1eaecdbb962cb92be6d8d495bb3c17f67ba0bb7d5dae4?s=96&d=mm&r=g\",\"caption\":\"Paul Henderson\"},\"url\":\"https:\/\/kofe.hu\/parola\/szerzok\/paul-henderson\/\"}]}<\/script>\n<!-- \/ Yoast SEO plugin. -->","yoast_head_json":{"title":"Eur\u00f3pai trendek a k\u00f6z\u00f6ss\u00e9gfejleszt\u00e9sben - Parola Foly\u00f3irat","robots":{"index":"index","follow":"follow","max-snippet":"max-snippet:-1","max-image-preview":"max-image-preview:large","max-video-preview":"max-video-preview:-1"},"canonical":"https:\/\/kofe.hu\/parola\/parola-folyoirat\/europai-trendek-a-kozossegfejlesztesben\/","og_locale":"hu_HU","og_type":"article","og_title":"Eur\u00f3pai trendek a k\u00f6z\u00f6ss\u00e9gfejleszt\u00e9sben - Parola Foly\u00f3irat","og_description":"Bevezet\u00e9s Megtiszteltet\u00e9s sz\u00e1momra, hogy az egybegy\u0171ltekhez sz\u00f3lhatok, \u00e9s r\u00e9szt vehetek ezen az eszmecser\u00e9n. R\u00e9gebbr\u0151l is ismertem az \u00f6n\u00f6k projektj\u00e9t, \u00e9s igaz\u00e1n \u00f6r\u00fcl\u00f6k, hogy most megtudhatom, mi t\u00f6rt\u00e9nt az\u00f3ta. Rem\u00e9lem, hogy el\u0151ad\u00e1som valamennyire \u00f6sszhangban \u00e1ll majd az \u00f6n\u00f6k gondolataival \u00e9s a projekt \u00e9rt\u00e9kel\u00e9s\u00e9vel. Gondolatmenetem c\u00e9lja, hogy eur\u00f3pai kontextusban ny\u00fajtsak \u00e1ttekint\u00e9st a k\u00f6z\u00f6ss\u00e9gfejleszt\u00e9sr\u0151l. Ez persze azt jelenti, [&hellip;]","og_url":"https:\/\/kofe.hu\/parola\/parola-folyoirat\/europai-trendek-a-kozossegfejlesztesben\/","og_site_name":"Parola Foly\u00f3irat","article_published_time":"2020-07-10T18:10:00+00:00","article_modified_time":"2020-07-30T14:52:57+00:00","og_image":[{"width":1345,"height":1936,"url":"https:\/\/kofe.hu\/parola\/wp-content\/uploads\/2020\/07\/03.3.jpeg","type":"image\/jpeg"}],"author":"Paul Henderson, Varga Tam\u00e1s ford.","twitter_card":"summary_large_image","twitter_misc":{"Szerz\u0151:":"Paul Henderson","Becs\u00fclt olvas\u00e1si id\u0151":"21 perc","Written by":"Paul Henderson, Varga Tam\u00e1s ford."},"schema":{"@context":"https:\/\/schema.org","@graph":[{"@type":"Article","@id":"https:\/\/kofe.hu\/parola\/parola-folyoirat\/europai-trendek-a-kozossegfejlesztesben\/#article","isPartOf":{"@id":"https:\/\/kofe.hu\/parola\/parola-folyoirat\/europai-trendek-a-kozossegfejlesztesben\/"},"author":{"name":"Paul Henderson","@id":"https:\/\/kofe.hu\/parola\/#\/schema\/person\/2bac07e20cf24859b2e7b408c3f0ffd8"},"headline":"Eur\u00f3pai trendek a k\u00f6z\u00f6ss\u00e9gfejleszt\u00e9sben","datePublished":"2020-07-10T18:10:00+00:00","dateModified":"2020-07-30T14:52:57+00:00","mainEntityOfPage":{"@id":"https:\/\/kofe.hu\/parola\/parola-folyoirat\/europai-trendek-a-kozossegfejlesztesben\/"},"wordCount":4270,"commentCount":0,"image":{"@id":"https:\/\/kofe.hu\/parola\/parola-folyoirat\/europai-trendek-a-kozossegfejlesztesben\/#primaryimage"},"thumbnailUrl":"https:\/\/kofe.hu\/parola\/wp-content\/uploads\/2020\/07\/03.3.jpeg","articleSection":["Parola 2003\/3","Parola Foly\u00f3irat","Repert\u00f3rium"],"inLanguage":"hu","potentialAction":[{"@type":"CommentAction","name":"Comment","target":["https:\/\/kofe.hu\/parola\/parola-folyoirat\/europai-trendek-a-kozossegfejlesztesben\/#respond"]}]},{"@type":"WebPage","@id":"https:\/\/kofe.hu\/parola\/parola-folyoirat\/europai-trendek-a-kozossegfejlesztesben\/","url":"https:\/\/kofe.hu\/parola\/parola-folyoirat\/europai-trendek-a-kozossegfejlesztesben\/","name":"Eur\u00f3pai trendek a k\u00f6z\u00f6ss\u00e9gfejleszt\u00e9sben - Parola Foly\u00f3irat","isPartOf":{"@id":"https:\/\/kofe.hu\/parola\/#website"},"primaryImageOfPage":{"@id":"https:\/\/kofe.hu\/parola\/parola-folyoirat\/europai-trendek-a-kozossegfejlesztesben\/#primaryimage"},"image":{"@id":"https:\/\/kofe.hu\/parola\/parola-folyoirat\/europai-trendek-a-kozossegfejlesztesben\/#primaryimage"},"thumbnailUrl":"https:\/\/kofe.hu\/parola\/wp-content\/uploads\/2020\/07\/03.3.jpeg","datePublished":"2020-07-10T18:10:00+00:00","dateModified":"2020-07-30T14:52:57+00:00","author":{"@id":"https:\/\/kofe.hu\/parola\/#\/schema\/person\/2bac07e20cf24859b2e7b408c3f0ffd8"},"breadcrumb":{"@id":"https:\/\/kofe.hu\/parola\/parola-folyoirat\/europai-trendek-a-kozossegfejlesztesben\/#breadcrumb"},"inLanguage":"hu","potentialAction":[{"@type":"ReadAction","target":["https:\/\/kofe.hu\/parola\/parola-folyoirat\/europai-trendek-a-kozossegfejlesztesben\/"]}]},{"@type":"ImageObject","inLanguage":"hu","@id":"https:\/\/kofe.hu\/parola\/parola-folyoirat\/europai-trendek-a-kozossegfejlesztesben\/#primaryimage","url":"https:\/\/kofe.hu\/parola\/wp-content\/uploads\/2020\/07\/03.3.jpeg","contentUrl":"https:\/\/kofe.hu\/parola\/wp-content\/uploads\/2020\/07\/03.3.jpeg","width":1345,"height":1936},{"@type":"BreadcrumbList","@id":"https:\/\/kofe.hu\/parola\/parola-folyoirat\/europai-trendek-a-kozossegfejlesztesben\/#breadcrumb","itemListElement":[{"@type":"ListItem","position":1,"name":"Home","item":"https:\/\/kofe.hu\/parola\/"},{"@type":"ListItem","position":2,"name":"Eur\u00f3pai trendek a k\u00f6z\u00f6ss\u00e9gfejleszt\u00e9sben"}]},{"@type":"WebSite","@id":"https:\/\/kofe.hu\/parola\/#website","url":"https:\/\/kofe.hu\/parola\/","name":"Parola Foly\u00f3irat","description":"","potentialAction":[{"@type":"SearchAction","target":{"@type":"EntryPoint","urlTemplate":"https:\/\/kofe.hu\/parola\/?s={search_term_string}"},"query-input":{"@type":"PropertyValueSpecification","valueRequired":true,"valueName":"search_term_string"}}],"inLanguage":"hu"},{"@type":"Person","@id":"https:\/\/kofe.hu\/parola\/#\/schema\/person\/2bac07e20cf24859b2e7b408c3f0ffd8","name":"Paul Henderson","image":{"@type":"ImageObject","inLanguage":"hu","@id":"https:\/\/kofe.hu\/parola\/#\/schema\/person\/image\/592566b1612159229d40ea241bee53f2","url":"https:\/\/secure.gravatar.com\/avatar\/72234ce38864246ea7e1eaecdbb962cb92be6d8d495bb3c17f67ba0bb7d5dae4?s=96&d=mm&r=g","contentUrl":"https:\/\/secure.gravatar.com\/avatar\/72234ce38864246ea7e1eaecdbb962cb92be6d8d495bb3c17f67ba0bb7d5dae4?s=96&d=mm&r=g","caption":"Paul Henderson"},"url":"https:\/\/kofe.hu\/parola\/szerzok\/paul-henderson\/"}]}},"_links":{"self":[{"href":"https:\/\/kofe.hu\/parola\/wp-json\/wp\/v2\/posts\/2928","targetHints":{"allow":["GET"]}}],"collection":[{"href":"https:\/\/kofe.hu\/parola\/wp-json\/wp\/v2\/posts"}],"about":[{"href":"https:\/\/kofe.hu\/parola\/wp-json\/wp\/v2\/types\/post"}],"author":[{"embeddable":true,"href":"https:\/\/kofe.hu\/parola\/wp-json\/wp\/v2\/users\/375"}],"replies":[{"embeddable":true,"href":"https:\/\/kofe.hu\/parola\/wp-json\/wp\/v2\/comments?post=2928"}],"version-history":[{"count":2,"href":"https:\/\/kofe.hu\/parola\/wp-json\/wp\/v2\/posts\/2928\/revisions"}],"predecessor-version":[{"id":4559,"href":"https:\/\/kofe.hu\/parola\/wp-json\/wp\/v2\/posts\/2928\/revisions\/4559"}],"wp:featuredmedia":[{"embeddable":true,"href":"https:\/\/kofe.hu\/parola\/wp-json\/wp\/v2\/media\/3413"}],"wp:attachment":[{"href":"https:\/\/kofe.hu\/parola\/wp-json\/wp\/v2\/media?parent=2928"}],"wp:term":[{"taxonomy":"category","embeddable":true,"href":"https:\/\/kofe.hu\/parola\/wp-json\/wp\/v2\/categories?post=2928"},{"taxonomy":"post_tag","embeddable":true,"href":"https:\/\/kofe.hu\/parola\/wp-json\/wp\/v2\/tags?post=2928"},{"taxonomy":"author","embeddable":true,"href":"https:\/\/kofe.hu\/parola\/wp-json\/wp\/v2\/coauthors?post=2928"}],"curies":[{"name":"wp","href":"https:\/\/api.w.org\/{rel}","templated":true}]}}