{"id":2925,"date":"2020-07-10T18:07:36","date_gmt":"2020-07-10T18:07:36","guid":{"rendered":"https:\/\/kofe.hu\/parola\/?p=2925"},"modified":"2020-07-30T14:52:39","modified_gmt":"2020-07-30T14:52:39","slug":"kozossegfejlesztes-kozep-kelet-europaban","status":"publish","type":"post","link":"https:\/\/kofe.hu\/parola\/parola-folyoirat\/kozossegfejlesztes-kozep-kelet-europaban\/","title":{"rendered":"K\u00f6z\u00f6ss\u00e9gfejleszt\u00e9s K\u00f6z\u00e9p-Kelet-Eur\u00f3p\u00e1ban"},"content":{"rendered":"<p><b><span style=\"font-family: Arial CE; font-size: small;\">Bevezet\u0151<\/span><\/b><\/p>\n<p><span style=\"font-family: Arial CE; font-size: small;\">El\u0151ad\u00e1som bevezet\u0151j\u00e9vel gondolati hidat szeretn\u00e9k \u00e9p\u00edteni a szemin\u00e1rium kezdete \u00e9s v\u00e9ge k\u00f6z\u00f6tt, amikor is programunk majd Gergely Attila szociol\u00f3gus bar\u00e1tunk \u00f6sszefoglal\u00f3 megjegyz\u00e9seivel z\u00e1rul. Az \u0151 30 \u00e9vvel ezel\u0151tti gondolatait szeretn\u00e9m feleleven\u00edteni, amellyel r\u00e1nk, a magyar k\u00f6z\u00f6ss\u00e9gfejleszt\u00e9s kialakul\u00e1s\u00e1nak korai szakasz\u00e1ban oly nagy hat\u00e1ssal volt, s amelynek aktualit\u00e1s\u00e1t ma, a rendszerv\u00e1lt\u00e1s \u00f3ta eltelt id\u0151szak 14. \u00e9v\u00e9ben m\u00e9g er\u0151sebben \u00e9rzem, mint akkor.<\/span><\/p>\n<p><!--more--><br \/>\n<span style=\"font-family: Arial CE; font-size: small;\">Azt mondta bar\u00e1tunk a 70-es \u00e9vek v\u00e9g\u00e9n, hogy a t\u00e1rsadalmak \u00e9let\u00e9ben bek\u00f6vetkez\u0151 \u00e1tfog\u00f3 \u00e9s gyors min\u0151s\u00e9gi v\u00e1ltoz\u00e1sok r\u00e1mutatnak a versenyben marad\u00e1s kritikus felt\u00e9tel\u00e9re: a kult\u00farateremt\u0151 k\u00e9pess\u00e9g jelent\u0151s\u00e9g\u00e9re. Az \u00e1lland\u00f3sul\u00f3 v\u00e1ltoz\u00e1sok kor\u00e1ban a korszakv\u00e1lt\u00e1s ugyanis kult\u00farav\u00e1lt\u00e1s is egyben, mert a korszakv\u00e1lt\u00e1s l\u00e9nyege az \u00e1tfog\u00f3 kultur\u00e1lis alapszerkezetek \u00e1t\u00e9p\u00fcl\u00e9se.<\/span><br \/>\n<span style=\"font-family: Arial CE; font-size: small;\">Bevezette az \u201eadott kultur\u00e1lis felk\u00e9sz\u00fclts\u00e9g\u201d fogalm\u00e1t, \u00e9s azt a t\u00e1rsadalmilag kialak\u00edtott szok\u00e1sok egy\u00fctteseinek, vagyis int\u00e9zm\u00e9nyeknek fogta fel. Azt mondta, hogy az adott kult\u00far\u00e1t kitev\u0151 int\u00e9zm\u00e9nyek egy r\u00e9sze folyamatosan elavul\u00f3ban van, mik\u00f6zben kultur\u00e1lis hi\u00e1nyok, v\u00e1kuumok is keletkeznek. A kult\u00farateremt\u0151 k\u00e9pess\u00e9g a hi\u00e1nyok folyamatos felsz\u00e1mol\u00e1s\u00e1ra, \u00faj int\u00e9zm\u00e9nyek \u00e9p\u00edt\u00e9s\u00e9re vonatkozik. Kijelenti, hogy az \u00e1lland\u00f3sult v\u00e1ltoz\u00e1sok kor\u00e1ban az int\u00e9zm\u00e9nyi hi\u00e1nyok egyedi alapon \u00e9s a hagyom\u00e1nyos logika szerint m\u00e1r nem kezelhet\u0151k, ez\u00e9rt a felgyors\u00edt\u00e1s k\u00f6z\u00f6ss\u00e9gi int\u00e9zm\u00e9nyeit kell l\u00e9trehoznunk. Ilyen int\u00e9zm\u00e9ny felfog\u00e1s\u00e1ban a kultur\u00e1lis fejleszt\u00e9s &#8211; \u00e9rtelmez\u00e9s\u00fcnkben: k\u00f6z\u00f6ss\u00e9gfejleszt\u00e9s &#8211; is, amely a t\u00e1rsadalom &#8211; t\u00e1gan \u00e9rtelmezett &#8211; m\u0171vel\u0151d\u00e9si teljes\u00edt\u0151k\u00e9pess\u00e9g\u00e9nek fokoz\u00e1s\u00e1ra hivatott.<\/span><\/p>\n<p><b><span style=\"font-family: Arial CE; font-size: small;\">1. A k\u00f6z\u00f6ss\u00e9gfejleszt\u00e9s mint a t\u00e1rsadalom kult\u00farateremt\u0151 k\u00e9pess\u00e9g\u00e9nek felgyors\u00edt\u00e1s\u00e1ra alkalmas int\u00e9zm\u00e9ny<\/span><\/b><\/p>\n<p><b><span style=\"font-family: Arial CE; font-size: small;\">1.1 T\u00e1rsadalmi reformkoncepci\u00f3 vagy m\u00f3dszer?<\/span><\/b><br \/>\n<span style=\"font-family: Arial CE; font-size: small;\">K\u00e9t\u00e9ves t\u00e9rs\u00e9gi egy\u00fcttm\u0171k\u00f6d\u00e9s\u00fcnk v\u00e9g\u00e9n \u00fagy v\u00e9lem, hogy az els\u0151 fontos k\u00e9rd\u00e9s, amit fel kell tenn\u00fcnk magunknak, az az, hogy a k\u00f6z\u00f6ss\u00e9gfejleszt\u00e9st t\u00e1gan vagy sz\u0171ken \u00e9rtelmezz\u00fck-e, vagyis hogy a jobb t\u00e1rsadalom\u00e9rt folytatott k\u00fczdelem eszk\u00f6zek\u00e9nt gondolkodunk-e r\u00f3la vagy csak technikai-m\u00f3dszertani \u00e9rtelemben, puszta t\u00e1rsadalomszervez\u00e9si gyakorlatk\u00e9nt \u00e9rtelmezz\u00fck?<\/span><br \/>\n<span style=\"font-family: Arial CE; font-size: small;\">Ez a k\u00e9rd\u00e9s szorosan \u00f6sszef\u00fcgg azzal a dilemm\u00e1val is, hogy vajon \u00f6n\u00e1ll\u00f3 szakmak\u00e9nt \u00e9rtelmezz\u00fck-e a k\u00f6z\u00f6ss\u00e9gfejleszt\u00e9st vagy csak a lehets\u00e9ges t\u00e1rsadalomfejleszt\u0151 m\u00f3dszerek egyik\u00e9nek? Amennyiben szakmak\u00e9nt fogjuk fel ugyanis, akkor nem n\u00e9lk\u00fcl\u00f6zhetj\u00fck a sz\u00fcks\u00e9gess\u00e9g\u00e9t legitim\u00e1l\u00f3 elm\u00e9letek sz\u00e1mbav\u00e9tel\u00e9t, valamint saj\u00e1t \u00e9rt\u00e9keinek tiszt\u00e1z\u00e1s\u00e1t sem, s akkor m\u00e1ris sikaml\u00f3s talajra \u00e9rkezt\u00fcnk.<\/span><\/p>\n<p><span style=\"font-family: Arial CE; font-size: small;\">E talaj n\u00e1lunk &#8211; ha lehet &#8211; r\u00e9gi\u00f3nkban tal\u00e1n m\u00e9g sikaml\u00f3sabb, mint m\u00e1sutt. \u201eT\u00e1rsadalmi reformkoncepci\u00f3\u201d &#8211; fogalmazok \u00f3vatosan -, s nem eszm\u00e9t, s f\u0151k\u00e9nt nem ideol\u00f3gi\u00e1t emlegetek, mert e fogalmakhoz t\u00e9rs\u00e9g\u00fcnkben t\u00fals\u00e1gosan is friss negat\u00edv t\u00f6rt\u00e9nelmi tapasztalatok t\u00e1rsulnak. A jelenkori t\u00e1rsadalomfejleszt\u00e9si t\u00f6rekv\u00e9sek a t\u00e9rs\u00e9gben ink\u00e1bb ideol\u00f3giamentesek, mint kor\u00e1bban, helyesebben ma m\u00e1r mifel\u00e9nk is a posztmodern korra jellemz\u0151 \u00e9rt\u00e9kpluralizmus figyelhet\u0151 meg. \u00dagy is mondhatn\u00e1nk, hogy tal\u00e1n ink\u00e1bb a pragmatizmusban, a piacgazd\u00e1lkod\u00e1s szab\u00e1lyoz\u00f3 szerep\u00e9ben \u201ehisz\u00fcnk\u201d, mint \u00e1ltal\u00e1nosabb, \u201emindent\u201d \u00e1tfog\u00f3 vez\u00e9rl\u0151 elvekben, mint amilyenek p\u00e9ld\u00e1ul a \u201ej\u00f3 t\u00e1rsadalom\u201d vagy a \u201eszabads\u00e1g, egyenl\u0151s\u00e9g, testv\u00e9ris\u00e9g\u201d \u00e9rt\u00e9krendje. Mindemellett j\u00f3l megfigyelhet\u0151 &#8211; s nemcsak n\u00e1lunk, hanem a nyugati vil\u00e1gban is &#8211; bizonyos, a t\u00e1rsadalomfejleszt\u00e9sben kulcsfontoss\u00e1g\u00fa eszm\u00e9k feler\u0151s\u00f6d\u00e9se \u00e9s szinte azonnali devalv\u00e1l\u00f3d\u00e1sa is. A demokr\u00e1cia \u00e9s a civil t\u00e1rsadalom eszm\u00e9j\u00e9re gondolok. Ezek az eszm\u00e9k a k\u00f6z\u00f6ss\u00e9gfejleszt\u00e9s szakmai legitim\u00e1ci\u00f3j\u00e1ra is alkalmasak.<\/span><br \/>\n<span style=\"font-family: Arial CE; font-size: small;\">Eddigi benyom\u00e1saink alapj\u00e1n azt mondhatjuk, hogy a t\u00e9rs\u00e9gbeli szervezetek egy r\u00e9sze ebben a komplexit\u00e1sban k\u00f6zel\u00edti a k\u00f6z\u00f6ss\u00e9gfejleszt\u00e9st \u00e9s \u00f6n\u00e1ll\u00f3 szakmak\u00e9nt defini\u00e1lja, m\u00edg m\u00e1sok f\u0151k\u00e9nt t\u00e1rsadalomfejleszt\u0151 m\u00f3dszerk\u00e9nt alkalmazz\u00e1k azt.<\/span><\/p>\n<p><b><span style=\"font-family: Arial CE; font-size: small;\">1.2 Lehets\u00e9ges funkci\u00f3k<\/span><\/b><br \/>\n<span style=\"font-family: Arial CE; font-size: small;\">Ha a k\u00f6z\u00f6ss\u00e9gfejleszt\u00e9sre mint a t\u00e1rsadalom kult\u00farateremt\u0151 k\u00e9pess\u00e9g\u00e9nek felgyors\u00edt\u00e1s\u00e1ra alkalmas int\u00e9zm\u00e9nyre gondolunk, azt kell vizsg\u00e1lnunk szerintem m\u00e1sodj\u00e1ra, hogy az milyen funkci\u00f3kat is k\u00e9pes bet\u00f6lteni a t\u00e1rsadalom \u00e1talakul\u00e1s\u00e1ban?<\/span><br \/>\n<span style=\"font-family: Arial CE; font-size: small;\">\u00dagy tal\u00e1ljuk, hogy a k\u00f6z\u00f6ss\u00e9gfejleszt\u00e9s t\u00e9rs\u00e9g\u00fcnkben els\u0151sorban a t\u00e1rsadalom k\u00f6z\u00f6ss\u00e9gi kezdem\u00e9nyez\u0151- \u00e9s cselekv\u0151k\u00e9pess\u00e9g\u00e9t hivatott fejleszteni.<\/span><br \/>\n<span style=\"font-family: Arial CE; font-size: small;\">Az adekv\u00e1t k\u00f6z\u00f6ss\u00e9gi cselekv\u00e9s legf\u0151bb felt\u00e9tele a t\u00e1rsadalmi szerepl\u0151k k\u00f6z\u00f6tti kommunik\u00e1ci\u00f3. A kommunik\u00e1ci\u00f3 &#8211; Habermas szerint &#8211; az \u00f6nbemutat\u00e1shoz, a helyzet\u00fcnk le\u00edr\u00e1s\u00e1hoz, a probl\u00e9ma defini\u00e1l\u00e1s\u00e1hoz, a dial\u00f3gus kialakul\u00e1s\u00e1hoz vezet. A cselekv\u00e9s m\u00e1r a dial\u00f3gusban is megval\u00f3sul, hiszen a dolgainkr\u00f3l val\u00f3 meg\u00e9rt\u00e9s a kommunik\u00e1ci\u00f3 sor\u00e1n j\u00f6n l\u00e9tre, ebben dolgozunk ki k\u00f6z\u00f6s nyelvet, mely \u00faj k\u00f6z\u00f6ss\u00e9gg\u00e9 kapcsol \u00f6ssze benn\u00fcnket. A szolidarit\u00e1shoz vezet\u0151 \u00fat is a kommunikat\u00edv cselekv\u00e9s \u00fatja, mert ennek r\u00e9v\u00e9n j\u00f6het l\u00e9tre a meg\u00e9rt\u00e9s, a n\u00e9zetek \u00f6sszehangol\u00e1s\u00e1val az egyet\u00e9rt\u00e9s, a kooper\u00e1ci\u00f3 sz\u00fcks\u00e9gess\u00e9g\u00e9nek bel\u00e1t\u00e1sa.<\/span><br \/>\n<span style=\"font-family: Arial CE; font-size: small;\">A k\u00f6z\u00f6ss\u00e9gi cselekv\u00e9s motiv\u00e1ci\u00f3kat \u00e9p\u00edt a m\u0171vel\u0151d\u00e9sre, a tanul\u00e1sra, felt\u00f6ri a z\u00e1rt vil\u00e1gokat \u00e9s kit\u00e1g\u00edtja a mozg\u00e1stereket, \u00faj int\u00e9zm\u00e9nyeket \u00e9s int\u00e9zm\u00e9nyek k\u00f6z\u00f6tti kapcsolatokat szervez, s seg\u00edt az \u00e1llampolg\u00e1roknak \u00e9s k\u00f6z\u00f6ss\u00e9geiknek abban, hogy haszn\u00e1lni is tudj\u00e1k az \u00e9rt\u00fck l\u00e9trej\u00f6tt int\u00e9zm\u00e9nyeket. Mindezzel a k\u00f6z\u00f6ss\u00e9gfejleszt\u00e9s nagyban hozz\u00e1j\u00e1rul v\u00e1ltoz\u00f3 t\u00e1rsadalmaink kult\u00farateremt\u0151 k\u00e9pess\u00e9g\u00e9nek felgyorsul\u00e1s\u00e1hoz.<\/span><br \/>\n<span style=\"font-family: Arial CE; font-size: small;\">T\u00e9rs\u00e9g\u00fcnk t\u00e1rsadalmainak fejl\u0151d\u00e9se szempontj\u00e1b\u00f3l tal\u00e1n a fentiek a k\u00f6z\u00f6ss\u00e9gfejleszt\u00e9s legfontosabb t\u00e1rsadalmi funkci\u00f3i, \u00e1m term\u00e9szetesen m\u00e1s funkci\u00f3kat is joggal felvethetn\u00e9nk.<\/span><br \/>\n<span style=\"font-family: Arial CE; font-size: small;\">E funkci\u00f3k legitim\u00e1lj\u00e1k a k\u00f6z\u00f6ss\u00e9gfejleszt\u00e9st. A t\u00e1rsadalmi int\u00e9zm\u00e9nyi hi\u00e1nyok m\u00e9rs\u00e9kl\u00e9s\u00e9re sz\u00fcks\u00e9g van kezdem\u00e9nyez\u0151kre, akikt\u0151l a kezdem\u00e9nyez\u00e9s \u00e1tvehet\u0151; sz\u00fcks\u00e9g van a t\u00e1rsadalmi kommunik\u00e1ci\u00f3t szervez\u0151 szakemberekre; sz\u00fcks\u00e9g van a k\u00f6z\u00f6ss\u00e9gi cselekv\u00e9st sikerre juttat\u00f3 k\u00e9pess\u00e9 t\u00e9telre, tanul\u00e1sra.<\/span><br \/>\n<span style=\"font-family: Arial CE; font-size: small;\">E funkci\u00f3k \u00e9rv\u00e9nyes\u00fcl\u00e9s\u00e9hez a demokratikus \u00e1llamforma ny\u00fajt megfelel\u0151 kereteket. Mivel kor\u00e1bban e t\u00e9rs\u00e9g \u00e1llamai nem ilyenek voltak, nem csoda, ha e kereteket m\u00e9g akadozva tudjuk csak kit\u00f6lteni. Nagyon is sz\u00fcks\u00e9ges teh\u00e1t a r\u00e1seg\u00edt\u00e9s, a felgyors\u00edt\u00e1s, a k\u00f6z\u00f6ss\u00e9gfejleszt\u0151i szerepv\u00e1llal\u00e1s.<\/span><br \/>\n<span style=\"font-family: Arial CE; font-size: small;\">Ezek ut\u00e1n l\u00e1ssuk, hogy t\u00f6redezett tapasztalataink milyen k\u00f6vetkeztet\u00e9seket engednek sz\u00e1munkra a t\u00e9rs\u00e9g k\u00f6z\u00f6ss\u00e9gfejleszt\u00e9si gyakorlat\u00e1r\u00f3l?<\/span><\/p>\n<p><b><span style=\"font-family: Arial CE; font-size: small;\">2. A k\u00f6z\u00f6ss\u00e9gfejleszt\u00e9s int\u00e9zm\u00e9ny\u00e9nek gyakorlati megjelen\u00e9se a r\u00e9gi\u00f3ban<\/span><\/b><\/p>\n<p><b><span style=\"font-family: Arial CE; font-size: small;\">2.1 A gy\u00f6kerek<\/span><\/b><br \/>\n<span style=\"font-family: Arial CE; font-size: small;\">A k\u00f6z\u00f6ss\u00e9gfejleszt\u00e9s, k\u00f6z\u00f6ss\u00e9gi munka szakmai kialakul\u00e1s\u00e1nak \u00e9s fejl\u0151d\u00e9s\u00e9nek t\u00f6rt\u00e9nelme azt mutatja, hogy e foglalkoz\u00e1s a legszorosabb \u00f6sszef\u00fcgg\u00e9sbe hozhat\u00f3 a demokr\u00e1ci\u00e1val, a civil t\u00e1rsadalom kialakul\u00e1s\u00e1val \u00e9s m\u0171k\u00f6d\u00e9s\u00e9vel.<\/span><br \/>\n<span style=\"font-family: Arial CE; font-size: small;\">A k\u00f6z\u00e9p-kelet-eur\u00f3pai t\u00e9rs\u00e9gben is vannak term\u00e9szetesen hagyom\u00e1nyai az \u00f6nseg\u00edt\u00e9snek \u00e9s az egym\u00e1son seg\u00edt\u00e9snek, az egyes\u00fcleti \u00e9letnek, az egyh\u00e1zi \u00e9s vil\u00e1gi j\u00f3t\u00e9konys\u00e1gnak, a filantr\u00f3pok tev\u00e9kenys\u00e9ge is nagy m\u00falt\u00fa, heroikus k\u00fczdelem, el\u00e9g, ha csak az \u00e9rtelmis\u00e9g k\u00fcldet\u00e9ses szerep\u00e9t eml\u00edtem meg. A falu tan\u00edt\u00f3ja egyben \u201ef\u00e1klya\u201d, a n\u00e9pi \u00edr\u00f3k mozgalma, szociogr\u00e1fia, szabadm\u0171vel\u0151d\u00e9s, n\u00e9pm\u0171vel\u00e9s \u00e9s feln\u0151ttoktat\u00e1s, s &#8211; nos, igen! &#8211; baloldali munk\u00e1smozgalom mifel\u00e9nk is k\u00fczd\u00f6tt a t\u00e1rsadalmi halad\u00e1s\u00e9rt, s reformerekben sem volt hi\u00e1ny e t\u00e1jon. Az iparosod\u00e1s okozta v\u00e1rosiasod\u00e1s n\u00e1lunk is hasonl\u00f3 helyzeteket hozott l\u00e9tre, mint m\u00e1sutt (\u00faj negyedek, v\u00e1rosok), s a rendszerv\u00e1lt\u00e1s-okozta gy\u00f6keres \u00e1talakul\u00e1s n\u00e1lunk is kitermelte a bajbajutottak &#8211; munkan\u00e9lk\u00fcliek, elnyomorod\u00f3k &#8211; t\u00f6megeit.<\/span><br \/>\n<span style=\"font-family: Arial CE; font-size: small;\">A mi t\u00e9rs\u00e9g\u00fcnkben is megtal\u00e1lhat\u00f3ak teh\u00e1t azok a progressz\u00edv elemek, amelyek a modern k\u00f6z\u00f6ss\u00e9gis\u00e9g t\u00f6rt\u00e9neteit \u00edrj\u00e1k. Mi is tudunk p\u00e9ld\u00e1kat felmutatni szinte mindenre, \u00e1m ezek eddig, egy, az eg\u00e9sz t\u00e1rsadalmat \u00e1tfog\u00f3 demokratikus t\u00e1rsadalmi berendezked\u00e9s hi\u00e1ny\u00e1ban tal\u00e1n kev\u00e9ss\u00e9 tudtak befoly\u00e1st gyakorolni a hatalomra: a t\u00e1rsadalompolitik\u00e1ra, a t\u00f6rv\u00e9nyhoz\u00e1sra, a szponzor\u00e1l\u00e1si gyakorlatra, mint a r\u00e9gi demokr\u00e1ci\u00e1kban. A korszer\u0171 megold\u00e1sok ink\u00e1bb kiv\u00e9telk\u00e9nt, ill. k\u00eds\u00e9rletk\u00e9nt jelentek meg, mintsem hogy sz\u00e9les k\u00f6rben alkalmaz\u00e1sra ker\u00fcltek volna. Az \u00f6ntudatos \u201ecivils\u00e9g\u201d, az \u00e1llampolg\u00e1ris\u00e1g, az \u00e1llampolg\u00e1rok mozgalmai \u00e9s szervezetei &#8211; \u00e9ppen mert kiv\u00e9telk\u00e9nt, s nem t\u00f6megm\u00e9retekben m\u0171k\u00f6dhettek -, eg\u00e9szen mostan\u00e1ig nem hordtak ki \u00faj, szakm\u00e1s\u00edthat\u00f3 megold\u00e1sokat, vagy ha igen, az \u00e1llam nem emelte ki ezeket a maguk partikularit\u00e1s\u00e1b\u00f3l, s nem seg\u00edtett sz\u00e9les k\u00f6r\u0171 t\u00e1rsadalomjobb\u00edt\u00f3 gyakorlatt\u00e1 szervezni. A mi t\u00f6rt\u00e9neteinkb\u0151l hi\u00e1nyzik az a sz\u00e9les k\u00f6r\u0171 alulr\u00f3l \u00e9p\u00edtkez\u00e9s, amely s\u0171r\u0171s\u00f6d\u00e9si pontjain t\u00e1rsadalmi mozgalmakat, civil aktivit\u00e1st \u00e9s ezzel egyidej\u0171leg t\u00e1rsadalomjobb\u00edt\u00f3 technik\u00e1kat &#8211; szakm\u00e1kat &#8211; is hoz l\u00e9tre, amelyet a demokratikusan v\u00e1lasztott d\u00f6nt\u00e9shozatali szervezetek (\u00e9s nem a politikai hatalom) a maguk eszk\u00f6zeivel er\u0151s\u00edtenek, t\u00e1mogatnak.<\/span><br \/>\n<span style=\"font-family: Arial CE; font-size: small;\">Az \u00e1ltalunk jelenleg ismert szervezetek egy r\u00e9sze bels\u0151, organikus t\u00f6rekv\u00e9sek hat\u00e1s\u00e1ra jelent meg a t\u00e1rsadalmi sz\u00ednt\u00e9ren. A mi szervezet\u00fcnk, a HACD tal\u00e1n legink\u00e1bb a filantr\u00f3p hagyom\u00e1nyokat \u00f6szt\u00f6n\u00f6sen folytatva kereste a t\u00e1rsadalom moderniz\u00e1l\u00f3d\u00e1s\u00e1nak \u00e9s demokratiz\u00e1l\u00f3d\u00e1s\u00e1nak mai \u00fatjait, m\u00e1r a 70-es \u00e9vek k\u00f6zep\u00e9t\u0151l. Hasonl\u00f3 megfontol\u00e1sok alapj\u00e1n indult a SZEKE is k\u00e9t \u00e9vtizeddel k\u00e9s\u0151bb, s az a benyom\u00e1sunk, hogy az RACD p\u00e1r \u00e9vvel ezel\u0151tti megszervez\u0151d\u00e9s\u00e9ben sem elhanyagolhat\u00f3 az \u00e9rtelmis\u00e9gi k\u00fcldet\u00e9studat. Hasonl\u00f3 ind\u00edttat\u00e1sok tal\u00e1n fellelhet\u0151ek a t\u00f6bbi, a rendszerv\u00e1lt\u00e1s ut\u00e1n alakult szervezetn\u00e9l is, \u00edgy a CAL \u00e9s a VOKA szervezet\u00e9n\u00e9l is. Az a benyom\u00e1sunk, hogy e szervezetek l\u00e9trej\u00f6tt\u00e9t a k\u00fcls\u0151 inspir\u00e1ci\u00f3 \u00e9s t\u00e1mogat\u00e1s is nagym\u00e9rt\u00e9kben el\u0151seg\u00edtette. A t\u00e1mogat\u00f3 szervezetek maguk is int\u00e9zm\u00e9ny\u00e9p\u00edt\u0151 \u00e9s felgyors\u00edt\u00f3 szervezetekk\u00e9nt jelentek meg t\u00e9rs\u00e9g\u00fcnkben.<\/span><br \/>\n<span style=\"font-family: Arial CE; font-size: small;\">Saj\u00e1toss\u00e1ga a t\u00e9rs\u00e9gi k\u00f6z\u00f6ss\u00e9gfejleszt\u0151 szervezetek j\u00f3 r\u00e9sz\u00e9nek a m\u0171vel\u0151d\u00e9si otthonokhoz f\u0171z\u0151d\u0151 viszonyuk. A magyar, a rom\u00e1niai magyar \u00e9s a lengyel szervezetek k\u00f6zvetlen kapcsolatban \u00e1llnak ezzel az int\u00e9zm\u00e9nyt\u00edpussal, m\u00e9g akkor is, ha kapcsolatuk t\u00f6rt\u00e9net\u00e9ben mindegyik m\u00e1shol tart. A lengyel szervezet a \u201eCAL\u201d k\u00f6z\u00f6ss\u00e9gfejleszt\u0151 m\u00f3dszer elsaj\u00e1t\u00edt\u00e1s\u00e1ra \u00e9s haszn\u00e1lat\u00e1ra buzd\u00edtja &#8211; t\u00f6bbek k\u00f6z\u00f6tt &#8211; a m\u0171vel\u0151d\u00e9si int\u00e9zm\u00e9nyek munkat\u00e1rsait, m\u00edg a rom\u00e1niai magyar \u00e9s magyarorsz\u00e1gi szervezet tagjai a m\u0171vel\u0151d\u00e9si otthonban foly\u00f3 munka reformj\u00e1val dolgozta ki mag\u00e1t fokozatosan egy t\u00e1gabb t\u00e1rsadalmi t\u00e9rbe, egy interdiszciplin\u00e1ris szakm\u00e1ba.<\/span><br \/>\n<span style=\"font-family: Arial CE; font-size: small;\">A m\u0171vel\u0151d\u00e9si otthon mint a demokratikus hagyom\u00e1nyokat \u00e9s gyakorlatot mag\u00e1ba olvaszt\u00f3 \u00e9s r\u00e9szben tov\u00e1bb \u00e9ltet\u0151, ill. k\u00e9s\u0151bb n\u00e9h\u00e1ny \u00faj hum\u00e1n seg\u00edt\u0151 szakm\u00e1t kik\u00eds\u00e9rletez\u0151 int\u00e9zm\u00e9nyt\u00edpus \u00e9rdekes k\u00e9pz\u0151dm\u00e9nye e t\u00e9rs\u00e9g t\u00e1rsadalmainak, melynek elemz\u00e9se k\u00fcl\u00f6n el\u0151ad\u00e1st \u00e9rdemelne.<\/span><\/p>\n<p><b><span style=\"font-family: Arial CE; font-size: small;\">2.2 Mit tanultunk az \u00e9vek sor\u00e1n?<\/span><\/b><br \/>\n<span style=\"font-family: Arial CE; font-size: small;\">A bevezet\u0151 gondolatok vonatkoz\u00e1s\u00e1ban a kiindul\u00e1sunk a k\u00f6vetkez\u0151: k\u00e9pes-e t\u00e9rs\u00e9g\u00fcnkben a k\u00f6z\u00f6ss\u00e9gfejleszt\u00e9s a t\u00e1rsadalom m\u0171vel\u0151d\u00e9si teljes\u00edt\u0151k\u00e9pess\u00e9g\u00e9t fokozni, vagyis felgyors\u00edt\u00f3 int\u00e9zm\u00e9nyk\u00e9nt funkcion\u00e1lni?<\/span><br \/>\n<span style=\"font-family: Arial CE; font-size: small;\">V\u00e1laszom igen is \u00e9s nem is.<\/span><br \/>\n<span style=\"font-family: Arial CE; font-size: small;\">Igen, mert sz\u00e1mos meggy\u0151z\u0151 p\u00e9ld\u00e1val tudja bizony\u00edtani \u00e9letk\u00e9pess\u00e9g\u00e9t, s ezekr\u0151l ez a szemin\u00e1rium is tan\u00faskodni fog. E p\u00e9ld\u00e1k a holtpontr\u00f3l elmozdul\u00f3 helyi k\u00f6z\u00f6ss\u00e9gekben sz\u00fcletnek, s mik\u00f6zben \u00faj int\u00e9zm\u00e9nyek \u00e9p\u00fclnek a helyi k\u00f6z\u00f6ss\u00e9gekben, \u00faj szakmai m\u00f3dszerek \u00e9s legitim\u00e1ci\u00f3s elm\u00e9letek, szakmai szervezetek, nemzetk\u00f6zi egy\u00fcttm\u0171k\u00f6d\u00e9sek, tananyagok, k\u00e9pz\u00e9si programok fejl\u0151dnek ki.<\/span><br \/>\n<span style=\"font-family: Arial CE; font-size: small;\">Nem, mert e tev\u00e9kenys\u00e9g mindm\u00e1ig meglehet\u0151sen sz\u0171k k\u00f6rben zajlik, s ez\u00e9rt befoly\u00e1sa a t\u00e1rsadalom kult\u00farateremt\u0151 k\u00e9pess\u00e9g\u00e9nek felgyors\u00edt\u00e1s\u00e1ra jelenleg m\u00e9g meglehet\u0151sen csek\u00e9ly. A HACD nemr\u00e9g \u00e9rt\u00e9kelte 5 \u00e9ves tev\u00e9kenys\u00e9g\u00e9t. Ha munk\u00e1nk legf\u0151bb k\u00e9t tart\u00f3pill\u00e9r\u00e9re, a mozgalmi \u00e9s a szakmai munk\u00e1ra csupasz\u00edtottuk le elemz\u0151-\u00e9rt\u00e9kel\u0151 munk\u00e1nkat, azt az eredm\u00e9nyt kaptuk, hogy a rendszerv\u00e1lt\u00e1s \u00f3ta eltelt id\u0151szakban ugyan jelent\u0151s eredm\u00e9nyeket \u00e9rt\u00fcnk el a szakmafejleszt\u00e9s ter\u00e9n, de munk\u00e1nk mozgalmi jelleg\u00e9t nemcsak hogy nem siker\u00fclt n\u00f6velni, de m\u00e9g megl\u00e9v\u0151 had\u00e1ll\u00e1sainkb\u00f3l is vesz\u00edtett\u00fcnk. Ennek legf\u0151bb oka szerint\u00fcnk az, hogy a k\u00f6z\u00f6ss\u00e9gfejleszt\u00e9s megjelen\u00e9se a hazai t\u00e1mogat\u00e1si rendszerben \u00e9s fejleszt\u00e9si programokban minden igyekezet\u00fcnk ellen\u00e9re is m\u00e9g mindig k\u00e9sik, \u00e9s val\u00f3sz\u00edn\u0171, hogy ehhez a mi igyekezet\u00fcnk \u00f6nmag\u00e1ban kev\u00e9s is. Felmer\u00fclt teh\u00e1t a k\u00e9rd\u00e9s: nem lenne-e id\u0151szer\u0171 levonni a s\u00falyos k\u00f6vetkeztet\u00e9st \u00e9s kimondani, hogy e szakter\u00fclet egy m\u00e9g nem igaz\u00e1n demokratikus t\u00e1rsadalomban nem tud, s lehet, hogy m\u00e9g hossz\u00fa \u00e9vekig is csak nehezen tud majd foglalkoz\u00e1ss\u00e1 ki\u00e9p\u00fclni? Nem kellene-e a tov\u00e1bbiakban csak egy k\u00eds\u00e9rletez\u0151 szakmai csoportk\u00e9nt defini\u00e1lni \u00f6nmagunkat, lemondva a k\u00f6z\u00f6ss\u00e9gfejleszt\u00e9s sz\u00e9les k\u00f6r\u0171 alkalmaz\u00e1s\u00e1\u00e9rt folytatott k\u00fczdelmeinkr\u0151l, mert azt csak egy, a mostanin\u00e1l sokkal er\u0151sebb civil t\u00e1rsadalom, demokratikusabb t\u00e1mogat\u00f3 k\u00f6rnyezet \u00e9s komplex \u00e1llami programok tudn\u00e1k ki\u00e9p\u00edteni?<\/span><\/p>\n<p><span style=\"font-family: Arial CE; font-size: small;\">A v\u00e9gs\u0151 k\u00e9rd\u00e9s teh\u00e1t szerintem \u00edgy hangzik: befogadj\u00e1k-e t\u00e1rsadalmaink jobb\u00edt\u00f3 szakmai t\u00f6rekv\u00e9seinket?<\/span><\/p>\n<p><span style=\"font-family: Arial CE; font-size: small;\">A k\u00f6vetkez\u0151 f\u0151bb k\u00e9rd\u00e9sek fogalmaz\u00f3dtak meg bennem:<\/span><\/p>\n<p><span style=\"font-family: Arial CE; font-size: small;\">&#8211; a civil t\u00e1rsadalom szervezetei \u00e9s a civil mozgalmak a kezdetekt\u0151l mennyiben voltak spont\u00e1n, alulr\u00f3l szervez\u0151d\u0151 mozgalmak?<\/span><\/p>\n<p><span style=\"font-family: Arial CE; font-size: small;\">&#8211; milyen \u201er\u00e1seg\u00edt\u00e9s\u201d \u00e9rkezett a (helyi, k\u00f6zponti) t\u00e1rsadalomir\u00e1ny\u00edt\u00e1s fel\u0151l e szervez\u0151d\u00e9sek hat\u00e9konyabb\u00e1 t\u00e9tel\u00e9re?<\/span><\/p>\n<p><span style=\"font-family: Arial CE; font-size: small;\">&#8211; Mi\u00e9rt? Milyen \u00e9rdek mozgatta ezt a \u201er\u00e1seg\u00edt\u00e9st\u201d?<\/span><\/p>\n<p><span style=\"font-family: Arial CE; font-size: small;\">&#8211; Hogyan v\u00e1ltak a civil szak\u00e9rt\u0151k szakemberekk\u00e9? Hogyan t\u00f6rt\u00e9nt alkalmaz\u00e1suk?<\/span><\/p>\n<p><span style=\"font-family: Arial CE; font-size: small;\">&#8211; Milyen k\u00e9pz\u00e9sek \u00e9s milyen szervezett \u00e9s \u00f6szt\u00f6nz\u00f6tt t\u00e1rsadalmi tapasztalatszerz\u00e9s seg\u00edti egy orsz\u00e1gban a n\u00e9pess\u00e9g demokratikus attit\u0171dj\u00e9nek kialakul\u00e1s\u00e1t \u00e9s meger\u0151s\u00f6d\u00e9s\u00e9t? Az iskolarendszeren bel\u00fcl \u00e9s k\u00edv\u00fcl egyar\u00e1nt.<\/span><\/p>\n<p><span style=\"font-family: Arial CE; font-size: small;\">K\u00e9rem, hogy e k\u00e9rd\u00e9sekre \u00e9s tov\u00e1bbi hasonl\u00f3 k\u00e9rd\u00e9sekre egy\u00fctt keress\u00fck a v\u00e1laszt &#8211; itt \u00e9s a k\u00e9s\u0151bbi egy\u00fcttm\u0171k\u00f6d\u00e9s\u00fcnk sor\u00e1n!<\/span><br \/>\n<span style=\"font-family: Arial CE; font-size: small;\">K\u00f6sz\u00f6n\u00f6m a figyelmet!<\/span><\/p>\n","protected":false},"excerpt":{"rendered":"<p>Bevezet\u0151 El\u0151ad\u00e1som bevezet\u0151j\u00e9vel gondolati hidat szeretn\u00e9k \u00e9p\u00edteni a szemin\u00e1rium kezdete \u00e9s v\u00e9ge k\u00f6z\u00f6tt, amikor is programunk majd Gergely Attila szociol\u00f3gus bar\u00e1tunk \u00f6sszefoglal\u00f3 megjegyz\u00e9seivel z\u00e1rul. Az \u0151 30 \u00e9vvel ezel\u0151tti gondolatait szeretn\u00e9m feleleven\u00edteni, amellyel r\u00e1nk, a magyar k\u00f6z\u00f6ss\u00e9gfejleszt\u00e9s kialakul\u00e1s\u00e1nak korai szakasz\u00e1ban oly nagy hat\u00e1ssal volt, s amelynek aktualit\u00e1s\u00e1t ma, a rendszerv\u00e1lt\u00e1s \u00f3ta eltelt id\u0151szak 14. \u00e9v\u00e9ben [&hellip;]<\/p>\n","protected":false},"author":16,"featured_media":3413,"comment_status":"open","ping_status":"open","sticky":false,"template":"","format":"standard","meta":{"_acf_changed":false,"footnotes":""},"categories":[495,8,7],"tags":[],"coauthors":[21],"class_list":["post-2925","post","type-post","status-publish","format-standard","has-post-thumbnail","hentry","category-parola-2003-3","category-parola-folyoirat","category-repertorium"],"acf":[],"yoast_head":"<!-- This site is optimized with the Yoast SEO plugin v26.7 - https:\/\/yoast.com\/wordpress\/plugins\/seo\/ -->\n<title>K\u00f6z\u00f6ss\u00e9gfejleszt\u00e9s K\u00f6z\u00e9p-Kelet-Eur\u00f3p\u00e1ban - Parola Foly\u00f3irat<\/title>\n<meta name=\"robots\" content=\"index, follow, max-snippet:-1, max-image-preview:large, max-video-preview:-1\" \/>\n<link rel=\"canonical\" href=\"https:\/\/kofe.hu\/parola\/parola-folyoirat\/kozossegfejlesztes-kozep-kelet-europaban\/\" \/>\n<meta property=\"og:locale\" content=\"hu_HU\" \/>\n<meta property=\"og:type\" content=\"article\" \/>\n<meta property=\"og:title\" content=\"K\u00f6z\u00f6ss\u00e9gfejleszt\u00e9s K\u00f6z\u00e9p-Kelet-Eur\u00f3p\u00e1ban - Parola Foly\u00f3irat\" \/>\n<meta property=\"og:description\" content=\"Bevezet\u0151 El\u0151ad\u00e1som bevezet\u0151j\u00e9vel gondolati hidat szeretn\u00e9k \u00e9p\u00edteni a szemin\u00e1rium kezdete \u00e9s v\u00e9ge k\u00f6z\u00f6tt, amikor is programunk majd Gergely Attila szociol\u00f3gus bar\u00e1tunk \u00f6sszefoglal\u00f3 megjegyz\u00e9seivel z\u00e1rul. Az \u0151 30 \u00e9vvel ezel\u0151tti gondolatait szeretn\u00e9m feleleven\u00edteni, amellyel r\u00e1nk, a magyar k\u00f6z\u00f6ss\u00e9gfejleszt\u00e9s kialakul\u00e1s\u00e1nak korai szakasz\u00e1ban oly nagy hat\u00e1ssal volt, s amelynek aktualit\u00e1s\u00e1t ma, a rendszerv\u00e1lt\u00e1s \u00f3ta eltelt id\u0151szak 14. \u00e9v\u00e9ben [&hellip;]\" \/>\n<meta property=\"og:url\" content=\"https:\/\/kofe.hu\/parola\/parola-folyoirat\/kozossegfejlesztes-kozep-kelet-europaban\/\" \/>\n<meta property=\"og:site_name\" content=\"Parola Foly\u00f3irat\" \/>\n<meta property=\"article:published_time\" content=\"2020-07-10T18:07:36+00:00\" \/>\n<meta property=\"article:modified_time\" content=\"2020-07-30T14:52:39+00:00\" \/>\n<meta property=\"og:image\" content=\"https:\/\/kofe.hu\/parola\/wp-content\/uploads\/2020\/07\/03.3.jpeg\" \/>\n\t<meta property=\"og:image:width\" content=\"1345\" \/>\n\t<meta property=\"og:image:height\" content=\"1936\" \/>\n\t<meta property=\"og:image:type\" content=\"image\/jpeg\" \/>\n<meta name=\"author\" content=\"Vercseg Ilona\" \/>\n<meta name=\"twitter:card\" content=\"summary_large_image\" \/>\n<meta name=\"twitter:label1\" content=\"Szerz\u0151:\" \/>\n\t<meta name=\"twitter:data1\" content=\"Vercseg Ilona\" \/>\n\t<meta name=\"twitter:label2\" content=\"Becs\u00fclt olvas\u00e1si id\u0151\" \/>\n\t<meta name=\"twitter:data2\" content=\"14 perc\" \/>\n\t<meta name=\"twitter:label3\" content=\"Written by\" \/>\n\t<meta name=\"twitter:data3\" content=\"Vercseg Ilona\" \/>\n<script type=\"application\/ld+json\" class=\"yoast-schema-graph\">{\"@context\":\"https:\/\/schema.org\",\"@graph\":[{\"@type\":\"Article\",\"@id\":\"https:\/\/kofe.hu\/parola\/parola-folyoirat\/kozossegfejlesztes-kozep-kelet-europaban\/#article\",\"isPartOf\":{\"@id\":\"https:\/\/kofe.hu\/parola\/parola-folyoirat\/kozossegfejlesztes-kozep-kelet-europaban\/\"},\"author\":{\"name\":\"Vercseg Ilona\",\"@id\":\"https:\/\/kofe.hu\/parola\/#\/schema\/person\/a53b1ec59d5e50541cf361a8ca24bc81\"},\"headline\":\"K\u00f6z\u00f6ss\u00e9gfejleszt\u00e9s K\u00f6z\u00e9p-Kelet-Eur\u00f3p\u00e1ban\",\"datePublished\":\"2020-07-10T18:07:36+00:00\",\"dateModified\":\"2020-07-30T14:52:39+00:00\",\"mainEntityOfPage\":{\"@id\":\"https:\/\/kofe.hu\/parola\/parola-folyoirat\/kozossegfejlesztes-kozep-kelet-europaban\/\"},\"wordCount\":2865,\"commentCount\":0,\"image\":{\"@id\":\"https:\/\/kofe.hu\/parola\/parola-folyoirat\/kozossegfejlesztes-kozep-kelet-europaban\/#primaryimage\"},\"thumbnailUrl\":\"https:\/\/kofe.hu\/parola\/wp-content\/uploads\/2020\/07\/03.3.jpeg\",\"articleSection\":[\"Parola 2003\/3\",\"Parola Foly\u00f3irat\",\"Repert\u00f3rium\"],\"inLanguage\":\"hu\",\"potentialAction\":[{\"@type\":\"CommentAction\",\"name\":\"Comment\",\"target\":[\"https:\/\/kofe.hu\/parola\/parola-folyoirat\/kozossegfejlesztes-kozep-kelet-europaban\/#respond\"]}]},{\"@type\":\"WebPage\",\"@id\":\"https:\/\/kofe.hu\/parola\/parola-folyoirat\/kozossegfejlesztes-kozep-kelet-europaban\/\",\"url\":\"https:\/\/kofe.hu\/parola\/parola-folyoirat\/kozossegfejlesztes-kozep-kelet-europaban\/\",\"name\":\"K\u00f6z\u00f6ss\u00e9gfejleszt\u00e9s K\u00f6z\u00e9p-Kelet-Eur\u00f3p\u00e1ban - Parola Foly\u00f3irat\",\"isPartOf\":{\"@id\":\"https:\/\/kofe.hu\/parola\/#website\"},\"primaryImageOfPage\":{\"@id\":\"https:\/\/kofe.hu\/parola\/parola-folyoirat\/kozossegfejlesztes-kozep-kelet-europaban\/#primaryimage\"},\"image\":{\"@id\":\"https:\/\/kofe.hu\/parola\/parola-folyoirat\/kozossegfejlesztes-kozep-kelet-europaban\/#primaryimage\"},\"thumbnailUrl\":\"https:\/\/kofe.hu\/parola\/wp-content\/uploads\/2020\/07\/03.3.jpeg\",\"datePublished\":\"2020-07-10T18:07:36+00:00\",\"dateModified\":\"2020-07-30T14:52:39+00:00\",\"author\":{\"@id\":\"https:\/\/kofe.hu\/parola\/#\/schema\/person\/a53b1ec59d5e50541cf361a8ca24bc81\"},\"breadcrumb\":{\"@id\":\"https:\/\/kofe.hu\/parola\/parola-folyoirat\/kozossegfejlesztes-kozep-kelet-europaban\/#breadcrumb\"},\"inLanguage\":\"hu\",\"potentialAction\":[{\"@type\":\"ReadAction\",\"target\":[\"https:\/\/kofe.hu\/parola\/parola-folyoirat\/kozossegfejlesztes-kozep-kelet-europaban\/\"]}]},{\"@type\":\"ImageObject\",\"inLanguage\":\"hu\",\"@id\":\"https:\/\/kofe.hu\/parola\/parola-folyoirat\/kozossegfejlesztes-kozep-kelet-europaban\/#primaryimage\",\"url\":\"https:\/\/kofe.hu\/parola\/wp-content\/uploads\/2020\/07\/03.3.jpeg\",\"contentUrl\":\"https:\/\/kofe.hu\/parola\/wp-content\/uploads\/2020\/07\/03.3.jpeg\",\"width\":1345,\"height\":1936},{\"@type\":\"BreadcrumbList\",\"@id\":\"https:\/\/kofe.hu\/parola\/parola-folyoirat\/kozossegfejlesztes-kozep-kelet-europaban\/#breadcrumb\",\"itemListElement\":[{\"@type\":\"ListItem\",\"position\":1,\"name\":\"Home\",\"item\":\"https:\/\/kofe.hu\/parola\/\"},{\"@type\":\"ListItem\",\"position\":2,\"name\":\"K\u00f6z\u00f6ss\u00e9gfejleszt\u00e9s K\u00f6z\u00e9p-Kelet-Eur\u00f3p\u00e1ban\"}]},{\"@type\":\"WebSite\",\"@id\":\"https:\/\/kofe.hu\/parola\/#website\",\"url\":\"https:\/\/kofe.hu\/parola\/\",\"name\":\"Parola Foly\u00f3irat\",\"description\":\"\",\"potentialAction\":[{\"@type\":\"SearchAction\",\"target\":{\"@type\":\"EntryPoint\",\"urlTemplate\":\"https:\/\/kofe.hu\/parola\/?s={search_term_string}\"},\"query-input\":{\"@type\":\"PropertyValueSpecification\",\"valueRequired\":true,\"valueName\":\"search_term_string\"}}],\"inLanguage\":\"hu\"},{\"@type\":\"Person\",\"@id\":\"https:\/\/kofe.hu\/parola\/#\/schema\/person\/a53b1ec59d5e50541cf361a8ca24bc81\",\"name\":\"Vercseg Ilona\",\"image\":{\"@type\":\"ImageObject\",\"inLanguage\":\"hu\",\"@id\":\"https:\/\/kofe.hu\/parola\/#\/schema\/person\/image\/fae1a4bd5dc421c3e09d0b889ef311f4\",\"url\":\"https:\/\/secure.gravatar.com\/avatar\/721c3be425f40f7ccc756f5b124920edaef51708f25b0975485fb5b2fa1e3c72?s=96&d=mm&r=g\",\"contentUrl\":\"https:\/\/secure.gravatar.com\/avatar\/721c3be425f40f7ccc756f5b124920edaef51708f25b0975485fb5b2fa1e3c72?s=96&d=mm&r=g\",\"caption\":\"Vercseg Ilona\"},\"url\":\"https:\/\/kofe.hu\/parola\/szerzok\/vercseg-ilona\/\"}]}<\/script>\n<!-- \/ Yoast SEO plugin. -->","yoast_head_json":{"title":"K\u00f6z\u00f6ss\u00e9gfejleszt\u00e9s K\u00f6z\u00e9p-Kelet-Eur\u00f3p\u00e1ban - Parola Foly\u00f3irat","robots":{"index":"index","follow":"follow","max-snippet":"max-snippet:-1","max-image-preview":"max-image-preview:large","max-video-preview":"max-video-preview:-1"},"canonical":"https:\/\/kofe.hu\/parola\/parola-folyoirat\/kozossegfejlesztes-kozep-kelet-europaban\/","og_locale":"hu_HU","og_type":"article","og_title":"K\u00f6z\u00f6ss\u00e9gfejleszt\u00e9s K\u00f6z\u00e9p-Kelet-Eur\u00f3p\u00e1ban - Parola Foly\u00f3irat","og_description":"Bevezet\u0151 El\u0151ad\u00e1som bevezet\u0151j\u00e9vel gondolati hidat szeretn\u00e9k \u00e9p\u00edteni a szemin\u00e1rium kezdete \u00e9s v\u00e9ge k\u00f6z\u00f6tt, amikor is programunk majd Gergely Attila szociol\u00f3gus bar\u00e1tunk \u00f6sszefoglal\u00f3 megjegyz\u00e9seivel z\u00e1rul. Az \u0151 30 \u00e9vvel ezel\u0151tti gondolatait szeretn\u00e9m feleleven\u00edteni, amellyel r\u00e1nk, a magyar k\u00f6z\u00f6ss\u00e9gfejleszt\u00e9s kialakul\u00e1s\u00e1nak korai szakasz\u00e1ban oly nagy hat\u00e1ssal volt, s amelynek aktualit\u00e1s\u00e1t ma, a rendszerv\u00e1lt\u00e1s \u00f3ta eltelt id\u0151szak 14. \u00e9v\u00e9ben [&hellip;]","og_url":"https:\/\/kofe.hu\/parola\/parola-folyoirat\/kozossegfejlesztes-kozep-kelet-europaban\/","og_site_name":"Parola Foly\u00f3irat","article_published_time":"2020-07-10T18:07:36+00:00","article_modified_time":"2020-07-30T14:52:39+00:00","og_image":[{"width":1345,"height":1936,"url":"https:\/\/kofe.hu\/parola\/wp-content\/uploads\/2020\/07\/03.3.jpeg","type":"image\/jpeg"}],"author":"Vercseg Ilona","twitter_card":"summary_large_image","twitter_misc":{"Szerz\u0151:":"Vercseg Ilona","Becs\u00fclt olvas\u00e1si id\u0151":"14 perc","Written by":"Vercseg Ilona"},"schema":{"@context":"https:\/\/schema.org","@graph":[{"@type":"Article","@id":"https:\/\/kofe.hu\/parola\/parola-folyoirat\/kozossegfejlesztes-kozep-kelet-europaban\/#article","isPartOf":{"@id":"https:\/\/kofe.hu\/parola\/parola-folyoirat\/kozossegfejlesztes-kozep-kelet-europaban\/"},"author":{"name":"Vercseg Ilona","@id":"https:\/\/kofe.hu\/parola\/#\/schema\/person\/a53b1ec59d5e50541cf361a8ca24bc81"},"headline":"K\u00f6z\u00f6ss\u00e9gfejleszt\u00e9s K\u00f6z\u00e9p-Kelet-Eur\u00f3p\u00e1ban","datePublished":"2020-07-10T18:07:36+00:00","dateModified":"2020-07-30T14:52:39+00:00","mainEntityOfPage":{"@id":"https:\/\/kofe.hu\/parola\/parola-folyoirat\/kozossegfejlesztes-kozep-kelet-europaban\/"},"wordCount":2865,"commentCount":0,"image":{"@id":"https:\/\/kofe.hu\/parola\/parola-folyoirat\/kozossegfejlesztes-kozep-kelet-europaban\/#primaryimage"},"thumbnailUrl":"https:\/\/kofe.hu\/parola\/wp-content\/uploads\/2020\/07\/03.3.jpeg","articleSection":["Parola 2003\/3","Parola Foly\u00f3irat","Repert\u00f3rium"],"inLanguage":"hu","potentialAction":[{"@type":"CommentAction","name":"Comment","target":["https:\/\/kofe.hu\/parola\/parola-folyoirat\/kozossegfejlesztes-kozep-kelet-europaban\/#respond"]}]},{"@type":"WebPage","@id":"https:\/\/kofe.hu\/parola\/parola-folyoirat\/kozossegfejlesztes-kozep-kelet-europaban\/","url":"https:\/\/kofe.hu\/parola\/parola-folyoirat\/kozossegfejlesztes-kozep-kelet-europaban\/","name":"K\u00f6z\u00f6ss\u00e9gfejleszt\u00e9s K\u00f6z\u00e9p-Kelet-Eur\u00f3p\u00e1ban - Parola Foly\u00f3irat","isPartOf":{"@id":"https:\/\/kofe.hu\/parola\/#website"},"primaryImageOfPage":{"@id":"https:\/\/kofe.hu\/parola\/parola-folyoirat\/kozossegfejlesztes-kozep-kelet-europaban\/#primaryimage"},"image":{"@id":"https:\/\/kofe.hu\/parola\/parola-folyoirat\/kozossegfejlesztes-kozep-kelet-europaban\/#primaryimage"},"thumbnailUrl":"https:\/\/kofe.hu\/parola\/wp-content\/uploads\/2020\/07\/03.3.jpeg","datePublished":"2020-07-10T18:07:36+00:00","dateModified":"2020-07-30T14:52:39+00:00","author":{"@id":"https:\/\/kofe.hu\/parola\/#\/schema\/person\/a53b1ec59d5e50541cf361a8ca24bc81"},"breadcrumb":{"@id":"https:\/\/kofe.hu\/parola\/parola-folyoirat\/kozossegfejlesztes-kozep-kelet-europaban\/#breadcrumb"},"inLanguage":"hu","potentialAction":[{"@type":"ReadAction","target":["https:\/\/kofe.hu\/parola\/parola-folyoirat\/kozossegfejlesztes-kozep-kelet-europaban\/"]}]},{"@type":"ImageObject","inLanguage":"hu","@id":"https:\/\/kofe.hu\/parola\/parola-folyoirat\/kozossegfejlesztes-kozep-kelet-europaban\/#primaryimage","url":"https:\/\/kofe.hu\/parola\/wp-content\/uploads\/2020\/07\/03.3.jpeg","contentUrl":"https:\/\/kofe.hu\/parola\/wp-content\/uploads\/2020\/07\/03.3.jpeg","width":1345,"height":1936},{"@type":"BreadcrumbList","@id":"https:\/\/kofe.hu\/parola\/parola-folyoirat\/kozossegfejlesztes-kozep-kelet-europaban\/#breadcrumb","itemListElement":[{"@type":"ListItem","position":1,"name":"Home","item":"https:\/\/kofe.hu\/parola\/"},{"@type":"ListItem","position":2,"name":"K\u00f6z\u00f6ss\u00e9gfejleszt\u00e9s K\u00f6z\u00e9p-Kelet-Eur\u00f3p\u00e1ban"}]},{"@type":"WebSite","@id":"https:\/\/kofe.hu\/parola\/#website","url":"https:\/\/kofe.hu\/parola\/","name":"Parola Foly\u00f3irat","description":"","potentialAction":[{"@type":"SearchAction","target":{"@type":"EntryPoint","urlTemplate":"https:\/\/kofe.hu\/parola\/?s={search_term_string}"},"query-input":{"@type":"PropertyValueSpecification","valueRequired":true,"valueName":"search_term_string"}}],"inLanguage":"hu"},{"@type":"Person","@id":"https:\/\/kofe.hu\/parola\/#\/schema\/person\/a53b1ec59d5e50541cf361a8ca24bc81","name":"Vercseg Ilona","image":{"@type":"ImageObject","inLanguage":"hu","@id":"https:\/\/kofe.hu\/parola\/#\/schema\/person\/image\/fae1a4bd5dc421c3e09d0b889ef311f4","url":"https:\/\/secure.gravatar.com\/avatar\/721c3be425f40f7ccc756f5b124920edaef51708f25b0975485fb5b2fa1e3c72?s=96&d=mm&r=g","contentUrl":"https:\/\/secure.gravatar.com\/avatar\/721c3be425f40f7ccc756f5b124920edaef51708f25b0975485fb5b2fa1e3c72?s=96&d=mm&r=g","caption":"Vercseg Ilona"},"url":"https:\/\/kofe.hu\/parola\/szerzok\/vercseg-ilona\/"}]}},"_links":{"self":[{"href":"https:\/\/kofe.hu\/parola\/wp-json\/wp\/v2\/posts\/2925","targetHints":{"allow":["GET"]}}],"collection":[{"href":"https:\/\/kofe.hu\/parola\/wp-json\/wp\/v2\/posts"}],"about":[{"href":"https:\/\/kofe.hu\/parola\/wp-json\/wp\/v2\/types\/post"}],"author":[{"embeddable":true,"href":"https:\/\/kofe.hu\/parola\/wp-json\/wp\/v2\/users\/16"}],"replies":[{"embeddable":true,"href":"https:\/\/kofe.hu\/parola\/wp-json\/wp\/v2\/comments?post=2925"}],"version-history":[{"count":2,"href":"https:\/\/kofe.hu\/parola\/wp-json\/wp\/v2\/posts\/2925\/revisions"}],"predecessor-version":[{"id":4558,"href":"https:\/\/kofe.hu\/parola\/wp-json\/wp\/v2\/posts\/2925\/revisions\/4558"}],"wp:featuredmedia":[{"embeddable":true,"href":"https:\/\/kofe.hu\/parola\/wp-json\/wp\/v2\/media\/3413"}],"wp:attachment":[{"href":"https:\/\/kofe.hu\/parola\/wp-json\/wp\/v2\/media?parent=2925"}],"wp:term":[{"taxonomy":"category","embeddable":true,"href":"https:\/\/kofe.hu\/parola\/wp-json\/wp\/v2\/categories?post=2925"},{"taxonomy":"post_tag","embeddable":true,"href":"https:\/\/kofe.hu\/parola\/wp-json\/wp\/v2\/tags?post=2925"},{"taxonomy":"author","embeddable":true,"href":"https:\/\/kofe.hu\/parola\/wp-json\/wp\/v2\/coauthors?post=2925"}],"curies":[{"name":"wp","href":"https:\/\/api.w.org\/{rel}","templated":true}]}}