{"id":2796,"date":"2020-07-10T13:18:10","date_gmt":"2020-07-10T13:18:10","guid":{"rendered":"https:\/\/kofe.hu\/parola\/?p=2796"},"modified":"2020-07-30T15:44:46","modified_gmt":"2020-07-30T15:44:46","slug":"otthon-segitunk-alapitvany","status":"publish","type":"post","link":"https:\/\/kofe.hu\/parola\/parola-folyoirat\/otthon-segitunk-alapitvany\/","title":{"rendered":"Otthon Seg\u00edt\u00fcnk Alap\u00edtv\u00e1ny"},"content":{"rendered":"<p style=\"text-align: justify;\"><i><span style=\"font-family: Arial CE;\">P\u00e9terfi Ferenc:<\/span><\/i><span style=\"font-family: Arial CE;\">\u00a0<\/span><i><span style=\"font-family: Arial CE;\">Vend\u00e9g\u00fcnk Benk\u0151 \u00c1gota, aki kor\u00e1bban a Nagycsal\u00e1dosok Orsz\u00e1gos Egyes\u00fclet\u00e9nek az eln\u00f6kek\u00e9nt j\u00e1rt m\u00e1r n\u00e1lunk t\u00f6bbsz\u00f6r is. Most milyen mozgalomban tev\u00e9kenykedik?<\/span><\/i><br \/>\n<span style=\"font-family: Arial CE;\">Benk\u0151 \u00c1gota: Otthon Seg\u00edt\u00fcnk Alap\u00edtv\u00e1ny ennek a szervezetnek a neve. 1992-ben ismerkedtem meg ezzel a nagyszer\u0171 mozgalommal, amely mintegy 30 \u00e9ve indult el Angli\u00e1b\u00f3l. Eredend\u0151en kisgyerekes csal\u00e1doknak: iskol\u00e1skor alatti gyerekekkel b\u00edr\u00f3 fiatal csal\u00e1doknak seg\u00edtett ez a szolg\u00e1lat, \u00f6nk\u00e9ntesekkel, nagyon profin, \u201ecivil\u00fcl\u201d.<\/span><br \/>\n<i><span style=\"font-family: Arial CE;\">P.A.: Hogy m\u0171k\u00f6dik ott ez a kezdem\u00e9nyez\u00e9s?<\/span><\/i><\/p>\n<p><!--more--><\/p>\n<p style=\"text-align: justify;\"><span style=\"font-family: Arial CE;\">B.\u00c1.: A l\u00e9nyege, hogy a k\u00e9pzett \u00e9s fizetett szervez\u0151k \u00f6nk\u00e9nteseket fognak \u00f6ssze, hogy azok otthonukban l\u00e1togass\u00e1k meg a csal\u00e1dokat. K\u00e9rdezhetn\u00e9nk, hogy amikor vannak csal\u00e1dseg\u00edt\u0151k, vannak gyermekj\u00f3l\u00e9ti szolg\u00e1latok, akkor mit keresnek a civilek a p\u00e1ly\u00e1n\u2026<\/span><br \/>\n<i><span style=\"font-family: Arial CE;\">P.A.:\u2026 Mit keresnek?\u2026<\/span><\/i><br \/>\n<span style=\"font-family: Arial CE;\">B.\u00c1.: Ez a szolg\u00e1lat \u00e9ppen a szakszolg\u00e1latok, az \u00e1llami ell\u00e1t\u00f3 rendszer \u00e9s a csal\u00e1dok k\u00f6z\u00f6tt van, tudniillik olyan dolgokat tud felaj\u00e1nlani, amelyre a fizetett szolg\u00e1lat nem tud id\u0151t \u00e9s embert \u00e1ldozni. Nevezetesen otthon seg\u00edt, a csal\u00e1dhoz megy, \u00e9s a megel\u0151z\u00e9st c\u00e9lozza \u2013 nem pedig \u201et\u0171zolt\u00f3munk\u00e1t\u201d v\u00e9gez; a csal\u00e1dnak a k\u00fcl\u00f6nf\u00e9le neh\u00e9z helyzetekben van a seg\u00edts\u00e9g\u00e9re. A klasszikus p\u00e9lda az, amikor t\u00f6bb kisgyerek van egy csal\u00e1dban, \u00e9s a sz\u00fcl\u0151k elf\u00e1radnak. Belef\u00e1radnak. Ez \u00f6nmag\u00e1ban term\u00e9szetes jelens\u00e9g, de ha ebben a neh\u00e9z helyzetben huzamosabb ideig egyed\u00fcl maradnak, abb\u00f3l m\u00e1r nagy bajok lehetnek. Viszont ha egy \u00f6nk\u00e9ntes mell\u00e9j\u00fck \u00e1ll, \u00e9s p\u00f3tolja a r\u00e9genvolt bar\u00e1ti-csal\u00e1di-k\u00f6z\u00f6ss\u00e9gi h\u00e1l\u00f3t, akkor a csal\u00e1d er\u0151re kaphat, felt\u00f6lt\u0151dhet, funkcion\u00e1lhat. Nagyon sok izol\u00e1lt csal\u00e1d van: sokszor ugyanazon az emeleten t\u00f6bb kismama lakik, akik egym\u00e1sra sem nyitj\u00e1k az ajt\u00f3t, \u00e9s k\u00f6z\u00f6s programokra nem, vagy csak nagyon nehezen cs\u00e1b\u00edthat\u00f3k. A szoci\u00e1lis kapcsolataikat vissza\u00e9p\u00edteni nagyon neh\u00e9z feladat. Angli\u00e1ban l\u00e1ttam egy erre a c\u00e9lra szervez\u0151d\u00f6tt mozgalmat, ami az\u00e9rt is tetszett meg nekem nagyon, mert nagyon profi \u00e9s civil. Nem m\u00e1st csin\u00e1lnak, mint amit felv\u00e1llalnak. \u0150k a kisgyerekes csal\u00e1dokkal foglalkoznak, nagyon k\u00e9pzett szer<\/span><i><span style=\"font-family: Arial CE;\">&#8211;<\/span><\/i><span style=\"font-family: Arial CE;\">vez\u0151ik vannak, \u00e9s az \u00f6nk\u00e9nteseket is k\u00e9pzik: senki sem lehet akt\u00edv tagja a mozgalomnak a negyven\u00f3r\u00e1s k\u00e9pz\u00e9s \u00e9s sz\u00fcl\u0151i gyakorlat n\u00e9lk\u00fcl.<\/span><br \/>\n<span style=\"font-family: Arial CE;\">Ott 2\u20133 csal\u00e1d \u00f6sszefog\u00e1s\u00e1b\u00f3l sz\u00fcletett ez a mozgalom, mi itt szervez\u0151ket, koordin\u00e1torokat kezdt\u00fcnk k\u00e9pezni: 6 h\u00e9t<\/span><i><span style=\"font-family: Arial CE;\">&#8211;<\/span><\/i><span style=\"font-family: Arial CE;\">v\u00e9ge \u00e9s 1 teljes h\u00e9t akt\u00edv tanul\u00e1s, mely id\u0151 alatt k\u00e9szs\u00e9gfejleszt\u0151-, eset-megbesz\u00e9l\u0151, szitu\u00e1ci\u00f3s helyzetgyakorlatot, a szakszolg\u00e1latokkal val\u00f3 tal\u00e1lkoz\u00e1st, adom\u00e1nyszervez\u00e9st, PR-t, csal\u00e1djogot \u00e9s gyermekv\u00e9delmet tanultak. Angli\u00e1ban rengeteg civil szervezet van, ez\u00e9rt szervez\u0151ket nem k\u00e9peztek, de n\u00e1lunk ez m\u00e9g csak most van kialakul\u00f3ban. A szer<\/span><i><span style=\"font-family: Arial CE;\">&#8211;<\/span><\/i><span style=\"font-family: Arial CE;\">vez\u0151nek az \u00f6nk\u00e9ntesek bevon\u00e1sa \u00e9s seg\u00edt\u00e9se, a hivatalokkal val\u00f3 egy\u00fcttm\u0171k\u00f6d\u0151 viszony kialak\u00edt\u00e1sa \u00e9s a kapcsolattart\u00e1s mellett a szakszolg\u00e1latok \u00e1ltal aj\u00e1nlott csal\u00e1dok \u00e9s a szervez\u0151k \u00f6sszekapcsol\u00e1sa, illetve adott esetben sz\u00e9tbont\u00e1sa is feladata.<\/span><br \/>\n<i><span style=\"font-family: Arial CE;\">P.F.: Hogyan \u00e9s kik k\u00f6r\u00e9ben fogtak a szervez\u00e9shez itt Magyarorsz\u00e1gon?<\/span><\/i><br \/>\n<span style=\"font-family: Arial CE;\">B.\u00c1.: Szervez\u0151inket els\u0151 k\u00f6rben a Nagycsal\u00e1dosok Orsz\u00e1gos Egyes\u00fclet\u00e9n kereszt\u00fcl ismert\u00fck meg: \u0151k az orsz\u00e1g minden pontj\u00e1r\u00f3l j\u00f6ttek, tanultak, \u00e9s mindenki a saj\u00e1t telep\u00fcl\u00e9s\u00e9n pr\u00f3b\u00e1lja hasznos\u00edtani a megszerzett tud\u00e1st, \u00f6nk\u00e9nteseket toboroznak, kik\u00e9pzik \u0151ket, \u00e9s csak ut\u00e1na indulhat a szolg\u00e1lat.<\/span><\/p>\n<p><i><span style=\"font-family: Arial CE;\">\u201eMi<\/span><\/i><span style=\"font-family: Arial CE;\">\u00a0<\/span><i><span style=\"font-family: Arial CE;\">embere vagyunk annak, akinek seg\u00edteni kell, de helyette nem csin\u00e1lunk meg semmit\u201d<\/span><\/i><br \/>\n<span style=\"font-family: Arial CE;\">Ennek els\u0151 f\u00e1zisa a kapcsolat\u00e9p\u00edt\u00e9s: az \u00f6nk\u00e9ntesek elmennek a gyermekj\u00f3l\u00e9ti szolg\u00e1lathoz, a csal\u00e1dseg\u00edt\u0151h\u00f6z, a gyermekorvoshoz, a v\u00e9d\u0151n\u0151h\u00f6z, \u00e9s rem\u00e9nyeink szerint majd ezek a szolg\u00e1latok, szakemberek h\u00edvj\u00e1k fel az \u00f6nk\u00e9ntes figyelm\u00e9t a r\u00e1szorul\u00f3 csal\u00e1dokra. M\u00e9g egyszer hangs\u00falyozom, hogy mi nem t\u00fczet oltunk, mi\u00a0<\/span><i><span style=\"font-family: Arial CE;\">embere vagyunk annak, akinek seg\u00edteni kell: helyette nem csin\u00e1lunk meg semmit<\/span><\/i><span style=\"font-family: Arial CE;\">. Ha nem tud hivatalos \u00fcgyet int\u00e9zni, akkor nem helyette csin\u00e1lja meg az \u00f6nk\u00e9ntes, hanem elk\u00eds\u00e9ri. Nem f\u00fcgg\u0151s\u00e9get, hanem k\u00e9pess\u00e9v\u00e1l\u00e1st szeretn\u00e9nk kialak\u00edtani. Persze az \u00f6nk\u00e9ntes csak abban az esetben megy el a csal\u00e1dhoz, ha azt a csal\u00e1d k\u00fcl\u00f6n k\u00e9ri \u2013 nem \u201etukm\u00e1ljuk\u201d r\u00e1 a csal\u00e1dra az \u00f6nk\u00e9ntest, \u00e9s ami m\u00e9g nagyon fontos, hogy az \u00f6nk\u00e9ntes teljes titoktart\u00e1sra k\u00f6telezett.<\/span><br \/>\n<i><span style=\"font-family: Arial CE;\">P.A.: Mib\u0151l, milyen p\u00e9nzb\u0151l finansz\u00edrozz\u00e1k a programot?<\/span><\/i><br \/>\n<span style=\"font-family: Arial CE;\">B.\u00c1.: A Szoci\u00e1lis \u00e9s Csal\u00e1d\u00fcgyi Miniszt\u00e9rium t\u00e1mogatja ezt a programot. Angli\u00e1ban ugyan \u00e1llami p\u00e1ly\u00e1zatokb\u00f3l is, de f\u0151k\u00e9ppen a helyi \u00f6nkorm\u00e1nyzatok t\u00e1mogat\u00e1s\u00e1b\u00f3l m\u0171k\u00f6dtetik ezt a mozgalmat<\/span><br \/>\n<span style=\"font-family: Arial CE;\">P.F.: Ez persze nem puszt\u00e1n j\u00f3t\u00e9konys\u00e1g az \u00f6nkorm\u00e1nyzat r\u00e9sz\u00e9r\u0151l, hiszen az \u0151 helyzet\u00e9t k\u00f6nny\u00edti az \u00f6nk\u00e9ntesek munk\u00e1ja\u2026<\/span><br \/>\n<span style=\"font-family: Arial CE;\">B.\u00c1.: \u00cdgy van, hiszen a helyi \u00f6nkorm\u00e1nyzat \u00edgy megel\u0151zhet csal\u00e1di probl\u00e9m\u00e1kat.<\/span><br \/>\n<span style=\"font-family: Arial CE;\">\u00c9s a megel\u0151z\u00e9s ebben az esetben is j\u00f3val olcs\u00f3bb, mint az esetlegesen kialakul\u00f3 probl\u00e9ma kezel\u00e9se. Ott egy fizetett szervez\u0151 \u00e1tlag 20 \u00f6nk\u00e9ntest tud \u00f6sszefogni, \u00e9s egy indul\u00f3 helyi szolg\u00e1lat kb. 2 \u00e9v alatt v\u00e1lik ismertt\u00e9. De az \u00f6nk\u00e9ntesek toborz\u00e1sa \u00e9s k\u00e9pz\u00e9se \u00e1lland\u00f3. Az \u00f6nk\u00e9ntesek k\u00e9pz\u00e9se r\u00e9szben gyermekv\u00e9delmet, r\u00e9szben empatikus k\u00e9szs\u00e9gfejleszt\u00e9st, odafigyel\u00e9st tan\u00edt, \u00e9s nagyon fontos tudniuk azt, hogy a kompetenci\u00e1juk meddig tart.<\/span><br \/>\n<span style=\"font-family: Arial CE;\">P.F.: A k\u00f6zvet\u00edt\u0151, szervez\u0151-koordin\u00e1l\u00f3 szerepet felv\u00e1llal\u00f3 emberek is \u00f6nk\u00e9ntesek, vagy esetleg \u0151k fizetett mun<\/span><i><span style=\"font-family: Arial CE;\">&#8211;<\/span><\/i><span style=\"font-family: Arial CE;\">kat\u00e1rsak?<\/span><br \/>\n<span style=\"font-family: Arial CE;\">B.\u00c1.: Az angol p\u00e9lda szerint helyi alap\u00edtv\u00e1nyok j\u00f6nnek l\u00e9tre a szolg\u00e1lat m\u0171k\u00f6dtet\u00e9s\u00e9re, \u00e9s kisv\u00e1rosokban, falvakban az alap\u00edtv\u00e1ny vezet\u0151je egyben a szervez\u0151 is; nagyv\u00e1rosokban a vezet\u0151 mellett viszont kialakul a menedzsment 6\u20138 szervez\u0151vel, ahol a f\u0151szervez\u0151 csak a szervez\u0151k \u00f6sszefog\u00e1s\u00e1val, adom\u00e1nygy\u0171jt\u00e9ssel, a menedzsmenttel foglalkozik.<\/span><br \/>\n<span style=\"font-family: Arial CE;\">Magyarorsz\u00e1gon a k\u00f6zponti alap\u00edtv\u00e1nyt n\u00e9h\u00e1ny hete jegyezt\u00e9k m\u00e9g csak be, \u00edgy ez a szolg\u00e1lat csak most indul. Eleinte a k\u00f6zponti alap\u00edtv\u00e1ny fokozottabban fog seg\u00edteni a helyieknek: egy\u00fctt n\u00e9zz\u00fck meg, hogy milyen p\u00e1ly\u00e1zatokra lehet \u00e9s \u00e9rdemes p\u00e1ly\u00e1zniuk; de egyel\u0151re ezt \u00f6nk\u00e9ntes munk\u00e1ban v\u00e9gzik. C\u00e9lunk, hogy olyan p\u00e1ly\u00e1zatokat k\u00e9sz\u00edts\u00fcnk, ahol a helyi szervez\u0151k az \u00f6nk\u00e9ntesek k\u00e9pz\u00e9s\u00e9nek \u00e9s a saj\u00e1t munkahely\u00fcknek az anyagi forr\u00e1sait megteremthess\u00e9k. Van 13 v\u00e9gzett szervez\u0151nk k\u00e9szen a kih\u00edv\u00e1sokra: 2\u20133 f\u0151 Budapesten, 1-1 f\u0151 Budakeszin, P\u00fcsp\u00f6klad\u00e1nyban, Zalaegerszegen, Sz\u00e9kesfeh\u00e9rv\u00e1ron, Pilisv\u00f6r\u00f6sv\u00e1ron, Gy\u0151r\u00f6tt, Kistarcs\u00e1n, G\u00f6d\u00f6ll\u0151n \u2013 f\u0151leg a f\u0151v\u00e1ros vonz\u00e1sk\u00f6rzet\u00e9ben.<\/span><br \/>\n<span style=\"font-family: Arial CE;\">Az \u00f6nk\u00e9ntesek toborz\u00e1sa a sz\u00e1mukra el\u00e9rhet\u0151 k\u00f6z\u00f6ss\u00e9gekben fog t\u00f6rt\u00e9nni (az angol gyakorlat szerint a seg\u00edtettekb\u0151l gyakran seg\u00edt\u0151k v\u00e1lnak), az elk\u00e9pzel\u00e9sem szerint lesznek k\u00f6zt\u00fck fiatalabb nyugd\u00edjasok, lesznek k\u00f6zt\u00fck gyesen, gyeden l\u00e9v\u0151 mam\u00e1k, hiszen ez az \u00f6nk\u00e9ntess\u00e9g a hossz\u00fa ideje otthon l\u00e9v\u0151 mam\u00e1knak seg\u00edthet a munkapiacra val\u00f3 visszaker\u00fcl\u00e9sben, teh\u00e1t a seg\u00edt\u0151 sz\u00e1m\u00e1ra is el\u0151ny\u00f6s.<\/span><br \/>\n<span style=\"font-family: Arial CE;\">H.\u00c1.: \u00c9s itt kapcsol\u00f3dik ez a szolg\u00e1lat a k\u00f6rnyezetv\u00e9delemhez is, hiszen egy\u00e1ltal\u00e1n nem mindegy, hogy a seg\u00edtett csal\u00e1dokban feln\u00f6v\u0151 gyermekek milyen nevel\u00e9st, milyen k\u00f6rnyezeti nevel\u00e9st kapnak. Az \u00f6nk\u00e9ntesek nagy r\u00e9sze a k\u00f6rnyezeti nevel\u00e9sre is fog\u00e9kony, erre j\u00f3 p\u00e9lda egy, a XI. ker\u00fcletben spont\u00e1n alakult program, melyben egy kilencgyerekes csal\u00e1d a k\u00f6rny\u00e9kbeli csal\u00e1dok gyermekeit maga k\u00f6r\u00e9 gy\u0171jti, \u00e9s ott is van egy nagyon er\u0151s k\u00f6rnyezeti k\u00f6t\u0151d\u00e9s.<\/span><br \/>\n<i><span style=\"font-family: Arial CE;\">P.A.: F\u00e9rfiak is jelentkezhetnek \u00f6nk\u00e9ntesnek?<\/span><\/i><br \/>\n<span style=\"font-family: Arial CE;\">B.\u00c1.: Igen, de nagyon kicsi ar\u00e1nyban j\u00f6nnek: hatvan jelentkez\u0151b\u0151l mind\u00f6ssze k\u00e9t f\u00e9rfi volt. De v\u00e1rjuk a jelent<\/span><i><span style=\"font-family: Arial CE;\">&#8211;<\/span><\/i><span style=\"font-family: Arial CE;\">kez\u0151ket, \u00e9rdekl\u0151d\u0151ket a Nagycsal\u00e1dosok Orsz\u00e1gos Egyes\u00fclet\u00e9n\u00e9l! (Tel.: 317-4909)<\/span><\/p>\n<p><i><span style=\"font-family: Arial CE;\">Elhangzott a<\/span><\/i><b><i><span style=\"font-family: Arial CE;\">\u00a0<\/span><\/i><\/b><i><span style=\"font-family: Arial CE;\">Civil R\u00e1di\u00f3<\/span><\/i><b><i><span style=\"font-family: Arial CE;\">\u00a0<\/span><\/i><\/b><i><span style=\"font-family: Arial CE;\">L\u00e9legzet c. m\u0171sor\u00e1ban<\/span><\/i><\/p>\n","protected":false},"excerpt":{"rendered":"<p>P\u00e9terfi Ferenc:\u00a0Vend\u00e9g\u00fcnk Benk\u0151 \u00c1gota, aki kor\u00e1bban a Nagycsal\u00e1dosok Orsz\u00e1gos Egyes\u00fclet\u00e9nek az eln\u00f6kek\u00e9nt j\u00e1rt m\u00e1r n\u00e1lunk t\u00f6bbsz\u00f6r is. Most milyen mozgalomban tev\u00e9kenykedik? Benk\u0151 \u00c1gota: Otthon Seg\u00edt\u00fcnk Alap\u00edtv\u00e1ny ennek a szervezetnek a neve. 1992-ben ismerkedtem meg ezzel a nagyszer\u0171 mozgalommal, amely mintegy 30 \u00e9ve indult el Angli\u00e1b\u00f3l. Eredend\u0151en kisgyerekes csal\u00e1doknak: iskol\u00e1skor alatti gyerekekkel b\u00edr\u00f3 fiatal csal\u00e1doknak seg\u00edtett [&hellip;]<\/p>\n","protected":false},"author":15,"featured_media":3406,"comment_status":"open","ping_status":"open","sticky":false,"template":"","format":"standard","meta":{"_acf_changed":false,"footnotes":""},"categories":[472,8,7],"tags":[],"coauthors":[23],"class_list":["post-2796","post","type-post","status-publish","format-standard","has-post-thumbnail","hentry","category-parola-2001-3","category-parola-folyoirat","category-repertorium"],"acf":[],"yoast_head":"<!-- This site is optimized with the Yoast SEO plugin v26.7 - https:\/\/yoast.com\/wordpress\/plugins\/seo\/ -->\n<title>Otthon Seg\u00edt\u00fcnk Alap\u00edtv\u00e1ny - Parola Foly\u00f3irat<\/title>\n<meta name=\"robots\" content=\"index, follow, max-snippet:-1, max-image-preview:large, max-video-preview:-1\" \/>\n<link rel=\"canonical\" href=\"https:\/\/kofe.hu\/parola\/parola-folyoirat\/otthon-segitunk-alapitvany\/\" \/>\n<meta property=\"og:locale\" content=\"hu_HU\" \/>\n<meta property=\"og:type\" content=\"article\" \/>\n<meta property=\"og:title\" content=\"Otthon Seg\u00edt\u00fcnk Alap\u00edtv\u00e1ny - Parola Foly\u00f3irat\" \/>\n<meta property=\"og:description\" content=\"P\u00e9terfi Ferenc:\u00a0Vend\u00e9g\u00fcnk Benk\u0151 \u00c1gota, aki kor\u00e1bban a Nagycsal\u00e1dosok Orsz\u00e1gos Egyes\u00fclet\u00e9nek az eln\u00f6kek\u00e9nt j\u00e1rt m\u00e1r n\u00e1lunk t\u00f6bbsz\u00f6r is. Most milyen mozgalomban tev\u00e9kenykedik? Benk\u0151 \u00c1gota: Otthon Seg\u00edt\u00fcnk Alap\u00edtv\u00e1ny ennek a szervezetnek a neve. 1992-ben ismerkedtem meg ezzel a nagyszer\u0171 mozgalommal, amely mintegy 30 \u00e9ve indult el Angli\u00e1b\u00f3l. Eredend\u0151en kisgyerekes csal\u00e1doknak: iskol\u00e1skor alatti gyerekekkel b\u00edr\u00f3 fiatal csal\u00e1doknak seg\u00edtett [&hellip;]\" \/>\n<meta property=\"og:url\" content=\"https:\/\/kofe.hu\/parola\/parola-folyoirat\/otthon-segitunk-alapitvany\/\" \/>\n<meta property=\"og:site_name\" content=\"Parola Foly\u00f3irat\" \/>\n<meta property=\"article:published_time\" content=\"2020-07-10T13:18:10+00:00\" \/>\n<meta property=\"article:modified_time\" content=\"2020-07-30T15:44:46+00:00\" \/>\n<meta property=\"og:image\" content=\"https:\/\/kofe.hu\/parola\/wp-content\/uploads\/2020\/07\/01.3.jpeg\" \/>\n\t<meta property=\"og:image:width\" content=\"1278\" \/>\n\t<meta property=\"og:image:height\" content=\"1958\" \/>\n\t<meta property=\"og:image:type\" content=\"image\/jpeg\" \/>\n<meta name=\"author\" content=\"P\u00e9terfi Ferenc\" \/>\n<meta name=\"twitter:card\" content=\"summary_large_image\" \/>\n<meta name=\"twitter:label1\" content=\"Szerz\u0151:\" \/>\n\t<meta name=\"twitter:data1\" content=\"P\u00e9terfi Ferenc\" \/>\n\t<meta name=\"twitter:label2\" content=\"Becs\u00fclt olvas\u00e1si id\u0151\" \/>\n\t<meta name=\"twitter:data2\" content=\"8 perc\" \/>\n\t<meta name=\"twitter:label3\" content=\"Written by\" \/>\n\t<meta name=\"twitter:data3\" content=\"P\u00e9terfi Ferenc\" \/>\n<script type=\"application\/ld+json\" class=\"yoast-schema-graph\">{\"@context\":\"https:\/\/schema.org\",\"@graph\":[{\"@type\":\"Article\",\"@id\":\"https:\/\/kofe.hu\/parola\/parola-folyoirat\/otthon-segitunk-alapitvany\/#article\",\"isPartOf\":{\"@id\":\"https:\/\/kofe.hu\/parola\/parola-folyoirat\/otthon-segitunk-alapitvany\/\"},\"author\":{\"name\":\"P\u00e9terfi Ferenc\",\"@id\":\"https:\/\/kofe.hu\/parola\/#\/schema\/person\/46297a12b269c035523fdcd019f91711\"},\"headline\":\"Otthon Seg\u00edt\u00fcnk Alap\u00edtv\u00e1ny\",\"datePublished\":\"2020-07-10T13:18:10+00:00\",\"dateModified\":\"2020-07-30T15:44:46+00:00\",\"mainEntityOfPage\":{\"@id\":\"https:\/\/kofe.hu\/parola\/parola-folyoirat\/otthon-segitunk-alapitvany\/\"},\"wordCount\":1527,\"commentCount\":0,\"image\":{\"@id\":\"https:\/\/kofe.hu\/parola\/parola-folyoirat\/otthon-segitunk-alapitvany\/#primaryimage\"},\"thumbnailUrl\":\"https:\/\/kofe.hu\/parola\/wp-content\/uploads\/2020\/07\/01.3.jpeg\",\"articleSection\":[\"Parola 2001\/3\",\"Parola Foly\u00f3irat\",\"Repert\u00f3rium\"],\"inLanguage\":\"hu\",\"potentialAction\":[{\"@type\":\"CommentAction\",\"name\":\"Comment\",\"target\":[\"https:\/\/kofe.hu\/parola\/parola-folyoirat\/otthon-segitunk-alapitvany\/#respond\"]}]},{\"@type\":\"WebPage\",\"@id\":\"https:\/\/kofe.hu\/parola\/parola-folyoirat\/otthon-segitunk-alapitvany\/\",\"url\":\"https:\/\/kofe.hu\/parola\/parola-folyoirat\/otthon-segitunk-alapitvany\/\",\"name\":\"Otthon Seg\u00edt\u00fcnk Alap\u00edtv\u00e1ny - Parola Foly\u00f3irat\",\"isPartOf\":{\"@id\":\"https:\/\/kofe.hu\/parola\/#website\"},\"primaryImageOfPage\":{\"@id\":\"https:\/\/kofe.hu\/parola\/parola-folyoirat\/otthon-segitunk-alapitvany\/#primaryimage\"},\"image\":{\"@id\":\"https:\/\/kofe.hu\/parola\/parola-folyoirat\/otthon-segitunk-alapitvany\/#primaryimage\"},\"thumbnailUrl\":\"https:\/\/kofe.hu\/parola\/wp-content\/uploads\/2020\/07\/01.3.jpeg\",\"datePublished\":\"2020-07-10T13:18:10+00:00\",\"dateModified\":\"2020-07-30T15:44:46+00:00\",\"author\":{\"@id\":\"https:\/\/kofe.hu\/parola\/#\/schema\/person\/46297a12b269c035523fdcd019f91711\"},\"breadcrumb\":{\"@id\":\"https:\/\/kofe.hu\/parola\/parola-folyoirat\/otthon-segitunk-alapitvany\/#breadcrumb\"},\"inLanguage\":\"hu\",\"potentialAction\":[{\"@type\":\"ReadAction\",\"target\":[\"https:\/\/kofe.hu\/parola\/parola-folyoirat\/otthon-segitunk-alapitvany\/\"]}]},{\"@type\":\"ImageObject\",\"inLanguage\":\"hu\",\"@id\":\"https:\/\/kofe.hu\/parola\/parola-folyoirat\/otthon-segitunk-alapitvany\/#primaryimage\",\"url\":\"https:\/\/kofe.hu\/parola\/wp-content\/uploads\/2020\/07\/01.3.jpeg\",\"contentUrl\":\"https:\/\/kofe.hu\/parola\/wp-content\/uploads\/2020\/07\/01.3.jpeg\",\"width\":1278,\"height\":1958},{\"@type\":\"BreadcrumbList\",\"@id\":\"https:\/\/kofe.hu\/parola\/parola-folyoirat\/otthon-segitunk-alapitvany\/#breadcrumb\",\"itemListElement\":[{\"@type\":\"ListItem\",\"position\":1,\"name\":\"Home\",\"item\":\"https:\/\/kofe.hu\/parola\/\"},{\"@type\":\"ListItem\",\"position\":2,\"name\":\"Otthon Seg\u00edt\u00fcnk Alap\u00edtv\u00e1ny\"}]},{\"@type\":\"WebSite\",\"@id\":\"https:\/\/kofe.hu\/parola\/#website\",\"url\":\"https:\/\/kofe.hu\/parola\/\",\"name\":\"Parola Foly\u00f3irat\",\"description\":\"\",\"potentialAction\":[{\"@type\":\"SearchAction\",\"target\":{\"@type\":\"EntryPoint\",\"urlTemplate\":\"https:\/\/kofe.hu\/parola\/?s={search_term_string}\"},\"query-input\":{\"@type\":\"PropertyValueSpecification\",\"valueRequired\":true,\"valueName\":\"search_term_string\"}}],\"inLanguage\":\"hu\"},{\"@type\":\"Person\",\"@id\":\"https:\/\/kofe.hu\/parola\/#\/schema\/person\/46297a12b269c035523fdcd019f91711\",\"name\":\"P\u00e9terfi Ferenc\",\"image\":{\"@type\":\"ImageObject\",\"inLanguage\":\"hu\",\"@id\":\"https:\/\/kofe.hu\/parola\/#\/schema\/person\/image\/d173d0cf20d3d8748a6819cd4d17d68c\",\"url\":\"https:\/\/secure.gravatar.com\/avatar\/523e0b801b986785c16f8e37b642a318cb28abdc4915fa26e5b257b5a3902afc?s=96&d=mm&r=g\",\"contentUrl\":\"https:\/\/secure.gravatar.com\/avatar\/523e0b801b986785c16f8e37b642a318cb28abdc4915fa26e5b257b5a3902afc?s=96&d=mm&r=g\",\"caption\":\"P\u00e9terfi Ferenc\"},\"url\":\"https:\/\/kofe.hu\/parola\/szerzok\/peterfi-ferenc\/\"}]}<\/script>\n<!-- \/ Yoast SEO plugin. -->","yoast_head_json":{"title":"Otthon Seg\u00edt\u00fcnk Alap\u00edtv\u00e1ny - Parola Foly\u00f3irat","robots":{"index":"index","follow":"follow","max-snippet":"max-snippet:-1","max-image-preview":"max-image-preview:large","max-video-preview":"max-video-preview:-1"},"canonical":"https:\/\/kofe.hu\/parola\/parola-folyoirat\/otthon-segitunk-alapitvany\/","og_locale":"hu_HU","og_type":"article","og_title":"Otthon Seg\u00edt\u00fcnk Alap\u00edtv\u00e1ny - Parola Foly\u00f3irat","og_description":"P\u00e9terfi Ferenc:\u00a0Vend\u00e9g\u00fcnk Benk\u0151 \u00c1gota, aki kor\u00e1bban a Nagycsal\u00e1dosok Orsz\u00e1gos Egyes\u00fclet\u00e9nek az eln\u00f6kek\u00e9nt j\u00e1rt m\u00e1r n\u00e1lunk t\u00f6bbsz\u00f6r is. Most milyen mozgalomban tev\u00e9kenykedik? Benk\u0151 \u00c1gota: Otthon Seg\u00edt\u00fcnk Alap\u00edtv\u00e1ny ennek a szervezetnek a neve. 1992-ben ismerkedtem meg ezzel a nagyszer\u0171 mozgalommal, amely mintegy 30 \u00e9ve indult el Angli\u00e1b\u00f3l. Eredend\u0151en kisgyerekes csal\u00e1doknak: iskol\u00e1skor alatti gyerekekkel b\u00edr\u00f3 fiatal csal\u00e1doknak seg\u00edtett [&hellip;]","og_url":"https:\/\/kofe.hu\/parola\/parola-folyoirat\/otthon-segitunk-alapitvany\/","og_site_name":"Parola Foly\u00f3irat","article_published_time":"2020-07-10T13:18:10+00:00","article_modified_time":"2020-07-30T15:44:46+00:00","og_image":[{"width":1278,"height":1958,"url":"https:\/\/kofe.hu\/parola\/wp-content\/uploads\/2020\/07\/01.3.jpeg","type":"image\/jpeg"}],"author":"P\u00e9terfi Ferenc","twitter_card":"summary_large_image","twitter_misc":{"Szerz\u0151:":"P\u00e9terfi Ferenc","Becs\u00fclt olvas\u00e1si id\u0151":"8 perc","Written by":"P\u00e9terfi Ferenc"},"schema":{"@context":"https:\/\/schema.org","@graph":[{"@type":"Article","@id":"https:\/\/kofe.hu\/parola\/parola-folyoirat\/otthon-segitunk-alapitvany\/#article","isPartOf":{"@id":"https:\/\/kofe.hu\/parola\/parola-folyoirat\/otthon-segitunk-alapitvany\/"},"author":{"name":"P\u00e9terfi Ferenc","@id":"https:\/\/kofe.hu\/parola\/#\/schema\/person\/46297a12b269c035523fdcd019f91711"},"headline":"Otthon Seg\u00edt\u00fcnk Alap\u00edtv\u00e1ny","datePublished":"2020-07-10T13:18:10+00:00","dateModified":"2020-07-30T15:44:46+00:00","mainEntityOfPage":{"@id":"https:\/\/kofe.hu\/parola\/parola-folyoirat\/otthon-segitunk-alapitvany\/"},"wordCount":1527,"commentCount":0,"image":{"@id":"https:\/\/kofe.hu\/parola\/parola-folyoirat\/otthon-segitunk-alapitvany\/#primaryimage"},"thumbnailUrl":"https:\/\/kofe.hu\/parola\/wp-content\/uploads\/2020\/07\/01.3.jpeg","articleSection":["Parola 2001\/3","Parola Foly\u00f3irat","Repert\u00f3rium"],"inLanguage":"hu","potentialAction":[{"@type":"CommentAction","name":"Comment","target":["https:\/\/kofe.hu\/parola\/parola-folyoirat\/otthon-segitunk-alapitvany\/#respond"]}]},{"@type":"WebPage","@id":"https:\/\/kofe.hu\/parola\/parola-folyoirat\/otthon-segitunk-alapitvany\/","url":"https:\/\/kofe.hu\/parola\/parola-folyoirat\/otthon-segitunk-alapitvany\/","name":"Otthon Seg\u00edt\u00fcnk Alap\u00edtv\u00e1ny - Parola Foly\u00f3irat","isPartOf":{"@id":"https:\/\/kofe.hu\/parola\/#website"},"primaryImageOfPage":{"@id":"https:\/\/kofe.hu\/parola\/parola-folyoirat\/otthon-segitunk-alapitvany\/#primaryimage"},"image":{"@id":"https:\/\/kofe.hu\/parola\/parola-folyoirat\/otthon-segitunk-alapitvany\/#primaryimage"},"thumbnailUrl":"https:\/\/kofe.hu\/parola\/wp-content\/uploads\/2020\/07\/01.3.jpeg","datePublished":"2020-07-10T13:18:10+00:00","dateModified":"2020-07-30T15:44:46+00:00","author":{"@id":"https:\/\/kofe.hu\/parola\/#\/schema\/person\/46297a12b269c035523fdcd019f91711"},"breadcrumb":{"@id":"https:\/\/kofe.hu\/parola\/parola-folyoirat\/otthon-segitunk-alapitvany\/#breadcrumb"},"inLanguage":"hu","potentialAction":[{"@type":"ReadAction","target":["https:\/\/kofe.hu\/parola\/parola-folyoirat\/otthon-segitunk-alapitvany\/"]}]},{"@type":"ImageObject","inLanguage":"hu","@id":"https:\/\/kofe.hu\/parola\/parola-folyoirat\/otthon-segitunk-alapitvany\/#primaryimage","url":"https:\/\/kofe.hu\/parola\/wp-content\/uploads\/2020\/07\/01.3.jpeg","contentUrl":"https:\/\/kofe.hu\/parola\/wp-content\/uploads\/2020\/07\/01.3.jpeg","width":1278,"height":1958},{"@type":"BreadcrumbList","@id":"https:\/\/kofe.hu\/parola\/parola-folyoirat\/otthon-segitunk-alapitvany\/#breadcrumb","itemListElement":[{"@type":"ListItem","position":1,"name":"Home","item":"https:\/\/kofe.hu\/parola\/"},{"@type":"ListItem","position":2,"name":"Otthon Seg\u00edt\u00fcnk Alap\u00edtv\u00e1ny"}]},{"@type":"WebSite","@id":"https:\/\/kofe.hu\/parola\/#website","url":"https:\/\/kofe.hu\/parola\/","name":"Parola Foly\u00f3irat","description":"","potentialAction":[{"@type":"SearchAction","target":{"@type":"EntryPoint","urlTemplate":"https:\/\/kofe.hu\/parola\/?s={search_term_string}"},"query-input":{"@type":"PropertyValueSpecification","valueRequired":true,"valueName":"search_term_string"}}],"inLanguage":"hu"},{"@type":"Person","@id":"https:\/\/kofe.hu\/parola\/#\/schema\/person\/46297a12b269c035523fdcd019f91711","name":"P\u00e9terfi Ferenc","image":{"@type":"ImageObject","inLanguage":"hu","@id":"https:\/\/kofe.hu\/parola\/#\/schema\/person\/image\/d173d0cf20d3d8748a6819cd4d17d68c","url":"https:\/\/secure.gravatar.com\/avatar\/523e0b801b986785c16f8e37b642a318cb28abdc4915fa26e5b257b5a3902afc?s=96&d=mm&r=g","contentUrl":"https:\/\/secure.gravatar.com\/avatar\/523e0b801b986785c16f8e37b642a318cb28abdc4915fa26e5b257b5a3902afc?s=96&d=mm&r=g","caption":"P\u00e9terfi Ferenc"},"url":"https:\/\/kofe.hu\/parola\/szerzok\/peterfi-ferenc\/"}]}},"_links":{"self":[{"href":"https:\/\/kofe.hu\/parola\/wp-json\/wp\/v2\/posts\/2796","targetHints":{"allow":["GET"]}}],"collection":[{"href":"https:\/\/kofe.hu\/parola\/wp-json\/wp\/v2\/posts"}],"about":[{"href":"https:\/\/kofe.hu\/parola\/wp-json\/wp\/v2\/types\/post"}],"author":[{"embeddable":true,"href":"https:\/\/kofe.hu\/parola\/wp-json\/wp\/v2\/users\/15"}],"replies":[{"embeddable":true,"href":"https:\/\/kofe.hu\/parola\/wp-json\/wp\/v2\/comments?post=2796"}],"version-history":[{"count":3,"href":"https:\/\/kofe.hu\/parola\/wp-json\/wp\/v2\/posts\/2796\/revisions"}],"predecessor-version":[{"id":4653,"href":"https:\/\/kofe.hu\/parola\/wp-json\/wp\/v2\/posts\/2796\/revisions\/4653"}],"wp:featuredmedia":[{"embeddable":true,"href":"https:\/\/kofe.hu\/parola\/wp-json\/wp\/v2\/media\/3406"}],"wp:attachment":[{"href":"https:\/\/kofe.hu\/parola\/wp-json\/wp\/v2\/media?parent=2796"}],"wp:term":[{"taxonomy":"category","embeddable":true,"href":"https:\/\/kofe.hu\/parola\/wp-json\/wp\/v2\/categories?post=2796"},{"taxonomy":"post_tag","embeddable":true,"href":"https:\/\/kofe.hu\/parola\/wp-json\/wp\/v2\/tags?post=2796"},{"taxonomy":"author","embeddable":true,"href":"https:\/\/kofe.hu\/parola\/wp-json\/wp\/v2\/coauthors?post=2796"}],"curies":[{"name":"wp","href":"https:\/\/api.w.org\/{rel}","templated":true}]}}