{"id":2792,"date":"2020-07-10T13:15:06","date_gmt":"2020-07-10T13:15:06","guid":{"rendered":"https:\/\/kofe.hu\/parola\/?p=2792"},"modified":"2020-07-30T15:44:11","modified_gmt":"2020-07-30T15:44:11","slug":"klubunk-es-a-mi-tortenetunk","status":"publish","type":"post","link":"https:\/\/kofe.hu\/parola\/parola-folyoirat\/klubunk-es-a-mi-tortenetunk\/","title":{"rendered":"Klubunk \u00e9s a mi t\u00f6rt\u00e9net\u00fcnk"},"content":{"rendered":"<p style=\"text-align: justify;\"><span style=\"font-family: Times New Roman CE; font-size: large;\">Mint majdnem minden \u00e1ltal\u00e1nos \u00e9s k\u00f6z\u00e9piskol\u00e1s fiatal, mi is el-eljutottunk nyarank\u00e9nt t\u00e1borozni. A F\u00f6ldtani \u00d6r\u00f6ks\u00e9g\u00fcnk Di\u00e1kp\u00e1ly\u00e1zat nyerteseik\u00e9nt 1995-ben el\u0151sz\u00f6r vehett\u00fcnk r\u00e9szt a F\u00f6ldtani \u00d6r\u00f6ks\u00e9g\u00fcnk jutalomt\u00e1borban, a B\u00fckk hegys\u00e9g egyik legvar\u00e1zslatosabb hely\u00e9n. A Rejtek erd\u0151 m\u00e9ly\u00e9n eldugott kis helyen megrendezett egy hetes t\u00e1bor sor\u00e1n fantasztikus napokat t\u00f6lt\u00f6tt\u00fcnk el egy\u00fctt. A v\u00e9g\u00e9n pedig nagyon f\u00e1jt a sz\u00edv\u00fcnk elhagyni \u00fajdons\u00fclt bar\u00e1tainkat, egym\u00e1st. Jobban, mint addig b\u00e1rmelyik t\u00e1boroz\u00e1sunk alkalm\u00e1val.<\/span><\/p>\n<p style=\"text-align: justify;\"><!--more--><br \/>\n<span style=\"font-family: Times New Roman CE; font-size: large;\">A k\u00f6vetkez\u0151 \u00e9v \u00fajabb jutalomt\u00e1bort, m\u00e9g t\u00f6bb \u00faj bar\u00e1tot hozott. A t\u00e1borban ez\u00e9rt n\u00e9h\u00e1nyan elhat\u00e1roztuk: nem hagyjuk szem el\u0151l veszni egym\u00e1st, m\u00e9g akkor sem, ha k\u00f6z\u00fcl\u00fcnk sokan t\u00e1volabb \u00e9lnek Budapestt\u0151l.<\/span><br \/>\n<span style=\"font-family: Times New Roman CE; font-size: large;\">Rengeteg \u00f6tletet, tervet sz\u0151tt\u00fcnk, tudtuk, hogy m\u00e9g sok mindent csin\u00e1lhatn\u00e1nk k\u00f6z\u00f6sen. A tervekb\u0151l val\u00f3s\u00e1g lett \u00e9s 1996 december\u00e9ben megalakult a F\u00f6ldtani \u00d6r\u00f6ks\u00e9g\u00fcnk Term\u00e9szetv\u00e9delmi Egyes\u00fclet. Programokat program h\u00e1t\u00e1n szervezt\u00fcnk, j\u00e1rtuk az orsz\u00e1got, t\u00e1volabb \u00e9l\u0151 tagjaink helyi csoportokat alak\u00edtottak \u00e9s saj\u00e1t h\u00e1zuk t\u00e1j\u00e1n tev\u00e9kenykedtek.<\/span><br \/>\n<span style=\"font-family: Times New Roman CE; font-size: large;\">Sajnos azonban, akarva akaratlanul, ahogy egyre t\u00f6bben \u201eki\u00f6regedt\u00fcnk\u201d a t\u00e1boroz\u00f3 korb\u00f3l, t\u00e1volabb \u00e9l\u0151 bar\u00e1tainkkal sz\u00e9p lassan elv\u00e9konyodtak az \u00f6sszek\u00f6t\u0151-kapcsok. F\u00e9lt\u00fcnk, hogy ugyanez t\u00f6rt\u00e9nhet a Budapesten \u00e9l\u0151 bar\u00e1tainkkal is, hiszen a t\u00e1rsas\u00e1gb\u00f3l sokan befejezt\u00e9k k\u00f6z\u00e9piskolai tanulm\u00e1nyaikat, s k\u00fcl\u00f6nb\u00f6z\u0151 egyetemeken tanulnak tov\u00e1bb. Szerett\u00fck volna, ha ezt meg tudjuk el\u0151zni, szerett\u00fck volna, ha van egy hely, ami nem egy f\u00fcst\u00f6s kiskocsma, nem egy McDonalds&#8230;<\/span><br \/>\n<span style=\"font-family: Times New Roman CE; font-size: large;\">Mert kell egy hely, ahova mindig visszat\u00e9rhetnek, \u00e9s megtal\u00e1lj\u00e1k egym\u00e1st \u00e9s minket, \u00e9s folytathatjuk a k\u00f6z\u00f6s munk\u00e1t, amit elkezdt\u00fcnk vagy belefoghatunk valami eg\u00e9szen m\u00e1sba. Sokszor az is el\u00e9g, ha csak egy\u00fctt lehet\u00fcnk, besz\u00e9lgethet\u00fcnk, j\u00e1tszhatunk, el\u0151ad\u00e1sokat tarthatunk \u00e9s hallgathatunk&#8230;<\/span><br \/>\n<span style=\"font-family: Times New Roman CE; font-size: large;\">Kerest\u00fcnk-kutattunk, m\u00edgnem a Zugl\u00f3i \u00d6nkorm\u00e1nyzat 2000 \u0151sz\u00e9n az Egyes\u00fclet rendelkez\u00e9s\u00e9re bocs\u00e1tott egy hajdani l\u00e9g\u00f3pinc\u00e9t az Ilka utc\u00e1ban. Az \u00f6r\u00f6mh\u00edr mindegyik\u00fcnkre lelkes\u00edt\u0151en hatott \u00e9s kis t\u00e1rsas\u00e1gunk azonnal neki\u00e1llt lomtalan\u00edtani, takar\u00edtani. Szerencs\u00e9re az t\u00e9l nem volt annyira kem\u00e9ny, hogy gondot jelentsen f\u0171t\u00e9s n\u00e9lk\u00fcl kifesteni. \u00d6ner\u0151b\u0151l hoztuk helyre a villamosh\u00e1l\u00f3zatot, a v\u00edzvezet\u00e9k-rendszert. Igazi szenz\u00e1ci\u00f3t jelentett, amikor bar\u00e1ti felaj\u00e1nl\u00e1sb\u00f3l egy dar\u00e1l\u00f3s WC-t kaptunk, \u00edgy nekil\u00e1thattunk a l\u00e9pcs\u0151h\u00e1z egy r\u00e9sz\u00e9b\u0151l egy mell\u00e9khelys\u00e9g kialak\u00edt\u00e1s\u00e1nak. Egy par\u00e1nyi 2 m2-es helyis\u00e9get \u201ekonyh\u00e1nak\u201d rendezt\u00fcnk be, ezen k\u00edv\u00fcl van 3 db 15\u201316 m2-es helyis\u00e9g\u00fcnk, melyek k\u00f6z\u00fcl az egyiket az Egyes\u00fclet irod\u00e1jak\u00e9nt, a m\u00e1sik kett\u0151t a k\u00f6z\u00f6ss\u00e9gi \u00e9let sz\u00ednhelyek\u00e9nt klubhelyis\u00e9gekk\u00e9nt szeretn\u00e9nk haszn\u00e1lni. B\u00fatorunk m\u00e9g nagyon kev\u00e9s van, ki-ki otthonr\u00f3l hozta el a m\u00e1r feleslegess\u00e9 v\u00e1lt sz\u00e9keket, asztalokat, szekr\u00e9nyeket&#8230; S\u0151t: van k\u00e9t l\u00e1basunk \u00e9s rengeteg b\u00f6gr\u00e9nk is m\u00e1r!<\/span><br \/>\n<span style=\"font-family: Times New Roman CE; font-size: large;\">Mindezt egy\u00fctt csin\u00e1ltuk, egym\u00e1s\u00e9rt \u00e9s persze \u00f6nz\u0151 m\u00f3don magunk\u00e9rt is. M\u00e9g nagyon sok teend\u0151nk van addig, m\u00edg igaz\u00e1n be tudjuk ind\u00edtani a klub\u00e9letet, megval\u00f3s\u00edthatjuk tervezett programjainkat. Sajnos az Egyes\u00fclet kassz\u00e1ja, a tagok \u00e9s a sz\u00fcl\u0151k p\u00e9nzt\u00e1rc\u00e1ja ki\u00fcr\u00fcl\u0151-f\u00e9lben van, a tov\u00e1bbiakhoz viszont m\u00e9g sok mindenre van sz\u00fcks\u00e9g. Sokszor nem csak p\u00e9nzre, bar\u00e1ti t\u00e1mogat\u00e1sra is. Pedig nincsenek nagy ig\u00e9nyeink: a legszer\u00e9nyebbek csak fest\u00e9ket szeretn\u00e9nek, hogy a mogorva z\u00f6ld padl\u00f3ra sz\u00ednes vir\u00e1gokat festhessenek, a falra pedig, annak komors\u00e1g\u00e1t enyh\u00edtend\u0151, nevet\u0151 napot, szel\u00edd b\u00e1r\u00e1nyfelh\u0151kkel&#8230; Persze emellett m\u00e9g t\u00e9nyleg rengeteg t\u00e1rgyiasult dologra lenne sz\u00fcks\u00e9g\u00fcnk.<\/span><br \/>\n<span style=\"font-family: Times New Roman CE; font-size: large;\">Ha \u00e1lmaink, terveink val\u00f3ra v\u00e1lnak, szeretn\u00e9nk, ha nem csak mi, pestiek \u00e9s k\u00f6rny\u00e9kbeliek, hanem az Egyes\u00fclet t\u00e1volabb \u00e9l\u0151 tagjai is \u2013 Budapesten j\u00e1rva \u2013 itt otthonra tal\u00e1ln\u00e1nak. De sz\u00edvesen l\u00e1tn\u00e1nk itt b\u00e1rkit, aki bes\u00e9t\u00e1l az utc\u00e1r\u00f3l, k\u00fcl\u00f6n \u00f6r\u00f6m lenne, ha m\u00e9g \u00e9rdekl\u0151dne is valaki a term\u00e9szetv\u00e9delem, k\u00fcl\u00f6n\u00f6sen a f\u00f6ldtani term\u00e9szetv\u00e9delem ir\u00e1nt. S\u0151t a j\u00f6v\u0151ben KLUBUNK (\u00edgy, nagybet\u0171vel) egyes\u00fcleti inform\u00e1ci\u00f3s k\u00f6zpontk\u00e9nt is m\u0171k\u00f6dhetne, ahol az \u00e9rdekl\u0151d\u0151 \u00e9s esetleg tenni akar\u00f3 emberek sz\u00e1m\u00e1ra inform\u00e1ci\u00f3t, seg\u00edts\u00e9get, programot ny\u00fajthatn\u00e1nk.<\/span><\/p>\n<p><span style=\"font-family: Times New Roman CE; font-size: large;\">Bemutatkoz\u00f3 sorainkban \u00edrtunk magunkr\u00f3l, terveinkr\u0151l, v\u00e1gyainkr\u00f3l. Egy, a klubban munk\u00e1val elt\u00f6lt\u00f6tt nap ut\u00e1n megpr\u00f3b\u00e1ltuk pap\u00edrra vetni, mik azok az eszk\u00f6z\u00f6k, kell\u00e9kek, amikre sz\u00fcks\u00e9g\u00fcnk lenne, hogy a tervek ne csak tervek maradjanak.<\/span><br \/>\n<span style=\"font-family: Times New Roman CE; font-size: large;\">Sz\u00e1m\u00edt\u00f3g\u00e9p (kiv\u00e1l\u00f3 lenne ak\u00e1r egy haszn\u00e1lt, irodai munk\u00e1ra alkalmas g\u00e9p is) nyomtat\u00f3val a tagnyilv\u00e1ntart\u00e1s vezet\u00e9s\u00e9re \u00e9s az egyes\u00fcleti levelez\u00e9s bonyol\u00edt\u00e1s\u00e1ra,<\/span><br \/>\n<span style=\"font-family: Times New Roman CE; font-size: large;\">Diavet\u00edt\u0151 \u2013 a szakmai el\u0151ad\u00e1sokhoz, \u00e9lm\u00e9nybesz\u00e1mol\u00f3khoz<\/span><br \/>\n<span style=\"font-family: Times New Roman CE; font-size: large;\">Fali polcok<\/span><br \/>\n<span style=\"font-family: Times New Roman CE; font-size: large;\">K\u00f6nnyen mozd\u00edthat\u00f3 m\u0171anyag sz\u00e9kek \u00e9s asztalok<\/span><br \/>\n<span style=\"font-family: Times New Roman CE; font-size: large;\">Dekor\u00e1ci\u00f3s kell\u00e9kek (k\u00e9pkeretek, text\u00edli\u00e1k, \u00fcl\u0151p\u00e1rn\u00e1k, fest\u00e9kek, n\u00e9h\u00e1ny rongysz\u0151nyeg stb.)<\/span><br \/>\n<span style=\"font-family: Times New Roman CE; font-size: large;\">Konyhai felszerel\u00e9sek (t\u00e1ny\u00e9rok, ev\u0151eszk\u00f6z\u00f6k, konyharuh\u00e1k, k\u00e1v\u00e9f\u0151z\u0151 stb.) B\u00f6gr\u00e9nk m\u00e1r van.<\/span><br \/>\n<span style=\"font-family: Times New Roman CE; font-size: large;\">Irodai kell\u00e9kek (mapp\u00e1k, t\u00e1rol\u00f3-dobozok, irattart\u00f3k, asztali l\u00e1mpa, fali\u00fajs\u00e1g stb.)<\/span><br \/>\n<span style=\"font-family: Times New Roman CE; font-size: large;\">T\u00e1rsasj\u00e1t\u00e9kok<\/span><\/p>\n<p><span style=\"font-family: Times New Roman CE; font-size: large;\">Egyes\u00fclet\u00fcnk, csapatunk term\u00e9szetesen minden seg\u00edts\u00e9gnek \u00f6r\u00fcl, ez\u00e9rt \u00f6r\u00f6mmel venn\u00e9nk, ha szakmai \u00e9s szervezeti fejl\u0151d\u00e9s\u00fcnkh\u00f6z a K\u00f6z\u00f6ss\u00e9gfejleszt\u0151k Egyes\u00fclet\u00e9t\u0151l, nemcsak anyagi \u00e9s t\u00e1rgyi, hanem szakmai t\u00e9ren is seg\u00edt\u0151 kezet kapn\u00e1nk.<\/span><\/p>\n<p><span style=\"font-family: Times New Roman CE; font-size: large;\">K\u00f6sz\u00f6nettel:<\/span><br \/>\n<span style=\"font-family: Times New Roman CE; font-size: large;\">Domokos S\u00e1ndor, eln\u00f6k<\/span><br \/>\n<span style=\"font-family: Times New Roman CE; font-size: large;\">\u00e9s a csigah\u00e1z leend\u0151 lak\u00f3i<\/span><\/p>\n<p><span style=\"font-family: Times New Roman CE; font-size: large;\">Budapest, 2001. j\u00fanius 8.<\/span><\/p>\n","protected":false},"excerpt":{"rendered":"<p>Mint majdnem minden \u00e1ltal\u00e1nos \u00e9s k\u00f6z\u00e9piskol\u00e1s fiatal, mi is el-eljutottunk nyarank\u00e9nt t\u00e1borozni. A F\u00f6ldtani \u00d6r\u00f6ks\u00e9g\u00fcnk Di\u00e1kp\u00e1ly\u00e1zat nyerteseik\u00e9nt 1995-ben el\u0151sz\u00f6r vehett\u00fcnk r\u00e9szt a F\u00f6ldtani \u00d6r\u00f6ks\u00e9g\u00fcnk jutalomt\u00e1borban, a B\u00fckk hegys\u00e9g egyik legvar\u00e1zslatosabb hely\u00e9n. A Rejtek erd\u0151 m\u00e9ly\u00e9n eldugott kis helyen megrendezett egy hetes t\u00e1bor sor\u00e1n fantasztikus napokat t\u00f6lt\u00f6tt\u00fcnk el egy\u00fctt. A v\u00e9g\u00e9n pedig nagyon f\u00e1jt a sz\u00edv\u00fcnk [&hellip;]<\/p>\n","protected":false},"author":4,"featured_media":3406,"comment_status":"open","ping_status":"open","sticky":false,"template":"","format":"standard","meta":{"_acf_changed":false,"footnotes":""},"categories":[472,8,7],"tags":[],"coauthors":[47],"class_list":["post-2792","post","type-post","status-publish","format-standard","has-post-thumbnail","hentry","category-parola-2001-3","category-parola-folyoirat","category-repertorium"],"acf":[],"yoast_head":"<!-- This site is optimized with the Yoast SEO plugin v26.7 - https:\/\/yoast.com\/wordpress\/plugins\/seo\/ -->\n<title>Klubunk \u00e9s a mi t\u00f6rt\u00e9net\u00fcnk - Parola Foly\u00f3irat<\/title>\n<meta name=\"robots\" content=\"index, follow, max-snippet:-1, max-image-preview:large, max-video-preview:-1\" \/>\n<link rel=\"canonical\" href=\"https:\/\/kofe.hu\/parola\/parola-folyoirat\/klubunk-es-a-mi-tortenetunk\/\" \/>\n<meta property=\"og:locale\" content=\"hu_HU\" \/>\n<meta property=\"og:type\" content=\"article\" \/>\n<meta property=\"og:title\" content=\"Klubunk \u00e9s a mi t\u00f6rt\u00e9net\u00fcnk - Parola Foly\u00f3irat\" \/>\n<meta property=\"og:description\" content=\"Mint majdnem minden \u00e1ltal\u00e1nos \u00e9s k\u00f6z\u00e9piskol\u00e1s fiatal, mi is el-eljutottunk nyarank\u00e9nt t\u00e1borozni. A F\u00f6ldtani \u00d6r\u00f6ks\u00e9g\u00fcnk Di\u00e1kp\u00e1ly\u00e1zat nyerteseik\u00e9nt 1995-ben el\u0151sz\u00f6r vehett\u00fcnk r\u00e9szt a F\u00f6ldtani \u00d6r\u00f6ks\u00e9g\u00fcnk jutalomt\u00e1borban, a B\u00fckk hegys\u00e9g egyik legvar\u00e1zslatosabb hely\u00e9n. A Rejtek erd\u0151 m\u00e9ly\u00e9n eldugott kis helyen megrendezett egy hetes t\u00e1bor sor\u00e1n fantasztikus napokat t\u00f6lt\u00f6tt\u00fcnk el egy\u00fctt. A v\u00e9g\u00e9n pedig nagyon f\u00e1jt a sz\u00edv\u00fcnk [&hellip;]\" \/>\n<meta property=\"og:url\" content=\"https:\/\/kofe.hu\/parola\/parola-folyoirat\/klubunk-es-a-mi-tortenetunk\/\" \/>\n<meta property=\"og:site_name\" content=\"Parola Foly\u00f3irat\" \/>\n<meta property=\"article:published_time\" content=\"2020-07-10T13:15:06+00:00\" \/>\n<meta property=\"article:modified_time\" content=\"2020-07-30T15:44:11+00:00\" \/>\n<meta property=\"og:image\" content=\"https:\/\/kofe.hu\/parola\/wp-content\/uploads\/2020\/07\/01.3.jpeg\" \/>\n\t<meta property=\"og:image:width\" content=\"1278\" \/>\n\t<meta property=\"og:image:height\" content=\"1958\" \/>\n\t<meta property=\"og:image:type\" content=\"image\/jpeg\" \/>\n<meta name=\"author\" content=\"Parola\" \/>\n<meta name=\"twitter:card\" content=\"summary_large_image\" \/>\n<meta name=\"twitter:label1\" content=\"Szerz\u0151:\" \/>\n\t<meta name=\"twitter:data1\" content=\"Parola\" \/>\n\t<meta name=\"twitter:label2\" content=\"Becs\u00fclt olvas\u00e1si id\u0151\" \/>\n\t<meta name=\"twitter:data2\" content=\"6 perc\" \/>\n\t<meta name=\"twitter:label3\" content=\"Written by\" \/>\n\t<meta name=\"twitter:data3\" content=\"Parola\" \/>\n<script type=\"application\/ld+json\" class=\"yoast-schema-graph\">{\"@context\":\"https:\/\/schema.org\",\"@graph\":[{\"@type\":\"Article\",\"@id\":\"https:\/\/kofe.hu\/parola\/parola-folyoirat\/klubunk-es-a-mi-tortenetunk\/#article\",\"isPartOf\":{\"@id\":\"https:\/\/kofe.hu\/parola\/parola-folyoirat\/klubunk-es-a-mi-tortenetunk\/\"},\"author\":{\"name\":\"Parola\",\"@id\":\"https:\/\/kofe.hu\/parola\/#\/schema\/person\/b39ea6ec0995233537351d7e33281aeb\"},\"headline\":\"Klubunk \u00e9s a mi t\u00f6rt\u00e9net\u00fcnk\",\"datePublished\":\"2020-07-10T13:15:06+00:00\",\"dateModified\":\"2020-07-30T15:44:11+00:00\",\"mainEntityOfPage\":{\"@id\":\"https:\/\/kofe.hu\/parola\/parola-folyoirat\/klubunk-es-a-mi-tortenetunk\/\"},\"wordCount\":1120,\"commentCount\":0,\"image\":{\"@id\":\"https:\/\/kofe.hu\/parola\/parola-folyoirat\/klubunk-es-a-mi-tortenetunk\/#primaryimage\"},\"thumbnailUrl\":\"https:\/\/kofe.hu\/parola\/wp-content\/uploads\/2020\/07\/01.3.jpeg\",\"articleSection\":[\"Parola 2001\/3\",\"Parola Foly\u00f3irat\",\"Repert\u00f3rium\"],\"inLanguage\":\"hu\",\"potentialAction\":[{\"@type\":\"CommentAction\",\"name\":\"Comment\",\"target\":[\"https:\/\/kofe.hu\/parola\/parola-folyoirat\/klubunk-es-a-mi-tortenetunk\/#respond\"]}]},{\"@type\":\"WebPage\",\"@id\":\"https:\/\/kofe.hu\/parola\/parola-folyoirat\/klubunk-es-a-mi-tortenetunk\/\",\"url\":\"https:\/\/kofe.hu\/parola\/parola-folyoirat\/klubunk-es-a-mi-tortenetunk\/\",\"name\":\"Klubunk \u00e9s a mi t\u00f6rt\u00e9net\u00fcnk - Parola Foly\u00f3irat\",\"isPartOf\":{\"@id\":\"https:\/\/kofe.hu\/parola\/#website\"},\"primaryImageOfPage\":{\"@id\":\"https:\/\/kofe.hu\/parola\/parola-folyoirat\/klubunk-es-a-mi-tortenetunk\/#primaryimage\"},\"image\":{\"@id\":\"https:\/\/kofe.hu\/parola\/parola-folyoirat\/klubunk-es-a-mi-tortenetunk\/#primaryimage\"},\"thumbnailUrl\":\"https:\/\/kofe.hu\/parola\/wp-content\/uploads\/2020\/07\/01.3.jpeg\",\"datePublished\":\"2020-07-10T13:15:06+00:00\",\"dateModified\":\"2020-07-30T15:44:11+00:00\",\"author\":{\"@id\":\"https:\/\/kofe.hu\/parola\/#\/schema\/person\/b39ea6ec0995233537351d7e33281aeb\"},\"breadcrumb\":{\"@id\":\"https:\/\/kofe.hu\/parola\/parola-folyoirat\/klubunk-es-a-mi-tortenetunk\/#breadcrumb\"},\"inLanguage\":\"hu\",\"potentialAction\":[{\"@type\":\"ReadAction\",\"target\":[\"https:\/\/kofe.hu\/parola\/parola-folyoirat\/klubunk-es-a-mi-tortenetunk\/\"]}]},{\"@type\":\"ImageObject\",\"inLanguage\":\"hu\",\"@id\":\"https:\/\/kofe.hu\/parola\/parola-folyoirat\/klubunk-es-a-mi-tortenetunk\/#primaryimage\",\"url\":\"https:\/\/kofe.hu\/parola\/wp-content\/uploads\/2020\/07\/01.3.jpeg\",\"contentUrl\":\"https:\/\/kofe.hu\/parola\/wp-content\/uploads\/2020\/07\/01.3.jpeg\",\"width\":1278,\"height\":1958},{\"@type\":\"BreadcrumbList\",\"@id\":\"https:\/\/kofe.hu\/parola\/parola-folyoirat\/klubunk-es-a-mi-tortenetunk\/#breadcrumb\",\"itemListElement\":[{\"@type\":\"ListItem\",\"position\":1,\"name\":\"Home\",\"item\":\"https:\/\/kofe.hu\/parola\/\"},{\"@type\":\"ListItem\",\"position\":2,\"name\":\"Klubunk \u00e9s a mi t\u00f6rt\u00e9net\u00fcnk\"}]},{\"@type\":\"WebSite\",\"@id\":\"https:\/\/kofe.hu\/parola\/#website\",\"url\":\"https:\/\/kofe.hu\/parola\/\",\"name\":\"Parola Foly\u00f3irat\",\"description\":\"\",\"potentialAction\":[{\"@type\":\"SearchAction\",\"target\":{\"@type\":\"EntryPoint\",\"urlTemplate\":\"https:\/\/kofe.hu\/parola\/?s={search_term_string}\"},\"query-input\":{\"@type\":\"PropertyValueSpecification\",\"valueRequired\":true,\"valueName\":\"search_term_string\"}}],\"inLanguage\":\"hu\"},{\"@type\":\"Person\",\"@id\":\"https:\/\/kofe.hu\/parola\/#\/schema\/person\/b39ea6ec0995233537351d7e33281aeb\",\"name\":\"Parola\",\"image\":{\"@type\":\"ImageObject\",\"inLanguage\":\"hu\",\"@id\":\"https:\/\/kofe.hu\/parola\/#\/schema\/person\/image\/ef1d7dc4d1949d5457aa415351763853\",\"url\":\"https:\/\/secure.gravatar.com\/avatar\/c18c00ea50048aa7adb99e5d11e4250d05111e33b2bea02671439eb7912c945e?s=96&d=mm&r=g\",\"contentUrl\":\"https:\/\/secure.gravatar.com\/avatar\/c18c00ea50048aa7adb99e5d11e4250d05111e33b2bea02671439eb7912c945e?s=96&d=mm&r=g\",\"caption\":\"Parola\"},\"url\":\"https:\/\/kofe.hu\/parola\/szerzok\/parola\/\"}]}<\/script>\n<!-- \/ Yoast SEO plugin. -->","yoast_head_json":{"title":"Klubunk \u00e9s a mi t\u00f6rt\u00e9net\u00fcnk - Parola Foly\u00f3irat","robots":{"index":"index","follow":"follow","max-snippet":"max-snippet:-1","max-image-preview":"max-image-preview:large","max-video-preview":"max-video-preview:-1"},"canonical":"https:\/\/kofe.hu\/parola\/parola-folyoirat\/klubunk-es-a-mi-tortenetunk\/","og_locale":"hu_HU","og_type":"article","og_title":"Klubunk \u00e9s a mi t\u00f6rt\u00e9net\u00fcnk - Parola Foly\u00f3irat","og_description":"Mint majdnem minden \u00e1ltal\u00e1nos \u00e9s k\u00f6z\u00e9piskol\u00e1s fiatal, mi is el-eljutottunk nyarank\u00e9nt t\u00e1borozni. A F\u00f6ldtani \u00d6r\u00f6ks\u00e9g\u00fcnk Di\u00e1kp\u00e1ly\u00e1zat nyerteseik\u00e9nt 1995-ben el\u0151sz\u00f6r vehett\u00fcnk r\u00e9szt a F\u00f6ldtani \u00d6r\u00f6ks\u00e9g\u00fcnk jutalomt\u00e1borban, a B\u00fckk hegys\u00e9g egyik legvar\u00e1zslatosabb hely\u00e9n. A Rejtek erd\u0151 m\u00e9ly\u00e9n eldugott kis helyen megrendezett egy hetes t\u00e1bor sor\u00e1n fantasztikus napokat t\u00f6lt\u00f6tt\u00fcnk el egy\u00fctt. A v\u00e9g\u00e9n pedig nagyon f\u00e1jt a sz\u00edv\u00fcnk [&hellip;]","og_url":"https:\/\/kofe.hu\/parola\/parola-folyoirat\/klubunk-es-a-mi-tortenetunk\/","og_site_name":"Parola Foly\u00f3irat","article_published_time":"2020-07-10T13:15:06+00:00","article_modified_time":"2020-07-30T15:44:11+00:00","og_image":[{"width":1278,"height":1958,"url":"https:\/\/kofe.hu\/parola\/wp-content\/uploads\/2020\/07\/01.3.jpeg","type":"image\/jpeg"}],"author":"Parola","twitter_card":"summary_large_image","twitter_misc":{"Szerz\u0151:":"Parola","Becs\u00fclt olvas\u00e1si id\u0151":"6 perc","Written by":"Parola"},"schema":{"@context":"https:\/\/schema.org","@graph":[{"@type":"Article","@id":"https:\/\/kofe.hu\/parola\/parola-folyoirat\/klubunk-es-a-mi-tortenetunk\/#article","isPartOf":{"@id":"https:\/\/kofe.hu\/parola\/parola-folyoirat\/klubunk-es-a-mi-tortenetunk\/"},"author":{"name":"Parola","@id":"https:\/\/kofe.hu\/parola\/#\/schema\/person\/b39ea6ec0995233537351d7e33281aeb"},"headline":"Klubunk \u00e9s a mi t\u00f6rt\u00e9net\u00fcnk","datePublished":"2020-07-10T13:15:06+00:00","dateModified":"2020-07-30T15:44:11+00:00","mainEntityOfPage":{"@id":"https:\/\/kofe.hu\/parola\/parola-folyoirat\/klubunk-es-a-mi-tortenetunk\/"},"wordCount":1120,"commentCount":0,"image":{"@id":"https:\/\/kofe.hu\/parola\/parola-folyoirat\/klubunk-es-a-mi-tortenetunk\/#primaryimage"},"thumbnailUrl":"https:\/\/kofe.hu\/parola\/wp-content\/uploads\/2020\/07\/01.3.jpeg","articleSection":["Parola 2001\/3","Parola Foly\u00f3irat","Repert\u00f3rium"],"inLanguage":"hu","potentialAction":[{"@type":"CommentAction","name":"Comment","target":["https:\/\/kofe.hu\/parola\/parola-folyoirat\/klubunk-es-a-mi-tortenetunk\/#respond"]}]},{"@type":"WebPage","@id":"https:\/\/kofe.hu\/parola\/parola-folyoirat\/klubunk-es-a-mi-tortenetunk\/","url":"https:\/\/kofe.hu\/parola\/parola-folyoirat\/klubunk-es-a-mi-tortenetunk\/","name":"Klubunk \u00e9s a mi t\u00f6rt\u00e9net\u00fcnk - Parola Foly\u00f3irat","isPartOf":{"@id":"https:\/\/kofe.hu\/parola\/#website"},"primaryImageOfPage":{"@id":"https:\/\/kofe.hu\/parola\/parola-folyoirat\/klubunk-es-a-mi-tortenetunk\/#primaryimage"},"image":{"@id":"https:\/\/kofe.hu\/parola\/parola-folyoirat\/klubunk-es-a-mi-tortenetunk\/#primaryimage"},"thumbnailUrl":"https:\/\/kofe.hu\/parola\/wp-content\/uploads\/2020\/07\/01.3.jpeg","datePublished":"2020-07-10T13:15:06+00:00","dateModified":"2020-07-30T15:44:11+00:00","author":{"@id":"https:\/\/kofe.hu\/parola\/#\/schema\/person\/b39ea6ec0995233537351d7e33281aeb"},"breadcrumb":{"@id":"https:\/\/kofe.hu\/parola\/parola-folyoirat\/klubunk-es-a-mi-tortenetunk\/#breadcrumb"},"inLanguage":"hu","potentialAction":[{"@type":"ReadAction","target":["https:\/\/kofe.hu\/parola\/parola-folyoirat\/klubunk-es-a-mi-tortenetunk\/"]}]},{"@type":"ImageObject","inLanguage":"hu","@id":"https:\/\/kofe.hu\/parola\/parola-folyoirat\/klubunk-es-a-mi-tortenetunk\/#primaryimage","url":"https:\/\/kofe.hu\/parola\/wp-content\/uploads\/2020\/07\/01.3.jpeg","contentUrl":"https:\/\/kofe.hu\/parola\/wp-content\/uploads\/2020\/07\/01.3.jpeg","width":1278,"height":1958},{"@type":"BreadcrumbList","@id":"https:\/\/kofe.hu\/parola\/parola-folyoirat\/klubunk-es-a-mi-tortenetunk\/#breadcrumb","itemListElement":[{"@type":"ListItem","position":1,"name":"Home","item":"https:\/\/kofe.hu\/parola\/"},{"@type":"ListItem","position":2,"name":"Klubunk \u00e9s a mi t\u00f6rt\u00e9net\u00fcnk"}]},{"@type":"WebSite","@id":"https:\/\/kofe.hu\/parola\/#website","url":"https:\/\/kofe.hu\/parola\/","name":"Parola Foly\u00f3irat","description":"","potentialAction":[{"@type":"SearchAction","target":{"@type":"EntryPoint","urlTemplate":"https:\/\/kofe.hu\/parola\/?s={search_term_string}"},"query-input":{"@type":"PropertyValueSpecification","valueRequired":true,"valueName":"search_term_string"}}],"inLanguage":"hu"},{"@type":"Person","@id":"https:\/\/kofe.hu\/parola\/#\/schema\/person\/b39ea6ec0995233537351d7e33281aeb","name":"Parola","image":{"@type":"ImageObject","inLanguage":"hu","@id":"https:\/\/kofe.hu\/parola\/#\/schema\/person\/image\/ef1d7dc4d1949d5457aa415351763853","url":"https:\/\/secure.gravatar.com\/avatar\/c18c00ea50048aa7adb99e5d11e4250d05111e33b2bea02671439eb7912c945e?s=96&d=mm&r=g","contentUrl":"https:\/\/secure.gravatar.com\/avatar\/c18c00ea50048aa7adb99e5d11e4250d05111e33b2bea02671439eb7912c945e?s=96&d=mm&r=g","caption":"Parola"},"url":"https:\/\/kofe.hu\/parola\/szerzok\/parola\/"}]}},"_links":{"self":[{"href":"https:\/\/kofe.hu\/parola\/wp-json\/wp\/v2\/posts\/2792","targetHints":{"allow":["GET"]}}],"collection":[{"href":"https:\/\/kofe.hu\/parola\/wp-json\/wp\/v2\/posts"}],"about":[{"href":"https:\/\/kofe.hu\/parola\/wp-json\/wp\/v2\/types\/post"}],"author":[{"embeddable":true,"href":"https:\/\/kofe.hu\/parola\/wp-json\/wp\/v2\/users\/4"}],"replies":[{"embeddable":true,"href":"https:\/\/kofe.hu\/parola\/wp-json\/wp\/v2\/comments?post=2792"}],"version-history":[{"count":2,"href":"https:\/\/kofe.hu\/parola\/wp-json\/wp\/v2\/posts\/2792\/revisions"}],"predecessor-version":[{"id":4649,"href":"https:\/\/kofe.hu\/parola\/wp-json\/wp\/v2\/posts\/2792\/revisions\/4649"}],"wp:featuredmedia":[{"embeddable":true,"href":"https:\/\/kofe.hu\/parola\/wp-json\/wp\/v2\/media\/3406"}],"wp:attachment":[{"href":"https:\/\/kofe.hu\/parola\/wp-json\/wp\/v2\/media?parent=2792"}],"wp:term":[{"taxonomy":"category","embeddable":true,"href":"https:\/\/kofe.hu\/parola\/wp-json\/wp\/v2\/categories?post=2792"},{"taxonomy":"post_tag","embeddable":true,"href":"https:\/\/kofe.hu\/parola\/wp-json\/wp\/v2\/tags?post=2792"},{"taxonomy":"author","embeddable":true,"href":"https:\/\/kofe.hu\/parola\/wp-json\/wp\/v2\/coauthors?post=2792"}],"curies":[{"name":"wp","href":"https:\/\/api.w.org\/{rel}","templated":true}]}}