{"id":2790,"date":"2020-07-10T13:13:07","date_gmt":"2020-07-10T13:13:07","guid":{"rendered":"https:\/\/kofe.hu\/parola\/?p=2790"},"modified":"2020-07-30T15:43:52","modified_gmt":"2020-07-30T15:43:52","slug":"sarviz-volgye-polgari-egyuttmukodes-egyesulet-saregres","status":"publish","type":"post","link":"https:\/\/kofe.hu\/parola\/parola-folyoirat\/sarviz-volgye-polgari-egyuttmukodes-egyesulet-saregres\/","title":{"rendered":"S\u00e1rv\u00edz V\u00f6lgye Polg\u00e1ri Egy\u00fcttm\u0171k\u00f6d\u00e9s Egyes\u00fclet, S\u00e1regres"},"content":{"rendered":"<p style=\"text-align: justify;\"><span style=\"font-family: Arial CE;\">Egyes\u00fclet\u00fcnk 2001. febru\u00e1rj\u00e1ban alakult 13 lelkes taggal.<\/span><\/p>\n<p style=\"text-align: justify;\"><span style=\"font-family: Arial CE;\">Az egyes\u00fclet eln\u00f6ke: Dr Dobrovitzky Imelda, S\u00e1regres k\u00f6zs\u00e9g orvosa, aleln\u00f6ke: Dr F\u00f6ldi J\u00f3zsef, Cece k\u00f6zs\u00e9g \u00e1llatorvosa, az egyes\u00fclet; titk\u00e1r S\u00e1regresen tan\u00edt\u00f3n\u0151.<\/span><br \/>\n<span style=\"font-family: Arial CE;\">A tagok els\u0151sorban s\u00e1regresi, cecei \u00e9s vajtai lakosok, de maga a szervezet az eg\u00e9sz S\u00e1rv\u00edz-v\u00f6lgye kist\u00e1j telep\u00fcl\u00e9s\u00e9nek polg\u00e1rait, illetve annak ifj\u00fas\u00e1g\u00e1t k\u00edv\u00e1nja t\u00e1mogatni mindenf\u00e9le tekintetben.<\/span><br \/>\n<span style=\"font-family: Arial CE;\">Az Egyes\u00fclet \u00e1ltal\u00e1nos c\u00e9ljai k\u00f6z\u00f6tt szerepel:<\/span><\/p>\n<p style=\"text-align: justify;\"><!--more--><br \/>\n<span style=\"font-family: Arial CE;\">a S\u00e1rv\u00edz-v\u00f6lgye kist\u00e1j ter\u00fclet\u00e9n \u00e9l\u0151 \u00e9s dolgoz\u00f3 \u00e1llampolg\u00e1rok nemzeti gondolkod\u00e1s\u00e1nak fejleszt\u00e9se,<\/span><br \/>\n<span style=\"font-family: Arial CE;\">a nemzeti \u00e9s polg\u00e1ri \u00e9rt\u00e9krend \u2013 az \u2013 erk\u00f6lcs, a kult\u00fara, a szolidarit\u00e1s, a h\u0171s\u00e9g, a kitart\u00e1s, a hazaszeretet \u2013 k\u00e9pviselete \u00e9s terjeszt\u00e9se,<\/span><br \/>\n<span style=\"font-family: Arial CE;\">nevel\u00e9s, oktat\u00e1s, ismeretterjeszt\u00e9s, <\/span><span style=\"font-family: Arial CE;\">szakmai \u00e9s polg\u00e1ri f\u00f3rum teremt\u00e9se a kist\u00e9rs\u00e9g fejleszt\u00e9s\u00e9vel kapcsolatos t\u00e1rsadalmi kezdem\u00e9nyez\u00e9seknek \u00e9s v\u00e9lem\u00e9nyeknek,<\/span><br \/>\n<span style=\"font-family: Arial CE;\">a r\u00e9gi\u00f3 polg\u00e1rainak bevon\u00e1sa a hossz\u00fa t\u00e1v\u00fa c\u00e9lokat szem el\u0151tt tart\u00f3 tev\u00e9kenys\u00e9gek megszervez\u00e9s\u00e9be,<\/span><br \/>\n<span style=\"font-family: Arial CE;\">az Egyes\u00fclet c\u00e9ljaihoz k\u00f6t\u0151d\u0151 tudom\u00e1nyos tev\u00e9kenys\u00e9gek, \u00e9s ezek eredm\u00e9nyei nyilv\u00e1noss\u00e1gra ker\u00fcl\u00e9s\u00e9nek a rendelkez\u00e9sre \u00e1ll\u00f3 eszk\u00f6z\u00f6kkel val\u00f3 el\u0151seg\u00edt\u00e9se.<\/span><br \/>\n<span style=\"font-family: Arial CE;\">Konkr\u00e9t c\u00e9lunk a k\u00f6zelj\u00f6v\u0151ben a Kih\u00edv\u00e1s napja lakoss\u00e1gi sportvet\u00e9lked\u0151 megrendez\u00e9se 2001. m\u00e1jus 30.-\u00e1n. A vet\u00e9lked\u0151 helye S\u00e1regres, de a k\u00f6zeli telep\u00fcl\u00e9sek \u2013 Cece \u00e9s Vajta \u2013 sport-kedvel\u0151 lakosait \u2013 els\u0151sorban a fiatalokat \u2013 is be k\u00edv\u00e1njuk vonni ebbe a nagyszer\u0171 j\u00e1t\u00e9kba, mely a testedz\u00e9sen t\u00fal kiv\u00e1l\u00f3an alkalmas a r\u00e9sztvev\u0151k \u00e9s a n\u00e9z\u0151k sz\u00f3rakoztat\u00e1s\u00e1ra egyar\u00e1nt.<\/span><br \/>\n<span style=\"font-family: Arial CE;\">A S\u00e1rv\u00edz\u2013v\u00f6lgye kist\u00e9rs\u00e9g tizenk\u00e9t telep\u00fcl\u00e9st foglal mag\u00e1ba: S\u00e1regres \u2013 a kapu \u2013, Alap, Als\u00f3szent\u00e1n, Cece, Nagyl\u00f3k, Vajta, Hantos, Mez\u0151szilas, Igar, S\u00e1rszent\u00e1gota, S\u00e1rkereszt\u00far, S\u00e1rbog\u00e1rd.<\/span><br \/>\n<span style=\"font-family: Arial CE;\">H\u00fasv\u00e9t el\u0151tt \u2013 Nagyp\u00e9nteken \u2013 kiz\u00e1r\u00f3lag a n\u0151i nem k\u00e9pvisel\u0151inek \u2013 kis- \u00e9s nagyl\u00e1nyoknak, asszonyoknak, nagymam\u00e1knak \u2013 \u201eH\u00fasv\u00e9tol\u00f3t\u2019 rendezt\u00fcnk, mely egy d\u00e9lut\u00e1ni programk\u00e9nt indult, cs\u00f6ndes zene melletti kellemes besz\u00e9lget\u00e9s volt. Mindenki a saj\u00e1t meglepet\u00e9s\u00e9t hozta: h\u00fasv\u00e9ti t\u00e1lat: csoki toj\u00e1st, nyuszit \u00e9s csibefigur\u00e1t, s\u00fctem\u00e9nyeket, \u00ednyenc \u00e9s sal\u00e1t\u00e1st\u00e1lat \u00e9s kellemes innival\u00f3kat.<\/span><br \/>\n<span style=\"font-family: Arial CE;\">P\u00fcnk\u00f6sd el\u0151tt ism\u00e9t egy kellemesnek \u00edg\u00e9rkez\u0151 p\u00e9nteki d\u00e9lut\u00e1non \u201ep\u00fcnk\u00f6sd\u00f6l\u0151t\u201d tervez\u00fcnk, a \u201eh\u00fasv\u00e9tol\u00f3hoz\u201d hasonl\u00f3an.<\/span><br \/>\n<span style=\"font-family: Arial CE;\">Fej\u00e9r megye ter\u00fclet\u00e9n is nagyon elterjedt a parlagf\u0171. A parlagf\u0171 \u00edrt\u00e1sban \u00e9rdekelt miniszt\u00e9riumok, k\u00f6zt\u00fck a Bel\u00fcgy- \u00e9s Eg\u00e9szs\u00e9g\u00fcgyi Miniszt\u00e9rium, valamint a Parlagf\u0171-Eg\u00e9szs\u00e9g-K\u00f6rnyezet Konferencia felh\u00edv\u00e1s\u00e1ban \u201eOrsz\u00e1gos parlagf\u0171ment\u00e9si napot\u201d hirdetett 2001. j\u00fanius 9-\u00e9re.<\/span><br \/>\n<span style=\"font-family: Arial CE;\">Egyes\u00fcleti megmozdul\u00e1ssal szeretn\u00e9nk t\u00e1mogatni az<\/span><br \/>\n<span style=\"font-family: Arial CE;\">Orsz\u00e1gos parlagf\u0171ment\u00e9si napot az iskol\u00e1kban versenyt hirdetve, hogy ki szedi \u00e9s hozza be a legt\u00f6bb n\u00f6v\u00e9nyt egy telep\u00fcl\u00e9senk\u00e9nt kijel\u00f6lt gy\u0171jt\u0151helyre? Az \u00e9lenj\u00e1r\u00f3kat jutalomban r\u00e9szes\u00edten\u00e9nk.<\/span><br \/>\n<span style=\"font-family: Arial CE;\">A ny\u00e1r folyam\u00e1n a kist\u00e9rs\u00e9gi telep\u00fcl\u00e9sek bevon\u00e1s\u00e1val egy fogathajt\u00f3 bajnoks\u00e1got szeretn\u00e9nk rendezni, melynek sz\u00ednhelye val\u00f3sz\u00edn\u0171leg ism\u00e9t S\u00e1regres lesz.<\/span><br \/>\n<span style=\"font-family: Arial CE;\">Az egyes\u00fclet\u00fcnk eddig minim\u00e1lis anyagi t\u00e1mogat\u00e1st tudott csak szerezni a S\u00e1regres \u00e9s Cece ter\u00fclet\u00e9n \u00e9l\u0151 v\u00e1llalkoz\u00f3kt\u00f3l. Ebb\u0151l a Kih\u00edv\u00e1s napja rendezv\u00e9ny\u00fcnket r\u00e9szben fedezni tudjuk.<\/span><br \/>\n<span style=\"font-family: Arial CE;\">A k\u00e9s\u0151bbiekben is szeretn\u00e9nk rendezni a fentiekhez hasonl\u00f3, az eg\u00e9sz kist\u00e9rs\u00e9get megmozgat\u00f3 esem\u00e9nyeket.<\/span><br \/>\n<span style=\"font-family: Arial CE;\">Gondolataink k\u00f6z\u00f6tt szerepel a kisiskol\u00e1k \u00f6sszeh\u00edv\u00e1sa is.<\/span><br \/>\n<span style=\"font-family: Arial CE;\">Az Egyes\u00fclet m\u0171k\u00f6dtet\u00e9s\u00e9hez anyagi t\u00e1mogat\u00e1sra lenne sz\u00fcks\u00e9g\u00fcnk.<\/span><br \/>\n<span style=\"font-family: Arial CE;\">K\u00e9r\u00e9sem meghallgat\u00e1s\u00e1t megk\u00f6sz\u00f6n\u00f6m.<\/span><\/p>\n<p><span style=\"font-family: Arial CE;\">S\u00e1regres, 2001. m\u00e1jus 24.<\/span><\/p>\n<p><span style=\"font-family: Arial CE;\">dr. Dobrovitzky Imelda<\/span><br \/>\n<span style=\"font-family: Arial CE;\">eln\u00f6k<\/span><\/p>\n<p><span style=\"font-family: Arial CE;\">R\u00e9szlet az aj\u00e1nl\u00e1sb\u00f3l:<\/span><\/p>\n<p><span style=\"font-family: Arial CE;\">A programot t\u00f6bb szempontb\u00f3l is fontosnak tartom:<\/span><br \/>\n<span style=\"font-family: Arial CE;\">\u00b7 Ez a mostan\u00e1ban alakult egyes\u00fclet val\u00f3ban hi\u00e1nyp\u00f3tl\u00f3 feladatot, fejleszt\u00e9st v\u00e1llalt fel t\u00e9rs\u00e9g\u00e9ben, melynek megval\u00f3s\u00edt\u00e1sa \u2013 kell\u0151 szakmai seg\u00edts\u00e9ggel- re\u00e1lis c\u00e9lkit\u0171z\u00e9s.<\/span><br \/>\n<span style=\"font-family: Arial CE;\">\u00b7 Fontos er\u0151forr\u00e1sa az egyes\u00fcletnek \u2013 s \u00edgy az eg\u00e9sz feladatv\u00e1llal\u00e1snak-, hogy kezdem\u00e9nyez\u0151i a helyi \u00e9rtelmis\u00e9g \u00e9s elit tagjai, s ez jelent\u0151s szellemi \u00e9s kapcsolati er\u0151forr\u00e1st jelent.<\/span><br \/>\n<span style=\"font-family: Arial CE;\">\u00b7 A helyi cselekv\u00e9s programban \u2013 de a saj\u00e1t k\u00f6z\u00f6ss\u00e9gfejleszt\u0151i gyakorlatomban sem \u2013 gyakoriak az \u00e9rtelmis\u00e9giek, vagy a helyi t\u00e1rsadalom elitj\u00e9nek kezdem\u00e9nyez\u00e9sei. \u00c9rdekes lenne \u00f6sszehasonl\u00edtani a lakoss\u00e1gi programok e k\u00e9t kezdem\u00e9nyez\u00e9si szegmens\u00e9nek eredm\u00e9nyeit, kiemelt figyelemmel egyik, vagy m\u00e1sik er\u0151ss\u00e9geire, gyeng\u00e9bb, vagy kritikusabb pontjaira, az \u00e9letk\u00e9pess\u00e9g\u00fckre, a hat\u00e9konys\u00e1gukra a tev\u00e9kenys\u00e9gek \u00e9s a bevon\u00e1s ter\u00fclet\u00e9n.<\/span><br \/>\n<span style=\"font-family: Arial CE;\">\u00b7 A tervezett \u2013 a p\u00e1ly\u00e1zatban nem r\u00e9szletezett \u2013 rendezv\u00e9nyek, programok val\u00f3ban hi\u00e1nyoznak a telep\u00fcl\u00e9sek \u00e9let\u00e9b\u0151l, val\u00f3s ig\u00e9nyre v\u00e1laszolnak.<\/span><\/p>\n<p><span style=\"font-family: Arial CE;\">A fentiek \u00e9rtelm\u00e9ben az \u00f6tletet k\u00e9pz\u00e9sen val\u00f3 r\u00e9szletes kidolgoz\u00e1sra aj\u00e1nlom, melynek sor\u00e1n plasztikusabb\u00e1 v\u00e1lna bevon\u00e1si sz\u00e1nd\u00e9kuk, konkr\u00e9t tervezett programjaik, tov\u00e1bb\u00e1 ahol m\u00f3dszerekkel, eszk\u00f6z\u00f6kkel seg\u00edteni lehetne \u0151ket abban, hogy ne sz\u00fclessen egy \u00fajabb sz\u0171kebb k\u00f6r \u00e1ltal meghat\u00e1rozott ig\u00e9nyekre v\u00e1laszol\u00f3 szervezet, hanem olyann\u00e1 tudj\u00e1k tenni k\u00f6z\u00f6ss\u00e9g\u00fcket, ahol a tagok cselekv\u0151 polg\u00e1rok.<\/span><\/p>\n","protected":false},"excerpt":{"rendered":"<p>Egyes\u00fclet\u00fcnk 2001. febru\u00e1rj\u00e1ban alakult 13 lelkes taggal. Az egyes\u00fclet eln\u00f6ke: Dr Dobrovitzky Imelda, S\u00e1regres k\u00f6zs\u00e9g orvosa, aleln\u00f6ke: Dr F\u00f6ldi J\u00f3zsef, Cece k\u00f6zs\u00e9g \u00e1llatorvosa, az egyes\u00fclet; titk\u00e1r S\u00e1regresen tan\u00edt\u00f3n\u0151. A tagok els\u0151sorban s\u00e1regresi, cecei \u00e9s vajtai lakosok, de maga a szervezet az eg\u00e9sz S\u00e1rv\u00edz-v\u00f6lgye kist\u00e1j telep\u00fcl\u00e9s\u00e9nek polg\u00e1rait, illetve annak ifj\u00fas\u00e1g\u00e1t k\u00edv\u00e1nja t\u00e1mogatni mindenf\u00e9le tekintetben. Az Egyes\u00fclet [&hellip;]<\/p>\n","protected":false},"author":3,"featured_media":3406,"comment_status":"open","ping_status":"open","sticky":false,"template":"","format":"standard","meta":{"_acf_changed":false,"footnotes":""},"categories":[472,8,7],"tags":[],"coauthors":[29],"class_list":["post-2790","post","type-post","status-publish","format-standard","has-post-thumbnail","hentry","category-parola-2001-3","category-parola-folyoirat","category-repertorium"],"acf":[],"yoast_head":"<!-- This site is optimized with the Yoast SEO plugin v26.7 - https:\/\/yoast.com\/wordpress\/plugins\/seo\/ -->\n<title>S\u00e1rv\u00edz V\u00f6lgye Polg\u00e1ri Egy\u00fcttm\u0171k\u00f6d\u00e9s Egyes\u00fclet, S\u00e1regres - Parola Foly\u00f3irat<\/title>\n<meta name=\"robots\" content=\"index, follow, max-snippet:-1, max-image-preview:large, max-video-preview:-1\" \/>\n<link rel=\"canonical\" href=\"https:\/\/kofe.hu\/parola\/parola-folyoirat\/sarviz-volgye-polgari-egyuttmukodes-egyesulet-saregres\/\" \/>\n<meta property=\"og:locale\" content=\"hu_HU\" \/>\n<meta property=\"og:type\" content=\"article\" \/>\n<meta property=\"og:title\" content=\"S\u00e1rv\u00edz V\u00f6lgye Polg\u00e1ri Egy\u00fcttm\u0171k\u00f6d\u00e9s Egyes\u00fclet, S\u00e1regres - Parola Foly\u00f3irat\" \/>\n<meta property=\"og:description\" content=\"Egyes\u00fclet\u00fcnk 2001. febru\u00e1rj\u00e1ban alakult 13 lelkes taggal. Az egyes\u00fclet eln\u00f6ke: Dr Dobrovitzky Imelda, S\u00e1regres k\u00f6zs\u00e9g orvosa, aleln\u00f6ke: Dr F\u00f6ldi J\u00f3zsef, Cece k\u00f6zs\u00e9g \u00e1llatorvosa, az egyes\u00fclet; titk\u00e1r S\u00e1regresen tan\u00edt\u00f3n\u0151. A tagok els\u0151sorban s\u00e1regresi, cecei \u00e9s vajtai lakosok, de maga a szervezet az eg\u00e9sz S\u00e1rv\u00edz-v\u00f6lgye kist\u00e1j telep\u00fcl\u00e9s\u00e9nek polg\u00e1rait, illetve annak ifj\u00fas\u00e1g\u00e1t k\u00edv\u00e1nja t\u00e1mogatni mindenf\u00e9le tekintetben. Az Egyes\u00fclet [&hellip;]\" \/>\n<meta property=\"og:url\" content=\"https:\/\/kofe.hu\/parola\/parola-folyoirat\/sarviz-volgye-polgari-egyuttmukodes-egyesulet-saregres\/\" \/>\n<meta property=\"og:site_name\" content=\"Parola Foly\u00f3irat\" \/>\n<meta property=\"article:published_time\" content=\"2020-07-10T13:13:07+00:00\" \/>\n<meta property=\"article:modified_time\" content=\"2020-07-30T15:43:52+00:00\" \/>\n<meta property=\"og:image\" content=\"https:\/\/kofe.hu\/parola\/wp-content\/uploads\/2020\/07\/01.3.jpeg\" \/>\n\t<meta property=\"og:image:width\" content=\"1278\" \/>\n\t<meta property=\"og:image:height\" content=\"1958\" \/>\n\t<meta property=\"og:image:type\" content=\"image\/jpeg\" \/>\n<meta name=\"author\" content=\"Kov\u00e1cs Edit\" \/>\n<meta name=\"twitter:card\" content=\"summary_large_image\" \/>\n<meta name=\"twitter:label1\" content=\"Szerz\u0151:\" \/>\n\t<meta name=\"twitter:data1\" content=\"Kov\u00e1cs Edit\" \/>\n\t<meta name=\"twitter:label2\" content=\"Becs\u00fclt olvas\u00e1si id\u0151\" \/>\n\t<meta name=\"twitter:data2\" content=\"5 perc\" \/>\n\t<meta name=\"twitter:label3\" content=\"Written by\" \/>\n\t<meta name=\"twitter:data3\" content=\"Kov\u00e1cs Edit\" \/>\n<script type=\"application\/ld+json\" class=\"yoast-schema-graph\">{\"@context\":\"https:\/\/schema.org\",\"@graph\":[{\"@type\":\"Article\",\"@id\":\"https:\/\/kofe.hu\/parola\/parola-folyoirat\/sarviz-volgye-polgari-egyuttmukodes-egyesulet-saregres\/#article\",\"isPartOf\":{\"@id\":\"https:\/\/kofe.hu\/parola\/parola-folyoirat\/sarviz-volgye-polgari-egyuttmukodes-egyesulet-saregres\/\"},\"author\":{\"name\":\"Kov\u00e1cs Edit\",\"@id\":\"https:\/\/kofe.hu\/parola\/#\/schema\/person\/51bc575817dca6987ebce1d2c5911fff\"},\"headline\":\"S\u00e1rv\u00edz V\u00f6lgye Polg\u00e1ri Egy\u00fcttm\u0171k\u00f6d\u00e9s Egyes\u00fclet, S\u00e1regres\",\"datePublished\":\"2020-07-10T13:13:07+00:00\",\"dateModified\":\"2020-07-30T15:43:52+00:00\",\"mainEntityOfPage\":{\"@id\":\"https:\/\/kofe.hu\/parola\/parola-folyoirat\/sarviz-volgye-polgari-egyuttmukodes-egyesulet-saregres\/\"},\"wordCount\":1019,\"commentCount\":0,\"image\":{\"@id\":\"https:\/\/kofe.hu\/parola\/parola-folyoirat\/sarviz-volgye-polgari-egyuttmukodes-egyesulet-saregres\/#primaryimage\"},\"thumbnailUrl\":\"https:\/\/kofe.hu\/parola\/wp-content\/uploads\/2020\/07\/01.3.jpeg\",\"articleSection\":[\"Parola 2001\/3\",\"Parola Foly\u00f3irat\",\"Repert\u00f3rium\"],\"inLanguage\":\"hu\",\"potentialAction\":[{\"@type\":\"CommentAction\",\"name\":\"Comment\",\"target\":[\"https:\/\/kofe.hu\/parola\/parola-folyoirat\/sarviz-volgye-polgari-egyuttmukodes-egyesulet-saregres\/#respond\"]}]},{\"@type\":\"WebPage\",\"@id\":\"https:\/\/kofe.hu\/parola\/parola-folyoirat\/sarviz-volgye-polgari-egyuttmukodes-egyesulet-saregres\/\",\"url\":\"https:\/\/kofe.hu\/parola\/parola-folyoirat\/sarviz-volgye-polgari-egyuttmukodes-egyesulet-saregres\/\",\"name\":\"S\u00e1rv\u00edz V\u00f6lgye Polg\u00e1ri Egy\u00fcttm\u0171k\u00f6d\u00e9s Egyes\u00fclet, S\u00e1regres - Parola Foly\u00f3irat\",\"isPartOf\":{\"@id\":\"https:\/\/kofe.hu\/parola\/#website\"},\"primaryImageOfPage\":{\"@id\":\"https:\/\/kofe.hu\/parola\/parola-folyoirat\/sarviz-volgye-polgari-egyuttmukodes-egyesulet-saregres\/#primaryimage\"},\"image\":{\"@id\":\"https:\/\/kofe.hu\/parola\/parola-folyoirat\/sarviz-volgye-polgari-egyuttmukodes-egyesulet-saregres\/#primaryimage\"},\"thumbnailUrl\":\"https:\/\/kofe.hu\/parola\/wp-content\/uploads\/2020\/07\/01.3.jpeg\",\"datePublished\":\"2020-07-10T13:13:07+00:00\",\"dateModified\":\"2020-07-30T15:43:52+00:00\",\"author\":{\"@id\":\"https:\/\/kofe.hu\/parola\/#\/schema\/person\/51bc575817dca6987ebce1d2c5911fff\"},\"breadcrumb\":{\"@id\":\"https:\/\/kofe.hu\/parola\/parola-folyoirat\/sarviz-volgye-polgari-egyuttmukodes-egyesulet-saregres\/#breadcrumb\"},\"inLanguage\":\"hu\",\"potentialAction\":[{\"@type\":\"ReadAction\",\"target\":[\"https:\/\/kofe.hu\/parola\/parola-folyoirat\/sarviz-volgye-polgari-egyuttmukodes-egyesulet-saregres\/\"]}]},{\"@type\":\"ImageObject\",\"inLanguage\":\"hu\",\"@id\":\"https:\/\/kofe.hu\/parola\/parola-folyoirat\/sarviz-volgye-polgari-egyuttmukodes-egyesulet-saregres\/#primaryimage\",\"url\":\"https:\/\/kofe.hu\/parola\/wp-content\/uploads\/2020\/07\/01.3.jpeg\",\"contentUrl\":\"https:\/\/kofe.hu\/parola\/wp-content\/uploads\/2020\/07\/01.3.jpeg\",\"width\":1278,\"height\":1958},{\"@type\":\"BreadcrumbList\",\"@id\":\"https:\/\/kofe.hu\/parola\/parola-folyoirat\/sarviz-volgye-polgari-egyuttmukodes-egyesulet-saregres\/#breadcrumb\",\"itemListElement\":[{\"@type\":\"ListItem\",\"position\":1,\"name\":\"Home\",\"item\":\"https:\/\/kofe.hu\/parola\/\"},{\"@type\":\"ListItem\",\"position\":2,\"name\":\"S\u00e1rv\u00edz V\u00f6lgye Polg\u00e1ri Egy\u00fcttm\u0171k\u00f6d\u00e9s Egyes\u00fclet, S\u00e1regres\"}]},{\"@type\":\"WebSite\",\"@id\":\"https:\/\/kofe.hu\/parola\/#website\",\"url\":\"https:\/\/kofe.hu\/parola\/\",\"name\":\"Parola Foly\u00f3irat\",\"description\":\"\",\"potentialAction\":[{\"@type\":\"SearchAction\",\"target\":{\"@type\":\"EntryPoint\",\"urlTemplate\":\"https:\/\/kofe.hu\/parola\/?s={search_term_string}\"},\"query-input\":{\"@type\":\"PropertyValueSpecification\",\"valueRequired\":true,\"valueName\":\"search_term_string\"}}],\"inLanguage\":\"hu\"},{\"@type\":\"Person\",\"@id\":\"https:\/\/kofe.hu\/parola\/#\/schema\/person\/51bc575817dca6987ebce1d2c5911fff\",\"name\":\"Kov\u00e1cs Edit\",\"image\":{\"@type\":\"ImageObject\",\"inLanguage\":\"hu\",\"@id\":\"https:\/\/kofe.hu\/parola\/#\/schema\/person\/image\/2a21b18a54be4bf17881ecf2480337a3\",\"url\":\"https:\/\/secure.gravatar.com\/avatar\/a57808c9022dae5da910a7730b5cfdc0b14dfe28cc5ceb62821aa598b44d5581?s=96&d=mm&r=g\",\"contentUrl\":\"https:\/\/secure.gravatar.com\/avatar\/a57808c9022dae5da910a7730b5cfdc0b14dfe28cc5ceb62821aa598b44d5581?s=96&d=mm&r=g\",\"caption\":\"Kov\u00e1cs Edit\"},\"url\":\"https:\/\/kofe.hu\/parola\/szerzok\/edit\/\"}]}<\/script>\n<!-- \/ Yoast SEO plugin. -->","yoast_head_json":{"title":"S\u00e1rv\u00edz V\u00f6lgye Polg\u00e1ri Egy\u00fcttm\u0171k\u00f6d\u00e9s Egyes\u00fclet, S\u00e1regres - Parola Foly\u00f3irat","robots":{"index":"index","follow":"follow","max-snippet":"max-snippet:-1","max-image-preview":"max-image-preview:large","max-video-preview":"max-video-preview:-1"},"canonical":"https:\/\/kofe.hu\/parola\/parola-folyoirat\/sarviz-volgye-polgari-egyuttmukodes-egyesulet-saregres\/","og_locale":"hu_HU","og_type":"article","og_title":"S\u00e1rv\u00edz V\u00f6lgye Polg\u00e1ri Egy\u00fcttm\u0171k\u00f6d\u00e9s Egyes\u00fclet, S\u00e1regres - Parola Foly\u00f3irat","og_description":"Egyes\u00fclet\u00fcnk 2001. febru\u00e1rj\u00e1ban alakult 13 lelkes taggal. Az egyes\u00fclet eln\u00f6ke: Dr Dobrovitzky Imelda, S\u00e1regres k\u00f6zs\u00e9g orvosa, aleln\u00f6ke: Dr F\u00f6ldi J\u00f3zsef, Cece k\u00f6zs\u00e9g \u00e1llatorvosa, az egyes\u00fclet; titk\u00e1r S\u00e1regresen tan\u00edt\u00f3n\u0151. A tagok els\u0151sorban s\u00e1regresi, cecei \u00e9s vajtai lakosok, de maga a szervezet az eg\u00e9sz S\u00e1rv\u00edz-v\u00f6lgye kist\u00e1j telep\u00fcl\u00e9s\u00e9nek polg\u00e1rait, illetve annak ifj\u00fas\u00e1g\u00e1t k\u00edv\u00e1nja t\u00e1mogatni mindenf\u00e9le tekintetben. Az Egyes\u00fclet [&hellip;]","og_url":"https:\/\/kofe.hu\/parola\/parola-folyoirat\/sarviz-volgye-polgari-egyuttmukodes-egyesulet-saregres\/","og_site_name":"Parola Foly\u00f3irat","article_published_time":"2020-07-10T13:13:07+00:00","article_modified_time":"2020-07-30T15:43:52+00:00","og_image":[{"width":1278,"height":1958,"url":"https:\/\/kofe.hu\/parola\/wp-content\/uploads\/2020\/07\/01.3.jpeg","type":"image\/jpeg"}],"author":"Kov\u00e1cs Edit","twitter_card":"summary_large_image","twitter_misc":{"Szerz\u0151:":"Kov\u00e1cs Edit","Becs\u00fclt olvas\u00e1si id\u0151":"5 perc","Written by":"Kov\u00e1cs Edit"},"schema":{"@context":"https:\/\/schema.org","@graph":[{"@type":"Article","@id":"https:\/\/kofe.hu\/parola\/parola-folyoirat\/sarviz-volgye-polgari-egyuttmukodes-egyesulet-saregres\/#article","isPartOf":{"@id":"https:\/\/kofe.hu\/parola\/parola-folyoirat\/sarviz-volgye-polgari-egyuttmukodes-egyesulet-saregres\/"},"author":{"name":"Kov\u00e1cs Edit","@id":"https:\/\/kofe.hu\/parola\/#\/schema\/person\/51bc575817dca6987ebce1d2c5911fff"},"headline":"S\u00e1rv\u00edz V\u00f6lgye Polg\u00e1ri Egy\u00fcttm\u0171k\u00f6d\u00e9s Egyes\u00fclet, S\u00e1regres","datePublished":"2020-07-10T13:13:07+00:00","dateModified":"2020-07-30T15:43:52+00:00","mainEntityOfPage":{"@id":"https:\/\/kofe.hu\/parola\/parola-folyoirat\/sarviz-volgye-polgari-egyuttmukodes-egyesulet-saregres\/"},"wordCount":1019,"commentCount":0,"image":{"@id":"https:\/\/kofe.hu\/parola\/parola-folyoirat\/sarviz-volgye-polgari-egyuttmukodes-egyesulet-saregres\/#primaryimage"},"thumbnailUrl":"https:\/\/kofe.hu\/parola\/wp-content\/uploads\/2020\/07\/01.3.jpeg","articleSection":["Parola 2001\/3","Parola Foly\u00f3irat","Repert\u00f3rium"],"inLanguage":"hu","potentialAction":[{"@type":"CommentAction","name":"Comment","target":["https:\/\/kofe.hu\/parola\/parola-folyoirat\/sarviz-volgye-polgari-egyuttmukodes-egyesulet-saregres\/#respond"]}]},{"@type":"WebPage","@id":"https:\/\/kofe.hu\/parola\/parola-folyoirat\/sarviz-volgye-polgari-egyuttmukodes-egyesulet-saregres\/","url":"https:\/\/kofe.hu\/parola\/parola-folyoirat\/sarviz-volgye-polgari-egyuttmukodes-egyesulet-saregres\/","name":"S\u00e1rv\u00edz V\u00f6lgye Polg\u00e1ri Egy\u00fcttm\u0171k\u00f6d\u00e9s Egyes\u00fclet, S\u00e1regres - Parola Foly\u00f3irat","isPartOf":{"@id":"https:\/\/kofe.hu\/parola\/#website"},"primaryImageOfPage":{"@id":"https:\/\/kofe.hu\/parola\/parola-folyoirat\/sarviz-volgye-polgari-egyuttmukodes-egyesulet-saregres\/#primaryimage"},"image":{"@id":"https:\/\/kofe.hu\/parola\/parola-folyoirat\/sarviz-volgye-polgari-egyuttmukodes-egyesulet-saregres\/#primaryimage"},"thumbnailUrl":"https:\/\/kofe.hu\/parola\/wp-content\/uploads\/2020\/07\/01.3.jpeg","datePublished":"2020-07-10T13:13:07+00:00","dateModified":"2020-07-30T15:43:52+00:00","author":{"@id":"https:\/\/kofe.hu\/parola\/#\/schema\/person\/51bc575817dca6987ebce1d2c5911fff"},"breadcrumb":{"@id":"https:\/\/kofe.hu\/parola\/parola-folyoirat\/sarviz-volgye-polgari-egyuttmukodes-egyesulet-saregres\/#breadcrumb"},"inLanguage":"hu","potentialAction":[{"@type":"ReadAction","target":["https:\/\/kofe.hu\/parola\/parola-folyoirat\/sarviz-volgye-polgari-egyuttmukodes-egyesulet-saregres\/"]}]},{"@type":"ImageObject","inLanguage":"hu","@id":"https:\/\/kofe.hu\/parola\/parola-folyoirat\/sarviz-volgye-polgari-egyuttmukodes-egyesulet-saregres\/#primaryimage","url":"https:\/\/kofe.hu\/parola\/wp-content\/uploads\/2020\/07\/01.3.jpeg","contentUrl":"https:\/\/kofe.hu\/parola\/wp-content\/uploads\/2020\/07\/01.3.jpeg","width":1278,"height":1958},{"@type":"BreadcrumbList","@id":"https:\/\/kofe.hu\/parola\/parola-folyoirat\/sarviz-volgye-polgari-egyuttmukodes-egyesulet-saregres\/#breadcrumb","itemListElement":[{"@type":"ListItem","position":1,"name":"Home","item":"https:\/\/kofe.hu\/parola\/"},{"@type":"ListItem","position":2,"name":"S\u00e1rv\u00edz V\u00f6lgye Polg\u00e1ri Egy\u00fcttm\u0171k\u00f6d\u00e9s Egyes\u00fclet, S\u00e1regres"}]},{"@type":"WebSite","@id":"https:\/\/kofe.hu\/parola\/#website","url":"https:\/\/kofe.hu\/parola\/","name":"Parola Foly\u00f3irat","description":"","potentialAction":[{"@type":"SearchAction","target":{"@type":"EntryPoint","urlTemplate":"https:\/\/kofe.hu\/parola\/?s={search_term_string}"},"query-input":{"@type":"PropertyValueSpecification","valueRequired":true,"valueName":"search_term_string"}}],"inLanguage":"hu"},{"@type":"Person","@id":"https:\/\/kofe.hu\/parola\/#\/schema\/person\/51bc575817dca6987ebce1d2c5911fff","name":"Kov\u00e1cs Edit","image":{"@type":"ImageObject","inLanguage":"hu","@id":"https:\/\/kofe.hu\/parola\/#\/schema\/person\/image\/2a21b18a54be4bf17881ecf2480337a3","url":"https:\/\/secure.gravatar.com\/avatar\/a57808c9022dae5da910a7730b5cfdc0b14dfe28cc5ceb62821aa598b44d5581?s=96&d=mm&r=g","contentUrl":"https:\/\/secure.gravatar.com\/avatar\/a57808c9022dae5da910a7730b5cfdc0b14dfe28cc5ceb62821aa598b44d5581?s=96&d=mm&r=g","caption":"Kov\u00e1cs Edit"},"url":"https:\/\/kofe.hu\/parola\/szerzok\/edit\/"}]}},"_links":{"self":[{"href":"https:\/\/kofe.hu\/parola\/wp-json\/wp\/v2\/posts\/2790","targetHints":{"allow":["GET"]}}],"collection":[{"href":"https:\/\/kofe.hu\/parola\/wp-json\/wp\/v2\/posts"}],"about":[{"href":"https:\/\/kofe.hu\/parola\/wp-json\/wp\/v2\/types\/post"}],"author":[{"embeddable":true,"href":"https:\/\/kofe.hu\/parola\/wp-json\/wp\/v2\/users\/3"}],"replies":[{"embeddable":true,"href":"https:\/\/kofe.hu\/parola\/wp-json\/wp\/v2\/comments?post=2790"}],"version-history":[{"count":2,"href":"https:\/\/kofe.hu\/parola\/wp-json\/wp\/v2\/posts\/2790\/revisions"}],"predecessor-version":[{"id":4648,"href":"https:\/\/kofe.hu\/parola\/wp-json\/wp\/v2\/posts\/2790\/revisions\/4648"}],"wp:featuredmedia":[{"embeddable":true,"href":"https:\/\/kofe.hu\/parola\/wp-json\/wp\/v2\/media\/3406"}],"wp:attachment":[{"href":"https:\/\/kofe.hu\/parola\/wp-json\/wp\/v2\/media?parent=2790"}],"wp:term":[{"taxonomy":"category","embeddable":true,"href":"https:\/\/kofe.hu\/parola\/wp-json\/wp\/v2\/categories?post=2790"},{"taxonomy":"post_tag","embeddable":true,"href":"https:\/\/kofe.hu\/parola\/wp-json\/wp\/v2\/tags?post=2790"},{"taxonomy":"author","embeddable":true,"href":"https:\/\/kofe.hu\/parola\/wp-json\/wp\/v2\/coauthors?post=2790"}],"curies":[{"name":"wp","href":"https:\/\/api.w.org\/{rel}","templated":true}]}}