{"id":2769,"date":"2020-07-10T12:54:47","date_gmt":"2020-07-10T12:54:47","guid":{"rendered":"https:\/\/kofe.hu\/parola\/?p=2769"},"modified":"2020-07-30T15:49:38","modified_gmt":"2020-07-30T15:49:38","slug":"helyi-cselekves-program-okany","status":"publish","type":"post","link":"https:\/\/kofe.hu\/parola\/parola-folyoirat\/helyi-cselekves-program-okany\/","title":{"rendered":"Helyi Cselekv\u00e9s Program &#8211; Ok\u00e1ny"},"content":{"rendered":"<p style=\"text-align: justify;\"><span style=\"font-family: Times New Roman CE; font-size: large;\">Beadta a B\u00e9k\u00e9s Megyei Cig\u00e1nylakosok Egyes\u00fclet\u00e9nek Ok\u00e1nyi Csoportja, 5534 Ok\u00e1ny, Vas\u00fat u. 57.<\/span><\/p>\n<p><span style=\"font-family: Times New Roman CE; font-size: large;\">Csoportunk 1999. m\u00e1jus 12-\u00e9n azzal a c\u00e9llal alakult meg, hogy az Ok\u00e1ny k\u00f6zs\u00e9gben \u00e9l\u0151 cig\u00e1ny lakosok t\u00e1rsadalmi, politikai \u00e9rdekeit k\u00e9pviselje, emberi \u00e9s \u00e1llampolg\u00e1ri jogainak v\u00e9delm\u00e9t seg\u00edtse, a cig\u00e1ny lakoss\u00e1g hagyom\u00e1nyait \u00e9s kult\u00far\u00e1j\u00e1t \u00e1polja, k\u00f6z\u00f6ss\u00e9gi \u00e9let\u00e9t fejlessze, t\u00e1rsadalmi, gazdas\u00e1gi, kultur\u00e1lis felemelked\u00e9s\u00e9t, \u00f6nszervez\u0151d\u00e9s\u00e9t el\u0151seg\u00edtse. Eln\u00f6knek Lingur\u00e1r S\u00e1ndort v\u00e1lasztottuk meg.<\/span><br \/>\n<!--more--><br \/>\n<b><span style=\"font-family: Times New Roman CE; font-size: large;\">Eddigi sikereink:<\/span><\/b><br \/>\n<span style=\"font-family: Times New Roman CE; font-size: large;\">\u2013 gombatermeszt\u0151 k\u00e9pz\u00e9s szervez\u00e9se; h\u00e1zt\u00e1ji \u00e1llattart\u00f3 k\u00e9pz\u00e9s szervez\u00e9se;<\/span><br \/>\n<span style=\"font-family: Times New Roman CE; font-size: large;\">\u2013 di\u00e1kok egy\u00e9ni p\u00e1ly\u00e1zatainak el\u0151seg\u00edt\u00e9se;<\/span><br \/>\n<span style=\"font-family: Times New Roman CE; font-size: large;\">\u2013 aktu\u00e1lis \u00e1ll\u00e1saj\u00e1nlatok, k\u00e9pz\u00e9sek k\u00f6zvet\u00edt\u00e9se;<\/span><br \/>\n<span style=\"font-family: Times New Roman CE; font-size: large;\">\u2013 h\u00e1rom f\u0151 benevez\u00e9se a h\u00e1tr\u00e1nyos helyzet\u0171, iskol\u00e1b\u00f3l kimaradottak sz\u00e1m\u00e1ra k\u00e9sz\u00fclt programba;<\/span><br \/>\n<span style=\"font-family: Times New Roman CE; font-size: large;\">\u2013 klubestek rendez\u00e9se a nem cig\u00e1ny lakosok r\u00e9szv\u00e9tel\u00e9vel;<\/span><br \/>\n<span style=\"font-family: Times New Roman CE; font-size: large;\">\u2013 Spanyolorsz\u00e1gban m\u0171k\u00f6d\u0151 cig\u00e1ny szervezettel kapcsolat ki\u00e9p\u00edt\u00e9se. (Seg\u00edts\u00e9g\u00fcnkre volt a Spanyol Nagyk\u00f6vets\u00e9g r\u00e9sz\u00e9r\u0151l Hos\u00e9 Maria Valdemoro kultur\u00e1lis tan\u00e1csos);<\/span><br \/>\n<span style=\"font-family: Times New Roman CE; font-size: large;\">\u2013 a Soros Alap\u00edtv\u00e1ny t\u00e1mogat\u00e1s\u00e1val, a K\u00f6z\u00f6ss\u00e9gfejleszt\u0151k Egyes\u00fclet\u00e9nek lebonyol\u00edt\u00e1s\u00e1val r\u00e9szt vett\u00fcnk a roma k\u00f6z\u00f6ss\u00e9gi h\u00e1z vezet\u0151k k\u00e9pz\u00e9s\u00e9n.<\/span><\/p>\n<p><b><span style=\"font-family: Times New Roman CE; font-size: large;\">Cselekv\u00e9si program:<\/span><\/b><br \/>\n<span style=\"font-family: Times New Roman CE; font-size: large;\">Elhat\u00e1roztuk, hogy a telep\u00fcl\u00e9s\u00fcnk\u00f6n \u00e9l\u0151ket bevonjuk a k\u00f6z\u00f6s gondolkod\u00e1sba \u00e9s cselekv\u00e9sbe, ez\u00e9rt egy k\u00e9rd\u0151\u00edvet k\u00e9sz\u00edtett\u00fcnk. Sz\u00e1nd\u00e9kaink szerint nem csup\u00e1n a v\u00e9lem\u00e9nyeket, hanem a helyi cselekv\u0151ket is felt\u00e9rk\u00e9pezz\u00fck, seg\u00edteni akarjuk egym\u00e1s megismer\u00e9s\u00e9t, illetve a tov\u00e1bbi egy\u00fcttm\u0171k\u00f6d\u00e9st.<\/span><br \/>\n<span style=\"font-family: Times New Roman CE; font-size: large;\">A felm\u00e9r\u00e9s ki\u00e9rt\u00e9kel\u00e9se alapj\u00e1n sz\u00fcks\u00e9gess\u00e9 v\u00e1lt egy \u00faj k\u00f6z\u00f6ss\u00e9gi h\u00e1z alap\u00edt\u00e1sa, mely a helyi k\u00f6z\u00f6ss\u00e9get kiszolg\u00e1l\u00f3 int\u00e9zm\u00e9ny, az \u00e9lett\u00e9r egy r\u00e9sze lehetne. A kor\u00e1bban haszn\u00e1latunkba adott helyis\u00e9get nem tudt\u00e1k sz\u00e1munkra a tov\u00e1bbiakban is biztos\u00edtani. \u00daj lehet\u0151s\u00e9g\u00fcnk: a helyi Kisgazdap\u00e1rt \u00e9s az MDF k\u00f6z\u00f6s sz\u00e9kh\u00e1zukat tart\u00f3s haszn\u00e1latunkba adja k\u00f6z\u00f6ss\u00e9gi h\u00e1z m\u0171k\u00f6dtet\u00e9se c\u00e9lj\u00e1b\u00f3l, melyre a szerz\u0151d\u00e9sk\u00f6t\u00e9s folyamatban van.<\/span><\/p>\n<p><b><span style=\"font-family: Times New Roman CE; font-size: large;\">K\u00f6z\u00f6ss\u00e9gi h\u00e1z tervezett programjai:<\/span><\/b><br \/>\n<span style=\"font-family: Times New Roman CE; font-size: large;\">\u2013 klubok beind\u00edt\u00e1sa el\u0151zetes felm\u00e9r\u00e9s alapj\u00e1n, \u00f6nk\u00e9ntesekkel;<\/span><br \/>\n<span style=\"font-family: Times New Roman CE; font-size: large;\">\u2013 besz\u00e9lget\u00e9sek, ahol a helyi nyilv\u00e1noss\u00e1gnak teret lehet adni, hogy a k\u00f6z\u00f6s gondolatokkal tov\u00e1bb lehessen l\u00e9pni;<\/span><br \/>\n<span style=\"font-family: Times New Roman CE; font-size: large;\">\u2013 feln\u0151ttoktat\u00e1s, k\u00e9pz\u00e9sek, k\u00f6zhaszn\u00fa tanfolyamok; felz\u00e1rk\u00f3ztat\u00f3 programok bevezet\u00e9se, \u00f6nismereti oktat\u00e1s megszervez\u00e9se;<\/span><br \/>\n<span style=\"font-family: Times New Roman CE; font-size: large;\">\u2013 kultur\u00e1lis rendezv\u00e9nyek szervez\u00e9se a nem cig\u00e1ny lakosokkal k\u00f6z\u00f6sen is;<\/span><br \/>\n<span style=\"font-family: Times New Roman CE; font-size: large;\">\u2013 inform\u00e1ci\u00f3s irodai tev\u00e9kenys\u00e9g, mely az \u00e9let minden ter\u00fclet\u00e9re kiterjed;<\/span><br \/>\n<span style=\"font-family: Times New Roman CE; font-size: large;\">\u2013 jogv\u00e9d\u0151 iroda, jogseg\u00e9ly szolg\u00e1lat bevezet\u00e9se;<\/span><br \/>\n<span style=\"font-family: Times New Roman CE; font-size: large;\">\u2013 k\u00f6z\u00f6ss\u00e9gi v\u00e1llalkoz\u00e1s el\u0151seg\u00edt\u00e9se;<\/span><br \/>\n<span style=\"font-family: Times New Roman CE; font-size: large;\">\u2013 kisipari szolg\u00e1ltat\u00e1sok bevezet\u00e9se;<\/span><br \/>\n<span style=\"font-family: Times New Roman CE; font-size: large;\">\u2013 k\u00f6zhaszn\u00fa kiadv\u00e1nyok szerkeszt\u00e9se, \u00e9s terjeszt\u00e9se;<\/span><br \/>\n<span style=\"font-family: Times New Roman CE; font-size: large;\">\u2013 k\u00f6z\u00f6ss\u00e9gi h\u00e1z programjainak, szolg\u00e1ltat\u00e1sainak kiterjeszt\u00e9se a szomsz\u00e9dos telep\u00fcl\u00e9sekre;<\/span><br \/>\n<span style=\"font-family: Times New Roman CE; font-size: large;\">\u2013 tov\u00e1bbi programok szervez\u00e9se a k\u00f6z\u00f6ss\u00e9g ig\u00e9nye alapj\u00e1n.<\/span><\/p>\n<p><b><span style=\"font-family: Times New Roman CE; font-size: large;\">Id\u0151terv:<\/span><\/b><br \/>\n<span style=\"font-family: Times New Roman CE; font-size: large;\">\u2013 k\u00f6z\u00f6ss\u00e9gi felm\u00e9r\u00e9s m\u00e1r megval\u00f3sult;<\/span><br \/>\n<span style=\"font-family: Times New Roman CE; font-size: large;\">\u2013 szerz\u0151d\u00e9sk\u00f6t\u00e9s (2001. janu\u00e1r eleje);<\/span><br \/>\n<span style=\"font-family: Times New Roman CE; font-size: large;\">\u2013 k\u00f6z\u00f6s programalkot\u00e1s (janu\u00e1r v\u00e9ge). Itt m\u00e1r megkezd\u0151dnek a besz\u00e9lget\u0151s estek, a helyi nyilv\u00e1noss\u00e1g megteremt\u00e9se;<\/span><br \/>\n<span style=\"font-family: Times New Roman CE; font-size: large;\">\u2013 klubok munkaterv\u00e9nek elk\u00e9sz\u00edt\u00e9se a tagokkal (febru\u00e1r eleje);<\/span><br \/>\n<span style=\"font-family: Times New Roman CE; font-size: large;\">\u2013 programfelel\u0151s\u00f6k kinevez\u00e9se (febru\u00e1r eleje);<\/span><br \/>\n<span style=\"font-family: Times New Roman CE; font-size: large;\">\u2013 inform\u00e1ci\u00f3s irodai tev\u00e9kenys\u00e9g munkaterv\u00e9nek elk\u00e9sz\u00edt\u00e9se a tagokkal (febru\u00e1r k\u00f6zepe);<\/span><br \/>\n<span style=\"font-family: Times New Roman CE; font-size: large;\">\u2013 eszk\u00f6zig\u00e9nyek felm\u00e9r\u00e9se (folyamatos);<\/span><br \/>\n<span style=\"font-family: Times New Roman CE; font-size: large;\">\u2013 jogv\u00e9d\u0151 irodai tev\u00e9kenys\u00e9g munkaterv\u00e9nek kidolgoz\u00e1sa, szakember biztos\u00edt\u00e1sa (febru\u00e1r v\u00e9ge);<\/span><br \/>\n<span style=\"font-family: Times New Roman CE; font-size: large;\">\u2013 k\u00f6z\u00f6ss\u00e9gi v\u00e1llalkoz\u00e1s el\u0151seg\u00edt\u00e9se (\u00fczleti terv m\u00e1rcius eleje);<\/span><br \/>\n<span style=\"font-family: Times New Roman CE; font-size: large;\">\u2013 szolg\u00e1ltat\u00e1sok bevezet\u00e9se (m\u00e1rcius elej\u00e9t\u0151l folyamatos);<\/span><br \/>\n<span style=\"font-family: Times New Roman CE; font-size: large;\">\u2013 oktat\u00e1s, k\u00e9pz\u00e9s sz\u00fcks\u00e9g szerint;<\/span><br \/>\n<span style=\"font-family: Times New Roman CE; font-size: large;\">\u2013 kultur\u00e1lis programok (nagyobb \u00fcnneps\u00e9gekhez kapcsol\u00f3dva);<\/span><br \/>\n<span style=\"font-family: Times New Roman CE; font-size: large;\">\u2013 cig\u00e1ny t\u00f6rt\u00e9nelem oktat\u00e1sa szakember biztos\u00edt\u00e1s\u00e1val (szeptember);<\/span><br \/>\n<span style=\"font-family: Times New Roman CE; font-size: large;\">\u2013 k\u00f6zhaszn\u00fa kiadv\u00e1nyok szerkeszt\u00e9se, terjeszt\u00e9se (szeptembert\u0151l);<\/span><br \/>\n<span style=\"font-family: Times New Roman CE; font-size: large;\">\u2013 k\u00f6z\u00f6ss\u00e9gi h\u00e1z programjainak kiterjeszt\u00e9se (folyamatos);<\/span><br \/>\n<span style=\"font-family: Times New Roman CE; font-size: large;\">\u2013 eszk\u00f6zbeszerz\u00e9sek (folyamatos);<\/span><br \/>\n<span style=\"font-family: Times New Roman CE; font-size: large;\">\u2013 forr\u00e1steremt\u00e9s megszervez\u00e9se (folyamatos);<\/span><br \/>\n<span style=\"font-family: Times New Roman CE; font-size: large;\">\u2013 k\u00f6z\u00f6ss\u00e9gi h\u00e1z rendbet\u00e9tele (r\u00e9szlegesen folyamatos);<\/span><br \/>\n<span style=\"font-family: Times New Roman CE; font-size: large;\">\u2013 m\u0171k\u00f6dtet\u00e9s biztos\u00edt\u00e1sa (folyamatos).<\/span><\/p>\n<p><b><span style=\"font-family: Times New Roman CE; font-size: large;\">A p\u00e1ly\u00e1zat indokl\u00e1sa:<\/span><\/b><br \/>\n<span style=\"font-family: Times New Roman CE; font-size: large;\">K\u00f6z\u00f6ss\u00e9gi munk\u00e1s vagyok. R\u00e9szt veszek egy orsz\u00e1gos fejleszt\u0151 programban, de a munk\u00e1t jelent\u0151sen nehez\u00edti \u00e9s h\u00e1tr\u00e1nyt okoz, hogy nincs se vezet\u00e9kes, se mobiltelefon, illetve sz\u00e1m\u00edt\u00f3g\u00e9p lehet\u0151s\u00e9g. Jelen pillanatban egy lev\u00e9l g\u00e9ppel t\u00f6rt\u00e9n\u0151 meg\u00edr\u00e1sa is gondot okoz, melyet nem a sz\u00e1m\u00edt\u00f3g\u00e9p haszn\u00e1lati ismeret\u00e9nek hi\u00e1nya okoz.<\/span><br \/>\n<span style=\"font-family: Times New Roman CE; font-size: large;\">Telefonon vagy egy\u00e9b inform\u00e1ci\u00f3s eszk\u00f6zzel k\u00fcld\u00f6tt s\u00fcrg\u0151s \u00fczenet nehezen vagy egy\u00e1ltal\u00e1n nem jut el hozz\u00e1m.<\/span><br \/>\n<span style=\"font-family: Times New Roman CE; font-size: large;\">A k\u00f6z\u00f6ss\u00e9gi h\u00e1z beind\u00edt\u00e1s\u00e1hoz felt\u00e9tlen\u00fcl sz\u00fcks\u00e9ges n\u00e9h\u00e1ny haszn\u00e1lati t\u00e1rgy \u00e9s eszk\u00f6z beszerz\u00e9se, hogy a m\u0171k\u00f6d\u00e9s m\u00e1r az elej\u00e9n zavartalan legyen: haszn\u00e1lt sz\u00e1m\u00edt\u00f3g\u00e9p; nyomtat\u00f3; mobiltelefon el\u0151fizet\u00e9s; e-mail el\u0151fizet\u00e9s; magnetofon \u2013 zenei lej\u00e1tsz\u00f3, sz\u00e9kek, asztal, egy\u00e9b eszk\u00f6z\u00f6k (takar\u00edt\u00f3eszk\u00f6z).<\/span><br \/>\n<span style=\"font-family: Times New Roman CE; font-size: large;\">A p\u00e1ly\u00e1zatban megfogalmazott re\u00e1lis lehet\u0151s\u00e9gek \u00e9s c\u00e9lok el\u00e9r\u00e9s\u00e9hez sz\u00fcks\u00e9ges a gyakorlati megval\u00f3s\u00edt\u00e1s, amelynek jelenleg az anyagi lehet\u0151s\u00e9gek szabnak korl\u00e1tot. Ahhoz, hogy az itt le\u00edrtak megval\u00f3sulhassanak, sz\u00fcks\u00e9ges a kommunik\u00e1ci\u00f3s k\u00f6lts\u00e9gben megfogalmazott 300 000 Ft, \u00e9s az \u00f6nk\u00e9nteseink munk\u00e1ja.<\/span><\/p>\n<p><span style=\"font-family: Times New Roman CE; font-size: large;\">Lingur\u00e1r S\u00e1ndor eln\u00f6k, k\u00f6z\u00f6ss\u00e9gi munk\u00e1s<\/span><\/p>\n<p><span style=\"font-family: Times New Roman CE; font-size: large;\">R\u00e9szlet az aj\u00e1nl\u00e1sb\u00f3l Ok\u00e1ny k\u00f6zs\u00e9g p\u00e1ly\u00e1zat\u00e1hoz<\/span><\/p>\n<p><span style=\"font-family: Times New Roman CE; font-size: large;\">A program jelent\u0151s\u00e9ge: az Ok\u00e1nyban \u00e9l\u0151 emberek most tanulj\u00e1k, mit is jelent \u00f6n\u00e1ll\u00f3nak lenni? Sokan m\u00e9g nem \u00e9rtik, hogy az ember szabad akarat\u00e1b\u00f3l is cselekedhet, \u00fagy, hogy erre \u0151t senki nem utas\u00edtotta. J\u00f3 \u00e9s viszonylag biztons\u00e1gos lehet\u0151s\u00e9ge lenne a kiszolg\u00e1ltatotts\u00e1g m\u00e9rs\u00e9kl\u00e9s\u00e9nek ez a lakoss\u00e1gi \u00f6s szefog\u00e1s a k\u00f6z\u00f6ss\u00e9gi hely megment\u00e9se \u00e9rdek\u00e9ben. Az akci\u00f3nak m\u00e1r most is van l\u00e1that\u00f3 eredm\u00e9nye, t\u00f6bbek k\u00f6z\u00f6tt az, hogy az emberek le\u00fcltek egym\u00e1ssal besz\u00e9lgetni, \u00e9s a hasonl\u00f3an gondolkod\u00f3k elkezdtek egym\u00e1sra tal\u00e1lni. Alakult egy \u00faj civil szervezet a telep\u00fcl\u00e9sen, mely \u00f6n\u00e1ll\u00f3 telep\u00fcl\u00e9si-t\u00e1rsadalmi k\u00e9rd\u00e9sekkel, helyi \u00fcgyekkel els\u0151k\u00e9nt foglalkozik. A k\u00e9rt t\u00e1mogat\u00e1s most lend\u00fcletet adhat a csapatnak a tov\u00e1bbi munk\u00e1hoz. Azon fel\u00fcl, hogy a k\u00e9rt eszk\u00f6z\u00f6kre val\u00f3ban \u00e9get\u0151en nagy sz\u00fcks\u00e9g\u00fck lenne a telep\u00fcl\u00e9sen \u00e9l\u0151knek (az \u00f6nkorm\u00e1nyzaton k\u00edv\u00fcl nincs sehol sz\u00e1m\u00edt\u00f3g\u00e9p, a k\u00f6nyvt\u00e1rban sincs Internet hozz\u00e1f\u00e9r\u00e9s, kev\u00e9s lakosnak van telefonja, s nyilv\u00e1nos \u00e1llom\u00e1s csak a k\u00f6zpontban van stb.), a civil szervezetek t\u00e1rsadalmi preszt<\/span><br \/>\n<span style=\"font-family: Times New Roman CE; font-size: large;\">izse is n\u00f6vekedne. T\u00e9nny\u00e9 v\u00e1lna v\u00e9gre ezen a telep\u00fcl\u00e9sen is, hogy nem csak az \u00f6nkorm\u00e1nyzat k\u00e9pes \u2013 neki van lehet\u0151s\u00e9ge \u2013 \u00fajat hozni a telep\u00fcl\u00e9sre.<\/span><\/p>\n<p style=\"text-align: justify;\"><span style=\"font-family: Times New Roman CE; font-size: large;\">Kov\u00e1cs Edit<\/span><br \/>\n<span style=\"font-family: Times New Roman CE; font-size: large;\">szak\u00e9rt\u0151<\/span><\/p>\n","protected":false},"excerpt":{"rendered":"<p>Beadta a B\u00e9k\u00e9s Megyei Cig\u00e1nylakosok Egyes\u00fclet\u00e9nek Ok\u00e1nyi Csoportja, 5534 Ok\u00e1ny, Vas\u00fat u. 57. Csoportunk 1999. m\u00e1jus 12-\u00e9n azzal a c\u00e9llal alakult meg, hogy az Ok\u00e1ny k\u00f6zs\u00e9gben \u00e9l\u0151 cig\u00e1ny lakosok t\u00e1rsadalmi, politikai \u00e9rdekeit k\u00e9pviselje, emberi \u00e9s \u00e1llampolg\u00e1ri jogainak v\u00e9delm\u00e9t seg\u00edtse, a cig\u00e1ny lakoss\u00e1g hagyom\u00e1nyait \u00e9s kult\u00far\u00e1j\u00e1t \u00e1polja, k\u00f6z\u00f6ss\u00e9gi \u00e9let\u00e9t fejlessze, t\u00e1rsadalmi, gazdas\u00e1gi, kultur\u00e1lis felemelked\u00e9s\u00e9t, \u00f6nszervez\u0151d\u00e9s\u00e9t el\u0151seg\u00edtse. [&hellip;]<\/p>\n","protected":false},"author":3,"featured_media":3405,"comment_status":"open","ping_status":"open","sticky":false,"template":"","format":"standard","meta":{"_acf_changed":false,"footnotes":""},"categories":[466,8,7],"tags":[],"coauthors":[29],"class_list":["post-2769","post","type-post","status-publish","format-standard","has-post-thumbnail","hentry","category-parola-2001-1","category-parola-folyoirat","category-repertorium"],"acf":[],"yoast_head":"<!-- This site is optimized with the Yoast SEO plugin v26.7 - https:\/\/yoast.com\/wordpress\/plugins\/seo\/ -->\n<title>Helyi Cselekv\u00e9s Program - Ok\u00e1ny - Parola Foly\u00f3irat<\/title>\n<meta name=\"robots\" content=\"index, follow, max-snippet:-1, max-image-preview:large, max-video-preview:-1\" \/>\n<link rel=\"canonical\" href=\"https:\/\/kofe.hu\/parola\/parola-folyoirat\/helyi-cselekves-program-okany\/\" \/>\n<meta property=\"og:locale\" content=\"hu_HU\" \/>\n<meta property=\"og:type\" content=\"article\" \/>\n<meta property=\"og:title\" content=\"Helyi Cselekv\u00e9s Program - Ok\u00e1ny - Parola Foly\u00f3irat\" \/>\n<meta property=\"og:description\" content=\"Beadta a B\u00e9k\u00e9s Megyei Cig\u00e1nylakosok Egyes\u00fclet\u00e9nek Ok\u00e1nyi Csoportja, 5534 Ok\u00e1ny, Vas\u00fat u. 57. Csoportunk 1999. m\u00e1jus 12-\u00e9n azzal a c\u00e9llal alakult meg, hogy az Ok\u00e1ny k\u00f6zs\u00e9gben \u00e9l\u0151 cig\u00e1ny lakosok t\u00e1rsadalmi, politikai \u00e9rdekeit k\u00e9pviselje, emberi \u00e9s \u00e1llampolg\u00e1ri jogainak v\u00e9delm\u00e9t seg\u00edtse, a cig\u00e1ny lakoss\u00e1g hagyom\u00e1nyait \u00e9s kult\u00far\u00e1j\u00e1t \u00e1polja, k\u00f6z\u00f6ss\u00e9gi \u00e9let\u00e9t fejlessze, t\u00e1rsadalmi, gazdas\u00e1gi, kultur\u00e1lis felemelked\u00e9s\u00e9t, \u00f6nszervez\u0151d\u00e9s\u00e9t el\u0151seg\u00edtse. [&hellip;]\" \/>\n<meta property=\"og:url\" content=\"https:\/\/kofe.hu\/parola\/parola-folyoirat\/helyi-cselekves-program-okany\/\" \/>\n<meta property=\"og:site_name\" content=\"Parola Foly\u00f3irat\" \/>\n<meta property=\"article:published_time\" content=\"2020-07-10T12:54:47+00:00\" \/>\n<meta property=\"article:modified_time\" content=\"2020-07-30T15:49:38+00:00\" \/>\n<meta property=\"og:image\" content=\"https:\/\/kofe.hu\/parola\/wp-content\/uploads\/2020\/07\/01.2.jpeg\" \/>\n\t<meta property=\"og:image:width\" content=\"1333\" \/>\n\t<meta property=\"og:image:height\" content=\"1907\" \/>\n\t<meta property=\"og:image:type\" content=\"image\/jpeg\" \/>\n<meta name=\"author\" content=\"Kov\u00e1cs Edit\" \/>\n<meta name=\"twitter:card\" content=\"summary_large_image\" \/>\n<meta name=\"twitter:label1\" content=\"Szerz\u0151:\" \/>\n\t<meta name=\"twitter:data1\" content=\"Kov\u00e1cs Edit\" \/>\n\t<meta name=\"twitter:label2\" content=\"Becs\u00fclt olvas\u00e1si id\u0151\" \/>\n\t<meta name=\"twitter:data2\" content=\"7 perc\" \/>\n\t<meta name=\"twitter:label3\" content=\"Written by\" \/>\n\t<meta name=\"twitter:data3\" content=\"Kov\u00e1cs Edit\" \/>\n<script type=\"application\/ld+json\" class=\"yoast-schema-graph\">{\"@context\":\"https:\/\/schema.org\",\"@graph\":[{\"@type\":\"Article\",\"@id\":\"https:\/\/kofe.hu\/parola\/parola-folyoirat\/helyi-cselekves-program-okany\/#article\",\"isPartOf\":{\"@id\":\"https:\/\/kofe.hu\/parola\/parola-folyoirat\/helyi-cselekves-program-okany\/\"},\"author\":{\"name\":\"Kov\u00e1cs Edit\",\"@id\":\"https:\/\/kofe.hu\/parola\/#\/schema\/person\/51bc575817dca6987ebce1d2c5911fff\"},\"headline\":\"Helyi Cselekv\u00e9s Program &#8211; Ok\u00e1ny\",\"datePublished\":\"2020-07-10T12:54:47+00:00\",\"dateModified\":\"2020-07-30T15:49:38+00:00\",\"mainEntityOfPage\":{\"@id\":\"https:\/\/kofe.hu\/parola\/parola-folyoirat\/helyi-cselekves-program-okany\/\"},\"wordCount\":1355,\"commentCount\":0,\"image\":{\"@id\":\"https:\/\/kofe.hu\/parola\/parola-folyoirat\/helyi-cselekves-program-okany\/#primaryimage\"},\"thumbnailUrl\":\"https:\/\/kofe.hu\/parola\/wp-content\/uploads\/2020\/07\/01.2.jpeg\",\"articleSection\":[\"Parola 2001\/1\",\"Parola Foly\u00f3irat\",\"Repert\u00f3rium\"],\"inLanguage\":\"hu\",\"potentialAction\":[{\"@type\":\"CommentAction\",\"name\":\"Comment\",\"target\":[\"https:\/\/kofe.hu\/parola\/parola-folyoirat\/helyi-cselekves-program-okany\/#respond\"]}]},{\"@type\":\"WebPage\",\"@id\":\"https:\/\/kofe.hu\/parola\/parola-folyoirat\/helyi-cselekves-program-okany\/\",\"url\":\"https:\/\/kofe.hu\/parola\/parola-folyoirat\/helyi-cselekves-program-okany\/\",\"name\":\"Helyi Cselekv\u00e9s Program - Ok\u00e1ny - Parola Foly\u00f3irat\",\"isPartOf\":{\"@id\":\"https:\/\/kofe.hu\/parola\/#website\"},\"primaryImageOfPage\":{\"@id\":\"https:\/\/kofe.hu\/parola\/parola-folyoirat\/helyi-cselekves-program-okany\/#primaryimage\"},\"image\":{\"@id\":\"https:\/\/kofe.hu\/parola\/parola-folyoirat\/helyi-cselekves-program-okany\/#primaryimage\"},\"thumbnailUrl\":\"https:\/\/kofe.hu\/parola\/wp-content\/uploads\/2020\/07\/01.2.jpeg\",\"datePublished\":\"2020-07-10T12:54:47+00:00\",\"dateModified\":\"2020-07-30T15:49:38+00:00\",\"author\":{\"@id\":\"https:\/\/kofe.hu\/parola\/#\/schema\/person\/51bc575817dca6987ebce1d2c5911fff\"},\"breadcrumb\":{\"@id\":\"https:\/\/kofe.hu\/parola\/parola-folyoirat\/helyi-cselekves-program-okany\/#breadcrumb\"},\"inLanguage\":\"hu\",\"potentialAction\":[{\"@type\":\"ReadAction\",\"target\":[\"https:\/\/kofe.hu\/parola\/parola-folyoirat\/helyi-cselekves-program-okany\/\"]}]},{\"@type\":\"ImageObject\",\"inLanguage\":\"hu\",\"@id\":\"https:\/\/kofe.hu\/parola\/parola-folyoirat\/helyi-cselekves-program-okany\/#primaryimage\",\"url\":\"https:\/\/kofe.hu\/parola\/wp-content\/uploads\/2020\/07\/01.2.jpeg\",\"contentUrl\":\"https:\/\/kofe.hu\/parola\/wp-content\/uploads\/2020\/07\/01.2.jpeg\",\"width\":1333,\"height\":1907},{\"@type\":\"BreadcrumbList\",\"@id\":\"https:\/\/kofe.hu\/parola\/parola-folyoirat\/helyi-cselekves-program-okany\/#breadcrumb\",\"itemListElement\":[{\"@type\":\"ListItem\",\"position\":1,\"name\":\"Home\",\"item\":\"https:\/\/kofe.hu\/parola\/\"},{\"@type\":\"ListItem\",\"position\":2,\"name\":\"Helyi Cselekv\u00e9s Program &#8211; Ok\u00e1ny\"}]},{\"@type\":\"WebSite\",\"@id\":\"https:\/\/kofe.hu\/parola\/#website\",\"url\":\"https:\/\/kofe.hu\/parola\/\",\"name\":\"Parola Foly\u00f3irat\",\"description\":\"\",\"potentialAction\":[{\"@type\":\"SearchAction\",\"target\":{\"@type\":\"EntryPoint\",\"urlTemplate\":\"https:\/\/kofe.hu\/parola\/?s={search_term_string}\"},\"query-input\":{\"@type\":\"PropertyValueSpecification\",\"valueRequired\":true,\"valueName\":\"search_term_string\"}}],\"inLanguage\":\"hu\"},{\"@type\":\"Person\",\"@id\":\"https:\/\/kofe.hu\/parola\/#\/schema\/person\/51bc575817dca6987ebce1d2c5911fff\",\"name\":\"Kov\u00e1cs Edit\",\"image\":{\"@type\":\"ImageObject\",\"inLanguage\":\"hu\",\"@id\":\"https:\/\/kofe.hu\/parola\/#\/schema\/person\/image\/2a21b18a54be4bf17881ecf2480337a3\",\"url\":\"https:\/\/secure.gravatar.com\/avatar\/a57808c9022dae5da910a7730b5cfdc0b14dfe28cc5ceb62821aa598b44d5581?s=96&d=mm&r=g\",\"contentUrl\":\"https:\/\/secure.gravatar.com\/avatar\/a57808c9022dae5da910a7730b5cfdc0b14dfe28cc5ceb62821aa598b44d5581?s=96&d=mm&r=g\",\"caption\":\"Kov\u00e1cs Edit\"},\"url\":\"https:\/\/kofe.hu\/parola\/szerzok\/edit\/\"}]}<\/script>\n<!-- \/ Yoast SEO plugin. -->","yoast_head_json":{"title":"Helyi Cselekv\u00e9s Program - Ok\u00e1ny - Parola Foly\u00f3irat","robots":{"index":"index","follow":"follow","max-snippet":"max-snippet:-1","max-image-preview":"max-image-preview:large","max-video-preview":"max-video-preview:-1"},"canonical":"https:\/\/kofe.hu\/parola\/parola-folyoirat\/helyi-cselekves-program-okany\/","og_locale":"hu_HU","og_type":"article","og_title":"Helyi Cselekv\u00e9s Program - Ok\u00e1ny - Parola Foly\u00f3irat","og_description":"Beadta a B\u00e9k\u00e9s Megyei Cig\u00e1nylakosok Egyes\u00fclet\u00e9nek Ok\u00e1nyi Csoportja, 5534 Ok\u00e1ny, Vas\u00fat u. 57. Csoportunk 1999. m\u00e1jus 12-\u00e9n azzal a c\u00e9llal alakult meg, hogy az Ok\u00e1ny k\u00f6zs\u00e9gben \u00e9l\u0151 cig\u00e1ny lakosok t\u00e1rsadalmi, politikai \u00e9rdekeit k\u00e9pviselje, emberi \u00e9s \u00e1llampolg\u00e1ri jogainak v\u00e9delm\u00e9t seg\u00edtse, a cig\u00e1ny lakoss\u00e1g hagyom\u00e1nyait \u00e9s kult\u00far\u00e1j\u00e1t \u00e1polja, k\u00f6z\u00f6ss\u00e9gi \u00e9let\u00e9t fejlessze, t\u00e1rsadalmi, gazdas\u00e1gi, kultur\u00e1lis felemelked\u00e9s\u00e9t, \u00f6nszervez\u0151d\u00e9s\u00e9t el\u0151seg\u00edtse. [&hellip;]","og_url":"https:\/\/kofe.hu\/parola\/parola-folyoirat\/helyi-cselekves-program-okany\/","og_site_name":"Parola Foly\u00f3irat","article_published_time":"2020-07-10T12:54:47+00:00","article_modified_time":"2020-07-30T15:49:38+00:00","og_image":[{"width":1333,"height":1907,"url":"https:\/\/kofe.hu\/parola\/wp-content\/uploads\/2020\/07\/01.2.jpeg","type":"image\/jpeg"}],"author":"Kov\u00e1cs Edit","twitter_card":"summary_large_image","twitter_misc":{"Szerz\u0151:":"Kov\u00e1cs Edit","Becs\u00fclt olvas\u00e1si id\u0151":"7 perc","Written by":"Kov\u00e1cs Edit"},"schema":{"@context":"https:\/\/schema.org","@graph":[{"@type":"Article","@id":"https:\/\/kofe.hu\/parola\/parola-folyoirat\/helyi-cselekves-program-okany\/#article","isPartOf":{"@id":"https:\/\/kofe.hu\/parola\/parola-folyoirat\/helyi-cselekves-program-okany\/"},"author":{"name":"Kov\u00e1cs Edit","@id":"https:\/\/kofe.hu\/parola\/#\/schema\/person\/51bc575817dca6987ebce1d2c5911fff"},"headline":"Helyi Cselekv\u00e9s Program &#8211; Ok\u00e1ny","datePublished":"2020-07-10T12:54:47+00:00","dateModified":"2020-07-30T15:49:38+00:00","mainEntityOfPage":{"@id":"https:\/\/kofe.hu\/parola\/parola-folyoirat\/helyi-cselekves-program-okany\/"},"wordCount":1355,"commentCount":0,"image":{"@id":"https:\/\/kofe.hu\/parola\/parola-folyoirat\/helyi-cselekves-program-okany\/#primaryimage"},"thumbnailUrl":"https:\/\/kofe.hu\/parola\/wp-content\/uploads\/2020\/07\/01.2.jpeg","articleSection":["Parola 2001\/1","Parola Foly\u00f3irat","Repert\u00f3rium"],"inLanguage":"hu","potentialAction":[{"@type":"CommentAction","name":"Comment","target":["https:\/\/kofe.hu\/parola\/parola-folyoirat\/helyi-cselekves-program-okany\/#respond"]}]},{"@type":"WebPage","@id":"https:\/\/kofe.hu\/parola\/parola-folyoirat\/helyi-cselekves-program-okany\/","url":"https:\/\/kofe.hu\/parola\/parola-folyoirat\/helyi-cselekves-program-okany\/","name":"Helyi Cselekv\u00e9s Program - Ok\u00e1ny - Parola Foly\u00f3irat","isPartOf":{"@id":"https:\/\/kofe.hu\/parola\/#website"},"primaryImageOfPage":{"@id":"https:\/\/kofe.hu\/parola\/parola-folyoirat\/helyi-cselekves-program-okany\/#primaryimage"},"image":{"@id":"https:\/\/kofe.hu\/parola\/parola-folyoirat\/helyi-cselekves-program-okany\/#primaryimage"},"thumbnailUrl":"https:\/\/kofe.hu\/parola\/wp-content\/uploads\/2020\/07\/01.2.jpeg","datePublished":"2020-07-10T12:54:47+00:00","dateModified":"2020-07-30T15:49:38+00:00","author":{"@id":"https:\/\/kofe.hu\/parola\/#\/schema\/person\/51bc575817dca6987ebce1d2c5911fff"},"breadcrumb":{"@id":"https:\/\/kofe.hu\/parola\/parola-folyoirat\/helyi-cselekves-program-okany\/#breadcrumb"},"inLanguage":"hu","potentialAction":[{"@type":"ReadAction","target":["https:\/\/kofe.hu\/parola\/parola-folyoirat\/helyi-cselekves-program-okany\/"]}]},{"@type":"ImageObject","inLanguage":"hu","@id":"https:\/\/kofe.hu\/parola\/parola-folyoirat\/helyi-cselekves-program-okany\/#primaryimage","url":"https:\/\/kofe.hu\/parola\/wp-content\/uploads\/2020\/07\/01.2.jpeg","contentUrl":"https:\/\/kofe.hu\/parola\/wp-content\/uploads\/2020\/07\/01.2.jpeg","width":1333,"height":1907},{"@type":"BreadcrumbList","@id":"https:\/\/kofe.hu\/parola\/parola-folyoirat\/helyi-cselekves-program-okany\/#breadcrumb","itemListElement":[{"@type":"ListItem","position":1,"name":"Home","item":"https:\/\/kofe.hu\/parola\/"},{"@type":"ListItem","position":2,"name":"Helyi Cselekv\u00e9s Program &#8211; Ok\u00e1ny"}]},{"@type":"WebSite","@id":"https:\/\/kofe.hu\/parola\/#website","url":"https:\/\/kofe.hu\/parola\/","name":"Parola Foly\u00f3irat","description":"","potentialAction":[{"@type":"SearchAction","target":{"@type":"EntryPoint","urlTemplate":"https:\/\/kofe.hu\/parola\/?s={search_term_string}"},"query-input":{"@type":"PropertyValueSpecification","valueRequired":true,"valueName":"search_term_string"}}],"inLanguage":"hu"},{"@type":"Person","@id":"https:\/\/kofe.hu\/parola\/#\/schema\/person\/51bc575817dca6987ebce1d2c5911fff","name":"Kov\u00e1cs Edit","image":{"@type":"ImageObject","inLanguage":"hu","@id":"https:\/\/kofe.hu\/parola\/#\/schema\/person\/image\/2a21b18a54be4bf17881ecf2480337a3","url":"https:\/\/secure.gravatar.com\/avatar\/a57808c9022dae5da910a7730b5cfdc0b14dfe28cc5ceb62821aa598b44d5581?s=96&d=mm&r=g","contentUrl":"https:\/\/secure.gravatar.com\/avatar\/a57808c9022dae5da910a7730b5cfdc0b14dfe28cc5ceb62821aa598b44d5581?s=96&d=mm&r=g","caption":"Kov\u00e1cs Edit"},"url":"https:\/\/kofe.hu\/parola\/szerzok\/edit\/"}]}},"_links":{"self":[{"href":"https:\/\/kofe.hu\/parola\/wp-json\/wp\/v2\/posts\/2769","targetHints":{"allow":["GET"]}}],"collection":[{"href":"https:\/\/kofe.hu\/parola\/wp-json\/wp\/v2\/posts"}],"about":[{"href":"https:\/\/kofe.hu\/parola\/wp-json\/wp\/v2\/types\/post"}],"author":[{"embeddable":true,"href":"https:\/\/kofe.hu\/parola\/wp-json\/wp\/v2\/users\/3"}],"replies":[{"embeddable":true,"href":"https:\/\/kofe.hu\/parola\/wp-json\/wp\/v2\/comments?post=2769"}],"version-history":[{"count":2,"href":"https:\/\/kofe.hu\/parola\/wp-json\/wp\/v2\/posts\/2769\/revisions"}],"predecessor-version":[{"id":4679,"href":"https:\/\/kofe.hu\/parola\/wp-json\/wp\/v2\/posts\/2769\/revisions\/4679"}],"wp:featuredmedia":[{"embeddable":true,"href":"https:\/\/kofe.hu\/parola\/wp-json\/wp\/v2\/media\/3405"}],"wp:attachment":[{"href":"https:\/\/kofe.hu\/parola\/wp-json\/wp\/v2\/media?parent=2769"}],"wp:term":[{"taxonomy":"category","embeddable":true,"href":"https:\/\/kofe.hu\/parola\/wp-json\/wp\/v2\/categories?post=2769"},{"taxonomy":"post_tag","embeddable":true,"href":"https:\/\/kofe.hu\/parola\/wp-json\/wp\/v2\/tags?post=2769"},{"taxonomy":"author","embeddable":true,"href":"https:\/\/kofe.hu\/parola\/wp-json\/wp\/v2\/coauthors?post=2769"}],"curies":[{"name":"wp","href":"https:\/\/api.w.org\/{rel}","templated":true}]}}