{"id":2767,"date":"2020-07-10T12:52:50","date_gmt":"2020-07-10T12:52:50","guid":{"rendered":"https:\/\/kofe.hu\/parola\/?p=2767"},"modified":"2020-07-30T15:49:20","modified_gmt":"2020-07-30T15:49:20","slug":"a-nagyrabei-barati-kor-es-egyesulet-10-eve","status":"publish","type":"post","link":"https:\/\/kofe.hu\/parola\/parola-folyoirat\/a-nagyrabei-barati-kor-es-egyesulet-10-eve\/","title":{"rendered":"A Nagyr\u00e1b\u00e9i Bar\u00e1ti K\u00f6r \u00e9s Egyes\u00fclet 10 \u00e9ve"},"content":{"rendered":"<p style=\"text-align: justify;\"><span style=\"font-family: Times New Roman CE; font-size: large;\">Az 1989-ben elind\u00edtott kultur\u00e1lis k\u00f6z\u00f6ss\u00e9gfejleszt\u0151 folyamat inspir\u00e1lta az egyes\u00fclet \u00e9s sok m\u00e1s k\u00f6z\u00f6ss\u00e9g l\u00e9trej\u00f6tt\u00e9t: Kertbar\u00e1tk\u00f6r, N\u00e9pf\u0151iskolai csoport, \u00c9letreform klub, Hagyom\u00e1ny\u0151rz\u0151 Ifj\u00fas\u00e1gi Klub. Az egyes\u00fclet m\u0171k\u00f6d\u00f6tt k\u00f6zre a k\u00e9t koroszt\u00e1lyban elind\u00edtott ifj\u00fas\u00e1gi k\u00f6z\u00f6ss\u00e9gi felm\u00e9r\u00e9sben is. Ezzel a m\u00f3dszerrel t\u00e1rtuk fel a fiatalok helyzet\u00e9t, probl\u00e9m\u00e1it. Ezt k\u00f6vet\u0151en alakult meg a Pr\u00f3b\u00e1lkoz\u00f3 Ifjak Klubja, \u00e9s a Gyermek- \u00e9s Ifj\u00fas\u00e1gi \u00c9rdekegyeztet\u0151 F\u00f3rum.<\/span><\/p>\n<p style=\"text-align: justify;\"><!--more--><br \/>\n<span style=\"font-family: Times New Roman CE; font-size: large;\">1992-ben jelent meg a Nagyr\u00e1b\u00e9i Faluk\u00f6nyv els\u0151, majd \u201895-ben a m\u00e1sodik k\u00f6tete. Az anyagot a k\u00f6r tagjai gy\u0171jt\u00f6tt\u00e9k, interj\u00fakat k\u00e9sz\u00edtettek, de maguk is \u00edrtak a m\u00faltr\u00f3l. T\u00f6rt\u00e9netek, sorsok, \u00e9letutak, egykori szok\u00e1sok, hagyom\u00e1nyok elevenednek meg a sorokban. Nagyon fontos, hogy ismerj\u00fck gy\u00f6kereinket. Az eml\u00e9keket, az \u0151si tud\u00e1st \u00e1t kell adni a feln\u00f6vekv\u0151 gener\u00e1ci\u00f3knak. Ez egy telep\u00fcl\u00e9s j\u00f6v\u0151j\u00e9nek z\u00e1loga. A Nagyr\u00e1b\u00e9i Gazdanapok keret\u00e9ben sok \u00faj inform\u00e1ci\u00f3t ismertett\u00fcnk meg a v\u00e1llalkoz\u00f3kkal, gazd\u00e1lkod\u00f3kkal. 1991-ben rendezt\u00fck meg a Perny\u00e9sr\u0151l elsz\u00e1rmazottak tal\u00e1lkoz\u00f3j\u00e1t, majd 93 \u00f3ta k\u00e9t\u00e9venk\u00e9nt a Nagyr\u00e1b\u00e9r\u00f3l elsz\u00e1rmazottak tal\u00e1lkoz\u00f3j\u00e1t. Rendk\u00edv\u00fcl meghat\u00f3, eml\u00e9kezetes perceket \u00e9lnek meg hazal\u00e1togat\u00f3k, s az \u0151ket hazav\u00e1r\u00f3k egyar\u00e1nt. 1993 \u00f3ta jelenik meg a Nagyr\u00e1b\u00e9i Bar\u00e1ti K\u00f6r \u00e9s az \u00f6nkorm\u00e1nyzat k\u00f6z\u00f6s szerkeszt\u00e9s\u00e9ben a Nagyr\u00e1b\u00e9i H\u00edrmond\u00f3.<\/span><br \/>\n<span style=\"font-family: Times New Roman CE; font-size: large;\">Jelent\u0151s esem\u00e9ny volt 2000-ben a Kist\u00e9rs\u00e9gi Civil F\u00f3rum, melyet a Kelet-magyarorsz\u00e1gi K\u00f6z\u00f6ss\u00e9gszolg\u00e1lat Alap\u00edtv\u00e1nnyal k\u00f6z\u00f6sen szervezt\u00fcnk a Nonprofit Szolg\u00e1ltat\u00f3 K\u00f6zpont szakmai programj\u00e1nak keret\u00e9ben.<\/span><br \/>\n<span style=\"font-family: Times New Roman CE; font-size: large;\">1996-ban r\u00e9szt vett\u00fcnk a Civil Exp\u00f3n, most, 2001-ben megh\u00edv\u00e1st kaptunk a Nonprofit Iroda Oktat\u00e1si K\u00f6zpontt\u00f3l \u201eAz \u00e9v civil szervezete\u201d d\u00edj \u00fcnnep\u00e9lyes \u00e1tad\u00e1s\u00e1ra.<\/span><br \/>\n<span style=\"font-family: Times New Roman CE; font-size: large;\">Egyes\u00fclet\u00fcnk ma 62 f\u0151s, c\u00e9gb\u00edr\u00f3s\u00e1gon bejegyzett, k\u00f6zhaszn\u00fa szervezet. Tagjaink \u00e9letkora 20-t\u00f3l a 80 \u00e9vesig terjed.<\/span><br \/>\n<span style=\"font-family: Times New Roman CE; font-size: large;\">A Teleh\u00e1z l\u00e9trehoz\u00e1s\u00e1val a felz\u00e1rk\u00f3z\u00e1s lehet\u0151s\u00e9g\u00e9t teremtett\u00fck meg az itt \u00e9l\u0151k sz\u00e1m\u00e1ra. Az\u00f3ta bebizonyosodott, hogy minden koroszt\u00e1ly ig\u00e9nyli, haszn\u00e1lja ezt a modern inform\u00e1ci\u00f3s irod\u00e1t, melynek eddig k\u00f6zel 4000-szer vett\u00e9k ig\u00e9nybe szolg\u00e1ltat\u00e1sait. Nap mint nap tele van az INFO-KUCK\u00d3 TELEH\u00c1Z. Sokan csak t\u00e1rsas\u00e1got keresve, egy kis besz\u00e9lget\u00e9sre t\u00e9rnek be. Az \u00e1tad\u00e1s \u00f3ta a Teleh\u00e1z szomsz\u00e9ds\u00e1g\u00e1ban tartja fogad\u00f3\u00f3r\u00e1j\u00e1t a falugazd\u00e1sz, \u00edgy a hozz\u00e1 fordul\u00f3k j\u00f3l tudj\u00e1k haszn\u00e1lni a Teleh\u00e1z szolg\u00e1ltat\u00e1sait is. Rem\u00e9lj\u00fck, r\u00f6videsen kin\u0151j\u00fck a helyis\u00e9get \u00e9s nagyobba kell k\u00f6lt\u00f6ztetni. A Teleh\u00e1z m\u0171k\u00f6d\u00e9se kapcs\u00e1n seg\u00edtj\u00fck a telep\u00fcl\u00e9sen \u00e9l\u0151, megv\u00e1ltozott munkak\u00e9pess\u00e9g\u0171 emberek munk\u00e1ba \u00e1ll\u00e1s\u00e1t is.<\/span><br \/>\n<span style=\"font-family: Times New Roman CE; font-size: large;\">A Nagyr\u00e1b\u00e9i Faluk\u00f6nyv 3. k\u00f6tete ebben az \u00e9vben ker\u00fcl kiad\u00e1sra.<\/span><\/p>\n","protected":false},"excerpt":{"rendered":"<p>Az 1989-ben elind\u00edtott kultur\u00e1lis k\u00f6z\u00f6ss\u00e9gfejleszt\u0151 folyamat inspir\u00e1lta az egyes\u00fclet \u00e9s sok m\u00e1s k\u00f6z\u00f6ss\u00e9g l\u00e9trej\u00f6tt\u00e9t: Kertbar\u00e1tk\u00f6r, N\u00e9pf\u0151iskolai csoport, \u00c9letreform klub, Hagyom\u00e1ny\u0151rz\u0151 Ifj\u00fas\u00e1gi Klub. Az egyes\u00fclet m\u0171k\u00f6d\u00f6tt k\u00f6zre a k\u00e9t koroszt\u00e1lyban elind\u00edtott ifj\u00fas\u00e1gi k\u00f6z\u00f6ss\u00e9gi felm\u00e9r\u00e9sben is. Ezzel a m\u00f3dszerrel t\u00e1rtuk fel a fiatalok helyzet\u00e9t, probl\u00e9m\u00e1it. Ezt k\u00f6vet\u0151en alakult meg a Pr\u00f3b\u00e1lkoz\u00f3 Ifjak Klubja, \u00e9s a Gyermek- \u00e9s [&hellip;]<\/p>\n","protected":false},"author":4,"featured_media":3405,"comment_status":"open","ping_status":"open","sticky":false,"template":"","format":"standard","meta":{"_acf_changed":false,"footnotes":""},"categories":[466,8,7],"tags":[],"coauthors":[47],"class_list":["post-2767","post","type-post","status-publish","format-standard","has-post-thumbnail","hentry","category-parola-2001-1","category-parola-folyoirat","category-repertorium"],"acf":[],"yoast_head":"<!-- This site is optimized with the Yoast SEO plugin v26.7 - https:\/\/yoast.com\/wordpress\/plugins\/seo\/ -->\n<title>A Nagyr\u00e1b\u00e9i Bar\u00e1ti K\u00f6r \u00e9s Egyes\u00fclet 10 \u00e9ve - Parola Foly\u00f3irat<\/title>\n<meta name=\"robots\" content=\"index, follow, max-snippet:-1, max-image-preview:large, max-video-preview:-1\" \/>\n<link rel=\"canonical\" href=\"https:\/\/kofe.hu\/parola\/parola-folyoirat\/a-nagyrabei-barati-kor-es-egyesulet-10-eve\/\" \/>\n<meta property=\"og:locale\" content=\"hu_HU\" \/>\n<meta property=\"og:type\" content=\"article\" \/>\n<meta property=\"og:title\" content=\"A Nagyr\u00e1b\u00e9i Bar\u00e1ti K\u00f6r \u00e9s Egyes\u00fclet 10 \u00e9ve - Parola Foly\u00f3irat\" \/>\n<meta property=\"og:description\" content=\"Az 1989-ben elind\u00edtott kultur\u00e1lis k\u00f6z\u00f6ss\u00e9gfejleszt\u0151 folyamat inspir\u00e1lta az egyes\u00fclet \u00e9s sok m\u00e1s k\u00f6z\u00f6ss\u00e9g l\u00e9trej\u00f6tt\u00e9t: Kertbar\u00e1tk\u00f6r, N\u00e9pf\u0151iskolai csoport, \u00c9letreform klub, Hagyom\u00e1ny\u0151rz\u0151 Ifj\u00fas\u00e1gi Klub. Az egyes\u00fclet m\u0171k\u00f6d\u00f6tt k\u00f6zre a k\u00e9t koroszt\u00e1lyban elind\u00edtott ifj\u00fas\u00e1gi k\u00f6z\u00f6ss\u00e9gi felm\u00e9r\u00e9sben is. Ezzel a m\u00f3dszerrel t\u00e1rtuk fel a fiatalok helyzet\u00e9t, probl\u00e9m\u00e1it. Ezt k\u00f6vet\u0151en alakult meg a Pr\u00f3b\u00e1lkoz\u00f3 Ifjak Klubja, \u00e9s a Gyermek- \u00e9s [&hellip;]\" \/>\n<meta property=\"og:url\" content=\"https:\/\/kofe.hu\/parola\/parola-folyoirat\/a-nagyrabei-barati-kor-es-egyesulet-10-eve\/\" \/>\n<meta property=\"og:site_name\" content=\"Parola Foly\u00f3irat\" \/>\n<meta property=\"article:published_time\" content=\"2020-07-10T12:52:50+00:00\" \/>\n<meta property=\"article:modified_time\" content=\"2020-07-30T15:49:20+00:00\" \/>\n<meta property=\"og:image\" content=\"https:\/\/kofe.hu\/parola\/wp-content\/uploads\/2020\/07\/01.2.jpeg\" \/>\n\t<meta property=\"og:image:width\" content=\"1333\" \/>\n\t<meta property=\"og:image:height\" content=\"1907\" \/>\n\t<meta property=\"og:image:type\" content=\"image\/jpeg\" \/>\n<meta name=\"author\" content=\"Parola\" \/>\n<meta name=\"twitter:card\" content=\"summary_large_image\" \/>\n<meta name=\"twitter:label1\" content=\"Szerz\u0151:\" \/>\n\t<meta name=\"twitter:data1\" content=\"Parola\" \/>\n\t<meta name=\"twitter:label2\" content=\"Becs\u00fclt olvas\u00e1si id\u0151\" \/>\n\t<meta name=\"twitter:data2\" content=\"3 perc\" \/>\n\t<meta name=\"twitter:label3\" content=\"Written by\" \/>\n\t<meta name=\"twitter:data3\" content=\"Parola\" \/>\n<script type=\"application\/ld+json\" class=\"yoast-schema-graph\">{\"@context\":\"https:\/\/schema.org\",\"@graph\":[{\"@type\":\"Article\",\"@id\":\"https:\/\/kofe.hu\/parola\/parola-folyoirat\/a-nagyrabei-barati-kor-es-egyesulet-10-eve\/#article\",\"isPartOf\":{\"@id\":\"https:\/\/kofe.hu\/parola\/parola-folyoirat\/a-nagyrabei-barati-kor-es-egyesulet-10-eve\/\"},\"author\":{\"name\":\"Parola\",\"@id\":\"https:\/\/kofe.hu\/parola\/#\/schema\/person\/b39ea6ec0995233537351d7e33281aeb\"},\"headline\":\"A Nagyr\u00e1b\u00e9i Bar\u00e1ti K\u00f6r \u00e9s Egyes\u00fclet 10 \u00e9ve\",\"datePublished\":\"2020-07-10T12:52:50+00:00\",\"dateModified\":\"2020-07-30T15:49:20+00:00\",\"mainEntityOfPage\":{\"@id\":\"https:\/\/kofe.hu\/parola\/parola-folyoirat\/a-nagyrabei-barati-kor-es-egyesulet-10-eve\/\"},\"wordCount\":582,\"commentCount\":0,\"image\":{\"@id\":\"https:\/\/kofe.hu\/parola\/parola-folyoirat\/a-nagyrabei-barati-kor-es-egyesulet-10-eve\/#primaryimage\"},\"thumbnailUrl\":\"https:\/\/kofe.hu\/parola\/wp-content\/uploads\/2020\/07\/01.2.jpeg\",\"articleSection\":[\"Parola 2001\/1\",\"Parola Foly\u00f3irat\",\"Repert\u00f3rium\"],\"inLanguage\":\"hu\",\"potentialAction\":[{\"@type\":\"CommentAction\",\"name\":\"Comment\",\"target\":[\"https:\/\/kofe.hu\/parola\/parola-folyoirat\/a-nagyrabei-barati-kor-es-egyesulet-10-eve\/#respond\"]}]},{\"@type\":\"WebPage\",\"@id\":\"https:\/\/kofe.hu\/parola\/parola-folyoirat\/a-nagyrabei-barati-kor-es-egyesulet-10-eve\/\",\"url\":\"https:\/\/kofe.hu\/parola\/parola-folyoirat\/a-nagyrabei-barati-kor-es-egyesulet-10-eve\/\",\"name\":\"A Nagyr\u00e1b\u00e9i Bar\u00e1ti K\u00f6r \u00e9s Egyes\u00fclet 10 \u00e9ve - Parola Foly\u00f3irat\",\"isPartOf\":{\"@id\":\"https:\/\/kofe.hu\/parola\/#website\"},\"primaryImageOfPage\":{\"@id\":\"https:\/\/kofe.hu\/parola\/parola-folyoirat\/a-nagyrabei-barati-kor-es-egyesulet-10-eve\/#primaryimage\"},\"image\":{\"@id\":\"https:\/\/kofe.hu\/parola\/parola-folyoirat\/a-nagyrabei-barati-kor-es-egyesulet-10-eve\/#primaryimage\"},\"thumbnailUrl\":\"https:\/\/kofe.hu\/parola\/wp-content\/uploads\/2020\/07\/01.2.jpeg\",\"datePublished\":\"2020-07-10T12:52:50+00:00\",\"dateModified\":\"2020-07-30T15:49:20+00:00\",\"author\":{\"@id\":\"https:\/\/kofe.hu\/parola\/#\/schema\/person\/b39ea6ec0995233537351d7e33281aeb\"},\"breadcrumb\":{\"@id\":\"https:\/\/kofe.hu\/parola\/parola-folyoirat\/a-nagyrabei-barati-kor-es-egyesulet-10-eve\/#breadcrumb\"},\"inLanguage\":\"hu\",\"potentialAction\":[{\"@type\":\"ReadAction\",\"target\":[\"https:\/\/kofe.hu\/parola\/parola-folyoirat\/a-nagyrabei-barati-kor-es-egyesulet-10-eve\/\"]}]},{\"@type\":\"ImageObject\",\"inLanguage\":\"hu\",\"@id\":\"https:\/\/kofe.hu\/parola\/parola-folyoirat\/a-nagyrabei-barati-kor-es-egyesulet-10-eve\/#primaryimage\",\"url\":\"https:\/\/kofe.hu\/parola\/wp-content\/uploads\/2020\/07\/01.2.jpeg\",\"contentUrl\":\"https:\/\/kofe.hu\/parola\/wp-content\/uploads\/2020\/07\/01.2.jpeg\",\"width\":1333,\"height\":1907},{\"@type\":\"BreadcrumbList\",\"@id\":\"https:\/\/kofe.hu\/parola\/parola-folyoirat\/a-nagyrabei-barati-kor-es-egyesulet-10-eve\/#breadcrumb\",\"itemListElement\":[{\"@type\":\"ListItem\",\"position\":1,\"name\":\"Home\",\"item\":\"https:\/\/kofe.hu\/parola\/\"},{\"@type\":\"ListItem\",\"position\":2,\"name\":\"A Nagyr\u00e1b\u00e9i Bar\u00e1ti K\u00f6r \u00e9s Egyes\u00fclet 10 \u00e9ve\"}]},{\"@type\":\"WebSite\",\"@id\":\"https:\/\/kofe.hu\/parola\/#website\",\"url\":\"https:\/\/kofe.hu\/parola\/\",\"name\":\"Parola Foly\u00f3irat\",\"description\":\"\",\"potentialAction\":[{\"@type\":\"SearchAction\",\"target\":{\"@type\":\"EntryPoint\",\"urlTemplate\":\"https:\/\/kofe.hu\/parola\/?s={search_term_string}\"},\"query-input\":{\"@type\":\"PropertyValueSpecification\",\"valueRequired\":true,\"valueName\":\"search_term_string\"}}],\"inLanguage\":\"hu\"},{\"@type\":\"Person\",\"@id\":\"https:\/\/kofe.hu\/parola\/#\/schema\/person\/b39ea6ec0995233537351d7e33281aeb\",\"name\":\"Parola\",\"image\":{\"@type\":\"ImageObject\",\"inLanguage\":\"hu\",\"@id\":\"https:\/\/kofe.hu\/parola\/#\/schema\/person\/image\/ef1d7dc4d1949d5457aa415351763853\",\"url\":\"https:\/\/secure.gravatar.com\/avatar\/c18c00ea50048aa7adb99e5d11e4250d05111e33b2bea02671439eb7912c945e?s=96&d=mm&r=g\",\"contentUrl\":\"https:\/\/secure.gravatar.com\/avatar\/c18c00ea50048aa7adb99e5d11e4250d05111e33b2bea02671439eb7912c945e?s=96&d=mm&r=g\",\"caption\":\"Parola\"},\"url\":\"https:\/\/kofe.hu\/parola\/szerzok\/parola\/\"}]}<\/script>\n<!-- \/ Yoast SEO plugin. -->","yoast_head_json":{"title":"A Nagyr\u00e1b\u00e9i Bar\u00e1ti K\u00f6r \u00e9s Egyes\u00fclet 10 \u00e9ve - Parola Foly\u00f3irat","robots":{"index":"index","follow":"follow","max-snippet":"max-snippet:-1","max-image-preview":"max-image-preview:large","max-video-preview":"max-video-preview:-1"},"canonical":"https:\/\/kofe.hu\/parola\/parola-folyoirat\/a-nagyrabei-barati-kor-es-egyesulet-10-eve\/","og_locale":"hu_HU","og_type":"article","og_title":"A Nagyr\u00e1b\u00e9i Bar\u00e1ti K\u00f6r \u00e9s Egyes\u00fclet 10 \u00e9ve - Parola Foly\u00f3irat","og_description":"Az 1989-ben elind\u00edtott kultur\u00e1lis k\u00f6z\u00f6ss\u00e9gfejleszt\u0151 folyamat inspir\u00e1lta az egyes\u00fclet \u00e9s sok m\u00e1s k\u00f6z\u00f6ss\u00e9g l\u00e9trej\u00f6tt\u00e9t: Kertbar\u00e1tk\u00f6r, N\u00e9pf\u0151iskolai csoport, \u00c9letreform klub, Hagyom\u00e1ny\u0151rz\u0151 Ifj\u00fas\u00e1gi Klub. Az egyes\u00fclet m\u0171k\u00f6d\u00f6tt k\u00f6zre a k\u00e9t koroszt\u00e1lyban elind\u00edtott ifj\u00fas\u00e1gi k\u00f6z\u00f6ss\u00e9gi felm\u00e9r\u00e9sben is. Ezzel a m\u00f3dszerrel t\u00e1rtuk fel a fiatalok helyzet\u00e9t, probl\u00e9m\u00e1it. Ezt k\u00f6vet\u0151en alakult meg a Pr\u00f3b\u00e1lkoz\u00f3 Ifjak Klubja, \u00e9s a Gyermek- \u00e9s [&hellip;]","og_url":"https:\/\/kofe.hu\/parola\/parola-folyoirat\/a-nagyrabei-barati-kor-es-egyesulet-10-eve\/","og_site_name":"Parola Foly\u00f3irat","article_published_time":"2020-07-10T12:52:50+00:00","article_modified_time":"2020-07-30T15:49:20+00:00","og_image":[{"width":1333,"height":1907,"url":"https:\/\/kofe.hu\/parola\/wp-content\/uploads\/2020\/07\/01.2.jpeg","type":"image\/jpeg"}],"author":"Parola","twitter_card":"summary_large_image","twitter_misc":{"Szerz\u0151:":"Parola","Becs\u00fclt olvas\u00e1si id\u0151":"3 perc","Written by":"Parola"},"schema":{"@context":"https:\/\/schema.org","@graph":[{"@type":"Article","@id":"https:\/\/kofe.hu\/parola\/parola-folyoirat\/a-nagyrabei-barati-kor-es-egyesulet-10-eve\/#article","isPartOf":{"@id":"https:\/\/kofe.hu\/parola\/parola-folyoirat\/a-nagyrabei-barati-kor-es-egyesulet-10-eve\/"},"author":{"name":"Parola","@id":"https:\/\/kofe.hu\/parola\/#\/schema\/person\/b39ea6ec0995233537351d7e33281aeb"},"headline":"A Nagyr\u00e1b\u00e9i Bar\u00e1ti K\u00f6r \u00e9s Egyes\u00fclet 10 \u00e9ve","datePublished":"2020-07-10T12:52:50+00:00","dateModified":"2020-07-30T15:49:20+00:00","mainEntityOfPage":{"@id":"https:\/\/kofe.hu\/parola\/parola-folyoirat\/a-nagyrabei-barati-kor-es-egyesulet-10-eve\/"},"wordCount":582,"commentCount":0,"image":{"@id":"https:\/\/kofe.hu\/parola\/parola-folyoirat\/a-nagyrabei-barati-kor-es-egyesulet-10-eve\/#primaryimage"},"thumbnailUrl":"https:\/\/kofe.hu\/parola\/wp-content\/uploads\/2020\/07\/01.2.jpeg","articleSection":["Parola 2001\/1","Parola Foly\u00f3irat","Repert\u00f3rium"],"inLanguage":"hu","potentialAction":[{"@type":"CommentAction","name":"Comment","target":["https:\/\/kofe.hu\/parola\/parola-folyoirat\/a-nagyrabei-barati-kor-es-egyesulet-10-eve\/#respond"]}]},{"@type":"WebPage","@id":"https:\/\/kofe.hu\/parola\/parola-folyoirat\/a-nagyrabei-barati-kor-es-egyesulet-10-eve\/","url":"https:\/\/kofe.hu\/parola\/parola-folyoirat\/a-nagyrabei-barati-kor-es-egyesulet-10-eve\/","name":"A Nagyr\u00e1b\u00e9i Bar\u00e1ti K\u00f6r \u00e9s Egyes\u00fclet 10 \u00e9ve - Parola Foly\u00f3irat","isPartOf":{"@id":"https:\/\/kofe.hu\/parola\/#website"},"primaryImageOfPage":{"@id":"https:\/\/kofe.hu\/parola\/parola-folyoirat\/a-nagyrabei-barati-kor-es-egyesulet-10-eve\/#primaryimage"},"image":{"@id":"https:\/\/kofe.hu\/parola\/parola-folyoirat\/a-nagyrabei-barati-kor-es-egyesulet-10-eve\/#primaryimage"},"thumbnailUrl":"https:\/\/kofe.hu\/parola\/wp-content\/uploads\/2020\/07\/01.2.jpeg","datePublished":"2020-07-10T12:52:50+00:00","dateModified":"2020-07-30T15:49:20+00:00","author":{"@id":"https:\/\/kofe.hu\/parola\/#\/schema\/person\/b39ea6ec0995233537351d7e33281aeb"},"breadcrumb":{"@id":"https:\/\/kofe.hu\/parola\/parola-folyoirat\/a-nagyrabei-barati-kor-es-egyesulet-10-eve\/#breadcrumb"},"inLanguage":"hu","potentialAction":[{"@type":"ReadAction","target":["https:\/\/kofe.hu\/parola\/parola-folyoirat\/a-nagyrabei-barati-kor-es-egyesulet-10-eve\/"]}]},{"@type":"ImageObject","inLanguage":"hu","@id":"https:\/\/kofe.hu\/parola\/parola-folyoirat\/a-nagyrabei-barati-kor-es-egyesulet-10-eve\/#primaryimage","url":"https:\/\/kofe.hu\/parola\/wp-content\/uploads\/2020\/07\/01.2.jpeg","contentUrl":"https:\/\/kofe.hu\/parola\/wp-content\/uploads\/2020\/07\/01.2.jpeg","width":1333,"height":1907},{"@type":"BreadcrumbList","@id":"https:\/\/kofe.hu\/parola\/parola-folyoirat\/a-nagyrabei-barati-kor-es-egyesulet-10-eve\/#breadcrumb","itemListElement":[{"@type":"ListItem","position":1,"name":"Home","item":"https:\/\/kofe.hu\/parola\/"},{"@type":"ListItem","position":2,"name":"A Nagyr\u00e1b\u00e9i Bar\u00e1ti K\u00f6r \u00e9s Egyes\u00fclet 10 \u00e9ve"}]},{"@type":"WebSite","@id":"https:\/\/kofe.hu\/parola\/#website","url":"https:\/\/kofe.hu\/parola\/","name":"Parola Foly\u00f3irat","description":"","potentialAction":[{"@type":"SearchAction","target":{"@type":"EntryPoint","urlTemplate":"https:\/\/kofe.hu\/parola\/?s={search_term_string}"},"query-input":{"@type":"PropertyValueSpecification","valueRequired":true,"valueName":"search_term_string"}}],"inLanguage":"hu"},{"@type":"Person","@id":"https:\/\/kofe.hu\/parola\/#\/schema\/person\/b39ea6ec0995233537351d7e33281aeb","name":"Parola","image":{"@type":"ImageObject","inLanguage":"hu","@id":"https:\/\/kofe.hu\/parola\/#\/schema\/person\/image\/ef1d7dc4d1949d5457aa415351763853","url":"https:\/\/secure.gravatar.com\/avatar\/c18c00ea50048aa7adb99e5d11e4250d05111e33b2bea02671439eb7912c945e?s=96&d=mm&r=g","contentUrl":"https:\/\/secure.gravatar.com\/avatar\/c18c00ea50048aa7adb99e5d11e4250d05111e33b2bea02671439eb7912c945e?s=96&d=mm&r=g","caption":"Parola"},"url":"https:\/\/kofe.hu\/parola\/szerzok\/parola\/"}]}},"_links":{"self":[{"href":"https:\/\/kofe.hu\/parola\/wp-json\/wp\/v2\/posts\/2767","targetHints":{"allow":["GET"]}}],"collection":[{"href":"https:\/\/kofe.hu\/parola\/wp-json\/wp\/v2\/posts"}],"about":[{"href":"https:\/\/kofe.hu\/parola\/wp-json\/wp\/v2\/types\/post"}],"author":[{"embeddable":true,"href":"https:\/\/kofe.hu\/parola\/wp-json\/wp\/v2\/users\/4"}],"replies":[{"embeddable":true,"href":"https:\/\/kofe.hu\/parola\/wp-json\/wp\/v2\/comments?post=2767"}],"version-history":[{"count":2,"href":"https:\/\/kofe.hu\/parola\/wp-json\/wp\/v2\/posts\/2767\/revisions"}],"predecessor-version":[{"id":3770,"href":"https:\/\/kofe.hu\/parola\/wp-json\/wp\/v2\/posts\/2767\/revisions\/3770"}],"wp:featuredmedia":[{"embeddable":true,"href":"https:\/\/kofe.hu\/parola\/wp-json\/wp\/v2\/media\/3405"}],"wp:attachment":[{"href":"https:\/\/kofe.hu\/parola\/wp-json\/wp\/v2\/media?parent=2767"}],"wp:term":[{"taxonomy":"category","embeddable":true,"href":"https:\/\/kofe.hu\/parola\/wp-json\/wp\/v2\/categories?post=2767"},{"taxonomy":"post_tag","embeddable":true,"href":"https:\/\/kofe.hu\/parola\/wp-json\/wp\/v2\/tags?post=2767"},{"taxonomy":"author","embeddable":true,"href":"https:\/\/kofe.hu\/parola\/wp-json\/wp\/v2\/coauthors?post=2767"}],"curies":[{"name":"wp","href":"https:\/\/api.w.org\/{rel}","templated":true}]}}