{"id":2752,"date":"2020-07-10T11:52:44","date_gmt":"2020-07-10T11:52:44","guid":{"rendered":"https:\/\/kofe.hu\/parola\/?p=2752"},"modified":"2020-07-30T15:53:15","modified_gmt":"2020-07-30T15:53:15","slug":"civil-tarsadalom-es-nonprofit-szervezetek","status":"publish","type":"post","link":"https:\/\/kofe.hu\/parola\/parola-folyoirat\/civil-tarsadalom-es-nonprofit-szervezetek\/","title":{"rendered":"Civil t\u00e1rsadalom \u00e9s nonprofit szervezetek"},"content":{"rendered":"<p style=\"text-align: justify;\"><span style=\"font-family: Arial;\">A MEH Civil Kapcsolatok F\u0151oszt\u00e1lya 1998 \u0151sz\u00e9t\u0151l rendszeresen tartott csoportos \u00e9s egy\u00e9ni konzult\u00e1ci\u00f3kat a magyar civil k\u00f6zv\u00e9le-m\u00e9nyt alak\u00edt\u00f3 \u00f6nk\u00e9ntesekkel, d\u00f6nt\u00e9shoz\u00f3kkal, kutat\u00f3kkal, oktat\u00f3k-kal, szak\u00e9rt\u0151kkel, civil vezet\u0151kkel \u00e9s az \u00e1llamigazgat\u00e1s \u00e9rintett vezet\u0151ivel. A p\u00e1rbesz\u00e9d alapj\u00e1n sz\u00fcletett meg a civil szektor civil fejleszt\u00e9s\u00e9t szolg\u00e1l\u00f3 k\u00e9pz\u00e9si \u00e9s kutat\u00e1si k\u00f6z\u00e9pt\u00e1v\u00fa program. Mind-k\u00e9t program a szektor j\u00f6v\u0151beli fejl\u0151d\u00e9s\u00e9nek legfontosabb ir\u00e1nyaira \u00e9p\u00edtve hat\u00e1rozza meg a korm\u00e1nyzati szerepv\u00e1llal\u00e1s feladatait.<\/span><br \/>\n<i><span style=\"font-family: Arial;\">Kiindul\u00e1si pontk\u00e9nt fogadta el a f\u0151oszt\u00e1ly, hogy t\u00f6bbszint\u0171, a szektor \u00f6sszet\u00e9tel\u00e9nek megfelel\u0151 \u00e9s a lehets\u00e9ges c\u00e9lcsoportok szerint is differenci\u00e1lt k\u00e9pz\u00e9si rendszer kialak\u00edt\u00e1sa, t\u00e1mogat\u00e1sa sz\u00fcks\u00e9ges.<\/span><\/i><\/p>\n<p style=\"text-align: justify;\"><!--more--><br \/>\n<span style=\"font-family: Arial;\">Strat\u00e9giai fontoss\u00e1g\u00fa a d\u00f6nt\u00e9shoz\u00f3, a d\u00f6nt\u00e9s el\u0151k\u00e9sz\u00edt\u0151 k\u00f6ztiszt-visel\u0151k civil szervezetekre vonatkoz\u00f3 ismeretekkel val\u00f3 felv\u00e9rtez\u00e9se, valamint az \u00faj, a civil szektor m\u0171k\u00f6d\u00e9s\u00e9t, t\u00e1rsadalmi fontoss\u00e1g\u00e1t j\u00f3l ismer\u0151 fiatal \u00e9rtelmis\u00e9giek k\u00e9pz\u00e9se.<\/span><br \/>\n<span style=\"font-family: Arial;\">A<\/span><i><span style=\"font-family: Arial;\">z \u00f6sszesen n\u00e9gy elemb\u0151l \u00e1ll\u00f3\u00a0<\/span><\/i><span style=\"font-family: Arial;\">k\u00e9pz\u00e9si program els\u0151<\/span><i><span style=\"font-family: Arial;\">k\u00e9nt meg-val\u00f3sul\u00f3<\/span><\/i><span style=\"font-family: Arial;\">\u00a0eleme a fels\u0151oktat\u00e1sban ind\u00edtand\u00f3, a civil t\u00e1rsadalomr\u00f3l, nonprofit szervezetekr\u0151l sz\u00e9les k\u00f6r\u0171 elm\u00e9leti \u00e9s gyakorlati ismerete-ket ad\u00f3 k\u00e9pz\u00e9si program kidolgoz\u00e1sa lett.<\/span><br \/>\n<span style=\"font-family: Arial;\">A programok megval\u00f3s\u00edt\u00e1s\u00e1ban val\u00f3 k\u00f6zrem\u0171k\u00f6d\u00e9sre felk\u00e9rt partnerek kiv\u00e1laszt\u00e1sakor arra t\u00f6rekedt\u00fcnk, hogy az egyes program-elemekhez a legoptim\u00e1lisabb partnert tal\u00e1ljuk meg, aki eddigi tev\u00e9-kenys\u00e9g\u00e9vel, bizony\u00edtott szak\u00e9rtelm\u00e9vel garancia lesz a min\u0151s\u00e9gre.<\/span><br \/>\n<span style=\"font-family: Arial;\">A fels\u0151oktat\u00e1si k\u00e9pz\u00e9si program kidolgoz\u00e1s\u00e1ra a MEH az E\u00f6tv\u00f6s Lor\u00e1nd Tudom\u00e1ny Egyetem Tan\u00e1rk\u00e9pz\u0151 F\u0151iskolai Kar\u00e1val k\u00f6t\u00f6tt szerz\u0151d\u00e9st. A koordin\u00e1ci\u00f3s feladatokat a M\u0171vel\u0151d\u00e9sszervez\u00e9s Tansz\u00e9k v\u00e9gezte, a civil szektor ir\u00e1nti elk\u00f6telezetts\u00e9g\u00fck, innovat\u00edv hozz\u00e1\u00e1ll\u00e1suk is garanci\u00e1ja volt a min\u0151s\u00e9gnek. A program kidolgoz\u00e1-s\u00e1ra az egyetem a nonprofit szektor ismert \u00e9s elismert szakembereit k\u00e9rte fel, az elm\u00e9leti, gyakorlati \u00e9s oktat\u00f3i tud\u00e1sok legjava jelent meg a munk\u00e1ban.<\/span><br \/>\n<span style=\"font-family: Arial;\">A ny\u00e1r v\u00e9g\u00e9re elk\u00e9sz\u00fclt a \u201eCivil t\u00e1rsadalom \u00e9s nonprofit szer-vezetek\u201d elnevez\u00e9s\u0171 tant\u00e1rgyi program.<\/span><b><span style=\"font-family: Arial;\">\u00a0<\/span><\/b><span style=\"font-family: Arial;\">A szak\u00e9rt\u0151k kidolgozt\u00e1k a k\u00e9pz\u00e9si tartalmakat \u00e9s k\u00f6vetelm\u00e9nyeket, valamint az egyes tan-anyagok oktat\u00e1s\u00e1nak m\u00f3dszereit, elk\u00e9sz\u00fclt a szemelv\u00e9nygy\u0171jtem\u00e9ny.<\/span><br \/>\n<i><span style=\"font-family: Arial;\">Az ELTE TFK v\u00e1llalkozott a program bevezet\u00e9s\u00e9re is: a<\/span><\/i><span style=\"font-family: Arial;\">\u00a0m\u0171ve-l\u0151d\u00e9sszervez\u0151 szakos, levelez\u0151 hallgat\u00f3k sz\u00e1m\u00e1ra \u2013\u00a0<\/span><i><span style=\"font-family: Arial;\">mint specializ\u00e1ci\u00f3 \u2013<\/span><\/i><span style=\"font-family: Arial;\">\u00a02000 szeptemberben \u201epr\u00f3bak\u00e9nt\u201d indul a k\u00e9pz\u00e9s.<\/span><\/p>\n<p><b><span style=\"font-family: Arial;\">A PROGRAM \u00c1LTAL\u00c1NOS C\u00c9LKIT\u0170Z\u00c9SEI<\/span><\/b><\/p>\n<p><span style=\"font-family: Arial;\">A tant\u00e1rgyi programot a XX. sz\u00e1zad v\u00e9gi t\u00f6rt\u00e9nelmi esem\u00e9nyek \u00e9s t\u00e1rsadalmi \u00e1talakul\u00e1sok, tett\u00e9k aktu\u00e1liss\u00e1. A civil t\u00e1rsadalom elm\u00e9-lete seg\u00edts\u00e9g\u00e9vel le\u00edrhat\u00f3 \u00e9s meg\u00e9rthet\u0151 a modern t\u00e1rsadalom fel\u00e9 vezet\u0151 demokratikus \u00fat, a diktat\u00far\u00e1b\u00f3l a demokr\u00e1ci\u00e1ba t\u00f6rt\u00e9n\u0151 \u00e1tmenet (Arat\u00f3 Andr\u00e1s, 1990). A demokratikus t\u00e1rsadalmi beren-dezked\u00e9s \u00faj szektora, a nonprofit szektor \u00e9s a r\u00e1 vonatkoz\u00f3 legfonto-sabb ismeretek pedig \u00faj \u00e9letszeml\u00e9letet, munkalehet\u0151s\u00e9get, civil tev\u00e9kenys\u00e9gi terepet k\u00edn\u00e1lnak a fels\u0151oktat\u00e1sb\u00f3l kiker\u00fcl\u0151k sz\u00e1m\u00e1ra.<\/span><br \/>\n<span style=\"font-family: Arial;\">A kelet-k\u00f6z\u00e9p-eur\u00f3pai diktat\u00far\u00e1k \u00f6sszeoml\u00e1sa \u00fajra felvetette az antikvit\u00e1sban \u00e9s a felvil\u00e1gosult polg\u00e1ri t\u00e1rsadalomban haszn\u00e1lt \u00e9s k\u00fcl\u00f6nb\u00f6z\u0151 \u00e9rtelmez\u00e9si lehet\u0151s\u00e9geket hordoz\u00f3 civil t\u00e1rsadalom esz-m\u00e9j\u00e9t (Arat\u00f3 1990, Dahrendorf 1997, Alexander 1990 \u00e9s 1998, Miszlivetz 1990-, Nagy Endre 1999, Seligman 1997, Varga 1999 \u00e9s m\u00e1sok). Nyugat-Eur\u00f3p\u00e1ban legink\u00e1bb a j\u00f3l\u00e9ti \u00e1llamok v\u00e1ls\u00e1ga, a \u201e<\/span><i><span style=\"font-family: Arial;\">bipol\u00e1ris vil\u00e1g<\/span><\/i><span style=\"font-family: Arial;\">\u201d \u00f6sszeoml\u00e1sa \u00e9s a demokr\u00e1cia v\u00e1ls\u00e1gjelens\u00e9gei tett\u00e9k ism\u00e9t vonz\u00f3v\u00e1 a civil eszm\u00e9t (\u00c1gh, 1999), Kelet-Eur\u00f3p\u00e1ban pedig a \u201e<\/span><i><span style=\"font-family: Arial;\">b\u00e1rsonyos<\/span><\/i><span style=\"font-family: Arial;\">\u201d vagy \u201e<\/span><i><span style=\"font-family: Arial;\">alkotm\u00e1nyos<\/span><\/i><span style=\"font-family: Arial;\">\u201d forradalmak (Arat\u00f3 1990), a szabad, demokratikus, nyitott t\u00e1rsadalmakra val\u00f3 \u00e1tt\u00e9r\u00e9s t\u00f6rt\u00e9nelmi lehet\u0151s\u00e9ge. A civil t\u00e1rsadalom eszm\u00e9je teh\u00e1t renesz\u00e1nsz\u00e1t \u00e9li mind a r\u00e9gi, mind az \u00faj demokr\u00e1ci\u00e1kban. (\u00c1gh 1999 \u00e9s m\u00e1sok)<\/span><\/p>\n<p style=\"text-align: justify;\"><span style=\"font-family: Arial;\">Az elm\u00falt 11 \u00e9vben \u00e1talakul\u00f3 t\u00e1rsadalmunk \u00faj strukt\u00far\u00e1kat ho-zott l\u00e9tre, melyeknek egyik fontos eleme a harmadik szektor \u2013 vagy ahogyan azt a nemzetk\u00f6zi statisztikai rendszerek sz\u00e1mon tartj\u00e1k: a nonprofit szektor \u2013 legaliz\u00e1l\u00f3d\u00e1sa \u00e9s gyors fejl\u0151d\u00e9se. (Kuti, Hars\u00e1nyi \u00e9s m\u00e1sok). Az EU-csatlakoz\u00e1s folyamata megk\u00f6veteli a \u201e<\/span><i><span style=\"font-family: Arial;\">finomszab\u00e1lyoz\u00e1st<\/span><\/i><span style=\"font-family: Arial;\">\u201d, vagyis a korm\u00e1nyzatr\u00f3l a korm\u00e1nyz\u00e1sra val\u00f3 \u00e1tt\u00e9r\u00e9st. (\u00c1gh 1999)<\/span><br \/>\n<span style=\"font-family: Arial;\">A magyar demokr\u00e1cia m\u0171k\u00f6d\u00e9se \u2013 az elm\u00falt \u00e9vtizedben tapasz-talhat\u00f3 fejl\u0151d\u00e9s ellen\u00e9re \u2013 ma m\u00e9g sz\u00e1mos kialakulatlans\u00e1got, egye-netlens\u00e9get hordoz.<\/span><br \/>\n<span style=\"font-family: Arial;\">A nonprofit szektor m\u00e9reteit tekintve ugyan m\u00e1r ma is impon\u00e1l\u00f3, \u00e1m er\u0151s ter\u00fcleti egyenl\u0151tlens\u00e9geket mutat (Kuti \u00c9va \u00e9s munkat\u00e1rsai, KSH Nonprofit Kutat\u00f3csoport), jelezve az orsz\u00e1gunkra jellemz\u0151 demokratikus deficitet. Az \u00f6nszervez\u0151d\u00e9s csak lehet\u0151s\u00e9gk\u00e9nt adatik meg a modern embernek, s hogy mennyire tud \u00e9lni vele, az annak f\u00fcggv\u00e9nye, hogy mennyire moderniz\u00e1l\u00f3dott \u00e9s demokratikus t\u00e1rsa-dalmi berendezked\u00e9sben \u00e9l. T\u00e9rs\u00e9g\u00fcnk e tekintetben saj\u00e1tos fejl\u0151d\u00e9-sen ment kereszt\u00fcl, amelyet a moderniz\u00e1ci\u00f3ra val\u00f3 \u00e1tt\u00e9r\u00e9s r\u00e9szleges \u00e9s szakaszos jelleg\u00e9vel, a megk\u00e9sett polg\u00e1rosod\u00e1ssal, \u201ef\u00e9l\u201d- \u00e9s \u201e<\/span><i><span style=\"font-family: Arial;\">\u00e1lforradalmakkal<\/span><\/i><span style=\"font-family: Arial;\">\u201d (Bib\u00f3 kifejez\u00e9sei 1945-b\u0151l), a szocializmus kem\u00e9ny-, majd l\u00e1gyabb diktat\u00far\u00e1j\u00e1val, \u00f6nszervez\u0151d\u00e9s helyetti paternalizmus\u00e1val szok\u00e1s magyar\u00e1zni.<\/span><br \/>\n<span style=\"font-family: Arial;\">A nonprofit szektor sz\u00e1mos min\u0151s\u00e9gi probl\u00e9m\u00e1val k\u00fcszk\u00f6dik, melyek k\u00f6z\u00fcl tal\u00e1n a legs\u00falyosabb a hossz\u00fa t\u00e1vra tervezett, stabil, fenntarthat\u00f3 m\u0171k\u00f6d\u00e9s hi\u00e1nya. Ennek oka r\u00e9szben a perspektivikus gondolkod\u00e1s, a hossz\u00fa t\u00e1v\u00fa tervez\u00e9s ma m\u00e9g hi\u00e1nyz\u00f3 gyakorlata, r\u00e9szben a t\u00e1mogat\u00e1si rendszer hi\u00e1nyoss\u00e1gai is. B\u00e1r mutatkoznak m\u00e1r kezdeti pr\u00f3b\u00e1lkoz\u00e1sok, a szektor nem rendelkezik m\u00e9g \u00f6n\u00e1ll\u00f3 iden-tit\u00e1ssal, nem viselkedik mozgalomk\u00e9nt, nem szervezi meg egy\u00fctt-m\u0171k\u00f6d\u00e9s\u00e9t \u00e9s egys\u00e9ges fell\u00e9p\u00e9s\u00e9t, \u00e9rdekv\u00e9delm\u00e9t. Az els\u0151 k\u00eds\u00e9rletek ma m\u00e9g ink\u00e1bb fel\u00fclr\u0151l, s nem alulr\u00f3l szervez\u0151dnek, s csek\u00e9ly hat\u00e1s-sal vannak mind a szektor eg\u00e9sz\u00e9re, mind a m\u00e1s szektorokkal val\u00f3 egy\u00fcttm\u0171k\u00f6d\u00e9sre. (\u00c1gh, Kuti, Bocz, Sebesty\u00e9n, Semj\u00e9n, Enyedi, Tam\u00e1si \u00e9s m\u00e1sok)<\/span><br \/>\n<span style=\"font-family: Arial;\">E m\u0171k\u00f6d\u00e9si zavarok m\u00e9rs\u00e9kl\u00e9s\u00e9ben nemcsak az EU-csatlakoz\u00e1s szab\u00e1lyoz\u00f3 szerep\u00e9ben szeretn\u00e9nk b\u00edzni, hanem saj\u00e1t demokr\u00e1cia-gyors\u00edt\u00f3 int\u00e9zm\u00e9nyeinkben is, nevezetesen a fels\u0151oktat\u00e1sban ill. \u00e9rtelmis\u00e9g\u00fcnkben, mint a \u201epolitikaform\u00e1l\u00e1s h\u00e1tt\u00e9rint\u00e9zm\u00e9nyeiben\u201d \u00e9s szerepl\u0151iben is. Tapasztalataink szerint a fels\u0151oktat\u00e1sban r\u00e9szt vev\u0151 hallgat\u00f3k meglehet\u0151sen csek\u00e9ly demokratikus tapasztalattal rendelkeznek \u00e9s elm\u00e9leti, \u00e1llampolg\u00e1ri felk\u00e9sz\u00fclts\u00e9g\u00fck, valamint az EU-csatlakoz\u00e1ssal kapcsolatos ismereteik is igen hi\u00e1nyosak.<\/span><\/p>\n<p style=\"text-align: justify;\"><span style=\"font-family: Arial;\">A \u201eCivil t\u00e1rsadalom \u00e9s nonprofit szervezetek\u201d elnevez\u00e9s\u0171 tan-t\u00e1rgyi program azt a felismer\u00e9st igyekszik szolg\u00e1lni, hogy a harma-dik szektorral kapcsolatos elm\u00e9leti \u00e9s gyakorlati ismeretek, valamint az erre szervez\u0151d\u0151 \u00e1llampolg\u00e1ri aktivit\u00e1s n\u00e9lk\u00fcl nem l\u00e9tezik modern t\u00e1rsadalom. Azt a t\u00f6rekv\u00e9st, hogy a 2000-es \u00e9vekben a hazai fels\u0151-oktat\u00e1s kereteib\u0151l ne ker\u00fclj\u00f6n ki \u00fagy hallgat\u00f3, hogy legal\u00e1bb n\u00e9h\u00e1ny szemesztert ezekkel a k\u00e9rd\u00e9sekkel ne foglalkozott volna. B\u00e1rmilyen szakter\u00fcleten v\u00e9gezze is tanulm\u00e1nyait, alkalma legyen arra, hogy olyan tud\u00e1st saj\u00e1t\u00edthasson el, amelynek birtok\u00e1ban majd seg\u00edt\u0151je, kezdem\u00e9nyez\u0151je \u00e9s partnere tud lenni k\u00f6rnyezet\u00e9ben a civil tev\u00e9-kenys\u00e9geknek, szervezeteknek. A k\u00e9pz\u00e9si tartalmak oly m\u00f3don ker\u00fcltek kidolgoz\u00e1sra, hogy b\u00e1rmely fels\u0151oktat\u00e1si int\u00e9zm\u00e9nyben, az egyes modulok sz\u0171k\u00edt\u00e9s\u00e9vel, vagy t\u00e1g\u00edt\u00e1s\u00e1val, bevezethet\u0151 legyen a k\u00e9pz\u00e9s.<\/span><br \/>\n<span style=\"font-family: Arial;\">A k\u00e9pz\u00e9si program kidolgoz\u00e1s\u00e1val p\u00e1rhuzamosan zajlott a MEH Civil Kapcsolatok F\u0151oszt\u00e1lya megrendel\u00e9s\u00e9re a fels\u0151oktat\u00e1si k\u00e9pz\u00e9sekben megjelen\u0151 nonprofit szektorral kapcsolatos ismere-tekre ir\u00e1nyul\u00f3 kutat\u00e1s. Szeptemberben k\u00e9sz\u00fcl el a z\u00e1r\u00f3tanulm\u00e1ny. A kutat\u00e1si eredm\u00e9nyek alapj\u00e1n tov\u00e1bbi egy\u00fcttm\u0171k\u00f6d\u00e9sek kezdem\u00e9-nyezhet\u0151k a fels\u0151oktat\u00e1si int\u00e9zm\u00e9nyekkel a k\u00e9pz\u00e9si program \u00e1tv\u00e9te-l\u00e9re \u00e9s tov\u00e1bbfejleszt\u00e9s\u00e9re.<\/span><br \/>\n<b><span style=\"font-family: Arial;\">A tant\u00e1rgyi program c\u00e9lja<\/span><\/b><span style=\"font-family: Arial;\">, hogy a civil szervezetekben egyre t\u00f6bb j\u00f3l k\u00e9pzett szakember dolgozzon \u00e9s a fiatalok is helyet, p\u00e1ly\u00e1t tal\u00e1ljanak a szf\u00e9r\u00e1ban. A program szeml\u00e9letform\u00e1l\u00f3, attit\u00fcdalak\u00edt\u00f3 \u00e9s -fejleszt\u0151 szerepet is bet\u00f6lt.<\/span><br \/>\n<i><span style=\"font-family: Arial;\">A c\u00e9l<\/span><\/i><span style=\"font-family: Arial;\">\u00a0teh\u00e1t olyan szakemberek k\u00e9pz\u00e9se, akik<\/span><br \/>\n<span style=\"font-family: Arial;\">\u2013 demokratikus attit\u0171ddel rendelkeznek;<\/span><br \/>\n<span style=\"font-family: Arial;\">\u2013 ismerik \u00e9s fontosnak tartj\u00e1k a civil eszm\u00e9t mind nemzetk\u00f6zi, mind hazai vonatkoz\u00e1sban, felismerik annak t\u00e1rsadalomform\u00e1l\u00f3 jelent\u0151s\u00e9g\u00e9t;<\/span><br \/>\n<span style=\"font-family: Arial;\">\u2013 tiszt\u00e1ban vannak a civil t\u00e1rsadalom fogalm\u00e1val \u00e9s filoz\u00f3fi\u00e1j\u00e1nak, \u00e9rtelmez\u00e9s\u00e9nek t\u00f6rt\u00e9nelmi v\u00e1ltoz\u00e1saival, a hazai \u00e9s k\u00fclf\u00f6ldi civil t\u00e1rsadalmak szociol\u00f3giai jellemz\u0151ivel, a szektorok k\u00f6z\u00f6tti funk-ci\u00f3k megoszl\u00e1s\u00e1val, m\u0171k\u00f6d\u00e9s\u00fck tendenci\u00e1ival, s a civil t\u00e1rsada-lom j\u00f6v\u0151beni, glob\u00e1lis szerep\u00e9re vonatkoz\u00f3 \u00e9rtelmez\u00e9sekkel;<\/span><br \/>\n<span style=\"font-family: Arial;\">\u2013 felismerik a korszer\u0171 civil magatart\u00e1s, a cselekv\u0151 \u00e1llampolg\u00e1ris\u00e1g jelent\u0151s\u00e9g\u00e9t \u00e9s tudatosul benn\u00fck saj\u00e1t adekv\u00e1t t\u00e1rsadalmi szere-p\u00fck;<\/span><br \/>\n<span style=\"font-family: Arial;\">\u2013 mindezeket a felismer\u00e9seket be tudj\u00e1k \u00e9p\u00edteni napi gyakorlatukba, mert ismerik a t\u00e1rsadalmi cselekv\u00e9s jogi \u00e9s gazdas\u00e1gi kereteit, cselekv\u00e9si technik\u00e1it, vagyis:<\/span><br \/>\n<span style=\"font-family: Arial;\">\u2013 ismerik a civil szektor \u201e<\/span><i><span style=\"font-family: Arial;\">laza<\/span><\/i><span style=\"font-family: Arial;\">\u201d, nem formaliz\u00e1lt \u00e9s az int\u00e9zm\u00e9nye-s\u00fclt szervezetei k\u00f6z\u00f6tti alapvet\u0151 jogi, szervezeti \u00e9s gazd\u00e1lkod\u00e1si k\u00fcl\u00f6nb\u00f6z\u0151s\u00e9geket;<\/span><br \/>\n<span style=\"font-family: Arial;\">\u2013 a nonprofit szervezetek m\u0171k\u00f6d\u00e9s\u00e9t \u00e9rint\u0151 jogszab\u00e1lyokat \u00e9s elj\u00e1-r\u00e1si m\u00f3dokat;<\/span><br \/>\n<span style=\"font-family: Arial;\">\u2013 meg\u00e9rtik a k\u00f6z\u00e9rdek\u0171 c\u00e9lra l\u00e9tes\u00edtett\u00a0<\/span><i><span style=\"font-family: Arial;\">szervezetek<\/span><\/i><span style=\"font-family: Arial;\">\u00a0gazd\u00e1lkod\u00e1s\u00e1nak fontoss\u00e1g\u00e1t, megismerik az annak keretet ad\u00f3 jogszab\u00e1lyokat;<\/span><br \/>\n<span style=\"font-family: Arial;\">\u2013 ismerik a k\u00f6zhaszn\u00fa tev\u00e9kenys\u00e9g forr\u00e1sait \u00e9s kedvezm\u00e9nyeit, az \u00e1tl\u00e1that\u00f3s\u00e1g \u00e9s a nyilv\u00e1noss\u00e1g k\u00f6vetelm\u00e9nyeit;<\/span><br \/>\n<span style=\"font-family: Arial;\">\u2013 tiszt\u00e1ban vannak a sikeres nonprofit menedzsment szerep\u00e9vel, ismerik f\u0151bb saj\u00e1toss\u00e1gait;<\/span><br \/>\n<span style=\"font-family: Arial;\">\u2013 j\u00e1rtasak a marketing-kommunik\u00e1ci\u00f3ban, az alapvet\u0151 strat\u00e9giai tervez\u00e9sben, s a gyakorlatban, az \u201e\u00f6tlett\u0151l a megval\u00f3sul\u00e1sig\u201d tart\u00f3 folyamatok \u00e9s vezet\u0151ik megismer\u00e9s\u00e9n kereszt\u00fcl saj\u00e1t \u00e9lm\u00e9nyeket is szereznek a szektor m\u0171k\u00f6d\u00e9s\u00e9r\u0151l.<\/span><\/p>\n<p><span style=\"font-family: Arial;\">A tantervi koncepci\u00f3 f\u0151 elve, hogy \u00e1tfog\u00f3, elm\u00e9leti \u00e9s gyakorlati ismereteket egyar\u00e1nt adjon. Az \u00e1tfog\u00f3 \u2013 filoz\u00f3fiai, t\u00f6rt\u00e9nelmi, szoci-ol\u00f3giai \u2013 ismeretek seg\u00edtik a korszer\u0171 szeml\u00e9let kialakul\u00e1s\u00e1t, lehe-t\u0151v\u00e9 teszik a tev\u00e9kenys\u00e9g be\u00e1gyaz\u00e1s\u00e1t korunk f\u0151 folyamataiba, a praktikus ismeretek pedig k\u00e9pess\u00e9 tesznek a cselekv\u00e9sre, az elgon-dol\u00e1sok, v\u00e1gyak, akaratok realiz\u00e1l\u00e1s\u00e1ra.<\/span><\/p>\n<p><span style=\"font-family: Arial;\">A tant\u00e1rgyi program h\u00e1rom egym\u00e1sra \u00e9p\u00fcl\u0151 tant\u00e1rgyb\u00f3l \u00e1ll:<\/span><br \/>\n<span style=\"font-family: Arial;\">\u2013 \u201eA Civil t\u00e1rsadalom fejl\u0151d\u00e9se \u00e9s a nonprofit szervezetek alapis-meretei\u201d (alapoz\u00f3 funkci\u00f3: a civil szf\u00e9ra t\u00f6rt\u00e9netis\u00e9ge, \u00e9thosza, misszi\u00f3ja. A demokr\u00e1cia tan\u00edthat\u00f3, tanulhat\u00f3 tud\u00e1sai, k\u00e9szs\u00e9gei).<\/span><br \/>\n<span style=\"font-family: Arial;\">\u2013 \u201eJogi \u00e9s gazd\u00e1lkod\u00e1si ismeretek\u201d (Szab\u00e1lyszer\u0171s\u00e9gek a civil szf\u00e9r\u00e1ban, a k\u00f6z\u00e9rdek\u0171 c\u00e9lra l\u00e9trehozott szervezetek jogi \u00e9s gaz-d\u00e1lkod\u00e1si alapismereteinek rendszerezett \u00e1tad\u00e1sa).<\/span><br \/>\n<span style=\"font-family: Arial;\">\u2013 \u201eMenedzsment\u201d (A m\u0171k\u00f6dtet\u00e9s m\u00f3dszerei, technik\u00e1i, elm\u00e9leti \u00e9s gyakorlati ismeretek a vezet\u00e9si praxis oldal\u00e1r\u00f3l, szem\u00e9lyes sze-repv\u00e1llal\u00e1s, kreativit\u00e1s ig\u00e9nye.)<\/span><\/p>\n<p><span style=\"font-family: Arial;\">A felk\u00e9sz\u00fclts\u00e9g, a kell\u0151 szakmai ismeretek l\u00e9te vagy hi\u00e1nya rendk\u00edv\u00fcl\u00a0<\/span><i><span style=\"font-family: Arial;\">szoros<\/span><\/i><span style=\"font-family: Arial;\">\u00a0\u00f6sszef\u00fcgg\u00e9s<\/span><i><span style=\"font-family: Arial;\">ben \u00e1ll<\/span><\/i><span style=\"font-family: Arial;\">\u00a0az \u00e1llam \u00e9s a civil szf\u00e9ra, az \u00f6nkorm\u00e1nyzatok \u00e9s a civil szf\u00e9ra, de a civil \u00e9s civil szf\u00e9ra k\u00f6z\u00f6tti kapcsolatok alakul\u00e1s\u00e1val, a felmer\u00fcl\u0151 feladatok ell\u00e1t\u00e1s\u00e1val is. Magyar-orsz\u00e1g \u00e9s K\u00f6z\u00e9p-Eur\u00f3pa k\u00fcl\u00f6n\u00f6sen a korszer\u0171 szakismeretek \u00e9s szakemberek tekintet\u00e9ben egyel\u0151re f\u00e1zisk\u00e9s\u00e9sben van, ez\u00e9rt sz\u00fcks\u00e9g van felk\u00e9sz\u00fcl\u00e9sre, tanul\u00e1sra, amely alkalmass\u00e1 teszi a hazai civil szektort arra, hogy a t\u00f6bb ir\u00e1nyb\u00f3l \u00e9rkez\u0151 kih\u00edv\u00e1sokra a legjobb megold\u00e1si alternat\u00edv\u00e1kat legyen k\u00e9pes megadni.<\/span><b><\/b><\/p>\n<div style=\"text-align: justify;\" align=\"center\"><b><span style=\"font-family: Arial;\">A k\u00e9pz\u00e9sben r\u00e9sztvev\u0151 oktat\u00f3k jegyz\u00e9ke:<\/span><\/b><\/div>\n<table border=\"1\">\n<tbody>\n<tr valign=\"top\">\n<td width=\"111\"><span style=\"font-family: Arial;\">Dr. Vercseg Ilona<\/span><\/td>\n<td width=\"258\"><span style=\"font-family: Arial;\">K\u00f6z\u00f6ss\u00e9gfejleszt\u00e9s, k\u00f6zm\u0171vel\u0151d\u00e9s<\/span><\/td>\n<\/tr>\n<tr valign=\"top\">\n<td width=\"111\"><span style=\"font-family: Arial;\">Farkas G\u00e1bor<\/span><\/td>\n<td width=\"258\"><span style=\"font-family: Arial;\">Irodalom-, t\u00f6rt\u00e9nelemtu-dom\u00e1ny, nonprofit gya-korlat<\/span><\/td>\n<\/tr>\n<tr valign=\"top\">\n<td width=\"111\"><span style=\"font-family: Arial;\">P\u00e9terfi Ferenc<\/span><\/td>\n<td width=\"258\"><span style=\"font-family: Arial;\">K\u00f6z\u00f6ss\u00e9gfejleszt\u00e9s, pe-dag\u00f3gia, k\u00f6zm\u0171vel\u0151-d\u00e9s,<\/span><\/td>\n<\/tr>\n<tr valign=\"top\">\n<td width=\"111\"><span style=\"font-family: Arial;\">Dr. B\u00f3di Gy\u00f6rgy<\/span><\/td>\n<td width=\"258\"><span style=\"font-family: Arial;\">K\u00f6zgazdas\u00e1gtudom\u00e1ny<\/span><\/td>\n<\/tr>\n<tr valign=\"top\">\n<td width=\"111\"><span style=\"font-family: Arial;\">Dr. Moln\u00e1r J\u00f3zsef<\/span><\/td>\n<td width=\"258\"><span style=\"font-family: Arial;\">Jogtudom\u00e1ny<\/span><\/td>\n<\/tr>\n<tr valign=\"top\">\n<td width=\"111\"><span style=\"font-family: Arial;\">Dr. Riechel \u00c9va<\/span><\/td>\n<td width=\"258\"><span style=\"font-family: Arial;\">Jogtudom\u00e1ny<\/span><\/td>\n<\/tr>\n<tr valign=\"top\">\n<td width=\"111\"><span style=\"font-family: Arial;\">Dr. Solt\u00e9sz Anik\u00f3<\/span><\/td>\n<td width=\"258\"><span style=\"font-family: Arial;\">K\u00f6zgazdas\u00e1gtudom\u00e1ny, jogtudom\u00e1ny<\/span><\/td>\n<\/tr>\n<tr valign=\"top\">\n<td width=\"111\"><span style=\"font-family: Arial;\">Dr. Sz\u00e9les Katalin<\/span><\/td>\n<td width=\"258\"><span style=\"font-family: Arial;\">K\u00f6zgazdas\u00e1gtudom\u00e1ny<\/span><\/td>\n<\/tr>\n<tr valign=\"top\">\n<td width=\"111\"><span style=\"font-family: Arial;\">Sz\u0171cs Attila<\/span><\/td>\n<td width=\"258\"><span style=\"font-family: Arial;\">K\u00f6zgazdas\u00e1gtudom\u00e1ny<\/span><\/td>\n<\/tr>\n<tr valign=\"top\">\n<td width=\"111\"><span style=\"font-family: Arial;\">Don\u00e1th Attila<\/span><\/td>\n<td width=\"258\"><span style=\"font-family: Arial;\">Menedzsment, pszicho-pedag\u00f3gia, szoci-\u00e1lis munka<\/span><\/td>\n<\/tr>\n<tr valign=\"top\">\n<td width=\"111\"><span style=\"font-family: Arial;\">Dr. Varga Istv\u00e1n<\/span><\/td>\n<td width=\"258\"><span style=\"font-family: Arial;\">Menedzsment, k\u00f6zm\u0171-vel\u0151d\u00e9s, szoci\u00e1lis munka<\/span><\/td>\n<\/tr>\n<\/tbody>\n<\/table>\n<p><span style=\"font-family: Arial;\">A fels\u0151oktat\u00e1s rendszer\u00e9ben b\u00e1rmilyen szint\u0171 k\u00e9pz\u00e9s ind\u00edt\u00e1sa csak hossz\u00fat\u00e1von hoz eredm\u00e9nyt. Egy \u00e9vtized, minimum 8\u201310 \u00e9v, mire \u00e9rz\u00e9kelhet\u0151 hat\u00e1st tud kifejteni. Ezzel sz\u00e1molni kell.<\/span><br \/>\n<span style=\"font-family: Arial;\">Addig azonban, \u2013 p\u00e1rhuzamosan, s term\u00e9szetesen differenci\u00e1l-tan \u2013 a szektort \u00e9rint\u0151 m\u00e1s k\u00e9pz\u00e9si strukt\u00far\u00e1kat is kell t\u00e1mogatni. Hiszen ebben a folyamatban a korm\u00e1nyzat nem hagyhatja mag\u00e1ra a szektort, hanem olyan programokat kell beind\u00edtania, t\u00e1mogatnia, amelyeket a hazai civil szf\u00e9ra \u00f6ner\u0151b\u0151l \u2013\u00a0<\/span><i><span style=\"font-family: Arial;\">legal\u00e1bbis egyel\u0151re \u2013<\/span><\/i><span style=\"font-family: Arial;\">\u00a0nem k\u00e9pes \u00e1tv\u00e1llalni, illetve megval\u00f3s\u00edtani.<\/span><br \/>\n<span style=\"font-family: Arial;\">M\u00e1r folynak azok a munk\u00e1latok, melyek el\u0151k\u00e9sz\u00edtik a tov\u00e1bb-fejleszt\u00e9s, tov\u00e1bbl\u00e9ptet\u00e9s k\u00e9pz\u00e9si, illetve m\u00e1s jelleg\u0171 szolg\u00e1ltat\u00f3 programjait (pl. informatikai fejleszt\u00e9s, t\u00e1voktat\u00e1s, pedag\u00f3gus \u00e1t-k\u00e9pz\u00e9s-tov\u00e1bbk\u00e9pz\u00e9s stb.)<\/span><br \/>\n<span style=\"font-family: Arial;\">Biztosan l\u00e1tszik az is, hogy a kutat\u00e1si \u00e9s k\u00e9pz\u00e9si programban v\u00e1llalt feladatok, az eredm\u00e9nyek \u00faj, mark\u00e1ns ig\u00e9nyeket \u00e9bresztenek a civil szektorban, az \u00f6nkorm\u00e1nyzatok \u00e9s az int\u00e9zm\u00e9nyrendszer k\u00f6reiben egyar\u00e1nt.<\/span><\/p>\n<p><b><span style=\"font-family: Arial;\">MINISZTERELN\u00d6KI HIVATAL<\/span><\/b><br \/>\n<b><span style=\"font-family: Arial;\">CIVIL KAPCSOLATOK F\u0150OSZT\u00c1LYA<\/span><\/b><br \/>\n<b><span style=\"font-family: Arial;\">1055 BUDAPEST KOSSUTH T\u00c9R 4.<\/span><\/b><br \/>\n<b><span style=\"font-family: Arial;\">1357 BUDAPEST, Pf. 2.<\/span><\/b><br \/>\n<b><span style=\"font-family: Arial;\">Telefon: 441-3180<\/span><\/b><br \/>\n<b><span style=\"font-family: Arial;\">Fax: 441-3182<\/span><\/b><br \/>\n<b><span style=\"font-family: Arial;\">E-mail:\u00a0<\/span><\/b><a href=\"mailto:eva.baranyi@meh.hu\"><b><u><span style=\"font-family: Arial;\">eva.baranyi@meh.hu<\/span><\/u><\/b><\/a><\/p>\n","protected":false},"excerpt":{"rendered":"<p>A MEH Civil Kapcsolatok F\u0151oszt\u00e1lya 1998 \u0151sz\u00e9t\u0151l rendszeresen tartott csoportos \u00e9s egy\u00e9ni konzult\u00e1ci\u00f3kat a magyar civil k\u00f6zv\u00e9le-m\u00e9nyt alak\u00edt\u00f3 \u00f6nk\u00e9ntesekkel, d\u00f6nt\u00e9shoz\u00f3kkal, kutat\u00f3kkal, oktat\u00f3k-kal, szak\u00e9rt\u0151kkel, civil vezet\u0151kkel \u00e9s az \u00e1llamigazgat\u00e1s \u00e9rintett vezet\u0151ivel. A p\u00e1rbesz\u00e9d alapj\u00e1n sz\u00fcletett meg a civil szektor civil fejleszt\u00e9s\u00e9t szolg\u00e1l\u00f3 k\u00e9pz\u00e9si \u00e9s kutat\u00e1si k\u00f6z\u00e9pt\u00e1v\u00fa program. Mind-k\u00e9t program a szektor j\u00f6v\u0151beli fejl\u0151d\u00e9s\u00e9nek legfontosabb ir\u00e1nyaira \u00e9p\u00edtve [&hellip;]<\/p>\n","protected":false},"author":4,"featured_media":3403,"comment_status":"open","ping_status":"open","sticky":false,"template":"","format":"standard","meta":{"_acf_changed":false,"footnotes":""},"categories":[462,8,7],"tags":[],"coauthors":[47],"class_list":["post-2752","post","type-post","status-publish","format-standard","has-post-thumbnail","hentry","category-parola-2000-4","category-parola-folyoirat","category-repertorium"],"acf":[],"yoast_head":"<!-- This site is optimized with the Yoast SEO plugin v26.7 - https:\/\/yoast.com\/wordpress\/plugins\/seo\/ -->\n<title>Civil t\u00e1rsadalom \u00e9s nonprofit szervezetek - Parola Foly\u00f3irat<\/title>\n<meta name=\"robots\" content=\"index, follow, max-snippet:-1, max-image-preview:large, max-video-preview:-1\" \/>\n<link rel=\"canonical\" href=\"https:\/\/kofe.hu\/parola\/parola-folyoirat\/civil-tarsadalom-es-nonprofit-szervezetek\/\" \/>\n<meta property=\"og:locale\" content=\"hu_HU\" \/>\n<meta property=\"og:type\" content=\"article\" \/>\n<meta property=\"og:title\" content=\"Civil t\u00e1rsadalom \u00e9s nonprofit szervezetek - Parola Foly\u00f3irat\" \/>\n<meta property=\"og:description\" content=\"A MEH Civil Kapcsolatok F\u0151oszt\u00e1lya 1998 \u0151sz\u00e9t\u0151l rendszeresen tartott csoportos \u00e9s egy\u00e9ni konzult\u00e1ci\u00f3kat a magyar civil k\u00f6zv\u00e9le-m\u00e9nyt alak\u00edt\u00f3 \u00f6nk\u00e9ntesekkel, d\u00f6nt\u00e9shoz\u00f3kkal, kutat\u00f3kkal, oktat\u00f3k-kal, szak\u00e9rt\u0151kkel, civil vezet\u0151kkel \u00e9s az \u00e1llamigazgat\u00e1s \u00e9rintett vezet\u0151ivel. A p\u00e1rbesz\u00e9d alapj\u00e1n sz\u00fcletett meg a civil szektor civil fejleszt\u00e9s\u00e9t szolg\u00e1l\u00f3 k\u00e9pz\u00e9si \u00e9s kutat\u00e1si k\u00f6z\u00e9pt\u00e1v\u00fa program. Mind-k\u00e9t program a szektor j\u00f6v\u0151beli fejl\u0151d\u00e9s\u00e9nek legfontosabb ir\u00e1nyaira \u00e9p\u00edtve [&hellip;]\" \/>\n<meta property=\"og:url\" content=\"https:\/\/kofe.hu\/parola\/parola-folyoirat\/civil-tarsadalom-es-nonprofit-szervezetek\/\" \/>\n<meta property=\"og:site_name\" content=\"Parola Foly\u00f3irat\" \/>\n<meta property=\"article:published_time\" content=\"2020-07-10T11:52:44+00:00\" \/>\n<meta property=\"article:modified_time\" content=\"2020-07-30T15:53:15+00:00\" \/>\n<meta property=\"og:image\" content=\"https:\/\/kofe.hu\/parola\/wp-content\/uploads\/2020\/07\/00.4.jpeg\" \/>\n\t<meta property=\"og:image:width\" content=\"1346\" \/>\n\t<meta property=\"og:image:height\" content=\"2013\" \/>\n\t<meta property=\"og:image:type\" content=\"image\/jpeg\" \/>\n<meta name=\"author\" content=\"Parola\" \/>\n<meta name=\"twitter:card\" content=\"summary_large_image\" \/>\n<meta name=\"twitter:label1\" content=\"Szerz\u0151:\" \/>\n\t<meta name=\"twitter:data1\" content=\"Parola\" \/>\n\t<meta name=\"twitter:label2\" content=\"Becs\u00fclt olvas\u00e1si id\u0151\" \/>\n\t<meta name=\"twitter:data2\" content=\"13 perc\" \/>\n\t<meta name=\"twitter:label3\" content=\"Written by\" \/>\n\t<meta name=\"twitter:data3\" content=\"Parola\" \/>\n<script type=\"application\/ld+json\" class=\"yoast-schema-graph\">{\"@context\":\"https:\/\/schema.org\",\"@graph\":[{\"@type\":\"Article\",\"@id\":\"https:\/\/kofe.hu\/parola\/parola-folyoirat\/civil-tarsadalom-es-nonprofit-szervezetek\/#article\",\"isPartOf\":{\"@id\":\"https:\/\/kofe.hu\/parola\/parola-folyoirat\/civil-tarsadalom-es-nonprofit-szervezetek\/\"},\"author\":{\"name\":\"Parola\",\"@id\":\"https:\/\/kofe.hu\/parola\/#\/schema\/person\/b39ea6ec0995233537351d7e33281aeb\"},\"headline\":\"Civil t\u00e1rsadalom \u00e9s nonprofit szervezetek\",\"datePublished\":\"2020-07-10T11:52:44+00:00\",\"dateModified\":\"2020-07-30T15:53:15+00:00\",\"mainEntityOfPage\":{\"@id\":\"https:\/\/kofe.hu\/parola\/parola-folyoirat\/civil-tarsadalom-es-nonprofit-szervezetek\/\"},\"wordCount\":2527,\"commentCount\":0,\"image\":{\"@id\":\"https:\/\/kofe.hu\/parola\/parola-folyoirat\/civil-tarsadalom-es-nonprofit-szervezetek\/#primaryimage\"},\"thumbnailUrl\":\"https:\/\/kofe.hu\/parola\/wp-content\/uploads\/2020\/07\/00.4.jpeg\",\"articleSection\":[\"Parola 2000\/4\",\"Parola Foly\u00f3irat\",\"Repert\u00f3rium\"],\"inLanguage\":\"hu\",\"potentialAction\":[{\"@type\":\"CommentAction\",\"name\":\"Comment\",\"target\":[\"https:\/\/kofe.hu\/parola\/parola-folyoirat\/civil-tarsadalom-es-nonprofit-szervezetek\/#respond\"]}]},{\"@type\":\"WebPage\",\"@id\":\"https:\/\/kofe.hu\/parola\/parola-folyoirat\/civil-tarsadalom-es-nonprofit-szervezetek\/\",\"url\":\"https:\/\/kofe.hu\/parola\/parola-folyoirat\/civil-tarsadalom-es-nonprofit-szervezetek\/\",\"name\":\"Civil t\u00e1rsadalom \u00e9s nonprofit szervezetek - Parola Foly\u00f3irat\",\"isPartOf\":{\"@id\":\"https:\/\/kofe.hu\/parola\/#website\"},\"primaryImageOfPage\":{\"@id\":\"https:\/\/kofe.hu\/parola\/parola-folyoirat\/civil-tarsadalom-es-nonprofit-szervezetek\/#primaryimage\"},\"image\":{\"@id\":\"https:\/\/kofe.hu\/parola\/parola-folyoirat\/civil-tarsadalom-es-nonprofit-szervezetek\/#primaryimage\"},\"thumbnailUrl\":\"https:\/\/kofe.hu\/parola\/wp-content\/uploads\/2020\/07\/00.4.jpeg\",\"datePublished\":\"2020-07-10T11:52:44+00:00\",\"dateModified\":\"2020-07-30T15:53:15+00:00\",\"author\":{\"@id\":\"https:\/\/kofe.hu\/parola\/#\/schema\/person\/b39ea6ec0995233537351d7e33281aeb\"},\"breadcrumb\":{\"@id\":\"https:\/\/kofe.hu\/parola\/parola-folyoirat\/civil-tarsadalom-es-nonprofit-szervezetek\/#breadcrumb\"},\"inLanguage\":\"hu\",\"potentialAction\":[{\"@type\":\"ReadAction\",\"target\":[\"https:\/\/kofe.hu\/parola\/parola-folyoirat\/civil-tarsadalom-es-nonprofit-szervezetek\/\"]}]},{\"@type\":\"ImageObject\",\"inLanguage\":\"hu\",\"@id\":\"https:\/\/kofe.hu\/parola\/parola-folyoirat\/civil-tarsadalom-es-nonprofit-szervezetek\/#primaryimage\",\"url\":\"https:\/\/kofe.hu\/parola\/wp-content\/uploads\/2020\/07\/00.4.jpeg\",\"contentUrl\":\"https:\/\/kofe.hu\/parola\/wp-content\/uploads\/2020\/07\/00.4.jpeg\",\"width\":1346,\"height\":2013},{\"@type\":\"BreadcrumbList\",\"@id\":\"https:\/\/kofe.hu\/parola\/parola-folyoirat\/civil-tarsadalom-es-nonprofit-szervezetek\/#breadcrumb\",\"itemListElement\":[{\"@type\":\"ListItem\",\"position\":1,\"name\":\"Home\",\"item\":\"https:\/\/kofe.hu\/parola\/\"},{\"@type\":\"ListItem\",\"position\":2,\"name\":\"Civil t\u00e1rsadalom \u00e9s nonprofit szervezetek\"}]},{\"@type\":\"WebSite\",\"@id\":\"https:\/\/kofe.hu\/parola\/#website\",\"url\":\"https:\/\/kofe.hu\/parola\/\",\"name\":\"Parola Foly\u00f3irat\",\"description\":\"\",\"potentialAction\":[{\"@type\":\"SearchAction\",\"target\":{\"@type\":\"EntryPoint\",\"urlTemplate\":\"https:\/\/kofe.hu\/parola\/?s={search_term_string}\"},\"query-input\":{\"@type\":\"PropertyValueSpecification\",\"valueRequired\":true,\"valueName\":\"search_term_string\"}}],\"inLanguage\":\"hu\"},{\"@type\":\"Person\",\"@id\":\"https:\/\/kofe.hu\/parola\/#\/schema\/person\/b39ea6ec0995233537351d7e33281aeb\",\"name\":\"Parola\",\"image\":{\"@type\":\"ImageObject\",\"inLanguage\":\"hu\",\"@id\":\"https:\/\/kofe.hu\/parola\/#\/schema\/person\/image\/ef1d7dc4d1949d5457aa415351763853\",\"url\":\"https:\/\/secure.gravatar.com\/avatar\/c18c00ea50048aa7adb99e5d11e4250d05111e33b2bea02671439eb7912c945e?s=96&d=mm&r=g\",\"contentUrl\":\"https:\/\/secure.gravatar.com\/avatar\/c18c00ea50048aa7adb99e5d11e4250d05111e33b2bea02671439eb7912c945e?s=96&d=mm&r=g\",\"caption\":\"Parola\"},\"url\":\"https:\/\/kofe.hu\/parola\/szerzok\/parola\/\"}]}<\/script>\n<!-- \/ Yoast SEO plugin. -->","yoast_head_json":{"title":"Civil t\u00e1rsadalom \u00e9s nonprofit szervezetek - Parola Foly\u00f3irat","robots":{"index":"index","follow":"follow","max-snippet":"max-snippet:-1","max-image-preview":"max-image-preview:large","max-video-preview":"max-video-preview:-1"},"canonical":"https:\/\/kofe.hu\/parola\/parola-folyoirat\/civil-tarsadalom-es-nonprofit-szervezetek\/","og_locale":"hu_HU","og_type":"article","og_title":"Civil t\u00e1rsadalom \u00e9s nonprofit szervezetek - Parola Foly\u00f3irat","og_description":"A MEH Civil Kapcsolatok F\u0151oszt\u00e1lya 1998 \u0151sz\u00e9t\u0151l rendszeresen tartott csoportos \u00e9s egy\u00e9ni konzult\u00e1ci\u00f3kat a magyar civil k\u00f6zv\u00e9le-m\u00e9nyt alak\u00edt\u00f3 \u00f6nk\u00e9ntesekkel, d\u00f6nt\u00e9shoz\u00f3kkal, kutat\u00f3kkal, oktat\u00f3k-kal, szak\u00e9rt\u0151kkel, civil vezet\u0151kkel \u00e9s az \u00e1llamigazgat\u00e1s \u00e9rintett vezet\u0151ivel. A p\u00e1rbesz\u00e9d alapj\u00e1n sz\u00fcletett meg a civil szektor civil fejleszt\u00e9s\u00e9t szolg\u00e1l\u00f3 k\u00e9pz\u00e9si \u00e9s kutat\u00e1si k\u00f6z\u00e9pt\u00e1v\u00fa program. Mind-k\u00e9t program a szektor j\u00f6v\u0151beli fejl\u0151d\u00e9s\u00e9nek legfontosabb ir\u00e1nyaira \u00e9p\u00edtve [&hellip;]","og_url":"https:\/\/kofe.hu\/parola\/parola-folyoirat\/civil-tarsadalom-es-nonprofit-szervezetek\/","og_site_name":"Parola Foly\u00f3irat","article_published_time":"2020-07-10T11:52:44+00:00","article_modified_time":"2020-07-30T15:53:15+00:00","og_image":[{"width":1346,"height":2013,"url":"https:\/\/kofe.hu\/parola\/wp-content\/uploads\/2020\/07\/00.4.jpeg","type":"image\/jpeg"}],"author":"Parola","twitter_card":"summary_large_image","twitter_misc":{"Szerz\u0151:":"Parola","Becs\u00fclt olvas\u00e1si id\u0151":"13 perc","Written by":"Parola"},"schema":{"@context":"https:\/\/schema.org","@graph":[{"@type":"Article","@id":"https:\/\/kofe.hu\/parola\/parola-folyoirat\/civil-tarsadalom-es-nonprofit-szervezetek\/#article","isPartOf":{"@id":"https:\/\/kofe.hu\/parola\/parola-folyoirat\/civil-tarsadalom-es-nonprofit-szervezetek\/"},"author":{"name":"Parola","@id":"https:\/\/kofe.hu\/parola\/#\/schema\/person\/b39ea6ec0995233537351d7e33281aeb"},"headline":"Civil t\u00e1rsadalom \u00e9s nonprofit szervezetek","datePublished":"2020-07-10T11:52:44+00:00","dateModified":"2020-07-30T15:53:15+00:00","mainEntityOfPage":{"@id":"https:\/\/kofe.hu\/parola\/parola-folyoirat\/civil-tarsadalom-es-nonprofit-szervezetek\/"},"wordCount":2527,"commentCount":0,"image":{"@id":"https:\/\/kofe.hu\/parola\/parola-folyoirat\/civil-tarsadalom-es-nonprofit-szervezetek\/#primaryimage"},"thumbnailUrl":"https:\/\/kofe.hu\/parola\/wp-content\/uploads\/2020\/07\/00.4.jpeg","articleSection":["Parola 2000\/4","Parola Foly\u00f3irat","Repert\u00f3rium"],"inLanguage":"hu","potentialAction":[{"@type":"CommentAction","name":"Comment","target":["https:\/\/kofe.hu\/parola\/parola-folyoirat\/civil-tarsadalom-es-nonprofit-szervezetek\/#respond"]}]},{"@type":"WebPage","@id":"https:\/\/kofe.hu\/parola\/parola-folyoirat\/civil-tarsadalom-es-nonprofit-szervezetek\/","url":"https:\/\/kofe.hu\/parola\/parola-folyoirat\/civil-tarsadalom-es-nonprofit-szervezetek\/","name":"Civil t\u00e1rsadalom \u00e9s nonprofit szervezetek - Parola Foly\u00f3irat","isPartOf":{"@id":"https:\/\/kofe.hu\/parola\/#website"},"primaryImageOfPage":{"@id":"https:\/\/kofe.hu\/parola\/parola-folyoirat\/civil-tarsadalom-es-nonprofit-szervezetek\/#primaryimage"},"image":{"@id":"https:\/\/kofe.hu\/parola\/parola-folyoirat\/civil-tarsadalom-es-nonprofit-szervezetek\/#primaryimage"},"thumbnailUrl":"https:\/\/kofe.hu\/parola\/wp-content\/uploads\/2020\/07\/00.4.jpeg","datePublished":"2020-07-10T11:52:44+00:00","dateModified":"2020-07-30T15:53:15+00:00","author":{"@id":"https:\/\/kofe.hu\/parola\/#\/schema\/person\/b39ea6ec0995233537351d7e33281aeb"},"breadcrumb":{"@id":"https:\/\/kofe.hu\/parola\/parola-folyoirat\/civil-tarsadalom-es-nonprofit-szervezetek\/#breadcrumb"},"inLanguage":"hu","potentialAction":[{"@type":"ReadAction","target":["https:\/\/kofe.hu\/parola\/parola-folyoirat\/civil-tarsadalom-es-nonprofit-szervezetek\/"]}]},{"@type":"ImageObject","inLanguage":"hu","@id":"https:\/\/kofe.hu\/parola\/parola-folyoirat\/civil-tarsadalom-es-nonprofit-szervezetek\/#primaryimage","url":"https:\/\/kofe.hu\/parola\/wp-content\/uploads\/2020\/07\/00.4.jpeg","contentUrl":"https:\/\/kofe.hu\/parola\/wp-content\/uploads\/2020\/07\/00.4.jpeg","width":1346,"height":2013},{"@type":"BreadcrumbList","@id":"https:\/\/kofe.hu\/parola\/parola-folyoirat\/civil-tarsadalom-es-nonprofit-szervezetek\/#breadcrumb","itemListElement":[{"@type":"ListItem","position":1,"name":"Home","item":"https:\/\/kofe.hu\/parola\/"},{"@type":"ListItem","position":2,"name":"Civil t\u00e1rsadalom \u00e9s nonprofit szervezetek"}]},{"@type":"WebSite","@id":"https:\/\/kofe.hu\/parola\/#website","url":"https:\/\/kofe.hu\/parola\/","name":"Parola Foly\u00f3irat","description":"","potentialAction":[{"@type":"SearchAction","target":{"@type":"EntryPoint","urlTemplate":"https:\/\/kofe.hu\/parola\/?s={search_term_string}"},"query-input":{"@type":"PropertyValueSpecification","valueRequired":true,"valueName":"search_term_string"}}],"inLanguage":"hu"},{"@type":"Person","@id":"https:\/\/kofe.hu\/parola\/#\/schema\/person\/b39ea6ec0995233537351d7e33281aeb","name":"Parola","image":{"@type":"ImageObject","inLanguage":"hu","@id":"https:\/\/kofe.hu\/parola\/#\/schema\/person\/image\/ef1d7dc4d1949d5457aa415351763853","url":"https:\/\/secure.gravatar.com\/avatar\/c18c00ea50048aa7adb99e5d11e4250d05111e33b2bea02671439eb7912c945e?s=96&d=mm&r=g","contentUrl":"https:\/\/secure.gravatar.com\/avatar\/c18c00ea50048aa7adb99e5d11e4250d05111e33b2bea02671439eb7912c945e?s=96&d=mm&r=g","caption":"Parola"},"url":"https:\/\/kofe.hu\/parola\/szerzok\/parola\/"}]}},"_links":{"self":[{"href":"https:\/\/kofe.hu\/parola\/wp-json\/wp\/v2\/posts\/2752","targetHints":{"allow":["GET"]}}],"collection":[{"href":"https:\/\/kofe.hu\/parola\/wp-json\/wp\/v2\/posts"}],"about":[{"href":"https:\/\/kofe.hu\/parola\/wp-json\/wp\/v2\/types\/post"}],"author":[{"embeddable":true,"href":"https:\/\/kofe.hu\/parola\/wp-json\/wp\/v2\/users\/4"}],"replies":[{"embeddable":true,"href":"https:\/\/kofe.hu\/parola\/wp-json\/wp\/v2\/comments?post=2752"}],"version-history":[{"count":3,"href":"https:\/\/kofe.hu\/parola\/wp-json\/wp\/v2\/posts\/2752\/revisions"}],"predecessor-version":[{"id":4692,"href":"https:\/\/kofe.hu\/parola\/wp-json\/wp\/v2\/posts\/2752\/revisions\/4692"}],"wp:featuredmedia":[{"embeddable":true,"href":"https:\/\/kofe.hu\/parola\/wp-json\/wp\/v2\/media\/3403"}],"wp:attachment":[{"href":"https:\/\/kofe.hu\/parola\/wp-json\/wp\/v2\/media?parent=2752"}],"wp:term":[{"taxonomy":"category","embeddable":true,"href":"https:\/\/kofe.hu\/parola\/wp-json\/wp\/v2\/categories?post=2752"},{"taxonomy":"post_tag","embeddable":true,"href":"https:\/\/kofe.hu\/parola\/wp-json\/wp\/v2\/tags?post=2752"},{"taxonomy":"author","embeddable":true,"href":"https:\/\/kofe.hu\/parola\/wp-json\/wp\/v2\/coauthors?post=2752"}],"curies":[{"name":"wp","href":"https:\/\/api.w.org\/{rel}","templated":true}]}}