{"id":2702,"date":"2020-07-10T10:42:18","date_gmt":"2020-07-10T10:42:18","guid":{"rendered":"https:\/\/kofe.hu\/parola\/?p=2702"},"modified":"2020-07-30T16:01:34","modified_gmt":"2020-07-30T16:01:34","slug":"csinaljunk-levelezocsoportot","status":"publish","type":"post","link":"https:\/\/kofe.hu\/parola\/parola-folyoirat\/csinaljunk-levelezocsoportot\/","title":{"rendered":"Csin\u00e1ljunk levelez\u0151csoportot!"},"content":{"rendered":"<div style=\"text-align: justify;\" align=\"center\"><b><span style=\"color: #ff0000; font-family: Arial CE;\">Az egroups szolg\u00e1ltat\u00e1s a cikk megjelen\u00e9se ut\u00e1n beolvadt a YAHOO port\u00e1lba, ez\u00e9rt a cikkben l\u00e9v\u0151 &#8222;@egroups&#8221;<\/span><\/b><br \/>\n<b><span style=\"color: #ff0000; font-family: Arial CE;\">elnevez\u00e9st a &#8222;@yahoogroups&#8221;-ra, a &#8222;www.egroups. com&#8221;-ot pedig &#8222;groups.yahoo.com&#8221;-ra, vagy yahoogroups.com-ra kell kicser\u00e9lni!<\/span><\/b><\/div>\n<p style=\"text-align: justify;\"><!--more--><br \/>\n<b><span style=\"font-family: Arial CE;\">Mindenekel\u0151tt h\u00edrek r\u00f6viden:<\/span><\/b><br \/>\n<span style=\"font-family: Arial CE;\">A k\u00f6z\u00f6ss\u00e9gfejleszt\u00e9s magyarorsz\u00e1gi honlapj\u00e1n (www.kkapcsolat.hu) minden olyan adat\u00e1llom\u00e1ny megjelent, amit eddig feldolgoztunk: az egykori K\u00f6zm\u0171vel\u0151d\u00e9si lemez\u00fajs\u00e1gban megjelent tanulm\u00e1nyok, dolgozatok teljes sz\u00f6veges feldolgoz\u00e1sa, a Parola c. foly\u00f3irat minden, nem csak a megjelen\u00e9skor \u00e9rdekes cikk\u00e9nek teljes sz\u00f6veges feldolgoz\u00e1sa, az egyes\u00fclet\u00fcnk \u00e9s t\u00e1rsszervezetei \u00e1ltal \u00f6sszegy\u0171jt\u00f6tt k\u00f6nyvek, dokumentumok katal\u00f3gusa, amelyeken bel\u00fcl a saj\u00e1t kiadv\u00e1nyaink teljes sz\u00f6veggel szerepelnek. Egy k\u00e9s\u0151bbi cikk\u00fcnkben r\u00e9szletesen besz\u00e1molunk majd az oldal tartalm\u00e1r\u00f3l, szerkezet\u00e9r\u0151l, \u00e9s annak \u00e9rdekess\u00e9geir\u0151l.<\/span><br \/>\n<a href=\"http:\/\/kka.hu\/_Kozossegi_Adattar\/DOKUMENT.Nsf\/1ab998d7c915c813c125697200588e1c\/bbdd6bac5d758c7ec12569d7006b3c8b?OpenDocument#kofe%40egroups\"><span style=\"font-family: Arial CE;\">L\u00e9trehoztuk a kofe@egroups.com ny\u00edlt, nem moder\u00e1lt levelez\u0151-csoportot.\u00a0<\/span><\/a><span style=\"font-family: Arial CE;\">Tal\u00e1n nem mindenki tudja pontosan, mit jelent a levelez\u0151-csoport? A felhaszn\u00e1l\u00f3k szempontj\u00e1b\u00f3l ez egy olyan rendszer, amely biztos\u00edtja, hogy a csoport egy tagj\u00e1nak level\u00e9t \u2013 amit a csoport e-mail c\u00edm\u00e9re \u00edr: eset\u00fcnkben ez a c\u00edm kofe@egroups.com \u2013 minden tov\u00e1bbi tag megkapja.<\/span><br \/>\n<span style=\"font-family: Arial CE;\">Azt, hogy a csoport ny\u00edlt, ez annyit jelent, hogy b\u00e1rki \u00edrhat a csoportnak a kor\u00e1bban eml\u00edtett c\u00edmre, az pedig, hogy nem moder\u00e1lt pedig azt, hogy a leveleket k\u00f6zvetlen\u00fcl mindenki megkapja (B\u0151vebben l\u00e1sd a \u201eHogyan csin\u00e1ljunk levelez\u0151csoportot?\u201d r\u00e9szben).<\/span><\/p>\n<p><b><span style=\"font-family: Arial CE;\">Mi\u00e9rt j\u00f3k a levelez\u0151csoportok?<\/span><\/b><br \/>\n<span style=\"font-family: Arial CE;\">A v\u00e1lasz a levelez\u0151csoport kor\u00e1bban m\u00e1r eml\u00edtett le\u00edr\u00e1s\u00e1ban van: a felhaszn\u00e1l\u00f3k szempontj\u00e1b\u00f3l ez egy olyan rendszer, amely biztos\u00edtja, hogy a csoport egy tagj\u00e1nak level\u00e9t minden tov\u00e1bbi tag megkapja.<\/span><br \/>\n<span style=\"font-family: Arial CE;\">Ez eg\u00e9szen leegyszer\u0171s\u00edtve annyit jelent, hogy a csoport b\u00e1rmely tagj\u00e1nak probl\u00e9m\u00e1j\u00e1ra nagyon sokan kereshetik a v\u00e1laszt, valamint azt, hogy egy-egy h\u00edr, vagy felh\u00edv\u00e1s nagyon gyorsan eljuthat a csoport minden tagj\u00e1hoz.<\/span><\/p>\n<p><b><span style=\"font-family: Arial CE;\">Mi\u00e9rt csin\u00e1ljunk \u201esaj\u00e1t\u201d levelez\u0151csoportot?<\/span><\/b><br \/>\n<span style=\"font-family: Arial CE;\">Az\u00e9rt, ami\u00e9rt egyes\u00fcletet csin\u00e1lunk, hogy megoszthassuk probl\u00e9m\u00e1inkat, gondolatainkat a hozz\u00e1nk hasonl\u00f3an gondolkod\u00f3kkal, a hasonl\u00f3 \u00e9rdekl\u0151d\u00e9si k\u00f6r\u0171ekkel, vagy az azonos f\u00f6ldrajzi t\u00e9rs\u00e9gben dolgoz\u00f3kkal.<\/span><br \/>\n<span style=\"font-family: Arial CE;\">Ez viszont azt is jelenti, hogy b\u00e1rki t\u00f6bb levelez\u0151csoportnak is tagja lehet, mint ahogy arra is k\u00f6nny\u0171 p\u00e9ld\u00e1t tal\u00e1lni, hogy valaki t\u00f6bb egyes\u00fcletnek tagja. Sok esetben ez azt is jelentheti, hogy ha valaki nem tal\u00e1l mag\u00e1nak megfelel\u0151 egyes\u00fcletet, alap\u00edt egyet.<\/span><\/p>\n<p><b><span style=\"font-family: Arial CE;\">Hogyan csin\u00e1ljunk levelez\u0151csoportot?<\/span><\/b><br \/>\n<span style=\"font-family: Arial CE;\">T\u00f6bb ingyenes szerver l\u00e9tezik, amelyen levelez\u0151csoportot lehet m\u0171k\u00f6dtetni, mi ezek k\u00f6z\u00fcl az egroups.com-ot haszn\u00e1ljuk.<\/span><br \/>\n<span style=\"font-family: Arial CE;\">Az al\u00e1bbiakban l\u00e9p\u00e9sr\u0151l, l\u00e9p\u00e9sre v\u00e9gigvessz\u00fck a levelez\u0151csoport l\u00e9trehoz\u00e1s\u00e1t az egroups.com szerveren.<\/span><br \/>\n<span style=\"font-family: Arial CE;\">1. D\u00f6ntse el, hogy mi lesz a csoport e-mail c\u00edm\u00e9nek els\u0151 r\u00e9sze. A @ ut\u00e1ni r\u00e9sz egroups.com.<\/span><br \/>\n<span style=\"font-family: Arial CE;\">2. K\u00e9sz\u00edtse el a leend\u0151 csoportod tagjainak e-mail c\u00edmlist\u00e1j\u00e1t egy sz\u00f6vegfile-ban \u00fagy, hogy minden sorban csak egy e-mail c\u00edm legyen<\/span><br \/>\n<span style=\"font-family: Arial CE;\">3. K\u00e9sz\u00edtsen egy sz\u00f6vegfile-t, amit a rendszer az els\u0151 lev\u00e9lben k\u00fcld el a tagoknak. Ebben c\u00e9lszer\u0171 r\u00f6viden le\u00edrni, hogy mi ez a lista \u00e9s milyen c\u00e9lokat szolg\u00e1l.<\/span><br \/>\n<span style=\"font-family: Arial CE;\">4. Menjen a www.egroups.com lapra<\/span><br \/>\n<span style=\"font-family: Arial CE;\">5. Regisztr\u00e1lja mag\u00e1t.<\/span><br \/>\n<span style=\"font-family: Arial CE;\">6. Kezdem\u00e9nyezze \u00faj csoport l\u00e9trehoz\u00e1s\u00e1t (Start a new group), ami h\u00e1rom l\u00e9p\u00e9sb\u0151l \u00e1ll majd.<\/span><br \/>\n<span style=\"font-family: Arial CE;\">1. L\u00e9p\u00e9s(ek)<\/span><br \/>\n<span style=\"font-family: Arial CE;\">Meg kell adnia a csoport nev\u00e9t<\/span><br \/>\n<span style=\"font-family: Arial CE;\">Majd a t\u00edpus\u00e1t: Nem moder\u00e1lt (ez az alap\u00e9rtelmez\u00e9s), teh\u00e1t a csoport tagjai szabadon \u00edrhatnak a list\u00e1ra, Moder\u00e1lt: a csoporthoz \u00e9rkez\u0151 levelek post\u00e1z\u00e1s\u00e1t a tagok sz\u00e1m\u00e1ra \u00d6nnek kell enged\u00e9lyezni, \u00dajs\u00e1g: csak \u00d6n k\u00fcldhet levelet,<\/span><br \/>\n<span style=\"font-family: Arial CE;\">eGroups directory: szerepeljen-e a csoport az egroups tartalomjegyz\u00e9k\u00e9ben?<\/span><br \/>\n<span style=\"font-family: Arial CE;\">Membership: Open: b\u00e1rki csatlakozhat a list\u00e1hoz, Moderated\/restricted: csak a tagok \u00edrhatnak k\u00f6zvetlen\u00fcl, az \u00faj jelentkez\u0151ket \u00d6nnek kell felvenni ill. enged\u00e9lyezni majd.<\/span><br \/>\n<span style=\"font-family: Arial CE;\">Short Description: a csoport le\u00edr\u00e1sa max. 25 sz\u00f3, \u00e9s 127 le\u00fct\u00e9s<\/span><br \/>\n<span style=\"font-family: Arial CE;\">Main Page description: hosszabb le\u00edr\u00e1s a csoportr\u00f3l<\/span><br \/>\n<span style=\"font-family: Arial CE;\">Primary language: a haszn\u00e1lt nyelv<\/span><br \/>\n<span style=\"font-family: Arial CE;\">2. L\u00e9p\u00e9s(ek)<\/span><br \/>\n<span style=\"font-family: Arial CE;\">Kateg\u00f3ri\u00e1t kell v\u00e1lasztani, m\u00e9g akkor is, ha a csoport z\u00e1rt \u00e9s nem engedte, hogy a tartalomjegyz\u00e9kben szerepeljen. Ez t\u00f6bb l\u00e9pcs\u0151s, ne ijedjen meg, ha \u00fajabb alkateg\u00f3ri\u00e1kba kell sorolnia a csoportot. Ha befejezte, klikkelj a Put my group here gombra.<\/span><br \/>\n<span style=\"font-family: Arial CE;\">3. L\u00e9p\u00e9s(ek)<\/span><br \/>\n<span style=\"font-family: Arial CE;\">Most kell megadnia a csoport tagjait. Nyissa meg a m\u00e1r elk\u00e9sz\u00edtett list\u00e1t \u00e9s a v\u00e1g\u00f3lappal m\u00e1solja az ablakba.<\/span><br \/>\n<span style=\"font-family: Arial CE;\">Choose invitation type: az alap\u00e9rtelmez\u00e9s (Send invitation to members) azt jelenti, hogy a rendszer k\u00fcld egy levelet a megh\u00edvottnak \u00e9s ha azt az illet\u0151 megv\u00e1laszolja, akkor ker\u00fcl csak a list\u00e1ra. A m\u00e1sik lehet\u0151s\u00e9g \u2013 ezt javaslom haszn\u00e1lni \u2013, Directly subscribe members azt jelenti, hogy azonnal a list\u00e1ra ker\u00fclnek az el\u0151z\u0151 ablakba m\u00e1solt e-mail c\u00edmek \u00e9s csak egy \u00e9rtes\u00edt\u00e9st kapnak err\u0151l.<\/span><br \/>\n<span style=\"font-family: Arial CE;\">V\u00e9g\u00fcl az utols\u00f3 ablakba be kell m\u00e1solni a m\u00e1sik elk\u00e9sz\u00edtett file tartalm\u00e1t \u2013 l\u00e1sd a 3. pontot.<\/span><br \/>\n<span style=\"font-family: Arial CE;\">Most m\u00e1r csak az Invite members gombra kell kattintani<\/span><br \/>\n<span style=\"font-family: Arial CE;\">A gombra klikkel\u00e9s ut\u00e1n egy gratul\u00e1ci\u00f3t kap, azon alkalomb\u00f3l, hogy l\u00e9trej\u00f6tt a csoport.<\/span><br \/>\n<span style=\"font-family: Arial CE;\">Ezut\u00e1n m\u00e1r ki lehet jelentkezni, EZT SOHA NE MULASSZA EL, ehhez a Sign outra kell kattintani.<\/span><br \/>\n<span style=\"font-family: Arial CE;\">Most m\u00e1r becsukhatja a b\u00f6ng\u00e9sz\u0151t.<\/span><\/p>\n<p><b><span style=\"font-family: Arial CE;\">A k\u00f6vetkez\u0151 r\u00e9szben a l\u00e9trehozott csoport m\u0171k\u00f6dtet\u00e9s\u00e9hez adunk seg\u00edts\u00e9get.<\/span><\/b><\/p>\n<p><b><span style=\"font-family: Arial CE;\">N\u00e9h\u00e1ny \u00e9rdekess\u00e9g az egroups.com-r\u00f3l<\/span><\/b><br \/>\n<span style=\"font-family: Arial CE;\">Ha m\u00e1r regisztr\u00e1lt tagja az egroups-nak, ami a csoport l\u00e9trehoz\u00e1s\u00e1hoz elengedhetetlen, \u00e9rdemes kicsit k\u00f6r\u00fcln\u00e9zni, mert sok magyar vonatkoz\u00e1s\u00fa, ill. magyar levelez\u0151csoport m\u0171k\u00f6dik itt.<\/span><br \/>\n<span style=\"font-family: Arial CE;\">Term\u00e9szetesen lehet keresni is; az el\u0151z\u0151 mondat igazol\u00e1s\u00e1ra n\u00e9h\u00e1ny keres\u00e9s eredm\u00e9ny\u00e9t id\u00e9zz\u00fck.<\/span><br \/>\n<span style=\"font-family: Arial CE;\">A\u00a0<\/span><i><span style=\"font-family: Arial CE;\">magyar\u00a0<\/span><\/i><span style=\"font-family: Arial CE;\">keres\u0151sz\u00f3ra 184 tal\u00e1lat volt, a\u00a0<\/span><i><span style=\"font-family: Arial CE;\">szervezet*<\/span><\/i><span style=\"font-family: Arial CE;\">-re 20. Ez ut\u00f3bbiakb\u00f3l n\u00e9h\u00e1ny csoport p\u00e9ldak\u00e9ppen:<\/span><br \/>\n<b><span style=\"font-family: Arial CE;\">civil forum \u2013<\/span><\/b><span style=\"font-family: Arial CE;\">\u00a0A K\u00e1rp\u00e1t-medence civil szervezeteinek f\u00f3ruma, hirdet\u0151oszlopa<\/span><br \/>\n<b><span style=\"font-family: Arial CE;\">roma hir \u2013<\/span><\/b><span style=\"font-family: Arial CE;\">\u00a0Roma szervezetek h\u00edrcsoportja<\/span><br \/>\n<b><span style=\"font-family: Arial CE;\">meosz \u2013\u00a0<\/span><\/b><span style=\"font-family: Arial CE;\">MEOSZ Szervezetek \u00e9s egy\u00e9b fogyat\u00e9kos szervezetek levelez\u00e9si list\u00e1ja<\/span><br \/>\n<b><span style=\"font-family: Arial CE;\">maposz \u2013<\/span><\/b><span style=\"font-family: Arial CE;\">\u00a0Ez a Magyarorsz\u00e1gi Praktiz\u00e1l\u00f3 Orvosok Sz\u00f6vets\u00e9ge Baranyai Szervezete \u00e1ltal l\u00e9trehozott levelez\u00e9si lista, mely az internet hozz\u00e1f\u00e9r\u00e9ssel rendelkez\u0151 orvosok kommunik\u00e1ci\u00f3j\u00e1ra, probl\u00e9m\u00e1i, szakmai \u00e9s egy\u00e9b v\u00e9lem\u00e9nyek k\u00f6zread\u00e1s\u00e1ra j\u00f6tt l\u00e9tre.<\/span><br \/>\n<b><span style=\"font-family: Arial CE;\">ermacisz \u2013<\/span><\/b><span style=\"font-family: Arial CE;\">\u00a0A levelez\u00e9si lista c\u00e9lja az erd\u00e9lyi magyar civil szervezetek k\u00f6z\u00f6tti inform\u00e1ci\u00f3csere \u00e9s kapcsolat\u00e9p\u00edt\u00e9s.<\/span><br \/>\n<b><span style=\"font-family: Arial CE;\">nagyatad \u2013\u00a0<\/span><\/b><span style=\"font-family: Arial CE;\">NAGYAT\u00c1DI LEVELEZ\u0150LISTA \u2013 \u00daj lehet\u0151s\u00e9g a l\u00e1that\u00e1ron! \u2013 A Nagyat\u00e1di Horizont (<\/span><span style=\"font-family: Arial CE;\"><a href=\"http:\/\/www.nagyatad.hu\/horizont\/\">http:\/\/www.nagyatad.hu\/horizont\/<\/a><\/span><span style=\"font-family: Arial CE;\">) \u00faj opci\u00f3jak\u00e9nt beindult a Nagyat\u00e1di Levelez\u0151 Lista ingyenes szolg\u00e1ltat\u00e1s. Minden a list\u00e1ra \u00edrt lev\u00e9l az \u00f6sszes listatag e-mail fi\u00f3kj\u00e1ban megjelenik. \u00cdgy az \u00f6sszes at\u00e1di internetez\u0151 k\u00f6z\u00f6tt gyorsabb\u00e1 \u00e9s szorosabb\u00e1 tehetj\u00fck az inform\u00e1ci\u00f3-\u00e1raml\u00e1st. \u2013 T\u00e9ma: minden, ami Nagyat\u00e1ddal, lakosaival vagy a helyi k\u00e1belh\u00e1l\u00f3zattal kapcsolatos. H\u00edrek, esem\u00e9nyek, felh\u00edv\u00e1sok.<\/span><\/p>\n","protected":false},"excerpt":{"rendered":"<p>Az egroups szolg\u00e1ltat\u00e1s a cikk megjelen\u00e9se ut\u00e1n beolvadt a YAHOO port\u00e1lba, ez\u00e9rt a cikkben l\u00e9v\u0151 &#8222;@egroups&#8221; elnevez\u00e9st a &#8222;@yahoogroups&#8221;-ra, a &#8222;www.egroups. com&#8221;-ot pedig &#8222;groups.yahoo.com&#8221;-ra, vagy yahoogroups.com-ra kell kicser\u00e9lni!<\/p>\n","protected":false},"author":29,"featured_media":3400,"comment_status":"open","ping_status":"open","sticky":false,"template":"","format":"standard","meta":{"_acf_changed":false,"footnotes":""},"categories":[446,8,7],"tags":[],"coauthors":[25],"class_list":["post-2702","post","type-post","status-publish","format-standard","has-post-thumbnail","hentry","category-parola-2000-1","category-parola-folyoirat","category-repertorium"],"acf":[],"yoast_head":"<!-- This site is optimized with the Yoast SEO plugin v26.7 - https:\/\/yoast.com\/wordpress\/plugins\/seo\/ -->\n<title>Csin\u00e1ljunk levelez\u0151csoportot! - Parola Foly\u00f3irat<\/title>\n<meta name=\"robots\" content=\"index, follow, max-snippet:-1, max-image-preview:large, max-video-preview:-1\" \/>\n<link rel=\"canonical\" href=\"https:\/\/kofe.hu\/parola\/parola-folyoirat\/csinaljunk-levelezocsoportot\/\" \/>\n<meta property=\"og:locale\" content=\"hu_HU\" \/>\n<meta property=\"og:type\" content=\"article\" \/>\n<meta property=\"og:title\" content=\"Csin\u00e1ljunk levelez\u0151csoportot! - Parola Foly\u00f3irat\" \/>\n<meta property=\"og:description\" content=\"Az egroups szolg\u00e1ltat\u00e1s a cikk megjelen\u00e9se ut\u00e1n beolvadt a YAHOO port\u00e1lba, ez\u00e9rt a cikkben l\u00e9v\u0151 &#8222;@egroups&#8221; elnevez\u00e9st a &#8222;@yahoogroups&#8221;-ra, a &#8222;www.egroups. com&#8221;-ot pedig &#8222;groups.yahoo.com&#8221;-ra, vagy yahoogroups.com-ra kell kicser\u00e9lni!\" \/>\n<meta property=\"og:url\" content=\"https:\/\/kofe.hu\/parola\/parola-folyoirat\/csinaljunk-levelezocsoportot\/\" \/>\n<meta property=\"og:site_name\" content=\"Parola Foly\u00f3irat\" \/>\n<meta property=\"article:published_time\" content=\"2020-07-10T10:42:18+00:00\" \/>\n<meta property=\"article:modified_time\" content=\"2020-07-30T16:01:34+00:00\" \/>\n<meta property=\"og:image\" content=\"https:\/\/kofe.hu\/parola\/wp-content\/uploads\/2020\/07\/00.1.jpeg\" \/>\n\t<meta property=\"og:image:width\" content=\"1288\" \/>\n\t<meta property=\"og:image:height\" content=\"1992\" \/>\n\t<meta property=\"og:image:type\" content=\"image\/jpeg\" \/>\n<meta name=\"author\" content=\"Huszerl J\u00f3zsef\" \/>\n<meta name=\"twitter:card\" content=\"summary_large_image\" \/>\n<meta name=\"twitter:label1\" content=\"Szerz\u0151:\" \/>\n\t<meta name=\"twitter:data1\" content=\"Huszerl J\u00f3zsef\" \/>\n\t<meta name=\"twitter:label2\" content=\"Becs\u00fclt olvas\u00e1si id\u0151\" \/>\n\t<meta name=\"twitter:data2\" content=\"7 perc\" \/>\n\t<meta name=\"twitter:label3\" content=\"Written by\" \/>\n\t<meta name=\"twitter:data3\" content=\"Huszerl J\u00f3zsef\" \/>\n<script type=\"application\/ld+json\" class=\"yoast-schema-graph\">{\"@context\":\"https:\/\/schema.org\",\"@graph\":[{\"@type\":\"Article\",\"@id\":\"https:\/\/kofe.hu\/parola\/parola-folyoirat\/csinaljunk-levelezocsoportot\/#article\",\"isPartOf\":{\"@id\":\"https:\/\/kofe.hu\/parola\/parola-folyoirat\/csinaljunk-levelezocsoportot\/\"},\"author\":{\"name\":\"Huszerl J\u00f3zsef\",\"@id\":\"https:\/\/kofe.hu\/parola\/#\/schema\/person\/6fc695d97f15c4bbd9e7ba7dbdb861f8\"},\"headline\":\"Csin\u00e1ljunk levelez\u0151csoportot!\",\"datePublished\":\"2020-07-10T10:42:18+00:00\",\"dateModified\":\"2020-07-30T16:01:34+00:00\",\"mainEntityOfPage\":{\"@id\":\"https:\/\/kofe.hu\/parola\/parola-folyoirat\/csinaljunk-levelezocsoportot\/\"},\"wordCount\":1317,\"commentCount\":0,\"image\":{\"@id\":\"https:\/\/kofe.hu\/parola\/parola-folyoirat\/csinaljunk-levelezocsoportot\/#primaryimage\"},\"thumbnailUrl\":\"https:\/\/kofe.hu\/parola\/wp-content\/uploads\/2020\/07\/00.1.jpeg\",\"articleSection\":[\"Parola 2000\/1\",\"Parola Foly\u00f3irat\",\"Repert\u00f3rium\"],\"inLanguage\":\"hu\",\"potentialAction\":[{\"@type\":\"CommentAction\",\"name\":\"Comment\",\"target\":[\"https:\/\/kofe.hu\/parola\/parola-folyoirat\/csinaljunk-levelezocsoportot\/#respond\"]}]},{\"@type\":\"WebPage\",\"@id\":\"https:\/\/kofe.hu\/parola\/parola-folyoirat\/csinaljunk-levelezocsoportot\/\",\"url\":\"https:\/\/kofe.hu\/parola\/parola-folyoirat\/csinaljunk-levelezocsoportot\/\",\"name\":\"Csin\u00e1ljunk levelez\u0151csoportot! - Parola Foly\u00f3irat\",\"isPartOf\":{\"@id\":\"https:\/\/kofe.hu\/parola\/#website\"},\"primaryImageOfPage\":{\"@id\":\"https:\/\/kofe.hu\/parola\/parola-folyoirat\/csinaljunk-levelezocsoportot\/#primaryimage\"},\"image\":{\"@id\":\"https:\/\/kofe.hu\/parola\/parola-folyoirat\/csinaljunk-levelezocsoportot\/#primaryimage\"},\"thumbnailUrl\":\"https:\/\/kofe.hu\/parola\/wp-content\/uploads\/2020\/07\/00.1.jpeg\",\"datePublished\":\"2020-07-10T10:42:18+00:00\",\"dateModified\":\"2020-07-30T16:01:34+00:00\",\"author\":{\"@id\":\"https:\/\/kofe.hu\/parola\/#\/schema\/person\/6fc695d97f15c4bbd9e7ba7dbdb861f8\"},\"breadcrumb\":{\"@id\":\"https:\/\/kofe.hu\/parola\/parola-folyoirat\/csinaljunk-levelezocsoportot\/#breadcrumb\"},\"inLanguage\":\"hu\",\"potentialAction\":[{\"@type\":\"ReadAction\",\"target\":[\"https:\/\/kofe.hu\/parola\/parola-folyoirat\/csinaljunk-levelezocsoportot\/\"]}]},{\"@type\":\"ImageObject\",\"inLanguage\":\"hu\",\"@id\":\"https:\/\/kofe.hu\/parola\/parola-folyoirat\/csinaljunk-levelezocsoportot\/#primaryimage\",\"url\":\"https:\/\/kofe.hu\/parola\/wp-content\/uploads\/2020\/07\/00.1.jpeg\",\"contentUrl\":\"https:\/\/kofe.hu\/parola\/wp-content\/uploads\/2020\/07\/00.1.jpeg\",\"width\":1288,\"height\":1992},{\"@type\":\"BreadcrumbList\",\"@id\":\"https:\/\/kofe.hu\/parola\/parola-folyoirat\/csinaljunk-levelezocsoportot\/#breadcrumb\",\"itemListElement\":[{\"@type\":\"ListItem\",\"position\":1,\"name\":\"Home\",\"item\":\"https:\/\/kofe.hu\/parola\/\"},{\"@type\":\"ListItem\",\"position\":2,\"name\":\"Csin\u00e1ljunk levelez\u0151csoportot!\"}]},{\"@type\":\"WebSite\",\"@id\":\"https:\/\/kofe.hu\/parola\/#website\",\"url\":\"https:\/\/kofe.hu\/parola\/\",\"name\":\"Parola Foly\u00f3irat\",\"description\":\"\",\"potentialAction\":[{\"@type\":\"SearchAction\",\"target\":{\"@type\":\"EntryPoint\",\"urlTemplate\":\"https:\/\/kofe.hu\/parola\/?s={search_term_string}\"},\"query-input\":{\"@type\":\"PropertyValueSpecification\",\"valueRequired\":true,\"valueName\":\"search_term_string\"}}],\"inLanguage\":\"hu\"},{\"@type\":\"Person\",\"@id\":\"https:\/\/kofe.hu\/parola\/#\/schema\/person\/6fc695d97f15c4bbd9e7ba7dbdb861f8\",\"name\":\"Huszerl J\u00f3zsef\",\"image\":{\"@type\":\"ImageObject\",\"inLanguage\":\"hu\",\"@id\":\"https:\/\/kofe.hu\/parola\/#\/schema\/person\/image\/971d3809b80bf43486665cc7a79b1325\",\"url\":\"https:\/\/secure.gravatar.com\/avatar\/e8ec607d0f174af10d2d9b030e2ec0a14552bfe1411125ddf4dda6d99ce49f4f?s=96&d=mm&r=g\",\"contentUrl\":\"https:\/\/secure.gravatar.com\/avatar\/e8ec607d0f174af10d2d9b030e2ec0a14552bfe1411125ddf4dda6d99ce49f4f?s=96&d=mm&r=g\",\"caption\":\"Huszerl J\u00f3zsef\"},\"url\":\"https:\/\/kofe.hu\/parola\/szerzok\/huszerl-jozsef\/\"}]}<\/script>\n<!-- \/ Yoast SEO plugin. -->","yoast_head_json":{"title":"Csin\u00e1ljunk levelez\u0151csoportot! - Parola Foly\u00f3irat","robots":{"index":"index","follow":"follow","max-snippet":"max-snippet:-1","max-image-preview":"max-image-preview:large","max-video-preview":"max-video-preview:-1"},"canonical":"https:\/\/kofe.hu\/parola\/parola-folyoirat\/csinaljunk-levelezocsoportot\/","og_locale":"hu_HU","og_type":"article","og_title":"Csin\u00e1ljunk levelez\u0151csoportot! - Parola Foly\u00f3irat","og_description":"Az egroups szolg\u00e1ltat\u00e1s a cikk megjelen\u00e9se ut\u00e1n beolvadt a YAHOO port\u00e1lba, ez\u00e9rt a cikkben l\u00e9v\u0151 &#8222;@egroups&#8221; elnevez\u00e9st a &#8222;@yahoogroups&#8221;-ra, a &#8222;www.egroups. com&#8221;-ot pedig &#8222;groups.yahoo.com&#8221;-ra, vagy yahoogroups.com-ra kell kicser\u00e9lni!","og_url":"https:\/\/kofe.hu\/parola\/parola-folyoirat\/csinaljunk-levelezocsoportot\/","og_site_name":"Parola Foly\u00f3irat","article_published_time":"2020-07-10T10:42:18+00:00","article_modified_time":"2020-07-30T16:01:34+00:00","og_image":[{"width":1288,"height":1992,"url":"https:\/\/kofe.hu\/parola\/wp-content\/uploads\/2020\/07\/00.1.jpeg","type":"image\/jpeg"}],"author":"Huszerl J\u00f3zsef","twitter_card":"summary_large_image","twitter_misc":{"Szerz\u0151:":"Huszerl J\u00f3zsef","Becs\u00fclt olvas\u00e1si id\u0151":"7 perc","Written by":"Huszerl J\u00f3zsef"},"schema":{"@context":"https:\/\/schema.org","@graph":[{"@type":"Article","@id":"https:\/\/kofe.hu\/parola\/parola-folyoirat\/csinaljunk-levelezocsoportot\/#article","isPartOf":{"@id":"https:\/\/kofe.hu\/parola\/parola-folyoirat\/csinaljunk-levelezocsoportot\/"},"author":{"name":"Huszerl J\u00f3zsef","@id":"https:\/\/kofe.hu\/parola\/#\/schema\/person\/6fc695d97f15c4bbd9e7ba7dbdb861f8"},"headline":"Csin\u00e1ljunk levelez\u0151csoportot!","datePublished":"2020-07-10T10:42:18+00:00","dateModified":"2020-07-30T16:01:34+00:00","mainEntityOfPage":{"@id":"https:\/\/kofe.hu\/parola\/parola-folyoirat\/csinaljunk-levelezocsoportot\/"},"wordCount":1317,"commentCount":0,"image":{"@id":"https:\/\/kofe.hu\/parola\/parola-folyoirat\/csinaljunk-levelezocsoportot\/#primaryimage"},"thumbnailUrl":"https:\/\/kofe.hu\/parola\/wp-content\/uploads\/2020\/07\/00.1.jpeg","articleSection":["Parola 2000\/1","Parola Foly\u00f3irat","Repert\u00f3rium"],"inLanguage":"hu","potentialAction":[{"@type":"CommentAction","name":"Comment","target":["https:\/\/kofe.hu\/parola\/parola-folyoirat\/csinaljunk-levelezocsoportot\/#respond"]}]},{"@type":"WebPage","@id":"https:\/\/kofe.hu\/parola\/parola-folyoirat\/csinaljunk-levelezocsoportot\/","url":"https:\/\/kofe.hu\/parola\/parola-folyoirat\/csinaljunk-levelezocsoportot\/","name":"Csin\u00e1ljunk levelez\u0151csoportot! - Parola Foly\u00f3irat","isPartOf":{"@id":"https:\/\/kofe.hu\/parola\/#website"},"primaryImageOfPage":{"@id":"https:\/\/kofe.hu\/parola\/parola-folyoirat\/csinaljunk-levelezocsoportot\/#primaryimage"},"image":{"@id":"https:\/\/kofe.hu\/parola\/parola-folyoirat\/csinaljunk-levelezocsoportot\/#primaryimage"},"thumbnailUrl":"https:\/\/kofe.hu\/parola\/wp-content\/uploads\/2020\/07\/00.1.jpeg","datePublished":"2020-07-10T10:42:18+00:00","dateModified":"2020-07-30T16:01:34+00:00","author":{"@id":"https:\/\/kofe.hu\/parola\/#\/schema\/person\/6fc695d97f15c4bbd9e7ba7dbdb861f8"},"breadcrumb":{"@id":"https:\/\/kofe.hu\/parola\/parola-folyoirat\/csinaljunk-levelezocsoportot\/#breadcrumb"},"inLanguage":"hu","potentialAction":[{"@type":"ReadAction","target":["https:\/\/kofe.hu\/parola\/parola-folyoirat\/csinaljunk-levelezocsoportot\/"]}]},{"@type":"ImageObject","inLanguage":"hu","@id":"https:\/\/kofe.hu\/parola\/parola-folyoirat\/csinaljunk-levelezocsoportot\/#primaryimage","url":"https:\/\/kofe.hu\/parola\/wp-content\/uploads\/2020\/07\/00.1.jpeg","contentUrl":"https:\/\/kofe.hu\/parola\/wp-content\/uploads\/2020\/07\/00.1.jpeg","width":1288,"height":1992},{"@type":"BreadcrumbList","@id":"https:\/\/kofe.hu\/parola\/parola-folyoirat\/csinaljunk-levelezocsoportot\/#breadcrumb","itemListElement":[{"@type":"ListItem","position":1,"name":"Home","item":"https:\/\/kofe.hu\/parola\/"},{"@type":"ListItem","position":2,"name":"Csin\u00e1ljunk levelez\u0151csoportot!"}]},{"@type":"WebSite","@id":"https:\/\/kofe.hu\/parola\/#website","url":"https:\/\/kofe.hu\/parola\/","name":"Parola Foly\u00f3irat","description":"","potentialAction":[{"@type":"SearchAction","target":{"@type":"EntryPoint","urlTemplate":"https:\/\/kofe.hu\/parola\/?s={search_term_string}"},"query-input":{"@type":"PropertyValueSpecification","valueRequired":true,"valueName":"search_term_string"}}],"inLanguage":"hu"},{"@type":"Person","@id":"https:\/\/kofe.hu\/parola\/#\/schema\/person\/6fc695d97f15c4bbd9e7ba7dbdb861f8","name":"Huszerl J\u00f3zsef","image":{"@type":"ImageObject","inLanguage":"hu","@id":"https:\/\/kofe.hu\/parola\/#\/schema\/person\/image\/971d3809b80bf43486665cc7a79b1325","url":"https:\/\/secure.gravatar.com\/avatar\/e8ec607d0f174af10d2d9b030e2ec0a14552bfe1411125ddf4dda6d99ce49f4f?s=96&d=mm&r=g","contentUrl":"https:\/\/secure.gravatar.com\/avatar\/e8ec607d0f174af10d2d9b030e2ec0a14552bfe1411125ddf4dda6d99ce49f4f?s=96&d=mm&r=g","caption":"Huszerl J\u00f3zsef"},"url":"https:\/\/kofe.hu\/parola\/szerzok\/huszerl-jozsef\/"}]}},"_links":{"self":[{"href":"https:\/\/kofe.hu\/parola\/wp-json\/wp\/v2\/posts\/2702","targetHints":{"allow":["GET"]}}],"collection":[{"href":"https:\/\/kofe.hu\/parola\/wp-json\/wp\/v2\/posts"}],"about":[{"href":"https:\/\/kofe.hu\/parola\/wp-json\/wp\/v2\/types\/post"}],"author":[{"embeddable":true,"href":"https:\/\/kofe.hu\/parola\/wp-json\/wp\/v2\/users\/29"}],"replies":[{"embeddable":true,"href":"https:\/\/kofe.hu\/parola\/wp-json\/wp\/v2\/comments?post=2702"}],"version-history":[{"count":3,"href":"https:\/\/kofe.hu\/parola\/wp-json\/wp\/v2\/posts\/2702\/revisions"}],"predecessor-version":[{"id":4725,"href":"https:\/\/kofe.hu\/parola\/wp-json\/wp\/v2\/posts\/2702\/revisions\/4725"}],"wp:featuredmedia":[{"embeddable":true,"href":"https:\/\/kofe.hu\/parola\/wp-json\/wp\/v2\/media\/3400"}],"wp:attachment":[{"href":"https:\/\/kofe.hu\/parola\/wp-json\/wp\/v2\/media?parent=2702"}],"wp:term":[{"taxonomy":"category","embeddable":true,"href":"https:\/\/kofe.hu\/parola\/wp-json\/wp\/v2\/categories?post=2702"},{"taxonomy":"post_tag","embeddable":true,"href":"https:\/\/kofe.hu\/parola\/wp-json\/wp\/v2\/tags?post=2702"},{"taxonomy":"author","embeddable":true,"href":"https:\/\/kofe.hu\/parola\/wp-json\/wp\/v2\/coauthors?post=2702"}],"curies":[{"name":"wp","href":"https:\/\/api.w.org\/{rel}","templated":true}]}}