{"id":2613,"date":"2020-07-10T08:51:17","date_gmt":"2020-07-10T08:51:17","guid":{"rendered":"https:\/\/kofe.hu\/parola\/?p=2613"},"modified":"2020-07-30T16:14:29","modified_gmt":"2020-07-30T16:14:29","slug":"az-iacd-konferenciaja-skociaban","status":"publish","type":"post","link":"https:\/\/kofe.hu\/parola\/parola-folyoirat\/az-iacd-konferenciaja-skociaban\/","title":{"rendered":"Az IACD konferenci\u00e1ja Sk\u00f3ci\u00e1ban"},"content":{"rendered":"<p style=\"text-align: justify;\"><b><span style=\"font-family: Arial CE;\">Inform\u00e1ci\u00f3k az egyes\u00fcletr\u0151l \u00e9s a tags\u00e1gr\u00f3l<\/span><\/b><\/p>\n<p><span style=\"font-family: Arial CE;\">A k\u00f6z\u00f6ss\u00e9gfejleszt\u00e9ssel foglalkoz\u00f3k munk\u00e1j\u00e1ban szerepet kell kapnia a glob\u00e1lis dimenzi\u00f3nak is. J\u00f3llehet a k\u00f6z\u00f6ss\u00e9gfejleszt\u00e9s l\u00e9nyeg\u00e9ben helyi beavatkoz\u00e1sban \u00e9s k\u00e9pess\u00e9gfejleszt\u0151 programokban \u00e9rdekelt, p\u00e9ld\u00e1ul az eg\u00e9szs\u00e9g\u00fcgy, szeg\u00e9nys\u00e9g, gazdas\u00e1gfejleszt\u00e9s vagy k\u00f6rnyezetv\u00e9delem ter\u00fclet\u00e9n, sok probl\u00e9ma ok\u00e1t m\u00e9gis csak a helyi k\u00f6z\u00f6ss\u00e9geken k\u00edv\u00fcl lehet megsz\u00fcntetni.<\/span><\/p>\n<p style=\"text-align: justify;\"><!--more--><br \/>\n<span style=\"font-family: Arial CE;\">A nemzetk\u00f6zi h\u00e1l\u00f3zati munka \u00e9s egy\u00fcttm\u0171k\u00f6d\u00e9s l\u00e9nyegbev\u00e1g\u00f3an fontos a helyi, szoci\u00e1lis \u00e9s politikai tev\u00e9kenys\u00e9gek sor\u00e1n, \u00e9s ki is eg\u00e9sz\u00edti azokat. Mindezt vagy az\u00e1ltal teszi, hogy t\u00e1mogatja a k\u00f6z\u00f6ss\u00e9gfejleszt\u0151 megk\u00f6zel\u00edt\u00e9st a nemzetk\u00f6zi ir\u00e1nyelvek meghat\u00e1roz\u00e1sa sor\u00e1n, vagy pedig \u00fagy, hogy \u00f6sszehozza a d\u00f6nt\u00e9shoz\u00f3kat \u00e9s a gyakorl\u00f3 k\u00f6z\u00f6ss\u00e9gfejleszt\u0151ket a k\u00f6z\u00f6s probl\u00e9m\u00e1k megold\u00e1s\u00e1ra.<\/span><br \/>\n<span style=\"font-family: Arial CE;\">Siker\u00fclt ugyan sok embert meggy\u0151zn\u00fcnk a k\u00f6z\u00f6ss\u00e9gfejleszt\u00e9s \u00e9rt\u00e9k\u00e9r\u0151l, azonban a munka szponzor\u00e1l\u00e1sa \u00e9s hossz\u00fa t\u00e1v\u00fa politikai t\u00e1mogat\u00e1sa a legt\u00f6bb orsz\u00e1gban m\u00e9gis margin\u00e1lis helyzetben marad.<\/span><br \/>\n<span style=\"font-family: Arial CE;\">Az IACD region\u00e1lis \u00e9s orsz\u00e1gos k\u00f6z\u00f6ss\u00e9gfejleszt\u0151 egyes\u00fcletekkel k\u00f6z\u00f6sen biztos\u00edt infrastrukt\u00far\u00e1t ahhoz a glob\u00e1lis h\u00e1l\u00f3zati munk\u00e1hoz \u00e9s egy\u00fcttm\u0171k\u00f6d\u00e9shez, amelyre ma oly nagy sz\u00fcks\u00e9g van.<\/span><br \/>\n<span style=\"font-family: Arial CE;\">\u00b7 Isten hozta a K\u00f6z\u00f6ss\u00e9gfejleszt\u0151k Nemzetk\u00f6zi Egyes\u00fclet\u00e9n\u00e9l, amely a legf\u0151bb nemzetk\u00f6zi tags\u00e1ggal b\u00edr\u00f3 szervezet azok sz\u00e1m\u00e1ra, akik a k\u00f6z\u00f6ss\u00e9gfejleszt\u00e9sben dolgoznak, vagy azt t\u00e1mogatj\u00e1k. Az egyes\u00fclet nyitott mind mag\u00e1nszem\u00e9lyek, mind szervezetek sz\u00e1m\u00e1ra. Tan\u00e1csad\u00f3i viszonyban van az ENSZ-szel \u00e9s annak szervezeteivel, p\u00e9ld\u00e1ul az Eg\u00e9szs\u00e9g\u00fcgyi Vil\u00e1gszervezettel (World Health Organisation) \u00e9s a Nemzetk\u00f6zi Munka\u00fcgyi Szervezettel (International Labour Organisation) Az egyes\u00fclet c\u00e9lja a k\u00f6z\u00f6ss\u00e9gfejleszt\u00e9s helyzet\u00e9nek el\u0151mozd\u00edt\u00e1sa nemzetk\u00f6zi ir\u00e1nyvonalakon \u00e9s programokon kereszt\u00fcl, a gyakorl\u00f3 k\u00f6z\u00f6ss\u00e9gfejleszt\u0151k t\u00e1mogat\u00e1sa \u00e9s a vel\u00fck val\u00f3 h\u00e1l\u00f3zat\u00e9p\u00edt\u00e9s, valamint inform\u00e1ci\u00f3- \u00e9s tapasztalatcser\u00e9k szervez\u00e9se.<\/span><br \/>\n<span style=\"font-family: Arial CE;\">\u00b7 Az IACD k\u00e9t\u00e9venk\u00e9nt konferenci\u00e1t szervez olyan glob\u00e1lis kulcsk\u00e9rd\u00e9sekr\u0151l, amelyek megvil\u00e1g\u00edtj\u00e1k a k\u00f6z\u00f6ss\u00e9gfejleszt\u00e9s szerep\u00e9t. A k\u00f6zelm\u00falt \u00e9s a k\u00f6zelj\u00f6v\u0151 konferenci\u00e1i a k\u00f6vetkez\u0151 k\u00e9rd\u00e9seket vizsg\u00e1lt\u00e1k vagy vizsg\u00e1lj\u00e1k: K\u00f6rnyezeti kr\u00edzis \u00e9s fenntarthat\u00f3 fejl\u0151d\u00e9s (Thaif\u00f6ld 1993), Demokr\u00e1cia \u00e9s fejl\u0151d\u00e9s (Belgium 1995), Konfliktus-menedzsment \u00e9s a b\u00e9ke \u00e9p\u00edt\u00e9se (D\u00e9l-Afrika 1997), Demokratikus meg\u00fajul\u00e1s \u00e9s \u00e1llampolg\u00e1ri cselekv\u00e9s (Sk\u00f3cia 1999). A konferenci\u00e1kr\u00f3l az egyes\u00fclet kiadv\u00e1nyokat jelentet meg (pl. k\u00fcl\u00f6nkiad\u00e1s a konfliktusold\u00e1sr\u00f3l \u00e9s a k\u00f6z\u00f6ss\u00e9gfejleszt\u00e9sr\u0151l 1998-ban, a nemzetk\u00f6zi k\u00f6z\u00f6ss\u00e9gfejleszt\u0151 foly\u00f3irattal k\u00f6z\u00f6sen).<\/span><br \/>\n<span style=\"font-family: Arial CE;\">\u00b7 Az IACD tagjai sz\u00e1m\u00e1ra INTERCOM c\u00edmmel h\u00edrlevelet jelentet meg, amely az egyes\u00fclet munk\u00e1j\u00e1r\u00f3l tartalmaz h\u00edreket (pl. az egyes\u00fclet legut\u00f3bbi nemzetk\u00f6zi k\u00f6z\u00f6ss\u00e9gfejleszt\u0151 felm\u00e9r\u00e9s\u00e9r\u0151l, amely a region\u00e1lis IACD h\u00e1l\u00f3zatok munk\u00e1j\u00e1t is vizsg\u00e1lta). A kulcsfontoss\u00e1g\u00fa napt\u00e1ri d\u00e1tumok, valamint a konferenci\u00e1kr\u00f3l, kiadv\u00e1nyokr\u00f3l, k\u00e9pz\u00e9si \u00e9s p\u00e1ly\u00e1zati lehet\u0151s\u00e9gekr\u0151l sz\u00f3l\u00f3 h\u00edrek is fontos szerepet kapnak a lapban.<\/span><br \/>\n<span style=\"font-family: Arial CE;\">\u00b7 Minthogy az IACD-nek tan\u00e1csad\u00f3i st\u00e1tusa van az ENSZ-n\u00e9l \u00e9s m\u00e1s szervezetekn\u00e9l, gyakran k\u00e9rik ki az egyes\u00fclet v\u00e9lem\u00e9ny\u00e9t k\u00fcl\u00f6nb\u00f6z\u0151 szoci\u00e1lis, gazdas\u00e1gi, \u00e9s k\u00f6rnyezetv\u00e9delmi ir\u00e1nyelvek, programok kialak\u00edt\u00e1sakor. A kialak\u00edt\u00e1s folyamat\u00e1ban az egyes\u00fclet gyakorolja befoly\u00e1s\u00e1t, m\u00e9gpedig az\u00e9rt, hogy magas szint\u0171 profilt biztos\u00edtson a k\u00f6z\u00f6ss\u00e9gfejleszt\u00e9snek nemzetk\u00f6zi szinten. Az IACD id\u0151szakos tan\u00e1csad\u00e1st szervez politikusoknak \u00e9s d\u00f6nt\u00e9shoz\u00f3knak az ir\u00e1nyelvek kialak\u00edt\u00e1s\u00e1nak ter\u00fclet\u00e9n a korm\u00e1nyzati, nem-korm\u00e1nyzati \u00e9s \u00fczleti szektorokban.<\/span><br \/>\n<span style=\"font-family: Arial CE;\">\u00b7 Az IACD rendelkezik egy adatb\u00e1zissal, amely jelenleg mintegy 4000 gyakorl\u00f3 k\u00f6z\u00f6ss\u00e9gfejleszt\u0151t, projektet \u00e9s szponzor-szervezetet tartalmaz a vil\u00e1g minden r\u00e9sz\u00e9r\u0151l. T\u00f6bb mint 80 orsz\u00e1g k\u00f6z\u00f6ss\u00e9gfejleszt\u0151 szervezeteivel \u00e9s h\u00e1l\u00f3zataival van kapcsolatunk.<\/span><br \/>\n<span style=\"font-family: Arial CE;\">\u00b7 Az IACD egy nem forprofit, nem-korm\u00e1nyzati szervezet, amely a tags\u00e1g tulajdon\u00e1ban van. K\u00e9t\u00e9venk\u00e9nt megrendezett konferenci\u00e1j\u00e1n \u00e9s k\u00f6zgy\u0171l\u00e9s\u00e9n ker\u00fcl megv\u00e1laszt\u00e1sra a szervezet nemzetk\u00f6zi v\u00e1lasztm\u00e1nya, amely 14 tagb\u00f3l \u00e1ll. Az itt k\u00f6vetkez\u0151 r\u00e9gi\u00f3kat legal\u00e1bb egy tagnak kell k\u00e9pviselnie a v\u00e1lasztm\u00e1nyban:<\/span><br \/>\n<span style=\"font-family: Arial CE;\">\u00b7 Eur\u00f3pa (bele\u00e9rtve az Orosz F\u00f6der\u00e1ci\u00f3t is)<\/span><br \/>\n<span style=\"font-family: Arial CE;\">\u00b7 \u00c1zsia (kiv\u00e9ve az Orosz F\u00f6der\u00e1ci\u00f3t \u00e9s a K\u00f6zel-Keletet)<\/span><br \/>\n<span style=\"font-family: Arial CE;\">\u00b7<\/span><span style=\"font-family: Arial CE;\">\u00a0K\u00f6zel-Kelet \u00e9s \u00c9szak-Afrika<\/span><br \/>\n<b><span style=\"font-family: Arial CE;\">\u00b7\u00a0<\/span><\/b><span style=\"font-family: Arial CE;\">Afrika a Szahar\u00e1t\u00f3l d\u00e9lre<\/span><br \/>\n<span style=\"font-family: Arial CE;\">\u00b7<\/span><span style=\"font-family: Arial CE;\">\u00a0\u00d3ce\u00e1nia (bele\u00e9rtve Ausztr\u00e1l\u00e1zsi\u00e1t \u00e9s a csendes-\u00f3ce\u00e1ni szigeteket)<\/span><br \/>\n<span style=\"font-family: Arial CE;\">\u00b7<\/span><b><span style=\"font-family: Arial CE;\">\u00a0<\/span><\/b><span style=\"font-family: Arial CE;\">Latin-Amerika<\/span><br \/>\n<span style=\"font-family: Arial CE;\">\u00b7 \u00c9szak-Amerika<\/span><\/p>\n<p><span style=\"font-family: Arial CE;\">A v\u00e1lasztm\u00e1nyban szerepelhet tov\u00e1bb\u00e1 legf\u00f6ljebb 6 kieg\u00e9sz\u00edt\u0151 tag is, akiket az egyes\u00fclet tags\u00e1g\u00e1b\u00f3l v\u00e1lasztanak, \u00e9s akik nagyobb k\u00e9pviseletet biztos\u00edthatnak az alul k\u00e9pviselt ter\u00fcleteknek. A v\u00e1lasztm\u00e1ny tagjai k\u00f6z\u00fcl ker\u00fcl megv\u00e1laszt\u00e1sra az eln\u00f6k, az eln\u00f6khelyettes, a f\u0151titk\u00e1r, valamint a p\u00e9nzt\u00e1ros is.<\/span><br \/>\n<span style=\"font-family: Arial CE;\">Az IACD-nek mag\u00e1nszem\u00e9lyek \u00e9s szervezetek is lehetnek tagjai. A bel\u00e9p\u0151 tagok bel\u00e9p\u00e9si d\u00edjat fizetnek. Az \u00e9ves d\u00edjat a v\u00e1lasztm\u00e1ny hat\u00e1rozza meg. 1998-2000-re az \u00e9ves d\u00edj 30 angol font mag\u00e1nszem\u00e9lyek \u00e9s 100 font szervezetek sz\u00e1m\u00e1ra.<\/span><\/p>\n<p><b><span style=\"font-family: Arial CE;\">A demokratikus meg\u00fajul\u00e1s strat\u00e9gi\u00e1i<\/span><\/b><\/p>\n<p><span style=\"font-family: Arial CE;\">Az \u00e1llampolg\u00e1ri cselekv\u00e9s \u00e9s a k\u00f6z\u00f6ss\u00e9gfejleszt\u00e9s nemzetk\u00f6zi programja<\/span><\/p>\n<p><span style=\"font-family: Arial CE;\">Az International Association for Community Development (K\u00f6z\u00f6ss\u00e9gfejleszt\u0151k Nemzetk\u00f6zi Egyes\u00fclete) konferenci\u00e1ja<\/span><br \/>\n<span style=\"font-family: Arial CE;\">Edinburgh, Sk\u00f3cia -1999. \u00e1prilis 8-12.<\/span><\/p>\n<p><b><span style=\"font-family: Arial CE;\">H\u00e1tt\u00e9r\u00a0<\/span><\/b><span style=\"font-family: Arial CE;\">Ahogy k\u00f6zeled\u00fcnk a millenniumhoz, a huszadik sz\u00e1zadot er\u0151teljesen jellemz\u0151 bipol\u00e1ris ideol\u00f3gi\u00e1k halv\u00e1nyul\u00e1s\u00e1val \u00fajb\u00f3l fel\u00e9lednek a demokr\u00e1cia term\u00e9szet\u00e9r\u0151l sz\u00f3l\u00f3 vit\u00e1k. Az \u00e1llampolg\u00e1rok k\u00e9pess\u00e9 t\u00e9tele \u00e9s a helyi, k\u00f6z\u00f6ss\u00e9gi korm\u00e1nyz\u00e1s m\u00e1ra kulcsfontoss\u00e1g\u00fa jellemz\u0151iv\u00e9 v\u00e1ltak a fenntarthat\u00f3 t\u00e1rsadalmi, gazdas\u00e1gi \u00e9s politikai \u00fajj\u00e1\u00e9p\u00edt\u00e9snek \u00e9s fejleszt\u00e9snek. A (helyi \u00e9s nemzeti) korm\u00e1nyoknak \u00e9s az \u00fczleti \u00e9rdekeknek v\u00e1laszt kell adniuk a n\u00e9p hatalomra jut\u00e1sa \u00e1ltal felvetett k\u00e9rd\u00e9sekre. B\u00e1r gyakran csak a retorika szintj\u00e9n, \u00e1m m\u00e9gis jelen van annak felismer\u00e9se, hogy sz\u00fcks\u00e9ges az \u00e1llampolg\u00e1ri cselekv\u00e9s \u00e9s a k\u00f6z\u00f6ss\u00e9gfejleszt\u00e9s t\u00e1mogat\u00e1sa.<\/span><\/p>\n<p><b><span style=\"font-family: Arial CE;\">Az 1999-es konferencia<\/span><\/b><br \/>\n<span style=\"font-family: Arial CE;\">Az IACD-nek ez a fontos nemzetk\u00f6zi konferenci\u00e1ja politikusokat, gyakorl\u00f3 k\u00f6z\u00f6ss\u00e9gfejleszt\u0151ket, k\u00e9pz\u00e9si szakembereket \u00e9s kutat\u00f3kat hoz \u00f6ssze az\u00e9rt, hogy megoszthass\u00e1k szak\u00e9rtelm\u00fcket \u00e9s tapasztalataikat a demokratikus meg\u00fajul\u00e1s gyakorlati strat\u00e9gi\u00e1inak \u00e9s modelljeinek \u00e9p\u00edt\u00e9se sor\u00e1n.<\/span><\/p>\n<p><b><span style=\"font-family: Arial CE;\">A form\u00e1tum<\/span><\/b><br \/>\n<span style=\"font-family: Arial CE;\">A konferencia \u00f6tnapos lesz, \u00e9s Sk\u00f3ci\u00e1ban ker\u00fcl megrendez\u00e9sre, m\u00e9gpedig abban a h\u00f3napban, amelyben az orsz\u00e1g h\u00e1romsz\u00e1z \u00e9ve el\u0151sz\u00f6r v\u00e1laszthatta meg parlamentj\u00e9t. Az\u00e9rt ker\u00fcl megszervez\u00e9sre, hogy gyakorlati tanul\u00e1si lehet\u0151s\u00e9get biztos\u00edtson a r\u00e9sztvev\u0151knek, ahol megoszthatj\u00e1k legjobb gyakorlati tapasztalataikat, h\u00e1l\u00f3zatot \u00e9p\u00edthetnek, \u00e9s kihaszn\u00e1lhatj\u00e1k a lehet\u0151s\u00e9get egy k\u00f6z\u00f6s napirend kialak\u00edt\u00e1s\u00e1ra. A konferencia programja a k\u00f6vetkez\u0151ket fogja tartalmazni:<\/span><br \/>\n<b><span style=\"font-family: Arial CE;\">\u00b7<\/span><\/b><span style=\"font-family: Arial CE;\">\u00a0Bevezet\u0151 jelleg\u0171 el\u0151ad\u00e1sok vezet\u0151 politikusokt\u00f3l \u00e9s polg\u00e1ri aktivist\u00e1kt\u00f3l;<\/span><br \/>\n<b><span style=\"font-family: Arial CE;\">\u00b7<\/span><\/b><span style=\"font-family: Arial CE;\">\u00a0Szak\u00e9rt\u0151i, bizotts\u00e1gi \u00fcl\u00e9sek (sz\u00e1m szerint \u00f6t);<\/span><br \/>\n<b><span style=\"font-family: Arial CE;\">\u00b7<\/span><\/b><span style=\"font-family: Arial CE;\">\u00a0Tal\u00e1lkoz\u00f3k region\u00e1lis \u00e9s k\u00fcl\u00f6nleges \u00e9rdekcsoportok sz\u00e1m\u00e1ra;<\/span><br \/>\n<span style=\"font-family: Arial CE;\">\u00b7 F\u00f3kusz\u00e1lt m\u0171helymunka a k\u00f6vetkez\u0151 t\u00e9mak\u00f6r\u00f6kben:<\/span><br \/>\n<span style=\"font-family: Arial CE;\">&#8211; Demokr\u00e1cia \u00e9s fejl\u0151d\u00e9s,<\/span><br \/>\n<span style=\"font-family: Arial CE;\">&#8211; A m\u00e9dia demokratiz\u00e1l\u00e1sa,<\/span><br \/>\n<span style=\"font-family: Arial CE;\">&#8211; \u00c1llampolg\u00e1ris\u00e1g \u00e9s kisebbs\u00e9gek,<\/span><br \/>\n<span style=\"font-family: Arial CE;\">&#8211; Oktat\u00e1s a demokr\u00e1ci\u00e1\u00e9rt,<\/span><br \/>\n<span style=\"font-family: Arial CE;\">&#8211; \u00c1llampolg\u00e1ri r\u00e9szv\u00e9tel \u00e9s korm\u00e1nyz\u00e1s,<\/span><br \/>\n<span style=\"font-family: Arial CE;\">&#8211; \u00c1llampolg\u00e1ri cselekv\u00e9s \u00e9s k\u00f6z\u00f6ss\u00e9gi meg\u00fajul\u00e1s,<\/span><br \/>\n<span style=\"font-family: Arial CE;\">&#8211; Szervez\u0151munka a k\u00f6rnyezetv\u00e9delemben,<\/span><br \/>\n<span style=\"font-family: Arial CE;\">&#8211; \u00c1llampolg\u00e1ri szervezetek \u00e9s h\u00e1l\u00f3zatok \u00e9p\u00edt\u00e9se,<\/span><br \/>\n<span style=\"font-family: Arial CE;\">&#8211; \u00daj t\u00e1rsadalmi mozgalmak,<\/span><br \/>\n<b><span style=\"font-family: Arial CE;\">\u00b7<\/span><\/b><span style=\"font-family: Arial CE;\">\u00a0Ki\u00e1ll\u00edt\u00e1sok \u00e9s kiadv\u00e1nyok \u00e1rus\u00edt\u00e1sa,<\/span><br \/>\n<b><span style=\"font-family: Arial CE;\">.\u00a0<\/span><\/b><span style=\"font-family: Arial CE;\">L\u00e1togat\u00e1sok helyi k\u00f6z\u00f6ss\u00e9gi \u00e9s \u00e1llampolg\u00e1ri szervezetekn\u00e9l,<\/span><br \/>\n<span style=\"font-family: Arial CE;\">\u00b7 Sk\u00f3t t\u00e1rsadalmi esem\u00e9nyeken val\u00f3 r\u00e9szv\u00e9tel,<\/span><br \/>\n<b><span style=\"font-family: Arial CE;\">\u00b7<\/span><\/b><span style=\"font-family: Arial CE;\">\u00a0Az IACD \u00e9ves k\u00f6zgy\u0171l\u00e9se \u00e9s lehet\u0151s\u00e9g az \u00faj v\u00e1lasztm\u00e1nyba t\u00f6rt\u00e9n\u0151 bev\u00e1laszt\u00e1sra.<\/span><\/p>\n<p><b><span style=\"font-family: Arial CE;\">A r\u00e9sztvev\u0151k<\/span><\/b><br \/>\n<span style=\"font-family: Arial CE;\">A konferencia nyitott mind IACD tagok, mind k\u00edv\u00fcl\u00e1ll\u00f3k sz\u00e1m\u00e1ra. C\u00e9lja, hogy politikusokat, gyakorl\u00f3 k\u00f6z\u00f6ss\u00e9gfejleszt\u0151ket, kutat\u00f3kat, aktivist\u00e1kat hozzon \u00f6ssze az\u00e9rt, hogy megoszthass\u00e1k tapasztalataikat, \u00e9s egy\u00fctt f\u00e1radozzanak egy k\u00f6z\u00f6s napirend kialak\u00edt\u00e1s\u00e1n. A konferenci\u00e1t angolul tarj\u00e1k, de a bevezet\u0151 \u00e9s bizotts\u00e1gi \u00fcl\u00e9sek anyag\u00e1t franci\u00e1ra is leford\u00edtj\u00e1k. A konferencia helysz\u00edne \u00e9s a sz\u00e1ll\u00e1s mozg\u00e1ss\u00e9r\u00fcltek \u00e1ltal is ig\u00e9nybe vehet\u0151.<\/span><\/p>\n<p><b><span style=\"font-family: Arial CE;\">Felh\u00edv\u00e1s tanulm\u00e1nyok \u00edr\u00e1s\u00e1ra<\/span><\/b><br \/>\n<span style=\"font-family: Arial CE;\">Az IACD arra b\u00e1tor\u00edtja a r\u00e9sztvev\u0151ket, hogy tanulm\u00e1nyokkal j\u00e1ruljanak hozz\u00e1 a konferenci\u00e1hoz a m\u0171helyt\u00e9m\u00e1k valamelyik\u00e9ben. A form\u00e1lis el\u0151ad\u00e1sok sz\u00e1m\u00e1t minimaliz\u00e1lj\u00e1k, viszont sz\u00edvesen l\u00e1tnak kutat\u00e1si anyagokat \u00e9s (k\u00fcl\u00f6n\u00f6sen) esettanulm\u00e1nyokat is. Ezekhez az anyagokhoz a r\u00e9sztvev\u0151k is hozz\u00e1f\u00e9rhetnek majd, a szerz\u0151ket pedig a m\u0171helymunk\u00e1k sor\u00e1n lehet k\u00f6zelebbr\u0151l megismerni. A Nemzetk\u00f6zi K\u00f6z\u00f6ss\u00e9gfejleszt\u0151 Foly\u00f3irat (International Community Development Journal) \u00e9s a Sk\u00f3t K\u00f6z\u00f6ss\u00e9gi Munk\u00e1sok \u00e9s K\u00f6z\u00f6ss\u00e9gfejleszt\u0151k Foly\u00f3irata (Scottish Journal of Community Work and Development) k\u00f6z\u00f6sen tervezik egy v\u00e1logat\u00e1s kiad\u00e1s\u00e1t ezekb\u0151l a tanulm\u00e1nyokb\u00f3l.<\/span><br \/>\n<span style=\"font-family: Arial CE;\">A javasolt tanulm\u00e1nyokr\u00f3l maximum 250 szavas kivonat k\u00fcldhet\u0151 elfogad\u00e1sra a k\u00f6vetkez\u0151 c\u00edmre: IACD, Rosebery House, 9 haymarket Terrace, Edinburgh EH12 5EZ.<\/span><\/p>\n<p><b><span style=\"font-family: Arial CE;\">Helysz\u00edn, jelentkez\u00e9s, r\u00e9szv\u00e9teli d\u00edj<\/span><\/b><br \/>\n<span style=\"font-family: Arial CE;\">A konferencia az Edinburgh-i egyetemen ker\u00fcl megrendez\u00e9sre, ahol bentlak\u00e1sos ell\u00e1t\u00e1s is ig\u00e9nyelhet\u0151. A sz\u00e1llodai ell\u00e1t\u00e1sr\u00f3l az IACD irod\u00e1ja szolg\u00e1l inform\u00e1ci\u00f3val. A &#8216;fejl\u0151d\u0151&#8217; orsz\u00e1gokb\u00f3l \u00e9rkez\u0151, sz\u0171k\u00f6s p\u00e9nz\u00fcgyi keretekkel rendelkez\u0151 r\u00e9sztvev\u0151k korl\u00e1tozott sz\u00e1mban rem\u00e9lhet\u0151leg olcs\u00f3bb rep\u00fcl\u0151jegyhez juthatnak. A &#8216;fejlett&#8217; \u00e9s &#8216;fejl\u0151d\u0151&#8217; orsz\u00e1gokb\u00f3l \u00e9rkez\u0151knek k\u00fcl\u00f6n d\u00edjszab\u00e1s van \u00e9rv\u00e9nyben (a r\u00e9szleteket l\u00e1sd a jelentkez\u00e9si lapon). Az IACD-tagok, valamint az 1998. december 1-je el\u0151tt jelentkez\u0151 k\u00edv\u00fcl\u00e1ll\u00f3k 20%-os kedvezm\u00e9nyben r\u00e9szes\u00fclnek.<\/span><\/p>\n<p><i><span style=\"font-family: Arial CE;\">(A szervezetet bemutat\u00f3<\/span><\/i><span style=\"font-family: Arial CE;\">\u00a0<\/span><i><span style=\"font-family: Arial CE;\">angol nyelv\u0171 ismertet\u0151, tov\u00e1bb\u00e1 a konferenci\u00e1ra sz\u00f3l\u00f3 r\u00e9szletes felh\u00edv\u00e1s \u00e9s<\/span><\/i><span style=\"font-family: Arial CE;\">\u00a0<\/span><i><span style=\"font-family: Arial CE;\">jelentkez\u00e9si lap a K\u00f6z\u00f6ss\u00e9gfejleszt\u0151k Egyes\u00fclet\u00e9n\u00e9l k\u00e9rhet\u0151.)<\/span><\/i><\/p>\n","protected":false},"excerpt":{"rendered":"<p>Inform\u00e1ci\u00f3k az egyes\u00fcletr\u0151l \u00e9s a tags\u00e1gr\u00f3l A k\u00f6z\u00f6ss\u00e9gfejleszt\u00e9ssel foglalkoz\u00f3k munk\u00e1j\u00e1ban szerepet kell kapnia a glob\u00e1lis dimenzi\u00f3nak is. J\u00f3llehet a k\u00f6z\u00f6ss\u00e9gfejleszt\u00e9s l\u00e9nyeg\u00e9ben helyi beavatkoz\u00e1sban \u00e9s k\u00e9pess\u00e9gfejleszt\u0151 programokban \u00e9rdekelt, p\u00e9ld\u00e1ul az eg\u00e9szs\u00e9g\u00fcgy, szeg\u00e9nys\u00e9g, gazdas\u00e1gfejleszt\u00e9s vagy k\u00f6rnyezetv\u00e9delem ter\u00fclet\u00e9n, sok probl\u00e9ma ok\u00e1t m\u00e9gis csak a helyi k\u00f6z\u00f6ss\u00e9geken k\u00edv\u00fcl lehet megsz\u00fcntetni.<\/p>\n","protected":false},"author":4,"featured_media":3488,"comment_status":"open","ping_status":"open","sticky":false,"template":"","format":"standard","meta":{"_acf_changed":false,"footnotes":""},"categories":[430,8,7],"tags":[],"coauthors":[47],"class_list":["post-2613","post","type-post","status-publish","format-standard","has-post-thumbnail","hentry","category-parola-1998-2-3","category-parola-folyoirat","category-repertorium"],"acf":[],"yoast_head":"<!-- This site is optimized with the Yoast SEO plugin v26.7 - https:\/\/yoast.com\/wordpress\/plugins\/seo\/ -->\n<title>Az IACD konferenci\u00e1ja Sk\u00f3ci\u00e1ban - Parola Foly\u00f3irat<\/title>\n<meta name=\"robots\" content=\"index, follow, max-snippet:-1, max-image-preview:large, max-video-preview:-1\" \/>\n<link rel=\"canonical\" href=\"https:\/\/kofe.hu\/parola\/parola-folyoirat\/az-iacd-konferenciaja-skociaban\/\" \/>\n<meta property=\"og:locale\" content=\"hu_HU\" \/>\n<meta property=\"og:type\" content=\"article\" \/>\n<meta property=\"og:title\" content=\"Az IACD konferenci\u00e1ja Sk\u00f3ci\u00e1ban - Parola Foly\u00f3irat\" \/>\n<meta property=\"og:description\" content=\"Inform\u00e1ci\u00f3k az egyes\u00fcletr\u0151l \u00e9s a tags\u00e1gr\u00f3l A k\u00f6z\u00f6ss\u00e9gfejleszt\u00e9ssel foglalkoz\u00f3k munk\u00e1j\u00e1ban szerepet kell kapnia a glob\u00e1lis dimenzi\u00f3nak is. J\u00f3llehet a k\u00f6z\u00f6ss\u00e9gfejleszt\u00e9s l\u00e9nyeg\u00e9ben helyi beavatkoz\u00e1sban \u00e9s k\u00e9pess\u00e9gfejleszt\u0151 programokban \u00e9rdekelt, p\u00e9ld\u00e1ul az eg\u00e9szs\u00e9g\u00fcgy, szeg\u00e9nys\u00e9g, gazdas\u00e1gfejleszt\u00e9s vagy k\u00f6rnyezetv\u00e9delem ter\u00fclet\u00e9n, sok probl\u00e9ma ok\u00e1t m\u00e9gis csak a helyi k\u00f6z\u00f6ss\u00e9geken k\u00edv\u00fcl lehet megsz\u00fcntetni.\" \/>\n<meta property=\"og:url\" content=\"https:\/\/kofe.hu\/parola\/parola-folyoirat\/az-iacd-konferenciaja-skociaban\/\" \/>\n<meta property=\"og:site_name\" content=\"Parola Foly\u00f3irat\" \/>\n<meta property=\"article:published_time\" content=\"2020-07-10T08:51:17+00:00\" \/>\n<meta property=\"article:modified_time\" content=\"2020-07-30T16:14:29+00:00\" \/>\n<meta property=\"og:image\" content=\"https:\/\/kofe.hu\/parola\/wp-content\/uploads\/2020\/07\/98.2.3.jpeg\" \/>\n\t<meta property=\"og:image:width\" content=\"1332\" \/>\n\t<meta property=\"og:image:height\" content=\"1980\" \/>\n\t<meta property=\"og:image:type\" content=\"image\/jpeg\" \/>\n<meta name=\"author\" content=\"Parola\" \/>\n<meta name=\"twitter:card\" content=\"summary_large_image\" \/>\n<meta name=\"twitter:label1\" content=\"Szerz\u0151:\" \/>\n\t<meta name=\"twitter:data1\" content=\"Parola\" \/>\n\t<meta name=\"twitter:label2\" content=\"Becs\u00fclt olvas\u00e1si id\u0151\" \/>\n\t<meta name=\"twitter:data2\" content=\"10 perc\" \/>\n\t<meta name=\"twitter:label3\" content=\"Written by\" \/>\n\t<meta name=\"twitter:data3\" content=\"Parola\" \/>\n<script type=\"application\/ld+json\" class=\"yoast-schema-graph\">{\"@context\":\"https:\/\/schema.org\",\"@graph\":[{\"@type\":\"Article\",\"@id\":\"https:\/\/kofe.hu\/parola\/parola-folyoirat\/az-iacd-konferenciaja-skociaban\/#article\",\"isPartOf\":{\"@id\":\"https:\/\/kofe.hu\/parola\/parola-folyoirat\/az-iacd-konferenciaja-skociaban\/\"},\"author\":{\"name\":\"Parola\",\"@id\":\"https:\/\/kofe.hu\/parola\/#\/schema\/person\/b39ea6ec0995233537351d7e33281aeb\"},\"headline\":\"Az IACD konferenci\u00e1ja Sk\u00f3ci\u00e1ban\",\"datePublished\":\"2020-07-10T08:51:17+00:00\",\"dateModified\":\"2020-07-30T16:14:29+00:00\",\"mainEntityOfPage\":{\"@id\":\"https:\/\/kofe.hu\/parola\/parola-folyoirat\/az-iacd-konferenciaja-skociaban\/\"},\"wordCount\":1958,\"commentCount\":0,\"image\":{\"@id\":\"https:\/\/kofe.hu\/parola\/parola-folyoirat\/az-iacd-konferenciaja-skociaban\/#primaryimage\"},\"thumbnailUrl\":\"https:\/\/kofe.hu\/parola\/wp-content\/uploads\/2020\/07\/98.2.3.jpeg\",\"articleSection\":[\"Parola 1998\/2-3\",\"Parola Foly\u00f3irat\",\"Repert\u00f3rium\"],\"inLanguage\":\"hu\",\"potentialAction\":[{\"@type\":\"CommentAction\",\"name\":\"Comment\",\"target\":[\"https:\/\/kofe.hu\/parola\/parola-folyoirat\/az-iacd-konferenciaja-skociaban\/#respond\"]}]},{\"@type\":\"WebPage\",\"@id\":\"https:\/\/kofe.hu\/parola\/parola-folyoirat\/az-iacd-konferenciaja-skociaban\/\",\"url\":\"https:\/\/kofe.hu\/parola\/parola-folyoirat\/az-iacd-konferenciaja-skociaban\/\",\"name\":\"Az IACD konferenci\u00e1ja Sk\u00f3ci\u00e1ban - Parola Foly\u00f3irat\",\"isPartOf\":{\"@id\":\"https:\/\/kofe.hu\/parola\/#website\"},\"primaryImageOfPage\":{\"@id\":\"https:\/\/kofe.hu\/parola\/parola-folyoirat\/az-iacd-konferenciaja-skociaban\/#primaryimage\"},\"image\":{\"@id\":\"https:\/\/kofe.hu\/parola\/parola-folyoirat\/az-iacd-konferenciaja-skociaban\/#primaryimage\"},\"thumbnailUrl\":\"https:\/\/kofe.hu\/parola\/wp-content\/uploads\/2020\/07\/98.2.3.jpeg\",\"datePublished\":\"2020-07-10T08:51:17+00:00\",\"dateModified\":\"2020-07-30T16:14:29+00:00\",\"author\":{\"@id\":\"https:\/\/kofe.hu\/parola\/#\/schema\/person\/b39ea6ec0995233537351d7e33281aeb\"},\"breadcrumb\":{\"@id\":\"https:\/\/kofe.hu\/parola\/parola-folyoirat\/az-iacd-konferenciaja-skociaban\/#breadcrumb\"},\"inLanguage\":\"hu\",\"potentialAction\":[{\"@type\":\"ReadAction\",\"target\":[\"https:\/\/kofe.hu\/parola\/parola-folyoirat\/az-iacd-konferenciaja-skociaban\/\"]}]},{\"@type\":\"ImageObject\",\"inLanguage\":\"hu\",\"@id\":\"https:\/\/kofe.hu\/parola\/parola-folyoirat\/az-iacd-konferenciaja-skociaban\/#primaryimage\",\"url\":\"https:\/\/kofe.hu\/parola\/wp-content\/uploads\/2020\/07\/98.2.3.jpeg\",\"contentUrl\":\"https:\/\/kofe.hu\/parola\/wp-content\/uploads\/2020\/07\/98.2.3.jpeg\",\"width\":1332,\"height\":1980},{\"@type\":\"BreadcrumbList\",\"@id\":\"https:\/\/kofe.hu\/parola\/parola-folyoirat\/az-iacd-konferenciaja-skociaban\/#breadcrumb\",\"itemListElement\":[{\"@type\":\"ListItem\",\"position\":1,\"name\":\"Home\",\"item\":\"https:\/\/kofe.hu\/parola\/\"},{\"@type\":\"ListItem\",\"position\":2,\"name\":\"Az IACD konferenci\u00e1ja Sk\u00f3ci\u00e1ban\"}]},{\"@type\":\"WebSite\",\"@id\":\"https:\/\/kofe.hu\/parola\/#website\",\"url\":\"https:\/\/kofe.hu\/parola\/\",\"name\":\"Parola Foly\u00f3irat\",\"description\":\"\",\"potentialAction\":[{\"@type\":\"SearchAction\",\"target\":{\"@type\":\"EntryPoint\",\"urlTemplate\":\"https:\/\/kofe.hu\/parola\/?s={search_term_string}\"},\"query-input\":{\"@type\":\"PropertyValueSpecification\",\"valueRequired\":true,\"valueName\":\"search_term_string\"}}],\"inLanguage\":\"hu\"},{\"@type\":\"Person\",\"@id\":\"https:\/\/kofe.hu\/parola\/#\/schema\/person\/b39ea6ec0995233537351d7e33281aeb\",\"name\":\"Parola\",\"image\":{\"@type\":\"ImageObject\",\"inLanguage\":\"hu\",\"@id\":\"https:\/\/kofe.hu\/parola\/#\/schema\/person\/image\/ef1d7dc4d1949d5457aa415351763853\",\"url\":\"https:\/\/secure.gravatar.com\/avatar\/c18c00ea50048aa7adb99e5d11e4250d05111e33b2bea02671439eb7912c945e?s=96&d=mm&r=g\",\"contentUrl\":\"https:\/\/secure.gravatar.com\/avatar\/c18c00ea50048aa7adb99e5d11e4250d05111e33b2bea02671439eb7912c945e?s=96&d=mm&r=g\",\"caption\":\"Parola\"},\"url\":\"https:\/\/kofe.hu\/parola\/szerzok\/parola\/\"}]}<\/script>\n<!-- \/ Yoast SEO plugin. -->","yoast_head_json":{"title":"Az IACD konferenci\u00e1ja Sk\u00f3ci\u00e1ban - Parola Foly\u00f3irat","robots":{"index":"index","follow":"follow","max-snippet":"max-snippet:-1","max-image-preview":"max-image-preview:large","max-video-preview":"max-video-preview:-1"},"canonical":"https:\/\/kofe.hu\/parola\/parola-folyoirat\/az-iacd-konferenciaja-skociaban\/","og_locale":"hu_HU","og_type":"article","og_title":"Az IACD konferenci\u00e1ja Sk\u00f3ci\u00e1ban - Parola Foly\u00f3irat","og_description":"Inform\u00e1ci\u00f3k az egyes\u00fcletr\u0151l \u00e9s a tags\u00e1gr\u00f3l A k\u00f6z\u00f6ss\u00e9gfejleszt\u00e9ssel foglalkoz\u00f3k munk\u00e1j\u00e1ban szerepet kell kapnia a glob\u00e1lis dimenzi\u00f3nak is. J\u00f3llehet a k\u00f6z\u00f6ss\u00e9gfejleszt\u00e9s l\u00e9nyeg\u00e9ben helyi beavatkoz\u00e1sban \u00e9s k\u00e9pess\u00e9gfejleszt\u0151 programokban \u00e9rdekelt, p\u00e9ld\u00e1ul az eg\u00e9szs\u00e9g\u00fcgy, szeg\u00e9nys\u00e9g, gazdas\u00e1gfejleszt\u00e9s vagy k\u00f6rnyezetv\u00e9delem ter\u00fclet\u00e9n, sok probl\u00e9ma ok\u00e1t m\u00e9gis csak a helyi k\u00f6z\u00f6ss\u00e9geken k\u00edv\u00fcl lehet megsz\u00fcntetni.","og_url":"https:\/\/kofe.hu\/parola\/parola-folyoirat\/az-iacd-konferenciaja-skociaban\/","og_site_name":"Parola Foly\u00f3irat","article_published_time":"2020-07-10T08:51:17+00:00","article_modified_time":"2020-07-30T16:14:29+00:00","og_image":[{"width":1332,"height":1980,"url":"https:\/\/kofe.hu\/parola\/wp-content\/uploads\/2020\/07\/98.2.3.jpeg","type":"image\/jpeg"}],"author":"Parola","twitter_card":"summary_large_image","twitter_misc":{"Szerz\u0151:":"Parola","Becs\u00fclt olvas\u00e1si id\u0151":"10 perc","Written by":"Parola"},"schema":{"@context":"https:\/\/schema.org","@graph":[{"@type":"Article","@id":"https:\/\/kofe.hu\/parola\/parola-folyoirat\/az-iacd-konferenciaja-skociaban\/#article","isPartOf":{"@id":"https:\/\/kofe.hu\/parola\/parola-folyoirat\/az-iacd-konferenciaja-skociaban\/"},"author":{"name":"Parola","@id":"https:\/\/kofe.hu\/parola\/#\/schema\/person\/b39ea6ec0995233537351d7e33281aeb"},"headline":"Az IACD konferenci\u00e1ja Sk\u00f3ci\u00e1ban","datePublished":"2020-07-10T08:51:17+00:00","dateModified":"2020-07-30T16:14:29+00:00","mainEntityOfPage":{"@id":"https:\/\/kofe.hu\/parola\/parola-folyoirat\/az-iacd-konferenciaja-skociaban\/"},"wordCount":1958,"commentCount":0,"image":{"@id":"https:\/\/kofe.hu\/parola\/parola-folyoirat\/az-iacd-konferenciaja-skociaban\/#primaryimage"},"thumbnailUrl":"https:\/\/kofe.hu\/parola\/wp-content\/uploads\/2020\/07\/98.2.3.jpeg","articleSection":["Parola 1998\/2-3","Parola Foly\u00f3irat","Repert\u00f3rium"],"inLanguage":"hu","potentialAction":[{"@type":"CommentAction","name":"Comment","target":["https:\/\/kofe.hu\/parola\/parola-folyoirat\/az-iacd-konferenciaja-skociaban\/#respond"]}]},{"@type":"WebPage","@id":"https:\/\/kofe.hu\/parola\/parola-folyoirat\/az-iacd-konferenciaja-skociaban\/","url":"https:\/\/kofe.hu\/parola\/parola-folyoirat\/az-iacd-konferenciaja-skociaban\/","name":"Az IACD konferenci\u00e1ja Sk\u00f3ci\u00e1ban - Parola Foly\u00f3irat","isPartOf":{"@id":"https:\/\/kofe.hu\/parola\/#website"},"primaryImageOfPage":{"@id":"https:\/\/kofe.hu\/parola\/parola-folyoirat\/az-iacd-konferenciaja-skociaban\/#primaryimage"},"image":{"@id":"https:\/\/kofe.hu\/parola\/parola-folyoirat\/az-iacd-konferenciaja-skociaban\/#primaryimage"},"thumbnailUrl":"https:\/\/kofe.hu\/parola\/wp-content\/uploads\/2020\/07\/98.2.3.jpeg","datePublished":"2020-07-10T08:51:17+00:00","dateModified":"2020-07-30T16:14:29+00:00","author":{"@id":"https:\/\/kofe.hu\/parola\/#\/schema\/person\/b39ea6ec0995233537351d7e33281aeb"},"breadcrumb":{"@id":"https:\/\/kofe.hu\/parola\/parola-folyoirat\/az-iacd-konferenciaja-skociaban\/#breadcrumb"},"inLanguage":"hu","potentialAction":[{"@type":"ReadAction","target":["https:\/\/kofe.hu\/parola\/parola-folyoirat\/az-iacd-konferenciaja-skociaban\/"]}]},{"@type":"ImageObject","inLanguage":"hu","@id":"https:\/\/kofe.hu\/parola\/parola-folyoirat\/az-iacd-konferenciaja-skociaban\/#primaryimage","url":"https:\/\/kofe.hu\/parola\/wp-content\/uploads\/2020\/07\/98.2.3.jpeg","contentUrl":"https:\/\/kofe.hu\/parola\/wp-content\/uploads\/2020\/07\/98.2.3.jpeg","width":1332,"height":1980},{"@type":"BreadcrumbList","@id":"https:\/\/kofe.hu\/parola\/parola-folyoirat\/az-iacd-konferenciaja-skociaban\/#breadcrumb","itemListElement":[{"@type":"ListItem","position":1,"name":"Home","item":"https:\/\/kofe.hu\/parola\/"},{"@type":"ListItem","position":2,"name":"Az IACD konferenci\u00e1ja Sk\u00f3ci\u00e1ban"}]},{"@type":"WebSite","@id":"https:\/\/kofe.hu\/parola\/#website","url":"https:\/\/kofe.hu\/parola\/","name":"Parola Foly\u00f3irat","description":"","potentialAction":[{"@type":"SearchAction","target":{"@type":"EntryPoint","urlTemplate":"https:\/\/kofe.hu\/parola\/?s={search_term_string}"},"query-input":{"@type":"PropertyValueSpecification","valueRequired":true,"valueName":"search_term_string"}}],"inLanguage":"hu"},{"@type":"Person","@id":"https:\/\/kofe.hu\/parola\/#\/schema\/person\/b39ea6ec0995233537351d7e33281aeb","name":"Parola","image":{"@type":"ImageObject","inLanguage":"hu","@id":"https:\/\/kofe.hu\/parola\/#\/schema\/person\/image\/ef1d7dc4d1949d5457aa415351763853","url":"https:\/\/secure.gravatar.com\/avatar\/c18c00ea50048aa7adb99e5d11e4250d05111e33b2bea02671439eb7912c945e?s=96&d=mm&r=g","contentUrl":"https:\/\/secure.gravatar.com\/avatar\/c18c00ea50048aa7adb99e5d11e4250d05111e33b2bea02671439eb7912c945e?s=96&d=mm&r=g","caption":"Parola"},"url":"https:\/\/kofe.hu\/parola\/szerzok\/parola\/"}]}},"_links":{"self":[{"href":"https:\/\/kofe.hu\/parola\/wp-json\/wp\/v2\/posts\/2613","targetHints":{"allow":["GET"]}}],"collection":[{"href":"https:\/\/kofe.hu\/parola\/wp-json\/wp\/v2\/posts"}],"about":[{"href":"https:\/\/kofe.hu\/parola\/wp-json\/wp\/v2\/types\/post"}],"author":[{"embeddable":true,"href":"https:\/\/kofe.hu\/parola\/wp-json\/wp\/v2\/users\/4"}],"replies":[{"embeddable":true,"href":"https:\/\/kofe.hu\/parola\/wp-json\/wp\/v2\/comments?post=2613"}],"version-history":[{"count":3,"href":"https:\/\/kofe.hu\/parola\/wp-json\/wp\/v2\/posts\/2613\/revisions"}],"predecessor-version":[{"id":4777,"href":"https:\/\/kofe.hu\/parola\/wp-json\/wp\/v2\/posts\/2613\/revisions\/4777"}],"wp:featuredmedia":[{"embeddable":true,"href":"https:\/\/kofe.hu\/parola\/wp-json\/wp\/v2\/media\/3488"}],"wp:attachment":[{"href":"https:\/\/kofe.hu\/parola\/wp-json\/wp\/v2\/media?parent=2613"}],"wp:term":[{"taxonomy":"category","embeddable":true,"href":"https:\/\/kofe.hu\/parola\/wp-json\/wp\/v2\/categories?post=2613"},{"taxonomy":"post_tag","embeddable":true,"href":"https:\/\/kofe.hu\/parola\/wp-json\/wp\/v2\/tags?post=2613"},{"taxonomy":"author","embeddable":true,"href":"https:\/\/kofe.hu\/parola\/wp-json\/wp\/v2\/coauthors?post=2613"}],"curies":[{"name":"wp","href":"https:\/\/api.w.org\/{rel}","templated":true}]}}