{"id":2607,"date":"2020-07-10T08:44:56","date_gmt":"2020-07-10T08:44:56","guid":{"rendered":"https:\/\/kofe.hu\/parola\/?p=2607"},"modified":"2020-07-30T16:13:45","modified_gmt":"2020-07-30T16:13:45","slug":"svedorszagi-szovetkezetek-es-projektek-a-munkanelkuliseg-enyhitese-erdekeben","status":"publish","type":"post","link":"https:\/\/kofe.hu\/parola\/parola-folyoirat\/svedorszagi-szovetkezetek-es-projektek-a-munkanelkuliseg-enyhitese-erdekeben\/","title":{"rendered":"Sv\u00e9dorsz\u00e1gi sz\u00f6vetkezetek \u00e9s projektek a munkan\u00e9lk\u00fclis\u00e9g enyh\u00edt\u00e9se \u00e9rdek\u00e9ben"},"content":{"rendered":"<p style=\"text-align: justify;\"><span style=\"font-family: Arial CE;\">1997 okt\u00f3ber\u00e9ben n\u00e9gyhetes sv\u00e9dorsz\u00e1gi tanulm\u00e1ny\u00faton vettem r\u00e9szt k\u00e9t koll\u00e9g\u00e1mmal abb\u00f3l a c\u00e9lb\u00f3l, hogy m\u0171k\u00f6d\u0151 sz\u00f6vetkezeteken, projekteken kereszt\u00fcl ismerj\u00fck meg a sz\u00f6vetkezetfejleszt\u0151k munk\u00e1j\u00e1t. Vid\u00e9ken \u00e9s nagyv\u00e1rosokban egyar\u00e1nt j\u00e1rtunk, sok-sok \u00e9lm\u00e9nnyel t\u00e9rt\u00fcnk haza, amely j\u00f3 ind\u00edttat\u00e1st adott itthon v\u00e9gzend\u0151 munk\u00e1nkhoz.<\/span><\/p>\n<p><span style=\"font-family: Arial CE;\">A Parola olvas\u00f3it szeretn\u00e9m megismertetni a l\u00e1tottakkal, tapasztaltakkal.<\/span><\/p>\n<p><span style=\"font-family: Arial CE;\">A n\u00e9gy h\u00e9t alatt bepillant\u00e1st kaphattunk a sv\u00e9d emberek mindennapjaiba is, hiszen t\u00f6bbsz\u00f6r csal\u00e1dokn\u00e1l laktunk, vagy megh\u00edvtak benn\u00fcnket otthonukba. Azt azonban el\u0151re le kell \u00edrnom, hogy b\u00e1rmennyire sz\u00e9p orsz\u00e1g, b\u00e1rmennyire szimpatikus a szoci\u00e1lpolitik\u00e1juk, b\u00e1rmily kedvesek az emberek, m\u00e9gis mindh\u00e1rman az els\u0151 h\u00e9ten m\u00e1r haza v\u00e1gytunk. Ezen elm\u00e9lkedni azonban nem volt id\u0151nk. Minden megl\u00e1togatott sz\u00f6vetkezetfejleszt\u00e9si iroda munkat\u00e1rsa gondoskodott minden nap a programunkr\u00f3l kora reggelt\u0151l k\u00e9s\u0151 estig. Legal\u00e1bb \u00f6tven projektet, sz\u00f6vetkezetet vagy v\u00e1llalkoz\u00e1st l\u00e1ttunk.<\/span><\/p>\n<p><span style=\"font-family: Arial CE;\">A folytat\u00e1sban a k\u00f6vetkez\u0151kr\u0151l olvashatnak: lak\u00e1ssz\u00f6vetkezetek, mozg\u00e1ss\u00e9r\u00fcltek \u00e1ltal m\u0171k\u00f6dtetett sz\u00f6vetkezetek, mez\u0151gazdas\u00e1gi g\u00e9pk\u00f6lcs\u00f6nz\u0151 (g\u00e9pgy\u0171r\u0171) sz\u00f6vetkezet.<\/span><\/p>\n<p><span style=\"font-family: Arial CE;\">Kedves Olvas\u00f3! Tartson velem erre az utaz\u00e1sra!<\/span><br \/>\n<span style=\"font-family: Arial CE;\">Rem\u00e9lem lesz olyan t\u00e9ma, \u00f6tlet, amelyet hasznos\u00edtani tud munk\u00e1ja sor\u00e1n.<\/span><\/p>\n<p><b><span style=\"font-family: Arial CE;\">Turisztikai kisv\u00e1llalkoz\u00e1sok egy szigeten, Tjock\u00f6-n<\/span><\/b><br \/>\n<span style=\"font-family: Arial CE;\">Egy gy\u00f6ny\u00f6r\u0171 kis szigeten, Stockholmt\u00f3l kb. 50 km-re t\u00f6lt\u00f6tt\u00fck els\u0151 \u00e9jszak\u00e1nkat Sv\u00e9dorsz\u00e1gban. Legink\u00e1bb csak a ny\u00e1ri id\u0151szakban, \u00fcd\u00fcl\u00e9s c\u00e9lj\u00e1b\u00f3l \u00e9lnek itt kb. \u00f6tvenen. Kis traktorral j\u00f6tt el\u00e9nk egy fiatal l\u00e1ny a haj\u00f3\u00e1llom\u00e1shoz. Felraktuk a csomagjainkat a p\u00f3tkocsira, magunk is felcihel\u0151dt\u00fcnk, \u00e9s vid\u00e1man z\u00f6ty\u00f6gt\u00fcnk az \u0151szi naps\u00fct\u00e9sben a sz\u00e1ll\u00e1shely\u00fcnk fel\u00e9. Vend\u00e9gl\u00e1t\u00f3nk elmes\u00e9lte a sziget t\u00f6rt\u00e9net\u00e9t, a t\u00f6bb egym\u00e1sra utalt v\u00e1llalkoz\u00e1s m\u0171k\u00f6d\u00e9s\u00e9t.<\/span><br \/>\n<span style=\"font-family: Arial CE;\">\u0150 maga konferenciaturizmussal foglalkozik. Sz\u00fcleit\u0151l meg\u00f6r\u00f6k\u00f6lt h\u00e1z\u00e1ban fogadja a vend\u00e9geket. A vend\u00e9gh\u00e1zban 7 f\u00e9r\u0151hely van 3 szob\u00e1ban, egy f\u00fcrd\u0151szoba, konyha \u00e9s egy eb\u00e9dl\u0151-t\u00e1rsalg\u00f3 helyis\u00e9g. A konyh\u00e1ban a reggelihez sz\u00fcks\u00e9ges \u00e9lelmiszert el\u0151k\u00e9sz\u00edti, amelyb\u0151l a vend\u00e9gek \u00f6nkiszolg\u00e1l\u00f3 m\u00f3don \u00e9tkeznek. A konferenci\u00e1ra (vagyis ink\u00e1bb tal\u00e1lkoz\u00f3ra) j\u00f6v\u0151 vend\u00e9gek\u00a0<\/span><b><span style=\"font-family: Arial CE;\">vitorl\u00e1z\u00e1st\u00a0<\/span><\/b><span style=\"font-family: Arial CE;\">is tanulhatnak, ehhez is kit\u0171n\u0151en \u00e9rt a v\u00e1llalkoz\u00e1s tulajdonosa, valamint\u00a0<\/span><b><span style=\"font-family: Arial CE;\">vad\u00e1szhatnak.\u00a0<\/span><\/b><span style=\"font-family: Arial CE;\">Szolg\u00e1ltat\u00e1saikat a sz\u00e1m\u00edt\u00f3g\u00e9pes tanfolyam hallgat\u00f3inak is fel tudj\u00e1k aj\u00e1nlani. \u0150 pedig a vend\u00e9gl\u0151b\u0151l rendelheti meg a turist\u00e1k \u00e9tkez\u00e9s\u00e9t.<\/span><br \/>\n<span style=\"font-family: Arial CE;\">A vend\u00e9gek\u00a0<\/span><b><span style=\"font-family: Arial CE;\">haj\u00f3n \u00e9rkeznek\u00a0<\/span><\/b><span style=\"font-family: Arial CE;\">a sz\u00e1razf\u00f6ldr\u0151l (\u00edgy a haj\u00f3 tulajdonos\u00e1nak is \u00e9rdeke, hogy min\u00e9l t\u00f6bb vend\u00e9g legyen). A l\u00e1ny maga int\u00e9z mindent, ami a v\u00e1llalkoz\u00e1ssal kapcsolatos. Irod\u00e1ja is van a szigeten egy kis fah\u00e1zban, ahol a technikai berendez\u00e9sek rendelkez\u00e9s\u00e9re \u00e1llnak: sz\u00e1m\u00edt\u00f3g\u00e9p, fax, nyomtat\u00f3 stb. Tov\u00e1bbfejlesztend\u0151 a v\u00e1llalkoz\u00e1st, jelenleg egy r\u00e9gi haj\u00f3t \u00faj\u00edtanak fel bar\u00e1tj\u00e1val. Az \u0151szi sz\u00ednkavalk\u00e1dban pomp\u00e1z\u00f3 szigeten s\u00e9t\u00e1lva mes\u00e9lt a t\u00f6bbi v\u00e1llalkoz\u00e1sr\u00f3l. H\u00e1rom\u00a0<\/span><b><span style=\"font-family: Arial CE;\">n\u0151 sz\u00e1m\u00edt\u00f3g\u00e9pes tanfolyamokat\u00a0<\/span><\/b><span style=\"font-family: Arial CE;\">szervez, minden koroszt\u00e1lynak. K\u00e9thetente 5-10 ember j\u00f6n tanulni. A r\u00e9gi iskola\u00e9p\u00fcletben tartj\u00e1k a foglalkoz\u00e1sokat. Ezt a\u00a0<\/span><b><span style=\"font-family: Arial CE;\">k\u00f6z\u00f6ss\u00e9gi \u00e9p\u00fcletet\u00a0<\/span><\/b><span style=\"font-family: Arial CE;\">egy m\u00e1sik csoport m\u0171k\u00f6dteti, ami egy\u00e9bk\u00e9nt a szigetlak\u00f3k k\u00f6z\u00f6ss\u00e9gi terek\u00e9nt funkcion\u00e1l. Van egy\u00a0<\/span><b><span style=\"font-family: Arial CE;\">vend\u00e9gl\u0151j\u00fck\u00a0<\/span><\/b><span style=\"font-family: Arial CE;\">(kiskocsma) is, ahol a tanfolyam hallgat\u00f3i \u00e9tkezhetnek.<\/span><br \/>\n<span style=\"font-family: Arial CE;\">Indul\u00e1skor az Eur\u00f3pai Uni\u00f3t\u00f3l kaptak t\u00e1mogat\u00e1st.<\/span><br \/>\n<span style=\"font-family: Arial CE;\">Az \u00e1llamnak is \u00e9rdeke, hogy t\u00e1mogassa ezeket a kisv\u00e1llalkoz\u00e1sokat, hogy a sziget ne n\u00e9ptelenedjen el.<\/span><br \/>\n<span style=\"font-family: Arial CE;\">Am\u00edg \u00e1lland\u00f3 lak\u00f3k \u00e9ltek itt, m\u0171k\u00f6d\u00f6tt\u00a0<\/span><b><span style=\"font-family: Arial CE;\">bolt \u00e9s posta,\u00a0<\/span><\/b><span style=\"font-family: Arial CE;\">de ez megsz\u0171nt, miut\u00e1n nem \u00e9rte meg fenntartani. Az \u00fcd\u00fcl\u0151tulajdonosok \u00f6sszefogtak, \u00f6sszeadt\u00e1k a p\u00e9nzt, \u00e9s sz\u00f6vetkeztek egy bolt \u00e9s a posta megnyit\u00e1s\u00e1ra, \u00fczemeltet\u00e9s\u00e9re. Hetven tagja van ennek a sz\u00f6vetkezetnek. Egy h\u00e1zasp\u00e1rt foglalkoztatnak. T\u00e9len hetenk\u00e9nt h\u00e1romszor van nyitva, ny\u00e1ron minden nap.<\/span><br \/>\n<span style=\"font-family: Arial CE;\">Mindannyiuknak \u00e9rdeke, hogy egy\u00fcttm\u0171k\u00f6djenek, seg\u00edts\u00e9k egym\u00e1s v\u00e1llalkoz\u00e1s\u00e1t, mert tudj\u00e1k, hogy sz\u00fcks\u00e9g\u00fck van egym\u00e1sra. Egy\u00e9bk\u00e9nt pedig mindenki v\u00e9gzi a maga dolg\u00e1t.<\/span><br \/>\n<span style=\"font-family: Arial CE;\">A Sz\u00f6vetkezetfejleszt\u0151 Iroda &#8211; ismerve a lehet\u0151s\u00e9geket &#8211; a t\u00e1mogat\u00e1sok megszerz\u00e9s\u00e9ben seg\u00edt f\u00fcggetlen\u00fcl att\u00f3l, hogy a v\u00e1llalkoz\u00e1s milyen form\u00e1ban m\u0171k\u00f6dik.<\/span><br \/>\n<span style=\"font-family: Arial CE;\">A sz\u00e9p s\u00e9ta ut\u00e1n elfoglaltuk hely\u00fcnket a turistah\u00e1zban. Fantasztikusan elk\u00e9sz\u00edtett r\u00f3zsasz\u00edn h\u00fas\u00fa f\u00fcst\u00f6lt-p\u00e1colt lazac, majon\u00e9zes-ikr\u00e1s k\u00f6rettel v\u00e1rt r\u00e1nk. Mondanom se kell, hogy a sv\u00e9dorsz\u00e1gi \u00e9tkez\u00e9si kult\u00fara megnyerte tetsz\u00e9s\u00fcnket.<\/span><br \/>\n<span style=\"font-family: Arial CE;\">Mindh\u00e1rman k\u00fcl\u00f6n szob\u00e1ban helyezkedt\u00fcnk el. \u00c9n a k\u00f6z\u00e9ps\u0151 szob\u00e1t v\u00e1lasztottam, amelyb\u0151l ny\u00edlt egy ajt\u00f3. K\u00edv\u00e1ncsis\u00e1gt\u00f3l hajtva nyitottam ki \u00e9s l\u00e1m, az erd\u0151ben tal\u00e1ltam magam. Az ajt\u00f3 nem z\u00e1r\u00f3dott kulcsra. Otthon se \u00e9lek vasr\u00e1csok \u00e9s lakatok m\u00f6g\u00f6tt, de ezt a nyitotts\u00e1got az\u00e9rt m\u00e9gis<\/span><br \/>\n<span style=\"font-family: Arial CE;\">t\u00falzottnak tartottam. A f\u00e1radts\u00e1g \u00e9s a sok \u00e9lm\u00e9ny m\u00e9gis \u00e1lomba ringatott. Akkor m\u00e9g nem tudtam, de a n\u00e9gy h\u00e9t alatt tapasztalhattam, hogy Sv\u00e9dorsz\u00e1gban nem kell tartanom att\u00f3l, hogy a nyitott ajt\u00f3n illet\u00e9ktelenek somford\u00e1lnak be, vagy b\u00e1rmit, ami az ember mag\u00e1ntulajdon\u00e1ban van, azt f\u00e9ltenie kellene. Ennek a k\u00f6zbiztons\u00e1gnak az \u00e9rt\u00e9k\u00e9t csak k\u00e9s\u0151bb, Londonba \u00e9rkezve tudtam igaz\u00e1n felm\u00e9rni.<\/span><br \/>\n<span style=\"font-family: Arial CE;\">A k\u00f6vetkez\u0151 napokban egy k\u00f6z\u00e9piskol\u00e1t \u00e9s egy n\u00e9pf\u0151iskol\u00e1t l\u00e1togattunk meg. Err\u0151l csak n\u00e9h\u00e1ny \u00e9rdekess\u00e9get jegyzek meg, m\u0171k\u00f6d\u00e9s\u00fck k\u00fcl\u00f6n tanulm\u00e1nyt \u00e9rdemel.<\/span><br \/>\n<span style=\"font-family: Arial CE;\">Meglepve tapasztaltuk az iskolai menz\u00e1n, hogy vajas &#8222;kenyeret&#8221; (mint n\u00e1lunk az Abonett keksz) esznek az eb\u00e9dhez, hogy tej folyik a csapb\u00f3l, amelyb\u0151l mindenki annyit fogyaszt, amennyi j\u00f3lesik, hogy t\u00f6bbf\u00e9le \u00e9tel k\u00f6z\u00fcl v\u00e1laszthatnak a di\u00e1kok, hogy az \u00f6nkiszolg\u00e1l\u00e1s nem azt jelenti, hogy el\u00e9j\u00fck tesznek egy t\u00e1ny\u00e9r \u00e9telt a kiad\u00f3pultn\u00e1l, hanem azt, hogy maga szedhet az \u00e9telb\u0151l, amennyi j\u00f3lesik, \u00e9s m\u00e9gse pazarol senki sem.<\/span><br \/>\n<span style=\"font-family: Arial CE;\">A n\u00e9pf\u0151iskol\u00e1n a tan\u00e1roknak lak\u00e1st biztos\u00edtanak arra az id\u0151re, am\u00edg az \u00e1ltala vezetett tanfolyam tart.<\/span><br \/>\n<span style=\"font-family: Arial CE;\">K\u00eds\u00e9r\u0151nk \u00fatk\u00f6zben elmes\u00e9lte, hogy n\u00e9gy bar\u00e1tn\u0151j\u00e9vel egy \u00fczletet tartanak fenn, ahol a maguk k\u00e9sz\u00edtette\u00a0<\/span><b><span style=\"font-family: Arial CE;\">k\u00e9zm\u0171ves term\u00e9keket \u00e1rus\u00edtj\u00e1k.\u00a0<\/span><\/b><span style=\"font-family: Arial CE;\">A sz\u00f6vetkezet mindegyik tagja v\u00e1llal egy-egy napot a boltban, \u00edgy nem kell alkalmazottat tartaniuk. Ez\u00e9rt sokkal kifizet\u0151d\u0151bb \u00e9s eredm\u00e9nyesebb az \u00e9rt\u00e9kes\u00edt\u00e9s\u00fcnk, mintha egyed\u00fcl pr\u00f3b\u00e1ln\u00e1k meg ugyanezt.<\/span><br \/>\n<span style=\"font-family: Arial CE;\">Ezut\u00e1n Stockholmba utaztunk, el\u0151sz\u00f6r k\u00eds\u00e9r\u0151 n\u00e9lk\u00fcl. A n\u00e9gy h\u00e9tre magunkkal hozott csomagjaink v\u00e1ndor\u00fatja ekkor kezd\u0151d\u00f6tt el. Stockholm nem tett r\u00e1nk nagy benyom\u00e1st, hiszen alig l\u00e1ttunk bel\u0151le valamit: az itt t\u00f6lt\u00f6tt egy d\u00e9lut\u00e1nunk alatt el\u0151ad\u00e1st hallgattunk a sz\u00f6vetkezetfejleszt\u0151i irod\u00e1k m\u0171k\u00f6dtet\u00e9s\u00e9r\u0151l.<\/span><br \/>\n<span style=\"font-family: Arial CE;\">Egy kisvend\u00e9gl\u0151ben \u00e9tkezt\u00fcnk este, ahol amat\u0151r artist\u00e1k produk\u00e1lt\u00e1k magukat, mint k\u00e9s\u0151bb kider\u00fclt, ez a fajta sz\u00f3rakoztat\u00e1s nagy divatj\u00e1t \u00e9li Sv\u00e9dorsz\u00e1gban \u00e9s Angli\u00e1ban is.<\/span><br \/>\n<span style=\"font-family: Arial CE;\">Az X2000 f\u00e9lelmetesen hangz\u00f3 n\u00e9v, de \u00e1t\u00e9lni m\u00e9g f\u00e9lelmetesebb a vele val\u00f3 utaz\u00e1st. Kedves Olvas\u00f3! Ne uf\u00f3ra gondoljon, csak egy egyszer\u0171 vonatra, amely azonban oly gyorsas\u00e1ggal sz\u00e1guld, hogy a kanyarokban az ablakb\u00f3l \u00fagy l\u00e1tni a t\u00e1jat, mintha rep\u00fcl\u0151r\u0151l szeml\u00e9l\u0151dne az ember. Mindezt h\u00e1ttal az \u00fatir\u00e1nynak meg\u00e9lni feledhetetlen, de ism\u00e9tl\u00e9st nem k\u00edv\u00e1n\u00f3 mulats\u00e1g! G\u00f6teborgba \u00e9rkezve kezdt\u00fck meg igaz\u00e1n a versenyfut\u00e1st. A sz\u00f6vetkezetek, projektek bemutat\u00e1sai j\u00f3form\u00e1n megjegyezhetetlen m\u00f3don k\u00f6vett\u00e9k egym\u00e1st. Ett\u0151l kezdve nem \u00e9rdemes napi programjainkat r\u00e9szletesen le\u00edrnom, sokkal ink\u00e1bb a l\u00e1tott, hallott nagyszer\u0171 kezdem\u00e9nyez\u00e9seket.<\/span><\/p>\n<p><b><span style=\"font-family: Arial CE;\">Lak\u00f3telep fel\u00faj\u00edt\u00e1sa G\u00f6teborgban<\/span><\/b><br \/>\n<span style=\"font-family: Arial CE;\">A v\u00e1ros sz\u00e9l\u00e9n, sz\u00e9p term\u00e9szeti k\u00f6rnyezetben tal\u00e1lhat\u00f3 ez a t\u00f6bb t\u00f6mbb\u0151l \u00e1ll\u00f3 lak\u00f3telep, ahol legink\u00e1bb bev\u00e1ndorl\u00f3k, k\u00fcl\u00f6nb\u00f6z\u0151 nemzetis\u00e9g\u0171ek \u00e9lnek. Voltak \u00fcresen \u00e1ll\u00f3 lak\u00e1sok is, amelyeket a bev\u00e1ndorl\u00f3 fiatalok k\u00e9rtek az \u00f6nkorm\u00e1nyzatt\u00f3l saj\u00e1t magunknak.<\/span><br \/>\n<span style=\"font-family: Arial CE;\">Sz\u00f6vetkezetet alak\u00edtottak, \u00e9s \u00edgy a sz\u00f6vetkezet v\u00e9gezte el a\u00a0<\/span><b><span style=\"font-family: Arial CE;\">fel\u00faj\u00edt\u00e1si munk\u00e1latokat.\u00a0<\/span><\/b><span style=\"font-family: Arial CE;\">Nem volt tet\u0151, balkon ezeken a h\u00e1zakon, \u00edgy r\u00e1- \u00e9s hozz\u00e1\u00e9p\u00edtett\u00e9k. Mindegyik U alakban \u00e9p\u00edtett t\u00f6mb saj\u00e1t j\u00e1tsz\u00f3teret alak\u00edtott ki. Hat lak\u00e1sonk\u00e9nt egy k\u00e9pvisel\u0151 van a sz\u00f6vetkezetben. Bevezett\u00e9k a\u00a0<\/span><b><span style=\"font-family: Arial CE;\">szelekt\u00edv szem\u00e9tgy\u0171jt\u00e9st,\u00a0<\/span><\/b><span style=\"font-family: Arial CE;\">amelyhez el\u0151sz\u00f6r alapos, mindenkihez eljut\u00f3 felvil\u00e1gos\u00edt\u00f3 munk\u00e1t kellett v\u00e9gezni\u00fck.<\/span><br \/>\n<span style=\"font-family: Arial CE;\">Minden lak\u00f3telepen probl\u00e9m\u00e1t jelent, hogy a h\u00fasv\u00e9tra kapott nyuszival mi lesz, meddig elviselhet\u0151 az akv\u00e1riumban, dobozban tartott kis \u00e1llat a lak\u00e1sban, nagyobb h\u00e1zi\u00e1llatok gondoz\u00e1s\u00e1ra pedig nem is v\u00e1llalkozhatnak a gyerekek. Ez\u00e9rt hat\u00e1roztak \u00fagy a sz\u00fcl\u0151k, hogy kis\u00a0<\/span><b><span style=\"font-family: Arial CE;\">\u00e1llatkertet\u00a0<\/span><\/b><span style=\"font-family: Arial CE;\">alak\u00edtanak ki, ahol a gyerekek az \u00e1llataikat tarthatj\u00e1k, gondozhatj\u00e1k (ny\u00fal, kecske, sert\u00e9s). Ez ugyanakkor egy\u00a0<\/span><b><span style=\"font-family: Arial CE;\">pihen\u0151hely\u00a0<\/span><\/b><span style=\"font-family: Arial CE;\">is, ahov\u00e1 h\u00e9tv\u00e9geken ki lehet menni. Van egy\u00a0<\/span><b><span style=\"font-family: Arial CE;\">szabadid\u0151s h\u00e1zuk\u00a0<\/span><\/b><span style=\"font-family: Arial CE;\">(kism\u00e9ret\u0171 fah\u00e1z), ahol k\u00fcl\u00f6nb\u00f6z\u0151 k\u00e9zm\u0171ves tev\u00e9kenys\u00e9gekkel foglalkozhatnak gyerekek, feln\u0151ttek. Bili\u00e1rd, telev\u00edzi\u00f3 is tal\u00e1lhat\u00f3 itt.\u00a0<\/span><b><span style=\"font-family: Arial CE;\">\u00d3voda, iskola\u00a0<\/span><\/b><span style=\"font-family: Arial CE;\">m\u0171k\u00f6dik a lak\u00f3telepen. Az iskol\u00e1ban speci\u00e1lis k\u00e9pz\u00e9s folyik. Mindegyik ell\u00e1t\u00e1sb\u00f3l van sz\u00f6vetkezeti \u00e9s \u00e1llami fenntart\u00e1s\u00fa. Van olyan\u00a0<\/span><b><span style=\"font-family: Arial CE;\">gyermekfoglalkoztat\u00f3,\u00a0<\/span><\/b><span style=\"font-family: Arial CE;\">ahov\u00e1 6-13 \u00e9ves korig azok a sz\u00fcl\u0151k vihetik a gyermekeiket (iskola, illetve \u00f3voda nyit\u00e1sa el\u0151tt \u00e9s ut\u00e1n), akik a munkabeoszt\u00e1suk miatt kor\u00e1bban kezdenek, vagy k\u00e9s\u0151bb v\u00e9geznek, mint az int\u00e9zm\u00e9nyek nyitvatart\u00e1si ideje.<\/span><br \/>\n<b><span style=\"font-family: Arial CE;\">Sportp\u00e1lya\u00a0<\/span><\/b><span style=\"font-family: Arial CE;\">\u00e9s egy\u00a0<\/span><b><span style=\"font-family: Arial CE;\">term\u00e9szetv\u00e9delmi ter\u00fclet\u00a0<\/span><\/b><span style=\"font-family: Arial CE;\">tartozik m\u00e9g a lak\u00f3telephez. A term\u00e9szetv\u00e9delmi ter\u00fcletet kor\u00e1bban vas\u00fatvonal szelte \u00e1t, amelyet megsz\u00fcntettek, helyette ker\u00e9kp\u00e1rutat \u00e9p\u00edtettek. Sz\u00f6vetkezet \u00e1ltal \u00fczemeltetett\u00a0<\/span><b><span style=\"font-family: Arial CE;\">bolt\u00a0<\/span><\/b><span style=\"font-family: Arial CE;\">l\u00e1tja el a mindennap sz\u00fcks\u00e9ges \u00e9lelmiszerekkel az itt \u00e9l\u0151ket. Kor\u00e1bban is volt itt bolt, de az t\u00f6nkrement, a sz\u00f6vetkezet azonban \u00fajra\u00e9lesztette.<\/span><br \/>\n<span style=\"font-family: Arial CE;\">A\u00a0<\/span><b><span style=\"font-family: Arial CE;\">sz\u00f6vetkezet tal\u00e1lkoz\u00f3hely\u00e9t\u00a0<\/span><\/b><span style=\"font-family: Arial CE;\">az egyik lak\u00f3t\u00f6mbh\u00f6z hozz\u00e1told\u00e1sk\u00e9nt \u00e9p\u00edtett\u00e9k meg. Ugyan\u00edgy alak\u00edtott\u00e1k ki a sz\u00f6vetkezeti \u00f3vod\u00e1t is.<\/span><\/p>\n<p><b><span style=\"font-family: Arial CE;\">Fiatal munkan\u00e9lk\u00fcliek inkub\u00e1torh\u00e1za<\/span><\/b><br \/>\n<span style=\"font-family: Arial CE;\">G\u00f6teborg egy m\u00e1sik k\u00fclter\u00fclet\u00e9n, bev\u00e1ndorl\u00f3k lakta lak\u00f3telepen tal\u00e1lkoztunk azzal a programmal, melybe 20-25 \u00e9ves munkan\u00e9lk\u00fcli fiatalokat vontak be. 1997-ben kezdt\u00e9k el ennek a h\u00e1znak a m\u0171k\u00f6dtet\u00e9s\u00e9t, felk\u00e9sz\u00fclve az 1998. janu\u00e1r 1-j\u00e9t\u0151l \u00e9letbe l\u00e9p\u0151 rendeletre, amely szerint, ha valaki munkan\u00e9lk\u00fcli, csak akkor kaphat seg\u00e9lyt, ha valamilyen projektben r\u00e9szt vesz. Ez a program k\u00eds\u00e9rleti jelleg\u0171.<\/span><br \/>\n<span style=\"font-family: Arial CE;\">Az ideker\u00fcl\u0151 fiatalok el\u0151sz\u00f6r bemutatkoznak. Elmondj\u00e1k, hogy eddig mi t\u00f6rt\u00e9nt vel\u00fck, mit szeretn\u00e9nek csin\u00e1lni, mi a c\u00e9ljuk, mik az elv\u00e1r\u00e1saik a projekttel kapcsolatban. Ha p\u00e9ld\u00e1ul asztalos, \u00e9s szeretne a szakm\u00e1j\u00e1ban tov\u00e1bbra is tanulni, gyakorolni, akkor keresnek olyan helyet, ahol dolgozhat, de ez nem a v\u00e9gleges munkahelye lesz, hanem csak egy\u00a0<\/span><b><span style=\"font-family: Arial CE;\">gyakornoki hely.\u00a0<\/span><\/b><span style=\"font-family: Arial CE;\">Ha m\u00e1st szeretne, akkor tov\u00e1bbi lehet\u0151s\u00e9geket keresnek.<\/span><br \/>\n<span style=\"font-family: Arial CE;\">F\u0151k\u00e9nt azokkal a fiatalokkal foglalkoznak, akikben megvan a v\u00e1gy, hogy valamit csin\u00e1ljanak, akik tudj\u00e1k, hogy v\u00e1ltoztatni kell a &#8222;csapdahelyzeten&#8221;. Legyen mi\u00e9rt reggel id\u0151ben felkelni.<\/span><br \/>\n<span style=\"font-family: Arial CE;\">A fiatalok nem kapnak t\u00f6bb p\u00e9nzt, ha itt vannak, \u00edgy nagyon neh\u00e9z motiv\u00e1lni \u0151ket.<\/span><br \/>\n<span style=\"font-family: Arial CE;\">Ha valamelyik munkaad\u00f3 meghirdet egy munkahelyet, jobb helyzetb\u0151l indul az a fiatal, aki m\u00e1r r\u00e9szt vett hasonl\u00f3 projektben akkor, mikor munkan\u00e9lk\u00fcli volt.<\/span><br \/>\n<span style=\"font-family: Arial CE;\">T\u00f6bb probl\u00e9ma is felmer\u00fcl:<\/span><br \/>\n<span style=\"font-family: Arial CE;\">A fiatalok nincsenek hozz\u00e1szokva a munk\u00e1hoz, ami \u00fajabb kih\u00edv\u00e1st jelent. Olyan elk\u00e9pzel\u00e9seik vannak, mint pl.: h\u00e1rom \u00f3r\u00e1s munkaid\u0151, sz\u00e1m\u00edt\u00f3g\u00e9phaszn\u00e1lat stb.<\/span><br \/>\n<span style=\"font-family: Arial CE;\">Nem tudj\u00e1k, mif\u00e9le szakm\u00e1k vannak. A 300 fiatalb\u00f3l, akivel interj\u00fat k\u00e9sz\u00edtettek, nagyon kev\u00e9s tudta azt, hogy mi a munka. Ez\u00e9rt egy\u00a0<\/span><b><span style=\"font-family: Arial CE;\">tanfolyamot\u00a0<\/span><\/b><span style=\"font-family: Arial CE;\">ind\u00edtottak err\u0151l a t\u00e9m\u00e1r\u00f3l: a munkaad\u00f3, munkav\u00e1llal\u00f3 jogai, k\u00f6teless\u00e9gei, a szakszervezet lehet\u0151s\u00e9gei, a h\u00e1ztart\u00e1s m\u0171k\u00f6d\u00e9se, alapvet\u0151 jogi ismeretek. Ez a tanfolyam heti h\u00e1rom napon 8-12 \u00f3r\u00e1ig zajlott t\u00edz h\u00e9ten kereszt\u00fcl. A h\u00e9tk\u00f6znapi dolgokra is megtan\u00edtott\u00e1k \u0151ket: hogyan kell a munkahelyen megjelenni, hogy ezeket a rutinokat tudj\u00e1k majd a gyakorlati id\u0151 alatt haszn\u00e1lni. Ez alatt a t\u00edz h\u00e9t alatt megpr\u00f3b\u00e1ltak a fiatal sz\u00e1m\u00e1ra gyakornoki helyet tal\u00e1lni, amely hat h\u00f3napra sz\u00f3l. Azt szeretn\u00e9k el\u00e9rni, hogy legyen m\u00f3djuk a fiataloknak ide elj\u00f6nni, \u00e9rezz\u00e9k, hogy ez egy olyan hely, ahonn\u00e9t el tudnak rugaszkodni.<\/span><br \/>\n<span style=\"font-family: Arial CE;\">Az \u00f6nkorm\u00e1nyzat \u00e9s a ker\u00fclet tan\u00e1csa alkalmazza a k\u00e9t szabadid\u0151-szervez\u0151t, akik most ezt a projektet vezetik. \u0150k kor\u00e1bban iskol\u00e1ban dolgoztak.<\/span><br \/>\n<span style=\"font-family: Arial CE;\">1997 \u00e1prilis\u00e1ban 19 fiatal volt n\u00e1luk, akik k\u00f6z\u00fcl csak egynek nem siker\u00fclt munk\u00e1t tal\u00e1lni, de \u0151t is elhelyezt\u00e9k k\u00f6zhaszn\u00fa munk\u00e1ra. Ebben az \u00e9vben \u00f6sszesen 56 fiatallal foglalkoztak. Ezek a fiatalok akart\u00e1k, v\u00e1llalt\u00e1k a r\u00e9szv\u00e9telt. Abb\u00f3l a 100 fiatalb\u00f3l ker\u00fcltek ki, akiket interj\u00fara k\u00fcld\u00f6tt az a szervezet, amelyik nyilv\u00e1ntartja \u0151ket, mint munkan\u00e9lk\u00fclieket. Ezen a k\u00f6rny\u00e9ken a fiatalok 14%-a munkan\u00e9lk\u00fcli, a 18-25 \u00e9v k\u00f6z\u00f6ttiekn\u00e9l ez 500 f\u0151t jelent, akik k\u00f6z\u00fcl 300-an m\u00e1sfajta k\u00e9pz\u00e9sben vesznek r\u00e9szt. Amikor megk\u00e9rdezik \u0151ket, vagyis elkezdenek vel\u00fck foglalkozni, akkor viszonylag t\u00f6bben tal\u00e1lnak munkahelyet.<\/span><br \/>\n<span style=\"font-family: Arial CE;\">Elt\u00e9r\u0151 a fiatalok k\u00e9pzetts\u00e9ge: vannak, akik m\u00e9g az \u00e1ltal\u00e1nos iskol\u00e1t sem tudt\u00e1k befejezni, \u00e9s olyanok is, akik f\u0151iskol\u00e1t v\u00e9geztek. Van, aki \u00e1tveszi a vezet\u0151 szerepet a csoportban, \u00e9s akkor j\u00f3l m\u0171k\u00f6dik a csoport. Sok a bev\u00e1ndorl\u00f3, mivel ez a r\u00e9sz G\u00f6teborg el\u0151v\u00e1rosa. A vil\u00e1gr\u00f3l is besz\u00e9lgetnek vel\u00fck, az igazs\u00e1gtalans\u00e1gokr\u00f3l. Az el\u0151\u00edt\u00e9leteken nem v\u00e1ltoztathatnak, hanem fel kell k\u00e9sz\u00edteni a fiatalokat, hogy h\u00e1tr\u00e1nyosabb helyzetben vannak, mivel innen a k\u00fclv\u00e1rosb\u00f3l j\u00f6nnek, mindig t\u00f6bbet kell bizony\u00edtaniuk.<\/span><br \/>\n<span style=\"font-family: Arial CE;\">Ha olyan fiatalok ker\u00fclnek ki ebb\u0151l az inkub\u00e1torh\u00e1zb\u00f3l, akik j\u00f3 referenci\u00e1t tudnak szerezni a munkahely\u00fck\u00f6n, akkor az eg\u00e9sz ter\u00fclet meg\u00edt\u00e9l\u00e9se is pozit\u00edvabb lesz.<\/span><br \/>\n<span style=\"font-family: Arial CE;\">Ez a projekt h\u00e1rom \u00e9v id\u0151tartam\u00fa, addig kapt\u00e1k meg ezt a helyet \u00e9s n\u00e9h\u00e1ny sz\u00e1m\u00edt\u00f3g\u00e9pet. Ezalatt megl\u00e1tj\u00e1k, hogy mire mennek, \u00e9s hov\u00e1 fejl\u0151dik ez a hely, illetve a munkan\u00e9lk\u00fclis\u00e9g. Ha ezut\u00e1n is sz\u00fcks\u00e9g lesz r\u00e1, akkor nem projekt form\u00e1j\u00e1ban fog m\u0171k\u00f6dni, hanem az \u00f6nkorm\u00e1nyzat veszi \u00e1t saj\u00e1t feladatk\u00f6r\u00e9be.<\/span><br \/>\n<span style=\"font-family: Arial CE;\">Probl\u00e9m\u00e1t jelent, hogy a munkan\u00e9lk\u00fcliek a gyakornoki id\u0151 alatt minim\u00e1lb\u00e9r\u00e9rt v\u00e9gzik el azt a munk\u00e1t, amelyet a munk\u00e1snak kellene elv\u00e9geznie. \u00cdgy akinek a munk\u00e1j\u00e1t v\u00e9gzi, az esetleg sz\u00fcks\u00e9gtelenn\u00e9 v\u00e1lik, munkan\u00e9lk\u00fcli lesz, pedig \u0151 ad\u00f3t is fizet.<\/span><br \/>\n<span style=\"font-family: Arial CE;\">Gondolkodnak azon, hogy a fiataloknak olyan tanfolyamot szerveznek, amelyen a v\u00e1llalkoz\u00f3v\u00e1 v\u00e1l\u00e1s ismereteit saj\u00e1t\u00edthatj\u00e1k el, illetve a k\u00f6z\u00f6s v\u00e1llalkoz\u00e1s (sz\u00f6vetkezet) lehet\u0151s\u00e9geit latolgatj\u00e1k.<\/span><br \/>\n<span style=\"font-family: Arial CE;\">A fiatalokat igyekeznek arra is r\u00e1venni, hogy tov\u00e1bb k\u00e9pezz\u00e9k magukat 25 \u00e9ves korukig, mert 25 \u00e9ves koruk ut\u00e1n ind\u00edthatnak \u00f6n\u00e1ll\u00f3 v\u00e1llalkoz\u00e1st.<\/span><br \/>\n<span style=\"font-family: Arial CE;\">1998. janu\u00e1r 1-j\u00e9t\u0151l 100 napig a munka\u00fcgyi k\u00f6zpont felel\u0151s a munkan\u00e9lk\u00fcli\u00e9rt, az\u00e9rt, hogy munk\u00e1t tal\u00e1ljon, majd 12 h\u00f3napig az \u00f6nkorm\u00e1nyzat, ut\u00e1na 100 napig \u00fajra a munka\u00fcgyi k\u00f6zpont. Ez k\u00f6telez\u0151 foglalkoztat\u00e1st jelent a 18-25 \u00e9ves kor\u00faak sz\u00e1m\u00e1ra.<\/span><\/p>\n","protected":false},"excerpt":{"rendered":"<p>1997 okt\u00f3ber\u00e9ben n\u00e9gyhetes sv\u00e9dorsz\u00e1gi tanulm\u00e1ny\u00faton vettem r\u00e9szt k\u00e9t koll\u00e9g\u00e1mmal abb\u00f3l a c\u00e9lb\u00f3l, hogy m\u0171k\u00f6d\u0151 sz\u00f6vetkezeteken, projekteken kereszt\u00fcl ismerj\u00fck meg a sz\u00f6vetkezetfejleszt\u0151k munk\u00e1j\u00e1t. Vid\u00e9ken \u00e9s nagyv\u00e1rosokban egyar\u00e1nt j\u00e1rtunk, sok-sok \u00e9lm\u00e9nnyel t\u00e9rt\u00fcnk haza, amely j\u00f3 ind\u00edttat\u00e1st adott itthon v\u00e9gzend\u0151 munk\u00e1nkhoz. A Parola olvas\u00f3it szeretn\u00e9m megismertetni a l\u00e1tottakkal, tapasztaltakkal. A n\u00e9gy h\u00e9t alatt bepillant\u00e1st kaphattunk a sv\u00e9d emberek [&hellip;]<\/p>\n","protected":false},"author":30,"featured_media":3488,"comment_status":"open","ping_status":"open","sticky":false,"template":"","format":"standard","meta":{"_acf_changed":false,"footnotes":""},"categories":[430,8,7],"tags":[],"coauthors":[30],"class_list":["post-2607","post","type-post","status-publish","format-standard","has-post-thumbnail","hentry","category-parola-1998-2-3","category-parola-folyoirat","category-repertorium"],"acf":[],"yoast_head":"<!-- This site is optimized with the Yoast SEO plugin v26.7 - https:\/\/yoast.com\/wordpress\/plugins\/seo\/ -->\n<title>Sv\u00e9dorsz\u00e1gi sz\u00f6vetkezetek \u00e9s projektek a munkan\u00e9lk\u00fclis\u00e9g enyh\u00edt\u00e9se \u00e9rdek\u00e9ben - Parola Foly\u00f3irat<\/title>\n<meta name=\"robots\" content=\"index, follow, max-snippet:-1, max-image-preview:large, max-video-preview:-1\" \/>\n<link rel=\"canonical\" href=\"https:\/\/kofe.hu\/parola\/parola-folyoirat\/svedorszagi-szovetkezetek-es-projektek-a-munkanelkuliseg-enyhitese-erdekeben\/\" \/>\n<meta property=\"og:locale\" content=\"hu_HU\" \/>\n<meta property=\"og:type\" content=\"article\" \/>\n<meta property=\"og:title\" content=\"Sv\u00e9dorsz\u00e1gi sz\u00f6vetkezetek \u00e9s projektek a munkan\u00e9lk\u00fclis\u00e9g enyh\u00edt\u00e9se \u00e9rdek\u00e9ben - Parola Foly\u00f3irat\" \/>\n<meta property=\"og:description\" content=\"1997 okt\u00f3ber\u00e9ben n\u00e9gyhetes sv\u00e9dorsz\u00e1gi tanulm\u00e1ny\u00faton vettem r\u00e9szt k\u00e9t koll\u00e9g\u00e1mmal abb\u00f3l a c\u00e9lb\u00f3l, hogy m\u0171k\u00f6d\u0151 sz\u00f6vetkezeteken, projekteken kereszt\u00fcl ismerj\u00fck meg a sz\u00f6vetkezetfejleszt\u0151k munk\u00e1j\u00e1t. Vid\u00e9ken \u00e9s nagyv\u00e1rosokban egyar\u00e1nt j\u00e1rtunk, sok-sok \u00e9lm\u00e9nnyel t\u00e9rt\u00fcnk haza, amely j\u00f3 ind\u00edttat\u00e1st adott itthon v\u00e9gzend\u0151 munk\u00e1nkhoz. A Parola olvas\u00f3it szeretn\u00e9m megismertetni a l\u00e1tottakkal, tapasztaltakkal. A n\u00e9gy h\u00e9t alatt bepillant\u00e1st kaphattunk a sv\u00e9d emberek [&hellip;]\" \/>\n<meta property=\"og:url\" content=\"https:\/\/kofe.hu\/parola\/parola-folyoirat\/svedorszagi-szovetkezetek-es-projektek-a-munkanelkuliseg-enyhitese-erdekeben\/\" \/>\n<meta property=\"og:site_name\" content=\"Parola Foly\u00f3irat\" \/>\n<meta property=\"article:published_time\" content=\"2020-07-10T08:44:56+00:00\" \/>\n<meta property=\"article:modified_time\" content=\"2020-07-30T16:13:45+00:00\" \/>\n<meta property=\"og:image\" content=\"https:\/\/kofe.hu\/parola\/wp-content\/uploads\/2020\/07\/98.2.3.jpeg\" \/>\n\t<meta property=\"og:image:width\" content=\"1332\" \/>\n\t<meta property=\"og:image:height\" content=\"1980\" \/>\n\t<meta property=\"og:image:type\" content=\"image\/jpeg\" \/>\n<meta name=\"author\" content=\"M\u00e9sz\u00e1ros Zsuzsa\" \/>\n<meta name=\"twitter:card\" content=\"summary_large_image\" \/>\n<meta name=\"twitter:label1\" content=\"Szerz\u0151:\" \/>\n\t<meta name=\"twitter:data1\" content=\"M\u00e9sz\u00e1ros Zsuzsa\" \/>\n\t<meta name=\"twitter:label2\" content=\"Becs\u00fclt olvas\u00e1si id\u0151\" \/>\n\t<meta name=\"twitter:data2\" content=\"15 perc\" \/>\n\t<meta name=\"twitter:label3\" content=\"Written by\" \/>\n\t<meta name=\"twitter:data3\" content=\"M\u00e9sz\u00e1ros Zsuzsa\" \/>\n<script type=\"application\/ld+json\" class=\"yoast-schema-graph\">{\"@context\":\"https:\/\/schema.org\",\"@graph\":[{\"@type\":\"Article\",\"@id\":\"https:\/\/kofe.hu\/parola\/parola-folyoirat\/svedorszagi-szovetkezetek-es-projektek-a-munkanelkuliseg-enyhitese-erdekeben\/#article\",\"isPartOf\":{\"@id\":\"https:\/\/kofe.hu\/parola\/parola-folyoirat\/svedorszagi-szovetkezetek-es-projektek-a-munkanelkuliseg-enyhitese-erdekeben\/\"},\"author\":{\"name\":\"M\u00e9sz\u00e1ros Zsuzsa\",\"@id\":\"https:\/\/kofe.hu\/parola\/#\/schema\/person\/1b6db5cf12776157324bae6924ca9bd0\"},\"headline\":\"Sv\u00e9dorsz\u00e1gi sz\u00f6vetkezetek \u00e9s projektek a munkan\u00e9lk\u00fclis\u00e9g enyh\u00edt\u00e9se \u00e9rdek\u00e9ben\",\"datePublished\":\"2020-07-10T08:44:56+00:00\",\"dateModified\":\"2020-07-30T16:13:45+00:00\",\"mainEntityOfPage\":{\"@id\":\"https:\/\/kofe.hu\/parola\/parola-folyoirat\/svedorszagi-szovetkezetek-es-projektek-a-munkanelkuliseg-enyhitese-erdekeben\/\"},\"wordCount\":2961,\"commentCount\":0,\"image\":{\"@id\":\"https:\/\/kofe.hu\/parola\/parola-folyoirat\/svedorszagi-szovetkezetek-es-projektek-a-munkanelkuliseg-enyhitese-erdekeben\/#primaryimage\"},\"thumbnailUrl\":\"https:\/\/kofe.hu\/parola\/wp-content\/uploads\/2020\/07\/98.2.3.jpeg\",\"articleSection\":[\"Parola 1998\/2-3\",\"Parola Foly\u00f3irat\",\"Repert\u00f3rium\"],\"inLanguage\":\"hu\",\"potentialAction\":[{\"@type\":\"CommentAction\",\"name\":\"Comment\",\"target\":[\"https:\/\/kofe.hu\/parola\/parola-folyoirat\/svedorszagi-szovetkezetek-es-projektek-a-munkanelkuliseg-enyhitese-erdekeben\/#respond\"]}]},{\"@type\":\"WebPage\",\"@id\":\"https:\/\/kofe.hu\/parola\/parola-folyoirat\/svedorszagi-szovetkezetek-es-projektek-a-munkanelkuliseg-enyhitese-erdekeben\/\",\"url\":\"https:\/\/kofe.hu\/parola\/parola-folyoirat\/svedorszagi-szovetkezetek-es-projektek-a-munkanelkuliseg-enyhitese-erdekeben\/\",\"name\":\"Sv\u00e9dorsz\u00e1gi sz\u00f6vetkezetek \u00e9s projektek a munkan\u00e9lk\u00fclis\u00e9g enyh\u00edt\u00e9se \u00e9rdek\u00e9ben - Parola Foly\u00f3irat\",\"isPartOf\":{\"@id\":\"https:\/\/kofe.hu\/parola\/#website\"},\"primaryImageOfPage\":{\"@id\":\"https:\/\/kofe.hu\/parola\/parola-folyoirat\/svedorszagi-szovetkezetek-es-projektek-a-munkanelkuliseg-enyhitese-erdekeben\/#primaryimage\"},\"image\":{\"@id\":\"https:\/\/kofe.hu\/parola\/parola-folyoirat\/svedorszagi-szovetkezetek-es-projektek-a-munkanelkuliseg-enyhitese-erdekeben\/#primaryimage\"},\"thumbnailUrl\":\"https:\/\/kofe.hu\/parola\/wp-content\/uploads\/2020\/07\/98.2.3.jpeg\",\"datePublished\":\"2020-07-10T08:44:56+00:00\",\"dateModified\":\"2020-07-30T16:13:45+00:00\",\"author\":{\"@id\":\"https:\/\/kofe.hu\/parola\/#\/schema\/person\/1b6db5cf12776157324bae6924ca9bd0\"},\"breadcrumb\":{\"@id\":\"https:\/\/kofe.hu\/parola\/parola-folyoirat\/svedorszagi-szovetkezetek-es-projektek-a-munkanelkuliseg-enyhitese-erdekeben\/#breadcrumb\"},\"inLanguage\":\"hu\",\"potentialAction\":[{\"@type\":\"ReadAction\",\"target\":[\"https:\/\/kofe.hu\/parola\/parola-folyoirat\/svedorszagi-szovetkezetek-es-projektek-a-munkanelkuliseg-enyhitese-erdekeben\/\"]}]},{\"@type\":\"ImageObject\",\"inLanguage\":\"hu\",\"@id\":\"https:\/\/kofe.hu\/parola\/parola-folyoirat\/svedorszagi-szovetkezetek-es-projektek-a-munkanelkuliseg-enyhitese-erdekeben\/#primaryimage\",\"url\":\"https:\/\/kofe.hu\/parola\/wp-content\/uploads\/2020\/07\/98.2.3.jpeg\",\"contentUrl\":\"https:\/\/kofe.hu\/parola\/wp-content\/uploads\/2020\/07\/98.2.3.jpeg\",\"width\":1332,\"height\":1980},{\"@type\":\"BreadcrumbList\",\"@id\":\"https:\/\/kofe.hu\/parola\/parola-folyoirat\/svedorszagi-szovetkezetek-es-projektek-a-munkanelkuliseg-enyhitese-erdekeben\/#breadcrumb\",\"itemListElement\":[{\"@type\":\"ListItem\",\"position\":1,\"name\":\"Home\",\"item\":\"https:\/\/kofe.hu\/parola\/\"},{\"@type\":\"ListItem\",\"position\":2,\"name\":\"Sv\u00e9dorsz\u00e1gi sz\u00f6vetkezetek \u00e9s projektek a munkan\u00e9lk\u00fclis\u00e9g enyh\u00edt\u00e9se \u00e9rdek\u00e9ben\"}]},{\"@type\":\"WebSite\",\"@id\":\"https:\/\/kofe.hu\/parola\/#website\",\"url\":\"https:\/\/kofe.hu\/parola\/\",\"name\":\"Parola Foly\u00f3irat\",\"description\":\"\",\"potentialAction\":[{\"@type\":\"SearchAction\",\"target\":{\"@type\":\"EntryPoint\",\"urlTemplate\":\"https:\/\/kofe.hu\/parola\/?s={search_term_string}\"},\"query-input\":{\"@type\":\"PropertyValueSpecification\",\"valueRequired\":true,\"valueName\":\"search_term_string\"}}],\"inLanguage\":\"hu\"},{\"@type\":\"Person\",\"@id\":\"https:\/\/kofe.hu\/parola\/#\/schema\/person\/1b6db5cf12776157324bae6924ca9bd0\",\"name\":\"M\u00e9sz\u00e1ros Zsuzsa\",\"image\":{\"@type\":\"ImageObject\",\"inLanguage\":\"hu\",\"@id\":\"https:\/\/kofe.hu\/parola\/#\/schema\/person\/image\/bf04ecebddb26c65c5a2e5766159e39e\",\"url\":\"https:\/\/secure.gravatar.com\/avatar\/d4a4ba16dcc949be5321019ea5b3555cb23cbfa014209f2a9bbb02f700a829d2?s=96&d=mm&r=g\",\"contentUrl\":\"https:\/\/secure.gravatar.com\/avatar\/d4a4ba16dcc949be5321019ea5b3555cb23cbfa014209f2a9bbb02f700a829d2?s=96&d=mm&r=g\",\"caption\":\"M\u00e9sz\u00e1ros Zsuzsa\"},\"url\":\"https:\/\/kofe.hu\/parola\/szerzok\/meszaros-zsuzsa\/\"}]}<\/script>\n<!-- \/ Yoast SEO plugin. -->","yoast_head_json":{"title":"Sv\u00e9dorsz\u00e1gi sz\u00f6vetkezetek \u00e9s projektek a munkan\u00e9lk\u00fclis\u00e9g enyh\u00edt\u00e9se \u00e9rdek\u00e9ben - Parola Foly\u00f3irat","robots":{"index":"index","follow":"follow","max-snippet":"max-snippet:-1","max-image-preview":"max-image-preview:large","max-video-preview":"max-video-preview:-1"},"canonical":"https:\/\/kofe.hu\/parola\/parola-folyoirat\/svedorszagi-szovetkezetek-es-projektek-a-munkanelkuliseg-enyhitese-erdekeben\/","og_locale":"hu_HU","og_type":"article","og_title":"Sv\u00e9dorsz\u00e1gi sz\u00f6vetkezetek \u00e9s projektek a munkan\u00e9lk\u00fclis\u00e9g enyh\u00edt\u00e9se \u00e9rdek\u00e9ben - Parola Foly\u00f3irat","og_description":"1997 okt\u00f3ber\u00e9ben n\u00e9gyhetes sv\u00e9dorsz\u00e1gi tanulm\u00e1ny\u00faton vettem r\u00e9szt k\u00e9t koll\u00e9g\u00e1mmal abb\u00f3l a c\u00e9lb\u00f3l, hogy m\u0171k\u00f6d\u0151 sz\u00f6vetkezeteken, projekteken kereszt\u00fcl ismerj\u00fck meg a sz\u00f6vetkezetfejleszt\u0151k munk\u00e1j\u00e1t. Vid\u00e9ken \u00e9s nagyv\u00e1rosokban egyar\u00e1nt j\u00e1rtunk, sok-sok \u00e9lm\u00e9nnyel t\u00e9rt\u00fcnk haza, amely j\u00f3 ind\u00edttat\u00e1st adott itthon v\u00e9gzend\u0151 munk\u00e1nkhoz. A Parola olvas\u00f3it szeretn\u00e9m megismertetni a l\u00e1tottakkal, tapasztaltakkal. A n\u00e9gy h\u00e9t alatt bepillant\u00e1st kaphattunk a sv\u00e9d emberek [&hellip;]","og_url":"https:\/\/kofe.hu\/parola\/parola-folyoirat\/svedorszagi-szovetkezetek-es-projektek-a-munkanelkuliseg-enyhitese-erdekeben\/","og_site_name":"Parola Foly\u00f3irat","article_published_time":"2020-07-10T08:44:56+00:00","article_modified_time":"2020-07-30T16:13:45+00:00","og_image":[{"width":1332,"height":1980,"url":"https:\/\/kofe.hu\/parola\/wp-content\/uploads\/2020\/07\/98.2.3.jpeg","type":"image\/jpeg"}],"author":"M\u00e9sz\u00e1ros Zsuzsa","twitter_card":"summary_large_image","twitter_misc":{"Szerz\u0151:":"M\u00e9sz\u00e1ros Zsuzsa","Becs\u00fclt olvas\u00e1si id\u0151":"15 perc","Written by":"M\u00e9sz\u00e1ros Zsuzsa"},"schema":{"@context":"https:\/\/schema.org","@graph":[{"@type":"Article","@id":"https:\/\/kofe.hu\/parola\/parola-folyoirat\/svedorszagi-szovetkezetek-es-projektek-a-munkanelkuliseg-enyhitese-erdekeben\/#article","isPartOf":{"@id":"https:\/\/kofe.hu\/parola\/parola-folyoirat\/svedorszagi-szovetkezetek-es-projektek-a-munkanelkuliseg-enyhitese-erdekeben\/"},"author":{"name":"M\u00e9sz\u00e1ros Zsuzsa","@id":"https:\/\/kofe.hu\/parola\/#\/schema\/person\/1b6db5cf12776157324bae6924ca9bd0"},"headline":"Sv\u00e9dorsz\u00e1gi sz\u00f6vetkezetek \u00e9s projektek a munkan\u00e9lk\u00fclis\u00e9g enyh\u00edt\u00e9se \u00e9rdek\u00e9ben","datePublished":"2020-07-10T08:44:56+00:00","dateModified":"2020-07-30T16:13:45+00:00","mainEntityOfPage":{"@id":"https:\/\/kofe.hu\/parola\/parola-folyoirat\/svedorszagi-szovetkezetek-es-projektek-a-munkanelkuliseg-enyhitese-erdekeben\/"},"wordCount":2961,"commentCount":0,"image":{"@id":"https:\/\/kofe.hu\/parola\/parola-folyoirat\/svedorszagi-szovetkezetek-es-projektek-a-munkanelkuliseg-enyhitese-erdekeben\/#primaryimage"},"thumbnailUrl":"https:\/\/kofe.hu\/parola\/wp-content\/uploads\/2020\/07\/98.2.3.jpeg","articleSection":["Parola 1998\/2-3","Parola Foly\u00f3irat","Repert\u00f3rium"],"inLanguage":"hu","potentialAction":[{"@type":"CommentAction","name":"Comment","target":["https:\/\/kofe.hu\/parola\/parola-folyoirat\/svedorszagi-szovetkezetek-es-projektek-a-munkanelkuliseg-enyhitese-erdekeben\/#respond"]}]},{"@type":"WebPage","@id":"https:\/\/kofe.hu\/parola\/parola-folyoirat\/svedorszagi-szovetkezetek-es-projektek-a-munkanelkuliseg-enyhitese-erdekeben\/","url":"https:\/\/kofe.hu\/parola\/parola-folyoirat\/svedorszagi-szovetkezetek-es-projektek-a-munkanelkuliseg-enyhitese-erdekeben\/","name":"Sv\u00e9dorsz\u00e1gi sz\u00f6vetkezetek \u00e9s projektek a munkan\u00e9lk\u00fclis\u00e9g enyh\u00edt\u00e9se \u00e9rdek\u00e9ben - Parola Foly\u00f3irat","isPartOf":{"@id":"https:\/\/kofe.hu\/parola\/#website"},"primaryImageOfPage":{"@id":"https:\/\/kofe.hu\/parola\/parola-folyoirat\/svedorszagi-szovetkezetek-es-projektek-a-munkanelkuliseg-enyhitese-erdekeben\/#primaryimage"},"image":{"@id":"https:\/\/kofe.hu\/parola\/parola-folyoirat\/svedorszagi-szovetkezetek-es-projektek-a-munkanelkuliseg-enyhitese-erdekeben\/#primaryimage"},"thumbnailUrl":"https:\/\/kofe.hu\/parola\/wp-content\/uploads\/2020\/07\/98.2.3.jpeg","datePublished":"2020-07-10T08:44:56+00:00","dateModified":"2020-07-30T16:13:45+00:00","author":{"@id":"https:\/\/kofe.hu\/parola\/#\/schema\/person\/1b6db5cf12776157324bae6924ca9bd0"},"breadcrumb":{"@id":"https:\/\/kofe.hu\/parola\/parola-folyoirat\/svedorszagi-szovetkezetek-es-projektek-a-munkanelkuliseg-enyhitese-erdekeben\/#breadcrumb"},"inLanguage":"hu","potentialAction":[{"@type":"ReadAction","target":["https:\/\/kofe.hu\/parola\/parola-folyoirat\/svedorszagi-szovetkezetek-es-projektek-a-munkanelkuliseg-enyhitese-erdekeben\/"]}]},{"@type":"ImageObject","inLanguage":"hu","@id":"https:\/\/kofe.hu\/parola\/parola-folyoirat\/svedorszagi-szovetkezetek-es-projektek-a-munkanelkuliseg-enyhitese-erdekeben\/#primaryimage","url":"https:\/\/kofe.hu\/parola\/wp-content\/uploads\/2020\/07\/98.2.3.jpeg","contentUrl":"https:\/\/kofe.hu\/parola\/wp-content\/uploads\/2020\/07\/98.2.3.jpeg","width":1332,"height":1980},{"@type":"BreadcrumbList","@id":"https:\/\/kofe.hu\/parola\/parola-folyoirat\/svedorszagi-szovetkezetek-es-projektek-a-munkanelkuliseg-enyhitese-erdekeben\/#breadcrumb","itemListElement":[{"@type":"ListItem","position":1,"name":"Home","item":"https:\/\/kofe.hu\/parola\/"},{"@type":"ListItem","position":2,"name":"Sv\u00e9dorsz\u00e1gi sz\u00f6vetkezetek \u00e9s projektek a munkan\u00e9lk\u00fclis\u00e9g enyh\u00edt\u00e9se \u00e9rdek\u00e9ben"}]},{"@type":"WebSite","@id":"https:\/\/kofe.hu\/parola\/#website","url":"https:\/\/kofe.hu\/parola\/","name":"Parola Foly\u00f3irat","description":"","potentialAction":[{"@type":"SearchAction","target":{"@type":"EntryPoint","urlTemplate":"https:\/\/kofe.hu\/parola\/?s={search_term_string}"},"query-input":{"@type":"PropertyValueSpecification","valueRequired":true,"valueName":"search_term_string"}}],"inLanguage":"hu"},{"@type":"Person","@id":"https:\/\/kofe.hu\/parola\/#\/schema\/person\/1b6db5cf12776157324bae6924ca9bd0","name":"M\u00e9sz\u00e1ros Zsuzsa","image":{"@type":"ImageObject","inLanguage":"hu","@id":"https:\/\/kofe.hu\/parola\/#\/schema\/person\/image\/bf04ecebddb26c65c5a2e5766159e39e","url":"https:\/\/secure.gravatar.com\/avatar\/d4a4ba16dcc949be5321019ea5b3555cb23cbfa014209f2a9bbb02f700a829d2?s=96&d=mm&r=g","contentUrl":"https:\/\/secure.gravatar.com\/avatar\/d4a4ba16dcc949be5321019ea5b3555cb23cbfa014209f2a9bbb02f700a829d2?s=96&d=mm&r=g","caption":"M\u00e9sz\u00e1ros Zsuzsa"},"url":"https:\/\/kofe.hu\/parola\/szerzok\/meszaros-zsuzsa\/"}]}},"_links":{"self":[{"href":"https:\/\/kofe.hu\/parola\/wp-json\/wp\/v2\/posts\/2607","targetHints":{"allow":["GET"]}}],"collection":[{"href":"https:\/\/kofe.hu\/parola\/wp-json\/wp\/v2\/posts"}],"about":[{"href":"https:\/\/kofe.hu\/parola\/wp-json\/wp\/v2\/types\/post"}],"author":[{"embeddable":true,"href":"https:\/\/kofe.hu\/parola\/wp-json\/wp\/v2\/users\/30"}],"replies":[{"embeddable":true,"href":"https:\/\/kofe.hu\/parola\/wp-json\/wp\/v2\/comments?post=2607"}],"version-history":[{"count":2,"href":"https:\/\/kofe.hu\/parola\/wp-json\/wp\/v2\/posts\/2607\/revisions"}],"predecessor-version":[{"id":4773,"href":"https:\/\/kofe.hu\/parola\/wp-json\/wp\/v2\/posts\/2607\/revisions\/4773"}],"wp:featuredmedia":[{"embeddable":true,"href":"https:\/\/kofe.hu\/parola\/wp-json\/wp\/v2\/media\/3488"}],"wp:attachment":[{"href":"https:\/\/kofe.hu\/parola\/wp-json\/wp\/v2\/media?parent=2607"}],"wp:term":[{"taxonomy":"category","embeddable":true,"href":"https:\/\/kofe.hu\/parola\/wp-json\/wp\/v2\/categories?post=2607"},{"taxonomy":"post_tag","embeddable":true,"href":"https:\/\/kofe.hu\/parola\/wp-json\/wp\/v2\/tags?post=2607"},{"taxonomy":"author","embeddable":true,"href":"https:\/\/kofe.hu\/parola\/wp-json\/wp\/v2\/coauthors?post=2607"}],"curies":[{"name":"wp","href":"https:\/\/api.w.org\/{rel}","templated":true}]}}