{"id":2601,"date":"2020-07-10T08:38:45","date_gmt":"2020-07-10T08:38:45","guid":{"rendered":"https:\/\/kofe.hu\/parola\/?p=2601"},"modified":"2020-07-30T16:16:30","modified_gmt":"2020-07-30T16:16:30","slug":"szomszedsagi-fejlesztomunka-kobanyan","status":"publish","type":"post","link":"https:\/\/kofe.hu\/parola\/parola-folyoirat\/szomszedsagi-fejlesztomunka-kobanyan\/","title":{"rendered":"Szomsz\u00e9ds\u00e1gi fejleszt\u0151munka K\u0151b\u00e1ny\u00e1n"},"content":{"rendered":"<p><b><i><span style=\"font-family: Times New Roman CE;\">1996-ban indult az a k\u00f6z\u00f6ss\u00e9gfejleszt\u0151i folyamat, amelynek egy szakasz\u00e1r\u00f3l, illetve az ott v\u00e9gzett k\u00f6z\u00f6ss\u00e9gi felm\u00e9r\u00e9s tapasztalatair\u00f3l sz\u00f3l az al\u00e1bbi tud\u00f3s\u00edt\u00e1s. A sz\u00f6veget egy \u2013 az eg\u00e9sz felm\u00e9r\u00e9st r\u00e9szletesen taglal\u00f3 kis f\u00fczetb\u0151l emelt\u00fck ki, amelyet ut\u00f3bb a v\u00e1ros<\/span><\/i><\/b><b><i><span style=\"font-family: Times New Roman CE;\">r\u00e9szben valamennyi \u00e9rintett megkapott.<\/span><\/i><\/b><br \/>\n<!--more--><br \/>\n<span style=\"font-family: Times New Roman CE;\">A k\u00f6z\u00f6ss\u00e9gi felm\u00e9r\u00e9s a \u201cKisgyermekek napk\u00f6zbeni ell\u00e1t\u00e1sa\u201d projekt r\u00e9sze. Mint ismeretes, ez a program a K\u0151b\u00e1nyai \u00d6nkorm\u00e1nyzat \u00e9s a Wolverhamptoni Tan\u00e1cs, valamint a B\u00f6lcs\u0151d\u00e9k Orsz\u00e1gos M\u00f3dszertani Int\u00e9zete \u00e9s a brit Save the Children Alap\u00edtv\u00e1ny kezdem\u00e9nyez\u00e9s\u00e9re indult \u00e9s k\u00e9t k\u0151b\u00e1nyai b\u00f6lcs\u0151d\u00e9ben, a Szent L\u00e1szl\u00f3 t\u00e9riben \u00e9s a Vasp\u00e1lya utcaiban val\u00f3sult meg.<\/span><br \/>\n<span style=\"font-family: Times New Roman CE;\">A k\u00f6z\u00f6ss\u00e9gi felm\u00e9r\u00e9s c\u00e9lja az volt, hogy az \u00f6nkorm\u00e1nyzati \u00e9s a szakmai int\u00e9zm\u00e9nyi ell\u00e1t\u00e1st olyan \u2013 a sz\u00fcl\u0151k \u00e1ltal kezdem\u00e9nyezett \u2013 szolg\u00e1ltat\u00e1sokkal eg\u00e9sz\u00edts\u00e9k ki, amelyeknek legink\u00e1bb hi\u00e1ny\u00e1t \u00e9rzik, s amelyek \u00f6nk\u00e9ntes \u00e9s k\u00f6z\u00f6ss\u00e9gi munk\u00e1val, \u00f6sszefog\u00e1ssal megval\u00f3s\u00edthat\u00f3k.<\/span><br \/>\n<span style=\"font-family: Times New Roman CE;\">A k\u00f6z\u00f6ss\u00e9gi felm\u00e9r\u00e9s munk\u00e1j\u00e1t a Budapesti Szoci\u00e1lis Forr\u00e1sk\u00f6zpont r\u00e9sz\u00e9r\u0151l Gosztonyi G\u00e9za, a K\u00f6z\u00f6ss\u00e9gfejleszt\u0151k Egyes\u00fclete r\u00e9sz\u00e9r\u0151l pedig Makk Katalin, P\u00e9terfi Ferenc \u00e9s Vercseg Ilona k\u00f6z\u00f6ss\u00e9gfejleszt\u0151k szervezt\u00e9k a sz\u00fcl\u0151kb\u0151l kiv\u00e1lasztott \u00f6nk\u00e9ntesekkel.<\/span><br \/>\n<span style=\"font-family: Times New Roman CE;\">Az alprojekt anyagi h\u00e1tter\u00e9t p\u00e1ly\u00e1zati p\u00e9nzekb\u0151l biztos\u00edtottuk.<\/span><\/p>\n<div align=\"center\"><b><span style=\"font-family: Times New Roman CE;\">I. A \u201cK\u00f6z\u00f6ss\u00e9gi felm\u00e9r\u00e9s\u201d folyamata<\/span><\/b><\/div>\n<p><span style=\"font-family: Times New Roman CE;\">A k\u00f6z\u00f6ss\u00e9gi felm\u00e9r\u00e9s m\u00f3dszere aktiviz\u00e1lja a lakoss\u00e1got, v\u00e9lem\u00e9nynyilv\u00e1n\u00edt\u00e1sra \u00e9s cselekv\u00e9sre, egy k\u00f6z\u00f6s gondolkod\u00e1sba t\u00f6rt\u00e9n\u0151 bekapcsol\u00f3d\u00e1sra \u00f6szt\u00f6nzi az embereket. A k\u00f6z\u00f6ss\u00e9gfejleszt\u0151k kezdem\u00e9nyez\u00e9s\u00e9t fokozatosan a helyi lakosok veszik \u00e1t.<\/span><br \/>\n<span style=\"font-family: Times New Roman CE;\">A munka helysz\u00edne a k\u00e9t b\u00f6lcs\u0151de szomsz\u00e9ds\u00e1ga, melyet \u00edgy hat\u00e1roltunk be:<\/span><\/p>\n<p><span style=\"font-family: Times New Roman CE;\">\u201c<\/span><i><span style=\"font-family: Times New Roman CE;\">Liget-t\u00e9ri\u201d szomsz\u00e9ds\u00e1g<\/span><\/i><span style=\"font-family: Times New Roman CE;\">\u00a0\u2013 Vasp\u00e1lya utcai b\u00f6lcs\u0151de:<\/span><br \/>\n<span style=\"font-family: Times New Roman CE;\">Vasp\u00e1lya utca \u2013 K\u0151r\u00f6si Csoma \u00fat \u2013 Harmat utca \u2013 K\u0151\u00e9r utca \u00e1ltal hat\u00e1rolt ter\u00fclet<\/span><br \/>\n<span style=\"font-family: Times New Roman CE;\">\u201c<\/span><i><span style=\"font-family: Times New Roman CE;\">Szent L\u00e1szl\u00f3\u201d t\u00e9ri szomsz\u00e9ds\u00e1g<\/span><\/i><span style=\"font-family: Times New Roman CE;\">\u00a0\u2013 Szent L\u00e1szl\u00f3 t\u00e9ri b\u00f6lcs\u0151de:<\/span><br \/>\n<span style=\"font-family: Times New Roman CE;\">K\u0151r\u00f6si Csoma \u00fat \u2013 Korponai utca \u2013 Kolozsv\u00e1ri utca \u00e1ltal hat\u00e1rolt ter\u00fclet.<\/span><\/p>\n<p><span style=\"font-family: Times New Roman CE;\">A felm\u00e9r\u00e9s kiterjedt az \u00dajhegyi lak\u00f3telep egy r\u00e9sz\u00e9re is, tekintettel arra, hogy a program ideje alatt l\u00e9trej\u00f6tt egyik j\u00e1tsz\u00f3csoportba, onnan is bej\u00e1rtak a sz\u00fcl\u0151k.<\/span><\/p>\n<div align=\"center\"><b><span style=\"font-family: Times New Roman CE;\">II. A munka f\u00e1zisai<\/span><\/b><\/div>\n<p><b><\/b><br \/>\n<span style=\"font-family: Symbol;\">\u00b7\u00a0<\/span><span style=\"font-family: Times New Roman CE;\">\u00d6sszesen mintegy 100 csal\u00e1dot l\u00e1togattunk meg a v\u00e9d\u0151n\u0151k seg\u00edts\u00e9g\u00e9vel \u00e9s besz\u00e9lgett\u00fcnk a sz\u00fcl\u0151kkel arr\u00f3l, hogy hogyan<\/span><br \/>\n<span style=\"font-family: Times New Roman CE;\">\u00e9rt\u00e9kelik \u201ck\u0151b\u00e1nyais\u00e1gukat\u201d; mi az, amin v\u00e1ltoztatni szeretn\u00e9nek \u00e9s hogyan, mivel tudn\u00e1nak hozz\u00e1j\u00e1rulni elk\u00e9pzel\u00e9seik<\/span><br \/>\n<span style=\"font-family: Times New Roman CE;\">megval\u00f3sul\u00e1s\u00e1hoz? K\u00f6z\u00fcl\u00fck ker\u00fcltek ki azok a sz\u00fcl\u0151k, akikkel mindk\u00e9t b\u00f6lcs\u0151d\u00e9ben megalakult egy-egy j\u00e1tsz\u00f3csoport.<\/span><br \/>\n<span style=\"font-family: Symbol;\">\u00b7\u00a0<\/span><span style=\"font-family: Times New Roman CE;\">5 ill. 8 nyilv\u00e1nos besz\u00e9lget\u00e9st szervezt\u00fcnk mindk\u00e9t b\u00f6lcs\u0151d\u00e9ben a megl\u00e1togatott sz\u00fcl\u0151kkel, valamint az \u00e9rdekl\u0151d\u0151kkel, \u00e9s<\/span><br \/>\n<span style=\"font-family: Times New Roman CE;\">besz\u00e9lgett\u00fcnk vel\u00fck ugyanezekr\u0151l a t\u00e9m\u00e1kr\u00f3l.<\/span><br \/>\n<span style=\"font-family: Symbol;\">\u00b7\u00a0<\/span><span style=\"font-family: Times New Roman CE;\">R\u00e9szt vett\u00fcnk sz\u00fcl\u0151i \u00e9rtekezleteken, rendel\u00e9seken, felkerest\u00fcnk n\u00e9h\u00e1ny k\u00f6z\u00f6ss\u00e9gi int\u00e9zm\u00e9nyt \u00e9s j\u00e1tsz\u00f3teret, megl\u00e1togattunk lakoss\u00e1gi f\u00f3rumokat.<\/span><br \/>\n<span style=\"font-family: Symbol;\">\u00b7\u00a0<\/span><span style=\"font-family: Times New Roman CE;\">A b\u00f6lcs\u0151d\u00e9ben megszervez\u0151d\u00f6tt j\u00e1tsz\u00f3csoportokban rendszeresen tal\u00e1lkoztunk a sz\u00fcl\u0151kkel.<\/span><br \/>\n<span style=\"font-family: Symbol;\">\u00b7\u00a0<\/span><span style=\"font-family: Times New Roman CE;\">Az \u00edgy szerzett inform\u00e1ci\u00f3k adt\u00e1k a k\u00f6z\u00f6ss\u00e9gi felm\u00e9r\u00e9s t\u00e9mak\u00f6reit \u00e9s alternat\u00edv\u00e1it, majd:<\/span><br \/>\n<span style=\"font-family: Symbol;\">\u00b7\u00a0<\/span><span style=\"font-family: Times New Roman CE;\">Megszervezt\u00fck a k\u00e9rd\u0151\u00edv nyomtat\u00e1s\u00e1t, a pr\u00f3bak\u00e9rdez\u00e9st, valamint a v\u00e9gleges\u00edtett k\u00e9rd\u0151\u00edvek kioszt\u00e1s\u00e1t \u00e9s \u00f6sszeszed\u00e9s\u00e9t,<\/span><br \/>\n<span style=\"font-family: Times New Roman CE;\">\u00f6sszesen tov\u00e1bbi 5 lakoss\u00e1gi tal\u00e1lkoz\u00f3t szervezve, melyben nagy szerepet v\u00e1llaltak a b\u00f6lcs\u0151dei gondoz\u00f3n\u0151k \u00e9s a sz\u00fcl\u0151k is.<\/span><br \/>\n<span style=\"font-family: Symbol;\">\u00b7\u00a0<\/span><span style=\"font-family: Times New Roman CE;\">500 kiosztott k\u00e9rd\u0151\u00edvb\u0151l 211 kit\u00f6lt\u00f6tt k\u00e9rd\u0151\u00edv ker\u00fclt vissza, amely a megk\u00e9rdezettek 42,2%-a, igen j\u00f3 v\u00e1laszad\u00e1si ar\u00e1ny.<\/span><br \/>\n<span style=\"font-family: Symbol;\">\u00b7\u00a0<\/span><span style=\"font-family: Times New Roman CE;\">8 f\u0151s lakoss\u00e1gi csoport alakult a k\u00e9rd\u0151\u00edvek sz\u00e1m\u00edt\u00f3g\u00e9pes feldolgoz\u00e1s\u00e1ra \u00e9s az \u00e9rt\u00e9kel\u00e9s\u00e9re, a cselekv\u00e9si terv \u00e9s javaslatok<\/span><br \/>\n<span style=\"font-family: Times New Roman CE;\">kidolgoz\u00e1s\u00e1ra.<\/span><br \/>\n<span style=\"font-family: Symbol;\">\u00b7\u00a0<\/span><span style=\"font-family: Times New Roman CE;\">A felm\u00e9r\u00e9s eredm\u00e9nyeir\u0151l k\u00e9sz\u00fclt \u201cK\u00f6z\u00f6ss\u00e9gi felm\u00e9r\u00e9s K\u0151b\u00e1ny\u00e1n \u2013 Javaslatok a tov\u00e1bbi cselekv\u00e9sre\u201d c\u00edm\u0171 \u00f6sszegz\u0151<\/span><br \/>\n<span style=\"font-family: Times New Roman CE;\">f\u00fczetet az \u00d6nkorm\u00e1nyzat test\u00fcleti \u00fcl\u00e9se ut\u00e1n, a k\u00f6z\u00f6ss\u00e9gi felm\u00e9r\u00e9sben r\u00e9szt vett valamennyi csal\u00e1d ingyenesen megkapta.<\/span><\/p>\n<div align=\"center\"><b><span style=\"font-family: Times New Roman CE;\">III. Az \u00e9rt\u00e9kel\u00e9s f\u0151bb vonalakban<\/span><\/b><\/div>\n<div align=\"center\"><b><i><span style=\"font-family: Times New Roman CE;\">A) A b\u00f6lcs\u0151d\u00e9k \u00e9s a lakoss\u00e1g viszonya<\/span><\/i><\/b><\/div>\n<p><span style=\"font-family: Times New Roman CE;\">A mintegy 100 csal\u00e1dn\u00e1l t\u00f6rt\u00e9nt szem\u00e9lyes l\u00e1togat\u00e1s meggy\u0151z\u00f6tt minket arr\u00f3l, hogy K\u0151b\u00e1ny\u00e1n a k\u00f6zint\u00e9zm\u00e9nyeknek, \u00edgy a b\u00f6lcs\u0151d\u00e9knek, a m\u0171vel\u0151d\u00e9si- \u00e9s szabadid\u0151s int\u00e9zm\u00e9nyeknek tal\u00e1n m\u00e9g nagyobb szerep\u00fck van, mint a tehet\u0151sebb telep\u00fcl\u00e9seken. Ak\u00e1r a lak\u00e1sok m\u00e9rete \u00e9s zs\u00fafolts\u00e1ga, ak\u00e1r a m\u00e1r itt is megjelen\u0151 szeg\u00e9nys\u00e9g, ak\u00e1r csak a tart\u00f3zkod\u00e1s az oka, de t\u00e9ny, hogy a legk\u00f6zelebbi szomsz\u00e9dokat \u00e9s bar\u00e1tokat lesz\u00e1m\u00edtva nem divat az egym\u00e1shoz \u00e1tj\u00e1r\u00e1s, a m\u00e1s gyerek\u00e9re otthon-vigy\u00e1z\u00e1s, az otthon szervezett k\u00f6z\u00f6ss\u00e9gi \u00e9let \u2013 b\u00e1r term\u00e9szetesen vannak kiv\u00e9telek. Az \u00f6nszervez\u0151d\u00e9snek komoly g\u00e1tja lehet, ha nem tudunk olyan helyet\/helyeket kialak\u00edtani, amelyek mintegy a k\u00f6rny\u00e9k \u201cnappali szob\u00e1ja\u201d-k\u00e9nt m\u0171k\u00f6dve, otthont adnak a k\u00f6z\u00f6ss\u00e9gi munk\u00e1nak.<\/span><\/p>\n<p><span style=\"font-family: Times New Roman CE;\">A b\u00f6lcs\u0151dei szolg\u00e1ltat\u00e1sokr\u00f3l a program sor\u00e1n egy\u00e9rtelm\u0171en kider\u00fclt, hogy:<\/span><br \/>\n<span style=\"font-family: Symbol;\">\u00b7\u00a0<\/span><span style=\"font-family: Times New Roman CE;\">a sz\u00fcl\u0151k pozit\u00edvan igazolj\u00e1k vissza a b\u00f6lcs\u0151d\u00e9k nyitotts\u00e1g\u00e1t \u00e9s a tov\u00e1bbi \u00faj szolg\u00e1ltat\u00e1sok bevezet\u00e9s\u00e9re ir\u00e1nyul\u00f3<\/span><br \/>\n<span style=\"font-family: Times New Roman CE;\">er\u0151fesz\u00edt\u00e9seiket<\/span><br \/>\n<span style=\"font-family: Symbol;\">\u00b7\u00a0<\/span><span style=\"font-family: Times New Roman CE;\">nagy sz\u00fcks\u00e9g van a b\u00f6lcs\u0151d\u00e9kre, mert ez a n\u0151k munk\u00e1ba \u00e1ll\u00e1s\u00e1nak legf\u0151bb felt\u00e9tele \u2013 a kisgyermekeket tart\u00f3san nem<\/span><br \/>\n<span style=\"font-family: Times New Roman CE;\">tudj\u00e1k m\u00e1sra b\u00edzni a sz\u00fcl\u0151k<\/span><br \/>\n<span style=\"font-family: Symbol;\">\u00b7\u00a0<\/span><span style=\"font-family: Times New Roman CE;\">az \u00faj \u2013 gyesen l\u00e9v\u0151 sz\u00fcl\u0151knek \u00e9s gyermekeiknek ind\u00edtott \u2013 programok j\u00f3 visszhangra leltek, ami egy\u00e9rtelm\u0171en azt bizony\u00edtja,<\/span><br \/>\n<span style=\"font-family: Times New Roman CE;\">hogy gyermekeknek \u00e9s sz\u00fcl\u0151knek egyar\u00e1nt sz\u00fcks\u00e9g\u00fck van az izol\u00e1lts\u00e1g felold\u00e1s\u00e1ra, a k\u00f6z\u00f6ss\u00e9gi \u00e9letre<\/span><br \/>\n<span style=\"font-family: Symbol;\">\u00b7\u00a0<\/span><span style=\"font-family: Times New Roman CE;\">minden tov\u00e1bbi tervezett szolg\u00e1ltat\u00e1st \u00f6r\u00f6mmel venn\u00e9nek ig\u00e9nybe a sz\u00fcl\u0151k<\/span><br \/>\n<span style=\"font-family: Symbol;\">\u00b7\u00a0<\/span><span style=\"font-family: Times New Roman CE;\">hajland\u00f3ak maguk is tenni helyzet\u00fck jav\u00edt\u00e1sa \u00e9rdek\u00e9ben, \u00e1m ehhez sok b\u00e1tor\u00edt\u00e1sra, t\u00fcrelmes, rendszeres \u00e9s folyamatos<\/span><br \/>\n<span style=\"font-family: Times New Roman CE;\">szakemberi egy\u00fcttm\u0171k\u00f6d\u00e9sre van sz\u00fcks\u00e9g\u00fck, tekintettel az al\u00e1bbi t\u00e9nyekre:<\/span><br \/>\n<span style=\"font-family: Symbol;\">\u00b7\u00a0<\/span><span style=\"font-family: Times New Roman CE;\">a kisgyermeket nevel\u0151 sz\u00fcl\u0151k nagyon fiatalok \u00e9s mint \u00e1llampolg\u00e1rok, meglehet\u0151sen tapasztalatlanok<\/span><br \/>\n<span style=\"font-family: Symbol;\">\u00b7\u00a0<\/span><span style=\"font-family: Times New Roman CE;\">a rendszerv\u00e1lt\u00e1s okozta egzisztenci\u00e1lis v\u00e1ltoz\u00e1sok \u00e9s az \u00fajonnan kialakul\u00f3, egyel\u0151re nem igaz\u00e1n \u00e1tl\u00e1that\u00f3 rendszerek az<\/span><br \/>\n<span style=\"font-family: Times New Roman CE;\">emberek t\u00f6bbs\u00e9g\u00e9b\u0151l ijedts\u00e9get, visszah\u00faz\u00f3d\u00e1st, elz\u00e1rk\u00f3z\u00e1st v\u00e1ltanak ki<\/span><br \/>\n<span style=\"font-family: Symbol;\">\u00b7\u00a0<\/span><span style=\"font-family: Times New Roman CE;\">az \u00f6nszervez\u0151d\u00e9s a ker\u00fcletben nagyon alacsony szinten \u00e1ll, kev\u00e9s pozit\u00edv p\u00e9lda \u00e1ll a lakosok el\u0151tt<\/span><br \/>\n<span style=\"font-family: Symbol;\">\u00b7\u00a0<\/span><span style=\"font-family: Times New Roman CE;\">az \u00f6nk\u00e9ntes k\u00f6z\u00f6ss\u00e9gi munk\u00e1ra alkalmas \u201cvez\u00e9regy\u00e9nis\u00e9gek\u201d nincsenek \u201chelyzetbe hozva\u201d<\/span><br \/>\n<span style=\"font-family: Symbol;\">\u00b7\u00a0<\/span><span style=\"font-family: Times New Roman CE;\">az \u00f6nkorm\u00e1nyzatnak nincs kialakult gyakorlata a civil kezdem\u00e9nyez\u00e9sek kezel\u00e9s\u00e9re, a lakoss\u00e1g rejtett er\u0151forr\u00e1sainak<\/span><br \/>\n<span style=\"font-family: Times New Roman CE;\">hasznos\u00edt\u00e1s\u00e1ra.<\/span><\/p>\n<p><span style=\"font-family: Times New Roman CE;\">Mindez tov\u00e1bbi felel\u0151ss\u00e9gv\u00e1llal\u00e1st \u00e9s fejleszt\u0151munk\u00e1t ig\u00e9nyel:<\/span><br \/>\n<span style=\"font-family: Symbol;\">\u00b7\u00a0<\/span><span style=\"font-family: Times New Roman CE;\">a programban m\u00e1r r\u00e9sztvev\u0151 k\u00e9t b\u00f6lcs\u0151d\u00e9t\u0151l<\/span><br \/>\n<span style=\"font-family: Symbol;\">\u00b7\u00a0<\/span><span style=\"font-family: Times New Roman CE;\">a tervek szerint bekapcsol\u00f3d\u00f3 tov\u00e1bbi b\u00f6lcs\u0151d\u00e9kt\u0151l<\/span><br \/>\n<span style=\"font-family: Symbol;\">\u00b7\u00a0<\/span><span style=\"font-family: Times New Roman CE;\">a N\u00e9pj\u00f3l\u00e9ti Irod\u00e1t\u00f3l \u00e9s az \u00d6nkorm\u00e1nyzatt\u00f3l<\/span><br \/>\n<span style=\"font-family: Symbol;\">\u00b7\u00a0<\/span><span style=\"font-family: Times New Roman CE;\">a BOMI-t\u00f3l, valamint az angol \u00e9s finn partnerekt\u0151l<\/span><br \/>\n<span style=\"font-family: Symbol;\">\u00b7\u00a0<\/span><span style=\"font-family: Times New Roman CE;\">a k\u00f6z\u00f6ss\u00e9gfejleszt\u0151kt\u0151l \u00e9s a<\/span><br \/>\n<span style=\"font-family: Symbol;\">\u00b7\u00a0<\/span><span style=\"font-family: Times New Roman CE;\">helyi lakosokt\u00f3l (l\u00e1sd: a \u201cJavaslatok tov\u00e1bbi cselekv\u00e9sre\u201d c\u00edm\u0171 r\u00e9szt!)<\/span><\/p>\n<div align=\"center\"><b><i><span style=\"font-family: Times New Roman CE;\">B) A fiatal sz\u00fcl\u0151k \u00e9s K\u0151b\u00e1nya viszonya<\/span><\/i><\/b><\/div>\n<p><span style=\"font-family: Times New Roman CE;\">A 211 kit\u00f6lt\u00f6tt k\u00e9rd\u0151\u00edvben szerencs\u00e9re er\u0151sek a pozit\u00edv viszonyul\u00e1sok: a lak\u00f3hely \u00e9s egym\u00e1s szeretete, a t\u00f6r\u0151d\u00e9s egym\u00e1ssal, a v\u00e1gy a szebb \u00e9letre. A helyi cselekv\u00e9sre is komoly hajland\u00f3s\u00e1g mutatkozik \u2013 33-an alak\u00edtan\u00e1nak egyes\u00fcletet, 55-en inform\u00e1ci\u00f3s k\u00f6zpontot, 72-en Sz\u00edvess\u00e9g-Szolg\u00e1latot, \u00e9s m\u00e9g sorolhatn\u00e1nk.<\/span><br \/>\n<span style=\"font-family: Times New Roman CE;\">Meggy\u0151z\u0151d\u00e9s\u00fcnk, hogy minden pozit\u00edv \u00e9rzelmet \u00e9s tenni akar\u00e1st tudatosan gondozni kell a j\u00f6v\u0151ben, mert a helyi viszonyok jobb\u00e1 t\u00e9tele \u00e9rdek\u00e9ben csakis erre lehet igaz\u00e1n \u00e9p\u00edteni. A helyhez k\u00f6t\u0151d\u00e9s feler\u0151s\u00edt\u00e9s\u00e9vel tal\u00e1n m\u00e9g visszaford\u00edthat\u00f3 lenne az a m\u00e1r hat\u00e1rozottan jelenl\u00e9v\u0151 negat\u00edv folyamat, amelyben a k\u00f6rnyezet- \u00e9s az emberi kapcsolatok elvadulnak, s a m\u00e9g megl\u00e9v\u0151 \u00e9rt\u00e9kek fokoz\u00f3d\u00f3 vesz\u00e9lybe ker\u00fclnek.<\/span><br \/>\n<span style=\"font-family: Times New Roman CE;\">K\u0151b\u00e1ny\u00e1n ugyanis \u00e9rz\u00e9kelni lehet egy vesz\u00e9lyt. A ker\u00fcletben lak\u00f3k identit\u00e1sa, \u00f6sszeszokott homogenit\u00e1sa a rendszerv\u00e1lt\u00e1s \u00f3ta bek\u00f6vetkezett \u00e1trendez\u0151d\u00e9sek k\u00f6vetkezt\u00e9ben megingott. A\u00a0<\/span><i><span style=\"font-family: Times New Roman CE;\">\u201cnincs m\u00e1s lehet\u0151s\u00e9gem\u201d-<\/span><\/i><span style=\"font-family: Times New Roman CE;\">t\u0151l az\u00a0<\/span><i><span style=\"font-family: Times New Roman CE;\">\u201c\u00e1tmenetis\u00e9g\u201d-<\/span><\/i><span style=\"font-family: Times New Roman CE;\">en \u00e1t a\u00a0<\/span><i><span style=\"font-family: Times New Roman CE;\">\u201ck\u00e9nyszermegold\u00e1s\u201d<\/span><\/i><span style=\"font-family: Times New Roman CE;\">-ig fogalmazz\u00e1k meg itt-l\u00e9t\u00fcket nem elhanyagolhat\u00f3 sz\u00e1zal\u00e9kban, s akik \u00edgy \u00e9reznek, val\u00f3sz\u00edn\u0171leg \u00edgy is viselkednek lak\u00f3t\u00e1rsk\u00e9nt, polg\u00e1rk\u00e9nt.<\/span><br \/>\n<span style=\"font-family: Times New Roman CE;\">Tapasztalataink t\u00falmutatnak a k\u00e9rd\u0151\u00edven. A kit\u00f6lt\u0151k szociol\u00f3giai jellemz\u0151i azt igazolj\u00e1k, hogy azok a sz\u00fcl\u0151k voltak akt\u00edvabbak a k\u00e9rd\u0151\u00edvek kit\u00f6lt\u00e9s\u00e9ben, akik magasabb iskolai v\u00e9gzetts\u00e9ggel rendelkeznek, \u00e9s valamif\u00e9le \u00e9rtelmis\u00e9gi-k\u00f6z\u00e9poszt\u00e1lybeli \u00e9rt\u00e9krendet k\u00e9pviselnek. De mi nem csak ezekn\u00e9l a sz\u00fcl\u0151kn\u00e9l j\u00e1rtunk, hanem azokn\u00e1l is, akik nem tudj\u00e1k ilyen j\u00f3l megfogalmazni c\u00e9ljaikat, v\u00e1gyaikat, s akik a k\u00e9rd\u0151\u00edvet kit\u00f6lt\u0151kn\u00e9l j\u00f3val vesz\u00e9lyeztetettebbek.<\/span><br \/>\n<span style=\"font-family: Times New Roman CE;\">Azokra a csal\u00e1dokra gondolunk, akikhez \u00fajonnan, 2-5 \u00e9ve k\u00f6sz\u00f6nt\u00f6tt be a szeg\u00e9nys\u00e9g, s akiknek ez \u00faj \u00e9lm\u00e9ny. Ijedtek \u0151k \u00e9s visszah\u00faz\u00f3d\u00f3ak, \u00e1llapotukat nem tekintik v\u00e9glegesnek, de sorsuk jobbul\u00e1s\u00e1t nem \u00f6nmagukt\u00f3l, hanem m\u00e1sokt\u00f3l v\u00e1rj\u00e1k \u2013 tal\u00e1n a csod\u00e1ban hisznek. A v\u00e1ltoz\u00e1ssal kapcsolatosan nem alakult ki benn\u00fck semmilyen \u00faj viszonyul\u00e1s \u2013 sem ellen\u00e1ll\u00e1s, sem a v\u00e1ltoz\u00e1sok \u00e9rtelmez\u00e9se, sem \u00fatkeres\u00e9s. Ezek az emberek nem kezdem\u00e9nyeznek \u00e9s nehezen is \u00e1llnak r\u00e1 a kezdem\u00e9nyez\u00e9sre. Inform\u00e1ci\u00f3ik saj\u00e1t lehet\u0151s\u00e9geikr\u0151l csek\u00e9lyek, \u00e1llampolg\u00e1ri ismereteik jogaikr\u00f3l, k\u00f6teless\u00e9geikr\u0151l, \u00e9rdek\u00e9rv\u00e9nyes\u00edt\u00e9si lehet\u0151s\u00e9geikr\u0151l szinte nincsenek. Mivel \u0151k nem mozdulnak, s nincs, aki \u201ck\u00e9retlen\u00fcl\u201d seg\u00edtene nekik, re\u00e1lis es\u00e9ly\u00fck csak a lecs\u00fasz\u00e1sra van.<\/span><br \/>\n<span style=\"font-family: Times New Roman CE;\">Ha ezek a gondok nem old\u00f3dnak, 5-10 \u00e9v m\u00falva sokkal s\u00falyosabb probl\u00e9m\u00e1kkal kell az itt lak\u00f3knak \u00e9s az \u00f6nkorm\u00e1nyzatnak is szemben\u00e9znie. Olyan probl\u00e9m\u00e1kkal, amelyek megold\u00e1sa sokkal t\u00f6bbe ker\u00fcl \u2013 ha egy\u00e1ltal\u00e1n lehets\u00e9ges \u2013, mint a probl\u00e9m\u00e1k jelenlegi kezel\u00e9se.<\/span><br \/>\n<span style=\"font-family: Times New Roman CE;\">Mindezek miatt egy, szakemberek \u00e1ltal is seg\u00edtett k\u00f6z\u00f6ss\u00e9gi h\u00e1l\u00f3zat kialak\u00edt\u00e1s\u00e1nak jelent\u0151s\u00e9g\u00e9t nem lehet el\u00e9gg\u00e9 felbecs\u00fclni.<\/span><\/p>\n<div align=\"center\"><b><i><span style=\"font-family: Times New Roman CE;\">C) A K\u0151b\u00e1nyaiak k\u00f6z\u00e9rzet\u00e9nek jav\u00edt\u00e1sa<\/span><\/i><\/b><\/div>\n<p><span style=\"font-family: Times New Roman CE;\">A nyitott k\u00e9rd\u00e9sek sz\u00e1mszer\u0171s\u00edthet\u0151 v\u00e1laszai egym\u00e1st meger\u0151s\u00edtve, t\u00falharsogva jelzik a nyilv\u00e1nos helyeken elhatalmasodott mocsok,\u00a0<\/span><i><span style=\"font-family: Times New Roman CE;\">szem\u00e9t<\/span><\/i><span style=\"font-family: Times New Roman CE;\">\u00a0elviselhetetlen m\u00e9rt\u00e9k\u0171 jelenl\u00e9t\u00e9t, vagy m\u00e1sik oldalr\u00f3l n\u00e9zve a tisztas\u00e1g hi\u00e1ny\u00e1t. Nyilv\u00e1n nem v\u00e9letlen, hogy a gyerekes csal\u00e1dok jelzik legnagyobb gondjaik k\u00f6z\u00f6tt a\u00a0<\/span><i><span style=\"font-family: Times New Roman CE;\">j\u00e1tsz\u00f3terek<\/span><\/i><span style=\"font-family: Times New Roman CE;\">\u00a0\u00e1llapot\u00e1t, s ehhez kapcsol\u00f3dva a\u00a0<\/span><i><span style=\"font-family: Times New Roman CE;\">kuty\u00e1k\u00a0<\/span><\/i><span style=\"font-family: Times New Roman CE;\">kitilt\u00e1s\u00e1nak radik\u00e1lis ig\u00e9ny\u00e9t.<\/span><br \/>\n<span style=\"font-family: Times New Roman CE;\">Ugyancsak a szok\u00e1sosn\u00e1l nagyobb hangs\u00fallyal jelenik meg a v\u00e1laszad\u00f3k jelz\u00e9seiben a\u00a0<\/span><i><span style=\"font-family: Times New Roman CE;\">k\u00f6zbiztons\u00e1g<\/span><\/i><span style=\"font-family: Times New Roman CE;\">\u00a0ir\u00e1nti k\u00e9ts\u00e9gbeesett v\u00e1gyakoz\u00e1s.<\/span><br \/>\n<span style=\"font-family: Times New Roman CE;\">Ezeken a ter\u00fcleteken a figyelem, a forr\u00e1sok \u00e1tcsoportos\u00edt\u00e1s\u00e1val, k\u00fcls\u0151 t\u00e1mogat\u00f3k megnyer\u00e9s\u00e9vel, az \u00f6sszefog\u00e1s-egy\u00fcttm\u0171k\u00f6d\u00e9s \u00e9rz\u00e9kenys\u00e9g\u00e9nek kinyilv\u00e1n\u00edt\u00e1s\u00e1val l\u00e1tv\u00e1nyos eredm\u00e9nyeket tudna a ker\u00fcleti \u00d6nkorm\u00e1nyzat felmutatni. A fenti \u00fcgyekben\u00a0<\/span><i><span style=\"font-family: Times New Roman CE;\">\u00f6sszehangolt<\/span><\/i><span style=\"font-family: Times New Roman CE;\">, t\u00f6bb ter\u00fcletr\u0151l egyidej\u0171leg kiindul\u00f3\u00a0<\/span><i><span style=\"font-family: Times New Roman CE;\">kezdem\u00e9nyez\u00e9sekkel<\/span><\/i><span style=\"font-family: Times New Roman CE;\">\u00a0a Hivatal, a ker\u00fcleti gazdas\u00e1gi egys\u00e9gek \u00e9s a polg\u00e1rok partners\u00e9g\u00e9re \u00e9p\u00edt\u0151 projekteket kellene azonnal elind\u00edtani.<\/span><br \/>\n<span style=\"font-family: Times New Roman CE;\">Ezek a l\u00e9p\u00e9sek a v\u00e1rosr\u00e9sz l\u00e1that\u00f3 fizikai v\u00e1ltoz\u00e1sait teremten\u00e9k meg, hozz\u00e1j\u00e1rulhatn\u00e1nak a szoci\u00e1lis k\u00f6z\u00e9rzet jelent\u0151s javul\u00e1s\u00e1hoz, \u00e9s bizalmat kelten\u00e9nek tov\u00e1bbi, eredm\u00e9nyeket csak hosszabb t\u00e1von k\u00edn\u00e1l\u00f3 fejleszt\u00e9si folyamatokban val\u00f3 lakoss\u00e1gi \u00e9s int\u00e9zm\u00e9nyi szerepv\u00e1llal\u00e1sokra.<\/span><\/p>\n<div align=\"center\"><b><i><span style=\"font-family: Times New Roman CE;\">D) A szolg\u00e1ltat\u00f3 \u00f6nkorm\u00e1nyzatis\u00e1g<\/span><\/i><\/b><\/div>\n<p><span style=\"font-family: Times New Roman CE;\">K\u0151b\u00e1nya ter\u00fcletileg, a lakoss\u00e1g \u00f6sszet\u00e9tel\u00e9t tekintve \u00e9s az egyes v\u00e1rosr\u00e9szek adotts\u00e1gait \u2013 probl\u00e9m\u00e1it tekintve is igen nagy, sokarc\u00fa ker\u00fclet. Ahhoz, hogy egy ilyen t\u00e1rsadalmi t\u00e9rben valamilyen t\u00f6rt\u00e9n\u00e9s, egy helyi kezdem\u00e9nyez\u00e9s megjelenjen, \u00e9rz\u00e9kelhet\u0151v\u00e9, l\u00e1that\u00f3v\u00e1 v\u00e1ljon, annak nagyon mark\u00e1nsnak, er\u0151teljesnek, hars\u00e1nynak, ki\u00e1lt\u00f3nak kell lennie. A kis \u00e9s k\u00f6zepes akaratokat, esem\u00e9nyeket \u2013 amelyek egy kistelep\u00fcl\u00e9sen m\u00e1r pl. \u00f6sszefog\u00e1sra, k\u00f6z\u00f6s cselekv\u00e9sre inspir\u00e1lj\u00e1k a k\u00f6rny\u00e9kbelieket \u2013 ezt a v\u00e1ros\u00f3ri\u00e1s k\u00f6nnyen f\u00f6lfalja, megsemmis\u00edti, egysz\u00f3val nehezen v\u00e1lik egy helyi dolog \u00f6nmag\u00e1t\u00f3l l\u00e1that\u00f3v\u00e1, amelyhez a helyi polg\u00e1rok viszonyulni, csatlakozni tudn\u00e1nak, vagy amit\u0151l \u00e9ppen elhat\u00e1rol\u00f3dni t\u00e1madna kedv\u00fck.<\/span><br \/>\n<span style=\"font-family: Times New Roman CE;\">A szoci\u00e1lis, k\u00f6z\u00f6ss\u00e9gi kezdem\u00e9nyez\u00e9sek gyakran t\u00fals\u00e1gosan is t\u00f6r\u00e9kenyek ahhoz, hogy k\u00fcls\u0151 t\u00e1mogat\u00e1s n\u00e9lk\u00fcl tart\u00f3s t\u00e1rsadalmi szervez\u0151d\u00e9sk\u00e9nt magukkal ragadj\u00e1k a helyi lakosokat. Ehhez \u2013 t\u00f6bbek k\u00f6z\u00f6tt \u2013\u00a0<\/span><i><span style=\"font-family: Times New Roman CE;\">befogad\u00f3, b\u00e1tor\u00edt\u00f3, t\u00e1mogat\u00f3, az ilyen \u00e9rt\u00e9keket keres\u0151 \u00e9s v\u00e9d\u0151 \u00f6nkorm\u00e1nyzati, k\u00f6zigazgat\u00e1si magatart\u00e1s<\/span><\/i><span style=\"font-family: Times New Roman CE;\">\u00a0sz\u00fcks\u00e9ges, amely felismeri, hogy milyen fontos szerepv\u00e1llal\u00e1s k\u00f6vetkezhet az er\u0151s civil t\u00e1rsadalom \u00e1ltal. Ahol p\u00e9ld\u00e1ul a csal\u00e1doknak, a sz\u00fcl\u0151knek nem mindig csak az int\u00e9zm\u00e9nyi ell\u00e1t\u00e1st kell k\u00e9szen adni, hanem seg\u00edt\u0151leg\u00a0<\/span><i><span style=\"font-family: Times New Roman CE;\">k\u00f6zrem\u0171k\u00f6dni<\/span><\/i><span style=\"font-family: Times New Roman CE;\">\u00a0abban, hogy \u00f6nmaguk is k\u00e9pess\u00e9 v\u00e1ljanak a saj\u00e1t probl\u00e9m\u00e1juk megold\u00e1s\u00e1ra, helyzet\u00fck kezel\u00e9s\u00e9re.<\/span><br \/>\n<span style=\"font-family: Times New Roman CE;\">Mi a K\u0151b\u00e1nyai \u00d6nkorm\u00e1nyzatot ilyen felel\u0151s test\u00fcletnek gondoljuk, amely tudat\u00e1ban van annak, hogy sokszor \u00e9ppen az \u0151 v\u00e1ll\u00e1r\u00f3l vehetn\u00e9nek le feladatokat, terheket a helyi polg\u00e1rokb\u00f3l szervez\u0151d\u0151 k\u00f6z\u00f6ss\u00e9gek. Ez\u00e9rt aj\u00e1nljuk, hogy v\u00e1llaljanak akt\u00edv, kezdem\u00e9nyez\u0151 szerepet egy ilyen fejleszt\u00e9si programban.<\/span><b><\/b><\/p>\n<div align=\"center\"><b><span style=\"font-family: Times New Roman CE;\">IV. Javaslatok a tov\u00e1bbi cselekv\u00e9sre<\/span><\/b><\/div>\n<p><span style=\"font-family: Times New Roman CE;\">A k\u00f6z\u00f6ss\u00e9gfejleszt\u00e9si program tov\u00e1bbi lehet\u0151s\u00e9geit a K\u0151b\u00e1ny\u00e1n lak\u00f3k sz\u00fcks\u00e9gletei \u00e9s helyi, \u00f6nseg\u00edt\u0151 tev\u00e9kenys\u00e9ge hat\u00e1rozza meg. A k\u00f6z\u00f6ss\u00e9gi felm\u00e9r\u00e9s egy\u00e9rtelm\u0171en igazolja, hogy a sz\u00fcl\u0151k sz\u00fcks\u00e9gletei t\u00falmutatnak a gyermekell\u00e1t\u00e1s problematik\u00e1j\u00e1n az egzisztenci\u00e1lis- \u00e9s lak\u00f3helyi sz\u00fcks\u00e9gletek ir\u00e1ny\u00e1ba. Sz\u00fcks\u00e9gesnek \u00e9s lehets\u00e9gesnek tartjuk, hogy:<\/span><br \/>\n<span style=\"font-family: Symbol;\">\u00b7\u00a0<\/span><span style=\"font-family: Times New Roman CE;\">a program kiterjedjen a k\u00e9t szomsz\u00e9ds\u00e1g teljes lakoss\u00e1g\u00e1ra<\/span><br \/>\n<span style=\"font-family: Symbol;\">\u00b7\u00a0<\/span><span style=\"font-family: Times New Roman CE;\">min\u00e9l t\u00f6bb ker\u00fcleti szomsz\u00e9ds\u00e1g szervez\u0151dj\u00f6n \u00e9s er\u0151s\u00f6dj\u00f6n meg<\/span><br \/>\n<span style=\"font-family: Symbol;\">\u00b7\u00a0<\/span><span style=\"font-family: Times New Roman CE;\">a szomsz\u00e9ds\u00e1gokban alakuljon ki \u00e9s fejl\u0151dj\u00f6n a k\u00f6z\u00f6ss\u00e9gi szellem<\/span><br \/>\n<span style=\"font-family: Symbol;\">\u00b7\u00a0<\/span><span style=\"font-family: Times New Roman CE;\">a k\u00f6z\u00f6ss\u00e9gi \u00e9let az itt lak\u00f3k \u00e1ltal legyen szab\u00e1lyozott \u00e9s a szab\u00e1lyokat be is tarts\u00e1k<\/span><br \/>\n<span style=\"font-family: Symbol;\">\u00b7\u00a0<\/span><span style=\"font-family: Times New Roman CE;\">hogy a lak\u00f3k \u00e1tl\u00e1ss\u00e1k a d\u00f6nt\u00e9si folyamatokat<\/span><br \/>\n<span style=\"font-family: Symbol;\">\u00b7\u00a0<\/span><span style=\"font-family: Times New Roman CE;\">hogy a d\u00f6nt\u00e9sekbe egyre nagyobb belesz\u00f3l\u00e1suk legyen \u00e9s hogy<\/span><br \/>\n<span style=\"font-family: Symbol;\">\u00b7\u00a0<\/span><span style=\"font-family: Times New Roman CE;\">a lakoss\u00e1got konkr\u00e9t helyi cselekv\u00e9sekben \u00e9s k\u00e9pz\u00e9sek keret\u00e9ben is, fel lehessen k\u00e9sz\u00edteni minderre.<\/span><\/p>\n<p><span style=\"font-family: Times New Roman CE;\">M\u00e1s sz\u00f3val: fontosnak tartan\u00e1nk, hogy K\u0151b\u00e1ny\u00e1n l\u00e9trej\u00f6jjenek tov\u00e1bbi civil szervezetek \u00e9s kialakuljon egy struktur\u00e1lt helyi t\u00e1rsadalom.<\/span><\/p>\n<div align=\"center\"><b><i><span style=\"font-family: Times New Roman CE;\">A) A helyi t\u00e1rsadalom er\u0151s\u00edt\u00e9se, a szomsz\u00e9ds\u00e1gok szerep\u00e9nek n\u00f6vel\u00e9se<\/span><\/i><\/b><\/div>\n<p><span style=\"font-family: Times New Roman CE;\">H\u00e1tt\u00e9ranyagunkb\u00f3l egy\u00e9rtelm\u0171en kider\u00fcl, hogy a k\u0151b\u00e1nyaiak hajland\u00f3ak \u00f6nk\u00e9ntes munk\u00e1ra, \u00e1m azt tapasztaltuk, hogy ezt csak rendszeres b\u00e1tor\u00edt\u00e1ssal, seg\u00edts\u00e9ggel, koordin\u00e1ci\u00f3val tudj\u00e1k megval\u00f3s\u00edtani.<\/span><\/p>\n<div align=\"center\"><b><i><span style=\"font-family: Times New Roman CE;\">Javaslatok<\/span><\/i><\/b><\/div>\n<p>1.\u00a0<span style=\"font-family: Times New Roman CE;\">A k\u00f6z\u00f6ss\u00e9gfejleszt\u0151i program folytat\u00f3djon a K\u0151b\u00e1nyai V\u00e1rosk\u00f6zpontban \u00e9s induljon be az \u00dajhegyi Lak\u00f3telep m\u00e1r \u00e9rintett<\/span><br \/>\n<span style=\"font-family: Times New Roman CE;\">szomsz\u00e9ds\u00e1g\u00e1ban is.<\/span><br \/>\n2.\u00a0<span style=\"font-family: Times New Roman CE;\">Az \u00d6nkorm\u00e1nyzat, a Budapesti Szoci\u00e1lis Forr\u00e1sk\u00f6zpont, a K\u00f6z\u00f6ss\u00e9gfejleszt\u0151k Egyes\u00fclete \u00e9s a Munka\u00fcgyi K\u00f6zpont tal\u00e1lja<\/span><br \/>\n<span style=\"font-family: Times New Roman CE;\">meg a lehet\u0151s\u00e9get p\u00e1ly\u00e1zati forr\u00e1sok bevon\u00e1s\u00e1ra \u00e9s 3 f\u0151 k\u00f6z\u00f6ss\u00e9gfejleszt\u0151 alkalmaz\u00e1s\u00e1ra, hirdessen p\u00e1ly\u00e1zatot az \u00e1ll\u00e1sok<\/span><br \/>\n<span style=\"font-family: Times New Roman CE;\">bet\u00f6lt\u00e9s\u00e9re \u00e9s a kiv\u00e1lasztott k\u00f6z\u00f6ss\u00e9gfejleszt\u0151ket k\u00e9pezze ki a helyi munk\u00e1ra.<\/span><br \/>\n3.\u00a0<span style=\"font-family: Times New Roman CE;\">Az<\/span><b><span style=\"font-family: Times New Roman CE;\">\u00a0<\/span><\/b><i><span style=\"font-family: Times New Roman CE;\">\u00fajonnan alkalmazott k\u00f6z\u00f6ss\u00e9gfejleszt\u0151k<\/span><\/i><span style=\"font-family: Times New Roman CE;\">\u00a0kezdj\u00e9k meg a K\u00f6z\u00f6ss\u00e9gi felm\u00e9r\u00e9s eredm\u00e9nyeire \u00e9p\u00fcl\u0151 lakoss\u00e1gi munka<\/span><br \/>\n<span style=\"font-family: Times New Roman CE;\">szervez\u00e9s\u00e9t:<\/span><br \/>\n<span style=\"font-family: Symbol;\">\u00b7\u00a0<\/span><span style=\"font-family: Times New Roman CE;\">alak\u00edtsanak ki egy szomsz\u00e9ds\u00e1gi k\u00f6z\u00f6ss\u00e9gi munk\u00e1s h\u00e1l\u00f3zatot<\/span><br \/>\n<span style=\"font-family: Symbol;\">\u00b7\u00a0<\/span><span style=\"font-family: Times New Roman CE;\">szervezzenek k\u00f6z\u00f6ss\u00e9gfejleszt\u0151i k\u00e9pz\u00e9seket az \u00f6nk\u00e9ntes k\u00f6z\u00f6ss\u00e9gfejleszt\u0151k sz\u00e1m\u00e1ra<\/span><br \/>\n<span style=\"font-family: Symbol;\">\u00b7\u00a0<\/span><span style=\"font-family: Times New Roman CE;\">seg\u00edtsenek az \u00f6nk\u00e9nteseknek megtervezni saj\u00e1t szomsz\u00e9ds\u00e1guk k\u00f6z\u00f6ss\u00e9gi munk\u00e1j\u00e1t, adjanak ehhez inform\u00e1ci\u00f3kat,<\/span><br \/>\n<span style=\"font-family: Times New Roman CE;\">szervezzenek kapcsolatokat<\/span><br \/>\n<span style=\"font-family: Symbol;\">\u00b7\u00a0<\/span><span style=\"font-family: Times New Roman CE;\">seg\u00edtsenek az \u00f6nk\u00e9ntes k\u00f6z\u00f6ss\u00e9gi munk\u00e1soknak a szomsz\u00e9ds\u00e1gi nyilv\u00e1noss\u00e1g megszervez\u0151d\u00e9s\u00e9ben (\u00faj civil szervezetek<\/span><br \/>\n<span style=\"font-family: Times New Roman CE;\">alakul\u00e1sa, h\u00edrlevelek, helyi r\u00e1di\u00f3, helyi tv k\u00f6z\u00f6ss\u00e9gi ad\u00e1sai, stb.)<\/span><br \/>\n<span style=\"font-family: Symbol;\">\u00b7\u00a0<\/span><span style=\"font-family: Times New Roman CE;\">seg\u00edts\u00e9k lakoss\u00e1gi f\u00f3rumok szervez\u0151d\u00e9s\u00e9t a szomsz\u00e9ds\u00e1gokban<\/span><br \/>\n<span style=\"font-family: Symbol;\">\u00b7\u00a0<\/span><span style=\"font-family: Times New Roman CE;\">seg\u00edts\u00e9k az \u00e9rdekegyeztet\u00e9shez sz\u00fcks\u00e9ges \u00e1llampolg\u00e1ri ismeretek \u00e9s technik\u00e1k, k\u00e9pz\u00e9seken t\u00f6rt\u00e9n\u0151 elsaj\u00e1t\u00edt\u00e1s\u00e1t<\/span><br \/>\n<span style=\"font-family: Symbol;\">\u00b7\u00a0<\/span><span style=\"font-family: Times New Roman CE;\">seg\u00edts\u00e9k az \u00d6nkorm\u00e1nyzat \u00e9s a civil szervezetek k\u00f6z\u00f6tti folyamatos p\u00e1rbesz\u00e9det \u00e9s egy\u00fcttm\u0171k\u00f6d\u00e9st. Kapcsolj\u00e1k be a<\/span><br \/>\n<span style=\"font-family: Times New Roman CE;\">munk\u00e1ba a ker\u00fcleti \u00fczleti szektor szerepl\u0151it is.<\/span><\/p>\n<div align=\"center\"><b><i><span style=\"font-family: Times New Roman CE;\">B) \u00d6nk\u00e9ntes szolg\u00e1ltat\u00e1sok beind\u00edt\u00e1sa<\/span><\/i><\/b><\/div>\n<p><span style=\"font-family: Times New Roman CE;\">A K\u00f6z\u00f6ss\u00e9gi felm\u00e9r\u00e9s eredm\u00e9nyeire \u00e9p\u00edtve, sz\u00e1mos tev\u00e9kenys\u00e9g megszervez\u00e9s\u00e9t ak\u00e1r azonnal el lehetne kezdeni. Ha 3 k\u00f6z\u00f6ss\u00e9gfejleszt\u0151 alkalmaz\u00e1sra ker\u00fclne, a lakoss\u00e1gi cselekv\u00e9sek koordin\u00e1l\u00e1sa megoldott lenne. Sz\u00fcks\u00e9ges lenne tov\u00e1bb\u00e1 olyan k\u00f6z\u00f6ss\u00e9gi helyek kialak\u00edt\u00e1sa, amely e programoknak otthont adna \u00e9s a kialak\u00edtott infrastrukt\u00far\u00e1val is szolg\u00e1ln\u00e1nak.<\/span><\/p>\n<div align=\"center\"><b><i><span style=\"font-family: Times New Roman CE;\">Javaslatok<\/span><\/i><\/b><\/div>\n<p><b><i><\/i><\/b><br \/>\n1.\u00a0<span style=\"font-family: Times New Roman CE;\">Javasoljuk a sz\u00fcl\u0151knek, hogy alak\u00edts\u00e1k meg a\u00a0<\/span><i><span style=\"font-family: Times New Roman CE;\">K\u0151b\u00e1nyai Sz\u00fcl\u0151k Egyes\u00fclet\u00e9<\/span><\/i><span style=\"font-family: Times New Roman CE;\">t, hogy jobban meg tudjanak szervez\u0151dni \u00e9s<\/span><br \/>\n<span style=\"font-family: Times New Roman CE;\">hogy jogi szem\u00e9lyk\u00e9nt \u00e9rv\u00e9nyes\u00edthess\u00e9k elk\u00e9pzel\u00e9seiket a partnerkapcsolatok \u00e9p\u00edt\u00e9s\u00e9ben \u00e9s a p\u00e9nzforr\u00e1sok teremt\u00e9s\u00e9ben.<\/span><br \/>\n2.\u00a0<span style=\"font-family: Times New Roman CE;\">Javasoljuk a sz\u00fcl\u0151knek, hogy szervezz\u00e9k meg a Sz\u00edvess\u00e9g-Szolg\u00e1latot \u00e9s alkalmank\u00e9nt rendezzenek haszn\u00e1ltruha-, b\u00fator-,<\/span><br \/>\n<span style=\"font-family: Times New Roman CE;\">szersz\u00e1m- \u00e9s j\u00e1t\u00e9kb\u00f6rz\u00e9t. Javasoljuk tov\u00e1bb\u00e1, hogy szervezz\u00e9k meg a h\u00e1ztart\u00e1ssal, a lak\u00e1s \u00e9s \u00f6nmaguk csinos\u00edt\u00e1s\u00e1val<\/span><br \/>\n<span style=\"font-family: Times New Roman CE;\">kapcsolatos foglalkoz\u00e1sokat, amelynek sor\u00e1n egym\u00e1st\u00f3l tanulhatnak (s\u00fct\u00e9s-f\u0151z\u00e9s, szab\u00e1s-varr\u00e1s, sz\u00e1m\u00edt\u00f3g\u00e9p-kezel\u00e9s,<\/span><br \/>\n<span style=\"font-family: Times New Roman CE;\">nyelv, stb.)<\/span><br \/>\n3.\u00a0<span style=\"font-family: Times New Roman CE;\">Javasoljuk a sz\u00fcl\u0151knek, hogy kezdj\u00e9k \u00f6sszegy\u0171jteni a sz\u00e1mukra legfontosabb inform\u00e1ci\u00f3kat \u00e9s szervezz\u00e9k meg az<\/span><br \/>\n<span style=\"font-family: Times New Roman CE;\">inform\u00e1ci\u00f3k, m\u00e1sokhoz val\u00f3 eljuttat\u00e1s\u00e1t is. A legfontosabb inform\u00e1ci\u00f3k a\u00a0<\/span><i><span style=\"font-family: Times New Roman CE;\">lak\u00e1s<\/span><\/i><span style=\"font-family: Times New Roman CE;\">k\u00e9rd\u00e9<\/span><i><span style=\"font-family: Times New Roman CE;\">s<\/span><\/i><span style=\"font-family: Times New Roman CE;\">sel (lak\u00e1s-p\u00e1ly\u00e1zatok, hitelek,<\/span><br \/>\n<span style=\"font-family: Times New Roman CE;\">be\u00e9p\u00edthet\u0151 telkek, tet\u0151terek, kedvezm\u00e9nyek, b\u0151v\u00edt\u00e9s, \u00e9p\u00edt\u00e9s, stb.); a munk\u00e1ba \u00e1ll\u00e1si \u00e9s\u00a0<\/span><i><span style=\"font-family: Times New Roman CE;\">munka<\/span><\/i><span style=\"font-family: Times New Roman CE;\">v\u00e1llal\u00e1si lehet\u0151s\u00e9gekkel<\/span><br \/>\n<span style=\"font-family: Times New Roman CE;\">(hirdet\u00e9sek b\u00f6ng\u00e9sz\u00e9se, munk\u00e1k leinform\u00e1l\u00e1sa, t\u00e1j\u00e9koz\u00f3d\u00e1s, kapcsolatszervez\u00e9s a munka vil\u00e1g\u00e1val foglalkoz\u00f3<\/span><br \/>\n<span style=\"font-family: Times New Roman CE;\">szervezetekkel, az \u00fczleti szektorral, stb.); a\u00a0<\/span><i><span style=\"font-family: Times New Roman CE;\">tov\u00e1bbtanul\u00e1ssal<\/span><\/i><span style=\"font-family: Times New Roman CE;\">\u00a0(mit \u00e9rdemes ma tanulni, milyen \u00faj foglalkoz\u00e1sok l\u00e9teznek,<\/span><br \/>\n<span style=\"font-family: Times New Roman CE;\">milyen \u00faj (szak)oktat\u00e1si form\u00e1k vannak, stb.); \u00e9s nem utols\u00f3sorban a\u00a0<\/span><i><span style=\"font-family: Times New Roman CE;\">gyermekek<\/span><\/i><span style=\"font-family: Times New Roman CE;\">kel kapcsolatosak (nevel\u00e9si-,<\/span><br \/>\n<span style=\"font-family: Times New Roman CE;\">eg\u00e9szs\u00e9g\u00fcgyi, szoci\u00e1lis-, speci\u00e1lis probl\u00e9m\u00e1k, ell\u00e1t\u00e1sok, kedvezm\u00e9nyek, stb.)<\/span><br \/>\n4.\u00a0<span style=\"font-family: Times New Roman CE;\">Javasoljuk a K\u0151b\u00e1nyai Sz\u00fcl\u0151k Egyes\u00fclet\u00e9nek \u00e9s az \u00d6nkorm\u00e1nyzatnak, hogy hozzanak l\u00e9tre h\u00e1rom \u00e1lland\u00f3an \u00e9s a sz\u00fcl\u0151k<\/span><br \/>\n<span style=\"font-family: Times New Roman CE;\">\u00f6nk\u00e9ntes csoportja \u00e1ltal \u00f6nszervez\u0151en m\u0171k\u00f6dtetett k\u00f6z\u00f6ss\u00e9gi hely \u2013 nevezz\u00fck\u00a0<\/span><b><span style=\"font-family: Times New Roman CE;\">\u201c<\/span><\/b><i><span style=\"font-family: Times New Roman CE;\">K\u00e1v\u00e9z\u00f3<\/span><\/i><b><span style=\"font-family: Times New Roman CE;\">\u201d<\/span><\/b><span style=\"font-family: Times New Roman CE;\">-nak \u2013 \u00e9s \u00fczemeljen:<\/span><br \/>\n<span style=\"font-family: Symbol;\">\u00b7\u00a0<\/span><span style=\"font-family: Times New Roman CE;\">fedett j\u00e1tsz\u00f3t\u00e9rk\u00e9nt (sz\u00fcl\u0151k-gyerekek egy\u00fctt)<\/span><br \/>\n<span style=\"font-family: Symbol;\">\u00b7\u00a0<\/span><span style=\"font-family: Times New Roman CE;\">k\u00e1v\u00e9z\u00f3k\u00e9nt (a sz\u00fcl\u0151k \u00e1ltal k\u00e9sz\u00edtett enni-innival\u00f3k \u00f6nk\u00f6lts\u00e9ges \u00e1ron)<\/span><br \/>\n<span style=\"font-family: Symbol;\">\u00b7\u00a0<\/span><span style=\"font-family: Times New Roman CE;\">tanfolyamok sz\u00ednhelyek\u00e9nt<\/span><br \/>\n<span style=\"font-family: Symbol;\">\u00b7\u00a0<\/span><span style=\"font-family: Times New Roman CE;\">esti- \u00e9s h\u00e9tv\u00e9gi klubk\u00e9nt<\/span><br \/>\n<span style=\"font-family: Symbol;\">\u00b7\u00a0<\/span><span style=\"font-family: Times New Roman CE;\">a Sz\u00edvess\u00e9g-Szolg\u00e1lat k\u00f6zpontjaik\u00e9nt<\/span><br \/>\n<span style=\"font-family: Symbol;\">\u00b7\u00a0<\/span><span style=\"font-family: Times New Roman CE;\">inform\u00e1ci\u00f3s irodak\u00e9nt, vagy Polg\u00e1ri Tan\u00e1csad\u00f3 Szolg\u00e1latk\u00e9nt<\/span><br \/>\n<span style=\"font-family: Symbol;\">\u00b7\u00a0<\/span><span style=\"font-family: Times New Roman CE;\">egyes\u00fcleti sz\u00e9khelyk\u00e9nt<\/span><br \/>\n<span style=\"font-family: Symbol;\">\u00b7\u00a0<\/span><span style=\"font-family: Times New Roman CE;\">job-klubk\u00e9nt.<\/span><br \/>\n5.\u00a0<span style=\"font-family: Times New Roman CE;\">A k\u00e1v\u00e9z\u00f3k\u00a0<\/span><i><span style=\"font-family: Times New Roman CE;\">program<\/span><\/i><span style=\"font-family: Times New Roman CE;\">j\u00e1t kezdetben a k\u00f6z\u00f6ss\u00e9gi felm\u00e9r\u00e9s eredm\u00e9nyei adj\u00e1k, k\u00e9s\u0151bb kieg\u00e9sz\u00fclhet \u00faj programokkal is.<\/span><br \/>\n6.\u00a0<span style=\"font-family: Times New Roman CE;\">Javasoljuk, hogy az \u00d6nkorm\u00e1nyzat bocs\u00e1sson a sz\u00fcl\u0151k rendelkez\u00e9s\u00e9re 3 erre alkalmas \u00fczlethelyis\u00e9get \u00e9s \u00e1llapodjon meg a<\/span><br \/>\n<span style=\"font-family: Times New Roman CE;\">Sz\u00fcl\u0151k Egyes\u00fclet\u00e9vel a\u00a0<\/span><i><span style=\"font-family: Times New Roman CE;\">helyis\u00e9gek<\/span><\/i><span style=\"font-family: Times New Roman CE;\">\u00a0\u00fczemeltet\u00e9s\u00e9vel kapcsolatosan. Ez azt jelenten\u00e9, hogy az \u00d6nkorm\u00e1nyzat lenne a civil<\/span><br \/>\n<span style=\"font-family: Times New Roman CE;\">szervezetek b\u00e1zis\u00e1ul szolg\u00e1l\u00f3 k\u00f6z\u00f6ss\u00e9gi hely alap\u00edt\u00f3ja \u00e9s r\u00e9szben fenntart\u00f3ja.<\/span><br \/>\n7.\u00a0<span style=\"font-family: Times New Roman CE;\">Javasoljuk, hogy a K\u0151b\u00e1nyai Sz\u00fcl\u0151k Egyes\u00fclete \u2013 a k\u00f6z\u00f6ss\u00e9gfejleszt\u0151k seg\u00edts\u00e9g\u00e9vel \u2013 teremtsen\u00a0<\/span><i><span style=\"font-family: Times New Roman CE;\">forr\u00e1sok<\/span><\/i><span style=\"font-family: Times New Roman CE;\">at a helyis\u00e9gek<\/span><br \/>\n<span style=\"font-family: Times New Roman CE;\">berendez\u00e9s\u00e9re \u00e9s m\u0171k\u00f6dtet\u00e9s\u00e9re.<\/span><br \/>\n8.\u00a0<span style=\"font-family: Times New Roman CE;\">Javasoljuk, hogy a Munka\u00fcgyi K\u00f6zpont \u00e9s az \u00d6nkorm\u00e1nyzat biztos\u00edtsa\u00a0<\/span><i><span style=\"font-family: Times New Roman CE;\">1-1 k\u00f6zhaszn\u00fa<\/span><\/i><b><span style=\"font-family: Times New Roman CE;\">\u00a0<\/span><\/b><i><span style=\"font-family: Times New Roman CE;\">munk\u00e1s<\/span><\/i><span style=\"font-family: Times New Roman CE;\">\u00a0be\u00e1ll\u00edt\u00e1s\u00e1t a gondnoki<\/span><br \/>\n<span style=\"font-family: Times New Roman CE;\">teend\u0151k ell\u00e1t\u00e1s\u00e1ra, term\u00e9szetesen az arra alkalmas k\u0151b\u00e1nyai sz\u00fcl\u0151k k\u00f6r\u00e9b\u0151l.<\/span><br \/>\n9.\u00a0<span style=\"font-family: Times New Roman CE;\">Javasoljuk a sz\u00fcl\u0151knek, hogy fontolj\u00e1k meg a m\u00e1r spont\u00e1nul ma is sokhely\u00fctt m\u0171k\u00f6d\u0151 \u201c<\/span><i><span style=\"font-family: Times New Roman CE;\">szomsz\u00e9ds\u00e1g-figyel\u00e9s<\/span><\/i><b><span style=\"font-family: Times New Roman CE;\">\u201d<\/span><\/b><span style=\"font-family: Times New Roman CE;\">-t, s<\/span><br \/>\n<span style=\"font-family: Times New Roman CE;\">dolgozz\u00e1k ki a h\u00e1zt\u00f6mbj\u00fckre, utcar\u00e9szlet\u00fckre t\u00f6rt\u00e9n\u0151 fel\u00fcgyelet rendj\u00e9t \u00e9s szervezz\u00e9k meg ezt a k\u00f6zbiztons\u00e1got er\u0151s\u00edt\u0151<\/span><br \/>\n<span style=\"font-family: Times New Roman CE;\">munk\u00e1t.<\/span><br \/>\n10.\u00a0<span style=\"font-family: Times New Roman CE;\">Javasoljuk az \u00d6nkorm\u00e1nyzatnak, hogy egy\u00fcttm\u0171k\u00f6d\u00e9s\u00e9vel, forr\u00e1sai megoszt\u00e1s\u00e1val \u00e9s a tov\u00e1bbi forr\u00e1steremt\u00e9shez<\/span><br \/>\n<span style=\"font-family: Times New Roman CE;\">sz\u00fcks\u00e9ges\u00a0<\/span><i><span style=\"font-family: Times New Roman CE;\">\u00f6nr\u00e9sz<\/span><\/i><span style=\"font-family: Times New Roman CE;\">\u00a0\u00e9s garanci\u00e1k ny\u00fajt\u00e1s\u00e1val seg\u00edtse a sz\u00fcl\u0151k \u00f6ntev\u00e9kenys\u00e9g\u00e9t.<\/span><br \/>\n11.\u00a0<span style=\"font-family: Times New Roman CE;\">Javasoljuk, hogy a K\u00d6SZI, a Pataky M\u0171vel\u0151d\u00e9si K\u00f6zpont \u00e9s a k\u00f6z\u00f6ss\u00e9gfejleszt\u0151k dolgozzanak ki egy egy\u00fcttm\u0171k\u00f6d\u00e9st a<\/span><br \/>\n<span style=\"font-family: Times New Roman CE;\">k\u00f6z\u00f6ss\u00e9gi felm\u00e9r\u00e9sben felmer\u00fclt m\u0171vel\u0151d\u00e9si ig\u00e9nyek kiel\u00e9g\u00edt\u00e9s\u00e9re (k\u00f6zhaszn\u00fa\u00a0<\/span><i><span style=\"font-family: Times New Roman CE;\">tanfolyamok<\/span><\/i><span style=\"font-family: Times New Roman CE;\">).<\/span><br \/>\n12.\u00a0<span style=\"font-family: Times New Roman CE;\">Javasoljuk, hogy a k\u00f6z\u00f6ss\u00e9gi munk\u00e1ban akt\u00edv sz\u00fcl\u0151k tervezett k\u00f6z\u00f6s nyaral\u00e1s\u00e1hoz az \u00d6nkorm\u00e1nyzat j\u00e1ruljon hozz\u00e1<\/span><br \/>\n<span style=\"font-family: Times New Roman CE;\">f\u00e9r\u0151helyek biztos\u00edt\u00e1s\u00e1val a balatonlellei\u00a0<\/span><i><span style=\"font-family: Times New Roman CE;\">\u00fcd\u00fcl\u0151<\/span><\/i><span style=\"font-family: Times New Roman CE;\">ben, \u00e9s lehet\u0151s\u00e9g eset\u00e9n a csal\u00e1dok utaz\u00e1si k\u00f6lts\u00e9geihez is.<\/span><\/p>\n<div align=\"center\"><b><i><span style=\"font-family: Times New Roman CE;\">C) J\u00e1tsz\u00f3terek, parkok, babakocsi-lej\u00e1r\u00f3k, k\u00f6ztisztas\u00e1g<\/span><\/i><\/b><\/div>\n<p><span style=\"font-family: Times New Roman CE;\">K\u0151b\u00e1nya nagy \u00e9rt\u00e9ke a sok z\u00f6ld, a j\u00e1tsz\u00f3terek, a sz\u00e9p parkok. Tudjuk, hogy az \u00d6nkorm\u00e1nyzat a p\u00e9nzhi\u00e1ny \u00e9s a fokoz\u00f3d\u00f3 vandalizmus ellen\u00e9re is komoly er\u0151fesz\u00edt\u00e9seket tesz a parkok \u00e9s j\u00e1tsz\u00f3terek rendben tart\u00e1s\u00e1\u00e9rt, de \u00fagy v\u00e9lj\u00fck, hogy m\u00e9g nem haszn\u00e1lta ki a lakoss\u00e1gi \u00f6ntev\u00e9kenys\u00e9gben rejl\u0151 lehet\u0151s\u00e9geket, melyek seg\u00edts\u00e9g\u00e9vel sokat tehetne a helyi k\u00f6z\u00e9rzet javul\u00e1s\u00e1\u00e9rt.<\/span><\/p>\n<div align=\"center\"><b><i><span style=\"font-family: Times New Roman CE;\">Javaslatok<\/span><\/i><\/b><\/div>\n<p>1.\u00a0<span style=\"font-family: Times New Roman CE;\">Beker\u00edtett, reggel nyit\u00f3 \u2013 este z\u00e1r\u00f3, sz\u00fcl\u0151k \u00e1ltal is fel\u00fcgyelt-gondozott, k\u00f6rnyezetbar\u00e1t m\u00f3don l\u00e9trehozott\u00a0<\/span><i><span style=\"font-family: Times New Roman CE;\">j\u00e1tsz\u00f3terek<\/span><\/i><br \/>\n<span style=\"font-family: Times New Roman CE;\">kialak\u00edt\u00e1s\u00e1t javasoljuk a Sz\u00fcl\u0151k \u00e9s az \u00d6nkorm\u00e1nyzat \u00f6sszefog\u00e1s\u00e1val.<\/span><br \/>\n2.\u00a0<span style=\"font-family: Times New Roman CE;\">Minden j\u00e1tsz\u00f3t\u00e9ren alakuljon\u00a0<\/span><i><span style=\"font-family: Times New Roman CE;\">j\u00e1tsz\u00f3t\u00e9r-bizotts\u00e1g<\/span><\/i><span style=\"font-family: Times New Roman CE;\">.<\/span><br \/>\n3.\u00a0<span style=\"font-family: Times New Roman CE;\">Jel\u00f6lje ki az \u00f6nkorm\u00e1nyzat azt a munkat\u00e1rs\u00e1t, akinek feladata a sz\u00fcl\u0151kkel val\u00f3\u00a0<\/span><i><span style=\"font-family: Times New Roman CE;\">egy\u00fcttm\u0171k\u00f6d\u00e9s<\/span><\/i><span style=\"font-family: Times New Roman CE;\">\u00a0\u00e9s tov\u00e1bbi anyagi forr\u00e1sok<\/span><br \/>\n<span style=\"font-family: Times New Roman CE;\">teremt\u00e9se. A j\u00e1tsz\u00f3t\u00e9r-bizotts\u00e1gok \u00e9s az \u00f6nkorm\u00e1nyzat felel\u0151se dolgozz\u00e1k ki a j\u00e1tsz\u00f3terek rendbe hoz\u00e1s\u00e1nak \u00e9s folyamatos<\/span><br \/>\n<span style=\"font-family: Times New Roman CE;\">karbantart\u00e1s\u00e1nak rendj\u00e9t.<\/span><br \/>\n4.\u00a0<span style=\"font-family: Times New Roman CE;\">Javasoljuk, hogy az \u00d6nkorm\u00e1nyzat ne csak szab\u00e1lyozza a parkokban a\u00a0<\/span><i><span style=\"font-family: Times New Roman CE;\">kutyas\u00e9t\u00e1ltat\u00e1s<\/span><\/i><b><span style=\"font-family: Times New Roman CE;\">\u00a0<\/span><\/b><span style=\"font-family: Times New Roman CE;\">hely\u00e9t \u00e9s rendj\u00e9t, de jel\u00f6lje ezt<\/span><br \/>\n<span style=\"font-family: Times New Roman CE;\">fizikailag is \u2013 pl. a futtat\u00f3k k\u00f6r\u00e9 ker\u00edt\u00e9sekkel \u2013 \u00e9s vizsg\u00e1lja meg a\u00a0<\/span><i><span style=\"font-family: Times New Roman CE;\">park\u0151r<\/span><\/i><span style=\"font-family: Times New Roman CE;\">\u00a0int\u00e9zm\u00e9nye bevezet\u00e9s\u00e9nek lehet\u0151s\u00e9geit.<\/span><br \/>\n5.\u00a0<span style=\"font-family: Times New Roman CE;\">Javasoljuk tov\u00e1bb\u00e1, hogy helyi rendeletben szab\u00e1lyozza a kutyatart\u00e1st \u00e9s a rendelett\u0151l elt\u00e9r\u0151 viselked\u00e9st k\u00f6vetkezetesen<\/span><br \/>\n<span style=\"font-family: Times New Roman CE;\">szankcion\u00e1lja.<\/span><br \/>\n6.\u00a0<span style=\"font-family: Times New Roman CE;\">A k\u00f6z\u00f6ss\u00e9gfejleszt\u0151k, a m\u00e1r aktiviz\u00e1lt lakosok, az \u00d6nkorm\u00e1nyzat, a helyi \u00fajs\u00e1g \u00e9s a helyi k\u00e1bel-t\u00e9v\u00e9 1998 tavasz\u00e1n<\/span><br \/>\n<span style=\"font-family: Times New Roman CE;\">kezdem\u00e9nyezzen egy\u00a0<\/span><i><span style=\"font-family: Times New Roman CE;\">ker\u00fcleti tisztas\u00e1gi- \u00e9s sz\u00e9p\u00edt\u0151 mozgalmat<\/span><\/i><span style=\"font-family: Times New Roman CE;\">\u00a0(\u201clegszebb utca\u201d \u2013 \u201clegszebb park\u201d \u2013 \u201clegszebb<\/span><br \/>\n<span style=\"font-family: Times New Roman CE;\">j\u00e1tsz\u00f3t\u00e9r\u201d) \u00e9p\u00edtve az itt \u00e9l\u0151k z\u00f6ldszeretet\u00e9re, kert\u00e9szked\u00e9si hajlam\u00e1ra, v\u00e1llal\u00e1saira. Ennek a mozgalomnak a keret\u00e9ben ak\u00e1r<\/span><br \/>\n<span style=\"font-family: Times New Roman CE;\">\u201c<\/span><i><span style=\"font-family: Times New Roman CE;\">\u00f6r\u00f6kbe fogad<\/span><\/i><span style=\"font-family: Times New Roman CE;\">hatna\u201d egy-egy int\u00e9zm\u00e9ny, k\u00f6z\u00f6ss\u00e9g, iskola egy-egy parkot, j\u00e1tsz\u00f3teret, (egy-egy csal\u00e1d pedig egy-egy<\/span><br \/>\n<span style=\"font-family: Times New Roman CE;\">f\u00e1t), ami szint\u00e9n a t\u00e1rsadalmi felel\u0151ss\u00e9gv\u00e1llal\u00e1st, a helyi kontroll fejl\u0151d\u00e9s\u00e9t szolg\u00e1ln\u00e1.<\/span><br \/>\n7.\u00a0<span style=\"font-family: Times New Roman CE;\">A mozgalmat igazi versenyfelt\u00e9telek kidolgoz\u00e1s\u00e1val lehetne elind\u00edtani, a legjobb szomsz\u00e9ds\u00e1gok nagy nyilv\u00e1noss\u00e1got \u00e9s<\/span><br \/>\n<span style=\"font-family: Times New Roman CE;\">p\u00e9nzjutalmat kaphatn\u00e1nak. A munk\u00e1k anyagk\u00f6lts\u00e9g\u00e9t az \u00f6nkorm\u00e1nyzatnak kellene fedeznie \u00e9s el\u0151zetes egyeztet\u00e9s \u00fatj\u00e1n a<\/span><br \/>\n<span style=\"font-family: Times New Roman CE;\">megv\u00e1s\u00e1rolt anyagot (facsemet\u00e9t, pal\u00e1nt\u00e1t, szersz\u00e1mokat, magokat stb.) kapn\u00e1k meg a felel\u0151ss\u00e9get v\u00e1llal\u00f3 szomsz\u00e9ds\u00e1gi<\/span><br \/>\n<span style=\"font-family: Times New Roman CE;\">bizotts\u00e1gok.<\/span><br \/>\n8.\u00a0<span style=\"font-family: Times New Roman CE;\">Javasoljuk, hogy az \u00d6nkorm\u00e1nyzat k\u00e9sz\u00edttessen tervet a\u00a0<\/span><i><span style=\"font-family: Times New Roman CE;\">babakocsi le- \u00e9s felj\u00e1r\u00f3k<\/span><\/i><span style=\"font-family: Times New Roman CE;\">\u00a0meg\u00e9p\u00edt\u00e9s\u00e9re, a k\u00f6z\u00f6ss\u00e9gi<\/span><br \/>\n<span style=\"font-family: Times New Roman CE;\">felm\u00e9r\u00e9sben jel\u00f6lt helyek figyelembev\u00e9tel\u00e9vel \u00e9s a kivitelez\u00e9sben t\u00e1maszkodjon a lakoss\u00e1g seg\u00edts\u00e9g\u00e9re.<\/span><\/p>\n<div align=\"center\"><b><i><span style=\"font-family: Times New Roman CE;\">D) A \u201cszolg\u00e1ltat\u00f3 \u00f6nkorm\u00e1nyzatis\u00e1g\u00e9rt\u201d<\/span><\/i><\/b><\/div>\n<p>1.\u00a0<span style=\"font-family: Times New Roman CE;\">Javasoljuk, hogy a K\u0151b\u00e1nyai K\u00e9pvisel\u0151test\u00fclet v\u00e1llaljon kezdem\u00e9nyez\u0151 szerepet a civil k\u00f6z\u00f6ss\u00e9gi tev\u00e9kenys\u00e9gek<\/span><br \/>\n<span style=\"font-family: Times New Roman CE;\">kialakul\u00e1s\u00e1\u00e9rt \u00e9s emelje programj\u00e1ba a civil szervezetek fokozott seg\u00edt\u00e9s\u00e9t. Ez azt jelenti pl., hogy az \u00d6nkorm\u00e1nyzatnak<\/span><br \/>\n<span style=\"font-family: Times New Roman CE;\">olyan feladatv\u00e1llal\u00e1sokat kellene nyilv\u00e1noss\u00e1 tennie, p\u00e1ly\u00e1zatokat ki\u00edrnia, amelyben akt\u00edvan keresi a lakoss\u00e1gi<\/span><br \/>\n<span style=\"font-family: Times New Roman CE;\">kezdem\u00e9nyez\u00e9seket, felaj\u00e1nl\u00e1sokat, egy\u00fcttm\u0171k\u00f6d\u00e9seket. Ilyen p\u00e1ly\u00e1zati program lehetne pl. a j\u00e1tsz\u00f3t\u00e9r-fel\u00faj\u00edt\u00e1si\/\u00e9p\u00edt\u00e9si<\/span><br \/>\n<span style=\"font-family: Times New Roman CE;\">program; a ker\u00fcleti tisztas\u00e1gi- \u00e9s sz\u00e9p\u00edt\u0151 mozgalom, stb.<\/span><br \/>\n2.\u00a0<span style=\"font-family: Times New Roman CE;\">Ugyancsak fontos, hogy rendszeresen keressen dial\u00f3gust,\u00a0<\/span><i><span style=\"font-family: Times New Roman CE;\">f\u00f3rumok<\/span><\/i><span style=\"font-family: Times New Roman CE;\">at szervezzen a m\u00e1r l\u00e9tez\u0151 egyes\u00fcletek, alap\u00edtv\u00e1nyok,<\/span><br \/>\n<span style=\"font-family: Times New Roman CE;\">egyh\u00e1zi szervezetek k\u00e9pvisel\u0151ivel, hogy k\u00fcl\u00f6nf\u00e9le alkalmak sor\u00e1n ig\u00e9nyelje v\u00e9lem\u00e9ny\u00fcket, \u00e1ll\u00e1sfoglal\u00e1sukat,<\/span><br \/>\n<span style=\"font-family: Times New Roman CE;\">k\u00f6zrem\u0171k\u00f6d\u00e9s\u00fcket a felmer\u00fcl\u0151 k\u00f6z\u00fcgyek megold\u00e1s\u00e1ban.<\/span><br \/>\n3.\u00a0<span style=\"font-family: Times New Roman CE;\">Javasoljuk, hogy az \u00d6nkorm\u00e1nyzat dolgozza ki a ker\u00fcleti int\u00e9zm\u00e9nyek \u00e9s szakemberek\u00a0<\/span><i><span style=\"font-family: Times New Roman CE;\">egy\u00fcttm\u0171k\u00f6d\u00e9s<\/span><\/i><span style=\"font-family: Times New Roman CE;\">\u00e9nek rendj\u00e9t, hogy<\/span><br \/>\n<span style=\"font-family: Times New Roman CE;\">az inform\u00e1lts\u00e1g fokoz\u00f3djon, a kapcsolatok szorosabb\u00e1 v\u00e1ljanak \u00e9s a szolg\u00e1ltat\u00e1sok m\u00e9g jobban kieg\u00e9sz\u00edts\u00e9k egy-m\u00e1st<\/span><br \/>\n<span style=\"font-family: Times New Roman CE;\">(bet\u00f6lt\u0151djenek a hi\u00e1nyok, kik\u00fcsz\u00f6b\u00f6l\u0151djenek az \u00e1tfed\u00e9sek).<\/span><\/p>\n<div align=\"center\"><b><i><span style=\"font-family: Times New Roman CE;\">E) A \u201cNapk\u00f6zbeni kisgyermekell\u00e1t\u00e1s\u201d program folytat\u00e1sa<\/span><\/i><\/b><\/div>\n<p>1.\u00a0<span style=\"font-family: Times New Roman CE;\">Javasoljuk, hogy a Szent L\u00e1szl\u00f3 t\u00e9ri \u00e9s a Vasp\u00e1lya utcai b\u00f6lcs\u0151d\u00e9k\u00a0<\/span><i><span style=\"font-family: Times New Roman CE;\">folytass\u00e1k<\/span><\/i><b><span style=\"font-family: Times New Roman CE;\">\u00a0<\/span><\/b><i><span style=\"font-family: Times New Roman CE;\">szolg\u00e1ltat\u00e1saik b\u0151v\u00edt\u00e9s\u00e9t,<\/span><\/i><b><span style=\"font-family: Times New Roman CE;\">\u00a0<\/span><\/b><span style=\"font-family: Times New Roman CE;\">a k\u00f6z\u00f6ss\u00e9gi<\/span><br \/>\n<span style=\"font-family: Times New Roman CE;\">felm\u00e9r\u00e9s ig\u00e9nyeit is figyelembe v\u00e9ve (hosszabb nyitva tart\u00e1s \u2013 t\u00e9r\u00edt\u00e9s ellen\u00e9ben; a b\u00f6lcs\u0151dei udvar j\u00e1tsz\u00f3t\u00e9rk\u00e9nt<\/span><br \/>\n<span style=\"font-family: Times New Roman CE;\">haszn\u00e1lata, j\u00e1t\u00e9kk\u00f6lcs\u00f6nz\u00e9s; gyereknevel\u00e9si tan\u00e1csad\u00e1s; gyerekfodr\u00e1szat, eb\u00e9delvitel; stb.) \u00e9s szolg\u00e1ltat\u00e1saikr\u00f3l<\/span><br \/>\n<span style=\"font-family: Times New Roman CE;\">rendszeresen t\u00e1j\u00e9koztass\u00e1k a sz\u00fcl\u0151ket.<\/span><br \/>\n2.\u00a0<span style=\"font-family: Times New Roman CE;\">Javasoljuk, hogy a ker\u00fcleti b\u00f6lcs\u0151d\u00e9k vegy\u00e9k \u00e1t a\u00a0<\/span><i><span style=\"font-family: Times New Roman CE;\">\u201cK\u00f6z\u00f6ss\u00e9gi B\u00f6lcs\u0151de<\/span><\/i><b><span style=\"font-family: Times New Roman CE;\">\u201d<\/span><\/b><span style=\"font-family: Times New Roman CE;\">\u00a0programot.<\/span><br \/>\n3.\u00a0<span style=\"font-family: Times New Roman CE;\">Javasoljuk, hogy a Vasp\u00e1lya utcai \u00e9s a Szent L\u00e1szl\u00f3 t\u00e9ri b\u00f6lcs\u0151d\u00e9kben a\u00a0<\/span><b><span style=\"font-family: Times New Roman CE;\">\u201c<\/span><\/b><i><span style=\"font-family: Times New Roman CE;\">K\u00f6z\u00f6ss\u00e9gi B\u00f6lcs\u0151de<\/span><\/i><b><span style=\"font-family: Times New Roman CE;\">\u201d<\/span><\/b><span style=\"font-family: Times New Roman CE;\">\u00a0programban r\u00e9sztvev\u0151<\/span><br \/>\n<span style=\"font-family: Times New Roman CE;\">dolgoz\u00f3k adj\u00e1k \u00e1t tapasztalataikat a programot most kezd\u0151 koll\u00e9g\u00e1iknak. Javasoljuk tov\u00e1bb\u00e1, hogy a b\u00f6lcs\u0151d\u00e9k<\/span><br \/>\n<span style=\"font-family: Times New Roman CE;\">szakemberei vezess\u00e9k azokat az eg\u00e9szs\u00e9g\u00fcgyi, gondoz\u00e1si, nevel\u00e9si programokat, amelyeket a sz\u00fcl\u0151k a k\u00e9rd\u0151\u00edvben is j\u00f3l<\/span><br \/>\n<span style=\"font-family: Times New Roman CE;\">l\u00e1that\u00f3 m\u00f3don ig\u00e9nyelnek.<\/span><br \/>\n4.\u00a0<span style=\"font-family: Times New Roman CE;\">Javasoljuk, hogy az\u00a0<\/span><i><span style=\"font-family: Times New Roman CE;\">\u00d6nkorm\u00e1nyzat<\/span><\/i><span style=\"font-family: Times New Roman CE;\">\u00a0tov\u00e1bbra is\u00a0<\/span><i><span style=\"font-family: Times New Roman CE;\">t\u00e1mogassa<\/span><\/i><span style=\"font-family: Times New Roman CE;\">\u00a0erk\u00f6lcsileg \u00e9s anyagilag is a \u201cK\u00f6z\u00f6ss\u00e9gi B\u00f6lcs\u0151de\u201d programot<\/span><br \/>\n<span style=\"font-family: Times New Roman CE;\">\u00e9s seg\u00edtse el\u0151 a program nagyobb ker\u00fcleti \u00e9s f\u0151v\u00e1rosi nyilv\u00e1noss\u00e1g\u00e1t.<\/span><br \/>\n5.\u00a0<span style=\"font-family: Times New Roman CE;\">\u00c1ll\u00edtson fel az \u00d6nkorm\u00e1nyzat egy szakemberekb\u0151l \u00e9s civil \u00e9rintettekb\u0151l egy olyan\u00a0<\/span><i><span style=\"font-family: Times New Roman CE;\">bizotts\u00e1g<\/span><\/i><span style=\"font-family: Times New Roman CE;\">ot, amely a gyermekekr\u0151l val\u00f3<\/span><br \/>\n<span style=\"font-family: Times New Roman CE;\">gondoskod\u00e1s teljes helyi rendszer\u00e9t \u00e1ttekinti. R\u00f6gz\u00edtse az \u00d6nkorm\u00e1nyzat, hogy \u2013 a gyermekgondoz\u00e1s \u00e9s gyermekv\u00e9delem<\/span><br \/>\n<span style=\"font-family: Times New Roman CE;\">ter\u00fclet\u00e9n \u2013 milyen esetekben aj\u00e1nlja fel seg\u00edt\u0151 jelleg\u0171 szolg\u00e1ltat\u00e1sait \u00e9s konkr\u00e9tan melyek ezek. K\u00e9sz\u00fclj\u00f6n err\u0151l lakoss\u00e1gi<\/span><br \/>\n<i><span style=\"font-family: Times New Roman CE;\">t\u00e1j\u00e9koztat\u00f3 f\u00fczet<\/span><\/i><span style=\"font-family: Times New Roman CE;\">.<\/span><br \/>\n6.\u00a0<span style=\"font-family: Times New Roman CE;\">Javasoljuk, hogy az \u00d6nkorm\u00e1nyzat szab\u00e1lyozza<\/span><b><span style=\"font-family: Times New Roman CE;\">\u00a0<\/span><\/b><i><span style=\"font-family: Times New Roman CE;\">helyi\u00a0<\/span><\/i><span style=\"font-family: Times New Roman CE;\">rendeletben, hogy a gyermekekr\u0151l val\u00f3 gondoskod\u00e1s<\/span><br \/>\n<span style=\"font-family: Times New Roman CE;\">felel\u0151ss\u00e9gv\u00e1llal\u00e1s\u00e1nak szab\u00e1lyoz\u00e1sa miatt sz\u00fcks\u00e9g van annak bejelent\u00e9s\u00e9re, hogy ha a gyermekekr\u0151l tart\u00f3san nem a sz\u00fcl\u0151,<\/span><br \/>\n<span style=\"font-family: Times New Roman CE;\">hanem m\u00e1svalaki gondoskodik.<\/span><\/p>\n<p><span style=\"font-family: Times New Roman CE;\">Budapest, 1997. m\u00e1jus 15.<\/span><\/p>\n<p><b><i><span style=\"font-family: Times New Roman CE;\">Gosztonyi G\u00e9za<\/span><\/i><\/b><br \/>\n<span style=\"font-family: Times New Roman CE;\">(Budapesti Szoci\u00e1lis Forr\u00e1sk\u00f6zpont)<\/span><br \/>\n<b><i><span style=\"font-family: Times New Roman CE;\">Makk Katalin<\/span><\/i><\/b><br \/>\n<b><i><span style=\"font-family: Times New Roman CE;\">P\u00e9terfi Ferenc<\/span><\/i><\/b><br \/>\n<b><i><span style=\"font-family: Times New Roman CE;\">Vercseg Ilona<\/span><\/i><\/b><br \/>\n<span style=\"font-family: Times New Roman CE;\">(K\u00f6z\u00f6ss\u00e9gfejleszt\u0151k Egyes\u00fclete)<\/span><\/p>\n","protected":false},"excerpt":{"rendered":"<p>1996-ban indult az a k\u00f6z\u00f6ss\u00e9gfejleszt\u0151i folyamat, amelynek egy szakasz\u00e1r\u00f3l, illetve az ott v\u00e9gzett k\u00f6z\u00f6ss\u00e9gi felm\u00e9r\u00e9s tapasztalatair\u00f3l sz\u00f3l az al\u00e1bbi tud\u00f3s\u00edt\u00e1s. A sz\u00f6veget egy \u2013 az eg\u00e9sz felm\u00e9r\u00e9st r\u00e9szletesen taglal\u00f3 kis f\u00fczetb\u0151l emelt\u00fck ki, amelyet ut\u00f3bb a v\u00e1rosr\u00e9szben valamennyi \u00e9rintett megkapott.<\/p>\n","protected":false},"author":203,"featured_media":3487,"comment_status":"open","ping_status":"open","sticky":false,"template":"","format":"standard","meta":{"_acf_changed":false,"footnotes":""},"categories":[428,8,7],"tags":[],"coauthors":[246,23,21,429],"class_list":["post-2601","post","type-post","status-publish","format-standard","has-post-thumbnail","hentry","category-parola-1998-1","category-parola-folyoirat","category-repertorium"],"acf":[],"yoast_head":"<!-- This site is optimized with the Yoast SEO plugin v26.7 - https:\/\/yoast.com\/wordpress\/plugins\/seo\/ -->\n<title>Szomsz\u00e9ds\u00e1gi fejleszt\u0151munka K\u0151b\u00e1ny\u00e1n - Parola Foly\u00f3irat<\/title>\n<meta name=\"robots\" content=\"index, follow, max-snippet:-1, max-image-preview:large, max-video-preview:-1\" \/>\n<link rel=\"canonical\" href=\"https:\/\/kofe.hu\/parola\/parola-folyoirat\/szomszedsagi-fejlesztomunka-kobanyan\/\" \/>\n<meta property=\"og:locale\" content=\"hu_HU\" \/>\n<meta property=\"og:type\" content=\"article\" \/>\n<meta property=\"og:title\" content=\"Szomsz\u00e9ds\u00e1gi fejleszt\u0151munka K\u0151b\u00e1ny\u00e1n - Parola Foly\u00f3irat\" \/>\n<meta property=\"og:description\" content=\"1996-ban indult az a k\u00f6z\u00f6ss\u00e9gfejleszt\u0151i folyamat, amelynek egy szakasz\u00e1r\u00f3l, illetve az ott v\u00e9gzett k\u00f6z\u00f6ss\u00e9gi felm\u00e9r\u00e9s tapasztalatair\u00f3l sz\u00f3l az al\u00e1bbi tud\u00f3s\u00edt\u00e1s. A sz\u00f6veget egy \u2013 az eg\u00e9sz felm\u00e9r\u00e9st r\u00e9szletesen taglal\u00f3 kis f\u00fczetb\u0151l emelt\u00fck ki, amelyet ut\u00f3bb a v\u00e1rosr\u00e9szben valamennyi \u00e9rintett megkapott.\" \/>\n<meta property=\"og:url\" content=\"https:\/\/kofe.hu\/parola\/parola-folyoirat\/szomszedsagi-fejlesztomunka-kobanyan\/\" \/>\n<meta property=\"og:site_name\" content=\"Parola Foly\u00f3irat\" \/>\n<meta property=\"article:published_time\" content=\"2020-07-10T08:38:45+00:00\" \/>\n<meta property=\"article:modified_time\" content=\"2020-07-30T16:16:30+00:00\" \/>\n<meta property=\"og:image\" content=\"https:\/\/kofe.hu\/parola\/wp-content\/uploads\/2020\/07\/98.1.jpeg\" \/>\n\t<meta property=\"og:image:width\" content=\"1350\" \/>\n\t<meta property=\"og:image:height\" content=\"2008\" \/>\n\t<meta property=\"og:image:type\" content=\"image\/jpeg\" \/>\n<meta name=\"author\" content=\"Gosztonyi G\u00e9za, P\u00e9terfi Ferenc, Vercseg Ilona, Makk Katalin\" \/>\n<meta name=\"twitter:card\" content=\"summary_large_image\" \/>\n<meta name=\"twitter:label1\" content=\"Szerz\u0151:\" \/>\n\t<meta name=\"twitter:data1\" content=\"Gosztonyi G\u00e9za\" \/>\n\t<meta name=\"twitter:label2\" content=\"Becs\u00fclt olvas\u00e1si id\u0151\" \/>\n\t<meta name=\"twitter:data2\" content=\"26 perc\" \/>\n\t<meta name=\"twitter:label3\" content=\"Written by\" \/>\n\t<meta name=\"twitter:data3\" content=\"Gosztonyi G\u00e9za, P\u00e9terfi Ferenc, Vercseg Ilona, Makk Katalin\" \/>\n<script type=\"application\/ld+json\" class=\"yoast-schema-graph\">{\"@context\":\"https:\/\/schema.org\",\"@graph\":[{\"@type\":\"Article\",\"@id\":\"https:\/\/kofe.hu\/parola\/parola-folyoirat\/szomszedsagi-fejlesztomunka-kobanyan\/#article\",\"isPartOf\":{\"@id\":\"https:\/\/kofe.hu\/parola\/parola-folyoirat\/szomszedsagi-fejlesztomunka-kobanyan\/\"},\"author\":{\"name\":\"Gosztonyi G\u00e9za\",\"@id\":\"https:\/\/kofe.hu\/parola\/#\/schema\/person\/6105dc467553b89541ffea25e21393f7\"},\"headline\":\"Szomsz\u00e9ds\u00e1gi fejleszt\u0151munka K\u0151b\u00e1ny\u00e1n\",\"datePublished\":\"2020-07-10T08:38:45+00:00\",\"dateModified\":\"2020-07-30T16:16:30+00:00\",\"mainEntityOfPage\":{\"@id\":\"https:\/\/kofe.hu\/parola\/parola-folyoirat\/szomszedsagi-fejlesztomunka-kobanyan\/\"},\"wordCount\":5314,\"commentCount\":0,\"image\":{\"@id\":\"https:\/\/kofe.hu\/parola\/parola-folyoirat\/szomszedsagi-fejlesztomunka-kobanyan\/#primaryimage\"},\"thumbnailUrl\":\"https:\/\/kofe.hu\/parola\/wp-content\/uploads\/2020\/07\/98.1.jpeg\",\"articleSection\":[\"Parola 1998\/1\",\"Parola Foly\u00f3irat\",\"Repert\u00f3rium\"],\"inLanguage\":\"hu\",\"potentialAction\":[{\"@type\":\"CommentAction\",\"name\":\"Comment\",\"target\":[\"https:\/\/kofe.hu\/parola\/parola-folyoirat\/szomszedsagi-fejlesztomunka-kobanyan\/#respond\"]}]},{\"@type\":\"WebPage\",\"@id\":\"https:\/\/kofe.hu\/parola\/parola-folyoirat\/szomszedsagi-fejlesztomunka-kobanyan\/\",\"url\":\"https:\/\/kofe.hu\/parola\/parola-folyoirat\/szomszedsagi-fejlesztomunka-kobanyan\/\",\"name\":\"Szomsz\u00e9ds\u00e1gi fejleszt\u0151munka K\u0151b\u00e1ny\u00e1n - Parola Foly\u00f3irat\",\"isPartOf\":{\"@id\":\"https:\/\/kofe.hu\/parola\/#website\"},\"primaryImageOfPage\":{\"@id\":\"https:\/\/kofe.hu\/parola\/parola-folyoirat\/szomszedsagi-fejlesztomunka-kobanyan\/#primaryimage\"},\"image\":{\"@id\":\"https:\/\/kofe.hu\/parola\/parola-folyoirat\/szomszedsagi-fejlesztomunka-kobanyan\/#primaryimage\"},\"thumbnailUrl\":\"https:\/\/kofe.hu\/parola\/wp-content\/uploads\/2020\/07\/98.1.jpeg\",\"datePublished\":\"2020-07-10T08:38:45+00:00\",\"dateModified\":\"2020-07-30T16:16:30+00:00\",\"author\":{\"@id\":\"https:\/\/kofe.hu\/parola\/#\/schema\/person\/6105dc467553b89541ffea25e21393f7\"},\"breadcrumb\":{\"@id\":\"https:\/\/kofe.hu\/parola\/parola-folyoirat\/szomszedsagi-fejlesztomunka-kobanyan\/#breadcrumb\"},\"inLanguage\":\"hu\",\"potentialAction\":[{\"@type\":\"ReadAction\",\"target\":[\"https:\/\/kofe.hu\/parola\/parola-folyoirat\/szomszedsagi-fejlesztomunka-kobanyan\/\"]}]},{\"@type\":\"ImageObject\",\"inLanguage\":\"hu\",\"@id\":\"https:\/\/kofe.hu\/parola\/parola-folyoirat\/szomszedsagi-fejlesztomunka-kobanyan\/#primaryimage\",\"url\":\"https:\/\/kofe.hu\/parola\/wp-content\/uploads\/2020\/07\/98.1.jpeg\",\"contentUrl\":\"https:\/\/kofe.hu\/parola\/wp-content\/uploads\/2020\/07\/98.1.jpeg\",\"width\":1350,\"height\":2008},{\"@type\":\"BreadcrumbList\",\"@id\":\"https:\/\/kofe.hu\/parola\/parola-folyoirat\/szomszedsagi-fejlesztomunka-kobanyan\/#breadcrumb\",\"itemListElement\":[{\"@type\":\"ListItem\",\"position\":1,\"name\":\"Home\",\"item\":\"https:\/\/kofe.hu\/parola\/\"},{\"@type\":\"ListItem\",\"position\":2,\"name\":\"Szomsz\u00e9ds\u00e1gi fejleszt\u0151munka K\u0151b\u00e1ny\u00e1n\"}]},{\"@type\":\"WebSite\",\"@id\":\"https:\/\/kofe.hu\/parola\/#website\",\"url\":\"https:\/\/kofe.hu\/parola\/\",\"name\":\"Parola Foly\u00f3irat\",\"description\":\"\",\"potentialAction\":[{\"@type\":\"SearchAction\",\"target\":{\"@type\":\"EntryPoint\",\"urlTemplate\":\"https:\/\/kofe.hu\/parola\/?s={search_term_string}\"},\"query-input\":{\"@type\":\"PropertyValueSpecification\",\"valueRequired\":true,\"valueName\":\"search_term_string\"}}],\"inLanguage\":\"hu\"},{\"@type\":\"Person\",\"@id\":\"https:\/\/kofe.hu\/parola\/#\/schema\/person\/6105dc467553b89541ffea25e21393f7\",\"name\":\"Gosztonyi G\u00e9za\",\"image\":{\"@type\":\"ImageObject\",\"inLanguage\":\"hu\",\"@id\":\"https:\/\/kofe.hu\/parola\/#\/schema\/person\/image\/a345fad5d6e4ee86f9739c519bb47b5d\",\"url\":\"https:\/\/secure.gravatar.com\/avatar\/6fc0e101f47df8027818fcea7755b3d7de1cd951bd94f3818c46af6f702c105d?s=96&d=mm&r=g\",\"contentUrl\":\"https:\/\/secure.gravatar.com\/avatar\/6fc0e101f47df8027818fcea7755b3d7de1cd951bd94f3818c46af6f702c105d?s=96&d=mm&r=g\",\"caption\":\"Gosztonyi G\u00e9za\"},\"url\":\"https:\/\/kofe.hu\/parola\/szerzok\/gosztonyi-geza\/\"}]}<\/script>\n<!-- \/ Yoast SEO plugin. -->","yoast_head_json":{"title":"Szomsz\u00e9ds\u00e1gi fejleszt\u0151munka K\u0151b\u00e1ny\u00e1n - Parola Foly\u00f3irat","robots":{"index":"index","follow":"follow","max-snippet":"max-snippet:-1","max-image-preview":"max-image-preview:large","max-video-preview":"max-video-preview:-1"},"canonical":"https:\/\/kofe.hu\/parola\/parola-folyoirat\/szomszedsagi-fejlesztomunka-kobanyan\/","og_locale":"hu_HU","og_type":"article","og_title":"Szomsz\u00e9ds\u00e1gi fejleszt\u0151munka K\u0151b\u00e1ny\u00e1n - Parola Foly\u00f3irat","og_description":"1996-ban indult az a k\u00f6z\u00f6ss\u00e9gfejleszt\u0151i folyamat, amelynek egy szakasz\u00e1r\u00f3l, illetve az ott v\u00e9gzett k\u00f6z\u00f6ss\u00e9gi felm\u00e9r\u00e9s tapasztalatair\u00f3l sz\u00f3l az al\u00e1bbi tud\u00f3s\u00edt\u00e1s. A sz\u00f6veget egy \u2013 az eg\u00e9sz felm\u00e9r\u00e9st r\u00e9szletesen taglal\u00f3 kis f\u00fczetb\u0151l emelt\u00fck ki, amelyet ut\u00f3bb a v\u00e1rosr\u00e9szben valamennyi \u00e9rintett megkapott.","og_url":"https:\/\/kofe.hu\/parola\/parola-folyoirat\/szomszedsagi-fejlesztomunka-kobanyan\/","og_site_name":"Parola Foly\u00f3irat","article_published_time":"2020-07-10T08:38:45+00:00","article_modified_time":"2020-07-30T16:16:30+00:00","og_image":[{"width":1350,"height":2008,"url":"https:\/\/kofe.hu\/parola\/wp-content\/uploads\/2020\/07\/98.1.jpeg","type":"image\/jpeg"}],"author":"Gosztonyi G\u00e9za, P\u00e9terfi Ferenc, Vercseg Ilona, Makk Katalin","twitter_card":"summary_large_image","twitter_misc":{"Szerz\u0151:":"Gosztonyi G\u00e9za","Becs\u00fclt olvas\u00e1si id\u0151":"26 perc","Written by":"Gosztonyi G\u00e9za, P\u00e9terfi Ferenc, Vercseg Ilona, Makk Katalin"},"schema":{"@context":"https:\/\/schema.org","@graph":[{"@type":"Article","@id":"https:\/\/kofe.hu\/parola\/parola-folyoirat\/szomszedsagi-fejlesztomunka-kobanyan\/#article","isPartOf":{"@id":"https:\/\/kofe.hu\/parola\/parola-folyoirat\/szomszedsagi-fejlesztomunka-kobanyan\/"},"author":{"name":"Gosztonyi G\u00e9za","@id":"https:\/\/kofe.hu\/parola\/#\/schema\/person\/6105dc467553b89541ffea25e21393f7"},"headline":"Szomsz\u00e9ds\u00e1gi fejleszt\u0151munka K\u0151b\u00e1ny\u00e1n","datePublished":"2020-07-10T08:38:45+00:00","dateModified":"2020-07-30T16:16:30+00:00","mainEntityOfPage":{"@id":"https:\/\/kofe.hu\/parola\/parola-folyoirat\/szomszedsagi-fejlesztomunka-kobanyan\/"},"wordCount":5314,"commentCount":0,"image":{"@id":"https:\/\/kofe.hu\/parola\/parola-folyoirat\/szomszedsagi-fejlesztomunka-kobanyan\/#primaryimage"},"thumbnailUrl":"https:\/\/kofe.hu\/parola\/wp-content\/uploads\/2020\/07\/98.1.jpeg","articleSection":["Parola 1998\/1","Parola Foly\u00f3irat","Repert\u00f3rium"],"inLanguage":"hu","potentialAction":[{"@type":"CommentAction","name":"Comment","target":["https:\/\/kofe.hu\/parola\/parola-folyoirat\/szomszedsagi-fejlesztomunka-kobanyan\/#respond"]}]},{"@type":"WebPage","@id":"https:\/\/kofe.hu\/parola\/parola-folyoirat\/szomszedsagi-fejlesztomunka-kobanyan\/","url":"https:\/\/kofe.hu\/parola\/parola-folyoirat\/szomszedsagi-fejlesztomunka-kobanyan\/","name":"Szomsz\u00e9ds\u00e1gi fejleszt\u0151munka K\u0151b\u00e1ny\u00e1n - Parola Foly\u00f3irat","isPartOf":{"@id":"https:\/\/kofe.hu\/parola\/#website"},"primaryImageOfPage":{"@id":"https:\/\/kofe.hu\/parola\/parola-folyoirat\/szomszedsagi-fejlesztomunka-kobanyan\/#primaryimage"},"image":{"@id":"https:\/\/kofe.hu\/parola\/parola-folyoirat\/szomszedsagi-fejlesztomunka-kobanyan\/#primaryimage"},"thumbnailUrl":"https:\/\/kofe.hu\/parola\/wp-content\/uploads\/2020\/07\/98.1.jpeg","datePublished":"2020-07-10T08:38:45+00:00","dateModified":"2020-07-30T16:16:30+00:00","author":{"@id":"https:\/\/kofe.hu\/parola\/#\/schema\/person\/6105dc467553b89541ffea25e21393f7"},"breadcrumb":{"@id":"https:\/\/kofe.hu\/parola\/parola-folyoirat\/szomszedsagi-fejlesztomunka-kobanyan\/#breadcrumb"},"inLanguage":"hu","potentialAction":[{"@type":"ReadAction","target":["https:\/\/kofe.hu\/parola\/parola-folyoirat\/szomszedsagi-fejlesztomunka-kobanyan\/"]}]},{"@type":"ImageObject","inLanguage":"hu","@id":"https:\/\/kofe.hu\/parola\/parola-folyoirat\/szomszedsagi-fejlesztomunka-kobanyan\/#primaryimage","url":"https:\/\/kofe.hu\/parola\/wp-content\/uploads\/2020\/07\/98.1.jpeg","contentUrl":"https:\/\/kofe.hu\/parola\/wp-content\/uploads\/2020\/07\/98.1.jpeg","width":1350,"height":2008},{"@type":"BreadcrumbList","@id":"https:\/\/kofe.hu\/parola\/parola-folyoirat\/szomszedsagi-fejlesztomunka-kobanyan\/#breadcrumb","itemListElement":[{"@type":"ListItem","position":1,"name":"Home","item":"https:\/\/kofe.hu\/parola\/"},{"@type":"ListItem","position":2,"name":"Szomsz\u00e9ds\u00e1gi fejleszt\u0151munka K\u0151b\u00e1ny\u00e1n"}]},{"@type":"WebSite","@id":"https:\/\/kofe.hu\/parola\/#website","url":"https:\/\/kofe.hu\/parola\/","name":"Parola Foly\u00f3irat","description":"","potentialAction":[{"@type":"SearchAction","target":{"@type":"EntryPoint","urlTemplate":"https:\/\/kofe.hu\/parola\/?s={search_term_string}"},"query-input":{"@type":"PropertyValueSpecification","valueRequired":true,"valueName":"search_term_string"}}],"inLanguage":"hu"},{"@type":"Person","@id":"https:\/\/kofe.hu\/parola\/#\/schema\/person\/6105dc467553b89541ffea25e21393f7","name":"Gosztonyi G\u00e9za","image":{"@type":"ImageObject","inLanguage":"hu","@id":"https:\/\/kofe.hu\/parola\/#\/schema\/person\/image\/a345fad5d6e4ee86f9739c519bb47b5d","url":"https:\/\/secure.gravatar.com\/avatar\/6fc0e101f47df8027818fcea7755b3d7de1cd951bd94f3818c46af6f702c105d?s=96&d=mm&r=g","contentUrl":"https:\/\/secure.gravatar.com\/avatar\/6fc0e101f47df8027818fcea7755b3d7de1cd951bd94f3818c46af6f702c105d?s=96&d=mm&r=g","caption":"Gosztonyi G\u00e9za"},"url":"https:\/\/kofe.hu\/parola\/szerzok\/gosztonyi-geza\/"}]}},"_links":{"self":[{"href":"https:\/\/kofe.hu\/parola\/wp-json\/wp\/v2\/posts\/2601","targetHints":{"allow":["GET"]}}],"collection":[{"href":"https:\/\/kofe.hu\/parola\/wp-json\/wp\/v2\/posts"}],"about":[{"href":"https:\/\/kofe.hu\/parola\/wp-json\/wp\/v2\/types\/post"}],"author":[{"embeddable":true,"href":"https:\/\/kofe.hu\/parola\/wp-json\/wp\/v2\/users\/203"}],"replies":[{"embeddable":true,"href":"https:\/\/kofe.hu\/parola\/wp-json\/wp\/v2\/comments?post=2601"}],"version-history":[{"count":2,"href":"https:\/\/kofe.hu\/parola\/wp-json\/wp\/v2\/posts\/2601\/revisions"}],"predecessor-version":[{"id":4789,"href":"https:\/\/kofe.hu\/parola\/wp-json\/wp\/v2\/posts\/2601\/revisions\/4789"}],"wp:featuredmedia":[{"embeddable":true,"href":"https:\/\/kofe.hu\/parola\/wp-json\/wp\/v2\/media\/3487"}],"wp:attachment":[{"href":"https:\/\/kofe.hu\/parola\/wp-json\/wp\/v2\/media?parent=2601"}],"wp:term":[{"taxonomy":"category","embeddable":true,"href":"https:\/\/kofe.hu\/parola\/wp-json\/wp\/v2\/categories?post=2601"},{"taxonomy":"post_tag","embeddable":true,"href":"https:\/\/kofe.hu\/parola\/wp-json\/wp\/v2\/tags?post=2601"},{"taxonomy":"author","embeddable":true,"href":"https:\/\/kofe.hu\/parola\/wp-json\/wp\/v2\/coauthors?post=2601"}],"curies":[{"name":"wp","href":"https:\/\/api.w.org\/{rel}","templated":true}]}}