{"id":2579,"date":"2020-07-10T08:06:52","date_gmt":"2020-07-10T08:06:52","guid":{"rendered":"https:\/\/kofe.hu\/parola\/?p=2579"},"modified":"2020-07-30T16:17:16","modified_gmt":"2020-07-30T16:17:16","slug":"tanuljunk-demokraciat-a-westminster-alapitvany-tamogatasa-a-demokracia-fejlodeseert","status":"publish","type":"post","link":"https:\/\/kofe.hu\/parola\/parola-folyoirat\/tanuljunk-demokraciat-a-westminster-alapitvany-tamogatasa-a-demokracia-fejlodeseert\/","title":{"rendered":"&#8222;Tanuljunk Demokr\u00e1ci\u00e1t!&#8221; A Westminster Alap\u00edtv\u00e1ny t\u00e1mogat\u00e1sa, a demokr\u00e1cia fejl\u0151d\u00e9s\u00e9\u00e9rt"},"content":{"rendered":"<p style=\"text-align: justify;\"><span style=\"font-family: Times New Roman CE;\">A londoni sz\u00e9khely\u0171 Westminster Alap\u00edtv\u00e1ny, amelyet a nagy-britanniai K\u00fcl\u00fcgyminiszt\u00e9rium h\u00edvott \u00e9letre a demokr\u00e1cia fejleszt\u00e9s\u00e9\u00e9rt, 1997. j\u00falius 9-\u00e9n kelt level\u00e9ben bejelentette, hogy t\u00e1mogatja a Civil Koll\u00e9gium Alap\u00edtv\u00e1ny demokr\u00e1ciafejleszt\u0151 k\u00e9pz\u00e9seit.<\/span><\/p>\n<p><!--more--><\/p>\n<p style=\"text-align: justify;\"><span style=\"font-family: Times New Roman CE;\">A k\u00e9pz\u00e9seket a k\u00f6z\u00f6ss\u00e9gfejleszt\u00e9s \u00faj k\u00e9pz\u00e9si int\u00e9zm\u00e9nye, a Civil Koll\u00e9gium Alap\u00edtv\u00e1ny szervezi 9 h\u00e9tv\u00e9g\u00e9n bentlak\u00e1sos k\u00e9pz\u00e9si k\u00f6zpontj\u00e1ban, a kunb\u00e1bonyi-kunszentmikl\u00f3si K\u00f6z\u00f6ss\u00e9gi H\u00e1zban. A t\u00e1mogat\u00e1ssal lehet\u0151s\u00e9g\u00fcnk ny\u00edlt \u00faj tananyagok kidolgoz\u00e1s\u00e1ra \u00e9s a feln\u0151tt emberek \u00e9lm\u00e9nyszer\u0171 tanul\u00e1s\u00e1t el\u0151seg\u00edt\u0151 \u00faj k\u00e9pz\u00e9si m\u00f3dszereink tov\u00e1bbfejleszt\u00e9s\u00e9re, valamint arra, hogy olyanok is k\u00e9pezhess\u00e9k magukat, akik egy\u00e9bk\u00e9nt nem lenn\u00e9nek k\u00e9pesek megfizetni egy k\u00e9pz\u00e9s \u00f6nk\u00f6lts\u00e9g\u00e9t. Egy-egy k\u00e9pz\u00e9sre 20, az orsz\u00e1g k\u00fcl\u00f6nb\u00f6z\u0151 r\u00e9gi\u00f3ib\u00f3l \u00e9s telep\u00fcl\u00e9s\u00e9r\u0151l \u00e9rkez\u0151, hasonl\u00f3 t\u00e9m\u00e1ban dolgoz\u00f3 civil szervezeti tagot h\u00edvhatunk meg.<\/span><\/p>\n<p><span style=\"font-family: Times New Roman CE;\">A 9 k\u00e9pz\u00e9s t\u00e9m\u00e1ja a k\u00f6vetkez\u0151:<\/span><\/p>\n<p><b><span style=\"font-family: Times New Roman CE;\">1-3. k\u00e9pz\u00e9s:<\/span><\/b><br \/>\n<b><span style=\"font-family: Times New Roman CE;\">A civil szervezetek k\u00e9pvisel\u0151inek k\u00e9pz\u00e9se<\/span><\/b><\/p>\n<p><span style=\"font-family: Times New Roman CE;\">A civil szervezetek t\u00e1rsadalmi szerepe \u00e9s m\u0171k\u00f6d\u00e9s\u00fck lehets\u00e9ges ter\u00fcletei. \u00d6nszervez\u0151d\u00e9s \u00e9s demokr\u00e1cia. A demokratikus m\u0171k\u00f6d\u00e9s felt\u00e9telei. \u00c1llampolg\u00e1ri r\u00e9szv\u00e9tel, a lakoss\u00e1g bevon\u00e1sa, mozg\u00f3s\u00edt\u00e1sa. A helyi civil szervezetek, az \u00f6nkorm\u00e1nyzat \u00e9s az \u00fczleti szektor egy\u00fcttm\u0171k\u00f6d\u00e9se. A civil szervezetek \u00f6sszefog\u00e1sa helyben \u00e9s a t\u00e1gabb k\u00f6rnyezetben.<\/span><\/p>\n<p><b><span style=\"font-family: Times New Roman CE;\">4-6. k\u00e9pz\u00e9s:<\/span><\/b><br \/>\n<b><span style=\"font-family: Times New Roman CE;\">A f\u00fcggetlen helyi m\u00e9di\u00e1k fejleszt\u00e9se<\/span><\/b><\/p>\n<p><span style=\"font-family: Times New Roman CE;\">Ny\u00edltan, demokratikusan \u2013 a helyi m\u00e9dia szerepe a helyi nyilv\u00e1noss\u00e1gban. Hogyan k\u00e9sz\u00edts\u00fcnk helyi \u00fajs\u00e1got, vezess\u00fcnk k\u00f6z\u00f6ss\u00e9gi r\u00e1di\u00f3t, vagy tv-t?<\/span><\/p>\n<p><b><span style=\"font-family: Times New Roman CE;\">7-9. k\u00e9pz\u00e9s:<\/span><\/b><br \/>\n<b><span style=\"font-family: Times New Roman CE;\">V\u00e1lasztott k\u00e9pvisel\u0151k \u00e9s a j\u00f6v\u0151 \u00e9vi v\u00e1laszt\u00e1sok jel\u00f6ltjeinek felk\u00e9sz\u00edt\u00e9se<\/span><\/b><\/p>\n<p><span style=\"font-family: Times New Roman CE;\">\u2013 \u00f6nkorm\u00e1nyzatok: helyi hatalom vagy k\u00f6zszolg\u00e1lat? A n\u00f6vekv\u0151 r\u00e9szv\u00e9tel, a helyi civil szervezetek bevon\u00e1sa a d\u00f6nt\u00e9shozatalba.<\/span><br \/>\n<span style=\"font-family: Times New Roman CE;\">\u2013 hogyan juthatok el od\u00e1ig, hogy megv\u00e1lasszanak? Politikai programok, nyilv\u00e1nos f\u00f3rumok rendez\u00e9se, v\u00e1laszt\u00e1si kamp\u00e1ny<\/span><\/p>\n<p><span style=\"font-family: Times New Roman CE;\">A k\u00e9pz\u00e9sekre a k\u00f6z\u00f6ss\u00e9gfejleszt\u0151i h\u00e1l\u00f3zaton, a K\u00f6z\u00f6ss\u00e9gszolg\u00e1lat Alap\u00edtv\u00e1nyon \u00e9s a megyei k\u00f6z\u00f6ss\u00e9gfejleszt\u0151 egyes\u00fcleteken kereszt\u00fcl jelentkezhetnek azok, akik jelenleg is akt\u00edvan tev\u00e9kenykednek a fenti ter\u00fcletek valamelyik\u00e9n \u00e9s munk\u00e1juk sikerre juttat\u00e1sa \u00e9rdek\u00e9ben felismert\u00e9k, hogy sz\u00fcks\u00e9g\u00fck van tanul\u00e1sra, m\u00e1sok tapasztalatainak megismer\u00e9s\u00e9re, inform\u00e1ci\u00f3kra, kapcsolatokra.<\/span><\/p>\n<p><span style=\"font-family: Times New Roman CE;\">Az els\u0151 k\u00e9t k\u00e9pz\u00e9s 1997. okt\u00f3ber 3-5-ig \u00e9s 17-19-ig rendezt\u00fck meg a \u201ccivil szervezetek&#8221; \u00e9s a \u201cm\u00e9di\u00e1k&#8221; t\u00e9m\u00e1ban, s ezt k\u00f6veti m\u00e9g 2-2 tov\u00e1bbi k\u00e9pz\u00e9s. A helyi k\u00e9pvisel\u0151k ill. jel\u00f6ltek k\u00e9pz\u00e9s\u00e9t 1998 els\u0151 3 h\u00f3napj\u00e1ban tartjuk meg.<\/span><\/p>\n<p><span style=\"font-family: Times New Roman CE;\">A jelentkez\u0151ket az al\u00e1bbi 2 f\u0151 szempont szerint soroltuk be a 9 k\u00e9pz\u00e9s valamelyik\u00e9be:<\/span><br \/>\n<span style=\"font-family: Times New Roman CE;\">\u2013 az orsz\u00e1gr\u00e9sz \u2013 igyekezt\u00fcnk \u00fagy beosztani a jelentkez\u0151ket, hogy az orsz\u00e1g k\u00fcl\u00f6nb\u00f6z\u0151 pontjair\u00f3l \u00e9rkezett \u00f6nk\u00e9ntesek dolgozhassanak egy\u00fctt;<\/span><br \/>\n<span style=\"font-family: Times New Roman CE;\">\u2013 a tapasztalatok \u2013 \u201ckezd\u0151&#8221; \u00e9s \u201chalad\u00f3&#8221; csoportokat alak\u00edtottunk ki, mert a kezd\u0151k m\u00e9g nagyon el vannak magukkal foglalva \u00e9s el\u0151sz\u00f6r a saj\u00e1t c\u00e9lkit\u0171z\u00e9seiket kell alaposan v\u00e9giggondolniuk, m\u00edg a halad\u00f3k m\u00e1r \u00faj megold\u00e1sokra, tov\u00e1bblend\u00edt\u0151 \u00f6tletekre v\u00e1rnak.<\/span><\/p>\n<p><b><span style=\"font-family: Times New Roman CE;\">A k\u00e9pz\u00e9sek a v\u00e9lem\u00e9nyek t\u00fckr\u00e9ben<\/span><\/b><br \/>\n<span style=\"font-family: Times New Roman CE;\">\u00dagy gondoljuk, hogy minden besz\u00e1mol\u00f3n\u00e1l \u00e9letszer\u0171bb, ha a r\u00e9sztvev\u0151k \u00e9rt\u00e9kel\u00e9seib\u0151l id\u00e9z\u00fcnk, a k\u00e9pz\u00e9sek v\u00e9g\u00e9n kit\u00f6lt\u00f6tt \u00e9rt\u00e9kel\u0151 lapokb\u00f3l. Az al\u00e1bbi v\u00e9lem\u00e9nyek a \u201ccivil&#8221; k\u00e9pz\u00e9sre vonatkoznak.<\/span><\/p>\n<p><i><span style=\"font-family: Times New Roman CE;\">Mi a v\u00e9lem\u00e9nyed arr\u00f3l, hogy k\u00fcl\u00f6nb\u00f6z\u0151 telep\u00fcl\u00e9sekr\u0151l \u00e9rkezett emberekkel oszthattad meg tapasztalataidat?<\/span><\/i><\/p>\n<p><span style=\"font-family: Times New Roman CE;\">2 f\u0151 kiv\u00e9tel\u00e9vel mindenki egy\u00e9rtelm\u0171en pozit\u00edvan igazolta vissza ezt a megold\u00e1st. Kulcsmondatok: \u201csokat tanultunk egym\u00e1st\u00f3l, egym\u00e1st tan\u00edtottuk&#8221;; \u201ckider\u00fclt, hogy sok a k\u00f6z\u00f6s probl\u00e9m\u00e1nk&#8221;; \u201citt d\u00f6bbentem r\u00e1, hogy a mi kis falunkban nem is olyan rossz a k\u00f6z\u00f6ss\u00e9gi \u00e9let&#8221;. A 2 f\u0151 azt nyilatkozta, hogy sz\u00edvesebben lett volna egy\u00fctt a saj\u00e1t egyes\u00fclete tagjaival.<\/span><\/p>\n<p><i><span style=\"font-family: Times New Roman CE;\">Milyennek tal\u00e1ltad a k\u00e9pz\u00e9s k\u00f6r\u00fclm\u00e9nyeit?<\/span><\/i><\/p>\n<p><span style=\"font-family: Times New Roman CE;\">Mindk\u00e9t k\u00e9pz\u00e9s r\u00e9sztvev\u0151i ide\u00e1lisnak tartott\u00e1k a k\u00f6r\u00fclm\u00e9nyeket, sz\u00e9pnek \u00e9s k\u00e9nyelmesnek a h\u00e1zat, a szob\u00e1kat, dics\u00e9rt\u00e9k a szak\u00e1csot.<\/span><\/p>\n<p><i><span style=\"font-family: Times New Roman CE;\">Mi a v\u00e9lem\u00e9nyed a k\u00e9pz\u00e9sen felhaszn\u00e1lt m\u00f3dszerekr\u0151l?<\/span><\/i><\/p>\n<p><span style=\"font-family: Times New Roman CE;\">A k\u00e9pz\u00e9s gyakorlatiass\u00e1g\u00e1t mindenki pozit\u00edvan igazolta vissza. \u201c\u00d6r\u00fcltem annak, hogy nem csak elm\u00e9leti, hanem gyakorlati s\u00edkon is dolgoztunk, hogy megold\u00e1st kellett tal\u00e1lnunk. K\u00fcl\u00f6n\u00f6sen tetszettek a csoportos v\u00e9lem\u00e9nyalkot\u00e1sos feladatok.&#8221; \u201cNem egy nyers sz\u00f6veget z\u00fad\u00edtottak r\u00e1nk, hanem gondolkod\u00e1sra k\u00e9sztettek&#8221; \u201cNagyon hat\u00e1sosak, az ember szinte \u00e9szre sem veszi, hogy tanul&#8221;.<\/span><\/p>\n<p><i><span style=\"font-family: Times New Roman CE;\">Mi az, amit a k\u00e9pz\u00e9s anyag\u00e1b\u00f3l a legink\u00e1bb hasznos\u00edtani tudsz?<\/span><\/i><\/p>\n<p><span style=\"font-family: Times New Roman CE;\">A legt\u00f6bben azokat az \u00fajonnan tanult m\u00f3dszereket igazolt\u00e1k pozit\u00edvan vissza, amelyek a lakoss\u00e1g mobiliz\u00e1l\u00e1s\u00e1ra \u00e9s az egyes\u00fcleti tags\u00e1g megtart\u00e1s\u00e1ra ir\u00e1nyultak. Szinte ugyanennyien tartott\u00e1k fontosnak az \u00f6nkorm\u00e1nyzatokkal \u00e9s a v\u00e1llalkoz\u00f3kkal ki\u00e9p\u00edtend\u0151 kapcsolatot. T\u00f6bben eml\u00edtett\u00e9k, hogy a SWOT anal\u00edzis sokat fog nekik seg\u00edteni a tervez\u00e9sben, csak\u00fagy, mint azt, hogy a k\u00e9pz\u00e9s \u201caz alapokra is r\u00e1vil\u00e1g\u00edtott, amely eddig hi\u00e1nyzott a hat\u00e9kony m\u0171k\u00f6d\u00e9shez&#8221;.<\/span><\/p>\n<p><i><span style=\"font-family: Times New Roman CE;\">Van-e olyan t\u00e9ma, amit hi\u00e1nyolt\u00e1l?<\/span><\/i><br \/>\n<span style=\"font-family: Times New Roman CE;\">\u00c1ltal\u00e1ban nem hi\u00e1nyoltak semmit, mert \u201cegy h\u00e9tv\u00e9g\u00e9be nem f\u00e9rhet t\u00f6bb bele&#8221;, de szeretn\u00e9nek elm\u00e9lyedni az itt megkezdett t\u00e9m\u00e1kban.<\/span><\/p>\n<p><i><span style=\"font-family: Times New Roman CE;\">Volt-e olyan t\u00e9ma, amit neh\u00e9znek, \u00fajnak, feleslegesnek \u00e9rezt\u00e9l?<\/span><\/i><\/p>\n<p><span style=\"font-family: Times New Roman CE;\">T\u00f6bben tal\u00e1lt\u00e1k neh\u00e9znek \u00e9s egyben teljesen \u00fajnak is a partners\u00e9gi viszonyt, a korm\u00e1nyzati, nem-korm\u00e1nyzati \u00e9s priv\u00e1t szektor szerep\u00e9t \u00e9s egy\u00fcttm\u0171k\u00f6d\u00e9s\u00e9t; a SWOT anal\u00edzist \u00e9s val\u00f3j\u00e1ban semmit sem \u00e9reztek feleslegesnek.<\/span><\/p>\n<p><i><span style=\"font-family: Times New Roman CE;\">Milyen ismeretre, inform\u00e1ci\u00f3ra, kapcsolatokra lenne sz\u00fcks\u00e9ged a munk\u00e1dhoz, amit hasonl\u00f3 k\u00f6r\u00fclm\u00e9nyek k\u00f6z\u00f6tt szerezhetn\u00e9l meg?<\/span><\/i><\/p>\n<p><span style=\"font-family: Times New Roman CE;\">\u201cMinden&#8221;; \u00e9rdekegyeztet\u00e9s, ifj\u00fas\u00e1gi sz\u00f6vets\u00e9g l\u00e9trehoz\u00e1sa; egyes\u00fcleti v\u00e1llalkoz\u00f3 tev\u00e9kenys\u00e9g; egyes\u00fcleti jogok<\/span><\/p>\n<p><i><span style=\"font-family: Times New Roman CE;\">Hogyan k\u00e9pzeled el a folytat\u00e1st?<\/span><\/i><br \/>\n<span style=\"font-family: Times New Roman CE;\">Szinte mindenki v\u00e9lem\u00e9ny\u00e9t fejezte ki egyik t\u00e1rsunk \u201ca k\u00e9pz\u00e9sen tanultakat megpr\u00f3b\u00e1lom a saj\u00e1t munk\u00e1mban hasznos\u00edtani, \u00e9s minden hasonl\u00f3 k\u00e9pz\u00e9sre megpr\u00f3b\u00e1lok eljutni&#8221;.<\/span><\/p>\n<p><span style=\"font-family: Times New Roman CE;\">A k\u00e9pz\u00e9s v\u00e9g\u00e9n a k\u00f6vetkez\u0151 17 db,\u00a0<\/span><b><span style=\"font-family: Times New Roman CE;\">civil know-how-k<\/span><\/b><span style=\"font-family: Times New Roman CE;\">at \u00e9s a k\u00e9pz\u00e9s anyag\u00e1val \u00e9rintkez\u0151, 1-2 oldalas r\u00f6vid \u00f6sszefoglal\u00f3t vihett\u00e9k magukkal haza a r\u00e9sztvev\u0151k:<\/span><br \/>\n<span style=\"font-family: Times New Roman CE;\">\u2013 A vezet\u00e9s (tervez\u00e9s, szervez\u00e9s, ellen\u0151rz\u00e9s) \u00e9s m\u00f3dszerei (tekint\u00e9ly-elv\u0171, laissez faire \u00e9s demokratikus), d\u00f6nt\u00e9st\u00edpusok.<\/span><br \/>\n<span style=\"font-family: Times New Roman CE;\">\u2013 A korm\u00e1nyzati, a nem-korm\u00e1nyzati \u00e9s a priv\u00e1t szektor szerepei a demokratikus t\u00e1rsadalomban<\/span><br \/>\n<span style=\"font-family: Times New Roman CE;\">\u2013 Hogyan alak\u00edtsunk egyes\u00fcletet?<\/span><br \/>\n<span style=\"font-family: Times New Roman CE;\">\u2013 A p\u00e9nzszerz\u00e9s abc-je<\/span><br \/>\n<span style=\"font-family: Times New Roman CE;\">\u2013 Hogyan szervezz\u00fcnk \u00e9s vezess\u00fcnk nyilv\u00e1nos \u00fcl\u00e9seket?<\/span><br \/>\n<span style=\"font-family: Times New Roman CE;\">\u2013 Al\u00e1\u00edr\u00e1sgy\u0171jt\u00e9s megszervez\u00e9se<\/span><br \/>\n<span style=\"font-family: Times New Roman CE;\">\u2013 Hogyan alak\u00edtsunk \u00faj egyes\u00fcletet?<\/span><br \/>\n<span style=\"font-family: Times New Roman CE;\">\u2013 Az alapszab\u00e1lyr\u00f3l<\/span><br \/>\n<span style=\"font-family: Times New Roman CE;\">\u2013 Jelent\u00e9sek, besz\u00e1mol\u00f3k \u00edr\u00e1sa<\/span><br \/>\n<span style=\"font-family: Times New Roman CE;\">\u2013 A lobbyz\u00e1sr\u00f3l<\/span><br \/>\n<span style=\"font-family: Times New Roman CE;\">\u2013 A propagandaharc<\/span><br \/>\n<span style=\"font-family: Times New Roman CE;\">\u2013 Hogyan szerezz\u00fcnk tagokat, hogyan vonjunk be embereket?<\/span><br \/>\n<span style=\"font-family: Times New Roman CE;\">\u2013 Ingyenes tan\u00e1csad\u00f3 szolg\u00e1lat l\u00e9trehoz\u00e1sa<\/span><br \/>\n<span style=\"font-family: Times New Roman CE;\">\u2013 K\u00fcld\u00f6ttnek lenni<\/span><br \/>\n<span style=\"font-family: Times New Roman CE;\">\u2013 Hogyan kezdj\u00fcnk szervezni egy kamp\u00e1nyt vagy akci\u00f3csoportot?<\/span><br \/>\n<span style=\"font-family: Times New Roman CE;\">\u2013 T\u00fcntet\u00e9s, demonstr\u00e1ci\u00f3 megszervez\u00e9se<\/span><br \/>\n<span style=\"font-family: Times New Roman CE;\">\u2013 K\u00f6z\u00f6ss\u00e9gi \u00fcnneps\u00e9gsorozat, fesztiv\u00e1l szervez\u00e9se<\/span><\/p>\n<p><span style=\"font-family: Times New Roman CE;\">B\u00edzunk abban, hogy a k\u00e9pz\u00e9seknek lesz\u00a0<\/span><b><span style=\"font-family: Times New Roman CE;\">ut\u00f3\u00e9let<\/span><\/b><span style=\"font-family: Times New Roman CE;\">e. Ennek alapvet\u0151 biztos\u00edt\u00e9ka az a helyi projekt, amelyet a r\u00e9sztvev\u0151k \u00e9ppen megval\u00f3s\u00edtanak. Mivel a k\u00e9pz\u00e9s v\u00e9g\u00e9n megtervezt\u00fck a j\u00f6v\u0151beni cselekedeteket is \u2013 mit teszel, ha hazam\u00e9sz: most-hamarosan-k\u00e9s\u0151bb? \u2013, bizonyos, hogy a r\u00e9sztvev\u0151k nem lesznek tan\u00e1cstalanok, m\u00e1r ami a helyi projektj\u00fck folytat\u00e1s\u00e1t illeti.<\/span><\/p>\n<p><i><span style=\"font-family: Times New Roman CE;\">\u201cMost&#8221;<\/span><\/i><span style=\"font-family: Times New Roman CE;\">\u00a0t\u00edpus\u00fa v\u00e1laszok: \u201ca vonaton kives\u00e9zz\u00fck&#8221;; \u201cle\u00fclepszik&#8221;, \u201c\u00f6sszeh\u00edvom az egyes\u00fcletet \u00e9s elmondom nekik, amit itt hallottam&#8221;; \u201cmeg\u00edrom az \u00fajs\u00e1gban \u2013 v\u00e1rom a reakci\u00f3kat&#8221;, \u201c\u00faj cikksorozatot ind\u00edtok&#8221;, stb.<\/span><\/p>\n<p><i><span style=\"font-family: Times New Roman CE;\">\u201cHamarosan&#8221;<\/span><\/i><span style=\"font-family: Times New Roman CE;\">\u00a0\u2013 \u201cfolytatjuk a t\u00e1rgyal\u00e1sokat az \u00e9rdekegyeztet\u0151 f\u00f3rummal \u00e9s a t\u00e9rs\u00e9gi sz\u00f6vets\u00e9get megalak\u00edtjuk&#8221;; \u201ck\u00f6zeled\u00fcnk az \u00f6nkorm\u00e1nyzathoz, a v\u00e1llalkoz\u00f3khoz&#8221; \u201cer\u0151s\u00edtj\u00fck a helyi civil szf\u00e9r\u00e1t \u2013 legyen m\u00e9g t\u00f6bb egyes\u00fclet, h\u00e1l\u00f3zat a v\u00e1rosban&#8221; \u201chat\u00e9konyabb\u00e1 szeretn\u00e9nk tenni az \u00fajs\u00e1got&#8221;, \u201celind\u00edtom a p\u00e1rbesz\u00e9d-k\u00f6ri mozgalmat&#8221;, stb.<\/span><\/p>\n<p><i><span style=\"font-family: Times New Roman CE;\">\u201cK\u00e9s\u0151bb&#8221;<\/span><\/i><span style=\"font-family: Times New Roman CE;\">: \u201ctov\u00e1bb szeretn\u00e9k tanulni, m\u00e9lyebben megtudni, hogy hol a hely\u00fcnk, mi a szerep\u00fcnk nek\u00fcnk, civileknek. Sok mindent most kezdek \u00e9rezni igaz\u00e1n.&#8221; \u201cMindent elk\u00f6vetek, hogy minden k\u00e9pz\u00e9sre el tudjak j\u00f6nni&#8221;<\/span><\/p>\n<p><span style=\"font-family: Times New Roman CE;\">Szinte mindenki azt mondta, hogy a t\u00e1rsainak is elmondja, amit itt tanult.<\/span><\/p>\n<p><span style=\"font-family: Times New Roman CE;\">Mindk\u00e9t k\u00e9pz\u00e9s r\u00e9sztvev\u0151i vissza szeretn\u00e9nek j\u00f6nni a Civil Koll\u00e9giumba tanulni, ennek a felt\u00e9tele azonban tov\u00e1bbi forr\u00e1sok el\u0151teremt\u00e9se helyi-, region\u00e1lis- \u00e9s nemzeti alapokb\u00f3l.<\/span><\/p>\n<p><span style=\"font-family: Times New Roman CE;\">A k\u00e9pz\u00e9s tan\u00e1rak\u00e9nt<\/span><i><span style=\"font-family: Times New Roman CE;\">\u00a0<\/span><\/i><span style=\"font-family: Times New Roman CE;\">visszaigazolva l\u00e1ttam mind a Civil Koll\u00e9gium k\u00fcldet\u00e9s\u00e9t, mind a projekt c\u00e9lkit\u0171z\u00e9seinek helyess\u00e9g\u00e9t. A k\u00e9pz\u00e9s r\u00e1vil\u00e1g\u00edtott arra, hogy a civil szervezetek \u00f6nk\u00e9ntesei keveset tudnak saj\u00e1t t\u00e1rsadalmi szerep\u00fckr\u0151l, annak fontoss\u00e1g\u00e1r\u00f3l \u00e9s r\u00e1j\u00f6ttek arra, hogy milyen nagy jelent\u0151s\u00e9ge van a tudatos\u00edt\u00f3, gyakorlati seg\u00edts\u00e9get ny\u00fajt\u00f3 k\u00e9pz\u00e9seknek.<\/span><\/p>\n<p><span style=\"font-family: Times New Roman CE;\">A r\u00e9sztvev\u0151k k\u00f6z\u00fcl ketten m\u00e1r k\u00fclf\u00f6ldi tr\u00e9nerekkel is dolgoztak. Egyik\u00fck ezt \u00edrta az \u00e9rt\u00e9kel\u0151 lapra: \u201cnagyon j\u00f3, hogy most magyar p\u00e9ld\u00e1n n\u00e9zz\u00fck a dolgokat, mert a k\u00fclf\u00f6ldi p\u00e9ld\u00e1k nem azt a helyzetet t\u00fckr\u00f6zik, ami n\u00e1lunk van az orsz\u00e1gban&#8221;. Mi is \u00f6r\u00fcl\u00fcnk annak, hogy a Westminster Alap\u00edtv\u00e1ny megb\u00edzott annyira egy egy\u00e9bk\u00e9nt nagy hagyom\u00e1nyokkal rendelkez\u0151, de m\u00e9giscsak hazai k\u00f6z\u00f6ss\u00e9gfejleszt\u0151i szervezetben, hogy annak a k\u00e9pz\u00e9seit t\u00e1mogatja, ahelyett, hogy j\u00f3 nev\u0171 k\u00fclf\u00f6ldi tr\u00e9nereket deleg\u00e1lna hozz\u00e1nk. Bizonyos, hogy mindk\u00e9t szintnek megvan a maga saj\u00e1tos funkci\u00f3ja, de \u00f6r\u00fcl\u00fcnk annak, hogy \u00f6nszervez\u0151d\u00e9sben, r\u00e9szv\u00e9telben, civil t\u00e1rsadalomban, demokr\u00e1ci\u00e1ban m\u00e1r nek\u00fcnk is van saj\u00e1t mondanival\u00f3nk, amit a civil szervezetek hasznos\u00edtani tudnak.<\/span><\/p>\n<p><i><span style=\"font-family: Times New Roman CE;\">Vercseg Ilona<\/span><\/i><\/p>\n<p><i><span style=\"font-family: Times New Roman CE;\">(Lapz\u00e1rt\u00e1nkig tov\u00e1bbi n\u00e9gy k\u00e9pz\u00e9s zajlott le a fenti tematik\u00e1kkal: k\u00e9t \u201ccivil&#8221; \u00e9s k\u00e9t \u201chelyi m\u00e9dia&#8221;. \u00c9rdekess\u00e9ge ezeknek, hogy t\u00f6bb kolleg\u00e1nk v\u00e1llalta, hogy hospit\u00e1l \u2013 teh\u00e1t \u00faj tan\u00edt\u00e1si gyakorlatot szerez a m\u00e1sok \u00e1ltal vezetett k\u00eds\u00e9rleti k\u00e9pz\u00e9seken. Ezzel jelent\u0151sen b\u0151v\u00fclt a k\u00e9s\u0151bb \u201cbevethet\u0151&#8221; tan\u00e1rok k\u00f6re.<\/span><\/i><\/p>\n<p><i><span style=\"font-family: Times New Roman CE;\">Febru\u00e1rban kezd\u0151dik a h\u00e1rom \u00f6nkorm\u00e1nyzatis\u00e1ggal kapcsolatos tr\u00e9ning. Az \u00f6sszefoglal\u00f3 tapasztalatokra a Parola k\u00e9s\u0151bbi sz\u00e1m\u00e1ban m\u00e9g visszat\u00e9r\u00fcnk.)<\/span><\/i><\/p>\n","protected":false},"excerpt":{"rendered":"<p>A londoni sz\u00e9khely\u0171 Westminster Alap\u00edtv\u00e1ny, amelyet a nagy-britanniai K\u00fcl\u00fcgyminiszt\u00e9rium h\u00edvott \u00e9letre a demokr\u00e1cia fejleszt\u00e9s\u00e9\u00e9rt, 1997. j\u00falius 9-\u00e9n kelt level\u00e9ben bejelentette, hogy t\u00e1mogatja a Civil Koll\u00e9gium Alap\u00edtv\u00e1ny demokr\u00e1ciafejleszt\u0151 k\u00e9pz\u00e9seit.<\/p>\n","protected":false},"author":16,"featured_media":3486,"comment_status":"open","ping_status":"open","sticky":false,"template":"","format":"standard","meta":{"_acf_changed":false,"footnotes":""},"categories":[423,8,7],"tags":[],"coauthors":[21],"class_list":["post-2579","post","type-post","status-publish","format-standard","has-post-thumbnail","hentry","category-parola-1997-4","category-parola-folyoirat","category-repertorium"],"acf":[],"yoast_head":"<!-- This site is optimized with the Yoast SEO plugin v26.7 - https:\/\/yoast.com\/wordpress\/plugins\/seo\/ -->\n<title>&quot;Tanuljunk Demokr\u00e1ci\u00e1t!&quot; A Westminster Alap\u00edtv\u00e1ny t\u00e1mogat\u00e1sa, a demokr\u00e1cia fejl\u0151d\u00e9s\u00e9\u00e9rt - Parola Foly\u00f3irat<\/title>\n<meta name=\"robots\" content=\"index, follow, max-snippet:-1, max-image-preview:large, max-video-preview:-1\" \/>\n<link rel=\"canonical\" href=\"https:\/\/kofe.hu\/parola\/parola-folyoirat\/tanuljunk-demokraciat-a-westminster-alapitvany-tamogatasa-a-demokracia-fejlodeseert\/\" \/>\n<meta property=\"og:locale\" content=\"hu_HU\" \/>\n<meta property=\"og:type\" content=\"article\" \/>\n<meta property=\"og:title\" content=\"&quot;Tanuljunk Demokr\u00e1ci\u00e1t!&quot; A Westminster Alap\u00edtv\u00e1ny t\u00e1mogat\u00e1sa, a demokr\u00e1cia fejl\u0151d\u00e9s\u00e9\u00e9rt - Parola Foly\u00f3irat\" \/>\n<meta property=\"og:description\" content=\"A londoni sz\u00e9khely\u0171 Westminster Alap\u00edtv\u00e1ny, amelyet a nagy-britanniai K\u00fcl\u00fcgyminiszt\u00e9rium h\u00edvott \u00e9letre a demokr\u00e1cia fejleszt\u00e9s\u00e9\u00e9rt, 1997. j\u00falius 9-\u00e9n kelt level\u00e9ben bejelentette, hogy t\u00e1mogatja a Civil Koll\u00e9gium Alap\u00edtv\u00e1ny demokr\u00e1ciafejleszt\u0151 k\u00e9pz\u00e9seit.\" \/>\n<meta property=\"og:url\" content=\"https:\/\/kofe.hu\/parola\/parola-folyoirat\/tanuljunk-demokraciat-a-westminster-alapitvany-tamogatasa-a-demokracia-fejlodeseert\/\" \/>\n<meta property=\"og:site_name\" content=\"Parola Foly\u00f3irat\" \/>\n<meta property=\"article:published_time\" content=\"2020-07-10T08:06:52+00:00\" \/>\n<meta property=\"article:modified_time\" content=\"2020-07-30T16:17:16+00:00\" \/>\n<meta property=\"og:image\" content=\"https:\/\/kofe.hu\/parola\/wp-content\/uploads\/2020\/07\/97.4.jpeg\" \/>\n\t<meta property=\"og:image:width\" content=\"1366\" \/>\n\t<meta property=\"og:image:height\" content=\"1939\" \/>\n\t<meta property=\"og:image:type\" content=\"image\/jpeg\" \/>\n<meta name=\"author\" content=\"Vercseg Ilona\" \/>\n<meta name=\"twitter:card\" content=\"summary_large_image\" \/>\n<meta name=\"twitter:label1\" content=\"Szerz\u0151:\" \/>\n\t<meta name=\"twitter:data1\" content=\"Vercseg Ilona\" \/>\n\t<meta name=\"twitter:label2\" content=\"Becs\u00fclt olvas\u00e1si id\u0151\" \/>\n\t<meta name=\"twitter:data2\" content=\"10 perc\" \/>\n\t<meta name=\"twitter:label3\" content=\"Written by\" \/>\n\t<meta name=\"twitter:data3\" content=\"Vercseg Ilona\" \/>\n<script type=\"application\/ld+json\" class=\"yoast-schema-graph\">{\"@context\":\"https:\/\/schema.org\",\"@graph\":[{\"@type\":\"Article\",\"@id\":\"https:\/\/kofe.hu\/parola\/parola-folyoirat\/tanuljunk-demokraciat-a-westminster-alapitvany-tamogatasa-a-demokracia-fejlodeseert\/#article\",\"isPartOf\":{\"@id\":\"https:\/\/kofe.hu\/parola\/parola-folyoirat\/tanuljunk-demokraciat-a-westminster-alapitvany-tamogatasa-a-demokracia-fejlodeseert\/\"},\"author\":{\"name\":\"Vercseg Ilona\",\"@id\":\"https:\/\/kofe.hu\/parola\/#\/schema\/person\/a53b1ec59d5e50541cf361a8ca24bc81\"},\"headline\":\"&#8222;Tanuljunk Demokr\u00e1ci\u00e1t!&#8221; A Westminster Alap\u00edtv\u00e1ny t\u00e1mogat\u00e1sa, a demokr\u00e1cia fejl\u0151d\u00e9s\u00e9\u00e9rt\",\"datePublished\":\"2020-07-10T08:06:52+00:00\",\"dateModified\":\"2020-07-30T16:17:16+00:00\",\"mainEntityOfPage\":{\"@id\":\"https:\/\/kofe.hu\/parola\/parola-folyoirat\/tanuljunk-demokraciat-a-westminster-alapitvany-tamogatasa-a-demokracia-fejlodeseert\/\"},\"wordCount\":2018,\"commentCount\":0,\"image\":{\"@id\":\"https:\/\/kofe.hu\/parola\/parola-folyoirat\/tanuljunk-demokraciat-a-westminster-alapitvany-tamogatasa-a-demokracia-fejlodeseert\/#primaryimage\"},\"thumbnailUrl\":\"https:\/\/kofe.hu\/parola\/wp-content\/uploads\/2020\/07\/97.4.jpeg\",\"articleSection\":[\"Parola 1997\/4\",\"Parola Foly\u00f3irat\",\"Repert\u00f3rium\"],\"inLanguage\":\"hu\",\"potentialAction\":[{\"@type\":\"CommentAction\",\"name\":\"Comment\",\"target\":[\"https:\/\/kofe.hu\/parola\/parola-folyoirat\/tanuljunk-demokraciat-a-westminster-alapitvany-tamogatasa-a-demokracia-fejlodeseert\/#respond\"]}]},{\"@type\":\"WebPage\",\"@id\":\"https:\/\/kofe.hu\/parola\/parola-folyoirat\/tanuljunk-demokraciat-a-westminster-alapitvany-tamogatasa-a-demokracia-fejlodeseert\/\",\"url\":\"https:\/\/kofe.hu\/parola\/parola-folyoirat\/tanuljunk-demokraciat-a-westminster-alapitvany-tamogatasa-a-demokracia-fejlodeseert\/\",\"name\":\"\\\"Tanuljunk Demokr\u00e1ci\u00e1t!\\\" A Westminster Alap\u00edtv\u00e1ny t\u00e1mogat\u00e1sa, a demokr\u00e1cia fejl\u0151d\u00e9s\u00e9\u00e9rt - Parola Foly\u00f3irat\",\"isPartOf\":{\"@id\":\"https:\/\/kofe.hu\/parola\/#website\"},\"primaryImageOfPage\":{\"@id\":\"https:\/\/kofe.hu\/parola\/parola-folyoirat\/tanuljunk-demokraciat-a-westminster-alapitvany-tamogatasa-a-demokracia-fejlodeseert\/#primaryimage\"},\"image\":{\"@id\":\"https:\/\/kofe.hu\/parola\/parola-folyoirat\/tanuljunk-demokraciat-a-westminster-alapitvany-tamogatasa-a-demokracia-fejlodeseert\/#primaryimage\"},\"thumbnailUrl\":\"https:\/\/kofe.hu\/parola\/wp-content\/uploads\/2020\/07\/97.4.jpeg\",\"datePublished\":\"2020-07-10T08:06:52+00:00\",\"dateModified\":\"2020-07-30T16:17:16+00:00\",\"author\":{\"@id\":\"https:\/\/kofe.hu\/parola\/#\/schema\/person\/a53b1ec59d5e50541cf361a8ca24bc81\"},\"breadcrumb\":{\"@id\":\"https:\/\/kofe.hu\/parola\/parola-folyoirat\/tanuljunk-demokraciat-a-westminster-alapitvany-tamogatasa-a-demokracia-fejlodeseert\/#breadcrumb\"},\"inLanguage\":\"hu\",\"potentialAction\":[{\"@type\":\"ReadAction\",\"target\":[\"https:\/\/kofe.hu\/parola\/parola-folyoirat\/tanuljunk-demokraciat-a-westminster-alapitvany-tamogatasa-a-demokracia-fejlodeseert\/\"]}]},{\"@type\":\"ImageObject\",\"inLanguage\":\"hu\",\"@id\":\"https:\/\/kofe.hu\/parola\/parola-folyoirat\/tanuljunk-demokraciat-a-westminster-alapitvany-tamogatasa-a-demokracia-fejlodeseert\/#primaryimage\",\"url\":\"https:\/\/kofe.hu\/parola\/wp-content\/uploads\/2020\/07\/97.4.jpeg\",\"contentUrl\":\"https:\/\/kofe.hu\/parola\/wp-content\/uploads\/2020\/07\/97.4.jpeg\",\"width\":1366,\"height\":1939},{\"@type\":\"BreadcrumbList\",\"@id\":\"https:\/\/kofe.hu\/parola\/parola-folyoirat\/tanuljunk-demokraciat-a-westminster-alapitvany-tamogatasa-a-demokracia-fejlodeseert\/#breadcrumb\",\"itemListElement\":[{\"@type\":\"ListItem\",\"position\":1,\"name\":\"Home\",\"item\":\"https:\/\/kofe.hu\/parola\/\"},{\"@type\":\"ListItem\",\"position\":2,\"name\":\"&#8222;Tanuljunk Demokr\u00e1ci\u00e1t!&#8221; A Westminster Alap\u00edtv\u00e1ny t\u00e1mogat\u00e1sa, a demokr\u00e1cia fejl\u0151d\u00e9s\u00e9\u00e9rt\"}]},{\"@type\":\"WebSite\",\"@id\":\"https:\/\/kofe.hu\/parola\/#website\",\"url\":\"https:\/\/kofe.hu\/parola\/\",\"name\":\"Parola Foly\u00f3irat\",\"description\":\"\",\"potentialAction\":[{\"@type\":\"SearchAction\",\"target\":{\"@type\":\"EntryPoint\",\"urlTemplate\":\"https:\/\/kofe.hu\/parola\/?s={search_term_string}\"},\"query-input\":{\"@type\":\"PropertyValueSpecification\",\"valueRequired\":true,\"valueName\":\"search_term_string\"}}],\"inLanguage\":\"hu\"},{\"@type\":\"Person\",\"@id\":\"https:\/\/kofe.hu\/parola\/#\/schema\/person\/a53b1ec59d5e50541cf361a8ca24bc81\",\"name\":\"Vercseg Ilona\",\"image\":{\"@type\":\"ImageObject\",\"inLanguage\":\"hu\",\"@id\":\"https:\/\/kofe.hu\/parola\/#\/schema\/person\/image\/fae1a4bd5dc421c3e09d0b889ef311f4\",\"url\":\"https:\/\/secure.gravatar.com\/avatar\/721c3be425f40f7ccc756f5b124920edaef51708f25b0975485fb5b2fa1e3c72?s=96&d=mm&r=g\",\"contentUrl\":\"https:\/\/secure.gravatar.com\/avatar\/721c3be425f40f7ccc756f5b124920edaef51708f25b0975485fb5b2fa1e3c72?s=96&d=mm&r=g\",\"caption\":\"Vercseg Ilona\"},\"url\":\"https:\/\/kofe.hu\/parola\/szerzok\/vercseg-ilona\/\"}]}<\/script>\n<!-- \/ Yoast SEO plugin. -->","yoast_head_json":{"title":"\"Tanuljunk Demokr\u00e1ci\u00e1t!\" A Westminster Alap\u00edtv\u00e1ny t\u00e1mogat\u00e1sa, a demokr\u00e1cia fejl\u0151d\u00e9s\u00e9\u00e9rt - Parola Foly\u00f3irat","robots":{"index":"index","follow":"follow","max-snippet":"max-snippet:-1","max-image-preview":"max-image-preview:large","max-video-preview":"max-video-preview:-1"},"canonical":"https:\/\/kofe.hu\/parola\/parola-folyoirat\/tanuljunk-demokraciat-a-westminster-alapitvany-tamogatasa-a-demokracia-fejlodeseert\/","og_locale":"hu_HU","og_type":"article","og_title":"\"Tanuljunk Demokr\u00e1ci\u00e1t!\" A Westminster Alap\u00edtv\u00e1ny t\u00e1mogat\u00e1sa, a demokr\u00e1cia fejl\u0151d\u00e9s\u00e9\u00e9rt - Parola Foly\u00f3irat","og_description":"A londoni sz\u00e9khely\u0171 Westminster Alap\u00edtv\u00e1ny, amelyet a nagy-britanniai K\u00fcl\u00fcgyminiszt\u00e9rium h\u00edvott \u00e9letre a demokr\u00e1cia fejleszt\u00e9s\u00e9\u00e9rt, 1997. j\u00falius 9-\u00e9n kelt level\u00e9ben bejelentette, hogy t\u00e1mogatja a Civil Koll\u00e9gium Alap\u00edtv\u00e1ny demokr\u00e1ciafejleszt\u0151 k\u00e9pz\u00e9seit.","og_url":"https:\/\/kofe.hu\/parola\/parola-folyoirat\/tanuljunk-demokraciat-a-westminster-alapitvany-tamogatasa-a-demokracia-fejlodeseert\/","og_site_name":"Parola Foly\u00f3irat","article_published_time":"2020-07-10T08:06:52+00:00","article_modified_time":"2020-07-30T16:17:16+00:00","og_image":[{"width":1366,"height":1939,"url":"https:\/\/kofe.hu\/parola\/wp-content\/uploads\/2020\/07\/97.4.jpeg","type":"image\/jpeg"}],"author":"Vercseg Ilona","twitter_card":"summary_large_image","twitter_misc":{"Szerz\u0151:":"Vercseg Ilona","Becs\u00fclt olvas\u00e1si id\u0151":"10 perc","Written by":"Vercseg Ilona"},"schema":{"@context":"https:\/\/schema.org","@graph":[{"@type":"Article","@id":"https:\/\/kofe.hu\/parola\/parola-folyoirat\/tanuljunk-demokraciat-a-westminster-alapitvany-tamogatasa-a-demokracia-fejlodeseert\/#article","isPartOf":{"@id":"https:\/\/kofe.hu\/parola\/parola-folyoirat\/tanuljunk-demokraciat-a-westminster-alapitvany-tamogatasa-a-demokracia-fejlodeseert\/"},"author":{"name":"Vercseg Ilona","@id":"https:\/\/kofe.hu\/parola\/#\/schema\/person\/a53b1ec59d5e50541cf361a8ca24bc81"},"headline":"&#8222;Tanuljunk Demokr\u00e1ci\u00e1t!&#8221; A Westminster Alap\u00edtv\u00e1ny t\u00e1mogat\u00e1sa, a demokr\u00e1cia fejl\u0151d\u00e9s\u00e9\u00e9rt","datePublished":"2020-07-10T08:06:52+00:00","dateModified":"2020-07-30T16:17:16+00:00","mainEntityOfPage":{"@id":"https:\/\/kofe.hu\/parola\/parola-folyoirat\/tanuljunk-demokraciat-a-westminster-alapitvany-tamogatasa-a-demokracia-fejlodeseert\/"},"wordCount":2018,"commentCount":0,"image":{"@id":"https:\/\/kofe.hu\/parola\/parola-folyoirat\/tanuljunk-demokraciat-a-westminster-alapitvany-tamogatasa-a-demokracia-fejlodeseert\/#primaryimage"},"thumbnailUrl":"https:\/\/kofe.hu\/parola\/wp-content\/uploads\/2020\/07\/97.4.jpeg","articleSection":["Parola 1997\/4","Parola Foly\u00f3irat","Repert\u00f3rium"],"inLanguage":"hu","potentialAction":[{"@type":"CommentAction","name":"Comment","target":["https:\/\/kofe.hu\/parola\/parola-folyoirat\/tanuljunk-demokraciat-a-westminster-alapitvany-tamogatasa-a-demokracia-fejlodeseert\/#respond"]}]},{"@type":"WebPage","@id":"https:\/\/kofe.hu\/parola\/parola-folyoirat\/tanuljunk-demokraciat-a-westminster-alapitvany-tamogatasa-a-demokracia-fejlodeseert\/","url":"https:\/\/kofe.hu\/parola\/parola-folyoirat\/tanuljunk-demokraciat-a-westminster-alapitvany-tamogatasa-a-demokracia-fejlodeseert\/","name":"\"Tanuljunk Demokr\u00e1ci\u00e1t!\" A Westminster Alap\u00edtv\u00e1ny t\u00e1mogat\u00e1sa, a demokr\u00e1cia fejl\u0151d\u00e9s\u00e9\u00e9rt - Parola Foly\u00f3irat","isPartOf":{"@id":"https:\/\/kofe.hu\/parola\/#website"},"primaryImageOfPage":{"@id":"https:\/\/kofe.hu\/parola\/parola-folyoirat\/tanuljunk-demokraciat-a-westminster-alapitvany-tamogatasa-a-demokracia-fejlodeseert\/#primaryimage"},"image":{"@id":"https:\/\/kofe.hu\/parola\/parola-folyoirat\/tanuljunk-demokraciat-a-westminster-alapitvany-tamogatasa-a-demokracia-fejlodeseert\/#primaryimage"},"thumbnailUrl":"https:\/\/kofe.hu\/parola\/wp-content\/uploads\/2020\/07\/97.4.jpeg","datePublished":"2020-07-10T08:06:52+00:00","dateModified":"2020-07-30T16:17:16+00:00","author":{"@id":"https:\/\/kofe.hu\/parola\/#\/schema\/person\/a53b1ec59d5e50541cf361a8ca24bc81"},"breadcrumb":{"@id":"https:\/\/kofe.hu\/parola\/parola-folyoirat\/tanuljunk-demokraciat-a-westminster-alapitvany-tamogatasa-a-demokracia-fejlodeseert\/#breadcrumb"},"inLanguage":"hu","potentialAction":[{"@type":"ReadAction","target":["https:\/\/kofe.hu\/parola\/parola-folyoirat\/tanuljunk-demokraciat-a-westminster-alapitvany-tamogatasa-a-demokracia-fejlodeseert\/"]}]},{"@type":"ImageObject","inLanguage":"hu","@id":"https:\/\/kofe.hu\/parola\/parola-folyoirat\/tanuljunk-demokraciat-a-westminster-alapitvany-tamogatasa-a-demokracia-fejlodeseert\/#primaryimage","url":"https:\/\/kofe.hu\/parola\/wp-content\/uploads\/2020\/07\/97.4.jpeg","contentUrl":"https:\/\/kofe.hu\/parola\/wp-content\/uploads\/2020\/07\/97.4.jpeg","width":1366,"height":1939},{"@type":"BreadcrumbList","@id":"https:\/\/kofe.hu\/parola\/parola-folyoirat\/tanuljunk-demokraciat-a-westminster-alapitvany-tamogatasa-a-demokracia-fejlodeseert\/#breadcrumb","itemListElement":[{"@type":"ListItem","position":1,"name":"Home","item":"https:\/\/kofe.hu\/parola\/"},{"@type":"ListItem","position":2,"name":"&#8222;Tanuljunk Demokr\u00e1ci\u00e1t!&#8221; A Westminster Alap\u00edtv\u00e1ny t\u00e1mogat\u00e1sa, a demokr\u00e1cia fejl\u0151d\u00e9s\u00e9\u00e9rt"}]},{"@type":"WebSite","@id":"https:\/\/kofe.hu\/parola\/#website","url":"https:\/\/kofe.hu\/parola\/","name":"Parola Foly\u00f3irat","description":"","potentialAction":[{"@type":"SearchAction","target":{"@type":"EntryPoint","urlTemplate":"https:\/\/kofe.hu\/parola\/?s={search_term_string}"},"query-input":{"@type":"PropertyValueSpecification","valueRequired":true,"valueName":"search_term_string"}}],"inLanguage":"hu"},{"@type":"Person","@id":"https:\/\/kofe.hu\/parola\/#\/schema\/person\/a53b1ec59d5e50541cf361a8ca24bc81","name":"Vercseg Ilona","image":{"@type":"ImageObject","inLanguage":"hu","@id":"https:\/\/kofe.hu\/parola\/#\/schema\/person\/image\/fae1a4bd5dc421c3e09d0b889ef311f4","url":"https:\/\/secure.gravatar.com\/avatar\/721c3be425f40f7ccc756f5b124920edaef51708f25b0975485fb5b2fa1e3c72?s=96&d=mm&r=g","contentUrl":"https:\/\/secure.gravatar.com\/avatar\/721c3be425f40f7ccc756f5b124920edaef51708f25b0975485fb5b2fa1e3c72?s=96&d=mm&r=g","caption":"Vercseg Ilona"},"url":"https:\/\/kofe.hu\/parola\/szerzok\/vercseg-ilona\/"}]}},"_links":{"self":[{"href":"https:\/\/kofe.hu\/parola\/wp-json\/wp\/v2\/posts\/2579","targetHints":{"allow":["GET"]}}],"collection":[{"href":"https:\/\/kofe.hu\/parola\/wp-json\/wp\/v2\/posts"}],"about":[{"href":"https:\/\/kofe.hu\/parola\/wp-json\/wp\/v2\/types\/post"}],"author":[{"embeddable":true,"href":"https:\/\/kofe.hu\/parola\/wp-json\/wp\/v2\/users\/16"}],"replies":[{"embeddable":true,"href":"https:\/\/kofe.hu\/parola\/wp-json\/wp\/v2\/comments?post=2579"}],"version-history":[{"count":3,"href":"https:\/\/kofe.hu\/parola\/wp-json\/wp\/v2\/posts\/2579\/revisions"}],"predecessor-version":[{"id":4794,"href":"https:\/\/kofe.hu\/parola\/wp-json\/wp\/v2\/posts\/2579\/revisions\/4794"}],"wp:featuredmedia":[{"embeddable":true,"href":"https:\/\/kofe.hu\/parola\/wp-json\/wp\/v2\/media\/3486"}],"wp:attachment":[{"href":"https:\/\/kofe.hu\/parola\/wp-json\/wp\/v2\/media?parent=2579"}],"wp:term":[{"taxonomy":"category","embeddable":true,"href":"https:\/\/kofe.hu\/parola\/wp-json\/wp\/v2\/categories?post=2579"},{"taxonomy":"post_tag","embeddable":true,"href":"https:\/\/kofe.hu\/parola\/wp-json\/wp\/v2\/tags?post=2579"},{"taxonomy":"author","embeddable":true,"href":"https:\/\/kofe.hu\/parola\/wp-json\/wp\/v2\/coauthors?post=2579"}],"curies":[{"name":"wp","href":"https:\/\/api.w.org\/{rel}","templated":true}]}}