{"id":2565,"date":"2020-07-10T07:49:42","date_gmt":"2020-07-10T07:49:42","guid":{"rendered":"https:\/\/kofe.hu\/parola\/?p=2565"},"modified":"2020-07-30T16:25:06","modified_gmt":"2020-07-30T16:25:06","slug":"muhelybeszelgetes-az-onkentes-munkarol","status":"publish","type":"post","link":"https:\/\/kofe.hu\/parola\/parola-folyoirat\/muhelybeszelgetes-az-onkentes-munkarol\/","title":{"rendered":"M\u0171helybesz\u00e9lget\u00e9s az \u00f6nk\u00e9ntes munk\u00e1r\u00f3l"},"content":{"rendered":"<p style=\"text-align: justify;\"><b><span style=\"font-family: Times New Roman CE;\">A Civil R\u00e1di\u00f3 egy j\u00faniusi ad\u00e1s\u00e1b\u00f3l id\u00e9zz\u00fck az al\u00e1bbi besz\u00e9lget\u00e9s r\u00e9szleteket, amelyet a hasonl\u00f3 t\u00e9m\u00e1j\u00fa szentendrei konferenci\u00e1hoz, r\u00e1hangol\u00e1sk\u00e9nt k\u00e9sz\u00edtett\u00fcnk. A m\u0171sor szerepl\u0151i Vercseg Ilona k\u00f6z\u00f6ss\u00e9gfejleszt\u0151, Gereben Ferenc szociol\u00f3gus \u00e9s a h\u00e1zigazda P\u00e9terfi Ferenc.<\/span><\/b><br \/>\n<!--more--><br \/>\n<span style=\"font-family: Times New Roman CE;\">P.F.: Ebben a mai p\u00e9nzhajszol\u00f3 vil\u00e1gban nem korszer\u0171tlen dolog-e ez az \u00f6nk\u00e9ntess\u00e9g? J\u00f3 lenne ha megpr\u00f3b\u00e1ln\u00e1nk megfogalmazni azt, hogy mit is \u00e9rt\u00fcnk mi \u00f6nk\u00e9ntes munka alatt.<\/span><br \/>\n<span style=\"font-family: Times New Roman CE;\">V.I.: Amit az ember \u00f6nk\u00e9nt \u00e9s sz\u00edvesen csin\u00e1l, ellenszolg\u00e1ltat\u00e1s n\u00e9lk\u00fcl. Nagyon \u00e9rdekes, hogy az \u00f6nk\u00e9ntes munka fogalma Kuti \u00c9va egy nagyon friss tanulm\u00e1nya szerint nagyon er\u0151sen kapcsol\u00f3dott a j\u00f3t\u00e9konys\u00e1ghoz \u00e9s manaps\u00e1g ink\u00e1bb a k\u00f6lcs\u00f6n\u00f6s seg\u00edts\u00e9gny\u00fajt\u00e1s fogalm\u00e1t fedi le. Az emberek az \u00f6nk\u00e9ntes munk\u00e1jukat jobb\u00e1ra valamilyen szervezett keretek k\u00f6z\u00f6tt v\u00e9gzik, egyes\u00fcleti, civil szervezeti keretek k\u00f6z\u00f6tt \u00e9s ebben bizony fell\u00e9p a k\u00f6lcs\u00f6n\u00f6ss\u00e9g, az, hogy k\u00f6lcs\u00f6n\u00f6sen egy\u00fctt hozunk l\u00e9tre valamit, aminek k\u00f6z\u00f6sen \u00f6r\u00fcl\u00fcnk, a mi eredm\u00e9ny\u00fcnk. Persze ez nem felt\u00e9tlen\u00fcl csak kultur\u00e1lis vagy szabadid\u0151s tev\u00e9kenys\u00e9g lehet, hanem az \u00e9let b\u00e1rmilyen ter\u00fclet\u00e9n szervez\u0151dhetnek \u00f6nk\u00e9ntesek.<\/span><br \/>\n<span style=\"font-family: Times New Roman CE;\">G.F.: Azt k\u00e9rdezted Ferenc, hogy nem korszer\u0171tlen-e a seg\u00edt\u0151 munka. \u00c9n azt mondan\u00e1m, hogy bizony\u00e1ra korszer\u0171tlen most, ebben a pillanatban, mert ugye egy vad kapitalista t\u00e1rsadalmat \u00e9l\u00fcnk. Ugyanakkor egy sz\u00fcks\u00e9ges dolog, \u00e9s rem\u00e9lem, hogy nemsok\u00e1ra vesz\u00edt ebb\u0151l a \u201ckorszer\u0171tlens\u00e9g\u00e9b\u0151l\u201d. Mert a vad kapitalizmus l\u00e9nyege az, hogy az ember a maga \u00e9rdek\u00e9t n\u00e9zi, \u00f6n\u00f6ss\u00e9g jellemzi a cselekedeteit, \u00e9s elvesz\u00edti a k\u00f6z\u00f6ss\u00e9ghez f\u0171z\u0151d\u0151 viszonyait. \u00c9rdekben \u00e9s haszonban gondolkodik. Az \u00f6nk\u00e9ntes seg\u00edt\u0151 munka nyilv\u00e1n ezzel ellent\u00e9tes, de h\u00e1t az\u00e9rt a t\u00e1rsadalom r\u00e1 fog j\u00f6nni \u2013 azt hiszen nemsok\u00e1ra m\u00e1r \u2013, hogy sz\u00fcks\u00e9ge van ezekre a k\u00f6z\u00f6ss\u00e9gi energi\u00e1kra, mert \u00edgy az egy\u00e9n is jobban fenn tudja tartani \u00f6nmag\u00e1t, l\u00e9lektanilag, fizikailag. R\u00e9gen is volt \u00f6nk\u00e9ntes munka, amit kommunista szombatnak neveztek, de ez nem volt igaz\u00e1n \u00f6nk\u00e9ntes. Most kell egy kis megsz\u00e1llotts\u00e1g az \u00f6nk\u00e9ntes munk\u00e1hoz, \u00e9s \u00e9n rem\u00e9lem, hogy elj\u00f6n hamarosan az id\u0151, hogy egy val\u00f3di polg\u00e1ri cselekedetk\u00e9nt fog megjelenni. \u00c1tl\u00e1that\u00f3, a sz\u00fcks\u00e9gszer\u0171s\u00e9g\u00e9t, \u00e9s a praktikum\u00e1t egyar\u00e1nt racion\u00e1lisan is felismer\u0151 m\u00f3don, mint aff\u00e9le polg\u00e1ri magatart\u00e1sforma fog majd sz\u00e9lesedni azoknak a k\u00f6re, akik ezt v\u00e9gzik. \u00c9n ezt rem\u00e9lem.<\/span><br \/>\n<span style=\"font-family: Times New Roman CE;\">V.I.: \u00c9n m\u00e9g vigasztal\u00f3bban l\u00e1tom ezt a helyzetet, mert \u00e9n \u00fagy l\u00e1tom, hogy ez m\u00e1r r\u00e9szben jelen is van. \u00c9n \u00fagy tapasztaltam, hogy nagyon lelkesen dolgoznak az emberek egy-egy lak\u00f3helyen az\u00e9rt, hogy \u00e9p\u00fclj\u00f6n valami, egy j\u00e1rda, egy iskola. Volt amikor a tan\u00e1cs szervezte, \u00e9s m\u00e9gis sz\u00edvesen megcsin\u00e1lt\u00e1k, de egyet\u00e9rtek ezzel tulajdonk\u00e9ppen, hogy az val\u00f3ban nem volt a sz\u00f3 igazi \u00e9rtelm\u00e9ben \u00f6nk\u00e9ntes munka, \u00e9s az \u00f6nk\u00e9ntes munka enn\u00e9l sokkal sz\u00e9lesebb sk\u00e1l\u00e1j\u00fa lehet. Azt akarom ebb\u0151l az eg\u00e9szb\u0151l kihozni, hogy nagyon sz\u0171k lehet\u0151s\u00e9get k\u00edn\u00e1lt az \u00f6nk\u00e9ntess\u00e9gre a t\u00e1rsadalom. Teh\u00e1t ilyen nyugd\u00edjas klubok vagy ifj\u00fas\u00e1gi klubok, vagy szabadid\u0151s csoport l\u00e9teztek, de az, hogy az ember mint t\u00e1rsadalomalak\u00edt\u00f3, vagy mint reformer megjelenjen, az egyszer\u0171en szinte nem volt lehets\u00e9ges. Olyan, hogy helyi politika csin\u00e1l\u00e1s, nem volt lehets\u00e9ges vagy csak iszony\u00faan beszab\u00e1lyozott \u00e9s el\u0151re eld\u00f6nt\u00f6tt keretek k\u00f6z\u00f6tt. Erre most mindaz\u00e9rt lehet\u0151s\u00e9g ny\u00edlt, hogy 41 ezer civil szervez\u0151d\u00e9s van Magyarorsz\u00e1gon, ami a mi \u00e1lmainkhoz k\u00e9pest irt\u00f3 kev\u00e9s, mert azt szeretn\u00e9nk, hogy egy \u00e1llampolg\u00e1r legal\u00e1bb 4-5 szervez\u0151d\u00e9snek lenne a tagja. De ahhoz k\u00e9pest, hogy a rendszerv\u00e1lt\u00e1s el\u0151tt 8 ezer ilyen egyes\u00fclet volt Magyarorsz\u00e1gon, \u00e9s ahhoz k\u00e9pest, hogy a II. vil\u00e1gh\u00e1bor\u00fa el\u0151tti id\u0151ben amikor a rekordsz\u00e1m 1932-ben 14 ezer egyes\u00fclet volt, ahhoz k\u00e9pest \u00e9n \u00fagy gondolom, hogy ez egy sz\u00e9p eredm\u00e9ny. \u00c9s izgalmas eredm\u00e9ny, k\u00fcl\u00f6n\u00f6sen akkor, ha megn\u00e9zz\u00fck, hogy mit csin\u00e1lnak ezek az egyes\u00fcletek, mit csin\u00e1lnak ezek az \u00f6nk\u00e9ntes emberek, akkor azt l\u00e1tjuk, hogy az \u00e9rdekk\u00e9pviselett\u0151l a gazdas\u00e1gfejleszt\u00e9sig, \u00e9s a kultur\u00e1lis \u00e9s szabadid\u0151n kereszt\u00fcl nagyon soksz\u00edn\u0171 a sk\u00e1la, \u00e9s azt gondolom, hogy itt m\u00e1r nagyon er\u0151s polg\u00e1ri t\u00f6rekv\u00e9sek is megnyilv\u00e1nulnak h\u00e1la Istennek.<\/span><br \/>\n<span style=\"font-family: Times New Roman CE;\">G.F.: Az el\u0151bb sz\u00f3ba ker\u00fcltek a civil szervezetek, melyeket sokat emleget\u00fcnk manaps\u00e1g, \u00e9s ezek t\u00e9nyleg nagyon impon\u00e1l\u00f3 sz\u00e1mok, amelyeket Vercseg Ilona elmondott. Teljesen egyet\u00e9rtek azzal, hogy m\u00e1r a ma, a jelen is, sok-sok \u00edg\u00e9retes mozzanatot tartalmaz az \u00f6nk\u00e9ntes munka, az emberek k\u00f6z\u00f6ss\u00e9giv\u00e9 v\u00e1l\u00e1sa ter\u00e9n. Erre szeretn\u00e9k p\u00e9ld\u00e1t is mondani, hogy ez legyen egy kicsit konkr\u00e9tabb. Ezzel mindj\u00e1rt azt is szeretn\u00e9m illusztr\u00e1lni, hogy gondoljunk olyan \u00f6nk\u00e9ntes t\u00e1rsul\u00e1sokra is, amelyek nincsenek jogilag bejegyezve, hanem egyszer\u0171en csak a k\u00f6z\u00f6s \u00e9rdekl\u0151d\u00e9s fonja \u00f6ssze \u0151ket. \u00c9n p\u00e9ld\u00e1ul most m\u00e1sf\u00e9l \u00e9ve ker\u00fcltem egy Bud\u00e1n szervez\u0151d\u0151 ilyen h\u00e1zimuzsika mozgalomnak a keret\u00e9be, bar\u00e1ti alapon, feles\u00e9gem volt oszt\u00e1lyt\u00e1rsn\u0151je, Szatm\u00e1ri Lilla orgonam\u0171v\u00e9szn\u0151, aki egy\u00fattal zenepedag\u00f3gus, a saj\u00e1t tan\u00edtv\u00e1nyai r\u00e9sz\u00e9re valamifajta nyilv\u00e1noss\u00e1got keresett. Mivel manaps\u00e1g egy fiatal Zeneakad\u00e9mi\u00e1t v\u00e9gzett zen\u00e9sznek, muzsikusnak nagyon neh\u00e9z k\u00fcl\u00f6nb\u00f6z\u0151 helyekre beker\u00fclni, hogy ott j\u00e1tssz\u00e9k a k\u00f6z\u00f6ns\u00e9g\u00e9nek, ez\u00e9rt mag\u00e1nlak\u00e1sokon kis h\u00e1zikoncerteket szerveztek \u00e9s ez tov\u00e1bbterjedt. Itt 30-40 ember \u2013 mondjuk ezek el\u00e9g nagy lak\u00e1sok \u2013 le tud \u00fclni, \u00e1ltal\u00e1ban ott van a megh\u00edv\u00f3knak a koroszt\u00e1lya, teh\u00e1t a k\u00f6z\u00e9pkoroszt\u00e1ly, \u00e9s ott vannak a huszon\u00e9ves fiatalok, a zenem\u0171v\u00e9szek koroszt\u00e1lya. De nem csak muzsika van, hanem a fiatalok elhozz\u00e1k a k\u00e9peiket, kiteszik a szob\u00e1ba \u00e9s a sz\u00fcnetben azt meg lehet n\u00e9zni, el\u0151ad\u00e1st rendelnek t\u00e1ncm\u0171v\u00e9szetr\u0151l, n\u00e9pt\u00e1ncm\u0171v\u00e9szetr\u0151l, csoportter\u00e1pi\u00e1r\u00f3l, t\u00f6rt\u00e9nelmi tudatr\u00f3l, teh\u00e1t \u00f6ssze vagyunk k\u00f6tve, teh\u00e1t a m\u00fazs\u00e1knak a testv\u00e9ris\u00e9ge jellemez. Egyszer\u0171en arr\u00f3l van sz\u00f3, hogy ezek a muzsikus fiatalok gyakorolni akarnak k\u00f6z\u00f6ns\u00e9g el\u0151tt \u00e9s egy\u00fattal \u00f6r\u00f6m\u00f6t szerezni, nemes \u00f6r\u00f6m\u00f6t szerezni embereknek. Ez teljesen ingyenes term\u00e9szetesen. Esetleg visznek egy-egy \u00fcveg bort akik elmennek \u00e9s akkor van mivel koccintani. Ez egy teljesen inform\u00e1lis dolog, \u00e9s ugyanakkor az ember azt l\u00e1tja, hogy ez ugyan nem m\u0171vel\u0151d\u00e9si h\u00e1zban zajlik, de mondjuk a r\u00e9gi XVIII. sz\u00e1zadi, meg XIX. sz\u00e1zadi szalonok vil\u00e1ga nem arisztokratikus, hanem nagyon is demokratikus m\u00f3don \u00fajj\u00e1\u00e9led. Havonta, k\u00e9thavonta az ilyen rendezv\u00e9nyeket nagy-nagy szeretettel \u00e9s \u00f6r\u00f6mmel l\u00e1togatom, m\u00e9g egy ilyen komolyzenei disck-jockey szerepet is elv\u00e1llaltam, ami v\u00e9gs\u0151 soron egy \u00faj feladat \u00e9s az embert feldobja, mert ezt t\u00e9nyleg \u00f6nk\u00e9nt v\u00e9gzi \u00e9s lehet, hogy a szabadideje rov\u00e1s\u00e1ra, de m\u00e9gis nagyon kellemes \u00e9rz\u00e9s.<\/span><br \/>\n<span style=\"font-family: Times New Roman CE;\">P.F.: Az gondolkodtatott el, hogy nagyon sokszor szokott az \u00f6nk\u00e9ntes munka eml\u00edt\u00e9sekor \u00e9rv lenni, hogy ez most nem id\u0151szer\u0171, mert \u00e1ltal\u00e1ban ez a j\u00f3l\u00e9ti t\u00e1rsadalmakban a r\u00e1\u00e9r\u0151 \u00fariasszonyoknak a tev\u00e9kenys\u00e9ge. Amerik\u00e1ban \u00e1ltal\u00e1ban egy-egy ember hetente 4-5 \u00f6nk\u00e9ntes \u00f3r\u00e1t \u00e1ldoz a k\u00f6z\u00e9rt. Teh\u00e1t \u00e1ltal\u00e1ban valamilyen m\u00e1s gazdas\u00e1gi helyzet\u0171, \u00e9s m\u00e1s egzisztenci\u00e1lis helyzet\u0171 l\u00e9thez kapcsol\u00f3dik ez. De nekem meggy\u0151z\u0151d\u00e9sem, hogy ez az\u00e9rt nem \u00edgy van. P\u00e9ld\u00e1ul a vil\u00e1gh\u00e1bor\u00fa ut\u00e1n, mikor az \u00fajj\u00e1\u00e9p\u00edt\u00e9s volt Magyarorsz\u00e1gon, amikor a legrosszabb helyzetben volt az orsz\u00e1g, akkor az \u00f6nk\u00e9ntes munka az \u00fajj\u00e1\u00e9p\u00edt\u00e9s kapcs\u00e1n nagyon komoly szerepet j\u00e1tszott. Vagy vegy\u00fck azokat a nagyon szeg\u00e9ny orsz\u00e1gokat, p\u00e9ld\u00e1ul Bangladest, ott is nagyon er\u0151s \u00f6nk\u00e9ntes mozgalmak m\u0171k\u00f6dnek. D\u00f6nts\u00fck meg a hallgat\u00f3kban azt a tudatot, hogy nem igaz az, hogy puszt\u00e1n egy j\u00f3l\u00e9ti szinten jellemz\u0151 ez az \u00f6nk\u00e9ntess\u00e9g.<\/span><br \/>\n<span style=\"font-family: Times New Roman CE;\">V.I.: Ez \u00edgy van. K\u0151b\u00e1ny\u00e1n kisgyerekes csal\u00e1dok k\u00f6r\u00e9ben v\u00e9gezt\u00fcnk egy k\u00f6z\u00f6ss\u00e9gi munk\u00e1t \u00e9s felt\u00e9rk\u00e9pezt\u00fck azt, hogy a szomsz\u00e9djaiknak ki seg\u00edt \u00e9s ki fogad el seg\u00edts\u00e9get. Nagyon \u00e9rdekes v\u00e1laszok \u00e9rkeztek. El\u0151sz\u00f6r is, az \u00f6sszes v\u00e1laszad\u00f3b\u00f3l eleny\u00e9sz\u0151, 1-2% volt az, aki semmilyen seg\u00edts\u00e9gny\u00fajt\u00e1sban nem vesz r\u00e9szt, teh\u00e1t nem kap, \u00e9s nem ad. Az \u00f6sszes t\u00f6bbi r\u00e9szt vett. Ezek gy\u00f6ny\u00f6r\u0171 dolgok, \u00e9s az \u00e9let\u00fcnk legapr\u00f3bb dolgai, amiben mindannyian \u00e9l\u00fcnk, hogy \u00e1tvessz\u00fck a post\u00e1j\u00e1t a szomsz\u00e9dnak, kifizetj\u00fck a g\u00e1zsz\u00e1ml\u00e1snak a g\u00e1zd\u00edjat, ha elmennek nyaralni, akkor meglocsoljuk a vir\u00e1gokat, figyelj\u00fck az aut\u00f3t, hogy ne lopj\u00e1k el a h\u00e1z el\u0151l, megengedj\u00fck, hogy telefon\u00e1ljon, ha elfogy a toj\u00e1s akkor kiseg\u00edtj\u00fck, a gyerek\u00e9t beadhatja hozz\u00e1nk ha el kell s\u00fcrg\u0151sen mennie valahov\u00e1. Ha h\u00e1la Istennek sz\u00fcl az asszony a szomsz\u00e9dban \u00e9s nincs kocsijuk, akkor term\u00e9szetes, hogy felugrunk \u00e9s be\u00fcl\u00fcnk az aut\u00f3ba \u00e9s elvissz\u00fck. \u00c9n nem hiszem, hogy a hallgat\u00f3s\u00e1g k\u00f6r\u00e9ben ezek a helyzetek nem ismer\u0151sek. Ezek a term\u00e9szetes seg\u00edt\u00e9s sz\u00ednterei az \u00e9let\u00fcnknek, j\u00f3l lehet soha nem gondoljuk azt, hogy ez \u00f6nk\u00e9ntes munka \u00e9s soha nem gondoljuk azt, hogy ezt szervezett form\u00e1ban is lehetne csin\u00e1lni, nagyobb k\u00f6z\u00f6ss\u00e9gben is lehetne csin\u00e1lni, nem csak abban a 2-3 szomsz\u00e9d csal\u00e1ddal egy\u00fcttm\u0171k\u00f6dve akikkel j\u00f3ban vagyunk \u00e9s akikkel \u00edgy alakult az \u00e9let\u00fcnk. Azt hiszem, hogy ez t\u00e9nyleg lehet az egyik megk\u00f6zel\u00edt\u00e9se a dolognak. A m\u00e1sik pedig az, hogy sokkal szeg\u00e9nyebbek vagyunk sok m\u00e1s fejlettebb nyugat-eur\u00f3pai orsz\u00e1gn\u00e1l \u00e9s ez a remek Kuti \u00c9va azt is bebizony\u00edtotta a legut\u00f3bb megjelent nonprofit szervezetekr\u0151l sz\u00f3l\u00f3 tanulm\u00e1ny\u00e1ban, hogy a magyarorsz\u00e1gi adakoz\u00f3k, adom\u00e1nyoz\u00f3k azok b\u0151kez\u0171bbek, mint a franci\u00e1k. Teh\u00e1t nem igaz egyszer\u0171en az, hogy n\u00e1lunk az emberek \u00f6nz\u0151ek \u00e9s k\u00f6z\u00f6mb\u00f6sek.<\/span><br \/>\n<span style=\"font-family: Times New Roman CE;\">P.F.: Van egy kedvenc p\u00e9ld\u00e1m. P\u00e9celen \u2013 ez ugye egy Pest k\u00f6rny\u00e9ki kistelep\u00fcl\u00e9s \u2013 van egy Egym\u00e1st Seg\u00edt\u0151k Egyes\u00fclete. K\u00e9pzelj\u00e9tek el, itt az a szok\u00e1s, ha valaki az egyes\u00fcletb\u0151l, teh\u00e1t a k\u00f6rnyezet\u00fckb\u0151l sz\u00fcl, addig am\u00edg hat hetes lesz a baba \u2013 ez a gyermek\u00e1gyi id\u0151szak \u2013, addig hetente k\u00e9tszer vagy h\u00e1romszor a t\u00f6bbiek eb\u00e9det visznek neki h\u00e1zhoz.<\/span><br \/>\n<span style=\"font-family: Times New Roman CE;\">G.F.: Tudod, hogy h\u00edvt\u00e1k ezt r\u00e9gen? Komat\u00e1l.<\/span><br \/>\n<span style=\"font-family: Times New Roman CE;\">P.F.: Komat\u00e1l, igen. Teh\u00e1t van ennek a n\u00e9phagyom\u00e1nyokban nyoma, de h\u00e1t a fene gondolta, hogy ma ebben a rohan\u00f3, \u0151r\u00fclt vil\u00e1gban is l\u00e9tezik. Azt\u00e1n nyilv\u00e1n ezt visszaseg\u00edtik egym\u00e1snak.<\/span><br \/>\n<span style=\"font-family: Times New Roman CE;\">Azt hiszem \u2013 \u00e9s ez itt tal\u00e1n egy kulcsk\u00e9rd\u00e9s \u2013, hogy egy csom\u00f3 ember sz\u00e9gyell elfogadni. Meg kellene tanulnunk, hogy az, aki egy\u00e9bk\u00e9nt is gyakran ad az \u00e9let\u00e9ben, ugyanolyan term\u00e9szetes dolog, hogy merjen elfogadni.<\/span><br \/>\n<span style=\"font-family: Times New Roman CE;\">V.I.: Ez kulcsk\u00e9rd\u00e9s, ez fantasztikus, akartam is mondani K\u0151b\u00e1nya kapcs\u00e1n, hogy sokkal t\u00f6bben szeretn\u00e9nek adni, legal\u00e1bb 70%-a konkr\u00e9t seg\u00edts\u00e9gny\u00fajt\u00e1st jel\u00f6lt meg. K\u00e9pzelj\u00e9tek el, hogy takar\u00edtani elj\u00e1rn\u00e1nak egym\u00e1shoz, \u00e1polni, \u00e9s van aki csin\u00e1lja is, nem csak egy j\u00f6v\u0151beni munka. Egy sz\u00edvess\u00e9gszolg\u00e1latr\u00f3l van itt sz\u00f3 \u2013 v\u00e1llaln\u00e1nak b\u00e1rmilyen lak\u00e1sszerel\u00e9ssel, karbantart\u00e1ssal, fel\u00faj\u00edt\u00e1ssal kapcsolatos munk\u00e1t, f\u00e9rjeket is term\u00e9szetesen be\u00e1ll\u00edtva, f\u0151zni, s\u00fctni, gyerekekre vigy\u00e1zni. Az egyik anyuka azt mondta, hogy \u201c\u00e9n eg\u00e9sz \u00e9letemben mostam, f\u0151ztem, vasaltam, mosogattam, takar\u00edtottam, gyerekre vigy\u00e1ztam. H\u00e1t ezekben tudn\u00e9k seg\u00edteni\u201d. 70%-a a v\u00e1laszad\u00f3knak t\u00f6bb konkr\u00e9t dolgot is megjel\u00f6lt, amiben nagyon sz\u00edvesen adna seg\u00edts\u00e9get b\u00e1rkinek. De kb. 40% volt az, aki elfogadna seg\u00edts\u00e9get, de h\u00e1t nem is tudja igaz\u00e1n hogy miben. Persze voltak az\u00e9rt olyanok is, akik konkr\u00e9tan meg tudt\u00e1k jel\u00f6lni, hogy a GYES ut\u00e1ni munk\u00e1ba \u00e1ll\u00e1ssal kapcsolatban nagyon tan\u00e1cstalan. Ebben sz\u00edvesen fogadn\u00e1nak el tan\u00e1csokat. Azt hiszem, hogy a k\u00f6z\u00f6ss\u00e9gi munk\u00e1nak itt van egy \u00f3ri\u00e1si szerepe, hogy ezt a szem\u00e9rmess\u00e9get egy k\u00f6z\u00f6ss\u00e9gben feloldja. Ahol nem annyira megszem\u00e9lyes\u00fcl, hogy nekem el kell valakit\u0151l valamit fogadnom, mert sz\u00fcks\u00e9gben vagyok.<\/span><br \/>\n<span style=\"font-family: Times New Roman CE;\">P.F.: Nem megb\u00e9lyegz\u0151, vagy sz\u00e9gyent jelent\u0151 dolog.<\/span><br \/>\n<span style=\"font-family: Times New Roman CE;\">V.I.: Nem megb\u00e9lyegz\u0151, hanem egy olyan l\u00e9gk\u00f6rben \u00e9lek, \u00e9s t\u00f6bben vagyunk ennek a dolognak a k\u00f6lcs\u00f6n\u00f6s kedvezm\u00e9nyezettjei, amiben tal\u00e1n az \u00e9n seg\u00edts\u00e9gemre is sz\u00fcks\u00e9g van, \u00e9s ez\u00e9rt emelt f\u0151vel elfogadhatok b\u00e1rmit, amit m\u00e1sok adnak nekem \u00e9s amire sz\u00fcks\u00e9gem van.<\/span><br \/>\n<span style=\"font-family: Times New Roman CE;\">P.F.: Megint egy p\u00e9ld\u00e1t hadd mondjak. A lak\u00f3hely\u00fcnk\u00f6n m\u0171k\u00f6dik egy egyes\u00fclet, amelyiknek kor\u00e1bban indult egy alap\u00edtv\u00e1nya, amelyik az egyes\u00fcleti tagok sz\u00e1m\u00e1ra \u00f6nseg\u00e9lyez\u0151 p\u00e9nzt\u00e1rt hozott l\u00e9tre \u00e9s nagyon \u00e9rdekes folyamatok zajlottak le az alap\u00edtv\u00e1ny k\u00f6r\u00fcl. Olyan b\u00f6rzef\u00e9l\u00e9ket szervezt\u00fcnk, amire azt mondtuk, hogy mindenki hozza el otthonr\u00f3l azt, amit n\u00e9lk\u00fcl\u00f6zni tud. Nyilv\u00e1n ez nem egy teljesen lerobbant, vagy lehordott cip\u0151, de cip\u0151k, biciklik, mindenf\u00e9l\u00e9k \u00e9rkeztek, ruh\u00e1k, j\u00e1t\u00e9kok, lak\u00e1sba, konyh\u00e1ba val\u00f3 eszk\u00f6z\u00f6k is. \u00c9s akkor azt mondtuk, hogy mondjon \u0151 egy \u00f6sszeget, hogy ezt mennyi\u00e9rt adja be. Ezek \u00e1ltal\u00e1ban szimbolikus \u00f6sszegek voltak, egy-k\u00e9tsz\u00e1z forint, ez a p\u00e9nz volt ennek az \u00e1runak az \u00e1ra. Megsz\u0171nt egy picit, teh\u00e1t ez a szem\u00e9rmess\u00e9g, amit mondasz, hogy a k\u00f6z\u00f6ss\u00e9g f\u00f6l tudja oldani ezt a f\u00e9lelmet, ez tulajdonk\u00e9ppen itt megtestes\u00fclt. Most hogy mondtad, tulajdonk\u00e9ppen akkor villant bel\u00e9m, hogy ez \u00f6szt\u00f6n\u00f6sen t\u00e9nyleg \u00edgy t\u00f6rt\u00e9nt. Ugyanis az ember j\u00f6tt-ment \u00e9s l\u00e1tott valamit, \u00e9s akkor azt mondta, hogy ez egy j\u00f3 p\u00e1r turista bakancs 200 forint\u00e9rt, \u00e9n ezt megveszem. Akkor ezt a 200 forintot befizette, elvitte a turistabakancsot. Ez egy tipikusan nyer\u0151 helyzet volt. Aki behozta a bakancsot nem kapott egy fill\u00e9rt sem \u00e9rte, nem az \u00f6v\u00e9 lett a 200 forint, de volt benne egy j\u00f3 \u00e9rz\u00e9s. Ezt ne becs\u00fclj\u00fck le, az embereknek sz\u00fcks\u00e9g\u00fck van a j\u00f3 \u00e9rz\u00e9sre.<\/span><br \/>\n<span style=\"font-family: Times New Roman CE;\">V.I.: Ez nagyon fontos.<\/span><br \/>\n<span style=\"font-family: Times New Roman CE;\">P.F.: A 200 forint a k\u00f6z\u00f6s p\u00e9nzalapba ker\u00fclt, egy seg\u00e9lyalapba. \u00c9s az, aki 200 Ft-\u00e9rt vett egy j\u00f3 turistabakancsot, az is nyertese volt a helyzetnek hiszen ez bag\u00f3 ehhez a dologhoz. Ez a p\u00e9nzeszk\u00f6z pedig egy nagyon \u00e9rdekes technik\u00e1j\u00fa \u00f6nseg\u00edt\u0151 p\u00e9nzt\u00e1r volt \u2013 k\u00f6zt\u00fcnk sz\u00f3lva abszol\u00fat a jogszab\u00e1lyok szerint tilosan m\u0171k\u00f6d\u00f6tt, ami azt jelentette, hogy ennek 30%-a vissza nem t\u00e9r\u00edtend\u0151 t\u00e1mogat\u00e1s volt. Ha valaki nagyon neh\u00e9z helyzetbe ker\u00fclt, beteg lett, meghalt valakije, akkor 4-5000 Ft-ot adott az egyes\u00fclet ennek a valakinek. Tulajdonk\u00e9ppen egy figyel\u0151 szolg\u00e1latot is m\u0171k\u00f6dtetett, mert nem nagyon vallott\u00e1k be az emberek, hogy rossz helyzetbe ker\u00fcltek. A marad\u00e9k 2\/3 \u2013 az pedig arra volt, hogy f\u00f6l lehetett venni k\u00f6lcs\u00f6nt \u00fagy, hogy mondjuk f\u00f6lvettem \u00f6tezret \u00e9s \u00f6t h\u00f3nap m\u00falva hatezret fizettem vissza \u00e9s ez az 1000 Ft is \u00fajabb adom\u00e1nya volt a t\u00e1rsas\u00e1gnak. Megint egy t\u00f6bbsz\u00f6r\u00f6sen nyer\u0151 helyzet.<\/span><br \/>\n<span style=\"font-family: Times New Roman CE;\">G.F.: \u00c9n is mondok olyan p\u00e9ld\u00e1t, ami a f\u0151sodorba, az itt kialakult f\u0151sodorba beleillik. Adni, az ember t\u00f6bbf\u00e9lek\u00e9ppen adhat. \u00c9n az el\u0151bb is egy ilyen kultur\u00e1lis m\u0171v\u00e9szeti jelleg\u0171 sz\u00e9p \u00e9lm\u00e9nynek az aj\u00e1nd\u00e9koz\u00e1s\u00e1r\u00f3l besz\u00e9ltem a h\u00e1zi muzsika alkalmakkor. Ez egy m\u00e1sik p\u00e9lda: a ker\u00fclet\u00fcnkben m\u0171k\u00f6dik egy Polg\u00e1ri T\u00e1rsas K\u00f6r. Ott nem olyan r\u00e9gen volt egy nagyon j\u00f3 hangulat\u00fa este, de ott \u00e9reztem azt \u00e1t, hogy most valahogy meg\u00e9rintette a z\u00f6m\u00e9t a jelenl\u00e9v\u0151knek. Volt egy nagyon j\u00f3 el\u0151ad\u00f3nk, Katona Tam\u00e1s szem\u00e9ly\u00e9ben, volt egy nagyon j\u00f3 t\u00e9m\u00e1nk, 1848 volt, s egyszer csak fel\u00e1llt egy \u00fariember \u00e9s kiment a placcra, s \u00fajs\u00e1gpap\u00edrb\u00f3l, vagy csomagol\u00f3pap\u00edrb\u00f3l elkezdett kicsomagolni valamit. A v\u00e9g\u00e9n kider\u00fclt, hogy ez egy olajnyomat. \u0150 elhozott a d\u00e9dsz\u00fclei padl\u00e1s\u00e1r\u00f3l egy r\u00e9gi olajnyomatot. \u201cKossuth im\u00e1ja a k\u00e1polnai csatat\u00e9ren.\u201d Ez a r\u00e9gi k\u00f6nyvekben benne volt. Egyr\u00e9szt f\u00f6lolvasta ezt az im\u00e1t, mert gy\u00f6ny\u00f6r\u0171 sz\u00e9p, m\u00e1sr\u00e9szt megk\u00e9rdezte a t\u00f6rt\u00e9n\u00e9szt, hogy ez igaz\u00e1b\u00f3l t\u00f6rt\u00e9nelmileg hiteles-e. A t\u00f6rt\u00e9n\u00e9sz azt mondta, hogy nem hiteles, mert nem Kossuth \u00edrta, hanem egy kaposv\u00e1ri \u00fajs\u00e1g\u00edr\u00f3, de a sz\u00f6veg az t\u00e9nyleg nagyon sz\u00e9p. Teh\u00e1t itt az volt, hogy valaki nem egyszer\u0171en meghallgat egy el\u0151ad\u00e1st \u00e9s vagy elalszik rajta, vagy nem, hanem amikor valami \u00fagy sz\u00edvb\u0151l j\u00f6n. \u00c9s akkor egy m\u00e1sik lak\u00f3t\u00e1rsunk azt mondta, hogy \u00e9nekelj\u00fck el a Kossuth n\u00f3t\u00e1t, \u0151 zenetan\u00e1r volt, f\u00f6l\u00e1llt \u00e9s hangot adott \u00e9s el\u00e9nekeltette vel\u00fcnk. Az embernek volt egy olyan \u00e9rz\u00e9se, hogy ezeket nem lehet megszervezni. Ez megszervezhetetlen, mert bel\u00fclr\u0151l j\u00f6n az embereknek a sz\u00edv\u00e9b\u0151l. Ez is az ad\u00e1snak az \u00f6r\u00f6me, mert mi v\u00e9gs\u0151 soron adtunk, kaptunk \u00e9s j\u00f3l \u00e9rezt\u00fck magunkat egym\u00e1s k\u00f6r\u00e9ben. Az \u00f6n\u00f6ss\u00e9gnek, az \u00e9rt\u00e9krend\u00fcnk individualiz\u00e1l\u00f3d\u00e1s\u00e1nak annyi jele van, \u00e9n azt mondom, hogy most az az \u00e1tmeneti korszak van, amikor m\u00e1r itt vannak vel\u00fcnk ezek a civil jegyek, de m\u00e9g nem el\u00e9g izmosak, mindent el kell k\u00f6vetn\u00fcnk, hogy izmos\u00edtsuk, \u00e9s ne csak a hasznot hagyjuk, \u00e9s a haszonelv\u0171s\u00e9get hagyjuk felmutatni a mindennapokban. Azt hiszem ez \u00fagy van, hogy kell ugyanakkor a m\u00e1sikkal szemben\u00e9z\u0151 bizalom, hogy \u00e9n a k\u00f6z\u00f6s \u00e9rdeket jobban felismerjem. Mert ha \u00e9n a m\u00e1sik emberben csak a farkasomat l\u00e1tom, akkor nem fogom a k\u00f6z\u00f6s \u00e9rdeket felismerni. P\u00e9ld\u00e1ul a Kopp M\u00e1ri\u00e1\u00e9knak van egy kutat\u00e1suk az ellens\u00e9gess\u00e9g \u00e9rz\u00e9sr\u0151l. Azt nagyon-nagyon fontos depresszi\u00f3 kiv\u00e1lt\u00f3 okk\u00e9nt \u00e9s megbeteged\u00e9s okk\u00e9nt jellemzik. Teh\u00e1t az emberb\u0151l hi\u00e1nyzik a bizalom. A m\u00e1sikban ellens\u00e9get l\u00e1t, ha nem tud t\u00e1rsat l\u00e1tni benne, akivel \u00f6sszeszokhat, ha ilyen \u00e9rz\u00e9s alakul ki benne, akkor k\u00f6nnyebben t\u00e1madj\u00e1k meg a lelki-testi betegs\u00e9gek. Ezeket felm\u00e9r\u00e9sekkel kimutatt\u00e1k.<\/span><br \/>\n<span style=\"font-family: Times New Roman CE;\">Teh\u00e1t igaz\u00e1b\u00f3l, \u00e9s ide m\u00e9g bej\u00f6n a kult\u00fara. A kult\u00fara is \u00f6sszef\u00fcgg az eg\u00e9szs\u00e9ggel.<\/span><br \/>\n<span style=\"font-family: Times New Roman CE;\">P.F.: Menj\u00fcnk m\u00e9g ezekre a makrofolyamatokra vissza. Mivel lehetne seg\u00edteni, mi az, ami j\u00f3 k\u00f6rnyezet arra, hogy az \u00f6nk\u00e9ntess\u00e9g kifejl\u0151dj\u00f6n, hogy az \u00f6nk\u00e9ntess\u00e9g megjelenjen?<\/span><br \/>\n<span style=\"font-family: Times New Roman CE;\">V.I.: Az, hogy megismerhess\u00e9k egym\u00e1st az emberek. Az amit Gereben Feri mond, az \u00f3ri\u00e1si, mert t\u00e9nyleg a legnagyobb g\u00e1tja a bizalmatlans\u00e1g. A bizalmatlans\u00e1g akkor sz\u0171nik meg, vagy akkor m\u00e9rs\u00e9kl\u0151dik, ha fokr\u00f3l fokra, jobban \u00e9s jobban megismerj\u00fck egym\u00e1st \u00e9s ilyen vil\u00e1got \u00e9l\u00fcnk, hogy egyszer\u0171en az utat embert\u0151l emberig ezt valahogy el kell k\u00e9sz\u00edten\u00fcnk. Teh\u00e1t kellenek olyan emberek, akik ebben seg\u00edtenek. Abban, hogy egyszer\u0171en megismerj\u00e9k egym\u00e1st. \u00c9s egyszer\u0171en megsz\u00fclessen a bizalom, ami n\u00e9lk\u00fcl\u00f6zhetetlen alapja ennek a munk\u00e1nak. A bizalom\u00e9p\u00edt\u00e9s az alapja az \u00f6nk\u00e9ntes munk\u00e1nak, ugyan\u00fagy a felel\u0151ss\u00e9gv\u00e1llal\u00e1s, hogy az emberek felismerj\u00e9k azt, hogy felel\u0151ss\u00e9g\u00fcnk van egym\u00e1s ir\u00e1nt. \u00d6nmagunk ir\u00e1nt is, egym\u00e1s ir\u00e1nt is. \u00c9s hogy felismerj\u00e9k azt, hogy felismerj\u00fck mindannyian, hogy m\u00e9g egy aut\u00f3vezet\u00e9s k\u00f6zben is, annak, hogy r\u00e1mosolygok valakire, vagy megk\u00f6sz\u00f6n\u00f6m-e, hogy el\u0151re engedett-e, vagy hogyha d\u00fch\u00f6s akkor h\u00e1t egy kicsit olyan megnyugtat\u00f3an r\u00e1mosolygok, mintsem vissza any\u00e1dozzak, vagy kiab\u00e1ljak. A l\u00e9tez\u00e9s\u00fcnk minden m\u00e1sodperc\u00e9ben felel\u0151sek vagyunk \u00f6nmagunk \u00e9s m\u00e1sok ir\u00e1nt \u00e9s ez a felismer\u00e9s szerintem terjed.<\/span><br \/>\n<span style=\"font-family: Times New Roman CE;\">G.F.: Ehhez meger\u0151s\u00edt\u0151k\u00e9nt hadd csatlakozzam, amit Vercseg Ilika mondott. A makrofolyamatokr\u00f3l esett sz\u00f3. Andorka Rudolf\u00e9knak az 1996-os eg\u00e9sz t\u00e1rsadalomra kiterjed\u0151 reprezentat\u00edv felm\u00e9r\u00e9se tartalmazott olyan k\u00f6zhangulatra, \u00e9let\u00e9rz\u00e9sre vonatkoz\u00f3 k\u00e9rd\u00e9seket, amelyeket az 1970-es \u00e9vekben is feltettek \u00e9s az 1990-es \u00e9vek elej\u00e9n is. M\u00edg a 70-es \u00e9vek \u00e9s a 90-es \u00e9v, teh\u00e1t a rendszerv\u00e1lt\u00e1s els\u0151 \u00e9vei k\u00f6z\u00f6tt hatalmas m\u00e9rt\u00e9k\u0171 roml\u00e1s volt kimutathat\u00f3 az \u00e9letc\u00e9lok tekintet\u00e9ben, hogy az emberek mennyire igazodnak el az \u00e9let \u00f6sszef\u00fcgg\u00e9sei k\u00f6z\u00f6tt, teh\u00e1t az \u00e9let\u00e9rz\u00e9si mutat\u00f3k hatalmas cs\u00f6kken\u00e9se, zuhan\u00e1sa volt megfigyelhet\u0151. Elindult k\u00f6vetkezetesen t\u00f6bb oldalon \u00e9szrevehet\u0151 96-ban m\u00e1r ugyanezen t\u00e9nyez\u0151knek a javul\u00e1sa. Az emberek, ahogy Andorka Rudolf nemr\u00e9gen egy Magyar Nemzet cikk\u00e9ben fogalmazott: \u00fagy l\u00e1tszik, hogy kezdik kiismerni magukat ebben az \u00faj vil\u00e1gban. M\u00faltkor egy ilyen \u00f6sszej\u00f6vetel\u00e9n maga Andorka Rudolf is el\u0151vezette ezt a k\u00e9rd\u00e9st. Azt mondta: most mondj\u00e1tok meg, v\u00e9lem\u00e9nyetek szerint mi van ennek a h\u00e1tter\u00e9ben? L\u00e1tszik egy\u00e9bk\u00e9nt a devi\u00e1ns magatart\u00e1sform\u00e1knak egy nagyon enyhe cs\u00f6kken\u00e9se is beindult, mintha megfordulna ez a nagyon rossz hal\u00e1loz\u00e1si trend is. Egy\u00e9bk\u00e9nt egy ilyen pillanatot \u00e9l\u00fcnk. Itt j\u00f6n az \u00e9n optimizmusom, ami ink\u00e1bb mondjuk a holnapra tekint\u00e9snek az optimizmusa. A civil t\u00e1rsadalom, vagy az emberek kezdik megtal\u00e1lni egym\u00e1s kez\u00e9t. Ez is elt\u00f6lti az embereket valami olyan j\u00f3 \u00e9rz\u00e9ssel, hogy nem vagyok egyed\u00fcl, t\u00e1rsaim vannak. Magyar\u00e1n mondva bizakodjunk abban, hogy a holnap Magyarorsz\u00e1ga polg\u00e1ribb, k\u00f6z\u00f6ss\u00e9gibb, seg\u00edt\u0151k\u00e9szebb \u00e9s kev\u00e9sb\u00e9 \u00f6n\u00f6s \u00e9s kev\u00e9sb\u00e9 haszonlelk\u0171 t\u00e1rsadalom lesz.<\/span><\/p>\n","protected":false},"excerpt":{"rendered":"<p>A Civil R\u00e1di\u00f3 egy j\u00faniusi ad\u00e1s\u00e1b\u00f3l id\u00e9zz\u00fck az al\u00e1bbi besz\u00e9lget\u00e9s r\u00e9szleteket, amelyet a hasonl\u00f3 t\u00e9m\u00e1j\u00fa szentendrei konferenci\u00e1hoz, r\u00e1hangol\u00e1sk\u00e9nt k\u00e9sz\u00edtett\u00fcnk. A m\u0171sor szerepl\u0151i Vercseg Ilona k\u00f6z\u00f6ss\u00e9gfejleszt\u0151, Gereben Ferenc szociol\u00f3gus \u00e9s a h\u00e1zigazda P\u00e9terfi Ferenc.<\/p>\n","protected":false},"author":4,"featured_media":3484,"comment_status":"open","ping_status":"open","sticky":false,"template":"","format":"standard","meta":{"_acf_changed":false,"footnotes":""},"categories":[418,8,7],"tags":[],"coauthors":[47],"class_list":["post-2565","post","type-post","status-publish","format-standard","has-post-thumbnail","hentry","category-parola-1997-1","category-parola-folyoirat","category-repertorium"],"acf":[],"yoast_head":"<!-- This site is optimized with the Yoast SEO plugin v26.7 - https:\/\/yoast.com\/wordpress\/plugins\/seo\/ -->\n<title>M\u0171helybesz\u00e9lget\u00e9s az \u00f6nk\u00e9ntes munk\u00e1r\u00f3l - Parola Foly\u00f3irat<\/title>\n<meta name=\"robots\" content=\"index, follow, max-snippet:-1, max-image-preview:large, max-video-preview:-1\" \/>\n<link rel=\"canonical\" href=\"https:\/\/kofe.hu\/parola\/parola-folyoirat\/muhelybeszelgetes-az-onkentes-munkarol\/\" \/>\n<meta property=\"og:locale\" content=\"hu_HU\" \/>\n<meta property=\"og:type\" content=\"article\" \/>\n<meta property=\"og:title\" content=\"M\u0171helybesz\u00e9lget\u00e9s az \u00f6nk\u00e9ntes munk\u00e1r\u00f3l - Parola Foly\u00f3irat\" \/>\n<meta property=\"og:description\" content=\"A Civil R\u00e1di\u00f3 egy j\u00faniusi ad\u00e1s\u00e1b\u00f3l id\u00e9zz\u00fck az al\u00e1bbi besz\u00e9lget\u00e9s r\u00e9szleteket, amelyet a hasonl\u00f3 t\u00e9m\u00e1j\u00fa szentendrei konferenci\u00e1hoz, r\u00e1hangol\u00e1sk\u00e9nt k\u00e9sz\u00edtett\u00fcnk. A m\u0171sor szerepl\u0151i Vercseg Ilona k\u00f6z\u00f6ss\u00e9gfejleszt\u0151, Gereben Ferenc szociol\u00f3gus \u00e9s a h\u00e1zigazda P\u00e9terfi Ferenc.\" \/>\n<meta property=\"og:url\" content=\"https:\/\/kofe.hu\/parola\/parola-folyoirat\/muhelybeszelgetes-az-onkentes-munkarol\/\" \/>\n<meta property=\"og:site_name\" content=\"Parola Foly\u00f3irat\" \/>\n<meta property=\"article:published_time\" content=\"2020-07-10T07:49:42+00:00\" \/>\n<meta property=\"article:modified_time\" content=\"2020-07-30T16:25:06+00:00\" \/>\n<meta property=\"og:image\" content=\"https:\/\/kofe.hu\/parola\/wp-content\/uploads\/2020\/07\/97.1.jpeg\" \/>\n\t<meta property=\"og:image:width\" content=\"1425\" \/>\n\t<meta property=\"og:image:height\" content=\"2017\" \/>\n\t<meta property=\"og:image:type\" content=\"image\/jpeg\" \/>\n<meta name=\"author\" content=\"Parola\" \/>\n<meta name=\"twitter:card\" content=\"summary_large_image\" \/>\n<meta name=\"twitter:label1\" content=\"Szerz\u0151:\" \/>\n\t<meta name=\"twitter:data1\" content=\"Parola\" \/>\n\t<meta name=\"twitter:label2\" content=\"Becs\u00fclt olvas\u00e1si id\u0151\" \/>\n\t<meta name=\"twitter:data2\" content=\"20 perc\" \/>\n\t<meta name=\"twitter:label3\" content=\"Written by\" \/>\n\t<meta name=\"twitter:data3\" content=\"Parola\" \/>\n<script type=\"application\/ld+json\" class=\"yoast-schema-graph\">{\"@context\":\"https:\/\/schema.org\",\"@graph\":[{\"@type\":\"Article\",\"@id\":\"https:\/\/kofe.hu\/parola\/parola-folyoirat\/muhelybeszelgetes-az-onkentes-munkarol\/#article\",\"isPartOf\":{\"@id\":\"https:\/\/kofe.hu\/parola\/parola-folyoirat\/muhelybeszelgetes-az-onkentes-munkarol\/\"},\"author\":{\"name\":\"Parola\",\"@id\":\"https:\/\/kofe.hu\/parola\/#\/schema\/person\/b39ea6ec0995233537351d7e33281aeb\"},\"headline\":\"M\u0171helybesz\u00e9lget\u00e9s az \u00f6nk\u00e9ntes munk\u00e1r\u00f3l\",\"datePublished\":\"2020-07-10T07:49:42+00:00\",\"dateModified\":\"2020-07-30T16:25:06+00:00\",\"mainEntityOfPage\":{\"@id\":\"https:\/\/kofe.hu\/parola\/parola-folyoirat\/muhelybeszelgetes-az-onkentes-munkarol\/\"},\"wordCount\":4073,\"commentCount\":0,\"image\":{\"@id\":\"https:\/\/kofe.hu\/parola\/parola-folyoirat\/muhelybeszelgetes-az-onkentes-munkarol\/#primaryimage\"},\"thumbnailUrl\":\"https:\/\/kofe.hu\/parola\/wp-content\/uploads\/2020\/07\/97.1.jpeg\",\"articleSection\":[\"Parola 1997\/1\",\"Parola Foly\u00f3irat\",\"Repert\u00f3rium\"],\"inLanguage\":\"hu\",\"potentialAction\":[{\"@type\":\"CommentAction\",\"name\":\"Comment\",\"target\":[\"https:\/\/kofe.hu\/parola\/parola-folyoirat\/muhelybeszelgetes-az-onkentes-munkarol\/#respond\"]}]},{\"@type\":\"WebPage\",\"@id\":\"https:\/\/kofe.hu\/parola\/parola-folyoirat\/muhelybeszelgetes-az-onkentes-munkarol\/\",\"url\":\"https:\/\/kofe.hu\/parola\/parola-folyoirat\/muhelybeszelgetes-az-onkentes-munkarol\/\",\"name\":\"M\u0171helybesz\u00e9lget\u00e9s az \u00f6nk\u00e9ntes munk\u00e1r\u00f3l - Parola Foly\u00f3irat\",\"isPartOf\":{\"@id\":\"https:\/\/kofe.hu\/parola\/#website\"},\"primaryImageOfPage\":{\"@id\":\"https:\/\/kofe.hu\/parola\/parola-folyoirat\/muhelybeszelgetes-az-onkentes-munkarol\/#primaryimage\"},\"image\":{\"@id\":\"https:\/\/kofe.hu\/parola\/parola-folyoirat\/muhelybeszelgetes-az-onkentes-munkarol\/#primaryimage\"},\"thumbnailUrl\":\"https:\/\/kofe.hu\/parola\/wp-content\/uploads\/2020\/07\/97.1.jpeg\",\"datePublished\":\"2020-07-10T07:49:42+00:00\",\"dateModified\":\"2020-07-30T16:25:06+00:00\",\"author\":{\"@id\":\"https:\/\/kofe.hu\/parola\/#\/schema\/person\/b39ea6ec0995233537351d7e33281aeb\"},\"breadcrumb\":{\"@id\":\"https:\/\/kofe.hu\/parola\/parola-folyoirat\/muhelybeszelgetes-az-onkentes-munkarol\/#breadcrumb\"},\"inLanguage\":\"hu\",\"potentialAction\":[{\"@type\":\"ReadAction\",\"target\":[\"https:\/\/kofe.hu\/parola\/parola-folyoirat\/muhelybeszelgetes-az-onkentes-munkarol\/\"]}]},{\"@type\":\"ImageObject\",\"inLanguage\":\"hu\",\"@id\":\"https:\/\/kofe.hu\/parola\/parola-folyoirat\/muhelybeszelgetes-az-onkentes-munkarol\/#primaryimage\",\"url\":\"https:\/\/kofe.hu\/parola\/wp-content\/uploads\/2020\/07\/97.1.jpeg\",\"contentUrl\":\"https:\/\/kofe.hu\/parola\/wp-content\/uploads\/2020\/07\/97.1.jpeg\",\"width\":1425,\"height\":2017},{\"@type\":\"BreadcrumbList\",\"@id\":\"https:\/\/kofe.hu\/parola\/parola-folyoirat\/muhelybeszelgetes-az-onkentes-munkarol\/#breadcrumb\",\"itemListElement\":[{\"@type\":\"ListItem\",\"position\":1,\"name\":\"Home\",\"item\":\"https:\/\/kofe.hu\/parola\/\"},{\"@type\":\"ListItem\",\"position\":2,\"name\":\"M\u0171helybesz\u00e9lget\u00e9s az \u00f6nk\u00e9ntes munk\u00e1r\u00f3l\"}]},{\"@type\":\"WebSite\",\"@id\":\"https:\/\/kofe.hu\/parola\/#website\",\"url\":\"https:\/\/kofe.hu\/parola\/\",\"name\":\"Parola Foly\u00f3irat\",\"description\":\"\",\"potentialAction\":[{\"@type\":\"SearchAction\",\"target\":{\"@type\":\"EntryPoint\",\"urlTemplate\":\"https:\/\/kofe.hu\/parola\/?s={search_term_string}\"},\"query-input\":{\"@type\":\"PropertyValueSpecification\",\"valueRequired\":true,\"valueName\":\"search_term_string\"}}],\"inLanguage\":\"hu\"},{\"@type\":\"Person\",\"@id\":\"https:\/\/kofe.hu\/parola\/#\/schema\/person\/b39ea6ec0995233537351d7e33281aeb\",\"name\":\"Parola\",\"image\":{\"@type\":\"ImageObject\",\"inLanguage\":\"hu\",\"@id\":\"https:\/\/kofe.hu\/parola\/#\/schema\/person\/image\/ef1d7dc4d1949d5457aa415351763853\",\"url\":\"https:\/\/secure.gravatar.com\/avatar\/c18c00ea50048aa7adb99e5d11e4250d05111e33b2bea02671439eb7912c945e?s=96&d=mm&r=g\",\"contentUrl\":\"https:\/\/secure.gravatar.com\/avatar\/c18c00ea50048aa7adb99e5d11e4250d05111e33b2bea02671439eb7912c945e?s=96&d=mm&r=g\",\"caption\":\"Parola\"},\"url\":\"https:\/\/kofe.hu\/parola\/szerzok\/parola\/\"}]}<\/script>\n<!-- \/ Yoast SEO plugin. -->","yoast_head_json":{"title":"M\u0171helybesz\u00e9lget\u00e9s az \u00f6nk\u00e9ntes munk\u00e1r\u00f3l - Parola Foly\u00f3irat","robots":{"index":"index","follow":"follow","max-snippet":"max-snippet:-1","max-image-preview":"max-image-preview:large","max-video-preview":"max-video-preview:-1"},"canonical":"https:\/\/kofe.hu\/parola\/parola-folyoirat\/muhelybeszelgetes-az-onkentes-munkarol\/","og_locale":"hu_HU","og_type":"article","og_title":"M\u0171helybesz\u00e9lget\u00e9s az \u00f6nk\u00e9ntes munk\u00e1r\u00f3l - Parola Foly\u00f3irat","og_description":"A Civil R\u00e1di\u00f3 egy j\u00faniusi ad\u00e1s\u00e1b\u00f3l id\u00e9zz\u00fck az al\u00e1bbi besz\u00e9lget\u00e9s r\u00e9szleteket, amelyet a hasonl\u00f3 t\u00e9m\u00e1j\u00fa szentendrei konferenci\u00e1hoz, r\u00e1hangol\u00e1sk\u00e9nt k\u00e9sz\u00edtett\u00fcnk. A m\u0171sor szerepl\u0151i Vercseg Ilona k\u00f6z\u00f6ss\u00e9gfejleszt\u0151, Gereben Ferenc szociol\u00f3gus \u00e9s a h\u00e1zigazda P\u00e9terfi Ferenc.","og_url":"https:\/\/kofe.hu\/parola\/parola-folyoirat\/muhelybeszelgetes-az-onkentes-munkarol\/","og_site_name":"Parola Foly\u00f3irat","article_published_time":"2020-07-10T07:49:42+00:00","article_modified_time":"2020-07-30T16:25:06+00:00","og_image":[{"width":1425,"height":2017,"url":"https:\/\/kofe.hu\/parola\/wp-content\/uploads\/2020\/07\/97.1.jpeg","type":"image\/jpeg"}],"author":"Parola","twitter_card":"summary_large_image","twitter_misc":{"Szerz\u0151:":"Parola","Becs\u00fclt olvas\u00e1si id\u0151":"20 perc","Written by":"Parola"},"schema":{"@context":"https:\/\/schema.org","@graph":[{"@type":"Article","@id":"https:\/\/kofe.hu\/parola\/parola-folyoirat\/muhelybeszelgetes-az-onkentes-munkarol\/#article","isPartOf":{"@id":"https:\/\/kofe.hu\/parola\/parola-folyoirat\/muhelybeszelgetes-az-onkentes-munkarol\/"},"author":{"name":"Parola","@id":"https:\/\/kofe.hu\/parola\/#\/schema\/person\/b39ea6ec0995233537351d7e33281aeb"},"headline":"M\u0171helybesz\u00e9lget\u00e9s az \u00f6nk\u00e9ntes munk\u00e1r\u00f3l","datePublished":"2020-07-10T07:49:42+00:00","dateModified":"2020-07-30T16:25:06+00:00","mainEntityOfPage":{"@id":"https:\/\/kofe.hu\/parola\/parola-folyoirat\/muhelybeszelgetes-az-onkentes-munkarol\/"},"wordCount":4073,"commentCount":0,"image":{"@id":"https:\/\/kofe.hu\/parola\/parola-folyoirat\/muhelybeszelgetes-az-onkentes-munkarol\/#primaryimage"},"thumbnailUrl":"https:\/\/kofe.hu\/parola\/wp-content\/uploads\/2020\/07\/97.1.jpeg","articleSection":["Parola 1997\/1","Parola Foly\u00f3irat","Repert\u00f3rium"],"inLanguage":"hu","potentialAction":[{"@type":"CommentAction","name":"Comment","target":["https:\/\/kofe.hu\/parola\/parola-folyoirat\/muhelybeszelgetes-az-onkentes-munkarol\/#respond"]}]},{"@type":"WebPage","@id":"https:\/\/kofe.hu\/parola\/parola-folyoirat\/muhelybeszelgetes-az-onkentes-munkarol\/","url":"https:\/\/kofe.hu\/parola\/parola-folyoirat\/muhelybeszelgetes-az-onkentes-munkarol\/","name":"M\u0171helybesz\u00e9lget\u00e9s az \u00f6nk\u00e9ntes munk\u00e1r\u00f3l - Parola Foly\u00f3irat","isPartOf":{"@id":"https:\/\/kofe.hu\/parola\/#website"},"primaryImageOfPage":{"@id":"https:\/\/kofe.hu\/parola\/parola-folyoirat\/muhelybeszelgetes-az-onkentes-munkarol\/#primaryimage"},"image":{"@id":"https:\/\/kofe.hu\/parola\/parola-folyoirat\/muhelybeszelgetes-az-onkentes-munkarol\/#primaryimage"},"thumbnailUrl":"https:\/\/kofe.hu\/parola\/wp-content\/uploads\/2020\/07\/97.1.jpeg","datePublished":"2020-07-10T07:49:42+00:00","dateModified":"2020-07-30T16:25:06+00:00","author":{"@id":"https:\/\/kofe.hu\/parola\/#\/schema\/person\/b39ea6ec0995233537351d7e33281aeb"},"breadcrumb":{"@id":"https:\/\/kofe.hu\/parola\/parola-folyoirat\/muhelybeszelgetes-az-onkentes-munkarol\/#breadcrumb"},"inLanguage":"hu","potentialAction":[{"@type":"ReadAction","target":["https:\/\/kofe.hu\/parola\/parola-folyoirat\/muhelybeszelgetes-az-onkentes-munkarol\/"]}]},{"@type":"ImageObject","inLanguage":"hu","@id":"https:\/\/kofe.hu\/parola\/parola-folyoirat\/muhelybeszelgetes-az-onkentes-munkarol\/#primaryimage","url":"https:\/\/kofe.hu\/parola\/wp-content\/uploads\/2020\/07\/97.1.jpeg","contentUrl":"https:\/\/kofe.hu\/parola\/wp-content\/uploads\/2020\/07\/97.1.jpeg","width":1425,"height":2017},{"@type":"BreadcrumbList","@id":"https:\/\/kofe.hu\/parola\/parola-folyoirat\/muhelybeszelgetes-az-onkentes-munkarol\/#breadcrumb","itemListElement":[{"@type":"ListItem","position":1,"name":"Home","item":"https:\/\/kofe.hu\/parola\/"},{"@type":"ListItem","position":2,"name":"M\u0171helybesz\u00e9lget\u00e9s az \u00f6nk\u00e9ntes munk\u00e1r\u00f3l"}]},{"@type":"WebSite","@id":"https:\/\/kofe.hu\/parola\/#website","url":"https:\/\/kofe.hu\/parola\/","name":"Parola Foly\u00f3irat","description":"","potentialAction":[{"@type":"SearchAction","target":{"@type":"EntryPoint","urlTemplate":"https:\/\/kofe.hu\/parola\/?s={search_term_string}"},"query-input":{"@type":"PropertyValueSpecification","valueRequired":true,"valueName":"search_term_string"}}],"inLanguage":"hu"},{"@type":"Person","@id":"https:\/\/kofe.hu\/parola\/#\/schema\/person\/b39ea6ec0995233537351d7e33281aeb","name":"Parola","image":{"@type":"ImageObject","inLanguage":"hu","@id":"https:\/\/kofe.hu\/parola\/#\/schema\/person\/image\/ef1d7dc4d1949d5457aa415351763853","url":"https:\/\/secure.gravatar.com\/avatar\/c18c00ea50048aa7adb99e5d11e4250d05111e33b2bea02671439eb7912c945e?s=96&d=mm&r=g","contentUrl":"https:\/\/secure.gravatar.com\/avatar\/c18c00ea50048aa7adb99e5d11e4250d05111e33b2bea02671439eb7912c945e?s=96&d=mm&r=g","caption":"Parola"},"url":"https:\/\/kofe.hu\/parola\/szerzok\/parola\/"}]}},"_links":{"self":[{"href":"https:\/\/kofe.hu\/parola\/wp-json\/wp\/v2\/posts\/2565","targetHints":{"allow":["GET"]}}],"collection":[{"href":"https:\/\/kofe.hu\/parola\/wp-json\/wp\/v2\/posts"}],"about":[{"href":"https:\/\/kofe.hu\/parola\/wp-json\/wp\/v2\/types\/post"}],"author":[{"embeddable":true,"href":"https:\/\/kofe.hu\/parola\/wp-json\/wp\/v2\/users\/4"}],"replies":[{"embeddable":true,"href":"https:\/\/kofe.hu\/parola\/wp-json\/wp\/v2\/comments?post=2565"}],"version-history":[{"count":2,"href":"https:\/\/kofe.hu\/parola\/wp-json\/wp\/v2\/posts\/2565\/revisions"}],"predecessor-version":[{"id":4817,"href":"https:\/\/kofe.hu\/parola\/wp-json\/wp\/v2\/posts\/2565\/revisions\/4817"}],"wp:featuredmedia":[{"embeddable":true,"href":"https:\/\/kofe.hu\/parola\/wp-json\/wp\/v2\/media\/3484"}],"wp:attachment":[{"href":"https:\/\/kofe.hu\/parola\/wp-json\/wp\/v2\/media?parent=2565"}],"wp:term":[{"taxonomy":"category","embeddable":true,"href":"https:\/\/kofe.hu\/parola\/wp-json\/wp\/v2\/categories?post=2565"},{"taxonomy":"post_tag","embeddable":true,"href":"https:\/\/kofe.hu\/parola\/wp-json\/wp\/v2\/tags?post=2565"},{"taxonomy":"author","embeddable":true,"href":"https:\/\/kofe.hu\/parola\/wp-json\/wp\/v2\/coauthors?post=2565"}],"curies":[{"name":"wp","href":"https:\/\/api.w.org\/{rel}","templated":true}]}}