{"id":2561,"date":"2020-07-10T07:45:37","date_gmt":"2020-07-10T07:45:37","guid":{"rendered":"https:\/\/kofe.hu\/parola\/?p=2561"},"modified":"2020-07-30T16:24:14","modified_gmt":"2020-07-30T16:24:14","slug":"videkfejlesztesi-trening","status":"publish","type":"post","link":"https:\/\/kofe.hu\/parola\/parola-folyoirat\/videkfejlesztesi-trening\/","title":{"rendered":"Vid\u00e9kfejleszt\u00e9si tr\u00e9ning"},"content":{"rendered":"<p style=\"text-align: justify;\"><span style=\"font-family: Times New Roman CE;\">\u201cM\u00e9gis figyelni kell r\u00e1, \u00e1pol\u00f3 odafigyel\u00e9ssel gyors\u00edtani (amennyire lehet) a pozit\u00edv folyamatokat, \u00e9s nyesegetni (\u00f3vatos k\u00e9zzel, k\u00e1rt ne okozzunk!) a faluk\u00f6z\u00f6ss\u00e9g sz\u00e1m<\/span><br \/>\n<span style=\"font-family: Times New Roman CE;\">\u00e1ra el\u0151nyteleneket.\u201d<\/span><br \/>\n<i><span style=\"font-family: Times New Roman CE;\">(B\u00e1nlaky P\u00e1l)<\/span><\/i><br \/>\n<!--more--><br \/>\n<span style=\"font-family: Times New Roman CE;\">Ezen gondolatok jegy\u00e9ben gy\u0171lt\u00fcnk \u00f6ssze 1997. \u00e1prilis m\u00e1sodik h\u00e9tv\u00e9g\u00e9j\u00e9n S\u00fcmegen, hogy a Zalai Falvak\u00e9rt Egyes\u00fclet kezdem\u00e9nyez\u00e9s\u00e9re, megval\u00f3suljon egy intenz\u00edv tr\u00e9ning \u2013 el\u0151ad\u00e1sokkal, \u00e9s besz\u00e9lget\u00e9sekkel \u2013, melynek sor\u00e1n k\u00f6zponti szerepet kapott a t\u00e9rs\u00e9gi szinten val\u00f3 gondolkod\u00e1s fontoss\u00e1ga, \u00e9s be\u00e9p\u00fcl\u00e9se napjaink vid\u00e9kfejleszt\u00e9si gyakorlat\u00e1ba.<\/span><br \/>\n<span style=\"font-family: Times New Roman CE;\">A r\u00e9sztvev\u0151k a Zala megye sz\u00edv\u00e9ben tal\u00e1lhat\u00f3 Bels\u0151 G\u00f6csej kist\u00e9rs\u00e9geib\u0151l \u00e9rkeztek. A szegek f\u00f6ldj\u00e9r\u0151l, melynek ma is jellemz\u0151je az apr\u00f3falvas telep\u00fcl\u00e9sh\u00e1l\u00f3zat. Ezen kis telep\u00fcl\u00e9sek vezet\u0151i szeretn\u00e9nek \u00f6sszefogni, \u00e9s k\u00f6z\u00f6sen tev\u00e9kenykedni a t\u00e9rs\u00e9g helyzet\u00e9nek jav\u00edt\u00e1s\u00e1\u00e9rt, a vid\u00e9k sz\u00e9p\u00fcl\u00e9s\u00e9rt.<\/span><br \/>\n<span style=\"font-family: Times New Roman CE;\">Ind\u00edt\u00e1sk\u00e9nt a r\u00e9sztvev\u0151k bemutatkoztak, n\u00e9h\u00e1ny sz\u00f3t sz\u00f3ltak jelenlegi beoszt\u00e1sukr\u00f3l, munk\u00e1jukr\u00f3l, \u00e9s megfogalmazt\u00e1k mit v\u00e1rnak e h\u00e9tv\u00e9gi k\u00e9t napt\u00f3l. Jellemz\u0151 volt \u2013 az egy\u00e9bk\u00e9nt vegyes t\u00e1rss\u00e1gra \u2013 hogy k\u00edv\u00e1ncsian, nyitottan fordultak a t\u00e9ma fel\u00e9, hogy megismerj\u00e9k a vid\u00e9kfejleszt\u00e9s \u00faj elk\u00e9pzel\u00e9seit. Beoszt\u00e1sukn\u00e1l, k\u00f6z\u00e9leti szerep\u00fckn\u00e9l fogva mindannyian akt\u00edv r\u00e9sztvev\u0151i k\u00f6zs\u00e9g\u00fck vezet\u0151s\u00e9g\u00e9nek. Egy\u00f6ntet\u0171 ig\u00e9nyk\u00e9nt mer\u00fclt fel a p\u00e1ly\u00e1zati rendszer, a p\u00e1ly\u00e1zat\u00edr\u00e1ssal kapcsolatos k\u00e9rd\u00e9sek megt\u00e1rgyal\u00e1sa, k\u00fcl\u00f6n\u00f6s tekintettel az \u00faj PHARE-ki\u00edr\u00e1sokra \u00e9s a Megyei Ter\u00fcletfejleszt\u00e9si Tan\u00e1cs \u00e1ltal k\u00edn\u00e1lt lehet\u0151s\u00e9gekre. A r\u00e9sztvev\u0151kben megfogalmaz\u00f3dott a t\u00e9rs\u00e9gi szinten t\u00e1rsul\u00e1s ig\u00e9nye, megteremtve ezzel a kist\u00e9rs\u00e9g egys\u00e9ges, komplex fejleszt\u00e9si terv\u00e9nek \u00e9s ezen elk\u00e9pzel\u00e9sek megval\u00f3s\u00edt\u00e1s\u00e1nak szervezeti kereteit.<\/span><\/p>\n<p><b><i><span style=\"font-family: Times New Roman CE;\">Az er\u0151forr\u00e1sok rendszere<\/span><\/i><\/b><\/p>\n<p><span style=\"font-family: Symbol;\">\u00b7\u00a0<\/span><i><span style=\"font-family: Times New Roman CE;\">Term\u00e9szeti, \u00f6kol\u00f3giai er\u0151forr\u00e1sok<\/span><\/i><br \/>\n<span style=\"font-family: Symbol;\">\u00b7\u00a0<\/span><i><span style=\"font-family: Times New Roman CE;\">Gazdas\u00e1gi er\u0151forr\u00e1sok<\/span><\/i><br \/>\n<span style=\"font-family: Symbol;\">\u00b7\u00a0<\/span><i><span style=\"font-family: Times New Roman CE;\">Emberi, hum\u00e1n er\u0151forr\u00e1sok<\/span><\/i><\/p>\n<p><b><i><span style=\"font-family: Times New Roman CE;\">Az er\u0151forr\u00e1s elemz\u00e9s l\u00e9pcs\u0151i<\/span><\/i><\/b><\/p>\n<p><span style=\"font-family: Symbol;\">\u00b7\u00a0<\/span><i><span style=\"font-family: Times New Roman CE;\">A bels\u0151 er\u0151forr\u00e1sok felt\u00e1r\u00e1sa, azonos\u00edt\u00e1sa<\/span><\/i><br \/>\n<span style=\"font-family: Symbol;\">\u00b7\u00a0<\/span><i><span style=\"font-family: Times New Roman CE;\">A c\u00e9lkit\u0171z\u00e9sek meghat\u00e1roz\u00e1sa<\/span><\/i><br \/>\n<span style=\"font-family: Symbol;\">\u00b7\u00a0<\/span><i><span style=\"font-family: Times New Roman CE;\">A fejleszt\u00e9si ir\u00e1nyok, a priorit\u00e1sok, az elindul\u00e1s meghat\u00e1roz\u00e1sa<\/span><\/i><br \/>\n<span style=\"font-family: Symbol;\">\u00b7\u00a0<\/span><i><span style=\"font-family: Times New Roman CE;\">A kit\u00f6r\u00e9st szolg\u00e1l\u00f3 r\u00f6vid \u00e9s k\u00f6z\u00e9pt\u00e1v\u00fa projektek meghat\u00e1roz\u00e1sa<\/span><\/i><br \/>\n<span style=\"font-family: Symbol;\">\u00b7\u00a0<\/span><i><span style=\"font-family: Times New Roman CE;\">A k\u00fcls\u0151 er\u0151forr\u00e1sok mozg\u00f3s\u00edt\u00e1sa<\/span><\/i><br \/>\n<span style=\"font-family: Symbol;\">\u00b7\u00a0<\/span><i><span style=\"font-family: Times New Roman CE;\">Az eredm\u00e9nyek figyel\u00e9se, ellen\u0151rz\u00e9s, visszacsatol\u00e1s<\/span><\/i><\/p>\n<p><span style=\"font-family: Times New Roman CE;\">Az er\u0151forr\u00e1sok rendszerez\u00e9s\u00e9b\u0151l kiindulva, egy lelt\u00e1rt k\u00e9sz\u00edtve a t\u00e9rs\u00e9g adotts\u00e1gair\u00f3l, meg kell \u00e1llap\u00edtani, hogy mi az, amivel ezek a falvak rendelkeznek. Ezen t\u00e9nyez\u0151k eredm\u00e9nyes felt\u00e1r\u00e1sa csak k\u00f6z\u00f6sen \u2013 a helyi vezet\u0151k \u00e1ltal ismert t\u00e9nyeken kereszt\u00fcl \u2013 val\u00f3sulhatott meg. Az alapos \u00e9s pontos helyzetelemz\u00e9s stabil ugr\u00f3deszka az elk\u00e9pzel\u00e9sek realit\u00e1s\u00e1nak meg\u00e1llap\u00edt\u00e1s\u00e1hoz, a t\u00e9rs\u00e9g fejleszt\u00e9si terv\u00e9nek kigondol\u00e1s\u00e1hoz. Meg kell keresni a hat\u00e9konyan aktiviz\u00e1lhat\u00f3 kit\u00f6r\u00e9si pontokat mindh\u00e1rom er\u0151forr\u00e1st\u00edpus eset\u00e9ben.<\/span><\/p>\n<table border=\"1\">\n<tbody>\n<tr valign=\"top\">\n<td width=\"491\"><b><i><span style=\"font-family: Times New Roman CE;\">SWOT ANAL\u00cdZIS<\/span><\/i><\/b><\/td>\n<\/tr>\n<tr valign=\"top\">\n<td width=\"491\"><b><span style=\"font-family: Times New Roman CE;\">Bels\u0151 t\u00e9nyez\u0151k<\/span><\/b><b><span style=\"font-family: Times New Roman CE;\">\u00a0K\u00fcls\u0151 t\u00e9nyez\u0151k<\/span><\/b><br \/>\n<span style=\"font-family: Times New Roman CE;\">Er\u0151ss\u00e9gek\u00a0<\/span><span style=\"font-family: Times New Roman CE;\">Lehet\u0151s\u00e9gek<\/span><br \/>\n<span style=\"font-family: Times New Roman CE;\">Gyenges\u00e9gek<\/span><span style=\"font-family: Times New Roman CE;\">\u00a0F\u00e9lelmek<\/span><\/td>\n<\/tr>\n<tr valign=\"top\">\n<td width=\"491\"><i><span style=\"font-family: Times New Roman CE;\">Er\u0151ss\u00e9gek<\/span><\/i><br \/>\n<i><span style=\"font-family: Times New Roman CE;\">Mik az el\u0151nyeink?<\/span><\/i><i><span style=\"font-family: Times New Roman CE;\">\u00a0Mit csin\u00e1lunk j\u00f3l?<\/span><\/i><\/td>\n<\/tr>\n<tr valign=\"top\">\n<td width=\"491\"><b><i><span style=\"font-family: Times New Roman CE;\">Gyenges\u00e9gek<\/span><\/i><\/b><br \/>\n<i><span style=\"font-family: Times New Roman CE;\">Mik a h\u00e1tr\u00e1nyaink?\u00a0<\/span><\/i><i><span style=\"font-family: Times New Roman CE;\">Mit csin\u00e1lunk rosszul?<\/span><\/i><br \/>\n<i><span style=\"font-family: Times New Roman CE;\">Miket kellene elker\u00fclni?<\/span><\/i><i><span style=\"font-family: Times New Roman CE;\">\u00a0Mit csin\u00e1lnak m\u00e1sok jobban?<\/span><\/i><\/td>\n<\/tr>\n<tr valign=\"top\">\n<td width=\"491\"><b><i><span style=\"font-family: Times New Roman CE;\">Lehet\u0151s\u00e9gek<\/span><\/i><\/b><br \/>\n<i><span style=\"font-family: Times New Roman CE;\">Melyek a sz\u00e1munkra \u00e9rdekes, fontos v\u00e1ltoz\u00e1sok folyamatok?<\/span><\/i><br \/>\n<i><span style=\"font-family: Times New Roman CE;\">Hol kaphatunk j\u00f3 es\u00e9lyeket?<\/span><\/i><\/td>\n<\/tr>\n<tr valign=\"top\">\n<td width=\"491\"><b><i><span style=\"font-family: Times New Roman CE;\">F\u00e9lelmek<\/span><\/i><\/b><br \/>\n<i><span style=\"font-family: Times New Roman CE;\">Milyen akad\u00e1lyokat l\u00e1tunk magunk el\u0151tt?<\/span><\/i><br \/>\n<i><span style=\"font-family: Times New Roman CE;\">Miben kellene versenyezn\u00fcnk, de f\u00e9l\u00fcnk, hogy lemaradunk?<\/span><\/i><br \/>\n<i><span style=\"font-family: Times New Roman CE;\">Milyen k\u00f6vetelm\u00e9nyeket fogalmaznak meg vel\u00fcnk szemben, amiket neh\u00e9z teljes\u00edteni?<\/span><\/i><br \/>\n<i><span style=\"font-family: Times New Roman CE;\">Melyek azok a v\u00e1ltoz\u00e1sok, amelyeket k\u00f6rnyezet\u00fcnkben l\u00e1tunk, de nem tudjuk felvenni a versenyt?<\/span><\/i><br \/>\n<i><span style=\"font-family: Times New Roman CE;\">Melyek azok a kifejezetten szerencs\u00e9tlen, peches folyamatok, esetek, amelyek s\u00fajtanak benn\u00fcnket?<\/span><\/i><\/td>\n<\/tr>\n<\/tbody>\n<\/table>\n<p style=\"text-align: justify;\"><span style=\"font-family: Times New Roman CE;\">Az elemz\u00e9s sor\u00e1n f\u00e9ny der\u00fclt az endog\u00e9n adotts\u00e1gok miatti korl\u00e1tokra is, melyeknek cs\u00f6kkent\u00e9se, \u00e1thidal\u00e1sa, a kis telep\u00fcl\u00e9sek k\u00f6z\u00f6s egy\u00fcttm\u0171k\u00f6d\u00e9s\u00e9vel val\u00f3s\u00edthat\u00f3 meg. A hossz\u00fa t\u00e1v\u00fa sikeress\u00e9g elv\u00e9t k\u00f6vetve, meg kell tal\u00e1lni a k\u00fcl\u00f6nb\u00f6z\u0151 t\u00edpus\u00fa er\u0151forr\u00e1sok metsz\u00e9spontjait, hogy onnan kiindulva egy c\u00e9l \u00e9rdek\u00e9ben a legakt\u00edvabban felhaszn\u00e1lhat\u00f3k legyenek. Ennek elengedhetetlen felt\u00e9tele a t\u00e1rsul\u00e1s, \u00e9s a t\u00e1rsul\u00e1s szintj\u00e9n megval\u00f3sul\u00f3 gondolkod\u00e1s kialak\u00edt\u00e1sa a vid\u00e9ki t\u00e9rs\u00e9gek vezet\u0151iben. Egy\u00f6ntet\u0171 v\u00e9lem\u00e9ny volt, hogy a legalapvet\u0151bb feladat teh\u00e1t a hum\u00e1n er\u0151forr\u00e1sok fejleszt\u00e9se.<\/span><br \/>\n<span style=\"font-family: Times New Roman CE;\">A r\u00e9sztvev\u0151k h\u00e1rom csoportban folytatt\u00e1k a munk\u00e1t, majd az ott megvitatott t\u00e9m\u00e1t egy, k\u00f6z\u00f6sen v\u00e1lasztott csoporttag adta el\u0151. A kiscsoportok munk\u00e1j\u00e1t egy-egy vezet\u0151 koordin\u00e1lta. A h\u00e1rom vari\u00e1ci\u00f3 elhangz\u00e1sa ut\u00e1n a tr\u00e9ningvezet\u0151 ir\u00e1ny\u00edt\u00e1s\u00e1val ker\u00fcltek rendszerez\u00e9sre az elhangzottak.<\/span><br \/>\n<span style=\"font-family: Times New Roman CE;\">Az els\u0151 kiscsoportos foglalkoz\u00e1son \u2013 az el\u0151tte hallott elm\u00e9leti alapokb\u00f3l kiindulva \u2013 a SWOT anal\u00edzis m\u00f3dszer\u00e9vel felt\u00e1rtuk a t\u00e9rs\u00e9g adotts\u00e1gait, saj\u00e1ts\u00e1gait, mely kiindul\u00f3 alap a fejleszt\u00e9si ir\u00e1nyok kialak\u00edt\u00e1s\u00e1hoz.<\/span><br \/>\n<span style=\"font-family: Times New Roman CE;\">A kisel\u0151ad\u00e1sok ut\u00e1n k\u00f6z\u00f6sen megvitattuk a felmer\u00fclt saj\u00e1toss\u00e1gok s\u00faly\u00e1t, esetleges alkalmazhat\u00f3s\u00e1gukat a t\u00e9rs\u00e9g fejleszt\u00e9s\u00e9ben. G\u00f6csej vid\u00e9k\u00e9nek apr\u00f3 falvai, m\u00e9g ha sok szempontb\u00f3l hasonl\u00f3 gondokkal k\u00fczdenek is, sz\u00e1mos t\u00e9nyez\u0151ben elt\u00e9rnek egym\u00e1st\u00f3l. K\u00fcl\u00f6n\u00f6sen igaz ez Gell\u00e9nh\u00e1z\u00e1ra, a vid\u00e9k egyetlen nagyobb k\u00f6zs\u00e9g\u00e9re, mely telep\u00fcl\u00e9s m\u00e1ra \u2013 k\u00f6sz\u00f6nhet\u0151en az olajiparnak \u2013 hagyom\u00e1nyosan falusinak nevezett von\u00e1saib\u00f3l sokat elvesztett. Jelent\u0151s mennyis\u00e9g\u0171 ipar\u0171z\u00e9si ad\u00f3ra tesz szert a MOL k\u00fcl\u00f6nb\u00f6z\u0151 egys\u00e9gei miatt, amellyel k\u00f6lts\u00e9gvet\u00e9s\u00e9nek hi\u00e1nyait k\u00f6nnyen p\u00f3tolhatja. Nem igaz ez azonban a t\u00f6bbi apr\u00f3 telep\u00fcl\u00e9sre. Ezen k\u00fcl\u00f6nbs\u00e9gek \u00e9lesen megmutatkoztak a k\u00fcl\u00f6nb\u00f6z\u0151 szempontok t\u00e1rgyal\u00e1s\u00e1n\u00e1l. Az \u00f6nkorm\u00e1nyzatok mindennapi gondjaikkal is nehezen birk\u00f3znak meg egyed\u00fcl, \u00e9s fejleszt\u00e9sre sajnos minim\u00e1lis \u00f6sszeget tudnak csak sz\u00e1nni. A telep\u00fcl\u00e9sek sz\u00f3rv\u00e1nyos elhelyezked\u00e9s\u00e9b\u0151l k\u00f6vetkezik, hogy gondot jelent a hossz\u00fa \u00fath\u00e1l\u00f3zat fenntart\u00e1sa, az int\u00e9zm\u00e9nyek \u00fczemeltet\u00e9se. A legt\u00f6bb polg\u00e1rmester \u00e9s test\u00fclet tag, sajnos mereven ragaszkodik a k\u00f6zs\u00e9g k\u00f6lts\u00e9gvet\u00e9se \u00e1ltal szabott anyagi keretekhez \u00e9s a test\u00fclet szem\u00e9lyeinek v\u00e9lem\u00e9ny\u00e9hez. Sok elk\u00e9pzel\u00e9s az\u00e9rt akad el m\u00e9g a legelej\u00e9n, mert az am\u00fagy is forr\u00e1shi\u00e1nyos \u00f6nkorm\u00e1nyzat nem tudja a felt\u00e9teleket biztos\u00edtani. L\u00e9trehoztak ugyan a t\u00e9rs\u00e9g falvai h\u00e1rom t\u00e1rsul\u00e1st, de ezek hat\u00e1sk\u00f6re gyakorlatilag nem haladta meg az \u00f6nkorm\u00e1nyzati kereteket.<\/span><br \/>\n<span style=\"font-family: Times New Roman CE;\">E tr\u00e9ning els\u0151dleges c\u00e9lja teh\u00e1t, hogy a felv\u00e1zolt \u00faj m\u00f3dszerrel a r\u00e9sztvev\u0151k elgondolkodjanak lak\u00f3hely\u00fck adotts\u00e1gain, az ezekben rejl\u0151 lehet\u0151s\u00e9geken \u00e9s elkezd\u0151dj\u00f6n az egy\u00fcttm\u0171k\u00f6d\u00e9s a h\u00e1rom t\u00e1rsul\u00e1s vezet\u0151je k\u00f6z\u00f6tt. Seg\u00edts\u00e9get kaptak a p\u00e1ly\u00e1zati rendszer ny\u00fajtotta lehet\u0151s\u00e9gek felkutat\u00e1s\u00e1hoz, kihaszn\u00e1l\u00e1s\u00e1hoz. Meg kell keresni a j\u00e1rhat\u00f3 utat egy \u00f6n\u00e1ll\u00f3an gazd\u00e1lkod\u00f3 t\u00e9rs\u00e9gi t\u00e1rsul\u00e1s kialak\u00edt\u00e1s\u00e1hoz, mely az \u00f6nkorm\u00e1nyzattal egy\u00fcttm\u0171k\u00f6dve, de jogilag f\u00fcggetlen\u00fcl tev\u00e9kenykedhet.<\/span><br \/>\n<span style=\"font-family: Times New Roman CE;\">A t\u00e9rs\u00e9g adotts\u00e1gainak elemz\u00e9se, \u00e9s az aktu\u00e1lis p\u00e1ly\u00e1zati lehet\u0151s\u00e9gek megbesz\u00e9l\u00e9se ut\u00e1n, m\u00e1snap a kiscsoportok k\u00fcl\u00f6n-k\u00fcl\u00f6n kialak\u00edtott\u00e1k elk\u00e9pzel\u00e9s\u00fcket, hogy milyen l\u00e9p\u00e9sekkel lehetne megalak\u00edtani a k\u00f6z\u00f6s t\u00e1rsul\u00e1st. Mint l\u00e1that\u00f3, az elk\u00e9pzel\u00e9sek hasonl\u00f3ak, de nem szabad elhanyagolni a k\u00fcl\u00f6nbs\u00e9geket sem, hiszen pont ezek azok a kritikus pontok, melyeken a megval\u00f3s\u00edt\u00e1s elcs\u00faszhat.<\/span><\/p>\n<p><i><span style=\"font-family: Times New Roman CE;\">Csonka Bernadett<\/span><\/i><br \/>\n<i><span style=\"font-family: Times New Roman CE;\">GATE K\u00f6rnyezet- \u00e9s T\u00e1jgazd\u00e1lkod\u00e1si Int\u00e9zet<\/span><\/i><br \/>\n<i><span style=\"font-family: Times New Roman CE;\">Agr\u00e1rszociol\u00f3gia Tansz\u00e9k egyetemi hallgat\u00f3<\/span><\/i><\/p>\n<table border=\"1\">\n<tbody>\n<tr valign=\"top\">\n<td width=\"265\"><span style=\"font-family: Times New Roman CE;\">\u00d6sszegz\u00e9sk\u00e9nt az er\u0151forr\u00e1s elemz\u00e9si munk\u00e1kb\u00f3l az al\u00e1bbiakat emelt\u00fck ki:<\/span><\/p>\n<p><b><span style=\"font-family: Times New Roman CE;\">SWOT anal\u00edzis eredm\u00e9nye<\/span><\/b><br \/>\n<b><span style=\"font-family: Times New Roman CE;\">A t\u00e9rs\u00e9g jellemz\u0151i:<\/span><\/b><\/p>\n<p><b><span style=\"font-family: Times New Roman CE;\">Er\u0151ss\u00e9gek:<\/span><\/b><br \/>\n<span style=\"font-family: Times New Roman CE;\">A t\u00e1j term\u00e9szeti sz\u00e9ps\u00e9ge, adotts\u00e1gai<\/span><br \/>\n<span style=\"font-family: Times New Roman CE;\">A t\u00e9rs\u00e9g gazdas\u00e1gf\u00f6ldrajzi fekv\u00e9se<\/span><br \/>\n<span style=\"font-family: Times New Roman CE;\">A lok\u00e1lpatriotizmus, a hagyom\u00e1nyos \u00e9rt\u00e9kek, t\u00e1rsadalmi szerkezet<\/span><br \/>\n<span style=\"font-family: Times New Roman CE;\">A foglalkoztatotts\u00e1g viszonylag j\u00f3 helyzete<\/span><\/p>\n<p><b><span style=\"font-family: Times New Roman CE;\">Gyenges\u00e9gek:<\/span><\/b><br \/>\n<span style=\"font-family: Times New Roman CE;\">Kedvez\u0151tlen demogr\u00e1fiai folyamatok<\/span><br \/>\n<span style=\"font-family: Times New Roman CE;\">Kedvez\u0151tlen term\u0151helyi adotts\u00e1gok<\/span><br \/>\n<span style=\"font-family: Times New Roman CE;\">Kedvez\u0151tlen telep\u00fcl\u00e9sszerkezet<\/span><br \/>\n<span style=\"font-family: Times New Roman CE;\">Az \u00f6sszefog\u00e1s hi\u00e1nya, bizalmatlans\u00e1g<\/span><br \/>\n<span style=\"font-family: Times New Roman CE;\">Ro<\/span><span style=\"font-family: Times New Roman CE;\">ssz inform\u00e1ci\u00f3\u00e1raml\u00e1s, nem kell\u0151 felk\u00e9sz\u00fclts\u00e9g<\/span><\/p>\n<p><b><span style=\"font-family: Times New Roman CE;\">Lehet\u0151s\u00e9gek:<\/span><\/b><br \/>\n<span style=\"font-family: Times New Roman CE;\">Alapvet\u0151 el\u0151felt\u00e9telek:<\/span><br \/>\n<span style=\"font-family: Times New Roman CE;\">Egy\u00fcttm\u0171k\u00f6d\u00e9s, koordin\u00e1ci\u00f3 a t\u00e1rsul\u00e1sok \u00e9s a civil szf\u00e9ra ter\u00e9n<\/span><br \/>\n<span style=\"font-family: Times New Roman CE;\">K\u00e9pz\u00e9si programok<\/span><br \/>\n<span style=\"font-family: Times New Roman CE;\">Turizmus<\/span><br \/>\n<span style=\"font-family: Times New Roman CE;\">Term\u00e1lvizek hasznos\u00edt\u00e1sa<\/span><br \/>\n<span style=\"font-family: Times New Roman CE;\">Erd\u0151gazd\u00e1lkod\u00e1s, feldolgoz\u00e1s<\/span><br \/>\n<span style=\"font-family: Times New Roman CE;\">Helyi k\u00e9zm\u0171vess\u00e9g, n\u00e9pm\u0171v\u00e9szet<\/span><\/p>\n<p><b><span style=\"font-family: Times New Roman CE;\">Tennival\u00f3k:<\/span><\/b><br \/>\n<span style=\"font-family: Times New Roman CE;\">&#8211; Megalak\u00edtani az egy\u00fcttm\u0171k\u00f6d\u00e9st a 3 t\u00e1rsul\u00e1s k\u00f6z\u00f6tt + ZFE<\/span><br \/>\n<span style=\"font-family: Times New Roman CE;\">&#8211; \u00f6sszeh\u00edvni a civil f\u00f3rumot, kialak\u00edtani az\u00a0<\/span><span style=\"font-family: Times New Roman CE;\">eg<\/span><span style=\"font-family: Times New Roman CE;\">y\u00fcttm\u0171k\u00f6d\u00e9st<\/span><br \/>\n<span style=\"font-family: Times New Roman CE;\">&#8211; megalak\u00edtani az esetleges hi\u00e1nyz\u00f3 civil szervezeteket<\/span><br \/>\n<span style=\"font-family: Times New Roman CE;\">&#8211; elind\u00edtani egy k\u00f6z\u00f6s iroda megteremt\u00e9s\u00e9t \u00e9s \u201cmenedzser\u201d<\/span><br \/>\n<span style=\"font-family: Times New Roman CE;\">&#8211; felk\u00e9sz\u00fclni a p\u00e1ly\u00e1zatokra<\/span><\/td>\n<\/tr>\n<tr valign=\"top\">\n<td width=\"265\"><img loading=\"lazy\" decoding=\"async\" src=\"http:\/\/kka.hu\/icons\/ecblank.gif\" alt=\"\" width=\"1\" height=\"1\" border=\"0\" \/><\/td>\n<\/tr>\n<\/tbody>\n<\/table>\n<p style=\"text-align: justify;\"><i><span style=\"font-family: Times New Roman CE;\">Zalai Falu 1997. j\u00fanius<\/span><\/i><\/p>\n","protected":false},"excerpt":{"rendered":"<p>\u201cM\u00e9gis figyelni kell r\u00e1, \u00e1pol\u00f3 odafigyel\u00e9ssel gyors\u00edtani (amennyire lehet) a pozit\u00edv folyamatokat, \u00e9s nyesegetni (\u00f3vatos k\u00e9zzel, k\u00e1rt ne okozzunk!) a faluk\u00f6z\u00f6ss\u00e9g sz\u00e1m \u00e1ra el\u0151nyteleneket.\u201d (B\u00e1nlaky P\u00e1l)<\/p>\n","protected":false},"author":331,"featured_media":3484,"comment_status":"open","ping_status":"open","sticky":false,"template":"","format":"standard","meta":{"_acf_changed":false,"footnotes":""},"categories":[418,8,7],"tags":[],"coauthors":[419],"class_list":["post-2561","post","type-post","status-publish","format-standard","has-post-thumbnail","hentry","category-parola-1997-1","category-parola-folyoirat","category-repertorium"],"acf":[],"yoast_head":"<!-- This site is optimized with the Yoast SEO plugin v26.7 - https:\/\/yoast.com\/wordpress\/plugins\/seo\/ -->\n<title>Vid\u00e9kfejleszt\u00e9si tr\u00e9ning - Parola Foly\u00f3irat<\/title>\n<meta name=\"robots\" content=\"index, follow, max-snippet:-1, max-image-preview:large, max-video-preview:-1\" \/>\n<link rel=\"canonical\" href=\"https:\/\/kofe.hu\/parola\/parola-folyoirat\/videkfejlesztesi-trening\/\" \/>\n<meta property=\"og:locale\" content=\"hu_HU\" \/>\n<meta property=\"og:type\" content=\"article\" \/>\n<meta property=\"og:title\" content=\"Vid\u00e9kfejleszt\u00e9si tr\u00e9ning - Parola Foly\u00f3irat\" \/>\n<meta property=\"og:description\" content=\"\u201cM\u00e9gis figyelni kell r\u00e1, \u00e1pol\u00f3 odafigyel\u00e9ssel gyors\u00edtani (amennyire lehet) a pozit\u00edv folyamatokat, \u00e9s nyesegetni (\u00f3vatos k\u00e9zzel, k\u00e1rt ne okozzunk!) a faluk\u00f6z\u00f6ss\u00e9g sz\u00e1m \u00e1ra el\u0151nyteleneket.\u201d (B\u00e1nlaky P\u00e1l)\" \/>\n<meta property=\"og:url\" content=\"https:\/\/kofe.hu\/parola\/parola-folyoirat\/videkfejlesztesi-trening\/\" \/>\n<meta property=\"og:site_name\" content=\"Parola Foly\u00f3irat\" \/>\n<meta property=\"article:published_time\" content=\"2020-07-10T07:45:37+00:00\" \/>\n<meta property=\"article:modified_time\" content=\"2020-07-30T16:24:14+00:00\" \/>\n<meta property=\"og:image\" content=\"https:\/\/kofe.hu\/parola\/wp-content\/uploads\/2020\/07\/97.1.jpeg\" \/>\n\t<meta property=\"og:image:width\" content=\"1425\" \/>\n\t<meta property=\"og:image:height\" content=\"2017\" \/>\n\t<meta property=\"og:image:type\" content=\"image\/jpeg\" \/>\n<meta name=\"author\" content=\"Csonka Bernadett\" \/>\n<meta name=\"twitter:card\" content=\"summary_large_image\" \/>\n<meta name=\"twitter:label1\" content=\"Szerz\u0151:\" \/>\n\t<meta name=\"twitter:data1\" content=\"Csonka Bernadett\" \/>\n\t<meta name=\"twitter:label2\" content=\"Becs\u00fclt olvas\u00e1si id\u0151\" \/>\n\t<meta name=\"twitter:data2\" content=\"9 perc\" \/>\n\t<meta name=\"twitter:label3\" content=\"Written by\" \/>\n\t<meta name=\"twitter:data3\" content=\"Csonka Bernadett\" \/>\n<script type=\"application\/ld+json\" class=\"yoast-schema-graph\">{\"@context\":\"https:\/\/schema.org\",\"@graph\":[{\"@type\":\"Article\",\"@id\":\"https:\/\/kofe.hu\/parola\/parola-folyoirat\/videkfejlesztesi-trening\/#article\",\"isPartOf\":{\"@id\":\"https:\/\/kofe.hu\/parola\/parola-folyoirat\/videkfejlesztesi-trening\/\"},\"author\":{\"name\":\"Csonka Bernadett\",\"@id\":\"https:\/\/kofe.hu\/parola\/#\/schema\/person\/ddfd1bb550609fd524d070dc1734f974\"},\"headline\":\"Vid\u00e9kfejleszt\u00e9si tr\u00e9ning\",\"datePublished\":\"2020-07-10T07:45:37+00:00\",\"dateModified\":\"2020-07-30T16:24:14+00:00\",\"mainEntityOfPage\":{\"@id\":\"https:\/\/kofe.hu\/parola\/parola-folyoirat\/videkfejlesztesi-trening\/\"},\"wordCount\":1707,\"commentCount\":0,\"image\":{\"@id\":\"https:\/\/kofe.hu\/parola\/parola-folyoirat\/videkfejlesztesi-trening\/#primaryimage\"},\"thumbnailUrl\":\"https:\/\/kofe.hu\/parola\/wp-content\/uploads\/2020\/07\/97.1.jpeg\",\"articleSection\":[\"Parola 1997\/1\",\"Parola Foly\u00f3irat\",\"Repert\u00f3rium\"],\"inLanguage\":\"hu\",\"potentialAction\":[{\"@type\":\"CommentAction\",\"name\":\"Comment\",\"target\":[\"https:\/\/kofe.hu\/parola\/parola-folyoirat\/videkfejlesztesi-trening\/#respond\"]}]},{\"@type\":\"WebPage\",\"@id\":\"https:\/\/kofe.hu\/parola\/parola-folyoirat\/videkfejlesztesi-trening\/\",\"url\":\"https:\/\/kofe.hu\/parola\/parola-folyoirat\/videkfejlesztesi-trening\/\",\"name\":\"Vid\u00e9kfejleszt\u00e9si tr\u00e9ning - Parola Foly\u00f3irat\",\"isPartOf\":{\"@id\":\"https:\/\/kofe.hu\/parola\/#website\"},\"primaryImageOfPage\":{\"@id\":\"https:\/\/kofe.hu\/parola\/parola-folyoirat\/videkfejlesztesi-trening\/#primaryimage\"},\"image\":{\"@id\":\"https:\/\/kofe.hu\/parola\/parola-folyoirat\/videkfejlesztesi-trening\/#primaryimage\"},\"thumbnailUrl\":\"https:\/\/kofe.hu\/parola\/wp-content\/uploads\/2020\/07\/97.1.jpeg\",\"datePublished\":\"2020-07-10T07:45:37+00:00\",\"dateModified\":\"2020-07-30T16:24:14+00:00\",\"author\":{\"@id\":\"https:\/\/kofe.hu\/parola\/#\/schema\/person\/ddfd1bb550609fd524d070dc1734f974\"},\"breadcrumb\":{\"@id\":\"https:\/\/kofe.hu\/parola\/parola-folyoirat\/videkfejlesztesi-trening\/#breadcrumb\"},\"inLanguage\":\"hu\",\"potentialAction\":[{\"@type\":\"ReadAction\",\"target\":[\"https:\/\/kofe.hu\/parola\/parola-folyoirat\/videkfejlesztesi-trening\/\"]}]},{\"@type\":\"ImageObject\",\"inLanguage\":\"hu\",\"@id\":\"https:\/\/kofe.hu\/parola\/parola-folyoirat\/videkfejlesztesi-trening\/#primaryimage\",\"url\":\"https:\/\/kofe.hu\/parola\/wp-content\/uploads\/2020\/07\/97.1.jpeg\",\"contentUrl\":\"https:\/\/kofe.hu\/parola\/wp-content\/uploads\/2020\/07\/97.1.jpeg\",\"width\":1425,\"height\":2017},{\"@type\":\"BreadcrumbList\",\"@id\":\"https:\/\/kofe.hu\/parola\/parola-folyoirat\/videkfejlesztesi-trening\/#breadcrumb\",\"itemListElement\":[{\"@type\":\"ListItem\",\"position\":1,\"name\":\"Home\",\"item\":\"https:\/\/kofe.hu\/parola\/\"},{\"@type\":\"ListItem\",\"position\":2,\"name\":\"Vid\u00e9kfejleszt\u00e9si tr\u00e9ning\"}]},{\"@type\":\"WebSite\",\"@id\":\"https:\/\/kofe.hu\/parola\/#website\",\"url\":\"https:\/\/kofe.hu\/parola\/\",\"name\":\"Parola Foly\u00f3irat\",\"description\":\"\",\"potentialAction\":[{\"@type\":\"SearchAction\",\"target\":{\"@type\":\"EntryPoint\",\"urlTemplate\":\"https:\/\/kofe.hu\/parola\/?s={search_term_string}\"},\"query-input\":{\"@type\":\"PropertyValueSpecification\",\"valueRequired\":true,\"valueName\":\"search_term_string\"}}],\"inLanguage\":\"hu\"},{\"@type\":\"Person\",\"@id\":\"https:\/\/kofe.hu\/parola\/#\/schema\/person\/ddfd1bb550609fd524d070dc1734f974\",\"name\":\"Csonka Bernadett\",\"image\":{\"@type\":\"ImageObject\",\"inLanguage\":\"hu\",\"@id\":\"https:\/\/kofe.hu\/parola\/#\/schema\/person\/image\/015f7e5f48b087faa70310b13d4d3d4c\",\"url\":\"https:\/\/secure.gravatar.com\/avatar\/573afa578361f116d9fdef836f9b5e58571b3206f1a8f3a6aa900257d69420ab?s=96&d=mm&r=g\",\"contentUrl\":\"https:\/\/secure.gravatar.com\/avatar\/573afa578361f116d9fdef836f9b5e58571b3206f1a8f3a6aa900257d69420ab?s=96&d=mm&r=g\",\"caption\":\"Csonka Bernadett\"},\"url\":\"https:\/\/kofe.hu\/parola\/szerzok\/csonka-bernadett\/\"}]}<\/script>\n<!-- \/ Yoast SEO plugin. -->","yoast_head_json":{"title":"Vid\u00e9kfejleszt\u00e9si tr\u00e9ning - Parola Foly\u00f3irat","robots":{"index":"index","follow":"follow","max-snippet":"max-snippet:-1","max-image-preview":"max-image-preview:large","max-video-preview":"max-video-preview:-1"},"canonical":"https:\/\/kofe.hu\/parola\/parola-folyoirat\/videkfejlesztesi-trening\/","og_locale":"hu_HU","og_type":"article","og_title":"Vid\u00e9kfejleszt\u00e9si tr\u00e9ning - Parola Foly\u00f3irat","og_description":"\u201cM\u00e9gis figyelni kell r\u00e1, \u00e1pol\u00f3 odafigyel\u00e9ssel gyors\u00edtani (amennyire lehet) a pozit\u00edv folyamatokat, \u00e9s nyesegetni (\u00f3vatos k\u00e9zzel, k\u00e1rt ne okozzunk!) a faluk\u00f6z\u00f6ss\u00e9g sz\u00e1m \u00e1ra el\u0151nyteleneket.\u201d (B\u00e1nlaky P\u00e1l)","og_url":"https:\/\/kofe.hu\/parola\/parola-folyoirat\/videkfejlesztesi-trening\/","og_site_name":"Parola Foly\u00f3irat","article_published_time":"2020-07-10T07:45:37+00:00","article_modified_time":"2020-07-30T16:24:14+00:00","og_image":[{"width":1425,"height":2017,"url":"https:\/\/kofe.hu\/parola\/wp-content\/uploads\/2020\/07\/97.1.jpeg","type":"image\/jpeg"}],"author":"Csonka Bernadett","twitter_card":"summary_large_image","twitter_misc":{"Szerz\u0151:":"Csonka Bernadett","Becs\u00fclt olvas\u00e1si id\u0151":"9 perc","Written by":"Csonka Bernadett"},"schema":{"@context":"https:\/\/schema.org","@graph":[{"@type":"Article","@id":"https:\/\/kofe.hu\/parola\/parola-folyoirat\/videkfejlesztesi-trening\/#article","isPartOf":{"@id":"https:\/\/kofe.hu\/parola\/parola-folyoirat\/videkfejlesztesi-trening\/"},"author":{"name":"Csonka Bernadett","@id":"https:\/\/kofe.hu\/parola\/#\/schema\/person\/ddfd1bb550609fd524d070dc1734f974"},"headline":"Vid\u00e9kfejleszt\u00e9si tr\u00e9ning","datePublished":"2020-07-10T07:45:37+00:00","dateModified":"2020-07-30T16:24:14+00:00","mainEntityOfPage":{"@id":"https:\/\/kofe.hu\/parola\/parola-folyoirat\/videkfejlesztesi-trening\/"},"wordCount":1707,"commentCount":0,"image":{"@id":"https:\/\/kofe.hu\/parola\/parola-folyoirat\/videkfejlesztesi-trening\/#primaryimage"},"thumbnailUrl":"https:\/\/kofe.hu\/parola\/wp-content\/uploads\/2020\/07\/97.1.jpeg","articleSection":["Parola 1997\/1","Parola Foly\u00f3irat","Repert\u00f3rium"],"inLanguage":"hu","potentialAction":[{"@type":"CommentAction","name":"Comment","target":["https:\/\/kofe.hu\/parola\/parola-folyoirat\/videkfejlesztesi-trening\/#respond"]}]},{"@type":"WebPage","@id":"https:\/\/kofe.hu\/parola\/parola-folyoirat\/videkfejlesztesi-trening\/","url":"https:\/\/kofe.hu\/parola\/parola-folyoirat\/videkfejlesztesi-trening\/","name":"Vid\u00e9kfejleszt\u00e9si tr\u00e9ning - Parola Foly\u00f3irat","isPartOf":{"@id":"https:\/\/kofe.hu\/parola\/#website"},"primaryImageOfPage":{"@id":"https:\/\/kofe.hu\/parola\/parola-folyoirat\/videkfejlesztesi-trening\/#primaryimage"},"image":{"@id":"https:\/\/kofe.hu\/parola\/parola-folyoirat\/videkfejlesztesi-trening\/#primaryimage"},"thumbnailUrl":"https:\/\/kofe.hu\/parola\/wp-content\/uploads\/2020\/07\/97.1.jpeg","datePublished":"2020-07-10T07:45:37+00:00","dateModified":"2020-07-30T16:24:14+00:00","author":{"@id":"https:\/\/kofe.hu\/parola\/#\/schema\/person\/ddfd1bb550609fd524d070dc1734f974"},"breadcrumb":{"@id":"https:\/\/kofe.hu\/parola\/parola-folyoirat\/videkfejlesztesi-trening\/#breadcrumb"},"inLanguage":"hu","potentialAction":[{"@type":"ReadAction","target":["https:\/\/kofe.hu\/parola\/parola-folyoirat\/videkfejlesztesi-trening\/"]}]},{"@type":"ImageObject","inLanguage":"hu","@id":"https:\/\/kofe.hu\/parola\/parola-folyoirat\/videkfejlesztesi-trening\/#primaryimage","url":"https:\/\/kofe.hu\/parola\/wp-content\/uploads\/2020\/07\/97.1.jpeg","contentUrl":"https:\/\/kofe.hu\/parola\/wp-content\/uploads\/2020\/07\/97.1.jpeg","width":1425,"height":2017},{"@type":"BreadcrumbList","@id":"https:\/\/kofe.hu\/parola\/parola-folyoirat\/videkfejlesztesi-trening\/#breadcrumb","itemListElement":[{"@type":"ListItem","position":1,"name":"Home","item":"https:\/\/kofe.hu\/parola\/"},{"@type":"ListItem","position":2,"name":"Vid\u00e9kfejleszt\u00e9si tr\u00e9ning"}]},{"@type":"WebSite","@id":"https:\/\/kofe.hu\/parola\/#website","url":"https:\/\/kofe.hu\/parola\/","name":"Parola Foly\u00f3irat","description":"","potentialAction":[{"@type":"SearchAction","target":{"@type":"EntryPoint","urlTemplate":"https:\/\/kofe.hu\/parola\/?s={search_term_string}"},"query-input":{"@type":"PropertyValueSpecification","valueRequired":true,"valueName":"search_term_string"}}],"inLanguage":"hu"},{"@type":"Person","@id":"https:\/\/kofe.hu\/parola\/#\/schema\/person\/ddfd1bb550609fd524d070dc1734f974","name":"Csonka Bernadett","image":{"@type":"ImageObject","inLanguage":"hu","@id":"https:\/\/kofe.hu\/parola\/#\/schema\/person\/image\/015f7e5f48b087faa70310b13d4d3d4c","url":"https:\/\/secure.gravatar.com\/avatar\/573afa578361f116d9fdef836f9b5e58571b3206f1a8f3a6aa900257d69420ab?s=96&d=mm&r=g","contentUrl":"https:\/\/secure.gravatar.com\/avatar\/573afa578361f116d9fdef836f9b5e58571b3206f1a8f3a6aa900257d69420ab?s=96&d=mm&r=g","caption":"Csonka Bernadett"},"url":"https:\/\/kofe.hu\/parola\/szerzok\/csonka-bernadett\/"}]}},"_links":{"self":[{"href":"https:\/\/kofe.hu\/parola\/wp-json\/wp\/v2\/posts\/2561","targetHints":{"allow":["GET"]}}],"collection":[{"href":"https:\/\/kofe.hu\/parola\/wp-json\/wp\/v2\/posts"}],"about":[{"href":"https:\/\/kofe.hu\/parola\/wp-json\/wp\/v2\/types\/post"}],"author":[{"embeddable":true,"href":"https:\/\/kofe.hu\/parola\/wp-json\/wp\/v2\/users\/331"}],"replies":[{"embeddable":true,"href":"https:\/\/kofe.hu\/parola\/wp-json\/wp\/v2\/comments?post=2561"}],"version-history":[{"count":2,"href":"https:\/\/kofe.hu\/parola\/wp-json\/wp\/v2\/posts\/2561\/revisions"}],"predecessor-version":[{"id":4815,"href":"https:\/\/kofe.hu\/parola\/wp-json\/wp\/v2\/posts\/2561\/revisions\/4815"}],"wp:featuredmedia":[{"embeddable":true,"href":"https:\/\/kofe.hu\/parola\/wp-json\/wp\/v2\/media\/3484"}],"wp:attachment":[{"href":"https:\/\/kofe.hu\/parola\/wp-json\/wp\/v2\/media?parent=2561"}],"wp:term":[{"taxonomy":"category","embeddable":true,"href":"https:\/\/kofe.hu\/parola\/wp-json\/wp\/v2\/categories?post=2561"},{"taxonomy":"post_tag","embeddable":true,"href":"https:\/\/kofe.hu\/parola\/wp-json\/wp\/v2\/tags?post=2561"},{"taxonomy":"author","embeddable":true,"href":"https:\/\/kofe.hu\/parola\/wp-json\/wp\/v2\/coauthors?post=2561"}],"curies":[{"name":"wp","href":"https:\/\/api.w.org\/{rel}","templated":true}]}}