{"id":2559,"date":"2020-07-10T07:43:49","date_gmt":"2020-07-10T07:43:49","guid":{"rendered":"https:\/\/kofe.hu\/parola\/?p=2559"},"modified":"2020-07-30T16:23:46","modified_gmt":"2020-07-30T16:23:46","slug":"civil-kollegium-kozossegi-haz-kunbabony","status":"publish","type":"post","link":"https:\/\/kofe.hu\/parola\/parola-folyoirat\/civil-kollegium-kozossegi-haz-kunbabony\/","title":{"rendered":"Civil Koll\u00e9gium K\u00f6z\u00f6ss\u00e9gi H\u00e1z, Kunb\u00e1bony"},"content":{"rendered":"<p style=\"text-align: justify;\"><span style=\"font-family: Times New Roman CE;\">A H\u00e1z eresze alatt felharsantak a fanf\u00e1rok. A kunszentmikl\u00f3si Zeneiskola igazgat\u00f3ja \u00e9s tan\u00e1ra k\u00f6sz\u00f6nt\u00f6tt benn\u00fcnket hangfennsz\u00f3val s mi, akik a H\u00e1zat l\u00e9trehoztuk \u2013 kin\u00e9zt\u00fck, bele\u00f6lt\u00fck cs\u00f3r\u00f3 kis szervezeteink marad\u00e9k fill\u00e9reit, majd szponzor\u00e1ltattuk (p\u00e1ly\u00e1ztunk, p\u00e1ly\u00e1ztunk \u00e9s p\u00e1ly\u00e1ztunk), m\u0171vezett\u00fck, s adom\u00e1nyokat szervezt\u00fcnk term\u00e9szetben is (a \u201chol \u00e9s ki ad termel\u0151i \u00e1ron tet\u0151t, t\u00e9gl\u00e1t, radi\u00e1tort, \u00e1gyat, stb.\u201d vessz\u0151fut\u00e1s\u00e1t ismerik, ugye?), \u00fcgyint\u00e9zt\u00fcnk, telefon\u00e1ltunk, levelezt\u00fcnk, otthonr\u00f3l elvitt\u00fck a rozoga sz\u00e9keinket, n\u00e9lk\u00fcl\u00f6zhet\u0151 ev\u0151eszk\u00f6zeinket, poharainkat, leselejtezett b\u00fatorokra v\u00e1ltottuk r\u00e9gi koll\u00e9gi\u00e1lis kapcsolatainkat, megh\u00edv\u00f3kat k\u00e9sz\u00edtett\u00fcnk \u00e9s a h\u00e1zr\u00f3l fot\u00f3kat, ter\u00edtett\u00fcnk, d\u00edsz\u00edtett\u00fcnk, aperitif-s\u00e1trat vert\u00fcnk, mert megh\u00edvtuk a partnereket, a szponzorokat, a seg\u00edt\u0151ket \u00e9s a szimpatiz\u00e1nsokat itthonr\u00f3l \u00e9s k\u00fclf\u00f6ldr\u0151l egyar\u00e1nt, \u00e9s hulla f\u00e1radtan meg\u00e9rkezt\u00fcnk vel\u00fck lerobbant, k\u00f6lcs\u00f6nk\u00e9rt aut\u00f3inkkal d\u00e9lben, a 30 fokos melegben \u2013 mondom teh\u00e1t, mi, akik a H\u00e1zat l\u00e9trehoztuk, a harson\u00e1k hangjain\u00e1l d\u00f6bbent\u00fcnk r\u00e1: igen, a pillanat el\u00e9rkezett &#8230;<\/span><\/p>\n<p style=\"text-align: justify;\"><!--more--><br \/>\n<span style=\"font-family: Times New Roman CE;\">El\u00e9rkezett a pillanat, amikor a Civil Koll\u00e9gium Alap\u00edtv\u00e1ny megnyitotta bentlak\u00e1sos k\u00e9pz\u00e9si k\u00f6zpontj\u00e1t Kunb\u00e1bonyban, a Fels\u0151-Kiskuns\u00e1g Kunszentmikl\u00f3shoz tartoz\u00f3 tanyabokr\u00e1ban, 1997. j\u00fanius 27-\u00e9n, p\u00e9nteken d\u00e9li 12 \u00f3rakor.<\/span><br \/>\n<span style=\"font-family: Times New Roman CE;\">Siker\u00fclt. \u00d6sszej\u00f6tt. Megcsin\u00e1ltuk. T\u00fal\u00e9lt\u00fck. \u00d6r\u00fclj\u00fcnk. \u00c9s szedj\u00fck \u00f6ssze magunkat, mert a neheze csak most k\u00f6vetkezik&#8230; M\u0171k\u00f6dtetni, fenntartani, k\u00eds\u00e9rleti k\u00e9pz\u00e9seket folytatni \u00e9s tananyagokat kifejleszteni, tan\u00e1rokat kik\u00e9pezni, helyi projektek r\u00e9sztvev\u0151it k\u00e9pz\u00e9sekre ide- \u00e9s visszautaztatni, konferenci\u00e1kat, szemin\u00e1riumokat szervezni, s minderre adom\u00e1nyokat szerezni Nem lesz k\u00f6nny\u0171&#8230; De valahogy mindez m\u00e1r nem olyan hihetetlen. Neh\u00e9z \u00e9s folyamatos k\u00fczdelem lesz, az igaz, de ez m\u00e1r k\u00f6zelebb \u00e1ll a szakm\u00e1nkhoz, mint egy H\u00e1zat l\u00e9trehozni, egy olyan orsz\u00e1gban, ahol senki nem ad p\u00e9nzt \u00e9p\u00edtkez\u00e9sre&#8230; 400 n\u00e9gyzetm\u00e9ter, 24 \u00e1gy (8 szoba, mindegyik f\u00fcrd\u0151szob\u00e1val), meleg\u00edt\u0151 konyha, nappali, tanterem, el\u0151t\u00e9r, mell\u00e9khelyis\u00e9gek \u2013 ez a mi k\u00e9pz\u00e9si k\u00f6zpontunk, amely berendezve mintegy 30 milli\u00f3t em\u00e9sztett fel. \u00c9s hihetetlen, hogy ezt \u00f6sszeszedt\u00fck, megszerezt\u00fck. Pattan\u00e1sig fesz\u00fclt idegeink most el\u0151sz\u00f6r ernyednek el \u00e9s most el\u0151sz\u00f6r jutnak esz\u00fcnkbe pozit\u00edv dolgok. Az p\u00e9ld\u00e1ul, hogy az \u201c\u00e1tkosban\u201d ez nem t\u00f6rt\u00e9nhetett volna meg. Hi\u00e1ba magyar\u00e1ztuk volna mi m\u00e9goly \u00e9kessz\u00f3l\u00f3an b\u00e1rmilyen szint\u0171 d\u00f6nt\u00e9shoz\u00f3nak, hogy a helyi polg\u00e1roknak, civil szervezeteknek sz\u00fcks\u00e9g\u00fck lenne k\u00e9pz\u00e9sre \u00e9s olyan tan\u00e1rokra, akik az \u0151 \u00e9lettapasztalataikra \u00e9p\u00edtve tan\u00edtanak, vagy helyesebben: hozz\u00e1seg\u00edtik \u0151ket ahhoz, hogy \u00e9lm\u00e9nyeiket egym\u00e1snak \u00e1tadj\u00e1k \u00e9s egym\u00e1st tan\u00edts\u00e1k, s hogy mindehhez egy h\u00e1zra lenne sz\u00fcks\u00e9g, egy intim, kedves \u00e9s egyszer\u0171 k\u00f6rnyezetre, amelyben az egym\u00e1sra figyel\u00e9s, az elm\u00e9ly\u00fcl\u00e9s, az otthoni gondokb\u00f3l val\u00f3 kiszakad\u00e1s az egyetlen programlehet\u0151s\u00e9g, ebben viszont \u201cvalaki\u201d nagy seg\u00edts\u00e9g\u00fckre lesz, s az a k\u00f6r\u00fcl\u00f6lel\u0151 alf\u00f6ldi puszta, az \u00e9gbolt, maga a Term\u00e9szet &#8230;<\/span><\/p>\n<p><span style=\"font-family: Times New Roman CE;\">Ugye, a Ny\u00e1jas Olvas\u00f3 is \u00e9rti, hogy mi\u00e9rt magyar\u00e1ztuk volna mindezt hi\u00e1ba b\u00e1rmely d\u00f6nt\u00e9shoz\u00f3nak&#8230;? Nem csak az\u00e9rt, mert akkoriban m\u00e9g nem voltak \u201chelyi\u201d polg\u00e1rok, civil szervezetek, hanem az\u00e9rt is, mert az \u00fan. alulr\u00f3l j\u00f6v\u0151 kezdem\u00e9nyez\u00e9sek, amelyekhez k\u00fcl\u00f6n p\u00e9nz is kellett, a legritk\u00e1bb esetben val\u00f3sultak meg \u2013 \u00e9n legal\u00e1bbis nemigen tudok ilyenr\u0151l. \u00c9s most nem kellett k\u00e9rv\u00e9nyezn\u00fcnk, magyar\u00e1zkodnunk, \u201cn\u201d-szer \u00e1t\u00edrnunk javaslatokat. Nekil\u00e1ttunk \u00e9s megcsin\u00e1ltuk. Lehet\u0151s\u00e9g\u00fcnk volt r\u00e1 \u00e9s mi \u00e9lt\u00fcnk vele. S a K\u00f6z\u00f6ss\u00e9gfejleszt\u0151k Egyes\u00fclete, a K\u00f6z\u00f6ss\u00e9gszolg\u00e1lat Alap\u00edtv\u00e1ny, a K\u00f6z\u00f6ss\u00e9gi Kapcsolat Alap\u00edtv\u00e1ny 1984 november\u00e9ben megalap\u00edtotta a Civil Koll\u00e9gium Alap\u00edtv\u00e1nyt, a k\u00f6z\u00f6ss\u00e9gfejleszt\u0151k k\u00e9pz\u00e9si szervezet\u00e9t. A H\u00e1z csak egy helysz\u00edn, hiszen 1996-ben m\u00e9g nem volt h\u00e1zunk, de m\u00e1r 1600 f\u0151t tan\u00edtottunk szerte az orsz\u00e1gban, h\u00e9tv\u00e9geken. Most, hogy a H\u00e1z elk\u00e9sz\u00fclt, m\u00e1r nem kell nek\u00fcnk val\u00f3 helyet keresni, nem kell hajdan jobb napokat l\u00e1tott, t\u00f6bb sz\u00e1z f\u0151t befogad\u00f3 r\u00e9gi KISZ-t\u00e1borba, vagy tan\u00e1csi \u00fcd\u00fcl\u0151be menni, ahol a t\u00e1bor egy szeglet\u00e9ben megh\u00fazhatjuk magunkat. Megsz\u00fcletett a mi \u00f6sszej\u00f6veteli hely\u00fcnk, k\u00f6z\u00f6ss\u00e9gfejleszt\u0151k\u00e9 \u00e9s helyi polg\u00e1rok\u00e9, akik az orsz\u00e1g k\u00fcl\u00f6nb\u00f6z\u0151 r\u00e9szeib\u0151l \u00e9rkeznek egy-egy k\u00e9pz\u00e9sre, hogy tal\u00e1lkozzanak a hozz\u00e1juk hasonl\u00f3 probl\u00e9m\u00e1k megold\u00e1s\u00e1n f\u00e1radoz\u00f3kkal, hogy kicser\u00e9lj\u00e9k tapasztalataikat, hogy tanuljanak egym\u00e1st\u00f3l, hogy beker\u00fcljenek egy orsz\u00e1gos k\u00f6z\u00f6ss\u00e9gi mozgalomba, ahonnan seg\u00edt\u0151ket, kapcsolatokat, inform\u00e1ci\u00f3kat kapnak a k\u00e9pz\u00e9s ut\u00e1n is.<\/span><br \/>\n<span style=\"font-family: Times New Roman CE;\">V\u00e1llalkoz\u00f3 bar\u00e1tn\u0151m azt mondta: \u201cl\u00e9nyeg\u00e9ben az is v\u00e1llalkoz\u00e1s, amit ti csin\u00e1ltok!\u201d Az. K\u00f6z\u00f6ss\u00e9gi v\u00e1llalkoz\u00e1s.<\/span><br \/>\n<span style=\"font-family: Times New Roman CE;\">Varga A. Tam\u00e1s megnyit\u00f3 besz\u00e9d\u00e9ben egy szellemi \u00e9s fizikai \u00e9p\u00edtkez\u00e9sr\u0151l besz\u00e9lt. Az avat\u00f3\u00fcnneps\u00e9g csak egy \u00fcnnep\u00e9lyes pillanata volt ennek az \u00e9p\u00edtkez\u00e9si folyamatnak, amelyik tov\u00e1bb tart. Az avat\u00e1s sz\u00e1munkra azt jelenti, hogy megh\u00edvtuk mindazokat, akik ennek az \u00fcgynek b\u00e1rmif\u00e9le m\u00f3don a szolg\u00e1lat\u00e1ban \u00e1lltak. A kunszentmikl\u00f3si polg\u00e1rmestert, M\u00f3zes Ern\u0151t, aki sz\u00edv\u00fcgy\u00e9nek tekintette, hogy a mintegy 10 \u00e9ve nem \u00fczemel\u0151 kunb\u00e1bonyi iskola \u00faj \u00e9letre keljen \u00e9s a kunb\u00e1bonyiak is haszn\u00e1lhass\u00e1k k\u00f6z\u00f6ss\u00e9gi rendezv\u00e9nyeikre. A k\u00e9pvisel\u0151test\u00fclet 2,5 milli\u00f3\u00e9rt adta el az igen rossz \u00e1llapotban l\u00e9v\u0151 h\u00e1zat, azzal, hogy ugyanennyi \u00e9rt\u00e9k\u0171 szakmunk\u00e1t ford\u00edt vissza \u2013 \u00e9s ez t\u00f6bbet jelentett a sz\u00e1munkra, mintha ingyen adt\u00e1k volna a H\u00e1zat. Szerencs\u00e9nk volt, mert az \u00e9p\u00edtkez\u00e9s kritikus pillanat\u00e1ban r\u00e1nktal\u00e1lt az Egy\u00fcttm\u0171k\u00f6d\u0151 Holland Alap\u00edtv\u00e1nyok egyik magyarorsz\u00e1gi kur\u00e1tora, Bobok Be\u00e1ta, aki megszerette \u00e9s felv\u00e1llalta \u00fcgy\u00fcnket. Seg\u00edts\u00e9g\u00fckkel mintegy 9 milli\u00f3 forinthoz jutottunk. De k\u00e9pz\u00e9seinket \u00e9s a h\u00e1zat is t\u00e1mogatta a Levi Strauss Foundation, a londoni sz\u00e9khely\u0171 Westminster Alap\u00edtv\u00e1ny, a magyarorsz\u00e1gi H\u00e1l\u00f3zat a Demokr\u00e1ci\u00e1\u00e9rt Program, a British Council, a Brit Nagyk\u00f6vets\u00e9g, de legels\u0151sorban is a Yorkshire-i Barnsley-ban sz\u00e9kel\u0151 testv\u00e9rint\u00e9zm\u00e9ny\u00fcnk, a Northern College, mely a 7 nagy-britanniai feln\u0151ttk\u00e9pz\u00e9si k\u00f6zpont egyike. Tan\u00e1ra, John Grayson \u00e9s a k\u00f6z\u00f6ss\u00e9gfejleszt\u0151 Marion Horton az, aki a tantervi strukt\u00fara kialak\u00edt\u00e1s\u00e1ban, a tan\u00e1rok k\u00e9pz\u00e9s\u00e9ben mindv\u00e9gig, \u00e9s a j\u00f6v\u0151ben is a seg\u00edts\u00e9g\u00fcnkre \u00e1ll. Sz\u00e1munkra tal\u00e1n az \u0151 folyamatos jelenl\u00e9t\u00fck a legfontosabb: mindv\u00e9gig b\u00edztak benn\u00fcnk, \u00e9rdekelte \u0151ket, hol tartunk, milyen neh\u00e9zs\u00e9geink vannak, vel\u00fcnk \u00f6r\u00fcltek, ha volt minek \u00e9s b\u00edztattak, ha valami nem siker\u00fclt. Elj\u00f6ttek az \u00e9p\u00edtkez\u00e9s sor\u00e1n munkat\u00e1rsainkk\u00e1, bar\u00e1tainkk\u00e1 v\u00e1lt kiskuns\u00e1gi emberek, s azok k\u00f6z\u00fcl n\u00e9h\u00e1nyan, akik B\u00e1cs-Kiskun megye fejleszt\u00e9s\u00e9\u00e9rt sokat tettek \u2013 mint pl. Alison Lys, a Munka\u00fcgyi Miniszt\u00e9rium tan\u00e1csad\u00f3ja, aki m\u00e1r j\u00f3l besz\u00e9li nyelv\u00fcnket is, s nem szorult annyira a remek, bar\u00e1tt\u00e1 v\u00e1lt tolm\u00e1csra, Juh\u00e1sz Katira, mint m\u00e1sok. \u00c9s ott volt tv-s bar\u00e1tunk, Wiegmann Alfr\u00e9d, aki t\u00f6bb helyi fejleszt\u00e9s\u00fcnkr\u0151l k\u00e9sz\u00edtett m\u00e1r h\u0171s\u00e9gesen m\u0171sort az MTV-ben, vagy a kedves sz\u00e1guld\u00f3 riporter a BBC-t\u0151l, aki angol kapcsolatok ut\u00e1n kutatott t\u00f6bbhetes eur\u00f3pai k\u00f6r\u00fatj\u00e1n, s akit a n\u00e9z\u0151k telefonjai k\u00fcldenek egyik helyr\u0151l a m\u00e1sikra&#8230; Kik is m\u00e9g? \u00c9des Istenem, h\u00e1t \u00e9p\u00edt\u00e9szbar\u00e1tunk, Csernyus L\u0151rinc \u2013 nek\u00fcnk Menyus \u2013, aki a h\u00e1zat tervezte, j\u00f6tt el csal\u00e1dostul. \u00c9s a bar\u00e1tok k\u00f6z\u00fcl n\u00e9h\u00e1nyan, Beke Pali, Balipap Feri, Vattay Dini, \u00e9s a Csal\u00e1di Szolg\u00e1latok Lig\u00e1j\u00e1t\u00f3l R\u00e1tai Csaba \u00e9s munkat\u00e1rsai, s nem utols\u00f3 sorban a h\u00e1zon dolgoz\u00f3 munk\u00e1sok, \u00e9l\u00fck\u00f6n a nagyszer\u0171 Siroki S\u00e1ndorral. A Dunaferr, a Tatai Cser\u00e9pgy\u00e1r, az Alf\u00f6ldi Porcel\u00e1ngy\u00e1r, a Termomax, a Quadriga, a Liget Hotel, a Tungsram k\u00e9pvisel\u0151i j\u00f3k\u00edv\u00e1ns\u00e1gaikat k\u00fcldt\u00e9k el, s mi egy sz\u00e9p, bekeretezett f\u00e9nyk\u00e9ppel k\u00f6sz\u00f6nt\u00fck meg seg\u00edts\u00e9g\u00fcket.<\/span><br \/>\n<span style=\"font-family: Times New Roman CE;\">\u00c9s Purtzl Andrea, az elk\u00e9pzel\u00e9st \u00e9letre kelt\u0151 Varga A. Tam\u00e1s jobbkeze, a mindenkivel kapcsolatot tart\u00f3 \u00e9s minden \u00fcgyet ismer\u0151 Andi fot\u00f3zott. \u00c9s P\u00e9terfi Feri filmezett. Egysz\u00f3val: volt felhajt\u00e1s el\u00e9g, de volt is mi\u00e9rt&#8230;<\/span><\/p>\n<p><span style=\"font-family: Times New Roman CE;\">Az Alap\u00edtv\u00e1ny eln\u00f6ke: Huszerl J\u00f3zsef.<\/span><br \/>\n<span style=\"font-family: Times New Roman CE;\">Igazgat\u00f3ja: Varga A. Tam\u00e1s, k\u00e9pz\u00e9si igazgat\u00f3ja Vercseg Ilona.<\/span><br \/>\n<span style=\"font-family: Times New Roman CE;\">Eddigi tan\u00e1rai: Bal\u00e1zsi K\u00e1roly, Biharin\u00e9 Asb\u00f3th Em\u0151ke, Boldoczki \u00c9va, Cser Annam\u00e1ria, Farkas \u00c9va, Fekete Szil\u00e1rd, Grosk\u00e1n\u00e9 Pir\u00e1nszki Ir\u00e9n, Huszerl J\u00f3zsef, H. Kas \u00c9va, Marsi P\u00e9ter, Magyar Istv\u00e1nn\u00e9,<\/span><br \/>\n<span style=\"font-family: Times New Roman CE;\">M\u00e9sz\u00e1ros Zsuzsa, P\u00e9terfi Ferenc, Pocsajin\u00e9 F\u00e1bi\u00e1n Magdolna, P\u00f3sfai P\u00e9ter, Schmidt<\/span><br \/>\n<span style=\"font-family: Times New Roman CE;\">Melinda, Varga A. Tam\u00e1s, Vercseg Ilona.<\/span><\/p>\n<p><span style=\"font-family: Times New Roman CE;\">C\u00edm\u00fcnk \u00e9s telefonsz\u00e1munk<\/span><br \/>\n<span style=\"font-family: Times New Roman CE;\">a Parola szerkeszt\u0151s\u00e9g\u00e9vel azonos.<\/span><\/p>\n","protected":false},"excerpt":{"rendered":"<p>A H\u00e1z eresze alatt felharsantak a fanf\u00e1rok. A kunszentmikl\u00f3si Zeneiskola igazgat\u00f3ja \u00e9s tan\u00e1ra k\u00f6sz\u00f6nt\u00f6tt benn\u00fcnket hangfennsz\u00f3val s mi, akik a H\u00e1zat l\u00e9trehoztuk \u2013 kin\u00e9zt\u00fck, bele\u00f6lt\u00fck cs\u00f3r\u00f3 kis szervezeteink marad\u00e9k fill\u00e9reit, majd szponzor\u00e1ltattuk (p\u00e1ly\u00e1ztunk, p\u00e1ly\u00e1ztunk \u00e9s p\u00e1ly\u00e1ztunk), m\u0171vezett\u00fck, s adom\u00e1nyokat szervezt\u00fcnk term\u00e9szetben is (a \u201chol \u00e9s ki ad termel\u0151i \u00e1ron tet\u0151t, t\u00e9gl\u00e1t, radi\u00e1tort, \u00e1gyat, stb.\u201d vessz\u0151fut\u00e1s\u00e1t [&hellip;]<\/p>\n","protected":false},"author":4,"featured_media":3484,"comment_status":"open","ping_status":"open","sticky":false,"template":"","format":"standard","meta":{"_acf_changed":false,"footnotes":""},"categories":[418,8,7],"tags":[],"coauthors":[47],"class_list":["post-2559","post","type-post","status-publish","format-standard","has-post-thumbnail","hentry","category-parola-1997-1","category-parola-folyoirat","category-repertorium"],"acf":[],"yoast_head":"<!-- This site is optimized with the Yoast SEO plugin v26.7 - https:\/\/yoast.com\/wordpress\/plugins\/seo\/ -->\n<title>Civil Koll\u00e9gium K\u00f6z\u00f6ss\u00e9gi H\u00e1z, Kunb\u00e1bony - Parola Foly\u00f3irat<\/title>\n<meta name=\"robots\" content=\"index, follow, max-snippet:-1, max-image-preview:large, max-video-preview:-1\" \/>\n<link rel=\"canonical\" href=\"https:\/\/kofe.hu\/parola\/parola-folyoirat\/civil-kollegium-kozossegi-haz-kunbabony\/\" \/>\n<meta property=\"og:locale\" content=\"hu_HU\" \/>\n<meta property=\"og:type\" content=\"article\" \/>\n<meta property=\"og:title\" content=\"Civil Koll\u00e9gium K\u00f6z\u00f6ss\u00e9gi H\u00e1z, Kunb\u00e1bony - Parola Foly\u00f3irat\" \/>\n<meta property=\"og:description\" content=\"A H\u00e1z eresze alatt felharsantak a fanf\u00e1rok. A kunszentmikl\u00f3si Zeneiskola igazgat\u00f3ja \u00e9s tan\u00e1ra k\u00f6sz\u00f6nt\u00f6tt benn\u00fcnket hangfennsz\u00f3val s mi, akik a H\u00e1zat l\u00e9trehoztuk \u2013 kin\u00e9zt\u00fck, bele\u00f6lt\u00fck cs\u00f3r\u00f3 kis szervezeteink marad\u00e9k fill\u00e9reit, majd szponzor\u00e1ltattuk (p\u00e1ly\u00e1ztunk, p\u00e1ly\u00e1ztunk \u00e9s p\u00e1ly\u00e1ztunk), m\u0171vezett\u00fck, s adom\u00e1nyokat szervezt\u00fcnk term\u00e9szetben is (a \u201chol \u00e9s ki ad termel\u0151i \u00e1ron tet\u0151t, t\u00e9gl\u00e1t, radi\u00e1tort, \u00e1gyat, stb.\u201d vessz\u0151fut\u00e1s\u00e1t [&hellip;]\" \/>\n<meta property=\"og:url\" content=\"https:\/\/kofe.hu\/parola\/parola-folyoirat\/civil-kollegium-kozossegi-haz-kunbabony\/\" \/>\n<meta property=\"og:site_name\" content=\"Parola Foly\u00f3irat\" \/>\n<meta property=\"article:published_time\" content=\"2020-07-10T07:43:49+00:00\" \/>\n<meta property=\"article:modified_time\" content=\"2020-07-30T16:23:46+00:00\" \/>\n<meta property=\"og:image\" content=\"https:\/\/kofe.hu\/parola\/wp-content\/uploads\/2020\/07\/97.1.jpeg\" \/>\n\t<meta property=\"og:image:width\" content=\"1425\" \/>\n\t<meta property=\"og:image:height\" content=\"2017\" \/>\n\t<meta property=\"og:image:type\" content=\"image\/jpeg\" \/>\n<meta name=\"author\" content=\"Parola\" \/>\n<meta name=\"twitter:card\" content=\"summary_large_image\" \/>\n<meta name=\"twitter:label1\" content=\"Szerz\u0151:\" \/>\n\t<meta name=\"twitter:data1\" content=\"Parola\" \/>\n\t<meta name=\"twitter:label2\" content=\"Becs\u00fclt olvas\u00e1si id\u0151\" \/>\n\t<meta name=\"twitter:data2\" content=\"8 perc\" \/>\n\t<meta name=\"twitter:label3\" content=\"Written by\" \/>\n\t<meta name=\"twitter:data3\" content=\"Parola\" \/>\n<script type=\"application\/ld+json\" class=\"yoast-schema-graph\">{\"@context\":\"https:\/\/schema.org\",\"@graph\":[{\"@type\":\"Article\",\"@id\":\"https:\/\/kofe.hu\/parola\/parola-folyoirat\/civil-kollegium-kozossegi-haz-kunbabony\/#article\",\"isPartOf\":{\"@id\":\"https:\/\/kofe.hu\/parola\/parola-folyoirat\/civil-kollegium-kozossegi-haz-kunbabony\/\"},\"author\":{\"name\":\"Parola\",\"@id\":\"https:\/\/kofe.hu\/parola\/#\/schema\/person\/b39ea6ec0995233537351d7e33281aeb\"},\"headline\":\"Civil Koll\u00e9gium K\u00f6z\u00f6ss\u00e9gi H\u00e1z, Kunb\u00e1bony\",\"datePublished\":\"2020-07-10T07:43:49+00:00\",\"dateModified\":\"2020-07-30T16:23:46+00:00\",\"mainEntityOfPage\":{\"@id\":\"https:\/\/kofe.hu\/parola\/parola-folyoirat\/civil-kollegium-kozossegi-haz-kunbabony\/\"},\"wordCount\":1704,\"commentCount\":0,\"image\":{\"@id\":\"https:\/\/kofe.hu\/parola\/parola-folyoirat\/civil-kollegium-kozossegi-haz-kunbabony\/#primaryimage\"},\"thumbnailUrl\":\"https:\/\/kofe.hu\/parola\/wp-content\/uploads\/2020\/07\/97.1.jpeg\",\"articleSection\":[\"Parola 1997\/1\",\"Parola Foly\u00f3irat\",\"Repert\u00f3rium\"],\"inLanguage\":\"hu\",\"potentialAction\":[{\"@type\":\"CommentAction\",\"name\":\"Comment\",\"target\":[\"https:\/\/kofe.hu\/parola\/parola-folyoirat\/civil-kollegium-kozossegi-haz-kunbabony\/#respond\"]}]},{\"@type\":\"WebPage\",\"@id\":\"https:\/\/kofe.hu\/parola\/parola-folyoirat\/civil-kollegium-kozossegi-haz-kunbabony\/\",\"url\":\"https:\/\/kofe.hu\/parola\/parola-folyoirat\/civil-kollegium-kozossegi-haz-kunbabony\/\",\"name\":\"Civil Koll\u00e9gium K\u00f6z\u00f6ss\u00e9gi H\u00e1z, Kunb\u00e1bony - Parola Foly\u00f3irat\",\"isPartOf\":{\"@id\":\"https:\/\/kofe.hu\/parola\/#website\"},\"primaryImageOfPage\":{\"@id\":\"https:\/\/kofe.hu\/parola\/parola-folyoirat\/civil-kollegium-kozossegi-haz-kunbabony\/#primaryimage\"},\"image\":{\"@id\":\"https:\/\/kofe.hu\/parola\/parola-folyoirat\/civil-kollegium-kozossegi-haz-kunbabony\/#primaryimage\"},\"thumbnailUrl\":\"https:\/\/kofe.hu\/parola\/wp-content\/uploads\/2020\/07\/97.1.jpeg\",\"datePublished\":\"2020-07-10T07:43:49+00:00\",\"dateModified\":\"2020-07-30T16:23:46+00:00\",\"author\":{\"@id\":\"https:\/\/kofe.hu\/parola\/#\/schema\/person\/b39ea6ec0995233537351d7e33281aeb\"},\"breadcrumb\":{\"@id\":\"https:\/\/kofe.hu\/parola\/parola-folyoirat\/civil-kollegium-kozossegi-haz-kunbabony\/#breadcrumb\"},\"inLanguage\":\"hu\",\"potentialAction\":[{\"@type\":\"ReadAction\",\"target\":[\"https:\/\/kofe.hu\/parola\/parola-folyoirat\/civil-kollegium-kozossegi-haz-kunbabony\/\"]}]},{\"@type\":\"ImageObject\",\"inLanguage\":\"hu\",\"@id\":\"https:\/\/kofe.hu\/parola\/parola-folyoirat\/civil-kollegium-kozossegi-haz-kunbabony\/#primaryimage\",\"url\":\"https:\/\/kofe.hu\/parola\/wp-content\/uploads\/2020\/07\/97.1.jpeg\",\"contentUrl\":\"https:\/\/kofe.hu\/parola\/wp-content\/uploads\/2020\/07\/97.1.jpeg\",\"width\":1425,\"height\":2017},{\"@type\":\"BreadcrumbList\",\"@id\":\"https:\/\/kofe.hu\/parola\/parola-folyoirat\/civil-kollegium-kozossegi-haz-kunbabony\/#breadcrumb\",\"itemListElement\":[{\"@type\":\"ListItem\",\"position\":1,\"name\":\"Home\",\"item\":\"https:\/\/kofe.hu\/parola\/\"},{\"@type\":\"ListItem\",\"position\":2,\"name\":\"Civil Koll\u00e9gium K\u00f6z\u00f6ss\u00e9gi H\u00e1z, Kunb\u00e1bony\"}]},{\"@type\":\"WebSite\",\"@id\":\"https:\/\/kofe.hu\/parola\/#website\",\"url\":\"https:\/\/kofe.hu\/parola\/\",\"name\":\"Parola Foly\u00f3irat\",\"description\":\"\",\"potentialAction\":[{\"@type\":\"SearchAction\",\"target\":{\"@type\":\"EntryPoint\",\"urlTemplate\":\"https:\/\/kofe.hu\/parola\/?s={search_term_string}\"},\"query-input\":{\"@type\":\"PropertyValueSpecification\",\"valueRequired\":true,\"valueName\":\"search_term_string\"}}],\"inLanguage\":\"hu\"},{\"@type\":\"Person\",\"@id\":\"https:\/\/kofe.hu\/parola\/#\/schema\/person\/b39ea6ec0995233537351d7e33281aeb\",\"name\":\"Parola\",\"image\":{\"@type\":\"ImageObject\",\"inLanguage\":\"hu\",\"@id\":\"https:\/\/kofe.hu\/parola\/#\/schema\/person\/image\/ef1d7dc4d1949d5457aa415351763853\",\"url\":\"https:\/\/secure.gravatar.com\/avatar\/c18c00ea50048aa7adb99e5d11e4250d05111e33b2bea02671439eb7912c945e?s=96&d=mm&r=g\",\"contentUrl\":\"https:\/\/secure.gravatar.com\/avatar\/c18c00ea50048aa7adb99e5d11e4250d05111e33b2bea02671439eb7912c945e?s=96&d=mm&r=g\",\"caption\":\"Parola\"},\"url\":\"https:\/\/kofe.hu\/parola\/szerzok\/parola\/\"}]}<\/script>\n<!-- \/ Yoast SEO plugin. -->","yoast_head_json":{"title":"Civil Koll\u00e9gium K\u00f6z\u00f6ss\u00e9gi H\u00e1z, Kunb\u00e1bony - Parola Foly\u00f3irat","robots":{"index":"index","follow":"follow","max-snippet":"max-snippet:-1","max-image-preview":"max-image-preview:large","max-video-preview":"max-video-preview:-1"},"canonical":"https:\/\/kofe.hu\/parola\/parola-folyoirat\/civil-kollegium-kozossegi-haz-kunbabony\/","og_locale":"hu_HU","og_type":"article","og_title":"Civil Koll\u00e9gium K\u00f6z\u00f6ss\u00e9gi H\u00e1z, Kunb\u00e1bony - Parola Foly\u00f3irat","og_description":"A H\u00e1z eresze alatt felharsantak a fanf\u00e1rok. A kunszentmikl\u00f3si Zeneiskola igazgat\u00f3ja \u00e9s tan\u00e1ra k\u00f6sz\u00f6nt\u00f6tt benn\u00fcnket hangfennsz\u00f3val s mi, akik a H\u00e1zat l\u00e9trehoztuk \u2013 kin\u00e9zt\u00fck, bele\u00f6lt\u00fck cs\u00f3r\u00f3 kis szervezeteink marad\u00e9k fill\u00e9reit, majd szponzor\u00e1ltattuk (p\u00e1ly\u00e1ztunk, p\u00e1ly\u00e1ztunk \u00e9s p\u00e1ly\u00e1ztunk), m\u0171vezett\u00fck, s adom\u00e1nyokat szervezt\u00fcnk term\u00e9szetben is (a \u201chol \u00e9s ki ad termel\u0151i \u00e1ron tet\u0151t, t\u00e9gl\u00e1t, radi\u00e1tort, \u00e1gyat, stb.\u201d vessz\u0151fut\u00e1s\u00e1t [&hellip;]","og_url":"https:\/\/kofe.hu\/parola\/parola-folyoirat\/civil-kollegium-kozossegi-haz-kunbabony\/","og_site_name":"Parola Foly\u00f3irat","article_published_time":"2020-07-10T07:43:49+00:00","article_modified_time":"2020-07-30T16:23:46+00:00","og_image":[{"width":1425,"height":2017,"url":"https:\/\/kofe.hu\/parola\/wp-content\/uploads\/2020\/07\/97.1.jpeg","type":"image\/jpeg"}],"author":"Parola","twitter_card":"summary_large_image","twitter_misc":{"Szerz\u0151:":"Parola","Becs\u00fclt olvas\u00e1si id\u0151":"8 perc","Written by":"Parola"},"schema":{"@context":"https:\/\/schema.org","@graph":[{"@type":"Article","@id":"https:\/\/kofe.hu\/parola\/parola-folyoirat\/civil-kollegium-kozossegi-haz-kunbabony\/#article","isPartOf":{"@id":"https:\/\/kofe.hu\/parola\/parola-folyoirat\/civil-kollegium-kozossegi-haz-kunbabony\/"},"author":{"name":"Parola","@id":"https:\/\/kofe.hu\/parola\/#\/schema\/person\/b39ea6ec0995233537351d7e33281aeb"},"headline":"Civil Koll\u00e9gium K\u00f6z\u00f6ss\u00e9gi H\u00e1z, Kunb\u00e1bony","datePublished":"2020-07-10T07:43:49+00:00","dateModified":"2020-07-30T16:23:46+00:00","mainEntityOfPage":{"@id":"https:\/\/kofe.hu\/parola\/parola-folyoirat\/civil-kollegium-kozossegi-haz-kunbabony\/"},"wordCount":1704,"commentCount":0,"image":{"@id":"https:\/\/kofe.hu\/parola\/parola-folyoirat\/civil-kollegium-kozossegi-haz-kunbabony\/#primaryimage"},"thumbnailUrl":"https:\/\/kofe.hu\/parola\/wp-content\/uploads\/2020\/07\/97.1.jpeg","articleSection":["Parola 1997\/1","Parola Foly\u00f3irat","Repert\u00f3rium"],"inLanguage":"hu","potentialAction":[{"@type":"CommentAction","name":"Comment","target":["https:\/\/kofe.hu\/parola\/parola-folyoirat\/civil-kollegium-kozossegi-haz-kunbabony\/#respond"]}]},{"@type":"WebPage","@id":"https:\/\/kofe.hu\/parola\/parola-folyoirat\/civil-kollegium-kozossegi-haz-kunbabony\/","url":"https:\/\/kofe.hu\/parola\/parola-folyoirat\/civil-kollegium-kozossegi-haz-kunbabony\/","name":"Civil Koll\u00e9gium K\u00f6z\u00f6ss\u00e9gi H\u00e1z, Kunb\u00e1bony - Parola Foly\u00f3irat","isPartOf":{"@id":"https:\/\/kofe.hu\/parola\/#website"},"primaryImageOfPage":{"@id":"https:\/\/kofe.hu\/parola\/parola-folyoirat\/civil-kollegium-kozossegi-haz-kunbabony\/#primaryimage"},"image":{"@id":"https:\/\/kofe.hu\/parola\/parola-folyoirat\/civil-kollegium-kozossegi-haz-kunbabony\/#primaryimage"},"thumbnailUrl":"https:\/\/kofe.hu\/parola\/wp-content\/uploads\/2020\/07\/97.1.jpeg","datePublished":"2020-07-10T07:43:49+00:00","dateModified":"2020-07-30T16:23:46+00:00","author":{"@id":"https:\/\/kofe.hu\/parola\/#\/schema\/person\/b39ea6ec0995233537351d7e33281aeb"},"breadcrumb":{"@id":"https:\/\/kofe.hu\/parola\/parola-folyoirat\/civil-kollegium-kozossegi-haz-kunbabony\/#breadcrumb"},"inLanguage":"hu","potentialAction":[{"@type":"ReadAction","target":["https:\/\/kofe.hu\/parola\/parola-folyoirat\/civil-kollegium-kozossegi-haz-kunbabony\/"]}]},{"@type":"ImageObject","inLanguage":"hu","@id":"https:\/\/kofe.hu\/parola\/parola-folyoirat\/civil-kollegium-kozossegi-haz-kunbabony\/#primaryimage","url":"https:\/\/kofe.hu\/parola\/wp-content\/uploads\/2020\/07\/97.1.jpeg","contentUrl":"https:\/\/kofe.hu\/parola\/wp-content\/uploads\/2020\/07\/97.1.jpeg","width":1425,"height":2017},{"@type":"BreadcrumbList","@id":"https:\/\/kofe.hu\/parola\/parola-folyoirat\/civil-kollegium-kozossegi-haz-kunbabony\/#breadcrumb","itemListElement":[{"@type":"ListItem","position":1,"name":"Home","item":"https:\/\/kofe.hu\/parola\/"},{"@type":"ListItem","position":2,"name":"Civil Koll\u00e9gium K\u00f6z\u00f6ss\u00e9gi H\u00e1z, Kunb\u00e1bony"}]},{"@type":"WebSite","@id":"https:\/\/kofe.hu\/parola\/#website","url":"https:\/\/kofe.hu\/parola\/","name":"Parola Foly\u00f3irat","description":"","potentialAction":[{"@type":"SearchAction","target":{"@type":"EntryPoint","urlTemplate":"https:\/\/kofe.hu\/parola\/?s={search_term_string}"},"query-input":{"@type":"PropertyValueSpecification","valueRequired":true,"valueName":"search_term_string"}}],"inLanguage":"hu"},{"@type":"Person","@id":"https:\/\/kofe.hu\/parola\/#\/schema\/person\/b39ea6ec0995233537351d7e33281aeb","name":"Parola","image":{"@type":"ImageObject","inLanguage":"hu","@id":"https:\/\/kofe.hu\/parola\/#\/schema\/person\/image\/ef1d7dc4d1949d5457aa415351763853","url":"https:\/\/secure.gravatar.com\/avatar\/c18c00ea50048aa7adb99e5d11e4250d05111e33b2bea02671439eb7912c945e?s=96&d=mm&r=g","contentUrl":"https:\/\/secure.gravatar.com\/avatar\/c18c00ea50048aa7adb99e5d11e4250d05111e33b2bea02671439eb7912c945e?s=96&d=mm&r=g","caption":"Parola"},"url":"https:\/\/kofe.hu\/parola\/szerzok\/parola\/"}]}},"_links":{"self":[{"href":"https:\/\/kofe.hu\/parola\/wp-json\/wp\/v2\/posts\/2559","targetHints":{"allow":["GET"]}}],"collection":[{"href":"https:\/\/kofe.hu\/parola\/wp-json\/wp\/v2\/posts"}],"about":[{"href":"https:\/\/kofe.hu\/parola\/wp-json\/wp\/v2\/types\/post"}],"author":[{"embeddable":true,"href":"https:\/\/kofe.hu\/parola\/wp-json\/wp\/v2\/users\/4"}],"replies":[{"embeddable":true,"href":"https:\/\/kofe.hu\/parola\/wp-json\/wp\/v2\/comments?post=2559"}],"version-history":[{"count":2,"href":"https:\/\/kofe.hu\/parola\/wp-json\/wp\/v2\/posts\/2559\/revisions"}],"predecessor-version":[{"id":4814,"href":"https:\/\/kofe.hu\/parola\/wp-json\/wp\/v2\/posts\/2559\/revisions\/4814"}],"wp:featuredmedia":[{"embeddable":true,"href":"https:\/\/kofe.hu\/parola\/wp-json\/wp\/v2\/media\/3484"}],"wp:attachment":[{"href":"https:\/\/kofe.hu\/parola\/wp-json\/wp\/v2\/media?parent=2559"}],"wp:term":[{"taxonomy":"category","embeddable":true,"href":"https:\/\/kofe.hu\/parola\/wp-json\/wp\/v2\/categories?post=2559"},{"taxonomy":"post_tag","embeddable":true,"href":"https:\/\/kofe.hu\/parola\/wp-json\/wp\/v2\/tags?post=2559"},{"taxonomy":"author","embeddable":true,"href":"https:\/\/kofe.hu\/parola\/wp-json\/wp\/v2\/coauthors?post=2559"}],"curies":[{"name":"wp","href":"https:\/\/api.w.org\/{rel}","templated":true}]}}