{"id":2512,"date":"2020-06-26T09:30:24","date_gmt":"2020-06-26T09:30:24","guid":{"rendered":"https:\/\/kofe.hu\/parola\/?p=2512"},"modified":"2020-07-30T11:54:49","modified_gmt":"2020-07-30T11:54:49","slug":"az-auto-es-az-elheto-varos","status":"publish","type":"post","link":"https:\/\/kofe.hu\/parola\/parola-folyoirat\/az-auto-es-az-elheto-varos\/","title":{"rendered":"AZ AUT\u00d3 \u00c9S AZ \u00c9LHET\u0150 V\u00c1ROS"},"content":{"rendered":"<p><i><span style=\"font-family: Arial;\">R\u00e9szlet a szerz\u0151 \u00c9letmin\u0151s\u00e9g, aut\u00f3, v\u00e1ros c\u00edm\u0171, a P\u00e9csi Tudom\u00e1nyegyetem K\u00f6zgazdas\u00e1gtudom\u00e1nyi Kar\u00e1hoz \u00edrott szakdolgozat\u00e1b\u00f3l.<\/span><\/i><\/p>\n<p><i><span style=\"font-family: Arial;\">A szakdolgozat teljes terjedelm\u00e9ben megtal\u00e1lhat\u00f3 a\u00a0<\/span><\/i><i><span style=\"font-family: Arial;\"><a href=\"http:\/\/www.kka.hu\/_Kozossegi_Adattar\/DOKUMENT.Nsf\/allomanyok?OpenView&amp;Start=1&amp;Count=30&amp;Expand=21#21\">http:\/\/www.kka.hu\/_Kozossegi_Adattar\/DOKUMENT.Nsf\/allomanyok?OpenView&amp;Start=1&amp;Count=30&amp;Expand=21#21<\/a><\/span><\/i><i><span style=\"font-family: Arial;\">\u00a0linken! (A szerk.)<\/span><\/i><\/p>\n<p><span style=\"font-family: Arial;\">Az \u00e9lhet\u0151 v\u00e1ros defin\u00edci\u00f3i h\u00e1rom alapelv tekintet\u00e9ben \u00e9rtenek egyet: hozz\u00e1f\u00e9rhet\u0151s\u00e9g, egyenl\u0151s\u00e9g, r\u00e9szv\u00e9tel. El\u00e9rhet\u0151nek kell lennie az infrastrukt\u00far\u00e1nak (k\u00f6zleked\u00e9s, kommunik\u00e1ci\u00f3, v\u00edz, eg\u00e9szs\u00e9g\u00fcgy), a t\u00e1pl\u00e1l\u00e9knak, a tiszta leveg\u0151nek, kifizethet\u0151 lak\u00e1soknak, \u00e9rtelmes munkahelyeknek \u00e9s z\u00f6ldfel\u00fcleteknek \u2013 lehet\u0151leg a v\u00e1ros minden lakosa sz\u00e1m\u00e1ra, akiknek a d\u00f6nt\u00e9shozatalban val\u00f3 r\u00e9szv\u00e9telen kereszt\u00fcl lehet\u0151s\u00e9g\u00fck ny\u00edlik \u00e9rv\u00e9nyre juttatni saj\u00e1t \u00e9rdekeiket, ig\u00e9nyeiket val\u00f3s\u00e1gg\u00e1 v\u00e1ltoztatni. Az \u00e9lhet\u0151s\u00e9g egy olyan urb\u00e1nus rendszerre vonatkozik, mely hozz\u00e1j\u00e1rul lak\u00f3i fizikai, szoci\u00e1lis, ment\u00e1lis j\u00f3l\u00e9t\u00e9hez, illetve azok szem\u00e9lyes fejl\u0151d\u00e9s\u00e9hez. (Timmer \u00e9s t\u00e1rsai 2005)<\/span><\/p>\n<p><!--more--><span style=\"font-family: Arial;\">Persze mindez relat\u00edv. Meghat\u00e1rozand\u00f3 teh\u00e1t e krit\u00e9riumok azon szintje, melyt\u0151l kezdve egy v\u00e1ros \u00e9lhet\u0151nek nevezhet\u0151. Kritikusan szeml\u00e9lve nincs olyan v\u00e1ros, mely sz\u00e1m\u00e1ra ne lehetne kijel\u00f6lni tov\u00e1bbi fejl\u0151d\u00e9si ir\u00e1nyokat. Mercer fel\u00e1ll\u00edtott egy olyan v\u00e1rosrangsort, melynek alapj\u00e1t nem az ott \u00e9l\u0151k \u00e9letmin\u0151s\u00e9ge adja, hanem azok a krit\u00e9riumok, melyek egy v\u00e1rost vonz\u00f3 lak\u00f3helly\u00e9 tesznek. A v\u00e1rosokat a k\u00f6vetkez\u0151 10 f\u0151 kateg\u00f3ria alapj\u00e1n \u00e9rt\u00e9keli: 1. politikai \u00e9s szoci\u00e1lis k\u00f6rnyezet, 2. gazdas\u00e1gi k\u00f6rnyezet, 3. szociokultur\u00e1lis k\u00f6rnyezet, 4. eg\u00e9szs\u00e9g\u00fcgy, 5. oktat\u00e1s, 6. term\u00e9szeti k\u00f6rnyezet, 7. k\u00f6zszolg\u00e1ltat\u00e1sok, k\u00f6zleked\u00e9s, sz\u00e1ll\u00edt\u00e1s, 8. szabadid\u0151, 9. fogyaszt\u00e1si javak, 10. lak\u00e1sok. (Mercer 2008) Egy fontos t\u00e9nyez\u0151 azonban innen is \u00e9s a kor\u00e1bbi meghat\u00e1roz\u00e1sokb\u00f3l is kimaradt, m\u00e9ghozz\u00e1 a t\u00e1rsas k\u00f6tel\u00e9kek\u00e9. Egy v\u00e1rost ugyanis emberek alkotnak. Az emberi kapcsolatokon nem csup\u00e1n az m\u00falik, hogyan t\u00f6ltj\u00fck szabadid\u0151nket, vagy van-e kire sz\u00e1m\u00edtanunk sz\u00fcks\u00e9ghelyzetben, de ezek hat\u00e1rozz\u00e1k meg a v\u00e1ros fejl\u0151d\u00e9s\u00e9t is. A kapcsolatok milyens\u00e9ge pedig a v\u00e1roson m\u00falik \u2013 fejl\u0151d\u00e9s\u00fckh\u00f6z hozz\u00e1j\u00e1rulnak azok a ter\u00fcletek (pl. k\u00f6zterek), melyek lehet\u0151v\u00e9 teszik a tal\u00e1lkoz\u00e1sokat. S t\u00f6bbek k\u00f6z\u00f6tt itt ker\u00fcl kapcsolatba az \u00e9lhet\u0151s\u00e9g \u00e9s az aut\u00f3mentess\u00e9g. (Flink \u00e9s t\u00e1rsai 2009) Aut\u00f3ban \u00fclve kev\u00e9s lehet\u0151s\u00e9g\u00fcnk van ismerkedni, a g\u00e9pkocsik sz\u00e1m\u00e1ra \u00e9p\u00fclt infrastrukt\u00fara rengeteg helyet vesz el a k\u00f6zterek el\u0151l, a forgalom pedig rontja azok min\u0151s\u00e9g\u00e9t.<\/span><br \/>\n<span style=\"font-family: Arial;\">\u00c9lhet\u0151 v\u00e1ros teh\u00e1t az, melynek lak\u00f3i j\u00f3l \u00e9rzik magukat ott. Az \u00e9lhet\u0151 v\u00e1ros olyan, mint egy \u00e9l\u0151 organizmus, melynek d\u00f6nt\u00e9shoz\u00f3i az \u0151t alkot\u00f3 szem\u00e9lyek j\u00f3l\u00e9t\u00e9nek biztos\u00edt\u00e1s\u00e1t tekintik els\u0151nek. Ahol a szem\u00e9lyes boldogs\u00e1g el\u0151bbre val\u00f3 a gazdas\u00e1gi \u00e9s politikai \u00e9rdekekn\u00e9l.<\/span><\/p>\n<p><b><span style=\"font-family: Arial;\">A k\u00f6z\u00f6ss\u00e9gi terek haszna<\/span><\/b><\/p>\n<p><span style=\"font-family: Arial;\">A forgalom val\u00f3s befoly\u00e1ssal van az adott k\u00f6rny\u00e9k t\u00e1rsadalmi szerkezet\u00e9re. Egy ember lak\u00f3helye k\u00f6rnyezet\u00e9ben \u00e9l\u0151 bar\u00e1tok \u00e1tlagos sz\u00e1ma \u00f6sszef\u00fcgg\u00e9sben van az utcai forgalom sebess\u00e9g\u00e9vel \u00e9s mennyis\u00e9g\u00e9vel, melyet Donald Appleyard szociol\u00f3gus felfedez\u00e9sei t\u00e1masztanak al\u00e1. Appleyard azt tal\u00e1lta, hogy egy kis forgalm\u00fa utc\u00e1ban (naponta 2000 j\u00e1rm\u0171) a lak\u00f3knak kb. 10 k\u00f6rny\u00e9kbeli bar\u00e1tjuk, ismer\u0151s\u00fck van, m\u00edg egy nagy forgalm\u00fa utca eset\u00e9ben (16 000 j\u00e1rm\u0171\/nap) csak 4 ismer\u0151s\u00fck, \u00e9s j\u00f3, ha egy bar\u00e1tjuk van. Mindez s\u00falyos lelki probl\u00e9m\u00e1kat eredm\u00e9nyezhet, illetve hozz\u00e1j\u00e1rulhat a k\u00f6z\u00f6ss\u00e9gellenes magatart\u00e1sok (pl. b\u0171n\u00f6z\u00e9s) kialakul\u00e1s\u00e1hoz. (Hyatt 2007)<\/span><br \/>\n<span style=\"font-family: Arial;\">A k\u00f6z\u00f6ss\u00e9gi terek (parkok, s\u00e9t\u00e1l\u00f3 utc\u00e1k, piacok, j\u00e1tsz\u00f3terek, [sic!] vagy ak\u00e1r buszmeg\u00e1ll\u00f3k) a t\u00e1rsas interakci\u00f3k kialakul\u00e1s\u00e1nak kataliz\u00e1torai. A tal\u00e1lkoz\u00e1sok cs\u00f6kkentik az elmag\u00e1nyosod\u00e1s m\u00e9rt\u00e9k\u00e9t, inform\u00e1ci\u00f3hoz juttatj\u00e1k az embert, illetve t\u00e1pl\u00e1lj\u00e1k az egy\u00e9nek t\u00e1rsadalmi t\u0151k\u00e9j\u00e9t, melynek fontoss\u00e1ga vitathatatlan.<\/span><br \/>\n<span style=\"font-family: Arial;\">K\u00e9ts\u00e9gbevonhatatlan, hogy az aut\u00f3k rendk\u00edv\u00fcli ter\u00fcletig\u00e9nnyel b\u00edrnak. Berlinben pl. m\u00e9g a sz\u00ednvonalas t\u00f6megk\u00f6zleked\u00e9s, s\u0171r\u0171 \u00e9s n\u00e9pszer\u0171 ker\u00e9kp\u00e1ros infrastrukt\u00fara, illetve a z\u00f6ldter\u00fcletek szokatlanul nagy ar\u00e1nya ellen\u00e9re is a rendelkez\u00e9sre \u00e1ll\u00f3 t\u00e9r 40%-\u00e1t veszik el az aut\u00f3k. (Hyatt 2007) Mindebbe nem csup\u00e1n az utak sz\u00e1m\u00edtanak bele (melyek a t\u00f6bbi k\u00f6zleked\u00e9si m\u00f3d sz\u00e1m\u00e1ra is lehet\u0151s\u00e9get jelentenek) \u2013 komolyabb probl\u00e9m\u00e1t jelentenek a parkol\u00f3helyek. Az aut\u00f3nak ugyanis nem csak otthon van sz\u00fcks\u00e9ge helyre, hanem vezet\u0151j\u00e9nek minden egyes c\u00e9lpontja k\u00f6zel\u00e9ben: a munkahelyn\u00e9l, a boltn\u00e1l, az iskol\u00e1n\u00e1l stb. A probl\u00e9ma s\u00falyoss\u00e1g\u00e1t fokozza, hogy ez a ter\u00fcletig\u00e9ny t\u00f6bbnyire egyszerre mer\u00fcl fel.<\/span><br \/>\n<span style=\"font-family: Arial;\">Felmer\u00fcl a k\u00e9rd\u00e9s: mi el\u0151l veszik el a helyet a parkol\u00f3 aut\u00f3k? Sark\u00edtott lenne azt \u00e1ll\u00edtani, hogy ezek hely\u00e9t mind parkok, k\u00f6z\u00f6ss\u00e9gi terek, k\u00e1v\u00e9z\u00f3k teraszai \u00e9s \u00fajs\u00e1gosb\u00f3d\u00e9k venn\u00e9k \u00e1t, azonban t\u00e9ny, hogy az \u00edgy felszabadul\u00f3 egy-egy s\u00e1v hozz\u00e1j\u00e1rulhatna a j\u00e1rd\u00e1k sz\u00e9less\u00e9g\u00e9nek \u00e9s a z\u00f6ldfel\u00fcletek, pihen\u0151helyek nagys\u00e1g\u00e1nak n\u00f6vel\u00e9s\u00e9hez.<\/span><br \/>\n<span style=\"font-family: Arial;\">Az eml\u00edtett \u00e9rvek mellett m\u00e9g sz\u00e1mos m\u00e1sik sorakoztathat\u00f3 fel, hogy mi\u00e9rt \u00e9rdemes fejleszteni a k\u00f6ztereket. A k\u00f6ztereken az emberek egyenl\u0151k egym\u00e1ssal \u2013 a j\u00f6vedelemk\u00fcl\u00f6nbs\u00e9gekb\u0151l ad\u00f3d\u00f3 egyenl\u0151tlens\u00e9gek egy r\u00e9sze orvosolhat\u00f3 ezzel az infrastrukt\u00far\u00e1val [l\u00e1sd Bogota p\u00e9ld\u00e1j\u00e1t videofilmen a\u00a0<\/span><span style=\"font-family: Arial;\"><a href=\"http:\/\/chibis.overstream.net\/swf\/player\/oplx?oid=ljlmaca5n8md&amp;noplay=1\">http:\/\/chibis.overstream.net\/swf\/player\/oplx?oid=ljlmaca5n8md&amp;noplay=1<\/a><\/span><span style=\"font-family: Arial;\">\u00a0linken! Err\u0151l \u00e9s tov\u00e1bbi (holland) p\u00e9ld\u00e1kr\u00f3l a Parola j\u00f6v\u0151 \u00e9vi sz\u00e1mai egyik\u00e9ben sz\u00e1mol be a szerz\u0151!\u00a0<\/span><i><span style=\"font-family: Arial;\">A szerk.<\/span><\/i><span style=\"font-family: Arial;\">] A tehet\u0151sebbek sz\u00e1mos kikapcsol\u00f3d\u00e1si lehet\u0151s\u00e9g k\u00f6z\u00fcl v\u00e1laszthatnak, m\u00edg a szeg\u00e9nyebbek sz\u00e1m\u00e1ra \u00e1ltal\u00e1ban k\u00e9t alternat\u00edva \u00e1ll rendelkez\u00e9sre: t\u00e9v\u00e9z\u00e9s vagy a k\u00f6zter\u00fcletek ig\u00e9nybev\u00e9tele. A szabad leveg\u0151n (\u00e9s pl. nem a bev\u00e1s\u00e1rl\u00f3k\u00f6zpontokban) t\u00f6lt\u00f6tt id\u0151, a mozg\u00e1s az emberek eg\u00e9szs\u00e9g\u00e9nek meg\u0151rz\u00e9s\u00e9ben is seg\u00edt. S mindezek mellett elmondhat\u00f3, hogy egy v\u00e1rost a k\u00f6zterei tesznek eml\u00e9kezetess\u00e9: a turist\u00e1k nem azzal t\u00e9rnek haza egy orsz\u00e1gb\u00f3l, hogy a fejlett \u00fath\u00e1l\u00f3zatot dics\u00e9rik, hanem az \u00e9p\u00fcleteket \u00e9s a k\u00f6ztereket. (Diaz 2006)<\/span><\/p>\n<p><b><span style=\"font-family: Arial;\">Biztons\u00e1g<\/span><\/b><\/p>\n<p><span style=\"font-family: Arial;\">Az aut\u00f3 \u00e9s a biztons\u00e1g szavak hallat\u00e1ra a t\u00f6bbs\u00e9g a balesetekre asszoci\u00e1l, pedig nem csak err\u0151l van sz\u00f3. Az elhagyatotts\u00e1g vonzza a b\u0171ncselekm\u00e9nyeket. A forgalomcs\u00f6kkent\u00e9s hozz\u00e1j\u00e1rulhat a rabl\u00e1sok \u00e9s t\u00e1mad\u00e1sok visszaszorul\u00e1s\u00e1hoz is, az\u00e1ltal, hogy a gyalogosforgalom, s \u00edgy a szemtan\u00fak sz\u00e1ma megn\u0151 az utakon. (50km\/\u00f3r\u00e1val haladva az aut\u00f3sok m\u00e9g ha meg is pillantj\u00e1k a b\u0171ncselekm\u00e9nyt, mire az tudatosul benn\u00fck, illetve meg tudnak \u00e1llni, val\u00f3sz\u00edn\u0171leg m\u00e1r k\u00e9s\u0151 seg\u00edteni.)<\/span><br \/>\n<span style=\"font-family: Arial;\">Sz\u00e1mos v\u00e1d \u00e9ri a ker\u00e9kp\u00e1roz\u00e1st annak vesz\u00e9lyess\u00e9ge miatt. M\u00e1rpedig ez a vesz\u00e9ly relat\u00edv. Egyr\u00e9szt min\u00e9l ink\u00e1bb cs\u00f6kken a forgalom, min\u00e9l fejlettebb a biciklis infrastrukt\u00fara, ann\u00e1l kevesebb vesz\u00e9ly leselkedik a ker\u00e9kp\u00e1rosokra. Ugyan\u00edgy, ha nagyobb hangs\u00falyt fektetnek a ker\u00e9kp\u00e1ros KRESZ-oktat\u00e1sra. \u00d6sszevetve a testedz\u00e9s eg\u00e9szs\u00e9gre gyakorolt hat\u00e1s\u00e1t a ker\u00e9kp\u00e1ros s\u00e9r\u00fcl\u00e9sek \u00e9s az am\u00fagy fenn\u00e1ll\u00f3 aut\u00f3k okozta balesetek mennyis\u00e9g\u00e9t, a m\u00e9rleg ak\u00e1r a ker\u00e9kp\u00e1r oldal\u00e1ra is billenhet. Amir\u0151l viszont a j\u00f3t\u00e9kony hat\u00e1sok mellett nem szabad elfelejtkezni, az a gyalogosok biztons\u00e1ga. Mivel a bicikli, illetve a bicikliutak m\u00e9g szokatlannak sz\u00e1m\u00edtanak, sok baleset sz\u00e1rmazik a gyalogosok vagy ker\u00e9kp\u00e1rosok figyelmetlens\u00e9g\u00e9b\u0151l, illetve abb\u00f3l a t\u00e9nyb\u0151l, hogy egy ker\u00e9kp\u00e1r az aut\u00f3hoz k\u00e9pest halkabb, kisebb, kev\u00e9sb\u00e9 kivil\u00e1g\u00edtott, s \u00edgy nehezebben \u00e9szrevehet\u0151.<\/span><\/p>\n<p><b><span style=\"font-family: Arial;\">A fogyaszt\u00e1s hajszol\u00e1sa \u00e9s az igazi boldogs\u00e1g<\/span><\/b><\/p>\n<p><span style=\"font-family: Arial;\">Az aut\u00f3haszn\u00e1lat kapcs\u00e1n felmer\u00fclhet a k\u00e9rd\u00e9s: boldog\u00edt-e egy\u00e1ltal\u00e1n a fogyaszt\u00e1s? A szem\u00e9lyg\u00e9pkocsi megv\u00e1s\u00e1rl\u00e1sa, \u00fajabbra cser\u00e9l\u00e9se m\u00e1r \u00f6nmag\u00e1ban fogyaszt\u00e1st jelent, a sz\u00e1ll\u00edt\u00e1s k\u00f6nnyebb\u00e9 v\u00e1l\u00e1sa pedig \u00fajabb v\u00e1s\u00e1rl\u00e1sra \u00f6szt\u00f6n\u00f6z. A k\u00f6vetkez\u0151kben bizony\u00edt\u00e1sra ker\u00fcl, hogy az ember els\u0151dleges c\u00e9lj\u00e1nak a gazdags\u00e1g helyett a boldogs\u00e1gnak kellene lennie. Ez az egyes v\u00e1rosok vezet\u00e9s\u00e9nek k\u00edv\u00e1natos f\u0151 t\u00f6rekv\u00e9s\u00e9t is meghat\u00e1rozza, melyet Penelosa, Bogota egykori polg\u00e1rmestere \u00edgy \u00f6nt\u00f6tt szavakba: \u201eEgy v\u00e1ros nem akkor sikeres, ha gazdag, hanem ha lakosai boldogok.\u201d (Gardner \u00e9s t\u00e1rsai 2004b)<\/span><br \/>\n<span style=\"font-family: Arial;\">Haszn\u00e1ra van-e a t\u00e1rsadalom tagjainak a glob\u00e1lis fogyaszt\u00f3i kult\u00fara? Ennek eld\u00f6nt\u00e9s\u00e9ben seg\u00edts\u00e9get jelent, ha meghat\u00e1rozzuk a magas fogyaszt\u00e1si szint szem\u00e9lyes \u00e1r\u00e1t: az ad\u00f3ss\u00e1gokat, a sok munk\u00e1t, melyet a fogyaszt\u00e1s \u00e9rdek\u00e9ben v\u00e9geznek el, valamint az ehhez sz\u00fcks\u00e9ges id\u0151t \u00e9s ennek k\u00f6vetkezt\u00e9ben kialakult stresszt, a birtokolt t\u00e1rgyak t\u00e1rol\u00e1s\u00e1hoz, jav\u00edt\u00e1s\u00e1hoz, tisztogat\u00e1s\u00e1hoz sz\u00fcks\u00e9ges id\u0151t, illetve azt az id\u0151t, amit ennek k\u00f6vetkezt\u00e9ben a fogyaszt\u00f3 nem a csal\u00e1dja, bar\u00e1tai k\u00f6r\u00e9ben t\u00f6lt el. (Gardner \u00e9s t\u00e1rsai 2004a)<\/span><br \/>\n<span style=\"font-family: Arial;\">Egy \u00faj felfog\u00e1sra van sz\u00fcks\u00e9g, melyben a j\u00f3 \u00e9letet a gazdags\u00e1g helyett a j\u00f3ll\u00e9tre \u00e9p\u00edtik, azaz arra, hogy az alapvet\u0151 emberi sz\u00fcks\u00e9gletek teljes\u00fcljenek: legyen szabads\u00e1g, eg\u00e9szs\u00e9g, biztons\u00e1g, \u00e9s legyenek j\u00f3 emberi kapcsolatok. A fogyaszt\u00e1s term\u00e9szetesen tov\u00e1bbra is sz\u00fcks\u00e9ges lenne, de csakis az \u00e9let min\u0151s\u00e9g\u00e9nek jav\u00edt\u00e1sa m\u00e9rt\u00e9k\u00e9ig. (Gardner \u00e9s t\u00e1rsai 2004b)<\/span><br \/>\n<span style=\"font-family: Arial;\">A j\u00f3ll\u00e9t defin\u00edci\u00f3ja az al\u00e1bbi t\u00e9nyez\u0151k megl\u00e9t\u00e9vel hozhat\u00f3 \u00f6sszef\u00fcgg\u00e9sbe:<\/span><br \/>\n<span style=\"font-family: Book Antiqua;\">\u2212\u00a0<\/span><span style=\"font-family: Arial;\">a l\u00e9tfenntart\u00e1s alapjai (\u00e9lelmiszer, hajl\u00e9k, biztons\u00e1g),<\/span><br \/>\n<span style=\"font-family: Book Antiqua;\">\u2212\u00a0<\/span><span style=\"font-family: Arial;\">j\u00f3 eg\u00e9szs\u00e9gi \u00e1llapot (az egy\u00e9n \u00e9s a term\u00e9szeti k\u00f6rnyezet \u00e9rtelm\u00e9ben egyar\u00e1nt),<\/span><br \/>\n<span style=\"font-family: Book Antiqua;\">\u2212\u00a0<\/span><span style=\"font-family: Arial;\">j\u00f3 emberi kapcsolatok (t\u00e1rsadalmi koh\u00e9zi\u00f3, t\u00e1mogat\u00f3 t\u00e1rsas h\u00e1l\u00f3zat),<\/span><br \/>\n<span style=\"font-family: Book Antiqua;\">\u2212\u00a0<\/span><span style=\"font-family: Arial;\">a szem\u00e9ly \u00e9s tulajdon biztons\u00e1ga,<\/span><br \/>\n<span style=\"font-family: Book Antiqua;\">\u2212\u00a0<\/span><span style=\"font-family: Arial;\">szabads\u00e1g (benne a fejl\u0151d\u00e9si lehet\u0151s\u00e9gek kibontakoztat\u00e1s\u00e1val).<\/span><\/p>\n<p><span style=\"font-family: Arial;\">A kifejez\u00e9s teh\u00e1t l\u00e9nyeg\u00e9ben olyan j\u00f3 \u00e9letmin\u0151s\u00e9get jelent, ahol a napi tev\u00e9kenys\u00e9geket szabadabban \u00e9s kevesebb fesz\u00fclts\u00e9ggel tudj\u00e1k v\u00e9gezni. Az a t\u00e1rsadalom, amely a j\u00f3ll\u00e9tre koncentr\u00e1l, t\u00f6bb kapcsolatot teremt a csal\u00e1ddal, bar\u00e1tokkal, szomsz\u00e9dokkal, valamint a term\u00e9szettel, s nagyobb figyelmet ford\u00edt a kiteljesed\u00e9sre \u00e9s a kreat\u00edv \u00f6nkifejez\u00e9sre, mint a javak felhalmoz\u00e1s\u00e1ra. \u00c9letst\u00edlus\u00e1val nem \u00e9l vissza saj\u00e1t eg\u00e9szs\u00e9g\u00e9vel, a t\u00f6bbi emberrel \u00e9s a term\u00e9szeti k\u00f6rnyezettel. (Ha valaki elfogadja pl. a napi testmozg\u00e1st \u00e9s a helyes t\u00e1pl\u00e1lkoz\u00e1st, nagyobb val\u00f3sz\u00edn\u0171s\u00e9ggel lesz jobb min\u0151s\u00e9g\u0171 az \u00e9lete, mintha zabol\u00e1tlanul fogyaszt.) \u00c9let\u00e9vel el\u00e9gedettebb, mint a legt\u00f6bb mai ember. (Gardner \u00e9s t\u00e1rsai, 2004b)<\/span><br \/>\n<span style=\"font-family: Arial;\">Azt meghat\u00e1rozand\u00f3, hogy melyik az a szint, ameddig a fogyaszt\u00e1s boldog\u00edt, a k\u00f6vetkez\u0151 szolg\u00e1l t\u00e1mpontk\u00e9nt. 1957 \u00e9s 2002 k\u00f6z\u00f6tt az USA-beli \u00e1tlagj\u00f6vedelem t\u00f6bb mint a k\u00e9tszeres\u00e9re n\u0151tt, m\u00edg az \u00f6nmagukat \u201enagyon boldognak\u201d nevez\u0151 emberek ar\u00e1nya mindv\u00e9gig \u00e1lland\u00f3 maradt \u2013 ellent\u00e9tben a szeg\u00e9ny orsz\u00e1gokkal, ahol a j\u00f6vedelem \u00e9s a j\u00f3ll\u00e9t k\u00e9z a k\u00e9zben j\u00e1rnak. Ennek oka val\u00f3sz\u00edn\u0171leg az, hogy a szeg\u00e9ny emberek j\u00f6vedelm\u00fck jelent\u0151s h\u00e1nyad\u00e1t az alapvet\u0151 sz\u00fcks\u00e9gletek kiel\u00e9g\u00edt\u00e9s\u00e9re ford\u00edtj\u00e1k. (Gardner \u00e9s t\u00e1rsai, 2004b)<\/span><br \/>\n<span style=\"font-family: Arial;\">A boldog emberek \u00e1ltal\u00e1ban er\u0151s \u00e9s seg\u00edt\u0151 kapcsolatokkal rendelkeznek, \u00fagy \u00e9rzik, \u0151k ir\u00e1ny\u00edtj\u00e1k saj\u00e1t \u00e9let\u00fcket, eg\u00e9szs\u00e9gi \u00e1llapotuk j\u00f3, munk\u00e1juk pedig az \u00f6nmegval\u00f3s\u00edt\u00e1sukat szolg\u00e1lja. (Gardner \u00e9s t\u00e1rsai, 2004b) Ezzel ellentmond az amerikai t\u00e1rsadalom polg\u00e1ri r\u00e9szv\u00e9tel\u00e9nek cs\u00f6kken\u00e9se, melyet Robert Putnam, a politikai tudom\u00e1nyok professzora a Harvard Egyetemen, t\u00f6bbek k\u00f6z\u00f6tt az id\u0151 korl\u00e1tozotts\u00e1g\u00e1ra, a lak\u00f3helyek t\u00e1vols\u00e1g\u00e1ra \u00e9s a nagyar\u00e1ny\u00fa t\u00e9v\u00e9z\u00e9sre vezetett vissza. Mindh\u00e1rom t\u00e9nyez\u0151 \u00f6sszef\u00fcgg a nagy fogyaszt\u00e1ssal: a fogyaszt\u00e1si szok\u00e1sok fenntart\u00e1sa \u00e9rdek\u00e9ben t\u00fal\u00f3r\u00e1znak, a nagyobb lak\u00e1s, illetve a sok t\u00e1rgy birtokl\u00e1sa ir\u00e1nti ig\u00e9ny k\u00f6vetkezt\u00e9ben az aut\u00f3hoz k\u00f6tik magukat, a telev\u00edzi\u00f3ban l\u00e1tott rekl\u00e1mok, valamint a fogyaszt\u00e1si \u00e9letm\u00f3d romantikus megjelen\u00e9se pedig m\u00e9g ink\u00e1bb el\u0151re mozd\u00edtja ezt a folyamatot. (Gardner \u00e9s t\u00e1rsai, 2004a)<\/span><br \/>\n<span style=\"font-family: Arial;\">Mi\u00e9rt van h\u00e1t a gazdas\u00e1g? A hagyom\u00e1nyos, s logikusnak t\u0171n\u0151 v\u00e1lasz a prosperit\u00e1sr\u00f3l, munkahelyekr\u0151l \u00e9s a megn\u00f6vekedett lehet\u0151s\u00e9gekr\u0151l sz\u00f3l. De ha mindez oda vezet, hogy a t\u00e1rsadalom tagjai t\u00fals\u00falyprobl\u00e9m\u00e1kkal k\u00fczdenek, a t\u00falmunk\u00e1ban kimer\u00fclnek, s a \u201emindent megszerezhetsz\u201d be\u00e1ll\u00edt\u00f3d\u00e1s azt eredm\u00e9nyezi, hogy csal\u00e1djukat, bar\u00e1taikat elhanyagolj\u00e1k, m\u00e1r megk\u00e9rd\u0151jelezhet\u0151 az eg\u00e9sz rendszer. (Gardner \u00e9s t\u00e1rsai, 2004b)<\/span><br \/>\n<span style=\"font-family: Arial;\">Egy \u00e9lhet\u0151 v\u00e1ros d\u00f6nt\u00e9shoz\u00f3inak az itt felsorakoztatott t\u00e9nyeken t\u00fal term\u00e9szetesen m\u00e9g sz\u00e1mos egy\u00e9b t\u00e9nyez\u0151t is sz\u00e1mba kell vennie. Az aut\u00f3haszn\u00e1lat pozit\u00edvumainak \u00e9s negat\u00edvumainak m\u00e9rlegel\u00e9s\u00e9t k\u00f6vet\u0151 v\u00e9gs\u0151 d\u00f6nt\u00e9s meghozatalakor azonban sosem szabad szem el\u0151l t\u00e9veszteni\u00fck azt a t\u00e9nyt, hogy nem a gazdas\u00e1g, nem az aut\u00f3k, hanem az EMBEREK \u00e9rdekeinek kell priorit\u00e1st \u00e9lvezni\u00fck.<\/span><\/p>\n<p><b><span style=\"font-family: Arial;\">Forr\u00e1s:<\/span><\/b><\/p>\n<p><span style=\"font-family: Arial;\">Timmer, V. \u2013 Seymoar, N.:\u00a0<\/span><i><span style=\"font-family: Arial;\">The Livable City<\/span><\/i><span style=\"font-family: Arial;\">. Her Majesty the Queen in Right of Canada and the International Centre for Sustainable Cities, 2005.\u00a0<\/span><span style=\"font-family: Arial;\"><a href=\"http:\/\/www.ahva.ubc.ca\/WUF\/pdf\/e_the_livable_city_eng.pdf\">http:\/\/www.ahva.ubc.ca\/WUF\/pdf\/e_the_livable_city_eng.pdf<\/a><\/span><span style=\"font-family: Arial;\">, let\u00f6ltve: 2009. 04. 15.<\/span><br \/>\n<i><span style=\"font-family: Arial;\">Defining \u2019Quality of living\u2019<\/span><\/i><span style=\"font-family: Arial;\">. (H. n.), 2008, Mercer Human Resource Consulting LLC.\u00a0<\/span><span style=\"font-family: Arial;\"><a href=\"http:\/\/www.mercer.com\/referencecontent.htm?idContent=1306640\">http:\/\/www.mercer.com\/referencecontent.htm?idContent=1306640<\/a><\/span><span style=\"font-family: Arial;\">\u00a0let\u00f6ltve: 2009. 04. 15.<\/span><br \/>\n<span style=\"font-family: Arial;\">Flink A. \u2013 Schnierer K.:\u00a0<\/span><i><span style=\"font-family: Arial;\">Az \u00f6nk\u00e9ntess\u00e9g szerepe a telep\u00fcl\u00e9sfejleszt\u00e9sben<\/span><\/i><span style=\"font-family: Arial;\">. OTDK dolgozat (DE). 2009, Debrecen.<\/span><br \/>\n<span style=\"font-family: Arial;\">Hyatt, Justin:\u00a0<\/span><i><span style=\"font-family: Arial;\">Fenntarthat\u00f3 K\u00f6zleked\u00e9s a V\u00e1rosokban \u2013 \u00datmutat\u00f3 \u00d6nkorm\u00e1nyzatoknak<\/span><\/i><span style=\"font-family: Arial;\">. Budapest, 2007, Z\u00f6ld Fiatalok.<\/span><br \/>\n<span style=\"font-family: Arial;\">Diaz, O. E.: Bogota: Egy aut\u00f3mentes v\u00e1ros fel\u00e9 tett l\u00e9p\u00e9sek. In Madarassy Judit (szerk.):\u00a0<\/span><i><span style=\"font-family: Arial;\">A sikeres v\u00e1ros titka, V\u00e1logat\u00e1s az V. Nemzetk\u00f6zi Konferencia az Aut\u00f3mentes V\u00e1rosok\u00e9rt el\u0151ad\u00e1saib\u00f3l, 2005.07.19-20.\u00a0<\/span><\/i><span style=\"font-family: Arial;\">Budapest, 2006 Leveg\u0151 Munkacsoport \u2013 Magyar K\u00f6zleked\u00e9si Klub, 8\u201313. p.<\/span><br \/>\n<span style=\"font-family: Arial;\">Gardner, G. \u2013 Assadourian, E.: A j\u00f3 \u00e9let \u00e1t\u00e9rt\u00e9kel\u00e9se. In Varga \u00c9va (szerk.)\u00a0<\/span><i><span style=\"font-family: Arial;\">A vil\u00e1g helyzete<\/span><\/i><span style=\"font-family: Arial;\">.<\/span><i><span style=\"font-family: Arial;\">\u00a0A washingtoni Worldwatch Institute jelent\u00e9se a fenntarthat\u00f3 t\u00e1rsadalomhoz vezet\u0151 folyamatr\u00f3l<\/span><\/i><span style=\"font-family: Arial;\">. Budapest, 2004, F\u00f6ld Napja Alap\u00edtv\u00e1ny, 208\u2013227. p.<\/span><br \/>\n<span style=\"font-family: Arial;\">Gardner, G. \u2013 Assadourian, E. \u2013 Sarin, R.: A fogyaszt\u00e1s mai \u00e1ll\u00e1sa. In Varga \u00c9va (szerk.)\u00a0<\/span><i><span style=\"font-family: Arial;\">A vil\u00e1g helyzete<\/span><\/i><span style=\"font-family: Arial;\">.<\/span><i><span style=\"font-family: Arial;\">\u00a0A washingtoni Worldwatch Institute jelent\u00e9se a fenntarthat\u00f3 t\u00e1rsadalomhoz vezet\u0151 folyamatr\u00f3l<\/span><\/i><span style=\"font-family: Arial;\">. Budapest, 2004, F\u00f6ld Napja Alap\u00edtv\u00e1ny, 16\u201340. p.<\/span><\/p>\n","protected":false},"excerpt":{"rendered":"<p>R\u00e9szlet a szerz\u0151 \u00c9letmin\u0151s\u00e9g, aut\u00f3, v\u00e1ros c\u00edm\u0171, a P\u00e9csi Tudom\u00e1nyegyetem K\u00f6zgazdas\u00e1gtudom\u00e1nyi Kar\u00e1hoz \u00edrott szakdolgozat\u00e1b\u00f3l. A szakdolgozat teljes terjedelm\u00e9ben megtal\u00e1lhat\u00f3 a\u00a0http:\/\/www.kka.hu\/_Kozossegi_Adattar\/DOKUMENT.Nsf\/allomanyok?OpenView&amp;Start=1&amp;Count=30&amp;Expand=21#21\u00a0linken! (A szerk.) Az \u00e9lhet\u0151 v\u00e1ros defin\u00edci\u00f3i h\u00e1rom alapelv tekintet\u00e9ben \u00e9rtenek egyet: hozz\u00e1f\u00e9rhet\u0151s\u00e9g, egyenl\u0151s\u00e9g, r\u00e9szv\u00e9tel. El\u00e9rhet\u0151nek kell lennie az infrastrukt\u00far\u00e1nak (k\u00f6zleked\u00e9s, kommunik\u00e1ci\u00f3, v\u00edz, eg\u00e9szs\u00e9g\u00fcgy), a t\u00e1pl\u00e1l\u00e9knak, a tiszta leveg\u0151nek, kifizethet\u0151 lak\u00e1soknak, \u00e9rtelmes munkahelyeknek \u00e9s z\u00f6ldfel\u00fcleteknek \u2013 [&hellip;]<\/p>\n","protected":false},"author":323,"featured_media":3435,"comment_status":"open","ping_status":"open","sticky":false,"template":"","format":"standard","meta":{"_acf_changed":false,"footnotes":""},"categories":[382,8,7],"tags":[],"coauthors":[404],"class_list":["post-2512","post","type-post","status-publish","format-standard","has-post-thumbnail","hentry","category-parola-2009-3","category-parola-folyoirat","category-repertorium"],"acf":[],"yoast_head":"<!-- This site is optimized with the Yoast SEO plugin v26.7 - https:\/\/yoast.com\/wordpress\/plugins\/seo\/ -->\n<title>AZ AUT\u00d3 \u00c9S AZ \u00c9LHET\u0150 V\u00c1ROS - Parola Foly\u00f3irat<\/title>\n<meta name=\"robots\" content=\"index, follow, max-snippet:-1, max-image-preview:large, max-video-preview:-1\" \/>\n<link rel=\"canonical\" href=\"https:\/\/kofe.hu\/parola\/parola-folyoirat\/az-auto-es-az-elheto-varos\/\" \/>\n<meta property=\"og:locale\" content=\"hu_HU\" \/>\n<meta property=\"og:type\" content=\"article\" \/>\n<meta property=\"og:title\" content=\"AZ AUT\u00d3 \u00c9S AZ \u00c9LHET\u0150 V\u00c1ROS - Parola Foly\u00f3irat\" \/>\n<meta property=\"og:description\" content=\"R\u00e9szlet a szerz\u0151 \u00c9letmin\u0151s\u00e9g, aut\u00f3, v\u00e1ros c\u00edm\u0171, a P\u00e9csi Tudom\u00e1nyegyetem K\u00f6zgazdas\u00e1gtudom\u00e1nyi Kar\u00e1hoz \u00edrott szakdolgozat\u00e1b\u00f3l. A szakdolgozat teljes terjedelm\u00e9ben megtal\u00e1lhat\u00f3 a\u00a0http:\/\/www.kka.hu\/_Kozossegi_Adattar\/DOKUMENT.Nsf\/allomanyok?OpenView&amp;Start=1&amp;Count=30&amp;Expand=21#21\u00a0linken! (A szerk.) Az \u00e9lhet\u0151 v\u00e1ros defin\u00edci\u00f3i h\u00e1rom alapelv tekintet\u00e9ben \u00e9rtenek egyet: hozz\u00e1f\u00e9rhet\u0151s\u00e9g, egyenl\u0151s\u00e9g, r\u00e9szv\u00e9tel. El\u00e9rhet\u0151nek kell lennie az infrastrukt\u00far\u00e1nak (k\u00f6zleked\u00e9s, kommunik\u00e1ci\u00f3, v\u00edz, eg\u00e9szs\u00e9g\u00fcgy), a t\u00e1pl\u00e1l\u00e9knak, a tiszta leveg\u0151nek, kifizethet\u0151 lak\u00e1soknak, \u00e9rtelmes munkahelyeknek \u00e9s z\u00f6ldfel\u00fcleteknek \u2013 [&hellip;]\" \/>\n<meta property=\"og:url\" content=\"https:\/\/kofe.hu\/parola\/parola-folyoirat\/az-auto-es-az-elheto-varos\/\" \/>\n<meta property=\"og:site_name\" content=\"Parola Foly\u00f3irat\" \/>\n<meta property=\"article:published_time\" content=\"2020-06-26T09:30:24+00:00\" \/>\n<meta property=\"article:modified_time\" content=\"2020-07-30T11:54:49+00:00\" \/>\n<meta property=\"og:image\" content=\"https:\/\/kofe.hu\/parola\/wp-content\/uploads\/2020\/07\/09.3.jpeg\" \/>\n\t<meta property=\"og:image:width\" content=\"1331\" \/>\n\t<meta property=\"og:image:height\" content=\"1976\" \/>\n\t<meta property=\"og:image:type\" content=\"image\/jpeg\" \/>\n<meta name=\"author\" content=\"Schnierer Katalin\" \/>\n<meta name=\"twitter:card\" content=\"summary_large_image\" \/>\n<meta name=\"twitter:label1\" content=\"Szerz\u0151:\" \/>\n\t<meta name=\"twitter:data1\" content=\"Schnierer Katalin\" \/>\n\t<meta name=\"twitter:label2\" content=\"Becs\u00fclt olvas\u00e1si id\u0151\" \/>\n\t<meta name=\"twitter:data2\" content=\"14 perc\" \/>\n\t<meta name=\"twitter:label3\" content=\"Written by\" \/>\n\t<meta name=\"twitter:data3\" content=\"Schnierer Katalin\" \/>\n<script type=\"application\/ld+json\" class=\"yoast-schema-graph\">{\"@context\":\"https:\/\/schema.org\",\"@graph\":[{\"@type\":\"Article\",\"@id\":\"https:\/\/kofe.hu\/parola\/parola-folyoirat\/az-auto-es-az-elheto-varos\/#article\",\"isPartOf\":{\"@id\":\"https:\/\/kofe.hu\/parola\/parola-folyoirat\/az-auto-es-az-elheto-varos\/\"},\"author\":{\"name\":\"Schnierer Katalin\",\"@id\":\"https:\/\/kofe.hu\/parola\/#\/schema\/person\/e802ab838764430ccdabc863b0f9cedb\"},\"headline\":\"AZ AUT\u00d3 \u00c9S AZ \u00c9LHET\u0150 V\u00c1ROS\",\"datePublished\":\"2020-06-26T09:30:24+00:00\",\"dateModified\":\"2020-07-30T11:54:49+00:00\",\"mainEntityOfPage\":{\"@id\":\"https:\/\/kofe.hu\/parola\/parola-folyoirat\/az-auto-es-az-elheto-varos\/\"},\"wordCount\":2754,\"commentCount\":0,\"image\":{\"@id\":\"https:\/\/kofe.hu\/parola\/parola-folyoirat\/az-auto-es-az-elheto-varos\/#primaryimage\"},\"thumbnailUrl\":\"https:\/\/kofe.hu\/parola\/wp-content\/uploads\/2020\/07\/09.3.jpeg\",\"articleSection\":[\"Parola 2009\/3\",\"Parola Foly\u00f3irat\",\"Repert\u00f3rium\"],\"inLanguage\":\"hu\",\"potentialAction\":[{\"@type\":\"CommentAction\",\"name\":\"Comment\",\"target\":[\"https:\/\/kofe.hu\/parola\/parola-folyoirat\/az-auto-es-az-elheto-varos\/#respond\"]}]},{\"@type\":\"WebPage\",\"@id\":\"https:\/\/kofe.hu\/parola\/parola-folyoirat\/az-auto-es-az-elheto-varos\/\",\"url\":\"https:\/\/kofe.hu\/parola\/parola-folyoirat\/az-auto-es-az-elheto-varos\/\",\"name\":\"AZ AUT\u00d3 \u00c9S AZ \u00c9LHET\u0150 V\u00c1ROS - Parola Foly\u00f3irat\",\"isPartOf\":{\"@id\":\"https:\/\/kofe.hu\/parola\/#website\"},\"primaryImageOfPage\":{\"@id\":\"https:\/\/kofe.hu\/parola\/parola-folyoirat\/az-auto-es-az-elheto-varos\/#primaryimage\"},\"image\":{\"@id\":\"https:\/\/kofe.hu\/parola\/parola-folyoirat\/az-auto-es-az-elheto-varos\/#primaryimage\"},\"thumbnailUrl\":\"https:\/\/kofe.hu\/parola\/wp-content\/uploads\/2020\/07\/09.3.jpeg\",\"datePublished\":\"2020-06-26T09:30:24+00:00\",\"dateModified\":\"2020-07-30T11:54:49+00:00\",\"author\":{\"@id\":\"https:\/\/kofe.hu\/parola\/#\/schema\/person\/e802ab838764430ccdabc863b0f9cedb\"},\"breadcrumb\":{\"@id\":\"https:\/\/kofe.hu\/parola\/parola-folyoirat\/az-auto-es-az-elheto-varos\/#breadcrumb\"},\"inLanguage\":\"hu\",\"potentialAction\":[{\"@type\":\"ReadAction\",\"target\":[\"https:\/\/kofe.hu\/parola\/parola-folyoirat\/az-auto-es-az-elheto-varos\/\"]}]},{\"@type\":\"ImageObject\",\"inLanguage\":\"hu\",\"@id\":\"https:\/\/kofe.hu\/parola\/parola-folyoirat\/az-auto-es-az-elheto-varos\/#primaryimage\",\"url\":\"https:\/\/kofe.hu\/parola\/wp-content\/uploads\/2020\/07\/09.3.jpeg\",\"contentUrl\":\"https:\/\/kofe.hu\/parola\/wp-content\/uploads\/2020\/07\/09.3.jpeg\",\"width\":1331,\"height\":1976},{\"@type\":\"BreadcrumbList\",\"@id\":\"https:\/\/kofe.hu\/parola\/parola-folyoirat\/az-auto-es-az-elheto-varos\/#breadcrumb\",\"itemListElement\":[{\"@type\":\"ListItem\",\"position\":1,\"name\":\"Home\",\"item\":\"https:\/\/kofe.hu\/parola\/\"},{\"@type\":\"ListItem\",\"position\":2,\"name\":\"AZ AUT\u00d3 \u00c9S AZ \u00c9LHET\u0150 V\u00c1ROS\"}]},{\"@type\":\"WebSite\",\"@id\":\"https:\/\/kofe.hu\/parola\/#website\",\"url\":\"https:\/\/kofe.hu\/parola\/\",\"name\":\"Parola Foly\u00f3irat\",\"description\":\"\",\"potentialAction\":[{\"@type\":\"SearchAction\",\"target\":{\"@type\":\"EntryPoint\",\"urlTemplate\":\"https:\/\/kofe.hu\/parola\/?s={search_term_string}\"},\"query-input\":{\"@type\":\"PropertyValueSpecification\",\"valueRequired\":true,\"valueName\":\"search_term_string\"}}],\"inLanguage\":\"hu\"},{\"@type\":\"Person\",\"@id\":\"https:\/\/kofe.hu\/parola\/#\/schema\/person\/e802ab838764430ccdabc863b0f9cedb\",\"name\":\"Schnierer Katalin\",\"image\":{\"@type\":\"ImageObject\",\"inLanguage\":\"hu\",\"@id\":\"https:\/\/kofe.hu\/parola\/#\/schema\/person\/image\/23494c9101089ad44ae88ce9d2f56aac\",\"url\":\"https:\/\/secure.gravatar.com\/avatar\/?s=96&d=mm&r=g\",\"contentUrl\":\"https:\/\/secure.gravatar.com\/avatar\/?s=96&d=mm&r=g\",\"caption\":\"Schnierer Katalin\"},\"url\":\"https:\/\/kofe.hu\/parola\/szerzok\/schnierer-katalin\/\"}]}<\/script>\n<!-- \/ Yoast SEO plugin. -->","yoast_head_json":{"title":"AZ AUT\u00d3 \u00c9S AZ \u00c9LHET\u0150 V\u00c1ROS - Parola Foly\u00f3irat","robots":{"index":"index","follow":"follow","max-snippet":"max-snippet:-1","max-image-preview":"max-image-preview:large","max-video-preview":"max-video-preview:-1"},"canonical":"https:\/\/kofe.hu\/parola\/parola-folyoirat\/az-auto-es-az-elheto-varos\/","og_locale":"hu_HU","og_type":"article","og_title":"AZ AUT\u00d3 \u00c9S AZ \u00c9LHET\u0150 V\u00c1ROS - Parola Foly\u00f3irat","og_description":"R\u00e9szlet a szerz\u0151 \u00c9letmin\u0151s\u00e9g, aut\u00f3, v\u00e1ros c\u00edm\u0171, a P\u00e9csi Tudom\u00e1nyegyetem K\u00f6zgazdas\u00e1gtudom\u00e1nyi Kar\u00e1hoz \u00edrott szakdolgozat\u00e1b\u00f3l. A szakdolgozat teljes terjedelm\u00e9ben megtal\u00e1lhat\u00f3 a\u00a0http:\/\/www.kka.hu\/_Kozossegi_Adattar\/DOKUMENT.Nsf\/allomanyok?OpenView&amp;Start=1&amp;Count=30&amp;Expand=21#21\u00a0linken! (A szerk.) Az \u00e9lhet\u0151 v\u00e1ros defin\u00edci\u00f3i h\u00e1rom alapelv tekintet\u00e9ben \u00e9rtenek egyet: hozz\u00e1f\u00e9rhet\u0151s\u00e9g, egyenl\u0151s\u00e9g, r\u00e9szv\u00e9tel. El\u00e9rhet\u0151nek kell lennie az infrastrukt\u00far\u00e1nak (k\u00f6zleked\u00e9s, kommunik\u00e1ci\u00f3, v\u00edz, eg\u00e9szs\u00e9g\u00fcgy), a t\u00e1pl\u00e1l\u00e9knak, a tiszta leveg\u0151nek, kifizethet\u0151 lak\u00e1soknak, \u00e9rtelmes munkahelyeknek \u00e9s z\u00f6ldfel\u00fcleteknek \u2013 [&hellip;]","og_url":"https:\/\/kofe.hu\/parola\/parola-folyoirat\/az-auto-es-az-elheto-varos\/","og_site_name":"Parola Foly\u00f3irat","article_published_time":"2020-06-26T09:30:24+00:00","article_modified_time":"2020-07-30T11:54:49+00:00","og_image":[{"width":1331,"height":1976,"url":"https:\/\/kofe.hu\/parola\/wp-content\/uploads\/2020\/07\/09.3.jpeg","type":"image\/jpeg"}],"author":"Schnierer Katalin","twitter_card":"summary_large_image","twitter_misc":{"Szerz\u0151:":"Schnierer Katalin","Becs\u00fclt olvas\u00e1si id\u0151":"14 perc","Written by":"Schnierer Katalin"},"schema":{"@context":"https:\/\/schema.org","@graph":[{"@type":"Article","@id":"https:\/\/kofe.hu\/parola\/parola-folyoirat\/az-auto-es-az-elheto-varos\/#article","isPartOf":{"@id":"https:\/\/kofe.hu\/parola\/parola-folyoirat\/az-auto-es-az-elheto-varos\/"},"author":{"name":"Schnierer Katalin","@id":"https:\/\/kofe.hu\/parola\/#\/schema\/person\/e802ab838764430ccdabc863b0f9cedb"},"headline":"AZ AUT\u00d3 \u00c9S AZ \u00c9LHET\u0150 V\u00c1ROS","datePublished":"2020-06-26T09:30:24+00:00","dateModified":"2020-07-30T11:54:49+00:00","mainEntityOfPage":{"@id":"https:\/\/kofe.hu\/parola\/parola-folyoirat\/az-auto-es-az-elheto-varos\/"},"wordCount":2754,"commentCount":0,"image":{"@id":"https:\/\/kofe.hu\/parola\/parola-folyoirat\/az-auto-es-az-elheto-varos\/#primaryimage"},"thumbnailUrl":"https:\/\/kofe.hu\/parola\/wp-content\/uploads\/2020\/07\/09.3.jpeg","articleSection":["Parola 2009\/3","Parola Foly\u00f3irat","Repert\u00f3rium"],"inLanguage":"hu","potentialAction":[{"@type":"CommentAction","name":"Comment","target":["https:\/\/kofe.hu\/parola\/parola-folyoirat\/az-auto-es-az-elheto-varos\/#respond"]}]},{"@type":"WebPage","@id":"https:\/\/kofe.hu\/parola\/parola-folyoirat\/az-auto-es-az-elheto-varos\/","url":"https:\/\/kofe.hu\/parola\/parola-folyoirat\/az-auto-es-az-elheto-varos\/","name":"AZ AUT\u00d3 \u00c9S AZ \u00c9LHET\u0150 V\u00c1ROS - Parola Foly\u00f3irat","isPartOf":{"@id":"https:\/\/kofe.hu\/parola\/#website"},"primaryImageOfPage":{"@id":"https:\/\/kofe.hu\/parola\/parola-folyoirat\/az-auto-es-az-elheto-varos\/#primaryimage"},"image":{"@id":"https:\/\/kofe.hu\/parola\/parola-folyoirat\/az-auto-es-az-elheto-varos\/#primaryimage"},"thumbnailUrl":"https:\/\/kofe.hu\/parola\/wp-content\/uploads\/2020\/07\/09.3.jpeg","datePublished":"2020-06-26T09:30:24+00:00","dateModified":"2020-07-30T11:54:49+00:00","author":{"@id":"https:\/\/kofe.hu\/parola\/#\/schema\/person\/e802ab838764430ccdabc863b0f9cedb"},"breadcrumb":{"@id":"https:\/\/kofe.hu\/parola\/parola-folyoirat\/az-auto-es-az-elheto-varos\/#breadcrumb"},"inLanguage":"hu","potentialAction":[{"@type":"ReadAction","target":["https:\/\/kofe.hu\/parola\/parola-folyoirat\/az-auto-es-az-elheto-varos\/"]}]},{"@type":"ImageObject","inLanguage":"hu","@id":"https:\/\/kofe.hu\/parola\/parola-folyoirat\/az-auto-es-az-elheto-varos\/#primaryimage","url":"https:\/\/kofe.hu\/parola\/wp-content\/uploads\/2020\/07\/09.3.jpeg","contentUrl":"https:\/\/kofe.hu\/parola\/wp-content\/uploads\/2020\/07\/09.3.jpeg","width":1331,"height":1976},{"@type":"BreadcrumbList","@id":"https:\/\/kofe.hu\/parola\/parola-folyoirat\/az-auto-es-az-elheto-varos\/#breadcrumb","itemListElement":[{"@type":"ListItem","position":1,"name":"Home","item":"https:\/\/kofe.hu\/parola\/"},{"@type":"ListItem","position":2,"name":"AZ AUT\u00d3 \u00c9S AZ \u00c9LHET\u0150 V\u00c1ROS"}]},{"@type":"WebSite","@id":"https:\/\/kofe.hu\/parola\/#website","url":"https:\/\/kofe.hu\/parola\/","name":"Parola Foly\u00f3irat","description":"","potentialAction":[{"@type":"SearchAction","target":{"@type":"EntryPoint","urlTemplate":"https:\/\/kofe.hu\/parola\/?s={search_term_string}"},"query-input":{"@type":"PropertyValueSpecification","valueRequired":true,"valueName":"search_term_string"}}],"inLanguage":"hu"},{"@type":"Person","@id":"https:\/\/kofe.hu\/parola\/#\/schema\/person\/e802ab838764430ccdabc863b0f9cedb","name":"Schnierer Katalin","image":{"@type":"ImageObject","inLanguage":"hu","@id":"https:\/\/kofe.hu\/parola\/#\/schema\/person\/image\/23494c9101089ad44ae88ce9d2f56aac","url":"https:\/\/secure.gravatar.com\/avatar\/?s=96&d=mm&r=g","contentUrl":"https:\/\/secure.gravatar.com\/avatar\/?s=96&d=mm&r=g","caption":"Schnierer Katalin"},"url":"https:\/\/kofe.hu\/parola\/szerzok\/schnierer-katalin\/"}]}},"_links":{"self":[{"href":"https:\/\/kofe.hu\/parola\/wp-json\/wp\/v2\/posts\/2512","targetHints":{"allow":["GET"]}}],"collection":[{"href":"https:\/\/kofe.hu\/parola\/wp-json\/wp\/v2\/posts"}],"about":[{"href":"https:\/\/kofe.hu\/parola\/wp-json\/wp\/v2\/types\/post"}],"author":[{"embeddable":true,"href":"https:\/\/kofe.hu\/parola\/wp-json\/wp\/v2\/users\/323"}],"replies":[{"embeddable":true,"href":"https:\/\/kofe.hu\/parola\/wp-json\/wp\/v2\/comments?post=2512"}],"version-history":[{"count":1,"href":"https:\/\/kofe.hu\/parola\/wp-json\/wp\/v2\/posts\/2512\/revisions"}],"predecessor-version":[{"id":2513,"href":"https:\/\/kofe.hu\/parola\/wp-json\/wp\/v2\/posts\/2512\/revisions\/2513"}],"wp:featuredmedia":[{"embeddable":true,"href":"https:\/\/kofe.hu\/parola\/wp-json\/wp\/v2\/media\/3435"}],"wp:attachment":[{"href":"https:\/\/kofe.hu\/parola\/wp-json\/wp\/v2\/media?parent=2512"}],"wp:term":[{"taxonomy":"category","embeddable":true,"href":"https:\/\/kofe.hu\/parola\/wp-json\/wp\/v2\/categories?post=2512"},{"taxonomy":"post_tag","embeddable":true,"href":"https:\/\/kofe.hu\/parola\/wp-json\/wp\/v2\/tags?post=2512"},{"taxonomy":"author","embeddable":true,"href":"https:\/\/kofe.hu\/parola\/wp-json\/wp\/v2\/coauthors?post=2512"}],"curies":[{"name":"wp","href":"https:\/\/api.w.org\/{rel}","templated":true}]}}