{"id":2481,"date":"2020-06-26T07:35:22","date_gmt":"2020-06-26T07:35:22","guid":{"rendered":"https:\/\/kofe.hu\/parola\/?p=2481"},"modified":"2020-07-30T11:49:30","modified_gmt":"2020-07-30T11:49:30","slug":"peldatlanul-alacsony-szinten-a-kozbizalom-gyorsjelentes-2009","status":"publish","type":"post","link":"https:\/\/kofe.hu\/parola\/parola-folyoirat\/peldatlanul-alacsony-szinten-a-kozbizalom-gyorsjelentes-2009\/","title":{"rendered":"P\u00e9ld\u00e1tlanul alacsony szinten a k\u00f6zbizalom. Gyorsjelent\u00e9s, 2009"},"content":{"rendered":"<p><span style=\"font-family: Arial;\">Milyen a k\u00f6zbizalom hazai \u00e1llapota, mennyire b\u00edzunk a k\u00fcl\u00f6nf\u00e9le int\u00e9zm\u00e9nyeinkben, a magunk alap\u00edtotta civil szervezetekben, v\u00e1lasztott tiszts\u00e9gvisel\u0151inkben \u2013 orsz\u00e1gosan \u00e9s helyi szinten? Gyakorlat-e h\u00e9tk\u00f6znapi \u00e9let\u00fcnkben a k\u00f6zj\u00f3ra ir\u00e1nyul\u00f3 t\u00e1rsadalmi r\u00e9szv\u00e9tel?<\/span><br \/>\n<span style=\"font-family: Arial;\">\u00d6t\u00f6dik alkalommal jelentkez\u00fcnk a k\u00f6zbizalomr\u00f3l sz\u00f3l\u00f3 felm\u00e9r\u00e9s\u00fcnk \u00f6sszefoglal\u00f3j\u00e1val, amelyeket most is az \u00c1llampolg\u00e1ri R\u00e9szv\u00e9tel Hete (\u00c1RH) keret\u00e9ben k\u00e9sz\u00edtett\u00fcnk, minden esetben egy-egy sz\u00far\u00f3pr\u00f3ba-szer\u0171 orsz\u00e1gos k\u00e9rd\u0151\u00edves felm\u00e9r\u00e9s eredm\u00e9nyeib\u0151l.<\/span><\/p>\n<p><!--more--><span style=\"font-family: Arial;\">A szervez\u0151k a K\u00f6z\u00f6ss\u00e9gfejleszt\u0151k Egyes\u00fclete, a Civil Koll\u00e9gium Alap\u00edtv\u00e1ny \u00e9s a Magyar M\u0171vel\u0151d\u00e9si Int\u00e9zet K\u00f6z\u00f6ss\u00e9gfejleszt\u00e9si Oszt\u00e1lya voltak, de nagy r\u00e9szt v\u00e1llaltak a munk\u00e1b\u00f3l egy orsz\u00e1gos \u00f6sszefog\u00e1s: a K\u00f6z\u00f6ss\u00e9gi kezdem\u00e9nyez\u00e9seket t\u00e1mogat\u00f3 szakmai h\u00e1l\u00f3zat tagjai is.<\/span><br \/>\n<span style=\"font-family: Arial;\">Ez alkalommal is utc\u00e1kon, vas\u00fat\u00e1llom\u00e1sokon, parkokban, iskol\u00e1kban \u00e9s k\u00fcl\u00f6nf\u00e9le k\u00f6z\u00f6ss\u00e9gi rendezv\u00e9nyeken gy\u0171jt\u00f6tt\u00e9k \u00f6nk\u00e9nteseink a megy\u00e9kben, v\u00e1rosokban \u00e9s falvakban a 4700 kit\u00f6lt\u00f6tt k\u00e9rd\u0151\u00edvet. B\u00e1r\u00a0<\/span><i><span style=\"font-family: Arial;\">felm\u00e9r\u00e9s\u00fcnk<\/span><\/i><span style=\"font-family: Arial;\">\u00a0sor\u00e1n nagy volt a k\u00e9rdez\u00e9ssz\u00e1m, az szociol\u00f3giai \u00e9rtelemben\u00a0<\/span><i><span style=\"font-family: Arial;\">nem tekinthet\u0151 reprezentat\u00edv mint\u00e1nak<\/span><\/i><span style=\"font-family: Arial;\">.<\/span><br \/>\n<span style=\"font-family: Arial;\">K\u00e9rd\u00e9seink egy r\u00e9sze az \u00e9vek sor\u00e1n megism\u00e9tl\u0151d\u00f6tt, \u00edgy az eredm\u00e9nyek az aktu\u00e1lis helyzet \u00e9rtelmez\u00e9s\u00e9n t\u00fal lehet\u0151s\u00e9get k\u00edn\u00e1lnak az \u00e9venk\u00e9nti \u00f6sszehasonl\u00edt\u00e1sra, a v\u00e1ltoz\u00e1sok regisztr\u00e1l\u00e1s\u00e1ra is.<\/span><br \/>\n<span style=\"font-family: Arial;\">K\u00f6z\u00f6ss\u00e9gfejleszt\u00e9ssel, k\u00f6z\u00f6ss\u00e9gi munk\u00e1val foglalkoz\u00f3 szervezetek l\u00e9v\u00e9n az eredm\u00e9nyek eset\u00fcnkben f\u0151k\u00e9nt a szakmai munk\u00e1ink megalapoz\u00e1s\u00e1hoz j\u00e1rulnak hozz\u00e1: a civil t\u00e1rsadalom viszonyainak pontosabb megismer\u00e9s\u00e9hez \u00e9s meg\u00e9rt\u00e9shez; cselekv\u00e9seink, kezdem\u00e9nyez\u00e9seink c\u00e9ljainak meghat\u00e1roz\u00e1s\u00e1hoz.<\/span><\/p>\n<p><b><span style=\"font-family: Arial;\">\u00d6sszefoglal\u00f3<\/span><\/b><\/p>\n<p><span style=\"font-family: Arial;\">\u201eM\u00e9lyponton a k\u00f6zbizalom!\u201d \u201eA k\u00f6zbizalom \u00e9s a civil r\u00e9szv\u00e9tel tart\u00f3s hi\u00e1nya a demokr\u00e1cia dr\u00e1mai rombol\u00f3d\u00e1s\u00e1hoz vezethet!\u201d \u2013 e c\u00edmekkel jelentek meg az elm\u00falt \u00e9vekben gyorsjelent\u00e9seink, besz\u00e1mol\u00f3ink a szeptember v\u00e9g\u00e9n v\u00e9gzett k\u00e9rd\u0151\u00edves vizsg\u00e1latainkr\u00f3l. Mit tudunk mindezekhez hozz\u00e1tenni 2009-ben? A \u201ehelyzet fokoz\u00f3dik\u201d, az eredm\u00e9nyek \u2013 vizsg\u00e1latunk mutat\u00f3i szerint \u2013 m\u00e9g tov\u00e1bb romlanak.<\/span><br \/>\n<span style=\"font-family: Arial;\">Az \u00e1llampolg\u00e1roknak az int\u00e9zm\u00e9nyekbe vetett bizalma, annak hi\u00e1nya,\u00a0<\/span><i><span style=\"font-family: Arial;\">a bizalmatlans\u00e1g felt\u00e1rul\u00f3 m\u00e9rt\u00e9ke egyre tragikusabb m\u00e9reteket \u00f6lt<\/span><\/i><span style=\"font-family: Arial;\">. A kisebb v\u00e1ltoz\u00e1sok, a rend\u0151rs\u00e9gnek \u00e9s a civil-nonprofit szektornak n\u00e9mileg javul\u00f3 meg\u00edt\u00e9l\u00e9se mellett, od\u00e1ig jutottunk \u2013 szinte m\u00e1r k\u00f6zhelynek sz\u00e1m\u00edt \u2013, hogy a politikusok \u00e9s a parlament \u2013 teh\u00e1t\u00a0<\/span><i><span style=\"font-family: Arial;\">a politikai elit<\/span><\/i><span style=\"font-family: Arial;\">\u00a0\u2013 ki\u00e1br\u00e1nd\u00edt\u00f3 m\u00e9rt\u00e9kben vesz\u00edtette el a magyar lakoss\u00e1g bizalm\u00e1t, s v\u00e1lt\/v\u00e1lik m\u00e1ra mind teljesebben hiteltelenn\u00e9. Sz\u00e1mos ok\u00e1t, r\u00e9szlet\u00e9t l\u00e1tjuk e folyamatnak, de elgondolkodtat\u00f3, hogy az elm\u00falt id\u0151kb\u0151l\u00a0<\/span><i><span style=\"font-family: Arial;\">semmilyen \u00e9rdemi k\u00eds\u00e9rletet nem ismer\u00fcnk, amely ennek a trendnek a lef\u00e9kez\u00e9s\u00e9t, meg\u00e1ll\u00edt\u00e1s\u00e1t, megford\u00edt\u00e1s\u00e1t sz\u00e1nd\u00e9koln\u00e1<\/span><\/i><span style=\"font-family: Arial;\">. Mintha term\u00e9szetes, norm\u00e1lis lenne ez a folyamat. A bizalmatlans\u00e1g pedig er\u0151sen eszkal\u00e1l\u00f3dik.<\/span><br \/>\n<span style=\"font-family: Arial;\">Az id\u00e9n tov\u00e1bb\u00a0<\/span><i><span style=\"font-family: Arial;\">romlott az \u00f6nkorm\u00e1nyzatok bizalmi indexe is<\/span><\/i><span style=\"font-family: Arial;\">, pedig \u00fagy-ahogy volt m\u00e9g rem\u00e9ny\u00fcnk a helyi szint\u0171 int\u00e9zm\u00e9nyek demokratikusabb szerep\u00e9ben \u2013 a k\u00f6zbizalom bel\u00e1that\u00f3 l\u00e9pt\u00e9kekben t\u00f6rt\u00e9n\u0151 \u00e9p\u00fcl\u00e9s\u00e9ben, javul\u00e1s\u00e1ban.<\/span><br \/>\n<span style=\"font-family: Arial;\">A bizalom hi\u00e1nya nem csak az illem, a j\u00f3 \u00edzl\u00e9s k\u00f6vetelm\u00e9nye puszt\u00e1n \u00e9s els\u0151sorban; hanem a t\u00e1rsadalom gazdas\u00e1gi helyzet\u00e9nek, a v\u00e1ltoz\u00e1sokhoz val\u00f3 igazod\u00e1si k\u00e9pess\u00e9g\u00e9nek, egy nagyobb k\u00f6z\u00f6ss\u00e9g, az orsz\u00e1g m\u0171k\u00f6d\u00e9s\u00e9nek kiemelten fontos meghat\u00e1roz\u00f3ja. T\u00e1rsadalmi, gazdas\u00e1gi, eg\u00e9szs\u00e9g\u00fcgyi \u00e9s kultur\u00e1lis k\u00e9rd\u00e9s egyszerre. Az int\u00e9zm\u00e9nyek a k\u00f6z\u00f6ss\u00e9g bizalma n\u00e9lk\u00fcl m\u0171k\u00f6d\u00e9sk\u00e9ptelenn\u00e9 v\u00e1lhatnak. Ha pl. nem b\u00edzunk a k\u00f6zleked\u00e9si szab\u00e1lyok betart\u00e1s\u00e1ban, le\u00e1ll a forgalom. Ha nem b\u00edzunk az orvosokban, a tan\u00e1rokban, az \u00f3v\u00f3n\u0151kben \u00e9s m\u00e1s helyi int\u00e9zm\u00e9nyekben, akkor zavar keletkezik falunk, v\u00e1rosunk eg\u00e9szs\u00e9g\u00fcgy\u00e9nek, oktat\u00e1s\u00e1nak stb. m\u0171k\u00f6d\u00e9s\u00e9ben.\u00a0<\/span><i><span style=\"font-family: Arial;\">S<\/span><\/i><br \/>\n<i><span style=\"font-family: Arial;\">ha nem b\u00edzunk a t\u00e1rsadalom int\u00e9zm\u00e9nyeiben, akkor bizony eg\u00e9sz t\u00e1rsadalmunkat fenyegetheti a m\u0171k\u00f6d\u00e9sk\u00e9ptelens\u00e9g<\/span><\/i><span style=\"font-family: Arial;\">.<\/span><br \/>\n<span style=\"font-family: Arial;\">Ha b\u00edzn\u00e1nk int\u00e9zm\u00e9nyeikben, akkor azok r\u00e9szv\u00e9tel\u00fcnkkel, bekapcsol\u00f3d\u00e1sunkkal \u00e9s hozz\u00e1j\u00e1rul\u00e1sunkkal m\u00e9g j\u00f3 es\u00e9llyel alak\u00edthat\u00f3k, v\u00e1ltoztathat\u00f3k lenn\u00e9nek \u2013 l\u00e9p\u00e9sr\u0151l l\u00e9p\u00e9sre. De hogyan is \u00e1ll saj\u00e1t\u00a0<\/span><i><span style=\"font-family: Arial;\">r\u00e9szv\u00e9teli hajland\u00f3s\u00e1g<\/span><\/i><span style=\"font-family: Arial;\">unk? Elhissz\u00fck-e, hogy aktivit\u00e1ssal, kezdem\u00e9nyez\u00e9ssel befoly\u00e1solni tudjuk lak\u00f3helyi vil\u00e1gunkat, azt, amelyik m\u00e9g sz\u00e1munkra \u00e1ttekinthet\u0151, k\u00f6zvetlen\u00fcl meg\u00e9lhet\u0151 k\u00f6rnyezet, s ahol m\u00e9g es\u00e9lye lehet az egy\u00e9ni \u00e9s k\u00f6z\u00f6ss\u00e9gi kezdem\u00e9nyez\u00e9snek? Hisz\u00fcnk-e a k\u00f6zpolitik\u00e1val kapcsolatos aktivit\u00e1sokban, a gy\u0171l\u00e9seken val\u00f3 r\u00e9szv\u00e9tel, a pet\u00edci\u00f3k al\u00e1\u00edr\u00e1sa, a megmozdul\u00e1sokon t\u00f6rt\u00e9n\u0151 r\u00e9szv\u00e9tel fontoss\u00e1g\u00e1ban?<\/span><br \/>\n<span style=\"font-family: Arial;\">2009-ben szinte valamennyi r\u00e9szv\u00e9teli hajland\u00f3s\u00e1gunkat mutat\u00f3 indik\u00e1tor tov\u00e1bb romlott.<\/span><br \/>\n<i><span style=\"font-family: Arial;\">A k\u00f6zbizalom v\u00e9szes hi\u00e1nya nem csak az int\u00e9zm\u00e9nyek meg\u00edt\u00e9l\u00e9s\u00e9ben jelent\u0151s, de saj\u00e1t magunk \u00e9s k\u00f6z\u00f6ss\u00e9geink r\u00e9szv\u00e9teli \u2013 s \u00edgy v\u00e1ltoztat\u00e1si! \u2013 es\u00e9lyeit is k\u00e1rosan befoly\u00e1solja, rombolja (\u00f6n)bizalmunkat, s negat\u00edv k\u00e9pet fest a demokr\u00e1ci\u00e1ba vetett hit\u00fcnkr\u0151l is.<\/span><\/i><\/p>\n<p><b><span style=\"font-family: Arial;\">R\u00e9szletek<\/span><\/b><\/p>\n<p><b><span style=\"font-family: Arial;\">I.\u00a0<\/span><\/b><span style=\"font-family: Arial;\">R\u00f6vid k\u00e9rd\u0151\u00edv\u00fcnk els\u0151 k\u00e9rd\u00e9s\u00e9ben a k\u00f6z<\/span><b><span style=\"font-family: Arial;\">int\u00e9zm\u00e9nyek<\/span><\/b><span style=\"font-family: Arial;\">kel kapcsolatos be\u00e1ll\u00edt\u00f3d\u00e1sokr\u00f3l, az\u00a0<\/span><b><span style=\"font-family: Arial;\">ir\u00e1nt<\/span><\/b><span style=\"font-family: Arial;\">uk\u00a0<\/span><b><span style=\"font-family: Arial;\">megnyilv\u00e1nul\u00f3 bizalomr\u00f3<\/span><\/b><span style=\"font-family: Arial;\">l \u00e9rdekl\u0151dt\u00fcnk. Ezek az int\u00e9zm\u00e9nyek ide\u00e1lis esetben a biztons\u00e1got, a kisz\u00e1m\u00edthat\u00f3s\u00e1got, a szakszer\u0171s\u00e9get, a k\u00f6z\u00f6sen kialak\u00edtott \u00e9s elfogadott norm\u00e1kat biztos\u00edtj\u00e1k, k\u00f6zvet\u00edtik a t\u00e1rsadalom sz\u00e1m\u00e1ra. t\u00e1bla<\/span><\/p>\n<div align=\"center\">\n<table border=\"1\">\n<tbody>\n<tr valign=\"top\">\n<td width=\"252\"><span style=\"font-family: Arial;\">Mennyire b\u00edzik meg&#8230;? (%)<\/span><\/td>\n<td width=\"60\">\n<div align=\"center\"><span style=\"font-family: Arial;\">Nagyon<\/span><\/div>\n<\/td>\n<td width=\"60\">\n<div align=\"center\"><span style=\"font-family: Arial;\">El\u00e9gg\u00e9<\/span><\/div>\n<\/td>\n<td width=\"60\">\n<div align=\"center\"><span style=\"font-family: Arial;\">Nem nagyon<\/span><\/div>\n<\/td>\n<td width=\"72\">\n<div align=\"center\"><span style=\"font-family: Arial;\">Egy\u00e1ltal\u00e1n nem<\/span><\/div>\n<\/td>\n<td width=\"108\">\n<div align=\"center\"><span style=\"font-family: Arial;\">Nem tudok erre v\u00e1laszolni<\/span><\/div>\n<\/td>\n<td width=\"68\">\n<div align=\"center\"><span style=\"font-family: Arial;\">\u00d6ssze-<\/span><br \/>\n<span style=\"font-family: Arial;\">sen<\/span><\/div>\n<\/td>\n<\/tr>\n<tr valign=\"top\">\n<td width=\"252\"><span style=\"font-family: Arial;\">&#8230;a rend\u0151rs\u00e9gben?<\/span><\/td>\n<td width=\"60\">\n<div align=\"center\"><span style=\"font-family: Arial;\">10,0<\/span><\/div>\n<\/td>\n<td width=\"60\">\n<div align=\"center\"><span style=\"font-family: Arial;\">32,5<\/span><\/div>\n<\/td>\n<td width=\"60\">\n<div align=\"center\"><span style=\"font-family: Arial;\">39,8<\/span><\/div>\n<\/td>\n<td width=\"72\">\n<div align=\"center\"><span style=\"font-family: Arial;\">14,4<\/span><\/div>\n<\/td>\n<td width=\"108\">\n<div align=\"center\"><span style=\"font-family: Arial;\">3,3<\/span><\/div>\n<\/td>\n<td width=\"68\">\n<div align=\"center\"><span style=\"font-family: Arial;\">100,0<\/span><\/div>\n<\/td>\n<\/tr>\n<tr valign=\"top\">\n<td width=\"252\"><span style=\"font-family: Arial;\">&#8230;az igazs\u00e1gszolg\u00e1ltat\u00e1sban?<\/span><\/td>\n<td width=\"60\">\n<div align=\"center\"><span style=\"font-family: Arial;\">6,0<\/span><\/div>\n<\/td>\n<td width=\"60\">\n<div align=\"center\"><span style=\"font-family: Arial;\">29,4<\/span><\/div>\n<\/td>\n<td width=\"60\">\n<div align=\"center\"><span style=\"font-family: Arial;\">42,3<\/span><\/div>\n<\/td>\n<td width=\"72\">\n<div align=\"center\"><span style=\"font-family: Arial;\">18,7<\/span><\/div>\n<\/td>\n<td width=\"108\">\n<div align=\"center\"><span style=\"font-family: Arial;\">3,6<\/span><\/div>\n<\/td>\n<td width=\"68\">\n<div align=\"center\"><span style=\"font-family: Arial;\">100,0<\/span><\/div>\n<\/td>\n<\/tr>\n<tr valign=\"top\">\n<td width=\"252\"><span style=\"font-family: Arial;\">&#8230;a politikusokban?<\/span><\/td>\n<td width=\"60\">\n<div align=\"center\"><span style=\"font-family: Arial;\">2,2<\/span><\/div>\n<\/td>\n<td width=\"60\">\n<div align=\"center\"><span style=\"font-family: Arial;\">6,7<\/span><\/div>\n<\/td>\n<td width=\"60\">\n<div align=\"center\"><span style=\"font-family: Arial;\">26,3<\/span><\/div>\n<\/td>\n<td width=\"72\">\n<div align=\"center\"><span style=\"font-family: Arial;\">60,0<\/span><\/div>\n<\/td>\n<td width=\"108\">\n<div align=\"center\"><span style=\"font-family: Arial;\">4,7<\/span><\/div>\n<\/td>\n<td width=\"68\">\n<div align=\"center\"><span style=\"font-family: Arial;\">100,0<\/span><\/div>\n<\/td>\n<\/tr>\n<tr valign=\"top\">\n<td width=\"252\"><span style=\"font-family: Arial;\">&#8230;a parlamentben?<\/span><\/td>\n<td width=\"60\">\n<div align=\"center\"><span style=\"font-family: Arial;\">2,1<\/span><\/div>\n<\/td>\n<td width=\"60\">\n<div align=\"center\"><span style=\"font-family: Arial;\">9,5<\/span><\/div>\n<\/td>\n<td width=\"60\">\n<div align=\"center\"><span style=\"font-family: Arial;\">33,3<\/span><\/div>\n<\/td>\n<td width=\"72\">\n<div align=\"center\"><span style=\"font-family: Arial;\">49,4<\/span><\/div>\n<\/td>\n<td width=\"108\">\n<div align=\"center\"><span style=\"font-family: Arial;\">5,6<\/span><\/div>\n<\/td>\n<td width=\"68\">\n<div align=\"center\"><span style=\"font-family: Arial;\">100,0<\/span><\/div>\n<\/td>\n<\/tr>\n<tr valign=\"top\">\n<td width=\"252\"><span style=\"font-family: Arial;\">&#8230;az \u00f6nkorm\u00e1nyzatban?<\/span><\/td>\n<td width=\"60\">\n<div align=\"center\"><span style=\"font-family: Arial;\">5,9<\/span><\/div>\n<\/td>\n<td width=\"60\">\n<div align=\"center\"><span style=\"font-family: Arial;\">32,5<\/span><\/div>\n<\/td>\n<td width=\"60\">\n<div align=\"center\"><span style=\"font-family: Arial;\">38,8<\/span><\/div>\n<\/td>\n<td width=\"72\">\n<div align=\"center\"><span style=\"font-family: Arial;\">17,3<\/span><\/div>\n<\/td>\n<td width=\"108\">\n<div align=\"center\"><span style=\"font-family: Arial;\">5,6<\/span><\/div>\n<\/td>\n<td width=\"68\">\n<div align=\"center\"><span style=\"font-family: Arial;\">100,0<\/span><\/div>\n<\/td>\n<\/tr>\n<tr valign=\"top\">\n<td width=\"252\"><span style=\"font-family: Arial;\">&#8230;a civil t\u00e1rsadalomban, nonprofit szervezetekben?<\/span><\/td>\n<td width=\"60\">\n<div align=\"center\"><span style=\"font-family: Arial;\">10,7<\/span><\/div>\n<\/td>\n<td width=\"60\">\n<div align=\"center\"><span style=\"font-family: Arial;\">35,5<\/span><\/div>\n<\/td>\n<td width=\"60\">\n<div align=\"center\"><span style=\"font-family: Arial;\">30,8<\/span><\/div>\n<\/td>\n<td width=\"72\">\n<div align=\"center\"><span style=\"font-family: Arial;\">13,4<\/span><\/div>\n<\/td>\n<td width=\"108\">\n<div align=\"center\"><span style=\"font-family: Arial;\">9,5<\/span><\/div>\n<\/td>\n<td width=\"68\">\n<div align=\"center\"><span style=\"font-family: Arial;\">100,0<\/span><\/div>\n<\/td>\n<\/tr>\n<\/tbody>\n<\/table>\n<\/div>\n<p><span style=\"font-family: Arial;\">1. sz. \u00e1bra.<\/span><\/p>\n<table border=\"0\" cellspacing=\"0\" cellpadding=\"0\">\n<tbody>\n<tr valign=\"top\">\n<td width=\"384\"><img loading=\"lazy\" decoding=\"async\" src=\"http:\/\/kka.hu\/_Kozossegi_Adattar\/PAROLAAR.NSF\/b84c8c861998671e8525670c00815721\/1860925512d822f5c125770c00384d22\/file\/0.7B20?OpenElement&amp;FieldElemFormat=gif\" width=\"379\" height=\"275\" \/><\/td>\n<td width=\"275\"><span style=\"font-family: Arial;\">Kor\u00e1bbi felm\u00e9r\u00e9seinkhez hasonl\u00f3an ebben az \u00e9vben is k\u00e9t \u201enyertese\u201d van a felm\u00e9r\u00e9sben szerepl\u0151 int\u00e9zm\u00e9nyi \u00f6sszehasonl\u00edt\u00e1snak. A j\u00f3 bizalmi indexet szerz\u0151 int\u00e9zm\u00e9nyek egyike a rend\u0151rs\u00e9g, a m\u00e1sik pedig a civil t\u00e1rsadalom, a nonprofit szervezetek k\u00f6re.<\/span><br \/>\n<span style=\"font-family: Arial;\">A\u00a0<\/span><i><span style=\"font-family: Arial;\">rend\u0151rs\u00e9g\u00a0<\/span><\/i><span style=\"font-family: Arial;\">eset\u00e9ben, b\u00e1r a negat\u00edv tartom\u00e1nyba tartoz\u00f3 v\u00e1laszok (nem nagyon, egy\u00e1ltal\u00e1n nem) egy\u00fcttesen magasabb jel\u00f6l\u00e9st kaptak, mint a pozit\u00edv v\u00e1laszt\u00e1sok (el\u00e9gg\u00e9, nagyon), de relat\u00edve, a t\u00f6bbi int\u00e9zm\u00e9nyhez hasonl\u00edtva, e szervezet elfogadotts\u00e1ga a lakoss\u00e1g k\u00f6r\u00e9ben viszonylag\u00a0<\/span><i><span style=\"font-family: Arial;\">j\u00f3nak mondhat\u00f3.<\/span><\/i><span style=\"font-family: Arial;\">\u00a0Ez fontos eredm\u00e9ny, mert az int\u00e9zm\u00e9nynek a nev\u00e9ben is megjel\u00f6lt egyik \u2013 b\u00e1r kor\u00e1ntsem egyed\u00fcli \u2013 feladata a rend, a biztons\u00e1g biztos\u00edt\u00e1sa, s ez komfort\u00e9rzet\u00fcnk<\/span><\/td>\n<\/tr>\n<\/tbody>\n<\/table>\n<p><span style=\"font-family: Arial;\">egyik legelemibb sz\u00fcks\u00e9glete. Persze a \u201erend\u201d-nek sz\u00e1mos m\u00e1s \u00f6sszetev\u0151je is van, s ezek is jobb\u00e1ra az int\u00e9zm\u00e9nyeink \u00e1ltal szerzettek, vagy garant\u00e1l\u00f3dnak, de erre m\u00e9g visszat\u00e9r\u00fcnk.<\/span><br \/>\n<span style=\"font-family: Arial;\">Ha a v\u00e1laszokat r\u00e9szleteiben is viszony\u00edtjuk a kor\u00e1bbi \u00e9vek\u00e9ihez, akkor azt l\u00e1tjuk, hogy a rend\u0151rs\u00e9g vonatkoz\u00e1s\u00e1ban mind a pozit\u00edv, mind a negat\u00edv v\u00e1laszok ar\u00e1ny\u00e1ban elmozdul\u00e1s t\u00f6rt\u00e9nt. Az adatokb\u00f3l az el\u00e9gedetts\u00e9get mutat\u00f3 v\u00e1laszok kism\u00e9rt\u00e9k\u0171 n\u00f6veked\u00e9se \u00e9s az el\u00e9gedetlenek cs\u00f6kken\u00e9se olvashat\u00f3 ki. Egy k\u00e9s\u0151bbi t\u00e1bl\u00e1zatunkban (2. sz. t\u00e1bla) a n\u00e9gy ut\u00f3bbi \u00e9v \u00f6sszes\u00edtett \u00e1tlagait is \u00f6sszehasonl\u00edtjuk, ami enn\u00e9l a k\u00e9rd\u00e9sn\u00e9l szint\u00e9n pozit\u00edv v\u00e1ltoz\u00e1st mutat.<\/span><br \/>\n<span style=\"font-family: Arial;\">Az\u00a0<\/span><i><span style=\"font-family: Arial;\">igazs\u00e1gszolg\u00e1ltat\u00e1s<\/span><\/i><span style=\"font-family: Arial;\">\u00a0int\u00e9zm\u00e9nyeinek gyeng\u00e9bb a bizalmi indexe. Itt a k\u00e9t pozit\u00edv v\u00e1laszlehet\u0151s\u00e9g valamelyik\u00e9t a megk\u00e9rdezettek t\u00f6bb mint egyharmada jel\u00f6lte csak, a\u00a0<\/span><i><span style=\"font-family: Arial;\">bizalmatlans\u00e1got mutat\u00f3 v\u00e1laszok pedig egy\u00fcttesen 61%<\/span><\/i><span style=\"font-family: Arial;\">-ot adnak. A v\u00e1ltoz\u00e1s az el\u0151z\u0151 \u00e9vhez k\u00e9pest enyh\u00e9n pozit\u00edv, de \u00f6sszess\u00e9g\u00e9ben az igazs\u00e1gszolg\u00e1ltat\u00e1s int\u00e9zm\u00e9nyrendszere (alapvet\u0151en a b\u00edr\u00f3s\u00e1gok, \u00fcgy\u00e9szs\u00e9gek k\u00fcl\u00f6nf\u00e9le test\u00fcleteinek egy\u00fcttes meg\u00edt\u00e9l\u00e9se) nem v\u00e1ltozott \u00e9rdemben: a bizalmatlans\u00e1g jellemzi er\u0151sebben a v\u00e1laszad\u00f3k t\u00f6bbs\u00e9g\u00e9t ezekkel az int\u00e9zm\u00e9nyekkel szemben.<\/span><br \/>\n<span style=\"font-family: Arial;\">Nem neh\u00e9z kital\u00e1lni, hogy\u00a0<\/span><i><span style=\"font-family: Arial;\">a bizalmi indexben a legrosszabbul a politikai elit<\/span><\/i><span style=\"font-family: Arial;\">\u00a0\u00e9s annak int\u00e9zm\u00e9nyes form\u00e1i\u00a0<\/span><i><span style=\"font-family: Arial;\">szerepelnek<\/span><\/i><span style=\"font-family: Arial;\">. \u00c9vek \u00f3ta egyre er\u0151teljesebb bizalmatlans\u00e1g nyilv\u00e1nul meg\u00a0<\/span><i><span style=\"font-family: Arial;\">a politikusok<\/span><\/i><span style=\"font-family: Arial;\">\u00a0meg\u00edt\u00e9l\u00e9se kapcs\u00e1n, s mindig az adott pillanat t\u0171nik az abszol\u00fat m\u00e9lypontnak. Legut\u00f3bbi felm\u00e9r\u00e9s\u00fcnk azt igazolna, hogy van lejjebb, van m\u00e9g hov\u00e1 s\u00fcllyedni.<\/span><\/p>\n<p><i><span style=\"font-family: Arial;\">2. sz.. \u00e1bra<\/span><\/i><\/p>\n<table border=\"0\" cellspacing=\"0\" cellpadding=\"0\">\n<tbody>\n<tr valign=\"top\">\n<td width=\"398\"><img loading=\"lazy\" decoding=\"async\" src=\"http:\/\/kka.hu\/_Kozossegi_Adattar\/PAROLAAR.NSF\/b84c8c861998671e8525670c00815721\/1860925512d822f5c125770c00384d22\/file\/2.2C76?OpenElement&amp;FieldElemFormat=gif\" width=\"393\" height=\"259\" \/><\/td>\n<td width=\"302\"><span style=\"font-family: Arial;\">Mostani felm\u00e9r\u00e9s\u00fcnk 4700 v\u00e1lasz\u00e1b\u00f3l\u00a0<\/span><i><span style=\"font-family: Arial;\">a politikusok m\u00e1r-m\u00e1r durva elutas\u00edt\u00e1sa<\/span><\/i><span style=\"font-family: Arial;\">\u00a0olvashat\u00f3 ki. A legradik\u00e1lisabb elutas\u00edt\u00e1st jelent\u0151 \u201eegy\u00e1ltal\u00e1n nem b\u00edzom\u201d v\u00e1lasz p\u00e9ld\u00e1tlanul magasra, a megk\u00e9rdezettek 60%-ra r\u00fagott, az enn\u00e9l enyh\u00e9bb fokozat\u00fa, \u201enem nagyon b\u00edzom\u201d v\u00e1lasz pedig az el\u0151z\u0151ekhez k\u00e9pest tov\u00e1bbi 26,3%-os \u201et\u00e1mogat\u00e1st\u201d kapott vizsg\u00e1latunkban. Nem sokkal jobb\u00a0<\/span><i><span style=\"font-family: Arial;\">a Parlament<\/span><\/i><span style=\"font-family: Arial;\">\u00a0int\u00e9zm\u00e9ny\u00e9nek bizalmi indexe sem, itt a megk\u00e9rdezetteknek \u201ecsak\u201d a fele jelezte azt, hogy egy\u00e1ltal\u00e1n nem b\u00edzik a Parlamentben, a k\u00e9t negat\u00edv tartom\u00e1ny egy\u00fcttes \u00e9rt\u00e9ke pedig 82,7% volt.\u00a0<\/span><i><span style=\"font-family: Arial;\">A vizsg\u00e1lt k\u00f6zint\u00e9zm\u00e9nyek k\u00f6z\u00fcl a Parlament meg\u00edt\u00e9l\u00e9se romlott a legnagyobb ar\u00e1nyban a m\u00falt \u00e9vihez k\u00e9pest.<\/span><\/i><\/td>\n<\/tr>\n<\/tbody>\n<\/table>\n<p><i><span style=\"font-family: Arial;\">3. sz. \u00e1bra<\/span><\/i><\/p>\n<table border=\"0\" cellspacing=\"0\" cellpadding=\"0\">\n<tbody>\n<tr valign=\"top\">\n<td width=\"393\"><img loading=\"lazy\" decoding=\"async\" src=\"http:\/\/kka.hu\/_Kozossegi_Adattar\/PAROLAAR.NSF\/b84c8c861998671e8525670c00815721\/1860925512d822f5c125770c00384d22\/file\/4.304A?OpenElement&amp;FieldElemFormat=gif\" width=\"388\" height=\"258\" \/><\/td>\n<td width=\"298\"><span style=\"font-family: Arial;\">Az\u00a0<\/span><i><span style=\"font-family: Arial;\">\u00f6nkorm\u00e1nyzatok<\/span><\/i><span style=\"font-family: Arial;\">r\u00f3l el szoktuk mondani, hogy azok k\u00f6zelebb \u00e1llnak az egyes emberekhez, ez a szervez\u0151d\u00e9s, ez az int\u00e9zm\u00e9ny a t\u00f6bbin\u00e9l m\u00e9g nagyobb es\u00e9lyt k\u00edn\u00e1l a transzparenci\u00e1ra, hiszen a v\u00e1laszt\u00f3k helyben jobb l\u00e1t\u00e1sviszonyokkal rendelkeznek, jobban ismerik a helyi \u00fcgyeket, s emiatt az ezekkel foglalkoz\u00f3 \u00f6nkorm\u00e1nyzatokban tal\u00e1n jobban is b\u00edznak.\u00a0<\/span><i><span style=\"font-family: Arial;\">A k\u00f6zponti politikai int\u00e9zm\u00e9nyekhez k\u00e9pest val\u00f3ban jobb a lakoss\u00e1gi meg\u00edt\u00e9l\u00e9s az \u00f6nkorm\u00e1nyzatok eset\u00e9ben<\/span><\/i><span style=\"font-family: Arial;\">,\u00a0<\/span><i><span style=\"font-family: Arial;\">de az ir\u00e1ntuk t\u00e1pl\u00e1lt bizalom is romlott<\/span><\/i><span style=\"font-family: Arial;\">\u00a0az el\u0151z\u0151 \u00e9vihez k\u00e9pest. S\u0151t, ha a n\u00e9gy egym\u00e1s ut\u00e1ni \u00e9v viszonylatait n\u00e9zz\u00fck, akkor azt tapasztaljuk, hogy 2006-t\u00f3l a k\u00f6z\u00f6ss\u00e9g \u00e9vr\u0151l \u00e9vre fokozatosan roml\u00f3 bizalma jellemzi a helyi hatalom int\u00e9zm\u00e9nyeit is.<\/span><\/td>\n<\/tr>\n<\/tbody>\n<\/table>\n<p><span style=\"font-family: Arial;\">Az ut\u00f3bbi 3 \u00e9vben azt is megk\u00e9rdezz\u00fck, hogy mennyire b\u00edznak a v\u00e1laszad\u00f3k a\u00a0<\/span><i><span style=\"font-family: Arial;\">civil t\u00e1rsadalomban, a nonprofit szervezetekben<\/span><\/i><span style=\"font-family: Arial;\">. A k\u00e9rd\u00e9s nem szinonimak\u00e9nt, hanem \u00f6sszefoglalva igyekszik ezt az egym\u00e1st nem teljes m\u00e9rt\u00e9kben lefed\u0151 k\u00e9t fogalmat \u00e9rtelmezni.<\/span><\/p>\n<p><span style=\"font-family: Arial;\">A civil t\u00e1rsadalom k\u00e9pz\u0151dm\u00e9nye \u00e9s int\u00e9zm\u00e9nyrendszere tov\u00e1bbra is\u00a0<\/span><b><i><span style=\"font-family: Arial;\">felm\u00e9r\u00e9s\u00fcnk legjobban szerepl\u0151 r\u00e9sztvev\u0151je<\/span><\/i><\/b><span style=\"font-family: Arial;\">, a leger\u0151sebb bizalmi visszajelz\u00e9seket 2009-ben is erre a k\u00e9rd\u00e9sre adt\u00e1k a v\u00e1laszol\u00f3k. Enn\u00e9l az egyetlen k\u00e9rd\u00e9sn\u00e9l lend\u00fcl \u00e1t a bizalmi ar\u00e1ny a pozit\u00edv v\u00e1laszokra, ez az a k\u00e9rd\u00e9s, amelyn\u00e9l t\u00f6bben jel\u00f6lik meg az \u201eel\u00e9gg\u00e9\u201d \u00e9s a \u201enagyon megb\u00edzom\u201d v\u00e1laszokat, s jelent\u0151sen kisebb a negat\u00edv meg\u00edt\u00e9l\u00e9st jelent\u0151 \u201enem nagyon, egy\u00e1ltal\u00e1n nem\u201d v\u00e1laszok egy\u00fcttes ar\u00e1nya. A civil t\u00e1rsadalom \u00e9s nonprofit szervezetek ir\u00e1nti bizalom m\u00e9rt\u00e9k\u00e9nek minden adata jobb lett 2009-ben, mint az el\u0151z\u0151 \u00e9vben.<\/span><br \/>\n<span style=\"font-family: Arial;\">A k\u00f6vetkez\u0151 \u00f6sszes\u00edt\u0151 t\u00e1bl\u00e1zatban \u00f6sszehasonl\u00edtjuk az elm\u00falt 5 \u00e9v k\u00f6zbizalom-felm\u00e9r\u00e9seinek egyes int\u00e9zm\u00e9nyekre vonatkoz\u00f3 \u00e1tlageredm\u00e9nyeit. A nagyobb sz\u00e1mok a bizalom n\u00f6veked\u00e9s\u00e9t, az alacsonyabbak annak a cs\u00f6kken\u00e9s\u00e9t jelzik. Mivel a v\u00e1laszok alapj\u00e1n kisz\u00e1m\u00edtott \u00e1tlag\u00e9rt\u00e9kel\u00e9s 1-t\u0151l 4-ig terjed, 2,5-t\u0151l lefel\u00e9 a bizalmatlans\u00e1g, m\u00edg f\u00f6lfel\u00e9 a bizalom ir\u00e1nya a meghat\u00e1roz\u00f3.<\/span><\/p>\n<p><span style=\"font-family: Arial;\">1. sz. \u00f6sszes\u00edt\u0151 t\u00e1bla<\/span><\/p>\n<table border=\"0\" cellspacing=\"0\" cellpadding=\"0\">\n<tbody>\n<tr valign=\"top\">\n<td width=\"289\"><b><span style=\"font-family: Arial;\">Mennyire b\u00edzik meg&#8230;?<\/span><\/b><\/td>\n<td width=\"79\">\n<div align=\"center\"><b><span style=\"font-family: Arial;\">2006<\/span><\/b><\/div>\n<\/td>\n<td width=\"65\">\n<div align=\"center\"><b><span style=\"font-family: Arial;\">2007<\/span><\/b><\/div>\n<\/td>\n<td width=\"65\">\n<div align=\"center\"><b><span style=\"font-family: Arial;\">2008<\/span><\/b><\/div>\n<\/td>\n<td width=\"65\">\n<div align=\"center\"><b><span style=\"font-family: Arial;\">2009<\/span><\/b><\/div>\n<\/td>\n<\/tr>\n<\/tbody>\n<\/table>\n<table border=\"0\" cellspacing=\"0\" cellpadding=\"0\">\n<tbody>\n<tr valign=\"top\">\n<td width=\"289\"><img loading=\"lazy\" decoding=\"async\" src=\"http:\/\/kka.hu\/icons\/ecblank.gif\" alt=\"\" width=\"1\" height=\"1\" border=\"0\" \/><\/td>\n<td width=\"274\">\n<div align=\"center\"><span style=\"font-family: Arial;\">1\u20134 \u00e1tlagos \u00e9rt\u00e9kek (4= nagyon, 3=el\u00e9gg\u00e9,<\/span><br \/>\n<span style=\"font-family: Arial;\">2=nem nagyon, 1=egy\u00e1ltal\u00e1n nem)<\/span><\/div>\n<\/td>\n<\/tr>\n<\/tbody>\n<\/table>\n<table border=\"0\" cellspacing=\"0\" cellpadding=\"0\">\n<tbody>\n<tr valign=\"top\">\n<td width=\"289\"><span style=\"font-family: Arial;\">&#8230;a rend\u0151rs\u00e9gben?<\/span><\/td>\n<td width=\"79\">\n<div align=\"center\"><span style=\"font-family: Arial;\">2,3<\/span><\/div>\n<\/td>\n<td width=\"65\">\n<div align=\"right\"><span style=\"font-family: Arial;\">2,5<\/span><\/div>\n<\/td>\n<td width=\"65\">\n<div align=\"right\"><span style=\"font-family: Arial;\">2,3<\/span><\/div>\n<\/td>\n<td width=\"65\">\n<div align=\"center\"><b><span style=\"font-family: Arial;\">2,4<\/span><\/b><\/div>\n<\/td>\n<\/tr>\n<tr valign=\"top\">\n<td width=\"289\"><span style=\"font-family: Arial;\">&#8230;az igazs\u00e1gszolg\u00e1ltat\u00e1sban?<\/span><\/td>\n<td width=\"79\">\n<div align=\"center\"><span style=\"font-family: Arial;\">2,4<\/span><\/div>\n<\/td>\n<td width=\"65\">\n<div align=\"right\"><span style=\"font-family: Arial;\">2,4<\/span><\/div>\n<\/td>\n<td width=\"65\">\n<div align=\"right\"><span style=\"font-family: Arial;\">2,1<\/span><\/div>\n<\/td>\n<td width=\"65\">\n<div align=\"center\"><b><span style=\"font-family: Arial;\">2,2<\/span><\/b><\/div>\n<\/td>\n<\/tr>\n<tr valign=\"top\">\n<td width=\"289\"><span style=\"font-family: Arial;\">&#8230;a politikusokban?<\/span><\/td>\n<td width=\"79\">\n<div align=\"center\"><span style=\"font-family: Arial;\">1,7<\/span><\/div>\n<\/td>\n<td width=\"65\">\n<div align=\"right\"><span style=\"font-family: Arial;\">1,6<\/span><\/div>\n<\/td>\n<td width=\"65\">\n<div align=\"right\"><span style=\"font-family: Arial;\">1,5<\/span><\/div>\n<\/td>\n<td width=\"65\">\n<div align=\"center\"><b><span style=\"font-family: Arial;\">1,5<\/span><\/b><\/div>\n<\/td>\n<\/tr>\n<tr valign=\"top\">\n<td width=\"289\"><span style=\"font-family: Arial;\">&#8230;a parlamentben?<\/span><\/td>\n<td width=\"79\">\n<div align=\"center\"><span style=\"font-family: Arial;\">2<\/span><\/div>\n<\/td>\n<td width=\"65\">\n<div align=\"right\"><span style=\"font-family: Arial;\">1,9<\/span><\/div>\n<\/td>\n<td width=\"65\">\n<div align=\"right\"><span style=\"font-family: Arial;\">1,7<\/span><\/div>\n<\/td>\n<td width=\"65\">\n<div align=\"center\"><b><span style=\"font-family: Arial;\">1,6<\/span><\/b><\/div>\n<\/td>\n<\/tr>\n<tr valign=\"top\">\n<td width=\"289\"><span style=\"font-family: Arial;\">&#8230;az \u00f6nkorm\u00e1nyzatban?<\/span><\/td>\n<td width=\"79\">\n<div align=\"center\"><span style=\"font-family: Arial;\">2,5<\/span><\/div>\n<\/td>\n<td width=\"65\">\n<div align=\"right\"><span style=\"font-family: Arial;\">2,4<\/span><\/div>\n<\/td>\n<td width=\"65\">\n<div align=\"right\"><span style=\"font-family: Arial;\">2,3<\/span><\/div>\n<\/td>\n<td width=\"65\">\n<div align=\"center\"><b><span style=\"font-family: Arial;\">2,3<\/span><\/b><\/div>\n<\/td>\n<\/tr>\n<tr valign=\"top\">\n<td width=\"289\"><span style=\"font-family: Arial;\">&#8230;a civil t\u00e1rsadalomban, nonprofit szervezetekben?<\/span><\/td>\n<td width=\"79\">\n<div align=\"center\"><span style=\"font-family: Arial;\">n.a.<\/span><\/div>\n<\/td>\n<td width=\"65\">\n<div align=\"right\"><span style=\"font-family: Arial;\">2,8<\/span><\/div>\n<\/td>\n<td width=\"65\">\n<div align=\"right\"><span style=\"font-family: Arial;\">2,4<\/span><\/div>\n<\/td>\n<td width=\"65\">\n<div align=\"center\"><b><span style=\"font-family: Arial;\">2,5<\/span><\/b><\/div>\n<\/td>\n<\/tr>\n<\/tbody>\n<\/table>\n<p><b><span style=\"font-family: Arial;\">II.<\/span><\/b><span style=\"font-family: Arial;\">\u00a0M\u00e1r a bizalomra val\u00f3 k\u00f6zvetlen k\u00e9rdez\u00e9sben is megjelent a lokalit\u00e1s, a helyi szint (az \u00f6nkorm\u00e1nyzatra val\u00f3 r\u00e1k\u00e9rdez\u00e9ssel). M\u00e1sodik k\u00e9rd\u00e9s\u00fcnk kimondottan a lak\u00f3helyi k\u00f6z\u00e9rzetet igyekszik felm\u00e9rni: a\u00a0<\/span><b><span style=\"font-family: Arial;\">helyi aktivit\u00e1ssal, a r\u00e9szv\u00e9tellel<\/span><\/b><span style=\"font-family: Arial;\">\u00a0kapcsolatos \u00e9rz\u00e9sekr\u0151l, t\u00f6rekv\u00e9sekr\u0151l tudakoz\u00f3dik.<\/span><br \/>\n<span style=\"font-family: Arial;\">Mit gondol, tud valamilyen befoly\u00e1ssal lenni a lak\u00f3hely\u00e9t \u00e9rint\u0151 k\u00e9rd\u00e9sekre? \u2013 \u00e9rdekl\u0151dt\u00fcnk felm\u00e9r\u00e9s\u00fcnkben.<\/span><\/p>\n<p>4. sz. \u00e1bra<\/p>\n<table border=\"0\" cellspacing=\"0\" cellpadding=\"0\">\n<tbody>\n<tr valign=\"top\">\n<td width=\"465\"><img loading=\"lazy\" decoding=\"async\" src=\"http:\/\/kka.hu\/_Kozossegi_Adattar\/PAROLAAR.NSF\/b84c8c861998671e8525670c00815721\/1860925512d822f5c125770c00384d22\/file\/7.3E70?OpenElement&amp;FieldElemFormat=gif\" width=\"460\" height=\"324\" \/><\/td>\n<td width=\"352\"><span style=\"font-family: Arial;\">A helyi kezdem\u00e9nyez\u00e9si, cselekv\u00e9si es\u00e9lyek meg\u00edt\u00e9l\u00e9se az \u00e1llampolg\u00e1rok r\u00e9sz\u00e9r\u0151l egy\u00e9rtelm\u0171en roml\u00f3 tendenci\u00e1t mutat a k\u00f6zbizalom \u00e9rt\u00e9krendszer\u00e9ben. A n\u00e9gyf\u00e9le fokozat\u00fa v\u00e1laszkollekci\u00f3 mindegyik \u00e9rt\u00e9ke alapj\u00e1n a tehetetlens\u00e9get, a cselekv\u00e9s ir\u00e1nti (\u00f6n) bizalom hi\u00e1ny\u00e1t, az \u00e9rintettek saj\u00e1t \u00e1llampolg\u00e1ri kompetenci\u00e1j\u00e1nak roml\u00f3 hit\u00e9t tapasztaljuk. A 2009-es adatok az elm\u00falt 4 \u00e9v legrosszabb aktivit\u00e1si potenci\u00e1lj\u00e1t mutatj\u00e1k.<\/span><\/p>\n<p><span style=\"font-family: Arial;\">Egy demokratikus t\u00e1rsadalomban a m\u0171k\u00f6d\u00e9s sor\u00e1n felmer\u00fcl\u0151 probl\u00e9m\u00e1kat \u00e9s konfliktusokat, valamint az ebb\u0151l ad\u00f3d\u00f3 feladatokat az \u00e1llam (helyi szinten nagyobbr\u00e9szt az \u00f6nkorm\u00e1nyzat), a t\u00e1rsadalom (a polg\u00e1rok \u00e9s k\u00f6z\u00f6ss\u00e9geik) \u00e9s a gazdas\u00e1gi \u2013 \u00fczleti szektor szerepl\u0151i egy\u00fcttm\u0171k\u00f6dve oldj\u00e1k meg. Ez a r\u00e9sztvev\u0151k egy\u00fcttm\u0171k\u00f6d\u00e9s\u00e9t, tiszt\u00e1zott munkamegoszt\u00e1s\u00e1t, valamennyi \u00e9rintett f\u00e9l szerepv\u00e1llal\u00e1s\u00e1t ig\u00e9nyli. Ha b\u00e1rmilyen okb\u00f3l valamelyik f\u00e9l (felek) kirekeszt\u0151dik ebb\u0151l a kooper\u00e1ci\u00f3b\u00f3l, az a demokratikus m\u0171k\u00f6d\u00e9s, a racion\u00e1lis munkamegoszt\u00e1s rov\u00e1s\u00e1ra t\u00f6rt\u00e9nik.<\/span><\/td>\n<\/tr>\n<\/tbody>\n<\/table>\n<p><span style=\"font-family: Arial;\">Ez\u00e9rt \u2013 s nem csup\u00e1n a demokratikus d\u00edszlet l\u00e1tszat\u00e1nak kedv\u00e9\u00e9rt \u2013 jelent komoly gondot a r\u00e9szv\u00e9telb\u0151l val\u00f3 b\u00e1rmif\u00e9le visszavonul\u00e1s vagy t\u00e1volmarad\u00e1s. Ha a polg\u00e1rok \u00fagy \u00e9rzik, hogy nincs befoly\u00e1suk a saj\u00e1t lok\u00e1lis t\u00e1rsadalmukkal kapcsolatos k\u00e9rd\u00e9sekre, akkor \u00e9letk\u00e9ptelenn\u00e9 v\u00e1lik a helyi t\u00e1rsadalom. Ez a t\u00e9tje annak, hogy b\u00edznak-e az emberek a helyi viszonyok alak\u00edthat\u00f3s\u00e1g\u00e1ban. S az eredm\u00e9ny, hogy jelent\u0151sen cs\u00f6kken ebben a bizalmuk, nagyon komoly t\u00e1rsadalmi aggodalmakra ad okot.<\/span><\/p>\n<p><b><span style=\"font-family: Arial;\">III.<\/span><\/b><span style=\"font-family: Arial;\">\u00a0A t\u00e1rsadalmi r\u00e9szv\u00e9tel egy m\u00e1sik aspektus\u00e1nak a felm\u00e9r\u00e9s\u00e9re felsoroltunk k\u00fcl\u00f6nf\u00e9le\u00a0<\/span><b><span style=\"font-family: Arial;\">k\u00f6zpolitikai c\u00e9l\u00fa aktivit\u00e1sok<\/span><\/b><span style=\"font-family: Arial;\">at.<\/span><\/p>\n<p><span style=\"font-family: Arial;\">3. sz. t\u00e1bla<\/span><\/p>\n<table border=\"0\" cellspacing=\"0\" cellpadding=\"0\">\n<tbody>\n<tr valign=\"top\">\n<td width=\"517\">\n<div align=\"center\"><b><span style=\"font-family: Arial;\">Tett-e ilyen l\u00e9p\u00e9seket az ut\u00f3bbi 12 h\u00f3napban?<\/span><\/b><br \/>\n<span style=\"font-family: Arial;\">(V\u00e1laszok sz\u00e1ma a v\u00e1laszad\u00f3k sz\u00e1zal\u00e9k\u00e1ban kifejezve)<\/span><\/div>\n<\/td>\n<\/tr>\n<\/tbody>\n<\/table>\n<table border=\"0\" cellspacing=\"0\" cellpadding=\"0\">\n<tbody>\n<tr valign=\"top\">\n<td width=\"469\"><\/td>\n<td width=\"48\">\n<div align=\"center\"><span style=\"font-family: Arial;\">Igen<\/span><\/div>\n<\/td>\n<\/tr>\n<tr valign=\"top\">\n<td width=\"469\"><span style=\"font-family: Arial;\">Felkeresett egy helyi \u00f6nkorm\u00e1nyzati k\u00e9pvisel\u0151t.<\/span><\/td>\n<td width=\"48\">\n<div align=\"center\"><span style=\"font-family: Arial;\">17,7<\/span><\/div>\n<\/td>\n<\/tr>\n<tr valign=\"top\">\n<td width=\"469\"><span style=\"font-family: Arial;\">Felkeresett egy orsz\u00e1ggy\u0171l\u00e9si k\u00e9pvisel\u0151t.<\/span><\/td>\n<td width=\"48\">\n<div align=\"center\"><span style=\"font-family: Arial;\">6,3<\/span><\/div>\n<\/td>\n<\/tr>\n<tr valign=\"top\">\n<td width=\"469\"><span style=\"font-family: Arial;\">Rendszeresen figyelemmel k\u00eds\u00e9rte a helyi \u00f6nkorm\u00e1nyzat valamelyik t\u00e1j\u00e9koztat\u00f3 csatorn\u00e1j\u00e1t.<\/span><\/td>\n<td width=\"48\">\n<div align=\"center\"><span style=\"font-family: Arial;\">50,8<\/span><\/div>\n<\/td>\n<\/tr>\n<tr valign=\"top\">\n<td width=\"469\"><span style=\"font-family: Arial;\">R\u00e9szt vett nyilv\u00e1nos gy\u0171l\u00e9sen vagy tal\u00e1lkoz\u00f3n.<\/span><\/td>\n<td width=\"48\">\n<div align=\"center\"><span style=\"font-family: Arial;\">24,3<\/span><\/div>\n<\/td>\n<\/tr>\n<tr valign=\"top\">\n<td width=\"469\"><span style=\"font-family: Arial;\">R\u00e9szt vett valamilyen t\u00fcntet\u00e9sen vagy tiltakoz\u00f3 megmozdul\u00e1son.<\/span><\/td>\n<td width=\"48\">\n<div align=\"center\"><span style=\"font-family: Arial;\">10,3<\/span><\/div>\n<\/td>\n<\/tr>\n<tr valign=\"top\">\n<td width=\"469\"><span style=\"font-family: Arial;\">Pet\u00edci\u00f3t \u00edrt al\u00e1.<\/span><\/td>\n<td width=\"48\">\n<div align=\"center\"><span style=\"font-family: Arial;\">21,8<\/span><\/div>\n<\/td>\n<\/tr>\n<\/tbody>\n<\/table>\n<p><span style=\"font-family: Arial;\">A v\u00e1laszok k\u00f6z\u00fcl igen magas gyakoris\u00e1got kapott az \u00f6nkorm\u00e1nyzatok t\u00e1j\u00e9koztat\u00f3 csatorn\u00e1j\u00e1nak haszn\u00e1lata, ami csak korl\u00e1tozottan tekintend\u0151 t\u00e1rsadalmi aktivit\u00e1snak, de a helyi viszonyokban val\u00f3 eligazod\u00e1snak \u2013 s \u00edgy a t\u00e1rsadalmi r\u00e9szv\u00e9telnek \u2013 fontos alapfelt\u00e9tele.<\/span><br \/>\n<span style=\"font-family: Arial;\">Vizsg\u00e1ltuk az is, hogy a v\u00e1laszok k\u00f6z\u00fcl milyen gyakoris\u00e1ggal fordult el\u0151, hogy egyidej\u0171leg t\u00f6bb l\u00e9p\u00e9st is tett a v\u00e1laszad\u00f3.<\/span><\/p>\n<p><span style=\"font-family: Arial;\">4. sz. t\u00e1bla<\/span><\/p>\n<div align=\"center\">\n<table border=\"0\" cellspacing=\"0\" cellpadding=\"0\">\n<tbody>\n<tr valign=\"top\">\n<td width=\"243\"><b><span style=\"font-family: Arial;\">A t\u00e1j\u00e9koz\u00f3d\u00e1son k\u00edv\u00fcl h\u00e1ny l\u00e9p\u00e9st tett?<\/span><\/b><\/td>\n<td width=\"85\">\n<div align=\"right\"><span style=\"font-family: Arial;\">%<\/span><\/div>\n<\/td>\n<\/tr>\n<tr valign=\"top\">\n<td width=\"243\"><i><span style=\"font-family: Arial;\">nem tett egy l\u00e9p\u00e9st sem<\/span><\/i><\/td>\n<td width=\"85\">\n<div align=\"right\"><span style=\"font-family: Arial;\">50,3<\/span><\/div>\n<\/td>\n<\/tr>\n<tr valign=\"top\">\n<td width=\"243\"><span style=\"font-family: Arial;\">egyf\u00e9l\u00e9t tett<\/span><\/td>\n<td width=\"85\">\n<div align=\"right\"><span style=\"font-family: Arial;\">30,2<\/span><\/div>\n<\/td>\n<\/tr>\n<tr valign=\"top\">\n<td width=\"243\"><span style=\"font-family: Arial;\">k\u00e9tf\u00e9l\u00e9t tett<\/span><\/td>\n<td width=\"85\">\n<div align=\"right\"><span style=\"font-family: Arial;\">11,9<\/span><\/div>\n<\/td>\n<\/tr>\n<tr valign=\"top\">\n<td width=\"243\"><span style=\"font-family: Arial;\">h\u00e1rom f\u00e9l\u00e9t tett<\/span><\/td>\n<td width=\"85\">\n<div align=\"right\"><span style=\"font-family: Arial;\">5,1<\/span><\/div>\n<\/td>\n<\/tr>\n<tr valign=\"top\">\n<td width=\"243\"><span style=\"font-family: Arial;\">n\u00e9gy f\u00e9l\u00e9t tett<\/span><\/td>\n<td width=\"85\">\n<div align=\"right\"><span style=\"font-family: Arial;\">1,5<\/span><\/div>\n<\/td>\n<\/tr>\n<tr valign=\"top\">\n<td width=\"243\"><span style=\"font-family: Arial;\">\u00f6t f\u00e9l\u00e9t tett<\/span><\/td>\n<td width=\"85\">\n<div align=\"right\"><span style=\"font-family: Arial;\">1,0<\/span><\/div>\n<\/td>\n<\/tr>\n<tr valign=\"top\">\n<td width=\"243\"><span style=\"font-family: Arial;\">\u00d6sszesen<\/span><\/td>\n<td width=\"85\">\n<div align=\"right\"><span style=\"font-family: Arial;\">100,0<\/span><\/div>\n<\/td>\n<\/tr>\n<tr valign=\"top\">\n<td width=\"243\"><b><i><span style=\"font-family: Arial;\">Legal\u00e1bb egyf\u00e9l\u00e9t tett<\/span><\/i><\/b><\/td>\n<td width=\"85\">\n<div align=\"right\"><b><i><span style=\"font-family: Arial;\">49,7<\/span><\/i><\/b><\/div>\n<\/td>\n<\/tr>\n<\/tbody>\n<\/table>\n<\/div>\n<p><span style=\"font-family: Arial;\">\u00dagy t\u0171nik, hogy a megk\u00e9rdezettek legal\u00e1bb a fele szerepl\u0151je valamilyen t\u00e1rsadalmi r\u00e9szv\u00e9telnek. E l\u00e9p\u00e9sek az elm\u00falt \u00e9vekben valamelyest nagyobb gyakoris\u00e1g\u00faak voltak, teh\u00e1t a t\u00e1rsadalmi aktivit\u00e1s e dimenzi\u00f3k ment\u00e9n is romlott n\u00e9mileg.<\/span><br \/>\n<span style=\"font-family: Arial;\">Felm\u00e9r\u00e9s\u00fcnk v\u00e9g\u00fcl azt vizsg\u00e1lta, hogy\u00a0<\/span><b><span style=\"font-family: Arial;\">milyen k\u00fcls\u0151 felt\u00e9telek, k\u00f6r\u00fclm\u00e9nyek seg\u00edthetn\u00e9k el\u0151<\/span><\/b><span style=\"font-family: Arial;\">\u00a0az \u00e9rintettek nagyobb t\u00e1rsadalmi aktivit\u00e1s\u00e1t. Az egy\u00e9ni cselekv\u00e9sek, a bekapcsol\u00f3d\u00e1s motiv\u00e1ci\u00f3inak a legf\u0151bb megteremt\u0151je, kiv\u00e1lt\u00f3ja a sz\u0171kebb vagy t\u00e1gabb k\u00f6rnyezetb\u0151l \u00e9rkez\u0151 szem\u00e9lyes megsz\u00f3l\u00edt\u00e1s lenne: ha valaki megk\u00e9rne a r\u00e9szv\u00e9telre; ha bar\u00e1t-csal\u00e1dtag is r\u00e9szt venne velem; ha valaki tapasztaltabb seg\u00edtene.<\/span><\/p>\n<p><span style=\"font-family: Arial;\">5. sz. t\u00e1bla<\/span><\/p>\n<div align=\"center\">\n<table border=\"0\" cellspacing=\"0\" cellpadding=\"0\">\n<tbody>\n<tr valign=\"top\">\n<td width=\"493\">\n<div align=\"center\"><b><span style=\"font-family: Arial;\">Mi seg\u00edthetn\u00e9 el\u0151, hogy r\u00e9szt vegyen k\u00f6z\u00f6ss\u00e9gi kezdem\u00e9nyez\u00e9sben, tev\u00e9kenys\u00e9gben<\/span><\/b><\/div>\n<\/td>\n<\/tr>\n<\/tbody>\n<\/table>\n<\/div>\n<div align=\"center\">\n<table border=\"0\" cellspacing=\"0\" cellpadding=\"0\">\n<tbody>\n<tr valign=\"top\">\n<td width=\"385\"><\/td>\n<td width=\"108\">\n<div align=\"right\"><span style=\"font-family: Arial;\">%<\/span><\/div>\n<\/td>\n<\/tr>\n<tr valign=\"top\">\n<td width=\"385\"><span style=\"font-family: Arial;\">Ha t\u00f6bb inform\u00e1ci\u00f3t kapn\u00e9k a lehet\u0151s\u00e9gekr\u0151l<\/span><\/td>\n<td width=\"108\">\n<div align=\"right\"><span style=\"font-family: Arial;\">35,4<\/span><\/div>\n<\/td>\n<\/tr>\n<tr valign=\"top\">\n<td width=\"385\"><span style=\"font-family: Arial;\">Ha valaki megk\u00e9rne, hogy vegyek r\u00e9szt<\/span><\/td>\n<td width=\"108\">\n<div align=\"right\"><span style=\"font-family: Arial;\">32,3<\/span><\/div>\n<\/td>\n<\/tr>\n<tr valign=\"top\">\n<td width=\"385\"><span style=\"font-family: Arial;\">Ha tudn\u00e1m, hogy jav\u00e1ra v\u00e1lik a p\u00e1ly\u00e1mnak<\/span><\/td>\n<td width=\"108\">\n<div align=\"right\"><span style=\"font-family: Arial;\">26,7<\/span><\/div>\n<\/td>\n<\/tr>\n<tr valign=\"top\">\n<td width=\"385\"><span style=\"font-family: Arial;\">Ha bar\u00e1t vagy csal\u00e1dtag is r\u00e9szt venne velem<\/span><\/td>\n<td width=\"108\">\n<div align=\"right\"><span style=\"font-family: Arial;\">25,3<\/span><\/div>\n<\/td>\n<\/tr>\n<tr valign=\"top\">\n<td width=\"385\"><span style=\"font-family: Arial;\">Ha valaki, akinek m\u00e1r van tapasztalata, seg\u00edtene<\/span><\/td>\n<td width=\"108\">\n<div align=\"right\"><span style=\"font-family: Arial;\">18,3<\/span><\/div>\n<\/td>\n<\/tr>\n<tr valign=\"top\">\n<td width=\"385\"><span style=\"font-family: Arial;\">Ha itthonr\u00f3l is megtehetn\u00e9m<\/span><\/td>\n<td width=\"108\">\n<div align=\"right\"><span style=\"font-family: Arial;\">15,4<\/span><\/div>\n<\/td>\n<\/tr>\n<tr valign=\"top\">\n<td width=\"385\"><span style=\"font-family: Arial;\">Egy\u00e9b<\/span><\/td>\n<td width=\"108\">\n<div align=\"right\"><span style=\"font-family: Arial;\">4,9<\/span><\/div>\n<\/td>\n<\/tr>\n<tr valign=\"top\">\n<td width=\"385\"><span style=\"font-family: Arial;\">Most erre nem v\u00e1laszolok<\/span><\/td>\n<td width=\"108\">\n<div align=\"right\"><span style=\"font-family: Arial;\">12,5<\/span><\/div>\n<\/td>\n<\/tr>\n<\/tbody>\n<\/table>\n<\/div>\n<p><b><span style=\"font-family: Arial;\">Aj\u00e1nl\u00e1s-f\u00e9le<\/span><\/b><\/p>\n<p><span style=\"font-family: Arial;\">K\u00f6zbizalomr\u00f3l k\u00e9sz\u00fclt kutat\u00e1sunk \u00e9s jelent\u00e9s\u00fcnk legink\u00e1bb ki\u00fctk\u00f6z\u0151 tapasztalata az int\u00e9zm\u00e9nyek ir\u00e1nt kialakult \u2013 s mind tart\u00f3sabb\u00e1 v\u00e1l\u00f3 \u2013\u00a0<\/span><i><span style=\"font-family: Arial;\">\u00e1ltal\u00e1nos bizalmatlans\u00e1g.<\/span><\/i><br \/>\n<span style=\"font-family: Arial;\">Kiker\u00fclhetetlen ebben a legnagyobb szerepl\u0151,\u00a0<\/span><i><span style=\"font-family: Arial;\">az \u00e1llam szerep\u00e9nek \u00fajragondol\u00e1sa,<\/span><\/i><span style=\"font-family: Arial;\">\u00a0ami egy\u00fctt j\u00e1rna a helyi szint: az \u00f6nkorm\u00e1nyzatok szerep\u00e9nek \u00fajragondol\u00e1s\u00e1val is. S ha e k\u00e9t szerepl\u0151 jelent\u0151s\u00e9ge \u00e9s funkci\u00f3ja \u00fajragondol\u00f3dik, akkor k\u00f6rnyezet\u00fck sem maradhat v\u00e1ltoz\u00e1s n\u00e9lk\u00fcl: a (civil) t\u00e1rsadalom, a gazdas\u00e1g \u2013 s ezek egym\u00e1shoz val\u00f3 viszonya. Egy ilyen szint\u0171 bizalomhi\u00e1ny eset\u00e9n\u00a0<\/span><i><span style=\"font-family: Arial;\">eg\u00e9sz int\u00e9zm\u00e9nyrendszer\u00fcnk<\/span><\/i><span style=\"font-family: Arial;\">\u00a0k\u00e9nyszer\u00fcl alapos megv\u00e1ltoz\u00e1sra.<\/span><br \/>\n<span style=\"font-family: Arial;\">\u00c9rdemes pontos\u00edtani, mit is \u00e9rt\u00fcnk int\u00e9zm\u00e9nyek alatt?<\/span><br \/>\n<span style=\"font-family: Arial;\">Legink\u00e1bb a\u00a0<\/span><i><span style=\"font-family: Arial;\">k\u00f6z\u00f6ss\u00e9gi probl\u00e9m\u00e1k megszil\u00e1rdult megold\u00e1sait<\/span><\/i><span style=\"font-family: Arial;\">\u00a0\u2013 a k\u00fcl\u00f6nf\u00e9le \u00fcgyek szakszer\u0171, kisz\u00e1m\u00edthat\u00f3, biztons\u00e1gos int\u00e9z\u00e9s\u00e9t. Ism\u00e9tl\u0151d\u0151, szok\u00e1ss\u00e1 v\u00e1lt, \u00f6n\u00e1ll\u00f3sult \u2013 teh\u00e1t int\u00e9zm\u00e9nye-<\/span><br \/>\n<span style=\"font-family: Arial;\">s\u00fclt \u2013 cselekv\u00e9si rendet, ami a jogrendt\u0151l a k\u00f6zszolg\u00e1ltat\u00e1sokon, a v\u00e1lasztott k\u00e9pviseleteken kereszt\u00fcl kiterjed a legsz\u0171kebb kisk\u00f6z\u00f6ss\u00e9geink m\u0171k\u00f6d\u00e9s\u00e9ig.<\/span><br \/>\n<span style=\"font-family: Arial;\">Ismereteink \u00e9s tapasztalataink szerint e folyamat alapja a bizalom, a kooper\u00e1ci\u00f3s k\u00e9szs\u00e9g \u00e9s sz\u00e1nd\u00e9k elemi szint\u0171 megteremt\u00e9se \u00e9s rendezetts\u00e9ge lenne.<\/span><br \/>\n<span style=\"font-family: Arial;\">A\u00a0<\/span><i><span style=\"font-family: Arial;\">rend<\/span><\/i><span style=\"font-family: Arial;\">\u00a0\u2013 jelezt\u00fck m\u00e1r jelent\u00e9s\u00fcnk els\u0151 r\u00e9sz\u00e9ben. \u00c1m annak megteremt\u00e9se a rend\u0151rs\u00e9gn\u00e9l j\u00f3val sz\u00e9lesebb illet\u00e9kess\u00e9g\u0171 ter\u00fcletet jelent; egyebek k\u00f6z\u00f6tt a nevel\u00e9s \u00e9s a k\u00f6zmegegyez\u00e9s sor\u00e1n kialak\u00edtott \u00e9s elfogadott norm\u00e1k, funkci\u00f3k, felel\u0151ss\u00e9gek legitim rendszer\u00e9t. Meggy\u0151z\u0151d\u00e9s\u00fcnk, hogy a rend puszt\u00e1n t\u00f6rv\u00e9nyi vagy b\u00fcrokratikus eszk\u00f6z\u00f6kkel t\u00f6rt\u00e9n\u0151 \u201eel\u0151seg\u00edt\u00e9se\u201d komoly t\u00e1rsadalmi k\u00e1rokat okozna.<\/span><span style=\"color: #000080; font-family: Arial;\">\u00a0<\/span><span style=\"font-family: Arial;\">Azt teh\u00e1t \u201eelrendelni\u201d nem c\u00e9lszer\u0171, \u00e9ppen, hogy a k\u00f6lcs\u00f6n\u00f6s al\u00e1rendelts\u00e9gek megteremt\u00e9s\u00e9nek \u2013 nem r\u00f6vid \u2013 folyamat\u00e1ban kellene t\u00e1rsadalmi kiegyez\u00e9ssel \u201emeg\u00e9p\u00edteni\u201d. A rend kialakul\u00e1s\u00e1ban \u00e9s fejleszt\u00e9s\u00e9ben teh\u00e1t mindenkinek szerepl\u0151v\u00e9 kellene v\u00e1lnia, szerepet kellene v\u00e1llalnia! Ennek egyik alapfelt\u00e9tele a t\u00e1rsadalmi bizalom, aminek jelenlegi nagyfok\u00fa hi\u00e1ny\u00e1r\u00f3l tud\u00f3s\u00edt ez a tanulm\u00e1ny.<\/span><br \/>\n<span style=\"font-family: Arial;\">\u00c9rz\u00e9kelhet\u0151 a magyar t\u00e1rsadalom\u00a0<\/span><i><span style=\"font-family: Arial;\">ki\u00e9hezetts\u00e9ge a rend ir\u00e1nt<\/span><\/i><span style=\"font-family: Arial;\">. A\u00a0<\/span><i><span style=\"font-family: Arial;\">rendetlens\u00e9g<\/span><\/i><span style=\"font-family: Arial;\">, amely ezt kiv\u00e1ltotta, m\u00e1r nem csup\u00e1n az int\u00e9zm\u00e9nyek \u201ebed\u0151l\u00e9se\u201d kapcs\u00e1n jelentkezik, de jelent\u0151sen hozz\u00e1j\u00e1rul az\u00a0<\/span><i><span style=\"font-family: Arial;\">an\u00f3mia<\/span><\/i><span style=\"font-family: Arial;\">, a t\u00e1rsadalom szab\u00e1lyoz\u00f3 hat\u00e1s\u00e1nak, k\u00e9pess\u00e9g\u00e9nek felborul\u00e1s\u00e1hoz, a jelenlegi, sz\u00e9tes\u00e9s k\u00f6zeli \u00e1llapothoz.<\/span><br \/>\n<span style=\"font-family: Arial;\">A rend ir\u00e1nti v\u00e1gyunk, meglehet, j\u00f3 felhajt\u00f3er\u0151, k\u00f6z\u00f6s elindul\u00e1si pont is lehet. Tudjuk, hogy egy er\u0151sebb civil t\u00e1rsadalom ellens\u00falyozni lenne k\u00e9pes a mindenkori hatalmat, ellen\u0151rizni a k\u00fcl\u00f6nf\u00e9le int\u00e9zm\u00e9nyeket \u00e9s \u00faj int\u00e9zm\u00e9nyeket hozna l\u00e9tre a rendezett m\u0171k\u00f6d\u00e9s \u00e9rdek\u00e9ben. Sokan \u00fagy v\u00e9lik, hogy a mind gyakoribb\u00e1 v\u00e1l\u00f3 \u00e9rdeks\u00e9relmek kapcs\u00e1n szervez\u0151d\u0151 helyi k\u00f6z\u00f6ss\u00e9gi protesztek \u2013 tal\u00e1n egy domin\u00f3 effektus r\u00e9v\u00e9n \u2013 elvezethetnek, hozz\u00e1j\u00e1rulhatnak a kontroll\u00e1ltabb, rendezettebb \u00e1llapotok ki\u00e9p\u00fcl\u00e9s\u00e9hez.<\/span><br \/>\n<span style=\"font-family: Arial;\">\u00c1m a rend ir\u00e1nti v\u00e1gy vesz\u00e9lyeket is hordoz mag\u00e1ban: ha egy t\u00e1rsadalmi\/hatalmi szerepl\u0151 be\u00edg\u00e9ri, hogy \u0151 ezt (mindenki f\u00f6l\u00f6tt) megszervezi, s demonstrat\u00edv m\u00f3don ehhez valami er\u0151t (esetleg ilyenre utal\u00f3 szimb\u00f3lumokat) is felmutat. \u00dagy tartjuk, ez a vesz\u00e9lyes kimenetele a rend\u00e9rt val\u00f3 v\u00e1gy\u00f3d\u00e1sunknak.<\/span><br \/>\n<span style=\"font-family: Arial;\">Enn\u00e9l sokkal lass\u00fabb, t\u00fcrelem \u00e9s id\u0151ig\u00e9nyesebb, \u00e1m fenntarthat\u00f3bb, tartamosabb kimenetel\u0171 lehet, ha a rend megteremt\u00e9se nem egy reszortszerepl\u0151\u00e9. Ha abban a t\u00e1rsadalom eg\u00e9sze vesz r\u00e9szt.<\/span><br \/>\n<span style=\"font-family: Arial;\">A bizalom, az int\u00e9zm\u00e9nyek \u00e9s a rend ki\u00e9p\u00edt\u00e9s\u00e9ben \u00fagy t\u0171nik, nem \u00e9rdemes senkire \u2013 k\u00edv\u00fclr\u0151l \u2013 v\u00e1rni.\u00a0<\/span><i><span style=\"font-family: Arial;\">Nem marad m\u00e1s h\u00e1tra, \u00f6nmagunkkal, a m\u00e9g l\u00e9tez\u0151 \u00e9s sz\u00e1munkra fontos k\u00f6z\u00f6ss\u00e9gekben kellene elkezdeni!<\/span><\/i><\/p>\n<div align=\"right\"><span style=\"font-family: Arial;\">\u00d6ssze\u00e1ll\u00edtotta:<\/span><br \/>\n<i><span style=\"font-family: Arial;\">P\u00e9terfi Ferenc<\/span><\/i><span style=\"font-family: Arial;\">\u00a0k\u00f6z\u00f6ss\u00e9gfejleszt\u0151<\/span><\/div>\n<p><span style=\"font-family: Arial;\">A K\u00f6zbizalom 2009 felm\u00e9r\u00e9s a K\u00f6z\u00f6ss\u00e9gi kezdem\u00e9nyez\u00e9seket t\u00e1mogat\u00f3 szakmai h\u00e1l\u00f3zat (K\u00d6ZT\u00c1MH\u00c1L\u00d3) tagjainak \u00e9s megyei civil szervezeteknek a k\u00f6zrem\u0171k\u00f6d\u00e9s\u00e9vel k\u00e9sz\u00fclt. K\u00fcl\u00f6n k\u00f6sz\u00f6net\u00a0<\/span><i><span style=\"font-family: Arial;\">Tarnai M\u00e1ri\u00e1nak<\/span><\/i><span style=\"font-family: Arial;\">\u00a0az adatok feldolgoz\u00e1s\u00e1ban, \u00e9rtelmez\u00e9s\u00e9ben val\u00f3 k\u00f6zrem\u0171k\u00f6d\u00e9s\u00e9\u00e9rt.<\/span><\/p>\n<p><span style=\"font-family: Arial;\">Kapcsolat: 1011 Budapest, Corvin t\u00e9r 8. Tel.: 225-6011<\/span><br \/>\n<span style=\"font-family: Arial;\">E-mail: peterfi@kkapcsolat.hu<\/span><br \/>\n<span style=\"font-family: Arial;\">www.kozossegfejlesztes.hu<\/span><\/p>\n","protected":false},"excerpt":{"rendered":"<p>Milyen a k\u00f6zbizalom hazai \u00e1llapota, mennyire b\u00edzunk a k\u00fcl\u00f6nf\u00e9le int\u00e9zm\u00e9nyeinkben, a magunk alap\u00edtotta civil szervezetekben, v\u00e1lasztott tiszts\u00e9gvisel\u0151inkben \u2013 orsz\u00e1gosan \u00e9s helyi szinten? Gyakorlat-e h\u00e9tk\u00f6znapi \u00e9let\u00fcnkben a k\u00f6zj\u00f3ra ir\u00e1nyul\u00f3 t\u00e1rsadalmi r\u00e9szv\u00e9tel? \u00d6t\u00f6dik alkalommal jelentkez\u00fcnk a k\u00f6zbizalomr\u00f3l sz\u00f3l\u00f3 felm\u00e9r\u00e9s\u00fcnk \u00f6sszefoglal\u00f3j\u00e1val, amelyeket most is az \u00c1llampolg\u00e1ri R\u00e9szv\u00e9tel Hete (\u00c1RH) keret\u00e9ben k\u00e9sz\u00edtett\u00fcnk, minden esetben egy-egy sz\u00far\u00f3pr\u00f3ba-szer\u0171 orsz\u00e1gos k\u00e9rd\u0151\u00edves felm\u00e9r\u00e9s [&hellip;]<\/p>\n","protected":false},"author":15,"featured_media":785,"comment_status":"open","ping_status":"open","sticky":false,"template":"","format":"standard","meta":{"_acf_changed":false,"footnotes":""},"categories":[380,8,7],"tags":[],"coauthors":[23],"class_list":["post-2481","post","type-post","status-publish","format-standard","has-post-thumbnail","hentry","category-parola-2010-1","category-parola-folyoirat","category-repertorium"],"acf":[],"yoast_head":"<!-- This site is optimized with the Yoast SEO plugin v26.7 - https:\/\/yoast.com\/wordpress\/plugins\/seo\/ -->\n<title>P\u00e9ld\u00e1tlanul alacsony szinten a k\u00f6zbizalom. Gyorsjelent\u00e9s, 2009 - Parola Foly\u00f3irat<\/title>\n<meta name=\"robots\" content=\"index, follow, max-snippet:-1, max-image-preview:large, max-video-preview:-1\" \/>\n<link rel=\"canonical\" href=\"https:\/\/kofe.hu\/parola\/parola-folyoirat\/peldatlanul-alacsony-szinten-a-kozbizalom-gyorsjelentes-2009\/\" \/>\n<meta property=\"og:locale\" content=\"hu_HU\" \/>\n<meta property=\"og:type\" content=\"article\" \/>\n<meta property=\"og:title\" content=\"P\u00e9ld\u00e1tlanul alacsony szinten a k\u00f6zbizalom. Gyorsjelent\u00e9s, 2009 - Parola Foly\u00f3irat\" \/>\n<meta property=\"og:description\" content=\"Milyen a k\u00f6zbizalom hazai \u00e1llapota, mennyire b\u00edzunk a k\u00fcl\u00f6nf\u00e9le int\u00e9zm\u00e9nyeinkben, a magunk alap\u00edtotta civil szervezetekben, v\u00e1lasztott tiszts\u00e9gvisel\u0151inkben \u2013 orsz\u00e1gosan \u00e9s helyi szinten? Gyakorlat-e h\u00e9tk\u00f6znapi \u00e9let\u00fcnkben a k\u00f6zj\u00f3ra ir\u00e1nyul\u00f3 t\u00e1rsadalmi r\u00e9szv\u00e9tel? \u00d6t\u00f6dik alkalommal jelentkez\u00fcnk a k\u00f6zbizalomr\u00f3l sz\u00f3l\u00f3 felm\u00e9r\u00e9s\u00fcnk \u00f6sszefoglal\u00f3j\u00e1val, amelyeket most is az \u00c1llampolg\u00e1ri R\u00e9szv\u00e9tel Hete (\u00c1RH) keret\u00e9ben k\u00e9sz\u00edtett\u00fcnk, minden esetben egy-egy sz\u00far\u00f3pr\u00f3ba-szer\u0171 orsz\u00e1gos k\u00e9rd\u0151\u00edves felm\u00e9r\u00e9s [&hellip;]\" \/>\n<meta property=\"og:url\" content=\"https:\/\/kofe.hu\/parola\/parola-folyoirat\/peldatlanul-alacsony-szinten-a-kozbizalom-gyorsjelentes-2009\/\" \/>\n<meta property=\"og:site_name\" content=\"Parola Foly\u00f3irat\" \/>\n<meta property=\"article:published_time\" content=\"2020-06-26T07:35:22+00:00\" \/>\n<meta property=\"article:modified_time\" content=\"2020-07-30T11:49:30+00:00\" \/>\n<meta property=\"og:image\" content=\"https:\/\/kofe.hu\/parola\/wp-content\/uploads\/2019\/07\/user_P\u00e9terfi-Feri-e1563904116478.jpg\" \/>\n\t<meta property=\"og:image:width\" content=\"267\" \/>\n\t<meta property=\"og:image:height\" content=\"267\" \/>\n\t<meta property=\"og:image:type\" content=\"image\/jpeg\" \/>\n<meta name=\"author\" content=\"P\u00e9terfi Ferenc\" \/>\n<meta name=\"twitter:card\" content=\"summary_large_image\" \/>\n<meta name=\"twitter:label1\" content=\"Szerz\u0151:\" \/>\n\t<meta name=\"twitter:data1\" content=\"P\u00e9terfi Ferenc\" \/>\n\t<meta name=\"twitter:label2\" content=\"Becs\u00fclt olvas\u00e1si id\u0151\" \/>\n\t<meta name=\"twitter:data2\" content=\"20 perc\" \/>\n\t<meta name=\"twitter:label3\" content=\"Written by\" \/>\n\t<meta name=\"twitter:data3\" content=\"P\u00e9terfi Ferenc\" \/>\n<script type=\"application\/ld+json\" class=\"yoast-schema-graph\">{\"@context\":\"https:\/\/schema.org\",\"@graph\":[{\"@type\":\"Article\",\"@id\":\"https:\/\/kofe.hu\/parola\/parola-folyoirat\/peldatlanul-alacsony-szinten-a-kozbizalom-gyorsjelentes-2009\/#article\",\"isPartOf\":{\"@id\":\"https:\/\/kofe.hu\/parola\/parola-folyoirat\/peldatlanul-alacsony-szinten-a-kozbizalom-gyorsjelentes-2009\/\"},\"author\":{\"name\":\"P\u00e9terfi Ferenc\",\"@id\":\"https:\/\/kofe.hu\/parola\/#\/schema\/person\/46297a12b269c035523fdcd019f91711\"},\"headline\":\"P\u00e9ld\u00e1tlanul alacsony szinten a k\u00f6zbizalom. Gyorsjelent\u00e9s, 2009\",\"datePublished\":\"2020-06-26T07:35:22+00:00\",\"dateModified\":\"2020-07-30T11:49:30+00:00\",\"mainEntityOfPage\":{\"@id\":\"https:\/\/kofe.hu\/parola\/parola-folyoirat\/peldatlanul-alacsony-szinten-a-kozbizalom-gyorsjelentes-2009\/\"},\"wordCount\":3933,\"commentCount\":0,\"image\":{\"@id\":\"https:\/\/kofe.hu\/parola\/parola-folyoirat\/peldatlanul-alacsony-szinten-a-kozbizalom-gyorsjelentes-2009\/#primaryimage\"},\"thumbnailUrl\":\"https:\/\/kofe.hu\/parola\/wp-content\/uploads\/2019\/07\/user_P\u00e9terfi-Feri-e1563904116478.jpg\",\"articleSection\":[\"Parola 2010\/1\",\"Parola Foly\u00f3irat\",\"Repert\u00f3rium\"],\"inLanguage\":\"hu\",\"potentialAction\":[{\"@type\":\"CommentAction\",\"name\":\"Comment\",\"target\":[\"https:\/\/kofe.hu\/parola\/parola-folyoirat\/peldatlanul-alacsony-szinten-a-kozbizalom-gyorsjelentes-2009\/#respond\"]}]},{\"@type\":\"WebPage\",\"@id\":\"https:\/\/kofe.hu\/parola\/parola-folyoirat\/peldatlanul-alacsony-szinten-a-kozbizalom-gyorsjelentes-2009\/\",\"url\":\"https:\/\/kofe.hu\/parola\/parola-folyoirat\/peldatlanul-alacsony-szinten-a-kozbizalom-gyorsjelentes-2009\/\",\"name\":\"P\u00e9ld\u00e1tlanul alacsony szinten a k\u00f6zbizalom. Gyorsjelent\u00e9s, 2009 - Parola Foly\u00f3irat\",\"isPartOf\":{\"@id\":\"https:\/\/kofe.hu\/parola\/#website\"},\"primaryImageOfPage\":{\"@id\":\"https:\/\/kofe.hu\/parola\/parola-folyoirat\/peldatlanul-alacsony-szinten-a-kozbizalom-gyorsjelentes-2009\/#primaryimage\"},\"image\":{\"@id\":\"https:\/\/kofe.hu\/parola\/parola-folyoirat\/peldatlanul-alacsony-szinten-a-kozbizalom-gyorsjelentes-2009\/#primaryimage\"},\"thumbnailUrl\":\"https:\/\/kofe.hu\/parola\/wp-content\/uploads\/2019\/07\/user_P\u00e9terfi-Feri-e1563904116478.jpg\",\"datePublished\":\"2020-06-26T07:35:22+00:00\",\"dateModified\":\"2020-07-30T11:49:30+00:00\",\"author\":{\"@id\":\"https:\/\/kofe.hu\/parola\/#\/schema\/person\/46297a12b269c035523fdcd019f91711\"},\"breadcrumb\":{\"@id\":\"https:\/\/kofe.hu\/parola\/parola-folyoirat\/peldatlanul-alacsony-szinten-a-kozbizalom-gyorsjelentes-2009\/#breadcrumb\"},\"inLanguage\":\"hu\",\"potentialAction\":[{\"@type\":\"ReadAction\",\"target\":[\"https:\/\/kofe.hu\/parola\/parola-folyoirat\/peldatlanul-alacsony-szinten-a-kozbizalom-gyorsjelentes-2009\/\"]}]},{\"@type\":\"ImageObject\",\"inLanguage\":\"hu\",\"@id\":\"https:\/\/kofe.hu\/parola\/parola-folyoirat\/peldatlanul-alacsony-szinten-a-kozbizalom-gyorsjelentes-2009\/#primaryimage\",\"url\":\"https:\/\/kofe.hu\/parola\/wp-content\/uploads\/2019\/07\/user_P\u00e9terfi-Feri-e1563904116478.jpg\",\"contentUrl\":\"https:\/\/kofe.hu\/parola\/wp-content\/uploads\/2019\/07\/user_P\u00e9terfi-Feri-e1563904116478.jpg\",\"width\":267,\"height\":267},{\"@type\":\"BreadcrumbList\",\"@id\":\"https:\/\/kofe.hu\/parola\/parola-folyoirat\/peldatlanul-alacsony-szinten-a-kozbizalom-gyorsjelentes-2009\/#breadcrumb\",\"itemListElement\":[{\"@type\":\"ListItem\",\"position\":1,\"name\":\"Home\",\"item\":\"https:\/\/kofe.hu\/parola\/\"},{\"@type\":\"ListItem\",\"position\":2,\"name\":\"P\u00e9ld\u00e1tlanul alacsony szinten a k\u00f6zbizalom. Gyorsjelent\u00e9s, 2009\"}]},{\"@type\":\"WebSite\",\"@id\":\"https:\/\/kofe.hu\/parola\/#website\",\"url\":\"https:\/\/kofe.hu\/parola\/\",\"name\":\"Parola Foly\u00f3irat\",\"description\":\"\",\"potentialAction\":[{\"@type\":\"SearchAction\",\"target\":{\"@type\":\"EntryPoint\",\"urlTemplate\":\"https:\/\/kofe.hu\/parola\/?s={search_term_string}\"},\"query-input\":{\"@type\":\"PropertyValueSpecification\",\"valueRequired\":true,\"valueName\":\"search_term_string\"}}],\"inLanguage\":\"hu\"},{\"@type\":\"Person\",\"@id\":\"https:\/\/kofe.hu\/parola\/#\/schema\/person\/46297a12b269c035523fdcd019f91711\",\"name\":\"P\u00e9terfi Ferenc\",\"image\":{\"@type\":\"ImageObject\",\"inLanguage\":\"hu\",\"@id\":\"https:\/\/kofe.hu\/parola\/#\/schema\/person\/image\/d173d0cf20d3d8748a6819cd4d17d68c\",\"url\":\"https:\/\/secure.gravatar.com\/avatar\/523e0b801b986785c16f8e37b642a318cb28abdc4915fa26e5b257b5a3902afc?s=96&d=mm&r=g\",\"contentUrl\":\"https:\/\/secure.gravatar.com\/avatar\/523e0b801b986785c16f8e37b642a318cb28abdc4915fa26e5b257b5a3902afc?s=96&d=mm&r=g\",\"caption\":\"P\u00e9terfi Ferenc\"},\"url\":\"https:\/\/kofe.hu\/parola\/szerzok\/peterfi-ferenc\/\"}]}<\/script>\n<!-- \/ Yoast SEO plugin. -->","yoast_head_json":{"title":"P\u00e9ld\u00e1tlanul alacsony szinten a k\u00f6zbizalom. Gyorsjelent\u00e9s, 2009 - Parola Foly\u00f3irat","robots":{"index":"index","follow":"follow","max-snippet":"max-snippet:-1","max-image-preview":"max-image-preview:large","max-video-preview":"max-video-preview:-1"},"canonical":"https:\/\/kofe.hu\/parola\/parola-folyoirat\/peldatlanul-alacsony-szinten-a-kozbizalom-gyorsjelentes-2009\/","og_locale":"hu_HU","og_type":"article","og_title":"P\u00e9ld\u00e1tlanul alacsony szinten a k\u00f6zbizalom. Gyorsjelent\u00e9s, 2009 - Parola Foly\u00f3irat","og_description":"Milyen a k\u00f6zbizalom hazai \u00e1llapota, mennyire b\u00edzunk a k\u00fcl\u00f6nf\u00e9le int\u00e9zm\u00e9nyeinkben, a magunk alap\u00edtotta civil szervezetekben, v\u00e1lasztott tiszts\u00e9gvisel\u0151inkben \u2013 orsz\u00e1gosan \u00e9s helyi szinten? Gyakorlat-e h\u00e9tk\u00f6znapi \u00e9let\u00fcnkben a k\u00f6zj\u00f3ra ir\u00e1nyul\u00f3 t\u00e1rsadalmi r\u00e9szv\u00e9tel? \u00d6t\u00f6dik alkalommal jelentkez\u00fcnk a k\u00f6zbizalomr\u00f3l sz\u00f3l\u00f3 felm\u00e9r\u00e9s\u00fcnk \u00f6sszefoglal\u00f3j\u00e1val, amelyeket most is az \u00c1llampolg\u00e1ri R\u00e9szv\u00e9tel Hete (\u00c1RH) keret\u00e9ben k\u00e9sz\u00edtett\u00fcnk, minden esetben egy-egy sz\u00far\u00f3pr\u00f3ba-szer\u0171 orsz\u00e1gos k\u00e9rd\u0151\u00edves felm\u00e9r\u00e9s [&hellip;]","og_url":"https:\/\/kofe.hu\/parola\/parola-folyoirat\/peldatlanul-alacsony-szinten-a-kozbizalom-gyorsjelentes-2009\/","og_site_name":"Parola Foly\u00f3irat","article_published_time":"2020-06-26T07:35:22+00:00","article_modified_time":"2020-07-30T11:49:30+00:00","og_image":[{"width":267,"height":267,"url":"https:\/\/kofe.hu\/parola\/wp-content\/uploads\/2019\/07\/user_P\u00e9terfi-Feri-e1563904116478.jpg","type":"image\/jpeg"}],"author":"P\u00e9terfi Ferenc","twitter_card":"summary_large_image","twitter_misc":{"Szerz\u0151:":"P\u00e9terfi Ferenc","Becs\u00fclt olvas\u00e1si id\u0151":"20 perc","Written by":"P\u00e9terfi Ferenc"},"schema":{"@context":"https:\/\/schema.org","@graph":[{"@type":"Article","@id":"https:\/\/kofe.hu\/parola\/parola-folyoirat\/peldatlanul-alacsony-szinten-a-kozbizalom-gyorsjelentes-2009\/#article","isPartOf":{"@id":"https:\/\/kofe.hu\/parola\/parola-folyoirat\/peldatlanul-alacsony-szinten-a-kozbizalom-gyorsjelentes-2009\/"},"author":{"name":"P\u00e9terfi Ferenc","@id":"https:\/\/kofe.hu\/parola\/#\/schema\/person\/46297a12b269c035523fdcd019f91711"},"headline":"P\u00e9ld\u00e1tlanul alacsony szinten a k\u00f6zbizalom. Gyorsjelent\u00e9s, 2009","datePublished":"2020-06-26T07:35:22+00:00","dateModified":"2020-07-30T11:49:30+00:00","mainEntityOfPage":{"@id":"https:\/\/kofe.hu\/parola\/parola-folyoirat\/peldatlanul-alacsony-szinten-a-kozbizalom-gyorsjelentes-2009\/"},"wordCount":3933,"commentCount":0,"image":{"@id":"https:\/\/kofe.hu\/parola\/parola-folyoirat\/peldatlanul-alacsony-szinten-a-kozbizalom-gyorsjelentes-2009\/#primaryimage"},"thumbnailUrl":"https:\/\/kofe.hu\/parola\/wp-content\/uploads\/2019\/07\/user_P\u00e9terfi-Feri-e1563904116478.jpg","articleSection":["Parola 2010\/1","Parola Foly\u00f3irat","Repert\u00f3rium"],"inLanguage":"hu","potentialAction":[{"@type":"CommentAction","name":"Comment","target":["https:\/\/kofe.hu\/parola\/parola-folyoirat\/peldatlanul-alacsony-szinten-a-kozbizalom-gyorsjelentes-2009\/#respond"]}]},{"@type":"WebPage","@id":"https:\/\/kofe.hu\/parola\/parola-folyoirat\/peldatlanul-alacsony-szinten-a-kozbizalom-gyorsjelentes-2009\/","url":"https:\/\/kofe.hu\/parola\/parola-folyoirat\/peldatlanul-alacsony-szinten-a-kozbizalom-gyorsjelentes-2009\/","name":"P\u00e9ld\u00e1tlanul alacsony szinten a k\u00f6zbizalom. Gyorsjelent\u00e9s, 2009 - Parola Foly\u00f3irat","isPartOf":{"@id":"https:\/\/kofe.hu\/parola\/#website"},"primaryImageOfPage":{"@id":"https:\/\/kofe.hu\/parola\/parola-folyoirat\/peldatlanul-alacsony-szinten-a-kozbizalom-gyorsjelentes-2009\/#primaryimage"},"image":{"@id":"https:\/\/kofe.hu\/parola\/parola-folyoirat\/peldatlanul-alacsony-szinten-a-kozbizalom-gyorsjelentes-2009\/#primaryimage"},"thumbnailUrl":"https:\/\/kofe.hu\/parola\/wp-content\/uploads\/2019\/07\/user_P\u00e9terfi-Feri-e1563904116478.jpg","datePublished":"2020-06-26T07:35:22+00:00","dateModified":"2020-07-30T11:49:30+00:00","author":{"@id":"https:\/\/kofe.hu\/parola\/#\/schema\/person\/46297a12b269c035523fdcd019f91711"},"breadcrumb":{"@id":"https:\/\/kofe.hu\/parola\/parola-folyoirat\/peldatlanul-alacsony-szinten-a-kozbizalom-gyorsjelentes-2009\/#breadcrumb"},"inLanguage":"hu","potentialAction":[{"@type":"ReadAction","target":["https:\/\/kofe.hu\/parola\/parola-folyoirat\/peldatlanul-alacsony-szinten-a-kozbizalom-gyorsjelentes-2009\/"]}]},{"@type":"ImageObject","inLanguage":"hu","@id":"https:\/\/kofe.hu\/parola\/parola-folyoirat\/peldatlanul-alacsony-szinten-a-kozbizalom-gyorsjelentes-2009\/#primaryimage","url":"https:\/\/kofe.hu\/parola\/wp-content\/uploads\/2019\/07\/user_P\u00e9terfi-Feri-e1563904116478.jpg","contentUrl":"https:\/\/kofe.hu\/parola\/wp-content\/uploads\/2019\/07\/user_P\u00e9terfi-Feri-e1563904116478.jpg","width":267,"height":267},{"@type":"BreadcrumbList","@id":"https:\/\/kofe.hu\/parola\/parola-folyoirat\/peldatlanul-alacsony-szinten-a-kozbizalom-gyorsjelentes-2009\/#breadcrumb","itemListElement":[{"@type":"ListItem","position":1,"name":"Home","item":"https:\/\/kofe.hu\/parola\/"},{"@type":"ListItem","position":2,"name":"P\u00e9ld\u00e1tlanul alacsony szinten a k\u00f6zbizalom. Gyorsjelent\u00e9s, 2009"}]},{"@type":"WebSite","@id":"https:\/\/kofe.hu\/parola\/#website","url":"https:\/\/kofe.hu\/parola\/","name":"Parola Foly\u00f3irat","description":"","potentialAction":[{"@type":"SearchAction","target":{"@type":"EntryPoint","urlTemplate":"https:\/\/kofe.hu\/parola\/?s={search_term_string}"},"query-input":{"@type":"PropertyValueSpecification","valueRequired":true,"valueName":"search_term_string"}}],"inLanguage":"hu"},{"@type":"Person","@id":"https:\/\/kofe.hu\/parola\/#\/schema\/person\/46297a12b269c035523fdcd019f91711","name":"P\u00e9terfi Ferenc","image":{"@type":"ImageObject","inLanguage":"hu","@id":"https:\/\/kofe.hu\/parola\/#\/schema\/person\/image\/d173d0cf20d3d8748a6819cd4d17d68c","url":"https:\/\/secure.gravatar.com\/avatar\/523e0b801b986785c16f8e37b642a318cb28abdc4915fa26e5b257b5a3902afc?s=96&d=mm&r=g","contentUrl":"https:\/\/secure.gravatar.com\/avatar\/523e0b801b986785c16f8e37b642a318cb28abdc4915fa26e5b257b5a3902afc?s=96&d=mm&r=g","caption":"P\u00e9terfi Ferenc"},"url":"https:\/\/kofe.hu\/parola\/szerzok\/peterfi-ferenc\/"}]}},"_links":{"self":[{"href":"https:\/\/kofe.hu\/parola\/wp-json\/wp\/v2\/posts\/2481","targetHints":{"allow":["GET"]}}],"collection":[{"href":"https:\/\/kofe.hu\/parola\/wp-json\/wp\/v2\/posts"}],"about":[{"href":"https:\/\/kofe.hu\/parola\/wp-json\/wp\/v2\/types\/post"}],"author":[{"embeddable":true,"href":"https:\/\/kofe.hu\/parola\/wp-json\/wp\/v2\/users\/15"}],"replies":[{"embeddable":true,"href":"https:\/\/kofe.hu\/parola\/wp-json\/wp\/v2\/comments?post=2481"}],"version-history":[{"count":3,"href":"https:\/\/kofe.hu\/parola\/wp-json\/wp\/v2\/posts\/2481\/revisions"}],"predecessor-version":[{"id":4189,"href":"https:\/\/kofe.hu\/parola\/wp-json\/wp\/v2\/posts\/2481\/revisions\/4189"}],"wp:featuredmedia":[{"embeddable":true,"href":"https:\/\/kofe.hu\/parola\/wp-json\/wp\/v2\/media\/785"}],"wp:attachment":[{"href":"https:\/\/kofe.hu\/parola\/wp-json\/wp\/v2\/media?parent=2481"}],"wp:term":[{"taxonomy":"category","embeddable":true,"href":"https:\/\/kofe.hu\/parola\/wp-json\/wp\/v2\/categories?post=2481"},{"taxonomy":"post_tag","embeddable":true,"href":"https:\/\/kofe.hu\/parola\/wp-json\/wp\/v2\/tags?post=2481"},{"taxonomy":"author","embeddable":true,"href":"https:\/\/kofe.hu\/parola\/wp-json\/wp\/v2\/coauthors?post=2481"}],"curies":[{"name":"wp","href":"https:\/\/api.w.org\/{rel}","templated":true}]}}