{"id":2476,"date":"2020-06-26T07:15:40","date_gmt":"2020-06-26T07:15:40","guid":{"rendered":"https:\/\/kofe.hu\/parola\/?p=2476"},"modified":"2020-07-30T11:49:00","modified_gmt":"2020-07-30T11:49:00","slug":"a-maroktelefonoktol-az-egerrel-torteno-donteshozatalig-marokbol-marokba","status":"publish","type":"post","link":"https:\/\/kofe.hu\/parola\/parola-folyoirat\/a-maroktelefonoktol-az-egerrel-torteno-donteshozatalig-marokbol-marokba\/","title":{"rendered":"A maroktelefonokt\u00f3l az eg\u00e9rrel t\u00f6rt\u00e9n\u0151 d\u00f6nt\u00e9shozatalig. marokb\u00f3l marokba"},"content":{"rendered":"<p><b><span style=\"font-family: Arial;\">El\u00f6lj\u00e1r\u00f3ban<\/span><\/b><\/p>\n<p><span style=\"font-family: Arial;\">Engedj\u00e9k meg nekem a Kedves Olvas\u00f3k, hogy civilk\u00e9nt \u00edrjak azokr\u00f3l a lehet\u0151s\u00e9gekr\u0151l \u00e9s tapasztalatokr\u00f3l, amelyek egyre ink\u00e1bb seg\u00edtik \u00e9s meghat\u00e1rozz\u00e1k munk\u00e1mat a civil vil\u00e1gban. J\u00f3magam nem vagyok sem informatikus, sem profi webszerkeszt\u0151, ugyanakkor k\u00edv\u00e1ncsi emberk\u00e9nt hajlamos vagyok arra, hogy k\u00eds\u00e9rletezzek az \u00faj lehet\u0151s\u00e9gekkel.<\/span><br \/>\n<span style=\"font-family: Arial;\">Cikkemben az internet ny\u00fajtotta \u00faj lehet\u0151s\u00e9gekb\u0151l igyekszem bemutatni n\u00e9h\u00e1nyat, amelyek tov\u00e1bbi fejl\u0151d\u00e9se, hiszem, hogy nagy szerepet j\u00e1tszik majd a civil t\u00e1rsadalom meger\u0151s\u00f6d\u00e9s\u00e9ben.<\/span><\/p>\n<p><!--more--><b><span style=\"font-family: Arial;\">Egy kis \u201er\u00e1vezet\u00e9s\u201d<\/span><\/b><\/p>\n<table border=\"1\">\n<tbody>\n<tr valign=\"top\">\n<td width=\"230\"><img loading=\"lazy\" decoding=\"async\" src=\"http:\/\/kka.hu\/_Kozossegi_Adattar\/PAROLAAR.NSF\/b84c8c861998671e8525670c00815721\/5366a54b9d841eb5c125770b00477ba0\/file\/10.384A?OpenElement&amp;FieldElemFormat=gif\" width=\"226\" height=\"170\" \/><\/td>\n<td width=\"475\"><span style=\"font-family: Arial;\">Nem is olyan r\u00e9gen m\u00e9g \u00e1ltal\u00e1nos volt, hogy megvet\u00e9ssel figyelt\u00fck a \u201emaroktelefonosokat\u201d, amikor m\u00e9g e k\u00e9sz\u00fcl\u00e9keket nem volt k\u00f6nny\u0171 megmarkolni. Ma m\u00e1r komolyan \u00f6sszekusz\u00e1l\u00f3dhat \u00e9let\u00fcnk, ha v\u00e9letlen\u00fcl otthon hagyjuk a mobilunkat.<\/span><br \/>\n<span style=\"font-family: Arial;\">Egy nagyobbat ugorva m\u00e1r az internet korszak\u00e1ban nyomkodjuk a billenty\u0171ket, az e-mailez\u00e9s, a skype (ingyenes on-line telefon\u00e1l\u00e1s), a webes inform\u00e1ci\u00f3szerz\u00e9s, illetve egyre ink\u00e1bb a v\u00e1s\u00e1rl\u00e1s is mindennapiv\u00e1 v\u00e1ltak \u00e9let\u00fcnkben. A szem\u00e9lyi sz\u00e1m\u00edt\u00f3g\u00e9pek is egyre nagyobb metamorf\u00f3zison mennek kereszt\u00fcl, szembesz\u00f6k\u0151 gyors laptopp\u00e1, illetve okostelefonn\u00e1 alakul\u00e1suk.<\/span><\/td>\n<\/tr>\n<\/tbody>\n<\/table>\n<p><span style=\"font-family: Arial;\">M\u00e9gis, az inform\u00e1ci\u00f3s t\u00e1rsadalomm\u00e1 v\u00e1l\u00e1sunk kapuj\u00e1ban, ma, amikor azt halljuk: e-demokr\u00e1cia, e-r\u00e9szv\u00e9tel, akkor ism\u00e9t valami maroktelefonos-\u00e9rz\u00e9s mer\u00fcl fel benn\u00fcnk. \u00c9rdekes, hogy \u00e9ppen azok k\u00f6z\u00fcl sokan, akik demokr\u00e1ci\u00e1val \u00e9s r\u00e9szv\u00e9tel er\u0151s\u00edt\u00e9s\u00e9vel foglalkoznak \u2013 teh\u00e1t a hum\u00e1n seg\u00edt\u0151-fejleszt\u0151, kultur\u00e1lis, k\u00e9pz\u00e9si szakter\u00fcletek \u2013, egyenesen sci-fi-nek tartj\u00e1k a fogalmak m\u00f6g\u00f6tt rejl\u0151 trendeket, valamif\u00e9le abszurdit\u00e1ssal kevert futurisztikus j\u00f6v\u0151k\u00e9p sejlik fel benn\u00fck, amely m\u00e1r j\u00f3val t\u00falmutat azon az \u00e9lhet\u0151 \u00e9s emberk\u00f6zeli vil\u00e1gon, ami\u00e9rt \u0151k tenni k\u00edv\u00e1nnak \u00e9s tesznek is a mindennapokban.<\/span><br \/>\n<span style=\"font-family: Arial;\">Pedig, ahogy a telefont is megszokta mindenki, \u00fagy az internet adta lehet\u0151s\u00e9gek fejl\u0151d\u00e9se \u00e9s terjed\u00e9se is nehezen lesz hossz\u00fa t\u00e1von mell\u0151zhet\u0151. Ak\u00e1rcsak sz\u00e1mos m\u00e1s jelens\u00e9g globaliz\u00e1l\u00f3d\u00f3 vil\u00e1gunkban, e trendek l\u00e9tez\u00e9se \u00e9s t\u00e9rnyer\u00e9se sem k\u00e9rd\u00e9s ma m\u00e1r, csak a megval\u00f3sul\u00e1sok form\u00e1ja az, amibe belesz\u00f3l\u00e1sunk lehet.<\/span><br \/>\n<span style=\"font-family: Arial;\">\u00c9s kell is, hogy belesz\u00f3ljunk! Kell, hogy szentiment\u00e1lis, nosztalgikus ellenkez\u00e9s\u00fcnk, m\u00faltfelmagasztal\u00e1sunk felismer\u00e9sbe csapjon \u00e1t! \u00c9s f\u0151k\u00e9ppen ott igaz\u00e1n, ahol \u00e9rtelme is van!<\/span><br \/>\n<span style=\"font-family: Arial;\">Ma m\u00e9g sokan \u00fczletekkel, csencsel\u0151kkel teli pl\u00e1z\u00e1nak l\u00e1tj\u00e1k az internetet, ahol persze lehet tanulni is, de a j\u00e1t\u00e9k \u00e9s a v\u00e1s\u00e1rl\u00e1s elterjedtebb. Nem vessz\u00fck \u00e9szre, hogy \u00e9ppen az internet ad val\u00f3s alapot, konkr\u00e9t talapzatot ahhoz, hogy az emberek legt\u00f6bbje \u00e1ltal d\u00e9delgetett ut\u00f3pi\u00e1k, mint a vil\u00e1gm\u00e9ret\u0171 \u00f6sszefog\u00e1s, a tot\u00e1lis demokr\u00e1cia, a hossz\u00fa t\u00e1v\u00fa b\u00e9ke, a nyitott, toler\u00e1ns, befogad\u00f3, egyenl\u0151, vagyis \u201ej\u00f3\u201d t\u00e1rsadalmakban bontakozhassanak ki.<\/span><br \/>\n<span style=\"font-family: Arial;\">Kiss\u00e9 tal\u00e1n hippokrat\u00e9szi hasonlattal teh\u00e1t, haszn\u00e1lnunk kell minden tudom\u00e1ny \u00e9s fejl\u0151d\u00e9s adta lehet\u0151s\u00e9get, \u00e9s els\u0151sorban ott \u00e9s arra kell haszn\u00e1lnunk, ami mindannyiunk elemi \u00e9rdeke, saj\u00e1t t\u00e1rsadalmaink jobb\u00edt\u00e1s\u00e1ra, fejleszt\u00e9s\u00e9re.<\/span><\/p>\n<p><b><span style=\"font-family: Arial;\">J\u00f3, de mit? J\u00f3, de hogyan?<\/span><\/b><br \/>\n<b><span style=\"font-family: Arial;\">\u2013 N\u00e9h\u00e1ny p\u00e9lda az \u00e9terb\u0151l<\/span><\/b><\/p>\n<p><span style=\"font-family: Arial;\">BLOG<\/span><br \/>\n<span style=\"font-family: Arial;\">A 2001. szeptember 11-i terrort\u00e1mad\u00e1s ut\u00e1n a\u00a0<\/span><b><span style=\"font-family: Arial;\">blogok<\/span><\/b><span style=\"font-family: Arial;\">, mint a civil m\u00e9dia \u00fatt\u00f6r\u0151i, terjedni kezdtek, majd 2002-re a blogol\u00e1s t\u00f6megjelens\u00e9gg\u00e9 v\u00e1lt. A trag\u00e9dia ut\u00e1ni trauma, az elkesere-<\/span><br \/>\n<span style=\"font-family: Arial;\">detts\u00e9g megoszt\u00e1sa, megk\u00f6nny\u00edt\u00e9se \u00faj csatorn\u00e1t tal\u00e1lt mag\u00e1nak azokban az internetes napl\u00f3kban, amelyek tartalm\u00e1t a napl\u00f3 \u00edr\u00f3ja, \u00e9s az \u00edr\u00e1sokat komment\u00e1l\u00f3 (kommentel\u0151) l\u00e1togat\u00f3k adj\u00e1k \u00f6ssze.<\/span><br \/>\n<span style=\"font-family: Arial;\">Persze k\u00e9rdezhetn\u00e9nk, ugyan mi ebben az \u00fajdons\u00e1g? Hiszen napl\u00f3t \u00edrni eddig is lehetett. M\u00e9gis, nem kis l\u00e9p\u00e9sr\u0151l van itt sz\u00f3! Egyr\u00e9szt technikai szempontb\u00f3l jelent ez komoly fordulatot, hiszen a blogokat blog-motorok (blogokat \u00f6sszefog\u00f3, blogol\u00e1st lehet\u0151v\u00e9 tev\u0151 oldalak) hozz\u00e1k l\u00e9tre, amelyek fejl\u0151d\u00e9se azt tette lehet\u0151v\u00e9, hogy szinte nulla technikai tud\u00e1ssal valaki blogot, vagy m\u00e9g egyszer\u0171bben, napl\u00f3\u00edr\u00e1sra (is) alkalmas weboldalt hozzon l\u00e9tre. Val\u00f3j\u00e1ban ez jelentette a kulcsot ahhoz, hogy az internet ne csak a technikusokkal fejleszthet\u0151 fellegv\u00e1r legyen, hanem val\u00f3s\u00e1gos civil t\u00e9rr\u00e9 alakuljon, ahol a r\u00e9szv\u00e9tel m\u00e1r legink\u00e1bb csak a motiv\u00e1ci\u00f3n m\u00falik. A \u201ehogyan\u201d k\u00e9rd\u00e9sre teh\u00e1t a blogol\u00e1s els\u0151rang\u00fa v\u00e1laszt ad.<\/span><br \/>\n<span style=\"font-family: Arial;\">M\u00e1sr\u00e9szt tartalmi szempontb\u00f3l is van \u00fajdons\u00e1g\u00e9rt\u00e9ke a blogol\u00e1snak, hiszen elrugaszkodik a merev keretekt\u0151l, a megfelel\u00e9s k\u00e9nyszere n\u00e9lk\u00fcl oszthatjuk meg \u00e9rz\u00e9seinket, t\u00f6rt\u00e9neteinket, saj\u00e1t val\u00f3s\u00e1gunkat, de ak\u00e1r esem\u00e9nyeket, munk\u00e1nk eredm\u00e9nyeit, v\u00edv\u00f3d\u00e1sait, k\u00f6z\u00f6ss\u00e9g\u00fcnk er\u0151ss\u00e9geit, gyenges\u00e9geit, ig\u00e9nyeit stb. Ugyanakkor lehet\u0151s\u00e9get kapunk a visszacsatol\u00e1sra, a p\u00e1rbesz\u00e9dre, felkelthetj\u00fck a \u201ehasonl\u00f3k\u201d k\u00edv\u00e1ncsis\u00e1g\u00e1t, nemegyszer ak\u00e1r sz\u00e9les k\u00f6rben is n\u00e9pszer\u0171v\u00e9 v\u00e1lhatunk napl\u00f3ink \u00e1ltal.<\/span><br \/>\n<span style=\"font-family: Arial;\">A blogok sok v\u00e1lfaja k\u00f6z\u00fcl itt csak kett\u0151t eml\u00edtek. Az \u201e<\/span><b><span style=\"font-family: Arial;\">\u00e9nblogok<\/span><\/b><span style=\"font-family: Arial;\">\u201d vagy \u201e<\/span><b><span style=\"font-family: Arial;\">szem\u00e9lyes<\/span><\/b><span style=\"font-family: Arial;\">\u201d blogok els\u0151sorban az \u00edr\u00f3 szem\u00e9ly\u00e9r\u0151l, \u00e9let\u00e9r\u0151l vagy \u00e9lethelyzet\u00e9r\u0151l sz\u00f3lnak, m\u00edg a \u201e<\/span><b><span style=\"font-family: Arial;\">tematikus<\/span><\/b><span style=\"font-family: Arial;\">\u201d blogok egy adott t\u00e9m\u00e1ra koncentr\u00e1lnak \u2013 ami gyakorlatilag b\u00e1rmi lehet \u2013 \u00e9s a t\u00e9m\u00e1val kapcsolatos h\u00edreket, inform\u00e1ci\u00f3kat tesznek k\u00f6zz\u00e9, illetve besz\u00e9lnek meg (a civil vil\u00e1gban p\u00e9ld\u00e1ul a ker\u00e9kp\u00e1ros mozgalmak haszn\u00e1lj\u00e1k sz\u00e9les k\u00f6rben a blogokat)<\/span><\/p>\n<p><span style=\"font-family: Arial;\">Pl. www.criticalmass.hu; www.arh.blogol.hu<\/span><\/p>\n<p><span style=\"font-family: Arial;\">(Hol? Pl. WordPress: www.wordpress.com; Blogol: www.blogol.hu)<\/span><\/p>\n<p><b><span style=\"font-family: Arial;\">WIKI<\/span><\/b><br \/>\n<span style=\"font-family: Arial;\">A\u00a0<\/span><b><span style=\"font-family: Arial;\">WIKI<\/span><\/b><span style=\"font-family: Arial;\">\u00a0egy rendk\u00edv\u00fcl egyszer\u0171 weboldal, amely lehet\u0151v\u00e9 teszi azt, hogy a szerkeszt\u0151k (vagy \u00e1ltal\u00e1nos esetben b\u00e1rki) a laphoz \u00faj tartalmakat adjanak, vagy tartalmat m\u00f3dos\u00edtsanak.<\/span><br \/>\n<span style=\"font-family: Arial;\">Ha l\u00e9trehozunk egy ilyen oldalt, akkor gyakorlatilag egy \u00fcres lapot kapunk, amihez az \u00e1ltalunk megh\u00edvottak, vagy b\u00e1rki hozz\u00e1\u00edrhat, illetve abb\u00f3l elvehet. Az oldal egy gombnyom\u00e1sra szerkeszthet\u0151v\u00e9 v\u00e1lik (ak\u00e1rcsak egy Word dokumentum), majd a ment\u00e9s ut\u00e1n mindenki sz\u00e1m\u00e1ra l\u00e1that\u00f3ak a v\u00e1ltoz\u00e1sok.<\/span><br \/>\n<span style=\"font-family: Arial;\">Ha csak egy kir\u00e1ndul\u00e1st akarunk szervezni, m\u00e1r akkor is nagy seg\u00edts\u00e9g lehet abban, hogy az esetleges k\u00e9rd\u00e9seket megvitassuk, k\u00f6z\u00f6s list\u00e1t k\u00e9sz\u00edts\u00fcnk arr\u00f3l, hogy ki \u00e9s mit vigyen.<\/span><br \/>\n<span style=\"font-family: Arial;\">A mi szervezeteink el\u0151szeretettel haszn\u00e1lj\u00e1k a wikiket az egyes projektek dokument\u00e1l\u00e1s\u00e1ra, k\u00f6z\u00f6s sz\u00f6vegek l\u00e9trehoz\u00e1s\u00e1ra. Aki kicsit m\u00e1r j\u00e1rtasabb a kezel\u00e9s\u00e9ben, tov\u00e1bbi oldalakat, aloldalakat hozhat l\u00e9tre, besz\u00e9lget\u00e9seket kezdem\u00e9nyezhet, f\u00f3rumot k\u00e9sz\u00edthet stb.<\/span><\/p>\n<p><span style=\"font-family: Arial;\">P\u00e9ld\u00e1k saj\u00e1t munk\u00e1inkb\u00f3l:<\/span><br \/>\n<span style=\"font-family: Arial;\">V\u00e1rosmeg\u00faj\u00edt\u00e1s:\u00a0<\/span><span style=\"font-family: Arial;\"><a href=\"http:\/\/varosmegujitas.wikispaces.com\/home\">http:\/\/varosmegujitas.wikispaces.com\/home<\/a><\/span><br \/>\n<span style=\"font-family: Arial;\">\u00c1llampolg\u00e1ri r\u00e9szv\u00e9tel hete:\u00a0<\/span><span style=\"font-family: Arial;\"><a href=\"http:\/\/cpw-arh.wikispaces.com\/\">http:\/\/cpw-arh.wikispaces.com\/<\/a><\/span><\/p>\n<p><span style=\"font-family: Arial;\">(Hol? Pl. www.wikispaces.com)<\/span><\/p>\n<p><span style=\"font-family: Arial;\">K\u00d6Z\u00d6SS\u00c9GI PORT\u00c1LOK<\/span><br \/>\n<span style=\"font-family: Arial;\">A t\u00e1rsadalmi h\u00e1l\u00f3zatokkal foglalkoz\u00f3\u00a0<\/span><b><span style=\"font-family: Arial;\">k\u00f6z\u00f6ss\u00e9gi oldalak<\/span><\/b><span style=\"font-family: Arial;\">\u00a0(social networks) m\u00e1ra mindenhol ismertt\u00e9 v\u00e1ltak, Magyarorsz\u00e1-<\/span><br \/>\n<span style=\"font-family: Arial;\">gon az IWIW, nemzetk\u00f6zi szinten els\u0151sorban a Facebook terjedt el, de sz\u00e1mos m\u00e1s ilyen kezdem\u00e9nyez\u00e9ssel is tal\u00e1lkozhatunk. Ma m\u00e9g els\u0151sorban az ismer\u0151seink \u00e9s (r\u00e9gi) bar\u00e1taink felt\u00e9rk\u00e9pez\u00e9s\u00e9re haszn\u00e1ljuk, sokszor magunk is meglep\u0151dve azon, hogy mennyi \u201egyenge k\u00f6t\u00e9s\u201d kapcsol\u00f3dik hozz\u00e1nk, illetve sokszor ki\u00e1br\u00e1ndulva a sok fellelt ismer\u0151s r\u00e9v\u00e9n megsokasodott, legt\u00f6bbsz\u00f6r felsz\u00ednes kommunik\u00e1ci\u00f3s k\u00e9nyszerb\u0151l.<\/span><br \/>\n<span style=\"font-family: Arial;\">Sokat hallunk magunk kiad\u00e1s\u00e1nak, saj\u00e1t adataink nyilv\u00e1noss\u00e1 t\u00e9tel\u00e9nek h\u00e1tul\u00fct\u0151ir\u0151l is, amelyek legt\u00f6bbsz\u00f6r nem is kacs\u00e1k.<\/span><br \/>\n<span style=\"font-family: Arial;\">Ugyanakkor fontos megjegyezni azt a trendet, hogy sok mozgalomszer\u0171 kezdem\u00e9nyez\u00e9s l\u00e1t ma napvil\u00e1got a k\u00f6z\u00f6ss\u00e9gi oldalak r\u00e9v\u00e9n, azok lehet\u0151s\u00e9geinek kiakn\u00e1z\u00e1s\u00e1val. Ezeken az oldalakon m\u00e1r lehet k\u00fcl\u00f6nb\u00f6z\u0151 t\u00e9m\u00e1j\u00fa klubokat alak\u00edtani, illetve int\u00e9zm\u00e9nyt is bevonni a t\u00e1rsadalmi h\u00e1l\u00f3zatba, \u00edgy egy-egy forr\u00f3 \u00fcgy ment\u00e9n, de ak\u00e1r kisebb esem\u00e9nyek, kamp\u00e1nyok mell\u00e9, ezreket lehet pillanatok alatt mozg\u00f3s\u00edtani (pl. a k\u00f6zelm\u00falt egyetemi di\u00e1kl\u00e1zad\u00e1sai Ausztri\u00e1ban). Ehhez persze sok id\u0151t kell arra ford\u00edtanunk, hogy klubjainkhoz, szervezeteinkhez tagokat toborozzunk, megh\u00edvjunk, de akik felismerik a j\u00f6v\u0151 lehet\u0151s\u00e9geit, m\u00e1ris \u00e1lland\u00f3 \u00e9s \u00e1tt\u00e9telmentes kapcsolatban vannak t\u00f6rzsk\u00f6z\u00f6ns\u00e9g\u00fckkel.<\/span><\/p>\n<p><span style=\"font-family: Arial;\">(Hol? Pl. www.iwiw.hu; www.facebook.com)<\/span><\/p>\n<p><span style=\"font-family: Arial;\">M\u00e9g n\u00e9h\u00e1ny p\u00e9lda arra, hogyan szervezhetj\u00fck, artikul\u00e1lhatjuk saj\u00e1t \u00fcgyeinket hat\u00e9konyabban:<\/span><br \/>\n<span style=\"font-family: Arial;\">\u2013 Tegy\u00fcnk fel k\u00e9peket, vide\u00f3kat esem\u00e9nyeinkr\u0151l, szervezeteinkr\u0151l. Erre sz\u00e1mos lehet\u0151s\u00e9g ad\u00f3dik az interneten, \u00e9rdemes olyat v\u00e1lasztani, amely arra is lehet\u0151s\u00e9get ad, hogy albumainkat, filmjeinket \u201ebe\u00e1gyazzuk\u201d weboldalainkba, blogjainkba. (Pl. www.indavideo.hu, www.youtube.com, www.photobucket.com, www.flickr.com)<\/span><br \/>\n<span style=\"font-family: Arial;\">\u2013 K\u00e9sz\u00edts\u00fcnk vide\u00f3t k\u00e9pekb\u0151l vagy r\u00f6vid vide\u00f3kb\u00f3l. (Pl. www.photo-flash-maker.com)<\/span><br \/>\n<span style=\"font-family: Arial;\">\u2013 Szerkessz\u00fcnk k\u00f6z\u00f6sen dokumentumokat an\u00e9lk\u00fcl, hogy tucatnyi k\u00fcl\u00f6nb\u00f6z\u0151 verzi\u00f3t k\u00fcld\u00f6zgetn\u00e9nk oda-vissza e-mailen. (Pl.\u00a0<\/span><span style=\"font-family: Arial;\"><a href=\"http:\/\/docs.google.com\/\">http:\/\/docs.google.com<\/a><\/span><span style=\"font-family: Arial;\">)<\/span><br \/>\n<span style=\"font-family: Arial;\">\u2013 Egyeztess\u00fcnk egyszer\u0171en \u00e9s gyorsan id\u0151pontjainkat a weben (tal\u00e1lkoz\u00f3k id\u0151pontjainak on-line egyeztet\u00e9se. (Pl. www.doodle.com)<\/span><br \/>\n<span style=\"font-family: Arial;\">\u2013 Telefon\u00e1ljunk, \u00fczenj\u00fcnk, besz\u00e9lgess\u00fcnk on-line. (Pl. www.skype.com; www.messenger.com)<\/span><br \/>\n<span style=\"font-family: Arial;\">\u2013 Haszn\u00e1ljunk min\u00e9l t\u00f6bb ny\u00edlt forr\u00e1sk\u00f3d\u00fa szoftvert, amelyekb\u0151l sokat le sem kell t\u00f6lten\u00fcnk, mert on-line is m\u0171k\u00f6dnek (ezek mind ingyenesek!). (Pl. www.plone.org; www.openoffice.org)<\/span><br \/>\n<span style=\"font-family: Arial;\">\u2013 N\u00e9zz\u00fcnk k\u00f6r\u00fcl, mi mindent lehet m\u00e1r on-line megtanulni, e-learning oldalakon kereszt\u00fcl! vagy oktat\u00f3 filmeken kereszt\u00fcl (commoncraft).<\/span><\/p>\n<p><span style=\"font-family: Arial;\">Miel\u0151tt egy szinttel feljebb ugran\u00e1nk, egy \u00e9l\u0151 p\u00e9ld\u00e1val szolg\u00e1lok saj\u00e1t munk\u00e1nkb\u00f3l.<\/span><\/p>\n<div align=\"center\"><img loading=\"lazy\" decoding=\"async\" src=\"http:\/\/kka.hu\/_Kozossegi_Adattar\/PAROLAAR.NSF\/b84c8c861998671e8525670c00815721\/5366a54b9d841eb5c125770b00477ba0\/file\/67.27D8?OpenElement&amp;FieldElemFormat=gif\" width=\"513\" height=\"288\" \/><\/div>\n<p><span style=\"font-family: Arial;\">\u00d6t\u00f6dik \u00e9ve kamp\u00e1nyolunk az \u00e1llampolg\u00e1ris\u00e1g\u00e9rt, \u00e9s a demokr\u00e1ci\u00e1\u00e9rt, \u00e9s szervezz\u00fck meg az\u00a0<\/span><b><span style=\"font-family: Arial;\">\u00c1llampolg\u00e1ri R\u00e9szv\u00e9tel Het\u00e9t<\/span><\/b><span style=\"font-family: Arial;\">\u00a0(\u00c1RH), amely Magyarorsz\u00e1gon az egyik legnagyobb civil esem\u00e9nysorozatt\u00e1 n\u0151tte ki mag\u00e1t.<\/span><br \/>\n<span style=\"font-family: Arial;\">\u2013 A tervez\u00e9shez id\u00e9n el\u0151sz\u00f6r egy wiki fel\u00fcletet is l\u00e9trehoztunk, ami alkalmas arra, hogy mindenki bedobja \u00f6tleteit, elk\u00e9pzel\u00e9seit, t\u00e9m\u00e1it. Els\u0151re nem lett \u00e1t\u00fct\u0151 siker, de sokan bekapcsol\u00f3dtak: www.cpw-arh.wikispaces.com.<\/span><br \/>\n<span style=\"font-family: Arial;\">\u2013 Az \u00c1RH egy k\u00fcl\u00f6n \u201ehivatalos\u201d weboldalt is m\u0171k\u00f6dtet, amelyen id\u00e9n minden nap egy neves k\u00f6z\u00e9leti szem\u00e9lyis\u00e9ggel k\u00e9sz\u00edtett vide\u00f3t is bemutattunk az \u00e1llampolg\u00e1ri r\u00e9szv\u00e9telr\u0151l: www.arh.kozossegfejlesztes.hu.<\/span><br \/>\n<span style=\"font-family: Arial;\">\u2013 Szint\u00e9n ezen az oldalon megtal\u00e1lhat\u00f3k az \u00c1RH f\u00e9nyk\u00e9peib\u0151l k\u00e9sz\u00fclt PR vide\u00f3k is, amelyeket on-line, az erre alkalmas egyszer\u0171 szoftverekkel hoztunk l\u00e9tre.<\/span><br \/>\n<span style=\"font-family: Arial;\">\u2013 Az oldalon \u00f6sszegy\u0171jt\u00f6tt\u00fcnk egy tucat olyan on-line lehet\u0151s\u00e9get, amellyel r\u00e9szt vehet\u00fcnk internetalap\u00fa kamp\u00e1nyokban, al\u00e1\u00edrhatunk fontos pet\u00edci\u00f3kat, de ak\u00e1r m\u00e1shogy is tehet\u00fcnk egy r\u00e9szt egy-egy fontos \u00fcgyh\u00f6z (\u201eon-line teheted\u201d f\u00fcl alatt az oldalon).<\/span><br \/>\n<span style=\"font-family: Arial;\">\u2013 K\u00e9t \u00e9ve egy blogon gy\u0171jtj\u00fck \u00f6ssze az egyhetes esem\u00e9nysorozat besz\u00e1mol\u00f3it, k\u00e9peit, videoit, melyet \u00e9vr\u0151l \u00e9vre t\u00f6bben maguk tesznek f\u00f6l a szervezked\u0151k (itt \u00e9rdemes a szeptember \u00e9s az okt\u00f3ber f\u00fclekre kattintani, ekkor ker\u00fclt fel minden \u00e9vben a legt\u00f6bb anyag): www.arh.blogol.hu.<\/span><\/p>\n<p><b><span style=\"font-family: Arial;\">Hova tov\u00e1bb? Hova vezet mindez?<\/span><\/b><\/p>\n<p><span style=\"font-family: Arial;\">A cikk elej\u00e9n m\u00e1r bevetettem olyan vesz\u00e9lyesnek t\u0171n\u0151 fogalmakat, mint az e-demokr\u00e1cia \u00e9s az e-r\u00e9szv\u00e9tel. Ezen a ponton bizony\u00e1ra el\u0151\u00e1llhatn\u00e9k szakszer\u0171 megfogalmaz\u00e1sokkal, fogalommagyar\u00e1zatokkal, de aki m\u00e1r eddig \u00e1tr\u00e1gta mag\u00e1t ezen az olvasm\u00e1nyon, az meg\u00e9rdemli, hogy most se riasszam el. J\u00f3magam ismeretei szerint e fogalmak m\u00f6g\u00f6tt azok az er\u0151fesz\u00edt\u00e9sek h\u00faz\u00f3dnak meg, amelyek m\u00e1r nem \u201epuszt\u00e1n\u201d a civil t\u00e1rsdalom kreat\u00edv \u00f6nbemutat\u00e1s\u00e1ra, kapcsolatszervez\u00e9s\u00e9re, \u00fcgymeneteinek egyszer\u0171s\u00edt\u00e9s\u00e9re vonatkoznak, hanem val\u00f3s, a d\u00f6nt\u00e9shozatali mechanizmusokba organikusan be\u00e9p\u00edtett belesz\u00f3l\u00e1si \u00e9s r\u00e9szv\u00e9teli lehet\u0151s\u00e9geket felt\u00e9teleznek, amelyre sz\u00e1mos val\u00f3s j\u00f3 p\u00e9lda is l\u00e9tezik m\u00e1r.<\/span><br \/>\n<span style=\"font-family: Arial;\">Ezek a j\u00f3 p\u00e9ld\u00e1k els\u0151sorban persze Nyugatr\u00f3l sz\u00e1rmaznak, melyeket a Pep-Net (Pan-European eParticipation Network: www.pepnet.eu) tal\u00e1lkoz\u00f3in volt szerencs\u00e9m megismerni, ugyanakkor nagyon \u00e9rdekes j\u00f6v\u0151k\u00e9pet vet fel, ha megn\u00e9z\u00fcnk k\u00e9t ilyet:<\/span><\/p>\n<p><img loading=\"lazy\" decoding=\"async\" src=\"http:\/\/kka.hu\/_Kozossegi_Adattar\/PAROLAAR.NSF\/b84c8c861998671e8525670c00815721\/5366a54b9d841eb5c125770b00477ba0\/file\/113.3E86?OpenElement&amp;FieldElemFormat=gif\" width=\"764\" height=\"143\" \/><\/p>\n<p><b><span style=\"font-family: Arial;\">1.\u00a0<\/span><\/b><span style=\"font-family: Arial;\">A\u00a0<\/span><b><span style=\"font-family: Arial;\">Harringay<\/span><\/b><span style=\"font-family: Arial;\">-i (Nagy Britannia) lakosok \u00e9s \u00f6nkorm\u00e1nyzat \u00e1ltal l\u00e9trehozott k\u00f6z\u00f6ss\u00e9gi oldalt, amely a lakoss\u00e1g \u00e9s a lokalit\u00e1s \u00f6sszekapcsol\u00e1s\u00e1ra hivatott. \u201eH\u00e1l\u00f3zatba szervezett szomsz\u00e9ds\u00e1gok\u201d c\u00edmmel egy olyan programot kezdem\u00e9nyeztek, amelyben a helyi identit\u00e1s meger\u0151s\u00edt\u00e9s\u00e9t\u0151l, a k\u00e9pess\u00e9 t\u00e9telen, a bevon\u00e1son, a k\u00f6z\u00f6ss\u00e9g\u00e9p\u00edt\u00e9sen, a nyilv\u00e1noss\u00e1g \u00e9s inform\u00e1ci\u00f3szerz\u00e9s fejleszt\u00e9s\u00e9n kereszt\u00fcl oda jutottak, hogy ma m\u00e1r a Harringay-i lakosok napi alak\u00edt\u00f3i az \u00f6nkorm\u00e1nyzat m\u0171k\u00f6d\u00e9s\u00e9nek. Ennek megk\u00f6nny\u00edt\u00e9s\u00e9re olyan k\u00f6z\u00f6ss\u00e9gi port\u00e1lt is m\u0171k\u00f6dtetnek, ahol betekinthetnek minden nyilv\u00e1nos bels\u0151 dokumentumba, hozz\u00e1f\u00e9rhetnek a szolg\u00e1ltat\u00e1sokhoz, r\u00e9szt vehetnek a tervez\u00e9sben \u00e9s d\u00f6nt\u00e9s el\u0151k\u00e9sz\u00edt\u00e9sben, a helyi (szak) politik\u00e1k kialak\u00edt\u00e1s\u00e1ban, illetve mindezekhez kapcsol\u00f3dva \u00e1lland\u00f3 lehet\u0151s\u00e9g\u00fck van a diskurzusra egym\u00e1s k\u00f6z\u00f6tt, az \u201eegym\u00e1s\u201d-ba bele\u00e9rtve a helyi vezet\u00e9st is. (l\u00e1sd:\u00a0<\/span><span style=\"font-family: Arial;\"><a href=\"http:\/\/www.harringayonline.com\/\">http:\/\/www.harringayonline.com\/<\/a><\/span><span style=\"font-family: Arial;\">; prezent\u00e1ci\u00f3 Harringay polg\u00e1rmester\u00e9t\u0151l:\u00a0<\/span><span style=\"font-family: Arial;\"><a href=\"http:\/\/www.slideshare.net\/NetworkedNeighbourhoods\/networked-neighbourhoods-harringay-online\">http:\/\/www.slideshare.net\/NetworkedNeighbourhoods\/networked-neighbourhoods-harringay-online<\/a><\/span><span style=\"font-family: Arial;\">)<\/span><img loading=\"lazy\" decoding=\"async\" src=\"http:\/\/kka.hu\/_Kozossegi_Adattar\/PAROLAAR.NSF\/b84c8c861998671e8525670c00815721\/5366a54b9d841eb5c125770b00477ba0\/file\/130.2F22?OpenElement&amp;FieldElemFormat=gif\" width=\"339\" height=\"84\" \/><\/p>\n<p><b><span style=\"font-family: Arial;\">2.\u00a0<\/span><\/b><span style=\"font-family: Arial;\">A helyi \u00fcgyekt\u0151l elt\u00e1volodva figyelmesek lehet\u00fcnk egy olasz kezdem\u00e9nyez\u00e9sre, amely egy komoly hi\u00e1nyra reflekt\u00e1l. Azt v\u00e1llalta ugyanis, hogy\u00a0<\/span><b><span style=\"font-family: Arial;\">\u00e1tl\u00e1that\u00f3v\u00e1 teszi az olasz parlament \u00e9s d\u00f6nt\u00e9shozatal m\u0171k\u00f6d\u00e9s\u00e9t<\/span><\/b><span style=\"font-family: Arial;\">. Onnant\u00f3l kezdve, hogy \u201elek\u00f6vethet\u0151v\u00e9\u201d teszi minden politikus aktivit\u00e1s\u00e1t a lehet\u0151 legr\u00e9szletesebben, a k\u00f6lts\u00e9gek \u00e9s kifizet\u00e9sek \u00e1raml\u00e1s\u00e1nak bemutat\u00e1s\u00e1n kereszt\u00fcl eljut eg\u00e9szen az egyes \u00fcgyekkel \u00e9s t\u00f6rv\u00e9nyekkel kapcsolatos \u00f6sszes rendelkez\u00e9sre \u00e1ll\u00f3 inform\u00e1ci\u00f3 \u00f6sszegy\u0171jt\u00e9s\u00e9ig, amihez a l\u00e1togat\u00f3k komment\u00e1rokat, javaslatokat tehetnek hozz\u00e1, illetve m\u00e1s csatorn\u00e1kon is lehet\u0151s\u00e9get teremt a d\u00f6nt\u00e9sek befoly\u00e1sol\u00e1s\u00e1ra (ez egy \u00faj fejleszt\u00e9s, folyamatosan \u00e9p\u00fclnek tov\u00e1bbi csatorn\u00e1i). (l\u00e1sd: www.openpolis.it; www.openparlamento.it)<\/span><\/p>\n<p><span style=\"font-family: Arial;\">\u00c9rdekess\u00e9gk\u00e9ppen eml\u00edtem meg, hogy vannak m\u00e1r olyan c\u00e9gek \u00e9s szervezetek, amelyek komplett e-r\u00e9szv\u00e9teli rendszereket k\u00edn\u00e1lnak, n\u00e9melyik mag\u00e1ban foglalja a kialak\u00edt\u00e1sukhoz sz\u00fcks\u00e9ges off-line elemeket (konzult\u00e1ci\u00f3, k\u00e9pz\u00e9sek, tervez\u00e9s stb.) is. (pl.\u00a0<\/span><span style=\"font-family: Arial;\"><a href=\"http:\/\/www.moderngov.co.uk\/\">http:\/\/www.moderngov.co.uk\/<\/a><\/span><span style=\"font-family: Arial;\">;\u00a0<\/span><span style=\"font-family: Arial;\"><a href=\"http:\/\/www.web-labs.co.uk\/\">http:\/\/www.web-labs.co.uk\/<\/a><\/span><span style=\"font-family: Arial;\">;\u00a0<\/span><span style=\"font-family: Arial;\"><a href=\"http:\/\/cambridgeopensystems.com\/\">http:\/\/cambridgeopensystems.com<\/a><\/span><span style=\"font-family: Arial;\">)<\/span><\/p>\n<p><b><span style=\"font-family: Arial;\">Befejez\u00e9s\u00fcl<\/span><\/b><\/p>\n<p><span style=\"font-family: Arial;\">Olyan vil\u00e1got teremtett\u00fcnk magunk k\u00f6r\u00e9, amelynek \u201eural\u00e1s\u00e1hoz\u201d egyre komplexebb szervezetts\u00e9gre van sz\u00fcks\u00e9g\u00fcnk. Tov\u00e1bbra is fenn\u00e1ll a lehet\u0151s\u00e9g\u00fcnk, hogy egyszer\u0171en ne akarjunk helyzeteket \u201euralni\u201d, s ez\u00e1ltal a r\u00e9szv\u00e9tel\u00fcnk is m\u00e1sodlagoss\u00e1 v\u00e1ljon, vagyis hagyjuk, hogy a lokalit\u00e1sunkat, orsz\u00e1gunkat, vil\u00e1gunkat m\u00e1sok uralj\u00e1k. Ebben az esetben a folyamatokkal val\u00f3 ellenkez\u00e9s\u00fcnk viszont esetlegess\u00e9 v\u00e1lik.<\/span><br \/>\n<span style=\"font-family: Arial;\">Mondhatjuk azt is, hogy mi \u00e9ppen a t\u00falszervezetts\u00e9g, a vil\u00e1g glob\u00e1lis t\u00falbonyol\u00edt\u00e1sa ellen sz\u00e1llunk s\u00edkra, de nek\u00fcnk bizony akkor is ebben rendszerben, ebben a komplexit\u00e1sban kell ellen\u00e9rz\u00e9seinket megfogalmazni, k\u00fcl\u00f6nben szavunk halk marad.<\/span><br \/>\n<span style=\"font-family: Arial;\">De el is fogadhatjuk, hogy imm\u00e1ron egy m\u00e1sik dimenzi\u00f3ban \u00e9l\u00fcnk, amiben tal\u00e1n jobban benne foglaltatik szem\u00e9lyes, k\u00f6z\u00f6ss\u00e9gi \u00e9s glob\u00e1lis kiteljesed\u00e9s\u00fcnk, mint b\u00e1rmelyik megel\u0151z\u0151 \u00e1llom\u00e1son, \u00edgy a feladatunk m\u00e1r \u201ecsak\u201d a folyamatok \u201ej\u00f3\u201d ir\u00e1nyba terel\u00e9se.<\/span><br \/>\n<span style=\"font-family: Arial;\">Ki-ki m\u00e9rlegelje ebben saj\u00e1t szerep\u00e9t!<\/span><\/p>\n<p><span style=\"font-family: Arial;\">Ui.: A fenti csatorn\u00e1k n\u00e9pszer\u0171s\u00edt\u00e9s\u00e9re egy mintablogot is l\u00e9trehoztam, amelyen tov\u00e1bbi oktat\u00f3 anyagokat, filmeket, prezent\u00e1ci\u00f3kat tal\u00e1lhatnak: www.mintablog.blogol.hu.<\/span><\/p>\n<div align=\"right\"><i><span style=\"font-family: Arial;\">Varga M\u00e1t\u00e9<\/span><\/i><br \/>\n<i><span style=\"font-family: Arial;\">Civil Koll\u00e9gium Alap\u00edtv\u00e1ny \u2013 K\u00f6z\u00f6ss\u00e9gfejleszt\u0151k Egyes\u00fclete<\/span><\/i><br \/>\n<i><span style=\"font-family: Arial;\">matev@kka.hu<\/span><\/i><\/div>\n","protected":false},"excerpt":{"rendered":"<p>El\u00f6lj\u00e1r\u00f3ban Engedj\u00e9k meg nekem a Kedves Olvas\u00f3k, hogy civilk\u00e9nt \u00edrjak azokr\u00f3l a lehet\u0151s\u00e9gekr\u0151l \u00e9s tapasztalatokr\u00f3l, amelyek egyre ink\u00e1bb seg\u00edtik \u00e9s meghat\u00e1rozz\u00e1k munk\u00e1mat a civil vil\u00e1gban. J\u00f3magam nem vagyok sem informatikus, sem profi webszerkeszt\u0151, ugyanakkor k\u00edv\u00e1ncsi emberk\u00e9nt hajlamos vagyok arra, hogy k\u00eds\u00e9rletezzek az \u00faj lehet\u0151s\u00e9gekkel. Cikkemben az internet ny\u00fajtotta \u00faj lehet\u0151s\u00e9gekb\u0151l igyekszem bemutatni n\u00e9h\u00e1nyat, amelyek tov\u00e1bbi [&hellip;]<\/p>\n","protected":false},"author":148,"featured_media":3437,"comment_status":"open","ping_status":"open","sticky":false,"template":"","format":"standard","meta":{"_acf_changed":false,"footnotes":""},"categories":[380,8,7],"tags":[],"coauthors":[176],"class_list":["post-2476","post","type-post","status-publish","format-standard","has-post-thumbnail","hentry","category-parola-2010-1","category-parola-folyoirat","category-repertorium"],"acf":[],"yoast_head":"<!-- This site is optimized with the Yoast SEO plugin v26.7 - https:\/\/yoast.com\/wordpress\/plugins\/seo\/ -->\n<title>A maroktelefonokt\u00f3l az eg\u00e9rrel t\u00f6rt\u00e9n\u0151 d\u00f6nt\u00e9shozatalig. marokb\u00f3l marokba - Parola Foly\u00f3irat<\/title>\n<meta name=\"robots\" content=\"index, follow, max-snippet:-1, max-image-preview:large, max-video-preview:-1\" \/>\n<link rel=\"canonical\" href=\"https:\/\/kofe.hu\/parola\/parola-folyoirat\/a-maroktelefonoktol-az-egerrel-torteno-donteshozatalig-marokbol-marokba\/\" \/>\n<meta property=\"og:locale\" content=\"hu_HU\" \/>\n<meta property=\"og:type\" content=\"article\" \/>\n<meta property=\"og:title\" content=\"A maroktelefonokt\u00f3l az eg\u00e9rrel t\u00f6rt\u00e9n\u0151 d\u00f6nt\u00e9shozatalig. marokb\u00f3l marokba - Parola Foly\u00f3irat\" \/>\n<meta property=\"og:description\" content=\"El\u00f6lj\u00e1r\u00f3ban Engedj\u00e9k meg nekem a Kedves Olvas\u00f3k, hogy civilk\u00e9nt \u00edrjak azokr\u00f3l a lehet\u0151s\u00e9gekr\u0151l \u00e9s tapasztalatokr\u00f3l, amelyek egyre ink\u00e1bb seg\u00edtik \u00e9s meghat\u00e1rozz\u00e1k munk\u00e1mat a civil vil\u00e1gban. J\u00f3magam nem vagyok sem informatikus, sem profi webszerkeszt\u0151, ugyanakkor k\u00edv\u00e1ncsi emberk\u00e9nt hajlamos vagyok arra, hogy k\u00eds\u00e9rletezzek az \u00faj lehet\u0151s\u00e9gekkel. Cikkemben az internet ny\u00fajtotta \u00faj lehet\u0151s\u00e9gekb\u0151l igyekszem bemutatni n\u00e9h\u00e1nyat, amelyek tov\u00e1bbi [&hellip;]\" \/>\n<meta property=\"og:url\" content=\"https:\/\/kofe.hu\/parola\/parola-folyoirat\/a-maroktelefonoktol-az-egerrel-torteno-donteshozatalig-marokbol-marokba\/\" \/>\n<meta property=\"og:site_name\" content=\"Parola Foly\u00f3irat\" \/>\n<meta property=\"article:published_time\" content=\"2020-06-26T07:15:40+00:00\" \/>\n<meta property=\"article:modified_time\" content=\"2020-07-30T11:49:00+00:00\" \/>\n<meta property=\"og:image\" content=\"https:\/\/kofe.hu\/parola\/wp-content\/uploads\/2020\/07\/10.1.jpeg\" \/>\n\t<meta property=\"og:image:width\" content=\"1332\" \/>\n\t<meta property=\"og:image:height\" content=\"1929\" \/>\n\t<meta property=\"og:image:type\" content=\"image\/jpeg\" \/>\n<meta name=\"author\" content=\"Varga M\u00e1te\" \/>\n<meta name=\"twitter:card\" content=\"summary_large_image\" \/>\n<meta name=\"twitter:label1\" content=\"Szerz\u0151:\" \/>\n\t<meta name=\"twitter:data1\" content=\"Varga M\u00e1te\" \/>\n\t<meta name=\"twitter:label2\" content=\"Becs\u00fclt olvas\u00e1si id\u0151\" \/>\n\t<meta name=\"twitter:data2\" content=\"14 perc\" \/>\n\t<meta name=\"twitter:label3\" content=\"Written by\" \/>\n\t<meta name=\"twitter:data3\" content=\"Varga M\u00e1te\" \/>\n<script type=\"application\/ld+json\" class=\"yoast-schema-graph\">{\"@context\":\"https:\/\/schema.org\",\"@graph\":[{\"@type\":\"Article\",\"@id\":\"https:\/\/kofe.hu\/parola\/parola-folyoirat\/a-maroktelefonoktol-az-egerrel-torteno-donteshozatalig-marokbol-marokba\/#article\",\"isPartOf\":{\"@id\":\"https:\/\/kofe.hu\/parola\/parola-folyoirat\/a-maroktelefonoktol-az-egerrel-torteno-donteshozatalig-marokbol-marokba\/\"},\"author\":{\"name\":\"Varga M\u00e1te\",\"@id\":\"https:\/\/kofe.hu\/parola\/#\/schema\/person\/a85197ba0e47e86d051c98a3253aca02\"},\"headline\":\"A maroktelefonokt\u00f3l az eg\u00e9rrel t\u00f6rt\u00e9n\u0151 d\u00f6nt\u00e9shozatalig. marokb\u00f3l marokba\",\"datePublished\":\"2020-06-26T07:15:40+00:00\",\"dateModified\":\"2020-07-30T11:49:00+00:00\",\"mainEntityOfPage\":{\"@id\":\"https:\/\/kofe.hu\/parola\/parola-folyoirat\/a-maroktelefonoktol-az-egerrel-torteno-donteshozatalig-marokbol-marokba\/\"},\"wordCount\":2891,\"commentCount\":0,\"image\":{\"@id\":\"https:\/\/kofe.hu\/parola\/parola-folyoirat\/a-maroktelefonoktol-az-egerrel-torteno-donteshozatalig-marokbol-marokba\/#primaryimage\"},\"thumbnailUrl\":\"https:\/\/kofe.hu\/parola\/wp-content\/uploads\/2020\/07\/10.1.jpeg\",\"articleSection\":[\"Parola 2010\/1\",\"Parola Foly\u00f3irat\",\"Repert\u00f3rium\"],\"inLanguage\":\"hu\",\"potentialAction\":[{\"@type\":\"CommentAction\",\"name\":\"Comment\",\"target\":[\"https:\/\/kofe.hu\/parola\/parola-folyoirat\/a-maroktelefonoktol-az-egerrel-torteno-donteshozatalig-marokbol-marokba\/#respond\"]}]},{\"@type\":\"WebPage\",\"@id\":\"https:\/\/kofe.hu\/parola\/parola-folyoirat\/a-maroktelefonoktol-az-egerrel-torteno-donteshozatalig-marokbol-marokba\/\",\"url\":\"https:\/\/kofe.hu\/parola\/parola-folyoirat\/a-maroktelefonoktol-az-egerrel-torteno-donteshozatalig-marokbol-marokba\/\",\"name\":\"A maroktelefonokt\u00f3l az eg\u00e9rrel t\u00f6rt\u00e9n\u0151 d\u00f6nt\u00e9shozatalig. marokb\u00f3l marokba - Parola Foly\u00f3irat\",\"isPartOf\":{\"@id\":\"https:\/\/kofe.hu\/parola\/#website\"},\"primaryImageOfPage\":{\"@id\":\"https:\/\/kofe.hu\/parola\/parola-folyoirat\/a-maroktelefonoktol-az-egerrel-torteno-donteshozatalig-marokbol-marokba\/#primaryimage\"},\"image\":{\"@id\":\"https:\/\/kofe.hu\/parola\/parola-folyoirat\/a-maroktelefonoktol-az-egerrel-torteno-donteshozatalig-marokbol-marokba\/#primaryimage\"},\"thumbnailUrl\":\"https:\/\/kofe.hu\/parola\/wp-content\/uploads\/2020\/07\/10.1.jpeg\",\"datePublished\":\"2020-06-26T07:15:40+00:00\",\"dateModified\":\"2020-07-30T11:49:00+00:00\",\"author\":{\"@id\":\"https:\/\/kofe.hu\/parola\/#\/schema\/person\/a85197ba0e47e86d051c98a3253aca02\"},\"breadcrumb\":{\"@id\":\"https:\/\/kofe.hu\/parola\/parola-folyoirat\/a-maroktelefonoktol-az-egerrel-torteno-donteshozatalig-marokbol-marokba\/#breadcrumb\"},\"inLanguage\":\"hu\",\"potentialAction\":[{\"@type\":\"ReadAction\",\"target\":[\"https:\/\/kofe.hu\/parola\/parola-folyoirat\/a-maroktelefonoktol-az-egerrel-torteno-donteshozatalig-marokbol-marokba\/\"]}]},{\"@type\":\"ImageObject\",\"inLanguage\":\"hu\",\"@id\":\"https:\/\/kofe.hu\/parola\/parola-folyoirat\/a-maroktelefonoktol-az-egerrel-torteno-donteshozatalig-marokbol-marokba\/#primaryimage\",\"url\":\"https:\/\/kofe.hu\/parola\/wp-content\/uploads\/2020\/07\/10.1.jpeg\",\"contentUrl\":\"https:\/\/kofe.hu\/parola\/wp-content\/uploads\/2020\/07\/10.1.jpeg\",\"width\":1332,\"height\":1929},{\"@type\":\"BreadcrumbList\",\"@id\":\"https:\/\/kofe.hu\/parola\/parola-folyoirat\/a-maroktelefonoktol-az-egerrel-torteno-donteshozatalig-marokbol-marokba\/#breadcrumb\",\"itemListElement\":[{\"@type\":\"ListItem\",\"position\":1,\"name\":\"Home\",\"item\":\"https:\/\/kofe.hu\/parola\/\"},{\"@type\":\"ListItem\",\"position\":2,\"name\":\"A maroktelefonokt\u00f3l az eg\u00e9rrel t\u00f6rt\u00e9n\u0151 d\u00f6nt\u00e9shozatalig. marokb\u00f3l marokba\"}]},{\"@type\":\"WebSite\",\"@id\":\"https:\/\/kofe.hu\/parola\/#website\",\"url\":\"https:\/\/kofe.hu\/parola\/\",\"name\":\"Parola Foly\u00f3irat\",\"description\":\"\",\"potentialAction\":[{\"@type\":\"SearchAction\",\"target\":{\"@type\":\"EntryPoint\",\"urlTemplate\":\"https:\/\/kofe.hu\/parola\/?s={search_term_string}\"},\"query-input\":{\"@type\":\"PropertyValueSpecification\",\"valueRequired\":true,\"valueName\":\"search_term_string\"}}],\"inLanguage\":\"hu\"},{\"@type\":\"Person\",\"@id\":\"https:\/\/kofe.hu\/parola\/#\/schema\/person\/a85197ba0e47e86d051c98a3253aca02\",\"name\":\"Varga M\u00e1te\",\"image\":{\"@type\":\"ImageObject\",\"inLanguage\":\"hu\",\"@id\":\"https:\/\/kofe.hu\/parola\/#\/schema\/person\/image\/23494c9101089ad44ae88ce9d2f56aac\",\"url\":\"https:\/\/secure.gravatar.com\/avatar\/?s=96&d=mm&r=g\",\"contentUrl\":\"https:\/\/secure.gravatar.com\/avatar\/?s=96&d=mm&r=g\",\"caption\":\"Varga M\u00e1te\"},\"url\":\"https:\/\/kofe.hu\/parola\/szerzok\/varga-mate\/\"}]}<\/script>\n<!-- \/ Yoast SEO plugin. -->","yoast_head_json":{"title":"A maroktelefonokt\u00f3l az eg\u00e9rrel t\u00f6rt\u00e9n\u0151 d\u00f6nt\u00e9shozatalig. marokb\u00f3l marokba - Parola Foly\u00f3irat","robots":{"index":"index","follow":"follow","max-snippet":"max-snippet:-1","max-image-preview":"max-image-preview:large","max-video-preview":"max-video-preview:-1"},"canonical":"https:\/\/kofe.hu\/parola\/parola-folyoirat\/a-maroktelefonoktol-az-egerrel-torteno-donteshozatalig-marokbol-marokba\/","og_locale":"hu_HU","og_type":"article","og_title":"A maroktelefonokt\u00f3l az eg\u00e9rrel t\u00f6rt\u00e9n\u0151 d\u00f6nt\u00e9shozatalig. marokb\u00f3l marokba - Parola Foly\u00f3irat","og_description":"El\u00f6lj\u00e1r\u00f3ban Engedj\u00e9k meg nekem a Kedves Olvas\u00f3k, hogy civilk\u00e9nt \u00edrjak azokr\u00f3l a lehet\u0151s\u00e9gekr\u0151l \u00e9s tapasztalatokr\u00f3l, amelyek egyre ink\u00e1bb seg\u00edtik \u00e9s meghat\u00e1rozz\u00e1k munk\u00e1mat a civil vil\u00e1gban. J\u00f3magam nem vagyok sem informatikus, sem profi webszerkeszt\u0151, ugyanakkor k\u00edv\u00e1ncsi emberk\u00e9nt hajlamos vagyok arra, hogy k\u00eds\u00e9rletezzek az \u00faj lehet\u0151s\u00e9gekkel. Cikkemben az internet ny\u00fajtotta \u00faj lehet\u0151s\u00e9gekb\u0151l igyekszem bemutatni n\u00e9h\u00e1nyat, amelyek tov\u00e1bbi [&hellip;]","og_url":"https:\/\/kofe.hu\/parola\/parola-folyoirat\/a-maroktelefonoktol-az-egerrel-torteno-donteshozatalig-marokbol-marokba\/","og_site_name":"Parola Foly\u00f3irat","article_published_time":"2020-06-26T07:15:40+00:00","article_modified_time":"2020-07-30T11:49:00+00:00","og_image":[{"width":1332,"height":1929,"url":"https:\/\/kofe.hu\/parola\/wp-content\/uploads\/2020\/07\/10.1.jpeg","type":"image\/jpeg"}],"author":"Varga M\u00e1te","twitter_card":"summary_large_image","twitter_misc":{"Szerz\u0151:":"Varga M\u00e1te","Becs\u00fclt olvas\u00e1si id\u0151":"14 perc","Written by":"Varga M\u00e1te"},"schema":{"@context":"https:\/\/schema.org","@graph":[{"@type":"Article","@id":"https:\/\/kofe.hu\/parola\/parola-folyoirat\/a-maroktelefonoktol-az-egerrel-torteno-donteshozatalig-marokbol-marokba\/#article","isPartOf":{"@id":"https:\/\/kofe.hu\/parola\/parola-folyoirat\/a-maroktelefonoktol-az-egerrel-torteno-donteshozatalig-marokbol-marokba\/"},"author":{"name":"Varga M\u00e1te","@id":"https:\/\/kofe.hu\/parola\/#\/schema\/person\/a85197ba0e47e86d051c98a3253aca02"},"headline":"A maroktelefonokt\u00f3l az eg\u00e9rrel t\u00f6rt\u00e9n\u0151 d\u00f6nt\u00e9shozatalig. marokb\u00f3l marokba","datePublished":"2020-06-26T07:15:40+00:00","dateModified":"2020-07-30T11:49:00+00:00","mainEntityOfPage":{"@id":"https:\/\/kofe.hu\/parola\/parola-folyoirat\/a-maroktelefonoktol-az-egerrel-torteno-donteshozatalig-marokbol-marokba\/"},"wordCount":2891,"commentCount":0,"image":{"@id":"https:\/\/kofe.hu\/parola\/parola-folyoirat\/a-maroktelefonoktol-az-egerrel-torteno-donteshozatalig-marokbol-marokba\/#primaryimage"},"thumbnailUrl":"https:\/\/kofe.hu\/parola\/wp-content\/uploads\/2020\/07\/10.1.jpeg","articleSection":["Parola 2010\/1","Parola Foly\u00f3irat","Repert\u00f3rium"],"inLanguage":"hu","potentialAction":[{"@type":"CommentAction","name":"Comment","target":["https:\/\/kofe.hu\/parola\/parola-folyoirat\/a-maroktelefonoktol-az-egerrel-torteno-donteshozatalig-marokbol-marokba\/#respond"]}]},{"@type":"WebPage","@id":"https:\/\/kofe.hu\/parola\/parola-folyoirat\/a-maroktelefonoktol-az-egerrel-torteno-donteshozatalig-marokbol-marokba\/","url":"https:\/\/kofe.hu\/parola\/parola-folyoirat\/a-maroktelefonoktol-az-egerrel-torteno-donteshozatalig-marokbol-marokba\/","name":"A maroktelefonokt\u00f3l az eg\u00e9rrel t\u00f6rt\u00e9n\u0151 d\u00f6nt\u00e9shozatalig. marokb\u00f3l marokba - Parola Foly\u00f3irat","isPartOf":{"@id":"https:\/\/kofe.hu\/parola\/#website"},"primaryImageOfPage":{"@id":"https:\/\/kofe.hu\/parola\/parola-folyoirat\/a-maroktelefonoktol-az-egerrel-torteno-donteshozatalig-marokbol-marokba\/#primaryimage"},"image":{"@id":"https:\/\/kofe.hu\/parola\/parola-folyoirat\/a-maroktelefonoktol-az-egerrel-torteno-donteshozatalig-marokbol-marokba\/#primaryimage"},"thumbnailUrl":"https:\/\/kofe.hu\/parola\/wp-content\/uploads\/2020\/07\/10.1.jpeg","datePublished":"2020-06-26T07:15:40+00:00","dateModified":"2020-07-30T11:49:00+00:00","author":{"@id":"https:\/\/kofe.hu\/parola\/#\/schema\/person\/a85197ba0e47e86d051c98a3253aca02"},"breadcrumb":{"@id":"https:\/\/kofe.hu\/parola\/parola-folyoirat\/a-maroktelefonoktol-az-egerrel-torteno-donteshozatalig-marokbol-marokba\/#breadcrumb"},"inLanguage":"hu","potentialAction":[{"@type":"ReadAction","target":["https:\/\/kofe.hu\/parola\/parola-folyoirat\/a-maroktelefonoktol-az-egerrel-torteno-donteshozatalig-marokbol-marokba\/"]}]},{"@type":"ImageObject","inLanguage":"hu","@id":"https:\/\/kofe.hu\/parola\/parola-folyoirat\/a-maroktelefonoktol-az-egerrel-torteno-donteshozatalig-marokbol-marokba\/#primaryimage","url":"https:\/\/kofe.hu\/parola\/wp-content\/uploads\/2020\/07\/10.1.jpeg","contentUrl":"https:\/\/kofe.hu\/parola\/wp-content\/uploads\/2020\/07\/10.1.jpeg","width":1332,"height":1929},{"@type":"BreadcrumbList","@id":"https:\/\/kofe.hu\/parola\/parola-folyoirat\/a-maroktelefonoktol-az-egerrel-torteno-donteshozatalig-marokbol-marokba\/#breadcrumb","itemListElement":[{"@type":"ListItem","position":1,"name":"Home","item":"https:\/\/kofe.hu\/parola\/"},{"@type":"ListItem","position":2,"name":"A maroktelefonokt\u00f3l az eg\u00e9rrel t\u00f6rt\u00e9n\u0151 d\u00f6nt\u00e9shozatalig. marokb\u00f3l marokba"}]},{"@type":"WebSite","@id":"https:\/\/kofe.hu\/parola\/#website","url":"https:\/\/kofe.hu\/parola\/","name":"Parola Foly\u00f3irat","description":"","potentialAction":[{"@type":"SearchAction","target":{"@type":"EntryPoint","urlTemplate":"https:\/\/kofe.hu\/parola\/?s={search_term_string}"},"query-input":{"@type":"PropertyValueSpecification","valueRequired":true,"valueName":"search_term_string"}}],"inLanguage":"hu"},{"@type":"Person","@id":"https:\/\/kofe.hu\/parola\/#\/schema\/person\/a85197ba0e47e86d051c98a3253aca02","name":"Varga M\u00e1te","image":{"@type":"ImageObject","inLanguage":"hu","@id":"https:\/\/kofe.hu\/parola\/#\/schema\/person\/image\/23494c9101089ad44ae88ce9d2f56aac","url":"https:\/\/secure.gravatar.com\/avatar\/?s=96&d=mm&r=g","contentUrl":"https:\/\/secure.gravatar.com\/avatar\/?s=96&d=mm&r=g","caption":"Varga M\u00e1te"},"url":"https:\/\/kofe.hu\/parola\/szerzok\/varga-mate\/"}]}},"_links":{"self":[{"href":"https:\/\/kofe.hu\/parola\/wp-json\/wp\/v2\/posts\/2476","targetHints":{"allow":["GET"]}}],"collection":[{"href":"https:\/\/kofe.hu\/parola\/wp-json\/wp\/v2\/posts"}],"about":[{"href":"https:\/\/kofe.hu\/parola\/wp-json\/wp\/v2\/types\/post"}],"author":[{"embeddable":true,"href":"https:\/\/kofe.hu\/parola\/wp-json\/wp\/v2\/users\/148"}],"replies":[{"embeddable":true,"href":"https:\/\/kofe.hu\/parola\/wp-json\/wp\/v2\/comments?post=2476"}],"version-history":[{"count":2,"href":"https:\/\/kofe.hu\/parola\/wp-json\/wp\/v2\/posts\/2476\/revisions"}],"predecessor-version":[{"id":4185,"href":"https:\/\/kofe.hu\/parola\/wp-json\/wp\/v2\/posts\/2476\/revisions\/4185"}],"wp:featuredmedia":[{"embeddable":true,"href":"https:\/\/kofe.hu\/parola\/wp-json\/wp\/v2\/media\/3437"}],"wp:attachment":[{"href":"https:\/\/kofe.hu\/parola\/wp-json\/wp\/v2\/media?parent=2476"}],"wp:term":[{"taxonomy":"category","embeddable":true,"href":"https:\/\/kofe.hu\/parola\/wp-json\/wp\/v2\/categories?post=2476"},{"taxonomy":"post_tag","embeddable":true,"href":"https:\/\/kofe.hu\/parola\/wp-json\/wp\/v2\/tags?post=2476"},{"taxonomy":"author","embeddable":true,"href":"https:\/\/kofe.hu\/parola\/wp-json\/wp\/v2\/coauthors?post=2476"}],"curies":[{"name":"wp","href":"https:\/\/api.w.org\/{rel}","templated":true}]}}