{"id":2474,"date":"2020-06-26T07:09:44","date_gmt":"2020-06-26T07:09:44","guid":{"rendered":"https:\/\/kofe.hu\/parola\/?p=2474"},"modified":"2020-07-30T11:48:45","modified_gmt":"2020-07-30T11:48:45","slug":"tudositas-a-magdolna-negyedi-kozossegfejlesztesrol","status":"publish","type":"post","link":"https:\/\/kofe.hu\/parola\/parola-folyoirat\/tudositas-a-magdolna-negyedi-kozossegfejlesztesrol\/","title":{"rendered":"Tud\u00f3s\u00edt\u00e1s a Magdolna-negyedi k\u00f6z\u00f6ss\u00e9gfejleszt\u00e9sr\u0151l"},"content":{"rendered":"<p><span style=\"font-family: Arial;\">Budapest, VIII. ker\u00fclet, Magdolna-negyed. Ezen a ter\u00fcleten kezd\u0151d\u00f6tt el 2005-ben az \u00f6nkorm\u00e1nyzat szoci\u00e1lis \u00e9s \u00e9p\u00edt\u00e9szeti v\u00e1rosrehabilit\u00e1ci\u00f3s programja. A program \u00fajszer\u0171s\u00e9ge, hogy t\u00f6bb ponton ind\u00edtott el innovat\u00edv v\u00e1ltoz\u00e1sokat a v\u00e1rosnegyedben, amelyek seg\u00edts\u00e9g\u00e9vel v\u00e1rhat\u00f3an meg\u00e1ll\u00edthat\u00f3 az itt lak\u00f3k egyre s\u00falyosabb t\u00e1rsadalmi leszakad\u00e1sa, a fokoz\u00f3d\u00f3 szegreg\u00e1ci\u00f3, folyamatosan cs\u00f6kken a csal\u00e1dokban felhalmoz\u00f3dott \u00e9s gener\u00e1ci\u00f3kon kereszt\u00fcl \u00f6r\u00f6kl\u0151d\u00f6tt h\u00e1tr\u00e1ny, megsz\u0171nik a t\u00e1rsadalomb\u00f3l val\u00f3 kirekesztetts\u00e9g, a szeg\u00e9nys\u00e9g \u00fajratermel\u0151d\u00e9se. A rehabilit\u00e1ci\u00f3s programok hozz\u00e1seg\u00edtik az embereket a v\u00e1llalhat\u00f3bb, \u00e9s saj\u00e1t felemelked\u00e9s\u00fcket is el\u0151seg\u00edt\u0151 egy\u00e9ni \u00e9letstrat\u00e9gi\u00e1khoz. A program alkot\u00f3i a c\u00e9lok megval\u00f3s\u00edt\u00e1s\u00e1hoz sz\u00fcks\u00e9gesnek l\u00e1tt\u00e1k a helyi t\u00e1rsadalom \u00e9s gazdas\u00e1g er\u0151s\u00edt\u00e9s\u00e9t, az iskolai k\u00e9pz\u00e9s \u00e9s foglalkoztat\u00e1si helyzet jav\u00edt\u00e1s\u00e1t.<\/span><\/p>\n<p><!--more--><span style=\"font-family: Arial;\">Az elm\u00falt \u00e9vekben l\u00e9pcs\u0151zetesen, egym\u00e1sra \u00e9p\u00fclve \u00e9s egym\u00e1shoz kapcsol\u00f3dva indultak el a rehabilit\u00e1ci\u00f3s programok: az <\/span><b><span style=\"font-family: Arial;\">\u00e9p\u00fcletek fel\u00faj\u00edt\u00e1sa<\/span><\/b><span style=\"font-family: Arial;\">\u00a0a lak\u00f3h\u00e1zak b\u00e9rl\u0151i k\u00f6z\u00f6ss\u00e9g\u00e9nek bevon\u00e1s\u00e1val, a lak\u00f3k felel\u0151ss\u00e9g\u00e9nek \u00e9s r\u00e9szv\u00e9tel\u00e9nek meger\u0151s\u00edt\u00e9s\u00e9vel;\u00a0<\/span><b><span style=\"font-family: Arial;\">a k\u00f6zter\u00fcletek,<\/span><\/b><span style=\"font-family: Arial;\">\u00a0els\u0151k\u00e9nt a M\u00e1ty\u00e1s t\u00e9r fel\u00faj\u00edt\u00e1sa;\u00a0<\/span><b><span style=\"font-family: Arial;\">a k\u00f6z\u00f6ss\u00e9gi l\u00e9tes\u00edtm\u00e9nyek kialak\u00edt\u00e1sa,\u00a0<\/span><\/b><span style=\"font-family: Arial;\">\u00edgy a K\u00f6z\u00f6ss\u00e9gi h\u00e1z l\u00e9trehoz\u00e1sa a M\u00e1ty\u00e1s t\u00e9r 15. sz\u00e1m\u00fa \u00e9p\u00fclet\u00e9ben. Ez m\u00e1r helyet adhatott, illetve k\u00f6zpontj\u00e1v\u00e1 v\u00e1lhatott t\u00f6bbf\u00e9le innovat\u00edv\u00a0<\/span><b><span style=\"font-family: Arial;\">szoci\u00e1lpolitikai, foglalkoztat\u00e1si \u00e9s oktat\u00e1si alprogramnak<\/span><\/b><span style=\"font-family: Arial;\">\u00a0\u2013 itt eml\u00edthetj\u00fck az oktat\u00e1si fejleszt\u00e9seket, a foglalkoztat\u00e1si t\u00e1mogat\u00e1sokat \u00e9s a negyedben foly\u00f3 \u00e1tfog\u00f3 b\u0171nmegel\u0151z\u00e9si projektet.<\/span><br \/>\n<span style=\"font-family: Arial;\">Kezdetekt\u0151l ott volt a c\u00e9lkit\u0171z\u00e9sek sor\u00e1ban a k\u00f6z\u00f6ss\u00e9gfejleszt\u00e9s-alprogram, amely a szoci\u00e1lis rehabilit\u00e1ci\u00f3s programok r\u00e9szben spont\u00e1n, r\u00e9szben tudatos velej\u00e1r\u00f3ja is lett.<\/span><br \/>\n<span style=\"font-family: Arial;\">A b\u00e9rl\u0151i bevon\u00e1sra alapozott \u00e9p\u00fcletfel\u00faj\u00edt\u00e1si \u00e9s szoci\u00e1lis program 4 \u00e9p\u00fcletben zajlott, amelyek fel\u00faj\u00edt\u00e1sa sor\u00e1n val\u00f3ban megsz\u00f3l\u00edtott\u00e1k az ott \u00e9l\u0151 b\u00e9rl\u0151ket, \u00e9s amelynek eredm\u00e9nye-k\u00e9ppen l\u00e9trej\u00f6tt egy civil szervezet: a N\u00c9GYH\u00c1Z Egyes\u00fclet a Magdolna Negyed\u00e9rt. A szervezet val\u00f3j\u00e1ban megharcolta \u00e9s kidolgozta az \u00e9lhet\u0151bb lak\u00f3k\u00f6rnyezet kialak\u00edt\u00e1s\u00e1nak met\u00f3dus\u00e1t, amelyet k\u00f6z\u00f6sen el szeretn\u00e9nk terjeszteni a tov\u00e1bbi h\u00e1z-fel\u00faj\u00edt\u00e1sokn\u00e1l is. Az\u00f3ta is az egyik legakt\u00edvabb civil szervezet, amely k\u00e9pes a helyi \u00e9rdekek megfogalmaz\u00e1s\u00e1ra \u00e9s az \u00e9rdekk\u00e9pviseletre, \u00e9s r\u00e9szt vesz a civil k\u00f6z\u00e9letben, nyitott a partners\u00e9g \u00e9p\u00edt\u00e9s\u00e9re.<\/span><br \/>\n<span style=\"font-family: Arial;\">A negyedben elindul\u00f3 szoci\u00e1lis rehabilit\u00e1ci\u00f3s munk\u00e1latokban r\u00e9szt vettek az itt m\u0171k\u00f6d\u0151 civil szervezetek is, jelent\u0151s szerepet v\u00e1llalva a lakoss\u00e1g inform\u00e1l\u00e1s\u00e1ban, bevon\u00e1s\u00e1ban, \u00e9rdekeltt\u00e9 t\u00e9tel\u00e9ben. Sokf\u00e9le vonz\u00f3 \u00f6tlettel \u00e9s programmal dolgozik a ter\u00fcleten a Z\u00f6ld Fiatalok Egyes\u00fclete (Z\u00d6FI), jelen van a Nagycsal\u00e1dosok J\u00f3zsefv\u00e1rosi Egyes\u00fclete, ide k\u00f6lt\u00f6z\u00f6tt a KAPOCS \u00d6nseg\u00edt\u0151 Ifj\u00fas\u00e1gi Szolg\u00e1lat. Elmondhatjuk azt is, hogy itt voltak a Nap Klub Alap\u00edtv\u00e1ny szomsz\u00e9ds\u00e1g\u00e1nak legakt\u00edvabb tagjai, munkat\u00e1rsai is a kezdetekt\u0151l, az els\u0151 h\u00e1zakban zajl\u00f3 p\u00e1rbesz\u00e9d-k\u00f6r\u00f6k szervez\u00e9s\u00e9ben, a j\u00e1tsz\u00f3t\u00e9ri gyerekprogramokban, a Z\u00f6ld-udvar programokban, a b\u0171nmegel\u0151z\u00e9si projekt k\u00e9rd\u0151\u00edves felm\u00e9r\u00e9s\u00e9ben. K\u00f6zben nagyon sok olyan civil k\u00e9pz\u00e9si projekt is zajlott a Nap Klub szervez\u00e9s\u00e9ben, amelyekben a ker\u00fcleti civil szervezetek \u00e9s \u00f6nkorm\u00e1nyzati szoci\u00e1lis int\u00e9zm\u00e9nyek munkat\u00e1rsai vettek r\u00e9szt, akiknek szem\u00e9lyes kapcsolatai \u00e9s szakmai egy\u00fcttm\u0171k\u00f6d\u00e9se folyamatosan er\u0151s\u00f6d\u00f6tt, gazdagodott, elindult egy h\u00e1l\u00f3zat-jelleg\u0171 egy\u00fcttm\u0171k\u00f6d\u00e9s szervez\u0151d\u00e9se is.<\/span><br \/>\n<span style=\"font-family: Arial;\">2009 \u0151sz\u00e9t\u0151l a Nap Klub \u00e9s a Z\u00f6ld Fiatalok egy-egy k\u00f6z\u00f6s t\u00e9m\u00e1j\u00fa civil projekt keret\u00e9ben egy\u00fcttm\u0171k\u00f6dve dolgoznak azon, hogy a ker\u00fcleti civil szervezetek alak\u00edtsanak ki egy<\/span><br \/>\n<span style=\"font-family: Arial;\">hosszabb t\u00e1v\u00fa strat\u00e9giai tervet saj\u00e1t munk\u00e1juk \u00e9s a ker\u00fcleti civil szervezetek, valamint az \u00f6nkorm\u00e1nyzat \u00e9s civil szervezetek hat\u00e9konyabb k\u00f6z\u00f6s egy\u00fcttm\u0171k\u00f6d\u00e9se \u00e9rdek\u00e9ben.<\/span><br \/>\n<span style=\"font-family: Arial;\">A Magdolna negyedben jelenleg m\u00e1r a Magdolna Program II. r\u00e9sze zajlik, a tavasz folyam\u00e1n 14 \u00f6nkorm\u00e1nyzati \u00e9s 4 t\u00e1rsash\u00e1z r\u00e9szleges fel\u00faj\u00edt\u00e1si programj\u00e1val (a h\u00e1zak v\u00edz-, g\u00e1z- \u00e9s csatornah\u00e1l\u00f3zat\u00e1nak, g\u00e9p\u00e9szeti felszerel\u00e9s\u00e9nek teljes fel\u00faj\u00edt\u00e1sa t\u00f6rt\u00e9nik meg, amely a legfontosabb a h\u00e1zak fennmarad\u00e1sa \u00e9s az ott lak\u00f3k \u00e9letmin\u0151s\u00e9ge \u00e9rdek\u00e9ben.) Az \u00d6nkorm\u00e1nyzat \u00e9s a R\u00c9V8 Zrt. tervezi a program folytat\u00e1s\u00e1t, k\u00e9sz\u00fcl a p\u00e1ly\u00e1zat a Magdolna Program III. szakasz\u00e1ra, mely m\u00e9g ebben az \u00e9vben lehet\u0151v\u00e9 teszi a v\u00e1rosrehabilit\u00e1ci\u00f3 szerves folytat\u00e1s\u00e1t.<\/span><br \/>\n<span style=\"font-family: Arial;\">Ebben a programsorozatban v\u00e1llalt most felel\u0151s szerepet a Nap Klub Alap\u00edtv\u00e1ny. A k\u00f6z\u00f6ss\u00e9gfejleszt\u0151 programot a R\u00c9V8 Zrt. \u00edrta ki, \u00e9s k\u00f6zbeszerz\u00e9si elj\u00e1r\u00e1s sor\u00e1n nyerte el az Alap\u00edtv\u00e1ny. A program f\u0151 c\u00e9lja, hogy t\u00e1mogassuk a negyedben \u00e9l\u0151k szomsz\u00e9ds\u00e1gainak, kisk\u00f6z\u00f6ss\u00e9geinek kialakul\u00e1s\u00e1t, \u00f6sszefog\u00e1s\u00e1t, k\u00f6z\u00f6s cselekv\u00e9s\u00e9t az \u00e9letk\u00f6r\u00fclm\u00e9nyek jav\u00edt\u00e1s\u00e1\u00e9rt \u00e9s a m\u00e9g tudatosabb helyi \u00e9rdek\u00e9rv\u00e9nyes\u00edt\u00e9s\u00e9rt. Ennek \u00e9rdek\u00e9ben fontos, hogy a negyedben \u00e9l\u0151 lakosok alak\u00edtsanak ki egy vagy ak\u00e1r t\u00f6bb \u00e9rdek\u00e9rv\u00e9nyes\u00edt\u0151, \u00e9rdekk\u00e9pvisel\u0151 k\u00f6z\u00f6ss\u00e9get, amit h\u00edvhatunk ak\u00e1r szomsz\u00e9ds\u00e1gi tan\u00e1csnak is. Ennek az is kiemelt jelent\u0151s\u00e9get ad, hogy a Magdolna negyedben elindult szoci\u00e1lis v\u00e1rosrehabilit\u00e1ci\u00f3 folytat\u00e1s\u00e1t csak a helyi lakoss\u00e1g \u00f6sszefog\u00e1s\u00e1val \u00e9s k\u00f6z\u00f6s cselekv\u00e9s\u00e9vel tudjuk el\u00e9rni \u00e9s fenntartani.<\/span><br \/>\n<span style=\"font-family: Arial;\">A Nap Klub Alap\u00edtv\u00e1ny, \u00f6sszefogva a ter\u00fcleten dolgoz\u00f3 civil szervezetekkel, el\u0151sz\u00f6r is egy k\u00f6z\u00f6ss\u00e9gi felm\u00e9r\u00e9st k\u00e9sz\u00edt. 600 k\u00e9rd\u0151\u00edvet k\u00e9rdez\u00fcnk le a negyedben \u00e9l\u0151kkel, melyb\u0151l az itt lak\u00f3k ig\u00e9nyeit, sz\u00fcks\u00e9gleteit, v\u00e1ltoztat\u00e1si sz\u00e1nd\u00e9kait, a lak\u00f3ter\u00fcletek probl\u00e9m\u00e1it szeretn\u00e9nk megtudni, valamint azt is, hogy mit tartanak lak\u00f3hely\u00fck \u00e9rt\u00e9keinek, mi\u00e9rt szeretnek itt \u00e9lni, vagy mi\u00e9rt v\u00e1ltoztatn\u00e1nak esetleg lak\u00f3helyet. K\u00edv\u00e1ncsiak vagyunk az itt \u00e9l\u0151k szem\u00e9lyes tapasztalataira, szem\u00e9lyes v\u00e1gyaira a lak\u00f3ter\u00fclet \u00e9lhet\u0151bb\u00e9 t\u00e9tele \u00e9rdek\u00e9ben. Ennek lek\u00e9rdez\u00e9se zajlik jelenleg, majd az eredm\u00e9nyek \u00f6sszes\u00edt\u00e9se ut\u00e1n ezek k\u00f6z\u00f6s feldolgoz\u00e1s\u00e1ra \u00e9s a k\u00f6z\u00f6s cselekv\u00e9si tervek, a k\u00f6z\u00f6s j\u00f6v\u0151k\u00e9p kialak\u00edt\u00e1sa \u00e9rdek\u00e9ben k\u00e9thetente lakoss\u00e1gi tal\u00e1lkoz\u00f3kat, k\u00e9thavonta f\u00f3rumokat szervez\u00fcnk. Ezeknek a tal\u00e1lkoz\u00f3knak a c\u00e9lja, hogy az emberek szem\u00e9lyes besz\u00e9lget\u00e9seken kereszt\u00fcl is ismerj\u00e9k meg egym\u00e1st, ismerj\u00e9k fel \u00e9s mondj\u00e1k el a k\u00f6z\u00f6s probl\u00e9m\u00e1ikat, s k\u00f6z\u00f6sen tal\u00e1ljuk meg a probl\u00e9mag\u00f3cokat, \u00e9s keress\u00fck a megold\u00e1si lehet\u0151s\u00e9geket. J\u00f3l tudjuk, hogy k\u00f6nnyebb \u00e9s gyorsabb lehetne m\u00e1r eleve megjel\u00f6lni a mindenki \u00e1ltal ismert probl\u00e9m\u00e1kat, amelyeket sz\u00e1mtalan forr\u00e1sb\u00f3l ismer\u00fcnk, s j\u00f3l tudjuk, hogy milyen s\u00falyos gondokkal k\u00fczd ak\u00e1r a Magdolna- negyed, ak\u00e1r maga J\u00f3zsefv\u00e1ros. De a k\u00edv\u00fclr\u0151l j\u00f6tt megfogalmaz\u00e1sok, az ott \u00e9l\u0151k helyett, m\u00e1sok \u00e1ltal hozott megold\u00e1sok nem vezetnek sehov\u00e1, csak n\u00f6velik a passzivit\u00e1st, a rem\u00e9nytelens\u00e9get, a cselekv\u0151k\u00e9ptelens\u00e9get.<\/span><br \/>\n<span style=\"font-family: Arial;\">Ez\u00e9rt \u00fagy gondoljuk, hogy csak az itt \u00e9l\u0151k felismert \u00e9s megfogalmazott probl\u00e9m\u00e1i, \u00e9rdekei szerint \u00e9rdemes t\u00e9m\u00e1kat v\u00e1lasztani a k\u00f6z\u00f6ss\u00e9gi tal\u00e1lkoz\u00f3kon elhangzottakb\u00f3l. Ezeken egy t\u00e9r, egy utca, egy h\u00e1z vagy az eg\u00e9sz negyed probl\u00e9m\u00e1ir\u00f3l besz\u00e9lget\u00fcnk, \u00e9s arr\u00f3l is, hogy ki vagy kik, mikor \u00e9s hogyan tudj\u00e1k ezeket megoldani, \u00e9s mi mindebben a saj\u00e1t lehet\u0151s\u00e9g\u00fcnk, a saj\u00e1t teend\u0151nk?!<\/span><br \/>\n<span style=\"font-family: Arial;\">A tal\u00e1lkoz\u00f3-sorozat tematik\u00e1j\u00e1ra a felm\u00e9r\u00e9s alapj\u00e1n k\u00e9sz\u00fclt egy tematika, \u00e9s ahhoz kapcsol\u00f3d\u00f3an megh\u00edvjuk az \u201eillet\u00e9keseket\u201d is, azokat az \u00f6nkorm\u00e1nyzati vagy m\u00e1s partnereket, szak\u00e9rt\u0151ket, szolg\u00e1ltat\u00f3kat vagy \u00fcgyint\u00e9z\u0151ket, akiknek szak\u00e9rtelm\u00e9re sz\u00fcks\u00e9g lehet. Ez els\u0151dlegesen a hat\u00e9konys\u00e1g \u00e9s eredm\u00e9nyess\u00e9g szempontj\u00e1b\u00f3l fontos, de az id\u0151 r\u00f6vids\u00e9ge miatt is. A tal\u00e1lkoz\u00f3k t\u00e9m\u00e1it teh\u00e1t az els\u0151 besz\u00e9lget\u00e9sek \u00e9s a k\u00e9rd\u0151\u00edvek eredm\u00e9nyei adj\u00e1k, de term\u00e9szetesen rugalmasan v\u00e1ltoztathat\u00f3ak lesznek a lak\u00f3k javaslatai alapj\u00e1n, hiszen \u0151k vannak a program k\u00f6z\u00e9ppontj\u00e1ban.<\/span><br \/>\n<span style=\"font-family: Arial;\">A besz\u00e9lget\u00e9sek sor\u00e1n kiemelked\u0151 \u201eakt\u00edv lakoss\u00e1gi csapat\u201d tagjainak k\u00e9tnapos szomsz\u00e9ds\u00e1gi tr\u00e9ninget is felk\u00edn\u00e1lunk, melynek t\u00e9m\u00e1ja els\u0151dlegesen a helyi \u00e9rdekk\u00e9pviselet, a helyi demokr\u00e1cia, a k\u00f6z\u00f6s cselekv\u00e9si terv \u00e9s a szomsz\u00e9ds\u00e1gi tan\u00e1cs funkci\u00f3i, lehets\u00e9ges d\u00f6nt\u00e9si \u00e9s javaslatt\u00e9teli jogai, illetve m\u0171k\u00f6d\u00e9s\u00e9nek m\u00f3djai lesznek.<\/span><br \/>\n<span style=\"font-family: Arial;\">A program v\u00e9g\u00e9n a l\u00e9trej\u00f6tt \u00e9rdekk\u00e9pviseleti szervnek vagy szervezetnek, a szomsz\u00e9ds\u00e1gi tan\u00e1csnak \u00f6ssze kell \u00e1ll\u00edtania a saj\u00e1t strat\u00e9giai terv\u00e9t, mely a negyedben zajl\u00f3 fejleszt\u00e9si \u00e9s \u00e9rdek\u00e9rv\u00e9nyes\u00edt\u0151 k\u00f6z\u00f6ss\u00e9gi folyamatok fenntarthat\u00f3s\u00e1g\u00e1t is biztos\u00edtja majd.<\/span><br \/>\n<span style=\"font-family: Arial;\">Term\u00e9szetesen a helyi civil szervezetek \u00e9s a Nap Klub Alap\u00edtv\u00e1ny tagjai sem vonulnak ki a program v\u00e9gezt\u00e9vel a folyamatb\u00f3l, seg\u00edt\u0151 kezet ny\u00fajtanak mindaddig, am\u00edg erre sz\u00fcks\u00e9ge van a csapatnak.<\/span><br \/>\n<span style=\"font-family: Arial;\">A k\u00f6z\u00f6ss\u00e9gfejleszt\u00e9s folyamat\u00e1t sz\u00e1nd\u00e9kozik seg\u00edteni m\u00e9g egy helyt\u00f6rt\u00e9neti ki\u00e1ll\u00edt\u00e1s megszervez\u00e9se is a ter\u00fclethez kapcsol\u00f3d\u00f3 \u00e9rt\u00e9kek bemutat\u00e1s\u00e1ra. Ennek az esem\u00e9nynek a lebonyol\u00edt\u00e1s\u00e1t m\u00e1r a k\u00e9rd\u0151\u00edvez\u00e9s sor\u00e1n elkezdt\u00fck, amikor is minden megk\u00e9rdezett\u0151l \u00e9rdekl\u0151dt\u00fcnk, hogy nincsenek-e olyan t\u00e1rgyaik, melyek a lak\u00f3helyhez kapcsol\u00f3dnak, s amelyeket sz\u00edvesen mutatn\u00e1nak meg a nyilv\u00e1noss\u00e1gnak. \u00cdgy kirajzol\u00f3dhat \u00e9s k\u00f6zkinccs\u00e9 v\u00e1lhat a ker\u00fclet \u00e9s a Magdolna-negyed gazdag t\u00f6rt\u00e9nelmi m\u00faltja.<\/span><br \/>\n<span style=\"font-family: Arial;\">A programok f\u0151 helysz\u00edne a Keszty\u0171gy\u00e1r, de szeretn\u00e9nk, ha nem csak ott, hanem a negyed m\u00e1s, erre alkalmas helyis\u00e9geiben is szervezhetn\u00e9nk tal\u00e1lkoz\u00f3kat. A Z\u00d6FI \u00e9s a Roma Parlament helyis\u00e9geit is szeretn\u00e9nk ig\u00e9nybe venni a folyamat sor\u00e1n, hogy a lak\u00f3k is megismerj\u00e9k azokat a k\u00f6z\u00f6ss\u00e9gi tereket, melyek sz\u00e1mukra is nyitva \u00e1llnak.<\/span><br \/>\n<span style=\"font-family: Arial;\">Rem\u00e9lj\u00fck, hogy a szomsz\u00e9ds\u00e1gok er\u0151s\u00f6d\u00e9se, a kisk\u00f6z\u00f6ss\u00e9gek m\u0171k\u00f6d\u00e9se, a kialakul\u00f3 er\u0151s helyi \u00e9rdekk\u00e9pviselet, a civil szervez\u0151d\u00e9sek egy\u00fcttm\u0171k\u00f6d\u00e9se tov\u00e1bb seg\u00edti a negyedben zajl\u00f3 pozit\u00edv v\u00e1ltoz\u00e1si folyamatokat, er\u0151s\u00edti a k\u00f6zbizalmat, a t\u00e1rsadalmi integr\u00e1ci\u00f3t \u00e9s jav\u00edtja az \u00e9letmin\u0151s\u00e9get.<\/span><\/p>\n<p><span style=\"font-family: Arial;\">ketbe21@gmail.com<\/span><\/p>\n","protected":false},"excerpt":{"rendered":"<p>Budapest, VIII. ker\u00fclet, Magdolna-negyed. Ezen a ter\u00fcleten kezd\u0151d\u00f6tt el 2005-ben az \u00f6nkorm\u00e1nyzat szoci\u00e1lis \u00e9s \u00e9p\u00edt\u00e9szeti v\u00e1rosrehabilit\u00e1ci\u00f3s programja. A program \u00fajszer\u0171s\u00e9ge, hogy t\u00f6bb ponton ind\u00edtott el innovat\u00edv v\u00e1ltoz\u00e1sokat a v\u00e1rosnegyedben, amelyek seg\u00edts\u00e9g\u00e9vel v\u00e1rhat\u00f3an meg\u00e1ll\u00edthat\u00f3 az itt lak\u00f3k egyre s\u00falyosabb t\u00e1rsadalmi leszakad\u00e1sa, a fokoz\u00f3d\u00f3 szegreg\u00e1ci\u00f3, folyamatosan cs\u00f6kken a csal\u00e1dokban felhalmoz\u00f3dott \u00e9s gener\u00e1ci\u00f3kon kereszt\u00fcl \u00f6r\u00f6kl\u0151d\u00f6tt h\u00e1tr\u00e1ny, megsz\u0171nik a [&hellip;]<\/p>\n","protected":false},"author":314,"featured_media":3437,"comment_status":"open","ping_status":"open","sticky":false,"template":"","format":"standard","meta":{"_acf_changed":false,"footnotes":""},"categories":[380,8,7],"tags":[],"coauthors":[396,399],"class_list":["post-2474","post","type-post","status-publish","format-standard","has-post-thumbnail","hentry","category-parola-2010-1","category-parola-folyoirat","category-repertorium"],"acf":[],"yoast_head":"<!-- This site is optimized with the Yoast SEO plugin v26.7 - https:\/\/yoast.com\/wordpress\/plugins\/seo\/ -->\n<title>Tud\u00f3s\u00edt\u00e1s a Magdolna-negyedi k\u00f6z\u00f6ss\u00e9gfejleszt\u00e9sr\u0151l - Parola Foly\u00f3irat<\/title>\n<meta name=\"robots\" content=\"index, follow, max-snippet:-1, max-image-preview:large, max-video-preview:-1\" \/>\n<link rel=\"canonical\" href=\"https:\/\/kofe.hu\/parola\/parola-folyoirat\/tudositas-a-magdolna-negyedi-kozossegfejlesztesrol\/\" \/>\n<meta property=\"og:locale\" content=\"hu_HU\" \/>\n<meta property=\"og:type\" content=\"article\" \/>\n<meta property=\"og:title\" content=\"Tud\u00f3s\u00edt\u00e1s a Magdolna-negyedi k\u00f6z\u00f6ss\u00e9gfejleszt\u00e9sr\u0151l - Parola Foly\u00f3irat\" \/>\n<meta property=\"og:description\" content=\"Budapest, VIII. ker\u00fclet, Magdolna-negyed. Ezen a ter\u00fcleten kezd\u0151d\u00f6tt el 2005-ben az \u00f6nkorm\u00e1nyzat szoci\u00e1lis \u00e9s \u00e9p\u00edt\u00e9szeti v\u00e1rosrehabilit\u00e1ci\u00f3s programja. A program \u00fajszer\u0171s\u00e9ge, hogy t\u00f6bb ponton ind\u00edtott el innovat\u00edv v\u00e1ltoz\u00e1sokat a v\u00e1rosnegyedben, amelyek seg\u00edts\u00e9g\u00e9vel v\u00e1rhat\u00f3an meg\u00e1ll\u00edthat\u00f3 az itt lak\u00f3k egyre s\u00falyosabb t\u00e1rsadalmi leszakad\u00e1sa, a fokoz\u00f3d\u00f3 szegreg\u00e1ci\u00f3, folyamatosan cs\u00f6kken a csal\u00e1dokban felhalmoz\u00f3dott \u00e9s gener\u00e1ci\u00f3kon kereszt\u00fcl \u00f6r\u00f6kl\u0151d\u00f6tt h\u00e1tr\u00e1ny, megsz\u0171nik a [&hellip;]\" \/>\n<meta property=\"og:url\" content=\"https:\/\/kofe.hu\/parola\/parola-folyoirat\/tudositas-a-magdolna-negyedi-kozossegfejlesztesrol\/\" \/>\n<meta property=\"og:site_name\" content=\"Parola Foly\u00f3irat\" \/>\n<meta property=\"article:published_time\" content=\"2020-06-26T07:09:44+00:00\" \/>\n<meta property=\"article:modified_time\" content=\"2020-07-30T11:48:45+00:00\" \/>\n<meta property=\"og:image\" content=\"https:\/\/kofe.hu\/parola\/wp-content\/uploads\/2020\/07\/10.1.jpeg\" \/>\n\t<meta property=\"og:image:width\" content=\"1332\" \/>\n\t<meta property=\"og:image:height\" content=\"1929\" \/>\n\t<meta property=\"og:image:type\" content=\"image\/jpeg\" \/>\n<meta name=\"author\" content=\"Buczk\u00f3 Barbara, Horv\u00e1th Judit\" \/>\n<meta name=\"twitter:card\" content=\"summary_large_image\" \/>\n<meta name=\"twitter:label1\" content=\"Szerz\u0151:\" \/>\n\t<meta name=\"twitter:data1\" content=\"Buczk\u00f3 Barbara\" \/>\n\t<meta name=\"twitter:label2\" content=\"Becs\u00fclt olvas\u00e1si id\u0151\" \/>\n\t<meta name=\"twitter:data2\" content=\"10 perc\" \/>\n\t<meta name=\"twitter:label3\" content=\"Written by\" \/>\n\t<meta name=\"twitter:data3\" content=\"Buczk\u00f3 Barbara, Horv\u00e1th Judit\" \/>\n<script type=\"application\/ld+json\" class=\"yoast-schema-graph\">{\"@context\":\"https:\/\/schema.org\",\"@graph\":[{\"@type\":\"Article\",\"@id\":\"https:\/\/kofe.hu\/parola\/parola-folyoirat\/tudositas-a-magdolna-negyedi-kozossegfejlesztesrol\/#article\",\"isPartOf\":{\"@id\":\"https:\/\/kofe.hu\/parola\/parola-folyoirat\/tudositas-a-magdolna-negyedi-kozossegfejlesztesrol\/\"},\"author\":{\"name\":\"Buczk\u00f3 Barbara\",\"@id\":\"https:\/\/kofe.hu\/parola\/#\/schema\/person\/1f0d3a3985a176205ef331d676d97a8c\"},\"headline\":\"Tud\u00f3s\u00edt\u00e1s a Magdolna-negyedi k\u00f6z\u00f6ss\u00e9gfejleszt\u00e9sr\u0151l\",\"datePublished\":\"2020-06-26T07:09:44+00:00\",\"dateModified\":\"2020-07-30T11:48:45+00:00\",\"mainEntityOfPage\":{\"@id\":\"https:\/\/kofe.hu\/parola\/parola-folyoirat\/tudositas-a-magdolna-negyedi-kozossegfejlesztesrol\/\"},\"wordCount\":2056,\"commentCount\":0,\"image\":{\"@id\":\"https:\/\/kofe.hu\/parola\/parola-folyoirat\/tudositas-a-magdolna-negyedi-kozossegfejlesztesrol\/#primaryimage\"},\"thumbnailUrl\":\"https:\/\/kofe.hu\/parola\/wp-content\/uploads\/2020\/07\/10.1.jpeg\",\"articleSection\":[\"Parola 2010\/1\",\"Parola Foly\u00f3irat\",\"Repert\u00f3rium\"],\"inLanguage\":\"hu\",\"potentialAction\":[{\"@type\":\"CommentAction\",\"name\":\"Comment\",\"target\":[\"https:\/\/kofe.hu\/parola\/parola-folyoirat\/tudositas-a-magdolna-negyedi-kozossegfejlesztesrol\/#respond\"]}]},{\"@type\":\"WebPage\",\"@id\":\"https:\/\/kofe.hu\/parola\/parola-folyoirat\/tudositas-a-magdolna-negyedi-kozossegfejlesztesrol\/\",\"url\":\"https:\/\/kofe.hu\/parola\/parola-folyoirat\/tudositas-a-magdolna-negyedi-kozossegfejlesztesrol\/\",\"name\":\"Tud\u00f3s\u00edt\u00e1s a Magdolna-negyedi k\u00f6z\u00f6ss\u00e9gfejleszt\u00e9sr\u0151l - Parola Foly\u00f3irat\",\"isPartOf\":{\"@id\":\"https:\/\/kofe.hu\/parola\/#website\"},\"primaryImageOfPage\":{\"@id\":\"https:\/\/kofe.hu\/parola\/parola-folyoirat\/tudositas-a-magdolna-negyedi-kozossegfejlesztesrol\/#primaryimage\"},\"image\":{\"@id\":\"https:\/\/kofe.hu\/parola\/parola-folyoirat\/tudositas-a-magdolna-negyedi-kozossegfejlesztesrol\/#primaryimage\"},\"thumbnailUrl\":\"https:\/\/kofe.hu\/parola\/wp-content\/uploads\/2020\/07\/10.1.jpeg\",\"datePublished\":\"2020-06-26T07:09:44+00:00\",\"dateModified\":\"2020-07-30T11:48:45+00:00\",\"author\":{\"@id\":\"https:\/\/kofe.hu\/parola\/#\/schema\/person\/1f0d3a3985a176205ef331d676d97a8c\"},\"breadcrumb\":{\"@id\":\"https:\/\/kofe.hu\/parola\/parola-folyoirat\/tudositas-a-magdolna-negyedi-kozossegfejlesztesrol\/#breadcrumb\"},\"inLanguage\":\"hu\",\"potentialAction\":[{\"@type\":\"ReadAction\",\"target\":[\"https:\/\/kofe.hu\/parola\/parola-folyoirat\/tudositas-a-magdolna-negyedi-kozossegfejlesztesrol\/\"]}]},{\"@type\":\"ImageObject\",\"inLanguage\":\"hu\",\"@id\":\"https:\/\/kofe.hu\/parola\/parola-folyoirat\/tudositas-a-magdolna-negyedi-kozossegfejlesztesrol\/#primaryimage\",\"url\":\"https:\/\/kofe.hu\/parola\/wp-content\/uploads\/2020\/07\/10.1.jpeg\",\"contentUrl\":\"https:\/\/kofe.hu\/parola\/wp-content\/uploads\/2020\/07\/10.1.jpeg\",\"width\":1332,\"height\":1929},{\"@type\":\"BreadcrumbList\",\"@id\":\"https:\/\/kofe.hu\/parola\/parola-folyoirat\/tudositas-a-magdolna-negyedi-kozossegfejlesztesrol\/#breadcrumb\",\"itemListElement\":[{\"@type\":\"ListItem\",\"position\":1,\"name\":\"Home\",\"item\":\"https:\/\/kofe.hu\/parola\/\"},{\"@type\":\"ListItem\",\"position\":2,\"name\":\"Tud\u00f3s\u00edt\u00e1s a Magdolna-negyedi k\u00f6z\u00f6ss\u00e9gfejleszt\u00e9sr\u0151l\"}]},{\"@type\":\"WebSite\",\"@id\":\"https:\/\/kofe.hu\/parola\/#website\",\"url\":\"https:\/\/kofe.hu\/parola\/\",\"name\":\"Parola Foly\u00f3irat\",\"description\":\"\",\"potentialAction\":[{\"@type\":\"SearchAction\",\"target\":{\"@type\":\"EntryPoint\",\"urlTemplate\":\"https:\/\/kofe.hu\/parola\/?s={search_term_string}\"},\"query-input\":{\"@type\":\"PropertyValueSpecification\",\"valueRequired\":true,\"valueName\":\"search_term_string\"}}],\"inLanguage\":\"hu\"},{\"@type\":\"Person\",\"@id\":\"https:\/\/kofe.hu\/parola\/#\/schema\/person\/1f0d3a3985a176205ef331d676d97a8c\",\"name\":\"Buczk\u00f3 Barbara\",\"image\":{\"@type\":\"ImageObject\",\"inLanguage\":\"hu\",\"@id\":\"https:\/\/kofe.hu\/parola\/#\/schema\/person\/image\/23494c9101089ad44ae88ce9d2f56aac\",\"url\":\"https:\/\/secure.gravatar.com\/avatar\/?s=96&d=mm&r=g\",\"contentUrl\":\"https:\/\/secure.gravatar.com\/avatar\/?s=96&d=mm&r=g\",\"caption\":\"Buczk\u00f3 Barbara\"},\"url\":\"https:\/\/kofe.hu\/parola\/szerzok\/buczko-barbara\/\"}]}<\/script>\n<!-- \/ Yoast SEO plugin. -->","yoast_head_json":{"title":"Tud\u00f3s\u00edt\u00e1s a Magdolna-negyedi k\u00f6z\u00f6ss\u00e9gfejleszt\u00e9sr\u0151l - Parola Foly\u00f3irat","robots":{"index":"index","follow":"follow","max-snippet":"max-snippet:-1","max-image-preview":"max-image-preview:large","max-video-preview":"max-video-preview:-1"},"canonical":"https:\/\/kofe.hu\/parola\/parola-folyoirat\/tudositas-a-magdolna-negyedi-kozossegfejlesztesrol\/","og_locale":"hu_HU","og_type":"article","og_title":"Tud\u00f3s\u00edt\u00e1s a Magdolna-negyedi k\u00f6z\u00f6ss\u00e9gfejleszt\u00e9sr\u0151l - Parola Foly\u00f3irat","og_description":"Budapest, VIII. ker\u00fclet, Magdolna-negyed. Ezen a ter\u00fcleten kezd\u0151d\u00f6tt el 2005-ben az \u00f6nkorm\u00e1nyzat szoci\u00e1lis \u00e9s \u00e9p\u00edt\u00e9szeti v\u00e1rosrehabilit\u00e1ci\u00f3s programja. A program \u00fajszer\u0171s\u00e9ge, hogy t\u00f6bb ponton ind\u00edtott el innovat\u00edv v\u00e1ltoz\u00e1sokat a v\u00e1rosnegyedben, amelyek seg\u00edts\u00e9g\u00e9vel v\u00e1rhat\u00f3an meg\u00e1ll\u00edthat\u00f3 az itt lak\u00f3k egyre s\u00falyosabb t\u00e1rsadalmi leszakad\u00e1sa, a fokoz\u00f3d\u00f3 szegreg\u00e1ci\u00f3, folyamatosan cs\u00f6kken a csal\u00e1dokban felhalmoz\u00f3dott \u00e9s gener\u00e1ci\u00f3kon kereszt\u00fcl \u00f6r\u00f6kl\u0151d\u00f6tt h\u00e1tr\u00e1ny, megsz\u0171nik a [&hellip;]","og_url":"https:\/\/kofe.hu\/parola\/parola-folyoirat\/tudositas-a-magdolna-negyedi-kozossegfejlesztesrol\/","og_site_name":"Parola Foly\u00f3irat","article_published_time":"2020-06-26T07:09:44+00:00","article_modified_time":"2020-07-30T11:48:45+00:00","og_image":[{"width":1332,"height":1929,"url":"https:\/\/kofe.hu\/parola\/wp-content\/uploads\/2020\/07\/10.1.jpeg","type":"image\/jpeg"}],"author":"Buczk\u00f3 Barbara, Horv\u00e1th Judit","twitter_card":"summary_large_image","twitter_misc":{"Szerz\u0151:":"Buczk\u00f3 Barbara","Becs\u00fclt olvas\u00e1si id\u0151":"10 perc","Written by":"Buczk\u00f3 Barbara, Horv\u00e1th Judit"},"schema":{"@context":"https:\/\/schema.org","@graph":[{"@type":"Article","@id":"https:\/\/kofe.hu\/parola\/parola-folyoirat\/tudositas-a-magdolna-negyedi-kozossegfejlesztesrol\/#article","isPartOf":{"@id":"https:\/\/kofe.hu\/parola\/parola-folyoirat\/tudositas-a-magdolna-negyedi-kozossegfejlesztesrol\/"},"author":{"name":"Buczk\u00f3 Barbara","@id":"https:\/\/kofe.hu\/parola\/#\/schema\/person\/1f0d3a3985a176205ef331d676d97a8c"},"headline":"Tud\u00f3s\u00edt\u00e1s a Magdolna-negyedi k\u00f6z\u00f6ss\u00e9gfejleszt\u00e9sr\u0151l","datePublished":"2020-06-26T07:09:44+00:00","dateModified":"2020-07-30T11:48:45+00:00","mainEntityOfPage":{"@id":"https:\/\/kofe.hu\/parola\/parola-folyoirat\/tudositas-a-magdolna-negyedi-kozossegfejlesztesrol\/"},"wordCount":2056,"commentCount":0,"image":{"@id":"https:\/\/kofe.hu\/parola\/parola-folyoirat\/tudositas-a-magdolna-negyedi-kozossegfejlesztesrol\/#primaryimage"},"thumbnailUrl":"https:\/\/kofe.hu\/parola\/wp-content\/uploads\/2020\/07\/10.1.jpeg","articleSection":["Parola 2010\/1","Parola Foly\u00f3irat","Repert\u00f3rium"],"inLanguage":"hu","potentialAction":[{"@type":"CommentAction","name":"Comment","target":["https:\/\/kofe.hu\/parola\/parola-folyoirat\/tudositas-a-magdolna-negyedi-kozossegfejlesztesrol\/#respond"]}]},{"@type":"WebPage","@id":"https:\/\/kofe.hu\/parola\/parola-folyoirat\/tudositas-a-magdolna-negyedi-kozossegfejlesztesrol\/","url":"https:\/\/kofe.hu\/parola\/parola-folyoirat\/tudositas-a-magdolna-negyedi-kozossegfejlesztesrol\/","name":"Tud\u00f3s\u00edt\u00e1s a Magdolna-negyedi k\u00f6z\u00f6ss\u00e9gfejleszt\u00e9sr\u0151l - Parola Foly\u00f3irat","isPartOf":{"@id":"https:\/\/kofe.hu\/parola\/#website"},"primaryImageOfPage":{"@id":"https:\/\/kofe.hu\/parola\/parola-folyoirat\/tudositas-a-magdolna-negyedi-kozossegfejlesztesrol\/#primaryimage"},"image":{"@id":"https:\/\/kofe.hu\/parola\/parola-folyoirat\/tudositas-a-magdolna-negyedi-kozossegfejlesztesrol\/#primaryimage"},"thumbnailUrl":"https:\/\/kofe.hu\/parola\/wp-content\/uploads\/2020\/07\/10.1.jpeg","datePublished":"2020-06-26T07:09:44+00:00","dateModified":"2020-07-30T11:48:45+00:00","author":{"@id":"https:\/\/kofe.hu\/parola\/#\/schema\/person\/1f0d3a3985a176205ef331d676d97a8c"},"breadcrumb":{"@id":"https:\/\/kofe.hu\/parola\/parola-folyoirat\/tudositas-a-magdolna-negyedi-kozossegfejlesztesrol\/#breadcrumb"},"inLanguage":"hu","potentialAction":[{"@type":"ReadAction","target":["https:\/\/kofe.hu\/parola\/parola-folyoirat\/tudositas-a-magdolna-negyedi-kozossegfejlesztesrol\/"]}]},{"@type":"ImageObject","inLanguage":"hu","@id":"https:\/\/kofe.hu\/parola\/parola-folyoirat\/tudositas-a-magdolna-negyedi-kozossegfejlesztesrol\/#primaryimage","url":"https:\/\/kofe.hu\/parola\/wp-content\/uploads\/2020\/07\/10.1.jpeg","contentUrl":"https:\/\/kofe.hu\/parola\/wp-content\/uploads\/2020\/07\/10.1.jpeg","width":1332,"height":1929},{"@type":"BreadcrumbList","@id":"https:\/\/kofe.hu\/parola\/parola-folyoirat\/tudositas-a-magdolna-negyedi-kozossegfejlesztesrol\/#breadcrumb","itemListElement":[{"@type":"ListItem","position":1,"name":"Home","item":"https:\/\/kofe.hu\/parola\/"},{"@type":"ListItem","position":2,"name":"Tud\u00f3s\u00edt\u00e1s a Magdolna-negyedi k\u00f6z\u00f6ss\u00e9gfejleszt\u00e9sr\u0151l"}]},{"@type":"WebSite","@id":"https:\/\/kofe.hu\/parola\/#website","url":"https:\/\/kofe.hu\/parola\/","name":"Parola Foly\u00f3irat","description":"","potentialAction":[{"@type":"SearchAction","target":{"@type":"EntryPoint","urlTemplate":"https:\/\/kofe.hu\/parola\/?s={search_term_string}"},"query-input":{"@type":"PropertyValueSpecification","valueRequired":true,"valueName":"search_term_string"}}],"inLanguage":"hu"},{"@type":"Person","@id":"https:\/\/kofe.hu\/parola\/#\/schema\/person\/1f0d3a3985a176205ef331d676d97a8c","name":"Buczk\u00f3 Barbara","image":{"@type":"ImageObject","inLanguage":"hu","@id":"https:\/\/kofe.hu\/parola\/#\/schema\/person\/image\/23494c9101089ad44ae88ce9d2f56aac","url":"https:\/\/secure.gravatar.com\/avatar\/?s=96&d=mm&r=g","contentUrl":"https:\/\/secure.gravatar.com\/avatar\/?s=96&d=mm&r=g","caption":"Buczk\u00f3 Barbara"},"url":"https:\/\/kofe.hu\/parola\/szerzok\/buczko-barbara\/"}]}},"_links":{"self":[{"href":"https:\/\/kofe.hu\/parola\/wp-json\/wp\/v2\/posts\/2474","targetHints":{"allow":["GET"]}}],"collection":[{"href":"https:\/\/kofe.hu\/parola\/wp-json\/wp\/v2\/posts"}],"about":[{"href":"https:\/\/kofe.hu\/parola\/wp-json\/wp\/v2\/types\/post"}],"author":[{"embeddable":true,"href":"https:\/\/kofe.hu\/parola\/wp-json\/wp\/v2\/users\/314"}],"replies":[{"embeddable":true,"href":"https:\/\/kofe.hu\/parola\/wp-json\/wp\/v2\/comments?post=2474"}],"version-history":[{"count":1,"href":"https:\/\/kofe.hu\/parola\/wp-json\/wp\/v2\/posts\/2474\/revisions"}],"predecessor-version":[{"id":2475,"href":"https:\/\/kofe.hu\/parola\/wp-json\/wp\/v2\/posts\/2474\/revisions\/2475"}],"wp:featuredmedia":[{"embeddable":true,"href":"https:\/\/kofe.hu\/parola\/wp-json\/wp\/v2\/media\/3437"}],"wp:attachment":[{"href":"https:\/\/kofe.hu\/parola\/wp-json\/wp\/v2\/media?parent=2474"}],"wp:term":[{"taxonomy":"category","embeddable":true,"href":"https:\/\/kofe.hu\/parola\/wp-json\/wp\/v2\/categories?post=2474"},{"taxonomy":"post_tag","embeddable":true,"href":"https:\/\/kofe.hu\/parola\/wp-json\/wp\/v2\/tags?post=2474"},{"taxonomy":"author","embeddable":true,"href":"https:\/\/kofe.hu\/parola\/wp-json\/wp\/v2\/coauthors?post=2474"}],"curies":[{"name":"wp","href":"https:\/\/api.w.org\/{rel}","templated":true}]}}