{"id":2470,"date":"2020-06-26T06:58:16","date_gmt":"2020-06-26T06:58:16","guid":{"rendered":"https:\/\/kofe.hu\/parola\/?p=2470"},"modified":"2020-07-03T06:02:36","modified_gmt":"2020-07-03T06:02:36","slug":"mi-ertendo-alatt-alapfogalmak-a-politikai-kaoszban","status":"publish","type":"post","link":"https:\/\/kofe.hu\/parola\/parola-folyoirat\/mi-ertendo-alatt-alapfogalmak-a-politikai-kaoszban\/","title":{"rendered":"Mi \u00e9rtend\u0151 &#8230; alatt? Alapfogalmak a politikai k\u00e1oszban"},"content":{"rendered":"<p><span style=\"font-family: Arial;\">A k\u00f6z\u00f6ss\u00e9gfejleszt\u00e9s helyi gyakorlat\u00e1b\u00f3l az \u00e9vek sor\u00e1n egyre t\u00e1gabb horizontok ny\u00edltak meg: a helyi demokr\u00e1cia fogalma kisz\u00e9lesedett a civil t\u00e1rsadalomig. Ez ut\u00f3bbi fogalom kiterjedt \u00e9rtelmez\u00e9sei k\u00fcl\u00f6n\u00f6sen a kelet-eur\u00f3pai orsz\u00e1gok \u00e1talakul\u00e1s\u00e1val nyertek fokozott jelent\u0151s\u00e9get. E. Gellner a civil t\u00e1rsadalom elemz\u00e9sekor azt \u00e1ll\u00edtja, hogy a demokr\u00e1cia eszm\u00e9ny\u00e9t az emberek meghat\u00e1rozott csoportja alkotta \u00e9s form\u00e1lta a t\u00f6rt\u00e9nelem sor\u00e1n, de k\u00e9pvisel\u0151i folyamatosan bele\u00fctk\u00f6znek a megval\u00f3s\u00edt\u00e1s korl\u00e1taiba, s a torzul\u00e1sok, ellen\u00e1ll\u00e1sok, a fogalommal t\u00f6rt\u00e9n\u0151 vissza\u00e9l\u00e9sek nyom\u00e1n arra a k\u00f6vetkeztet\u00e9sre kell jutniuk, hogy a demokr\u00e1cia<\/span><\/p>\n<p><!--more--><i><span style=\"font-family: Arial;\">\u201e\u2026olyan eszm\u00e9ny teh\u00e1t, amely valamif\u00e9le bizarr \u00e9rtelemben \u00e1ltal\u00e1nos \u00e9rv\u00e9nnyel b\u00edr, ugyanakkor azonban a t\u00e1rsadalmak jelent\u0151s r\u00e9sz\u00e9ben \u2013 tal\u00e1n t\u00falnyom\u00f3 t\u00f6bbs\u00e9g\u00fckben \u2013 el\u00e9rhetetlen marad. Nem j\u00e1rn\u00e1nk jobban, ha a k\u00edv\u00e1natos rend fogalm\u00e1ba annak el\u0151felt\u00e9teleit is be\u00e9p\u00edten\u00e9nk, s a f\u00f6ld\u00f6n j\u00e1rn\u00e1nk, ahelyett, hogy az absztrakci\u00f3 abszurdan magas szintj\u00e9re emelkedn\u00e9nk? \u2026 Mivel azonban a \u2019civil t\u00e1rsadalom\u2019 e felt\u00e9teleket \u00e9s a t\u00f6rt\u00e9neti kontextust egyar\u00e1nt megragadja, val\u00f3sz\u00edn\u0171leg alkalmasabb jelsz\u00f3, mint a \u201edemokr\u00e1cia.\u201d<\/span><\/i><i><sup><span style=\"font-family: Arial;\">1<\/span><\/sup><\/i><br \/>\n<span style=\"font-family: Arial;\">Ahhoz, hogy megfelel\u0151 d\u00f6nt\u00e9sek sz\u00fclessenek, sz\u00e1molni kell azzal, hogy a kult\u00fara \u00e9s az int\u00e9zm\u00e9nyek megel\u0151zik a d\u00f6nt\u00e9seket. Ez annyit jelent, hogy a k\u00f6z\u00f6ss\u00e9get \u00e9rint\u0151 \u00e1ltal\u00e1nos \u00e9s helyi-partikul\u00e1ris d\u00f6nt\u00e9sek nem l\u00e9g\u00fcres t\u00e9rben, hanem a m\u00e1r kialakult kultur\u00e1lis mint\u00e1kb\u00f3l, int\u00e9zm\u00e9nyi gyakorlatb\u00f3l \u00e9s el\u0151\u00edt\u00e9letekb\u0151l k\u00f6vetkeznek.<\/span><br \/>\n<i><span style=\"font-family: Arial;\">\u201eA demokr\u00e1cia elvont modellje a maga partikul\u00e1ris emberk\u00e9p\u00e9t (a szekul\u00e1ris modern individualista k\u00e9p\u00e9t) t\u00e9vesen az ember mint olyan reprezent\u00e1ci\u00f3jak\u00e9nt kezeli<\/span><\/i><span style=\"font-family: Arial;\">.\u00a0<\/span><i><span style=\"font-family: Arial;\">Kidolgoz\u00f3i egy absztrakt indokl\u00e1ssal kezdik, amely a sz\u00f3ban forg\u00f3 eszm\u00e9t univerz\u00e1lisan \u00e9rv\u00e9nyesnek mutatja, majd sajn\u00e1lkozva elismerik: h\u00e1t igen, az emberis\u00e9g jelent\u0151s r\u00e9sze olyan k\u00f6r\u00fclm\u00e9nyek k\u00f6z\u00f6tt \u00e9l, amelyek nem teszik lehet\u0151v\u00e9 az eszme val\u00f3ra v\u00e1lt\u00e1s\u00e1t. \u2026 A \u2019civil t\u00e1rsadalom\u2019 sokkal realisztikusabb, mert tulajdon felt\u00e9teleit foglalja mag\u00e1ban, ahelyett, hogy eleve adottnak tekinten\u00e9, majd kijelenten\u00e9 mag\u00e1r\u00f3l, hogy a megfelel\u0151 felt\u00e9telek teljes\u00fcl\u00e9se n\u00e9lk\u00fcl az emberis\u00e9g nagy r\u00e9sze sz\u00e1m\u00e1ra el\u00e9rhetetlen marad \u2026 Demokr\u00e1ci\u00e1ra val\u00f3ban sz\u00fcks\u00e9g van \u2013 a hangs\u00falyt azonban arra az int\u00e9zm\u00e9nyrendszerre \u00e9s arra a t\u00e1rsadalmi kontextusra kell helyezn\u00fcnk, amely lehet\u0151v\u00e9 \u00e9s k\u00edv\u00e1natoss\u00e1 teszi.\u201d<\/span><\/i><br \/>\n<span style=\"font-family: Arial;\">A civil t\u00e1rsadalom els\u0151dlegess\u00e9ge melletti \u00e1ll\u00e1sfoglal\u00e1s\u00e1t \u00fagy \u00e9rtelmezem, hogy ez a fogalom mag\u00e1ban foglalja a magatart\u00e1sform\u00e1kat, azokat a kultur\u00e1lis mint\u00e1kat, amelyek a demokratikus int\u00e9zm\u00e9nyeket m\u0171k\u00f6dtetik. A civil t\u00e1rsadalom felt\u00e9tele azonos a tartalm\u00e1val: az egy\u00fcttm\u0171k\u00f6d\u00e9si k\u00e9szs\u00e9ggel, a konfliktuskezel\u00e9ssel, a t\u00e1rgyal\u00e1s megtanul\u00e1s\u00e1val, az \u00f6ntudattal.<\/span><br \/>\n<span style=\"font-family: Arial;\">Az \u00e1ll\u00edt\u00e1s illusztr\u00e1l\u00e1sak\u00e9nt arra az int\u00e9zm\u00e9nyre utalok, amely vitathatatlanul a k\u00f6zvetlen demokr\u00e1cia egyik legfontosabb eszk\u00f6ze: a n\u00e9pszavaz\u00e1s. Hogy mik\u00e9nt \u00e9s mire lehet haszn\u00e1lni, s hogy ez mennyire a t\u00e1rsadalmi-kultur\u00e1lis kontextus f\u00fcggv\u00e9nye, vil\u00e1goss\u00e1 teszi a sv\u00e1jci \u00e9s a magyar gyakorlat \u00f6sszehasonl\u00edt\u00e1sa.<\/span><br \/>\n<span style=\"font-family: Arial;\">Az \u00e1llam \u00e9s t\u00e1rsadalom viszonya mag\u00e1ban foglalja azokat a dilemm\u00e1kat, amelyekkel mind a szoci\u00e1lis munka, mind a k\u00f6z\u00f6ss\u00e9gfejleszt\u00e9s az elm\u00falt 20 \u00e9vben folyamatosan tal\u00e1lkozott \u00e9s k\u00fczd\u00f6tt.<\/span><br \/>\n<span style=\"font-family: Arial;\">T\u00e1rsadalom alatt individuumok k\u00fcl\u00f6nb\u00f6z\u0151 t\u00e1rsul\u00e1sainak \u00e9s int\u00e9zm\u00e9nyeinek sz\u00f6vet\u00e9t \u00e9rtve, a k\u00f6z\u00f6ss\u00e9gfejleszt\u0151k arra v\u00e1llalkoznak, hogy egy\u00e9nekb\u0151l mik\u00e9nt v\u00e1lhatnak \u00f6n\u00e1ll\u00f3, felel\u0151sen cselekv\u0151 \u00e1llampolg\u00e1rokk\u00e1. A k\u00fcl\u00f6nb\u00f6z\u0151 fejleszt\u00e9si programok sz\u00e1mos \u00e9rt\u00e9k ment\u00e9n jel\u00f6lnek ki c\u00e9lokat \u00e9s feladatokat. Az egyik k\u00f6z\u00fcl\u00fck a szolidarit\u00e1s, amivel kapcsolatban sz\u00e1mos bizonytalans\u00e1g \u00e9s k\u00e9tely fogalmaz\u00f3dott meg: vagy k\u00fcl\u00f6nb\u00f6z\u0151 demonstr\u00e1ci\u00f3k jelszav\u00e1v\u00e1 sil\u00e1nyodott vagy \u00e9pp ellenkez\u0151leg: az \u00e1llami politika ideol\u00f3giai fed\u0151szavak\u00e9nt szolg\u00e1lt. A jelsz\u00f3k\u00e9nt haszn\u00e1lt fogalmat akkor t\u00f6lti ki val\u00f3di tartalom, ha a benne foglalt egy\u00fctt\u00e9rz\u00e9s ind\u00edtja el a cselekv\u00e9st, s \u00fagy l\u00e1tszik, hogy mind a civil t\u00e1rsadalom fejl\u0151d\u00e9se, mind a nemzetk\u00f6zi akci\u00f3k k\u00f6z\u00f6s tendenci\u00e1ja, hogy az egy\u00fctt\u00e9rz\u00e9s a cselekv\u0151 seg\u00edts\u00e9g \u00e9s t\u00e1mogat\u00e1s sz\u00e9les sk\u00e1l\u00e1ja fel\u00e9 halad. Ezt mutatj\u00e1k \u2013 t\u00f6bbek k\u00f6z\u00f6tt \u2013 a katasztr\u00f3f\u00e1k eset\u00e9n szervezett nemzetk\u00f6zi akci\u00f3k, a menek\u00fcltk\u00e9rd\u00e9s int\u00e9zm\u00e9nyes kezel\u00e9se, valamint civil szervezetek \u00e9s egy\u00e9nek gy\u0171jt\u00e9si akci\u00f3i meghat\u00e1rozott c\u00e9lokra. Term\u00e9szetesen, mint minden \u00e9rt\u00e9ket \u00e9s fogalmat, a szolidarit\u00e1st is diszfunkcion\u00e1lis haszn\u00e1lata \u00fcres\u00edtette ki: ismeretes a 70-es \u00e9vekt\u0151l sz\u00e1mos nyugat-eur\u00f3pai sz\u00e9ls\u0151bal csoport \u00fan. szolidarit\u00e1si akci\u00f3ja, amivel a k\u00e9s\u0151bb eg\u00e9sz t\u00e9rs\u00e9geket fenyeget\u0151 terrorista mozgalmakat er\u0151s\u00edtett\u00e9k, s mind a mai napig ez jellemzi ezeket az ir\u00e1nyzatokat \u00e9s csoportokat.<\/span><br \/>\n<span style=\"font-family: Arial;\">Ami azonban ebben az \u00f6sszef\u00fcgg\u00e9sben k\u00f6zvetlen\u00fcl is \u00e9rinti a k\u00f6z\u00f6ss\u00e9gfejleszt\u00e9st, az a szoci\u00e1lpolitika, ami a szolidarit\u00e1s jelszav\u00e1val val\u00f3j\u00e1ban hozz\u00e1j\u00e1rult a kiszolg\u00e1ltatotts\u00e1g \u00e9s tehetetlens\u00e9g felt\u00e9teleinek r\u00f6gz\u00fcl\u00e9s\u00e9hez. Azok a t\u00e1rsadalmi fesz\u00fclts\u00e9gek \u00e9s politikai k\u00fczdelmek, amelyek megk\u00e9rd\u0151jelezik az eddigi szoci\u00e1lpolitikai programok \u00e9s gyakorlatok hat\u00e9konys\u00e1g\u00e1t, a felt\u00e9tel n\u00e9lk\u00fcli t\u00e1mogat\u00e1s egy\u00e9ni k\u00f6vetkezm\u00e9nyei mellett azzal is szembes\u00edtenek, hogy ez az \u00fat nem a v\u00e1ltoz\u00e1shoz, hanem a t\u00e1rsadalmi szakad\u00e9k elm\u00e9ly\u00fcl\u00e9s\u00e9hez vezetett. Term\u00e9szetesen nem l\u00e9tezik a t\u00e1rsadalmi integr\u00e1ci\u00f3 egyetlen sikeres \u00fatja, de az bebizonyosodott, hogy az \u00e1llam szoci\u00e1lpolitik\u00e1j\u00e1nak nem lehet jelszava a szolidarit\u00e1s, ez ut\u00f3bbi csak val\u00f3s\u00e1gos emberek k\u00f6z\u00f6tt \u00e9s abban az \u00e9rtelemben m\u0171k\u00f6dik, ha annak l\u00e9nyege az egy\u00fcttm\u0171k\u00f6d\u00e9s. Az \u00e1llam int\u00e9zm\u00e9nyei jogalkalmaz\u00f3k, s ezt dikt\u00e1tumk\u00e9nt vagy juttat\u00e1sk\u00e9nt \u00e9rv\u00e9nyes\u00edtik. Ezzel szemben a k\u00f6z\u00f6ss\u00e9gfejleszt\u00e9si projektek az er\u0151forr\u00e1sok mozg\u00f3s\u00edt\u00e1s\u00e1ra t\u00f6rekednek, s ez\u00e1ltal a szoci\u00e1lpolitika alternat\u00edv\u00e1jak\u00e9nt az egy\u00e9ni \u00e9s t\u00e1rsas aktivit\u00e1sban realiz\u00e1lj\u00e1k a szolidarit\u00e1st.<\/span><br \/>\n<span style=\"font-family: Arial;\">A kort\u00e1rs francia filoz\u00f3fus szint\u00e9n megpr\u00f3b\u00e1lja a szolidarit\u00e1s m\u00f6g\u00e9 rejtett val\u00f3di tartalmakat l\u00e1that\u00f3v\u00e1 tenni, s \u00e9rtelmez\u00e9s\u00e9ben is \u00e1ltal\u00e1ban olyan t\u00e1rsadalompolitikai eszm\u00e9ket \u00e9rtenek alatta, mint az egyenl\u0151s\u00e9g \u00e9s az igazs\u00e1goss\u00e1g.<\/span><br \/>\n<span style=\"font-family: Arial;\">De mi \u00e9rtend\u0151 igazs\u00e1goss\u00e1gon? Ezt a k\u00e9rd\u00e9st teszi fel Friedrich Merz, aki a legut\u00f3bbi id\u0151kig a Bundestag k\u00e9pvisel\u0151jek\u00e9nt a CDU frakci\u00f3ban meglehet\u0151sen akt\u00edv szerepet j\u00e1tszott. Az a feltev\u00e9s ind\u00edt \u00edr\u00e1sa kivonatolt k\u00f6zz\u00e9t\u00e9tel\u00e9re, hogy \u2013 kimondva-kimondatlanul \u2013 a k\u00f6z\u00f6ss\u00e9gfejleszt\u0151k sz\u00e1m\u00e1ra is megker\u00fclhetetlen a fenti k\u00e9rd\u00e9s. Nem az igazs\u00e1goss\u00e1g-e az alapk\u00e9rd\u00e9s, amikor a (kis)telep\u00fcl\u00e9sek lak\u00f3inak mell\u0151z\u00f6tts\u00e9g\u00e9rz\u00e9s\u00e9t v\u00e1ltja \u00e1t a k\u00f6z\u00f6ss\u00e9gfejleszt\u00e9s saj\u00e1t kezdem\u00e9nyez\u00e9s\u0171 programm\u00e1? S nem ugyanez a fogalom ind\u00edtja-e be azokat a szervez\u00e9seket, amelyek a civiliz\u00e1latlan k\u00f6rnyezetben, tudatlans\u00e1gban \u00e9l\u0151, a t\u00f6bbs\u00e9gi t\u00e1rsadalommal k\u00f6lcs\u00f6n\u00f6s bizalmatlans\u00e1gban \u00e9s ellens\u00e9gess\u00e9gben \u00e9l\u0151 csoportok sz\u00e1m\u00e1ra pr\u00f3b\u00e1lja az \u00e9rintettek akt\u00edv r\u00e9szv\u00e9tel\u00e9vel az integr\u00e1l\u00f3d\u00e1s \u00faj \u00fatjait megnyitni? S nem az igazs\u00e1goss\u00e1g eszm\u00e9je hajtja-e a cselekv\u00e9s fel\u00e9 mindazokat, akik \u00e1llami int\u00e9zm\u00e9nyek helyett az egy\u00fcttm\u0171k\u00f6d\u00e9sben, a k\u00f6z\u00f6s munk\u00e1ban keresik a biztons\u00e1g, a j\u00f3 k\u00f6z\u00e9rzet, a kultur\u00e1l\u00f3d\u00e1s forr\u00e1sait?<\/span><br \/>\n<span style=\"font-family: Arial;\">Az igazs\u00e1goss\u00e1g mibenl\u00e9te, megval\u00f3s\u00edt\u00e1s\u00e1nak lehet\u0151s\u00e9ge a g\u00f6r\u00f6g b\u00f6lcsel\u0151kt\u0151l a kort\u00e1rs gondolkod\u00f3kig foglalkoztat indulati vagy racion\u00e1lis megk\u00f6zel\u00edt\u00e9sben laikus polg\u00e1rokat \u00e9s politikaform\u00e1l\u00f3kat egyar\u00e1nt.<\/span><br \/>\n<span style=\"font-family: Arial;\">A szerz\u0151 \u00e1ltal is id\u00e9zett elm\u00e9leti forr\u00e1sok helyett arra az aktu\u00e1lis jelens\u00e9gre t\u00e9rek ki, amit populizmusnak h\u00edvnak, s ami nem m\u00e1s, mint a k\u00f6zv\u00e9lem\u00e9nykutat\u00e1si jelent\u00e9sekre \u00e9s v\u00e1laszt\u00f3i szavazatokra sand\u00edt\u00f3 igazs\u00e1goss\u00e1g hangoztat\u00e1sa. Ez a retorika t\u00f6bbnyire az \u00e1llami eloszt\u00e1s nev\u00e9ben hirdet t\u00f6bb igazs\u00e1goss\u00e1got, s nem \u00e9rt rajta m\u00e1st, mint azt az \u00edg\u00e9retet, hogy mely t\u00e1rsadalmi csoportok \u201ekapnak\u201d t\u00f6bb anyagi lehet\u0151s\u00e9get \u00e9s kedvezm\u00e9nyt a forr\u00e1sok \u00fajraeloszt\u00e1sa sor\u00e1n.<\/span><br \/>\n<span style=\"font-family: Arial;\">A fogalmat k\u00f6r\u00fclvev\u0151 zavarnak ezen t\u00falmen\u0151en t\u00e1rgyi oka is van: igazs\u00e1gosnak vagy annak ellent\u00e9t\u00e9vel szem\u00e9lyis\u00e9gek, tettek, \u00e1ll\u00edt\u00e1sok, \u00edt\u00e9letek, koncepci\u00f3k, elvek, viszonyrendszerek egyar\u00e1nt jellemezhet\u0151k, k\u00f6vetkez\u00e9sk\u00e9ppen a mindenkori konkr\u00e9t \u00f6sszef\u00fcgg\u00e9sben sz\u00fcks\u00e9ges meghat\u00e1rozni \u00e9s elemezni.<\/span><br \/>\n<span style=\"font-family: Arial;\">Friedrich Merz a szoci\u00e1lis-j\u00f3l\u00e9ti \u00e1llam programj\u00e1val a n\u00e9met jog\u00e1llam liber\u00e1lis jogelveit \u00e1ll\u00edtja szembe:<\/span><br \/>\n<i><span style=\"font-family: Arial;\">\u201eAz igazs\u00e1goss\u00e1gnak ebb\u0151l, az emberi jogi egyenl\u0151s\u00e9g \u00e9s az er\u0151szakkal szembeni v\u00e9delem \u00e9rtelm\u00e9ben vett politikai fogalm\u00e1b\u00f3l m\u00e9gsem vezethet\u0151 le semmilyen szoci\u00e1lis igazs\u00e1goss\u00e1g fogalom \u00e9s ezzel \u00f6sszef\u00fcgg\u0151 anyagi egyenl\u0151s\u00e9gre vonatkoz\u00f3 jog, mint azt egyre t\u00f6bbsz\u00f6r \u00e1ll\u00edtj\u00e1k. \u00c9pp ellenkez\u0151leg: amennyiben piacgazdas\u00e1gunkat a verseny \u00e9s a tulajdon \u00e9lteti, annyiban egyr\u00e9szt abb\u00f3l a term\u00e9szetes egyenl\u0151tlens\u00e9gb\u0151l mer\u00edti erej\u00e9t, amely mindannyiunkat egyedi, k\u00fcl\u00f6nb\u00f6z\u0151k\u00e9ppen tehets\u00e9ges individuumokk\u00e1 tesz. M\u00e1sfel\u0151l az az anyagi egyenl\u0151tlens\u00e9g az alapja, amely a legjobb \u00f6tletek\u00e9rt, \u00faj\u00edt\u00e1sok\u00e9rt \u00e9s term\u00e9kek\u00e9rt foly\u00f3 versenyb\u0151l sz\u00fcks\u00e9gk\u00e9ppen k\u00f6vetkezik. Ennek politikai k\u00f6vetkezm\u00e9nye ugyan nem n\u00e9pszer\u0171, de k\u00f6teless\u00e9g ezt \u0151szint\u00e9n kimondani: az anyagi egyenl\u0151tlens\u00e9g enyh\u00edt\u00e9se a piacgazdas\u00e1gra \u00e9p\u00fcl\u0151 k\u00f6z\u00f6ss\u00e9gben nem politikai \u00f6nc\u00e9l.\u201d<\/span><\/i><br \/>\n<span style=\"font-family: Arial;\">Ez a klasszikus t\u00e9tel meglehet\u0151sen ridegnek, s\u0151t k\u00edm\u00e9letlennek t\u0171nhet a szeg\u00e9nys\u00e9g bugyraiba z\u00e1r\u00f3dott k\u00f6z\u00f6ss\u00e9gekkel tal\u00e1lkoz\u00f3 szoci\u00e1lis \u00e9s k\u00f6z\u00f6ss\u00e9gi munk\u00e1sok, s mindazok sz\u00e1m\u00e1ra, akik mor\u00e1lis megfontol\u00e1sb\u00f3l nem tartj\u00e1k elfogadhat\u00f3nak az egyre m\u00e9ly\u00fcl\u0151 szakad\u00e9kot t\u00e1rsadalmi csoportok, t\u00e9rs\u00e9gek k\u00f6z\u00f6tt. M\u00e9gis, az eddigi szoci\u00e1lpolitika meghalad\u00e1sak\u00e9nt eljuthatunk annak bel\u00e1t\u00e1s\u00e1ig, hogy a szeg\u00e9nys\u00e9g a piaci viszonyok k\u00f6z\u00f6tt \u00e1llami \u00fajraeloszt\u00e1s n\u00e9lk\u00fcl is kezelhet\u0151. B\u00e1r k\u00f6zvetlen\u00fcl kev\u00e9sb\u00e9 l\u00e1that\u00f3 m\u00f3don, hosszabb t\u00e1von eredm\u00e9nyesen \u00e9s az \u00e9rintettek er\u0151fesz\u00edt\u00e9seire \u00e9p\u00edtve. Ezt t\u00e1masztj\u00e1k al\u00e1 a (szoci\u00e1lis) sz\u00f6vetkezetek, a mikrohitel- \u00e9s k\u00e9pz\u00e9si programok.<\/span><br \/>\n<span style=\"font-family: Arial;\">Az egyenl\u0151tlens\u00e9gek l\u00e1tt\u00e1n nagy a k\u00eds\u00e9rt\u00e9s a populizmus mellett a demag\u00f3gi\u00e1ra is, hiszen ahogy f\u00e9ny der\u00fcl a gazdas\u00e1gi-politikai fels\u0151oszt\u00e1ly gazdagod\u00e1s\u00e1nak m\u00f3dj\u00e1ra, forr\u00e1saira, \u00fagy veszti \u00e9rv\u00e9ny\u00e9t minden olyan \u00e9rvel\u00e9s, amely kiz\u00e1r\u00f3lag a teljes\u00edtm\u00e9nyhez k\u00f6ti az anyagi gyarapod\u00e1st.<\/span><br \/>\n<span style=\"font-family: Arial;\">A szerz\u0151 a Magyarorsz\u00e1gon m\u00e1r szitoksz\u00f3k\u00e9nt haszn\u00e1lt liber\u00e1lis t\u00e1rsadalompolitik\u00e1val \u00f6sszeegyeztethet\u0151nek tartja az egyenl\u0151tlens\u00e9gek enyh\u00edt\u00e9s\u00e9t az al\u00e1bbi aj\u00e1nl\u00e1sokkal:<\/span><br \/>\n<i><span style=\"font-family: Arial;\">\u201e1. Valamely \u2019szolidarit\u00e1sk\u00f6z\u00f6ss\u00e9g\u2019 csak abban az esetben finansz\u00edrozhat\u00f3, ha kiz\u00e1r\u00f3lag azok veszik ig\u00e9nybe, akiknek az \u00e9let\u00fck egy meghat\u00e1rozott szakasz\u00e1ban erre felt\u00e9tlen\u00fcl sz\u00fcks\u00e9g\u00fck van. A szoci\u00e1lis \u00e1llam nem azt jelenti, hogy mindenki ugyanazt kapja, hanem azt, hogy mindenki eleget kap olyankor, amikor nem k\u00e9pes \u00f6nmag\u00e1n seg\u00edteni. \u2026<\/span><\/i><br \/>\n<i><span style=\"font-family: Arial;\">2. A liber\u00e1lis igazs\u00e1goss\u00e1gfogalom minden v\u00e9delmez\u0151je azel\u0151tt a kih\u00edv\u00e1s el\u0151tt \u00e1ll, hogy meghat\u00e1rozza: milyen m\u00e9rt\u00e9kben kell a jog\u00e1llamot a szoci\u00e1lis \u00e1llam szempontj\u00e1b\u00f3l korl\u00e1tozni, hogy ne \u00e9rtelmezz\u00e9k \u00fajraeloszt\u00f3 int\u00e9zm\u00e9nynek \u00e9s az eloszt\u00f3 igazs\u00e1goss\u00e1g sz\u00e1ll\u00edt\u00f3j\u00e1nak. Ez a m\u00e9rt\u00e9k soha nem hat\u00e1rozhat\u00f3 meg v\u00e9glegesen \u2026 A szabads\u00e1g \u00e9s igazs\u00e1goss\u00e1g el\u0151felt\u00e9teleit makroszinten sz\u00fcks\u00e9ges kijel\u00f6lni, hogy ne maradjon mikroszinten \u00e9rtelmez\u00e9si \u0171r.(!)<\/span><\/i><br \/>\n<i><span style=\"font-family: Arial;\">3. A gazdas\u00e1gi \u00e9s erk\u00f6lcsi racionalit\u00e1s k\u00f6z\u00f6tt ez\u00e1ltal sokkal szorosabb az \u00f6sszef\u00fcgg\u00e9s, mint azt azok l\u00e1tj\u00e1k vagy l\u00e1ttatni szeretn\u00e9k, akik egyre nagyobb eloszt\u00e1si igazs\u00e1goss\u00e1got k\u00f6vetelnek \u00e9s reflexszer\u0171en a szabads\u00e1gelv\u0171 liberalizmust mint \u2019neoliber\u00e1lis turbokapitalizmust\u2019 denunci\u00e1lj\u00e1k\u201d.<\/span><\/i><br \/>\n<i><span style=\"font-family: Arial;\">A felel\u0151ss\u00e9gteljes politik\u00e1ba bele\u00e9rti azt a k\u00f6teless\u00e9get, amely v\u00e1llalja, hogy \u201ea nagy, az egyes ember sz\u00e1m\u00e1ra elviselhetetlen \u00e9letkock\u00e1zattal szembeni szolid\u00e1ris biztons\u00e1gny\u00fajt\u00e1s mellett egyszer\u0171en nem finansz\u00edrozhat\u00f3 t\u00f6bb, mint a t\u00e9nylegesen r\u00e1szorultak alapvet\u0151 anyagi biztons\u00e1ga \u2013, vagy ez csak a j\u00f6v\u0151 nemzed\u00e9kek rov\u00e1s\u00e1ra tehet\u0151 meg.\u201d<\/span><\/i><br \/>\n<span style=\"font-family: Arial;\">E politika szerinte\u00a0<\/span><i><span style=\"font-family: Arial;\">\u201earra figyelmeztet, hogy minden polg\u00e1rnak, aki szabad individuumk\u00e9nt demokr\u00e1ci\u00e1nk \u00e9s piacgazdas\u00e1gunk r\u00e9sz\u00e9nek tekinti \u00f6nmag\u00e1t \u00e9s \u00e1llami, valamint t\u00e1rsadalmi szolidarit\u00e1sra tart ig\u00e9nyt, annak mag\u00e1nak is szolidarit\u00e1st kell mutatnia oly m\u00f3don, hogy mindenekel\u0151tt saj\u00e1t \u00e9let\u00e9\u00e9rt v\u00e1llal felel\u0151ss\u00e9get.\u201d<\/span><\/i><br \/>\n<span style=\"font-family: Arial;\">A szerz\u0151 ugyan kisz\u00e1llt a politikai ar\u00e9n\u00e1b\u00f3l, s folytatja \u00fcgyv\u00e9di praxis\u00e1t, de a p\u00e9nz\u00fcgyi v\u00e1ls\u00e1g k\u00f6zep\u00e9n m\u00e1r c\u00edm\u00e9ben is provokat\u00edv (\u201eM\u00e9g t\u00f6bb kapitalizmust!\u201d) k\u00f6nyve meglehet\u0151sen heves reakci\u00f3kat v\u00e1ltott ki. A szem\u00e9ly\u00e9t \u00e9s j\u00f3l j\u00f6vedelmez\u0151 praxis\u00e1t is \u00e9rint\u0151 baloldali kritik\u00e1k nem ismeretlenek Magyarorsz\u00e1gon sem, azzal a k\u00fcl\u00f6nbs\u00e9ggel, hogy n\u00e1lunk meglehet\u0151sen felborultak \u00e9s \u00f6sszekusz\u00e1l\u00f3dtak a klasszikus politikai frontok, s az azokhoz k\u00f6thet\u0151, az \u00e1llam feladataira, a szolidarit\u00e1s \u00e9s igazs\u00e1goss\u00e1g tartalm\u00e1ra vonatkoz\u00f3 t\u00e9zisek. Mindk\u00e9t oldalon megk\u00e9rd\u0151jelez\u0151d\u00f6tt a felel\u0151s politika, legfeljebb az egyik oldal ezt tudom\u00e1nyos tekint\u00e9llyel jelen\u00edti meg, m\u00edg a m\u00e1sik t\u00e1rsadalmi indulatokat gerjesztve \u00edg\u00e9rget \u00fajraeloszt\u00e1st. Az id\u00e9zett \u00edr\u00e1sban vil\u00e1gosan felismerhet\u0151 a r\u00e1szorults\u00e1gi elv, ami minden re\u00e1lis kock\u00e1zata ellen\u00e9re, j\u00f3zan bel\u00e1t\u00e1s szerint is igazs\u00e1gos eloszt\u00e1si princ\u00edpium, ebb\u0151l pedig az is k\u00f6vetkezik, hogy nem az \u00e1llami k\u00f6lts\u00e9gvet\u00e9s keretei, hanem tiszta t\u00e1rsadalompolitikai elvek igazolhatj\u00e1k az \u00e1llami t\u00e1mogat\u00e1s helyzethez \u00e9s felt\u00e9telhez k\u00f6t\u00f6tts\u00e9g\u00e9t. A r\u00e1szorults\u00e1gi elv k\u00f6r\u00fcli vit\u00e1k m\u00e9ly\u00e9n a kult\u00fara meghat\u00e1roz\u00f3 szerepe h\u00faz\u00f3dik meg: a helyi hatalom vissza\u00e9l\u00e9se a r\u00e1szorul\u00f3kkal szemben egyfel\u0151l, \u00e9s a r\u00e1szorul\u00f3k passzivit\u00e1sa, tanult tehetetlens\u00e9ge m\u00e1sfel\u0151l.<\/span><br \/>\n<span style=\"font-family: Arial;\">Az elvek makroszint\u0171 meghat\u00e1roz\u00e1s\u00e1nak t\u00e9tele ellentmond\u00e1sokat rejt, s \u00e9ppen a helyi auton\u00f3mia, az \u00f6nk\u00e9ny, a f\u00fcgg\u0151s\u00e9g, valamint a civil kontroll fogalmak keretei k\u00f6z\u00f6tt \u00e9rdemes megvitat\u00e1sra!<\/span><br \/>\n<span style=\"font-family: Arial;\">Az 1995-ben elkezd\u0151d\u00f6tt struktur\u00e1lis \u00e1talak\u00edt\u00e1s z\u00e1tonyra futtat\u00e1s\u00e1ban mindk\u00e9t oldal populizmusa tev\u00e9keny szerepet j\u00e1tszott, s csak arra sz\u00e1m\u00edthatunk, hogy a civil t\u00e1rsadalom m\u00e1r oly m\u00e9rt\u00e9kig meger\u0151s\u00f6d\u00f6tt, hogy b\u00e1rmelyik politikai demag\u00f3gi\u00e1nak ellen\u00e1llva k\u00e9pes az igazs\u00e1goss\u00e1g \u00e9s szolidarit\u00e1s \u00e1llamt\u00f3l f\u00fcggetlen \u00e9rv\u00e9nyes\u00edt\u00e9s\u00e9re.<\/span><br \/>\n<span style=\"font-family: Arial;\">A k\u00f6z\u00f6ss\u00e9gfejleszt\u0151k mindennapi gyakorlatuk sor\u00e1n elker\u00fclhetetlen\u00fcl e fogalmak k\u00f6r\u00fcl keringenek, s k\u00e9ts\u00e9gtelen\u00fcl t\u00f6bb nyitott helyzetben tal\u00e1lj\u00e1k magukat, mintha els\u0151dlegesen a t\u00e9teles jogban kifejez\u0151d\u0151 szoci\u00e1lpolitika jel\u00f6ln\u00e9 ki cselekv\u00e9seik ir\u00e1ny\u00e1t \u00e9s m\u00f3dj\u00e1t. De \u00e9ppen a programok fejleszt\u00e9se, akci\u00f3k megszervez\u00e9se k\u00f6z\u00f6tt nem mell\u0151zhet\u0151 az alapvet\u0151nek tekintett fogalmak, eszm\u00e9k megvitat\u00e1sa. A 80-as \u00e9vek k\u00f6zep\u00e9n \u00edrt \u00e9s Magyarorsz\u00e1gon a 90-es \u00e9vek elej\u00e9n kiadott politikai pamfletj\u00e9ben az amerikai szociol\u00f3gus, Berger, a kapitalizmus \u00e9s szocializmus val\u00f3s\u00e1g\u00e1t \u00f6sszehasonl\u00edtva, minden l\u00e1that\u00f3 \u00e9s nehezen kezelhet\u0151, sokszor \u00e9lesed\u0151 konfliktus ellen\u00e9re kritikusan az el\u0151bbi mellett \u00e9rvel. \u201eV\u00e9d\u0151besz\u00e9de\u201d befejez\u00e9sek\u00e9nt a t\u00e1rsadalomtudom\u00e1ny \u00e9s a cselekv\u00e9s kapcsolat\u00e1r\u00f3l \u00e1ll\u00edtja:<\/span><br \/>\n<span style=\"font-family: Arial;\">Ellent\u00e9tben a t\u00fcrelmes, legfeljebb val\u00f3sz\u00edn\u0171s\u00e9gek \u00e1ll\u00edt\u00e1s\u00e1ra k\u00e9pes tudom\u00e1nnyal\u00a0<\/span><i><span style=\"font-family: Arial;\">\u201e\u2026 amikor a helyzet s\u00fcrget, k\u00fcl\u00f6n\u00f6sen az emberi szenved\u00e9s \u00e9s emberi indulatok ter\u00e9n, a t\u00fcrelem ritk\u00e1n lehet a megfelel\u0151 politikai \u00fat. A tettek ember\u00e9nek akkor mindig a tudatlans\u00e1g felt\u00e9telei k\u00f6z\u00f6tt kell cselekednie \u2013 annak ellen\u00e9re kell cselekednie, hogy sok dolgot nem tudhat a helyzettel kapcsolatban, amelyen bel\u00fcl cselekszik. Egyszer\u0171bben kifejezve: a cselekv\u00e9s haz\u00e1rdj\u00e1t\u00e9k. Mindaz az empirikus tapasztalat, amelyet a t\u00e1rsadalomtudom\u00e1nyok \u00f6sszegy\u0171jthetnek a cselekv\u0151 ember sz\u00e1m\u00e1ra, v\u00e9g\u00fcl nem jelent t\u00f6bbet, minthogy jelzi, melyik v\u00e1laszt\u00e1s t\u0171nik biztosabbnak.\u201d<\/span><\/i><i><sup><span style=\"font-family: Arial;\">2<\/span><\/sup><\/i><br \/>\n<span style=\"font-family: Arial;\">Ez a nyitott, m\u00e9rlegel\u00e9st \u00e9s d\u00f6nt\u00e9st k\u00f6vetel\u0151 helyzet k\u00e9szteti a k\u00f6z\u00f6ss\u00e9gfejleszt\u0151t is a klasszikus \u00e9rt\u00e9keknek, mint a szolidarit\u00e1snak \u00e9s az igazs\u00e1goss\u00e1gnak az \u00fajragondol\u00e1s\u00e1ra.<\/span><br \/>\n<span style=\"font-family: Arial;\">E kis dolgozat meg\u00edr\u00e1s\u00e1ra egy ny\u00e1ri olvasm\u00e1ny (Denkanst\u00f6sse 2010.\u00a0<\/span><i><span style=\"font-family: Arial;\">Ein Lesebuch aus Philosophie, Kultur und Wissenschaft.\u00a0<\/span><\/i><span style=\"font-family: Arial;\">M\u00fcnchen, Z\u00fcrich, 2009,<\/span><i><span style=\"font-family: Arial;\">\u00a0<\/span><\/i><span style=\"font-family: Arial;\">Piper Verlag. 115\u2013126. p.) ind\u00edtott. Az \u00e9venk\u00e9nt megjelen\u0151 k\u00f6tetben a legk\u00fcl\u00f6nb\u00f6z\u0151bb aktu\u00e1lis k\u00e9rd\u00e9sekr\u0151l jelentetnek meg \u00edr\u00e1sokat. Friedrich Merz publicisztik\u00e1ja nem m\u00e9ly politikai-filoz\u00f3fiai elemz\u00e9s, de t\u00f6m\u00f6r \u00e9s radik\u00e1lis megfogalmaz\u00e1sa a leg\u00e9get\u0151bb politikai dilemm\u00e1knak.<\/span><br \/>\n<span style=\"font-family: Arial;\">A szerz\u0151 jog\u00e1sz, aki b\u00edr\u00f3k\u00e9nt, majd \u00fcgyv\u00e9dk\u00e9nt tev\u00e9kenykedett, az EU Parlament tagja 1989t\u0151l 1994-ig, majd a Bundestag tagja volt, egy ideig a CDU\/CSU frakci\u00f3 vezet\u0151je. Politikai tanulm\u00e1nyk\u00f6nyve jelent meg.<\/span><\/p>\n<p><b><i><span style=\"font-family: Arial;\">A szerz\u0151 e cikk\u00e9t vit\u00e1ra bocs\u00e1tja! Gondolatait a kofe@kkapcsolat.hu e-mail-c\u00edmen juttathatja el a szerkeszt\u0151s\u00e9gbe. A hozz\u00e1sz\u00f3l\u00e1sokat a k\u00f6vetkez\u0151 lapsz\u00e1mban k\u00f6z\u00f6lj\u00fck! A szerk.<\/span><\/i><\/b><\/p>\n<p><span style=\"font-family: Book Antiqua; font-size: small;\">_________________________________________________________<\/span><br \/>\n<sup><span style=\"font-family: Arial; font-size: small;\">1<\/span><\/sup><span style=\"font-family: Arial; font-size: small;\">Gellner, E.:\u00a0<\/span><i><span style=\"font-family: Arial; font-size: small;\">A szabads\u00e1g felt\u00e9telei.<\/span><\/i><span style=\"font-family: Arial; font-size: small;\">\u00a0Budapest, 2004, Typotex, 140.p.<\/span><br \/>\n<sup><span style=\"font-family: Arial; font-size: small;\">2<\/span><\/sup><span style=\"font-family: Arial; font-size: small;\">Peter L. Berger:\u00a0<\/span><i><span style=\"font-family: Arial; font-size: small;\">A kapitalista forradalom.<\/span><\/i><span style=\"font-family: Arial; font-size: small;\">\u00a0Budapest, 1992, Gondolat, 320 p.<\/span><\/p>\n","protected":false},"excerpt":{"rendered":"<p>A k\u00f6z\u00f6ss\u00e9gfejleszt\u00e9s helyi gyakorlat\u00e1b\u00f3l az \u00e9vek sor\u00e1n egyre t\u00e1gabb horizontok ny\u00edltak meg: a helyi demokr\u00e1cia fogalma kisz\u00e9lesedett a civil t\u00e1rsadalomig. Ez ut\u00f3bbi fogalom kiterjedt \u00e9rtelmez\u00e9sei k\u00fcl\u00f6n\u00f6sen a kelet-eur\u00f3pai orsz\u00e1gok \u00e1talakul\u00e1s\u00e1val nyertek fokozott jelent\u0151s\u00e9get. E. Gellner a civil t\u00e1rsadalom elemz\u00e9sekor azt \u00e1ll\u00edtja, hogy a demokr\u00e1cia eszm\u00e9ny\u00e9t az emberek meghat\u00e1rozott csoportja alkotta \u00e9s form\u00e1lta a t\u00f6rt\u00e9nelem sor\u00e1n, [&hellip;]<\/p>\n","protected":false},"author":127,"featured_media":1251,"comment_status":"open","ping_status":"open","sticky":false,"template":"","format":"standard","meta":{"_acf_changed":false,"footnotes":""},"categories":[380,8,7],"tags":[],"coauthors":[150],"class_list":["post-2470","post","type-post","status-publish","format-standard","has-post-thumbnail","hentry","category-parola-2010-1","category-parola-folyoirat","category-repertorium"],"acf":[],"yoast_head":"<!-- This site is optimized with the Yoast SEO plugin v26.7 - https:\/\/yoast.com\/wordpress\/plugins\/seo\/ -->\n<title>Mi \u00e9rtend\u0151 ... alatt? Alapfogalmak a politikai k\u00e1oszban - Parola Foly\u00f3irat<\/title>\n<meta name=\"robots\" content=\"index, follow, max-snippet:-1, max-image-preview:large, max-video-preview:-1\" \/>\n<link rel=\"canonical\" href=\"https:\/\/kofe.hu\/parola\/parola-folyoirat\/mi-ertendo-alatt-alapfogalmak-a-politikai-kaoszban\/\" \/>\n<meta property=\"og:locale\" content=\"hu_HU\" \/>\n<meta property=\"og:type\" content=\"article\" \/>\n<meta property=\"og:title\" content=\"Mi \u00e9rtend\u0151 ... alatt? Alapfogalmak a politikai k\u00e1oszban - Parola Foly\u00f3irat\" \/>\n<meta property=\"og:description\" content=\"A k\u00f6z\u00f6ss\u00e9gfejleszt\u00e9s helyi gyakorlat\u00e1b\u00f3l az \u00e9vek sor\u00e1n egyre t\u00e1gabb horizontok ny\u00edltak meg: a helyi demokr\u00e1cia fogalma kisz\u00e9lesedett a civil t\u00e1rsadalomig. Ez ut\u00f3bbi fogalom kiterjedt \u00e9rtelmez\u00e9sei k\u00fcl\u00f6n\u00f6sen a kelet-eur\u00f3pai orsz\u00e1gok \u00e1talakul\u00e1s\u00e1val nyertek fokozott jelent\u0151s\u00e9get. E. Gellner a civil t\u00e1rsadalom elemz\u00e9sekor azt \u00e1ll\u00edtja, hogy a demokr\u00e1cia eszm\u00e9ny\u00e9t az emberek meghat\u00e1rozott csoportja alkotta \u00e9s form\u00e1lta a t\u00f6rt\u00e9nelem sor\u00e1n, [&hellip;]\" \/>\n<meta property=\"og:url\" content=\"https:\/\/kofe.hu\/parola\/parola-folyoirat\/mi-ertendo-alatt-alapfogalmak-a-politikai-kaoszban\/\" \/>\n<meta property=\"og:site_name\" content=\"Parola Foly\u00f3irat\" \/>\n<meta property=\"article:published_time\" content=\"2020-06-26T06:58:16+00:00\" \/>\n<meta property=\"article:modified_time\" content=\"2020-07-03T06:02:36+00:00\" \/>\n<meta property=\"og:image\" content=\"https:\/\/kofe.hu\/parola\/wp-content\/uploads\/2020\/05\/vars\u00e1nyi-erika.gif\" \/>\n\t<meta property=\"og:image:width\" content=\"288\" \/>\n\t<meta property=\"og:image:height\" content=\"302\" \/>\n\t<meta property=\"og:image:type\" content=\"image\/gif\" \/>\n<meta name=\"author\" content=\"Vars\u00e1nyi Erika\" \/>\n<meta name=\"twitter:card\" content=\"summary_large_image\" \/>\n<meta name=\"twitter:label1\" content=\"Szerz\u0151:\" \/>\n\t<meta name=\"twitter:data1\" content=\"Vars\u00e1nyi Erika\" \/>\n\t<meta name=\"twitter:label2\" content=\"Becs\u00fclt olvas\u00e1si id\u0151\" \/>\n\t<meta name=\"twitter:data2\" content=\"16 perc\" \/>\n\t<meta name=\"twitter:label3\" content=\"Written by\" \/>\n\t<meta name=\"twitter:data3\" content=\"Vars\u00e1nyi Erika\" \/>\n<script type=\"application\/ld+json\" class=\"yoast-schema-graph\">{\"@context\":\"https:\/\/schema.org\",\"@graph\":[{\"@type\":\"Article\",\"@id\":\"https:\/\/kofe.hu\/parola\/parola-folyoirat\/mi-ertendo-alatt-alapfogalmak-a-politikai-kaoszban\/#article\",\"isPartOf\":{\"@id\":\"https:\/\/kofe.hu\/parola\/parola-folyoirat\/mi-ertendo-alatt-alapfogalmak-a-politikai-kaoszban\/\"},\"author\":{\"name\":\"Vars\u00e1nyi Erika\",\"@id\":\"https:\/\/kofe.hu\/parola\/#\/schema\/person\/802f62feeb760cd57126af1a0bee4a47\"},\"headline\":\"Mi \u00e9rtend\u0151 &#8230; alatt? Alapfogalmak a politikai k\u00e1oszban\",\"datePublished\":\"2020-06-26T06:58:16+00:00\",\"dateModified\":\"2020-07-03T06:02:36+00:00\",\"mainEntityOfPage\":{\"@id\":\"https:\/\/kofe.hu\/parola\/parola-folyoirat\/mi-ertendo-alatt-alapfogalmak-a-politikai-kaoszban\/\"},\"wordCount\":3291,\"commentCount\":0,\"image\":{\"@id\":\"https:\/\/kofe.hu\/parola\/parola-folyoirat\/mi-ertendo-alatt-alapfogalmak-a-politikai-kaoszban\/#primaryimage\"},\"thumbnailUrl\":\"https:\/\/kofe.hu\/parola\/wp-content\/uploads\/2020\/05\/vars\u00e1nyi-erika.gif\",\"articleSection\":[\"Parola 2010\/1\",\"Parola Foly\u00f3irat\",\"Repert\u00f3rium\"],\"inLanguage\":\"hu\",\"potentialAction\":[{\"@type\":\"CommentAction\",\"name\":\"Comment\",\"target\":[\"https:\/\/kofe.hu\/parola\/parola-folyoirat\/mi-ertendo-alatt-alapfogalmak-a-politikai-kaoszban\/#respond\"]}]},{\"@type\":\"WebPage\",\"@id\":\"https:\/\/kofe.hu\/parola\/parola-folyoirat\/mi-ertendo-alatt-alapfogalmak-a-politikai-kaoszban\/\",\"url\":\"https:\/\/kofe.hu\/parola\/parola-folyoirat\/mi-ertendo-alatt-alapfogalmak-a-politikai-kaoszban\/\",\"name\":\"Mi \u00e9rtend\u0151 ... alatt? Alapfogalmak a politikai k\u00e1oszban - Parola Foly\u00f3irat\",\"isPartOf\":{\"@id\":\"https:\/\/kofe.hu\/parola\/#website\"},\"primaryImageOfPage\":{\"@id\":\"https:\/\/kofe.hu\/parola\/parola-folyoirat\/mi-ertendo-alatt-alapfogalmak-a-politikai-kaoszban\/#primaryimage\"},\"image\":{\"@id\":\"https:\/\/kofe.hu\/parola\/parola-folyoirat\/mi-ertendo-alatt-alapfogalmak-a-politikai-kaoszban\/#primaryimage\"},\"thumbnailUrl\":\"https:\/\/kofe.hu\/parola\/wp-content\/uploads\/2020\/05\/vars\u00e1nyi-erika.gif\",\"datePublished\":\"2020-06-26T06:58:16+00:00\",\"dateModified\":\"2020-07-03T06:02:36+00:00\",\"author\":{\"@id\":\"https:\/\/kofe.hu\/parola\/#\/schema\/person\/802f62feeb760cd57126af1a0bee4a47\"},\"breadcrumb\":{\"@id\":\"https:\/\/kofe.hu\/parola\/parola-folyoirat\/mi-ertendo-alatt-alapfogalmak-a-politikai-kaoszban\/#breadcrumb\"},\"inLanguage\":\"hu\",\"potentialAction\":[{\"@type\":\"ReadAction\",\"target\":[\"https:\/\/kofe.hu\/parola\/parola-folyoirat\/mi-ertendo-alatt-alapfogalmak-a-politikai-kaoszban\/\"]}]},{\"@type\":\"ImageObject\",\"inLanguage\":\"hu\",\"@id\":\"https:\/\/kofe.hu\/parola\/parola-folyoirat\/mi-ertendo-alatt-alapfogalmak-a-politikai-kaoszban\/#primaryimage\",\"url\":\"https:\/\/kofe.hu\/parola\/wp-content\/uploads\/2020\/05\/vars\u00e1nyi-erika.gif\",\"contentUrl\":\"https:\/\/kofe.hu\/parola\/wp-content\/uploads\/2020\/05\/vars\u00e1nyi-erika.gif\",\"width\":288,\"height\":302},{\"@type\":\"BreadcrumbList\",\"@id\":\"https:\/\/kofe.hu\/parola\/parola-folyoirat\/mi-ertendo-alatt-alapfogalmak-a-politikai-kaoszban\/#breadcrumb\",\"itemListElement\":[{\"@type\":\"ListItem\",\"position\":1,\"name\":\"Home\",\"item\":\"https:\/\/kofe.hu\/parola\/\"},{\"@type\":\"ListItem\",\"position\":2,\"name\":\"Mi \u00e9rtend\u0151 &#8230; alatt? Alapfogalmak a politikai k\u00e1oszban\"}]},{\"@type\":\"WebSite\",\"@id\":\"https:\/\/kofe.hu\/parola\/#website\",\"url\":\"https:\/\/kofe.hu\/parola\/\",\"name\":\"Parola Foly\u00f3irat\",\"description\":\"\",\"potentialAction\":[{\"@type\":\"SearchAction\",\"target\":{\"@type\":\"EntryPoint\",\"urlTemplate\":\"https:\/\/kofe.hu\/parola\/?s={search_term_string}\"},\"query-input\":{\"@type\":\"PropertyValueSpecification\",\"valueRequired\":true,\"valueName\":\"search_term_string\"}}],\"inLanguage\":\"hu\"},{\"@type\":\"Person\",\"@id\":\"https:\/\/kofe.hu\/parola\/#\/schema\/person\/802f62feeb760cd57126af1a0bee4a47\",\"name\":\"Vars\u00e1nyi Erika\",\"image\":{\"@type\":\"ImageObject\",\"inLanguage\":\"hu\",\"@id\":\"https:\/\/kofe.hu\/parola\/#\/schema\/person\/image\/23494c9101089ad44ae88ce9d2f56aac\",\"url\":\"https:\/\/secure.gravatar.com\/avatar\/?s=96&d=mm&r=g\",\"contentUrl\":\"https:\/\/secure.gravatar.com\/avatar\/?s=96&d=mm&r=g\",\"caption\":\"Vars\u00e1nyi Erika\"},\"url\":\"https:\/\/kofe.hu\/parola\/szerzok\/varsanyi-erika\/\"}]}<\/script>\n<!-- \/ Yoast SEO plugin. -->","yoast_head_json":{"title":"Mi \u00e9rtend\u0151 ... alatt? Alapfogalmak a politikai k\u00e1oszban - Parola Foly\u00f3irat","robots":{"index":"index","follow":"follow","max-snippet":"max-snippet:-1","max-image-preview":"max-image-preview:large","max-video-preview":"max-video-preview:-1"},"canonical":"https:\/\/kofe.hu\/parola\/parola-folyoirat\/mi-ertendo-alatt-alapfogalmak-a-politikai-kaoszban\/","og_locale":"hu_HU","og_type":"article","og_title":"Mi \u00e9rtend\u0151 ... alatt? Alapfogalmak a politikai k\u00e1oszban - Parola Foly\u00f3irat","og_description":"A k\u00f6z\u00f6ss\u00e9gfejleszt\u00e9s helyi gyakorlat\u00e1b\u00f3l az \u00e9vek sor\u00e1n egyre t\u00e1gabb horizontok ny\u00edltak meg: a helyi demokr\u00e1cia fogalma kisz\u00e9lesedett a civil t\u00e1rsadalomig. Ez ut\u00f3bbi fogalom kiterjedt \u00e9rtelmez\u00e9sei k\u00fcl\u00f6n\u00f6sen a kelet-eur\u00f3pai orsz\u00e1gok \u00e1talakul\u00e1s\u00e1val nyertek fokozott jelent\u0151s\u00e9get. E. Gellner a civil t\u00e1rsadalom elemz\u00e9sekor azt \u00e1ll\u00edtja, hogy a demokr\u00e1cia eszm\u00e9ny\u00e9t az emberek meghat\u00e1rozott csoportja alkotta \u00e9s form\u00e1lta a t\u00f6rt\u00e9nelem sor\u00e1n, [&hellip;]","og_url":"https:\/\/kofe.hu\/parola\/parola-folyoirat\/mi-ertendo-alatt-alapfogalmak-a-politikai-kaoszban\/","og_site_name":"Parola Foly\u00f3irat","article_published_time":"2020-06-26T06:58:16+00:00","article_modified_time":"2020-07-03T06:02:36+00:00","og_image":[{"width":288,"height":302,"url":"https:\/\/kofe.hu\/parola\/wp-content\/uploads\/2020\/05\/vars\u00e1nyi-erika.gif","type":"image\/gif"}],"author":"Vars\u00e1nyi Erika","twitter_card":"summary_large_image","twitter_misc":{"Szerz\u0151:":"Vars\u00e1nyi Erika","Becs\u00fclt olvas\u00e1si id\u0151":"16 perc","Written by":"Vars\u00e1nyi Erika"},"schema":{"@context":"https:\/\/schema.org","@graph":[{"@type":"Article","@id":"https:\/\/kofe.hu\/parola\/parola-folyoirat\/mi-ertendo-alatt-alapfogalmak-a-politikai-kaoszban\/#article","isPartOf":{"@id":"https:\/\/kofe.hu\/parola\/parola-folyoirat\/mi-ertendo-alatt-alapfogalmak-a-politikai-kaoszban\/"},"author":{"name":"Vars\u00e1nyi Erika","@id":"https:\/\/kofe.hu\/parola\/#\/schema\/person\/802f62feeb760cd57126af1a0bee4a47"},"headline":"Mi \u00e9rtend\u0151 &#8230; alatt? Alapfogalmak a politikai k\u00e1oszban","datePublished":"2020-06-26T06:58:16+00:00","dateModified":"2020-07-03T06:02:36+00:00","mainEntityOfPage":{"@id":"https:\/\/kofe.hu\/parola\/parola-folyoirat\/mi-ertendo-alatt-alapfogalmak-a-politikai-kaoszban\/"},"wordCount":3291,"commentCount":0,"image":{"@id":"https:\/\/kofe.hu\/parola\/parola-folyoirat\/mi-ertendo-alatt-alapfogalmak-a-politikai-kaoszban\/#primaryimage"},"thumbnailUrl":"https:\/\/kofe.hu\/parola\/wp-content\/uploads\/2020\/05\/vars\u00e1nyi-erika.gif","articleSection":["Parola 2010\/1","Parola Foly\u00f3irat","Repert\u00f3rium"],"inLanguage":"hu","potentialAction":[{"@type":"CommentAction","name":"Comment","target":["https:\/\/kofe.hu\/parola\/parola-folyoirat\/mi-ertendo-alatt-alapfogalmak-a-politikai-kaoszban\/#respond"]}]},{"@type":"WebPage","@id":"https:\/\/kofe.hu\/parola\/parola-folyoirat\/mi-ertendo-alatt-alapfogalmak-a-politikai-kaoszban\/","url":"https:\/\/kofe.hu\/parola\/parola-folyoirat\/mi-ertendo-alatt-alapfogalmak-a-politikai-kaoszban\/","name":"Mi \u00e9rtend\u0151 ... alatt? Alapfogalmak a politikai k\u00e1oszban - Parola Foly\u00f3irat","isPartOf":{"@id":"https:\/\/kofe.hu\/parola\/#website"},"primaryImageOfPage":{"@id":"https:\/\/kofe.hu\/parola\/parola-folyoirat\/mi-ertendo-alatt-alapfogalmak-a-politikai-kaoszban\/#primaryimage"},"image":{"@id":"https:\/\/kofe.hu\/parola\/parola-folyoirat\/mi-ertendo-alatt-alapfogalmak-a-politikai-kaoszban\/#primaryimage"},"thumbnailUrl":"https:\/\/kofe.hu\/parola\/wp-content\/uploads\/2020\/05\/vars\u00e1nyi-erika.gif","datePublished":"2020-06-26T06:58:16+00:00","dateModified":"2020-07-03T06:02:36+00:00","author":{"@id":"https:\/\/kofe.hu\/parola\/#\/schema\/person\/802f62feeb760cd57126af1a0bee4a47"},"breadcrumb":{"@id":"https:\/\/kofe.hu\/parola\/parola-folyoirat\/mi-ertendo-alatt-alapfogalmak-a-politikai-kaoszban\/#breadcrumb"},"inLanguage":"hu","potentialAction":[{"@type":"ReadAction","target":["https:\/\/kofe.hu\/parola\/parola-folyoirat\/mi-ertendo-alatt-alapfogalmak-a-politikai-kaoszban\/"]}]},{"@type":"ImageObject","inLanguage":"hu","@id":"https:\/\/kofe.hu\/parola\/parola-folyoirat\/mi-ertendo-alatt-alapfogalmak-a-politikai-kaoszban\/#primaryimage","url":"https:\/\/kofe.hu\/parola\/wp-content\/uploads\/2020\/05\/vars\u00e1nyi-erika.gif","contentUrl":"https:\/\/kofe.hu\/parola\/wp-content\/uploads\/2020\/05\/vars\u00e1nyi-erika.gif","width":288,"height":302},{"@type":"BreadcrumbList","@id":"https:\/\/kofe.hu\/parola\/parola-folyoirat\/mi-ertendo-alatt-alapfogalmak-a-politikai-kaoszban\/#breadcrumb","itemListElement":[{"@type":"ListItem","position":1,"name":"Home","item":"https:\/\/kofe.hu\/parola\/"},{"@type":"ListItem","position":2,"name":"Mi \u00e9rtend\u0151 &#8230; alatt? Alapfogalmak a politikai k\u00e1oszban"}]},{"@type":"WebSite","@id":"https:\/\/kofe.hu\/parola\/#website","url":"https:\/\/kofe.hu\/parola\/","name":"Parola Foly\u00f3irat","description":"","potentialAction":[{"@type":"SearchAction","target":{"@type":"EntryPoint","urlTemplate":"https:\/\/kofe.hu\/parola\/?s={search_term_string}"},"query-input":{"@type":"PropertyValueSpecification","valueRequired":true,"valueName":"search_term_string"}}],"inLanguage":"hu"},{"@type":"Person","@id":"https:\/\/kofe.hu\/parola\/#\/schema\/person\/802f62feeb760cd57126af1a0bee4a47","name":"Vars\u00e1nyi Erika","image":{"@type":"ImageObject","inLanguage":"hu","@id":"https:\/\/kofe.hu\/parola\/#\/schema\/person\/image\/23494c9101089ad44ae88ce9d2f56aac","url":"https:\/\/secure.gravatar.com\/avatar\/?s=96&d=mm&r=g","contentUrl":"https:\/\/secure.gravatar.com\/avatar\/?s=96&d=mm&r=g","caption":"Vars\u00e1nyi Erika"},"url":"https:\/\/kofe.hu\/parola\/szerzok\/varsanyi-erika\/"}]}},"_links":{"self":[{"href":"https:\/\/kofe.hu\/parola\/wp-json\/wp\/v2\/posts\/2470","targetHints":{"allow":["GET"]}}],"collection":[{"href":"https:\/\/kofe.hu\/parola\/wp-json\/wp\/v2\/posts"}],"about":[{"href":"https:\/\/kofe.hu\/parola\/wp-json\/wp\/v2\/types\/post"}],"author":[{"embeddable":true,"href":"https:\/\/kofe.hu\/parola\/wp-json\/wp\/v2\/users\/127"}],"replies":[{"embeddable":true,"href":"https:\/\/kofe.hu\/parola\/wp-json\/wp\/v2\/comments?post=2470"}],"version-history":[{"count":3,"href":"https:\/\/kofe.hu\/parola\/wp-json\/wp\/v2\/posts\/2470\/revisions"}],"predecessor-version":[{"id":2519,"href":"https:\/\/kofe.hu\/parola\/wp-json\/wp\/v2\/posts\/2470\/revisions\/2519"}],"wp:featuredmedia":[{"embeddable":true,"href":"https:\/\/kofe.hu\/parola\/wp-json\/wp\/v2\/media\/1251"}],"wp:attachment":[{"href":"https:\/\/kofe.hu\/parola\/wp-json\/wp\/v2\/media?parent=2470"}],"wp:term":[{"taxonomy":"category","embeddable":true,"href":"https:\/\/kofe.hu\/parola\/wp-json\/wp\/v2\/categories?post=2470"},{"taxonomy":"post_tag","embeddable":true,"href":"https:\/\/kofe.hu\/parola\/wp-json\/wp\/v2\/tags?post=2470"},{"taxonomy":"author","embeddable":true,"href":"https:\/\/kofe.hu\/parola\/wp-json\/wp\/v2\/coauthors?post=2470"}],"curies":[{"name":"wp","href":"https:\/\/api.w.org\/{rel}","templated":true}]}}