{"id":2466,"date":"2020-06-26T06:52:51","date_gmt":"2020-06-26T06:52:51","guid":{"rendered":"https:\/\/kofe.hu\/parola\/?p=2466"},"modified":"2020-07-30T11:47:54","modified_gmt":"2020-07-30T11:47:54","slug":"20-eve-indultunk","status":"publish","type":"post","link":"https:\/\/kofe.hu\/parola\/parola-folyoirat\/20-eve-indultunk\/","title":{"rendered":"20 \u00e9ve indultunk!"},"content":{"rendered":"<p><span style=\"font-family: Arial;\">Kedves Olvas\u00f3!<\/span><\/p>\n<p>20 \u00e9ve indultunk!<br \/>\n\u201eA k\u00f6z\u00f6ss\u00e9gfejleszt\u00e9snek a szakm\u00e1sod\u00e1shoz saj\u00e1t org\u00e1numra, \u00f6n\u00e1ll\u00f3 foly\u00f3iratra van sz\u00fcks\u00e9ge\u201d \u2013 gondoltuk 20 \u00e9ve. \u201eA rendszerv\u00e1lt\u00e1s majd biztosan alapvet\u0151en fel\u00e9rt\u00e9keli ezt a szakmai megk\u00f6zel\u00edt\u00e9st, szeml\u00e9letet, l\u00e1t\u00e1sm\u00f3dot. Nagy sz\u00fcks\u00e9g lesz arra, amit mi tudunk, hiszen a polg\u00e1rok szervezkedni akarnak majd, az \u00f6nkorm\u00e1nyzatok egy\u00fcttm\u0171k\u00f6dni, bevonni a lakoss\u00e1got saj\u00e1t \u00e9let\u00e9nek alak\u00edt\u00e1s\u00e1ba.\u201d<\/p>\n<p><!--more--><span style=\"font-family: Arial;\">\u00c9s mivel nem ezt, pontosabban ezt nem tanulhattuk meg a rendszerv\u00e1lt\u00e1s el\u0151tt, b\u00edztunk abban, hogy mostant\u00f3l majd mindenki el akarja saj\u00e1t\u00edtani az \u00f6sszefog\u00e1s, a k\u00f6z\u00f6s d\u00f6nt\u00e9shozatal l\u00e9p\u00e9seit, a p\u00e1rbesz\u00e9d megszervez\u00e9s\u00e9nek cs\u00ednj\u00e1t-b\u00ednj\u00e1t.<br \/>\nEzt gondoltuk-hitt\u00fck.<br \/>\nSeg\u00edt\u0151 kapcsolat \u2013 ez volt a c\u00edme a lapind\u00edt\u00f3 \u00edr\u00e1snak.<br \/>\nNem gondoltunk bele, hogy mi lesz 20 \u00e9v m\u00falva, s hogy mi egy\u00e1ltal\u00e1n lesz\u00fcnk-e?<br \/>\nH\u00e1t itt vagyunk. Sok minden megfordult vel\u00fcnk \u00e9s k\u00f6r\u00fcl\u00f6tt\u00fcnk ebben a k\u00e9t \u00e9vtizedben. Ill\u00fazi\u00f3k, csal\u00f3d\u00e1sok, sikerek.<br \/>\nDe itt vagyunk! M\u00e1r nem csak nyomtatva, de elektronikusan is. \u00c9s vannak Parola f\u00fczetek, k\u00f6nyvek, filmek, Ny\u00e1ri Egyetem, \u00c1llampolg\u00e1ri R\u00e9szv\u00e9tel Hete, K\u00f6z\u00f6ss\u00e9gkonferencia \u00e9s van orsz\u00e1gos szakmai h\u00e1l\u00f3zatunk is.<br \/>\nS foly\u00f3iratunk \u00e9vente n\u00e9gyszeri megjelen\u00e9ssel, \u00fajra \u00e9s \u00fajra nekiindulva k\u00edn\u00e1lja \u2013 telep\u00fcl\u00e9seknek, k\u00f6z\u00f6ss\u00e9geknek, seg\u00edt\u0151 szakembereknek \u2013 a munk\u00e1inkb\u00f3l szakmailag kisz\u0171rhet\u0151 tapasztalatokat.<br \/>\nTal\u00e1n nem szer\u00e9nytelens\u00e9g, hogy n\u00e9lk\u00fcl\u00fcnk, e foly\u00f3irat n\u00e9lk\u00fcl kevesebb, tal\u00e1n szeg\u00e9nyebb lenne a szakma.<\/span><\/p>\n<p>\u00dcdv\u00f6zlet az Olvas\u00f3nak!<\/p>\n<div align=\"right\"><span style=\"font-family: Arial;\">P\u00e9terfi Ferenc<\/span><\/div>\n","protected":false},"excerpt":{"rendered":"<p>Kedves Olvas\u00f3! 20 \u00e9ve indultunk! \u201eA k\u00f6z\u00f6ss\u00e9gfejleszt\u00e9snek a szakm\u00e1sod\u00e1shoz saj\u00e1t org\u00e1numra, \u00f6n\u00e1ll\u00f3 foly\u00f3iratra van sz\u00fcks\u00e9ge\u201d \u2013 gondoltuk 20 \u00e9ve. \u201eA rendszerv\u00e1lt\u00e1s majd biztosan alapvet\u0151en fel\u00e9rt\u00e9keli ezt a szakmai megk\u00f6zel\u00edt\u00e9st, szeml\u00e9letet, l\u00e1t\u00e1sm\u00f3dot. Nagy sz\u00fcks\u00e9g lesz arra, amit mi tudunk, hiszen a polg\u00e1rok szervezkedni akarnak majd, az \u00f6nkorm\u00e1nyzatok egy\u00fcttm\u0171k\u00f6dni, bevonni a lakoss\u00e1got saj\u00e1t \u00e9let\u00e9nek alak\u00edt\u00e1s\u00e1ba.\u201d<\/p>\n","protected":false},"author":15,"featured_media":785,"comment_status":"open","ping_status":"open","sticky":false,"template":"","format":"standard","meta":{"_acf_changed":false,"footnotes":""},"categories":[380,8,7],"tags":[],"coauthors":[23],"class_list":["post-2466","post","type-post","status-publish","format-standard","has-post-thumbnail","hentry","category-parola-2010-1","category-parola-folyoirat","category-repertorium"],"acf":[],"yoast_head":"<!-- This site is optimized with the Yoast SEO plugin v26.7 - https:\/\/yoast.com\/wordpress\/plugins\/seo\/ -->\n<title>20 \u00e9ve indultunk! - Parola Foly\u00f3irat<\/title>\n<meta name=\"robots\" content=\"index, follow, max-snippet:-1, max-image-preview:large, max-video-preview:-1\" \/>\n<link rel=\"canonical\" href=\"https:\/\/kofe.hu\/parola\/parola-folyoirat\/20-eve-indultunk\/\" \/>\n<meta property=\"og:locale\" content=\"hu_HU\" \/>\n<meta property=\"og:type\" content=\"article\" \/>\n<meta property=\"og:title\" content=\"20 \u00e9ve indultunk! - Parola Foly\u00f3irat\" \/>\n<meta property=\"og:description\" content=\"Kedves Olvas\u00f3! 20 \u00e9ve indultunk! \u201eA k\u00f6z\u00f6ss\u00e9gfejleszt\u00e9snek a szakm\u00e1sod\u00e1shoz saj\u00e1t org\u00e1numra, \u00f6n\u00e1ll\u00f3 foly\u00f3iratra van sz\u00fcks\u00e9ge\u201d \u2013 gondoltuk 20 \u00e9ve. \u201eA rendszerv\u00e1lt\u00e1s majd biztosan alapvet\u0151en fel\u00e9rt\u00e9keli ezt a szakmai megk\u00f6zel\u00edt\u00e9st, szeml\u00e9letet, l\u00e1t\u00e1sm\u00f3dot. Nagy sz\u00fcks\u00e9g lesz arra, amit mi tudunk, hiszen a polg\u00e1rok szervezkedni akarnak majd, az \u00f6nkorm\u00e1nyzatok egy\u00fcttm\u0171k\u00f6dni, bevonni a lakoss\u00e1got saj\u00e1t \u00e9let\u00e9nek alak\u00edt\u00e1s\u00e1ba.\u201d\" \/>\n<meta property=\"og:url\" content=\"https:\/\/kofe.hu\/parola\/parola-folyoirat\/20-eve-indultunk\/\" \/>\n<meta property=\"og:site_name\" content=\"Parola Foly\u00f3irat\" \/>\n<meta property=\"article:published_time\" content=\"2020-06-26T06:52:51+00:00\" \/>\n<meta property=\"article:modified_time\" content=\"2020-07-30T11:47:54+00:00\" \/>\n<meta property=\"og:image\" content=\"https:\/\/kofe.hu\/parola\/wp-content\/uploads\/2019\/07\/user_P\u00e9terfi-Feri-e1563904116478.jpg\" \/>\n\t<meta property=\"og:image:width\" content=\"267\" \/>\n\t<meta property=\"og:image:height\" content=\"267\" \/>\n\t<meta property=\"og:image:type\" content=\"image\/jpeg\" \/>\n<meta name=\"author\" content=\"P\u00e9terfi Ferenc\" \/>\n<meta name=\"twitter:card\" content=\"summary_large_image\" \/>\n<meta name=\"twitter:label1\" content=\"Szerz\u0151:\" \/>\n\t<meta name=\"twitter:data1\" content=\"P\u00e9terfi Ferenc\" \/>\n\t<meta name=\"twitter:label2\" content=\"Becs\u00fclt olvas\u00e1si id\u0151\" \/>\n\t<meta name=\"twitter:data2\" content=\"2 perc\" \/>\n\t<meta name=\"twitter:label3\" content=\"Written by\" \/>\n\t<meta name=\"twitter:data3\" content=\"P\u00e9terfi Ferenc\" \/>\n<script type=\"application\/ld+json\" class=\"yoast-schema-graph\">{\"@context\":\"https:\/\/schema.org\",\"@graph\":[{\"@type\":\"Article\",\"@id\":\"https:\/\/kofe.hu\/parola\/parola-folyoirat\/20-eve-indultunk\/#article\",\"isPartOf\":{\"@id\":\"https:\/\/kofe.hu\/parola\/parola-folyoirat\/20-eve-indultunk\/\"},\"author\":{\"name\":\"P\u00e9terfi Ferenc\",\"@id\":\"https:\/\/kofe.hu\/parola\/#\/schema\/person\/46297a12b269c035523fdcd019f91711\"},\"headline\":\"20 \u00e9ve indultunk!\",\"datePublished\":\"2020-06-26T06:52:51+00:00\",\"dateModified\":\"2020-07-30T11:47:54+00:00\",\"mainEntityOfPage\":{\"@id\":\"https:\/\/kofe.hu\/parola\/parola-folyoirat\/20-eve-indultunk\/\"},\"wordCount\":309,\"commentCount\":0,\"image\":{\"@id\":\"https:\/\/kofe.hu\/parola\/parola-folyoirat\/20-eve-indultunk\/#primaryimage\"},\"thumbnailUrl\":\"https:\/\/kofe.hu\/parola\/wp-content\/uploads\/2019\/07\/user_P\u00e9terfi-Feri-e1563904116478.jpg\",\"articleSection\":[\"Parola 2010\/1\",\"Parola Foly\u00f3irat\",\"Repert\u00f3rium\"],\"inLanguage\":\"hu\",\"potentialAction\":[{\"@type\":\"CommentAction\",\"name\":\"Comment\",\"target\":[\"https:\/\/kofe.hu\/parola\/parola-folyoirat\/20-eve-indultunk\/#respond\"]}]},{\"@type\":\"WebPage\",\"@id\":\"https:\/\/kofe.hu\/parola\/parola-folyoirat\/20-eve-indultunk\/\",\"url\":\"https:\/\/kofe.hu\/parola\/parola-folyoirat\/20-eve-indultunk\/\",\"name\":\"20 \u00e9ve indultunk! - Parola Foly\u00f3irat\",\"isPartOf\":{\"@id\":\"https:\/\/kofe.hu\/parola\/#website\"},\"primaryImageOfPage\":{\"@id\":\"https:\/\/kofe.hu\/parola\/parola-folyoirat\/20-eve-indultunk\/#primaryimage\"},\"image\":{\"@id\":\"https:\/\/kofe.hu\/parola\/parola-folyoirat\/20-eve-indultunk\/#primaryimage\"},\"thumbnailUrl\":\"https:\/\/kofe.hu\/parola\/wp-content\/uploads\/2019\/07\/user_P\u00e9terfi-Feri-e1563904116478.jpg\",\"datePublished\":\"2020-06-26T06:52:51+00:00\",\"dateModified\":\"2020-07-30T11:47:54+00:00\",\"author\":{\"@id\":\"https:\/\/kofe.hu\/parola\/#\/schema\/person\/46297a12b269c035523fdcd019f91711\"},\"breadcrumb\":{\"@id\":\"https:\/\/kofe.hu\/parola\/parola-folyoirat\/20-eve-indultunk\/#breadcrumb\"},\"inLanguage\":\"hu\",\"potentialAction\":[{\"@type\":\"ReadAction\",\"target\":[\"https:\/\/kofe.hu\/parola\/parola-folyoirat\/20-eve-indultunk\/\"]}]},{\"@type\":\"ImageObject\",\"inLanguage\":\"hu\",\"@id\":\"https:\/\/kofe.hu\/parola\/parola-folyoirat\/20-eve-indultunk\/#primaryimage\",\"url\":\"https:\/\/kofe.hu\/parola\/wp-content\/uploads\/2019\/07\/user_P\u00e9terfi-Feri-e1563904116478.jpg\",\"contentUrl\":\"https:\/\/kofe.hu\/parola\/wp-content\/uploads\/2019\/07\/user_P\u00e9terfi-Feri-e1563904116478.jpg\",\"width\":267,\"height\":267},{\"@type\":\"BreadcrumbList\",\"@id\":\"https:\/\/kofe.hu\/parola\/parola-folyoirat\/20-eve-indultunk\/#breadcrumb\",\"itemListElement\":[{\"@type\":\"ListItem\",\"position\":1,\"name\":\"Home\",\"item\":\"https:\/\/kofe.hu\/parola\/\"},{\"@type\":\"ListItem\",\"position\":2,\"name\":\"20 \u00e9ve indultunk!\"}]},{\"@type\":\"WebSite\",\"@id\":\"https:\/\/kofe.hu\/parola\/#website\",\"url\":\"https:\/\/kofe.hu\/parola\/\",\"name\":\"Parola Foly\u00f3irat\",\"description\":\"\",\"potentialAction\":[{\"@type\":\"SearchAction\",\"target\":{\"@type\":\"EntryPoint\",\"urlTemplate\":\"https:\/\/kofe.hu\/parola\/?s={search_term_string}\"},\"query-input\":{\"@type\":\"PropertyValueSpecification\",\"valueRequired\":true,\"valueName\":\"search_term_string\"}}],\"inLanguage\":\"hu\"},{\"@type\":\"Person\",\"@id\":\"https:\/\/kofe.hu\/parola\/#\/schema\/person\/46297a12b269c035523fdcd019f91711\",\"name\":\"P\u00e9terfi Ferenc\",\"image\":{\"@type\":\"ImageObject\",\"inLanguage\":\"hu\",\"@id\":\"https:\/\/kofe.hu\/parola\/#\/schema\/person\/image\/d173d0cf20d3d8748a6819cd4d17d68c\",\"url\":\"https:\/\/secure.gravatar.com\/avatar\/523e0b801b986785c16f8e37b642a318cb28abdc4915fa26e5b257b5a3902afc?s=96&d=mm&r=g\",\"contentUrl\":\"https:\/\/secure.gravatar.com\/avatar\/523e0b801b986785c16f8e37b642a318cb28abdc4915fa26e5b257b5a3902afc?s=96&d=mm&r=g\",\"caption\":\"P\u00e9terfi Ferenc\"},\"url\":\"https:\/\/kofe.hu\/parola\/szerzok\/peterfi-ferenc\/\"}]}<\/script>\n<!-- \/ Yoast SEO plugin. -->","yoast_head_json":{"title":"20 \u00e9ve indultunk! - Parola Foly\u00f3irat","robots":{"index":"index","follow":"follow","max-snippet":"max-snippet:-1","max-image-preview":"max-image-preview:large","max-video-preview":"max-video-preview:-1"},"canonical":"https:\/\/kofe.hu\/parola\/parola-folyoirat\/20-eve-indultunk\/","og_locale":"hu_HU","og_type":"article","og_title":"20 \u00e9ve indultunk! - Parola Foly\u00f3irat","og_description":"Kedves Olvas\u00f3! 20 \u00e9ve indultunk! \u201eA k\u00f6z\u00f6ss\u00e9gfejleszt\u00e9snek a szakm\u00e1sod\u00e1shoz saj\u00e1t org\u00e1numra, \u00f6n\u00e1ll\u00f3 foly\u00f3iratra van sz\u00fcks\u00e9ge\u201d \u2013 gondoltuk 20 \u00e9ve. \u201eA rendszerv\u00e1lt\u00e1s majd biztosan alapvet\u0151en fel\u00e9rt\u00e9keli ezt a szakmai megk\u00f6zel\u00edt\u00e9st, szeml\u00e9letet, l\u00e1t\u00e1sm\u00f3dot. Nagy sz\u00fcks\u00e9g lesz arra, amit mi tudunk, hiszen a polg\u00e1rok szervezkedni akarnak majd, az \u00f6nkorm\u00e1nyzatok egy\u00fcttm\u0171k\u00f6dni, bevonni a lakoss\u00e1got saj\u00e1t \u00e9let\u00e9nek alak\u00edt\u00e1s\u00e1ba.\u201d","og_url":"https:\/\/kofe.hu\/parola\/parola-folyoirat\/20-eve-indultunk\/","og_site_name":"Parola Foly\u00f3irat","article_published_time":"2020-06-26T06:52:51+00:00","article_modified_time":"2020-07-30T11:47:54+00:00","og_image":[{"width":267,"height":267,"url":"https:\/\/kofe.hu\/parola\/wp-content\/uploads\/2019\/07\/user_P\u00e9terfi-Feri-e1563904116478.jpg","type":"image\/jpeg"}],"author":"P\u00e9terfi Ferenc","twitter_card":"summary_large_image","twitter_misc":{"Szerz\u0151:":"P\u00e9terfi Ferenc","Becs\u00fclt olvas\u00e1si id\u0151":"2 perc","Written by":"P\u00e9terfi Ferenc"},"schema":{"@context":"https:\/\/schema.org","@graph":[{"@type":"Article","@id":"https:\/\/kofe.hu\/parola\/parola-folyoirat\/20-eve-indultunk\/#article","isPartOf":{"@id":"https:\/\/kofe.hu\/parola\/parola-folyoirat\/20-eve-indultunk\/"},"author":{"name":"P\u00e9terfi Ferenc","@id":"https:\/\/kofe.hu\/parola\/#\/schema\/person\/46297a12b269c035523fdcd019f91711"},"headline":"20 \u00e9ve indultunk!","datePublished":"2020-06-26T06:52:51+00:00","dateModified":"2020-07-30T11:47:54+00:00","mainEntityOfPage":{"@id":"https:\/\/kofe.hu\/parola\/parola-folyoirat\/20-eve-indultunk\/"},"wordCount":309,"commentCount":0,"image":{"@id":"https:\/\/kofe.hu\/parola\/parola-folyoirat\/20-eve-indultunk\/#primaryimage"},"thumbnailUrl":"https:\/\/kofe.hu\/parola\/wp-content\/uploads\/2019\/07\/user_P\u00e9terfi-Feri-e1563904116478.jpg","articleSection":["Parola 2010\/1","Parola Foly\u00f3irat","Repert\u00f3rium"],"inLanguage":"hu","potentialAction":[{"@type":"CommentAction","name":"Comment","target":["https:\/\/kofe.hu\/parola\/parola-folyoirat\/20-eve-indultunk\/#respond"]}]},{"@type":"WebPage","@id":"https:\/\/kofe.hu\/parola\/parola-folyoirat\/20-eve-indultunk\/","url":"https:\/\/kofe.hu\/parola\/parola-folyoirat\/20-eve-indultunk\/","name":"20 \u00e9ve indultunk! - Parola Foly\u00f3irat","isPartOf":{"@id":"https:\/\/kofe.hu\/parola\/#website"},"primaryImageOfPage":{"@id":"https:\/\/kofe.hu\/parola\/parola-folyoirat\/20-eve-indultunk\/#primaryimage"},"image":{"@id":"https:\/\/kofe.hu\/parola\/parola-folyoirat\/20-eve-indultunk\/#primaryimage"},"thumbnailUrl":"https:\/\/kofe.hu\/parola\/wp-content\/uploads\/2019\/07\/user_P\u00e9terfi-Feri-e1563904116478.jpg","datePublished":"2020-06-26T06:52:51+00:00","dateModified":"2020-07-30T11:47:54+00:00","author":{"@id":"https:\/\/kofe.hu\/parola\/#\/schema\/person\/46297a12b269c035523fdcd019f91711"},"breadcrumb":{"@id":"https:\/\/kofe.hu\/parola\/parola-folyoirat\/20-eve-indultunk\/#breadcrumb"},"inLanguage":"hu","potentialAction":[{"@type":"ReadAction","target":["https:\/\/kofe.hu\/parola\/parola-folyoirat\/20-eve-indultunk\/"]}]},{"@type":"ImageObject","inLanguage":"hu","@id":"https:\/\/kofe.hu\/parola\/parola-folyoirat\/20-eve-indultunk\/#primaryimage","url":"https:\/\/kofe.hu\/parola\/wp-content\/uploads\/2019\/07\/user_P\u00e9terfi-Feri-e1563904116478.jpg","contentUrl":"https:\/\/kofe.hu\/parola\/wp-content\/uploads\/2019\/07\/user_P\u00e9terfi-Feri-e1563904116478.jpg","width":267,"height":267},{"@type":"BreadcrumbList","@id":"https:\/\/kofe.hu\/parola\/parola-folyoirat\/20-eve-indultunk\/#breadcrumb","itemListElement":[{"@type":"ListItem","position":1,"name":"Home","item":"https:\/\/kofe.hu\/parola\/"},{"@type":"ListItem","position":2,"name":"20 \u00e9ve indultunk!"}]},{"@type":"WebSite","@id":"https:\/\/kofe.hu\/parola\/#website","url":"https:\/\/kofe.hu\/parola\/","name":"Parola Foly\u00f3irat","description":"","potentialAction":[{"@type":"SearchAction","target":{"@type":"EntryPoint","urlTemplate":"https:\/\/kofe.hu\/parola\/?s={search_term_string}"},"query-input":{"@type":"PropertyValueSpecification","valueRequired":true,"valueName":"search_term_string"}}],"inLanguage":"hu"},{"@type":"Person","@id":"https:\/\/kofe.hu\/parola\/#\/schema\/person\/46297a12b269c035523fdcd019f91711","name":"P\u00e9terfi Ferenc","image":{"@type":"ImageObject","inLanguage":"hu","@id":"https:\/\/kofe.hu\/parola\/#\/schema\/person\/image\/d173d0cf20d3d8748a6819cd4d17d68c","url":"https:\/\/secure.gravatar.com\/avatar\/523e0b801b986785c16f8e37b642a318cb28abdc4915fa26e5b257b5a3902afc?s=96&d=mm&r=g","contentUrl":"https:\/\/secure.gravatar.com\/avatar\/523e0b801b986785c16f8e37b642a318cb28abdc4915fa26e5b257b5a3902afc?s=96&d=mm&r=g","caption":"P\u00e9terfi Ferenc"},"url":"https:\/\/kofe.hu\/parola\/szerzok\/peterfi-ferenc\/"}]}},"_links":{"self":[{"href":"https:\/\/kofe.hu\/parola\/wp-json\/wp\/v2\/posts\/2466","targetHints":{"allow":["GET"]}}],"collection":[{"href":"https:\/\/kofe.hu\/parola\/wp-json\/wp\/v2\/posts"}],"about":[{"href":"https:\/\/kofe.hu\/parola\/wp-json\/wp\/v2\/types\/post"}],"author":[{"embeddable":true,"href":"https:\/\/kofe.hu\/parola\/wp-json\/wp\/v2\/users\/15"}],"replies":[{"embeddable":true,"href":"https:\/\/kofe.hu\/parola\/wp-json\/wp\/v2\/comments?post=2466"}],"version-history":[{"count":3,"href":"https:\/\/kofe.hu\/parola\/wp-json\/wp\/v2\/posts\/2466\/revisions"}],"predecessor-version":[{"id":4187,"href":"https:\/\/kofe.hu\/parola\/wp-json\/wp\/v2\/posts\/2466\/revisions\/4187"}],"wp:featuredmedia":[{"embeddable":true,"href":"https:\/\/kofe.hu\/parola\/wp-json\/wp\/v2\/media\/785"}],"wp:attachment":[{"href":"https:\/\/kofe.hu\/parola\/wp-json\/wp\/v2\/media?parent=2466"}],"wp:term":[{"taxonomy":"category","embeddable":true,"href":"https:\/\/kofe.hu\/parola\/wp-json\/wp\/v2\/categories?post=2466"},{"taxonomy":"post_tag","embeddable":true,"href":"https:\/\/kofe.hu\/parola\/wp-json\/wp\/v2\/tags?post=2466"},{"taxonomy":"author","embeddable":true,"href":"https:\/\/kofe.hu\/parola\/wp-json\/wp\/v2\/coauthors?post=2466"}],"curies":[{"name":"wp","href":"https:\/\/api.w.org\/{rel}","templated":true}]}}