{"id":2438,"date":"2020-06-25T16:30:48","date_gmt":"2020-06-25T16:30:48","guid":{"rendered":"https:\/\/kofe.hu\/parola\/?p=2438"},"modified":"2020-07-30T11:40:21","modified_gmt":"2020-07-30T11:40:21","slug":"fiatalok-a-rasszizmus-ellen","status":"publish","type":"post","link":"https:\/\/kofe.hu\/parola\/parola-folyoirat\/fiatalok-a-rasszizmus-ellen\/","title":{"rendered":"FIATALOK A RASSZIZMUS ELLEN!"},"content":{"rendered":"<p><span style=\"font-family: Arial;\">E sokatmond\u00f3 c\u00edm\u0171 p\u00e1ly\u00e1zati programmal kereste meg a K\u00f6z\u00f6ss\u00e9gfejleszt\u0151k Egyes\u00fclet\u00e9t \u00e9s a Civil Koll\u00e9gium Alap\u00edtv\u00e1nyt a CEGA (Hat\u00e9kony Helyi Kezdem\u00e9nyez\u00e9sek T\u00e1mogat\u00e1sa), r\u00e9gi bolg\u00e1r partner\u00fcnk.<\/span><\/p>\n<p><b><span style=\"font-family: Arial;\">A program k\u00f6rvonalai<\/span><\/b><\/p>\n<p><span style=\"font-family: Arial;\">A 18 h\u00f3napos programban a k\u00f6vetkez\u0151 szervezetek vesznek r\u00e9szt:<\/span><\/p>\n<p><span style=\"font-family: Arial;\">&#8211;\u00a0<\/span><span style=\"font-family: Arial;\">a d\u00e1n \u201eHat\u00e1rok \u00c1tl\u00e9p\u00e9se\u201d (\u00e9rtelmis\u00e9g, tan\u00e1rok, \u00fajs\u00e1g\u00edr\u00f3k, fiatalok \u00f6sszefog\u00e1sa az interkultur\u00e1lis dial\u00f3gus\u00e9rt, konfliktuskezel\u00e9s, k\u00e9pz\u00e9s stb.),<\/span><br \/>\n<span style=\"font-family: Arial;\">&#8211;\u00a0<\/span><span style=\"font-family: Arial;\">a g\u00f6r\u00f6g \u201eBalk\u00e1n Egyes\u00fclt T\u00e1rsadalmai\u201d (fiatalok r\u00e9szv\u00e9telre buzd\u00edt\u00e1sa, cser\u00e9k, tr\u00e9ningek, programok emigr\u00e1nsoknak inform\u00e1ci\u00f3s pontok stb.),<\/span><br \/>\n<span style=\"font-family: Arial;\">&#8211;\u00a0<\/span><span style=\"font-family: Arial;\">az olasz \u201eFirenzei Eur\u00f3pa Akad\u00e9mia\u201d (fiatalokkal iskol\u00e1n bel\u00fcl \u00e9s k\u00edv\u00fcl, mobilit\u00e1si programok, er\u0151teljes k\u00e9pz\u00e9si tev\u00e9kenys\u00e9g, emberi jogok stb.),<\/span><br \/>\n<span style=\"font-family: Arial;\">&#8211;\u00a0<\/span><span style=\"font-family: Arial;\">a spanyol \u201eRoma Uni\u00f3\u201d (a spanyol roma szervezetek erny\u0151szervezete, \u00e9rdekv\u00e9delem, oktat\u00e1s, sz\u00e9lesk\u00f6r\u0171 egyetemi egy\u00fcttm\u0171k\u00f6d\u00e9sek, emberi jogok stb.) \u00e9s<\/span><br \/>\n<span style=\"font-family: Arial;\">&#8211;\u00a0<\/span><span style=\"font-family: Arial;\">a magyar Civil Koll\u00e9gium Alap\u00edtv\u00e1ny.<\/span><\/p>\n<p><span style=\"font-family: Arial;\">A program\u00a0<\/span><b><span style=\"font-family: Arial;\">els\u0151dleges c\u00e9lja<\/span><\/b><span style=\"font-family: Arial;\">, hogy n\u00f6velje az els\u0151sorban ifj\u00fas\u00e1gi szervezetek rasszizmussal kapcsolatos tudatoss\u00e1g\u00e1t, illetve, hogy az antirasszista szeml\u00e9letm\u00f3dot hossz\u00fa t\u00e1von \u00e9s konzekvensen jelen\u00edts\u00e9k meg szervezeti m\u0171k\u00f6d\u00e9s\u00fckben.<\/span><\/p>\n<p><b><span style=\"font-family: Arial;\">A program sor\u00e1n<\/span><\/b><span style=\"font-family: Arial;\">\u00a0a partnerszervezetek k\u00e9pz\u0151ket deleg\u00e1lnak egy\u00a0<\/span><b><span style=\"font-family: Arial;\">nemzetk\u00f6zi k\u00e9pz\u0151k-k\u00e9pz\u0151je<\/span><\/b><span style=\"font-family: Arial;\">\u00a0programba, melyet k\u00f6vet\u0151en hazai keretek k\u00f6z\u00f6tt bonyol\u00edtunk le\u00a0<\/span><b><span style=\"font-family: Arial;\">rasszizmus ellenes felk\u00e9sz\u00edt\u0151 k\u00e9pz\u00e9sek<\/span><\/b><span style=\"font-family: Arial;\">et. A k\u00e9pz\u00e9seken r\u00e9sztvev\u0151 szervezeteknek meg kell fogalmazniuk saj\u00e1t\u00a0<\/span><b><span style=\"font-family: Arial;\">antirasszista szervezeti \u201epolitik\u00e1jukat\u201d,<\/span><\/b><span style=\"font-family: Arial;\">\u00a0amelyek kiterjednek a szervezetek tev\u00e9kenys\u00e9g\u00e9ben megjelen\u0151 antidiszkrimin\u00e1ci\u00f3s mechanizmusainak kialak\u00edt\u00e1s\u00e1ra. Ezt k\u00f6vet\u0151en egy\u00a0<\/span><b><span style=\"font-family: Arial;\">nemzetk\u00f6zi tal\u00e1lkoz\u00f3<\/span><\/b><span style=\"font-family: Arial;\">\u00a0val\u00f3sul meg Magyarorsz\u00e1gon, ahol jelen lesznek a partnerek, illetve a t\u00e1rsult ifj\u00fas\u00e1gi szervezetek \u00e9s megosztj\u00e1k a k\u00e9pz\u00e9sekkel, fejleszt\u0151munk\u00e1val kapcsolatos tapasztalataikat. A szervezeti \u201epolitik\u00e1kb\u00f3l\u201d egy\u00a0<\/span><b><span style=\"font-family: Arial;\">kiadv\u00e1ny<\/span><\/b><span style=\"font-family: Arial;\">\u00a0is k\u00e9sz\u00fcl, melyet a partnerek minden orsz\u00e1gban sz\u00e9les k\u00f6rben terjesztenek. A terjeszt\u00e9st\u00a0<\/span><b><span style=\"font-family: Arial;\">sajt\u00f3t\u00e1j\u00e9koztat\u00f3k<\/span><\/b><span style=\"font-family: Arial;\">\u00a0\u00e9s folyamatos\u00a0<\/span><b><span style=\"font-family: Arial;\">on-line kamp\u00e1nytev\u00e9kenys\u00e9gek<\/span><\/b><span style=\"font-family: Arial;\">\u00a0seg\u00edtik majd.<\/span><\/p>\n<p><b><span style=\"font-family: Arial;\">A PROGRAM HAZAI VONATKOZ\u00c1SAI<\/span><\/b><\/p>\n<p><span style=\"font-family: Arial;\">Egy ilyen t\u00e9m\u00e1t term\u00e9szetesen csak a megfelel\u0151 komolys\u00e1ggal lehet felv\u00e1llalni, \u00edgy nagyon fontos lenne, hogy a projekt sor\u00e1n szervezeteink \u00e9s h\u00e1l\u00f3zataink keress\u00e9k\/megtal\u00e1lj\u00e1k azokat a szerepeket \u00e9s illeszked\u00e9seket, amelyek r\u00e9v\u00e9n val\u00f3s hat\u00e1sokat tudunk el\u00e9rni. Mindehhez kereteket adhatnak a K\u00d6ZT\u00c1MH\u00c1L\u00d3 szakemberei, de sok m\u00e1s, jelenleg is l\u00e9tez\u0151 egy\u00fcttm\u0171k\u00f6d\u00e9s ifj\u00fas\u00e1gi (\u00e9s m\u00e1s) szervezetekkel, hasonl\u00f3 jelleg\u0171 projektekkel, int\u00e9zm\u00e9nyekkel, h\u00e1l\u00f3zatokkal is szerepet j\u00e1tszhat. A hat\u00e1s feler\u0151s\u00edt\u00e9s\u00e9re remek lehet\u0151s\u00e9get az ad a<\/span><b><span style=\"font-family: Arial;\">\u00a0t\u00e9ma \u00f6sszekapcsol\u00e1sa az \u00c1llampolg\u00e1ri R\u00e9szv\u00e9tel Het\u00e9vel (<\/span><\/b><span style=\"font-family: Arial;\"><a href=\"http:\/\/arh.kozossegfejlesztes.hu\/\">http:\/\/arh.kozossegfejlesztes.hu<\/a><\/span><span style=\"font-family: Arial;\">).<\/span><\/p>\n<p><b><span style=\"font-family: Arial;\">\u00d6r\u00f6mmel fogadjuk minden \u00e9rdekl\u0151d\u0151 szervezet jelentkez\u00e9s\u00e9t, aki sz\u00edvesen r\u00e9szt venne a Fiatalok a rasszizmus ellen programban!<\/span><\/b><\/p>\n<p><span style=\"font-family: Arial;\">Varga M\u00e1t\u00e9 \u2013 matev@kkapcsolat.hu<\/span><\/p>\n","protected":false},"excerpt":{"rendered":"<p>E sokatmond\u00f3 c\u00edm\u0171 p\u00e1ly\u00e1zati programmal kereste meg a K\u00f6z\u00f6ss\u00e9gfejleszt\u0151k Egyes\u00fclet\u00e9t \u00e9s a Civil Koll\u00e9gium Alap\u00edtv\u00e1nyt a CEGA (Hat\u00e9kony Helyi Kezdem\u00e9nyez\u00e9sek T\u00e1mogat\u00e1sa), r\u00e9gi bolg\u00e1r partner\u00fcnk. A program k\u00f6rvonalai A 18 h\u00f3napos programban a k\u00f6vetkez\u0151 szervezetek vesznek r\u00e9szt: &#8211;\u00a0a d\u00e1n \u201eHat\u00e1rok \u00c1tl\u00e9p\u00e9se\u201d (\u00e9rtelmis\u00e9g, tan\u00e1rok, \u00fajs\u00e1g\u00edr\u00f3k, fiatalok \u00f6sszefog\u00e1sa az interkultur\u00e1lis dial\u00f3gus\u00e9rt, konfliktuskezel\u00e9s, k\u00e9pz\u00e9s stb.), &#8211;\u00a0a g\u00f6r\u00f6g \u201eBalk\u00e1n Egyes\u00fclt [&hellip;]<\/p>\n","protected":false},"author":148,"featured_media":3439,"comment_status":"open","ping_status":"open","sticky":false,"template":"","format":"standard","meta":{"_acf_changed":false,"footnotes":""},"categories":[378,8,7],"tags":[],"coauthors":[176],"class_list":["post-2438","post","type-post","status-publish","format-standard","has-post-thumbnail","hentry","category-parola-2010-3","category-parola-folyoirat","category-repertorium"],"acf":[],"yoast_head":"<!-- This site is optimized with the Yoast SEO plugin v26.7 - https:\/\/yoast.com\/wordpress\/plugins\/seo\/ -->\n<title>FIATALOK A RASSZIZMUS ELLEN! - Parola Foly\u00f3irat<\/title>\n<meta name=\"robots\" content=\"index, follow, max-snippet:-1, max-image-preview:large, max-video-preview:-1\" \/>\n<link rel=\"canonical\" href=\"https:\/\/kofe.hu\/parola\/parola-folyoirat\/fiatalok-a-rasszizmus-ellen\/\" \/>\n<meta property=\"og:locale\" content=\"hu_HU\" \/>\n<meta property=\"og:type\" content=\"article\" \/>\n<meta property=\"og:title\" content=\"FIATALOK A RASSZIZMUS ELLEN! - Parola Foly\u00f3irat\" \/>\n<meta property=\"og:description\" content=\"E sokatmond\u00f3 c\u00edm\u0171 p\u00e1ly\u00e1zati programmal kereste meg a K\u00f6z\u00f6ss\u00e9gfejleszt\u0151k Egyes\u00fclet\u00e9t \u00e9s a Civil Koll\u00e9gium Alap\u00edtv\u00e1nyt a CEGA (Hat\u00e9kony Helyi Kezdem\u00e9nyez\u00e9sek T\u00e1mogat\u00e1sa), r\u00e9gi bolg\u00e1r partner\u00fcnk. A program k\u00f6rvonalai A 18 h\u00f3napos programban a k\u00f6vetkez\u0151 szervezetek vesznek r\u00e9szt: &#8211;\u00a0a d\u00e1n \u201eHat\u00e1rok \u00c1tl\u00e9p\u00e9se\u201d (\u00e9rtelmis\u00e9g, tan\u00e1rok, \u00fajs\u00e1g\u00edr\u00f3k, fiatalok \u00f6sszefog\u00e1sa az interkultur\u00e1lis dial\u00f3gus\u00e9rt, konfliktuskezel\u00e9s, k\u00e9pz\u00e9s stb.), &#8211;\u00a0a g\u00f6r\u00f6g \u201eBalk\u00e1n Egyes\u00fclt [&hellip;]\" \/>\n<meta property=\"og:url\" content=\"https:\/\/kofe.hu\/parola\/parola-folyoirat\/fiatalok-a-rasszizmus-ellen\/\" \/>\n<meta property=\"og:site_name\" content=\"Parola Foly\u00f3irat\" \/>\n<meta property=\"article:published_time\" content=\"2020-06-25T16:30:48+00:00\" \/>\n<meta property=\"article:modified_time\" content=\"2020-07-30T11:40:21+00:00\" \/>\n<meta property=\"og:image\" content=\"https:\/\/kofe.hu\/parola\/wp-content\/uploads\/2020\/07\/10.3.jpeg\" \/>\n\t<meta property=\"og:image:width\" content=\"1319\" \/>\n\t<meta property=\"og:image:height\" content=\"1987\" \/>\n\t<meta property=\"og:image:type\" content=\"image\/jpeg\" \/>\n<meta name=\"author\" content=\"Varga M\u00e1te\" \/>\n<meta name=\"twitter:card\" content=\"summary_large_image\" \/>\n<meta name=\"twitter:label1\" content=\"Szerz\u0151:\" \/>\n\t<meta name=\"twitter:data1\" content=\"Varga M\u00e1te\" \/>\n\t<meta name=\"twitter:label2\" content=\"Becs\u00fclt olvas\u00e1si id\u0151\" \/>\n\t<meta name=\"twitter:data2\" content=\"3 perc\" \/>\n\t<meta name=\"twitter:label3\" content=\"Written by\" \/>\n\t<meta name=\"twitter:data3\" content=\"Varga M\u00e1te\" \/>\n<script type=\"application\/ld+json\" class=\"yoast-schema-graph\">{\"@context\":\"https:\/\/schema.org\",\"@graph\":[{\"@type\":\"Article\",\"@id\":\"https:\/\/kofe.hu\/parola\/parola-folyoirat\/fiatalok-a-rasszizmus-ellen\/#article\",\"isPartOf\":{\"@id\":\"https:\/\/kofe.hu\/parola\/parola-folyoirat\/fiatalok-a-rasszizmus-ellen\/\"},\"author\":{\"name\":\"Varga M\u00e1te\",\"@id\":\"https:\/\/kofe.hu\/parola\/#\/schema\/person\/a85197ba0e47e86d051c98a3253aca02\"},\"headline\":\"FIATALOK A RASSZIZMUS ELLEN!\",\"datePublished\":\"2020-06-25T16:30:48+00:00\",\"dateModified\":\"2020-07-30T11:40:21+00:00\",\"mainEntityOfPage\":{\"@id\":\"https:\/\/kofe.hu\/parola\/parola-folyoirat\/fiatalok-a-rasszizmus-ellen\/\"},\"wordCount\":547,\"commentCount\":0,\"image\":{\"@id\":\"https:\/\/kofe.hu\/parola\/parola-folyoirat\/fiatalok-a-rasszizmus-ellen\/#primaryimage\"},\"thumbnailUrl\":\"https:\/\/kofe.hu\/parola\/wp-content\/uploads\/2020\/07\/10.3.jpeg\",\"articleSection\":[\"Parola 2010\/3\",\"Parola Foly\u00f3irat\",\"Repert\u00f3rium\"],\"inLanguage\":\"hu\",\"potentialAction\":[{\"@type\":\"CommentAction\",\"name\":\"Comment\",\"target\":[\"https:\/\/kofe.hu\/parola\/parola-folyoirat\/fiatalok-a-rasszizmus-ellen\/#respond\"]}]},{\"@type\":\"WebPage\",\"@id\":\"https:\/\/kofe.hu\/parola\/parola-folyoirat\/fiatalok-a-rasszizmus-ellen\/\",\"url\":\"https:\/\/kofe.hu\/parola\/parola-folyoirat\/fiatalok-a-rasszizmus-ellen\/\",\"name\":\"FIATALOK A RASSZIZMUS ELLEN! - Parola Foly\u00f3irat\",\"isPartOf\":{\"@id\":\"https:\/\/kofe.hu\/parola\/#website\"},\"primaryImageOfPage\":{\"@id\":\"https:\/\/kofe.hu\/parola\/parola-folyoirat\/fiatalok-a-rasszizmus-ellen\/#primaryimage\"},\"image\":{\"@id\":\"https:\/\/kofe.hu\/parola\/parola-folyoirat\/fiatalok-a-rasszizmus-ellen\/#primaryimage\"},\"thumbnailUrl\":\"https:\/\/kofe.hu\/parola\/wp-content\/uploads\/2020\/07\/10.3.jpeg\",\"datePublished\":\"2020-06-25T16:30:48+00:00\",\"dateModified\":\"2020-07-30T11:40:21+00:00\",\"author\":{\"@id\":\"https:\/\/kofe.hu\/parola\/#\/schema\/person\/a85197ba0e47e86d051c98a3253aca02\"},\"breadcrumb\":{\"@id\":\"https:\/\/kofe.hu\/parola\/parola-folyoirat\/fiatalok-a-rasszizmus-ellen\/#breadcrumb\"},\"inLanguage\":\"hu\",\"potentialAction\":[{\"@type\":\"ReadAction\",\"target\":[\"https:\/\/kofe.hu\/parola\/parola-folyoirat\/fiatalok-a-rasszizmus-ellen\/\"]}]},{\"@type\":\"ImageObject\",\"inLanguage\":\"hu\",\"@id\":\"https:\/\/kofe.hu\/parola\/parola-folyoirat\/fiatalok-a-rasszizmus-ellen\/#primaryimage\",\"url\":\"https:\/\/kofe.hu\/parola\/wp-content\/uploads\/2020\/07\/10.3.jpeg\",\"contentUrl\":\"https:\/\/kofe.hu\/parola\/wp-content\/uploads\/2020\/07\/10.3.jpeg\",\"width\":1319,\"height\":1987},{\"@type\":\"BreadcrumbList\",\"@id\":\"https:\/\/kofe.hu\/parola\/parola-folyoirat\/fiatalok-a-rasszizmus-ellen\/#breadcrumb\",\"itemListElement\":[{\"@type\":\"ListItem\",\"position\":1,\"name\":\"Home\",\"item\":\"https:\/\/kofe.hu\/parola\/\"},{\"@type\":\"ListItem\",\"position\":2,\"name\":\"FIATALOK A RASSZIZMUS ELLEN!\"}]},{\"@type\":\"WebSite\",\"@id\":\"https:\/\/kofe.hu\/parola\/#website\",\"url\":\"https:\/\/kofe.hu\/parola\/\",\"name\":\"Parola Foly\u00f3irat\",\"description\":\"\",\"potentialAction\":[{\"@type\":\"SearchAction\",\"target\":{\"@type\":\"EntryPoint\",\"urlTemplate\":\"https:\/\/kofe.hu\/parola\/?s={search_term_string}\"},\"query-input\":{\"@type\":\"PropertyValueSpecification\",\"valueRequired\":true,\"valueName\":\"search_term_string\"}}],\"inLanguage\":\"hu\"},{\"@type\":\"Person\",\"@id\":\"https:\/\/kofe.hu\/parola\/#\/schema\/person\/a85197ba0e47e86d051c98a3253aca02\",\"name\":\"Varga M\u00e1te\",\"image\":{\"@type\":\"ImageObject\",\"inLanguage\":\"hu\",\"@id\":\"https:\/\/kofe.hu\/parola\/#\/schema\/person\/image\/23494c9101089ad44ae88ce9d2f56aac\",\"url\":\"https:\/\/secure.gravatar.com\/avatar\/?s=96&d=mm&r=g\",\"contentUrl\":\"https:\/\/secure.gravatar.com\/avatar\/?s=96&d=mm&r=g\",\"caption\":\"Varga M\u00e1te\"},\"url\":\"https:\/\/kofe.hu\/parola\/szerzok\/varga-mate\/\"}]}<\/script>\n<!-- \/ Yoast SEO plugin. -->","yoast_head_json":{"title":"FIATALOK A RASSZIZMUS ELLEN! - Parola Foly\u00f3irat","robots":{"index":"index","follow":"follow","max-snippet":"max-snippet:-1","max-image-preview":"max-image-preview:large","max-video-preview":"max-video-preview:-1"},"canonical":"https:\/\/kofe.hu\/parola\/parola-folyoirat\/fiatalok-a-rasszizmus-ellen\/","og_locale":"hu_HU","og_type":"article","og_title":"FIATALOK A RASSZIZMUS ELLEN! - Parola Foly\u00f3irat","og_description":"E sokatmond\u00f3 c\u00edm\u0171 p\u00e1ly\u00e1zati programmal kereste meg a K\u00f6z\u00f6ss\u00e9gfejleszt\u0151k Egyes\u00fclet\u00e9t \u00e9s a Civil Koll\u00e9gium Alap\u00edtv\u00e1nyt a CEGA (Hat\u00e9kony Helyi Kezdem\u00e9nyez\u00e9sek T\u00e1mogat\u00e1sa), r\u00e9gi bolg\u00e1r partner\u00fcnk. A program k\u00f6rvonalai A 18 h\u00f3napos programban a k\u00f6vetkez\u0151 szervezetek vesznek r\u00e9szt: &#8211;\u00a0a d\u00e1n \u201eHat\u00e1rok \u00c1tl\u00e9p\u00e9se\u201d (\u00e9rtelmis\u00e9g, tan\u00e1rok, \u00fajs\u00e1g\u00edr\u00f3k, fiatalok \u00f6sszefog\u00e1sa az interkultur\u00e1lis dial\u00f3gus\u00e9rt, konfliktuskezel\u00e9s, k\u00e9pz\u00e9s stb.), &#8211;\u00a0a g\u00f6r\u00f6g \u201eBalk\u00e1n Egyes\u00fclt [&hellip;]","og_url":"https:\/\/kofe.hu\/parola\/parola-folyoirat\/fiatalok-a-rasszizmus-ellen\/","og_site_name":"Parola Foly\u00f3irat","article_published_time":"2020-06-25T16:30:48+00:00","article_modified_time":"2020-07-30T11:40:21+00:00","og_image":[{"width":1319,"height":1987,"url":"https:\/\/kofe.hu\/parola\/wp-content\/uploads\/2020\/07\/10.3.jpeg","type":"image\/jpeg"}],"author":"Varga M\u00e1te","twitter_card":"summary_large_image","twitter_misc":{"Szerz\u0151:":"Varga M\u00e1te","Becs\u00fclt olvas\u00e1si id\u0151":"3 perc","Written by":"Varga M\u00e1te"},"schema":{"@context":"https:\/\/schema.org","@graph":[{"@type":"Article","@id":"https:\/\/kofe.hu\/parola\/parola-folyoirat\/fiatalok-a-rasszizmus-ellen\/#article","isPartOf":{"@id":"https:\/\/kofe.hu\/parola\/parola-folyoirat\/fiatalok-a-rasszizmus-ellen\/"},"author":{"name":"Varga M\u00e1te","@id":"https:\/\/kofe.hu\/parola\/#\/schema\/person\/a85197ba0e47e86d051c98a3253aca02"},"headline":"FIATALOK A RASSZIZMUS ELLEN!","datePublished":"2020-06-25T16:30:48+00:00","dateModified":"2020-07-30T11:40:21+00:00","mainEntityOfPage":{"@id":"https:\/\/kofe.hu\/parola\/parola-folyoirat\/fiatalok-a-rasszizmus-ellen\/"},"wordCount":547,"commentCount":0,"image":{"@id":"https:\/\/kofe.hu\/parola\/parola-folyoirat\/fiatalok-a-rasszizmus-ellen\/#primaryimage"},"thumbnailUrl":"https:\/\/kofe.hu\/parola\/wp-content\/uploads\/2020\/07\/10.3.jpeg","articleSection":["Parola 2010\/3","Parola Foly\u00f3irat","Repert\u00f3rium"],"inLanguage":"hu","potentialAction":[{"@type":"CommentAction","name":"Comment","target":["https:\/\/kofe.hu\/parola\/parola-folyoirat\/fiatalok-a-rasszizmus-ellen\/#respond"]}]},{"@type":"WebPage","@id":"https:\/\/kofe.hu\/parola\/parola-folyoirat\/fiatalok-a-rasszizmus-ellen\/","url":"https:\/\/kofe.hu\/parola\/parola-folyoirat\/fiatalok-a-rasszizmus-ellen\/","name":"FIATALOK A RASSZIZMUS ELLEN! - Parola Foly\u00f3irat","isPartOf":{"@id":"https:\/\/kofe.hu\/parola\/#website"},"primaryImageOfPage":{"@id":"https:\/\/kofe.hu\/parola\/parola-folyoirat\/fiatalok-a-rasszizmus-ellen\/#primaryimage"},"image":{"@id":"https:\/\/kofe.hu\/parola\/parola-folyoirat\/fiatalok-a-rasszizmus-ellen\/#primaryimage"},"thumbnailUrl":"https:\/\/kofe.hu\/parola\/wp-content\/uploads\/2020\/07\/10.3.jpeg","datePublished":"2020-06-25T16:30:48+00:00","dateModified":"2020-07-30T11:40:21+00:00","author":{"@id":"https:\/\/kofe.hu\/parola\/#\/schema\/person\/a85197ba0e47e86d051c98a3253aca02"},"breadcrumb":{"@id":"https:\/\/kofe.hu\/parola\/parola-folyoirat\/fiatalok-a-rasszizmus-ellen\/#breadcrumb"},"inLanguage":"hu","potentialAction":[{"@type":"ReadAction","target":["https:\/\/kofe.hu\/parola\/parola-folyoirat\/fiatalok-a-rasszizmus-ellen\/"]}]},{"@type":"ImageObject","inLanguage":"hu","@id":"https:\/\/kofe.hu\/parola\/parola-folyoirat\/fiatalok-a-rasszizmus-ellen\/#primaryimage","url":"https:\/\/kofe.hu\/parola\/wp-content\/uploads\/2020\/07\/10.3.jpeg","contentUrl":"https:\/\/kofe.hu\/parola\/wp-content\/uploads\/2020\/07\/10.3.jpeg","width":1319,"height":1987},{"@type":"BreadcrumbList","@id":"https:\/\/kofe.hu\/parola\/parola-folyoirat\/fiatalok-a-rasszizmus-ellen\/#breadcrumb","itemListElement":[{"@type":"ListItem","position":1,"name":"Home","item":"https:\/\/kofe.hu\/parola\/"},{"@type":"ListItem","position":2,"name":"FIATALOK A RASSZIZMUS ELLEN!"}]},{"@type":"WebSite","@id":"https:\/\/kofe.hu\/parola\/#website","url":"https:\/\/kofe.hu\/parola\/","name":"Parola Foly\u00f3irat","description":"","potentialAction":[{"@type":"SearchAction","target":{"@type":"EntryPoint","urlTemplate":"https:\/\/kofe.hu\/parola\/?s={search_term_string}"},"query-input":{"@type":"PropertyValueSpecification","valueRequired":true,"valueName":"search_term_string"}}],"inLanguage":"hu"},{"@type":"Person","@id":"https:\/\/kofe.hu\/parola\/#\/schema\/person\/a85197ba0e47e86d051c98a3253aca02","name":"Varga M\u00e1te","image":{"@type":"ImageObject","inLanguage":"hu","@id":"https:\/\/kofe.hu\/parola\/#\/schema\/person\/image\/23494c9101089ad44ae88ce9d2f56aac","url":"https:\/\/secure.gravatar.com\/avatar\/?s=96&d=mm&r=g","contentUrl":"https:\/\/secure.gravatar.com\/avatar\/?s=96&d=mm&r=g","caption":"Varga M\u00e1te"},"url":"https:\/\/kofe.hu\/parola\/szerzok\/varga-mate\/"}]}},"_links":{"self":[{"href":"https:\/\/kofe.hu\/parola\/wp-json\/wp\/v2\/posts\/2438","targetHints":{"allow":["GET"]}}],"collection":[{"href":"https:\/\/kofe.hu\/parola\/wp-json\/wp\/v2\/posts"}],"about":[{"href":"https:\/\/kofe.hu\/parola\/wp-json\/wp\/v2\/types\/post"}],"author":[{"embeddable":true,"href":"https:\/\/kofe.hu\/parola\/wp-json\/wp\/v2\/users\/148"}],"replies":[{"embeddable":true,"href":"https:\/\/kofe.hu\/parola\/wp-json\/wp\/v2\/comments?post=2438"}],"version-history":[{"count":2,"href":"https:\/\/kofe.hu\/parola\/wp-json\/wp\/v2\/posts\/2438\/revisions"}],"predecessor-version":[{"id":4170,"href":"https:\/\/kofe.hu\/parola\/wp-json\/wp\/v2\/posts\/2438\/revisions\/4170"}],"wp:featuredmedia":[{"embeddable":true,"href":"https:\/\/kofe.hu\/parola\/wp-json\/wp\/v2\/media\/3439"}],"wp:attachment":[{"href":"https:\/\/kofe.hu\/parola\/wp-json\/wp\/v2\/media?parent=2438"}],"wp:term":[{"taxonomy":"category","embeddable":true,"href":"https:\/\/kofe.hu\/parola\/wp-json\/wp\/v2\/categories?post=2438"},{"taxonomy":"post_tag","embeddable":true,"href":"https:\/\/kofe.hu\/parola\/wp-json\/wp\/v2\/tags?post=2438"},{"taxonomy":"author","embeddable":true,"href":"https:\/\/kofe.hu\/parola\/wp-json\/wp\/v2\/coauthors?post=2438"}],"curies":[{"name":"wp","href":"https:\/\/api.w.org\/{rel}","templated":true}]}}