{"id":2436,"date":"2020-06-25T16:28:00","date_gmt":"2020-06-25T16:28:00","guid":{"rendered":"https:\/\/kofe.hu\/parola\/?p=2436"},"modified":"2020-07-30T11:40:03","modified_gmt":"2020-07-30T11:40:03","slug":"jegyzettomb-velenczei-agnes-3-jegyzete-a-vii-nyari-egyetemen","status":"publish","type":"post","link":"https:\/\/kofe.hu\/parola\/parola-folyoirat\/jegyzettomb-velenczei-agnes-3-jegyzete-a-vii-nyari-egyetemen\/","title":{"rendered":"JEGYZETT\u00d6MB \u2013 VELENCZEI \u00c1GNES 3 JEGYZETE A VII. NY\u00c1RI EGYETEMEN"},"content":{"rendered":"<p><b><span style=\"font-family: Arial;\">1. J\u00e1rt\u00e1l-e m\u00e1r Budapesten?<\/span><\/b><br \/>\n<span style=\"font-family: Arial;\">2010. j\u00falius 28.<\/span><br \/>\n<span style=\"font-family: Arial;\">Bemutat\u00f3\u00a0<\/span><b><span style=\"font-family: Arial;\">Pettendi Szab\u00f3 P\u00e9ter<\/span><\/b><span style=\"font-family: Arial;\">\u00a0fot\u00f3gy\u0171jtem\u00e9ny\u00e9b\u0151l, s az azt k\u00eds\u00e9r\u0151 vide\u00f3anyagb\u00f3l.<\/span><br \/>\n<span style=\"font-family: Arial;\">H\u00e1zigazda:\u00a0<\/span><i><span style=\"font-family: Arial;\">Sain M\u00e1ty\u00e1s<\/span><\/i><\/p>\n<p><!--more--><\/p>\n<p><img loading=\"lazy\" decoding=\"async\" src=\"http:\/\/kka.hu\/_Kozossegi_Adattar\/PAROLAAR.NSF\/b84c8c861998671e8525670c00815721\/52f50756339922bac12577c0004fdcff\/file\/29.3002?OpenElement&amp;FieldElemFormat=gif\" width=\"200\" height=\"330\" align=\"right\" \/><span style=\"font-family: Arial;\">Pettendi Szab\u00f3 P\u00e9ter bevezet\u0151 szavaiban megfogalmazta, hogy a f\u00e9nyk\u00e9p kev\u00e9s sz\u00f3val k\u00e9pes fontos, rem\u00e9lhet\u0151leg a befogad\u00f3, de az alkot\u00f3 sz\u00e1m\u00e1ra is fontos gondolatokat k\u00f6z\u00f6lni. \u201eA k\u00e9pek, amelyeket l\u00e1tni fogunk, Magyarorsz\u00e1gon k\u00e9sz\u00fcltek 2005-ben \u00e9s 2006-ban\u201d \u2013 mondta.<br \/>\nK\u00e9pek peregnek el\u0151tt\u00fcnk, emberek, csal\u00e1dok, gyerekek, h\u00e1tt\u00e9rben Budapest jellegzetes l\u00e1tk\u00e9p\u00e9vel, a kivil\u00e1g\u00edtott L\u00e1nch\u00edddal \u00e9s a Budai V\u00e1rral. Minden kis kiv\u00e1g\u00e1s ut\u00e1n nagytot\u00e1lb\u00f3l kapunk egy \u00fajabb k\u00e9pet ugyanazokr\u00f3l a szerepl\u0151kr\u0151l, l\u00e1tjuk nyomor\u00fas\u00e1gos, val\u00f3s\u00e1gos \u00e9let\u00fck helysz\u00edn\u00e9n \u0151ket, \u00e9s leleplez\u0151dik, hogy \u0151k nem az els\u0151 k\u00e9peken l\u00e1tott helysz\u00ednre l\u00e1togattak el, hanem a h\u00e1tt\u00e9rk\u00e9p ment el hozz\u00e1juk.<br \/>\nM\u00e1r ez a kontraszt is d\u00f6bbenetes, majd j\u00f6n a vide\u00f3, ahol ugyanezek az emberek v\u00e1laszolnak a fot\u00f3s \u00e1ltal feltett k\u00e9rd\u00e9sre: J\u00e1rt\u00e1l-e m\u00e1r Budapesten?<br \/>\nAmi a v\u00e1laszokb\u00f3l szinte egyform\u00e1n fogalmaz\u00f3dik meg, es\u00e9ly\u00fck sincs eljutni m\u00e9g a falujukhoz k\u00f6zelebb es\u0151 helyekre sem, nem hogy Budapestre!<br \/>\nA fot\u00f3s elmondta, hogy azt akarta felmutatni, hogy ezekt\u0151l a falvakt\u00f3l Budapest mennyivel t\u00e1volabb van, mint Budapestt\u0151l \u0151k. A d\u00f6nt\u00e9sek t\u00f6bbs\u00e9ge Budapesten sz\u00fcletik, a d\u00f6nt\u00e9shoz\u00f3k pedig az \u0151 val\u00f3s\u00e1guk ismerete n\u00e9lk\u00fcl hozz\u00e1k meg r\u00f3luk a d\u00f6nt\u00e9seiket.<br \/>\nEgy \u00fajs\u00e1gcikk:\u00a0<\/span><span style=\"font-family: Arial;\"><a href=\"http:\/\/www.nol.hu\/archivum\/archiv-501944\">http:\/\/www.nol.hu\/archivum\/archiv-501944<\/a><\/span><span style=\"font-family: Arial;\"><br \/>\nR\u00e9szlet az \u00edr\u00e1sb\u00f3l: \u201eVajon lehets\u00e9ges, hogy a \u00bbJ\u00e1rt-e m\u00e1r Budapesten\u00ab k\u00e9rd\u00e9sre ma valaki \u00bbnem\u00ab-mel feleljen? S ha lehets\u00e9ges, mit kezd ezzel egy fotogr\u00e1fus? Hogyan lehet hitelesen bemutatni ezeket a \u201enem\u201d-eket: embereket, sorsokat? A vid\u00e9ki Magyarorsz\u00e1g topogr\u00e1fiai \u00e9s t\u00e1rsadalmi perem\u00e9t? El\u00e9g ehhez csak a fot\u00f3? Pettendi Szab\u00f3 P\u00e9ter H\u00e1tt\u00e9r \u2013 J\u00e1rt-e m\u00e1r Budapesten? c\u00edm\u0171 foto- \u00e9s videoprojektj\u00e9vel nem csup\u00e1n a dokumentarista fotogr\u00e1fia \u00faj lehet\u0151s\u00e9geit kutatja, hanem a f\u00e9nyk\u00e9pez\u00e9s etikai \u00e9s<\/span><br \/>\n<span style=\"font-family: Arial;\">technol\u00f3giai k\u00e9rd\u00e9seire is v\u00e1laszokat ad. Kincses K\u00e1roly, a Magyar Fotogr\u00e1fiai M\u00fazeum igazgat\u00f3ja egy kritik\u00e1j\u00e1ban krist\u00e1lytiszta m\u00e9rn\u00f6ki logik\u00e1val kigondolt, \u00f6ssze\u00e1ll\u00edtott \u00e9s v\u00e9gigvitt projektnek nevezte a H\u00e1tteret, amely a \u00bbgyakorta kiz\u00e1r\u00f3lag id\u00e9z\u0151jelekkel babr\u00e1l\u00f3, n\u00e9ha csak bl\u00f6ff\u00f6kkel oper\u00e1l\u00f3 kort\u00e1rs, mai fot\u00f3m\u0171v\u00e9szet\u00fcnkben val\u00f3di tett.\u00ab A k\u00e9pek \u00e9s a vide\u00f3 imm\u00e1r k\u00f6tetk\u00e9nt is megjelent a Holnap Kiad\u00f3 gondoz\u00e1s\u00e1ban.\u201d<\/span><\/p>\n<p><span style=\"font-family: Arial;\">Mit v\u00e1laszoltak a film szerepl\u0151i erre a k\u00e9rd\u00e9sre: Milyennek gondolj\u00e1k a f\u0151v\u00e1rost?<\/span><br \/>\n<span style=\"font-family: Arial;\">\u201eMilyennek gondolom? Sok ember van, sz\u00e9p h\u00e1zak. J\u00f3 lenne elmenni. Megn\u00e9zni m\u00fazeumokat, kast\u00e9lyokat.\u201d<\/span><br \/>\n<span style=\"font-family: Arial;\">69 \u00e9ves roma f\u00e9rfi: \u201eSokfel\u00e9 j\u00e1rtam, mikor m\u00e9g nem voltam h\u00e1zas, zen\u00e9ltem, b\u0151g\u0151s voltam, m\u00edg meg nem s\u00fcket\u00fcltem. Szeretn\u00e9k k\u00f6r\u00fcln\u00e9zni t\u00f6bb helyen Budapesten.\u201d<\/span><br \/>\n<span style=\"font-family: Arial;\">Fiatalember, szakm\u00e1t tanul: \u201eBudapesten nem kell a kerttel foglalkozni mikor hazamennek iskola ut\u00e1n, meg t\u00f6bb a sz\u00f3rakoz\u00e1si lehet\u0151s\u00e9g.\u201d<\/span><br \/>\n<span style=\"font-family: Arial;\">Kisl\u00e1ny: \u201eItt nagy a csend \u00e9s sz\u00e9p a term\u00e9szet. Elmenn\u00e9k Budapestre, megismerkedn\u00e9k valakivel, aki ott ismer\u0151s \u00e9s vele megn\u00e9zn\u00e9m az \u00e1llatkertet, meg m\u00fazeumokat.\u201d<\/span><br \/>\n<span style=\"font-family: Arial;\">65 \u00e9ves f\u00e9rfi: \u201eAz orsz\u00e1gh\u00e1z\u00e1t meg a m\u00fazeumokat n\u00e9zn\u00e9m meg.\u201d<\/span><br \/>\n<span style=\"font-family: Arial;\">82 \u00e9ves parasztasszony, aki sehol sem volt \u00e9let\u00e9ben, csak a pappal voltak M\u00e1riap\u00f3cs\u00f3n: \u201eAki \u00e1lland\u00f3an munk\u00e1ban volt, az nem tud felkerekedni.\u201d<\/span><br \/>\n<span style=\"font-family: Arial;\">Id\u0151s f\u00e9rfi a h\u00e1tt\u00e9rk\u00e9p el\u0151tt: \u201eEz a L\u00e1nch\u00edd! Ezen \u00e9n a h\u00e1bor\u00faban hadifogolyk\u00e9nt mentem \u00e1t.\u201d \u00c9s mes\u00e9li, hogy hogyan hajtott\u00e1k \u0151ket eg\u00e9szen N\u00e9metorsz\u00e1gig.<\/span><br \/>\n<span style=\"font-family: Arial;\">40-es f\u00e9rfi, szeret a telep\u00fcl\u00e9s\u00e9n \u00e9lni, b\u00e9k\u00e9s, csendes hely, ahol ak\u00e1r m\u00e9g \u00e9jszaka is kimehet az ember az utc\u00e1ra, senki se b\u00e1ntja. \u201e\u00d3ri\u00e1si forgalom \u00e9s \u00f3ri\u00e1si h\u00e1zak lehetnek. Csak olyannal menn\u00e9k, aki ott otthonosan mozog. J\u00f3 lenne legal\u00e1bb egyszer eljutni Budapestre! J\u00f3 lenne egy j\u00f3 meccset megn\u00e9zni, de 17 ezer forintos seg\u00e9lyb\u0151l nem lehet.\u201d<\/span><br \/>\n<span style=\"font-family: Arial;\">A hallgat\u00f3s\u00e1got meg\u00e9rintik a k\u00e9pek \u00e9s a vide\u00f3n hallhat\u00f3 \u0151szinte kit\u00e1rulkoz\u00e1sok. Z\u00e1poroznak a k\u00e9rd\u00e9sek az alkot\u00f3hoz:<\/span><br \/>\n<span style=\"font-family: Arial;\">Hogy sz\u00fcletett a gondolat? Hogy fogott neki a sorozat elk\u00e9sz\u00edt\u00e9s\u00e9nek? Hogy tal\u00e1lta meg a helysz\u00edneket? Mit\u0151l lettek ilyen nyitottak \u00e9s elfogad\u00f3ak a k\u00e9peken szerepl\u0151 \u00e9s a vide\u00f3n megsz\u00f3lal\u00f3 emberek?<\/span><br \/>\n<span style=\"font-family: Arial;\">Pettendi Szab\u00f3 P\u00e9ter: Olyan embereket kerestem, akik a jobb k\u00f6r\u00fclm\u00e9nyek k\u00f6z\u00e9 sz\u00fcletett v\u00e1rosi emberekkel azonos k\u00e9pess\u00e9gekkel rendelkeznek, \u00e1m a hely, ahov\u00e1 sz\u00fclettek, hat\u00e1rozza meg, hogy nem tudnak jobb felt\u00e9teleket teremteni maguknak. Minden helysz\u00ednen el\u0151sz\u00f6r olyan helyi emberrel teremtettem kapcsolatot \u2013 polg\u00e1rmesterrel, lelk\u00e9sszel \u2013, aki meg\u00e9rtve a sz\u00e1nd\u00e9komat, seg\u00edtett helyben megtal\u00e1lni ezeket az embereket, s az \u0151 szem\u00e9ly\u00e9nek hiteless\u00e9ge \u00e9s az \u00e9n \u0151szinte k\u00edv\u00e1ncsis\u00e1gom tette lehet\u0151v\u00e9 a kapcsolatok kialakul\u00e1s\u00e1t. Akkor indulok el egy anyag elk\u00e9sz\u00edt\u00e9s\u00e9re, ha valamiben nagyon nagy hi\u00e1nyt \u00e9rzek, \u00e9s \u00fagy \u00e9rzem, hogy az eszk\u00f6zeimmel k\u00e9pes vagyok tenni ellene.<\/span><br \/>\n<span style=\"font-family: Arial;\">Ezt a h\u00e1tt\u00e9rhaszn\u00e1latot a fotogr\u00e1fia hagyom\u00e1nya is ihlette, hisz egykor v\u00e1ndorfotogr\u00e1fusok j\u00e1rt\u00e1k a vid\u00e9ket, \u00e9s egy v\u00e1gyott vil\u00e1g h\u00e1ttere el\u0151tt k\u00e9sz\u00edtett\u00e9k k\u00e9peiket. Ez egy olyan m\u00e9lyen r\u00f6gz\u00fclt gyakorlat, hogy a k\u00e9pek elk\u00e9sz\u00fclte ut\u00e1n volt, aki megk\u00e9rdezte t\u0151lem, hogy mivel tartozik.<\/span><br \/>\n<span style=\"font-family: Arial;\">\u00d3ri\u00e1si felel\u0151ss\u00e9g a fotogr\u00e1fus\u00e9 \u00e9s m\u00e9g nagyobb a k\u00e9pek fogyaszt\u00f3i\u00e9, hogy ne manipul\u00e1lhass\u00e1k \u0151ket. A hiteless\u00e9g nem az alkalmazott technol\u00f3gi\u00e1n, hanem a g\u00e9pet kezel\u0151 emberen m\u00falik.<\/span><br \/>\n<span style=\"font-family: Arial;\">Sz\u00e1momra akkor van v\u00e9ge egy munk\u00e1nak, amikor az els\u0151 visszacsatol\u00e1st megkapom, az fontos, hogy a k\u00e9peimmel megfogalmazott \u00fczenet hogy megy \u00e1t. Ebb\u0151l a sorozatb\u00f3l k\u00e9t egym\u00e1st k\u00f6vet\u0151 ny\u00e1ron a L\u00e1nch\u00eddon volt ki\u00e1ll\u00edt\u00e1s.<\/span><\/p>\n<p><span style=\"font-family: Arial;\">R\u00e9szletek a k\u00e9rdezz-felelekb\u0151l:<\/span><br \/>\n<i><span style=\"font-family: Arial;\">Tudom, hogy tan\u00edt is, tan\u00edthat\u00f3-e a fotogr\u00e1fia \u00e9s a fotogr\u00e1fusi szem\u00e9let?<\/span><\/i><br \/>\n<span style=\"font-family: Arial;\">P.Sz.P.: A fotogr\u00e1fia tan\u00edthat\u00f3, hogy a fotogr\u00e1fus milyen sz\u00e1nd\u00e9kkal k\u00f6zel\u00edt a t\u00e9m\u00e1hoz, az nem tan\u00edthat\u00f3.<\/span><br \/>\n<i><span style=\"font-family: Arial;\">Hogyan viszonyultak a fot\u00f3kon szerepl\u0151 emberek ahhoz, hogy a k\u00e9pm\u00e1suk m\u00e1r elker\u00fcl Budapestre, de \u0151k tov\u00e1bbra sem?<\/span><\/i><br \/>\n<span style=\"font-family: Arial;\">P.Sz.P.: Az elk\u00e9sz\u00fclt k\u00e9p\u00e9b\u0151l mindenki kapott. A legk\u00e9nyesebb, hogy r\u00e1m b\u00edzt\u00e1k a k\u00e9pm\u00e1suk felhaszn\u00e1l\u00e1s\u00e1t. Az igazi szerepe a fotogr\u00e1fi\u00e1nak az, hogy meg\u00e9rint, em\u00f3ci\u00f3t v\u00e1lt ki, \u00e9s \u00edgy ind\u00edt el gondolatokat, \u00e9s j\u00f3 esetben cselekv\u00e9st.<\/span><br \/>\n<i><span style=\"font-family: Arial;\">Azt mondta, hogy a hi\u00e1ny ind\u00edtja el, de a k\u00e9pek csup\u00e1n a hi\u00e1ny megfogalmaz\u00e1s\u00e1ra, felmutat\u00e1s\u00e1ra k\u00e9pesek.<\/span><\/i><br \/>\n<span style=\"font-family: Arial;\">P.Sz.P.: Igen, de ha mindenki hozz\u00e1teszi a mag\u00e1\u00e9t, akkor tal\u00e1n a hi\u00e1nyos sz\u00f6vet befoltoz\u00f3dik.<\/span><br \/>\n<i><span style=\"font-family: Arial;\">J\u00f3 l\u00e1tni, hogy vannak ilyen fiatal, \u00e9rz\u00e9keny m\u0171v\u00e9szek, csak nagyon kevesen vannak.<\/span><\/i><br \/>\n<span style=\"font-family: Arial;\">P.Sz.P.: Nincsenek kevesen, sz\u00fcletnek izgalmas, j\u00f3 anyagok, csak nem jutnak el a k\u00f6z\u00f6ns\u00e9ghez. T\u0151lem is sokkal t\u00f6bb energi\u00e1t ig\u00e9nyel a munk\u00e1k eljuttat\u00e1sa a k\u00f6z\u00f6ns\u00e9ghez, mint a k\u00e9pek elk\u00e9sz\u00edt\u00e9se.<\/span><br \/>\n<span style=\"font-family: Arial;\">Izgalmas, elgondolkodtat\u00f3 program volt, mindenkinek j\u00f3 sz\u00edvvel aj\u00e1nlom, hogy figyelje Pettendi Szab\u00f3 P\u00e9ter ki\u00e1ll\u00edt\u00e1sait, munk\u00e1it!<\/span><\/p>\n<p><b><span style=\"font-family: Arial;\">2. A nyomor sz\u00e9le \u2013 blogbemutat\u00f3<\/span><\/b><br \/>\n<span style=\"font-family: Arial;\"><a href=\"http:\/\/nyomorszele.blog.fn.hu\/\">http:\/\/nyomorszele.blog.fn.hu<\/a><\/span><br \/>\n<span style=\"font-family: Arial;\">J\u00falius 29.<\/span><br \/>\n<span style=\"font-family: Arial;\">H\u00e1zigazda: Lakatos Kinga<\/span><br \/>\n<img loading=\"lazy\" decoding=\"async\" src=\"http:\/\/kka.hu\/_Kozossegi_Adattar\/PAROLAAR.NSF\/b84c8c861998671e8525670c00815721\/52f50756339922bac12577c0004fdcff\/file\/57.4B56?OpenElement&amp;FieldElemFormat=gif\" width=\"250\" height=\"187\" align=\"right\" \/><b><span style=\"font-family: Arial;\">Vend\u00e9g: L. Rit\u00f3k N\u00f3ra \u00e9s Szekeres Csaba, az \u00d6rv\u00e9ny c. film k\u00e9sz\u00edt\u0151je<\/span><\/b><\/p>\n<p><span style=\"font-family: Arial;\">Szem\u00e9lyes \u00e9lm\u00e9nyem a bloggal kezd\u0151d\u00f6tt. Az Interneten akadtam r\u00e1 egy fantasztikus emberre, L. Rit\u00f3k N\u00f3r\u00e1ra, amikor \u00e9ppen egy elkeseredett hang\u00fa be\u00edr\u00e1s\u00e1t olvastam a blogon egy \u00e1ltaluk seg\u00edtett \u00e9s sz\u00e9p sikert el\u00e9rt kisl\u00e1ny \u00e9let\u00e9nek kil\u00e1t\u00e1stalans\u00e1g\u00e1r\u00f3l. Az\u00f3ta levelez\u00fcnk egym\u00e1ssal \u00e9s ismerkedem a heroikus k\u00fczdelemmel, amit folytat. Ez\u00e9rt is v\u00e1lasztottam, hogy az \u0151 programj\u00e1r\u00f3l k\u00e9sz\u00edtek jegyzetet. Amit kaptam, egy folyamatos k\u00fczdelemben edz\u0151d\u00f6tt ember, akib\u0151l, ahogy a gyerekekre terel\u0151dik a sz\u00f3, \u00e1rad a gy\u00f6ng\u00e9d szeretet.<\/span><\/p>\n<p><span style=\"font-family: Arial;\">N\u00f3ra elmes\u00e9lte, miket csin\u00e1lnak, milyen keretekben \u00e9s hogyan ker\u00fclt sor a blog ind\u00edt\u00e1s\u00e1ra.<\/span><\/p>\n<p><span style=\"font-family: Arial;\">11 \u00e9ve hozt\u00e1k l\u00e9tre az Igazgy\u00f6ngy Alap\u00edtv\u00e1nyt \u00e9s 10 \u00e9ve az iskol\u00e1t.<\/span><\/p>\n<p><span style=\"font-family: Arial;\"><a href=\"http:\/\/www.igazgyongy-alapitvany.hu\/index.php?page=eredm0506.php\">http:\/\/www.igazgyongy-alapitvany.hu\/index.php?page=eredm0506.php<\/a><\/span><\/p>\n<p><span style=\"font-family: Arial;\">Elind\u00edtott\u00e1k az iskol\u00e1t, ahol el\u0151sz\u00f6r a jelentkez\u0151k jobb k\u00f6r\u00fclm\u00e9nyek k\u00f6z\u00f6tt l\u00e9v\u0151 gyerekek voltak. Menet k\u00f6zben \u00e9bredtek r\u00e1 arra, hogy nem akarnak elitiskol\u00e1t. Szerettek volna egy j\u00f3 integr\u00e1ci\u00f3s program szerint dolgozni, amely t\u00fckr\u00f6zi a helyi t\u00e1rsadalmi \u00f6sszet\u00e9telt. M\u0171k\u00f6d\u0151 szoci\u00e1lis \u00e9rz\u00e9kenys\u00e9g\u00fck felismertette vel\u00fck, hogy ezekkel a gyerekekkel \u00e9s sz\u00fcleikkel igaz\u00e1n senki sem t\u00f6r\u0151dik. \u00cdgy h\u00e1rmas feladatot t\u0171ztek maguk el\u00e9, amelyben m\u00e1ig dolgoznak, ezek pedig:<\/span><br \/>\n<span style=\"font-family: Arial;\">\u2013 m\u0171v\u00e9szetoktat\u00e1son kereszt\u00fcli motiv\u00e1l\u00e1s,<\/span><br \/>\n<span style=\"font-family: Arial;\">\u2013 csal\u00e1di probl\u00e9makezel\u00e9s,<\/span><br \/>\n<span style=\"font-family: Arial;\">\u2013 int\u00e9zm\u00e9nyi kooper\u00e1ci\u00f3.<\/span><\/p>\n<p><span style=\"font-family: Arial;\">Mik\u00f6zben ezt a munk\u00e1t v\u00e9gezte N\u00f3ra, folyamatosan sz\u00fcks\u00e9g\u00e9t \u00e9rezte a tapasztalatok publik\u00e1l\u00e1s\u00e1nak. \u00c9l benne a rem\u00e9ny, hogy ez\u00e1ltal egyre t\u00f6bb embert lehet a val\u00f3s\u00e1gra r\u00e1\u00e9breszteni \u00e9s hasonl\u00f3 cselekv\u00e9sekre sarkallni a sz\u00f6rny\u0171 \u00e9lethelyzeteket konzerv\u00e1l\u00f3 int\u00e9zm\u00e9nyi rendszerekkel szemben.<\/span><\/p>\n<p><span style=\"font-family: Arial;\">Oszt\u00e1lyf\u0151n\u00f6k\u00f6k Orsz\u00e1gos szakmai Egyes\u00fclete<\/span><\/p>\n<p><span style=\"font-family: Arial;\">Bukd\u00e1csol\u00f3 es\u00e9lyegyenl\u0151s\u00e9g rovat\u00e1t rendszeresen \u00edrja, ennek alapj\u00e1n k\u00e9rte fel az fn.hu szerkeszt\u0151je a\u00a0<\/span><span style=\"font-family: Arial;\"><a href=\"http:\/\/nyomorszele.blog.fn.hu\/\">http:\/\/nyomorszele.blog.fn.hu<\/a><\/span><span style=\"font-family: Arial;\">\u00a0elind\u00edt\u00e1s\u00e1ra. Ezt 2009 november\u00e9ben kezdte el, eleinte szabad reag\u00e1l\u00e1sokat v\u00e1llalva, az al\u00e1bbi \u00f6nmeghat\u00e1roz\u00e1ssal az oldalon:<\/span><\/p>\n<p><span style=\"font-family: Arial;\">\u201eNap mint nap tapasztalom k\u00f6zvetlen k\u00f6rnyezetemben, hogy a m\u00e9lyszeg\u00e9nys\u00e9gben \u00e9l\u0151knek es\u00e9ly\u00fck, s\u0151t rem\u00e9ny\u00fck sincs a min\u0151s\u00e9gi \u00e9letre. Ismerem az oktat\u00e1s, a szoci\u00e1lis szf\u00e9ra \u00e9s az eg\u00e9szs\u00e9g\u00fcgy egym\u00e1ssal p\u00e1rhuzamosan fut\u00f3, egym\u00e1st er\u0151s\u00edteni k\u00e9ptelen programjait. \u00c9rz\u00e9kelem a hivatali \u00e9s az emberi szeml\u00e9let k\u00f6z\u00f6tt t\u00e1tong\u00f3 m\u00e9rhetetlen \u0171rt. Azt akarom, hogy v\u00e1ltozzanak a dolgok, ez\u00e9rt kezdtem \u00edrni ezt a napl\u00f3t.\u201d<\/span><\/p>\n<p><span style=\"font-family: Arial;\">Hamarosan szomor\u00fa tapasztalatra tett szert, mert be\u00edr\u00e1saira olyan mocskol\u00f3d\u00f3 v\u00e1laszok sz\u00fclettek, amelynek sem \u0151, sem az oldal fenntart\u00f3ja nem k\u00edv\u00e1nt teret biztos\u00edtani. \u00cdgy egy h\u00f3nap ut\u00e1n ezt volt k\u00e9nytelen megjelentetni:<\/span><\/p>\n<p><span style=\"font-family: Arial;\">\u201eA blog gazd\u00e1ja, az\u00a0<\/span><i><span style=\"font-family: Arial;\">fn.hu<\/span><\/i><span style=\"font-family: Arial;\">\u00a0\u00e1tmenetileg nem enged\u00e9lyezi kommentek \u00edr\u00e1s\u00e1t ehhez a bloghoz. Az ut\u00f3bbi id\u0151ben sok n\u00e9vtelen, gy\u0171l\u00f6lk\u00f6d\u0151, \u00e9rvek \u00e9s gondolatok n\u00e9lk\u00fcli hozz\u00e1sz\u00f3l\u00e1s \u00e9rkezett. Meg\u00e9rt\u00e9s\u00fcket k\u00f6sz\u00f6nj\u00fck! Ha meg akarja osztani gondolatait a t\u00e9m\u00e1val kapcsolatban vel\u00fcnk, az al\u00e1bbi e-mailc\u00edmre \u00edrhatnak: nyomorszele@sanomabp.hu<\/span><\/p>\n<p><span style=\"font-family: Arial;\">N\u00f3ra mes\u00e9lt a falur\u00f3l, Toldr\u00f3l, ahol az integr\u00e1ci\u00f3s modellt kidolgozni \u00e9s megval\u00f3s\u00edtani k\u00edv\u00e1nj\u00e1k. Ez egy 400 lelkes telep\u00fcl\u00e9s, amelynek a fele cig\u00e1ny, \u00e9s m\u00e1jusban 15 embernek volt \u00f6sszesen munk\u00e1ja. Utalt az Ny\u00e1ri Egyetemen is bemutatott, \u00e1ltala is inspir\u00e1lt\u00a0<\/span><i><span style=\"font-family: Arial;\">\u00d6rv\u00e9ny<\/span><\/i><span style=\"font-family: Arial;\">\u00a0c\u00edm\u0171 filmre, mes\u00e9lt a filmben megmutatott \u00e9letekr\u0151l, a sztereot\u00edpi\u00e1knak a megismertet\u00e9s \u00e1ltal lehets\u00e9ges lebont\u00e1s\u00e1r\u00f3l, arr\u00f3l, hogy a sok gyerek nem csup\u00e1n sz\u00e1nd\u00e9kos v\u00e1llal\u00e1s, hanem az orvoshoz val\u00f3 eljut\u00e1s t\u00e1vols\u00e1gb\u00f3l fakad\u00f3 anyagi neh\u00e9zs\u00e9g\u00e9nek, a fogamz\u00e1sg\u00e1tl\u00e1s anyagi korl\u00e1tainak k\u00f6vetkezm\u00e9nye is. Arr\u00f3l, hogy az \u00fcgyint\u00e9z\u00e9sben, \u00e1llampolg\u00e1ri jogaik gyakorl\u00e1s\u00e1ban az \u00edr\u00e1studatlans\u00e1g \u00e9s a t\u00e1voli hivatalokhoz val\u00f3 eljut\u00e1s anyagi neh\u00e9zs\u00e9ge, sokszor lehetetlens\u00e9ge akad\u00e1lyozza ezeket az embereket. A hivatalok pedig hamar r\u00e1juk s\u00fctik, hogy az\u00e9rt nem mennek el az \u00fcgyet int\u00e9zni, mert \u00e9rdektelenek. A hivatal emberei nem \u00e9rzik feladatuknak az itteni emberek helyzet\u00e9nek val\u00f3di megismer\u00e9s\u00e9t.<\/span><\/p>\n<p><span style=\"font-family: Arial;\">Szerencs\u00e9re \u00f6r\u00f6mteli t\u00f6rt\u00e9n\u00e9sek is \u00f6vezik ezt az utat. Besz\u00e1molt arr\u00f3l, hogy a blog \u00edr\u00e1s\u00e1nak megkezd\u00e9se \u00f3ta t\u00f6bb t\u00e1mogat\u00e1st is kaptak, amivel seg\u00edteni tudj\u00e1k az embereket adom\u00e1nyokkal, gyerekeknek szervezett programokkal is.<\/span><\/p>\n<p><b><span style=\"font-family: Arial;\">3. Szeg\u00e9nys\u00e9gr\u0151l m\u00e1sk\u00e9pp<\/span><\/b><br \/>\n<span style=\"font-family: Arial;\">2010. j\u00falius 30.<\/span><br \/>\n<span style=\"font-family: Arial;\">H\u00e1zigazda:\u00a0<\/span><i><span style=\"font-family: Arial;\">Kov\u00e1cs Edit<\/span><\/i><\/p>\n<p><span style=\"font-family: Arial;\">A Kurt Lewin Alap\u00edtv\u00e1ny (<\/span><span style=\"font-family: Arial;\"><a href=\"http:\/\/www.kla.hu\/\">http:\/\/www.kla.hu<\/a><\/span><span style=\"font-family: Arial;\">) m\u0171k\u00f6d\u00e9s\u00e9t, c\u00e9ljait \u00e9s k\u00e9t, szolidarit\u00e1st el\u0151seg\u00edt\u0151 alternat\u00edv programj\u00e1t\u00a0<\/span><b><span style=\"font-family: Arial;\">Szeger Katalin<\/span><\/b><span style=\"font-family: Arial;\">, az Alap\u00edtv\u00e1ny munkat\u00e1rsa mutatta be.<\/span><\/p>\n<p><span style=\"font-family: Arial;\">Kezd\u00e9sk\u00e9nt fizikailag \u00e9s szellemileg is megmozgatta a hallgat\u00f3s\u00e1got. Kijelent\u00e9sekr\u0151l kellett eld\u00f6nten\u00fcnk, hogy azokkal egyet\u00e9rt\u00fcnk, nem \u00e9rt\u00fcnk egyet, vagy nem tudunk, nem k\u00edv\u00e1nunk \u00e1ll\u00e1st foglalni a t\u00e9m\u00e1ban. Az\u00a0<\/span><i><span style=\"font-family: Arial;\">igen<\/span><\/i><span style=\"font-family: Arial;\">\u00a0vagy\u00a0<\/span><i><span style=\"font-family: Arial;\">nem\u00a0<\/span><\/i><span style=\"font-family: Arial;\">oldalra \u00e1ll\u00f3k \u00e9rvelhettek a d\u00f6nt\u00e9s\u00fck mellett, az \u00e1ll\u00e1st nem foglal\u00f3k pedig k\u00f6z\u00e9pen maradva \u00e9s az \u00e9rvel\u00e9si lehet\u0151s\u00e9gt\u0151l megfosztva hallgatt\u00e1k a t\u00f6bbieket.<\/span><\/p>\n<p><span style=\"font-family: Arial;\">Tanuls\u00e1gos \u00e9lm\u00e9ny volt, k\u00f6zelebb ker\u00fclt\u00fcnk ahhoz a gondolkod\u00e1sm\u00f3dhoz, ami az alap\u00edtv\u00e1ny munkat\u00e1rsainak saj\u00e1tja.<\/span><\/p>\n<p><span style=\"font-family: Arial;\">\u201eA Kurt Lewin Alap\u00edtv\u00e1ny f\u00fcggetlen, k\u00f6zhaszn\u00fa civil szervezet. Partnereinkkel val\u00f3 szoros egy\u00fcttm\u0171k\u00f6d\u00e9sben hozz\u00e1 k\u00edv\u00e1nunk j\u00e1rulni a demokratikus t\u00e1rsadalom meger\u0151s\u00f6d\u00e9s\u00e9hez, a tolerancia n\u00f6vel\u00e9s\u00e9hez \u00e9s felel\u0151s t\u00e1rsadalmi befektet\u00e9sek l\u00e9trej\u00f6tt\u00e9hez. C\u00e9ljainkat az akt\u00edv \u00e1llampolg\u00e1ri r\u00e9szv\u00e9telhez sz\u00fcks\u00e9ges ismeretek, illetve k\u00e9szs\u00e9gek terjeszt\u00e9s\u00e9vel, t\u00e1rsadalmi p\u00e1rbesz\u00e9d \u00f6szt\u00f6nz\u00e9s\u00e9vel szolg\u00e1ljuk \u2013 mindenekel\u0151tt a kritikus gondolkod\u00e1s fejleszt\u00e9s\u00e9vel.<\/span><\/p>\n<p><b><i><span style=\"font-family: Arial;\">C\u00e9lunk:<\/span><\/i><\/b><\/p>\n<p><span style=\"font-family: Arial;\">&#8211;\u00a0<\/span><span style=\"font-family: Arial;\">N\u00f6velni a t\u00e1rsadalmi \u00e9s \u00e1llampolg\u00e1ri ismeretekhez, k\u00e9szs\u00e9gekhez val\u00f3 hozz\u00e1jut\u00e1s es\u00e9ly\u00e9t,<\/span><br \/>\n<span style=\"font-family: Arial;\">&#8211;\u00a0<\/span><span style=\"font-family: Arial;\">Megel\u0151zni a t\u00e1rsadalmi egy\u00fctt\u00e9l\u00e9s sor\u00e1n kialakul\u00f3 csoportk\u00f6zi konfliktusok elm\u00e9rgesed\u00e9s\u00e9t,<\/span><br \/>\n<span style=\"font-family: Arial;\">&#8211;\u00a0<\/span><span style=\"font-family: Arial;\">N\u00f6velni az \u00e1llampolg\u00e1rok t\u00e1rsadalmi aktivit\u00e1s\u00e1t.\u201d<\/span><span style=\"font-family: Arial;\">Id\u00e9zet a Kurt Lenvin Alap\u00edtv\u00e1ny honlapj\u00e1r\u00f3l.<\/span><\/p>\n<p><span style=\"font-family: Arial;\">Programjaikat, kiadv\u00e1nyaikat is ez a gondolat alapozza meg.<\/span><\/p>\n<p><span style=\"font-family: Arial;\">Katalin El\u0151sz\u00f6r a 100 legszeg\u00e9nyebb magyar\u00a0<\/span><span style=\"font-family: Arial;\"><a href=\"http:\/\/www.100legszegenyebb.hu\/\">http:\/\/www.100legszegenyebb.hu<\/a><\/span><span style=\"font-family: Arial;\">\u00a0kiadv\u00e1nyt \u00e9s programot mutatta be.<\/span><\/p>\n<p><span style=\"font-family: Arial;\">K\u00e9t filmet is l\u00e1ttunk: a\u00a0<\/span><b><span style=\"font-family: Arial;\">YouTube-<\/span><\/b><span style=\"font-family: Arial;\">on hajl\u00e9ktalanok osztanak \u00e9telt hajl\u00e9ktalanoknak, a m\u00e1sikon egy budapesti \u00e9s egy balassagyarmati hajl\u00e9ktalan csoport tal\u00e1lkozott, egy\u00fctt s\u00fct\u00f6ttek s\u00fctem\u00e9nyt, csomagolt\u00e1k, majd az utc\u00e1n nem hajl\u00e9ktalanoknak osztott\u00e1k. (<\/span><span style=\"font-family: Arial;\"><a href=\"http:\/\/www.resalapitvany.hu\/index.php\/hu\/rolunkirtak.html\">http:\/\/www.resalapitvany.hu\/index.php\/hu\/rolunkirtak.html<\/a><\/span><span style=\"font-family: Arial;\">)<\/span><\/p>\n<p><span style=\"font-family: Arial;\">A filmeket n\u00e9zve az fogalmaz\u00f3dott meg bennem, hogy a program ezeknek az embereknek nem csup\u00e1n a m\u00e1sk\u00e9nt megmutatkoz\u00e1s lehet\u0151s\u00e9g\u00e9t adta, hanem meger\u0151s\u00edtett\u00e9k a r\u00e9sztvev\u0151ket is abban, hogy \u0151k is k\u00e9pesek m\u00e1s szerepk\u00f6rbe ker\u00fclni \u00e9s adni. A s\u00fct\u00e9s sor\u00e1n felhaszn\u00e1lt konyhai eszk\u00f6zhelyettes\u00edt\u0151kre k\u00fcl\u00f6n is \u00e9rdemes figyelni.<\/span><\/p>\n<p><span style=\"font-family: Arial;\">A program tartalmazott a kiadv\u00e1nyon k\u00edv\u00fcl egy fot\u00f3p\u00e1ly\u00e1zatot is: \u201e100 legszeg\u00e9nyebb \u2013 ahogy te l\u00e1tod\u201d. Az Alap\u00edtv\u00e1ny weboldal\u00e1n l\u00e1that\u00f3 a nyertes k\u00e9p \u00e9s a p\u00e1ly\u00e1zat bemutat\u00e1sa.<\/span><\/p>\n<p><span style=\"font-family: Arial;\">Katalin elmondta, hogy mind a fot\u00f3p\u00e1ly\u00e1zat, mind a k\u00f6vetkez\u0151ben bemutatott \u201e\u00d6nk\u00e9ntess\u00e9ggel a roma integr\u00e1ci\u00f3\u00e9rt&#8221; videop\u00e1ly\u00e1zatra val\u00f3 felk\u00e9sz\u00fcl\u00e9s, valamint a szavaz\u00e1s el\u0151k\u00e9sz\u00edt\u00e9si folyamata a jelentkez\u0151knek nem csup\u00e1n a szeml\u00e9letet, a foto- \u00e9s videok\u00e9sz\u00edt\u00e9s technik\u00e1it, hanem az eredm\u00e9nyes lobbiz\u00e1st, az internetfelhaszn\u00e1l\u00e1s\u00e1t, a csoportok mozg\u00f3s\u00edt\u00e1s\u00e1nak technik\u00e1it is tan\u00edtott\u00e1k. Mindezzel az akt\u00edv \u00e1llampolg\u00e1rs\u00e1g k\u00e9pess\u00e9g\u00e9nek er\u0151s\u00edt\u00e9s\u00e9t k\u00edv\u00e1nt\u00e1k el\u00e9rni.<\/span><\/p>\n<p><span style=\"font-family: Arial;\">Bemutatta a b\u00e9k\u00e9scsabai programjukat is, ahol a v\u00e1ros polg\u00e1rai, int\u00e9zm\u00e9nyeinek vezet\u0151i \u00e9s dolgoz\u00f3i az es\u00e9lyegyenl\u0151s\u00e9g megteremt\u00e9s\u00e9\u00e9rt dolgoznak. Tev\u00e9kenys\u00e9g\u00fck \u00e9ppen att\u00f3l demokratikus, hogy folyamatosan keresik a megold\u00e1st, m\u00e9gsem \u00e1ll\u00edtj\u00e1k, hogy k\u00e9sz v\u00e1laszokkal rendelkezn\u00e9nek. Ez a program az 1perspektiva:\u00a0<\/span><span style=\"font-family: Arial;\"><a href=\"http:\/\/www.1perspektiva.hu\/\">http:\/\/www.1perspektiva.hu<\/a><\/span><\/p>\n<p><span style=\"font-family: Arial;\">A program v\u00e9geredm\u00e9nye a k\u00f6z\u00f6sen l\u00e9trehozott etikai k\u00f3dex \u00e9s a m\u00f3dszerek gy\u0171jtem\u00e9nye, amelyek szint\u00e9n az oldalon olvashat\u00f3ak.<\/span><\/p>\n<p><span style=\"font-family: Arial;\">Katalin fontosnak tartotta kiemelni azt is, hogy a k\u00fcl\u00f6nb\u00f6z\u0151 t\u00e1rsadalmi csoportok k\u00f6z\u00f6tt a besz\u00e9lget\u00e9s, a megismer\u00e9s fontos, s ezt az Alap\u00edtv\u00e1ny kommunik\u00e1ci\u00f3s, kapacit\u00e1sfejleszt\u0151, medi\u00e1ci\u00f3s k\u00e9pz\u00e9sekkel seg\u00edti.<\/span><\/p>\n","protected":false},"excerpt":{"rendered":"<p>1. J\u00e1rt\u00e1l-e m\u00e1r Budapesten? 2010. j\u00falius 28. Bemutat\u00f3\u00a0Pettendi Szab\u00f3 P\u00e9ter\u00a0fot\u00f3gy\u0171jtem\u00e9ny\u00e9b\u0151l, s az azt k\u00eds\u00e9r\u0151 vide\u00f3anyagb\u00f3l. H\u00e1zigazda:\u00a0Sain M\u00e1ty\u00e1s<\/p>\n","protected":false},"author":253,"featured_media":2185,"comment_status":"open","ping_status":"open","sticky":false,"template":"","format":"standard","meta":{"_acf_changed":false,"footnotes":""},"categories":[378,8,7],"tags":[],"coauthors":[311],"class_list":["post-2436","post","type-post","status-publish","format-standard","has-post-thumbnail","hentry","category-parola-2010-3","category-parola-folyoirat","category-repertorium"],"acf":[],"yoast_head":"<!-- This site is optimized with the Yoast SEO plugin v26.7 - https:\/\/yoast.com\/wordpress\/plugins\/seo\/ -->\n<title>JEGYZETT\u00d6MB \u2013 VELENCZEI \u00c1GNES 3 JEGYZETE A VII. NY\u00c1RI EGYETEMEN - Parola Foly\u00f3irat<\/title>\n<meta name=\"robots\" content=\"index, follow, max-snippet:-1, max-image-preview:large, max-video-preview:-1\" \/>\n<link rel=\"canonical\" href=\"https:\/\/kofe.hu\/parola\/parola-folyoirat\/jegyzettomb-velenczei-agnes-3-jegyzete-a-vii-nyari-egyetemen\/\" \/>\n<meta property=\"og:locale\" content=\"hu_HU\" \/>\n<meta property=\"og:type\" content=\"article\" \/>\n<meta property=\"og:title\" content=\"JEGYZETT\u00d6MB \u2013 VELENCZEI \u00c1GNES 3 JEGYZETE A VII. NY\u00c1RI EGYETEMEN - Parola Foly\u00f3irat\" \/>\n<meta property=\"og:description\" content=\"1. J\u00e1rt\u00e1l-e m\u00e1r Budapesten? 2010. j\u00falius 28. Bemutat\u00f3\u00a0Pettendi Szab\u00f3 P\u00e9ter\u00a0fot\u00f3gy\u0171jtem\u00e9ny\u00e9b\u0151l, s az azt k\u00eds\u00e9r\u0151 vide\u00f3anyagb\u00f3l. H\u00e1zigazda:\u00a0Sain M\u00e1ty\u00e1s\" \/>\n<meta property=\"og:url\" content=\"https:\/\/kofe.hu\/parola\/parola-folyoirat\/jegyzettomb-velenczei-agnes-3-jegyzete-a-vii-nyari-egyetemen\/\" \/>\n<meta property=\"og:site_name\" content=\"Parola Foly\u00f3irat\" \/>\n<meta property=\"article:published_time\" content=\"2020-06-25T16:28:00+00:00\" \/>\n<meta property=\"article:modified_time\" content=\"2020-07-30T11:40:03+00:00\" \/>\n<meta property=\"og:image\" content=\"https:\/\/kofe.hu\/parola\/wp-content\/uploads\/2020\/06\/Velenczei-\u00c1gnes.gif\" \/>\n\t<meta property=\"og:image:width\" content=\"324\" \/>\n\t<meta property=\"og:image:height\" content=\"288\" \/>\n\t<meta property=\"og:image:type\" content=\"image\/gif\" \/>\n<meta name=\"author\" content=\"Velenczei \u00c1gnes\" \/>\n<meta name=\"twitter:card\" content=\"summary_large_image\" \/>\n<meta name=\"twitter:label1\" content=\"Szerz\u0151:\" \/>\n\t<meta name=\"twitter:data1\" content=\"Velenczei \u00c1gnes\" \/>\n\t<meta name=\"twitter:label2\" content=\"Becs\u00fclt olvas\u00e1si id\u0151\" \/>\n\t<meta name=\"twitter:data2\" content=\"15 perc\" \/>\n\t<meta name=\"twitter:label3\" content=\"Written by\" \/>\n\t<meta name=\"twitter:data3\" content=\"Velenczei \u00c1gnes\" \/>\n<script type=\"application\/ld+json\" class=\"yoast-schema-graph\">{\"@context\":\"https:\/\/schema.org\",\"@graph\":[{\"@type\":\"Article\",\"@id\":\"https:\/\/kofe.hu\/parola\/parola-folyoirat\/jegyzettomb-velenczei-agnes-3-jegyzete-a-vii-nyari-egyetemen\/#article\",\"isPartOf\":{\"@id\":\"https:\/\/kofe.hu\/parola\/parola-folyoirat\/jegyzettomb-velenczei-agnes-3-jegyzete-a-vii-nyari-egyetemen\/\"},\"author\":{\"name\":\"Velenczei \u00c1gnes\",\"@id\":\"https:\/\/kofe.hu\/parola\/#\/schema\/person\/14496937fb60a3a6fadaaeaa105a4f94\"},\"headline\":\"JEGYZETT\u00d6MB \u2013 VELENCZEI \u00c1GNES 3 JEGYZETE A VII. NY\u00c1RI EGYETEMEN\",\"datePublished\":\"2020-06-25T16:28:00+00:00\",\"dateModified\":\"2020-07-30T11:40:03+00:00\",\"mainEntityOfPage\":{\"@id\":\"https:\/\/kofe.hu\/parola\/parola-folyoirat\/jegyzettomb-velenczei-agnes-3-jegyzete-a-vii-nyari-egyetemen\/\"},\"wordCount\":3018,\"commentCount\":0,\"image\":{\"@id\":\"https:\/\/kofe.hu\/parola\/parola-folyoirat\/jegyzettomb-velenczei-agnes-3-jegyzete-a-vii-nyari-egyetemen\/#primaryimage\"},\"thumbnailUrl\":\"https:\/\/kofe.hu\/parola\/wp-content\/uploads\/2020\/06\/Velenczei-\u00c1gnes.gif\",\"articleSection\":[\"Parola 2010\/3\",\"Parola Foly\u00f3irat\",\"Repert\u00f3rium\"],\"inLanguage\":\"hu\",\"potentialAction\":[{\"@type\":\"CommentAction\",\"name\":\"Comment\",\"target\":[\"https:\/\/kofe.hu\/parola\/parola-folyoirat\/jegyzettomb-velenczei-agnes-3-jegyzete-a-vii-nyari-egyetemen\/#respond\"]}]},{\"@type\":\"WebPage\",\"@id\":\"https:\/\/kofe.hu\/parola\/parola-folyoirat\/jegyzettomb-velenczei-agnes-3-jegyzete-a-vii-nyari-egyetemen\/\",\"url\":\"https:\/\/kofe.hu\/parola\/parola-folyoirat\/jegyzettomb-velenczei-agnes-3-jegyzete-a-vii-nyari-egyetemen\/\",\"name\":\"JEGYZETT\u00d6MB \u2013 VELENCZEI \u00c1GNES 3 JEGYZETE A VII. NY\u00c1RI EGYETEMEN - Parola Foly\u00f3irat\",\"isPartOf\":{\"@id\":\"https:\/\/kofe.hu\/parola\/#website\"},\"primaryImageOfPage\":{\"@id\":\"https:\/\/kofe.hu\/parola\/parola-folyoirat\/jegyzettomb-velenczei-agnes-3-jegyzete-a-vii-nyari-egyetemen\/#primaryimage\"},\"image\":{\"@id\":\"https:\/\/kofe.hu\/parola\/parola-folyoirat\/jegyzettomb-velenczei-agnes-3-jegyzete-a-vii-nyari-egyetemen\/#primaryimage\"},\"thumbnailUrl\":\"https:\/\/kofe.hu\/parola\/wp-content\/uploads\/2020\/06\/Velenczei-\u00c1gnes.gif\",\"datePublished\":\"2020-06-25T16:28:00+00:00\",\"dateModified\":\"2020-07-30T11:40:03+00:00\",\"author\":{\"@id\":\"https:\/\/kofe.hu\/parola\/#\/schema\/person\/14496937fb60a3a6fadaaeaa105a4f94\"},\"breadcrumb\":{\"@id\":\"https:\/\/kofe.hu\/parola\/parola-folyoirat\/jegyzettomb-velenczei-agnes-3-jegyzete-a-vii-nyari-egyetemen\/#breadcrumb\"},\"inLanguage\":\"hu\",\"potentialAction\":[{\"@type\":\"ReadAction\",\"target\":[\"https:\/\/kofe.hu\/parola\/parola-folyoirat\/jegyzettomb-velenczei-agnes-3-jegyzete-a-vii-nyari-egyetemen\/\"]}]},{\"@type\":\"ImageObject\",\"inLanguage\":\"hu\",\"@id\":\"https:\/\/kofe.hu\/parola\/parola-folyoirat\/jegyzettomb-velenczei-agnes-3-jegyzete-a-vii-nyari-egyetemen\/#primaryimage\",\"url\":\"https:\/\/kofe.hu\/parola\/wp-content\/uploads\/2020\/06\/Velenczei-\u00c1gnes.gif\",\"contentUrl\":\"https:\/\/kofe.hu\/parola\/wp-content\/uploads\/2020\/06\/Velenczei-\u00c1gnes.gif\",\"width\":324,\"height\":288},{\"@type\":\"BreadcrumbList\",\"@id\":\"https:\/\/kofe.hu\/parola\/parola-folyoirat\/jegyzettomb-velenczei-agnes-3-jegyzete-a-vii-nyari-egyetemen\/#breadcrumb\",\"itemListElement\":[{\"@type\":\"ListItem\",\"position\":1,\"name\":\"Home\",\"item\":\"https:\/\/kofe.hu\/parola\/\"},{\"@type\":\"ListItem\",\"position\":2,\"name\":\"JEGYZETT\u00d6MB \u2013 VELENCZEI \u00c1GNES 3 JEGYZETE A VII. NY\u00c1RI EGYETEMEN\"}]},{\"@type\":\"WebSite\",\"@id\":\"https:\/\/kofe.hu\/parola\/#website\",\"url\":\"https:\/\/kofe.hu\/parola\/\",\"name\":\"Parola Foly\u00f3irat\",\"description\":\"\",\"potentialAction\":[{\"@type\":\"SearchAction\",\"target\":{\"@type\":\"EntryPoint\",\"urlTemplate\":\"https:\/\/kofe.hu\/parola\/?s={search_term_string}\"},\"query-input\":{\"@type\":\"PropertyValueSpecification\",\"valueRequired\":true,\"valueName\":\"search_term_string\"}}],\"inLanguage\":\"hu\"},{\"@type\":\"Person\",\"@id\":\"https:\/\/kofe.hu\/parola\/#\/schema\/person\/14496937fb60a3a6fadaaeaa105a4f94\",\"name\":\"Velenczei \u00c1gnes\",\"image\":{\"@type\":\"ImageObject\",\"inLanguage\":\"hu\",\"@id\":\"https:\/\/kofe.hu\/parola\/#\/schema\/person\/image\/23494c9101089ad44ae88ce9d2f56aac\",\"url\":\"https:\/\/secure.gravatar.com\/avatar\/?s=96&d=mm&r=g\",\"contentUrl\":\"https:\/\/secure.gravatar.com\/avatar\/?s=96&d=mm&r=g\",\"caption\":\"Velenczei \u00c1gnes\"},\"url\":\"https:\/\/kofe.hu\/parola\/szerzok\/velenczei-agnes\/\"}]}<\/script>\n<!-- \/ Yoast SEO plugin. -->","yoast_head_json":{"title":"JEGYZETT\u00d6MB \u2013 VELENCZEI \u00c1GNES 3 JEGYZETE A VII. NY\u00c1RI EGYETEMEN - Parola Foly\u00f3irat","robots":{"index":"index","follow":"follow","max-snippet":"max-snippet:-1","max-image-preview":"max-image-preview:large","max-video-preview":"max-video-preview:-1"},"canonical":"https:\/\/kofe.hu\/parola\/parola-folyoirat\/jegyzettomb-velenczei-agnes-3-jegyzete-a-vii-nyari-egyetemen\/","og_locale":"hu_HU","og_type":"article","og_title":"JEGYZETT\u00d6MB \u2013 VELENCZEI \u00c1GNES 3 JEGYZETE A VII. NY\u00c1RI EGYETEMEN - Parola Foly\u00f3irat","og_description":"1. J\u00e1rt\u00e1l-e m\u00e1r Budapesten? 2010. j\u00falius 28. Bemutat\u00f3\u00a0Pettendi Szab\u00f3 P\u00e9ter\u00a0fot\u00f3gy\u0171jtem\u00e9ny\u00e9b\u0151l, s az azt k\u00eds\u00e9r\u0151 vide\u00f3anyagb\u00f3l. H\u00e1zigazda:\u00a0Sain M\u00e1ty\u00e1s","og_url":"https:\/\/kofe.hu\/parola\/parola-folyoirat\/jegyzettomb-velenczei-agnes-3-jegyzete-a-vii-nyari-egyetemen\/","og_site_name":"Parola Foly\u00f3irat","article_published_time":"2020-06-25T16:28:00+00:00","article_modified_time":"2020-07-30T11:40:03+00:00","og_image":[{"width":324,"height":288,"url":"https:\/\/kofe.hu\/parola\/wp-content\/uploads\/2020\/06\/Velenczei-\u00c1gnes.gif","type":"image\/gif"}],"author":"Velenczei \u00c1gnes","twitter_card":"summary_large_image","twitter_misc":{"Szerz\u0151:":"Velenczei \u00c1gnes","Becs\u00fclt olvas\u00e1si id\u0151":"15 perc","Written by":"Velenczei \u00c1gnes"},"schema":{"@context":"https:\/\/schema.org","@graph":[{"@type":"Article","@id":"https:\/\/kofe.hu\/parola\/parola-folyoirat\/jegyzettomb-velenczei-agnes-3-jegyzete-a-vii-nyari-egyetemen\/#article","isPartOf":{"@id":"https:\/\/kofe.hu\/parola\/parola-folyoirat\/jegyzettomb-velenczei-agnes-3-jegyzete-a-vii-nyari-egyetemen\/"},"author":{"name":"Velenczei \u00c1gnes","@id":"https:\/\/kofe.hu\/parola\/#\/schema\/person\/14496937fb60a3a6fadaaeaa105a4f94"},"headline":"JEGYZETT\u00d6MB \u2013 VELENCZEI \u00c1GNES 3 JEGYZETE A VII. NY\u00c1RI EGYETEMEN","datePublished":"2020-06-25T16:28:00+00:00","dateModified":"2020-07-30T11:40:03+00:00","mainEntityOfPage":{"@id":"https:\/\/kofe.hu\/parola\/parola-folyoirat\/jegyzettomb-velenczei-agnes-3-jegyzete-a-vii-nyari-egyetemen\/"},"wordCount":3018,"commentCount":0,"image":{"@id":"https:\/\/kofe.hu\/parola\/parola-folyoirat\/jegyzettomb-velenczei-agnes-3-jegyzete-a-vii-nyari-egyetemen\/#primaryimage"},"thumbnailUrl":"https:\/\/kofe.hu\/parola\/wp-content\/uploads\/2020\/06\/Velenczei-\u00c1gnes.gif","articleSection":["Parola 2010\/3","Parola Foly\u00f3irat","Repert\u00f3rium"],"inLanguage":"hu","potentialAction":[{"@type":"CommentAction","name":"Comment","target":["https:\/\/kofe.hu\/parola\/parola-folyoirat\/jegyzettomb-velenczei-agnes-3-jegyzete-a-vii-nyari-egyetemen\/#respond"]}]},{"@type":"WebPage","@id":"https:\/\/kofe.hu\/parola\/parola-folyoirat\/jegyzettomb-velenczei-agnes-3-jegyzete-a-vii-nyari-egyetemen\/","url":"https:\/\/kofe.hu\/parola\/parola-folyoirat\/jegyzettomb-velenczei-agnes-3-jegyzete-a-vii-nyari-egyetemen\/","name":"JEGYZETT\u00d6MB \u2013 VELENCZEI \u00c1GNES 3 JEGYZETE A VII. NY\u00c1RI EGYETEMEN - Parola Foly\u00f3irat","isPartOf":{"@id":"https:\/\/kofe.hu\/parola\/#website"},"primaryImageOfPage":{"@id":"https:\/\/kofe.hu\/parola\/parola-folyoirat\/jegyzettomb-velenczei-agnes-3-jegyzete-a-vii-nyari-egyetemen\/#primaryimage"},"image":{"@id":"https:\/\/kofe.hu\/parola\/parola-folyoirat\/jegyzettomb-velenczei-agnes-3-jegyzete-a-vii-nyari-egyetemen\/#primaryimage"},"thumbnailUrl":"https:\/\/kofe.hu\/parola\/wp-content\/uploads\/2020\/06\/Velenczei-\u00c1gnes.gif","datePublished":"2020-06-25T16:28:00+00:00","dateModified":"2020-07-30T11:40:03+00:00","author":{"@id":"https:\/\/kofe.hu\/parola\/#\/schema\/person\/14496937fb60a3a6fadaaeaa105a4f94"},"breadcrumb":{"@id":"https:\/\/kofe.hu\/parola\/parola-folyoirat\/jegyzettomb-velenczei-agnes-3-jegyzete-a-vii-nyari-egyetemen\/#breadcrumb"},"inLanguage":"hu","potentialAction":[{"@type":"ReadAction","target":["https:\/\/kofe.hu\/parola\/parola-folyoirat\/jegyzettomb-velenczei-agnes-3-jegyzete-a-vii-nyari-egyetemen\/"]}]},{"@type":"ImageObject","inLanguage":"hu","@id":"https:\/\/kofe.hu\/parola\/parola-folyoirat\/jegyzettomb-velenczei-agnes-3-jegyzete-a-vii-nyari-egyetemen\/#primaryimage","url":"https:\/\/kofe.hu\/parola\/wp-content\/uploads\/2020\/06\/Velenczei-\u00c1gnes.gif","contentUrl":"https:\/\/kofe.hu\/parola\/wp-content\/uploads\/2020\/06\/Velenczei-\u00c1gnes.gif","width":324,"height":288},{"@type":"BreadcrumbList","@id":"https:\/\/kofe.hu\/parola\/parola-folyoirat\/jegyzettomb-velenczei-agnes-3-jegyzete-a-vii-nyari-egyetemen\/#breadcrumb","itemListElement":[{"@type":"ListItem","position":1,"name":"Home","item":"https:\/\/kofe.hu\/parola\/"},{"@type":"ListItem","position":2,"name":"JEGYZETT\u00d6MB \u2013 VELENCZEI \u00c1GNES 3 JEGYZETE A VII. NY\u00c1RI EGYETEMEN"}]},{"@type":"WebSite","@id":"https:\/\/kofe.hu\/parola\/#website","url":"https:\/\/kofe.hu\/parola\/","name":"Parola Foly\u00f3irat","description":"","potentialAction":[{"@type":"SearchAction","target":{"@type":"EntryPoint","urlTemplate":"https:\/\/kofe.hu\/parola\/?s={search_term_string}"},"query-input":{"@type":"PropertyValueSpecification","valueRequired":true,"valueName":"search_term_string"}}],"inLanguage":"hu"},{"@type":"Person","@id":"https:\/\/kofe.hu\/parola\/#\/schema\/person\/14496937fb60a3a6fadaaeaa105a4f94","name":"Velenczei \u00c1gnes","image":{"@type":"ImageObject","inLanguage":"hu","@id":"https:\/\/kofe.hu\/parola\/#\/schema\/person\/image\/23494c9101089ad44ae88ce9d2f56aac","url":"https:\/\/secure.gravatar.com\/avatar\/?s=96&d=mm&r=g","contentUrl":"https:\/\/secure.gravatar.com\/avatar\/?s=96&d=mm&r=g","caption":"Velenczei \u00c1gnes"},"url":"https:\/\/kofe.hu\/parola\/szerzok\/velenczei-agnes\/"}]}},"_links":{"self":[{"href":"https:\/\/kofe.hu\/parola\/wp-json\/wp\/v2\/posts\/2436","targetHints":{"allow":["GET"]}}],"collection":[{"href":"https:\/\/kofe.hu\/parola\/wp-json\/wp\/v2\/posts"}],"about":[{"href":"https:\/\/kofe.hu\/parola\/wp-json\/wp\/v2\/types\/post"}],"author":[{"embeddable":true,"href":"https:\/\/kofe.hu\/parola\/wp-json\/wp\/v2\/users\/253"}],"replies":[{"embeddable":true,"href":"https:\/\/kofe.hu\/parola\/wp-json\/wp\/v2\/comments?post=2436"}],"version-history":[{"count":3,"href":"https:\/\/kofe.hu\/parola\/wp-json\/wp\/v2\/posts\/2436\/revisions"}],"predecessor-version":[{"id":4172,"href":"https:\/\/kofe.hu\/parola\/wp-json\/wp\/v2\/posts\/2436\/revisions\/4172"}],"wp:featuredmedia":[{"embeddable":true,"href":"https:\/\/kofe.hu\/parola\/wp-json\/wp\/v2\/media\/2185"}],"wp:attachment":[{"href":"https:\/\/kofe.hu\/parola\/wp-json\/wp\/v2\/media?parent=2436"}],"wp:term":[{"taxonomy":"category","embeddable":true,"href":"https:\/\/kofe.hu\/parola\/wp-json\/wp\/v2\/categories?post=2436"},{"taxonomy":"post_tag","embeddable":true,"href":"https:\/\/kofe.hu\/parola\/wp-json\/wp\/v2\/tags?post=2436"},{"taxonomy":"author","embeddable":true,"href":"https:\/\/kofe.hu\/parola\/wp-json\/wp\/v2\/coauthors?post=2436"}],"curies":[{"name":"wp","href":"https:\/\/api.w.org\/{rel}","templated":true}]}}