{"id":2434,"date":"2020-06-25T16:23:56","date_gmt":"2020-06-25T16:23:56","guid":{"rendered":"https:\/\/kofe.hu\/parola\/?p=2434"},"modified":"2020-07-30T11:39:53","modified_gmt":"2020-07-30T11:39:53","slug":"a-cselekvokepesse-valas-folyamatarol-nyari-egyetem-2010-julius-31","status":"publish","type":"post","link":"https:\/\/kofe.hu\/parola\/parola-folyoirat\/a-cselekvokepesse-valas-folyamatarol-nyari-egyetem-2010-julius-31\/","title":{"rendered":"A CSELEKV\u0150K\u00c9PESS\u00c9 V\u00c1L\u00c1S FOLYAMAT\u00c1R\u00d3L Ny\u00e1ri Egyetem, 2010. j\u00falius 31."},"content":{"rendered":"<p><span style=\"font-family: Arial;\">Lakatos Kinga e t\u00e9m\u00e1ban \u00edrott publik\u00e1ci\u00f3i: A k\u00e9pess\u00e9 t\u00e9tel folyamata. \/<\/span><i><span style=\"font-family: Arial;\">Parola f\u00fczetek<\/span><\/i><span style=\"font-family: Arial;\">\/, Budapest, 2009, K\u00f6z\u00f6ss\u00e9gfejleszt\u0151k Egyes\u00fclete; jav\u00edtott-kieg\u00e9sz\u00edtett v\u00e1ltozat: A k\u00e9pess\u00e9 t\u00e9tel (<\/span><i><span style=\"font-family: Arial;\">empowerment<\/span><\/i><span style=\"font-family: Arial;\">) lehet\u0151s\u00e9gei a civil t\u00e1rsadalomban.\u00a0<\/span><i><span style=\"font-family: Arial;\">Civil Szemle,<\/span><\/i><span style=\"font-family: Arial;\">\u00a02010\/2. sz\u00e1m.<\/span><br \/>\n<span style=\"font-family: Arial;\">Az el\u0151ad\u00e1s ind\u00edt\u00e1sak\u00e9nt egy bevezet\u0151 t\u00f6rt\u00e9net hangzott el:<\/span><br \/>\n<span style=\"font-family: Arial;\">\u201eEgy Beauty nev\u0171 kisv\u00e1rost (Sz\u00e9ps\u00e9g, USA) ki akartak k\u00f6lt\u00f6ztetni a rendszeresen \u00e1rv\u00edz s\u00fajtotta ter\u00fcletr\u0151l, amely alatt, mint k\u00e9s\u0151bb kider\u00fclt, gazdag, felsz\u00edni kitermel\u00e9ssel kinyerhet\u0151 sz\u00e9nlel\u0151hely is volt. A v\u00e1roska legt\u00f6bb lak\u00f3ja term\u00e9szetesen nem akart k\u00f6lt\u00f6zni, \u00edgy a beruh\u00e1z\u00e1st tervez\u0151 test\u00fclet egy k\u00f6zmeghallgat\u00e1st rendezett.<\/span><\/p>\n<p><!--more--><span style=\"font-family: Arial;\">Joe Szakos k\u00f6z\u00f6ss\u00e9gszervez\u0151k\u00e9nt dolgozott ezen a terepen, s tudta, hogy els\u0151sorban tud\u00e1sban szenvednek hi\u00e1nyt a helyiek, sokan nem tudtak \u00edrni-olvasni, s att\u00f3l tartottak, hogy a sok szakmai \u00e9rv k\u00f6z\u00f6tt nem jut t\u00e9r a helyiek \u2019f\u00f6ldh\u00f6zragadt\u2019 \u00e9rveinek. Ez\u00e9rt a k\u00f6z\u00f6ss\u00e9gfejleszt\u0151 t\u00f6bb akt\u00edv, t\u00e1j\u00e9kozottabb helyi lakossal elkezdte k\u00f6rbevinni a terveket a v\u00e1rosk\u00e1ban, besz\u00e9lgettek r\u00f3la az emberekkel, s az \u00edrni-olvasni nem tud\u00f3knak az aktivist\u00e1k felolvast\u00e1k a vaskos programot.<\/span><br \/>\n<span style=\"font-family: Arial;\">A meghallgat\u00e1son azt\u00e1n term\u00e9szetesen r\u00f6pk\u00f6dtek a szakkifejez\u00e9sek \u00e9s bonyolult fejteget\u00e9sek, majd amikor a k\u00e9rd\u00e9sekre ker\u00fclt a sor, fel\u00e1llt Johnny Mullins, akir\u0151l a v\u00e1roska minden lak\u00f3ja tudta, hogy sem \u00edrni, sem olvasni nem tud. Azt mondta: \u00bbHa megn\u00e9zik a program 17. oldal\u00e1n szerepl\u0151 adatokat arr\u00f3l, hogy h\u00e1ny embert kell elk\u00f6lt\u00f6ztetni, l\u00e1tni fogj\u00e1k, hogy az nem egyezik az 54. oldalon tal\u00e1lhat\u00f3 adatokkal.\u00ab Ezzel a meghallgat\u00e1st rendez\u0151k lend\u00fclete megt\u00f6rt \u00e9s a helyiek, miut\u00e1n l\u00e1tt\u00e1k, hogy az analfab\u00e9ta Johnny milyen magabiztosan tette meg a hozz\u00e1sz\u00f3l\u00e1s\u00e1t, sorban sz\u00f3t k\u00e9rtek \u00e9s elmondt\u00e1k a v\u00e9lem\u00e9ny\u00fcket. Beauty az\u00f3ta is az eredeti hely\u00e9n van, a lak\u00f3ival egy\u00fctt\u2026\u201d<\/span><\/p>\n<div align=\"right\"><i><span style=\"font-family: Arial;\">(Tarnai M\u00e1ria ford\u00edt\u00e1sa)<\/span><\/i><\/div>\n<p><b><i><span style=\"font-family: Arial;\">Lakatos Kinga<\/span><\/i><\/b><b><span style=\"font-family: Arial;\">:<\/span><\/b><br \/>\n<span style=\"font-family: Arial;\">Csepeli Gy\u00f6rgy bevezet\u0151 el\u0151ad\u00e1s\u00e1ra utalok, melynek sor\u00e1n egy mostani kutat\u00e1sra hivatkozva bemutatta, hogy ma Magyarorsz\u00e1gon az akt\u00edv cselekv\u0151k ar\u00e1nya kb. 10%, m\u00edg a \u201eszenved\u0151k\u00e9\u201d 70% is van. Ez ism\u00e9t meger\u0151s\u00edt abban, hogy nagyon is besz\u00e9ln\u00fcnk kell a k\u00e9pess\u00e9 t\u00e9telr\u0151l, az\u00a0<\/span><i><span style=\"font-family: Arial;\">empowerment<\/span><\/i><span style=\"font-family: Arial;\">-r\u0151l, mint cselekv\u00e9st seg\u00edt\u0151 munk\u00e1r\u00f3l.<\/span><br \/>\n<span style=\"font-family: Arial;\">A hazai t\u00e1rsadalmi gyakorlatb\u00f3l \u00e1ltal\u00e1ban hi\u00e1nyzik az \u00e9rintettek akt\u00edv cselekv\u00e9se. A seg\u00edt\u0151 szakm\u00e1k nagy lehet\u0151s\u00e9ge, hogy pozit\u00edv lend\u00fcletet adjanak az \u00e9rintetteknek, hogy a saj\u00e1t \u00e9let\u00fck alak\u00edt\u00e1s\u00e1ban kompetenseknek \u00e9rezz\u00e9k magukat. \u00c9n a munk\u00e1mban azt szeretn\u00e9m el\u00e9rni, hogy partners\u00e9gi viszony alakuljon ki k\u00f6ztem \u00e9s a velem egy\u00fctt dolgoz\u00f3k k\u00f6z\u00f6tt. Ne \u00e9n legyek az, aki bevonom \u0151ket, hanem \u0151k v\u00e1ljanak a maguk erej\u00e9b\u0151l \u00e9s a seg\u00edt\u00e9s r\u00e9v\u00e9n bevontt\u00e1, cselekv\u0151v\u00e9. \u00dagy l\u00e1tom, hogy min\u00e9l ink\u00e1bb r\u00e9szt vesznek az emberek saj\u00e1t \u00e9let\u00fck alak\u00edt\u00e1s\u00e1ban \u00e9s a t\u00e1rsadalmi \u00e9letben, ann\u00e1l akt\u00edvabbakk\u00e1 v\u00e1lnak.<\/span><br \/>\n<span style=\"font-family: Arial;\">Ha le akarjuk \u00edrni a k\u00e9pess\u00e9 t\u00e9tel folyamat\u00e1t, 3 szintet k\u00fcl\u00f6n\u00edthet\u00fcnk el:<\/span><br \/>\n<span style=\"font-family: Arial;\">\u2013 Az \u00c9n mint \u00e1llampolg\u00e1r saj\u00e1t dolgokra, esem\u00e9nyekre hat \u2013 ez az individu\u00e1lis szint, az \u00c9n-ben t\u00f6rt\u00e9nnek v\u00e1ltoz\u00e1sok.<\/span><br \/>\n<span style=\"font-family: Arial;\">\u2013 A csoport mint t\u00e1rsadalmi szerepl\u0151 \u2013 a csoport jut el a tudatoss\u00e1gig. Hasonl\u00f3 probl\u00e9m\u00e1val k\u00fczd\u0151 emberek jutnak el egy k\u00f6z\u00f6s \u00e1llampolg\u00e1ri szintre, amelyen felismerik a hasonl\u00f3 helyzet\u0171 emberek \u00e9rdekeit, vel\u00fck k\u00f6z\u00f6ss\u00e9get v\u00e1llalnak, s ha sz\u00fcks\u00e9ges, e csoportban ak\u00e1r a saj\u00e1t \u00e9rdekeikb\u0151l is hajland\u00f3k r\u00e9szben lemondani.<\/span><br \/>\n<span style=\"font-family: Arial;\">\u2013 A harmadik szint egy\u00e9ni \u00e9s csoport szinten is az, amikor az egy\u00e9n\/csoport felv\u00e1llalja a saj\u00e1t c\u00e9ljait \u00e9s azokat \u00fctk\u00f6zteti m\u00e1sokkal, a k\u00fclvil\u00e1ggal, ak\u00e1r politikai s\u00edkon is.<\/span><br \/>\n<span style=\"font-family: Arial;\">Ez m\u00e1r egy k\u00f6zpolitikai szint. Ez\u00e9rt is v\u00e1lasztj\u00e1k sz\u00e9t az angol gyakorlat elm\u00e9let\u00e9ben az\u00a0<\/span><i><span style=\"font-family: Arial;\">enablement<\/span><\/i><span style=\"font-family: Arial;\">\u00a0\u00e9s az\u00a0<\/span><i><span style=\"font-family: Arial;\">empowerment<\/span><\/i><span style=\"font-family: Arial;\">\u00a0fogalmakat, mert az egy\u00e9ni \u00e9s a csoportos tudatoss\u00e1got k\u00fcl\u00f6nb\u00f6ztetik meg. Ha pontos \u00e9rtelmez\u00e9st keres\u00fcnk, az\u00a0<\/span><i><span style=\"font-family: Arial;\">enablement<\/span><\/i><span style=\"font-family: Arial;\">\u00a0a k\u00e9pess\u00e9 t\u00e9tel fokozata \u00e9s az\u00a0<\/span><i><span style=\"font-family: Arial;\">empowerment<\/span><\/i><span style=\"font-family: Arial;\">\u00a0ink\u00e1bb m\u00e1r a \u201ehatalommal val\u00f3 felruh\u00e1z\u00e1st\u201d jelenti. \u00c9n magam nem szeretem ez ut\u00f3bbi kifejez\u00e9st, mert \u00e9n valahogy nem akarok ilyen szerepl\u0151: hatalommal felruh\u00e1z\u00f3 lenni. Mindenesetre, ezen a szinten m\u00e1r ink\u00e1bb a hatalmi szintek \u00e1trendez\u00e9se t\u00f6rt\u00e9nik, \u00fctk\u00f6z\u00e9sekkel, gyakorlati l\u00e9p\u00e9sekkel.<\/span><br \/>\n<span style=\"font-family: Arial;\">A cselekv\u0151-k\u00e9pess\u00e9 t\u00e9telre a leghat\u00e9konyabban a cselekv\u00e9s folyamata \u00e9s tapasztalata k\u00e9sz\u00edt fel.<\/span><\/p>\n<p><b><i><span style=\"font-family: Arial;\">P\u00e9terfi Ferenc:<\/span><\/i><\/b><br \/>\n<span style=\"font-family: Arial;\">N\u00e9h\u00e1ny hangs\u00falyt szeretn\u00e9k elhelyezni Kinga gondolatmenet\u00e9ben!<\/span><br \/>\n<span style=\"font-family: Arial;\">Kinga dolgozataiban id\u00e9z egy fontos szakirodalmat: \u201eA k\u00e9pess\u00e9 t\u00e9tel ELM\u00c9LETE azzal foglalkozik, hogy hogyan szerezhetik meg az emberek az ir\u00e1ny\u00edt\u00e1st saj\u00e1t \u00e9let\u00fck felett, csoportk\u00e9nt (k\u00f6z\u00f6ss\u00e9gk\u00e9nt) k\u00e9pviselve saj\u00e1t \u00e9rdekeiket; M\u00d3DSZERE pedig azzal, hogy a seg\u00edt\u0151 szakemberek hogyan keresik a lehet\u0151s\u00e9geket arra, hogy fokozz\u00e1k\/n\u00f6velj\u00e9k azoknak az embereknek a \u2018hatalm\u00e1t\u2019 (befoly\u00e1s\u00e1t), akik ebben hi\u00e1nyt szenvednek.\u201d (Adams 2003, 8).<\/span><span style=\"font-family: Arial;\">Adams, R.: Social Work and Empowement. London, 2003, Palgrave MacMillan.<\/span><span style=\"font-family: Arial;\">\u00a0Az\u00a0<\/span><i><span style=\"font-family: Arial;\">enablement<\/span><\/i><span style=\"font-family: Arial;\">\u00a0Kinga \u00edr\u00e1sa szerint \u201ea k\u00e9pess\u00e9 t\u00e9tel azon f\u00e1zis\u00e1ra vonatkozik, mikor az egy\u00e9n felismeri saj\u00e1t bels\u0151 er\u0151forr\u00e1sait, \u00f6nbizalma meger\u0151s\u00f6dik, k\u00e9pess\u00e9 v\u00e1lik saj\u00e1t sz\u00fcks\u00e9gleteinek\/v\u00e1gyainak artikul\u00e1l\u00e1s\u00e1ra, saj\u00e1t elk\u00e9pzel\u00e9seinek megval\u00f3s\u00edt\u00e1s\u00e1ra\u2026\u201d.<\/span><br \/>\n<span style=\"font-family: Arial;\">De ide tartozik az a folyamat is, amikor egy csoport jut el az \u00f6nmeghat\u00e1roz\u00e1s szintj\u00e9ig \u00e9s v\u00e1llal fel k\u00f6z\u00f6s \u00e9rdekeket, c\u00e9lokat, mikor a csoport tagjai egyenk\u00e9nt is eljutottak oda, hogy b\u00edznak saj\u00e1t hangjukban, illetve ezen t\u00fal annak a csoportnak az erej\u00e9ben is, melynek tagjai.<\/span><\/p>\n<p><span style=\"font-family: Arial;\">\u201eAz\u00a0<\/span><i><span style=\"font-family: Arial;\">empowerment<\/span><\/i><span style=\"font-family: Arial;\">\u00a0a k\u00e9pess\u00e9 t\u00e9tel azon f\u00e1zisa, amikor az \u00f6nmeghat\u00e1roz\u00e1son t\u00faljutva, a valahov\u00e1 tartoz\u00e1s \u00f6r\u00f6mteli \u00e9lm\u00e9ny\u00e9t\u0151l meger\u0151s\u00f6dve, a k\u00f6z\u00f6ss\u00e9gnek ny\u00edltan fel kell v\u00e1llalnia \u00e9rdekeit\/c\u00e9ljait, t\u00e1rgyal\u00f3k\u00e9pess\u00e9 kell v\u00e1lnia m\u00e1s hatalmi csoportok k\u00e9pvisel\u0151ivel szemben, fel kell ismernie saj\u00e1t hatalmi poz\u00edci\u00f3j\u00e1t, \u00e9s mernie kell \u00e9lni ennek a hatalomnak az eszk\u00f6zeivel a k\u00f6z\u00f6ss\u00e9g \u00e9rdek\u00e9ben.\u201d<\/span><br \/>\n<span style=\"font-family: Arial;\">Ha m\u00e1r keress\u00fck ennek a kifejez\u00e9snek a legjobb hazai megfelel\u0151it, m\u00e9g a r\u00e9szv\u00e9telre val\u00f3 k\u00e9pess\u00e9 t\u00e9telt is eml\u00edteni lehet.<\/span><br \/>\n<span style=\"font-family: Arial;\">S most, m\u00e1r a saj\u00e1t gondolatmenetem szerint haladva, induljunk ki egy megfosztott \u00e1llapotb\u00f3l, amit az angol\u00a0<\/span><i><span style=\"font-family: Arial;\">powerless<\/span><\/i><span style=\"font-family: Arial;\">\u00a0fogalma fejez ki a legjobban! Eszerint a cselekv\u0151k\u00e9ptelens\u00e9g gyakori oka a tehetetlens\u00e9g \u00e9rz\u00e9se. Ez az \u00e1llapot, \u00fagy gondolom, mindannyiunk sz\u00e1m\u00e1ra nagyon ismer\u0151s. Nos, a tehetetlen \u00e1llapotb\u00f3l a \u201ehatni tud\u00f3 \u00e1llapotba\u201d val\u00f3 eljut\u00e1s \u2013 ez az\u00a0<\/span><i><span style=\"font-family: Arial;\">empowerment<\/span><\/i><span style=\"font-family: Arial;\">, teh\u00e1t<\/span><br \/>\n<span style=\"font-family: Arial;\">\u2013 a tehetetlens\u00e9g \u00e9rz\u00e9s\u00e9nek felsz\u00e1mol\u00e1sa \u2013 hatni a k\u00f6rnyezetre,<\/span><br \/>\n<span style=\"font-family: Arial;\">\u2013 a tapasztalatok megoszt\u00e1s\u00e1nak lehet\u0151s\u00e9ge \u00e9s sz\u00fcks\u00e9glete,<\/span><br \/>\n<span style=\"font-family: Arial;\">\u2013 a \u201emeg\u00e9rtettek minket\u201d \u00e1t\u00e9rz\u00e9se, mely v\u00e1ltoz\u00e1st is hozhat mag\u00e1val,<\/span><br \/>\n<span style=\"font-family: Arial;\">\u2013 es\u00e9lyek megismer\u00e9se \u00e9s tudatos\u00edt\u00e1sa a k\u00f6z\u00f6ss\u00e9gi \u00fcgyekben val\u00f3 kompetenci\u00e1r\u00f3l-illet\u00e9kess\u00e9gr\u0151l.<\/span><br \/>\n<span style=\"font-family: Arial;\">A k\u00e9pess\u00e9 t\u00e9tel \u00e9s a felhatalmaz\u00e1s annak a tudatos\u00edt\u00e1sa, hogy \u00e9n vagyok a dolgok megold\u00e1s\u00e1nak a kulcsa, rajtam m\u00falik; elhiteti, hogy k\u00e9pes vagyok \u2013 k\u00f6z\u00f6ss\u00e9gben egy\u00fctt k\u00e9pesek vagyunk \u2013 cselekv\u00e9sre, v\u00e1ltoz\u00e1sok elind\u00edt\u00e1s\u00e1ra (\u00f6nbizalom). Harkai N\u00f3ra t\u00e1rsunk azt \u00edrja err\u0151l:<\/span><br \/>\n<span style=\"font-family: Arial;\">\u201e\u2026 enged\u00e9ly n\u00e9lk\u00fcl sz\u00f3t emelni a k\u00f6vetkezm\u00e9nyekt\u0151l val\u00f3 f\u00e9lelem n\u00e9lk\u00fcl.\u201d<\/span><span style=\"font-family: Arial;\">Harkai N\u00f3ra: K\u00f6z\u00f6ss\u00e9g \u00e9s k\u00f6z\u00f6ss\u00e9gi munka. \/<\/span><i><span style=\"font-family: Arial;\">Parola f\u00fczetek<\/span><\/i><span style=\"font-family: Arial;\">\/ Budapest, 2006, K\u00f6z\u00f6ss\u00e9gfejleszt\u0151k Egyes\u00fclete.<\/span><\/p>\n<p><span style=\"font-family: Arial;\">Az elm\u00falt h\u00e1rom napban a kiszolg\u00e1ltatotts\u00e1g \u00e9s a tehetetlens\u00e9g p\u00e9ld\u00e1it hallottuk-l\u00e1ttuk, \u00e9s n\u00e9ha azokat, amelyek ennek a felsz\u00e1mol\u00e1s\u00e1ra t\u00f6rekednek. Ezek alapj\u00e1n mondom, hogy az\u00a0<\/span><i><span style=\"font-family: Arial;\">empowerment\u00a0<\/span><\/i><span style=\"font-family: Arial;\">\u00e9rtelmez\u00e9se egyr\u00e9szt az eszk\u00f6ztelen, a t\u00e1rsadalom perif\u00e9ri\u00e1j\u00e1ra szorult, gyakran szeg\u00e9ny, cig\u00e1ny lakoss\u00e1g k\u00e9pess\u00e9g\u00e9nek a kibont\u00e1s\u00e1ra \u00e9s fejleszt\u00e9s\u00e9re k\u00edn\u00e1lkozik, ez teszi lehet\u0151v\u00e9, hogy k\u00e9pes legyen t\u00e1rsadalmi helyzet\u00e9n v\u00e1ltoztatni, egzisztenci\u00e1j\u00e1nak megszervez\u00e9s\u00e9ben a saj\u00e1t l\u00e1b\u00e1ra \u00e1llni. Az \u00f6nfenntart\u00e1sra, a materi\u00e1lis \u00e9letfelt\u00e9telek saj\u00e1t er\u0151b\u0151l t\u00f6rt\u00e9n\u0151 megteremt\u00e9s\u00e9re val\u00f3 k\u00e9pess\u00e9 v\u00e1l\u00e1s, az erre ir\u00e1nyul\u00f3 er\u0151fesz\u00edt\u00e9s teh\u00e1t az egyik \u00e9rtelmez\u00e9s.<\/span><br \/>\n<span style=\"font-family: Arial;\">Az\u00a0<\/span><i><span style=\"font-family: Arial;\">empowerment<\/span><\/i><span style=\"font-family: Arial;\">\u00a0m\u00e1sik \u00e9rtelmez\u00e9se \u2013 s ez legal\u00e1bb ilyen jelent\u0151s\u00e9g\u0171 \u2013, a citizen, az \u00e1llampolg\u00e1ri szerepre val\u00f3 k\u00e9pess\u00e9 t\u00e9tel. Ez m\u00e1r sokkal sz\u00e9lesebb t\u00e1rsadalmi mez\u0151re terjeszti ki e fogalom jelent\u0151s\u00e9g\u00e9t.<\/span><br \/>\n<span style=\"font-family: Arial;\">V\u00e9g\u00fcl, a harmadik jelent\u00e9startalma e fogalomnak, hogy nem csup\u00e1n a k\u00f6zpolg\u00e1rok, de a d\u00f6nt\u00e9shoz\u00f3k \u00e9s a k\u00f6rnyezet\u00fckben m\u0171k\u00f6d\u0151 int\u00e9zm\u00e9nyek k\u00e9pess\u00e9 t\u00e9tele is hasonl\u00f3 jelent\u0151s\u00e9g\u0171 folyamat.<\/span><br \/>\n<span style=\"font-family: Arial;\">\u00c1m ha valaki \u2013 s most k\u00f6z\u00f6ss\u00e9gi, k\u00f6zpolitikai vonatkoz\u00e1sait \u00e9rintem a k\u00e9pess\u00e9 t\u00e9telnek, k\u00e9pess\u00e9 v\u00e1l\u00e1snak, s f\u0151k\u00e9nt a kezdem\u00e9nyez\u00e9snek \u2013 rendszeresen ennek az ellent\u00e9t\u00e9t tapasztalja, teh\u00e1t hi\u00e1ba kezdem\u00e9nyez, nem tud hat\u00e1ssal lenni a viszonyokra? Ekkor f\u00e9l\u0151, hogy a kudarc r\u00f6gz\u00fcl benne, az, hogy rajta nem m\u00falik semmi, m\u00e1sok, nagyobb er\u0151k hat\u00e1rozz\u00e1k meg az \u00fcgyek alakul\u00e1s\u00e1t, rajtuk \u00e1llnak a dolgok.<\/span><br \/>\n<span style=\"font-family: Arial;\">Az egyik kor\u00e1bbi el\u0151ad\u00e1s is foglalkozott a\u00a0<\/span><i><span style=\"font-family: Arial;\">tanult tehetetlens\u00e9g<\/span><\/i><span style=\"font-family: Arial;\">\u00a0fogalm\u00e1val. Abban a m\u0171helyfoglalkoz\u00e1sban, ahol err\u0151l sz\u00f3 volt, a t\u00e1rsadalom perif\u00e9ri\u00e1j\u00e1ra ker\u00fclt szeg\u00e9ny \u2013 t\u00f6bbnyire cig\u00e1ny \u2013 gyerekekben konzerv\u00e1l\u00f3d\u00f3 tanul\u00e1si \u00e9s egy\u00e9b kudarc r\u00f6gz\u00fcl\u00e9se ker\u00fclt sz\u00f3ba. Mi most kiterjesztj\u00fck ezt a fogalmat a k\u00f6znapi \u00e9let\u00fcnkre, a helyi \u00fcgyek alak\u00edt\u00e1s\u00e1ban felhalmoz\u00f3d\u00f3 \u00e9s k\u00f6nnyen r\u00f6gz\u00fcl\u0151 negat\u00edv tapasztalatunkra: a helyi k\u00f6z\u00f6ss\u00e9g v\u00e1ltoztat\u00e1si igyekezet\u00e9nek lehets\u00e9ges kudarc\u00e1ra. Itt egy ellent\u00e9tp\u00e1rt tal\u00e1lunk: a k\u00e9pess\u00e9 t\u00e9tel mint fejleszt\u0151 folyamat \u00e9s a tanult tehetetlens\u00e9g mint fullaszt\u00f3, lez\u00e1r\u00f3, az aktivit\u00e1st ki\u00f6l\u0151, de legal\u00e1bbis durv\u00e1n korl\u00e1toz\u00f3 folyamat\u00e1nak ellent\u00e9t\u00e9t.<\/span><br \/>\n<span style=\"font-family: Arial;\">A tanult tehetetlens\u00e9gen, a szocializ\u00e1ci\u00f3 folyamat\u00e1ban r\u00e1tan\u00edtott tehetetlens\u00e9g kialak\u00edt\u00e1s\u00e1t \u00e9rtem, amelyben azt a k\u00e9pet \u0151rzi mag\u00e1r\u00f3l az egy\u00e9n vagy \u00e9ppen egy k\u00f6z\u00f6ss\u00e9g, hogy kiszolg\u00e1ltatott, hogy cselekv\u00e9sre k\u00e9ptelen, \u00e9s n\u00e1la nagyobb hatalmakkal nem szabad szembesz\u00e1llnia. T\u00e9m\u00e1nk szempontj\u00e1b\u00f3l ez az\u00e9rt vesz\u00e9lyes folyamat, mert az a k\u00f6vetkezm\u00e9nye, hogy a sz\u00fcks\u00e9ges cselekv\u00e9sre nem \u00e9rezz\u00fck k\u00e9pesnek magunkat, s\u0151t passz\u00edv, elker\u00fcl\u0151 magatart\u00e1ssal reag\u00e1lunk ilyen helyzetekben.<\/span><br \/>\n<span style=\"font-family: Arial;\">Ha valaki rendszeresen azt tapasztalja, hogy nem m\u00falik rajta semmi, hogy tettei hat\u00e1stalanok a k\u00f6rnyezet\u00e9re, akkor passz\u00edvv\u00e1 v\u00e1lik, nem kezdem\u00e9nyez. A k\u00f6z\u00f6ss\u00e9gi kezdem\u00e9nyez\u00e9s politikai \u201ekiker\u00fcl\u00e9se\u201d, halogat\u00e1sa, szabot\u00e1l\u00e1sa a hatalom r\u00e9sz\u00e9r\u0151l k\u00fcl\u00f6n\u00f6sen k\u00e1ros t\u00e1rsadalmi k\u00f6vetkezm\u00e9nyekkel j\u00e1r. A sikertelen cselekv\u00e9s, a k\u00f6z\u00f6ss\u00e9gi r\u00e9szv\u00e9tel nehezen felt\u00e1mad\u00f3 aktivit\u00e1sa, a politikai szerepl\u0151k r\u00e9sz\u00e9r\u0151l a civil kezdem\u00e9nyez\u00e9sek gyakran tapasztalt sz\u00e1nd\u00e9kos \u201ekif\u00e1raszt\u00e1sa\u201d is kumul\u00e1l\u00f3dhat, azaz a kezdem\u00e9nyez\u00e9s \u00e9s a r\u00e9szv\u00e9tel es\u00e9ly\u00e9nek, \u00e9rtelm\u00e9nek, ill\u00fazi\u00f3j\u00e1nak tart\u00f3s, rosszabb esetben v\u00e9gs\u0151 elveszt\u00e9s\u00e9t is mag\u00e1val hozhatja. Az \u00e9l\u00e9nk k\u00f6z\u00e9letnek, az er\u0151s, \u00e9rdek\u00e9rv\u00e9nyes\u00edt\u00e9sre \u00e9s a hatalom ellen\u0151rz\u00e9s\u00e9re k\u00e9pes civil t\u00e1rsadalom kialakul\u00e1s\u00e1nak, ki\u00e9p\u00edt\u00e9s\u00e9nek hi\u00e1ny\u00e1ra tal\u00e1lunk magyar\u00e1zatot itt is. Ez az \u00e9lm\u00e9ny gyakran egy szocializ\u00e1ci\u00f3s folyamatt\u00e1 \u00e1ll \u00f6ssze: Az\u00a0<\/span><i><span style=\"font-family: Arial;\">empowerment<\/span><\/i><span style=\"font-family: Arial;\">tel, a politikai felhatalmaz\u00e1s es\u00e9ly\u00e9vel szemben a tehetetlens\u00e9g (powerless) ber\u00f6gz\u0151d\u00e9s\u00e9t, azaz a r\u00e1tan\u00edtott tehetetlens\u00e9get \u201eeredm\u00e9nyezi\u201d k\u00f6vetkezm\u00e9nyk\u00e9nt.<\/span><br \/>\n<span style=\"font-family: Arial;\">Itt emelend\u0151 ki a t\u00e1rsadalmi felel\u0151tlens\u00e9g k\u00e9rd\u00e9se. A politikai szerepl\u0151k gyakran a hatalommegoszt\u00e1st\u00f3l val\u00f3 f\u00e9lelm\u00fckben halogatnak, f\u00e1rasztanak ki, oppon\u00e1lnak, tesznek eredm\u00e9nytelenn\u00e9 p\u00e9ld\u00e1ul a k\u00f6z\u00f6ss\u00e9g r\u00e9szv\u00e9tel\u00e9re ir\u00e1nyul\u00f3 kezdem\u00e9nyez\u00e9seket, s mindezzel val\u00f3j\u00e1ban a k\u00f6z\u00f6ss\u00e9g elleni \u201eb\u0171ntettet\u201d k\u00f6vetnek el.<\/span><br \/>\n<span style=\"font-family: Arial;\">Az\u00e9rt sz\u00fcks\u00e9ges, hogy err\u0151l besz\u00e9l\u00fcnk, mert fontos, hogy bizonyos folyamatokat, viselked\u00e9seket meg\u00e9rts\u00fcnk \u2013 ez seg\u00edtheti a v\u00e1ltoztat\u00e1sban val\u00f3 tudatosabb \u00e9s sikeresebb k\u00f6zrem\u0171k\u00f6d\u00e9s\u00fcnket.<\/span><\/p>\n","protected":false},"excerpt":{"rendered":"<p>Lakatos Kinga e t\u00e9m\u00e1ban \u00edrott publik\u00e1ci\u00f3i: A k\u00e9pess\u00e9 t\u00e9tel folyamata. \/Parola f\u00fczetek\/, Budapest, 2009, K\u00f6z\u00f6ss\u00e9gfejleszt\u0151k Egyes\u00fclete; jav\u00edtott-kieg\u00e9sz\u00edtett v\u00e1ltozat: A k\u00e9pess\u00e9 t\u00e9tel (empowerment) lehet\u0151s\u00e9gei a civil t\u00e1rsadalomban.\u00a0Civil Szemle,\u00a02010\/2. sz\u00e1m. Az el\u0151ad\u00e1s ind\u00edt\u00e1sak\u00e9nt egy bevezet\u0151 t\u00f6rt\u00e9net hangzott el: \u201eEgy Beauty nev\u0171 kisv\u00e1rost (Sz\u00e9ps\u00e9g, USA) ki akartak k\u00f6lt\u00f6ztetni a rendszeresen \u00e1rv\u00edz s\u00fajtotta ter\u00fcletr\u0151l, amely alatt, mint k\u00e9s\u0151bb kider\u00fclt, [&hellip;]<\/p>\n","protected":false},"author":15,"featured_media":3439,"comment_status":"open","ping_status":"open","sticky":false,"template":"","format":"standard","meta":{"_acf_changed":false,"footnotes":""},"categories":[378,8,7],"tags":[],"coauthors":[23,393],"class_list":["post-2434","post","type-post","status-publish","format-standard","has-post-thumbnail","hentry","category-parola-2010-3","category-parola-folyoirat","category-repertorium"],"acf":[],"yoast_head":"<!-- This site is optimized with the Yoast SEO plugin v26.7 - https:\/\/yoast.com\/wordpress\/plugins\/seo\/ -->\n<title>A CSELEKV\u0150K\u00c9PESS\u00c9 V\u00c1L\u00c1S FOLYAMAT\u00c1R\u00d3L Ny\u00e1ri Egyetem, 2010. j\u00falius 31. - Parola Foly\u00f3irat<\/title>\n<meta name=\"robots\" content=\"index, follow, max-snippet:-1, max-image-preview:large, max-video-preview:-1\" \/>\n<link rel=\"canonical\" href=\"https:\/\/kofe.hu\/parola\/parola-folyoirat\/a-cselekvokepesse-valas-folyamatarol-nyari-egyetem-2010-julius-31\/\" \/>\n<meta property=\"og:locale\" content=\"hu_HU\" \/>\n<meta property=\"og:type\" content=\"article\" \/>\n<meta property=\"og:title\" content=\"A CSELEKV\u0150K\u00c9PESS\u00c9 V\u00c1L\u00c1S FOLYAMAT\u00c1R\u00d3L Ny\u00e1ri Egyetem, 2010. j\u00falius 31. - Parola Foly\u00f3irat\" \/>\n<meta property=\"og:description\" content=\"Lakatos Kinga e t\u00e9m\u00e1ban \u00edrott publik\u00e1ci\u00f3i: A k\u00e9pess\u00e9 t\u00e9tel folyamata. \/Parola f\u00fczetek\/, Budapest, 2009, K\u00f6z\u00f6ss\u00e9gfejleszt\u0151k Egyes\u00fclete; jav\u00edtott-kieg\u00e9sz\u00edtett v\u00e1ltozat: A k\u00e9pess\u00e9 t\u00e9tel (empowerment) lehet\u0151s\u00e9gei a civil t\u00e1rsadalomban.\u00a0Civil Szemle,\u00a02010\/2. sz\u00e1m. Az el\u0151ad\u00e1s ind\u00edt\u00e1sak\u00e9nt egy bevezet\u0151 t\u00f6rt\u00e9net hangzott el: \u201eEgy Beauty nev\u0171 kisv\u00e1rost (Sz\u00e9ps\u00e9g, USA) ki akartak k\u00f6lt\u00f6ztetni a rendszeresen \u00e1rv\u00edz s\u00fajtotta ter\u00fcletr\u0151l, amely alatt, mint k\u00e9s\u0151bb kider\u00fclt, [&hellip;]\" \/>\n<meta property=\"og:url\" content=\"https:\/\/kofe.hu\/parola\/parola-folyoirat\/a-cselekvokepesse-valas-folyamatarol-nyari-egyetem-2010-julius-31\/\" \/>\n<meta property=\"og:site_name\" content=\"Parola Foly\u00f3irat\" \/>\n<meta property=\"article:published_time\" content=\"2020-06-25T16:23:56+00:00\" \/>\n<meta property=\"article:modified_time\" content=\"2020-07-30T11:39:53+00:00\" \/>\n<meta property=\"og:image\" content=\"https:\/\/kofe.hu\/parola\/wp-content\/uploads\/2020\/07\/10.3.jpeg\" \/>\n\t<meta property=\"og:image:width\" content=\"1319\" \/>\n\t<meta property=\"og:image:height\" content=\"1987\" \/>\n\t<meta property=\"og:image:type\" content=\"image\/jpeg\" \/>\n<meta name=\"author\" content=\"P\u00e9terfi Ferenc, Lakatos Kinga\" \/>\n<meta name=\"twitter:card\" content=\"summary_large_image\" \/>\n<meta name=\"twitter:label1\" content=\"Szerz\u0151:\" \/>\n\t<meta name=\"twitter:data1\" content=\"P\u00e9terfi Ferenc\" \/>\n\t<meta name=\"twitter:label2\" content=\"Becs\u00fclt olvas\u00e1si id\u0151\" \/>\n\t<meta name=\"twitter:data2\" content=\"12 perc\" \/>\n\t<meta name=\"twitter:label3\" content=\"Written by\" \/>\n\t<meta name=\"twitter:data3\" content=\"P\u00e9terfi Ferenc, Lakatos Kinga\" \/>\n<script type=\"application\/ld+json\" class=\"yoast-schema-graph\">{\"@context\":\"https:\/\/schema.org\",\"@graph\":[{\"@type\":\"Article\",\"@id\":\"https:\/\/kofe.hu\/parola\/parola-folyoirat\/a-cselekvokepesse-valas-folyamatarol-nyari-egyetem-2010-julius-31\/#article\",\"isPartOf\":{\"@id\":\"https:\/\/kofe.hu\/parola\/parola-folyoirat\/a-cselekvokepesse-valas-folyamatarol-nyari-egyetem-2010-julius-31\/\"},\"author\":{\"name\":\"P\u00e9terfi Ferenc\",\"@id\":\"https:\/\/kofe.hu\/parola\/#\/schema\/person\/46297a12b269c035523fdcd019f91711\"},\"headline\":\"A CSELEKV\u0150K\u00c9PESS\u00c9 V\u00c1L\u00c1S FOLYAMAT\u00c1R\u00d3L Ny\u00e1ri Egyetem, 2010. j\u00falius 31.\",\"datePublished\":\"2020-06-25T16:23:56+00:00\",\"dateModified\":\"2020-07-30T11:39:53+00:00\",\"mainEntityOfPage\":{\"@id\":\"https:\/\/kofe.hu\/parola\/parola-folyoirat\/a-cselekvokepesse-valas-folyamatarol-nyari-egyetem-2010-julius-31\/\"},\"wordCount\":2320,\"commentCount\":0,\"image\":{\"@id\":\"https:\/\/kofe.hu\/parola\/parola-folyoirat\/a-cselekvokepesse-valas-folyamatarol-nyari-egyetem-2010-julius-31\/#primaryimage\"},\"thumbnailUrl\":\"https:\/\/kofe.hu\/parola\/wp-content\/uploads\/2020\/07\/10.3.jpeg\",\"articleSection\":[\"Parola 2010\/3\",\"Parola Foly\u00f3irat\",\"Repert\u00f3rium\"],\"inLanguage\":\"hu\",\"potentialAction\":[{\"@type\":\"CommentAction\",\"name\":\"Comment\",\"target\":[\"https:\/\/kofe.hu\/parola\/parola-folyoirat\/a-cselekvokepesse-valas-folyamatarol-nyari-egyetem-2010-julius-31\/#respond\"]}]},{\"@type\":\"WebPage\",\"@id\":\"https:\/\/kofe.hu\/parola\/parola-folyoirat\/a-cselekvokepesse-valas-folyamatarol-nyari-egyetem-2010-julius-31\/\",\"url\":\"https:\/\/kofe.hu\/parola\/parola-folyoirat\/a-cselekvokepesse-valas-folyamatarol-nyari-egyetem-2010-julius-31\/\",\"name\":\"A CSELEKV\u0150K\u00c9PESS\u00c9 V\u00c1L\u00c1S FOLYAMAT\u00c1R\u00d3L Ny\u00e1ri Egyetem, 2010. j\u00falius 31. - Parola Foly\u00f3irat\",\"isPartOf\":{\"@id\":\"https:\/\/kofe.hu\/parola\/#website\"},\"primaryImageOfPage\":{\"@id\":\"https:\/\/kofe.hu\/parola\/parola-folyoirat\/a-cselekvokepesse-valas-folyamatarol-nyari-egyetem-2010-julius-31\/#primaryimage\"},\"image\":{\"@id\":\"https:\/\/kofe.hu\/parola\/parola-folyoirat\/a-cselekvokepesse-valas-folyamatarol-nyari-egyetem-2010-julius-31\/#primaryimage\"},\"thumbnailUrl\":\"https:\/\/kofe.hu\/parola\/wp-content\/uploads\/2020\/07\/10.3.jpeg\",\"datePublished\":\"2020-06-25T16:23:56+00:00\",\"dateModified\":\"2020-07-30T11:39:53+00:00\",\"author\":{\"@id\":\"https:\/\/kofe.hu\/parola\/#\/schema\/person\/46297a12b269c035523fdcd019f91711\"},\"breadcrumb\":{\"@id\":\"https:\/\/kofe.hu\/parola\/parola-folyoirat\/a-cselekvokepesse-valas-folyamatarol-nyari-egyetem-2010-julius-31\/#breadcrumb\"},\"inLanguage\":\"hu\",\"potentialAction\":[{\"@type\":\"ReadAction\",\"target\":[\"https:\/\/kofe.hu\/parola\/parola-folyoirat\/a-cselekvokepesse-valas-folyamatarol-nyari-egyetem-2010-julius-31\/\"]}]},{\"@type\":\"ImageObject\",\"inLanguage\":\"hu\",\"@id\":\"https:\/\/kofe.hu\/parola\/parola-folyoirat\/a-cselekvokepesse-valas-folyamatarol-nyari-egyetem-2010-julius-31\/#primaryimage\",\"url\":\"https:\/\/kofe.hu\/parola\/wp-content\/uploads\/2020\/07\/10.3.jpeg\",\"contentUrl\":\"https:\/\/kofe.hu\/parola\/wp-content\/uploads\/2020\/07\/10.3.jpeg\",\"width\":1319,\"height\":1987},{\"@type\":\"BreadcrumbList\",\"@id\":\"https:\/\/kofe.hu\/parola\/parola-folyoirat\/a-cselekvokepesse-valas-folyamatarol-nyari-egyetem-2010-julius-31\/#breadcrumb\",\"itemListElement\":[{\"@type\":\"ListItem\",\"position\":1,\"name\":\"Home\",\"item\":\"https:\/\/kofe.hu\/parola\/\"},{\"@type\":\"ListItem\",\"position\":2,\"name\":\"A CSELEKV\u0150K\u00c9PESS\u00c9 V\u00c1L\u00c1S FOLYAMAT\u00c1R\u00d3L Ny\u00e1ri Egyetem, 2010. j\u00falius 31.\"}]},{\"@type\":\"WebSite\",\"@id\":\"https:\/\/kofe.hu\/parola\/#website\",\"url\":\"https:\/\/kofe.hu\/parola\/\",\"name\":\"Parola Foly\u00f3irat\",\"description\":\"\",\"potentialAction\":[{\"@type\":\"SearchAction\",\"target\":{\"@type\":\"EntryPoint\",\"urlTemplate\":\"https:\/\/kofe.hu\/parola\/?s={search_term_string}\"},\"query-input\":{\"@type\":\"PropertyValueSpecification\",\"valueRequired\":true,\"valueName\":\"search_term_string\"}}],\"inLanguage\":\"hu\"},{\"@type\":\"Person\",\"@id\":\"https:\/\/kofe.hu\/parola\/#\/schema\/person\/46297a12b269c035523fdcd019f91711\",\"name\":\"P\u00e9terfi Ferenc\",\"image\":{\"@type\":\"ImageObject\",\"inLanguage\":\"hu\",\"@id\":\"https:\/\/kofe.hu\/parola\/#\/schema\/person\/image\/d173d0cf20d3d8748a6819cd4d17d68c\",\"url\":\"https:\/\/secure.gravatar.com\/avatar\/523e0b801b986785c16f8e37b642a318cb28abdc4915fa26e5b257b5a3902afc?s=96&d=mm&r=g\",\"contentUrl\":\"https:\/\/secure.gravatar.com\/avatar\/523e0b801b986785c16f8e37b642a318cb28abdc4915fa26e5b257b5a3902afc?s=96&d=mm&r=g\",\"caption\":\"P\u00e9terfi Ferenc\"},\"url\":\"https:\/\/kofe.hu\/parola\/szerzok\/peterfi-ferenc\/\"}]}<\/script>\n<!-- \/ Yoast SEO plugin. -->","yoast_head_json":{"title":"A CSELEKV\u0150K\u00c9PESS\u00c9 V\u00c1L\u00c1S FOLYAMAT\u00c1R\u00d3L Ny\u00e1ri Egyetem, 2010. j\u00falius 31. - Parola Foly\u00f3irat","robots":{"index":"index","follow":"follow","max-snippet":"max-snippet:-1","max-image-preview":"max-image-preview:large","max-video-preview":"max-video-preview:-1"},"canonical":"https:\/\/kofe.hu\/parola\/parola-folyoirat\/a-cselekvokepesse-valas-folyamatarol-nyari-egyetem-2010-julius-31\/","og_locale":"hu_HU","og_type":"article","og_title":"A CSELEKV\u0150K\u00c9PESS\u00c9 V\u00c1L\u00c1S FOLYAMAT\u00c1R\u00d3L Ny\u00e1ri Egyetem, 2010. j\u00falius 31. - Parola Foly\u00f3irat","og_description":"Lakatos Kinga e t\u00e9m\u00e1ban \u00edrott publik\u00e1ci\u00f3i: A k\u00e9pess\u00e9 t\u00e9tel folyamata. \/Parola f\u00fczetek\/, Budapest, 2009, K\u00f6z\u00f6ss\u00e9gfejleszt\u0151k Egyes\u00fclete; jav\u00edtott-kieg\u00e9sz\u00edtett v\u00e1ltozat: A k\u00e9pess\u00e9 t\u00e9tel (empowerment) lehet\u0151s\u00e9gei a civil t\u00e1rsadalomban.\u00a0Civil Szemle,\u00a02010\/2. sz\u00e1m. Az el\u0151ad\u00e1s ind\u00edt\u00e1sak\u00e9nt egy bevezet\u0151 t\u00f6rt\u00e9net hangzott el: \u201eEgy Beauty nev\u0171 kisv\u00e1rost (Sz\u00e9ps\u00e9g, USA) ki akartak k\u00f6lt\u00f6ztetni a rendszeresen \u00e1rv\u00edz s\u00fajtotta ter\u00fcletr\u0151l, amely alatt, mint k\u00e9s\u0151bb kider\u00fclt, [&hellip;]","og_url":"https:\/\/kofe.hu\/parola\/parola-folyoirat\/a-cselekvokepesse-valas-folyamatarol-nyari-egyetem-2010-julius-31\/","og_site_name":"Parola Foly\u00f3irat","article_published_time":"2020-06-25T16:23:56+00:00","article_modified_time":"2020-07-30T11:39:53+00:00","og_image":[{"width":1319,"height":1987,"url":"https:\/\/kofe.hu\/parola\/wp-content\/uploads\/2020\/07\/10.3.jpeg","type":"image\/jpeg"}],"author":"P\u00e9terfi Ferenc, Lakatos Kinga","twitter_card":"summary_large_image","twitter_misc":{"Szerz\u0151:":"P\u00e9terfi Ferenc","Becs\u00fclt olvas\u00e1si id\u0151":"12 perc","Written by":"P\u00e9terfi Ferenc, Lakatos Kinga"},"schema":{"@context":"https:\/\/schema.org","@graph":[{"@type":"Article","@id":"https:\/\/kofe.hu\/parola\/parola-folyoirat\/a-cselekvokepesse-valas-folyamatarol-nyari-egyetem-2010-julius-31\/#article","isPartOf":{"@id":"https:\/\/kofe.hu\/parola\/parola-folyoirat\/a-cselekvokepesse-valas-folyamatarol-nyari-egyetem-2010-julius-31\/"},"author":{"name":"P\u00e9terfi Ferenc","@id":"https:\/\/kofe.hu\/parola\/#\/schema\/person\/46297a12b269c035523fdcd019f91711"},"headline":"A CSELEKV\u0150K\u00c9PESS\u00c9 V\u00c1L\u00c1S FOLYAMAT\u00c1R\u00d3L Ny\u00e1ri Egyetem, 2010. j\u00falius 31.","datePublished":"2020-06-25T16:23:56+00:00","dateModified":"2020-07-30T11:39:53+00:00","mainEntityOfPage":{"@id":"https:\/\/kofe.hu\/parola\/parola-folyoirat\/a-cselekvokepesse-valas-folyamatarol-nyari-egyetem-2010-julius-31\/"},"wordCount":2320,"commentCount":0,"image":{"@id":"https:\/\/kofe.hu\/parola\/parola-folyoirat\/a-cselekvokepesse-valas-folyamatarol-nyari-egyetem-2010-julius-31\/#primaryimage"},"thumbnailUrl":"https:\/\/kofe.hu\/parola\/wp-content\/uploads\/2020\/07\/10.3.jpeg","articleSection":["Parola 2010\/3","Parola Foly\u00f3irat","Repert\u00f3rium"],"inLanguage":"hu","potentialAction":[{"@type":"CommentAction","name":"Comment","target":["https:\/\/kofe.hu\/parola\/parola-folyoirat\/a-cselekvokepesse-valas-folyamatarol-nyari-egyetem-2010-julius-31\/#respond"]}]},{"@type":"WebPage","@id":"https:\/\/kofe.hu\/parola\/parola-folyoirat\/a-cselekvokepesse-valas-folyamatarol-nyari-egyetem-2010-julius-31\/","url":"https:\/\/kofe.hu\/parola\/parola-folyoirat\/a-cselekvokepesse-valas-folyamatarol-nyari-egyetem-2010-julius-31\/","name":"A CSELEKV\u0150K\u00c9PESS\u00c9 V\u00c1L\u00c1S FOLYAMAT\u00c1R\u00d3L Ny\u00e1ri Egyetem, 2010. j\u00falius 31. - Parola Foly\u00f3irat","isPartOf":{"@id":"https:\/\/kofe.hu\/parola\/#website"},"primaryImageOfPage":{"@id":"https:\/\/kofe.hu\/parola\/parola-folyoirat\/a-cselekvokepesse-valas-folyamatarol-nyari-egyetem-2010-julius-31\/#primaryimage"},"image":{"@id":"https:\/\/kofe.hu\/parola\/parola-folyoirat\/a-cselekvokepesse-valas-folyamatarol-nyari-egyetem-2010-julius-31\/#primaryimage"},"thumbnailUrl":"https:\/\/kofe.hu\/parola\/wp-content\/uploads\/2020\/07\/10.3.jpeg","datePublished":"2020-06-25T16:23:56+00:00","dateModified":"2020-07-30T11:39:53+00:00","author":{"@id":"https:\/\/kofe.hu\/parola\/#\/schema\/person\/46297a12b269c035523fdcd019f91711"},"breadcrumb":{"@id":"https:\/\/kofe.hu\/parola\/parola-folyoirat\/a-cselekvokepesse-valas-folyamatarol-nyari-egyetem-2010-julius-31\/#breadcrumb"},"inLanguage":"hu","potentialAction":[{"@type":"ReadAction","target":["https:\/\/kofe.hu\/parola\/parola-folyoirat\/a-cselekvokepesse-valas-folyamatarol-nyari-egyetem-2010-julius-31\/"]}]},{"@type":"ImageObject","inLanguage":"hu","@id":"https:\/\/kofe.hu\/parola\/parola-folyoirat\/a-cselekvokepesse-valas-folyamatarol-nyari-egyetem-2010-julius-31\/#primaryimage","url":"https:\/\/kofe.hu\/parola\/wp-content\/uploads\/2020\/07\/10.3.jpeg","contentUrl":"https:\/\/kofe.hu\/parola\/wp-content\/uploads\/2020\/07\/10.3.jpeg","width":1319,"height":1987},{"@type":"BreadcrumbList","@id":"https:\/\/kofe.hu\/parola\/parola-folyoirat\/a-cselekvokepesse-valas-folyamatarol-nyari-egyetem-2010-julius-31\/#breadcrumb","itemListElement":[{"@type":"ListItem","position":1,"name":"Home","item":"https:\/\/kofe.hu\/parola\/"},{"@type":"ListItem","position":2,"name":"A CSELEKV\u0150K\u00c9PESS\u00c9 V\u00c1L\u00c1S FOLYAMAT\u00c1R\u00d3L Ny\u00e1ri Egyetem, 2010. j\u00falius 31."}]},{"@type":"WebSite","@id":"https:\/\/kofe.hu\/parola\/#website","url":"https:\/\/kofe.hu\/parola\/","name":"Parola Foly\u00f3irat","description":"","potentialAction":[{"@type":"SearchAction","target":{"@type":"EntryPoint","urlTemplate":"https:\/\/kofe.hu\/parola\/?s={search_term_string}"},"query-input":{"@type":"PropertyValueSpecification","valueRequired":true,"valueName":"search_term_string"}}],"inLanguage":"hu"},{"@type":"Person","@id":"https:\/\/kofe.hu\/parola\/#\/schema\/person\/46297a12b269c035523fdcd019f91711","name":"P\u00e9terfi Ferenc","image":{"@type":"ImageObject","inLanguage":"hu","@id":"https:\/\/kofe.hu\/parola\/#\/schema\/person\/image\/d173d0cf20d3d8748a6819cd4d17d68c","url":"https:\/\/secure.gravatar.com\/avatar\/523e0b801b986785c16f8e37b642a318cb28abdc4915fa26e5b257b5a3902afc?s=96&d=mm&r=g","contentUrl":"https:\/\/secure.gravatar.com\/avatar\/523e0b801b986785c16f8e37b642a318cb28abdc4915fa26e5b257b5a3902afc?s=96&d=mm&r=g","caption":"P\u00e9terfi Ferenc"},"url":"https:\/\/kofe.hu\/parola\/szerzok\/peterfi-ferenc\/"}]}},"_links":{"self":[{"href":"https:\/\/kofe.hu\/parola\/wp-json\/wp\/v2\/posts\/2434","targetHints":{"allow":["GET"]}}],"collection":[{"href":"https:\/\/kofe.hu\/parola\/wp-json\/wp\/v2\/posts"}],"about":[{"href":"https:\/\/kofe.hu\/parola\/wp-json\/wp\/v2\/types\/post"}],"author":[{"embeddable":true,"href":"https:\/\/kofe.hu\/parola\/wp-json\/wp\/v2\/users\/15"}],"replies":[{"embeddable":true,"href":"https:\/\/kofe.hu\/parola\/wp-json\/wp\/v2\/comments?post=2434"}],"version-history":[{"count":1,"href":"https:\/\/kofe.hu\/parola\/wp-json\/wp\/v2\/posts\/2434\/revisions"}],"predecessor-version":[{"id":2435,"href":"https:\/\/kofe.hu\/parola\/wp-json\/wp\/v2\/posts\/2434\/revisions\/2435"}],"wp:featuredmedia":[{"embeddable":true,"href":"https:\/\/kofe.hu\/parola\/wp-json\/wp\/v2\/media\/3439"}],"wp:attachment":[{"href":"https:\/\/kofe.hu\/parola\/wp-json\/wp\/v2\/media?parent=2434"}],"wp:term":[{"taxonomy":"category","embeddable":true,"href":"https:\/\/kofe.hu\/parola\/wp-json\/wp\/v2\/categories?post=2434"},{"taxonomy":"post_tag","embeddable":true,"href":"https:\/\/kofe.hu\/parola\/wp-json\/wp\/v2\/tags?post=2434"},{"taxonomy":"author","embeddable":true,"href":"https:\/\/kofe.hu\/parola\/wp-json\/wp\/v2\/coauthors?post=2434"}],"curies":[{"name":"wp","href":"https:\/\/api.w.org\/{rel}","templated":true}]}}