{"id":2427,"date":"2020-06-25T16:15:10","date_gmt":"2020-06-25T16:15:10","guid":{"rendered":"https:\/\/kofe.hu\/parola\/?p=2427"},"modified":"2020-07-30T11:39:27","modified_gmt":"2020-07-30T11:39:27","slug":"a-remeny-mint-egyesuleti-mozgatoero","status":"publish","type":"post","link":"https:\/\/kofe.hu\/parola\/parola-folyoirat\/a-remeny-mint-egyesuleti-mozgatoero\/","title":{"rendered":"A REM\u00c9NY MINT EGYES\u00dcLETI MOZGAT\u00d3ER\u0150"},"content":{"rendered":"<p><b><i><span style=\"font-family: Arial;\">Hogyan kezdtem \u00e9rdekl\u0151dni a rom\u00e1k ir\u00e1nt?<\/span><\/i><\/b><\/p>\n<p><span style=\"font-family: Arial;\">Oktat\u00f3k\u00e9nt \u00e9s kutat\u00f3k\u00e9nt dolgozom a Debreceni Egyetem N\u00e9peg\u00e9szs\u00e9g\u00fcgyi Kar\u00e1n. \u00cdgy lettem koordin\u00e1tora egy 2000-ben kezd\u0151d\u00f6tt orsz\u00e1gos felm\u00e9r\u00e9snek, amely a magyarorsz\u00e1gi telepek k\u00f6rnyezeteg\u00e9szs\u00e9g\u00fcgyi \u00e1llapot\u00e1nak felt\u00e9rk\u00e9pez\u00e9s\u00e9t v\u00e9gezte el. A munka, amelyet roma k\u00e9rdez\u0151biztosok bevon\u00e1s\u00e1val v\u00e9gezt\u00fcnk el, \u00f6t \u00e9vig tartott. A monitoroz\u00e1s kapcs\u00e1n 4000 km-t utaztam az orsz\u00e1gban, \u00e9s szem\u00e9lyesen is l\u00e1ttam azokat a nyomor\u00fas\u00e1gos k\u00f6r\u00fclm\u00e9nyeket, amelyek k\u00f6zt sz\u00e1mos roma csal\u00e1d \u00e9l. Probl\u00e9m\u00e1ik kiterjedts\u00e9g\u00e9nek \u00e9s m\u00e9lys\u00e9g\u00e9nek l\u00e1tt\u00e1n Primo Levy h\u00edres k\u00e9rd\u00e9se j\u00e1rt a fejemben: \u201eKi, ha nem mi? Mikor, ha nem most?\u201d \u00cdgy jutottam arra az elhat\u00e1roz\u00e1sra, hogy er\u0151mh\u00f6z m\u00e9rten megpr\u00f3b\u00e1lok csin\u00e1lni valamit legal\u00e1bb egy telepen. Gyakorlati megfontol\u00e1sok miatt a debreceni Domokos M\u00e1rton Kertben l\u00e9v\u0151 telepet v\u00e1lasztottuk pr\u00f3b\u00e1lkoz\u00e1sunk sz\u00ednhelyek\u00e9nt.<\/span><\/p>\n<p><!--more--><\/p>\n<p><b><i><span style=\"font-family: Arial;\">Mit csin\u00e1ltunk eddig?<\/span><\/i><\/b><\/p>\n<p><span style=\"font-family: Arial;\">A dolog 2002-ben kezd\u0151d\u00f6tt, az \u00fagynevezett kontaktszem\u00e9ly keres\u00e9s\u00e9vel. A k\u00f6z\u00f6ss\u00e9gfejleszt\u00e9s alapelveivel akkoriban nemigen voltam tiszt\u00e1ban, de azt gondoltam, hogy nem s\u00e9t\u00e1lhatok csak \u00fagy oda azzal, hogy \u201eItt vagyok, seg\u00edteni j\u00f6ttem!\u201d. Az k\u00fcl\u00f6n t\u00f6rt\u00e9net lehetne, hogyan siker\u00fclt h\u00e1rom fordul\u00f3ban, k\u00e9t kudarc ut\u00e1n kontaktszem\u00e9lyt tal\u00e1lni; a l\u00e9nyeg, hogy megismerkedtem Balogh Gyul\u00e1val, aki akkor m\u00e9ly depresszi\u00f3ban volt, az\u00f3ta azonban k\u00f6z\u00f6ss\u00e9g\u00e9nek akt\u00edv sz\u00f3sz\u00f3l\u00f3ja \u00e9s megb\u00edzhat\u00f3 bar\u00e1t lett. 2002 \u0151sz\u00e9t\u0151l tal\u00e1lkoz\u00f3kat (ahogy a k\u00f6z\u00f6ss\u00e9g tagjai h\u00edvt\u00e1k, \u201egy\u0171l\u00e9seket\u201d) szervezt\u00fcnk k\u00e9theti rendszeress\u00e9ggel, miut\u00e1n siker\u00fclt ezeknek megfelel\u0151 helyis\u00e9get tal\u00e1lni a debreceni Roma K\u00f6z\u00f6ss\u00e9gi H\u00e1zban, a telepen nem l\u00e9v\u00e9n alkalmas helysz\u00edn; illetve siker\u00fclt a sz\u00e1ll\u00edt\u00e1st megszervezni \u2013 a kisgyerekesek mindig hozt\u00e1k a gyerekeiket, \u00e9s egy k\u00e9t-h\u00e1romtag\u00fa csal\u00e1d helyi buszk\u00f6lts\u00e9ge oda-vissza m\u00e1r meghaladta az er\u0151forr\u00e1saikat.<\/span><br \/>\n<span style=\"font-family: Arial;\">Az els\u0151 n\u00e9h\u00e1ny tal\u00e1lkoz\u00f3 sor\u00e1n kider\u00fclt, hogy a telepiek t\u00f6bbs\u00e9ge jogc\u00edm n\u00e9lk\u00fcli lak\u00e1shaszn\u00e1l\u00f3 \u2013 dac\u00e1ra annak, hogy sokan t\u00f6bb mint k\u00e9t \u00e9vtizede laktak ugyanott \u2013, a kilakoltat\u00e1s folytonos r\u00e9m\u00e9vel a fej\u00fck f\u00f6l\u00f6tt. \u00cdgy a legfontosabb teend\u0151t a lak\u00e1shelyzet rendez\u00e9s\u00e9ben hat\u00e1roztuk meg, \u00e9s ennek \u00e9rdek\u00e9ben kapcsolatot kerest\u00fcnk olyan szervezetekkel, amelyek h\u00e1tr\u00e1nyos helyzet\u0171 csoportokkal foglalkoznak. Az els\u0151 kapcsolatfelv\u00e9tel a Tisz\u00e1nt\u00fali Reform\u00e1tus Egyh\u00e1zker\u00fclet volt, amelynek roma misszi\u00f3s lelk\u00e9sz\u00e9vel, B\u00faz\u00e1s Ir\u00e9nnel egy\u00fcttm\u0171k\u00f6dve 2003 nyar\u00e1n k\u00e9thetes t\u00e1bort szervezt\u00fcnk a telepre a Young Action for Peace nev\u0171 belga NGO-val egy\u00fcttm\u0171k\u00f6dve. A t\u00e1bor eredeti c\u00e9lja a telepiek \u00e9lethelyzet\u00e9nek jav\u00edt\u00e1sa volt, az ottani k\u00f6r\u00fclm\u00e9nyek azonban annyira kedvez\u0151tlenek voltak, hogy nem lehetett a fiatalokat mindennap ott foglalkoztatni, \u00edgy a r\u00e9sztvev\u0151k a Nagys\u00e1ndor-telepi, P\u00f3sa utcai \u00f3vod\u00e1ban is dolgoztak, mivel a legt\u00f6bb telepi gyerek abba az \u00f3vod\u00e1ba j\u00e1rt. \u00d6sszesen 15, 18 \u00e9s 30 \u00e9v k\u00f6z\u00f6tti fiatal \u00e9rkezett t\u00edz orsz\u00e1gb\u00f3l, t\u00f6bbek k\u00f6z\u00f6tt Jap\u00e1nb\u00f3l, Mexik\u00f3b\u00f3l, Lengyelorsz\u00e1gb\u00f3l \u00e9s Franciaorsz\u00e1gb\u00f3l. A k\u00e9t h\u00e9t megintcsak k\u00fcl\u00f6n t\u00f6rt\u00e9net lehetne, a kezdeti \u2013 k\u00f6lcs\u00f6n\u00f6s \u2013 tart\u00f3zkod\u00e1st\u00f3l az utols\u00f3 nap k\u00f6nnyes b\u00facs\u00faj\u00e1ig; annak r\u00e9szletez\u00e9s\u00e9ig, hogy k\u00f6lts\u00e9gvet\u00e9s h\u00edj\u00e1n hogyan siker\u00fclt m\u00e9gis nemcsak az \u00e9rkez\u0151 fiatalok sz\u00e1ll\u00e1s\u00e1t \u00e9s \u00e9tkez\u00e9s\u00e9t megoldani, de 70 m3 f\u00f6ldet szerezni az \u00f3voda kertj\u00e9nek felt\u00f6lt\u00e9s\u00e9re, \u00e9s mintegy \u00f6tven embert megetetni a z\u00e1r\u00f3nap guly\u00e1spartij\u00e1n. A t\u00e1bor hangulat\u00e1t az 1. k\u00e9p illusztr\u00e1lja.<\/span><\/p>\n<p><img loading=\"lazy\" decoding=\"async\" src=\"http:\/\/kka.hu\/_Kozossegi_Adattar\/PAROLAAR.NSF\/b84c8c861998671e8525670c00815721\/ee098f93e192b524c12577c0004719c9\/file\/67.3BF6?OpenElement&amp;FieldElemFormat=gif\" width=\"473\" height=\"327\" align=\"middle\" \/><\/p>\n<div align=\"center\"><i><span style=\"font-family: Arial;\">1. k\u00e9p<\/span><\/i><br \/>\n<i><span style=\"font-family: Arial;\">Rajz\u00f3ra a takar\u00edt\u00e1s sz\u00fcnet\u00e9ben, ny\u00e1ri t\u00e1bor, Debrecen, Domokos M\u00e1rton Kert, 2003<\/span><\/i><\/div>\n<p><span style=\"font-family: Arial;\">A t\u00e1bor valamelyik napj\u00e1n t\u00f6rt\u00e9nt, hogy Gyul\u00e1val besz\u00e9lgetve megh\u00edvtam a debreceni Nagytemplomba istentiszteletre (akkor m\u00e1r tudtam, hogy reform\u00e1tus volt csal\u00e1dj\u00e1val egy\u00fctt). Gyula elj\u00f6tt a feles\u00e9g\u00e9vel, Arank\u00e1val egy\u00fctt \u2013 ahogy elment ugyanakkort\u00e1jt a mormon templomba is, de oda csak egyszer \u2013, ami a hithez val\u00f3 visszatal\u00e1l\u00e1s\u00e1nak a kezdete volt. A k\u00f6vetkez\u0151, 2004-ben szervezett ny\u00e1ri t\u00e1bor f\u00e9nypontja Gyula \u00e9s Aranka esk\u00fcv\u0151je volt, amellyel 25 \u00e9ves egy\u00fctt\u00e9l\u00e9s\u00fcket pecs\u00e9telt\u00e9k meg; az esk\u00fcv\u0151i bankett pedig a t\u00e1bor z\u00e1r\u00f3partija is volt egyben, fergeteges \u00fcnnepl\u00e9ssel, imm\u00e1r szok\u00e1s szerint null\u00e1s k\u00f6lts\u00e9gvet\u00e9ssel. Gyula \u00e9s Aranka k\u00e9s\u0151bb (\u00fajra)konfirm\u00e1lt, majd mindketten tagjai lettek a Nagytemplomi gy\u00fclekezetnek, \u00e9s \u00f6nk\u00e9ntesk\u00e9nt kezdtek dolgozni a gy\u00fclekezet hajl\u00e9ktalanmisszi\u00f3j\u00e1ban. Gyul\u00e1t a misszi\u00f3 n\u00e9gy \u00e9vnyi, kiv\u00e1l\u00f3an v\u00e9gzett \u00f6nk\u00e9ntes munka ut\u00e1n tavaly ny\u00e1rt\u00f3l szoci\u00e1lis munk\u00e1sk\u00e9nt, fizetett \u00e1ll\u00e1sban alkalmazza. Az\u00f3ta sz\u00e1mos m\u00e1s esem\u00e9nyt szervezt\u00fcnk: ny\u00e1ri t\u00e1bort egy kiv\u00e9tel\u00e9vel minden \u00e9vben; \u00edr\u00e1s-olvas\u00e1s tanfolyamot, a K\u00f6z\u00f6ss\u00e9gfejleszt\u0151k Egyes\u00fclet\u00e9nek seg\u00edts\u00e9g\u00e9vel kommunik\u00e1ci\u00f3s \u00e9s k\u00f6z\u00f6ss\u00e9g\u00e9p\u00edt\u0151 egy\u00fcttl\u00e9teket k\u00e9tszer is Kunb\u00e1bonyban az \u00e9rdek\u00e9rv\u00e9nyes\u00edt\u00e9s fejleszt\u00e9s\u00e9re; beiskol\u00e1ztunk az \u00e1ltal\u00e1nos iskola befejez\u00e9s\u00e9re; megn\u00e9zt\u00fck Kiskunhalason az ottani nagyon sikeres \u00f6ner\u0151s szoci\u00e1lis lak\u00e1sprogramot; s egyik legfontosabb t\u00f6rt\u00e9n\u00e9sk\u00e9nt, meg\u00e9rtve a mag\u00e1ner\u0151s cselekv\u00e9s korl\u00e1tait, megalap\u00edtottuk az Opre Roma (\u00c1llj fel, roma) Egyes\u00fcletet<\/span><span style=\"font-family: Arial;\">www.opreromadmk.hu<\/span><span style=\"font-family: Arial;\">\u00a02006 m\u00e1jus\u00e1ban; amelynek minden vezet\u0151s\u00e9gi tagja telepi lakos.<\/span><\/p>\n<p><img loading=\"lazy\" decoding=\"async\" src=\"http:\/\/kka.hu\/_Kozossegi_Adattar\/PAROLAAR.NSF\/b84c8c861998671e8525670c00815721\/ee098f93e192b524c12577c0004719c9\/file\/2744.3E92?OpenElement&amp;FieldElemFormat=gif\" width=\"484\" height=\"389\" align=\"middle\" \/><\/p>\n<div align=\"center\"><i><span style=\"font-family: Arial;\">2. k\u00e9p<\/span><\/i><br \/>\n<i><span style=\"font-family: Arial;\">Balogh Gyula \u00e9s Vad\u00e1sz Aranka esk\u00fcv\u0151je, 2004. augusztus<\/span><\/i><\/div>\n<p><span style=\"font-family: Arial;\">Egyes\u00fcletk\u00e9nt levelezt\u00fcnk az es\u00e9lyegyenl\u0151s\u00e9gi miniszterrel, a korm\u00e1ny roma\u00fcgyi biztos\u00e1val, J\u00e1r\u00f3ka L\u00edvia EU-k\u00e9pvisel\u0151vel, az Orsz\u00e1gos Cig\u00e1ny Kisebbs\u00e9gi \u00d6nkorm\u00e1nyzattal, az European Roma Rights Centre-rel; t\u00e1rgyal\u00e1sokat folytattunk a debreceni polg\u00e1rmesterrel, a hajd\u00fab\u00f6sz\u00f6rm\u00e9nyi jegyz\u0151vel a Habitat for Humanity magyarorsz\u00e1gi szervezet\u00e9nek vezet\u0151j\u00e9vel egy szoci\u00e1lis lakhat\u00e1si projekt \u00e9rdek\u00e9ben. \u00c1ltal\u00e1ban mindenki t\u00e1mogatja az Egyes\u00fclet tev\u00e9kenys\u00e9g\u00e9t, csak konkr\u00e9tan nem. A Habitat for Humanity-val m\u00e1r k\u00e9tszer is megsz\u00fcletett az elvi megegyez\u00e9s, \u00e9s mindk\u00e9tszer megbukott Debrecen v\u00e1ros t\u00e1mogat\u00e1sa h\u00edj\u00e1n.<\/span><br \/>\n<span style=\"font-family: Arial;\">Legs\u00fcrget\u0151bb c\u00e9lunk tov\u00e1bbra is a lakhat\u00e1s megold\u00e1sa, s addig is a kilakoltat\u00e1s elker\u00fcl\u00e9se. 2008-ban saj\u00e1t er\u0151b\u0151l \u00e9letvesz\u00e9ly-elh\u00e1r\u00edt\u00e1si munk\u00e1latokat v\u00e9geztett\u00fcnk a telepen, hogy az azonnali kilakoltat\u00e1st elker\u00fclj\u00fck. Partnert keres\u00fcnk a tervezett szoci\u00e1lis lak\u00e1sprojekthez, amelyet rem\u00e9nyeink szerint nagyban seg\u00edteni fog, hogy az Egyes\u00fclet a N\u00e9peg\u00e9szs\u00e9g\u00fcgyi Kar kapcsolatai r\u00e9v\u00e9n beker\u00fclt az Eur\u00f3pai Uni\u00f3 \u00e1ltal finansz\u00edrozott DETERMINE programba.<\/span><br \/>\n<span style=\"font-family: Arial;\">Ennek c\u00e9lja a k\u00fcl\u00f6nb\u00f6z\u0151 t\u00e1rsadalmi-gazdas\u00e1gi csoportok k\u00f6z\u00f6tt fenn\u00e1ll\u00f3 eg\u00e9szs\u00e9gi egyenl\u0151tlens\u00e9gek cs\u00f6kkent\u00e9se az EU tagorsz\u00e1gaiban \u00e9s azok k\u00f6zt, m\u00e9gpedig az eg\u00e9szs\u00e9get nagym\u00e9rt\u00e9kben befoly\u00e1sol\u00f3 t\u00e1rsadalmi \u00e9s gazdas\u00e1gi t\u00e9nyez\u0151k\u00f6n kereszt\u00fcl. A DETERMINE\u00a0<\/span><u><span style=\"font-family: Arial;\"><a href=\"http:\/\/www.health-inequalities.eu\/?uid=24221844916ffca90dc4bf6b\">http:\/\/www.health-inequalities.eu\/?uid=24221844916ffca90dc4bf6b<\/a><\/span><\/u><u><span style=\"font-family: Arial;\">\u00a00c582b60&amp;id=Seite3486<\/span><\/u><span style=\"font-family: Arial;\">\u00a0keret\u00e9ben 2008 okt\u00f3bere \u00e9s 2009 szeptembere k\u00f6zt \u201eEg\u00e9szs\u00e9ges \u00e9s fenntarthat\u00f3 lakhat\u00e1s\u201c c\u00edmmel szervezt\u00fcnk programsorozatot egy m\u00e1sik debreceni egyes\u00fclet (Mosolyvir\u00e1g Nagycsal\u00e1dosok Egyes\u00fclete) tagjainak bevon\u00e1s\u00e1val. Ell\u00e1togattunk Debrecen valamennyi k\u00f6zm\u0171int\u00e9zm\u00e9ny\u00e9be, hogy a r\u00e9sztvev\u0151k megismerkedjenek azok m\u0171k\u00f6d\u00e9s\u00e9nek alapelveivel, \u00e9s az eg\u00e9sz\u00e9gre, valamint a k\u00f6rnyezetre gyakorolt pozit\u00edv \u00e9s negat\u00edv hat\u00e1saikkal. H\u00e9tv\u00e9gi kir\u00e1ndul\u00e1sokat szervezt\u00fcnk h\u00e1rom biofaluba (Galgah\u00e9v\u00edz, Agosty\u00e1n, Gy\u0171r\u0171f\u0171), ahol az energiatakar\u00e9kos lakhat\u00e1st seg\u00edt\u0151 \u00e9p\u00edtkez\u00e9si m\u00f3dokkal \u00e9s berendez\u00e9sekkel volt alkalmunk megismerkedni \u2013 mindezt a j\u00f6v\u0151beni lak\u00e1sok tudatosabb \u00e9s energiatakar\u00e9kos haszn\u00e1lata rem\u00e9ny\u00e9ben.<\/span><\/p>\n<p><i><span style=\"font-family: Arial;\">Mit tervez\u00fcnk a j\u00f6v\u0151ben?<\/span><\/i><br \/>\n<span style=\"font-family: Arial;\">Nem adjuk fel a lak\u00e1sprojekt megval\u00f3s\u00edt\u00e1s\u00e1nak terv\u00e9t. Jelenleg olyan partnert, mag\u00e1nbefektet\u0151t keres\u00fcnk, akivel mindezt meg tudjuk val\u00f3s\u00edtani. \u00dajabb programsorozatot tervez\u00fcnk, amely a tagok eg\u00e9szs\u00e9gi \u00e1llapot\u00e1nak jav\u00edt\u00e1s\u00e1t c\u00e9lozza, azt ugyanis a rossz lak\u00e1s- \u00e9s \u00e9letk\u00f6r\u00fclm\u00e9nyek nagyon kedvez\u0151tlen\u00fcl befoly\u00e1solj\u00e1k. K\u00f6sz\u00f6nj\u00fck a megh\u00edv\u00e1st a K\u00f6z\u00f6ss\u00e9gfejleszt\u0151k Egyes\u00fclete \u00e1ltal szervezett Ny\u00e1ri Egyetemre; minden ilyen alkalom kiv\u00e1l\u00f3 lehet\u0151s\u00e9g a tanul\u00e1sra, tapasztalatszerz\u00e9sre \u00e9s ismerked\u00e9sre. K\u00f6sz\u00f6nj\u00fck a KKE minden eddigi t\u00e1mogat\u00e1s\u00e1t. Rem\u00e9lj\u00fck, elj\u00f6n az az id\u0151, amikor a sikeresen megval\u00f3s\u00edtott lak\u00e1sprojekt\u00fcnket tudjuk majd bemutatni. Az id\u0151 nek\u00fcnk dolgozik.<\/span><\/p>\n","protected":false},"excerpt":{"rendered":"<p>Hogyan kezdtem \u00e9rdekl\u0151dni a rom\u00e1k ir\u00e1nt? Oktat\u00f3k\u00e9nt \u00e9s kutat\u00f3k\u00e9nt dolgozom a Debreceni Egyetem N\u00e9peg\u00e9szs\u00e9g\u00fcgyi Kar\u00e1n. \u00cdgy lettem koordin\u00e1tora egy 2000-ben kezd\u0151d\u00f6tt orsz\u00e1gos felm\u00e9r\u00e9snek, amely a magyarorsz\u00e1gi telepek k\u00f6rnyezeteg\u00e9szs\u00e9g\u00fcgyi \u00e1llapot\u00e1nak felt\u00e9rk\u00e9pez\u00e9s\u00e9t v\u00e9gezte el. A munka, amelyet roma k\u00e9rdez\u0151biztosok bevon\u00e1s\u00e1val v\u00e9gezt\u00fcnk el, \u00f6t \u00e9vig tartott. A monitoroz\u00e1s kapcs\u00e1n 4000 km-t utaztam az orsz\u00e1gban, \u00e9s szem\u00e9lyesen is l\u00e1ttam [&hellip;]<\/p>\n","protected":false},"author":310,"featured_media":3439,"comment_status":"open","ping_status":"open","sticky":false,"template":"","format":"standard","meta":{"_acf_changed":false,"footnotes":""},"categories":[378,8,7],"tags":[],"coauthors":[391],"class_list":["post-2427","post","type-post","status-publish","format-standard","has-post-thumbnail","hentry","category-parola-2010-3","category-parola-folyoirat","category-repertorium"],"acf":[],"yoast_head":"<!-- This site is optimized with the Yoast SEO plugin v26.7 - https:\/\/yoast.com\/wordpress\/plugins\/seo\/ -->\n<title>A REM\u00c9NY MINT EGYES\u00dcLETI MOZGAT\u00d3ER\u0150 - Parola Foly\u00f3irat<\/title>\n<meta name=\"robots\" content=\"index, follow, max-snippet:-1, max-image-preview:large, max-video-preview:-1\" \/>\n<link rel=\"canonical\" href=\"https:\/\/kofe.hu\/parola\/parola-folyoirat\/a-remeny-mint-egyesuleti-mozgatoero\/\" \/>\n<meta property=\"og:locale\" content=\"hu_HU\" \/>\n<meta property=\"og:type\" content=\"article\" \/>\n<meta property=\"og:title\" content=\"A REM\u00c9NY MINT EGYES\u00dcLETI MOZGAT\u00d3ER\u0150 - Parola Foly\u00f3irat\" \/>\n<meta property=\"og:description\" content=\"Hogyan kezdtem \u00e9rdekl\u0151dni a rom\u00e1k ir\u00e1nt? Oktat\u00f3k\u00e9nt \u00e9s kutat\u00f3k\u00e9nt dolgozom a Debreceni Egyetem N\u00e9peg\u00e9szs\u00e9g\u00fcgyi Kar\u00e1n. \u00cdgy lettem koordin\u00e1tora egy 2000-ben kezd\u0151d\u00f6tt orsz\u00e1gos felm\u00e9r\u00e9snek, amely a magyarorsz\u00e1gi telepek k\u00f6rnyezeteg\u00e9szs\u00e9g\u00fcgyi \u00e1llapot\u00e1nak felt\u00e9rk\u00e9pez\u00e9s\u00e9t v\u00e9gezte el. A munka, amelyet roma k\u00e9rdez\u0151biztosok bevon\u00e1s\u00e1val v\u00e9gezt\u00fcnk el, \u00f6t \u00e9vig tartott. A monitoroz\u00e1s kapcs\u00e1n 4000 km-t utaztam az orsz\u00e1gban, \u00e9s szem\u00e9lyesen is l\u00e1ttam [&hellip;]\" \/>\n<meta property=\"og:url\" content=\"https:\/\/kofe.hu\/parola\/parola-folyoirat\/a-remeny-mint-egyesuleti-mozgatoero\/\" \/>\n<meta property=\"og:site_name\" content=\"Parola Foly\u00f3irat\" \/>\n<meta property=\"article:published_time\" content=\"2020-06-25T16:15:10+00:00\" \/>\n<meta property=\"article:modified_time\" content=\"2020-07-30T11:39:27+00:00\" \/>\n<meta property=\"og:image\" content=\"https:\/\/kofe.hu\/parola\/wp-content\/uploads\/2020\/07\/10.3.jpeg\" \/>\n\t<meta property=\"og:image:width\" content=\"1319\" \/>\n\t<meta property=\"og:image:height\" content=\"1987\" \/>\n\t<meta property=\"og:image:type\" content=\"image\/jpeg\" \/>\n<meta name=\"author\" content=\"Dr. K\u00f3sa Karolina\" \/>\n<meta name=\"twitter:card\" content=\"summary_large_image\" \/>\n<meta name=\"twitter:label1\" content=\"Szerz\u0151:\" \/>\n\t<meta name=\"twitter:data1\" content=\"Dr. K\u00f3sa Karolina\" \/>\n\t<meta name=\"twitter:label2\" content=\"Becs\u00fclt olvas\u00e1si id\u0151\" \/>\n\t<meta name=\"twitter:data2\" content=\"8 perc\" \/>\n\t<meta name=\"twitter:label3\" content=\"Written by\" \/>\n\t<meta name=\"twitter:data3\" content=\"Dr. K\u00f3sa Karolina\" \/>\n<script type=\"application\/ld+json\" class=\"yoast-schema-graph\">{\"@context\":\"https:\/\/schema.org\",\"@graph\":[{\"@type\":\"Article\",\"@id\":\"https:\/\/kofe.hu\/parola\/parola-folyoirat\/a-remeny-mint-egyesuleti-mozgatoero\/#article\",\"isPartOf\":{\"@id\":\"https:\/\/kofe.hu\/parola\/parola-folyoirat\/a-remeny-mint-egyesuleti-mozgatoero\/\"},\"author\":{\"name\":\"Dr. K\u00f3sa Karolina\",\"@id\":\"https:\/\/kofe.hu\/parola\/#\/schema\/person\/3d0bef9f5258040809c67d345a21cfd9\"},\"headline\":\"A REM\u00c9NY MINT EGYES\u00dcLETI MOZGAT\u00d3ER\u0150\",\"datePublished\":\"2020-06-25T16:15:10+00:00\",\"dateModified\":\"2020-07-30T11:39:27+00:00\",\"mainEntityOfPage\":{\"@id\":\"https:\/\/kofe.hu\/parola\/parola-folyoirat\/a-remeny-mint-egyesuleti-mozgatoero\/\"},\"wordCount\":1618,\"commentCount\":0,\"image\":{\"@id\":\"https:\/\/kofe.hu\/parola\/parola-folyoirat\/a-remeny-mint-egyesuleti-mozgatoero\/#primaryimage\"},\"thumbnailUrl\":\"https:\/\/kofe.hu\/parola\/wp-content\/uploads\/2020\/07\/10.3.jpeg\",\"articleSection\":[\"Parola 2010\/3\",\"Parola Foly\u00f3irat\",\"Repert\u00f3rium\"],\"inLanguage\":\"hu\",\"potentialAction\":[{\"@type\":\"CommentAction\",\"name\":\"Comment\",\"target\":[\"https:\/\/kofe.hu\/parola\/parola-folyoirat\/a-remeny-mint-egyesuleti-mozgatoero\/#respond\"]}]},{\"@type\":\"WebPage\",\"@id\":\"https:\/\/kofe.hu\/parola\/parola-folyoirat\/a-remeny-mint-egyesuleti-mozgatoero\/\",\"url\":\"https:\/\/kofe.hu\/parola\/parola-folyoirat\/a-remeny-mint-egyesuleti-mozgatoero\/\",\"name\":\"A REM\u00c9NY MINT EGYES\u00dcLETI MOZGAT\u00d3ER\u0150 - Parola Foly\u00f3irat\",\"isPartOf\":{\"@id\":\"https:\/\/kofe.hu\/parola\/#website\"},\"primaryImageOfPage\":{\"@id\":\"https:\/\/kofe.hu\/parola\/parola-folyoirat\/a-remeny-mint-egyesuleti-mozgatoero\/#primaryimage\"},\"image\":{\"@id\":\"https:\/\/kofe.hu\/parola\/parola-folyoirat\/a-remeny-mint-egyesuleti-mozgatoero\/#primaryimage\"},\"thumbnailUrl\":\"https:\/\/kofe.hu\/parola\/wp-content\/uploads\/2020\/07\/10.3.jpeg\",\"datePublished\":\"2020-06-25T16:15:10+00:00\",\"dateModified\":\"2020-07-30T11:39:27+00:00\",\"author\":{\"@id\":\"https:\/\/kofe.hu\/parola\/#\/schema\/person\/3d0bef9f5258040809c67d345a21cfd9\"},\"breadcrumb\":{\"@id\":\"https:\/\/kofe.hu\/parola\/parola-folyoirat\/a-remeny-mint-egyesuleti-mozgatoero\/#breadcrumb\"},\"inLanguage\":\"hu\",\"potentialAction\":[{\"@type\":\"ReadAction\",\"target\":[\"https:\/\/kofe.hu\/parola\/parola-folyoirat\/a-remeny-mint-egyesuleti-mozgatoero\/\"]}]},{\"@type\":\"ImageObject\",\"inLanguage\":\"hu\",\"@id\":\"https:\/\/kofe.hu\/parola\/parola-folyoirat\/a-remeny-mint-egyesuleti-mozgatoero\/#primaryimage\",\"url\":\"https:\/\/kofe.hu\/parola\/wp-content\/uploads\/2020\/07\/10.3.jpeg\",\"contentUrl\":\"https:\/\/kofe.hu\/parola\/wp-content\/uploads\/2020\/07\/10.3.jpeg\",\"width\":1319,\"height\":1987},{\"@type\":\"BreadcrumbList\",\"@id\":\"https:\/\/kofe.hu\/parola\/parola-folyoirat\/a-remeny-mint-egyesuleti-mozgatoero\/#breadcrumb\",\"itemListElement\":[{\"@type\":\"ListItem\",\"position\":1,\"name\":\"Home\",\"item\":\"https:\/\/kofe.hu\/parola\/\"},{\"@type\":\"ListItem\",\"position\":2,\"name\":\"A REM\u00c9NY MINT EGYES\u00dcLETI MOZGAT\u00d3ER\u0150\"}]},{\"@type\":\"WebSite\",\"@id\":\"https:\/\/kofe.hu\/parola\/#website\",\"url\":\"https:\/\/kofe.hu\/parola\/\",\"name\":\"Parola Foly\u00f3irat\",\"description\":\"\",\"potentialAction\":[{\"@type\":\"SearchAction\",\"target\":{\"@type\":\"EntryPoint\",\"urlTemplate\":\"https:\/\/kofe.hu\/parola\/?s={search_term_string}\"},\"query-input\":{\"@type\":\"PropertyValueSpecification\",\"valueRequired\":true,\"valueName\":\"search_term_string\"}}],\"inLanguage\":\"hu\"},{\"@type\":\"Person\",\"@id\":\"https:\/\/kofe.hu\/parola\/#\/schema\/person\/3d0bef9f5258040809c67d345a21cfd9\",\"name\":\"Dr. K\u00f3sa Karolina\",\"image\":{\"@type\":\"ImageObject\",\"inLanguage\":\"hu\",\"@id\":\"https:\/\/kofe.hu\/parola\/#\/schema\/person\/image\/23494c9101089ad44ae88ce9d2f56aac\",\"url\":\"https:\/\/secure.gravatar.com\/avatar\/?s=96&d=mm&r=g\",\"contentUrl\":\"https:\/\/secure.gravatar.com\/avatar\/?s=96&d=mm&r=g\",\"caption\":\"Dr. K\u00f3sa Karolina\"},\"url\":\"https:\/\/kofe.hu\/parola\/szerzok\/dr-kosa-karolina\/\"}]}<\/script>\n<!-- \/ Yoast SEO plugin. -->","yoast_head_json":{"title":"A REM\u00c9NY MINT EGYES\u00dcLETI MOZGAT\u00d3ER\u0150 - Parola Foly\u00f3irat","robots":{"index":"index","follow":"follow","max-snippet":"max-snippet:-1","max-image-preview":"max-image-preview:large","max-video-preview":"max-video-preview:-1"},"canonical":"https:\/\/kofe.hu\/parola\/parola-folyoirat\/a-remeny-mint-egyesuleti-mozgatoero\/","og_locale":"hu_HU","og_type":"article","og_title":"A REM\u00c9NY MINT EGYES\u00dcLETI MOZGAT\u00d3ER\u0150 - Parola Foly\u00f3irat","og_description":"Hogyan kezdtem \u00e9rdekl\u0151dni a rom\u00e1k ir\u00e1nt? Oktat\u00f3k\u00e9nt \u00e9s kutat\u00f3k\u00e9nt dolgozom a Debreceni Egyetem N\u00e9peg\u00e9szs\u00e9g\u00fcgyi Kar\u00e1n. \u00cdgy lettem koordin\u00e1tora egy 2000-ben kezd\u0151d\u00f6tt orsz\u00e1gos felm\u00e9r\u00e9snek, amely a magyarorsz\u00e1gi telepek k\u00f6rnyezeteg\u00e9szs\u00e9g\u00fcgyi \u00e1llapot\u00e1nak felt\u00e9rk\u00e9pez\u00e9s\u00e9t v\u00e9gezte el. A munka, amelyet roma k\u00e9rdez\u0151biztosok bevon\u00e1s\u00e1val v\u00e9gezt\u00fcnk el, \u00f6t \u00e9vig tartott. A monitoroz\u00e1s kapcs\u00e1n 4000 km-t utaztam az orsz\u00e1gban, \u00e9s szem\u00e9lyesen is l\u00e1ttam [&hellip;]","og_url":"https:\/\/kofe.hu\/parola\/parola-folyoirat\/a-remeny-mint-egyesuleti-mozgatoero\/","og_site_name":"Parola Foly\u00f3irat","article_published_time":"2020-06-25T16:15:10+00:00","article_modified_time":"2020-07-30T11:39:27+00:00","og_image":[{"width":1319,"height":1987,"url":"https:\/\/kofe.hu\/parola\/wp-content\/uploads\/2020\/07\/10.3.jpeg","type":"image\/jpeg"}],"author":"Dr. K\u00f3sa Karolina","twitter_card":"summary_large_image","twitter_misc":{"Szerz\u0151:":"Dr. K\u00f3sa Karolina","Becs\u00fclt olvas\u00e1si id\u0151":"8 perc","Written by":"Dr. K\u00f3sa Karolina"},"schema":{"@context":"https:\/\/schema.org","@graph":[{"@type":"Article","@id":"https:\/\/kofe.hu\/parola\/parola-folyoirat\/a-remeny-mint-egyesuleti-mozgatoero\/#article","isPartOf":{"@id":"https:\/\/kofe.hu\/parola\/parola-folyoirat\/a-remeny-mint-egyesuleti-mozgatoero\/"},"author":{"name":"Dr. K\u00f3sa Karolina","@id":"https:\/\/kofe.hu\/parola\/#\/schema\/person\/3d0bef9f5258040809c67d345a21cfd9"},"headline":"A REM\u00c9NY MINT EGYES\u00dcLETI MOZGAT\u00d3ER\u0150","datePublished":"2020-06-25T16:15:10+00:00","dateModified":"2020-07-30T11:39:27+00:00","mainEntityOfPage":{"@id":"https:\/\/kofe.hu\/parola\/parola-folyoirat\/a-remeny-mint-egyesuleti-mozgatoero\/"},"wordCount":1618,"commentCount":0,"image":{"@id":"https:\/\/kofe.hu\/parola\/parola-folyoirat\/a-remeny-mint-egyesuleti-mozgatoero\/#primaryimage"},"thumbnailUrl":"https:\/\/kofe.hu\/parola\/wp-content\/uploads\/2020\/07\/10.3.jpeg","articleSection":["Parola 2010\/3","Parola Foly\u00f3irat","Repert\u00f3rium"],"inLanguage":"hu","potentialAction":[{"@type":"CommentAction","name":"Comment","target":["https:\/\/kofe.hu\/parola\/parola-folyoirat\/a-remeny-mint-egyesuleti-mozgatoero\/#respond"]}]},{"@type":"WebPage","@id":"https:\/\/kofe.hu\/parola\/parola-folyoirat\/a-remeny-mint-egyesuleti-mozgatoero\/","url":"https:\/\/kofe.hu\/parola\/parola-folyoirat\/a-remeny-mint-egyesuleti-mozgatoero\/","name":"A REM\u00c9NY MINT EGYES\u00dcLETI MOZGAT\u00d3ER\u0150 - Parola Foly\u00f3irat","isPartOf":{"@id":"https:\/\/kofe.hu\/parola\/#website"},"primaryImageOfPage":{"@id":"https:\/\/kofe.hu\/parola\/parola-folyoirat\/a-remeny-mint-egyesuleti-mozgatoero\/#primaryimage"},"image":{"@id":"https:\/\/kofe.hu\/parola\/parola-folyoirat\/a-remeny-mint-egyesuleti-mozgatoero\/#primaryimage"},"thumbnailUrl":"https:\/\/kofe.hu\/parola\/wp-content\/uploads\/2020\/07\/10.3.jpeg","datePublished":"2020-06-25T16:15:10+00:00","dateModified":"2020-07-30T11:39:27+00:00","author":{"@id":"https:\/\/kofe.hu\/parola\/#\/schema\/person\/3d0bef9f5258040809c67d345a21cfd9"},"breadcrumb":{"@id":"https:\/\/kofe.hu\/parola\/parola-folyoirat\/a-remeny-mint-egyesuleti-mozgatoero\/#breadcrumb"},"inLanguage":"hu","potentialAction":[{"@type":"ReadAction","target":["https:\/\/kofe.hu\/parola\/parola-folyoirat\/a-remeny-mint-egyesuleti-mozgatoero\/"]}]},{"@type":"ImageObject","inLanguage":"hu","@id":"https:\/\/kofe.hu\/parola\/parola-folyoirat\/a-remeny-mint-egyesuleti-mozgatoero\/#primaryimage","url":"https:\/\/kofe.hu\/parola\/wp-content\/uploads\/2020\/07\/10.3.jpeg","contentUrl":"https:\/\/kofe.hu\/parola\/wp-content\/uploads\/2020\/07\/10.3.jpeg","width":1319,"height":1987},{"@type":"BreadcrumbList","@id":"https:\/\/kofe.hu\/parola\/parola-folyoirat\/a-remeny-mint-egyesuleti-mozgatoero\/#breadcrumb","itemListElement":[{"@type":"ListItem","position":1,"name":"Home","item":"https:\/\/kofe.hu\/parola\/"},{"@type":"ListItem","position":2,"name":"A REM\u00c9NY MINT EGYES\u00dcLETI MOZGAT\u00d3ER\u0150"}]},{"@type":"WebSite","@id":"https:\/\/kofe.hu\/parola\/#website","url":"https:\/\/kofe.hu\/parola\/","name":"Parola Foly\u00f3irat","description":"","potentialAction":[{"@type":"SearchAction","target":{"@type":"EntryPoint","urlTemplate":"https:\/\/kofe.hu\/parola\/?s={search_term_string}"},"query-input":{"@type":"PropertyValueSpecification","valueRequired":true,"valueName":"search_term_string"}}],"inLanguage":"hu"},{"@type":"Person","@id":"https:\/\/kofe.hu\/parola\/#\/schema\/person\/3d0bef9f5258040809c67d345a21cfd9","name":"Dr. K\u00f3sa Karolina","image":{"@type":"ImageObject","inLanguage":"hu","@id":"https:\/\/kofe.hu\/parola\/#\/schema\/person\/image\/23494c9101089ad44ae88ce9d2f56aac","url":"https:\/\/secure.gravatar.com\/avatar\/?s=96&d=mm&r=g","contentUrl":"https:\/\/secure.gravatar.com\/avatar\/?s=96&d=mm&r=g","caption":"Dr. K\u00f3sa Karolina"},"url":"https:\/\/kofe.hu\/parola\/szerzok\/dr-kosa-karolina\/"}]}},"_links":{"self":[{"href":"https:\/\/kofe.hu\/parola\/wp-json\/wp\/v2\/posts\/2427","targetHints":{"allow":["GET"]}}],"collection":[{"href":"https:\/\/kofe.hu\/parola\/wp-json\/wp\/v2\/posts"}],"about":[{"href":"https:\/\/kofe.hu\/parola\/wp-json\/wp\/v2\/types\/post"}],"author":[{"embeddable":true,"href":"https:\/\/kofe.hu\/parola\/wp-json\/wp\/v2\/users\/310"}],"replies":[{"embeddable":true,"href":"https:\/\/kofe.hu\/parola\/wp-json\/wp\/v2\/comments?post=2427"}],"version-history":[{"count":2,"href":"https:\/\/kofe.hu\/parola\/wp-json\/wp\/v2\/posts\/2427\/revisions"}],"predecessor-version":[{"id":2429,"href":"https:\/\/kofe.hu\/parola\/wp-json\/wp\/v2\/posts\/2427\/revisions\/2429"}],"wp:featuredmedia":[{"embeddable":true,"href":"https:\/\/kofe.hu\/parola\/wp-json\/wp\/v2\/media\/3439"}],"wp:attachment":[{"href":"https:\/\/kofe.hu\/parola\/wp-json\/wp\/v2\/media?parent=2427"}],"wp:term":[{"taxonomy":"category","embeddable":true,"href":"https:\/\/kofe.hu\/parola\/wp-json\/wp\/v2\/categories?post=2427"},{"taxonomy":"post_tag","embeddable":true,"href":"https:\/\/kofe.hu\/parola\/wp-json\/wp\/v2\/tags?post=2427"},{"taxonomy":"author","embeddable":true,"href":"https:\/\/kofe.hu\/parola\/wp-json\/wp\/v2\/coauthors?post=2427"}],"curies":[{"name":"wp","href":"https:\/\/api.w.org\/{rel}","templated":true}]}}