{"id":2425,"date":"2020-06-25T16:11:17","date_gmt":"2020-06-25T16:11:17","guid":{"rendered":"https:\/\/kofe.hu\/parola\/?p=2425"},"modified":"2020-07-30T11:39:11","modified_gmt":"2020-07-30T11:39:11","slug":"kerekasztal-beszelgetes-a-szolidaritas-eselyeirol-es-realitasairol","status":"publish","type":"post","link":"https:\/\/kofe.hu\/parola\/parola-folyoirat\/kerekasztal-beszelgetes-a-szolidaritas-eselyeirol-es-realitasairol\/","title":{"rendered":"KEREKASZTAL BESZ\u00c9LGET\u00c9S A SZOLIDARIT\u00c1S ES\u00c9LYEIR\u0150L \u00c9S REALIT\u00c1SAIR\u00d3L"},"content":{"rendered":"<p><span style=\"font-family: Arial;\">A kerekasztal r\u00e9sztvev\u0151i:\u00a0<\/span><b><span style=\"font-family: Arial;\">Gyuris Tam\u00e1s,<\/span><\/b><span style=\"font-family: Arial;\">\u00a0T\u00e1rsadalmi \u00d6sszetartoz\u00e1s\u00e9rt Alap\u00edtv\u00e1ny;\u00a0<\/span><b><span style=\"font-family: Arial;\">Lakner Zolt\u00e1n,<\/span><\/b><span style=\"font-family: Arial;\">\u00a0T\u00e1rsadalmi felz\u00e1rk\u00f3z\u00e1s\u00e9rt felel\u0151s \u00e1llamtitk\u00e1rs\u00e1g politikai f\u0151tan\u00e1csad\u00f3ja;\u00a0<\/span><b><span style=\"font-family: Arial;\">M\u00e1rton Izabella,<\/span><\/b><span style=\"font-family: Arial;\">\u00a0Magyar Szeg\u00e9nys\u00e9gellenes H\u00e1l\u00f3zat.<\/span><br \/>\n<span style=\"font-family: Arial;\">Besz\u00e9lget\u00e9svezet\u0151:\u00a0<\/span><b><span style=\"font-family: Arial;\">Vercseg Ilona,<\/span><\/b><span style=\"font-family: Arial;\">\u00a0K\u00f6z\u00f6ss\u00e9gfejleszt\u0151k Egyes\u00fclete<\/span><\/p>\n<p><!--more--><b><span style=\"font-family: Arial;\">V.I.: Induljunk ki abb\u00f3l, hogy sz\u00e1motokra mit jelent a szolidarit\u00e1s \u00e9s hogy elv\u00e1rhat\u00f3-e a t\u00e1rsadalmi szolidarit\u00e1s?<\/span><\/b><br \/>\n<span style=\"font-family: Arial;\">Gy.T.: Sz\u00e1momra a szolidarit\u00e1s mind\u00f6ssze annyi, hogy ha van valami olyasmi, amit nem szeretn\u00e9k, hogy megt\u00f6rt\u00e9njen velem, az m\u00e1ssal se t\u00f6rt\u00e9njen meg. A szolidarit\u00e1s nekem seg\u00edt\u00e9st jelent, ami nem v\u00e1rhat\u00f3 el ugyan, de ez a t\u00e1rsadalmi m\u0171k\u00f6d\u00e9s kov\u00e1sza, maltere. N\u00e9lk\u00fcle nincs m\u0171k\u00f6d\u0151 t\u00e1rsadalom.<\/span><br \/>\n<span style=\"font-family: Arial;\">L.Z.: A k\u00f6z\u00f6ss\u00e9gnek az \u00f6nmag\u00e1\u00e9rt \u00e9s a tagjai\u00e9rt viselt gyakorlatias felel\u0151ss\u00e9get \u00e9rthetj\u00fck tal\u00e1n szolidarit\u00e1s alatt. Az m\u00e1s k\u00e9rd\u00e9s persze, hogy ennek nyilv\u00e1n k\u00fcl\u00f6nb\u00f6z\u0151 szintjei vannak: maguk a k\u00f6z\u00f6ss\u00e9gek hogyan viszonyulnak a saj\u00e1t tagjaikhoz, az eg\u00e9sz nemzeti k\u00f6z\u00f6ss\u00e9g hogyan viszonyul \u00f6nmag\u00e1hoz, hogyan viszonyul a saj\u00e1t k\u00f6z\u00f6ss\u00e9g r\u00e9szk\u00f6z\u00f6ss\u00e9geihez vagy azokhoz az egy\u00e9nekhez, akik kiesnek a k\u00f6z\u00f6ss\u00e9gi kapcsolati rendszerb\u0151l. A szolidarit\u00e1s nem elv\u00e1rhat\u00f3. Ezeket a k\u00e9rd\u00e9seket nem is kellett volna feltenni 100 \u00e9vvel ezel\u0151tt, amikor m\u00e9g \u00f6sszetart\u00f3bb volt a t\u00e1rsadalom. Ez most valahogy ki\u00fcr\u00fclt. Helyette szolidarit\u00e1st p\u00f3tl\u00f3 int\u00e9zm\u00e9nyeket hozunk l\u00e9tre. A szolidarit\u00e1s hi\u00e1nya a t\u00e1rsadalom bizalm\u00e1t gyeng\u00edti, seg\u00edt\u0151 int\u00e9zetek sz\u00fclet\u00e9s\u00e9t k\u00e9nyszer\u00edti ki.<\/span><br \/>\n<span style=\"font-family: Arial;\">M.I.: A szolidarit\u00e1s az egym\u00e1s ir\u00e1nti felel\u0151ss\u00e9gv\u00e1llal\u00e1st jelenti sz\u00e1momra is. Szerintem sem v\u00e1rhat\u00f3 el a szolidarit\u00e1s. Szolidarit\u00e1s, de kivel? Kis k\u00f6z\u00f6ss\u00e9gekkel, orsz\u00e1ggal vagy glob\u00e1lisan? Abban m\u00e9lyen egyet\u00e9rtek Tam\u00e1ssal, hogy szolidarit\u00e1s n\u00e9lk\u00fcl sz\u00e9thullik a k\u00f6z\u00f6ss\u00e9g, \u00e9s sz\u00e9tporlad\u00f3 t\u00e1rsadalmakr\u00f3l tudunk majd egy id\u0151 ut\u00e1n csak besz\u00e9lni, ami fel\u00e9 most szerintem Magyarorsz\u00e1gon tartunk.<\/span><br \/>\n<span style=\"font-family: Arial;\">Gy.T.: Zolihoz csatlakozn\u00e9k, mert nagyon megfogott, amit mondott a szolidarit\u00e1s p\u00f3tl\u00f3 int\u00e9zm\u00e9nyekr\u0151l. Hogy is van ez, hogy a szolidarit\u00e1s\u00e9rzet erod\u00e1l\u00f3dott a t\u00e1rsadalmakban az elm\u00falt \u00e9vtizedekben, ak\u00e1r \u00e9vsz\u00e1zadokban? Ez tal\u00e1n a klasszikus kisk\u00f6z\u00f6ss\u00e9gek felboml\u00e1s\u00e1val, az iparosod\u00e1ssal k\u00f6thet\u0151 \u00f6ssze. Az emberek elhagyt\u00e1k a kisk\u00f6z\u00f6ss\u00e9geiket, mert v\u00e1ndorolni, menni kellett a meg\u00e9lhet\u00e9s ut\u00e1n \u00e9s ez\u00e1ltal felbomlottak a r\u00e9gi, nagy hagyom\u00e1nyokkal rendelkez\u0151, szerves, kis telep\u00fcl\u00e9si k\u00f6z\u00f6ss\u00e9gek, s a nagyv\u00e1rosokban m\u00e1r sokkal szem\u00e9lytelenebb\u00e9 v\u00e1ltak a kapcsolatok. Tal\u00e1n ez lehetett az a folyamat, amelynek kapcs\u00e1n sz\u00fcks\u00e9gess\u00e9 v\u00e1ltak a szolidarit\u00e1sp\u00f3tl\u00f3 int\u00e9zm\u00e9nyek, hiszen ha az emberek h\u00e9tk\u00f6znapi, egym\u00e1shoz val\u00f3 viszonyul\u00e1s\u00e1ban nem jelenik meg az egym\u00e1s seg\u00edt\u00e9se, akkor a t\u00e1rsadalom k\u00e9nytelen erre int\u00e9zm\u00e9nyeket \u00e1ll\u00edtani. Eml\u00e9kszem p\u00e9ld\u00e1ul nagymam\u00e1m elbesz\u00e9l\u00e9s\u00e9b\u0151l, aki egy kis faluban lakott, s mikor meghalt a nagymam\u00e1m nagyb\u00e1tyja \u00e9s nagyn\u00e9nje, elmes\u00e9lte, hogy a vil\u00e1g legterm\u00e9szetesebb dolga volt, hogy a n\u00e9gy gyerek\u00fcket magukhoz veszik. Azt mondta: eddig 12 ter\u00edt\u00e9k ker\u00fclt az asztalra est\u00e9nk\u00e9nt, most 16 lesz! Ez 100\u2013110 \u00e9vvel ezel\u0151tt volt. Ma m\u00e1r elv\u00e9tve akadhatunk ilyen p\u00e9ld\u00e1kra a k\u00f6rnyezet\u00fcnkben. Azt is mondhatn\u00e1m, hogy a szolidarit\u00e1s cs\u00f6kken\u00e9se, a szerves kisk\u00f6z\u00f6ss\u00e9gek sz\u00e9thull\u00e1sa a t\u00e1rsadalom fejl\u0151d\u00e9s\u00e9nek egy velej\u00e1r\u00f3ja, \u00e1rnyoldala.<\/span><br \/>\n<b><span style=\"font-family: Arial;\">V.I.: Durkheim \u00f3ta haszn\u00e1ljuk a mechanikus szolidarit\u00e1s fogalm\u00e1t, amely a r\u00e9gi k\u00f6z\u00f6ss\u00e9geket jellemezte, a v\u00e9rs\u00e9gi \u00e9s telep\u00fcl\u00e9sk\u00f6z\u00f6ss\u00e9gi kapcsolatokat. Ezt fokozatosan v\u00e1ltja fel, vagy eg\u00e9sz\u00edti ki, t\u00e1rsadalmank\u00e9nt elt\u00e9r\u0151 fokokban, a k\u00f6z\u00f6s tudaton alapul\u00f3 szolidarit\u00e1s, amely egyfajta tanult, v\u00e1llalt dolog. Elhangzott valamelyik nap, hogy a K\u00e1d\u00e1r-rendszerben volt m\u00e9g egyfajta fel\u00fclr\u0151l ir\u00e1ny\u00edtott szolidarit\u00e1s \u00e9s k\u00eds\u00e9rlet arra, hogy a t\u00e1rsadalom \u00e1t\u00e9lhesse a k\u00f6z\u00f6ss\u00e9gis\u00e9get, a k\u00f6z\u00f6s tudatot. Engem az \u00e9rdekelne most, hogy korunkban, amikor az ideol\u00f3gi\u00e1t\u00f3l \u2013 j\u00f3 okkal vagy sem \u2013 \u00f3dzkodunk, \u00e1m a k\u00f6z\u00f6s tudat kialak\u00edt\u00e1sa ma is zajlik egyfajta m\u00f3don, mi lehet a k\u00f6z\u00f6ss\u00e9gszervez\u0151, szolidarit\u00e1st k\u00e9pz\u0151 er\u0151?<\/span><\/b><br \/>\n<span style=\"font-family: Arial;\">L.Z.: Nekem az jutott most hirtelen eszembe, hogy az organikus szolidarit\u00e1snak nyilv\u00e1n t\u00f6bb \u00f6sszetev\u0151je kellett legyen, p\u00e9ld\u00e1ul egy er\u0151s identit\u00e1s, a k\u00f6z\u00f6ss\u00e9ghez val\u00f3 tartoz\u00e1s, s az a tudat, hogy nyugodt lehetek, mert a k\u00f6z\u00f6ss\u00e9g figyel r\u00e1m, s \u00e9n is figyelek a k\u00f6z\u00f6ss\u00e9gre. Ma ezt a k\u00f6z\u00f6s figyelmet a f\u00e9lelem v\u00e1ltotta f\u00f6l. Az egym\u00e1st\u00f3l val\u00f3 f\u00e9lelem. Lehet, hogy nem j\u00f3 p\u00e9lda, de az utc\u00e1n l\u00e1ttam egyszer egy 12 \u00e9ves fi\u00facsk\u00e1t szipus zacsk\u00f3val a kez\u00e9ben, s ide-oda j\u00e1rk\u00e1ltam, t\u00e9pel\u0151dtem, hogy sz\u00f3lni k\u00e9ne, mikor megjelent mellette egy kigy\u00fart fazon, \u00e9s \u00e9n eloldalogtam \u00e9s nagyon sz\u00e9gyelltem magam. Az ember nem tudja megval\u00f3s\u00edtani a bels\u0151 k\u00e9sztet\u00e9s\u00e9t, mert olyan viszonyok alakultak ki, hogy aki ir\u00e1nt szolid\u00e1ris vagyok \u2013 vagyis felel\u0151ss\u00e9get \u00e9rzek, mert a felel\u0151ss\u00e9g tal\u00e1n a szolidarit\u00e1s legfontosabb bels\u0151 tartalma \u2013, ann\u00e1l ezt a k\u00e9sztet\u00e9st nem mindig tudom \u00e9rv\u00e9nyes\u00edteni. Ez sajnos hasonl\u00f3 egyedi esetekben mindennapi tapasztalat, de k\u00f6z\u00f6ss\u00e9gi szinten is, mert sokszor olyan viszonyokkal tal\u00e1ljuk magunkat szembe, amelyek fel\u00fcl\u00edrj\u00e1k a m\u00e9g benn\u00fcnk szem\u00e9lyesen megl\u00e9v\u0151 felel\u0151ss\u00e9g\u00e9rzetet. \u00c9s ez nagyon nagy baj, mert nem csak k\u00f6z\u00f6ss\u00e9gi szinten, de benn\u00fcnk szem\u00e9lyesen is meg tud rend\u00fclni a szolidarit\u00e1s.<\/span><br \/>\n<span style=\"font-family: Arial;\">Gy.T.: M\u00e9g egy dolgot f\u00f6lvetn\u00e9k, ami egy\u00e9rtelm\u0171en az organikus szolidarit\u00e1shoz tartozik. Az egyh\u00e1z szerepe rendk\u00edv\u00fcl jelent\u0151s volt az elm\u00falt \u00e9vsz\u00e1zadok sor\u00e1n abban, hogy a szolidarit\u00e1s megval\u00f3suljon \u2013 ha nem is volt elv\u00e1rhat\u00f3, mert ebben meg\u00e1llapodtunk m\u00e1r. De az egyh\u00e1z olyan norm\u00e1kat k\u00f6zvet\u00edtett, hogy szinte elv\u00e1rhat\u00f3v\u00e1, k\u00f6telez\u0151v\u00e9 tette a szolidarit\u00e1st, hiszen az eg\u00e9sz k\u00f6z\u00f6ss\u00e9ggel \u00e9s az egyh\u00e1zzal kellett szembefordulnia annak, aki adott esetben nem tan\u00fas\u00edtott szolid\u00e1ris magatart\u00e1st. Ha arra gondolunk, hogy hogyan erod\u00e1l\u00f3dik ma a szolidarit\u00e1s, az egym\u00e1s\u00e9rt val\u00f3 felel\u0151ss\u00e9g v\u00e1llal\u00e1sa, akkor e m\u00f6g\u00f6tt az is megh\u00faz\u00f3dik, hogy az egyh\u00e1z szerepe \u00e9s hat\u00e1sa is fokozatosan v\u00e1ltozik az elm\u00falt k\u00e9t \u00e9vsz\u00e1zad alatt t\u00f6rt\u00e9nt urbaniz\u00e1ci\u00f3val, az iparosod\u00e1s felgyorsul\u00e1s\u00e1val.<\/span><br \/>\n<b><span style=\"font-family: Arial;\">V.I.: K\u00f6zel\u00edts\u00fcnk most m\u00e1r a gyakorlathoz \u00e9s n\u00e9zz\u00fck meg, hogy milyen felt\u00e9telei vannak a szolidarit\u00e1snak! Miknek kellene teljes\u00fclni\u00fck ahhoz, hogy a main\u00e1l er\u0151teljesebben legyen jelen a szolidarit\u00e1s az \u00e9let\u00fcnkben? Ez m\u00e1r a fejleszt\u0151 \u00e9s seg\u00edt\u0151 munk\u00e1hoz tartoz\u00f3 k\u00e9rd\u00e9s. Identit\u00e1s, valahov\u00e1 tartoz\u00e1s m\u00e1r elhangzott\u2026<\/span><\/b><br \/>\n<span style=\"font-family: Arial;\">L.Z.: A felel\u0151ss\u00e9g k\u00e9rd\u00e9s\u00e9hez kell visszany\u00falni, az \u00f6nmagunk \u00e9s a k\u00f6z\u00f6ss\u00e9g ir\u00e1nt viselt felel\u0151ss\u00e9ghez. Megint egy \u00e9l\u0151 gyakorlatot eml\u00edten\u00e9k, amit a tudom\u00e1ny, a statisztika is igazolt, a minap a KorF\u00e1ban (a KSH N\u00e9pess\u00e9gtudom\u00e1nyi Kutat\u00f3int\u00e9zet\u00e9nek N\u00e9pesed\u00e9si H\u00edrlevele. A szerk.) olvastam: t\u00f6bben hagyj\u00e1k el \u00e9vente Magyarorsz\u00e1got, mint amennyivel cs\u00f6kken az orsz\u00e1g lakoss\u00e1ga. 30\u201340 ezer ember hagyja el Magyarorsz\u00e1got \u2013 nem disszid\u00e1l a politikai viszonyok el\u00f6l, b\u00e1r az is benne lehet \u2013, de itthagyj\u00e1k ezt a k\u00f6z\u00f6ss\u00e9get \u00e9s ez az elm\u00falt mintegy 10 \u00e9vben m\u00e1r t\u00f6bbsz\u00e1zezres tart\u00f3s emigr\u00e1ci\u00f3t jelent Magyarorsz\u00e1gr\u00f3l. Ez hihetetlen vesztes\u00e9geket jelent, mik\u00f6zben am\u00fagy is demogr\u00e1fiai m\u00e9lyponton vagyunk. A 100 \u00e9vvel ezel\u0151tti kiv\u00e1ndorl\u00e1st kifejezetten az anyagi sz\u0171k\u00f6ss\u00e9g motiv\u00e1lta, nem pedig a bels\u0151 politikai vagy t\u00e1rsadalmi viszonyok, hanem az, hogy nem tudta eltartani az orsz\u00e1g a n\u00e9pess\u00e9g\u00e9t. Most viszont kimennek olyan fiatalok t\u00edzezrei, 10 \u00e9ves t\u00e1vlatban sz\u00e1zezrei, akiknek tulajdonk\u00e9ppen lehetne itt meg\u00e9lhet\u00e9s\u00fck, teh\u00e1t nem a nyomor el\u0151l menek\u00fclnek, hanem a viszonyok el\u00f6l. Nem \u00e9rzik azt, hogy nekik itt k\u00e9ne lenni\u00fck. Ez hihetetlen, s m\u00e9g nem ment \u00e1t a szakmai k\u00f6ztudatba sem, hogy ilyen m\u00e9rt\u00e9k\u0171 kiv\u00e1ndorl\u00e1s van. A magyar statisztikai adatok ezt nem k\u00f6vetik, mert nem jelentik be, csak a k\u00fclf\u00f6ldi t\u00fck\u00f6rstatisztik\u00e1k mutatj\u00e1k ki, hogy N\u00e9metorsz\u00e1gban letelepedett tavaly mondjuk 16 ezer, Sv\u00e9dorsz\u00e1gban 2 ezer, Angli\u00e1ban 4 ezer, \u00cdrorsz\u00e1gban 850 magyar \u00e9s \u00edgy tov\u00e1bb, s ebb\u0151l \u00f6sszej\u00f6n \u00e9vente a 40 ezres sz\u00e1m. Nincs meg teh\u00e1t a nemzeti koh\u00e9zi\u00f3, amely a mi tapasztalatunk szerint egy fiatalban a leger\u0151sebb. \u00c9s pont ebben a gener\u00e1ci\u00f3ban v\u00e1ltj\u00e1k le ezeket az abszol\u00fat norm\u00e1lis \u00e9s szerint\u00fcnk tart\u00f3s viszonyul\u00e1st biztos\u00edt\u00f3 \u00e9rt\u00e9keket valamif\u00e9le tartalom n\u00e9lk\u00fcli elv\u00e1gy\u00f3d\u00e1sra \u2013 persze most is bizony\u00e1ra jobban akar \u00e9lni, t\u00f6bbet akar keresni, de m\u00e1s is van ebben! Kopp M\u00e1ria kutat\u00e1sai szerint \u00f6nbizalomhi\u00e1nyos t\u00e1rsadalomm\u00e1 v\u00e1ltunk. Az a Magyarorsz\u00e1g, amely mindig a nemzeti \u00f6ntudat\u00e1r\u00f3l volt h\u00edres, minden sz\u00e9ls\u0151liber\u00e1lis hat\u00e1s \u00e9s annak ellen\u00e9re, \u00e9s hogy a K\u00e1d\u00e1r-rendszer tiltotta, \u00fcld\u00f6zte a nemzeti \u00e9rz\u00e9s megjelen\u00e9s\u00e9t \u2013 de h\u00e1t ez m\u00e1r r\u00e9g nem \u00edgy van \u2013, \u00e9s \u00e9ppen most erod\u00e1l\u00f3dik a legjobban az odatartoz\u00e1s \u00e9rt\u00e9ke. Ha a bels\u0151 koh\u00e9zi\u00f3k ezen a szinten is megsz\u0171ntek, akkor hogyan v\u00e1rjuk el, hogy az orsz\u00e1gban l\u00e9v\u0151 k\u00f6z\u00f6ss\u00e9gekkel szolid\u00e1risak legy\u00fcnk? Nincs meg m\u00e1r az igazi bels\u0151 koh\u00e9zi\u00f3, ami egym\u00e1shoz k\u00f6tne benn\u00fcnket, \u00e9s ezzel szembe kell n\u00e9zn\u00fcnk!<\/span><br \/>\n<span style=\"font-family: Arial;\">Gy.T.: Ha j\u00f3l \u00e9rtem, Ilona arra k\u00e9rdezett r\u00e1, hogy hogyan lehetne a szolidarit\u00e1st \u00fajj\u00e1\u00e9p\u00edteni vagy meger\u0151s\u00edteni? Tudjuk, hogy \u00e9p\u00edtkezni az alapokt\u00f3l a legszerencs\u00e9sebb. Az alapok pedig \u2013 \u00e9s ebben nagyj\u00e1b\u00f3l egyet\u00e9rtett\u00fcnk \u2013 a kisk\u00f6z\u00f6ss\u00e9gekben vannak, teh\u00e1t az \u00fajra\u00e9p\u00edt\u00e9s-er\u0151s\u00edt\u00e9s megint csak a kisk\u00f6z\u00f6ss\u00e9gekben megkezdend\u0151 munka, feladat, mert ennek lehet eredm\u00e9nye. Ha siker\u00fcl a kisk\u00f6z\u00f6ss\u00e9gekben a felel\u0151ss\u00e9gtudatra apell\u00e1lni, a megl\u00e9v\u0151t er\u0151s\u00edteni, megfelel\u0151 gyakorlatokk\u00e1 v\u00e1ltani, ennek kult\u00far\u00e1j\u00e1t, megbecs\u00fcl\u00e9s\u00e9t valamilyen m\u00f3don el\u0151seg\u00edteni, akkor szerintem ezekb\u0151l az apr\u00f3 kis helyi k\u00f6vekb\u0151l \u00e9p\u00fclhet \u00fajj\u00e1 a t\u00e1rsadalmi szolidarit\u00e1s. Ehhez rengeteg pozit\u00edv, j\u00f3 p\u00e9lda sz\u00fcks\u00e9ges \u00e9s k\u00f6z\u00f6ss\u00e9gi-t\u00e1rsadalmi meger\u0151s\u00edt\u00e9s, annak \u00e9rdek\u00e9ben, hogy tudatosuljon a szolidarit\u00e1s, a felel\u0151ss\u00e9gv\u00e1llal\u00e1s \u00e9rt\u00e9krendbe \u00e9p\u00fcl\u00e9s\u00e9nek fontoss\u00e1ga, \u00e9rt\u00e9ke, magasztoss\u00e1ga, nemess\u00e9ge.<\/span><br \/>\n<b><span style=\"font-family: Arial;\">V.I.:<\/span><\/b><span style=\"font-family: Arial;\">\u00a0<\/span><b><span style=\"font-family: Arial;\">K\u00f6z\u00f6ss\u00e9gfejleszt\u0151k\u00e9nt ez muzsika a f\u00fclemnek, de az\u00e9rt egyben egy ellen\u00e1ll\u00e1s is kifejl\u0151d\u00f6tt bennem az \u00e9vek sor\u00e1n, mert \u00e9l egy \u00e1br\u00e1ndos k\u00e9p, egy ill\u00fazi\u00f3 benn\u00fcnk, hogy majd a kisk\u00f6z\u00f6ss\u00e9gek megoldanak mindent! Ezzel szemben a kisk\u00f6z\u00f6ss\u00e9gek neh\u00e9z helyzetben vannak! Valahogy olyan ez, mint amikor a legnehezebb sors\u00faakat, a legkiszolg\u00e1ltatottabbakat, a legink\u00e1bb a v\u00e9geken \u00e9l\u0151ket pr\u00f3b\u00e1ljuk meg arra b\u00edrni, hogy oldj\u00e1k meg az \u0151ket s\u00fajt\u00f3, nem csak t\u00e1rsadalmi, de korszakos probl\u00e9m\u00e1kat, mint amilyen p\u00e9ld\u00e1ul a szolidarit\u00e1shi\u00e1ny is. Persze, nem biztos, hogy csak telep\u00fcl\u00e9sk\u00f6z\u00f6ss\u00e9gre, falura \u00e9rtetted a kisk\u00f6z\u00f6ss\u00e9get, Tam\u00e1s, hanem mindenf\u00e9le emberi csoportosul\u00e1sra is, \u00e9s \u00e9n ezzel egyet\u00e9rtek, de szerintem a k\u00f6z\u00f6ss\u00e9get t\u00e1mogat\u00f3 er\u0151knek is sokkal er\u0151teljesebbnek kell lenni\u00fck \u2013 \u00e9s m\u00e1r itt vagyunk a szolidarit\u00e1sp\u00f3tl\u00f3 int\u00e9zm\u00e9nyekn\u00e9l, a politik\u00e1n\u00e1l, amelyr\u0151l eddig m\u00e9g nem besz\u00e9lt\u00fcnk (szakmapolitik\u00e1kat is \u00e9rtek alatta, nem csak korm\u00e1nyzati politik\u00e1t). Hogyan tudn\u00e1k ezek az er\u0151k olyan helyzetbe hozni a k\u00f6z\u00f6ss\u00e9geket \u00e9s \u00fagy szintetiz\u00e1lni a k\u00f6z\u00f6ss\u00e9gek t\u00f6rekv\u00e9seit, er\u0151fesz\u00edt\u00e9seit, hogy abb\u00f3l t\u00e9nyleg sz\u00fclessen eredm\u00e9ny, s ne elhal\u00f3, rem\u00e9nytelens\u00e9g\u00e9be visszahull\u00f3, \u00fajabb meger\u0151s\u00edt\u0151 rossz tapasztalat \u00e9rje a pr\u00f3b\u00e1lkoz\u00e1sok ut\u00e1n e k\u00f6z\u00f6ss\u00e9geket.<\/span><\/b><br \/>\n<span style=\"font-family: Arial;\">M.I.: R\u00e9szben az el\u0151z\u0151 t\u00e9m\u00e1hoz, de ehhez is kapcsol\u00f3dva: abszol\u00fat egyet\u00e9rtek azzal, hogy a kisk\u00f6z\u00f6ss\u00e9gekben kell elindulni, ugyanakkor azt a vesz\u00e9lyt is l\u00e1tom, amit te mondasz, Ilona, hogy van egy ilyesfajta elv\u00e1r\u00e1s, hogy a helyi k\u00f6z\u00f6ss\u00e9gekben induljon el valami. Ez az\u00e9rt neh\u00e9z, mert azt l\u00e1tjuk, hogy f\u00f6ldrajzilag \u00e9s t\u00e1rsadalmilag is egyre szegreg\u00e1ltabb a magyar t\u00e1rsadalom. Milyen k\u00f6z\u00f6ss\u00e9gekr\u0151l is besz\u00e9l\u00fcnk, amelyeken bel\u00fcl l\u00e9trej\u00f6n a szolidarit\u00e1s, ha ezekben a k\u00f6z\u00f6ss\u00e9gekben nem is tal\u00e1lkoznak egym\u00e1ssal a k\u00fcl\u00f6nb\u00f6z\u0151 t\u00e1rsadalmi helyzet\u0171 emberek? Nagyon fontos lenne, \u00e9s ez m\u00e1r v\u00e1lasz a most felvetett k\u00e9rd\u00e9sedre is, hogy tal\u00e1lkozzanak az emberek, legyen k\u00f6z\u00f6s \u00e9lm\u00e9ny\u00fck \u00e9s tudjanak egym\u00e1sr\u00f3l tapasztalatokat szerezni. Eg\u00e9sz egyszer\u0171en szeg\u00e9nyekr\u0151l \u00e9s nem szeg\u00e9nyekr\u0151l besz\u00e9l\u00fcnk, vagy rom\u00e1kr\u00f3l \u00e9s nem rom\u00e1kr\u00f3l. A m\u00e1sik dolog, ami eszembe jutott a szolidarit\u00e1s felt\u00e9teleir\u0151l \u2013 s lehet, hogy ez egy opportunista megk\u00f6zel\u00edt\u00e9s \u2013, hogy meg kell \u00e9rten\u00fcnk: a szolidarit\u00e1s nem csak egy \u00f6nmag\u00e1\u00e9rt val\u00f3 mor\u00e1lis k\u00e9sztet\u00e9s, hanem mindannyiunk sz\u00e1m\u00e1ra hasznos \u00e9s fontos lehet. A szeg\u00e9nys\u00e9g elleni k\u00fczdelemben sokat besz\u00e9l\u00fcnk arr\u00f3l, hogy hogyan tudn\u00e1nk el\u00e9rni azt, hogy a szeg\u00e9nyek seg\u00edt\u00e9se a k\u00f6z\u00e9poszt\u00e1lybelieknek is \u00e9rdek\u00fck legyen, hasznuk legyen bel\u0151le. Ez egy m\u00e1sik ir\u00e1ny, amivel foglalkozni kellene, ez nem a kisk\u00f6z\u00f6ss\u00e9gekb\u0151l, alulr\u00f3l j\u00f6n, hanem valamif\u00e9le t\u00e1rsadalmi tudatoss\u00e1g er\u0151s\u00edt\u00e9s\u00e9t jelenti.<\/span><br \/>\n<span style=\"font-family: Arial;\">L.Z.: Belehelyezve magam abba a sz\u00e9kbe, ahonnan j\u00f6ttem, el kell mondanom, hogy Balog Zolt\u00e1n lett volna itt a vend\u00e9g, aki n\u00e1lam sokkal avatottabb k\u00f6z\u00f6ss\u00e9gi besz\u00e9lget\u0151partner. \u0150 a t\u00e1rsadalmi felz\u00e1rk\u00f3z\u00e1s\u00e9rt felel\u0151s \u00e1llamtitk\u00e1r, reform\u00e1tus lelk\u00e9sz is, teh\u00e1t emberi hivat\u00e1sa alapj\u00e1n is v\u00e1laszt\u00e9kosabban tudja megfogalmazni az ilyen k\u00e9rd\u00e9sekre adand\u00f3 v\u00e1laszokat, s \u00e1t is adom az \u0151 \u00fcdv\u00f6zlet\u00e9t hivatalb\u00f3l, becs\u00fcletb\u0151l is. Nyilv\u00e1nval\u00f3an r\u00e1 kell t\u00e9rn\u00fcnk arra is, hogy a szeg\u00e9nyekkel val\u00f3 szolidarit\u00e1shoz hogyan viszonyulhatunk, hogy a magyar \u00e1llam hogyan viszonyul a k\u00f6z\u00f6ss\u00e9gi szervez\u0151d\u00e9sekhez? T\u00f6bb dolgot is tehet a magyar \u00e1llam, el\u0151sz\u00f6r is megteremti a szabad szervez\u0151d\u00e9shez sz\u00fcks\u00e9ges jogi felt\u00e9teleket, melyek \u00e1ltal\u00e1ban a demokr\u00e1ci\u00e1k alapfelt\u00e9telei. Ez megteremt\u0151d\u00f6tt, nemzeti konszenzus van benne, p\u00e1rtpolitikai metsz\u00e9spontok n\u00e9lk\u00fcl. Azt\u00e1n meg tudta teremteni azt a forr\u00e1st is \u2013 szint\u00e9n p\u00e1rtpolitikai egyet\u00e9rt\u00e9sben, nemzeti szinten \u2013, hogy a civil szervezetek m\u0171k\u00f6d\u00e9si felt\u00e9teleit \u2013 ha szer\u00e9nyen is, de m\u00e9giscsak \u2013 biztos\u00edtja. Tudom\u00e1som szerint eur\u00f3pai \u00f6sszehasonl\u00edt\u00e1sban sincs ilyen m\u00e1sutt. Ha egy szervezet beadja a p\u00e1ly\u00e1zat\u00e1t m\u0171k\u00f6d\u00e9si t\u00e1mogat\u00e1sra \u00e9s megfelel a formai k\u00f6vetelm\u00e9nyeknek, akkor meg fogja kapni \u2013 lehet, hogy nem annyit, amennyire sz\u00e1m\u00edtott. A szabads\u00e1g biztos\u00edt\u00e1s\u00e1nak ez az egyik felt\u00e9tele \u00e9s ez el\u00e9g jelent\u0151s, m\u00e9g akkor is, ha a k\u00f6lts\u00e9gvet\u00e9sben az a halmaz, ami erre ford\u00edthat\u00f3, nem v\u00e1ltozik, vagy id\u0151nk\u00e9nt vesz\u00e9lybe ker\u00fcl. De az\u00e9rt l\u00e9tezik! Azt\u00e1n: azt tudja m\u00e9g az \u00e1llam csin\u00e1lni, hogy amikor a fejleszt\u00e9si politik\u00e1j\u00e1t m\u0171k\u00f6dteti, el\u0151\u00edrja, hogy k\u00f6telez\u0151en be kell vonni k\u00f6z\u00f6ss\u00e9gi szervez\u0151d\u00e9seket, s ez a p\u00e1ly\u00e1zati r\u00e9szv\u00e9tel egyik alapfelt\u00e9tele. Ilyenek m\u0171k\u00f6dnek az operat\u00edv programokban, ezek az \u00e1llami, nemzeti akarat kifejez\u0151d\u00e9sei. Ezeket tudja az \u00e1llam form\u00e1lis \u00faton megtenni. Hogy tudati \u00faton hogyan pr\u00f3b\u00e1l hatni a nemzeti k\u00f6z\u00f6ss\u00e9g k\u00fcl\u00f6nb\u00f6z\u0151 csoportjaira vagy eg\u00e9sz\u00e9re, vagy a k\u00f6z\u00e9poszt\u00e1lyra, amely sz\u00f3ba ker\u00fclt az el\u0151bb, az egy m\u00e1sik \u00fcgy. Az \u00e1llamnak a korl\u00e1tait is fel kell tudnia ismerni \u2013 nem besz\u00e9lhet az emberek, a k\u00f6z\u00f6ss\u00e9gek helyett. Nem lehet parancsba adni, hogy tess\u00e9k szeretni a szeg\u00e9nyeket! Olyan viszonyokat lehet teremteni, hogy ez gyakorlatias m\u00f3don kik\u00e9nyszer\u00edt\u00e9sre ker\u00fclj\u00f6n, de az\u00e9rt ennek vannak hat\u00e1rai \u00e9s korl\u00e1tai. Ha az \u00e1llami poz\u00edci\u00f3mat jelent\u0151 sz\u00e9kbe helyezem magam, akkor ezt tudom mondani. A t\u00f6bbi a t\u00e1rsadalom szabad \u00f6nszervez\u0151d\u00e9s\u00e9nek, gondolkod\u00e1s\u00e1nak \u00e9s felel\u0151ss\u00e9g\u00e9nek, mor\u00e1lis-ment\u00e1lis felt\u00f6lt\u0151d\u00f6tts\u00e9g\u00e9nek a k\u00e9rd\u00e9se, az \u00e1llamnak csak a szabads\u00e1got kell k\u00f6telez\u0151en biztos\u00edtania. Ha kifejezetten s\u00e9r\u00fclt csoportokr\u00f3l van sz\u00f3, akik szolidarit\u00e1s, vagy akt\u00edv t\u00e1mogat\u00f3i politika n\u00e9lk\u00fcl nem k\u00e9pesek talpon maradni vagy el\u0151re l\u00e9pni, ott m\u00e1r egy m\u00e1sik k\u00f6telez\u0151 parancs l\u00e9p fel az \u00e1llam szempontj\u00e1b\u00f3l: oda nagyobb figyelmet, forr\u00e1st, eszk\u00f6zrendszert kell ford\u00edtani, de nem r\u00e1olvas\u00e1ssal! Az teh\u00e1t nem fog menni, hogy \u201eszeress\u00e9tek a szeg\u00e9nyeket!\u201d. De gyakorlatias l\u00e9p\u00e9sekkel el lehet \u00e9rni, hogy szerethet\u0151ek legyenek, elfogadhat\u00f3ak legyenek az eg\u00e9sz k\u00f6z\u00f6ss\u00e9g sz\u00e1m\u00e1ra, amely ut\u00e1lja vagy megveti \u0151ket, vagy f\u00e9l t\u0151l\u00fck \u2013 mert nem csak a cig\u00e1nyok f\u00e9lnek, a magyarok is f\u00e9lnek sokszor a cig\u00e1nyokt\u00f3l. Ezt a hely\u00e9re kell tenni ahhoz, hogy egy eg\u00e9szs\u00e9ges, a k\u00f6z\u00f6ss\u00e9g \u00f6sszetartoz\u00e1s\u00e1t t\u00e9nylegesen megjelen\u00edt\u0151 eredm\u00e9ny sz\u00fclessen meg. Tiszt\u00e1n kell besz\u00e9lni ezekr\u0151l a k\u00e9rd\u00e9sekr\u0151l, nem \u00fagy, hogy a k\u00e9rd\u00e9snek csak egyik oldal\u00e1t vil\u00e1g\u00edtjuk meg, a m\u00e1sikat eltakarjuk! A szeg\u00e9nyek t\u00e1mogat\u00e1sa csak \u00fagy lesz eredm\u00e9nyes, ha az \u00e1llam mag\u00e1ra veszi azt a felel\u0151ss\u00e9get, hogy az eg\u00e9sz k\u00f6z\u00f6ss\u00e9g sz\u00e1m\u00e1ra elfogadhat\u00f3 \u00e1llapotba seg\u00edti a szeg\u00e9nyek k\u00f6z\u00f6ss\u00e9geit, \u00e9s akkor nem lesz t\u00f6bb\u00e9 vita. Mert mindig ezt k\u00e9rik sz\u00e1mon a magyar k\u00f6z\u00f6ss\u00e9gen, lerasszist\u00e1zva a f\u00e9l orsz\u00e1got \u00e9s szeg\u00e9nyelleness\u00e9ggel v\u00e1dolva, holott \u00e9n nem tapasztalok szeg\u00e9nyelleness\u00e9get, hanem bizonyos magatart\u00e1smint\u00e1k elutas\u00edt\u00e1s\u00e1t, amelyek nem fogadhat\u00f3k el sem gazdagt\u00f3l, sem szeg\u00e9nyt\u0151l. Ezt tiszt\u00e1ba kell tenni, ennyi az eg\u00e9sz, e m\u00f6g\u00f6tt nincs ideol\u00f3gia, nem is szeretn\u00e9k ebbe belemenni, hanem pragmatikusan olyan felz\u00e1rk\u00f3z\u00e1si politik\u00e1t kell folytatni, amely hozz\u00e1seg\u00edti a szeg\u00e9ny k\u00f6z\u00f6ss\u00e9geket ahhoz, hogy el tudjanak indulni egy \u00f6n\u00e1ll\u00f3sod\u00e1si p\u00e1ly\u00e1n egy f\u00f6lfel\u00e9 ir\u00e1nyul\u00f3, polg\u00e1ri szocializ\u00e1ci\u00f3 fel\u00e9.<\/span><br \/>\n<span style=\"font-family: Arial;\">Gy.T.: Hozz\u00e1f\u0171zn\u00e9k m\u00e9g valamit, ami az \u00e1llami felel\u0151ss\u00e9g egyfajta megnyilv\u00e1nul\u00e1sa, nem olyan \u00e1tfog\u00f3an k\u00f6zel\u00edtve a dolgot, mint Zoli. Onnan induln\u00e9k, ahol az organikus szolidarit\u00e1s t\u00e9m\u00e1j\u00e1t elejtett\u00fck \u00e9s azt mondtuk, hogy a kisk\u00f6z\u00f6ss\u00e9gekben kell ezt meger\u0151s\u00edteni, amely val\u00f3ban nem felt\u00e9tlen\u00fcl telep\u00fcl\u00e9si k\u00f6z\u00f6ss\u00e9geket jelentenek \u2013 els\u0151sorban a csal\u00e1dra gondolok. Ha a gyerekeink pl. azt l\u00e1tj\u00e1k, hogy a nagymam\u00e1t, amikor meg\u00f6regedett \u00e9s megbetegedett, nem dugjuk be egy int\u00e9zm\u00e9nybe, hanem otthon \u00e1poljuk, gondozzuk, seg\u00edtj\u00fck, akkor ezzel szavak n\u00e9lk\u00fcl is olyan mint\u00e1t adunk, amely elengedhetetlen\u00fcl fontos. Hogy mi k\u00f6ze ennek az \u00e1llami felel\u0151ss\u00e9ghez? H\u00e1t annyi, hogy az \u00e1llamnak a szab\u00e1lyoz\u00e1sban kell seg\u00edteni, hogy ezek a szolidarit\u00e1si t\u00f6rekv\u00e9sek ak\u00e1r a csal\u00e1don bel\u00fcl is megval\u00f3sulhassanak. Mert most mit l\u00e1tunk? Azt, hogy ha beadjuk a szoci\u00e1lis otthonba a mam\u00e1t, az a csal\u00e1dnak se p\u00e9nz\u00e9be nem ker\u00fcl, se feladatot nem jelent a csal\u00e1d sz\u00e1m\u00e1ra. \u00c9rdemes volna ezeket a t\u00e1mogat\u00f3 rendszereket \u00fajrafogalmazni \u00fagy, hogy a csal\u00e1di szolidarit\u00e1st er\u0151s\u00edts\u00e9k \u00e9s ne a szolidarit\u00e1sp\u00f3tl\u00f3 int\u00e9zm\u00e9nyeket. M\u00e9g egyet l\u00e9pve tov\u00e1bb: ez a szab\u00e1lyoz\u00e1si \u00e9s finansz\u00edroz\u00e1si gyakorlat nem csak a csal\u00e1dr\u00f3l veszi le ezt a felel\u0151ss\u00e9get, hanem a telep\u00fcl\u00e9sk\u00f6z\u00f6ss\u00e9gr\u0151l is, hiszen a helyi \u00f6nkorm\u00e1nyzatnak se ker\u00fcl egy fill\u00e9rj\u00e9be sem, ha benyomnak valakit egy nagy int\u00e9zm\u00e9nybe, mert mindent az \u00e1llami k\u00f6lts\u00e9gvet\u00e9s \u00e1ll. Magyar\u00e1n: ez a szab\u00e1lyoz\u00e1si \u00e9s finansz\u00edroz\u00e1si rendszer sem csal\u00e1di, sem telep\u00fcl\u00e9sk\u00f6z\u00f6ss\u00e9gi szinten nem seg\u00edti, hogy \u00fajra\u00e9ledhessen, meger\u0151s\u00f6dj\u00f6n a kisk\u00f6z\u00f6ss\u00e9gekben a szolidarit\u00e1s.<\/span><br \/>\n<b><span style=\"font-family: Arial;\">V.I.: Engedj\u00e9tek meg, hogy m\u00e9g egy utols\u00f3 k\u00e9rd\u00e9st feltegyek a szolidarit\u00e1sp\u00f3tl\u00f3 int\u00e9zm\u00e9nyekr\u0151l \u2013 mennyire funkcion\u00e1lisak, illetve diszfunkcion\u00e1lisak, ha \u00e1ltal\u00e1noss\u00e1gban egy\u00e1ltal\u00e1n lehet err\u0151l besz\u00e9lni \u2013, mennyire k\u00e9pesek a helyzeten seg\u00edteni?<\/span><\/b><br \/>\n<span style=\"font-family: Arial;\">L.Z.: F\u00e9lre\u00e9rt\u00e9s ne ess\u00e9k, nem vagyok int\u00e9zm\u00e9nyellenes, mert nem csak valami f\u00e1tum miatt erod\u00e1l\u00f3dik a k\u00f6z\u00f6ss\u00e9g szolidarit\u00e1sa, \u00f6sszetartoz\u00e1sa \u00e9s felel\u0151ss\u00e9g\u00e9rzete, hanem sz\u00e1mos moderniz\u00e1ci\u00f3s hat\u00e1s spont\u00e1n k\u00f6vetkezm\u00e9nyek\u00e9nt j\u00f6n l\u00e9tre. Teh\u00e1t, amikor pl. a t\u00f6bbgener\u00e1ci\u00f3s csal\u00e1dok egy\u00fctt\u00e9l\u00e9si felt\u00e9telei nincsenek meg \u2013 egyet\u00e9rtve persze azzal, amit Tam\u00e1s mondott \u2013, neh\u00e9z sz\u00e1mon k\u00e9rni a szolidarit\u00e1st. Nagyon neh\u00e9z k\u00e9rd\u00e9sek ezek, \u00e9s ez egy eur\u00f3pai k\u00e9rd\u00e9s. Az iszl\u00e1m orsz\u00e1gokban, Sz\u00edri\u00e1ban, Perzsi\u00e1ban tapasztaltam meg, hogy milyen hihetetlen erej\u0171 a t\u00e1rsadalmi szolidarit\u00e1s. Nincsenek mag\u00e1ra hagyott emberek, egyetlen egy sem! Nincsenek hajl\u00e9ktalanok, utc\u00e1kon fetreng\u0151 szenved\u00e9lybetegek. A t\u00e1rsadalomban benne van a nagyon er\u0151s szolidarit\u00e1s \u00e9s f\u00f6l sem mer\u00fcl, hogy valakit mag\u00e1ra hagyjanak! Addig nem n\u0151s\u00fcl meg a legid\u0151sebb fi\u00fa, am\u00edg nem tudja biztosan, hogy a sz\u00fclei eltart\u00e1sa megoldott. \u00c9s ez sehol, a Kor\u00e1nban sincs el\u0151\u00edrva, csak a t\u00e1rsadalom bels\u0151 sz\u00f6vet\u00e9ben. A vall\u00e1s \u00e9rt\u00e9krendje teljesen \u00e1titatta az eg\u00e9sz t\u00e1rsadalmat, kult\u00far\u00e1v\u00e1 v\u00e1lt, mint n\u00e1lunk kor\u00e1bban a n\u00e9pegyh\u00e1z k\u00f6r\u00fclm\u00e9nyei k\u00f6z\u00f6tt, a kereszt\u00e9ny civiliz\u00e1ci\u00f3ban, ez term\u00e9szetes volt. Eur\u00f3pa ezt teljesen elvesztette, nem is hasonl\u00edt \u00f6nmag\u00e1ra, ez\u00e9rt kellett ezeket az int\u00e9zm\u00e9nyeket l\u00e9trehozni.<\/span><br \/>\n<span style=\"font-family: Arial;\">A magyar szoci\u00e1lis int\u00e9zm\u00e9nyrendszer szakmai sz\u00ednvonala nyugodt l\u00e9lekkel \u00f6sszehasonl\u00edthat\u00f3 a nyugat-eur\u00f3pai gazdag orsz\u00e1gok int\u00e9zm\u00e9nyi szolg\u00e1ltat\u00e1saival. S\u0151t, sz\u00e1mos olyan szolg\u00e1ltat\u00e1sunk van, ami nem is l\u00e9tezik Nyugat-Eur\u00f3p\u00e1ban. Hol van Nyugat-Eur\u00f3p\u00e1ban p\u00e9ld\u00e1ul az id\u0151sek nappali ell\u00e1t\u00e1snak ki\u00e9p\u00edtett rendszere? Sehol! Dr\u00e1ga klubokba mehetnek be az id\u0151sek, j\u00f3 p\u00e9nz\u00e9rt, megfizetik a gazdag Sv\u00e9dorsz\u00e1gban is, meg a 300 \u00e9ve f\u00fcvet ny\u00edr\u00f3 Angli\u00e1ban. 5000 cs\u00f6ves fetreng p\u00e9ld\u00e1ul London belv\u00e1ros\u00e1ban, hi\u00e1ba van \u00e9vsz\u00e1zados szolidarit\u00e1si hagyom\u00e1ny! N\u00e1lunk meg egy int\u00e9zm\u00e9nyrendszer, m\u00e9g ha szolidarit\u00e1sp\u00f3tl\u00f3 is, de m\u00e9giscsak ott van! Ha bemegy\u00fcnk egy \u00e1tlagos magyar bentlak\u00e1sos szoci\u00e1lis int\u00e9zm\u00e9nybe, annak a szakmai sz\u00ednvonala eur\u00f3pai, az infrastrukt\u00far\u00e1ja term\u00e9szetesen egyenetlen, egyar\u00e1nt vannak elfogadhatatlan \u00e9s kiv\u00e1l\u00f3 infrastruktur\u00e1lis k\u00f6r\u00fclm\u00e9nyek. A gyermekv\u00e9delmi rendszer\u00fcnk sokkal fejlettebb, mint Sv\u00e9dorsz\u00e1gban vagy Angli\u00e1ban, Sv\u00e9dorsz\u00e1gban a vil\u00e1g el\u0151tt mutogatj\u00e1k a magyar gyermekv\u00e9delmi rendszert, mik\u00f6zben mi l\u00e1tjuk, hogy milyen probl\u00e9m\u00e1kkal k\u00fcszk\u00f6d\u00fcnk. De az\u00e9rt mi nem \u00e1llunk ezekben a k\u00e9rd\u00e9sekben olyan rosszul! A magyar szoci\u00e1lis int\u00e9zm\u00e9nyrendszer ki\u00e9p\u00edtetts\u00e9ge, minden probl\u00e9m\u00e1ja ellen\u00e9re, meghaladja a gazdag eur\u00f3pai \u00e1tlagot! Sok tekintetben persze alulfinansz\u00edrozott, szeg\u00e9nyes, de megfelel egy eur\u00f3pai elv\u00e1rt sz\u00ednvonalnak.<\/span><br \/>\n<span style=\"font-family: Arial;\">Gy.T.: Annyit m\u00e9g hozz\u00e1tenn\u00e9k, egyet\u00e9rtve a Zolival, hogy a felel\u0151ss\u00e9ge ennek az int\u00e9zm\u00e9nyrendszernek viszont nagyobb, mint Nyugat-Eur\u00f3p\u00e1ban \u00e1ltal\u00e1ban, hiszen az\u00e9rt olyan fejlett \u00e9s ki\u00e9p\u00fclt az int\u00e9zm\u00e9nyrendszer \u2013 most nem boncolgatv\u00e1n, hogy a szocializmus idej\u00e9n ez mi\u00e9rt v\u00e1lt sz\u00fcks\u00e9gess\u00e9 \u00e9s finansz\u00edrozhat\u00f3v\u00e1 egyfajta k\u00f6z\u00f6ss\u00e9gi ideol\u00f3gia ment\u00e9n \u2013, mert m\u00edg Nyugat-Eur\u00f3p\u00e1ban nagyon sok piaci szolg\u00e1ltat\u00e1st is el lehet \u00e9rni, s nem csak az\u00e9rt, mert van szolg\u00e1ltat\u00e1s, hanem els\u0151sorban az\u00e9rt van, mert van hozz\u00e1 v\u00e1s\u00e1rl\u00f3er\u0151, addig Magyarorsz\u00e1gon nincs igaz\u00e1b\u00f3l piack\u00e9pes v\u00e1s\u00e1rl\u00f3er\u0151, s f\u0151leg nincs azokn\u00e1l a r\u00e9tegekn\u00e9l, akik erre a szolg\u00e1ltat\u00e1sra r\u00e1szorulnak. N\u00e1luk v\u00e9gk\u00e9pp nincs! Magyar\u00e1n: nincs alternat\u00edv\u00e1ja az \u00e1llami szoci\u00e1lis ell\u00e1t\u00e1snak. S ett\u0151l ki\u00e9lezett a helyzet, ett\u0151l \u00e9rezz\u00fck n\u00e9ha \u00fagy, hogy egy-egy szolg\u00e1ltat\u00e1s, int\u00e9zm\u00e9ny vagy int\u00e9zm\u00e9nyt\u00edpus l\u00e9te borotva\u00e9len t\u00e1ncol.<\/span><br \/>\n<span style=\"font-family: Arial;\">M.I.: M\u00e9g k\u00e9t dolgot tenn\u00e9k hozz\u00e1 ehhez, egyet\u00e9rtve a t\u00f6bbiekkel. N\u00e1lunk nem csak arra nincs lehet\u0151s\u00e9g, hogy piaci viszonyok k\u00f6z\u00f6tt v\u00e1s\u00e1roljunk meg szolg\u00e1ltat\u00e1sokat, hanem enn\u00e9l sokkal s\u00falyosabb a helyzet, mert nagyon sok \u00e1llami szoci\u00e1lis szolg\u00e1ltat\u00e1s nem is \u00e9rhet\u0151 el helyben, hanem kist\u00e9rs\u00e9gi szinten biztos\u00edtj\u00e1k, \u00e9s el kell utazni \u00e9rte. A m\u00e1sik probl\u00e9m\u00e1t abban l\u00e1tom, hogy az int\u00e9zm\u00e9nyekben dolgoz\u00f3 \u00fan. szakemberek felk\u00e9sz\u00fclts\u00e9ge nagyon sokszor nem el\u00e9gs\u00e9ges, vagy nincsenek meg azok az eszk\u00f6zeik, amelyekkel hat\u00e9konyan tudn\u00e1nak dolgozni. Tal\u00e1n ebben is van k\u00fcl\u00f6nbs\u00e9g k\u00f6zt\u00fcnk \u00e9s Nyugat-Eur\u00f3pa k\u00f6z\u00f6tt.<\/span><br \/>\n<span style=\"font-family: Arial;\">Gy.T.: \u00c9n ink\u00e1bb azt mondan\u00e1m, hogy Nyugat-Eur\u00f3p\u00e1ban nem jogi, hanem szakmai tartalm\u00fa a megk\u00f6zel\u00edt\u00e9s, a szab\u00e1lyoz\u00e1s. Az egyes szolg\u00e1ltat\u00e1sokra vonatkoz\u00f3an l\u00e9teznek sztenderdek \u2013 Mi az, amit egy szolg\u00e1ltat\u00e1snak tartalmaznia kell? \u2013, vannak elj\u00e1r\u00e1srendek \u00e9s pontosan szab\u00e1lyozott, hogy kinek mi a feladata \u00e9s a felel\u0151ss\u00e9ge. Ez sajnos a mai magyar szoci\u00e1lis ell\u00e1t\u00f3rendszerb\u0151l egyel\u0151re m\u00e9g hi\u00e1nyzik, m\u00e1rpedig ez adhatn\u00e1 a biztons\u00e1got annak is, aki az ell\u00e1t\u00e1st ig\u00e9nybe veszi, \u00e9s annak is, aki az ell\u00e1t\u00e1st ny\u00fajtja \u2013 szem\u00e9ly szerint, de az \u00e1llamnak is ez adn\u00e1 a biztos\u00edt\u00e9kot arra, hogy a p\u00e9nz\u00e9t j\u00f3l haszn\u00e1lj\u00e1k fel.<\/span><br \/>\n<b><span style=\"font-family: Arial;\">V.I.:<\/span><\/b><span style=\"font-family: Arial;\">\u00a0<\/span><b><span style=\"font-family: Arial;\">Tegnap l\u00e1ttunk itt egy filmet (\u00d6rv\u00e9nyben, A szerk.), s az arr\u00f3l sz\u00f3lt, hogy egy csal\u00e1d hogyan v\u00e9sz el az \u0151t k\u00f6r\u00fclvev\u0151 int\u00e9zm\u00e9nyrendszerben, mert minden int\u00e9zm\u00e9ny pontosan tudja, hogy hol \u00e9r v\u00e9get a feladata \u00e9s felel\u0151ss\u00e9ge, de az eg\u00e9szet mint probl\u00e9m\u00e1t nem v\u00e1llalja fel senki. Lehet, hogy ez term\u00e9szetes \u00e9s nem is v\u00e1rhatjuk el, hogy egy szeret\u0151 csal\u00e1d \u00e9s egy meleg k\u00f6z\u00f6ss\u00e9g funkci\u00f3it ezek az int\u00e9zm\u00e9nyek bet\u00f6lts\u00e9k \u2013 nem tudom. De az\u00e9rt lehet, hogy t\u00e1g\u00edtani kellene ezeket a mozg\u00e1stereket, s \u00e9n szeml\u00e9leti probl\u00e9m\u00e1t \u00e9rz\u00e9kelek els\u0151sorban. \u00c9pp mostan\u00e1ban dolgoztunk egy\u00fctt a szoci\u00e1lis ter\u00fclet munkat\u00e1rsaival az \u00faj sztenderdeken, s bizony elkezdtem szorongani, hogy vajon ezekkel a sztenderdekkel nem er\u0151s\u00edtj\u00fck-e m\u00e9g ink\u00e1bb ezt a felel\u0151ss\u00e9g-kiker\u00fcl\u0151, -elh\u00e1r\u00edt\u00f3, \u201eett\u0151l eddig terjed a hat\u00e1sk\u00f6r\u00f6m\u201d magatart\u00e1st? Nagyon j\u00f3l tudom, hogy a norm\u00e1knak kellene azokat a h\u00e9zagokat bet\u00f6lteni, amelyekre az int\u00e9zm\u00e9nyek nem k\u00e9pesek, teh\u00e1t k\u00f6z\u00f6ss\u00e9gfejleszt\u0151k\u00e9nt \u00fajra \u00e1t\u00e9ltem az integr\u00e1ci\u00f3s munka fontoss\u00e1g\u00e1t, de az int\u00e9zm\u00e9nyi szeml\u00e9let nagyon merev ma.<\/span><\/b><br \/>\n<span style=\"font-family: Arial;\">Gy.T.: Nyugat-Eur\u00f3p\u00e1ban is hasonl\u00f3 f\u00e9lelmek vannak: szem\u00e9lytelenn\u00e9 v\u00e1lik a seg\u00edt\u00e9s, hasonl\u00f3k. Ez egy \u00f6r\u00f6k vita marad, de szerintem ez a fejl\u0151d\u00e9snek egy olyan l\u00e9pcs\u0151je, amit nem lehet kiker\u00fclni \u00e9s innen lehet azt\u00e1n dobbantani a szervesebb szolidarit\u00e1s fel\u00e9.<\/span><br \/>\n<b><span style=\"font-family: Arial;\">V.I.:<\/span><\/b><span style=\"font-family: Arial;\">\u00a0<\/span><b><span style=\"font-family: Arial;\">Mindenesetre a kett\u0151nek ki k\u00e9ne eg\u00e9sz\u00edtenie egym\u00e1st \u00e9s kellen\u00e9nek olyan \u201ek\u00f6t\u0151sz\u00f6vet\u201d foglalkoz\u00e1sok, mint amilyen a k\u00f6z\u00f6ss\u00e9gi munka, k\u00f6z\u00f6ss\u00e9gfejleszt\u00e9s, amelyik az int\u00e9zm\u00e9nyeket egy lokalit\u00e1son bel\u00fcl rendszerbe integr\u00e1lja.<\/span><\/b><\/p>\n<p><i><span style=\"font-family: Arial;\">Szerkesztett r\u00e9szletek a hozz\u00e1sz\u00f3l\u00e1sokb\u00f3l \u00e9s a k\u00e9rd\u00e9sekre adott v\u00e1laszokb\u00f3l<\/span><\/i><\/p>\n<p><i><span style=\"font-family: Arial;\">Els\u0151 k\u00f6rben felvetett szempontok a r\u00e9sztvev\u0151k k\u00f6r\u00e9b\u0151l<\/span><\/i><span style=\"font-family: Arial;\">:<\/span><br \/>\n<span style=\"font-family: Arial;\">N.N.:<\/span><i><span style=\"font-family: Arial;\">\u00a0(A hozz\u00e1sz\u00f3l\u00f3 neve ismeretlen, mert nincs r\u00f3la k\u00e9pi felv\u00e9tel, \u00e9s a hangfelv\u00e9tel is csak a hozz\u00e1sz\u00f3l\u00e1sa v\u00e9g\u00e9t vette fel! A szerk.)\u00a0<\/span><\/i><span style=\"font-family: Arial;\">Nagyon j\u00f3 dolog az \u00e1llami normat\u00edva, de van egy olyan hat\u00e1sa is, hogy ennek megtart\u00e1sa \u00e9rdek\u00e9ben az int\u00e9zm\u00e9ny nem sz\u00edvesen engedi ki a rendszerb\u0151l a bentlak\u00f3kat, sajnos. Ezt nagy probl\u00e9m\u00e1nak tartom.<\/span><br \/>\n<i><span style=\"font-family: Arial;\">Pet\u00e1k P\u00e9ter:<\/span><\/i><span style=\"font-family: Arial;\">\u00a0A szolidarit\u00e1s t\u00f6bb aspektusa is elhangzott, de a munk\u00e1smozgalom nem nyert eml\u00edt\u00e9st, s ez nem csak az\u00e9rt fontos, mert a szolidarit\u00e1sp\u00f3tl\u00f3 int\u00e9zm\u00e9nyeket is a munkamozgalom h\u00edvta \u00e9letre, hanem az\u00e9rt is, mert a szolidarit\u00e1s egyszerre volt egy politikai \u00e9s gazdas\u00e1gi k\u00fczdelem r\u00e9sze. A jogok\u00e9rt k\u00fczd\u00f6ttek, s ez modern, r\u00e1ad\u00e1sul nemzetk\u00f6zi dolog is volt. Most \u00fagy besz\u00e9lt\u00fcnk a szolidarit\u00e1sr\u00f3l, mint erk\u00f6lcsi k\u00f6teless\u00e9gr\u0151l, ami nem \u00edrhat\u00f3 el\u0151. Mint egy karitat\u00edv megmozdul\u00e1sr\u00f3l, hogy \u00e9n, a magasabb st\u00e1tusz\u00fa, kell hogy szolidarit\u00e1st \u00e9rezzek \u00e9s v\u00e1llaljak. De ha visszagondolunk a munk\u00e1smozgalmi p\u00e9ld\u00e1ra, a szolidarit\u00e1snak l\u00e9tezik egy olyan aspektusa is, ahol az azonos st\u00e1tusz\u00faak v\u00e1llalnak egym\u00e1ssal szolidarit\u00e1st, felel\u0151ss\u00e9get \u00e9s fognak \u00f6ssze.<\/span><br \/>\n<i><span style=\"font-family: Arial;\">Gyenes Zsuzsa:<\/span><\/i><span style=\"font-family: Arial;\">\u00a0Engem nagyon inspir\u00e1l az idei ny\u00e1ri egyetem \u00e9s az egyik k\u00e9rd\u00e9st vetem most csak fel, ami engem \u00e9rdekel: kivel vagyok szolid\u00e1ris, h\u00e1nyfajta szolidarit\u00e1sr\u00f3l besz\u00e9lhet\u00fcnk stb. Sz\u00e1momra, k\u00f6z\u00f6ss\u00e9gfejleszt\u0151 sz\u00e1m\u00e1ra, az a nagy k\u00e9rd\u00e9s, hogy vajon a szolidarit\u00e1s \u201eegynem\u0171\u201d-e? Vagyis ha \u00e9n a szolidarit\u00e1st fokozom, akkor azzal mindenki fel\u00e9 szolid\u00e1risabb leszek-e?<\/span><br \/>\n<i><span style=\"font-family: Arial;\">P\u00e9terfi Ferenc:<\/span><\/i><span style=\"font-family: Arial;\">\u00a0Gyakran besz\u00e9l\u00fcnk arr\u00f3l, hogy mi\u00e9rt fontos, hogy a civil t\u00e1rsadalom er\u0151sebb legyen? A hatalom ett\u0151l f\u00e9l, mert hiszen akkor \u0151t is ellen\u0151rzik, ami \u00edgy is van. Pet\u00e1k \u00e1ltal felvetett munk\u00e1smozgalom is a civil t\u00e1rsadalom er\u0151ss\u00e9g\u00e9t jelentette, \u00e9s egy er\u0151s civil t\u00e1rsadalom nyom\u00e1s alatt tudja tartani a k\u00f6z\u00f6ss\u00e9get \u00e9s egy k\u00f6lcs\u00f6n\u00f6sen kialak\u00edtott normarendszert tud produk\u00e1lni az int\u00e9zm\u00e9nyek \u00e9s a hatalom sz\u00e1m\u00e1ra. Szerintem egy eszk\u00f6z\u00f6kkel b\u00edr\u00f3 \u00e1llami szektor nem nagyon szokta v\u00e9giggondolni, hogy a civil t\u00e1rsadalom nem egy d\u00edszgomb a cifrasz\u0171r\u00f6n, hanem fontos gazdas\u00e1gi \u00e9s mor\u00e1lis jelent\u0151s\u00e9ge van.<\/span><br \/>\n<i><span style=\"font-family: Arial;\">Herpain\u00e9 M\u00e1rkus \u00c1gnes:<\/span><\/i><span style=\"font-family: Arial;\">\u00a0Olyan \u00e9rdekes volt sz\u00e1momra, ahogyan ebben a besz\u00e9lget\u00e9sben cs\u00faszk\u00e1ltatok, nekem legal\u00e1bbis nem krist\u00e1lyosodott ki egy olyan \u00e1ll\u00e1spont, amiben ti h\u00e1rman egyet\u00e9rtettetek volna. \u00c9s nagyon izgalmasak a mostani hozz\u00e1tev\u00e9sek is a t\u00f6rt\u00e9nethez. Folyton ugr\u00e1lunk ak\u00f6z\u00f6tt, hogy kell-e az \u00e1llami szerepv\u00e1llal\u00e1s, kellenek-e az int\u00e9zm\u00e9nyek vagy sem, s hol van ennek az optimuma? Mit gondoltok arr\u00f3l, hogy az emberek t\u00f6bbs\u00e9ge napi 8 \u00f3rai munk\u00e1val sem tud tisztess\u00e9gesen meg\u00e9lni, s k\u00e9rd\u00e9s, hogy ezekt\u0151l az emberekt\u0151l hogyan v\u00e1rhat\u00f3 el a szolidarit\u00e1s a n\u00e1luk szeg\u00e9nyebbek ir\u00e1nt? Elv\u00e1rhat\u00f3-e egy\u00e1ltal\u00e1n? Amikor azt mondj\u00e1k, hogy igen, \u00f6nhib\u00e1s szeg\u00e9nyek, mert elk\u00f6ltik a p\u00e9nz\u00fcket az els\u0151 h\u00e9ten, akkor egy k\u00f6z\u00e9poszt\u00e1lybeli \u00e9rt\u00e9krend alapj\u00e1n gondoljuk ezt \u00e9s a k\u00f6z\u00e9poszt\u00e1llyal vagyunk szolid\u00e1risak. Teh\u00e1t a hozz\u00e1nk hasonl\u00f3hoz szolid\u00e1risabbak vagyunk, mint akik m\u00e1s \u00e9letform\u00e1ra k\u00e9nyszer\u00fclnek, vagy v\u00e1lasztanak. S nem lehet, hogy a k\u00fcl\u00f6nb\u00f6z\u0151 t\u00e1rsadalmi csoportokon bel\u00fcl er\u0151s\u00f6d\u0151 szolidarit\u00e1sok egyben t\u00e1vol\u00edtj\u00e1k egym\u00e1sr\u00f3l a t\u00e1rsadalmi csoportokat? Ezeket az egyens\u00falyokat vajon hogyan tudjuk megtal\u00e1lni?<\/span><br \/>\n<i><span style=\"font-family: Arial;\">N.N.:<\/span><\/i><span style=\"font-family: Arial;\">\u00a0Az egy\u00e9ni felel\u0151ss\u00e9gen val\u00f3ban nagy hangs\u00faly van, s val\u00f3ban egyfajta t\u00e1rsadalmi \u201eelfekv\u0151k\u201d a szolidarit\u00e1si int\u00e9zm\u00e9nyek, s k\u00e9rd\u00e9ses, hogy mennyire seg\u00edtenek a prevenci\u00f3ban \u00e9s a kil\u00e9p\u00e9sben a rendszerb\u0151l, de \u00fagy besz\u00e9l\u00fcnk a szolidarit\u00e1sr\u00f3l, mint a toleranci\u00e1r\u00f3l szok\u00e1s: \u201ea k\u00f6z\u00e9pr\u00e9teg, a j\u00f3m\u00f3d\u00faak hihetetlen\u00fcl j\u00f3 emberek, mor\u00e1lisak \u00e9s szolid\u00e1risak \u00e9s legyenek is ilyenek, hisz a poz\u00edci\u00f3jukn\u00e1l fogva megengedhetik maguknak\u201d! De van ennek egy m\u00e1sik oldala is, az \u00e9rdek. A k\u00f6z\u00e9pr\u00e9tegeknek nagyon komoly \u00e9rdek\u00fck f\u0171z\u0151dik ahhoz, hogy az ell\u00e1t\u00f3rendszerek ne elfekv\u0151rendszerek legyenek! Be k\u00e9ne hozni ezt a szempontot is, mert \u00f6sszt\u00e1rsadalmi \u00e9rdek, hogy a szeg\u00e9ny r\u00e9tegek ne n\u00f6vekedjenek!<\/span><br \/>\n<i><span style=\"font-family: Arial;\">Nagy Andrea:<\/span><\/i><span style=\"font-family: Arial;\">\u00a0Nem k\u00e9rd\u00e9sem, hi\u00e1ny\u00e9rzetem van. T\u00e1rsadalmi szolidarit\u00e1sb\u00f3l indultunk el \u00e9s kik\u00f6t\u00f6tt\u00fcnk egy \u00e1gazatn\u00e1l. Engem borzaszt\u00f3an zavar, ha a t\u00e1rsadalmi szolidarit\u00e1s k\u00e9rd\u00e9s\u00e9nek a megold\u00e1s\u00e1t a szoci\u00e1lis \u00e1gazatt\u00f3l v\u00e1rjuk! A gazdas\u00e1gi \u00e1gazatnak is van dolga ezzel \u00e9s az \u00e1llamnak mint szab\u00e1lyoz\u00f3nak, hiszen a verseny m\u00e9ri meg, teszi \u00e9rt\u00e9kess\u00e9 vagy \u00e9rt\u00e9ktelenn\u00e9 az embereket \u00e9s nyomja ki a szeg\u00e9nyeket egy m\u00e1sik p\u00f3lusra. Teh\u00e1t ezt a k\u00e9rd\u00e9st nem oldhatja meg a szoci\u00e1lis szf\u00e9ra, ne sz\u0171k\u00edts\u00fck le a v\u00e1laszkeres\u00e9st erre az \u00e1gazatra!<\/span><\/p>\n<p><i><span style=\"font-family: Arial;\">A megh\u00edvott szakemberek reflexi\u00f3i:<\/span><\/i><\/p>\n<p><span style=\"font-family: Arial;\">L.Z.: Val\u00f3ban, a szoci\u00e1lis \u00e1gazatnak \u00e9s a seg\u00edt\u0151 attit\u0171d\u00f6knek, m\u0171k\u00f6d\u00e9seknek az egyik alapk\u00e9rd\u00e9se, hogy a t\u00e1mogat\u00e1sra szorul\u00f3kkal szemben t\u00e1masztunk-e valamif\u00e9le felel\u0151ss\u00e9get? Az ut\u00f3bbi \u00e9vekben abba az ir\u00e1nyba mozdult el a k\u00f6zbesz\u00e9d \u00e9s a szab\u00e1lyoz\u00e1s is bizonyos tekintetben, hogy gyakorlatilag nem v\u00e1runk el semmif\u00e9le felel\u0151ss\u00e9get. Ez persze nem teljesen igaz, mert most m\u00e1r egy sor szoci\u00e1lis szolg\u00e1ltat\u00e1sban, seg\u00e9lyez\u00e9si konstrukci\u00f3ban val\u00f3 r\u00e9szv\u00e9tel felt\u00e9tele a szerz\u0151d\u00e9sk\u00f6t\u00e9s. Persze tudjuk, hogy ha nem teljes\u00edtenek, leadminisztr\u00e1lj\u00e1k, mintha teljes\u00edtettek volna, de ez az elv m\u00e1r benne van a rendszerben. A csal\u00e1dok \u00e1tmeneti otthon\u00e1ra sz\u00fcletett \u00e9v eleji szab\u00e1lyoz\u00e1s egyik alapfunkci\u00f3ja p\u00e9ld\u00e1ul, hogy amellett, hogy megv\u00e9dje a vesz\u00e9lyekt\u0151l az \u00e9rintetteket egy v\u00e9dett k\u00f6rnyezetben, \u00f6n\u00e1ll\u00f3 \u00e9letvitelhez seg\u00edtse \u0151ket. Az itt elhangzott p\u00e9lda szerint (l\u00e1sd els\u0151 hozz\u00e1sz\u00f3l\u00e1s, sajnos a gyakorlati p\u00e9lda nem volt hallhat\u00f3 a felv\u00e9telen, csak az \u00e1ltal\u00e1nos\u00edtott r\u00e9sz. A szerk.) ez soha nem val\u00f3sul meg, az \u00e9rintettek csak vissza\u00e9lnek ezzel a lehet\u0151s\u00e9ggel \u00e9s soha nem fogj\u00e1k beosztani a p\u00e9nz\u00fcket. Ha visszagondolunk a r\u00e9gi paraszti szeg\u00e9nys\u00e9gre, ott nem volt h\u00f3 v\u00e9gi szeg\u00e9nys\u00e9g, amij\u00fck volt, azt be tudt\u00e1k osztani \u00e9s nem rend\u00fclt meg mor\u00e1lisan a k\u00f6z\u00f6ss\u00e9g a szeg\u00e9nys\u00e9gt\u0151l, s\u0151t, nagyon is er\u0151s mor\u00e1lis k\u00f6z\u00f6ss\u00e9g maradt a szeg\u00e9nys\u00e9g ellen\u00e9re. Ma olyan t\u00edpus\u00fa szeg\u00e9nys\u00e9gekkel van tele a vil\u00e1g, hogy mor\u00e1lisan is le\u00e9p\u00fclt szeg\u00e9ny k\u00f6z\u00f6ss\u00e9gek vannak, s mivel nem egy\u00fctt szeml\u00e9lj\u00fck ezt a k\u00e9rd\u00e9st, hol az egyik, hol a m\u00e1sik oldalra billen\u00fcnk. Az a fajta seg\u00edt\u0151 attit\u0171d, amelyik semmif\u00e9le komoly, ellen\u0151rz\u00f6tt egy\u00fcttm\u0171k\u00f6d\u00e9st, saj\u00e1t felel\u0151ss\u00e9get, saj\u00e1t aktivit\u00e1st nem v\u00e1r el a szeg\u00e9nyekt\u0151l, a t\u00e1mogatottakt\u00f3l, az szeg\u00e9nyellenes politika, ak\u00e1rmit mond mag\u00e1r\u00f3l, ak\u00e1rminek hirdeti mag\u00e1t, mert abban a helyzetben tartja ezt a csoportot, amiben van! Ezt jelenti egy\u00e9bk\u00e9nt a szubszidiarit\u00e1s agyonhangoztatott elve \u00e9s ez a szoci\u00e1lis szakm\u00e1nak is az egyik alap\u00e9rtelmez\u00e9s\u00e9t jelentheti: az a szoci\u00e1lis seg\u00edt\u00e9s c\u00e9lja, hogy az \u00e9rintett legyen k\u00e9pes \u00f6nmag\u00e1n seg\u00edteni! \u00c9s csak eddig tart a seg\u00edt\u00e9s! \u00c9s nem helyette! Persze vannak olyan id\u0151szakok, amikor az \u00e9rintett helyett kell valamit csin\u00e1lni, mert nem k\u00e9pes r\u00e1, nem \u00e9rtelmezi a helyzet\u00e9t, nem ismeri f\u00f6l, nem tudja megcsin\u00e1lni \u2013 de akkor is annak kell a c\u00e9lnak lennie, hogy \u0151 k\u00e9pes legyen egy\u00fcttm\u0171k\u00f6dni a saj\u00e1t helyzete jav\u00edt\u00e1s\u00e1\u00e9rt. Ez egy alapk\u00e9rd\u00e9s, amely egy\u00e9bk\u00e9nt f\u00f6l\u00f6sleges \u00e9s megoldhatatlan szakmaideol\u00f3giai vit\u00e1kba tereli a szakm\u00e1t, s ez nem csak a szoci\u00e1lis ter\u00fcleten van jelen. Szerintem vil\u00e1goss\u00e1 kell tenni a felt\u00e9teleket: seg\u00edtek neked, de az a dolgod, hogy tanulj meg gazd\u00e1lkodni! Nem mag\u00e1ra hagyom teh\u00e1t, hogy seg\u00edts magadon felt\u00e9tel n\u00e9lk\u00fcl, hanem seg\u00edtek, \u00e9s a seg\u00edt\u00e9s felt\u00e9tel n\u00e9lk\u00fcli, de az alapja az egy\u00fcttm\u0171k\u00f6d\u00e9s.<\/span><br \/>\n<span style=\"font-family: Arial;\">M.I.: Meglep\u0151dve hallottam azt, hogy az ut\u00f3bbi \u00e9vekben a k\u00f6zbesz\u00e9dben egyre ink\u00e1bb teret nyer az, hogy az egy\u00e9nnek nincs felel\u0151ss\u00e9ge. \u00c9n azt l\u00e1tom, hogy egyre ink\u00e1bb pont az ellenkez\u0151 ir\u00e1ny nyer teret, egyre ink\u00e1bb arr\u00f3l besz\u00e9l\u00fcnk, hogy kinek mi a saj\u00e1t felel\u0151ss\u00e9ge, \u00e9s a szoci\u00e1lis ell\u00e1t\u00f3rendszer is egyre ink\u00e1bb afel\u00e9 megy, hogy a felel\u0151ss\u00e9geket keresse \u00e9s olyan felt\u00e9teleket teremtsen, amelyeknek meg kell felelni, hogy valaki hozz\u00e1jusson a szoci\u00e1lis ell\u00e1t\u00e1shoz p\u00e9ld\u00e1ul. Ezzel egyet is tudok \u00e9rteni, felt\u00e9ve, ha vannak olyan felt\u00e9telek, amelyeken kereszt\u00fcl valaki ink\u00e1bb ki tud m\u00e1szni abb\u00f3l a helyzetb\u0151l, amiben van, s ha ezek az elv\u00e1r\u00e1sok, vagy felt\u00e9telek nem a szimpla b\u00fcntet\u00e9sr\u0151l sz\u00f3lnak p\u00e9ld\u00e1ul, hanem val\u00f3ban van \u00e9rtelm\u00fck. Mindannyian ismerj\u00fck azt a trivi\u00e1lis elv\u00e1r\u00e1st, hogy ha \u00e1ll\u00e1skeres\u00e9si j\u00e1rul\u00e9kon vagyok, be kell j\u00e1rnom a munka\u00fcgyi k\u00f6zpontba, holott tudom, hogy nem fognak nekem munk\u00e1t adni. M\u00e1r az els\u0151 alkalommal, mikor regisztr\u00e1lom magam, megmondj\u00e1k, hogy ne is rem\u00e9nykedjek benne, hogy ott munk\u00e1t fogok kapni \u2013 akkor minek? Ezt kell szerintem v\u00e9giggondolni, hogy hol tudjuk meghat\u00e1rozni ezt az egy\u00e9ni felel\u0151ss\u00e9get \u00e9s azt az aktivit\u00e1st, amit az egy\u00e9nt\u0151l elv\u00e1runk, \u00fagy, hogy annak t\u00e9nyleg \u00e9rtelme is legyen, \u00e9s ne valami l\u00e1tszatint\u00e9zked\u00e9s legyen!<\/span><br \/>\n<span style=\"font-family: Arial;\">Gy.T.: \u00c9n egyet\u00e9rtek azzal, hogy az egy\u00e9ni felel\u0151ss\u00e9gv\u00e1llal\u00e1s k\u00f6r\u00fcl nincsen elmozdul\u00e1s. Ha a rendszer nem gener\u00e1lja az egy\u00e9ni felel\u0151ss\u00e9gv\u00e1llal\u00e1st, akkor azzal val\u00f3ban csak konzerv\u00e1ljuk az \u00e9rintettek \u00e1llapot\u00e1t. Ez sarokk\u0151.<\/span><br \/>\n<span style=\"font-family: Arial;\">L.Z.: Valaki f\u00f6lvetette az azonos st\u00e1tusz\u00faak egym\u00e1s\u00e9rt \u00e9rzett felel\u0151ss\u00e9g\u00e9t. Besz\u00e9lt\u00fcnk az egy\u00e9ni felel\u0151ss\u00e9gr\u0151l \u00e9s \u00e9rdemes azt f\u00f6lvetni, hogy vajon a sz\u0171kebb vagy t\u00e1gabb lok\u00e1lis, ilyen-olyan k\u00f6z\u00f6ss\u00e9geknek van-e felel\u0151ss\u00e9g\u00fck \u00f6nmaguk fel\u00e9, meg a nagyobb k\u00f6z\u00f6ss\u00e9gek fel\u00e9? Visszak\u00e9rdez\u00e9sk\u00e9nt vetem ezt f\u00f6l, mert gyakran beazonos\u00edthatatlan embercsoportokat nevez\u00fcnk k\u00f6z\u00f6ss\u00e9gnek\u2026 K\u00f6z\u00f6ss\u00e9g-e a k\u00f6z\u00e9poszt\u00e1ly? K\u00f6z\u00f6ss\u00e9g-e a cig\u00e1nys\u00e1g? K\u00f6z\u00f6ss\u00e9g-e a szeg\u00e9nyek? Nem k\u00f6z\u00f6ss\u00e9g egyik sem, mert nincsenek int\u00e9zm\u00e9nyes\u00fclt jelei, hogy ezek a t\u00e1rsadalmi s\u00e1vok-csoportok egyfajta k\u00f6z\u00f6s m\u0171k\u00f6d\u00e9st produk\u00e1ln\u00e1nak. Valaki f\u00f6lvetette, hogy a k\u00f6z\u00e9poszt\u00e1ly szolid\u00e1ris-e a szeg\u00e9nyekkel? \u00c1ltal\u00e1ban megb\u00e9lyegezz\u00fck a gonosz k\u00f6z\u00e9poszt\u00e1lyt, mert nem szolid\u00e1ris. Nem is tal\u00e1lkozik egym\u00e1ssal a k\u00f6z\u00e9poszt\u00e1ly, nem tudom beazonos\u00edtani ezt a csoportot! \u00c9s hogyan legyen szolid\u00e1ris a k\u00f6z\u00e9poszt\u00e1ly? T\u00f6bb ad\u00f3t fog fizetni? Vagy l\u00e9trehoz m\u00e9g egy civil szervezetet \u00e9s azt mondja, hogy \u00e9n mint k\u00f6z\u00e9poszt\u00e1ly, seg\u00edtem a szeg\u00e9nyeket? Nehezen \u00e9rtelmezhet\u0151 dolgok ezek, csak arra j\u00f3k, hogy egym\u00e1son elverj\u00fck a port. \u00c9n egy\u00e9bk\u00e9nt nem hiszem, hogy a magyar k\u00f6z\u00e9poszt\u00e1ly szolidarit\u00e1shi\u00e1nyosabb lenne, mint b\u00e1rmelyik m\u00e1s csoport Magyarorsz\u00e1gon. Ezek zs\u00e1kutc\u00e1k. Egyed\u00fcl a k\u00f6z\u00e9poszt\u00e1ly fizet ad\u00f3t, tartja be a t\u00e1rsadalmi norm\u00e1kat hellyel-k\u00f6zzel \u2013 nem tudom, mi\u00e9rt mindent a k\u00f6z\u00e9poszt\u00e1lyt\u00f3l kell elv\u00e1rni? \u00c1ltal\u00e1ban mindenkinek a saj\u00e1t hely\u00e9n kell a saj\u00e1t felel\u0151ss\u00e9g\u00e9t, szerep\u00e9t \u00e9rtelmezni, \u00e9s akkor ez m\u0171k\u00f6d\u0151k\u00e9pes lehet.<\/span><br \/>\n<span style=\"font-family: Arial;\">Gy.T.: Az igazi kelepce az, hogy olyan k\u00f6z\u00f6ss\u00e9gi szolidarit\u00e1sok is lehetnek, amelyek kifejezetten a t\u00e1rsadalmi szolidarit\u00e1ssal, vagy egym\u00e1ssal szembe hatnak, \u00e9rv\u00e9nyes\u00fclnek, ez\u00e9rt kellene m\u00e9g er\u0151teljesebben tiszt\u00e1znunk, hogy mi is a szolidarit\u00e1s\u2026<\/span><br \/>\n<span style=\"font-family: Arial;\">L.Z.: Elhangzott az is, hogy vajon a meg\u00e9lhet\u00e9si neh\u00e9zs\u00e9gekkel k\u00fczd\u0151kt\u0151l elv\u00e1rhat\u00f3-e a k\u00f6z\u00f6ss\u00e9gi r\u00e9szv\u00e9tel, a seg\u00edt\u0151 attit\u0171d? Ez az \u00f6nk\u00e9ntess\u00e9g k\u00e9rd\u00e9s\u00e9t is f\u00f6lveti. Am\u00edg az angol \u00fariasszonyok elmennek a szoci\u00e1lis szervezetekbe \u00e9s osztj\u00e1k az ingyen eb\u00e9det, meg mindenf\u00e9le mozgalomban r\u00e9szt vesznek, hisz semmif\u00e9le meg\u00e9lhet\u00e9si gondjuk nincsen, addig Magyarorsz\u00e1gon az \u00f6nk\u00e9ntess\u00e9g nem lett t\u00f6meges \u2013 ez egyr\u00e9szt szab\u00e1lyoz\u00e1si k\u00e9rd\u00e9s is, de m\u00e1sr\u00e9szt a mindennapi \u00e9letviszonyok lehet\u0151s\u00e9gei sem engedik ma meg. Az embernek els\u0151sorban a saj\u00e1t csal\u00e1dj\u00e1val szemben van mindenf\u00e9le k\u00f6teless\u00e9ge, felel\u0151ss\u00e9ge, szolidarit\u00e1sa, \u00e9s az lek\u00f6ti az idej\u00e9t. Ma olyan helyzet van \u2013 m\u00e1r hossz\u00fa ideje \u2013 Magyarorsz\u00e1gon, hogy a csal\u00e1d minden feln\u0151tt tagj\u00e1nak idej\u00e9t lek\u00f6ti a munka, s ezek ut\u00e1n, lef\u00e1radva, m\u00e1r nem nagyon v\u00e1rhat\u00f3 el t\u0151le, hogy akt\u00edvan szolid\u00e1ris legyen valamilyen szervezetben. Szinte csoda, hogy Magyarorsz\u00e1gon m\u00e9gis van vir\u00e1gz\u00f3 civil kult\u00fara, mert mindennek ellen\u00e9re ezekben az emberekben van egy bels\u0151 k\u00e9sztet\u00e9s, de a t\u00e1rsadalmi felt\u00e9telei nincsenek meg annak, hogy ez t\u00f6meges legyen. Amerik\u00e1ban nem lehet egyetemre bejutni, ha egy \u00e9v \u00f6nk\u00e9ntes munk\u00e1t nem produk\u00e1l valaki, s ez b\u00e1rhol lehet. Csak jelzem, hogy ez egy t\u00e1rsadalmi felt\u00e9tel \u00e9s szab\u00e1lyoz\u00e1s k\u00e9rd\u00e9se is.<\/span><br \/>\n<span style=\"font-family: Arial;\">M.I.: \u00c9n az\u00e9rt feltenn\u00e9m azt a k\u00e9rd\u00e9st \u2013 biztos vannak itt olyanok, akik az \u00f6nk\u00e9ntess\u00e9g t\u00e9m\u00e1j\u00e1nak szak\u00e9rt\u0151i \u2013, hogy Magyarorsz\u00e1gon az \u00f6nk\u00e9ntesek k\u00f6z\u00f6tt hogyan oszlanak meg a jobb t\u00e1rsadalmi \u00e9s a kedvez\u0151tlen t\u00e1rsadalmi helyzet\u0171ek? \u00c9n nagyon sok szeg\u00e9nys\u00e9gben \u00e9l\u0151 embert ismerek, mindegyik\u00fck v\u00e9gez valamilyen \u00f6nk\u00e9ntes tev\u00e9kenys\u00e9get, teh\u00e1t nem csak ezen m\u00falik. A m\u00e1sik, hogy a szolidarit\u00e1s megnyilv\u00e1nul\u00e1sa nem csak azon m\u00falik, hogy v\u00e1llalunk-e \u00f6nk\u00e9ntes tev\u00e9kenys\u00e9get! Megfizetem-e az ad\u00f3mat, t\u00e1mogatom-e azt, hogy az \u00e9n ad\u00f3mb\u00f3l seg\u00e9lyez\u00e9si rendszereket m\u0171k\u00f6dtessenek \u2013 teh\u00e1t ennek egy sor egy\u00e9b vet\u00fclete van azon t\u00fal, hogy \u00e9n magam r\u00e9szt veszek-e valamiben akt\u00edvan.<\/span><br \/>\n<span style=\"font-family: Arial;\">Gy.T.: Az egy\u00e9ni aktivit\u00e1st szerintem az is mozg\u00e1sba hozhatja, ha nagyon azonosulni tudok azzal a rendszerrel, amiben \u00e9lek, meg szerencs\u00e9re az is j\u00f3l dinamiz\u00e1lni tudja, ha nem tudok azonosulni vele, nem tudom elfogadni. H\u00e1l\u2019 istennek \u00fagy t\u0171nik, hogy ez a motiv\u00e1ci\u00f3 egy \u00f6r\u00f6k dolog.<\/span><\/p>\n<p><i><span style=\"font-family: Arial;\">M\u00e1sodik k\u00f6rben felvetett szempontok a r\u00e9sztvev\u0151k k\u00f6r\u00e9b\u0151l<\/span><\/i><span style=\"font-family: Arial;\">:<\/span><\/p>\n<p><i><span style=\"font-family: Arial;\">Velenczei \u00c1gnes:<\/span><\/i><span style=\"font-family: Arial;\">\u00a0T\u00f6bb dolog mer\u00fclt fel bennem, ebb\u0151l kett\u0151t emelek ki. Az egyik az ell\u00e1t\u00f3rendszerek hi\u00e1nyoss\u00e1gaival, k\u00f6t\u00f6tt form\u00e1ival kapcsolatos. Azt hiszem, hogy ez nem az ut\u00f3bbi id\u0151szak tapasztalata, hanem igencsak sok t\u00edz\u00e9ves tapasztalat, hogy az ell\u00e1t\u00f3rendszerek \u00e1tj\u00e1rhat\u00f3s\u00e1ga, a k\u00f6z\u00f6s m\u0171k\u00f6d\u00e9s hi\u00e1nya egy sokkal kem\u00e9nyebb ter\u00fclet. Az, hogy k\u00fcl\u00f6nb\u00f6z\u0151 csatorn\u00e1kon k\u00fcl\u00f6nb\u00f6z\u0151 eszk\u00f6zrendszerekre adunk ki p\u00e9nzeket, \u00e9s ezek nem tal\u00e1lkoznak \u00f6ssze, nem komplexen kezelik az ell\u00e1tni k\u00edv\u00e1nt csal\u00e1dokat vagy ter\u00fcleteket. A m\u00e1sik, ami nagyon felpiszk\u00e1lt, mikor arr\u00f3l besz\u00e9lt Zolt\u00e1n, hogy elhagyj\u00e1k a fiatalok az orsz\u00e1got. Van tapasztalatom abban, hogy az ut\u00f3bbi id\u0151ben a politik\u00e1nak \u2013 \u00e9s itt a politikusok felel\u0151ss\u00e9g\u00e9re k\u00e9rdezn\u00e9k r\u00e1 \u2013 a megoszt\u00f3 st\u00edlusa \u00e9s az ek\u00f6zben meger\u0151s\u00f6d\u0151 sz\u00e9ls\u0151s\u00e9ges mozgalmak milyen szinten tett\u00e9k m\u00e9g ink\u00e1bb mobill\u00e1 a fiatalokat, \u00e9s mennek el ez\u00e9rt az orsz\u00e1gb\u00f3l.<\/span><br \/>\n<i><span style=\"font-family: Arial;\">M\u00e9sz\u00e1ros Zsuzsa:<\/span><\/i><span style=\"font-family: Arial;\">\u00a0Egy picit sz\u00f3 esett arr\u00f3l, hogy a csal\u00e1dban mit tapasztal a gyermek, s hogy a k\u00e9s\u0151bbi \u00e9lete sor\u00e1n hogyan tudja ezt hasonl\u00f3 m\u00f3don gyakorolni a csal\u00e1dtagjaival kapcsolatban. Az nem hangzott el, hogy a gyerekek csal\u00e1di \u00e9s iskolai szocializ\u00e1ci\u00f3s folyamat\u00e1ba mennyire \u00e9p\u00fcl bele minden, hogy milyen cselekv\u00e9sek \u00e9p\u00fclnek be a gyerekek magatart\u00e1s\u00e1ba, amit feln\u0151ttk\u00e9nt m\u00e1r term\u00e9szetesen tesz.<\/span><br \/>\n<b><span style=\"font-family: Arial;\">V.I.:<\/span><\/b><span style=\"font-family: Arial;\">\u00a0<\/span><b><span style=\"font-family: Arial;\">Igen, A tudati hat\u00e1s, ami elhangzott, s hogy mi ebben a korm\u00e1nyzat szerepe.<\/span><\/b><br \/>\n<i><span style=\"font-family: Arial;\">M\u00e9sz\u00e1ros Zsuzsa:<\/span><\/i><span style=\"font-family: Arial;\">\u00a0Igen, teh\u00e1t a szocializ\u00e1ci\u00f3s probl\u00e9mak\u00f6r. A m\u00e1sik: azt tapasztalatom a munk\u00e1m sor\u00e1n k\u00f6z\u00f6ss\u00e9gfejleszt\u0151k\u00e9nt, hogy az egy\u00e9ni szolidarit\u00e1s m\u00e9g csak-csak m\u0171k\u00f6dik \u2013 mondjuk valaki az \u00e1rv\u00edzk\u00e1rosultaknak juttat valamit, de nem biztos, hogy a k\u00f6z\u00f6ss\u00e9g is k\u00e9pes valamilyen felel\u0151ss\u00e9gv\u00e1llal\u00e1sra. Mert hasonsz\u0151r\u0171 emberek vannak \u00e9s gyakorta megmosolyogj\u00e1k azokat, akik nem ebbe a k\u00f6rbe tartoznak, k\u00edv\u00fcl\u00e1ll\u00f3nak tekintik \u0151ket, nem vonj\u00e1k be a cselekv\u00e9sbe, nem ny\u00fajtanak sz\u00e1mukra valami pluszt, amit tudn\u00e1nak tenni \u2013 b\u00e1r a k\u00f6z\u00f6ss\u00e9g tagjai, egyenk\u00e9nt, ezt tal\u00e1n megteszik! De m\u00e9gis, a k\u00f6z\u00f6ss\u00e9g k\u00f6z\u00f6s szolidarit\u00e1sra, cselekv\u00e9sre nem k\u00e9pes. Ahhoz is egy befogad\u00f3 t\u00e1rsadalmi k\u00f6rnyezet kell, hogy az egy\u00e9n b\u00e1tran tudjon egy\u00e9ni felel\u0151ss\u00e9get v\u00e1llalni! Teh\u00e1t, ha mondjuk fizeti az ad\u00f3j\u00e1t, mert t\u00e1rsadalmi felel\u0151ss\u00e9get v\u00e1llal, ne r\u00f6h\u00f6gj\u00e9k ki ez\u00e9rt, ne v\u00e1ljon ett\u0151l k\u00edv\u00fcl\u00e1ll\u00f3v\u00e1 egy k\u00f6z\u00f6ss\u00e9gben!<\/span><br \/>\n<i><span style=\"font-family: Arial;\">Kov\u00e1cs Edit:<\/span><\/i><span style=\"font-family: Arial;\">\u00a0Amikor t\u00e1rsadalmi szintre emelt\u00fck a besz\u00e9lget\u00e9st \u2013 ad\u00f3fizet\u00e9s, karitat\u00edv megmozdul\u00e1sok, int\u00e9zm\u00e9nyek \u2013, az jutott eszembe, hogy a t\u0151l\u00fcnk t\u00e1vol \u00e9l\u0151kkel k\u00f6nnyebben vagyunk szolid\u00e1risak, akiknek az eg\u00e9sz \u00e9lett\u00f6rt\u00e9net\u00e9t nem ismerj\u00fck, csak a helyzet\u00fck sz\u00f3l\u00edt meg benn\u00fcnket, v\u00e1lt ki \u00e9rzelmet bel\u0151l\u00fcnk. Az \u00e9rdekel, hogy a szem\u00e9lyes felel\u0151ss\u00e9gv\u00e1llal\u00e1s hangs\u00falyoz\u00e1sa nem er\u0151s\u00edti-e az individualista szeml\u00e9letet, az emberek pontk\u00e9nt val\u00f3 kezel\u00e9s\u00e9t \u00e9s hogy hogyan lehetne el\u00e9rni azt, hogy a k\u00f6rnyezet\u00fcnkben \u00e9l\u0151 emberekkel, akikkel fizik\u00e1lisan is es\u00e9ly\u00fcnk van, hogy kapcsolatba legy\u00fcnk \u00e9s k\u00f6lcs\u00f6n\u00f6sen hat\u00e1ssal legy\u00fcnk egym\u00e1s \u00e9let\u00e9re \u2013 mi kellene ahhoz, hogy ez a szolidarit\u00e1snak bev\u00e1llalhat\u00f3 terepe legyen? Ez a legink\u00e1bb kivesz\u0151ben l\u00e9v\u0151, legkev\u00e9sb\u00e9 forsz\u00edrozott szolidarit\u00e1sfajta.<\/span><br \/>\n<i><span style=\"font-family: Arial;\">Giczey P\u00e9ter:<\/span><\/i><span style=\"font-family: Arial;\">\u00a0Vitatkozom Edittel, szerintem nem a t\u00e1vol \u00e9l\u0151kkel vagyunk szolid\u00e1risabbak \u2013 a k\u00f6zelben \u00e9l\u0151kkel is szolid\u00e1risak vagyunk. Az \u00f6nk\u00e9ntess\u00e9g k\u00e9rd\u00e9s\u00e9t \u00e9rintve, kett\u00e9 kell v\u00e1lasztani a dolgokat: a form\u00e1lis \u00f6nk\u00e9ntess\u00e9g ter\u00e9n val\u00f3ban vacakul \u00e1llunk \u2013 teh\u00e1t amikor valaki egy int\u00e9zm\u00e9nyben v\u00e1llal tudatosan \u00f6nk\u00e9ntes munk\u00e1t \u2013, de az inform\u00e1lis \u00f6nk\u00e9ntess\u00e9g ter\u00e9n nem \u00e1llunk rosszul, teh\u00e1t amikor az emberek k\u00fcl\u00f6nf\u00e9le, gyakran nagyon apr\u00f3 dolgokkal seg\u00edtik egym\u00e1st, mondjuk bev\u00e1s\u00e1rolnak az id\u0151sebbeknek \u00e9s \u00edgy tov\u00e1bb. Hogy a szeg\u00e9nyek, vagy a k\u00f6z\u00e9poszt\u00e1lybeliek v\u00e9geznek-e gyakrabban \u00f6nk\u00e9ntes munk\u00e1t, azt tapasztalom, hogy a form\u00e1lis \u00f6nk\u00e9ntess\u00e9gben val\u00f3ban f\u00f6l\u00fclreprezent\u00e1ltak a k\u00f6z\u00e9poszt\u00e1lyhoz tartoz\u00f3k, viszont arra is sz\u00e1mos p\u00e9ld\u00e1t l\u00e1tunk, hogy a munkan\u00e9lk\u00fcliek bekapcsol\u00f3dnak a form\u00e1lis \u00f6nk\u00e9ntes tev\u00e9kenys\u00e9gbe, a munkan\u00e9lk\u00fcli \u00e1llapot elvisel\u00e9s\u00e9re \u00e9s a majdani \u00e1ll\u00e1sszerz\u00e9s rem\u00e9ny\u00e9ben. Ez egyre ink\u00e1bb terjed, teh\u00e1t nem lehet j\u00f6vedelem vagy t\u00e1rsadalmi st\u00e1tusz alapj\u00e1n el\u00e9g mark\u00e1nsan elk\u00fcl\u00f6n\u00edteni az \u00f6nk\u00e9ntes tev\u00e9kenys\u00e9get v\u00e9gz\u0151ket.<\/span><br \/>\n<span style=\"font-family: Arial;\">Visszautalva Csepeli Gy\u00f6rgy nyit\u00f3el\u0151ad\u00e1s\u00e1ra, l\u00e1thattuk, hogy a magyar t\u00e1rsadalomban 500 \u00e9ve s\u00falyos gondok vannak a szolidarit\u00e1st illet\u0151en is, b\u00e1r Kar\u00e1csony S\u00e1ndor karakterol\u00f3gi\u00e1j\u00e1t felvillantva bemutatta, hogy az\u00e9rt vannak pozit\u00edv p\u00e9ld\u00e1k, csak azok szalmal\u00e1ng jelleg\u0171ek. Modern p\u00e9ld\u00e1kat eml\u00edtve: a BKV sztr\u00e1jk idej\u00e9n Budapesten telekocsik szervez\u0151dnek, vagy \u00e1rv\u00edz idej\u00e9n az orsz\u00e1g m\u00e1sik r\u00e9sz\u00e9b\u0151l elmennek az \u00e1rv\u00edz s\u00fajtotta telep\u00fcl\u00e9sekre seg\u00edteni \u2013 csak ez t\u00e1rsadalmi szinten nem \u00e1ll \u00f6ssze egy \u00f6sszes\u0171r\u0171s\u00f6d\u0151, k\u00e9zzelfoghat\u00f3, tapinthat\u00f3 mindennapi szolidarit\u00e1ss\u00e1.<\/span><br \/>\n<b><span style=\"font-family: Arial;\">V.I.:<\/span><\/b><span style=\"font-family: Arial;\">\u00a0<\/span><b><span style=\"font-family: Arial;\">V\u00e9gezet\u00fcl azt k\u00e9rem kedves vend\u00e9geinkt\u0151l, hogy egy-egy mondatban mondj\u00e1k el, ami sz\u00e1mukra a legfontosabb volt a mai d\u00e9lel\u0151ttb\u0151l?<\/span><\/b><br \/>\n<span style=\"font-family: Arial;\">L.Z.: Azt mindenk\u00e9ppen j\u00f3 volt \u00e9rz\u00e9kelni, hogy az itt l\u00e9v\u0151k komolyan veszik ezt az eg\u00e9szet, azt l\u00e1tom, hogy mindenki \u00e9rz\u00e9keli a k\u00e9rd\u00e9s m\u00f6g\u00f6tti probl\u00e9m\u00e1kat. T\u00e9nyleg mag\u00e1ra van hagyva a magyar t\u00e1rsadalom, \u00f6nmaga \u00e1ltal is mag\u00e1ra van hagyva, \u00e9s az, hogy vannak m\u00e1r k\u00f6z\u00f6ss\u00e9gek \u00e9s civil mozgalom, abb\u00f3l m\u00e9g val\u00f3ban nem j\u00f6n ki az, hogy ez egy \u00f6nmag\u00e1t megszervez\u0151 t\u00e1rsadalom. Mert val\u00f3j\u00e1ban err\u0151l van sz\u00f3. Mag\u00e1nak a probl\u00e9m\u00e1nak a felismer\u00e9se m\u00e1r \u00f6nmag\u00e1ban b\u00edztat\u00f3, \u00fagyhogy \u00e9n ez\u00e9rt k\u00f6sz\u00f6n\u00f6m a megh\u00edv\u00e1st \u00e9s \u00f6r\u00fcl\u00f6k, hogy itt lehettem!<\/span><br \/>\n<span style=\"font-family: Arial;\">M.I.: Ami nekem a legfontosabb volt, s az elej\u00e9n \u00e9n is pr\u00f3b\u00e1ltam \u00e9rinteni, a szegreg\u00e1lt-nem szegreg\u00e1lt t\u00e1rsadalom t\u00f6rt\u00e9nete piszk\u00e1l \u00e9s az \u00c1gi hozott vissza, hogy ok\u00e9, hogy a homog\u00e9n t\u00e1rsadalmi csoportok k\u00f6z\u00f6tt van szolidarit\u00e1s, de hogyan v\u00e1lik ez az eg\u00e9sz t\u00e1rsadalmat lefed\u0151 szolidarit\u00e1ss\u00e1?<\/span><br \/>\n<span style=\"font-family: Arial;\">Gy.T.: \u00c9n hallatlanul optimista vagyok e tekintetben. Az eg\u00e9sz szolidarit\u00e1sprobl\u00e9m\u00e1t Magyarorsz\u00e1gon ahhoz k\u00f6tn\u00e9m, hogy nagyj\u00e1b\u00f3l az elm\u00falt 500 \u00e9vben \u2013 t\u00f6r\u00f6k uralom, Habsburgok, szocializmus \u2013 itt csak \u201em\u00e1sodpercekre\u201d \u00e9s nyomokban volt \u00f6nrendelkez\u00e9s \u00e9s demokr\u00e1cia. A t\u00e1rsadalmi szolidarit\u00e1s igazi kiteljesed\u00e9s\u00e9nek \u00e9s meger\u0151s\u00f6d\u00e9s\u00e9nek felt\u00e9tele az \u00f6nazonoss\u00e1g, az \u00f6nrendelkez\u00e9s \u00e9s a Zoli f\u00e9le \u00e9rtelemben vett szabads\u00e1g, t\u00e1rsadalmi szabads\u00e1g \u00e9s ez\u00e9rt vagyok optimista, mert az elm\u00falt 20 \u00e9v ebbe az ir\u00e1nyba halad.<\/span><br \/>\n<b><span style=\"font-family: Arial;\">V.I.:<\/span><\/b><span style=\"font-family: Arial;\">\u00a0<\/span><b><span style=\"font-family: Arial;\">Z\u00e1rsz\u00f3k\u00e9nt \u00e9n azt a bizonyos 300 vagy 600 \u00e9ve ny\u00edrott angol f\u0171 p\u00e9ld\u00e1j\u00e1t eml\u00edten\u00e9m \u2013 k\u00fcl\u00f6nb\u00f6z\u0151 mendemond\u00e1k keringenek arr\u00f3l, hogy mennyi ideje is ny\u00edrj\u00e1k a demokr\u00e1cia gyep\u00e9t \u2013, s \u00e9n ezt egyszer elmondtam egy angolnak, aki nagyot nevetett \u00e9s azt k\u00e9rdezte: h\u00e1t ti nem tudj\u00e1tok, hogy a demokr\u00e1ci\u00e1t minden nemzed\u00e9knek \u00fajra meg kell tanulnia? Ezzel z\u00e1rom a mai napot, k\u00f6sz\u00f6nj\u00fck a sokoldal\u00fa megk\u00f6zel\u00edt\u00e9seket \u00e9s a j\u00f3 besz\u00e9lget\u00e9st!<\/span><\/b><\/p>\n","protected":false},"excerpt":{"rendered":"<p>A kerekasztal r\u00e9sztvev\u0151i:\u00a0Gyuris Tam\u00e1s,\u00a0T\u00e1rsadalmi \u00d6sszetartoz\u00e1s\u00e9rt Alap\u00edtv\u00e1ny;\u00a0Lakner Zolt\u00e1n,\u00a0T\u00e1rsadalmi felz\u00e1rk\u00f3z\u00e1s\u00e9rt felel\u0151s \u00e1llamtitk\u00e1rs\u00e1g politikai f\u0151tan\u00e1csad\u00f3ja;\u00a0M\u00e1rton Izabella,\u00a0Magyar Szeg\u00e9nys\u00e9gellenes H\u00e1l\u00f3zat. Besz\u00e9lget\u00e9svezet\u0151:\u00a0Vercseg Ilona,\u00a0K\u00f6z\u00f6ss\u00e9gfejleszt\u0151k Egyes\u00fclete<\/p>\n","protected":false},"author":16,"featured_media":3439,"comment_status":"open","ping_status":"open","sticky":false,"template":"","format":"standard","meta":{"_acf_changed":false,"footnotes":""},"categories":[378,8,7],"tags":[],"coauthors":[21,319,389,390],"class_list":["post-2425","post","type-post","status-publish","format-standard","has-post-thumbnail","hentry","category-parola-2010-3","category-parola-folyoirat","category-repertorium"],"acf":[],"yoast_head":"<!-- This site is optimized with the Yoast SEO plugin v26.7 - https:\/\/yoast.com\/wordpress\/plugins\/seo\/ -->\n<title>KEREKASZTAL BESZ\u00c9LGET\u00c9S A SZOLIDARIT\u00c1S ES\u00c9LYEIR\u0150L \u00c9S REALIT\u00c1SAIR\u00d3L - Parola Foly\u00f3irat<\/title>\n<meta name=\"robots\" content=\"index, follow, max-snippet:-1, max-image-preview:large, max-video-preview:-1\" \/>\n<link rel=\"canonical\" href=\"https:\/\/kofe.hu\/parola\/parola-folyoirat\/kerekasztal-beszelgetes-a-szolidaritas-eselyeirol-es-realitasairol\/\" \/>\n<meta property=\"og:locale\" content=\"hu_HU\" \/>\n<meta property=\"og:type\" content=\"article\" \/>\n<meta property=\"og:title\" content=\"KEREKASZTAL BESZ\u00c9LGET\u00c9S A SZOLIDARIT\u00c1S ES\u00c9LYEIR\u0150L \u00c9S REALIT\u00c1SAIR\u00d3L - Parola Foly\u00f3irat\" \/>\n<meta property=\"og:description\" content=\"A kerekasztal r\u00e9sztvev\u0151i:\u00a0Gyuris Tam\u00e1s,\u00a0T\u00e1rsadalmi \u00d6sszetartoz\u00e1s\u00e9rt Alap\u00edtv\u00e1ny;\u00a0Lakner Zolt\u00e1n,\u00a0T\u00e1rsadalmi felz\u00e1rk\u00f3z\u00e1s\u00e9rt felel\u0151s \u00e1llamtitk\u00e1rs\u00e1g politikai f\u0151tan\u00e1csad\u00f3ja;\u00a0M\u00e1rton Izabella,\u00a0Magyar Szeg\u00e9nys\u00e9gellenes H\u00e1l\u00f3zat. Besz\u00e9lget\u00e9svezet\u0151:\u00a0Vercseg Ilona,\u00a0K\u00f6z\u00f6ss\u00e9gfejleszt\u0151k Egyes\u00fclete\" \/>\n<meta property=\"og:url\" content=\"https:\/\/kofe.hu\/parola\/parola-folyoirat\/kerekasztal-beszelgetes-a-szolidaritas-eselyeirol-es-realitasairol\/\" \/>\n<meta property=\"og:site_name\" content=\"Parola Foly\u00f3irat\" \/>\n<meta property=\"article:published_time\" content=\"2020-06-25T16:11:17+00:00\" \/>\n<meta property=\"article:modified_time\" content=\"2020-07-30T11:39:11+00:00\" \/>\n<meta property=\"og:image\" content=\"https:\/\/kofe.hu\/parola\/wp-content\/uploads\/2020\/07\/10.3.jpeg\" \/>\n\t<meta property=\"og:image:width\" content=\"1319\" \/>\n\t<meta property=\"og:image:height\" content=\"1987\" \/>\n\t<meta property=\"og:image:type\" content=\"image\/jpeg\" \/>\n<meta name=\"author\" content=\"Vercseg Ilona, Lakner Zolt\u00e1n, Gyuris Tam\u00e1s, M\u00e1rton Izabella\" \/>\n<meta name=\"twitter:card\" content=\"summary_large_image\" \/>\n<meta name=\"twitter:label1\" content=\"Szerz\u0151:\" \/>\n\t<meta name=\"twitter:data1\" content=\"Vercseg Ilona\" \/>\n\t<meta name=\"twitter:label2\" content=\"Becs\u00fclt olvas\u00e1si id\u0151\" \/>\n\t<meta name=\"twitter:data2\" content=\"47 perc\" \/>\n\t<meta name=\"twitter:label3\" content=\"Written by\" \/>\n\t<meta name=\"twitter:data3\" content=\"Vercseg Ilona, Lakner Zolt\u00e1n, Gyuris Tam\u00e1s, M\u00e1rton Izabella\" \/>\n<script type=\"application\/ld+json\" class=\"yoast-schema-graph\">{\"@context\":\"https:\/\/schema.org\",\"@graph\":[{\"@type\":\"Article\",\"@id\":\"https:\/\/kofe.hu\/parola\/parola-folyoirat\/kerekasztal-beszelgetes-a-szolidaritas-eselyeirol-es-realitasairol\/#article\",\"isPartOf\":{\"@id\":\"https:\/\/kofe.hu\/parola\/parola-folyoirat\/kerekasztal-beszelgetes-a-szolidaritas-eselyeirol-es-realitasairol\/\"},\"author\":{\"name\":\"Vercseg Ilona\",\"@id\":\"https:\/\/kofe.hu\/parola\/#\/schema\/person\/a53b1ec59d5e50541cf361a8ca24bc81\"},\"headline\":\"KEREKASZTAL BESZ\u00c9LGET\u00c9S A SZOLIDARIT\u00c1S ES\u00c9LYEIR\u0150L \u00c9S REALIT\u00c1SAIR\u00d3L\",\"datePublished\":\"2020-06-25T16:11:17+00:00\",\"dateModified\":\"2020-07-30T11:39:11+00:00\",\"mainEntityOfPage\":{\"@id\":\"https:\/\/kofe.hu\/parola\/parola-folyoirat\/kerekasztal-beszelgetes-a-szolidaritas-eselyeirol-es-realitasairol\/\"},\"wordCount\":9372,\"commentCount\":0,\"image\":{\"@id\":\"https:\/\/kofe.hu\/parola\/parola-folyoirat\/kerekasztal-beszelgetes-a-szolidaritas-eselyeirol-es-realitasairol\/#primaryimage\"},\"thumbnailUrl\":\"https:\/\/kofe.hu\/parola\/wp-content\/uploads\/2020\/07\/10.3.jpeg\",\"articleSection\":[\"Parola 2010\/3\",\"Parola Foly\u00f3irat\",\"Repert\u00f3rium\"],\"inLanguage\":\"hu\",\"potentialAction\":[{\"@type\":\"CommentAction\",\"name\":\"Comment\",\"target\":[\"https:\/\/kofe.hu\/parola\/parola-folyoirat\/kerekasztal-beszelgetes-a-szolidaritas-eselyeirol-es-realitasairol\/#respond\"]}]},{\"@type\":\"WebPage\",\"@id\":\"https:\/\/kofe.hu\/parola\/parola-folyoirat\/kerekasztal-beszelgetes-a-szolidaritas-eselyeirol-es-realitasairol\/\",\"url\":\"https:\/\/kofe.hu\/parola\/parola-folyoirat\/kerekasztal-beszelgetes-a-szolidaritas-eselyeirol-es-realitasairol\/\",\"name\":\"KEREKASZTAL BESZ\u00c9LGET\u00c9S A SZOLIDARIT\u00c1S ES\u00c9LYEIR\u0150L \u00c9S REALIT\u00c1SAIR\u00d3L - Parola Foly\u00f3irat\",\"isPartOf\":{\"@id\":\"https:\/\/kofe.hu\/parola\/#website\"},\"primaryImageOfPage\":{\"@id\":\"https:\/\/kofe.hu\/parola\/parola-folyoirat\/kerekasztal-beszelgetes-a-szolidaritas-eselyeirol-es-realitasairol\/#primaryimage\"},\"image\":{\"@id\":\"https:\/\/kofe.hu\/parola\/parola-folyoirat\/kerekasztal-beszelgetes-a-szolidaritas-eselyeirol-es-realitasairol\/#primaryimage\"},\"thumbnailUrl\":\"https:\/\/kofe.hu\/parola\/wp-content\/uploads\/2020\/07\/10.3.jpeg\",\"datePublished\":\"2020-06-25T16:11:17+00:00\",\"dateModified\":\"2020-07-30T11:39:11+00:00\",\"author\":{\"@id\":\"https:\/\/kofe.hu\/parola\/#\/schema\/person\/a53b1ec59d5e50541cf361a8ca24bc81\"},\"breadcrumb\":{\"@id\":\"https:\/\/kofe.hu\/parola\/parola-folyoirat\/kerekasztal-beszelgetes-a-szolidaritas-eselyeirol-es-realitasairol\/#breadcrumb\"},\"inLanguage\":\"hu\",\"potentialAction\":[{\"@type\":\"ReadAction\",\"target\":[\"https:\/\/kofe.hu\/parola\/parola-folyoirat\/kerekasztal-beszelgetes-a-szolidaritas-eselyeirol-es-realitasairol\/\"]}]},{\"@type\":\"ImageObject\",\"inLanguage\":\"hu\",\"@id\":\"https:\/\/kofe.hu\/parola\/parola-folyoirat\/kerekasztal-beszelgetes-a-szolidaritas-eselyeirol-es-realitasairol\/#primaryimage\",\"url\":\"https:\/\/kofe.hu\/parola\/wp-content\/uploads\/2020\/07\/10.3.jpeg\",\"contentUrl\":\"https:\/\/kofe.hu\/parola\/wp-content\/uploads\/2020\/07\/10.3.jpeg\",\"width\":1319,\"height\":1987},{\"@type\":\"BreadcrumbList\",\"@id\":\"https:\/\/kofe.hu\/parola\/parola-folyoirat\/kerekasztal-beszelgetes-a-szolidaritas-eselyeirol-es-realitasairol\/#breadcrumb\",\"itemListElement\":[{\"@type\":\"ListItem\",\"position\":1,\"name\":\"Home\",\"item\":\"https:\/\/kofe.hu\/parola\/\"},{\"@type\":\"ListItem\",\"position\":2,\"name\":\"KEREKASZTAL BESZ\u00c9LGET\u00c9S A SZOLIDARIT\u00c1S ES\u00c9LYEIR\u0150L \u00c9S REALIT\u00c1SAIR\u00d3L\"}]},{\"@type\":\"WebSite\",\"@id\":\"https:\/\/kofe.hu\/parola\/#website\",\"url\":\"https:\/\/kofe.hu\/parola\/\",\"name\":\"Parola Foly\u00f3irat\",\"description\":\"\",\"potentialAction\":[{\"@type\":\"SearchAction\",\"target\":{\"@type\":\"EntryPoint\",\"urlTemplate\":\"https:\/\/kofe.hu\/parola\/?s={search_term_string}\"},\"query-input\":{\"@type\":\"PropertyValueSpecification\",\"valueRequired\":true,\"valueName\":\"search_term_string\"}}],\"inLanguage\":\"hu\"},{\"@type\":\"Person\",\"@id\":\"https:\/\/kofe.hu\/parola\/#\/schema\/person\/a53b1ec59d5e50541cf361a8ca24bc81\",\"name\":\"Vercseg Ilona\",\"image\":{\"@type\":\"ImageObject\",\"inLanguage\":\"hu\",\"@id\":\"https:\/\/kofe.hu\/parola\/#\/schema\/person\/image\/fae1a4bd5dc421c3e09d0b889ef311f4\",\"url\":\"https:\/\/secure.gravatar.com\/avatar\/721c3be425f40f7ccc756f5b124920edaef51708f25b0975485fb5b2fa1e3c72?s=96&d=mm&r=g\",\"contentUrl\":\"https:\/\/secure.gravatar.com\/avatar\/721c3be425f40f7ccc756f5b124920edaef51708f25b0975485fb5b2fa1e3c72?s=96&d=mm&r=g\",\"caption\":\"Vercseg Ilona\"},\"url\":\"https:\/\/kofe.hu\/parola\/szerzok\/vercseg-ilona\/\"}]}<\/script>\n<!-- \/ Yoast SEO plugin. -->","yoast_head_json":{"title":"KEREKASZTAL BESZ\u00c9LGET\u00c9S A SZOLIDARIT\u00c1S ES\u00c9LYEIR\u0150L \u00c9S REALIT\u00c1SAIR\u00d3L - Parola Foly\u00f3irat","robots":{"index":"index","follow":"follow","max-snippet":"max-snippet:-1","max-image-preview":"max-image-preview:large","max-video-preview":"max-video-preview:-1"},"canonical":"https:\/\/kofe.hu\/parola\/parola-folyoirat\/kerekasztal-beszelgetes-a-szolidaritas-eselyeirol-es-realitasairol\/","og_locale":"hu_HU","og_type":"article","og_title":"KEREKASZTAL BESZ\u00c9LGET\u00c9S A SZOLIDARIT\u00c1S ES\u00c9LYEIR\u0150L \u00c9S REALIT\u00c1SAIR\u00d3L - Parola Foly\u00f3irat","og_description":"A kerekasztal r\u00e9sztvev\u0151i:\u00a0Gyuris Tam\u00e1s,\u00a0T\u00e1rsadalmi \u00d6sszetartoz\u00e1s\u00e9rt Alap\u00edtv\u00e1ny;\u00a0Lakner Zolt\u00e1n,\u00a0T\u00e1rsadalmi felz\u00e1rk\u00f3z\u00e1s\u00e9rt felel\u0151s \u00e1llamtitk\u00e1rs\u00e1g politikai f\u0151tan\u00e1csad\u00f3ja;\u00a0M\u00e1rton Izabella,\u00a0Magyar Szeg\u00e9nys\u00e9gellenes H\u00e1l\u00f3zat. Besz\u00e9lget\u00e9svezet\u0151:\u00a0Vercseg Ilona,\u00a0K\u00f6z\u00f6ss\u00e9gfejleszt\u0151k Egyes\u00fclete","og_url":"https:\/\/kofe.hu\/parola\/parola-folyoirat\/kerekasztal-beszelgetes-a-szolidaritas-eselyeirol-es-realitasairol\/","og_site_name":"Parola Foly\u00f3irat","article_published_time":"2020-06-25T16:11:17+00:00","article_modified_time":"2020-07-30T11:39:11+00:00","og_image":[{"width":1319,"height":1987,"url":"https:\/\/kofe.hu\/parola\/wp-content\/uploads\/2020\/07\/10.3.jpeg","type":"image\/jpeg"}],"author":"Vercseg Ilona, Lakner Zolt\u00e1n, Gyuris Tam\u00e1s, M\u00e1rton Izabella","twitter_card":"summary_large_image","twitter_misc":{"Szerz\u0151:":"Vercseg Ilona","Becs\u00fclt olvas\u00e1si id\u0151":"47 perc","Written by":"Vercseg Ilona, Lakner Zolt\u00e1n, Gyuris Tam\u00e1s, M\u00e1rton Izabella"},"schema":{"@context":"https:\/\/schema.org","@graph":[{"@type":"Article","@id":"https:\/\/kofe.hu\/parola\/parola-folyoirat\/kerekasztal-beszelgetes-a-szolidaritas-eselyeirol-es-realitasairol\/#article","isPartOf":{"@id":"https:\/\/kofe.hu\/parola\/parola-folyoirat\/kerekasztal-beszelgetes-a-szolidaritas-eselyeirol-es-realitasairol\/"},"author":{"name":"Vercseg Ilona","@id":"https:\/\/kofe.hu\/parola\/#\/schema\/person\/a53b1ec59d5e50541cf361a8ca24bc81"},"headline":"KEREKASZTAL BESZ\u00c9LGET\u00c9S A SZOLIDARIT\u00c1S ES\u00c9LYEIR\u0150L \u00c9S REALIT\u00c1SAIR\u00d3L","datePublished":"2020-06-25T16:11:17+00:00","dateModified":"2020-07-30T11:39:11+00:00","mainEntityOfPage":{"@id":"https:\/\/kofe.hu\/parola\/parola-folyoirat\/kerekasztal-beszelgetes-a-szolidaritas-eselyeirol-es-realitasairol\/"},"wordCount":9372,"commentCount":0,"image":{"@id":"https:\/\/kofe.hu\/parola\/parola-folyoirat\/kerekasztal-beszelgetes-a-szolidaritas-eselyeirol-es-realitasairol\/#primaryimage"},"thumbnailUrl":"https:\/\/kofe.hu\/parola\/wp-content\/uploads\/2020\/07\/10.3.jpeg","articleSection":["Parola 2010\/3","Parola Foly\u00f3irat","Repert\u00f3rium"],"inLanguage":"hu","potentialAction":[{"@type":"CommentAction","name":"Comment","target":["https:\/\/kofe.hu\/parola\/parola-folyoirat\/kerekasztal-beszelgetes-a-szolidaritas-eselyeirol-es-realitasairol\/#respond"]}]},{"@type":"WebPage","@id":"https:\/\/kofe.hu\/parola\/parola-folyoirat\/kerekasztal-beszelgetes-a-szolidaritas-eselyeirol-es-realitasairol\/","url":"https:\/\/kofe.hu\/parola\/parola-folyoirat\/kerekasztal-beszelgetes-a-szolidaritas-eselyeirol-es-realitasairol\/","name":"KEREKASZTAL BESZ\u00c9LGET\u00c9S A SZOLIDARIT\u00c1S ES\u00c9LYEIR\u0150L \u00c9S REALIT\u00c1SAIR\u00d3L - Parola Foly\u00f3irat","isPartOf":{"@id":"https:\/\/kofe.hu\/parola\/#website"},"primaryImageOfPage":{"@id":"https:\/\/kofe.hu\/parola\/parola-folyoirat\/kerekasztal-beszelgetes-a-szolidaritas-eselyeirol-es-realitasairol\/#primaryimage"},"image":{"@id":"https:\/\/kofe.hu\/parola\/parola-folyoirat\/kerekasztal-beszelgetes-a-szolidaritas-eselyeirol-es-realitasairol\/#primaryimage"},"thumbnailUrl":"https:\/\/kofe.hu\/parola\/wp-content\/uploads\/2020\/07\/10.3.jpeg","datePublished":"2020-06-25T16:11:17+00:00","dateModified":"2020-07-30T11:39:11+00:00","author":{"@id":"https:\/\/kofe.hu\/parola\/#\/schema\/person\/a53b1ec59d5e50541cf361a8ca24bc81"},"breadcrumb":{"@id":"https:\/\/kofe.hu\/parola\/parola-folyoirat\/kerekasztal-beszelgetes-a-szolidaritas-eselyeirol-es-realitasairol\/#breadcrumb"},"inLanguage":"hu","potentialAction":[{"@type":"ReadAction","target":["https:\/\/kofe.hu\/parola\/parola-folyoirat\/kerekasztal-beszelgetes-a-szolidaritas-eselyeirol-es-realitasairol\/"]}]},{"@type":"ImageObject","inLanguage":"hu","@id":"https:\/\/kofe.hu\/parola\/parola-folyoirat\/kerekasztal-beszelgetes-a-szolidaritas-eselyeirol-es-realitasairol\/#primaryimage","url":"https:\/\/kofe.hu\/parola\/wp-content\/uploads\/2020\/07\/10.3.jpeg","contentUrl":"https:\/\/kofe.hu\/parola\/wp-content\/uploads\/2020\/07\/10.3.jpeg","width":1319,"height":1987},{"@type":"BreadcrumbList","@id":"https:\/\/kofe.hu\/parola\/parola-folyoirat\/kerekasztal-beszelgetes-a-szolidaritas-eselyeirol-es-realitasairol\/#breadcrumb","itemListElement":[{"@type":"ListItem","position":1,"name":"Home","item":"https:\/\/kofe.hu\/parola\/"},{"@type":"ListItem","position":2,"name":"KEREKASZTAL BESZ\u00c9LGET\u00c9S A SZOLIDARIT\u00c1S ES\u00c9LYEIR\u0150L \u00c9S REALIT\u00c1SAIR\u00d3L"}]},{"@type":"WebSite","@id":"https:\/\/kofe.hu\/parola\/#website","url":"https:\/\/kofe.hu\/parola\/","name":"Parola Foly\u00f3irat","description":"","potentialAction":[{"@type":"SearchAction","target":{"@type":"EntryPoint","urlTemplate":"https:\/\/kofe.hu\/parola\/?s={search_term_string}"},"query-input":{"@type":"PropertyValueSpecification","valueRequired":true,"valueName":"search_term_string"}}],"inLanguage":"hu"},{"@type":"Person","@id":"https:\/\/kofe.hu\/parola\/#\/schema\/person\/a53b1ec59d5e50541cf361a8ca24bc81","name":"Vercseg Ilona","image":{"@type":"ImageObject","inLanguage":"hu","@id":"https:\/\/kofe.hu\/parola\/#\/schema\/person\/image\/fae1a4bd5dc421c3e09d0b889ef311f4","url":"https:\/\/secure.gravatar.com\/avatar\/721c3be425f40f7ccc756f5b124920edaef51708f25b0975485fb5b2fa1e3c72?s=96&d=mm&r=g","contentUrl":"https:\/\/secure.gravatar.com\/avatar\/721c3be425f40f7ccc756f5b124920edaef51708f25b0975485fb5b2fa1e3c72?s=96&d=mm&r=g","caption":"Vercseg Ilona"},"url":"https:\/\/kofe.hu\/parola\/szerzok\/vercseg-ilona\/"}]}},"_links":{"self":[{"href":"https:\/\/kofe.hu\/parola\/wp-json\/wp\/v2\/posts\/2425","targetHints":{"allow":["GET"]}}],"collection":[{"href":"https:\/\/kofe.hu\/parola\/wp-json\/wp\/v2\/posts"}],"about":[{"href":"https:\/\/kofe.hu\/parola\/wp-json\/wp\/v2\/types\/post"}],"author":[{"embeddable":true,"href":"https:\/\/kofe.hu\/parola\/wp-json\/wp\/v2\/users\/16"}],"replies":[{"embeddable":true,"href":"https:\/\/kofe.hu\/parola\/wp-json\/wp\/v2\/comments?post=2425"}],"version-history":[{"count":1,"href":"https:\/\/kofe.hu\/parola\/wp-json\/wp\/v2\/posts\/2425\/revisions"}],"predecessor-version":[{"id":2426,"href":"https:\/\/kofe.hu\/parola\/wp-json\/wp\/v2\/posts\/2425\/revisions\/2426"}],"wp:featuredmedia":[{"embeddable":true,"href":"https:\/\/kofe.hu\/parola\/wp-json\/wp\/v2\/media\/3439"}],"wp:attachment":[{"href":"https:\/\/kofe.hu\/parola\/wp-json\/wp\/v2\/media?parent=2425"}],"wp:term":[{"taxonomy":"category","embeddable":true,"href":"https:\/\/kofe.hu\/parola\/wp-json\/wp\/v2\/categories?post=2425"},{"taxonomy":"post_tag","embeddable":true,"href":"https:\/\/kofe.hu\/parola\/wp-json\/wp\/v2\/tags?post=2425"},{"taxonomy":"author","embeddable":true,"href":"https:\/\/kofe.hu\/parola\/wp-json\/wp\/v2\/coauthors?post=2425"}],"curies":[{"name":"wp","href":"https:\/\/api.w.org\/{rel}","templated":true}]}}