{"id":2376,"date":"2020-06-25T13:34:48","date_gmt":"2020-06-25T13:34:48","guid":{"rendered":"https:\/\/kofe.hu\/parola\/?p=2376"},"modified":"2020-07-30T11:33:19","modified_gmt":"2020-07-30T11:33:19","slug":"az-add-tovabb-feeling-vas-judit-levele-bulgariabol-az-add-tovabb-kozossegi-oldalra","status":"publish","type":"post","link":"https:\/\/kofe.hu\/parola\/parola-folyoirat\/az-add-tovabb-feeling-vas-judit-levele-bulgariabol-az-add-tovabb-kozossegi-oldalra\/","title":{"rendered":"Az Add tov\u00e1bb! feeling Vas Judit levele Bulg\u00e1ri\u00e1b\u00f3l az Add tov\u00e1bb! k\u00f6z\u00f6ss\u00e9gi oldalra"},"content":{"rendered":"<p><span style=\"font-family: Arial; font-size: small;\">\u201eKedves Ilika!<\/span><br \/>\n<span style=\"font-family: Arial; font-size: small;\">Rem\u00e9lem, hogy Magyarorsz\u00e1gon minden rendben van, \u00e9s egyre t\u00f6bb \u00e9s t\u00f6bb fiatal, \u00e9s nem csak fiatal, l\u00e1tja fontosnak a k\u00f6z\u00f6ss\u00e9g\u00e9p\u00edt\u00e9st, k\u00f6z\u00f6ss\u00e9gfejleszt\u00e9st!<\/span><\/p>\n<p><!--more--><span style=\"font-family: Arial; font-size: small;\">Lassan h\u00e1rom h\u00f3napja vagyok kint Bulg\u00e1ri\u00e1ban, \u00e9s sz\u00e1momra hatalmas pozit\u00edv csal\u00f3d\u00e1s ez az orsz\u00e1g, az itteni \u00f6nk\u00e9ntes mozgalmak, a fiatalok aktivit\u00e1sa. \u00c1ltal\u00e1ban, ha balk\u00e1ni orsz\u00e1gokr\u00f3l besz\u00e9l\u00fcnk, el\u0151sz\u00f6r mindenkinek az jut az esz\u00e9be, hogy mennyire lemaradottak. Magyarorsz\u00e1ghoz k\u00e9pest val\u00f3ban b\u0151 20\u201325 \u00e9v h\u00e1tr\u00e1nyban vannak, pedig \u00e9n Sz\u00f3fi\u00e1ban \u00e9lek, s a kisebb telep\u00fcl\u00e9seken m\u00e9g nagyobb a lemarad\u00e1s. De ezek a fiatalok \u00e9s gyerekek teljesen m\u00e1s szellemis\u00e9gben n\u0151nek fel, mint mi otthon. Itt m\u00e1r k\u00f6z\u00e9piskol\u00e1ban minden di\u00e1k dolgozik \u00f6nk\u00e9ntesk\u00e9nt valamit, legyen az \u00e1rvah\u00e1zi gyerekek t\u00e1boroztat\u00e1sa, iskol\u00e1b\u00f3l kimaradtak korrepet\u00e1l\u00e1sa, seg\u00edts\u00e9g \u00f6regek otthon\u00e1ban vagy b\u00e1rmi. A f\u0151iskolai felv\u00e9telhez el\u0151\u00edr\u00e1s sz\u00e1mukra, hogy v\u00e9gezzenek valamilyen \u00f6nk\u00e9ntes tev\u00e9kenys\u00e9get. \u00c9n jelenleg egy ifj\u00fas\u00e1gi szervezetn\u00e9l dolgozom, ahol el\u00e9g szerte\u00e1gaz\u00f3 tev\u00e9kenys\u00e9get folytatunk. Egyr\u00e9szr\u0151l nemzetk\u00f6zi \u00f6nk\u00e9ntes t\u00e1borokat szervez\u00fcnk, melyekbe sok m\u00e1s orsz\u00e1gb\u00f3l fogadunk seg\u00edteni v\u00e1gy\u00f3 fiatalokat, m\u00e1sr\u00e9szr\u0151l felh\u00edvjuk a figyelmet az \u00f6nk\u00e9ntess\u00e9g fontoss\u00e1g\u00e1ra, \u00e9s helyi bolg\u00e1r fiatalokat k\u00fcld\u00fcnk a vil\u00e1g sz\u00e1mos orsz\u00e1g\u00e1ba r\u00f6vid t\u00e1v\u00fa, \u00e1ltal\u00e1ban k\u00e9t hetes \u00f6nk\u00e9ntes t\u00e1borokba. <\/span><b><i><span style=\"font-family: Arial; font-size: small;\">Hihetetlen, hogy itt mennyi ember szeretne valami j\u00f3t tenni m\u00e1sok\u00e9rt, \u00fagy, hogy nem kap \u00e9rte fizet\u00e9st, s\u0151t, nekik kell fizetni mindent, \u00e9s m\u00e9g a regisztr\u00e1ci\u00f3s d\u00edjat is. Pedig ez egy szeg\u00e9ny orsz\u00e1g, sokkal szeg\u00e9nyebb, mint Magyarorsz\u00e1g, csak m\u00e1s az emberek mentalit\u00e1sa.<\/span><\/i><\/b><span style=\"font-family: Arial; font-size: small;\">\u00a0Ezen k\u00edv\u00fcl fiatalokat k\u00fcld\u00fcnk nemzetk\u00f6zi ifj\u00fas\u00e1gi cser\u00e9kre, mert fontos az, hogy ne csak orsz\u00e1gon bel\u00fcli szinten gondolkozzunk. Az \u00e9n feladatom ezeknek a fiataloknak a k\u00e9pz\u00e9se, felk\u00e9sz\u00edt\u00e9se. Van olyan 18 \u00e9ves gyerek, akinek az \u00f6n\u00e9letrajz\u00e1ban k\u00e9t oldal hossz\u00fas\u00e1g\u00fa csak a felsorol\u00e1sa annak, hogy eddig mennyi \u00f6nk\u00e9ntes tev\u00e9kenys\u00e9get v\u00e9gzett! Nem tudom, hogy h\u00e1ny ilyen magyar fiatalt tal\u00e1ln\u00e1nk, de szerintem nem sokat! Rettent\u0151 j\u00f3 \u00e9rz\u00e9s a napjaimat olyan 15\u201325 \u00e9ves fiatalokkal t\u00f6lteni, akik lelkesek, akt\u00edvak, ezer \u00f6tlet\u00fck van, \u00e9s felfedezhet\u0151 benn\u00fck az \u201eAdd tov\u00e1bb\u201d feeling.<\/span><br \/>\n<span style=\"font-family: Arial; font-size: small;\">A szervezet, amiben dolgozom, \u00f6nk\u00e9ntes munk\u00e1n alapul. Itt senki nem kap fizet\u00e9st, csak egy semmivel nem helyettes\u00edthet\u0151 j\u00f3 \u00e9rz\u00e9st, amit csak az \u00e9lhet \u00e1t, aki m\u00e1sok\u00e9rt tesz valamit. Akinek \u00e9jszaka van ideje, az az \u00e9jszaka k\u00f6zep\u00e9n j\u00f6n be az irod\u00e1ba, hogy prospektusokat szerkesszen, m\u00e1snak meg reggel van ideje \u00e9s akkor szalad be honlapot fejleszteni, a harmadik d\u00e9lben, eb\u00e9dsz\u00fcnetben tart egy gyors megbesz\u00e9l\u00e9st a fiatalokkal, \u00e9s \u00edgy tov\u00e1bb. \u00c9s a rendszer m\u0171k\u00f6dik! Jelenleg t\u00f6bb mint ezer fiatal van a levelez\u0151list\u00e1nkon, akik m\u00e1r mind vettek r\u00e9szt valamelyik tev\u00e9kenys\u00e9g\u00fcnkben, legyen az t\u00e1bor, k\u00e9pz\u00e9s, sportnap, v\u00e1rosi fesztiv\u00e1l, inform\u00e1ci\u00f3s nap, sz\u00f3r\u00f3laposzt\u00e1s, b\u00e1rmi. Egyszer\u0171en annyira j\u00f3 \u00e9rz\u00e9s az, hogy ha \u00edrunk egy \u00fczenetet, hogy k\u00e9ne holnapra 20 \u00f6nk\u00e9ntes, mert van egy mocs\u00e1r a v\u00e1ros mellett, \u00e9s szebb\u00e9 k\u00e9ne tenni a k\u00f6rny\u00e9ket, akkor egy \u00f3r\u00e1n bel\u00fcl h\u00e1romszor annyi jelentkez\u0151nk lesz, mint amennyire sz\u00fcks\u00e9g\u00fcnk lenne. J\u00f3 lenne, ha egyszer majd otthon is minden \u00edgy m\u0171k\u00f6dne. Itt sokkal k\u00f6zvetlenebbek az emberek, \u00e9s sokkal fontosabb mindenki sz\u00e1m\u00e1ra a k\u00f6z\u00f6ss\u00e9ghez val\u00f3 tartoz\u00e1s, mint otthon.<\/span><br \/>\n<span style=\"font-family: Arial; font-size: small;\">Rem\u00e9lem, hogy a h\u00e1tral\u00e9v\u0151 9 h\u00f3napban nagyon sokat fogok tanulni, \u00e9s m\u00e9g sok pozit\u00edv p\u00e9ld\u00e1t l\u00e1tok majd a fiatalok tenni akar\u00e1s\u00e1ra, \u00e9s lelkesed\u00e9s\u00e9re, \u00e9s olyan projektekben vehetek r\u00e9szt, melyekb\u0151l tud\u00e1somat a j\u00f6v\u0151ben otthon tudom majd haszn\u00e1lni!<\/span><\/p>\n<p><span style=\"font-family: Arial; font-size: small;\">Tov\u00e1bbi sz\u00e9p nyarat k\u00edv\u00e1nok!<\/span><\/p>\n<div align=\"right\"><span style=\"font-family: Arial; font-size: small;\">\u00dcdv a Balk\u00e1n sz\u00edv\u00e9b\u0151l, Judit\u201d<\/span><br \/>\n<span style=\"font-family: Arial; font-size: small;\"><a href=\"http:\/\/addtovabb.kozossegfejlesztes.hu\/\">http:\/\/addtovabb.kozossegfejlesztes.hu<\/a><\/span><\/div>\n<p>&nbsp;<\/p>\n","protected":false},"excerpt":{"rendered":"<p>\u201eKedves Ilika! Rem\u00e9lem, hogy Magyarorsz\u00e1gon minden rendben van, \u00e9s egyre t\u00f6bb \u00e9s t\u00f6bb fiatal, \u00e9s nem csak fiatal, l\u00e1tja fontosnak a k\u00f6z\u00f6ss\u00e9g\u00e9p\u00edt\u00e9st, k\u00f6z\u00f6ss\u00e9gfejleszt\u00e9st!<\/p>\n","protected":false},"author":301,"featured_media":3443,"comment_status":"open","ping_status":"open","sticky":false,"template":"","format":"standard","meta":{"_acf_changed":false,"footnotes":""},"categories":[364,8,7],"tags":[],"coauthors":[376],"class_list":["post-2376","post","type-post","status-publish","format-standard","has-post-thumbnail","hentry","category-parola-2011-3","category-parola-folyoirat","category-repertorium"],"acf":[],"yoast_head":"<!-- This site is optimized with the Yoast SEO plugin v26.7 - https:\/\/yoast.com\/wordpress\/plugins\/seo\/ -->\n<title>Az Add tov\u00e1bb! feeling Vas Judit levele Bulg\u00e1ri\u00e1b\u00f3l az Add tov\u00e1bb! k\u00f6z\u00f6ss\u00e9gi oldalra - Parola Foly\u00f3irat<\/title>\n<meta name=\"robots\" content=\"index, follow, max-snippet:-1, max-image-preview:large, max-video-preview:-1\" \/>\n<link rel=\"canonical\" href=\"https:\/\/kofe.hu\/parola\/parola-folyoirat\/az-add-tovabb-feeling-vas-judit-levele-bulgariabol-az-add-tovabb-kozossegi-oldalra\/\" \/>\n<meta property=\"og:locale\" content=\"hu_HU\" \/>\n<meta property=\"og:type\" content=\"article\" \/>\n<meta property=\"og:title\" content=\"Az Add tov\u00e1bb! feeling Vas Judit levele Bulg\u00e1ri\u00e1b\u00f3l az Add tov\u00e1bb! k\u00f6z\u00f6ss\u00e9gi oldalra - Parola Foly\u00f3irat\" \/>\n<meta property=\"og:description\" content=\"\u201eKedves Ilika! Rem\u00e9lem, hogy Magyarorsz\u00e1gon minden rendben van, \u00e9s egyre t\u00f6bb \u00e9s t\u00f6bb fiatal, \u00e9s nem csak fiatal, l\u00e1tja fontosnak a k\u00f6z\u00f6ss\u00e9g\u00e9p\u00edt\u00e9st, k\u00f6z\u00f6ss\u00e9gfejleszt\u00e9st!\" \/>\n<meta property=\"og:url\" content=\"https:\/\/kofe.hu\/parola\/parola-folyoirat\/az-add-tovabb-feeling-vas-judit-levele-bulgariabol-az-add-tovabb-kozossegi-oldalra\/\" \/>\n<meta property=\"og:site_name\" content=\"Parola Foly\u00f3irat\" \/>\n<meta property=\"article:published_time\" content=\"2020-06-25T13:34:48+00:00\" \/>\n<meta property=\"article:modified_time\" content=\"2020-07-30T11:33:19+00:00\" \/>\n<meta property=\"og:image\" content=\"https:\/\/kofe.hu\/parola\/wp-content\/uploads\/2020\/07\/11.3.jpeg\" \/>\n\t<meta property=\"og:image:width\" content=\"1328\" \/>\n\t<meta property=\"og:image:height\" content=\"1950\" \/>\n\t<meta property=\"og:image:type\" content=\"image\/jpeg\" \/>\n<meta name=\"author\" content=\"Vas Judit\" \/>\n<meta name=\"twitter:card\" content=\"summary_large_image\" \/>\n<meta name=\"twitter:label1\" content=\"Szerz\u0151:\" \/>\n\t<meta name=\"twitter:data1\" content=\"Vas Judit\" \/>\n\t<meta name=\"twitter:label2\" content=\"Becs\u00fclt olvas\u00e1si id\u0151\" \/>\n\t<meta name=\"twitter:data2\" content=\"4 perc\" \/>\n\t<meta name=\"twitter:label3\" content=\"Written by\" \/>\n\t<meta name=\"twitter:data3\" content=\"Vas Judit\" \/>\n<script type=\"application\/ld+json\" class=\"yoast-schema-graph\">{\"@context\":\"https:\/\/schema.org\",\"@graph\":[{\"@type\":\"Article\",\"@id\":\"https:\/\/kofe.hu\/parola\/parola-folyoirat\/az-add-tovabb-feeling-vas-judit-levele-bulgariabol-az-add-tovabb-kozossegi-oldalra\/#article\",\"isPartOf\":{\"@id\":\"https:\/\/kofe.hu\/parola\/parola-folyoirat\/az-add-tovabb-feeling-vas-judit-levele-bulgariabol-az-add-tovabb-kozossegi-oldalra\/\"},\"author\":{\"name\":\"Vas Judit\",\"@id\":\"https:\/\/kofe.hu\/parola\/#\/schema\/person\/f9f85ebd1868276e6200d0eebf028022\"},\"headline\":\"Az Add tov\u00e1bb! feeling Vas Judit levele Bulg\u00e1ri\u00e1b\u00f3l az Add tov\u00e1bb! k\u00f6z\u00f6ss\u00e9gi oldalra\",\"datePublished\":\"2020-06-25T13:34:48+00:00\",\"dateModified\":\"2020-07-30T11:33:19+00:00\",\"mainEntityOfPage\":{\"@id\":\"https:\/\/kofe.hu\/parola\/parola-folyoirat\/az-add-tovabb-feeling-vas-judit-levele-bulgariabol-az-add-tovabb-kozossegi-oldalra\/\"},\"wordCount\":777,\"commentCount\":0,\"image\":{\"@id\":\"https:\/\/kofe.hu\/parola\/parola-folyoirat\/az-add-tovabb-feeling-vas-judit-levele-bulgariabol-az-add-tovabb-kozossegi-oldalra\/#primaryimage\"},\"thumbnailUrl\":\"https:\/\/kofe.hu\/parola\/wp-content\/uploads\/2020\/07\/11.3.jpeg\",\"articleSection\":[\"Parola 2011\/3\",\"Parola Foly\u00f3irat\",\"Repert\u00f3rium\"],\"inLanguage\":\"hu\",\"potentialAction\":[{\"@type\":\"CommentAction\",\"name\":\"Comment\",\"target\":[\"https:\/\/kofe.hu\/parola\/parola-folyoirat\/az-add-tovabb-feeling-vas-judit-levele-bulgariabol-az-add-tovabb-kozossegi-oldalra\/#respond\"]}]},{\"@type\":\"WebPage\",\"@id\":\"https:\/\/kofe.hu\/parola\/parola-folyoirat\/az-add-tovabb-feeling-vas-judit-levele-bulgariabol-az-add-tovabb-kozossegi-oldalra\/\",\"url\":\"https:\/\/kofe.hu\/parola\/parola-folyoirat\/az-add-tovabb-feeling-vas-judit-levele-bulgariabol-az-add-tovabb-kozossegi-oldalra\/\",\"name\":\"Az Add tov\u00e1bb! feeling Vas Judit levele Bulg\u00e1ri\u00e1b\u00f3l az Add tov\u00e1bb! k\u00f6z\u00f6ss\u00e9gi oldalra - Parola Foly\u00f3irat\",\"isPartOf\":{\"@id\":\"https:\/\/kofe.hu\/parola\/#website\"},\"primaryImageOfPage\":{\"@id\":\"https:\/\/kofe.hu\/parola\/parola-folyoirat\/az-add-tovabb-feeling-vas-judit-levele-bulgariabol-az-add-tovabb-kozossegi-oldalra\/#primaryimage\"},\"image\":{\"@id\":\"https:\/\/kofe.hu\/parola\/parola-folyoirat\/az-add-tovabb-feeling-vas-judit-levele-bulgariabol-az-add-tovabb-kozossegi-oldalra\/#primaryimage\"},\"thumbnailUrl\":\"https:\/\/kofe.hu\/parola\/wp-content\/uploads\/2020\/07\/11.3.jpeg\",\"datePublished\":\"2020-06-25T13:34:48+00:00\",\"dateModified\":\"2020-07-30T11:33:19+00:00\",\"author\":{\"@id\":\"https:\/\/kofe.hu\/parola\/#\/schema\/person\/f9f85ebd1868276e6200d0eebf028022\"},\"breadcrumb\":{\"@id\":\"https:\/\/kofe.hu\/parola\/parola-folyoirat\/az-add-tovabb-feeling-vas-judit-levele-bulgariabol-az-add-tovabb-kozossegi-oldalra\/#breadcrumb\"},\"inLanguage\":\"hu\",\"potentialAction\":[{\"@type\":\"ReadAction\",\"target\":[\"https:\/\/kofe.hu\/parola\/parola-folyoirat\/az-add-tovabb-feeling-vas-judit-levele-bulgariabol-az-add-tovabb-kozossegi-oldalra\/\"]}]},{\"@type\":\"ImageObject\",\"inLanguage\":\"hu\",\"@id\":\"https:\/\/kofe.hu\/parola\/parola-folyoirat\/az-add-tovabb-feeling-vas-judit-levele-bulgariabol-az-add-tovabb-kozossegi-oldalra\/#primaryimage\",\"url\":\"https:\/\/kofe.hu\/parola\/wp-content\/uploads\/2020\/07\/11.3.jpeg\",\"contentUrl\":\"https:\/\/kofe.hu\/parola\/wp-content\/uploads\/2020\/07\/11.3.jpeg\",\"width\":1328,\"height\":1950},{\"@type\":\"BreadcrumbList\",\"@id\":\"https:\/\/kofe.hu\/parola\/parola-folyoirat\/az-add-tovabb-feeling-vas-judit-levele-bulgariabol-az-add-tovabb-kozossegi-oldalra\/#breadcrumb\",\"itemListElement\":[{\"@type\":\"ListItem\",\"position\":1,\"name\":\"Home\",\"item\":\"https:\/\/kofe.hu\/parola\/\"},{\"@type\":\"ListItem\",\"position\":2,\"name\":\"Az Add tov\u00e1bb! feeling Vas Judit levele Bulg\u00e1ri\u00e1b\u00f3l az Add tov\u00e1bb! k\u00f6z\u00f6ss\u00e9gi oldalra\"}]},{\"@type\":\"WebSite\",\"@id\":\"https:\/\/kofe.hu\/parola\/#website\",\"url\":\"https:\/\/kofe.hu\/parola\/\",\"name\":\"Parola Foly\u00f3irat\",\"description\":\"\",\"potentialAction\":[{\"@type\":\"SearchAction\",\"target\":{\"@type\":\"EntryPoint\",\"urlTemplate\":\"https:\/\/kofe.hu\/parola\/?s={search_term_string}\"},\"query-input\":{\"@type\":\"PropertyValueSpecification\",\"valueRequired\":true,\"valueName\":\"search_term_string\"}}],\"inLanguage\":\"hu\"},{\"@type\":\"Person\",\"@id\":\"https:\/\/kofe.hu\/parola\/#\/schema\/person\/f9f85ebd1868276e6200d0eebf028022\",\"name\":\"Vas Judit\",\"image\":{\"@type\":\"ImageObject\",\"inLanguage\":\"hu\",\"@id\":\"https:\/\/kofe.hu\/parola\/#\/schema\/person\/image\/23494c9101089ad44ae88ce9d2f56aac\",\"url\":\"https:\/\/secure.gravatar.com\/avatar\/?s=96&d=mm&r=g\",\"contentUrl\":\"https:\/\/secure.gravatar.com\/avatar\/?s=96&d=mm&r=g\",\"caption\":\"Vas Judit\"},\"url\":\"https:\/\/kofe.hu\/parola\/szerzok\/vas-judit\/\"}]}<\/script>\n<!-- \/ Yoast SEO plugin. -->","yoast_head_json":{"title":"Az Add tov\u00e1bb! feeling Vas Judit levele Bulg\u00e1ri\u00e1b\u00f3l az Add tov\u00e1bb! k\u00f6z\u00f6ss\u00e9gi oldalra - Parola Foly\u00f3irat","robots":{"index":"index","follow":"follow","max-snippet":"max-snippet:-1","max-image-preview":"max-image-preview:large","max-video-preview":"max-video-preview:-1"},"canonical":"https:\/\/kofe.hu\/parola\/parola-folyoirat\/az-add-tovabb-feeling-vas-judit-levele-bulgariabol-az-add-tovabb-kozossegi-oldalra\/","og_locale":"hu_HU","og_type":"article","og_title":"Az Add tov\u00e1bb! feeling Vas Judit levele Bulg\u00e1ri\u00e1b\u00f3l az Add tov\u00e1bb! k\u00f6z\u00f6ss\u00e9gi oldalra - Parola Foly\u00f3irat","og_description":"\u201eKedves Ilika! Rem\u00e9lem, hogy Magyarorsz\u00e1gon minden rendben van, \u00e9s egyre t\u00f6bb \u00e9s t\u00f6bb fiatal, \u00e9s nem csak fiatal, l\u00e1tja fontosnak a k\u00f6z\u00f6ss\u00e9g\u00e9p\u00edt\u00e9st, k\u00f6z\u00f6ss\u00e9gfejleszt\u00e9st!","og_url":"https:\/\/kofe.hu\/parola\/parola-folyoirat\/az-add-tovabb-feeling-vas-judit-levele-bulgariabol-az-add-tovabb-kozossegi-oldalra\/","og_site_name":"Parola Foly\u00f3irat","article_published_time":"2020-06-25T13:34:48+00:00","article_modified_time":"2020-07-30T11:33:19+00:00","og_image":[{"width":1328,"height":1950,"url":"https:\/\/kofe.hu\/parola\/wp-content\/uploads\/2020\/07\/11.3.jpeg","type":"image\/jpeg"}],"author":"Vas Judit","twitter_card":"summary_large_image","twitter_misc":{"Szerz\u0151:":"Vas Judit","Becs\u00fclt olvas\u00e1si id\u0151":"4 perc","Written by":"Vas Judit"},"schema":{"@context":"https:\/\/schema.org","@graph":[{"@type":"Article","@id":"https:\/\/kofe.hu\/parola\/parola-folyoirat\/az-add-tovabb-feeling-vas-judit-levele-bulgariabol-az-add-tovabb-kozossegi-oldalra\/#article","isPartOf":{"@id":"https:\/\/kofe.hu\/parola\/parola-folyoirat\/az-add-tovabb-feeling-vas-judit-levele-bulgariabol-az-add-tovabb-kozossegi-oldalra\/"},"author":{"name":"Vas Judit","@id":"https:\/\/kofe.hu\/parola\/#\/schema\/person\/f9f85ebd1868276e6200d0eebf028022"},"headline":"Az Add tov\u00e1bb! feeling Vas Judit levele Bulg\u00e1ri\u00e1b\u00f3l az Add tov\u00e1bb! k\u00f6z\u00f6ss\u00e9gi oldalra","datePublished":"2020-06-25T13:34:48+00:00","dateModified":"2020-07-30T11:33:19+00:00","mainEntityOfPage":{"@id":"https:\/\/kofe.hu\/parola\/parola-folyoirat\/az-add-tovabb-feeling-vas-judit-levele-bulgariabol-az-add-tovabb-kozossegi-oldalra\/"},"wordCount":777,"commentCount":0,"image":{"@id":"https:\/\/kofe.hu\/parola\/parola-folyoirat\/az-add-tovabb-feeling-vas-judit-levele-bulgariabol-az-add-tovabb-kozossegi-oldalra\/#primaryimage"},"thumbnailUrl":"https:\/\/kofe.hu\/parola\/wp-content\/uploads\/2020\/07\/11.3.jpeg","articleSection":["Parola 2011\/3","Parola Foly\u00f3irat","Repert\u00f3rium"],"inLanguage":"hu","potentialAction":[{"@type":"CommentAction","name":"Comment","target":["https:\/\/kofe.hu\/parola\/parola-folyoirat\/az-add-tovabb-feeling-vas-judit-levele-bulgariabol-az-add-tovabb-kozossegi-oldalra\/#respond"]}]},{"@type":"WebPage","@id":"https:\/\/kofe.hu\/parola\/parola-folyoirat\/az-add-tovabb-feeling-vas-judit-levele-bulgariabol-az-add-tovabb-kozossegi-oldalra\/","url":"https:\/\/kofe.hu\/parola\/parola-folyoirat\/az-add-tovabb-feeling-vas-judit-levele-bulgariabol-az-add-tovabb-kozossegi-oldalra\/","name":"Az Add tov\u00e1bb! feeling Vas Judit levele Bulg\u00e1ri\u00e1b\u00f3l az Add tov\u00e1bb! k\u00f6z\u00f6ss\u00e9gi oldalra - Parola Foly\u00f3irat","isPartOf":{"@id":"https:\/\/kofe.hu\/parola\/#website"},"primaryImageOfPage":{"@id":"https:\/\/kofe.hu\/parola\/parola-folyoirat\/az-add-tovabb-feeling-vas-judit-levele-bulgariabol-az-add-tovabb-kozossegi-oldalra\/#primaryimage"},"image":{"@id":"https:\/\/kofe.hu\/parola\/parola-folyoirat\/az-add-tovabb-feeling-vas-judit-levele-bulgariabol-az-add-tovabb-kozossegi-oldalra\/#primaryimage"},"thumbnailUrl":"https:\/\/kofe.hu\/parola\/wp-content\/uploads\/2020\/07\/11.3.jpeg","datePublished":"2020-06-25T13:34:48+00:00","dateModified":"2020-07-30T11:33:19+00:00","author":{"@id":"https:\/\/kofe.hu\/parola\/#\/schema\/person\/f9f85ebd1868276e6200d0eebf028022"},"breadcrumb":{"@id":"https:\/\/kofe.hu\/parola\/parola-folyoirat\/az-add-tovabb-feeling-vas-judit-levele-bulgariabol-az-add-tovabb-kozossegi-oldalra\/#breadcrumb"},"inLanguage":"hu","potentialAction":[{"@type":"ReadAction","target":["https:\/\/kofe.hu\/parola\/parola-folyoirat\/az-add-tovabb-feeling-vas-judit-levele-bulgariabol-az-add-tovabb-kozossegi-oldalra\/"]}]},{"@type":"ImageObject","inLanguage":"hu","@id":"https:\/\/kofe.hu\/parola\/parola-folyoirat\/az-add-tovabb-feeling-vas-judit-levele-bulgariabol-az-add-tovabb-kozossegi-oldalra\/#primaryimage","url":"https:\/\/kofe.hu\/parola\/wp-content\/uploads\/2020\/07\/11.3.jpeg","contentUrl":"https:\/\/kofe.hu\/parola\/wp-content\/uploads\/2020\/07\/11.3.jpeg","width":1328,"height":1950},{"@type":"BreadcrumbList","@id":"https:\/\/kofe.hu\/parola\/parola-folyoirat\/az-add-tovabb-feeling-vas-judit-levele-bulgariabol-az-add-tovabb-kozossegi-oldalra\/#breadcrumb","itemListElement":[{"@type":"ListItem","position":1,"name":"Home","item":"https:\/\/kofe.hu\/parola\/"},{"@type":"ListItem","position":2,"name":"Az Add tov\u00e1bb! feeling Vas Judit levele Bulg\u00e1ri\u00e1b\u00f3l az Add tov\u00e1bb! k\u00f6z\u00f6ss\u00e9gi oldalra"}]},{"@type":"WebSite","@id":"https:\/\/kofe.hu\/parola\/#website","url":"https:\/\/kofe.hu\/parola\/","name":"Parola Foly\u00f3irat","description":"","potentialAction":[{"@type":"SearchAction","target":{"@type":"EntryPoint","urlTemplate":"https:\/\/kofe.hu\/parola\/?s={search_term_string}"},"query-input":{"@type":"PropertyValueSpecification","valueRequired":true,"valueName":"search_term_string"}}],"inLanguage":"hu"},{"@type":"Person","@id":"https:\/\/kofe.hu\/parola\/#\/schema\/person\/f9f85ebd1868276e6200d0eebf028022","name":"Vas Judit","image":{"@type":"ImageObject","inLanguage":"hu","@id":"https:\/\/kofe.hu\/parola\/#\/schema\/person\/image\/23494c9101089ad44ae88ce9d2f56aac","url":"https:\/\/secure.gravatar.com\/avatar\/?s=96&d=mm&r=g","contentUrl":"https:\/\/secure.gravatar.com\/avatar\/?s=96&d=mm&r=g","caption":"Vas Judit"},"url":"https:\/\/kofe.hu\/parola\/szerzok\/vas-judit\/"}]}},"_links":{"self":[{"href":"https:\/\/kofe.hu\/parola\/wp-json\/wp\/v2\/posts\/2376","targetHints":{"allow":["GET"]}}],"collection":[{"href":"https:\/\/kofe.hu\/parola\/wp-json\/wp\/v2\/posts"}],"about":[{"href":"https:\/\/kofe.hu\/parola\/wp-json\/wp\/v2\/types\/post"}],"author":[{"embeddable":true,"href":"https:\/\/kofe.hu\/parola\/wp-json\/wp\/v2\/users\/301"}],"replies":[{"embeddable":true,"href":"https:\/\/kofe.hu\/parola\/wp-json\/wp\/v2\/comments?post=2376"}],"version-history":[{"count":2,"href":"https:\/\/kofe.hu\/parola\/wp-json\/wp\/v2\/posts\/2376\/revisions"}],"predecessor-version":[{"id":4158,"href":"https:\/\/kofe.hu\/parola\/wp-json\/wp\/v2\/posts\/2376\/revisions\/4158"}],"wp:featuredmedia":[{"embeddable":true,"href":"https:\/\/kofe.hu\/parola\/wp-json\/wp\/v2\/media\/3443"}],"wp:attachment":[{"href":"https:\/\/kofe.hu\/parola\/wp-json\/wp\/v2\/media?parent=2376"}],"wp:term":[{"taxonomy":"category","embeddable":true,"href":"https:\/\/kofe.hu\/parola\/wp-json\/wp\/v2\/categories?post=2376"},{"taxonomy":"post_tag","embeddable":true,"href":"https:\/\/kofe.hu\/parola\/wp-json\/wp\/v2\/tags?post=2376"},{"taxonomy":"author","embeddable":true,"href":"https:\/\/kofe.hu\/parola\/wp-json\/wp\/v2\/coauthors?post=2376"}],"curies":[{"name":"wp","href":"https:\/\/api.w.org\/{rel}","templated":true}]}}