{"id":2339,"date":"2020-06-25T12:41:08","date_gmt":"2020-06-25T12:41:08","guid":{"rendered":"https:\/\/kofe.hu\/parola\/?p=2339"},"modified":"2020-07-30T16:38:32","modified_gmt":"2020-07-30T16:38:32","slug":"ulesezett-a-kisiskolak-szovetsege","status":"publish","type":"post","link":"https:\/\/kofe.hu\/parola\/parola-folyoirat\/ulesezett-a-kisiskolak-szovetsege\/","title":{"rendered":"\u00dcl\u00e9sezett a Kisiskol\u00e1k Sz\u00f6vets\u00e9ge"},"content":{"rendered":"<p style=\"text-align: justify;\"><span style=\"font-family: Times New Roman CE;\">1995. november 11-\u00e9n a csepeli Burattino Iskola (a h\u00e1tr\u00e1nyos helyzet\u0171 gyerekek alap\u00edtv\u00e1nyi kisiskol\u00e1ja) sz\u00edves vend\u00e9gl\u00e1t\u00e1s\u00e1ban \u00fcl\u00e9seztek a kisiskola elk\u00f6telezettjei, az orsz\u00e1g minden t\u00e1j\u00e1r\u00f3l \u00e9rkezett szakemberek.<\/span><br \/>\n<span style=\"font-family: Times New Roman CE;\">Bevezet\u0151k\u00e9nt Benza B\u00e9la kurat\u00f3riumi eln\u00f6k mutatta be a helysz\u00ednt, az iskol\u00e1t, ahol a kisk\u00f6z\u00f6ss\u00e9g meleg\u00e9vel, emberi kapcsolatrendszer\u00e9vel p\u00f3tolj\u00e1k a tanul\u00f3k szocializ\u00e1ci\u00f3s h\u00e1tr\u00e1nyait. Az iskola meghitt, emberi l\u00e9pt\u00e9ke, t\u00e1rgyi k\u00f6rnyezete tan\u00faskodott egy szem\u00e9lyk\u00f6zpont\u00fa, csal\u00e1dias pedag\u00f3gia m\u0171k\u00f6d\u0151k\u00e9pess\u00e9g\u00e9r\u0151l.<\/span><\/p>\n<p style=\"text-align: justify;\"><!--more--><br \/>\n<span style=\"font-family: Times New Roman CE;\">A szakmai program els\u0151 el\u0151ad\u00f3ja Szalay L\u00e1szl\u00f3n\u00e9, az MKM f\u0151tan\u00e1csosa volt, aki a kisiskol\u00e1kat az adatok \u00e9s t\u00e9nyek t\u00fckr\u00e9ben mutatta be, \u00e9rt\u00e9kelve azt a helyzetet, hogy mintegy 1000 iskola ma is kisiskolak\u00e9nt m\u0171k\u00f6dik, jobb\u00e1ra kistelep\u00fcl\u00e9seken, de felh\u00edvta a figyelmet a k\u00fclter\u00fcletekre is. 91 iskola j\u00f6tt l\u00e9tre a rendszerv\u00e1lt\u00e1s \u00f3ta, ez nem tekinthet\u0151 l\u00e1tv\u00e1nyos v\u00e1ltoz\u00e1snak. 700-ra tehet\u0151 azon iskol\u00e1k sz\u00e1ma, amelyek ny\u00edltan vagy l\u00e1tensen m\u00e1ris t\u00e1rsul\u00e1s-szer\u0171en m\u0171k\u00f6dnek.<\/span><\/p>\n<p style=\"text-align: justify;\"><span style=\"font-family: Times New Roman CE;\">L\u00f3r\u00e1nd Ferenc, az Iskolai Es\u00e9lyegyenl\u0151s\u00e9g Egyes\u00fclet eln\u00f6ke az iskola k\u00f6r\u00fcli egyenl\u0151tlens\u00e9gek okainak rendszer\u00e9t boncolgatta, a t\u00e1rsadalmi r\u00e9tegz\u0151d\u00e9s, a genetikai k\u00fcl\u00f6nb\u00f6z\u0151s\u00e9gek mellett a saj\u00e1tos telep\u00fcl\u00e9sszerkezet is es\u00e9lyk\u00fcl\u00f6nbs\u00e9geket termel. \u00dagy v\u00e9lte, hogy a k\u00e9rd\u00e9sben elk\u00f6telezett pedag\u00f3gusok k\u00e9pesek hat\u00e9kony, differenci\u00e1lt pedag\u00f3giai munk\u00e1val es\u00e9lyt adni a m\u0171velts\u00e9ggel biztos\u00edthat\u00f3 mobilit\u00e1snak. A telep\u00fcl\u00e9seken \u00e9lez\u0151dik, tudatosul az \u00e9rdekfesz\u00fclts\u00e9g centrum \u00e9s perif\u00e9ri\u00e1k k\u00f6z\u00f6tt. S miut\u00e1n a helyi hatalmakban a centrumok jobban reprezent\u00e1ltak, az iskol\u00e1z\u00e1sr\u00f3l sz\u00f3l\u00f3 d\u00f6nt\u00e9sek gyakran s\u00fajtj\u00e1k a perif\u00e9ri\u00e1kat &#8211; igazolta egy d\u00e9l-alf\u00f6ldi megyesz\u00e9khely konfliktusain. A telep\u00fcl\u00e9si oktat\u00e1spolitik\u00e1k kialak\u00edt\u00e1s\u00e1ban a civil t\u00e1rsadalom, a sz\u00fcl\u0151k aktiviz\u00e1l\u00e1s\u00e1t s\u00fcrgette. Strat\u00e9giai elgondol\u00e1sk\u00e9nt javasolta a t\u00e9rs\u00e9gi sz\u00f6vetkez\u00e9sek gondolat\u00e1t. Egy olyan kompehenz\u00edv t\u00e9rs\u00e9gi iskolah\u00e1l\u00f3zat terveit v\u00e1zolta fel -s \u00edg\u00e9rt ehhez szakmai seg\u00edts\u00e9get -, melyben ugyan a kistelep\u00fcl\u00e9sek a biztons\u00e1got ny\u00fajt\u00f3 els\u0151 \u00e9vek ut\u00e1n fokr\u00f3l-fokra t\u00e1volibb iskol\u00e1ba k\u00fcldik (sz\u00e1ll\u00edtj\u00e1k az iskolabusszal) gyermekeiket, de a k\u00f6z\u00e9pfokon az organikus telep\u00fcl\u00e9sk\u00f6zpont kompehenz\u00edv k\u00f6z\u00e9piskol\u00e1ja m\u00e1r tov\u00e1bbi eling\u00e1z\u00e1st nem k\u00e9nyszer\u00edt a n\u00f6vend\u00e9kekre &#8211; itt teremt\u0151dik meg az egys\u00e9ges iskol\u00e1z\u00e1s biztons\u00e1ga.<\/span><\/p>\n<p style=\"text-align: justify;\"><span style=\"font-family: Times New Roman CE;\">Csonka Csab\u00e1n\u00e9 (MKM) a k\u00f6zoktat\u00e1s-politikai szab\u00e1lyoz\u00e1sok \u00faj elemei k\u00f6z\u00fcl a megy\u00e9k megn\u00f6vekedett szerep\u00e9t emelte ki, az iskola pedag\u00f3giai programj\u00e1r\u00f3l, helyi tanterv\u00e9r\u0151l sz\u00f3lt az \u00faj NAT t\u00fckr\u00e9ben.<\/span><\/p>\n<p style=\"text-align: justify;\"><span style=\"font-family: Times New Roman CE;\">A hozz\u00e1sz\u00f3l\u00e1sokb\u00f3l kiemelj\u00fck Restyanszky L\u00e1szl\u00f3n\u00e9 baktak\u00e9ki igazgat\u00f3 szavait (arr\u00f3l sz\u00f3lt, hogy h\u00e9t \u00f6nkorm\u00e1nyzatot tudv\u00e1n &#8222;gazd\u00e1j\u00e1nak&#8221; a t\u00e9rs\u00e9gi egy\u00fcttm\u0171k\u00f6d\u00e9sben mik\u00e9pp \u00fcgyelnek a sz\u00ednvonalra \u00e9s a t\u00e1rsul\u00f3 k\u00f6zs\u00e9gek egyenl\u0151 \u00e9rdekire). Nagy J\u00e1nosn\u00e9 vallom\u00e1s\u00e1t (arr\u00f3l, hogy a Kisiskol\u00e1k Sz\u00f6vets\u00e9g\u00e9nek alap\u00edt\u00f3 tagjak\u00e9nt, az \u00d6sszevont Tanul\u00f3csoportban Tan\u00edt\u00f3k Orsz\u00e1gos Egyes\u00fclet\u00e9nek eln\u00f6kek\u00e9nt mik\u00e9pp k\u00fczd a kisiskol\u00e1k\u00e9rt) s Encs alpolg\u00e1rmester\u00e9nek, dr. Menyh\u00e1rt B\u00e9l\u00e1nak megh\u00edv\u00e1s\u00e1t tavaszi h\u00e1rom napos kisiskolai tal\u00e1lkoz\u00f3ra.<\/span><\/p>\n<p style=\"text-align: justify;\"><span style=\"font-family: Times New Roman CE;\">A tan\u00e1cskoz\u00e1s szekci\u00f3\u00fcl\u00e9seken folytat\u00f3dott. Kem\u00e9ny Bertalan, a Falufejleszt\u00e9si T\u00e1rsas\u00e1g eln\u00f6ke a telep\u00fcl\u00e9si k\u00f6z\u00f6ss\u00e9g \u00e9s az iskola szerves egy\u00fctt\u00e9l\u00e9s\u00e9nek pozit\u00edv tapasztalatainak p\u00e9ld\u00e1it foglalta \u00f6ssze besz\u00e1mol\u00f3j\u00e1ban. Trencs\u00e9nyi L\u00e1szl\u00f3 (aki az \u00c1ltal\u00e1nos M\u0171vel\u0151d\u00e9si K\u00f6zpontok Orsz\u00e1gos Egyes\u00fclet\u00e9t is k\u00e9pviselte itt) a t\u00e1rsul\u00e1sra szorul\u00f3 iskol\u00e1k \u00e9s fenntart\u00f3ik l\u00e9p\u00e9seit vette sz\u00e1mba. Nincs politikai k\u00e9nyszer a t\u00e1rsul\u00e1sra. A gazdas\u00e1gos m\u0171k\u00f6d\u00e9st seg\u00edtheti el\u0151 az \u00e1gazatk\u00f6zi k\u00f6zint\u00e9zm\u00e9nyi integr\u00e1ci\u00f3 a kistelep\u00fcl\u00e9seken. A t\u00e1rsul\u00e1sok sor\u00e1n \u00e9rv\u00e9nyes\u00edteni kell, foglalta \u00f6ssze azt az elvet, hogy a t\u00e1rsul\u00e1sban valamennyi \u00e9rdekelt f\u00e9l alkupoz\u00edci\u00f3b\u00f3l indul, s a t\u00e1rsul\u00e1si szerz\u0151d\u00e9sben kell r\u00f6gz\u00edteni a &#8222;kisebbik&#8221; f\u00e9l gyermekeinek \u00e9rdekeit &#8211; pl. jogukat saj\u00e1t telep\u00fcl\u00e9s\u00fckh\u00f6z f\u0171z\u0151d\u0151 identit\u00e1sukhoz &#8211; ak\u00e1r helyi tantervben fejez\u0151dj\u00e9k ez ki, ak\u00e1r pl. a szakt\u00e1rgyi versenyeken, sportversenyeken telep\u00fcl\u00e9s\u00fck sz\u00edneiben val\u00f3 indul\u00e1s lehet\u0151s\u00e9g\u00e9ben, ak\u00e1r a sz\u00fcl\u0151faluban rendezett erdei iskolai epoch\u00e1ban. A mindennapos iskola n\u00e9lk\u00fcl marad\u00f3 telep\u00fcl\u00e9s k\u00f6zint\u00e9zm\u00e9nyeiben is biztos\u00edtani lehet bizonyos &#8222;iskola-p\u00f3tl\u00f3&#8221; szolg\u00e1ltat\u00e1sokat \u00e9s \u00f6ntev\u00e9kenys\u00e9get. \u00c1thidal\u00f3 megold\u00e1s lehet az is, ha a telep\u00fcl\u00e9sen telep\u00fcl\u00e9si gyerek\u00f6nkorm\u00e1nyzat vagy m\u00e1s gyerek-, serd\u00fcl\u0151szervezeti sejt alakul.<\/span><\/p>\n<p style=\"text-align: justify;\"><span style=\"font-family: Times New Roman CE;\">Csonka Csab\u00e1n\u00e9 szekci\u00f3j\u00e1ban folytat\u00f3dott a konkr\u00e9t esetekre sz\u00f3l\u00f3 tan\u00e1csad\u00e1s.<\/span><\/p>\n<p style=\"text-align: justify;\"><span style=\"font-family: Times New Roman CE;\">Ezt k\u00f6vet\u0151en a Kisiskol\u00e1k Sz\u00f6vets\u00e9g\u00e9nek k\u00f6zgy\u0171l\u00e9se \u00f6r\u00f6mmel regisztr\u00e1lta, hogy a napon igen sok \u00faj egy\u00e9ni \u00e9s int\u00e9zm\u00e9nyi tag l\u00e9pett be a sz\u00f6vets\u00e9gbe. Ez a v\u00e9rfriss\u00edt\u00e9s bizony\u00e1ra dinamiz\u00e1lja majd a szervezetet, v\u00e9lte az \u00fcl\u00e9s levezet\u0151 eln\u00f6ke, aki ezut\u00e1n a szervezet v\u00e1lasztott vezet\u0151s\u00e9g\u00e9nek bizonyos v\u00e1ltoz\u00e1saira tett javaslatot.<\/span><\/p>\n<p style=\"text-align: justify;\"><span style=\"font-family: Times New Roman CE;\">Javasolta, hogy Fekete Anna Tiszaalp\u00e1r \u00e9s Dutkai D\u00e9nesn\u00e9 (V\u00e1rasz\u00f3) mellett Bak\u00f3 \u00c9va (Tak\u00e1csi) legyen harmadik tagja az ellen\u0151rz\u0151 bizotts\u00e1gnak. A k\u00f6zgy\u0171l\u00e9s er\u0151s\u00edtse meg a vezet\u0151s\u00e9gben a k\u00e9t int\u00e9zm\u00e9nyi tag &#8211; a B\u00e1cs-Kiskun megyei Pedag\u00f3giai Int\u00e9zet, illetve az Orsz\u00e1gos K\u00f6zoktat\u00e1si Int\u00e9zet -, tov\u00e1bb\u00e1 Csonka Csab\u00e1n\u00e9 (Budapest), Varga Imr\u00e9n\u00e9 (V\u00e1rosf\u00f6ld), poz\u00edci\u00f3j\u00e1t, s a vezet\u0151s\u00e9get eg\u00e9sz\u00edtse ki Nagy J\u00e1nosn\u00e9 (\u00d6TATE) \u00e9s S\u00e1ntha Attil\u00e1n\u00e9 (P\u00e9cs) szem\u00e9ly\u00e9vel, \u00fcgyviv\u0151j\u00e9nek pedig v\u00e1ltozatlanul Oppelt Katalint tekintse. A szem\u00e9lyi hat\u00e1rozat r\u00e9szek\u00e9nt jusson kifejez\u00e9sre az elismer\u00e9s a 4 \u00e9v el\u0151tti alakul\u00e1s k\u00e9t &#8222;veter\u00e1n&#8221; kisiskol\u00e1sa ir\u00e1nt (Vincze Dezs\u0151r\u0151l \u00e9s Benedek Istv\u00e1nr\u00f3l van sz\u00f3). A Kisiskol\u00e1k Sz\u00f6vets\u00e9ge v\u00e1ltozatlanul m\u0171k\u00f6dj\u00f6n egy\u00fctt a Tolna megyei, a Fej\u00e9r megyei \u00f6n\u00e1ll\u00f3 szervezetekkel, az \u00d6TATE-vel, illetve a b\u00e9k\u00e9si \u00e9s baranyai inform\u00e1lisan m\u0171k\u00f6d\u0151 kisiskolai t\u00f6m\u00f6r\u00fcl\u00e9sekkel. A szervezeti m\u0171k\u00f6d\u00e9sre nem mindig kedvez\u0151 k\u00f6r\u00fclm\u00e9nyek k\u00f6z\u00f6tt dinamiz\u00e1lja tev\u00e9kenys\u00e9g\u00e9t, keresse a lehets\u00e9ges \u00e9s hat\u00e9kony munkaform\u00e1kat. A k\u00f6zgy\u0171l\u00e9s a javaslatokat ellenszavazat \u00e9s tart\u00f3zkod\u00e1s n\u00e9lk\u00fcl elfogadta.<\/span><\/p>\n","protected":false},"excerpt":{"rendered":"<p>1995. november 11-\u00e9n a csepeli Burattino Iskola (a h\u00e1tr\u00e1nyos helyzet\u0171 gyerekek alap\u00edtv\u00e1nyi kisiskol\u00e1ja) sz\u00edves vend\u00e9gl\u00e1t\u00e1s\u00e1ban \u00fcl\u00e9seztek a kisiskola elk\u00f6telezettjei, az orsz\u00e1g minden t\u00e1j\u00e1r\u00f3l \u00e9rkezett szakemberek. Bevezet\u0151k\u00e9nt Benza B\u00e9la kurat\u00f3riumi eln\u00f6k mutatta be a helysz\u00ednt, az iskol\u00e1t, ahol a kisk\u00f6z\u00f6ss\u00e9g meleg\u00e9vel, emberi kapcsolatrendszer\u00e9vel p\u00f3tolj\u00e1k a tanul\u00f3k szocializ\u00e1ci\u00f3s h\u00e1tr\u00e1nyait. Az iskola meghitt, emberi l\u00e9pt\u00e9ke, t\u00e1rgyi k\u00f6rnyezete tan\u00faskodott [&hellip;]<\/p>\n","protected":false},"author":4,"featured_media":3478,"comment_status":"open","ping_status":"open","sticky":false,"template":"","format":"standard","meta":{"_acf_changed":false,"footnotes":""},"categories":[361,8,7],"tags":[],"coauthors":[47],"class_list":["post-2339","post","type-post","status-publish","format-standard","has-post-thumbnail","hentry","category-parola-1995-5","category-parola-folyoirat","category-repertorium"],"acf":[],"yoast_head":"<!-- This site is optimized with the Yoast SEO plugin v26.7 - https:\/\/yoast.com\/wordpress\/plugins\/seo\/ -->\n<title>\u00dcl\u00e9sezett a Kisiskol\u00e1k Sz\u00f6vets\u00e9ge - Parola Foly\u00f3irat<\/title>\n<meta name=\"robots\" content=\"index, follow, max-snippet:-1, max-image-preview:large, max-video-preview:-1\" \/>\n<link rel=\"canonical\" href=\"https:\/\/kofe.hu\/parola\/parola-folyoirat\/ulesezett-a-kisiskolak-szovetsege\/\" \/>\n<meta property=\"og:locale\" content=\"hu_HU\" \/>\n<meta property=\"og:type\" content=\"article\" \/>\n<meta property=\"og:title\" content=\"\u00dcl\u00e9sezett a Kisiskol\u00e1k Sz\u00f6vets\u00e9ge - Parola Foly\u00f3irat\" \/>\n<meta property=\"og:description\" content=\"1995. november 11-\u00e9n a csepeli Burattino Iskola (a h\u00e1tr\u00e1nyos helyzet\u0171 gyerekek alap\u00edtv\u00e1nyi kisiskol\u00e1ja) sz\u00edves vend\u00e9gl\u00e1t\u00e1s\u00e1ban \u00fcl\u00e9seztek a kisiskola elk\u00f6telezettjei, az orsz\u00e1g minden t\u00e1j\u00e1r\u00f3l \u00e9rkezett szakemberek. Bevezet\u0151k\u00e9nt Benza B\u00e9la kurat\u00f3riumi eln\u00f6k mutatta be a helysz\u00ednt, az iskol\u00e1t, ahol a kisk\u00f6z\u00f6ss\u00e9g meleg\u00e9vel, emberi kapcsolatrendszer\u00e9vel p\u00f3tolj\u00e1k a tanul\u00f3k szocializ\u00e1ci\u00f3s h\u00e1tr\u00e1nyait. Az iskola meghitt, emberi l\u00e9pt\u00e9ke, t\u00e1rgyi k\u00f6rnyezete tan\u00faskodott [&hellip;]\" \/>\n<meta property=\"og:url\" content=\"https:\/\/kofe.hu\/parola\/parola-folyoirat\/ulesezett-a-kisiskolak-szovetsege\/\" \/>\n<meta property=\"og:site_name\" content=\"Parola Foly\u00f3irat\" \/>\n<meta property=\"article:published_time\" content=\"2020-06-25T12:41:08+00:00\" \/>\n<meta property=\"article:modified_time\" content=\"2020-07-30T16:38:32+00:00\" \/>\n<meta property=\"og:image\" content=\"https:\/\/kofe.hu\/parola\/wp-content\/uploads\/2020\/07\/95.5.jpeg\" \/>\n\t<meta property=\"og:image:width\" content=\"1356\" \/>\n\t<meta property=\"og:image:height\" content=\"1991\" \/>\n\t<meta property=\"og:image:type\" content=\"image\/jpeg\" \/>\n<meta name=\"author\" content=\"Parola\" \/>\n<meta name=\"twitter:card\" content=\"summary_large_image\" \/>\n<meta name=\"twitter:label1\" content=\"Szerz\u0151:\" \/>\n\t<meta name=\"twitter:data1\" content=\"Parola\" \/>\n\t<meta name=\"twitter:label2\" content=\"Becs\u00fclt olvas\u00e1si id\u0151\" \/>\n\t<meta name=\"twitter:data2\" content=\"6 perc\" \/>\n\t<meta name=\"twitter:label3\" content=\"Written by\" \/>\n\t<meta name=\"twitter:data3\" content=\"Parola\" \/>\n<script type=\"application\/ld+json\" class=\"yoast-schema-graph\">{\"@context\":\"https:\/\/schema.org\",\"@graph\":[{\"@type\":\"Article\",\"@id\":\"https:\/\/kofe.hu\/parola\/parola-folyoirat\/ulesezett-a-kisiskolak-szovetsege\/#article\",\"isPartOf\":{\"@id\":\"https:\/\/kofe.hu\/parola\/parola-folyoirat\/ulesezett-a-kisiskolak-szovetsege\/\"},\"author\":{\"name\":\"Parola\",\"@id\":\"https:\/\/kofe.hu\/parola\/#\/schema\/person\/b39ea6ec0995233537351d7e33281aeb\"},\"headline\":\"\u00dcl\u00e9sezett a Kisiskol\u00e1k Sz\u00f6vets\u00e9ge\",\"datePublished\":\"2020-06-25T12:41:08+00:00\",\"dateModified\":\"2020-07-30T16:38:32+00:00\",\"mainEntityOfPage\":{\"@id\":\"https:\/\/kofe.hu\/parola\/parola-folyoirat\/ulesezett-a-kisiskolak-szovetsege\/\"},\"wordCount\":1281,\"commentCount\":0,\"image\":{\"@id\":\"https:\/\/kofe.hu\/parola\/parola-folyoirat\/ulesezett-a-kisiskolak-szovetsege\/#primaryimage\"},\"thumbnailUrl\":\"https:\/\/kofe.hu\/parola\/wp-content\/uploads\/2020\/07\/95.5.jpeg\",\"articleSection\":[\"Parola 1995\/5\",\"Parola Foly\u00f3irat\",\"Repert\u00f3rium\"],\"inLanguage\":\"hu\",\"potentialAction\":[{\"@type\":\"CommentAction\",\"name\":\"Comment\",\"target\":[\"https:\/\/kofe.hu\/parola\/parola-folyoirat\/ulesezett-a-kisiskolak-szovetsege\/#respond\"]}]},{\"@type\":\"WebPage\",\"@id\":\"https:\/\/kofe.hu\/parola\/parola-folyoirat\/ulesezett-a-kisiskolak-szovetsege\/\",\"url\":\"https:\/\/kofe.hu\/parola\/parola-folyoirat\/ulesezett-a-kisiskolak-szovetsege\/\",\"name\":\"\u00dcl\u00e9sezett a Kisiskol\u00e1k Sz\u00f6vets\u00e9ge - Parola Foly\u00f3irat\",\"isPartOf\":{\"@id\":\"https:\/\/kofe.hu\/parola\/#website\"},\"primaryImageOfPage\":{\"@id\":\"https:\/\/kofe.hu\/parola\/parola-folyoirat\/ulesezett-a-kisiskolak-szovetsege\/#primaryimage\"},\"image\":{\"@id\":\"https:\/\/kofe.hu\/parola\/parola-folyoirat\/ulesezett-a-kisiskolak-szovetsege\/#primaryimage\"},\"thumbnailUrl\":\"https:\/\/kofe.hu\/parola\/wp-content\/uploads\/2020\/07\/95.5.jpeg\",\"datePublished\":\"2020-06-25T12:41:08+00:00\",\"dateModified\":\"2020-07-30T16:38:32+00:00\",\"author\":{\"@id\":\"https:\/\/kofe.hu\/parola\/#\/schema\/person\/b39ea6ec0995233537351d7e33281aeb\"},\"breadcrumb\":{\"@id\":\"https:\/\/kofe.hu\/parola\/parola-folyoirat\/ulesezett-a-kisiskolak-szovetsege\/#breadcrumb\"},\"inLanguage\":\"hu\",\"potentialAction\":[{\"@type\":\"ReadAction\",\"target\":[\"https:\/\/kofe.hu\/parola\/parola-folyoirat\/ulesezett-a-kisiskolak-szovetsege\/\"]}]},{\"@type\":\"ImageObject\",\"inLanguage\":\"hu\",\"@id\":\"https:\/\/kofe.hu\/parola\/parola-folyoirat\/ulesezett-a-kisiskolak-szovetsege\/#primaryimage\",\"url\":\"https:\/\/kofe.hu\/parola\/wp-content\/uploads\/2020\/07\/95.5.jpeg\",\"contentUrl\":\"https:\/\/kofe.hu\/parola\/wp-content\/uploads\/2020\/07\/95.5.jpeg\",\"width\":1356,\"height\":1991},{\"@type\":\"BreadcrumbList\",\"@id\":\"https:\/\/kofe.hu\/parola\/parola-folyoirat\/ulesezett-a-kisiskolak-szovetsege\/#breadcrumb\",\"itemListElement\":[{\"@type\":\"ListItem\",\"position\":1,\"name\":\"Home\",\"item\":\"https:\/\/kofe.hu\/parola\/\"},{\"@type\":\"ListItem\",\"position\":2,\"name\":\"\u00dcl\u00e9sezett a Kisiskol\u00e1k Sz\u00f6vets\u00e9ge\"}]},{\"@type\":\"WebSite\",\"@id\":\"https:\/\/kofe.hu\/parola\/#website\",\"url\":\"https:\/\/kofe.hu\/parola\/\",\"name\":\"Parola Foly\u00f3irat\",\"description\":\"\",\"potentialAction\":[{\"@type\":\"SearchAction\",\"target\":{\"@type\":\"EntryPoint\",\"urlTemplate\":\"https:\/\/kofe.hu\/parola\/?s={search_term_string}\"},\"query-input\":{\"@type\":\"PropertyValueSpecification\",\"valueRequired\":true,\"valueName\":\"search_term_string\"}}],\"inLanguage\":\"hu\"},{\"@type\":\"Person\",\"@id\":\"https:\/\/kofe.hu\/parola\/#\/schema\/person\/b39ea6ec0995233537351d7e33281aeb\",\"name\":\"Parola\",\"image\":{\"@type\":\"ImageObject\",\"inLanguage\":\"hu\",\"@id\":\"https:\/\/kofe.hu\/parola\/#\/schema\/person\/image\/ef1d7dc4d1949d5457aa415351763853\",\"url\":\"https:\/\/secure.gravatar.com\/avatar\/c18c00ea50048aa7adb99e5d11e4250d05111e33b2bea02671439eb7912c945e?s=96&d=mm&r=g\",\"contentUrl\":\"https:\/\/secure.gravatar.com\/avatar\/c18c00ea50048aa7adb99e5d11e4250d05111e33b2bea02671439eb7912c945e?s=96&d=mm&r=g\",\"caption\":\"Parola\"},\"url\":\"https:\/\/kofe.hu\/parola\/szerzok\/parola\/\"}]}<\/script>\n<!-- \/ Yoast SEO plugin. -->","yoast_head_json":{"title":"\u00dcl\u00e9sezett a Kisiskol\u00e1k Sz\u00f6vets\u00e9ge - Parola Foly\u00f3irat","robots":{"index":"index","follow":"follow","max-snippet":"max-snippet:-1","max-image-preview":"max-image-preview:large","max-video-preview":"max-video-preview:-1"},"canonical":"https:\/\/kofe.hu\/parola\/parola-folyoirat\/ulesezett-a-kisiskolak-szovetsege\/","og_locale":"hu_HU","og_type":"article","og_title":"\u00dcl\u00e9sezett a Kisiskol\u00e1k Sz\u00f6vets\u00e9ge - Parola Foly\u00f3irat","og_description":"1995. november 11-\u00e9n a csepeli Burattino Iskola (a h\u00e1tr\u00e1nyos helyzet\u0171 gyerekek alap\u00edtv\u00e1nyi kisiskol\u00e1ja) sz\u00edves vend\u00e9gl\u00e1t\u00e1s\u00e1ban \u00fcl\u00e9seztek a kisiskola elk\u00f6telezettjei, az orsz\u00e1g minden t\u00e1j\u00e1r\u00f3l \u00e9rkezett szakemberek. Bevezet\u0151k\u00e9nt Benza B\u00e9la kurat\u00f3riumi eln\u00f6k mutatta be a helysz\u00ednt, az iskol\u00e1t, ahol a kisk\u00f6z\u00f6ss\u00e9g meleg\u00e9vel, emberi kapcsolatrendszer\u00e9vel p\u00f3tolj\u00e1k a tanul\u00f3k szocializ\u00e1ci\u00f3s h\u00e1tr\u00e1nyait. Az iskola meghitt, emberi l\u00e9pt\u00e9ke, t\u00e1rgyi k\u00f6rnyezete tan\u00faskodott [&hellip;]","og_url":"https:\/\/kofe.hu\/parola\/parola-folyoirat\/ulesezett-a-kisiskolak-szovetsege\/","og_site_name":"Parola Foly\u00f3irat","article_published_time":"2020-06-25T12:41:08+00:00","article_modified_time":"2020-07-30T16:38:32+00:00","og_image":[{"width":1356,"height":1991,"url":"https:\/\/kofe.hu\/parola\/wp-content\/uploads\/2020\/07\/95.5.jpeg","type":"image\/jpeg"}],"author":"Parola","twitter_card":"summary_large_image","twitter_misc":{"Szerz\u0151:":"Parola","Becs\u00fclt olvas\u00e1si id\u0151":"6 perc","Written by":"Parola"},"schema":{"@context":"https:\/\/schema.org","@graph":[{"@type":"Article","@id":"https:\/\/kofe.hu\/parola\/parola-folyoirat\/ulesezett-a-kisiskolak-szovetsege\/#article","isPartOf":{"@id":"https:\/\/kofe.hu\/parola\/parola-folyoirat\/ulesezett-a-kisiskolak-szovetsege\/"},"author":{"name":"Parola","@id":"https:\/\/kofe.hu\/parola\/#\/schema\/person\/b39ea6ec0995233537351d7e33281aeb"},"headline":"\u00dcl\u00e9sezett a Kisiskol\u00e1k Sz\u00f6vets\u00e9ge","datePublished":"2020-06-25T12:41:08+00:00","dateModified":"2020-07-30T16:38:32+00:00","mainEntityOfPage":{"@id":"https:\/\/kofe.hu\/parola\/parola-folyoirat\/ulesezett-a-kisiskolak-szovetsege\/"},"wordCount":1281,"commentCount":0,"image":{"@id":"https:\/\/kofe.hu\/parola\/parola-folyoirat\/ulesezett-a-kisiskolak-szovetsege\/#primaryimage"},"thumbnailUrl":"https:\/\/kofe.hu\/parola\/wp-content\/uploads\/2020\/07\/95.5.jpeg","articleSection":["Parola 1995\/5","Parola Foly\u00f3irat","Repert\u00f3rium"],"inLanguage":"hu","potentialAction":[{"@type":"CommentAction","name":"Comment","target":["https:\/\/kofe.hu\/parola\/parola-folyoirat\/ulesezett-a-kisiskolak-szovetsege\/#respond"]}]},{"@type":"WebPage","@id":"https:\/\/kofe.hu\/parola\/parola-folyoirat\/ulesezett-a-kisiskolak-szovetsege\/","url":"https:\/\/kofe.hu\/parola\/parola-folyoirat\/ulesezett-a-kisiskolak-szovetsege\/","name":"\u00dcl\u00e9sezett a Kisiskol\u00e1k Sz\u00f6vets\u00e9ge - Parola Foly\u00f3irat","isPartOf":{"@id":"https:\/\/kofe.hu\/parola\/#website"},"primaryImageOfPage":{"@id":"https:\/\/kofe.hu\/parola\/parola-folyoirat\/ulesezett-a-kisiskolak-szovetsege\/#primaryimage"},"image":{"@id":"https:\/\/kofe.hu\/parola\/parola-folyoirat\/ulesezett-a-kisiskolak-szovetsege\/#primaryimage"},"thumbnailUrl":"https:\/\/kofe.hu\/parola\/wp-content\/uploads\/2020\/07\/95.5.jpeg","datePublished":"2020-06-25T12:41:08+00:00","dateModified":"2020-07-30T16:38:32+00:00","author":{"@id":"https:\/\/kofe.hu\/parola\/#\/schema\/person\/b39ea6ec0995233537351d7e33281aeb"},"breadcrumb":{"@id":"https:\/\/kofe.hu\/parola\/parola-folyoirat\/ulesezett-a-kisiskolak-szovetsege\/#breadcrumb"},"inLanguage":"hu","potentialAction":[{"@type":"ReadAction","target":["https:\/\/kofe.hu\/parola\/parola-folyoirat\/ulesezett-a-kisiskolak-szovetsege\/"]}]},{"@type":"ImageObject","inLanguage":"hu","@id":"https:\/\/kofe.hu\/parola\/parola-folyoirat\/ulesezett-a-kisiskolak-szovetsege\/#primaryimage","url":"https:\/\/kofe.hu\/parola\/wp-content\/uploads\/2020\/07\/95.5.jpeg","contentUrl":"https:\/\/kofe.hu\/parola\/wp-content\/uploads\/2020\/07\/95.5.jpeg","width":1356,"height":1991},{"@type":"BreadcrumbList","@id":"https:\/\/kofe.hu\/parola\/parola-folyoirat\/ulesezett-a-kisiskolak-szovetsege\/#breadcrumb","itemListElement":[{"@type":"ListItem","position":1,"name":"Home","item":"https:\/\/kofe.hu\/parola\/"},{"@type":"ListItem","position":2,"name":"\u00dcl\u00e9sezett a Kisiskol\u00e1k Sz\u00f6vets\u00e9ge"}]},{"@type":"WebSite","@id":"https:\/\/kofe.hu\/parola\/#website","url":"https:\/\/kofe.hu\/parola\/","name":"Parola Foly\u00f3irat","description":"","potentialAction":[{"@type":"SearchAction","target":{"@type":"EntryPoint","urlTemplate":"https:\/\/kofe.hu\/parola\/?s={search_term_string}"},"query-input":{"@type":"PropertyValueSpecification","valueRequired":true,"valueName":"search_term_string"}}],"inLanguage":"hu"},{"@type":"Person","@id":"https:\/\/kofe.hu\/parola\/#\/schema\/person\/b39ea6ec0995233537351d7e33281aeb","name":"Parola","image":{"@type":"ImageObject","inLanguage":"hu","@id":"https:\/\/kofe.hu\/parola\/#\/schema\/person\/image\/ef1d7dc4d1949d5457aa415351763853","url":"https:\/\/secure.gravatar.com\/avatar\/c18c00ea50048aa7adb99e5d11e4250d05111e33b2bea02671439eb7912c945e?s=96&d=mm&r=g","contentUrl":"https:\/\/secure.gravatar.com\/avatar\/c18c00ea50048aa7adb99e5d11e4250d05111e33b2bea02671439eb7912c945e?s=96&d=mm&r=g","caption":"Parola"},"url":"https:\/\/kofe.hu\/parola\/szerzok\/parola\/"}]}},"_links":{"self":[{"href":"https:\/\/kofe.hu\/parola\/wp-json\/wp\/v2\/posts\/2339","targetHints":{"allow":["GET"]}}],"collection":[{"href":"https:\/\/kofe.hu\/parola\/wp-json\/wp\/v2\/posts"}],"about":[{"href":"https:\/\/kofe.hu\/parola\/wp-json\/wp\/v2\/types\/post"}],"author":[{"embeddable":true,"href":"https:\/\/kofe.hu\/parola\/wp-json\/wp\/v2\/users\/4"}],"replies":[{"embeddable":true,"href":"https:\/\/kofe.hu\/parola\/wp-json\/wp\/v2\/comments?post=2339"}],"version-history":[{"count":3,"href":"https:\/\/kofe.hu\/parola\/wp-json\/wp\/v2\/posts\/2339\/revisions"}],"predecessor-version":[{"id":4846,"href":"https:\/\/kofe.hu\/parola\/wp-json\/wp\/v2\/posts\/2339\/revisions\/4846"}],"wp:featuredmedia":[{"embeddable":true,"href":"https:\/\/kofe.hu\/parola\/wp-json\/wp\/v2\/media\/3478"}],"wp:attachment":[{"href":"https:\/\/kofe.hu\/parola\/wp-json\/wp\/v2\/media?parent=2339"}],"wp:term":[{"taxonomy":"category","embeddable":true,"href":"https:\/\/kofe.hu\/parola\/wp-json\/wp\/v2\/categories?post=2339"},{"taxonomy":"post_tag","embeddable":true,"href":"https:\/\/kofe.hu\/parola\/wp-json\/wp\/v2\/tags?post=2339"},{"taxonomy":"author","embeddable":true,"href":"https:\/\/kofe.hu\/parola\/wp-json\/wp\/v2\/coauthors?post=2339"}],"curies":[{"name":"wp","href":"https:\/\/api.w.org\/{rel}","templated":true}]}}