{"id":2329,"date":"2020-06-25T12:28:39","date_gmt":"2020-06-25T12:28:39","guid":{"rendered":"https:\/\/kofe.hu\/parola\/?p=2329"},"modified":"2020-07-30T16:37:32","modified_gmt":"2020-07-30T16:37:32","slug":"alakitsunk-parbeszed-koroket","status":"publish","type":"post","link":"https:\/\/kofe.hu\/parola\/parola-folyoirat\/alakitsunk-parbeszed-koroket\/","title":{"rendered":"Alak\u00edtsunk P\u00e1rbesz\u00e9d-k\u00f6r\u00f6ket"},"content":{"rendered":"<p style=\"text-align: justify;\"><span style=\"font-family: Times New Roman CE;\">A c\u00edmben k\u00e9t pofonegyszer\u0171 s egyben pokolian neh\u00e9z dologra tesz\u00fcnk javaslatot &#8211; besz\u00e9lget\u00e9sre, m\u00e9gpedig k\u00f6z\u00f6ss\u00e9gben t\u00f6rt\u00e9n\u0151 besz\u00e9lget\u00e9sre. Koroszt\u00e1lyom, a mai 40-50-esek v\u00e9gig\u00e9lt\u00e9k a KISZ-es \u00e9s klubos vitak\u00f6r\u00f6ket &#8211; alapszervezeti \u00fcl\u00e9seken megvitattuk Che Guevara \u00e9s Corvalan forradalmis\u00e1g\u00e1t \u00e9s a fejlett szocializmus ism\u00e9rveit, a klubokban pl. az egy\u00e9ni vagy a t\u00e1rsadalmi \u00e9rdek el\u0151bbreval\u00f3s\u00e1g\u00e1t, a k\u00f6z\u00f6ss\u00e9gis\u00e9g szocialista tartalm\u00e1t, a t\u00e1rsadalmi beilleszked\u00e9s probl\u00e9m\u00e1it, stb. A vit\u00e1kban magabiztosak \u00e9s hangosak voltunk, alig v\u00e1rtuk, hogy az \u00e9ppen felsz\u00f3lal\u00f3 befejezze mond\u00f3k\u00e1j\u00e1t &#8211; nemegyszer belev\u00e1gtunk, hisz ki b\u00edrta volna kiv\u00e1rni? -, s a hanger\u0151t fokozva &#8211; hogy t\u00falkiab\u00e1ljuk a m\u00e1sikat \u00e9s egy kis figyelmet magunknak is kier\u0151szakoljuk -, hadarva &#8211; hiszen mi is b\u00e1rmikor leinthet\u0151kk\u00e9 \u00e9s t\u00falkiab\u00e1lhat\u00f3kk\u00e1 v\u00e1lhattunk &#8211; &#8222;hozz\u00e1sz\u00f3ltunk&#8221;.<\/span><\/p>\n<p style=\"text-align: justify;\"><!--more--><\/p>\n<p style=\"text-align: justify;\"><span style=\"font-family: Times New Roman CE;\"> Ha egy ilyen alkalom ut\u00e1n egy k\u00edv\u00fcl\u00e1ll\u00f3 megk\u00e9rt volna: ugyan id\u00e9zzem m\u00e1r vissza, milyen \u00e1ll\u00e1spontot k\u00e9pviselt X vagy Y; vagy hogy mondjak egy p\u00e9ld\u00e1t arra, mely \u00e1ll\u00e1spontok k\u00f6zeledtek egym\u00e1shoz, ezekre az &#8222;apr\u00f3s\u00e1gokra&#8221; nem eml\u00e9keztem volna. Csak magamra, hogy \u00e9n mit mondtam. Hogy j\u00f3l megmondtam.<\/span><\/p>\n<p style=\"text-align: justify;\"><span style=\"font-family: Times New Roman CE;\">H\u00e1t ilyesform\u00e1n j\u00f3l kivitatkoztuk magunkat \u00e9let\u00fcnk nagy r\u00e9sz\u00e9ben, s most \u00fagy n\u00e9z ki, hogy a h\u00e1tral\u00e9v\u0151 id\u0151nkben meg kellene tanulnunk besz\u00e9lgetni is, amely p\u00e1rbesz\u00e9dek sor\u00e1n alakul ki. Mert ki hitte volna, hogy a besz\u00e9lget\u00e9s a demokr\u00e1cia alapeleme? Nem csak a t\u00f6bbp\u00e1rtrendszer, a szabad v\u00e1laszt\u00e1s, a jog\u00e1llamis\u00e1g, hanem a belesz\u00f3l\u00e1s, a r\u00e9szv\u00e9tel is, a konszenzus is. <\/span><\/p>\n<p style=\"text-align: justify;\"><span style=\"font-family: Times New Roman CE;\">K\u00f6z\u00f6ss\u00e9gfejleszt\u0151k\u00e9nt sz\u00e1mos besz\u00e9lget\u00e9st kezdem\u00e9nyezek \u00e9vek \u00f3ta a vid\u00e9ki Magyarorsz\u00e1gon. A t\u00e9m\u00e1k Braz\u00edli\u00e1b\u00f3l \u00e9s Chil\u00e9b\u0151l most eljutottak hozz\u00e1nk is, s \u00e1ltal\u00e1noss\u00e1gok helyett ink\u00e1bb arr\u00f3l kell besz\u00e9ln\u00fcnk, hogy bele merj\u00fcnk-e v\u00e1gni &#8211; mint faluk\u00f6z\u00f6ss\u00e9g &#8211; a falusi turizmusba vagy sem; hogy f\u00f6lvegyen-e az \u00f6nkorm\u00e1nyzat hitelt vagy sem; hogy csin\u00e1ljunk-e \u00fajs\u00e1got, vagy sem; hogy legyen-a a szomsz\u00e9d falvakkal k\u00f6z\u00f6s szennyv\u00edz-tiszt\u00edt\u00f3nk, hullad\u00e9kt\u00e1rol\u00f3nk vagy sem; p\u00e1ly\u00e1zzunk-e ide, oda, amoda? Ki hitte volna, hogy a B\u00e9l\u00e1nak van ismer\u0151se a M\u0171eml\u00e9kv\u00e9delemn\u00e9l, hogy a Margit tud sz\u00f6vegszerkeszt\u0151vel dolgozni, hogy a G\u00e1bor hajland\u00f3 sz\u00e1m\u00edt\u00f3g\u00e9pes tanfolyamot vezetni ingyen, hogy a J\u00f3ska megpr\u00f3b\u00e1l p\u00e1ly\u00e1zatot \u00edrni, stb. Ilyesmik der\u00fclnek ki mostan\u00e1ban egym\u00e1sr\u00f3l, ha odafigyel\u00fcnk egym\u00e1sra.<\/span><\/p>\n<p style=\"text-align: justify;\"><span style=\"font-family: Times New Roman CE;\">Persze nem mindig akarunk, n\u00e9ha mesters\u00e9gesen elz\u00e1rjuk magunkat m\u00e9g a lehet\u0151s\u00e9g\u00e9t\u0151l is annak, hogy meghallgassuk egym\u00e1st. Nem megyek el a faluf\u00f3rumra, mert ott a polg\u00e1rmester emberei lesznek. Majd ha minket v\u00e1lasztanak meg, akkor biztosan \u0151k nem j\u00f6nnek el az \u00e1ltalunk rendezett f\u00f3rumra, de h\u00e1t ilyen az \u00e9let! Hogy most a falu fejleszt\u00e9s\u00e9r\u0151l, j\u00f6v\u0151j\u00e9nek meghat\u00e1roz\u00e1s\u00e1r\u00f3l lesz sz\u00f3? \u00dagysem siker\u00fcl neki, ahhoz mi kell\u00fcnk majd. Hogy ez mindannyiunk faluja? Igaz, de a mi\u00e9nk m\u00e9g ink\u00e1bb. Hogy \u0151ket v\u00e1lasztotta meg a t\u00f6bbs\u00e9g? Majd r\u00e1j\u00f6n, hogy t\u00e9vedett, s akkor j\u00f6v\u00fcnk mi. De legal\u00e1bb \u00f6sszej\u00f6nnek az ilyenist\u00e1k meg az olyanist\u00e1k \u00e9s legal\u00e1bb magukban m\u00e1r besz\u00e9lgetnek. Mert enn\u00e9l rosszabb is van. Dabass\u00e1ri Meg Bosznia.<\/span><\/p>\n<p style=\"text-align: justify;\"><span style=\"font-family: Times New Roman CE;\">Azt mondj\u00e1k, hogy Amerik\u00e1ban 200 \u00e9ve besz\u00e9lgetnek egym\u00e1ssal, mert Amerika az egyenl\u0151s\u00e9g, a szem\u00e9lyes szabads\u00e1g \u00e9s az egy\u00e9ni szuverenit\u00e1s szellem\u00e9ben sz\u00fcletett. Hogy az amerikai k\u00f6z\u00f6ss\u00e9gek \u00e9letform\u00e1j\u00e1nak r\u00e9sze volt \u00f6sszegy\u0171lni \u00e9s k\u00f6z\u00f6s \u00e9rdekekr\u0151l besz\u00e9lgetni. K\u00f6z\u00f6s sz\u00e1nd\u00e9k \u00e9s k\u00f6z\u00f6s tev\u00e9kenys\u00e9g &#8211; ez volt az egy\u00fcttm\u0171k\u00f6d\u00e9s alapja \u00e9s ez ma is. Azt is mondj\u00e1k, hogy a 19. sz\u00e1zadv\u00e9gi sv\u00e9dek egy csoportja, akik az alkoholellenes mozgalmat vezett\u00e9k, nagyon el voltak keseredve orsz\u00e1guk \u00e1llapota felett, mert Sv\u00e9dorsz\u00e1g k\u00e9s\u0151bb iparosodott, az oktat\u00e1snak kev\u00e9s forr\u00e1sa volt, a vid\u00e9ki n\u00e9pess\u00e9g alacsony iskol\u00e1zotts\u00e1ggal rendelkezett, sokan emigr\u00e1ltak &#8211; el voltak teh\u00e1t keseredve \u00e9s cselekv\u00e9sre sz\u00e1nt\u00e1k el magukat. Megn\u00e9zt\u00e9k azokat a h\u00edres amerikai p\u00e1rbesz\u00e9d-k\u00f6r\u00f6ket &#8211; \u00e9s nagy hat\u00e1st tett r\u00e1juk. A p\u00e1rbesz\u00e9d-k\u00f6r (ahogyan \u0151k nevezik: tanul\u00f3k\u00f6r: study circle) bevett m\u00f3dja lett a civil t\u00e1rsadalom \u00e9rintkez\u00e9s\u00e9nek, a vele foglalkoz\u00f3 feln\u0151ttoktat\u00e1snak. Azt mondj\u00e1k, hogy az ut\u00f3bbi 90 \u00e9v sor\u00e1n a tanul\u00f3k\u00f6r \u00e9letform\u00e1v\u00e1 v\u00e1lt Sv\u00e9dorsz\u00e1gban.<\/span><\/p>\n<p style=\"text-align: justify;\"><span style=\"font-family: Times New Roman CE;\">Manaps\u00e1g megd\u00f6bbent\u0151ek a sv\u00e9d statisztik\u00e1k. A 6 milli\u00f3 feln\u0151ttel rendelkez\u0151 Sv\u00e9dorsz\u00e1gban 320 000 \u00e9vi tanul\u00f3k\u00f6r van, 2,9 milli\u00f3 r\u00e9sztvev\u0151vel. Ez k\u00e9sztette a m\u00e1r elhunyt Olaf Palme minisztereln\u00f6k\u00f6t a k\u00f6vetkez\u0151 \u00e1ll\u00edt\u00e1sra: &#8222;Sv\u00e9dorsz\u00e1g el\u00e9g nagym\u00e9rt\u00e9kben egy tanul\u00f3k\u00f6ri demokr\u00e1cia&#8221;. A sv\u00e9dek \u00edgy mutatt\u00e1k fel Amerik\u00e1nak viszonz\u00e1sul a kiscsoportos demokr\u00e1cia alapmodellj\u00e9t.<\/span><\/p>\n<p style=\"text-align: justify;\"><span style=\"font-family: Times New Roman CE;\">A sv\u00e9dek nem sz\u00e9gyelltek tanulni az amerikaiakt\u00f3l \u00e9s viszont. Nek\u00fcnk is tanulni kell. Ja, persze, az Sv\u00e9dorsz\u00e1gban, amaz Amerik\u00e1ban van, de ez itt Magyarorsz\u00e1g! Ha most a 600 \u00e9ves angol demokr\u00e1ci\u00e1val \u00e9s az az\u00f3ta ny\u00edrott angol f\u0171vel p\u00e9ld\u00e1l\u00f3ztunk volna, most megfogn\u00e1nak az ellen\u00fcnk \u00e9rvel\u0151k, de mi csak 200 vagy 100 \u00e9ves t\u00e1vlatokba ment\u00fcnk vissza! A 100 \u00e9vvel ezel\u0151tti Sv\u00e9dorsz\u00e1g nem hasonl\u00edtott a maira. Mit csin\u00e1ltak? Tanultak, iskol\u00e1ban \u00e9s iskol\u00e1n k\u00edv\u00fcl is \u00e9s meg\u00e9rtett\u00e9k, hogy sz\u00fcks\u00e9g\u00fck van egym\u00e1sra. Tegy\u00fcnk mi is \u00edgy.<\/span><\/p>\n<p style=\"text-align: justify;\"><span style=\"font-family: Times New Roman CE;\">Tal\u00e1ljuk ki Magyarorsz\u00e1got! &#8211; javasolja Hankiss Elem\u00e9r. Legyen a &#8222;N\u00e9ma t\u00e1rsadalom&#8221; besz\u00e9des.<\/span><\/p>\n<p style=\"text-align: justify;\"><span style=\"font-family: Times New Roman CE;\">Tudjon besz\u00e9lni. Hogy is kell teh\u00e1t akkor ezt csin\u00e1lni? A legfontosabb: higgy\u00fcnk abban, hogy ez nek\u00fcnk is siker\u00fclhet. Amit ezut\u00e1n tenn\u00fcnk kell, az igen egyszer\u0171: \u00f6sszej\u00f6v\u00fcnk 5-7 emberrel \u00e9s elhat\u00e1rozzuk, hogy egy minket \u00e9rdekl\u0151 probl\u00e9m\u00e1t megbesz\u00e9lget\u00fcnk, k\u00f6r\u00fclj\u00e1runk, ki-ki hozz\u00e1teszi a t\u00e9m\u00e1hoz azt, amit \u0151 tud, ami \u0151t \u00e9rdekli, aminek \u0151 tud k\u00f6nnyen ut\u00e1na- j\u00e1rni, amihez neki van anyaga, stb. Ez a p\u00e1rbesz\u00e9d a saj\u00e1t tapasztalatainkon, tud\u00e1sunkon alapul, de \u00fajat is kapunk \u00e1ltala: a t\u00f6bbiek tapasztalatait \u00e9s tud\u00e1s\u00e1t. El\u00e9g, ha olyan gondolatokra is r\u00e1vil\u00e1g\u00edtunk, amit a csoportunk tagjai esetleg m\u00e9g nem vettek fontol\u00f3ra. De mindezek el\u0151tt \u00e1llapodjunk meg a m\u0171k\u00f6d\u00e9s\u00fcnk rendj\u00e9ben: h\u00e1nyszor tal\u00e1lkozunk, milyen id\u0151k\u00f6z\u00f6nk\u00e9nt, h\u00e1nykor \u00e9s hol, mennyi id\u0151t t\u00f6lt\u00fcnk egy\u00fctt, mikor milyen szerepet \u00e9s feladatot v\u00e1llalunk fel &#8211; pl. vezet\u0151i szerep, r\u00f6vid besz\u00e1mol\u00f3 k\u00e9sz\u00edt\u00e9se, stb. &#8211; hogyan cser\u00e9lgetj\u00fck ezeket a szerepeket. \u00c1llapodjunk meg abban, hogy figyelemmel meghallgatjuk egym\u00e1st; hogy mindenki sz\u00f3hoz juthasson; hogy megpr\u00f3b\u00e1ljuk meg\u00e9rteni azokat, akik nem \u00e9rtenek egyet vel\u00fcnk; hogy megpr\u00f3b\u00e1ljuk tartani a besz\u00e9lget\u00e9s ir\u00e1ny\u00e1t; hogy szabadon besz\u00e9lhet\u00fcnk, de ne monopoliz\u00e1ljuk a besz\u00e9lget\u00e9st; hogy ink\u00e1bb egym\u00e1shoz besz\u00e9lj\u00fcnk, mint a vezet\u0151h\u00f6z; hogy bar\u00e1ts\u00e1gosan fejezz\u00fck ki az egyet nem \u00e9rt\u00e9s\u00fcnket; s eml\u00e9kezz\u00fcnk arra, hogy a humor \u00e9s a kellemes modor sokat seg\u00edthetnek v\u00e9lem\u00e9ny\u00fcnk kifejez\u00e9s\u00e9ben. Ne vitatkozzunk teh\u00e1t, hanem folytassunk p\u00e1rbesz\u00e9det!<\/span><\/p>\n<p style=\"text-align: justify;\"><b><span style=\"font-family: Times New Roman CE;\">A p\u00e1rbesz\u00e9d \u00e9s a vita \u00f6sszehasonl\u00edt\u00e1sa<\/span><\/b><\/p>\n<p style=\"text-align: justify;\"><span style=\"font-family: Times New Roman CE;\">A p\u00e1rbesz\u00e9d-k\u00f6r m\u0171k\u00f6d\u00e9s\u00e9nek alapvet\u0151 felt\u00e9tele, hogy ne v\u00e1ljon vit\u00e1v\u00e1! Ez\u00e9rt elengedhetetlen pontos\u00edtani a kett\u0151 k\u00fcl\u00f6nbs\u00e9g\u00e9t.<\/span><br \/>\n<span style=\"font-family: Times New Roman CE;\">A p\u00e1rbesz\u00e9d egy\u00fcttm\u0171k\u00f6d\u00e9s: k\u00e9t vagy t\u00f6bb f\u00e9l dolgozik egy\u00fctt \u00e9s t\u00f6rekszik a k\u00f6z\u00f6s meg\u00e9rt\u00e9sre.<\/span><br \/>\n<i><span style=\"font-family: Times New Roman CE;\">A vita szemben\u00e1ll\u00e1s: k\u00e9t f\u00e9l szemben \u00e1ll egym\u00e1ssal \u00e9s arra t\u00f6rekszik, hogy bebizony\u00edtsa: a m\u00e1siknak nincs igaza.<\/span><\/i><br \/>\n<span style=\"font-family: Times New Roman CE;\">A p\u00e1rbesz\u00e9dben a c\u00e9l a k\u00f6z\u00f6s alap megtal\u00e1l\u00e1sa.<\/span><br \/>\n<i><span style=\"font-family: Times New Roman CE;\">A vit\u00e1ban a c\u00e9l a meggy\u0151z\u00e9s.<\/span><\/i><br \/>\n<span style=\"font-family: Times New Roman CE;\">A p\u00e1rbesz\u00e9dben az egyik az\u00e9rt hallgatja a m\u00e1sikat, hogy meg\u00e9rtse, \u00e9rtelmezze \u00e9s egyet\u00e9rt\u00e9st keressen.<\/span><br \/>\n<i><span style=\"font-family: Times New Roman CE;\">A vit\u00e1ban az egyik az\u00e9rt hallgatja a m\u00e1sikat, hogy hib\u00e1t tal\u00e1ljon benne \u00e9s vit\u00e1ba sz\u00e1lljon vele.<\/span><\/i><br \/>\n<span style=\"font-family: Times New Roman CE;\">A p\u00e1rbesz\u00e9d sz\u00e9les\u00edti \u00e9s megv\u00e1ltoztatja r\u00e9sztvev\u0151k szempontjait.<\/span><br \/>\n<i><span style=\"font-family: Times New Roman CE;\">A vita meger\u0151s\u00edti a r\u00e9sztvev\u0151k\u00a0<\/span><\/i><span style=\"font-family: Times New Roman CE;\">saj\u00e1t\u00a0<\/span><i><span style=\"font-family: Times New Roman CE;\">szempontjait.\u00a0<\/span><\/i><span style=\"font-family: Times New Roman CE;\">A p\u00e1rbesz\u00e9d \u00fagy t\u00e1rja fel a felt\u00e9telez\u00e9sek &#8222;h\u00e1tter\u00e9t\u201d, hogy lehet\u0151v\u00e9 teszi az \u00fajra\u00e9rt\u00e9kel\u00e9st.<\/span><br \/>\n<i><span style=\"font-family: Times New Roman CE;\">A vita \u00fagy v\u00e9di meg a felt\u00e9telez\u00e9seket, mint igazs\u00e1got.<\/span><\/i><br \/>\n<span style=\"font-family: Times New Roman CE;\">A p\u00e1rbesz\u00e9d az \u00e1ll\u00e1spont \u00f6nelemz\u00e9s\u00e9re k\u00e9sztet.<\/span><br \/>\n<i><span style=\"font-family: Times New Roman CE;\">A vita a m\u00e1sik v\u00e9lem\u00e9ny c\u00e1fol\u00e1s\u00e1ra k\u00e9sztet.<\/span><\/i><br \/>\n<span style=\"font-family: Times New Roman CE;\">A p\u00e1rbesz\u00e9d utat nyit b\u00e1rmilyen, az eddig felmer\u00fclt lehet\u0151s\u00e9gekt\u0151l jobb megold\u00e1s fel\u00e9.<\/span><br \/>\n<i><span style=\"font-family: Times New Roman CE;\">A vita megv\u00e9di a\u00a0<\/span><\/i><span style=\"font-family: Times New Roman CE;\">saj\u00e1t\u00a0<\/span><i><span style=\"font-family: Times New Roman CE;\">\u00e1ll\u00e1spontot, mint legjobbat \u00e9s minden m\u00e1s lehet\u0151s\u00e9get figyelmen k\u00edv\u00fcl hagy.<\/span><\/i><br \/>\n<span style=\"font-family: Times New Roman CE;\">A p\u00e1rbesz\u00e9d nyitott hozz\u00e1\u00e1ll\u00e1st teremt: t\u00e9vedhet\u00fcnk, v\u00e1ltoztathatunk.<\/span><br \/>\n<i><span style=\"font-family: Times New Roman CE;\">A vita z\u00e1rt hozz\u00e1\u00e1ll\u00e1st teremt: elsz\u00e1ntak vagyunk igazunkban.<\/span><\/i><br \/>\n<span style=\"font-family: Times New Roman CE;\">A p\u00e1rbesz\u00e9dben enged\u00fcnk a felmer\u00fclt legjobb gondolatoknak, tudv\u00e1n, hogy m\u00e1sok hozz\u00e1sz\u00f3l\u00e1sai sokkal ink\u00e1bb \u00e9p\u00edteni, mint rombolni seg\u00edtik.<\/span><br \/>\n<i><span style=\"font-family: Times New Roman CE;\">A vit\u00e1ban enged\u00fcnk a felmer\u00fclt legjobb gondolatoknak \u00e9s v\u00e9gs\u0151kig v\u00e9dj\u00fck, hogy bebizony\u00edtsuk ezek igaz\u00e1t<\/span><\/i><br \/>\n<span style=\"font-family: Times New Roman CE;\">A p\u00e1rbesz\u00e9d a saj\u00e1t hit\u00fcnk \u00e1tmeneti felf\u00fcggeszt\u00e9s\u00e9t k\u00edv\u00e1nja.<\/span><br \/>\n<i><span style=\"font-family: Times New Roman CE;\">A vita\u00a0<\/span><\/i><span style=\"font-family: Times New Roman CE;\">a saj\u00e1t\u00a0<\/span><i><span style=\"font-family: Times New Roman CE;\">hit\u00fcnk teljes kimutat\u00e1s\u00e1t k\u00edv\u00e1nja.<\/span><\/i><br \/>\n<span style=\"font-family: Times New Roman CE;\">A p\u00e1rbesz\u00e9dben alapegyet\u00e9rt\u00e9seket keres\u00fcnk.<\/span><br \/>\n<i><span style=\"font-family: Times New Roman CE;\">A vit\u00e1ban a felt\u0171n\u0151 k\u00fcl\u00f6nbs\u00e9geket keress\u00fck<\/span><\/i><br \/>\n<span style=\"font-family: Times New Roman CE;\">A p\u00e1rbesz\u00e9dben a m\u00e1sik v\u00e9lem\u00e9nyben meger\u0151s\u00edt\u00e9st keres\u00fcnk<\/span><br \/>\n<i><span style=\"font-family: Times New Roman CE;\">A vit\u00e1ban a m\u00e1sik v\u00e9lem\u00e9nyben gyenge pontokat keres\u00fcnk.<\/span><\/i><br \/>\n<span style=\"font-family: Times New Roman CE;\">A p\u00e1rbesz\u00e9d mag\u00e1ba foglalja a m\u00e1sik ir\u00e1nti igazi \u00e9rdekl\u0151d\u00e9st \u00e9s nem az elideg\u00edt\u00e9sre vagy s\u00e9rteget\u00e9sre t\u00f6rekszik.<\/span><br \/>\n<i><span style=\"font-family: Times New Roman CE;\">A vita mag\u00e1ba foglalja a m\u00e1sikkal szembeni ellen\u00e1ll\u00e1st, an\u00e9lk\u00fcl, hogy figyelne az \u00e9rz\u00e9sekre \u00e9s kapcsolatokra \u00e9s a m\u00e1sik lekicsinyl\u00e9s\u00e9re, el\u00edt\u00e9l\u00e9s\u00e9re t\u00f6rekszik.<\/span><\/i><br \/>\n<span style=\"font-family: Times New Roman CE;\">A p\u00e1rbesz\u00e9d azt felt\u00e9telezi, hogy a megold\u00e1s egyes r\u00e9szei sokak kez\u00e9ben vannak \u00e9s egy\u00fctt a r\u00e9szek egy m\u0171k\u00f6d\u0151k\u00e9pes megold\u00e1st sz\u00fclhetnek.<\/span><br \/>\n<i><span style=\"font-family: Times New Roman CE;\">A vita azt felt\u00e9telezi, hogy egyetlen j\u00f3 v\u00e1lasz van valakinek a kez\u00e9ben.<\/span><\/i><br \/>\n<span style=\"font-family: Times New Roman CE;\">A p\u00e1rbesz\u00e9d nyitott marad.\u00a0<\/span><i><span style=\"font-family: Times New Roman CE;\">A vita befejezett\u00e9 v\u00e1lik<\/span><\/i><\/p>\n<p style=\"text-align: justify;\"><span style=\"font-family: Times New Roman CE;\">S hogy mir\u0151l folytassunk p\u00e1rbesz\u00e9det? Helyzet\u00fcnk \u00e9s \u00e9rdekl\u0151d\u00e9s\u00fcnk hat\u00e1rozza meg. Besz\u00e9lgethet\u00fcnk b\u00e1rmely, a telep\u00fcl\u00e9s\u00fcnket \u00e9rint\u0151 k\u00e9rd\u00e9sr\u0151l, a helyi munkalehet\u0151s\u00e9gekr\u0151l, a fejl\u0151d\u00e9s es\u00e9lyeir\u0151l &#8211; egy\u00e1ltal\u00e1n, hogy mit \u00e9rt\u00fcnk fejl\u0151d\u00e9s<\/span><br \/>\n<span style=\"font-family: Times New Roman CE;\">alatt -, a k\u00f6rnyezet\u00fcnk eg\u00e9szs\u00e9g\u00e9nek kialak\u00edt\u00e1s\u00e1r\u00f3l \u00e9s meg\u0151rz\u00e9s\u00e9r\u0151l, a helyi ad\u00f3kr\u00f3l, valamely mozgalom, pl. a &#8222;Tal\u00e1ljuk ki Magyarorsz\u00e1got\u201d mozgalom helybeli lehet\u0151s\u00e9geir\u0151l, a n\u0151k, a fiatalok, az id\u0151sek, a munkan\u00e9lk\u00fcliek, a vesz\u00e9lyeztetettek, a szeg\u00e9nyek stb. probl\u00e9m\u00e1ir\u00f3l, az \u00f6nkorm\u00e1nyzatok \u00e9s a civil szervezetek szerepeir\u0151l \u00e9s egy\u00fcttm\u0171k\u00f6d\u00e9s\u00e9r\u0151l, stb. A sz\u0171kebb ut\u00e1n a t\u00e1gabb haza k\u00e9rd\u00e9sk\u00f6rei, s\u0151t, glob\u00e1lis probl\u00e9m\u00e1k is k\u00f6vetkezhetnek, pl. a fels\u0151oktat\u00e1si reform, a NATO-csatlakoz\u00e1s, a n\u00e9pess\u00e9g fogy\u00e1sa, n\u00e9peg\u00e9szs\u00e9g\u00fcgy, a homoszexualit\u00e1s, az AIDS, az er\u0151szak n\u00f6veked\u00e9se, a F\u00f6ld felmeleged\u00e9se, stb. Manaps\u00e1g, amikor r\u00e9gi tapasztalataink nem elegend\u0151ek az \u00faj jelens\u00e9gek meg\u00e9rt\u00e9s\u00e9hez, n\u00e9lk\u00fcl\u00f6zhetetlen az \u00e1ltalunk legfontosabbaknak tartott t\u00e9m\u00e1k k\u00f6r\u00fclj\u00e1r\u00e1sa \u00e9s meg\u00e9rt\u00e9se.<\/span><br \/>\n<span style=\"font-family: Times New Roman CE;\">K\u00e9rj\u00fcnk seg\u00edts\u00e9get egym\u00e1st\u00f3l! Borb\u00e9lyn\u00e9 Nagy \u00c9va, a &#8222;Tal\u00e1ljuk ki Magyarorsz\u00e1got&#8221; Klub f\u0151 szervez\u0151je, aki nek\u00fcnk seg\u00edt, m\u00e1r kapott seg\u00edts\u00e9get Kand\u00f3 P\u00e1lt\u00f3l, Kand\u00f3 Mih\u00e1lyt\u00f3l \u00e9s Stef\u00e1ny Juditt\u00f3l, akik az amerikai \u00e9s sv\u00e9d anyagokat magyarra ford\u00edtott\u00e1k \u00e9s azzal a szimpatikus kis felirattal l\u00e1tt\u00e1k el, ami a mi \u00edr\u00e1sunkat is k\u00f6veti (mi\u00e9rt olyan szimpatikus? mert nem mag\u00e1nak tart meg inform\u00e1ci\u00f3t, saj\u00e1t dics\u0151s\u00e9g\u00e9t n\u00f6velend\u0151, hanem mindannyiunkkal megosztja &#8211; de hiszen ez term\u00e9szetes, hiszen csak mindannyian \u00e9s egy\u00fctt tudjuk &#8222;kital\u00e1lni&#8221; Magyarorsz\u00e1got!). Nekik teh\u00e1t a STUDY CIRCLES RESOURCE CENTER seg\u00edtett, s mindannyiuk seg\u00edts\u00e9g\u00e9vel most mi is seg\u00edthet\u00fcnk. K\u00e9rjen seg\u00edts\u00e9get a K\u00f6z\u00f6ss\u00e9gi Adatt\u00e1rt\u00f3l (c\u00edme azonos a Parol\u00e1\u00e9val), ahol a teljes magyarra ford\u00edtott anyag megtal\u00e1lhat\u00f3. P\u00e1ly\u00e1zzon, p\u00e1ly\u00e1zzunk egy\u00fctt p\u00e9nzeket p\u00e1rbesz\u00e9d-k\u00f6ri vezet\u0151k\u00e9pz\u00e9sre, a mozgalom beind\u00edt\u00e1s\u00e1ra, tal\u00e1lkoz\u00f3k szervez\u00e9s\u00e9re &#8211; keress\u00fck egym\u00e1st \u00e9s er\u0151s\u00edts\u00fck egym\u00e1st munk\u00e1lkod\u00e1sunkr\u00f3l sz\u00f3l\u00f3 h\u00edreinkkel, egy\u00fcttm\u0171k\u00f6d\u00e9si javaslatainkkal.<\/span><br \/>\n<span style=\"font-family: Times New Roman CE;\">J\u00f3 p\u00e1rbesz\u00e9det k\u00edv\u00e1nok!<\/span><\/p>\n<p style=\"text-align: justify;\"><i><span style=\"font-family: Times New Roman CE;\">Vercseg Ilona<\/span><\/i><\/p>\n<p style=\"text-align: justify;\"><i><span style=\"font-family: Times New Roman CE;\">Minden p\u00e1rbesz\u00e9d- vagy tanul\u00f3k\u00f6ri anyag alj\u00e1n ez olvashat\u00f3: Magyarra ford\u00edtotta a STUDY CIRCLES RESOURCE CENTER enged\u00e9ly\u00e9vel Kand\u00f3 P\u00e1l, Kand\u00f3 Mih\u00e1ly \u00e9s Stef\u00e1ny Judit. A kiadv\u00e1ny sokszoros\u00edthat\u00f3, amennyiben a fent eml\u00edtett alap\u00edtv\u00e1nyra hivatkoz\u00e1s t\u00f6rt\u00e9nik.<\/span><\/i><br \/>\n<i><span style=\"font-family: Times New Roman CE;\">THE STUDY CIRCLES RESOURCE CENTER, A PROJECT OF THE TOPSFIELD FOUNDATION, INC. POMFRET, CT 06258 USA.<\/span><\/i><\/p>\n","protected":false},"excerpt":{"rendered":"<p>A c\u00edmben k\u00e9t pofonegyszer\u0171 s egyben pokolian neh\u00e9z dologra tesz\u00fcnk javaslatot &#8211; besz\u00e9lget\u00e9sre, m\u00e9gpedig k\u00f6z\u00f6ss\u00e9gben t\u00f6rt\u00e9n\u0151 besz\u00e9lget\u00e9sre. Koroszt\u00e1lyom, a mai 40-50-esek v\u00e9gig\u00e9lt\u00e9k a KISZ-es \u00e9s klubos vitak\u00f6r\u00f6ket &#8211; alapszervezeti \u00fcl\u00e9seken megvitattuk Che Guevara \u00e9s Corvalan forradalmis\u00e1g\u00e1t \u00e9s a fejlett szocializmus ism\u00e9rveit, a klubokban pl. az egy\u00e9ni vagy a t\u00e1rsadalmi \u00e9rdek el\u0151bbreval\u00f3s\u00e1g\u00e1t, a k\u00f6z\u00f6ss\u00e9gis\u00e9g szocialista tartalm\u00e1t, [&hellip;]<\/p>\n","protected":false},"author":16,"featured_media":3478,"comment_status":"open","ping_status":"open","sticky":false,"template":"","format":"standard","meta":{"_acf_changed":false,"footnotes":""},"categories":[361,8,7],"tags":[],"coauthors":[21],"class_list":["post-2329","post","type-post","status-publish","format-standard","has-post-thumbnail","hentry","category-parola-1995-5","category-parola-folyoirat","category-repertorium"],"acf":[],"yoast_head":"<!-- This site is optimized with the Yoast SEO plugin v26.7 - https:\/\/yoast.com\/wordpress\/plugins\/seo\/ -->\n<title>Alak\u00edtsunk P\u00e1rbesz\u00e9d-k\u00f6r\u00f6ket - Parola Foly\u00f3irat<\/title>\n<meta name=\"robots\" content=\"index, follow, max-snippet:-1, max-image-preview:large, max-video-preview:-1\" \/>\n<link rel=\"canonical\" href=\"https:\/\/kofe.hu\/parola\/parola-folyoirat\/alakitsunk-parbeszed-koroket\/\" \/>\n<meta property=\"og:locale\" content=\"hu_HU\" \/>\n<meta property=\"og:type\" content=\"article\" \/>\n<meta property=\"og:title\" content=\"Alak\u00edtsunk P\u00e1rbesz\u00e9d-k\u00f6r\u00f6ket - Parola Foly\u00f3irat\" \/>\n<meta property=\"og:description\" content=\"A c\u00edmben k\u00e9t pofonegyszer\u0171 s egyben pokolian neh\u00e9z dologra tesz\u00fcnk javaslatot &#8211; besz\u00e9lget\u00e9sre, m\u00e9gpedig k\u00f6z\u00f6ss\u00e9gben t\u00f6rt\u00e9n\u0151 besz\u00e9lget\u00e9sre. Koroszt\u00e1lyom, a mai 40-50-esek v\u00e9gig\u00e9lt\u00e9k a KISZ-es \u00e9s klubos vitak\u00f6r\u00f6ket &#8211; alapszervezeti \u00fcl\u00e9seken megvitattuk Che Guevara \u00e9s Corvalan forradalmis\u00e1g\u00e1t \u00e9s a fejlett szocializmus ism\u00e9rveit, a klubokban pl. az egy\u00e9ni vagy a t\u00e1rsadalmi \u00e9rdek el\u0151bbreval\u00f3s\u00e1g\u00e1t, a k\u00f6z\u00f6ss\u00e9gis\u00e9g szocialista tartalm\u00e1t, [&hellip;]\" \/>\n<meta property=\"og:url\" content=\"https:\/\/kofe.hu\/parola\/parola-folyoirat\/alakitsunk-parbeszed-koroket\/\" \/>\n<meta property=\"og:site_name\" content=\"Parola Foly\u00f3irat\" \/>\n<meta property=\"article:published_time\" content=\"2020-06-25T12:28:39+00:00\" \/>\n<meta property=\"article:modified_time\" content=\"2020-07-30T16:37:32+00:00\" \/>\n<meta property=\"og:image\" content=\"https:\/\/kofe.hu\/parola\/wp-content\/uploads\/2020\/07\/95.5.jpeg\" \/>\n\t<meta property=\"og:image:width\" content=\"1356\" \/>\n\t<meta property=\"og:image:height\" content=\"1991\" \/>\n\t<meta property=\"og:image:type\" content=\"image\/jpeg\" \/>\n<meta name=\"author\" content=\"Vercseg Ilona\" \/>\n<meta name=\"twitter:card\" content=\"summary_large_image\" \/>\n<meta name=\"twitter:label1\" content=\"Szerz\u0151:\" \/>\n\t<meta name=\"twitter:data1\" content=\"Vercseg Ilona\" \/>\n\t<meta name=\"twitter:label2\" content=\"Becs\u00fclt olvas\u00e1si id\u0151\" \/>\n\t<meta name=\"twitter:data2\" content=\"12 perc\" \/>\n\t<meta name=\"twitter:label3\" content=\"Written by\" \/>\n\t<meta name=\"twitter:data3\" content=\"Vercseg Ilona\" \/>\n<script type=\"application\/ld+json\" class=\"yoast-schema-graph\">{\"@context\":\"https:\/\/schema.org\",\"@graph\":[{\"@type\":\"Article\",\"@id\":\"https:\/\/kofe.hu\/parola\/parola-folyoirat\/alakitsunk-parbeszed-koroket\/#article\",\"isPartOf\":{\"@id\":\"https:\/\/kofe.hu\/parola\/parola-folyoirat\/alakitsunk-parbeszed-koroket\/\"},\"author\":{\"name\":\"Vercseg Ilona\",\"@id\":\"https:\/\/kofe.hu\/parola\/#\/schema\/person\/a53b1ec59d5e50541cf361a8ca24bc81\"},\"headline\":\"Alak\u00edtsunk P\u00e1rbesz\u00e9d-k\u00f6r\u00f6ket\",\"datePublished\":\"2020-06-25T12:28:39+00:00\",\"dateModified\":\"2020-07-30T16:37:32+00:00\",\"mainEntityOfPage\":{\"@id\":\"https:\/\/kofe.hu\/parola\/parola-folyoirat\/alakitsunk-parbeszed-koroket\/\"},\"wordCount\":2501,\"commentCount\":0,\"image\":{\"@id\":\"https:\/\/kofe.hu\/parola\/parola-folyoirat\/alakitsunk-parbeszed-koroket\/#primaryimage\"},\"thumbnailUrl\":\"https:\/\/kofe.hu\/parola\/wp-content\/uploads\/2020\/07\/95.5.jpeg\",\"articleSection\":[\"Parola 1995\/5\",\"Parola Foly\u00f3irat\",\"Repert\u00f3rium\"],\"inLanguage\":\"hu\",\"potentialAction\":[{\"@type\":\"CommentAction\",\"name\":\"Comment\",\"target\":[\"https:\/\/kofe.hu\/parola\/parola-folyoirat\/alakitsunk-parbeszed-koroket\/#respond\"]}]},{\"@type\":\"WebPage\",\"@id\":\"https:\/\/kofe.hu\/parola\/parola-folyoirat\/alakitsunk-parbeszed-koroket\/\",\"url\":\"https:\/\/kofe.hu\/parola\/parola-folyoirat\/alakitsunk-parbeszed-koroket\/\",\"name\":\"Alak\u00edtsunk P\u00e1rbesz\u00e9d-k\u00f6r\u00f6ket - Parola Foly\u00f3irat\",\"isPartOf\":{\"@id\":\"https:\/\/kofe.hu\/parola\/#website\"},\"primaryImageOfPage\":{\"@id\":\"https:\/\/kofe.hu\/parola\/parola-folyoirat\/alakitsunk-parbeszed-koroket\/#primaryimage\"},\"image\":{\"@id\":\"https:\/\/kofe.hu\/parola\/parola-folyoirat\/alakitsunk-parbeszed-koroket\/#primaryimage\"},\"thumbnailUrl\":\"https:\/\/kofe.hu\/parola\/wp-content\/uploads\/2020\/07\/95.5.jpeg\",\"datePublished\":\"2020-06-25T12:28:39+00:00\",\"dateModified\":\"2020-07-30T16:37:32+00:00\",\"author\":{\"@id\":\"https:\/\/kofe.hu\/parola\/#\/schema\/person\/a53b1ec59d5e50541cf361a8ca24bc81\"},\"breadcrumb\":{\"@id\":\"https:\/\/kofe.hu\/parola\/parola-folyoirat\/alakitsunk-parbeszed-koroket\/#breadcrumb\"},\"inLanguage\":\"hu\",\"potentialAction\":[{\"@type\":\"ReadAction\",\"target\":[\"https:\/\/kofe.hu\/parola\/parola-folyoirat\/alakitsunk-parbeszed-koroket\/\"]}]},{\"@type\":\"ImageObject\",\"inLanguage\":\"hu\",\"@id\":\"https:\/\/kofe.hu\/parola\/parola-folyoirat\/alakitsunk-parbeszed-koroket\/#primaryimage\",\"url\":\"https:\/\/kofe.hu\/parola\/wp-content\/uploads\/2020\/07\/95.5.jpeg\",\"contentUrl\":\"https:\/\/kofe.hu\/parola\/wp-content\/uploads\/2020\/07\/95.5.jpeg\",\"width\":1356,\"height\":1991},{\"@type\":\"BreadcrumbList\",\"@id\":\"https:\/\/kofe.hu\/parola\/parola-folyoirat\/alakitsunk-parbeszed-koroket\/#breadcrumb\",\"itemListElement\":[{\"@type\":\"ListItem\",\"position\":1,\"name\":\"Home\",\"item\":\"https:\/\/kofe.hu\/parola\/\"},{\"@type\":\"ListItem\",\"position\":2,\"name\":\"Alak\u00edtsunk P\u00e1rbesz\u00e9d-k\u00f6r\u00f6ket\"}]},{\"@type\":\"WebSite\",\"@id\":\"https:\/\/kofe.hu\/parola\/#website\",\"url\":\"https:\/\/kofe.hu\/parola\/\",\"name\":\"Parola Foly\u00f3irat\",\"description\":\"\",\"potentialAction\":[{\"@type\":\"SearchAction\",\"target\":{\"@type\":\"EntryPoint\",\"urlTemplate\":\"https:\/\/kofe.hu\/parola\/?s={search_term_string}\"},\"query-input\":{\"@type\":\"PropertyValueSpecification\",\"valueRequired\":true,\"valueName\":\"search_term_string\"}}],\"inLanguage\":\"hu\"},{\"@type\":\"Person\",\"@id\":\"https:\/\/kofe.hu\/parola\/#\/schema\/person\/a53b1ec59d5e50541cf361a8ca24bc81\",\"name\":\"Vercseg Ilona\",\"image\":{\"@type\":\"ImageObject\",\"inLanguage\":\"hu\",\"@id\":\"https:\/\/kofe.hu\/parola\/#\/schema\/person\/image\/fae1a4bd5dc421c3e09d0b889ef311f4\",\"url\":\"https:\/\/secure.gravatar.com\/avatar\/721c3be425f40f7ccc756f5b124920edaef51708f25b0975485fb5b2fa1e3c72?s=96&d=mm&r=g\",\"contentUrl\":\"https:\/\/secure.gravatar.com\/avatar\/721c3be425f40f7ccc756f5b124920edaef51708f25b0975485fb5b2fa1e3c72?s=96&d=mm&r=g\",\"caption\":\"Vercseg Ilona\"},\"url\":\"https:\/\/kofe.hu\/parola\/szerzok\/vercseg-ilona\/\"}]}<\/script>\n<!-- \/ Yoast SEO plugin. -->","yoast_head_json":{"title":"Alak\u00edtsunk P\u00e1rbesz\u00e9d-k\u00f6r\u00f6ket - Parola Foly\u00f3irat","robots":{"index":"index","follow":"follow","max-snippet":"max-snippet:-1","max-image-preview":"max-image-preview:large","max-video-preview":"max-video-preview:-1"},"canonical":"https:\/\/kofe.hu\/parola\/parola-folyoirat\/alakitsunk-parbeszed-koroket\/","og_locale":"hu_HU","og_type":"article","og_title":"Alak\u00edtsunk P\u00e1rbesz\u00e9d-k\u00f6r\u00f6ket - Parola Foly\u00f3irat","og_description":"A c\u00edmben k\u00e9t pofonegyszer\u0171 s egyben pokolian neh\u00e9z dologra tesz\u00fcnk javaslatot &#8211; besz\u00e9lget\u00e9sre, m\u00e9gpedig k\u00f6z\u00f6ss\u00e9gben t\u00f6rt\u00e9n\u0151 besz\u00e9lget\u00e9sre. Koroszt\u00e1lyom, a mai 40-50-esek v\u00e9gig\u00e9lt\u00e9k a KISZ-es \u00e9s klubos vitak\u00f6r\u00f6ket &#8211; alapszervezeti \u00fcl\u00e9seken megvitattuk Che Guevara \u00e9s Corvalan forradalmis\u00e1g\u00e1t \u00e9s a fejlett szocializmus ism\u00e9rveit, a klubokban pl. az egy\u00e9ni vagy a t\u00e1rsadalmi \u00e9rdek el\u0151bbreval\u00f3s\u00e1g\u00e1t, a k\u00f6z\u00f6ss\u00e9gis\u00e9g szocialista tartalm\u00e1t, [&hellip;]","og_url":"https:\/\/kofe.hu\/parola\/parola-folyoirat\/alakitsunk-parbeszed-koroket\/","og_site_name":"Parola Foly\u00f3irat","article_published_time":"2020-06-25T12:28:39+00:00","article_modified_time":"2020-07-30T16:37:32+00:00","og_image":[{"width":1356,"height":1991,"url":"https:\/\/kofe.hu\/parola\/wp-content\/uploads\/2020\/07\/95.5.jpeg","type":"image\/jpeg"}],"author":"Vercseg Ilona","twitter_card":"summary_large_image","twitter_misc":{"Szerz\u0151:":"Vercseg Ilona","Becs\u00fclt olvas\u00e1si id\u0151":"12 perc","Written by":"Vercseg Ilona"},"schema":{"@context":"https:\/\/schema.org","@graph":[{"@type":"Article","@id":"https:\/\/kofe.hu\/parola\/parola-folyoirat\/alakitsunk-parbeszed-koroket\/#article","isPartOf":{"@id":"https:\/\/kofe.hu\/parola\/parola-folyoirat\/alakitsunk-parbeszed-koroket\/"},"author":{"name":"Vercseg Ilona","@id":"https:\/\/kofe.hu\/parola\/#\/schema\/person\/a53b1ec59d5e50541cf361a8ca24bc81"},"headline":"Alak\u00edtsunk P\u00e1rbesz\u00e9d-k\u00f6r\u00f6ket","datePublished":"2020-06-25T12:28:39+00:00","dateModified":"2020-07-30T16:37:32+00:00","mainEntityOfPage":{"@id":"https:\/\/kofe.hu\/parola\/parola-folyoirat\/alakitsunk-parbeszed-koroket\/"},"wordCount":2501,"commentCount":0,"image":{"@id":"https:\/\/kofe.hu\/parola\/parola-folyoirat\/alakitsunk-parbeszed-koroket\/#primaryimage"},"thumbnailUrl":"https:\/\/kofe.hu\/parola\/wp-content\/uploads\/2020\/07\/95.5.jpeg","articleSection":["Parola 1995\/5","Parola Foly\u00f3irat","Repert\u00f3rium"],"inLanguage":"hu","potentialAction":[{"@type":"CommentAction","name":"Comment","target":["https:\/\/kofe.hu\/parola\/parola-folyoirat\/alakitsunk-parbeszed-koroket\/#respond"]}]},{"@type":"WebPage","@id":"https:\/\/kofe.hu\/parola\/parola-folyoirat\/alakitsunk-parbeszed-koroket\/","url":"https:\/\/kofe.hu\/parola\/parola-folyoirat\/alakitsunk-parbeszed-koroket\/","name":"Alak\u00edtsunk P\u00e1rbesz\u00e9d-k\u00f6r\u00f6ket - Parola Foly\u00f3irat","isPartOf":{"@id":"https:\/\/kofe.hu\/parola\/#website"},"primaryImageOfPage":{"@id":"https:\/\/kofe.hu\/parola\/parola-folyoirat\/alakitsunk-parbeszed-koroket\/#primaryimage"},"image":{"@id":"https:\/\/kofe.hu\/parola\/parola-folyoirat\/alakitsunk-parbeszed-koroket\/#primaryimage"},"thumbnailUrl":"https:\/\/kofe.hu\/parola\/wp-content\/uploads\/2020\/07\/95.5.jpeg","datePublished":"2020-06-25T12:28:39+00:00","dateModified":"2020-07-30T16:37:32+00:00","author":{"@id":"https:\/\/kofe.hu\/parola\/#\/schema\/person\/a53b1ec59d5e50541cf361a8ca24bc81"},"breadcrumb":{"@id":"https:\/\/kofe.hu\/parola\/parola-folyoirat\/alakitsunk-parbeszed-koroket\/#breadcrumb"},"inLanguage":"hu","potentialAction":[{"@type":"ReadAction","target":["https:\/\/kofe.hu\/parola\/parola-folyoirat\/alakitsunk-parbeszed-koroket\/"]}]},{"@type":"ImageObject","inLanguage":"hu","@id":"https:\/\/kofe.hu\/parola\/parola-folyoirat\/alakitsunk-parbeszed-koroket\/#primaryimage","url":"https:\/\/kofe.hu\/parola\/wp-content\/uploads\/2020\/07\/95.5.jpeg","contentUrl":"https:\/\/kofe.hu\/parola\/wp-content\/uploads\/2020\/07\/95.5.jpeg","width":1356,"height":1991},{"@type":"BreadcrumbList","@id":"https:\/\/kofe.hu\/parola\/parola-folyoirat\/alakitsunk-parbeszed-koroket\/#breadcrumb","itemListElement":[{"@type":"ListItem","position":1,"name":"Home","item":"https:\/\/kofe.hu\/parola\/"},{"@type":"ListItem","position":2,"name":"Alak\u00edtsunk P\u00e1rbesz\u00e9d-k\u00f6r\u00f6ket"}]},{"@type":"WebSite","@id":"https:\/\/kofe.hu\/parola\/#website","url":"https:\/\/kofe.hu\/parola\/","name":"Parola Foly\u00f3irat","description":"","potentialAction":[{"@type":"SearchAction","target":{"@type":"EntryPoint","urlTemplate":"https:\/\/kofe.hu\/parola\/?s={search_term_string}"},"query-input":{"@type":"PropertyValueSpecification","valueRequired":true,"valueName":"search_term_string"}}],"inLanguage":"hu"},{"@type":"Person","@id":"https:\/\/kofe.hu\/parola\/#\/schema\/person\/a53b1ec59d5e50541cf361a8ca24bc81","name":"Vercseg Ilona","image":{"@type":"ImageObject","inLanguage":"hu","@id":"https:\/\/kofe.hu\/parola\/#\/schema\/person\/image\/fae1a4bd5dc421c3e09d0b889ef311f4","url":"https:\/\/secure.gravatar.com\/avatar\/721c3be425f40f7ccc756f5b124920edaef51708f25b0975485fb5b2fa1e3c72?s=96&d=mm&r=g","contentUrl":"https:\/\/secure.gravatar.com\/avatar\/721c3be425f40f7ccc756f5b124920edaef51708f25b0975485fb5b2fa1e3c72?s=96&d=mm&r=g","caption":"Vercseg Ilona"},"url":"https:\/\/kofe.hu\/parola\/szerzok\/vercseg-ilona\/"}]}},"_links":{"self":[{"href":"https:\/\/kofe.hu\/parola\/wp-json\/wp\/v2\/posts\/2329","targetHints":{"allow":["GET"]}}],"collection":[{"href":"https:\/\/kofe.hu\/parola\/wp-json\/wp\/v2\/posts"}],"about":[{"href":"https:\/\/kofe.hu\/parola\/wp-json\/wp\/v2\/types\/post"}],"author":[{"embeddable":true,"href":"https:\/\/kofe.hu\/parola\/wp-json\/wp\/v2\/users\/16"}],"replies":[{"embeddable":true,"href":"https:\/\/kofe.hu\/parola\/wp-json\/wp\/v2\/comments?post=2329"}],"version-history":[{"count":3,"href":"https:\/\/kofe.hu\/parola\/wp-json\/wp\/v2\/posts\/2329\/revisions"}],"predecessor-version":[{"id":4839,"href":"https:\/\/kofe.hu\/parola\/wp-json\/wp\/v2\/posts\/2329\/revisions\/4839"}],"wp:featuredmedia":[{"embeddable":true,"href":"https:\/\/kofe.hu\/parola\/wp-json\/wp\/v2\/media\/3478"}],"wp:attachment":[{"href":"https:\/\/kofe.hu\/parola\/wp-json\/wp\/v2\/media?parent=2329"}],"wp:term":[{"taxonomy":"category","embeddable":true,"href":"https:\/\/kofe.hu\/parola\/wp-json\/wp\/v2\/categories?post=2329"},{"taxonomy":"post_tag","embeddable":true,"href":"https:\/\/kofe.hu\/parola\/wp-json\/wp\/v2\/tags?post=2329"},{"taxonomy":"author","embeddable":true,"href":"https:\/\/kofe.hu\/parola\/wp-json\/wp\/v2\/coauthors?post=2329"}],"curies":[{"name":"wp","href":"https:\/\/api.w.org\/{rel}","templated":true}]}}