{"id":2239,"date":"2020-06-25T09:50:07","date_gmt":"2020-06-25T09:50:07","guid":{"rendered":"https:\/\/kofe.hu\/parola\/?p=2239"},"modified":"2020-07-30T16:56:28","modified_gmt":"2020-07-30T16:56:28","slug":"telekunyho","status":"publish","type":"post","link":"https:\/\/kofe.hu\/parola\/parola-folyoirat\/telekunyho\/","title":{"rendered":"Telekunyh\u00f3"},"content":{"rendered":"<p style=\"text-align: justify;\"><span style=\"font-family: Times New Roman CE;\">Ez a n\u00e9v maga is tal\u00e1lgat\u00e1sokra ad okot. M\u00e9gink\u00e1bb meglep\u0151, hogy ezzel egy k\u00f6nyvt\u00e1rban tal\u00e1lkozunk.<\/span><br \/>\n<span style=\"font-family: Times New Roman CE;\">&#8211; Mi teh\u00e1t a Telekunyh\u00f3 &#8211; k\u00e9rdezem Nagym\u00e1gocson Blask\u00f3 J\u00e1nosn\u00e9t\u00f3l &#8211; \u00e9s mi\u00e9rt \u00e9ppen a k\u00f6nyvt\u00e1r ad neki otthont?<\/span><br \/>\n<span style=\"font-family: Times New Roman CE;\">&#8211; Felismert\u00fck azt a t\u00e9nyt, hogy k\u00f6nyvt\u00e1runknak ki kell l\u00e9pni a puszt\u00e1n k\u00f6lcs\u00f6nk\u00f6nyvt\u00e1ri funkci\u00f3b\u00f3l \u00e9s fel kell v\u00e1llalni a telep\u00fcl\u00e9sen \u00e9l\u0151k inform\u00e1ci\u00f3s ig\u00e9nyeinek kiel\u00e9g\u00edt\u00e9s\u00e9t is. Az Orsz\u00e1gos Sz\u00e9chenyi K\u00f6nyvt\u00e1r szakirodalmi szeml\u00e9j\u00e9t olvasva bebizonyosodni l\u00e1tszik, hogy a skandin\u00e1v orsz\u00e1gokban oly elterjedt ,Telekunyh\u00f3&#8221; (Telecottage) t\u00e1j\u00e9koztat\u00f3 \u00e1llom\u00e1s l\u00e9tes\u00edt\u00e9se a kis k\u00f6nyvt\u00e1rak \u00e9s a kis k\u00f6z\u00f6ss\u00e9gek sz\u00e1m\u00e1ra a j\u00f6v\u0151 \u00fatja.<\/span><\/p>\n<p style=\"text-align: justify;\"><!--more--><br \/>\n<span style=\"font-family: Times New Roman CE;\">&#8211; Milyenek a t\u00e1rgyi adotts\u00e1gai Nagym\u00e1gocsnak \u00e9s k\u00f6rny\u00e9k\u00e9nek?<\/span><br \/>\n<span style=\"font-family: Times New Roman CE;\">&#8211; Jelenlegi k\u00f6r\u00fclm\u00e9nyek k\u00f6z\u00f6tt v\u00e9lem\u00e9nyem szerint, ahol nincs crossbar telefonh\u00e1l\u00f3zat, az a t\u00e9rs\u00e9g elmaradottnak nyilv\u00e1n\u00edthat\u00f3. Nagym\u00e1gocs egy 3700 lakos\u00fa alf\u00f6ldi telep\u00fcl\u00e9s Csongr\u00e1d megy\u00e9ben. T\u00edz kilom\u00e9teres sugar\u00fa k\u00f6rben Nagym\u00e1gocson k\u00edv\u00fcl m\u00e9g h\u00e1rom olyan kis telep\u00fcl\u00e9s van, amelyik nem rendelkezik crossbar telefonvonallal. Nyilv\u00e1nval\u00f3, hogy az ezen telep\u00fcl\u00e9seken \u00e9l\u0151knek egy region\u00e1lis t\u00e1j\u00e9koztat\u00f3 \u00e1llom\u00e1s l\u00e9tes\u00edt\u00e9se az es\u00e9lyegyenl\u0151s\u00e9g egyik alapja lenne. Ez\u00e1ltal val\u00f3ban r\u00f6vid id\u0151n bel\u00fcl, mint ahogy ezt nemzetk\u00f6zi Telekunyh\u00f3 p\u00e9ld\u00e1k is mutatj\u00e1k, az adott t\u00e9rs\u00e9gben, telep\u00fcl\u00e9seken a v\u00e1llalkoz\u00e1sok, a k\u00f6z\u00f6ss\u00e9gi \u00e9let sz\u00ednvonala v\u00e1rhat\u00f3an emelkedni fog. Ebb\u0151l k\u00f6vetkezne, hogy a t\u00e9rs\u00e9g lakoss\u00e1gmegtart\u00f3 ereje n\u0151ne. Az itt \u00e9l\u0151k h\u00e1tr\u00e1nyos helyzte megsz\u0171nne.<\/span><br \/>\n<span style=\"font-family: Times New Roman CE;\">&#8211; Kik venn\u00e9k ig\u00e9nybe a szolg\u00e1lat\u00e1saikat?<\/span><br \/>\n<span style=\"font-family: Times New Roman CE;\">&#8211; K\u00f6nyvt\u00e1runk el\u0151zetes t\u00e1j\u00e9koz\u00f3d\u00e1st v\u00e9gzett int\u00e9zm\u00e9nyek, gazd\u00e1lkod\u00f3 szervek, kisv\u00e1llalkoz\u00f3k, kistermel\u0151k, mag\u00e1ngazd\u00e1lkod\u00f3k k\u00f6r\u00e9ben. A k\u00fcl\u00f6nb\u00f6z\u0151 tev\u00e9kenys\u00e9get folytat\u00f3 emberek sz\u00edvesen venn\u00e9k m\u00e9g t\u00e9r\u00edt\u00e9s ellen\u00e9ben is a friss inform\u00e1ci\u00f3kat. P\u00e9lda\u00e9rt\u00e9k\u0171 lenne, ha ezeken a kis telep\u00fcl\u00e9seken \u00e9l\u0151 emberek sz\u00e1m\u00e1ra l\u00e9tezne egy inform\u00e1ci\u00f3s t\u00e1j\u00e9koztat\u00f3 \u00e1llom\u00e1s, ahol a mindennapi \u00e9lethez, munk\u00e1jukhoz sz\u00fcks\u00e9ges inform\u00e1ci\u00f3khoz perceken bel\u00fcl hozz\u00e1juthatn\u00e1nak.<\/span><br \/>\n<span style=\"font-family: Times New Roman CE;\">&#8211; Milyen ter\u00fcleteket \u00e9rintene, mir\u0151l inform\u00e1lna a Telekunyh\u00f3?<\/span><br \/>\n<span style=\"font-family: Times New Roman CE;\">&#8211; T\u00f6bb fontos ter\u00fcletet is \u00e9rintene a tev\u00e9kenys\u00e9g\u00fcnk. Terveink szerint ezek k\u00f6z\u00e9 tartozna:<\/span><br \/>\n<span style=\"font-family: Times New Roman CE;\">1. Helyi k\u00f6z\u00e9rdek\u0171, k\u00f6zhaszn\u00fa inform\u00e1ci\u00f3k t\u00e1rol\u00e1sa, saj\u00e1t adatb\u00e1zis ki\u00e9p\u00edt\u00e9si terv. Videotex adatb\u00e1zisok haszn\u00e1lata.<\/span><br \/>\n<span style=\"font-family: Times New Roman CE;\">2. Munkan\u00e9lk\u00fclieknek sz\u00f3l\u00f3 inform\u00e1ci\u00f3k, \u00edgy p\u00e9ld\u00e1ul a legk\u00f6zelebbi Munka\u00fcgyi K\u00f6zpont adatb\u00e1zisainak, \u00e9s az \u00c1ll\u00e1s-Pont szegedi alap\u00edtv\u00e1ny jelenleg ki\u00e9p\u00fcl\u00e9s alatt l\u00e9v\u0151 adatb\u00e1zisainak haszn\u00e1lata.<\/span><br \/>\n<span style=\"font-family: Times New Roman CE;\">3. Kis- \u00e9s k\u00f6z\u00e9pv\u00e1llalkoz\u00f3k inform\u00e1ci\u00f3s ell\u00e1t\u00e1sa a szegedi Progress V\u00e1llalkoz\u00e1sfejleszt\u00e9si Alap\u00edtv\u00e1ny inform\u00e1ci\u00f3s lemezeivel \u00e9s a Videotex adatb\u00e1zisok haszn\u00e1lat\u00e1val.<\/span><br \/>\n<span style=\"font-family: Times New Roman CE;\">4. Agr\u00e1r-ter\u00fcletek, kistermel\u0151k, mag\u00e1ngazd\u00e1lkod\u00f3k inform\u00e1ci\u00f3s ell\u00e1t\u00e1sa a MOSZ Videotex rendszerben szerepl\u0151 mez\u0151gazdas\u00e1gi inform\u00e1ci\u00f3k lek\u00e9r\u00e9s\u00e9vel.<\/span><br \/>\n<span style=\"font-family: Times New Roman CE;\">5. Egy\u00e9b k\u00f6z\u00f6ss\u00e9gi inform\u00e1ci\u00f3k t\u00e1rol\u00e1sa k\u00f6z\u00f6ss\u00e9gi adatb\u00e1zisok l\u00e9trehoz\u00e1s\u00e1val \u00e9s kezel\u00e9s\u00e9vel. Ezekkel az inform\u00e1ci\u00f3kkal seg\u00edteni k\u00edv\u00e1njuk a telep\u00fcl\u00e9seket, int\u00e9zm\u00e9nyeket, a k\u00f6z\u00f6ss\u00e9geket, hogy egym\u00e1s \u00f6sszekapcsolt tapasztalatait hasznos\u00edtva adatl\u00e1nc alakuljon ki.<\/span><br \/>\n<span style=\"font-family: Times New Roman CE;\">L\u00e9teznek inform\u00e1ci\u00f3s rendszerek, adatb\u00e1zisok \u00e9s m\u00e1r l\u00e9teznek az ig\u00e9nyek is. K\u00f6nyvt\u00e1runk a kett\u0151 k\u00f6z\u00f6tti k\u00f6zvet\u00edt\u0151 szerepre v\u00e1llalkozik. A sz\u00fcks\u00e9ges eszk\u00f6z\u00f6kkel, adatb\u00e1zisokkal r\u00f6vid id\u0151n bel\u00fcl ki\u00e9p\u00fclhetne az orsz\u00e1g els\u0151 kistelep\u00fcl\u00e9si Telekunyh\u00f3 t\u00e1j\u00e9koztat\u00f3 \u00e1llom\u00e1sa, mely a szer\u00e9nyebb vid\u00e9ki t\u00e9rs\u00e9g fejleszt\u00e9s\u00e9t szolg\u00e1ln\u00e1.<\/span><br \/>\n<span style=\"font-family: Times New Roman CE;\">Ehhez m\u00e1r elindult a t\u00e9rs\u00e9g 6 telep\u00fcl\u00e9s\u00e9nek \u00f6sszefog\u00e1sa, b\u00edrjuk az \u00f6nkorm\u00e1nyzat 1 milli\u00f3 forintos t\u00e1mogat\u00f3i \u00edg\u00e9ret\u00e9t, de nagyon nagy sz\u00fcks\u00e9g lenne a megig\u00e9nyelt \u00e9s a MAT\u00c1V \u00e1ltal \u00edg\u00e9rt telefonvonalra. Rem\u00e9nyked\u00fcnk.<\/span><\/p>\n","protected":false},"excerpt":{"rendered":"<p>Ez a n\u00e9v maga is tal\u00e1lgat\u00e1sokra ad okot. M\u00e9gink\u00e1bb meglep\u0151, hogy ezzel egy k\u00f6nyvt\u00e1rban tal\u00e1lkozunk. &#8211; Mi teh\u00e1t a Telekunyh\u00f3 &#8211; k\u00e9rdezem Nagym\u00e1gocson Blask\u00f3 J\u00e1nosn\u00e9t\u00f3l &#8211; \u00e9s mi\u00e9rt \u00e9ppen a k\u00f6nyvt\u00e1r ad neki otthont? &#8211; Felismert\u00fck azt a t\u00e9nyt, hogy k\u00f6nyvt\u00e1runknak ki kell l\u00e9pni a puszt\u00e1n k\u00f6lcs\u00f6nk\u00f6nyvt\u00e1ri funkci\u00f3b\u00f3l \u00e9s fel kell v\u00e1llalni a telep\u00fcl\u00e9sen \u00e9l\u0151k [&hellip;]<\/p>\n","protected":false},"author":195,"featured_media":3468,"comment_status":"open","ping_status":"open","sticky":false,"template":"","format":"standard","meta":{"_acf_changed":false,"footnotes":""},"categories":[256,8,7],"tags":[],"coauthors":[237],"class_list":["post-2239","post","type-post","status-publish","format-standard","has-post-thumbnail","hentry","category-parola-1994-1","category-parola-folyoirat","category-repertorium"],"acf":[],"yoast_head":"<!-- This site is optimized with the Yoast SEO plugin v26.7 - https:\/\/yoast.com\/wordpress\/plugins\/seo\/ -->\n<title>Telekunyh\u00f3 - Parola Foly\u00f3irat<\/title>\n<meta name=\"robots\" content=\"index, follow, max-snippet:-1, max-image-preview:large, max-video-preview:-1\" \/>\n<link rel=\"canonical\" href=\"https:\/\/kofe.hu\/parola\/parola-folyoirat\/telekunyho\/\" \/>\n<meta property=\"og:locale\" content=\"hu_HU\" \/>\n<meta property=\"og:type\" content=\"article\" \/>\n<meta property=\"og:title\" content=\"Telekunyh\u00f3 - Parola Foly\u00f3irat\" \/>\n<meta property=\"og:description\" content=\"Ez a n\u00e9v maga is tal\u00e1lgat\u00e1sokra ad okot. M\u00e9gink\u00e1bb meglep\u0151, hogy ezzel egy k\u00f6nyvt\u00e1rban tal\u00e1lkozunk. &#8211; Mi teh\u00e1t a Telekunyh\u00f3 &#8211; k\u00e9rdezem Nagym\u00e1gocson Blask\u00f3 J\u00e1nosn\u00e9t\u00f3l &#8211; \u00e9s mi\u00e9rt \u00e9ppen a k\u00f6nyvt\u00e1r ad neki otthont? &#8211; Felismert\u00fck azt a t\u00e9nyt, hogy k\u00f6nyvt\u00e1runknak ki kell l\u00e9pni a puszt\u00e1n k\u00f6lcs\u00f6nk\u00f6nyvt\u00e1ri funkci\u00f3b\u00f3l \u00e9s fel kell v\u00e1llalni a telep\u00fcl\u00e9sen \u00e9l\u0151k [&hellip;]\" \/>\n<meta property=\"og:url\" content=\"https:\/\/kofe.hu\/parola\/parola-folyoirat\/telekunyho\/\" \/>\n<meta property=\"og:site_name\" content=\"Parola Foly\u00f3irat\" \/>\n<meta property=\"article:published_time\" content=\"2020-06-25T09:50:07+00:00\" \/>\n<meta property=\"article:modified_time\" content=\"2020-07-30T16:56:28+00:00\" \/>\n<meta property=\"og:image\" content=\"https:\/\/kofe.hu\/parola\/wp-content\/uploads\/2020\/07\/94.1.jpeg\" \/>\n\t<meta property=\"og:image:width\" content=\"1435\" \/>\n\t<meta property=\"og:image:height\" content=\"2002\" \/>\n\t<meta property=\"og:image:type\" content=\"image\/jpeg\" \/>\n<meta name=\"author\" content=\"Magyar Istv\u00e1nn\u00e9\" \/>\n<meta name=\"twitter:card\" content=\"summary_large_image\" \/>\n<meta name=\"twitter:label1\" content=\"Szerz\u0151:\" \/>\n\t<meta name=\"twitter:data1\" content=\"Magyar Istv\u00e1nn\u00e9\" \/>\n\t<meta name=\"twitter:label2\" content=\"Becs\u00fclt olvas\u00e1si id\u0151\" \/>\n\t<meta name=\"twitter:data2\" content=\"4 perc\" \/>\n\t<meta name=\"twitter:label3\" content=\"Written by\" \/>\n\t<meta name=\"twitter:data3\" content=\"Magyar Istv\u00e1nn\u00e9\" \/>\n<script type=\"application\/ld+json\" class=\"yoast-schema-graph\">{\"@context\":\"https:\/\/schema.org\",\"@graph\":[{\"@type\":\"Article\",\"@id\":\"https:\/\/kofe.hu\/parola\/parola-folyoirat\/telekunyho\/#article\",\"isPartOf\":{\"@id\":\"https:\/\/kofe.hu\/parola\/parola-folyoirat\/telekunyho\/\"},\"author\":{\"name\":\"Magyar Istv\u00e1nn\u00e9\",\"@id\":\"https:\/\/kofe.hu\/parola\/#\/schema\/person\/fd2d069fa88c84989c92257308a322e0\"},\"headline\":\"Telekunyh\u00f3\",\"datePublished\":\"2020-06-25T09:50:07+00:00\",\"dateModified\":\"2020-07-30T16:56:28+00:00\",\"mainEntityOfPage\":{\"@id\":\"https:\/\/kofe.hu\/parola\/parola-folyoirat\/telekunyho\/\"},\"wordCount\":797,\"commentCount\":0,\"image\":{\"@id\":\"https:\/\/kofe.hu\/parola\/parola-folyoirat\/telekunyho\/#primaryimage\"},\"thumbnailUrl\":\"https:\/\/kofe.hu\/parola\/wp-content\/uploads\/2020\/07\/94.1.jpeg\",\"articleSection\":[\"Parola 1994\/1\",\"Parola Foly\u00f3irat\",\"Repert\u00f3rium\"],\"inLanguage\":\"hu\",\"potentialAction\":[{\"@type\":\"CommentAction\",\"name\":\"Comment\",\"target\":[\"https:\/\/kofe.hu\/parola\/parola-folyoirat\/telekunyho\/#respond\"]}]},{\"@type\":\"WebPage\",\"@id\":\"https:\/\/kofe.hu\/parola\/parola-folyoirat\/telekunyho\/\",\"url\":\"https:\/\/kofe.hu\/parola\/parola-folyoirat\/telekunyho\/\",\"name\":\"Telekunyh\u00f3 - Parola Foly\u00f3irat\",\"isPartOf\":{\"@id\":\"https:\/\/kofe.hu\/parola\/#website\"},\"primaryImageOfPage\":{\"@id\":\"https:\/\/kofe.hu\/parola\/parola-folyoirat\/telekunyho\/#primaryimage\"},\"image\":{\"@id\":\"https:\/\/kofe.hu\/parola\/parola-folyoirat\/telekunyho\/#primaryimage\"},\"thumbnailUrl\":\"https:\/\/kofe.hu\/parola\/wp-content\/uploads\/2020\/07\/94.1.jpeg\",\"datePublished\":\"2020-06-25T09:50:07+00:00\",\"dateModified\":\"2020-07-30T16:56:28+00:00\",\"author\":{\"@id\":\"https:\/\/kofe.hu\/parola\/#\/schema\/person\/fd2d069fa88c84989c92257308a322e0\"},\"breadcrumb\":{\"@id\":\"https:\/\/kofe.hu\/parola\/parola-folyoirat\/telekunyho\/#breadcrumb\"},\"inLanguage\":\"hu\",\"potentialAction\":[{\"@type\":\"ReadAction\",\"target\":[\"https:\/\/kofe.hu\/parola\/parola-folyoirat\/telekunyho\/\"]}]},{\"@type\":\"ImageObject\",\"inLanguage\":\"hu\",\"@id\":\"https:\/\/kofe.hu\/parola\/parola-folyoirat\/telekunyho\/#primaryimage\",\"url\":\"https:\/\/kofe.hu\/parola\/wp-content\/uploads\/2020\/07\/94.1.jpeg\",\"contentUrl\":\"https:\/\/kofe.hu\/parola\/wp-content\/uploads\/2020\/07\/94.1.jpeg\",\"width\":1435,\"height\":2002},{\"@type\":\"BreadcrumbList\",\"@id\":\"https:\/\/kofe.hu\/parola\/parola-folyoirat\/telekunyho\/#breadcrumb\",\"itemListElement\":[{\"@type\":\"ListItem\",\"position\":1,\"name\":\"Home\",\"item\":\"https:\/\/kofe.hu\/parola\/\"},{\"@type\":\"ListItem\",\"position\":2,\"name\":\"Telekunyh\u00f3\"}]},{\"@type\":\"WebSite\",\"@id\":\"https:\/\/kofe.hu\/parola\/#website\",\"url\":\"https:\/\/kofe.hu\/parola\/\",\"name\":\"Parola Foly\u00f3irat\",\"description\":\"\",\"potentialAction\":[{\"@type\":\"SearchAction\",\"target\":{\"@type\":\"EntryPoint\",\"urlTemplate\":\"https:\/\/kofe.hu\/parola\/?s={search_term_string}\"},\"query-input\":{\"@type\":\"PropertyValueSpecification\",\"valueRequired\":true,\"valueName\":\"search_term_string\"}}],\"inLanguage\":\"hu\"},{\"@type\":\"Person\",\"@id\":\"https:\/\/kofe.hu\/parola\/#\/schema\/person\/fd2d069fa88c84989c92257308a322e0\",\"name\":\"Magyar Istv\u00e1nn\u00e9\",\"image\":{\"@type\":\"ImageObject\",\"inLanguage\":\"hu\",\"@id\":\"https:\/\/kofe.hu\/parola\/#\/schema\/person\/image\/5a8f79141e670c4b0d00687831178b8e\",\"url\":\"https:\/\/secure.gravatar.com\/avatar\/7994e052d28e439d2026baf4e85cfc252e530977a2f9273e1262f8be5b1fe5fd?s=96&d=mm&r=g\",\"contentUrl\":\"https:\/\/secure.gravatar.com\/avatar\/7994e052d28e439d2026baf4e85cfc252e530977a2f9273e1262f8be5b1fe5fd?s=96&d=mm&r=g\",\"caption\":\"Magyar Istv\u00e1nn\u00e9\"},\"url\":\"https:\/\/kofe.hu\/parola\/szerzok\/magyar-istvanne\/\"}]}<\/script>\n<!-- \/ Yoast SEO plugin. -->","yoast_head_json":{"title":"Telekunyh\u00f3 - Parola Foly\u00f3irat","robots":{"index":"index","follow":"follow","max-snippet":"max-snippet:-1","max-image-preview":"max-image-preview:large","max-video-preview":"max-video-preview:-1"},"canonical":"https:\/\/kofe.hu\/parola\/parola-folyoirat\/telekunyho\/","og_locale":"hu_HU","og_type":"article","og_title":"Telekunyh\u00f3 - Parola Foly\u00f3irat","og_description":"Ez a n\u00e9v maga is tal\u00e1lgat\u00e1sokra ad okot. M\u00e9gink\u00e1bb meglep\u0151, hogy ezzel egy k\u00f6nyvt\u00e1rban tal\u00e1lkozunk. &#8211; Mi teh\u00e1t a Telekunyh\u00f3 &#8211; k\u00e9rdezem Nagym\u00e1gocson Blask\u00f3 J\u00e1nosn\u00e9t\u00f3l &#8211; \u00e9s mi\u00e9rt \u00e9ppen a k\u00f6nyvt\u00e1r ad neki otthont? &#8211; Felismert\u00fck azt a t\u00e9nyt, hogy k\u00f6nyvt\u00e1runknak ki kell l\u00e9pni a puszt\u00e1n k\u00f6lcs\u00f6nk\u00f6nyvt\u00e1ri funkci\u00f3b\u00f3l \u00e9s fel kell v\u00e1llalni a telep\u00fcl\u00e9sen \u00e9l\u0151k [&hellip;]","og_url":"https:\/\/kofe.hu\/parola\/parola-folyoirat\/telekunyho\/","og_site_name":"Parola Foly\u00f3irat","article_published_time":"2020-06-25T09:50:07+00:00","article_modified_time":"2020-07-30T16:56:28+00:00","og_image":[{"width":1435,"height":2002,"url":"https:\/\/kofe.hu\/parola\/wp-content\/uploads\/2020\/07\/94.1.jpeg","type":"image\/jpeg"}],"author":"Magyar Istv\u00e1nn\u00e9","twitter_card":"summary_large_image","twitter_misc":{"Szerz\u0151:":"Magyar Istv\u00e1nn\u00e9","Becs\u00fclt olvas\u00e1si id\u0151":"4 perc","Written by":"Magyar Istv\u00e1nn\u00e9"},"schema":{"@context":"https:\/\/schema.org","@graph":[{"@type":"Article","@id":"https:\/\/kofe.hu\/parola\/parola-folyoirat\/telekunyho\/#article","isPartOf":{"@id":"https:\/\/kofe.hu\/parola\/parola-folyoirat\/telekunyho\/"},"author":{"name":"Magyar Istv\u00e1nn\u00e9","@id":"https:\/\/kofe.hu\/parola\/#\/schema\/person\/fd2d069fa88c84989c92257308a322e0"},"headline":"Telekunyh\u00f3","datePublished":"2020-06-25T09:50:07+00:00","dateModified":"2020-07-30T16:56:28+00:00","mainEntityOfPage":{"@id":"https:\/\/kofe.hu\/parola\/parola-folyoirat\/telekunyho\/"},"wordCount":797,"commentCount":0,"image":{"@id":"https:\/\/kofe.hu\/parola\/parola-folyoirat\/telekunyho\/#primaryimage"},"thumbnailUrl":"https:\/\/kofe.hu\/parola\/wp-content\/uploads\/2020\/07\/94.1.jpeg","articleSection":["Parola 1994\/1","Parola Foly\u00f3irat","Repert\u00f3rium"],"inLanguage":"hu","potentialAction":[{"@type":"CommentAction","name":"Comment","target":["https:\/\/kofe.hu\/parola\/parola-folyoirat\/telekunyho\/#respond"]}]},{"@type":"WebPage","@id":"https:\/\/kofe.hu\/parola\/parola-folyoirat\/telekunyho\/","url":"https:\/\/kofe.hu\/parola\/parola-folyoirat\/telekunyho\/","name":"Telekunyh\u00f3 - Parola Foly\u00f3irat","isPartOf":{"@id":"https:\/\/kofe.hu\/parola\/#website"},"primaryImageOfPage":{"@id":"https:\/\/kofe.hu\/parola\/parola-folyoirat\/telekunyho\/#primaryimage"},"image":{"@id":"https:\/\/kofe.hu\/parola\/parola-folyoirat\/telekunyho\/#primaryimage"},"thumbnailUrl":"https:\/\/kofe.hu\/parola\/wp-content\/uploads\/2020\/07\/94.1.jpeg","datePublished":"2020-06-25T09:50:07+00:00","dateModified":"2020-07-30T16:56:28+00:00","author":{"@id":"https:\/\/kofe.hu\/parola\/#\/schema\/person\/fd2d069fa88c84989c92257308a322e0"},"breadcrumb":{"@id":"https:\/\/kofe.hu\/parola\/parola-folyoirat\/telekunyho\/#breadcrumb"},"inLanguage":"hu","potentialAction":[{"@type":"ReadAction","target":["https:\/\/kofe.hu\/parola\/parola-folyoirat\/telekunyho\/"]}]},{"@type":"ImageObject","inLanguage":"hu","@id":"https:\/\/kofe.hu\/parola\/parola-folyoirat\/telekunyho\/#primaryimage","url":"https:\/\/kofe.hu\/parola\/wp-content\/uploads\/2020\/07\/94.1.jpeg","contentUrl":"https:\/\/kofe.hu\/parola\/wp-content\/uploads\/2020\/07\/94.1.jpeg","width":1435,"height":2002},{"@type":"BreadcrumbList","@id":"https:\/\/kofe.hu\/parola\/parola-folyoirat\/telekunyho\/#breadcrumb","itemListElement":[{"@type":"ListItem","position":1,"name":"Home","item":"https:\/\/kofe.hu\/parola\/"},{"@type":"ListItem","position":2,"name":"Telekunyh\u00f3"}]},{"@type":"WebSite","@id":"https:\/\/kofe.hu\/parola\/#website","url":"https:\/\/kofe.hu\/parola\/","name":"Parola Foly\u00f3irat","description":"","potentialAction":[{"@type":"SearchAction","target":{"@type":"EntryPoint","urlTemplate":"https:\/\/kofe.hu\/parola\/?s={search_term_string}"},"query-input":{"@type":"PropertyValueSpecification","valueRequired":true,"valueName":"search_term_string"}}],"inLanguage":"hu"},{"@type":"Person","@id":"https:\/\/kofe.hu\/parola\/#\/schema\/person\/fd2d069fa88c84989c92257308a322e0","name":"Magyar Istv\u00e1nn\u00e9","image":{"@type":"ImageObject","inLanguage":"hu","@id":"https:\/\/kofe.hu\/parola\/#\/schema\/person\/image\/5a8f79141e670c4b0d00687831178b8e","url":"https:\/\/secure.gravatar.com\/avatar\/7994e052d28e439d2026baf4e85cfc252e530977a2f9273e1262f8be5b1fe5fd?s=96&d=mm&r=g","contentUrl":"https:\/\/secure.gravatar.com\/avatar\/7994e052d28e439d2026baf4e85cfc252e530977a2f9273e1262f8be5b1fe5fd?s=96&d=mm&r=g","caption":"Magyar Istv\u00e1nn\u00e9"},"url":"https:\/\/kofe.hu\/parola\/szerzok\/magyar-istvanne\/"}]}},"_links":{"self":[{"href":"https:\/\/kofe.hu\/parola\/wp-json\/wp\/v2\/posts\/2239","targetHints":{"allow":["GET"]}}],"collection":[{"href":"https:\/\/kofe.hu\/parola\/wp-json\/wp\/v2\/posts"}],"about":[{"href":"https:\/\/kofe.hu\/parola\/wp-json\/wp\/v2\/types\/post"}],"author":[{"embeddable":true,"href":"https:\/\/kofe.hu\/parola\/wp-json\/wp\/v2\/users\/195"}],"replies":[{"embeddable":true,"href":"https:\/\/kofe.hu\/parola\/wp-json\/wp\/v2\/comments?post=2239"}],"version-history":[{"count":2,"href":"https:\/\/kofe.hu\/parola\/wp-json\/wp\/v2\/posts\/2239\/revisions"}],"predecessor-version":[{"id":4921,"href":"https:\/\/kofe.hu\/parola\/wp-json\/wp\/v2\/posts\/2239\/revisions\/4921"}],"wp:featuredmedia":[{"embeddable":true,"href":"https:\/\/kofe.hu\/parola\/wp-json\/wp\/v2\/media\/3468"}],"wp:attachment":[{"href":"https:\/\/kofe.hu\/parola\/wp-json\/wp\/v2\/media?parent=2239"}],"wp:term":[{"taxonomy":"category","embeddable":true,"href":"https:\/\/kofe.hu\/parola\/wp-json\/wp\/v2\/categories?post=2239"},{"taxonomy":"post_tag","embeddable":true,"href":"https:\/\/kofe.hu\/parola\/wp-json\/wp\/v2\/tags?post=2239"},{"taxonomy":"author","embeddable":true,"href":"https:\/\/kofe.hu\/parola\/wp-json\/wp\/v2\/coauthors?post=2239"}],"curies":[{"name":"wp","href":"https:\/\/api.w.org\/{rel}","templated":true}]}}