{"id":2217,"date":"2020-06-25T09:16:09","date_gmt":"2020-06-25T09:16:09","guid":{"rendered":"https:\/\/kofe.hu\/parola\/?p=2217"},"modified":"2020-07-30T16:58:34","modified_gmt":"2020-07-30T16:58:34","slug":"a-helyi-kezdemenyezestol-a-vilagmeretu-elterjedesig-a-maison-familiale-rurale-elnevezesu-oktatasi-intezmenyek","status":"publish","type":"post","link":"https:\/\/kofe.hu\/parola\/parola-folyoirat\/a-helyi-kezdemenyezestol-a-vilagmeretu-elterjedesig-a-maison-familiale-rurale-elnevezesu-oktatasi-intezmenyek\/","title":{"rendered":"A helyi kezdem\u00e9nyez\u00e9st\u0151l a vil\u00e1gm\u00e9ret\u0171 elterjed\u00e9sig: A Maison Familiale Rurale elnevez\u00e9s\u0171 oktat\u00e1si int\u00e9zm\u00e9nyek"},"content":{"rendered":"<p style=\"text-align: justify;\"><span style=\"font-family: Times New Roman CE;\">A Maison Familiale Rurale elnevez\u00e9s\u0171 oktat\u00e1si int\u00e9zm\u00e9ny serd\u00fcl\u0151kor\u00fa fiatalok \u00e9s fiatal feln\u0151ttek glob\u00e1lis k\u00e9pz\u00e9s\u00e9t szolg\u00e1lja, amelynek sor\u00e1n az \u00e1ltal\u00e1nos k\u00e9pz\u00e9st a szakk\u00e9pz\u00e9ssel \u00f6tv\u00f6zi, bekapcsolva a folyamatba a csal\u00e1dokat \u00e9s az eg\u00e9sz k\u00f6rnyezetet is.<\/span><\/p>\n<p><span style=\"font-family: Times New Roman CE;\">Az els\u0151 MFR megalakul\u00e1sa<\/span><br \/>\n<!--more--><br \/>\n<span style=\"font-family: Times New Roman CE;\">Jean Peyrat s\u00e9rignac-i parasztember 1935-ben bosszankodva vette \u00e9szre, hogy fia, akinek nem is megy rosszul a tanul\u00e1s, nem akar iskol\u00e1ba j\u00e1rni, hanem apja gazdas\u00e1g\u00e1ban akar dolgozni. Jean Peyrat tudat\u00e1ban volt annak, hogy m\u00e9g egy egyszer\u0171 parasztnak is sz\u00fcks\u00e9ge van bizonyos ismeretekre, de nem tal\u00e1lt a t\u00e9rs\u00e9gben olyan oktat\u00e1si int\u00e9zm\u00e9nyt, amely megfelelt volna azoknak a parasztfi\u00faknak, akik a f\u00f6ld\u00f6n akarnak dolgozni \u00e9s maradni. A falu pl\u00e9b\u00e1nos\u00e1hoz, Granereau aty\u00e1hoz fordult, \u00e9s egy\u00fctt elk\u00e9pzeltek egy olyan k\u00e9pz\u00e9st, amely lehet\u0151v\u00e9 teszi, hogy a fiatal az apa gazdas\u00e1g\u00e1ban tanulja meg a gyakorlatot, de \u00e1ltal\u00e1nos \u00e9s szakmai oktat\u00e1sban is r\u00e9szes\u00fclj\u00f6n. Meg\u00e1llapodtak abban, hogy a fiatalokat be\u00edratj\u00e1k egy levelez\u0151 mez\u0151gazdas\u00e1gi tanfolyamra, \u00e9s novembert\u0151l \u00e1prilisig havonta egyszer egy h\u00e9tre, \u00e1ltal\u00e1nos ismereteik b\u0151v\u00edt\u00e9s\u00e9re, a javasolt tanulm\u00e1nyok elv\u00e9gz\u00e9s\u00e9re \u00f6sszeh\u00edvj\u00e1k \u0151ket. \u00edgy rajzol\u00f3dott ki a Maison Familiale Rurale pedag\u00f3giai rendszere: a v\u00e1ltakoz\u00e1s. 1935-ben 4 fi\u00fa vett benne r\u00e9szt, de 1937-re m\u00e1r 30-ra n\u0151tt az \u00e9rdekl\u0151d\u0151k sz\u00e1ma, \u00fagyhogy a parasztsz\u00fcl\u0151k \u00f6ssze\u00e1lltak, t\u00e1rsul\u00e1st alak\u00edtottak \u00e9s megv\u00e1s\u00e1roltak egy h\u00e1zat a j\u00e1r\u00e1si sz\u00e9khelyen. Ez a csal\u00e1dok \u00e1ltali k\u00f6z\u00f6s v\u00e1s\u00e1rl\u00e1s adta az elnevez\u00e9st: Maison Familiale ugyanis csal\u00e1di h\u00e1zat jelent. Az els\u0151 eln\u00f6k Jean Peyrat lett. Felvettek egy szakembert is, akinek a feladata nemcsak az volt, hogy a Maison Familiale-ban foly\u00f3 munk\u00e1t ir\u00e1ny\u00edtsa \u00e9s a fiatalokat tan\u00edtsa, hanem szabad idej\u00e9ben a sz\u00fcl\u0151knek is tan\u00e1csokat adjon.<\/span><\/p>\n<p><span style=\"font-family: Times New Roman CE;\">Az MFR n\u00e9gy fontos<\/span><br \/>\n<span style=\"font-family: Times New Roman CE;\">jellemz\u0151je<\/span><\/p>\n<p><span style=\"font-family: Times New Roman CE;\">1. Felel\u0151s egyes\u00fclet<\/span><br \/>\n<span style=\"font-family: Times New Roman CE;\">Az MFR alapj\u00e1t egy olyan egyes\u00fclet jelenti, amelyben a gyermekeik k\u00e9pz\u00e9s\u00e9\u00e9rt \u00e9s j\u00f6v\u0151j\u00e9\u00e9rt agg\u00f3d\u00f3 csal\u00e1dok \u00e9s a r\u00e9gi\u00f3 j\u00f6v\u0151j\u00e9\u00e9rt felel\u0151ss\u00e9get \u00e9rz\u0151 fontosabb helyi szem\u00e9lyis\u00e9gek vesznek r\u00e9szt. Az intenz\u00edv egyes\u00fcleti \u00e9let, a k\u00f6zgy\u0171l\u00e9seken t\u00f6rt\u00e9n\u0151 rendszeres r\u00e9szv\u00e9tel sor\u00e1n kialakul a szem\u00e9lyes elk\u00f6telezetts\u00e9g, fejl\u0151dnek az emberek \u00e9s fejl\u0151dik k\u00f6rnyezet\u00fck is. A k\u00e9pz\u00e9st megszervez\u0151 MFR tev\u00e9kenys\u00e9g\u00e9t az egyes\u00fclet ir\u00e1ny\u00edtja.<\/span><\/p>\n<p><span style=\"font-family: Times New Roman CE;\">2. V\u00e1ltakoz\u00f3 oktat\u00e1s<\/span><br \/>\n<span style=\"font-family: Times New Roman CE;\">Minden MFR alapvet\u0151 c\u00e9lja a fiatalok ig\u00e9nyeinek kiel\u00e9g\u00edt\u00e9se. Az oktat\u00e1s v\u00e1ltakozva t\u00f6rt\u00e9nik az MFR-ben, illetve val\u00f3di munkahelyi k\u00f6rnyezetben, t\u00e9nyleges munkahelyi k\u00f6r\u00fclm\u00e9nyek k\u00f6zepette. A v\u00e1ltakoz\u00e1si ritmus \u00e1ltal\u00e1ban k\u00e9t, munkahelyen elt\u00f6lt\u00f6tt hetet \u00e9s egy, az MFR-ben elt\u00f6lt\u00f6tt hetet jelent. A tanul\u00f3k kor\u00e1t\u00f3l \u00e9s az adott k\u00e9pz\u00e9s jelleg\u00e9t\u0151l f\u00fcgg\u0151en a ritmus m\u00e1sf\u00e9le is lehet.<\/span><br \/>\n<span style=\"font-family: Times New Roman CE;\">Az MFR mozgalom elind\u00edt\u00f3i tiszt\u00e1n l\u00e1tt\u00e1k, hogy megfelel\u0151 tud\u00e1st nem lehet puszt\u00e1n az iskol\u00e1ban vagy a szakoktat\u00f3t\u00f3l szerezni. Vannak olyan ismeretek, amelyeket csak val\u00f3di munkahelyzetben, v\u00e1llalatn\u00e1l, \u00fczemben, a sz\u00fcl\u0151i gazdas\u00e1gban, a sz\u00fcl\u0151kt\u0151l vagy a gyakorlati k\u00e9pz\u00e9st vezet\u0151 mesterekt\u0151l lehet elsaj\u00e1t\u00edtani.<\/span><\/p>\n<p><span style=\"font-family: Times New Roman CE;\">3. Kedvez\u0151 nevel\u00e9si l\u00e9gk\u00f6r<\/span><br \/>\n<span style=\"font-family: Times New Roman CE;\">A v\u00e1ltakoz\u00e1sb\u00f3l k\u00f6vetkez\u0151en az MFR-ben minden h\u00e9ten viszonylag kicsi a tanul\u00f3i l\u00e9tsz\u00e1m. A fiatalok \u00e9lete kis csoportokban zajlik a bentlak\u00e1sos koll\u00e9giumban, \u00e9s ez kedvez\u0151 lehet\u0151s\u00e9get ny\u00fajt a nevel\u00e9shez. A l\u00e9gk\u00f6r el\u0151seg\u00edti a felel\u0151ss\u00e9gv\u00e1llal\u00e1s \u00e9s a m\u00e1sok probl\u00e9m\u00e1i ir\u00e1nti fog\u00e9konys\u00e1g kialakul\u00e1s\u00e1t a fiatalokban.<\/span><\/p>\n<p><span style=\"font-family: Times New Roman CE;\">4. Az oktat\u00e1sban term\u00e9szetszer\u0171leg k\u00fcl\u00f6nf\u00e9le embereknek jut fontos szerep:<\/span><br \/>\n<span style=\"font-family: Times New Roman CE;\">a\/ a munkahelyi gyakorlat sor\u00e1n a fiatalt tan\u00edt\u00f3 \u00e9s fel\u00fcgyel\u0151 sz\u00fcl\u0151nek vagy mesternek, aki szakmai \u00e9s t\u00e1rsadalmi tapasztalatai \u00e9s tev\u00e9kenys\u00e9ge miatt fontos<\/span><br \/>\n<span style=\"font-family: Times New Roman CE;\">b\/ az oktat\u00e1s egyes pontjain bekapcsol\u00f3d\u00f3 szakembereknek \u00e9s szak\u00e9rt\u0151knek, akik k\u00e9pzetts\u00e9g\u00fck r\u00e9v\u00e9n bizonyos speci\u00e1lis ismereteket adnak \u00e1t<\/span><br \/>\n<span style=\"font-family: Times New Roman CE;\">c\/ a monitoroknak, akik az egyes\u00fclet alkalmaz\u00e1s\u00e1ban \u00e1ll\u00f3 \u00e1lland\u00f3 oktat\u00f3k, \u00e1ltal\u00e1nos valamint szakmai-m\u0171szaki ismereteiken t\u00fal megfelel\u0151 pedag\u00f3giai v\u00e9gzetts\u00e9ggel \u00e9s \u00e9rz\u00e9kkel is kell rendelkezzenek. A k\u00fcl\u00f6nf\u00e9le partnerek szerepe \u00e9s szak\u00e9rtelme nem azonos, hanem egym\u00e1st kieg\u00e9sz\u00edt\u0151.<\/span><br \/>\n<span style=\"font-family: Times New Roman CE;\">A v\u00e1ltakoz\u00f3 oktat\u00e1sban val\u00f3 r\u00e9szv\u00e9tel nem azt jelenti, hogy a fiatalnak \u00f3r\u00e1n megtan\u00edtunk valamit, majd azt k\u00e9rj\u00fck t\u0151le, hogy m\u00e1snap ezt alkalmazza a gyakorlatban. Ellenkez\u0151leg, a tanul\u00e1si folyamat a fiatal \u00e1ltal meg\u00e9lt, megl\u00e1tott, megfigyelt helyzetekb\u0151l indul ki, ennek alapj\u00e1n teszik fel k\u00e9rd\u00e9seiket, osztj\u00e1k meg tapasztalataikat \u00e9s az MFR seg\u00edti \u0151ket a v\u00e1lasz megtal\u00e1l\u00e1s\u00e1ban. Tudatos\u00edtj\u00e1k, majd megoldj\u00e1k a probl\u00e9m\u00e1kat.<\/span><br \/>\n<span style=\"font-family: Times New Roman CE;\">Hasonl\u00f3 a helyzet abban a vonatkoz\u00e1sban is, milyen szerepet j\u00e1tszik \u00e1ltal\u00e1nosan az MFR a fejl\u0151d\u00e9sben. Az MFR l\u00e9nyege nem az, hog egy reproduk\u00e1land\u00f3 modellt aj\u00e1nljon, hanem az, hogy seg\u00edtse az egy\u00e9nt \u00e9s a helyi k\u00f6z\u00f6ss\u00e9get abban, hogy tudat\u00e1ra \u00e9bredjen a helyzetnek \u00e9s megold\u00e1sokat keressen.<\/span><\/p>\n<p><span style=\"font-family: Times New Roman CE;\">MFR-ek Franciaorsz\u00e1gban<\/span><br \/>\n<span style=\"font-family: Times New Roman CE;\">\u00e9s a vil\u00e1gban<\/span><\/p>\n<p><span style=\"font-family: Times New Roman CE;\">Franciaorsz\u00e1gban jelenleg 500-ra tehet\u0151 az MFR-ek sz\u00e1ma. Orsz\u00e1gos egyes\u00fclettel rendelkeznek \u00e9s tev\u00e9kenys\u00e9gi k\u00f6r\u00fcket \u00e1lland\u00f3an a mikror\u00e9gi\u00f3, a csal\u00e1dok \u00e9s a fiatalok ig\u00e9nyeihez \u00e9s sz\u00fcks\u00e9gleteihez alak\u00edtj\u00e1k. A sz\u00e9les \u00e9rtelemben vett mez\u0151gazdas\u00e1gi szakm\u00e1kt\u00f3l (mez\u0151gazdas\u00e1g, \u00e1llatteny\u00e9szt\u00e9s, kert\u00e9szked\u00e9s, sz\u0151l\u00e9szet, bor\u00e1szat, erd\u0151gazdas\u00e1g stb.) kiindulva m\u00e1s olyan ter\u00fcletekre is kiterjesztett\u00e9k a k\u00e9pz\u00e9st, amelyek a vid\u00e9ki t\u00e9rs\u00e9gekre jellemz\u0151ek (turizmus, kereskedelem, szolg\u00e1ltat\u00e1sok, \u00e9lelmiszer-feldolgoz\u00f3 ipar, \u00e9p\u00edt\u0151ipar stb.) A k\u00e9pz\u00e9sek napjainkban t\u00f6bb, mint 40.000 fiatalt \u00e9s feln\u0151ttet \u00e9rintenek. A k\u00e9pz\u00e9sben szerezhet\u0151 v\u00e9gbizony\u00edtv\u00e1ny k\u00fcl\u00f6nf\u00e9le szint\u0171, szakmunk\u00e1sbizony\u00edtv\u00e1nyt\u00f3l kezdve a szakmai \u00e9retts\u00e9gin \u00e1t a fels\u0151fok\u00fa technikusi bizony\u00edtv\u00e1nyig (\u00e9retts\u00e9gi + k\u00e9t \u00e9v), s\u0151t azon t\u00fal is terjed (\u00e9retts\u00e9gi + 4 \u00e9v). Mind az alapk\u00e9pz\u00e9s, mind a feln\u0151ttek k\u00e9pz\u00e9se eset\u00e9n az MFR partneri kapcsolatot l\u00e9tes\u00edt a kist\u00e9rs\u00e9g fontosabb szerepl\u0151ivel, a helyi k\u00f6z\u00f6ss\u00e9gekkel, a v\u00e1llalatokkal \u00e9s a szakmai szervezetekkel.<\/span><br \/>\n<span style=\"font-family: Times New Roman CE;\">Franciaorsz\u00e1g hat\u00e1rain k\u00edv\u00fcl el\u0151sz\u00f6r Olaszorsz\u00e1gban, Velenc\u00e9hez k\u00f6zel j\u00f6tt l\u00e9tre Maison Familiale Rurale 1959-ban. Ezt k\u00f6vet\u0151en Afrik\u00e1ban nyilv\u00e1nult meg \u00e9rdekl\u0151d\u00e9s, \u00e9s francia MFR-ek tapasztalt monitorokat bocs\u00e1tottak az \u00e9rdekl\u0151d\u0151 helyi k\u00f6z\u00f6ss\u00e9gek rendelkez\u00e9s\u00e9re azzal az elk\u00e9pzel\u00e9ssel, hogy mihelyt megfelel\u0151en k\u00e9pzett afrikai monitorok tudnak a hely\u00fckbe l\u00e9pni, fokozatosan visszah\u00edvj\u00e1k \u0151ket. \u00edgy j\u00f6tt l\u00e9tre MFR 1962-ben Kong\u00f3ban, majd Togoban \u00e9s Szeneg\u00e1lban. A hatvanas \u00e9vek v\u00e9g\u00e9re h\u00e9t afrikai orsz\u00e1gban m\u0171k\u00f6dtek MFR-ek. Amerik\u00e1ban az els\u0151 k\u00eds\u00e9rlet 1968-ban Braz\u00edli\u00e1ban t\u00f6rt\u00e9nt, egy \u00e9vvel k\u00e9s\u0151bb Argent\u00edna is csatlakozott. Az MFR-ek elnevez\u00e9se szinte orsz\u00e1gonk\u00e9nt m\u00e1s \u00e9s m\u00e1s: Csal\u00e1di Mez\u0151gazdas\u00e1gi Iskola, Vid\u00e9ki Szakmunk\u00e1sk\u00e9pz\u0151 H\u00e1z, A Vid\u00e9ki Halad\u00e1s K\u00f6zpontjai stb.<\/span><\/p>\n<p><span style=\"font-family: Times New Roman CE;\">Az MFR sikeres<\/span><br \/>\n<span style=\"font-family: Times New Roman CE;\">megalak\u00edt\u00e1s\u00e1nak felt\u00e9telei<\/span><\/p>\n<p><span style=\"font-family: Times New Roman CE;\">1. A felel\u0151ss\u00e9g v\u00e1llal\u00e1s\u00e1ra val\u00f3 r\u00e1\u00e9breszt\u00e9s a vid\u00e9ki t\u00e9rs\u00e9gekben id\u0151ig\u00e9nyes dolog. Els\u0151k\u00e9nt mindenk\u00e9ppen elemezni \u00e9s tudatos\u00edtani kell az ig\u00e9nyeket, az elindul\u00e1s ennek alapj\u00e1n t\u00f6rt\u00e9nik, s nem pedig valamilyen el\u0151re elk\u00e9pzelt c\u00e9l alapj\u00e1n, mint pl. valamilyen kultur\u00e1lis gyakorlat elterjeszt\u00e9se vagy valamilyen cikk termel\u00e9s\u00e9nek el\u0151mozd\u00edt\u00e1sa (noha bizonyos fejleszt\u00e9si tervekn\u00e9l a k\u00e9pz\u00e9sekn\u00e9l ez lehet a c\u00e9l).<\/span><br \/>\n<span style=\"font-family: Times New Roman CE;\">2. Az egyes\u00fcleti forma, a felel\u0151ss\u00e9gteljes egyes\u00fcleti \u00e9let az MFR alapj\u00e1t jelenti. Az MFR akkor sikeres, ha a csal\u00e1dok tudj\u00e1k \u00e9s felel\u0151sen v\u00e1llalj\u00e1k, hogy szerepet j\u00e1tsszanak j\u00f6v\u0151j\u00fck alak\u00edt\u00e1s\u00e1ban. Amikor egyes projektek ,gyorsak&#8221; akartak lenni \u00e9s megker\u00fclt\u00e9k ezt a felt\u00e9telt, \u00e1ltal\u00e1ban csak addig b\u00edrt\u00e1k, ameddig a k\u00fcls\u0151 finansz\u00edroz\u00e1s tartott. A kezdem\u00e9nyez\u00e9s term\u00e9szetesen sz\u00e1rmazhat egy k\u00fcls\u0151 egyes\u00fclett\u0151l vagy int\u00e9zm\u00e9nyt\u0151l is, de ennek feladata csak a leend\u0151 egyes\u00fclet t\u00e1mogat\u00e1sa.<\/span><br \/>\n<span style=\"font-family: Times New Roman CE;\">3. Hat\u00e9kony, hozz\u00e1\u00e9rt\u0151 \u00e9s a rur\u00e1lis fejleszt\u00e9sben motiv\u00e1lt monitorokra van sz\u00fcks\u00e9g, akik seg\u00edtik az egyes\u00fcletet. Pedag\u00f3giai k\u00e9pz\u00e9s\u00fckben helyet kell kapjanak az MFR-ekben haszn\u00e1lt m\u00f3dszerek.<\/span><br \/>\n<span style=\"font-family: Times New Roman CE;\">4. Szer\u00e9ny, de gondos kezel\u00e9st ig\u00e9nyl\u0151 k\u00f6lts\u00e9gvet\u00e9s.<\/span><br \/>\n<span style=\"font-family: Times New Roman CE;\">a\/ A k\u00f6zhat\u00f3s\u00e1gokt\u00f3l (esetleg) kapott t\u00e1mogat\u00e1sn\u00e1l \u00fcgyelni kell az egyes\u00fclet f\u00fcggetlens\u00e9g\u00e9nek meg\u0151rz\u00e9s\u00e9re.<\/span><br \/>\n<span style=\"font-family: Times New Roman CE;\">b\/ A csal\u00e1dok \u00e1ltal\u00e1ban nemigen tudj\u00e1k finansz\u00edrozni a monitorok fizet\u00e9s\u00e9t.<\/span><br \/>\n<span style=\"font-family: Times New Roman CE;\">A forr\u00e1sok kieg\u00e9sz\u00edt\u00e9s\u00e9re:<\/span><br \/>\n<span style=\"font-family: Times New Roman CE;\">a\/ Olyan gazdas\u00e1gi tev\u00e9kenys\u00e9geket kell szervezni, amelyek j\u00f6vedelme az MFR-re ford\u00edthat\u00f3<\/span><br \/>\n<span style=\"font-family: Times New Roman CE;\">b\/ A k\u00f6lts\u00e9gvet\u00e9s kialak\u00edt\u00e1sakor szer\u00e9ny, el\u00e9rhet\u0151 terveket kell figyelembe venni<\/span><br \/>\n<span style=\"font-family: Times New Roman CE;\">c\/ A f\u00fcggetlens\u00e9g megtart\u00e1s\u00e1t szem el\u0151tt tartva k\u00fcls\u0151 partnerekt\u0151l (hat\u00f3s\u00e1gokt\u00f3l, nem korm\u00e1nyzati szervezetekt\u0151l, nemzetk\u00f6zi szervezetekt\u0151l) is k\u00e9rhet\u0151 p\u00e9nz.<\/span><br \/>\n<span style=\"font-family: Times New Roman CE;\">5. A m\u0171k\u00f6d\u00e9shez egy tanteremre \u00e9s egy koll\u00e9giumi r\u00e9szre van sz\u00fcks\u00e9g. Nem kell elhamarkodottan f\u00f6l\u00f6sleges \u00e9p\u00edtkez\u00e9sekbe belev\u00e1gni. Az \u00e9rdekeltek akkor teremts\u00e9k meg ezeket a felt\u00e9teleket, amikor azok sz\u00fcks\u00e9gess\u00e9g\u00e9re, hasznoss\u00e1g\u00e1ra r\u00e1\u00e9brednek.<\/span><\/p>\n<p><span style=\"font-family: Times New Roman CE;\">\u00d6sszefoglal\u00f3ul:<\/span><\/p>\n<p><span style=\"font-family: Times New Roman CE;\">Az MFR-ek sikeres, elhelyezked\u00e9shez vezet\u0151 p\u00e1ly\u00e1t k\u00edn\u00e1lnak a fiataloknak, \u00e1lland\u00f3an \u00faj\u00edtanak \u00e9s alkalmazkodnak a vid\u00e9ki t\u00e9rs\u00e9gek fejl\u0151d\u00e9s\u00e9hez \u00e9s sz\u00fcks\u00e9gleteihez, be\u00e9p\u00fclnek a helyi fejleszt\u00e9si akci\u00f3kba, s mindez a j\u00f6v\u0151 alak\u00edt\u00e1s\u00e1nak fontos t\u00e9nyez\u0151iv\u00e9 teszi \u0151ket.<\/span><\/p>\n","protected":false},"excerpt":{"rendered":"<p>A Maison Familiale Rurale elnevez\u00e9s\u0171 oktat\u00e1si int\u00e9zm\u00e9ny serd\u00fcl\u0151kor\u00fa fiatalok \u00e9s fiatal feln\u0151ttek glob\u00e1lis k\u00e9pz\u00e9s\u00e9t szolg\u00e1lja, amelynek sor\u00e1n az \u00e1ltal\u00e1nos k\u00e9pz\u00e9st a szakk\u00e9pz\u00e9ssel \u00f6tv\u00f6zi, bekapcsolva a folyamatba a csal\u00e1dokat \u00e9s az eg\u00e9sz k\u00f6rnyezetet is. Az els\u0151 MFR megalakul\u00e1sa<\/p>\n","protected":false},"author":261,"featured_media":3468,"comment_status":"open","ping_status":"open","sticky":false,"template":"","format":"standard","meta":{"_acf_changed":false,"footnotes":""},"categories":[256,8,7],"tags":[],"coauthors":[318],"class_list":["post-2217","post","type-post","status-publish","format-standard","has-post-thumbnail","hentry","category-parola-1994-1","category-parola-folyoirat","category-repertorium"],"acf":[],"yoast_head":"<!-- This site is optimized with the Yoast SEO plugin v26.7 - https:\/\/yoast.com\/wordpress\/plugins\/seo\/ -->\n<title>A helyi kezdem\u00e9nyez\u00e9st\u0151l a vil\u00e1gm\u00e9ret\u0171 elterjed\u00e9sig: A Maison Familiale Rurale elnevez\u00e9s\u0171 oktat\u00e1si int\u00e9zm\u00e9nyek - Parola Foly\u00f3irat<\/title>\n<meta name=\"robots\" content=\"index, follow, max-snippet:-1, max-image-preview:large, max-video-preview:-1\" \/>\n<link rel=\"canonical\" href=\"https:\/\/kofe.hu\/parola\/parola-folyoirat\/a-helyi-kezdemenyezestol-a-vilagmeretu-elterjedesig-a-maison-familiale-rurale-elnevezesu-oktatasi-intezmenyek\/\" \/>\n<meta property=\"og:locale\" content=\"hu_HU\" \/>\n<meta property=\"og:type\" content=\"article\" \/>\n<meta property=\"og:title\" content=\"A helyi kezdem\u00e9nyez\u00e9st\u0151l a vil\u00e1gm\u00e9ret\u0171 elterjed\u00e9sig: A Maison Familiale Rurale elnevez\u00e9s\u0171 oktat\u00e1si int\u00e9zm\u00e9nyek - Parola Foly\u00f3irat\" \/>\n<meta property=\"og:description\" content=\"A Maison Familiale Rurale elnevez\u00e9s\u0171 oktat\u00e1si int\u00e9zm\u00e9ny serd\u00fcl\u0151kor\u00fa fiatalok \u00e9s fiatal feln\u0151ttek glob\u00e1lis k\u00e9pz\u00e9s\u00e9t szolg\u00e1lja, amelynek sor\u00e1n az \u00e1ltal\u00e1nos k\u00e9pz\u00e9st a szakk\u00e9pz\u00e9ssel \u00f6tv\u00f6zi, bekapcsolva a folyamatba a csal\u00e1dokat \u00e9s az eg\u00e9sz k\u00f6rnyezetet is. Az els\u0151 MFR megalakul\u00e1sa\" \/>\n<meta property=\"og:url\" content=\"https:\/\/kofe.hu\/parola\/parola-folyoirat\/a-helyi-kezdemenyezestol-a-vilagmeretu-elterjedesig-a-maison-familiale-rurale-elnevezesu-oktatasi-intezmenyek\/\" \/>\n<meta property=\"og:site_name\" content=\"Parola Foly\u00f3irat\" \/>\n<meta property=\"article:published_time\" content=\"2020-06-25T09:16:09+00:00\" \/>\n<meta property=\"article:modified_time\" content=\"2020-07-30T16:58:34+00:00\" \/>\n<meta property=\"og:image\" content=\"https:\/\/kofe.hu\/parola\/wp-content\/uploads\/2020\/07\/94.1.jpeg\" \/>\n\t<meta property=\"og:image:width\" content=\"1435\" \/>\n\t<meta property=\"og:image:height\" content=\"2002\" \/>\n\t<meta property=\"og:image:type\" content=\"image\/jpeg\" \/>\n<meta name=\"author\" content=\"Solymosi Judit ford.\" \/>\n<meta name=\"twitter:card\" content=\"summary_large_image\" \/>\n<meta name=\"twitter:label1\" content=\"Szerz\u0151:\" \/>\n\t<meta name=\"twitter:data1\" content=\"Solymosi Judit ford.\" \/>\n\t<meta name=\"twitter:label2\" content=\"Becs\u00fclt olvas\u00e1si id\u0151\" \/>\n\t<meta name=\"twitter:data2\" content=\"9 perc\" \/>\n\t<meta name=\"twitter:label3\" content=\"Written by\" \/>\n\t<meta name=\"twitter:data3\" content=\"Solymosi Judit ford.\" \/>\n<script type=\"application\/ld+json\" class=\"yoast-schema-graph\">{\"@context\":\"https:\/\/schema.org\",\"@graph\":[{\"@type\":\"Article\",\"@id\":\"https:\/\/kofe.hu\/parola\/parola-folyoirat\/a-helyi-kezdemenyezestol-a-vilagmeretu-elterjedesig-a-maison-familiale-rurale-elnevezesu-oktatasi-intezmenyek\/#article\",\"isPartOf\":{\"@id\":\"https:\/\/kofe.hu\/parola\/parola-folyoirat\/a-helyi-kezdemenyezestol-a-vilagmeretu-elterjedesig-a-maison-familiale-rurale-elnevezesu-oktatasi-intezmenyek\/\"},\"author\":{\"name\":\"Solymosi Judit ford.\",\"@id\":\"https:\/\/kofe.hu\/parola\/#\/schema\/person\/6ddf8e703fc8c655194bc5c3d4d0fcff\"},\"headline\":\"A helyi kezdem\u00e9nyez\u00e9st\u0151l a vil\u00e1gm\u00e9ret\u0171 elterjed\u00e9sig: A Maison Familiale Rurale elnevez\u00e9s\u0171 oktat\u00e1si int\u00e9zm\u00e9nyek\",\"datePublished\":\"2020-06-25T09:16:09+00:00\",\"dateModified\":\"2020-07-30T16:58:34+00:00\",\"mainEntityOfPage\":{\"@id\":\"https:\/\/kofe.hu\/parola\/parola-folyoirat\/a-helyi-kezdemenyezestol-a-vilagmeretu-elterjedesig-a-maison-familiale-rurale-elnevezesu-oktatasi-intezmenyek\/\"},\"wordCount\":1850,\"commentCount\":0,\"image\":{\"@id\":\"https:\/\/kofe.hu\/parola\/parola-folyoirat\/a-helyi-kezdemenyezestol-a-vilagmeretu-elterjedesig-a-maison-familiale-rurale-elnevezesu-oktatasi-intezmenyek\/#primaryimage\"},\"thumbnailUrl\":\"https:\/\/kofe.hu\/parola\/wp-content\/uploads\/2020\/07\/94.1.jpeg\",\"articleSection\":[\"Parola 1994\/1\",\"Parola Foly\u00f3irat\",\"Repert\u00f3rium\"],\"inLanguage\":\"hu\",\"potentialAction\":[{\"@type\":\"CommentAction\",\"name\":\"Comment\",\"target\":[\"https:\/\/kofe.hu\/parola\/parola-folyoirat\/a-helyi-kezdemenyezestol-a-vilagmeretu-elterjedesig-a-maison-familiale-rurale-elnevezesu-oktatasi-intezmenyek\/#respond\"]}]},{\"@type\":\"WebPage\",\"@id\":\"https:\/\/kofe.hu\/parola\/parola-folyoirat\/a-helyi-kezdemenyezestol-a-vilagmeretu-elterjedesig-a-maison-familiale-rurale-elnevezesu-oktatasi-intezmenyek\/\",\"url\":\"https:\/\/kofe.hu\/parola\/parola-folyoirat\/a-helyi-kezdemenyezestol-a-vilagmeretu-elterjedesig-a-maison-familiale-rurale-elnevezesu-oktatasi-intezmenyek\/\",\"name\":\"A helyi kezdem\u00e9nyez\u00e9st\u0151l a vil\u00e1gm\u00e9ret\u0171 elterjed\u00e9sig: A Maison Familiale Rurale elnevez\u00e9s\u0171 oktat\u00e1si int\u00e9zm\u00e9nyek - Parola Foly\u00f3irat\",\"isPartOf\":{\"@id\":\"https:\/\/kofe.hu\/parola\/#website\"},\"primaryImageOfPage\":{\"@id\":\"https:\/\/kofe.hu\/parola\/parola-folyoirat\/a-helyi-kezdemenyezestol-a-vilagmeretu-elterjedesig-a-maison-familiale-rurale-elnevezesu-oktatasi-intezmenyek\/#primaryimage\"},\"image\":{\"@id\":\"https:\/\/kofe.hu\/parola\/parola-folyoirat\/a-helyi-kezdemenyezestol-a-vilagmeretu-elterjedesig-a-maison-familiale-rurale-elnevezesu-oktatasi-intezmenyek\/#primaryimage\"},\"thumbnailUrl\":\"https:\/\/kofe.hu\/parola\/wp-content\/uploads\/2020\/07\/94.1.jpeg\",\"datePublished\":\"2020-06-25T09:16:09+00:00\",\"dateModified\":\"2020-07-30T16:58:34+00:00\",\"author\":{\"@id\":\"https:\/\/kofe.hu\/parola\/#\/schema\/person\/6ddf8e703fc8c655194bc5c3d4d0fcff\"},\"breadcrumb\":{\"@id\":\"https:\/\/kofe.hu\/parola\/parola-folyoirat\/a-helyi-kezdemenyezestol-a-vilagmeretu-elterjedesig-a-maison-familiale-rurale-elnevezesu-oktatasi-intezmenyek\/#breadcrumb\"},\"inLanguage\":\"hu\",\"potentialAction\":[{\"@type\":\"ReadAction\",\"target\":[\"https:\/\/kofe.hu\/parola\/parola-folyoirat\/a-helyi-kezdemenyezestol-a-vilagmeretu-elterjedesig-a-maison-familiale-rurale-elnevezesu-oktatasi-intezmenyek\/\"]}]},{\"@type\":\"ImageObject\",\"inLanguage\":\"hu\",\"@id\":\"https:\/\/kofe.hu\/parola\/parola-folyoirat\/a-helyi-kezdemenyezestol-a-vilagmeretu-elterjedesig-a-maison-familiale-rurale-elnevezesu-oktatasi-intezmenyek\/#primaryimage\",\"url\":\"https:\/\/kofe.hu\/parola\/wp-content\/uploads\/2020\/07\/94.1.jpeg\",\"contentUrl\":\"https:\/\/kofe.hu\/parola\/wp-content\/uploads\/2020\/07\/94.1.jpeg\",\"width\":1435,\"height\":2002},{\"@type\":\"BreadcrumbList\",\"@id\":\"https:\/\/kofe.hu\/parola\/parola-folyoirat\/a-helyi-kezdemenyezestol-a-vilagmeretu-elterjedesig-a-maison-familiale-rurale-elnevezesu-oktatasi-intezmenyek\/#breadcrumb\",\"itemListElement\":[{\"@type\":\"ListItem\",\"position\":1,\"name\":\"Home\",\"item\":\"https:\/\/kofe.hu\/parola\/\"},{\"@type\":\"ListItem\",\"position\":2,\"name\":\"A helyi kezdem\u00e9nyez\u00e9st\u0151l a vil\u00e1gm\u00e9ret\u0171 elterjed\u00e9sig: A Maison Familiale Rurale elnevez\u00e9s\u0171 oktat\u00e1si int\u00e9zm\u00e9nyek\"}]},{\"@type\":\"WebSite\",\"@id\":\"https:\/\/kofe.hu\/parola\/#website\",\"url\":\"https:\/\/kofe.hu\/parola\/\",\"name\":\"Parola Foly\u00f3irat\",\"description\":\"\",\"potentialAction\":[{\"@type\":\"SearchAction\",\"target\":{\"@type\":\"EntryPoint\",\"urlTemplate\":\"https:\/\/kofe.hu\/parola\/?s={search_term_string}\"},\"query-input\":{\"@type\":\"PropertyValueSpecification\",\"valueRequired\":true,\"valueName\":\"search_term_string\"}}],\"inLanguage\":\"hu\"},{\"@type\":\"Person\",\"@id\":\"https:\/\/kofe.hu\/parola\/#\/schema\/person\/6ddf8e703fc8c655194bc5c3d4d0fcff\",\"name\":\"Solymosi Judit ford.\",\"image\":{\"@type\":\"ImageObject\",\"inLanguage\":\"hu\",\"@id\":\"https:\/\/kofe.hu\/parola\/#\/schema\/person\/image\/df7772d64084cee8b7c4042df828feb8\",\"url\":\"https:\/\/secure.gravatar.com\/avatar\/ba03053b277ca414b8df07c1d5f2a70bf0acdb3df5060425302c825c1b6f719a?s=96&d=mm&r=g\",\"contentUrl\":\"https:\/\/secure.gravatar.com\/avatar\/ba03053b277ca414b8df07c1d5f2a70bf0acdb3df5060425302c825c1b6f719a?s=96&d=mm&r=g\",\"caption\":\"Solymosi Judit ford.\"},\"url\":\"https:\/\/kofe.hu\/parola\/szerzok\/solymosi-judit-ford\/\"}]}<\/script>\n<!-- \/ Yoast SEO plugin. -->","yoast_head_json":{"title":"A helyi kezdem\u00e9nyez\u00e9st\u0151l a vil\u00e1gm\u00e9ret\u0171 elterjed\u00e9sig: A Maison Familiale Rurale elnevez\u00e9s\u0171 oktat\u00e1si int\u00e9zm\u00e9nyek - Parola Foly\u00f3irat","robots":{"index":"index","follow":"follow","max-snippet":"max-snippet:-1","max-image-preview":"max-image-preview:large","max-video-preview":"max-video-preview:-1"},"canonical":"https:\/\/kofe.hu\/parola\/parola-folyoirat\/a-helyi-kezdemenyezestol-a-vilagmeretu-elterjedesig-a-maison-familiale-rurale-elnevezesu-oktatasi-intezmenyek\/","og_locale":"hu_HU","og_type":"article","og_title":"A helyi kezdem\u00e9nyez\u00e9st\u0151l a vil\u00e1gm\u00e9ret\u0171 elterjed\u00e9sig: A Maison Familiale Rurale elnevez\u00e9s\u0171 oktat\u00e1si int\u00e9zm\u00e9nyek - Parola Foly\u00f3irat","og_description":"A Maison Familiale Rurale elnevez\u00e9s\u0171 oktat\u00e1si int\u00e9zm\u00e9ny serd\u00fcl\u0151kor\u00fa fiatalok \u00e9s fiatal feln\u0151ttek glob\u00e1lis k\u00e9pz\u00e9s\u00e9t szolg\u00e1lja, amelynek sor\u00e1n az \u00e1ltal\u00e1nos k\u00e9pz\u00e9st a szakk\u00e9pz\u00e9ssel \u00f6tv\u00f6zi, bekapcsolva a folyamatba a csal\u00e1dokat \u00e9s az eg\u00e9sz k\u00f6rnyezetet is. Az els\u0151 MFR megalakul\u00e1sa","og_url":"https:\/\/kofe.hu\/parola\/parola-folyoirat\/a-helyi-kezdemenyezestol-a-vilagmeretu-elterjedesig-a-maison-familiale-rurale-elnevezesu-oktatasi-intezmenyek\/","og_site_name":"Parola Foly\u00f3irat","article_published_time":"2020-06-25T09:16:09+00:00","article_modified_time":"2020-07-30T16:58:34+00:00","og_image":[{"width":1435,"height":2002,"url":"https:\/\/kofe.hu\/parola\/wp-content\/uploads\/2020\/07\/94.1.jpeg","type":"image\/jpeg"}],"author":"Solymosi Judit ford.","twitter_card":"summary_large_image","twitter_misc":{"Szerz\u0151:":"Solymosi Judit ford.","Becs\u00fclt olvas\u00e1si id\u0151":"9 perc","Written by":"Solymosi Judit ford."},"schema":{"@context":"https:\/\/schema.org","@graph":[{"@type":"Article","@id":"https:\/\/kofe.hu\/parola\/parola-folyoirat\/a-helyi-kezdemenyezestol-a-vilagmeretu-elterjedesig-a-maison-familiale-rurale-elnevezesu-oktatasi-intezmenyek\/#article","isPartOf":{"@id":"https:\/\/kofe.hu\/parola\/parola-folyoirat\/a-helyi-kezdemenyezestol-a-vilagmeretu-elterjedesig-a-maison-familiale-rurale-elnevezesu-oktatasi-intezmenyek\/"},"author":{"name":"Solymosi Judit ford.","@id":"https:\/\/kofe.hu\/parola\/#\/schema\/person\/6ddf8e703fc8c655194bc5c3d4d0fcff"},"headline":"A helyi kezdem\u00e9nyez\u00e9st\u0151l a vil\u00e1gm\u00e9ret\u0171 elterjed\u00e9sig: A Maison Familiale Rurale elnevez\u00e9s\u0171 oktat\u00e1si int\u00e9zm\u00e9nyek","datePublished":"2020-06-25T09:16:09+00:00","dateModified":"2020-07-30T16:58:34+00:00","mainEntityOfPage":{"@id":"https:\/\/kofe.hu\/parola\/parola-folyoirat\/a-helyi-kezdemenyezestol-a-vilagmeretu-elterjedesig-a-maison-familiale-rurale-elnevezesu-oktatasi-intezmenyek\/"},"wordCount":1850,"commentCount":0,"image":{"@id":"https:\/\/kofe.hu\/parola\/parola-folyoirat\/a-helyi-kezdemenyezestol-a-vilagmeretu-elterjedesig-a-maison-familiale-rurale-elnevezesu-oktatasi-intezmenyek\/#primaryimage"},"thumbnailUrl":"https:\/\/kofe.hu\/parola\/wp-content\/uploads\/2020\/07\/94.1.jpeg","articleSection":["Parola 1994\/1","Parola Foly\u00f3irat","Repert\u00f3rium"],"inLanguage":"hu","potentialAction":[{"@type":"CommentAction","name":"Comment","target":["https:\/\/kofe.hu\/parola\/parola-folyoirat\/a-helyi-kezdemenyezestol-a-vilagmeretu-elterjedesig-a-maison-familiale-rurale-elnevezesu-oktatasi-intezmenyek\/#respond"]}]},{"@type":"WebPage","@id":"https:\/\/kofe.hu\/parola\/parola-folyoirat\/a-helyi-kezdemenyezestol-a-vilagmeretu-elterjedesig-a-maison-familiale-rurale-elnevezesu-oktatasi-intezmenyek\/","url":"https:\/\/kofe.hu\/parola\/parola-folyoirat\/a-helyi-kezdemenyezestol-a-vilagmeretu-elterjedesig-a-maison-familiale-rurale-elnevezesu-oktatasi-intezmenyek\/","name":"A helyi kezdem\u00e9nyez\u00e9st\u0151l a vil\u00e1gm\u00e9ret\u0171 elterjed\u00e9sig: A Maison Familiale Rurale elnevez\u00e9s\u0171 oktat\u00e1si int\u00e9zm\u00e9nyek - Parola Foly\u00f3irat","isPartOf":{"@id":"https:\/\/kofe.hu\/parola\/#website"},"primaryImageOfPage":{"@id":"https:\/\/kofe.hu\/parola\/parola-folyoirat\/a-helyi-kezdemenyezestol-a-vilagmeretu-elterjedesig-a-maison-familiale-rurale-elnevezesu-oktatasi-intezmenyek\/#primaryimage"},"image":{"@id":"https:\/\/kofe.hu\/parola\/parola-folyoirat\/a-helyi-kezdemenyezestol-a-vilagmeretu-elterjedesig-a-maison-familiale-rurale-elnevezesu-oktatasi-intezmenyek\/#primaryimage"},"thumbnailUrl":"https:\/\/kofe.hu\/parola\/wp-content\/uploads\/2020\/07\/94.1.jpeg","datePublished":"2020-06-25T09:16:09+00:00","dateModified":"2020-07-30T16:58:34+00:00","author":{"@id":"https:\/\/kofe.hu\/parola\/#\/schema\/person\/6ddf8e703fc8c655194bc5c3d4d0fcff"},"breadcrumb":{"@id":"https:\/\/kofe.hu\/parola\/parola-folyoirat\/a-helyi-kezdemenyezestol-a-vilagmeretu-elterjedesig-a-maison-familiale-rurale-elnevezesu-oktatasi-intezmenyek\/#breadcrumb"},"inLanguage":"hu","potentialAction":[{"@type":"ReadAction","target":["https:\/\/kofe.hu\/parola\/parola-folyoirat\/a-helyi-kezdemenyezestol-a-vilagmeretu-elterjedesig-a-maison-familiale-rurale-elnevezesu-oktatasi-intezmenyek\/"]}]},{"@type":"ImageObject","inLanguage":"hu","@id":"https:\/\/kofe.hu\/parola\/parola-folyoirat\/a-helyi-kezdemenyezestol-a-vilagmeretu-elterjedesig-a-maison-familiale-rurale-elnevezesu-oktatasi-intezmenyek\/#primaryimage","url":"https:\/\/kofe.hu\/parola\/wp-content\/uploads\/2020\/07\/94.1.jpeg","contentUrl":"https:\/\/kofe.hu\/parola\/wp-content\/uploads\/2020\/07\/94.1.jpeg","width":1435,"height":2002},{"@type":"BreadcrumbList","@id":"https:\/\/kofe.hu\/parola\/parola-folyoirat\/a-helyi-kezdemenyezestol-a-vilagmeretu-elterjedesig-a-maison-familiale-rurale-elnevezesu-oktatasi-intezmenyek\/#breadcrumb","itemListElement":[{"@type":"ListItem","position":1,"name":"Home","item":"https:\/\/kofe.hu\/parola\/"},{"@type":"ListItem","position":2,"name":"A helyi kezdem\u00e9nyez\u00e9st\u0151l a vil\u00e1gm\u00e9ret\u0171 elterjed\u00e9sig: A Maison Familiale Rurale elnevez\u00e9s\u0171 oktat\u00e1si int\u00e9zm\u00e9nyek"}]},{"@type":"WebSite","@id":"https:\/\/kofe.hu\/parola\/#website","url":"https:\/\/kofe.hu\/parola\/","name":"Parola Foly\u00f3irat","description":"","potentialAction":[{"@type":"SearchAction","target":{"@type":"EntryPoint","urlTemplate":"https:\/\/kofe.hu\/parola\/?s={search_term_string}"},"query-input":{"@type":"PropertyValueSpecification","valueRequired":true,"valueName":"search_term_string"}}],"inLanguage":"hu"},{"@type":"Person","@id":"https:\/\/kofe.hu\/parola\/#\/schema\/person\/6ddf8e703fc8c655194bc5c3d4d0fcff","name":"Solymosi Judit ford.","image":{"@type":"ImageObject","inLanguage":"hu","@id":"https:\/\/kofe.hu\/parola\/#\/schema\/person\/image\/df7772d64084cee8b7c4042df828feb8","url":"https:\/\/secure.gravatar.com\/avatar\/ba03053b277ca414b8df07c1d5f2a70bf0acdb3df5060425302c825c1b6f719a?s=96&d=mm&r=g","contentUrl":"https:\/\/secure.gravatar.com\/avatar\/ba03053b277ca414b8df07c1d5f2a70bf0acdb3df5060425302c825c1b6f719a?s=96&d=mm&r=g","caption":"Solymosi Judit ford."},"url":"https:\/\/kofe.hu\/parola\/szerzok\/solymosi-judit-ford\/"}]}},"_links":{"self":[{"href":"https:\/\/kofe.hu\/parola\/wp-json\/wp\/v2\/posts\/2217","targetHints":{"allow":["GET"]}}],"collection":[{"href":"https:\/\/kofe.hu\/parola\/wp-json\/wp\/v2\/posts"}],"about":[{"href":"https:\/\/kofe.hu\/parola\/wp-json\/wp\/v2\/types\/post"}],"author":[{"embeddable":true,"href":"https:\/\/kofe.hu\/parola\/wp-json\/wp\/v2\/users\/261"}],"replies":[{"embeddable":true,"href":"https:\/\/kofe.hu\/parola\/wp-json\/wp\/v2\/comments?post=2217"}],"version-history":[{"count":3,"href":"https:\/\/kofe.hu\/parola\/wp-json\/wp\/v2\/posts\/2217\/revisions"}],"predecessor-version":[{"id":4928,"href":"https:\/\/kofe.hu\/parola\/wp-json\/wp\/v2\/posts\/2217\/revisions\/4928"}],"wp:featuredmedia":[{"embeddable":true,"href":"https:\/\/kofe.hu\/parola\/wp-json\/wp\/v2\/media\/3468"}],"wp:attachment":[{"href":"https:\/\/kofe.hu\/parola\/wp-json\/wp\/v2\/media?parent=2217"}],"wp:term":[{"taxonomy":"category","embeddable":true,"href":"https:\/\/kofe.hu\/parola\/wp-json\/wp\/v2\/categories?post=2217"},{"taxonomy":"post_tag","embeddable":true,"href":"https:\/\/kofe.hu\/parola\/wp-json\/wp\/v2\/tags?post=2217"},{"taxonomy":"author","embeddable":true,"href":"https:\/\/kofe.hu\/parola\/wp-json\/wp\/v2\/coauthors?post=2217"}],"curies":[{"name":"wp","href":"https:\/\/api.w.org\/{rel}","templated":true}]}}