{"id":2214,"date":"2020-06-25T09:12:35","date_gmt":"2020-06-25T09:12:35","guid":{"rendered":"https:\/\/kofe.hu\/parola\/?p=2214"},"modified":"2020-07-30T16:58:52","modified_gmt":"2020-07-30T16:58:52","slug":"ujraszervezodo-civil-tarsadalom-a-statisztikai-adatok-tukreben","status":"publish","type":"post","link":"https:\/\/kofe.hu\/parola\/parola-folyoirat\/ujraszervezodo-civil-tarsadalom-a-statisztikai-adatok-tukreben\/","title":{"rendered":"\u00dajraszervez\u0151d\u0151 &#8222;civil&#8221; t\u00e1rsadalom a statisztikai adatok t\u00fckr\u00e9ben"},"content":{"rendered":"<p style=\"text-align: justify;\"><span style=\"font-family: Times New Roman CE;\">A modern t\u00e1rsadalom jellemz\u0151je a h\u00e1romszektor\u00fas\u00e1g. Ezen bel\u00fcl az \u00e1llami szektornak els\u0151sorban arra a feladatra kell v\u00e1llalkoznia, hogy a fejletts\u00e9g adott szintj\u00e9n a minden \u00e1llampolg\u00e1r sz\u00e1m\u00e1ra garant\u00e1lhat\u00f3, j\u00f3l szabv\u00e1nyos\u00edthat\u00f3, illetve a t\u00e1rsadalom eg\u00e9sz\u00e9t szolg\u00e1l\u00f3 k\u00f6zjavakr\u00f3l gondoskodj\u00e9k.<\/span><\/p>\n<p><!--more--><\/p>\n<p style=\"text-align: justify;\"><span style=\"font-family: Times New Roman CE;\"> A piaci szektor emellett a nyeres\u00e9get \u00edg\u00e9r\u0151 termel\u00e9si \u00e9s szolg\u00e1ltat\u00e1si ter\u00fcleteken el\u00e9g\u00edti ki az ig\u00e9nyeket, a maga saj\u00e1tos t\u00f6rv\u00e9nyszer\u0171s\u00e9geinek \u00e9rv\u00e9nyes\u00fcl\u00e9s\u00e9vel. Sem az \u00e1llami, sem a piaci szektor nem alkalmas azonban minden t\u00e1rsadalmi ig\u00e9ny kiel\u00e9g\u00edt\u00e9s\u00e9re. Kedvez\u0151 k\u00f6r\u00fclm\u00e9nyek k\u00f6z\u00f6tt az \u00e1llami felel\u0151ss\u00e9gv\u00e1llal\u00e1s \u00e9s a piaci racionalit\u00e1s \u00e1ltal le nem fed(het)ett ter\u00fcleteken megjelenik az \u00fan. harmadik szektor, amely biztos\u00edtja a t\u00e1rsadalmi \u00f6nszervez\u0151d\u00e9s \u00e9s \u00e9rdek\u00e9rv\u00e9nyes\u00edt\u00e9s kereteit.<\/span><\/p>\n<p style=\"text-align: justify;\"><span style=\"font-family: Times New Roman CE;\">Az elm\u00falt, szocialist\u00e1nak hirdetett rendszeren a ,j\u00f3s\u00e1gos&#8221; \u00e1llam tervszer\u0171nek sz\u00e1nt m\u0171k\u00f6d\u00e9s\u00e9vel nemcsak a piaci folyamatokat k\u00edv\u00e1nta helyettes\u00edteni, hanem a t\u00e1rsadalmi \u00f6ntev\u00e9kenys\u00e9get is. Ez j\u00f3 ideol\u00f3gi\u00e1t szolg\u00e1ltatott ahhoz, hogy a civil szervez\u0151d\u00e9seket &#8211; amelyeknek az 1945 el\u0151tti Magyarorsz\u00e1gon m\u00e1r igen jelent\u0151s s\u00falya volt &#8211; feleslegesnek \u00edt\u00e9lj\u00e9k, elsorvassz\u00e1k. Val\u00f3j\u00e1ban azonban ellen\u0151rizhetetlens\u00e9g\u00fck folyt\u00e1n, politikai vesz\u00e9lyess\u00e9g\u00fck miatt voltak elfogadhatatlanok. Az egyes\u00fcletek \u00e9let\u00e9t szinte teljesen megb\u00e9n\u00edtotta a szigor\u00fa \u00e1llami, illetve p\u00e1rtkontroll. Nemcsak a m\u0171k\u00f6d\u00e9st, hanem m\u00e1r az esetleges szervez\u00e9s megkezd\u00e9s\u00e9t is enged\u00e9lyeztetni kellett. 1949-t\u0151l 1987-ig p\u00e9ld\u00e1ul alap\u00edtv\u00e1nyt egy\u00e1ltal\u00e1n nem lehetett l\u00e9trehozni.<\/span><\/p>\n<p style=\"text-align: justify;\"><span style=\"font-family: Times New Roman CE;\">A civil t\u00e1rsadalom \u00f6ntev\u00e9kenys\u00e9g\u00e9nek teljes elfojt\u00e1sa azonban &#8211; az emberi term\u00e9szet l\u00e9nyeg\u00e9b\u0151l fakad\u00f3an &#8211; lehetetlens\u00e9gnek bizonyult. Ellenkez\u0151leg, a 80-as \u00e9vek v\u00e9ge fel\u00e9 komoly el\u0151rehalad\u00e1s t\u00f6rt\u00e9nt a jogi keretek sz\u00e9tfesz\u00edt\u00e9s\u00e9ben.<\/span><\/p>\n<p style=\"text-align: justify;\"><span style=\"font-family: Times New Roman CE;\">A civil szervezetek jogaikba t\u00f6rt\u00e9n\u0151 visszahelyez\u00e9s\u00e9nek els\u0151 l\u00e9pcs\u0151jek\u00e9nt 1987-ben a Ptk. ism\u00e9t legaliz\u00e1lta az alap\u00edtv\u00e1nyok jogint\u00e9zm\u00e9ny\u00e9t. Az egyes\u00fcl\u00e9si jogr\u00f3l sz\u00f3l\u00f3 t\u00f6rv\u00e9nyt 1989 janu\u00e1rj\u00e1ban fogadta el az Orsz\u00e1ggy\u0171l\u00e9s. K\u00e9s\u0151bb, 1989 okt\u00f3ber\u00e9ben \u00e9s 1990 janu\u00e1rj\u00e1ban t\u00f6rt\u00e9nt meg a p\u00e1rtok m\u0171k\u00f6d\u00e9s\u00e9r\u0151l \u00e9s gazd\u00e1lkod\u00e1s\u00e1r\u00f3l, tov\u00e1bb\u00e1 a lelkiismereti \u00e9s vall\u00e1sszabads\u00e1gr\u00f3l, valamint az egyh\u00e1zakr\u00f3l rendelkez\u0151 t\u00f6rv\u00e9nyek parlamenti elfogad\u00e1sa.<\/span><\/p>\n<p style=\"text-align: justify;\"><span style=\"font-family: Times New Roman CE;\">A lehet\u0151s\u00e9gek kit\u00e1gul\u00e1sa k\u00f6vetkezt\u00e9ben a nonprofit (nem nyeres\u00e9g\u00e9rdekelt) szektor az eg\u00e9sz orsz\u00e1gban ugr\u00e1sszer\u0171 fejl\u0151d\u00e9snek indult. 1992 v\u00e9g\u00e9n a b\u00edr\u00f3s\u00e1gokon bejegyzett t\u00e1rsadalmi szervezetek sz\u00e1ma megk\u00f6zel\u00edtette a 30.000-et. A f\u00e9lsz\u00e1z egyh\u00e1zi jogi szem\u00e9lyis\u00e9g\u0171 szervezet mellett f\u0151leg az egyes\u00fcleti \u00e9s az alap\u00edtv\u00e1nyi forma uralkodott.<\/span><\/p>\n<p style=\"text-align: justify;\"><span style=\"font-family: Times New Roman CE;\">A nonprofit szf\u00e9ra gazdas\u00e1gi s\u00falya term\u00e9szetszer\u0171leg igen csek\u00e9ly. Jelent\u0151s\u00e9g\u00e9t nem is ez adja, hanem az a lehet\u0151s\u00e9g, hogy a t\u00e1rsadalom az \u00e1llamt\u00f3l f\u00fcggetlen\u00fcl &#8211; bizonyos fokig az \u00e1llami tev\u00e9kenys\u00e9get kontroll\u00e1lva &#8211; kifejezheti \u00e9s seg\u00edtheti \u00f6nmag\u00e1t.<\/span><br \/>\n<span style=\"font-family: Times New Roman CE;\">A mai magyar viszonyok k\u00f6z\u00f6tt a nem nyeres\u00e9g\u00e9rdekelt szektor jelent\u0151s\u00e9ge k\u00fcl\u00f6n\u00f6sen nagy. Seg\u00edthet elker\u00fclni a m\u00faltbeli t\u00falzott \u00e1llamos\u00edt\u00e1ssal szemben a m\u00e1sik v\u00e9gletet, a szolg\u00e1ltat\u00e1sok t\u00falzott piacosod\u00e1s\u00e1t a maga vesz\u00e9lyeivel. Jelenleg azonban m\u00e9g &#8211; a jogi szab\u00e1lyoz\u00e1s l\u00e1tv\u00e1nyos fejl\u0151d\u00e9se ellen\u00e9re &#8211; nem biztos\u00edtott, hogy kialakulnak mindazok a t\u00e1rsadalmi szervezeti form\u00e1k, amelyek az ig\u00e9nyek sokf\u00e9les\u00e9g\u00e9nek megfelelhetnek.<\/span><\/p>\n<p style=\"text-align: justify;\"><span style=\"font-family: Times New Roman CE;\">A harmadik szektor tartalmi \u00e9s formai tov\u00e1bbfejleszt\u00e9s\u00e9t er\u0151sen g\u00e1tolja t\u00f6bbek k\u00f6z\u00f6tt az egyre tarthatatlanabb inform\u00e1ci\u00f3-hi\u00e1ny. Az nyilv\u00e1nval\u00f3, hogy a polg\u00e1ri \u00f6ntev\u00e9keny szf\u00e9ra t\u00e1rsadalmi \u00e9s &#8211; viszonylagosan &#8211; gazdas\u00e1gi szerepv\u00e1llal\u00e1sa m\u00e1ris igen jelent\u0151s. A m\u00faltban \u00e1llami feladatnak tartott tev\u00e9kenys\u00e9gek mind nagyobb r\u00e9sz\u00e9t t\u00e1rsadalmi szervezetek l\u00e1tj\u00e1k el. A jelenleg ismert 1991. \u00e9vi adatok szerint a GDP-hez val\u00f3 hozz\u00e1j\u00e1rul\u00e1suk 4% volt, amely m\u00e1s orsz\u00e1gokban sem magasabb (b\u00e1r az \u00f6sszehasonl\u00edt\u00e1st komoly sz\u00e1mbav\u00e9teli, m\u00e9r\u00e9si probl\u00e9m\u00e1k nehez\u00edtik).<\/span><\/p>\n<p style=\"text-align: justify;\"><span style=\"font-family: Times New Roman CE;\">Az inform\u00e1ci\u00f3k hi\u00e1nya \u00e9s megb\u00edzhatatlans\u00e1ga miatt neh\u00e9z meg\u00edt\u00e9lni, hogy tudtak-e \u00e9lni eddigi lehet\u0151s\u00e9geikkel a civil szervezetek, be tudj\u00e1k-e t\u00f6lteni a sokasod\u00f3 \u00e9s s\u00falyosbod\u00f3 t\u00e1rsadalmi probl\u00e9m\u00e1k k\u00f6zepette egyre fontosabb szerep\u00fcket, s a k\u00e9s\u0151bbiekben milyen felt\u00e9telek sz\u00fcks\u00e9gesek fennmarad\u00e1sukhoz, l\u00e9talapjuk meg\u0151rz\u00e9s\u00e9hez.<\/span><\/p>\n<p style=\"text-align: justify;\"><span style=\"font-family: Times New Roman CE;\">Az inform\u00e1ci\u00f3-hi\u00e1ny enyh\u00edt\u00e9se c\u00e9lj\u00e1b\u00f3l a KSH adatgy\u0171jt\u00e9st v\u00e9gez a t\u00e1rsadalmi szervezetekr\u0151l.<\/span><\/p>\n<p style=\"text-align: justify;\"><span style=\"font-family: Times New Roman CE;\">Az adatgy\u0171jt\u00e9s ig\u00e9nyli az \u00e9rintettek egy\u00fcttm\u0171k\u00f6d\u00e9si k\u00e9szs\u00e9g\u00e9t a megb\u00edzhat\u00f3 adatszolg\u00e1ltat\u00e1sban, hogy az \u00f6sszegz\u00e9s majd hiteles k\u00e9pet adjon a nonprofit szf\u00e9ra nemzetgazdas\u00e1gban elfoglalt s\u00faly\u00e1r\u00f3l, szerkezet\u00e9r\u0151l \u00e9s t\u00e1rsadalmi jelent\u0151s\u00e9g\u00e9r\u0151l.<\/span><\/p>\n<p style=\"text-align: justify;\"><span style=\"font-family: Times New Roman CE;\">A statisztikai adatgy\u0171jt\u00e9s jelent\u0151s\u00e9g\u00e9t n\u00f6veli, hogy a Korm\u00e1ny 1994. \u00e9vi gazdas\u00e1gpolitik\u00e1j\u00e1r\u00f3l sz\u00f3l\u00f3 hat\u00e1rozata \u00e9rtelm\u00e9ben ki kell dolgozni az \u00fan. nonprofit t\u00f6rv\u00e9ny tervezet\u00e9t. Az adatok teh\u00e1t annak a jogi szab\u00e1lyoz\u00e1snak a megalapoz\u00e1s\u00e1t seg\u00edtik el\u0151, amely ir\u00e1nyt szab a harmadik szektor tov\u00e1bbi fejl\u0151d\u00e9s\u00e9nek.<\/span><\/p>\n","protected":false},"excerpt":{"rendered":"<p>A modern t\u00e1rsadalom jellemz\u0151je a h\u00e1romszektor\u00fas\u00e1g. Ezen bel\u00fcl az \u00e1llami szektornak els\u0151sorban arra a feladatra kell v\u00e1llalkoznia, hogy a fejletts\u00e9g adott szintj\u00e9n a minden \u00e1llampolg\u00e1r sz\u00e1m\u00e1ra garant\u00e1lhat\u00f3, j\u00f3l szabv\u00e1nyos\u00edthat\u00f3, illetve a t\u00e1rsadalom eg\u00e9sz\u00e9t szolg\u00e1l\u00f3 k\u00f6zjavakr\u00f3l gondoskodj\u00e9k.<\/p>\n","protected":false},"author":260,"featured_media":3468,"comment_status":"open","ping_status":"open","sticky":false,"template":"","format":"standard","meta":{"_acf_changed":false,"footnotes":""},"categories":[256,8,7],"tags":[],"coauthors":[317],"class_list":["post-2214","post","type-post","status-publish","format-standard","has-post-thumbnail","hentry","category-parola-1994-1","category-parola-folyoirat","category-repertorium"],"acf":[],"yoast_head":"<!-- This site is optimized with the Yoast SEO plugin v26.7 - https:\/\/yoast.com\/wordpress\/plugins\/seo\/ -->\n<title>\u00dajraszervez\u0151d\u0151 &quot;civil&quot; t\u00e1rsadalom a statisztikai adatok t\u00fckr\u00e9ben - Parola Foly\u00f3irat<\/title>\n<meta name=\"robots\" content=\"index, follow, max-snippet:-1, max-image-preview:large, max-video-preview:-1\" \/>\n<link rel=\"canonical\" href=\"https:\/\/kofe.hu\/parola\/parola-folyoirat\/ujraszervezodo-civil-tarsadalom-a-statisztikai-adatok-tukreben\/\" \/>\n<meta property=\"og:locale\" content=\"hu_HU\" \/>\n<meta property=\"og:type\" content=\"article\" \/>\n<meta property=\"og:title\" content=\"\u00dajraszervez\u0151d\u0151 &quot;civil&quot; t\u00e1rsadalom a statisztikai adatok t\u00fckr\u00e9ben - Parola Foly\u00f3irat\" \/>\n<meta property=\"og:description\" content=\"A modern t\u00e1rsadalom jellemz\u0151je a h\u00e1romszektor\u00fas\u00e1g. Ezen bel\u00fcl az \u00e1llami szektornak els\u0151sorban arra a feladatra kell v\u00e1llalkoznia, hogy a fejletts\u00e9g adott szintj\u00e9n a minden \u00e1llampolg\u00e1r sz\u00e1m\u00e1ra garant\u00e1lhat\u00f3, j\u00f3l szabv\u00e1nyos\u00edthat\u00f3, illetve a t\u00e1rsadalom eg\u00e9sz\u00e9t szolg\u00e1l\u00f3 k\u00f6zjavakr\u00f3l gondoskodj\u00e9k.\" \/>\n<meta property=\"og:url\" content=\"https:\/\/kofe.hu\/parola\/parola-folyoirat\/ujraszervezodo-civil-tarsadalom-a-statisztikai-adatok-tukreben\/\" \/>\n<meta property=\"og:site_name\" content=\"Parola Foly\u00f3irat\" \/>\n<meta property=\"article:published_time\" content=\"2020-06-25T09:12:35+00:00\" \/>\n<meta property=\"article:modified_time\" content=\"2020-07-30T16:58:52+00:00\" \/>\n<meta property=\"og:image\" content=\"https:\/\/kofe.hu\/parola\/wp-content\/uploads\/2020\/07\/94.1.jpeg\" \/>\n\t<meta property=\"og:image:width\" content=\"1435\" \/>\n\t<meta property=\"og:image:height\" content=\"2002\" \/>\n\t<meta property=\"og:image:type\" content=\"image\/jpeg\" \/>\n<meta name=\"author\" content=\"Varga J\u00f3zsefn\u00e9\" \/>\n<meta name=\"twitter:card\" content=\"summary_large_image\" \/>\n<meta name=\"twitter:label1\" content=\"Szerz\u0151:\" \/>\n\t<meta name=\"twitter:data1\" content=\"Varga J\u00f3zsefn\u00e9\" \/>\n\t<meta name=\"twitter:label2\" content=\"Becs\u00fclt olvas\u00e1si id\u0151\" \/>\n\t<meta name=\"twitter:data2\" content=\"5 perc\" \/>\n\t<meta name=\"twitter:label3\" content=\"Written by\" \/>\n\t<meta name=\"twitter:data3\" content=\"Varga J\u00f3zsefn\u00e9\" \/>\n<script type=\"application\/ld+json\" class=\"yoast-schema-graph\">{\"@context\":\"https:\/\/schema.org\",\"@graph\":[{\"@type\":\"Article\",\"@id\":\"https:\/\/kofe.hu\/parola\/parola-folyoirat\/ujraszervezodo-civil-tarsadalom-a-statisztikai-adatok-tukreben\/#article\",\"isPartOf\":{\"@id\":\"https:\/\/kofe.hu\/parola\/parola-folyoirat\/ujraszervezodo-civil-tarsadalom-a-statisztikai-adatok-tukreben\/\"},\"author\":{\"name\":\"Varga J\u00f3zsefn\u00e9\",\"@id\":\"https:\/\/kofe.hu\/parola\/#\/schema\/person\/44d87db926e34dc50d4b31a145479e31\"},\"headline\":\"\u00dajraszervez\u0151d\u0151 &#8222;civil&#8221; t\u00e1rsadalom a statisztikai adatok t\u00fckr\u00e9ben\",\"datePublished\":\"2020-06-25T09:12:35+00:00\",\"dateModified\":\"2020-07-30T16:58:52+00:00\",\"mainEntityOfPage\":{\"@id\":\"https:\/\/kofe.hu\/parola\/parola-folyoirat\/ujraszervezodo-civil-tarsadalom-a-statisztikai-adatok-tukreben\/\"},\"wordCount\":1016,\"commentCount\":0,\"image\":{\"@id\":\"https:\/\/kofe.hu\/parola\/parola-folyoirat\/ujraszervezodo-civil-tarsadalom-a-statisztikai-adatok-tukreben\/#primaryimage\"},\"thumbnailUrl\":\"https:\/\/kofe.hu\/parola\/wp-content\/uploads\/2020\/07\/94.1.jpeg\",\"articleSection\":[\"Parola 1994\/1\",\"Parola Foly\u00f3irat\",\"Repert\u00f3rium\"],\"inLanguage\":\"hu\",\"potentialAction\":[{\"@type\":\"CommentAction\",\"name\":\"Comment\",\"target\":[\"https:\/\/kofe.hu\/parola\/parola-folyoirat\/ujraszervezodo-civil-tarsadalom-a-statisztikai-adatok-tukreben\/#respond\"]}]},{\"@type\":\"WebPage\",\"@id\":\"https:\/\/kofe.hu\/parola\/parola-folyoirat\/ujraszervezodo-civil-tarsadalom-a-statisztikai-adatok-tukreben\/\",\"url\":\"https:\/\/kofe.hu\/parola\/parola-folyoirat\/ujraszervezodo-civil-tarsadalom-a-statisztikai-adatok-tukreben\/\",\"name\":\"\u00dajraszervez\u0151d\u0151 \\\"civil\\\" t\u00e1rsadalom a statisztikai adatok t\u00fckr\u00e9ben - Parola Foly\u00f3irat\",\"isPartOf\":{\"@id\":\"https:\/\/kofe.hu\/parola\/#website\"},\"primaryImageOfPage\":{\"@id\":\"https:\/\/kofe.hu\/parola\/parola-folyoirat\/ujraszervezodo-civil-tarsadalom-a-statisztikai-adatok-tukreben\/#primaryimage\"},\"image\":{\"@id\":\"https:\/\/kofe.hu\/parola\/parola-folyoirat\/ujraszervezodo-civil-tarsadalom-a-statisztikai-adatok-tukreben\/#primaryimage\"},\"thumbnailUrl\":\"https:\/\/kofe.hu\/parola\/wp-content\/uploads\/2020\/07\/94.1.jpeg\",\"datePublished\":\"2020-06-25T09:12:35+00:00\",\"dateModified\":\"2020-07-30T16:58:52+00:00\",\"author\":{\"@id\":\"https:\/\/kofe.hu\/parola\/#\/schema\/person\/44d87db926e34dc50d4b31a145479e31\"},\"breadcrumb\":{\"@id\":\"https:\/\/kofe.hu\/parola\/parola-folyoirat\/ujraszervezodo-civil-tarsadalom-a-statisztikai-adatok-tukreben\/#breadcrumb\"},\"inLanguage\":\"hu\",\"potentialAction\":[{\"@type\":\"ReadAction\",\"target\":[\"https:\/\/kofe.hu\/parola\/parola-folyoirat\/ujraszervezodo-civil-tarsadalom-a-statisztikai-adatok-tukreben\/\"]}]},{\"@type\":\"ImageObject\",\"inLanguage\":\"hu\",\"@id\":\"https:\/\/kofe.hu\/parola\/parola-folyoirat\/ujraszervezodo-civil-tarsadalom-a-statisztikai-adatok-tukreben\/#primaryimage\",\"url\":\"https:\/\/kofe.hu\/parola\/wp-content\/uploads\/2020\/07\/94.1.jpeg\",\"contentUrl\":\"https:\/\/kofe.hu\/parola\/wp-content\/uploads\/2020\/07\/94.1.jpeg\",\"width\":1435,\"height\":2002},{\"@type\":\"BreadcrumbList\",\"@id\":\"https:\/\/kofe.hu\/parola\/parola-folyoirat\/ujraszervezodo-civil-tarsadalom-a-statisztikai-adatok-tukreben\/#breadcrumb\",\"itemListElement\":[{\"@type\":\"ListItem\",\"position\":1,\"name\":\"Home\",\"item\":\"https:\/\/kofe.hu\/parola\/\"},{\"@type\":\"ListItem\",\"position\":2,\"name\":\"\u00dajraszervez\u0151d\u0151 &#8222;civil&#8221; t\u00e1rsadalom a statisztikai adatok t\u00fckr\u00e9ben\"}]},{\"@type\":\"WebSite\",\"@id\":\"https:\/\/kofe.hu\/parola\/#website\",\"url\":\"https:\/\/kofe.hu\/parola\/\",\"name\":\"Parola Foly\u00f3irat\",\"description\":\"\",\"potentialAction\":[{\"@type\":\"SearchAction\",\"target\":{\"@type\":\"EntryPoint\",\"urlTemplate\":\"https:\/\/kofe.hu\/parola\/?s={search_term_string}\"},\"query-input\":{\"@type\":\"PropertyValueSpecification\",\"valueRequired\":true,\"valueName\":\"search_term_string\"}}],\"inLanguage\":\"hu\"},{\"@type\":\"Person\",\"@id\":\"https:\/\/kofe.hu\/parola\/#\/schema\/person\/44d87db926e34dc50d4b31a145479e31\",\"name\":\"Varga J\u00f3zsefn\u00e9\",\"image\":{\"@type\":\"ImageObject\",\"inLanguage\":\"hu\",\"@id\":\"https:\/\/kofe.hu\/parola\/#\/schema\/person\/image\/80c82785f9c56caa80b4d58b0746f7c0\",\"url\":\"https:\/\/secure.gravatar.com\/avatar\/ca27536df4a6d719466ba85365e9d90719290c6695d7b4cc87635effcd2cfd32?s=96&d=mm&r=g\",\"contentUrl\":\"https:\/\/secure.gravatar.com\/avatar\/ca27536df4a6d719466ba85365e9d90719290c6695d7b4cc87635effcd2cfd32?s=96&d=mm&r=g\",\"caption\":\"Varga J\u00f3zsefn\u00e9\"},\"url\":\"https:\/\/kofe.hu\/parola\/szerzok\/varga-jozsefne\/\"}]}<\/script>\n<!-- \/ Yoast SEO plugin. -->","yoast_head_json":{"title":"\u00dajraszervez\u0151d\u0151 \"civil\" t\u00e1rsadalom a statisztikai adatok t\u00fckr\u00e9ben - Parola Foly\u00f3irat","robots":{"index":"index","follow":"follow","max-snippet":"max-snippet:-1","max-image-preview":"max-image-preview:large","max-video-preview":"max-video-preview:-1"},"canonical":"https:\/\/kofe.hu\/parola\/parola-folyoirat\/ujraszervezodo-civil-tarsadalom-a-statisztikai-adatok-tukreben\/","og_locale":"hu_HU","og_type":"article","og_title":"\u00dajraszervez\u0151d\u0151 \"civil\" t\u00e1rsadalom a statisztikai adatok t\u00fckr\u00e9ben - Parola Foly\u00f3irat","og_description":"A modern t\u00e1rsadalom jellemz\u0151je a h\u00e1romszektor\u00fas\u00e1g. Ezen bel\u00fcl az \u00e1llami szektornak els\u0151sorban arra a feladatra kell v\u00e1llalkoznia, hogy a fejletts\u00e9g adott szintj\u00e9n a minden \u00e1llampolg\u00e1r sz\u00e1m\u00e1ra garant\u00e1lhat\u00f3, j\u00f3l szabv\u00e1nyos\u00edthat\u00f3, illetve a t\u00e1rsadalom eg\u00e9sz\u00e9t szolg\u00e1l\u00f3 k\u00f6zjavakr\u00f3l gondoskodj\u00e9k.","og_url":"https:\/\/kofe.hu\/parola\/parola-folyoirat\/ujraszervezodo-civil-tarsadalom-a-statisztikai-adatok-tukreben\/","og_site_name":"Parola Foly\u00f3irat","article_published_time":"2020-06-25T09:12:35+00:00","article_modified_time":"2020-07-30T16:58:52+00:00","og_image":[{"width":1435,"height":2002,"url":"https:\/\/kofe.hu\/parola\/wp-content\/uploads\/2020\/07\/94.1.jpeg","type":"image\/jpeg"}],"author":"Varga J\u00f3zsefn\u00e9","twitter_card":"summary_large_image","twitter_misc":{"Szerz\u0151:":"Varga J\u00f3zsefn\u00e9","Becs\u00fclt olvas\u00e1si id\u0151":"5 perc","Written by":"Varga J\u00f3zsefn\u00e9"},"schema":{"@context":"https:\/\/schema.org","@graph":[{"@type":"Article","@id":"https:\/\/kofe.hu\/parola\/parola-folyoirat\/ujraszervezodo-civil-tarsadalom-a-statisztikai-adatok-tukreben\/#article","isPartOf":{"@id":"https:\/\/kofe.hu\/parola\/parola-folyoirat\/ujraszervezodo-civil-tarsadalom-a-statisztikai-adatok-tukreben\/"},"author":{"name":"Varga J\u00f3zsefn\u00e9","@id":"https:\/\/kofe.hu\/parola\/#\/schema\/person\/44d87db926e34dc50d4b31a145479e31"},"headline":"\u00dajraszervez\u0151d\u0151 &#8222;civil&#8221; t\u00e1rsadalom a statisztikai adatok t\u00fckr\u00e9ben","datePublished":"2020-06-25T09:12:35+00:00","dateModified":"2020-07-30T16:58:52+00:00","mainEntityOfPage":{"@id":"https:\/\/kofe.hu\/parola\/parola-folyoirat\/ujraszervezodo-civil-tarsadalom-a-statisztikai-adatok-tukreben\/"},"wordCount":1016,"commentCount":0,"image":{"@id":"https:\/\/kofe.hu\/parola\/parola-folyoirat\/ujraszervezodo-civil-tarsadalom-a-statisztikai-adatok-tukreben\/#primaryimage"},"thumbnailUrl":"https:\/\/kofe.hu\/parola\/wp-content\/uploads\/2020\/07\/94.1.jpeg","articleSection":["Parola 1994\/1","Parola Foly\u00f3irat","Repert\u00f3rium"],"inLanguage":"hu","potentialAction":[{"@type":"CommentAction","name":"Comment","target":["https:\/\/kofe.hu\/parola\/parola-folyoirat\/ujraszervezodo-civil-tarsadalom-a-statisztikai-adatok-tukreben\/#respond"]}]},{"@type":"WebPage","@id":"https:\/\/kofe.hu\/parola\/parola-folyoirat\/ujraszervezodo-civil-tarsadalom-a-statisztikai-adatok-tukreben\/","url":"https:\/\/kofe.hu\/parola\/parola-folyoirat\/ujraszervezodo-civil-tarsadalom-a-statisztikai-adatok-tukreben\/","name":"\u00dajraszervez\u0151d\u0151 \"civil\" t\u00e1rsadalom a statisztikai adatok t\u00fckr\u00e9ben - Parola Foly\u00f3irat","isPartOf":{"@id":"https:\/\/kofe.hu\/parola\/#website"},"primaryImageOfPage":{"@id":"https:\/\/kofe.hu\/parola\/parola-folyoirat\/ujraszervezodo-civil-tarsadalom-a-statisztikai-adatok-tukreben\/#primaryimage"},"image":{"@id":"https:\/\/kofe.hu\/parola\/parola-folyoirat\/ujraszervezodo-civil-tarsadalom-a-statisztikai-adatok-tukreben\/#primaryimage"},"thumbnailUrl":"https:\/\/kofe.hu\/parola\/wp-content\/uploads\/2020\/07\/94.1.jpeg","datePublished":"2020-06-25T09:12:35+00:00","dateModified":"2020-07-30T16:58:52+00:00","author":{"@id":"https:\/\/kofe.hu\/parola\/#\/schema\/person\/44d87db926e34dc50d4b31a145479e31"},"breadcrumb":{"@id":"https:\/\/kofe.hu\/parola\/parola-folyoirat\/ujraszervezodo-civil-tarsadalom-a-statisztikai-adatok-tukreben\/#breadcrumb"},"inLanguage":"hu","potentialAction":[{"@type":"ReadAction","target":["https:\/\/kofe.hu\/parola\/parola-folyoirat\/ujraszervezodo-civil-tarsadalom-a-statisztikai-adatok-tukreben\/"]}]},{"@type":"ImageObject","inLanguage":"hu","@id":"https:\/\/kofe.hu\/parola\/parola-folyoirat\/ujraszervezodo-civil-tarsadalom-a-statisztikai-adatok-tukreben\/#primaryimage","url":"https:\/\/kofe.hu\/parola\/wp-content\/uploads\/2020\/07\/94.1.jpeg","contentUrl":"https:\/\/kofe.hu\/parola\/wp-content\/uploads\/2020\/07\/94.1.jpeg","width":1435,"height":2002},{"@type":"BreadcrumbList","@id":"https:\/\/kofe.hu\/parola\/parola-folyoirat\/ujraszervezodo-civil-tarsadalom-a-statisztikai-adatok-tukreben\/#breadcrumb","itemListElement":[{"@type":"ListItem","position":1,"name":"Home","item":"https:\/\/kofe.hu\/parola\/"},{"@type":"ListItem","position":2,"name":"\u00dajraszervez\u0151d\u0151 &#8222;civil&#8221; t\u00e1rsadalom a statisztikai adatok t\u00fckr\u00e9ben"}]},{"@type":"WebSite","@id":"https:\/\/kofe.hu\/parola\/#website","url":"https:\/\/kofe.hu\/parola\/","name":"Parola Foly\u00f3irat","description":"","potentialAction":[{"@type":"SearchAction","target":{"@type":"EntryPoint","urlTemplate":"https:\/\/kofe.hu\/parola\/?s={search_term_string}"},"query-input":{"@type":"PropertyValueSpecification","valueRequired":true,"valueName":"search_term_string"}}],"inLanguage":"hu"},{"@type":"Person","@id":"https:\/\/kofe.hu\/parola\/#\/schema\/person\/44d87db926e34dc50d4b31a145479e31","name":"Varga J\u00f3zsefn\u00e9","image":{"@type":"ImageObject","inLanguage":"hu","@id":"https:\/\/kofe.hu\/parola\/#\/schema\/person\/image\/80c82785f9c56caa80b4d58b0746f7c0","url":"https:\/\/secure.gravatar.com\/avatar\/ca27536df4a6d719466ba85365e9d90719290c6695d7b4cc87635effcd2cfd32?s=96&d=mm&r=g","contentUrl":"https:\/\/secure.gravatar.com\/avatar\/ca27536df4a6d719466ba85365e9d90719290c6695d7b4cc87635effcd2cfd32?s=96&d=mm&r=g","caption":"Varga J\u00f3zsefn\u00e9"},"url":"https:\/\/kofe.hu\/parola\/szerzok\/varga-jozsefne\/"}]}},"_links":{"self":[{"href":"https:\/\/kofe.hu\/parola\/wp-json\/wp\/v2\/posts\/2214","targetHints":{"allow":["GET"]}}],"collection":[{"href":"https:\/\/kofe.hu\/parola\/wp-json\/wp\/v2\/posts"}],"about":[{"href":"https:\/\/kofe.hu\/parola\/wp-json\/wp\/v2\/types\/post"}],"author":[{"embeddable":true,"href":"https:\/\/kofe.hu\/parola\/wp-json\/wp\/v2\/users\/260"}],"replies":[{"embeddable":true,"href":"https:\/\/kofe.hu\/parola\/wp-json\/wp\/v2\/comments?post=2214"}],"version-history":[{"count":3,"href":"https:\/\/kofe.hu\/parola\/wp-json\/wp\/v2\/posts\/2214\/revisions"}],"predecessor-version":[{"id":4930,"href":"https:\/\/kofe.hu\/parola\/wp-json\/wp\/v2\/posts\/2214\/revisions\/4930"}],"wp:featuredmedia":[{"embeddable":true,"href":"https:\/\/kofe.hu\/parola\/wp-json\/wp\/v2\/media\/3468"}],"wp:attachment":[{"href":"https:\/\/kofe.hu\/parola\/wp-json\/wp\/v2\/media?parent=2214"}],"wp:term":[{"taxonomy":"category","embeddable":true,"href":"https:\/\/kofe.hu\/parola\/wp-json\/wp\/v2\/categories?post=2214"},{"taxonomy":"post_tag","embeddable":true,"href":"https:\/\/kofe.hu\/parola\/wp-json\/wp\/v2\/tags?post=2214"},{"taxonomy":"author","embeddable":true,"href":"https:\/\/kofe.hu\/parola\/wp-json\/wp\/v2\/coauthors?post=2214"}],"curies":[{"name":"wp","href":"https:\/\/api.w.org\/{rel}","templated":true}]}}